{"id":4326,"date":"2020-11-24T10:00:53","date_gmt":"2020-11-24T09:00:53","guid":{"rendered":"http:\/\/www.anovapeneira.gal\/?p=4326"},"modified":"2020-11-23T07:26:16","modified_gmt":"2020-11-23T06:26:16","slug":"as-comunidades-de-traidas-de-aguas-afectadas-polo-proxecto-do-centro-comercial-e-a-comunidade-de-montes-de-tameiga-esixen-a-nidia-arevalo-que-pida-desculpas-polo-que-eles-cualifican-como-mentiras","status":"publish","type":"post","link":"https:\/\/www.anovapeneira.gal\/index.php\/2020\/11\/24\/as-comunidades-de-traidas-de-aguas-afectadas-polo-proxecto-do-centro-comercial-e-a-comunidade-de-montes-de-tameiga-esixen-a-nidia-arevalo-que-pida-desculpas-polo-que-eles-cualifican-como-mentiras\/","title":{"rendered":"As comunidades de tra\u00eddas de aguas afectadas polo proxecto do centro comercial e a Comunidade de Montes de Tameiga, esixen a Nidia Ar\u00e9valo que pida desculpas polo que eles cualifican como mentiras"},"content":{"rendered":"\n<ul class=\"wp-block-list\"><li><strong>As Comunidades de Tra\u00eddas de Augas afectadas polo Macro Proxecto Comercial e a Comunidade de Montes de Tameiga, que representan a m\u00e1is de 2.000 familias en Mos,&nbsp; esixen a Nidia Ar\u00e9valo que pida desculpas polas s\u00faas mentiras, por todas as falsas acusaci\u00f3n vertidas contra ellos pola dirixente do Partido Popular.<\/strong><\/li><\/ul>\n\n\n\n<ul class=\"wp-block-list\"><li><strong>O xulgado do Porri\u00f1o archiva todas as acusaci\u00f3ns de Nidia Ar\u00e9valo contra a veci\u00f1anza de Mos. A Xustiza desminte \u00e1 alcaldesa e promotora do macro centro comercial: Non houbo nin estafa, nin suplantaci\u00f3n, nin ning\u00fan delito dos que se acusou aos veci\u00f1os durante a campa\u00f1a das pasadas elecci\u00f3ns municipais<\/strong><\/li><\/ul>\n\n\n\n<p>Unha e outra vez a Xustiza archiva as denuncias de Nidia Ar\u00e9valo deixando claro que son mentiras. A alcaldesa e principal impulsora da operaci\u00f3n urban\u00edstica nos montes comunais de Mos \u00e9 de novo contradita pola Xustiza. Pero ela contin\u00faa coa s\u00faa campa\u00f1a de acoso aos veci\u00f1os de Mos e xa anunciou que seguira pleiteando contra a veci\u00f1anza. Ela contin\u00faa malgastando o di\u00f1eiro p\u00fablico en po\u00f1er denuncias a todo aquel que alza a voz contra o seu&nbsp; macro proxecto.<\/p>\n\n\n\n<p>Con esta suman xa tres veces, a xustiza sobreseiu as s\u00faas denuncias contra os veci\u00f1os que protestaron no multiusos das Pozas, as s\u00faas acusaci\u00f3ns contra a veci\u00f1anza que ti\u00f1a pancartas nas s\u00faas casas e agora volve desmontar toda esta artima\u00f1a electoral baseada nunhas graves acusaci\u00f3ns contra diversos integrantes das directivas das Comunidades de Tra\u00eddas de Augas, da Comunidade de Montes de Tameiga e contra o resto das forzas pol\u00edticas que concurrian \u00e1s pasadas elecci\u00f3ns municipais.<\/p>\n\n\n\n<p>Pode seguir representando a Mos unha persoa que ga\u00f1ou unhas elecci\u00f3ns a base de&nbsp; mentiras, invent\u00e1ndose unha estafa para descalificar aos demais partidos? Cantos votos manchados de mentiras houbo nas pasadas elecci\u00f3ns? Estas preguntas non van cambiar o pasado, pero si poden axudar a previr que non volva a suceder algo parecido no futuro.<\/p>\n\n\n\n<p><em>XDO.1A.INST.E INSTRUCI\u00d3N N.1<\/em><\/p>\n\n\n\n<p><em>O PORRI\u00d1O<\/em><\/p>\n\n\n\n<p><em>DPA DILIGENCIAS PREVIAS PROC. ABREVIADO 0000261 \/2019<\/em><\/p>\n\n\n\n<p><em>N.I.G: 36039 41 2 2019 0001081<\/em><\/p>\n\n\n\n<p><em>Delito\/Delito Leve: FALSIFICACI\u00d3N DOCUMENTOS P\u00daBLICOS<\/em><\/p>\n\n\n\n<p><em>Denunciante\/Querellante: CONCELLO DE MOS, NIDIA MARIA AREVALO GOMEZ<\/em><\/p>\n\n\n\n<p><em>\u201c Por todo lo anteriormente expuesto, se entiende que no concurren ni los elementos subjetivos ni los objetivos inherentes a los tipos delictivos de falsedad documental y usurpaci\u00f3n de funciones p\u00fablicas.\u201d\u00a0<\/em><\/p>\n\n\n\n<p><em>PARTE DISPOSITIVA<\/em><\/p>\n\n\n\n<p><em>ACUERDO DECRETAR EL SOBRESEIMIENTO PROVISIONAL<\/em><\/p>\n\n\n\n<p><em>DEL PRESENTE PROCEDIMIENTO Y SU ARCHIVO.<\/em><\/p>\n","protected":false},"excerpt":{"rendered":"<div class=\"mh-excerpt\"><p>As Comunidades de Tra\u00eddas de Augas afectadas polo Macro Proxecto Comercial e a Comunidade de Montes de Tameiga, que representan a m\u00e1is de 2.000 familias en Mos,  esixen a Nidia Ar\u00e9valo que pida desculpas polas s\u00faas mentiras, por todas as falsas acusaci\u00f3n vertidas contra ellos pola dirixente do Partido Popular <a class=\"mh-excerpt-more\" href=\"https:\/\/www.anovapeneira.gal\/index.php\/2020\/11\/24\/as-comunidades-de-traidas-de-aguas-afectadas-polo-proxecto-do-centro-comercial-e-a-comunidade-de-montes-de-tameiga-esixen-a-nidia-arevalo-que-pida-desculpas-polo-que-eles-cualifican-como-mentiras\/\" title=\"As comunidades de tra\u00eddas de aguas afectadas polo proxecto do centro comercial e a Comunidade de Montes de Tameiga, esixen a Nidia Ar\u00e9valo que pida desculpas polo que eles cualifican como mentiras\">[&#8230;]<\/a><\/p>\n<\/div>","protected":false},"author":3,"featured_media":2004,"comment_status":"open","ping_status":"open","sticky":false,"template":"","format":"standard","meta":{"_exactmetrics_skip_tracking":false,"_exactmetrics_sitenote_active":false,"_exactmetrics_sitenote_note":"","_exactmetrics_sitenote_category":0,"footnotes":""},"categories":[23],"tags":[218],"class_list":{"0":"post-4326","1":"post","2":"type-post","3":"status-publish","4":"format-standard","5":"has-post-thumbnail","7":"category-a-lourina","8":"tag-concello-de-mos"},"yoast_head":"<!-- This site is optimized with the Yoast SEO plugin v27.4 - https:\/\/yoast.com\/product\/yoast-seo-wordpress\/ -->\n<title>As comunidades de tra\u00eddas de aguas afectadas polo proxecto do centro comercial e a Comunidade de Montes de Tameiga, esixen a Nidia Ar\u00e9valo que pida desculpas polo que eles cualifican como mentiras -<\/title>\n<meta name=\"description\" content=\"As Comunidades de Tra\u00eddas de Augas afectadas polo Macro Proxecto Comercial e a Comunidade de Montes de Tameiga, que representan a m\u00e1is de 2.000 familias en Mos, esixen a Nidia Ar\u00e9valo que pida desculpas polas s\u00faas mentiras, por todas as falsas acusaci\u00f3n vertidas contra ellos pola dirixente do Partido Popular\" \/>\n<meta name=\"robots\" content=\"index, follow, max-snippet:-1, max-image-preview:large, max-video-preview:-1\" \/>\n<link rel=\"canonical\" href=\"https:\/\/www.anovapeneira.gal\/index.php\/2020\/11\/24\/as-comunidades-de-traidas-de-aguas-afectadas-polo-proxecto-do-centro-comercial-e-a-comunidade-de-montes-de-tameiga-esixen-a-nidia-arevalo-que-pida-desculpas-polo-que-eles-cualifican-como-mentiras\/\" \/>\n<meta property=\"og:locale\" content=\"gl_ES\" \/>\n<meta property=\"og:type\" content=\"article\" \/>\n<meta property=\"og:title\" content=\"As comunidades de tra\u00eddas de aguas afectadas polo proxecto do centro comercial e a Comunidade de Montes de Tameiga, esixen a Nidia Ar\u00e9valo que pida desculpas polo que eles cualifican como mentiras -\" \/>\n<meta property=\"og:description\" content=\"As Comunidades de Tra\u00eddas de Augas afectadas polo Macro Proxecto Comercial e a Comunidade de Montes de Tameiga, que representan a m\u00e1is de 2.000 familias en Mos, esixen a Nidia Ar\u00e9valo que pida desculpas polas s\u00faas mentiras, por todas as falsas acusaci\u00f3n vertidas contra ellos pola dirixente do Partido Popular\" \/>\n<meta property=\"og:url\" content=\"https:\/\/www.anovapeneira.gal\/index.php\/2020\/11\/24\/as-comunidades-de-traidas-de-aguas-afectadas-polo-proxecto-do-centro-comercial-e-a-comunidade-de-montes-de-tameiga-esixen-a-nidia-arevalo-que-pida-desculpas-polo-que-eles-cualifican-como-mentiras\/\" \/>\n<meta property=\"article:publisher\" content=\"https:\/\/www.facebook.com\/anovapeneira\" \/>\n<meta property=\"article:published_time\" content=\"2020-11-24T09:00:53+00:00\" \/>\n<meta property=\"og:image\" content=\"https:\/\/www.anovapeneira.gal\/wp-content\/uploads\/2019\/12\/tameiga_mos_a_nova_peneira.jpg\" \/>\n\t<meta property=\"og:image:width\" content=\"720\" \/>\n\t<meta property=\"og:image:height\" content=\"432\" \/>\n\t<meta property=\"og:image:type\" content=\"image\/jpeg\" \/>\n<meta name=\"author\" content=\"Redacci\u00f3n A Nova Peneira\" \/>\n<meta name=\"twitter:card\" content=\"summary_large_image\" \/>\n<meta name=\"twitter:creator\" content=\"@APeneira\" \/>\n<meta name=\"twitter:site\" content=\"@APeneira\" \/>\n<meta name=\"twitter:label1\" content=\"Escrito por\" \/>\n\t<meta name=\"twitter:data1\" content=\"Redacci\u00f3n A Nova Peneira\" \/>\n\t<meta name=\"twitter:label2\" content=\"Tempo de lectura\" \/>\n\t<meta name=\"twitter:data2\" content=\"2 minutos\" \/>\n<script type=\"application\/ld+json\" class=\"yoast-schema-graph\">{\"@context\":\"https:\\\/\\\/schema.org\",\"@graph\":[{\"@type\":\"Article\",\"@id\":\"https:\\\/\\\/www.anovapeneira.gal\\\/index.php\\\/2020\\\/11\\\/24\\\/as-comunidades-de-traidas-de-aguas-afectadas-polo-proxecto-do-centro-comercial-e-a-comunidade-de-montes-de-tameiga-esixen-a-nidia-arevalo-que-pida-desculpas-polo-que-eles-cualifican-como-mentiras\\\/#article\",\"isPartOf\":{\"@id\":\"https:\\\/\\\/www.anovapeneira.gal\\\/index.php\\\/2020\\\/11\\\/24\\\/as-comunidades-de-traidas-de-aguas-afectadas-polo-proxecto-do-centro-comercial-e-a-comunidade-de-montes-de-tameiga-esixen-a-nidia-arevalo-que-pida-desculpas-polo-que-eles-cualifican-como-mentiras\\\/\"},\"author\":{\"name\":\"Redacci\u00f3n A Nova Peneira\",\"@id\":\"https:\\\/\\\/www.anovapeneira.gal\\\/#\\\/schema\\\/person\\\/b93e3f8932e3f8da96334607eb6ac6aa\"},\"headline\":\"As comunidades de tra\u00eddas de aguas afectadas polo proxecto do centro comercial e a Comunidade de Montes de Tameiga, esixen a Nidia Ar\u00e9valo que pida desculpas polo que eles cualifican como mentiras\",\"datePublished\":\"2020-11-24T09:00:53+00:00\",\"mainEntityOfPage\":{\"@id\":\"https:\\\/\\\/www.anovapeneira.gal\\\/index.php\\\/2020\\\/11\\\/24\\\/as-comunidades-de-traidas-de-aguas-afectadas-polo-proxecto-do-centro-comercial-e-a-comunidade-de-montes-de-tameiga-esixen-a-nidia-arevalo-que-pida-desculpas-polo-que-eles-cualifican-como-mentiras\\\/\"},\"wordCount\":462,\"commentCount\":0,\"publisher\":{\"@id\":\"https:\\\/\\\/www.anovapeneira.gal\\\/#organization\"},\"image\":{\"@id\":\"https:\\\/\\\/www.anovapeneira.gal\\\/index.php\\\/2020\\\/11\\\/24\\\/as-comunidades-de-traidas-de-aguas-afectadas-polo-proxecto-do-centro-comercial-e-a-comunidade-de-montes-de-tameiga-esixen-a-nidia-arevalo-que-pida-desculpas-polo-que-eles-cualifican-como-mentiras\\\/#primaryimage\"},\"thumbnailUrl\":\"https:\\\/\\\/www.anovapeneira.gal\\\/wp-content\\\/uploads\\\/2019\\\/12\\\/tameiga_mos_a_nova_peneira.jpg\",\"keywords\":[\"Concello de Mos\"],\"articleSection\":[\"A Louri\u00f1a\"],\"inLanguage\":\"gl-ES\",\"potentialAction\":[{\"@type\":\"CommentAction\",\"name\":\"Comment\",\"target\":[\"https:\\\/\\\/www.anovapeneira.gal\\\/index.php\\\/2020\\\/11\\\/24\\\/as-comunidades-de-traidas-de-aguas-afectadas-polo-proxecto-do-centro-comercial-e-a-comunidade-de-montes-de-tameiga-esixen-a-nidia-arevalo-que-pida-desculpas-polo-que-eles-cualifican-como-mentiras\\\/#respond\"]}]},{\"@type\":\"WebPage\",\"@id\":\"https:\\\/\\\/www.anovapeneira.gal\\\/index.php\\\/2020\\\/11\\\/24\\\/as-comunidades-de-traidas-de-aguas-afectadas-polo-proxecto-do-centro-comercial-e-a-comunidade-de-montes-de-tameiga-esixen-a-nidia-arevalo-que-pida-desculpas-polo-que-eles-cualifican-como-mentiras\\\/\",\"url\":\"https:\\\/\\\/www.anovapeneira.gal\\\/index.php\\\/2020\\\/11\\\/24\\\/as-comunidades-de-traidas-de-aguas-afectadas-polo-proxecto-do-centro-comercial-e-a-comunidade-de-montes-de-tameiga-esixen-a-nidia-arevalo-que-pida-desculpas-polo-que-eles-cualifican-como-mentiras\\\/\",\"name\":\"As comunidades de tra\u00eddas de aguas afectadas polo proxecto do centro comercial e a Comunidade de Montes de Tameiga, esixen a Nidia Ar\u00e9valo que pida desculpas polo que eles cualifican como mentiras -\",\"isPartOf\":{\"@id\":\"https:\\\/\\\/www.anovapeneira.gal\\\/#website\"},\"primaryImageOfPage\":{\"@id\":\"https:\\\/\\\/www.anovapeneira.gal\\\/index.php\\\/2020\\\/11\\\/24\\\/as-comunidades-de-traidas-de-aguas-afectadas-polo-proxecto-do-centro-comercial-e-a-comunidade-de-montes-de-tameiga-esixen-a-nidia-arevalo-que-pida-desculpas-polo-que-eles-cualifican-como-mentiras\\\/#primaryimage\"},\"image\":{\"@id\":\"https:\\\/\\\/www.anovapeneira.gal\\\/index.php\\\/2020\\\/11\\\/24\\\/as-comunidades-de-traidas-de-aguas-afectadas-polo-proxecto-do-centro-comercial-e-a-comunidade-de-montes-de-tameiga-esixen-a-nidia-arevalo-que-pida-desculpas-polo-que-eles-cualifican-como-mentiras\\\/#primaryimage\"},\"thumbnailUrl\":\"https:\\\/\\\/www.anovapeneira.gal\\\/wp-content\\\/uploads\\\/2019\\\/12\\\/tameiga_mos_a_nova_peneira.jpg\",\"datePublished\":\"2020-11-24T09:00:53+00:00\",\"description\":\"As Comunidades de Tra\u00eddas de Augas afectadas polo Macro Proxecto Comercial e a Comunidade de Montes de Tameiga, que representan a m\u00e1is de 2.000 familias en Mos, esixen a Nidia Ar\u00e9valo que pida desculpas polas s\u00faas mentiras, por todas as falsas acusaci\u00f3n vertidas contra ellos pola dirixente do Partido Popular\",\"breadcrumb\":{\"@id\":\"https:\\\/\\\/www.anovapeneira.gal\\\/index.php\\\/2020\\\/11\\\/24\\\/as-comunidades-de-traidas-de-aguas-afectadas-polo-proxecto-do-centro-comercial-e-a-comunidade-de-montes-de-tameiga-esixen-a-nidia-arevalo-que-pida-desculpas-polo-que-eles-cualifican-como-mentiras\\\/#breadcrumb\"},\"inLanguage\":\"gl-ES\",\"potentialAction\":[{\"@type\":\"ReadAction\",\"target\":[\"https:\\\/\\\/www.anovapeneira.gal\\\/index.php\\\/2020\\\/11\\\/24\\\/as-comunidades-de-traidas-de-aguas-afectadas-polo-proxecto-do-centro-comercial-e-a-comunidade-de-montes-de-tameiga-esixen-a-nidia-arevalo-que-pida-desculpas-polo-que-eles-cualifican-como-mentiras\\\/\"]}]},{\"@type\":\"ImageObject\",\"inLanguage\":\"gl-ES\",\"@id\":\"https:\\\/\\\/www.anovapeneira.gal\\\/index.php\\\/2020\\\/11\\\/24\\\/as-comunidades-de-traidas-de-aguas-afectadas-polo-proxecto-do-centro-comercial-e-a-comunidade-de-montes-de-tameiga-esixen-a-nidia-arevalo-que-pida-desculpas-polo-que-eles-cualifican-como-mentiras\\\/#primaryimage\",\"url\":\"https:\\\/\\\/www.anovapeneira.gal\\\/wp-content\\\/uploads\\\/2019\\\/12\\\/tameiga_mos_a_nova_peneira.jpg\",\"contentUrl\":\"https:\\\/\\\/www.anovapeneira.gal\\\/wp-content\\\/uploads\\\/2019\\\/12\\\/tameiga_mos_a_nova_peneira.jpg\",\"width\":720,\"height\":432,\"caption\":\"Montes da Tameiga A Nova Peneira\"},{\"@type\":\"BreadcrumbList\",\"@id\":\"https:\\\/\\\/www.anovapeneira.gal\\\/index.php\\\/2020\\\/11\\\/24\\\/as-comunidades-de-traidas-de-aguas-afectadas-polo-proxecto-do-centro-comercial-e-a-comunidade-de-montes-de-tameiga-esixen-a-nidia-arevalo-que-pida-desculpas-polo-que-eles-cualifican-como-mentiras\\\/#breadcrumb\",\"itemListElement\":[{\"@type\":\"ListItem\",\"position\":1,\"name\":\"Portada\",\"item\":\"https:\\\/\\\/www.anovapeneira.gal\\\/\"},{\"@type\":\"ListItem\",\"position\":2,\"name\":\"As comunidades de tra\u00eddas de aguas afectadas polo proxecto do centro comercial e a Comunidade de Montes de Tameiga, esixen a Nidia Ar\u00e9valo que pida desculpas polo que eles cualifican como mentiras\"}]},{\"@type\":\"WebSite\",\"@id\":\"https:\\\/\\\/www.anovapeneira.gal\\\/#website\",\"url\":\"https:\\\/\\\/www.anovapeneira.gal\\\/\",\"name\":\"\",\"description\":\"Xornal galego de informaci\u00f3n xeral Publicaci\u00f3n mensual de novas de Galicia e en especial dos Concellos da sur da provincia de Pontevedra.\",\"publisher\":{\"@id\":\"https:\\\/\\\/www.anovapeneira.gal\\\/#organization\"},\"potentialAction\":[{\"@type\":\"SearchAction\",\"target\":{\"@type\":\"EntryPoint\",\"urlTemplate\":\"https:\\\/\\\/www.anovapeneira.gal\\\/?s={search_term_string}\"},\"query-input\":{\"@type\":\"PropertyValueSpecification\",\"valueRequired\":true,\"valueName\":\"search_term_string\"}}],\"inLanguage\":\"gl-ES\"},{\"@type\":\"Organization\",\"@id\":\"https:\\\/\\\/www.anovapeneira.gal\\\/#organization\",\"name\":\"A Nova Peneira\",\"url\":\"https:\\\/\\\/www.anovapeneira.gal\\\/\",\"logo\":{\"@type\":\"ImageObject\",\"inLanguage\":\"gl-ES\",\"@id\":\"https:\\\/\\\/www.anovapeneira.gal\\\/#\\\/schema\\\/logo\\\/image\\\/\",\"url\":\"http:\\\/\\\/www.anovapeneira.gal\\\/wp-content\\\/uploads\\\/2019\\\/06\\\/logo_a_nova_peneira_portal_web.png\",\"contentUrl\":\"http:\\\/\\\/www.anovapeneira.gal\\\/wp-content\\\/uploads\\\/2019\\\/06\\\/logo_a_nova_peneira_portal_web.png\",\"width\":300,\"height\":100,\"caption\":\"A Nova Peneira\"},\"image\":{\"@id\":\"https:\\\/\\\/www.anovapeneira.gal\\\/#\\\/schema\\\/logo\\\/image\\\/\"},\"sameAs\":[\"https:\\\/\\\/www.facebook.com\\\/anovapeneira\",\"https:\\\/\\\/x.com\\\/APeneira\"]},{\"@type\":\"Person\",\"@id\":\"https:\\\/\\\/www.anovapeneira.gal\\\/#\\\/schema\\\/person\\\/b93e3f8932e3f8da96334607eb6ac6aa\",\"name\":\"Redacci\u00f3n A Nova Peneira\",\"image\":{\"@type\":\"ImageObject\",\"inLanguage\":\"gl-ES\",\"@id\":\"https:\\\/\\\/secure.gravatar.com\\\/avatar\\\/c052a2551a06e23fac63626232eaa90abd78dbcf1700fc46a2b2c89fd27b735f?s=96&d=mm&r=g\",\"url\":\"https:\\\/\\\/secure.gravatar.com\\\/avatar\\\/c052a2551a06e23fac63626232eaa90abd78dbcf1700fc46a2b2c89fd27b735f?s=96&d=mm&r=g\",\"contentUrl\":\"https:\\\/\\\/secure.gravatar.com\\\/avatar\\\/c052a2551a06e23fac63626232eaa90abd78dbcf1700fc46a2b2c89fd27b735f?s=96&d=mm&r=g\",\"caption\":\"Redacci\u00f3n A Nova Peneira\"},\"sameAs\":[\"http:\\\/\\\/www.anovapeneira.gal\\\/\"],\"url\":\"https:\\\/\\\/www.anovapeneira.gal\\\/index.php\\\/author\\\/redactor\\\/\"}]}<\/script>\n<!-- \/ Yoast SEO plugin. -->","yoast_head_json":{"title":"As comunidades de tra\u00eddas de aguas afectadas polo proxecto do centro comercial e a Comunidade de Montes de Tameiga, esixen a Nidia Ar\u00e9valo que pida desculpas polo que eles cualifican como mentiras -","description":"As Comunidades de Tra\u00eddas de Augas afectadas polo Macro Proxecto Comercial e a Comunidade de Montes de Tameiga, que representan a m\u00e1is de 2.000 familias en Mos, esixen a Nidia Ar\u00e9valo que pida desculpas polas s\u00faas mentiras, por todas as falsas acusaci\u00f3n vertidas contra ellos pola dirixente do Partido Popular","robots":{"index":"index","follow":"follow","max-snippet":"max-snippet:-1","max-image-preview":"max-image-preview:large","max-video-preview":"max-video-preview:-1"},"canonical":"https:\/\/www.anovapeneira.gal\/index.php\/2020\/11\/24\/as-comunidades-de-traidas-de-aguas-afectadas-polo-proxecto-do-centro-comercial-e-a-comunidade-de-montes-de-tameiga-esixen-a-nidia-arevalo-que-pida-desculpas-polo-que-eles-cualifican-como-mentiras\/","og_locale":"gl_ES","og_type":"article","og_title":"As comunidades de tra\u00eddas de aguas afectadas polo proxecto do centro comercial e a Comunidade de Montes de Tameiga, esixen a Nidia Ar\u00e9valo que pida desculpas polo que eles cualifican como mentiras -","og_description":"As Comunidades de Tra\u00eddas de Augas afectadas polo Macro Proxecto Comercial e a Comunidade de Montes de Tameiga, que representan a m\u00e1is de 2.000 familias en Mos, esixen a Nidia Ar\u00e9valo que pida desculpas polas s\u00faas mentiras, por todas as falsas acusaci\u00f3n vertidas contra ellos pola dirixente do Partido Popular","og_url":"https:\/\/www.anovapeneira.gal\/index.php\/2020\/11\/24\/as-comunidades-de-traidas-de-aguas-afectadas-polo-proxecto-do-centro-comercial-e-a-comunidade-de-montes-de-tameiga-esixen-a-nidia-arevalo-que-pida-desculpas-polo-que-eles-cualifican-como-mentiras\/","article_publisher":"https:\/\/www.facebook.com\/anovapeneira","article_published_time":"2020-11-24T09:00:53+00:00","og_image":[{"width":720,"height":432,"url":"https:\/\/www.anovapeneira.gal\/wp-content\/uploads\/2019\/12\/tameiga_mos_a_nova_peneira.jpg","type":"image\/jpeg"}],"author":"Redacci\u00f3n A Nova Peneira","twitter_card":"summary_large_image","twitter_creator":"@APeneira","twitter_site":"@APeneira","twitter_misc":{"Escrito por":"Redacci\u00f3n A Nova Peneira","Tempo de lectura":"2 minutos"},"schema":{"@context":"https:\/\/schema.org","@graph":[{"@type":"Article","@id":"https:\/\/www.anovapeneira.gal\/index.php\/2020\/11\/24\/as-comunidades-de-traidas-de-aguas-afectadas-polo-proxecto-do-centro-comercial-e-a-comunidade-de-montes-de-tameiga-esixen-a-nidia-arevalo-que-pida-desculpas-polo-que-eles-cualifican-como-mentiras\/#article","isPartOf":{"@id":"https:\/\/www.anovapeneira.gal\/index.php\/2020\/11\/24\/as-comunidades-de-traidas-de-aguas-afectadas-polo-proxecto-do-centro-comercial-e-a-comunidade-de-montes-de-tameiga-esixen-a-nidia-arevalo-que-pida-desculpas-polo-que-eles-cualifican-como-mentiras\/"},"author":{"name":"Redacci\u00f3n A Nova Peneira","@id":"https:\/\/www.anovapeneira.gal\/#\/schema\/person\/b93e3f8932e3f8da96334607eb6ac6aa"},"headline":"As comunidades de tra\u00eddas de aguas afectadas polo proxecto do centro comercial e a Comunidade de Montes de Tameiga, esixen a Nidia Ar\u00e9valo que pida desculpas polo que eles cualifican como mentiras","datePublished":"2020-11-24T09:00:53+00:00","mainEntityOfPage":{"@id":"https:\/\/www.anovapeneira.gal\/index.php\/2020\/11\/24\/as-comunidades-de-traidas-de-aguas-afectadas-polo-proxecto-do-centro-comercial-e-a-comunidade-de-montes-de-tameiga-esixen-a-nidia-arevalo-que-pida-desculpas-polo-que-eles-cualifican-como-mentiras\/"},"wordCount":462,"commentCount":0,"publisher":{"@id":"https:\/\/www.anovapeneira.gal\/#organization"},"image":{"@id":"https:\/\/www.anovapeneira.gal\/index.php\/2020\/11\/24\/as-comunidades-de-traidas-de-aguas-afectadas-polo-proxecto-do-centro-comercial-e-a-comunidade-de-montes-de-tameiga-esixen-a-nidia-arevalo-que-pida-desculpas-polo-que-eles-cualifican-como-mentiras\/#primaryimage"},"thumbnailUrl":"https:\/\/www.anovapeneira.gal\/wp-content\/uploads\/2019\/12\/tameiga_mos_a_nova_peneira.jpg","keywords":["Concello de Mos"],"articleSection":["A Louri\u00f1a"],"inLanguage":"gl-ES","potentialAction":[{"@type":"CommentAction","name":"Comment","target":["https:\/\/www.anovapeneira.gal\/index.php\/2020\/11\/24\/as-comunidades-de-traidas-de-aguas-afectadas-polo-proxecto-do-centro-comercial-e-a-comunidade-de-montes-de-tameiga-esixen-a-nidia-arevalo-que-pida-desculpas-polo-que-eles-cualifican-como-mentiras\/#respond"]}]},{"@type":"WebPage","@id":"https:\/\/www.anovapeneira.gal\/index.php\/2020\/11\/24\/as-comunidades-de-traidas-de-aguas-afectadas-polo-proxecto-do-centro-comercial-e-a-comunidade-de-montes-de-tameiga-esixen-a-nidia-arevalo-que-pida-desculpas-polo-que-eles-cualifican-como-mentiras\/","url":"https:\/\/www.anovapeneira.gal\/index.php\/2020\/11\/24\/as-comunidades-de-traidas-de-aguas-afectadas-polo-proxecto-do-centro-comercial-e-a-comunidade-de-montes-de-tameiga-esixen-a-nidia-arevalo-que-pida-desculpas-polo-que-eles-cualifican-como-mentiras\/","name":"As comunidades de tra\u00eddas de aguas afectadas polo proxecto do centro comercial e a Comunidade de Montes de Tameiga, esixen a Nidia Ar\u00e9valo que pida desculpas polo que eles cualifican como mentiras -","isPartOf":{"@id":"https:\/\/www.anovapeneira.gal\/#website"},"primaryImageOfPage":{"@id":"https:\/\/www.anovapeneira.gal\/index.php\/2020\/11\/24\/as-comunidades-de-traidas-de-aguas-afectadas-polo-proxecto-do-centro-comercial-e-a-comunidade-de-montes-de-tameiga-esixen-a-nidia-arevalo-que-pida-desculpas-polo-que-eles-cualifican-como-mentiras\/#primaryimage"},"image":{"@id":"https:\/\/www.anovapeneira.gal\/index.php\/2020\/11\/24\/as-comunidades-de-traidas-de-aguas-afectadas-polo-proxecto-do-centro-comercial-e-a-comunidade-de-montes-de-tameiga-esixen-a-nidia-arevalo-que-pida-desculpas-polo-que-eles-cualifican-como-mentiras\/#primaryimage"},"thumbnailUrl":"https:\/\/www.anovapeneira.gal\/wp-content\/uploads\/2019\/12\/tameiga_mos_a_nova_peneira.jpg","datePublished":"2020-11-24T09:00:53+00:00","description":"As Comunidades de Tra\u00eddas de Augas afectadas polo Macro Proxecto Comercial e a Comunidade de Montes de Tameiga, que representan a m\u00e1is de 2.000 familias en Mos, esixen a Nidia Ar\u00e9valo que pida desculpas polas s\u00faas mentiras, por todas as falsas acusaci\u00f3n vertidas contra ellos pola dirixente do Partido Popular","breadcrumb":{"@id":"https:\/\/www.anovapeneira.gal\/index.php\/2020\/11\/24\/as-comunidades-de-traidas-de-aguas-afectadas-polo-proxecto-do-centro-comercial-e-a-comunidade-de-montes-de-tameiga-esixen-a-nidia-arevalo-que-pida-desculpas-polo-que-eles-cualifican-como-mentiras\/#breadcrumb"},"inLanguage":"gl-ES","potentialAction":[{"@type":"ReadAction","target":["https:\/\/www.anovapeneira.gal\/index.php\/2020\/11\/24\/as-comunidades-de-traidas-de-aguas-afectadas-polo-proxecto-do-centro-comercial-e-a-comunidade-de-montes-de-tameiga-esixen-a-nidia-arevalo-que-pida-desculpas-polo-que-eles-cualifican-como-mentiras\/"]}]},{"@type":"ImageObject","inLanguage":"gl-ES","@id":"https:\/\/www.anovapeneira.gal\/index.php\/2020\/11\/24\/as-comunidades-de-traidas-de-aguas-afectadas-polo-proxecto-do-centro-comercial-e-a-comunidade-de-montes-de-tameiga-esixen-a-nidia-arevalo-que-pida-desculpas-polo-que-eles-cualifican-como-mentiras\/#primaryimage","url":"https:\/\/www.anovapeneira.gal\/wp-content\/uploads\/2019\/12\/tameiga_mos_a_nova_peneira.jpg","contentUrl":"https:\/\/www.anovapeneira.gal\/wp-content\/uploads\/2019\/12\/tameiga_mos_a_nova_peneira.jpg","width":720,"height":432,"caption":"Montes da Tameiga A Nova Peneira"},{"@type":"BreadcrumbList","@id":"https:\/\/www.anovapeneira.gal\/index.php\/2020\/11\/24\/as-comunidades-de-traidas-de-aguas-afectadas-polo-proxecto-do-centro-comercial-e-a-comunidade-de-montes-de-tameiga-esixen-a-nidia-arevalo-que-pida-desculpas-polo-que-eles-cualifican-como-mentiras\/#breadcrumb","itemListElement":[{"@type":"ListItem","position":1,"name":"Portada","item":"https:\/\/www.anovapeneira.gal\/"},{"@type":"ListItem","position":2,"name":"As comunidades de tra\u00eddas de aguas afectadas polo proxecto do centro comercial e a Comunidade de Montes de Tameiga, esixen a Nidia Ar\u00e9valo que pida desculpas polo que eles cualifican como mentiras"}]},{"@type":"WebSite","@id":"https:\/\/www.anovapeneira.gal\/#website","url":"https:\/\/www.anovapeneira.gal\/","name":"","description":"Xornal galego de informaci\u00f3n xeral Publicaci\u00f3n mensual de novas de Galicia e en especial dos Concellos da sur da provincia de Pontevedra.","publisher":{"@id":"https:\/\/www.anovapeneira.gal\/#organization"},"potentialAction":[{"@type":"SearchAction","target":{"@type":"EntryPoint","urlTemplate":"https:\/\/www.anovapeneira.gal\/?s={search_term_string}"},"query-input":{"@type":"PropertyValueSpecification","valueRequired":true,"valueName":"search_term_string"}}],"inLanguage":"gl-ES"},{"@type":"Organization","@id":"https:\/\/www.anovapeneira.gal\/#organization","name":"A Nova Peneira","url":"https:\/\/www.anovapeneira.gal\/","logo":{"@type":"ImageObject","inLanguage":"gl-ES","@id":"https:\/\/www.anovapeneira.gal\/#\/schema\/logo\/image\/","url":"http:\/\/www.anovapeneira.gal\/wp-content\/uploads\/2019\/06\/logo_a_nova_peneira_portal_web.png","contentUrl":"http:\/\/www.anovapeneira.gal\/wp-content\/uploads\/2019\/06\/logo_a_nova_peneira_portal_web.png","width":300,"height":100,"caption":"A Nova Peneira"},"image":{"@id":"https:\/\/www.anovapeneira.gal\/#\/schema\/logo\/image\/"},"sameAs":["https:\/\/www.facebook.com\/anovapeneira","https:\/\/x.com\/APeneira"]},{"@type":"Person","@id":"https:\/\/www.anovapeneira.gal\/#\/schema\/person\/b93e3f8932e3f8da96334607eb6ac6aa","name":"Redacci\u00f3n A Nova Peneira","image":{"@type":"ImageObject","inLanguage":"gl-ES","@id":"https:\/\/secure.gravatar.com\/avatar\/c052a2551a06e23fac63626232eaa90abd78dbcf1700fc46a2b2c89fd27b735f?s=96&d=mm&r=g","url":"https:\/\/secure.gravatar.com\/avatar\/c052a2551a06e23fac63626232eaa90abd78dbcf1700fc46a2b2c89fd27b735f?s=96&d=mm&r=g","contentUrl":"https:\/\/secure.gravatar.com\/avatar\/c052a2551a06e23fac63626232eaa90abd78dbcf1700fc46a2b2c89fd27b735f?s=96&d=mm&r=g","caption":"Redacci\u00f3n A Nova Peneira"},"sameAs":["http:\/\/www.anovapeneira.gal\/"],"url":"https:\/\/www.anovapeneira.gal\/index.php\/author\/redactor\/"}]}},"jetpack_featured_media_url":"https:\/\/www.anovapeneira.gal\/wp-content\/uploads\/2019\/12\/tameiga_mos_a_nova_peneira.jpg","_links":{"self":[{"href":"https:\/\/www.anovapeneira.gal\/index.php\/wp-json\/wp\/v2\/posts\/4326","targetHints":{"allow":["GET"]}}],"collection":[{"href":"https:\/\/www.anovapeneira.gal\/index.php\/wp-json\/wp\/v2\/posts"}],"about":[{"href":"https:\/\/www.anovapeneira.gal\/index.php\/wp-json\/wp\/v2\/types\/post"}],"author":[{"embeddable":true,"href":"https:\/\/www.anovapeneira.gal\/index.php\/wp-json\/wp\/v2\/users\/3"}],"replies":[{"embeddable":true,"href":"https:\/\/www.anovapeneira.gal\/index.php\/wp-json\/wp\/v2\/comments?post=4326"}],"version-history":[{"count":3,"href":"https:\/\/www.anovapeneira.gal\/index.php\/wp-json\/wp\/v2\/posts\/4326\/revisions"}],"predecessor-version":[{"id":4329,"href":"https:\/\/www.anovapeneira.gal\/index.php\/wp-json\/wp\/v2\/posts\/4326\/revisions\/4329"}],"wp:featuredmedia":[{"embeddable":true,"href":"https:\/\/www.anovapeneira.gal\/index.php\/wp-json\/wp\/v2\/media\/2004"}],"wp:attachment":[{"href":"https:\/\/www.anovapeneira.gal\/index.php\/wp-json\/wp\/v2\/media?parent=4326"}],"wp:term":[{"taxonomy":"category","embeddable":true,"href":"https:\/\/www.anovapeneira.gal\/index.php\/wp-json\/wp\/v2\/categories?post=4326"},{"taxonomy":"post_tag","embeddable":true,"href":"https:\/\/www.anovapeneira.gal\/index.php\/wp-json\/wp\/v2\/tags?post=4326"}],"curies":[{"name":"wp","href":"https:\/\/api.w.org\/{rel}","templated":true}]}}