{"id":4330,"date":"2020-11-25T10:00:55","date_gmt":"2020-11-25T09:00:55","guid":{"rendered":"http:\/\/www.anovapeneira.gal\/?p=4330"},"modified":"2020-11-23T08:00:59","modified_gmt":"2020-11-23T07:00:59","slug":"castelao-en-arxentina-1940-1950","status":"publish","type":"post","link":"https:\/\/www.anovapeneira.gal\/index.php\/2020\/11\/25\/castelao-en-arxentina-1940-1950\/","title":{"rendered":"Castelao en Arxentina (1940-1950)"},"content":{"rendered":"\n<pre class=\"wp-block-verse\"><strong>Juan \u00d3scar Otero Lago<\/strong><\/pre>\n\n\n\n<p>Este ano cumpr\u00edronse 70 anos do falecemento de Daniel Alfonso Castelao e 80 anos da s\u00faa chegada, en segunda ocasi\u00f3n, \u00e1 Arxentina. Dez anos, unha d\u00e9cada de realizaci\u00f3ns produtivas como narrador, artista pl\u00e1stico, dramaturgo e esencialmente como pol\u00edtico desenvolvendo dentro de todas as s\u00faas facetas unha intensa actividade creadora.<\/p>\n\n\n\n<blockquote class=\"wp-block-quote is-layout-flow wp-block-quote-is-layout-flow\"><p>\u201cInverno, xullo de 1940 . Outra vez volvo a Buenos Aires, te\u00f1o a sensaci\u00f3n que regreso para sempre. Cruzo o R\u00edo da Prata acompa\u00f1ado de moitos amigos, alg\u00fans exiliados e outros hastiados pola situaci\u00f3n de enfrontamento en Galicia. \u00c1s mi\u00f1as costas deixo Montevideo e moitos amigos que cren que podo ser a salvaci\u00f3n do meu pa\u00eds e de fronte, Buenos Aires, comezo a albiscar os grandes edificios dunha cidade que se converteu na principal metr\u00f3pole de Sudam\u00e9rica. Ao meu lado apoiando as s\u00faas mans na varanda da proa do barco est\u00e1 Virxinia, a mi\u00f1a compa\u00f1eira, a estradense que hai 28 anos acomp\u00e1\u00f1ame neste desterro. Faltan d\u00faas horas para chegar a porto e o meu recordo trasl\u00e1dase \u00e1 mi\u00f1a infancia facendo este mesmo percorrido navieiro. Virxinia escoita o meu relato. Cos meus pais chegamos \u00e1 Arxentina eu apenas ti\u00f1a tres anos. Pensabamos ir a Rosario ti\u00f1a uns t\u00edos da mi\u00f1a nai pero o meu pai decidiu marcharnos \u00e1 provincia da Pampa \u00e1 paraxe \u201cA Cruz colorada\u201d departamento de Bernasconi. Nese territorio inh\u00f3spito naceron as mi\u00f1as irm\u00e1s Xosefina e Teresa. Que ser\u00e1 delas? al\u00e1 en Rianxo cargan co peso de ser as mi\u00f1as irm\u00e1s espero que non sexan castigadas.\u201d<\/p><\/blockquote>\n\n\n\n<p>A ondada constante e o silencio fixeron que Castelao queda mirando as augas do ancho rio\u2026&nbsp;<\/p>\n\n\n\n<blockquote class=\"wp-block-quote is-layout-flow wp-block-quote-is-layout-flow\"><p>Coment\u00e1bache Virginia que al\u00ed, na Pampa, descubr\u00edn unha das mi\u00f1as paix\u00f3ns, a caricatura ..sabes? foi lendo unha revista que o meu pai compr\u00e1banme todos os meses era \u201cCaras e Caretas\u201d os seus debuxos foron tan emotivos que fixeron no meu o desexo de ser artista pl\u00e1stico.\u00a0<\/p><\/blockquote>\n\n\n\n<blockquote class=\"wp-block-quote is-layout-flow wp-block-quote-is-layout-flow\"><p>Non gardo un bo recordo da mi\u00f1a estancia na Pampa, dir\u00edache triste ao ver \u00e1 mi\u00f1a nai con desexos de regresar a Rianxo, eses recordos de ambiente de polbeira, de gauchos bandoleiros, de coitelos e fa\u00edscas que se enfrontaban no sal\u00f3n. Regresamos a Galicia e cham\u00e1ronnos indianos. Hai uns anos debuxei un cadro titulado \u201cO emigrante \u201c creo que o levamos a Madrid . Virxinia responde- Si, lembro a figura dun home que estaba moi desleixado cunha expresi\u00f3n de tristura cunha paisaxe de monta\u00f1as , casas, e a igrexa todo un pobo de romar\u00eda e recordo a un neno debaixo do horreo , quen era? Castelao responde- foi un min\u00fasculo autorretrato sen darme conta vinme reflectido. Ser emigrante \u00e9 o peor desterro. Os paradoxos do destino quixeron que ese neno, fose eu no desterro.<\/p><\/blockquote>\n\n\n\n<div class=\"wp-block-columns is-layout-flex wp-container-core-columns-is-layout-9d6595d7 wp-block-columns-is-layout-flex\">\n<div class=\"wp-block-column is-layout-flow wp-block-column-is-layout-flow\">\n<figure class=\"wp-block-image size-large is-style-default\"><img loading=\"lazy\" decoding=\"async\" width=\"768\" height=\"1024\" src=\"http:\/\/www.anovapeneira.gal\/wp-content\/uploads\/2020\/11\/castelao_arxentina_calle_belgrado-768x1024.jpg\" alt=\"\" class=\"wp-image-4331\" srcset=\"https:\/\/www.anovapeneira.gal\/wp-content\/uploads\/2020\/11\/castelao_arxentina_calle_belgrado-768x1024.jpg 768w, https:\/\/www.anovapeneira.gal\/wp-content\/uploads\/2020\/11\/castelao_arxentina_calle_belgrado-225x300.jpg 225w, https:\/\/www.anovapeneira.gal\/wp-content\/uploads\/2020\/11\/castelao_arxentina_calle_belgrado.jpg 960w\" sizes=\"auto, (max-width: 768px) 100vw, 768px\" \/><figcaption>Placa recordatoria na entrada ao edificio onde habit\u00f3Castelao na s\u00faa estancia en Buenos Aires (Av. Belgrano 2605).<\/figcaption><\/figure>\n<\/div>\n\n\n\n<div class=\"wp-block-column is-layout-flow wp-block-column-is-layout-flow\">\n<p>O barco \u201cArxentina\u201d amarra na d\u00e1rsena e unha multitude de persoas est\u00e1 a esperar ao heroe da naci\u00f3n Galega, o s\u00edmbolo vivinte dunha Naci\u00f3n que foi e ser\u00e1. Esc\u00f3itanse gaitas e descende Castelao co seu longo abrigo negro polas escalinatas de madeira o 8 de xullo de 1940 . Lu\u00eds Seoane, Alonso Rios, Suarez Picallo, Manuel Puente entre outros o estaban esperando. Irm\u00e1n Daniel foi o sa\u00fado de Segundo Pampillon alcalde de Mos que xunto a s\u00faa esposa Maruja Paz reciben o sa\u00fado do ilustre visitante. Castelao logo de tantas expresi\u00f3ns de agarimo e afecto partiu ao seu domicilio cedido polo seu amigo Manuel Puente na Avenida Belgrano 2605 piso 7\u00ba.\u00a0<\/p>\n<\/div>\n<\/div>\n\n\n\n<p>A dif\u00edcil situaci\u00f3n econ\u00f3mica que se atopaba fixo que fose aloxarse a unha vivenda prestada. Isto fai pensar que a s\u00faa decisi\u00f3n de manter vivo un ideal o levou a postergar o seu propio benestar. Na actualidade moitos dos que honran a Castelao depositando coroas no soe mausoleo non poden branquear a s\u00faa situaci\u00f3n patrimonial e defraudan o Estado pola s\u00faa ambici\u00f3n desmedida.<\/p>\n\n\n\n<p>Que prop\u00f3sito o trouxo a Buenos Aires? Exilio forzoso ou a idea de lanzar o seu proxecto pol\u00edtico de liderar a Galiza Perfecta ou a Galiza ideal. Asume e \u00e9 considerado a encarnaci\u00f3n viva dos dereitos da Naci\u00f3n Galega. Ao principio con prudencia debido que chega a Arxentina como refuxiado pol\u00edtico neg\u00e1ndoselle a carta de cidadan\u00eda.&nbsp;<\/p>\n\n\n\n<p>Mentres tanto, o presidente arxentino Roberto M. Ort\u00ecz (1938-1942) finalizada a contenda en Espa\u00f1a reco\u00f1ece ao Goberno de Franco e \u00e9 designado como embaixador espa\u00f1ol o marques e Almirante Antonio Magaz y Pers. O goberno conservador desde ent\u00f3n lexitimou a posici\u00f3n dunha Espa\u00f1a fascista pero a cidadan\u00eda arxentina na s\u00faa totalidade repudiou ese achegamento. Os partidos pol\u00edticos, o arco lexislativo de posicionamentos de centro-esquerda repudiaron actitudes do goberno por ese achegamento.<\/p>\n\n\n\n<p>Pero Alfonso tratou de non manifestar e non inmiscuirse en temas de pol\u00edtica arxentina A idea de Castelao era outra e o seu prop\u00f3sito era lanzar un proxecto pol\u00edtico e entre os seus plans estaba o Congreso Nacional Galego en Am\u00e9rica ou m\u00e1is co\u00f1ecido como Consello de Galiza que estaba formado por deputados que respond\u00edan ao seu chamamento: Suarez Picallo, Ant\u00f2n Alonso Rios e Elpidio Villaverde . Pero non todos estaban de acordo con ese Consello. Tam\u00e9n a posici\u00f3n dos galegos que non puideron exiliarse, que pola s\u00faa clandestinidade non pod\u00edan opinar. Tam\u00e9n os exiliados que resid\u00edan en Francia e en especial en M\u00e9xico cunha orientaci\u00f3n republicana pero centralista non consideraban a Castelao un l\u00edder indiscutible. O Consello de Galiza era netamente rioplatense e carec\u00eda doutras voces e outras propostas de car\u00e1cter extracontinental.&nbsp;<\/p>\n\n\n\n<figure class=\"wp-block-image size-large is-style-default\"><img loading=\"lazy\" decoding=\"async\" width=\"727\" height=\"880\" src=\"http:\/\/www.anovapeneira.gal\/wp-content\/uploads\/2020\/11\/castelao_arxentina_colectividade_galega.jpg\" alt=\"\" class=\"wp-image-4334\" srcset=\"https:\/\/www.anovapeneira.gal\/wp-content\/uploads\/2020\/11\/castelao_arxentina_colectividade_galega.jpg 727w, https:\/\/www.anovapeneira.gal\/wp-content\/uploads\/2020\/11\/castelao_arxentina_colectividade_galega-248x300.jpg 248w\" sizes=\"auto, (max-width: 727px) 100vw, 727px\" \/><figcaption>Monumento a Castelao no Hall do Centro Galego de Buenos Aires (Arxentina)<\/figcaption><\/figure>\n\n\n\n<p>\u201c&nbsp;<em><strong>Os vellos non deben namorarse<\/strong><\/em><strong>\u201c<\/strong><\/p>\n\n\n\n<p>En 1941 ao ano de instalarse Castelao en Buenos Aires convocou para protagonizar unha obra de teatro escrita por \u00e8l, a Fernando Iglesias (1909-1991) e Maruxa Villanueva (1926-1998). Iglesias m\u00e1is co\u00f1ecido como Tacholas, naceu en Ourense e chegou a Buenos Aires en 1929, onde realizou m\u00e1is de 40 peliculas. Maruxa naceu en Lugo (Lousada) foi cantante e actriz, tam\u00e9n colaborou nas actividades culturais dos emigrados galegos en Buenos Aires. Ambos formaron a compa\u00f1\u00eda galega de comedia en Buenos Aires. Eles traballaron para a \u00fanica obra de teatro escrita en Nova York e estreada en Buenos Aires o 14 de outubro de 1941 no Teatro Maio (hoxe desaparecido), trat\u00e1base da obra cuxo t\u00edtulo era \u201cOs vellos non deben namorarse\u201d . Esta obra \u00e9 froito da combinaci\u00f3n de d\u00faas sensibilidades: a literatura e a imaxinaci\u00f3n.&nbsp;<\/p>\n\n\n\n<p>Castelao preparando as m\u00e1scaras para a obra \u201cOs vellos non deben namorarse\u201d.&nbsp;<\/p>\n\n\n\n<p><br><em><strong>Sempre en Galiza<\/strong><\/em><\/p>\n\n\n\n<p>O 10 de marzo de 1944 aparece nas librer\u00edas de Arxentina a obra transcendental do nacionalismo galego \u201c Sempre en Galiza\u201d. Presentado no British Society no sal\u00f3n Prince George` s Hall na Cidade de Buenos Aires na r\u00faa Sarmiento 1230. A colectividade galega, ademais de directivos de entidades nacionais, directivos de entidades galegas de Arxentina e Uruguai, fix\u00e9ronse presentes para escoitar a Castelao na presentaci\u00f3n do seu libro.&nbsp;<\/p>\n\n\n\n<p>Sempre en Galiza. Primeira edici\u00f3n (Buenos Aires, 1944)<\/p>\n\n\n\n<p>A medida que o Quixote Castelao comezou a cabalgar polo mundo foi armando o seu tan prezado libro. Adro, \u00e9 a introduci\u00f3n escrita en terras de Castela m\u00e0s precisamente en Badaxoz. O libro primeiro, coa s\u00faa pluma convertida en p\u00f3lvora, foi escrito en plena guerra civil na s\u00faa estancia en Barcelona e Valencia. O libro III foi escrito en Nova York e en distintos portos americanos do Atl\u00e1ntico durante a segunda a guerra mundial. Por \u00faltimo, o seu libro IV que a\u00ednda que non figura na presentaci\u00f3n da primeira edici\u00f3n, merece destacarse por que se escribiu en Buenos Aires durante o goberno de Giral .<br>Sempre en Galiza \u00e9 un texto dun gran valor hist\u00f3rico, non s\u00f3 para xustificar as aspiraci\u00f3ns de Galicia sen\u00f3n para considerar e resolver o problema das naci\u00f3ns peninsulares Galeuzca: Galiza, Euskadi e Catalu\u00f1a, xustificando o respecto a cada unha delas baixo un sistema federal.<\/p>\n\n\n\n<p>Presentaci\u00f3n de Sempre en Galiza (Buenos Aires, 10 de marzo de 1944)<\/p>\n\n\n\n<p>Moitos quixeron silenciar este libro e s\u00e9gueno silenciando, pero non se pode negar. Sempre en Galiza \u00e9 un gran legado \u00e1 cultura e ao pensamento galego escrito por un home que foi un gran escritor e un autentico l\u00edder pol\u00edtico nacionalista respectado no mundo enteiro.<\/p>\n\n\n\n<p><strong>A derradeira Lecci\u00f2n do mestre&nbsp;<\/strong><\/p>\n\n\n\n<p>Alfonso Castelao foi polifac\u00e9tico. Non soamente encara un proxecto pol\u00edtico sen\u00f3n ademais enfoca os seus prop\u00f3sitos nun quefacer cultural sociol\u00f3xico, econ\u00f3mico e art\u00edstico. Tam\u00e9n atopou na pintura unha forma de denunciar as inxustizas do fascismo imperante. En Buenos Aires, pintou no ano 1945 \u201cA derradeira Leici\u00f2n do mestre\u201d. \u00c9 a obra pict\u00f3rica m\u00e1is importante de Castelao pola s\u00faa significancia pol\u00edtica e art\u00edstica. O home tendido no chan ao p\u00e9 de d\u00faas \u00e0rbores sen p\u00f3las e ante dous nenos con camisas brancas que choran no medio dunha paisaxe abatida. Pero quen era ese home que Castelao retratou? Era Alexandre B\u00f2veda (1903-1936) quen tivo unha destacada actuaci\u00f3n na redacci\u00f3n do Estatuto de Autonom\u00eda de Galicia. Foi fusilado o 17 de agosto de 1936 no monte Caeiro (Poio). Antes de ser executado expresou \u201dA mi\u00f1a patria natural \u00e9 Galiza, \u00e1moa fervorosamente , xamais a traicionar\u00eca. Se entende o tribunal que por este amor entra\u00f1able debe serme aplicada a pena de norte recibireina como un sacrificio m\u00e0s por ela\u201d. Esta obra co\u00f1eceuse o 17 de agosto de 1945 nos sal\u00f3ns do Centro Ourens\u00e1n (hoxe desaparecido), na cidade de Buenos Aires na Av. Belgrano 2196 con motivo do 9\u00ba aniversario do asasinato de Boveda. Castelao plasmou a denuncia m\u00e0is brutal.<\/p>\n\n\n\n<p>\u201cA derradeira Leici\u00f2n do mestre\u201d (Buenos Aires, 17 de agosto de 1945)<\/p>\n\n\n\n<p>Principio del formulario<\/p>\n\n\n\n<p>Volve \u00e1 mi\u00f1a memoria o conto de Manuel Rivas \u201cA Lingua das bolboretas\u201d: don Gregorio o mestre humanista liberal e republicano pregoaba o ensino laico e Moncho o seu alumno admir\u00e1bao con coraz\u00f3n de neno e sentimentos contraditorios impostos por unha sociedade dividida. Cantos don Gregorio foron asasinados? Cantos mestres foros fusilados? Cantas cunetas e fosas que lembran homes e mulleres de guardapolvo e xiz? O n\u00famero sorprende sesenta mil mestres foron fusilados en toda Espa\u00f1a segundo datos de Morente Valero no seu traballo de tese. Foron tantos os mestres desaparecidos que moitos pobos qued\u00e1ronse sen eles e foron substitu\u00eddos por sacerdotes e alf\u00e9rez do ex\u00e9rcito.<\/p>\n\n\n\n<p>Ao ser presentada, a obra produciu un gran silencio entre os asistentes \u00e1 mostra. Respecto polo artista Castelao e a s\u00faa denuncia que mostra unha clara visi\u00f3n de indignaci\u00f3n polo cruel asasinato do seu amigo Alexandre B\u00f2veda e por todos os asasinados en Galicia. En conmemmoraci\u00f2n de este brutal asasinato, l\u00e9mbrase o 17 de agosto como D\u00eca dos m\u00e1rtires galegos. Esta obra hoxe at\u00f3pase no Centro Galicia de Buenos Aires no terceiro piso e \u00e9 visitada polo p\u00fablico en xeral e en especial polos alumnos do Instituto Arxentino Gallego Santiago Apostol.<\/p>\n\n\n\n<p>En outubro de 2018, despois de 73 anos esta obra chegou a Galicia. O presidente da Xunta Alberto Feijoo expresou: \u201cA necesidade da defensa da educaci\u00f3n fronte ao fanatismo e que unha educaci\u00f3n en liberdade \u00e9 o medio para a promoci\u00f3n dos valores democr\u00e1ticos\u201d. Creo que o Presidente Feijoo non entendeu cabalmente a mensaxe da obra de Castelao. Ao meu entender, a verdadeira lecci\u00f3n que nos imparte Castelao \u00e9 claramente que a crueldade descarnada daquela \u00e9poca marcou en forma indeleble a toda unha sociedade, da cal os nenos foron especialmente prexudicados, non co\u00f1ec\u00edan o que significaba unha guerra e sufriron as consecuencias dela, Afix\u00e9ronse \u00e1 dor polas perdas dos seus seres queridos, neste caso representado polo seu mestre e cuxo rostro foi o de Alexandre B\u00f3veda.&nbsp;<\/p>\n\n\n\n<p><em><strong>Alba de Gloria<\/strong><\/em><\/p>\n\n\n\n<p>O escenario europeo modificara a s\u00faa estratexia. Os pa\u00edses do eixo foran derrotados e exist\u00eda a esperanza que o r\u00e9xime espa\u00f1ol \u00eda ser empuxado polas forzas democr\u00e1ticas e polo rexeitamento da ONU na famosa resoluci\u00f3n 39 que Arxentina xunto con alg\u00fans pa\u00edses latinoamericanos votaron a favor de Espa\u00f1a. Estas circunstancias obrigaron a Castelao a cambiar a manobra pol\u00edtica e os \u00e1nimos del e de moitos outros decaeron. A sa\u00fade do l\u00edder galego comezou a debilitarse diagnostic\u00e1ndolle unha enfermidade terminal. Con todo seguiu mostr\u00e1ndose activo e o 25 de xullo de 1948 pronunci\u00f2 unha magnifica peza de oratoria no Teatro Arxentino. Numerosas asociaci\u00f3ns galegas fix\u00e9ronse presentes ese d\u00eda de conmemoraci\u00f3n de Galicia e do Santo Patr\u00f3n.&nbsp;<\/p>\n\n\n\n<p>Alba de gloria, foi o \u00faltimo discurso que pronunciou en p\u00fablico. \u00c9 curioso que esta mensaxe pronunciouna en castel\u00e1n se cadra porque entre os presentes hab\u00eda un nutrido grupo de vascos e catal\u00e1ns con quen Castelao sempre sentiu o desexo de conformar a idea do Galeuzca.<\/p>\n\n\n\n<p>Alba de Gloria \u00e9 unha extraordinaria proclamaci\u00f3n capaz de transportar a quen a escoite aos seus lugares m\u00e1is amados e respectados. A s\u00faa voz e o auditorio fixeron so\u00f1ar nunha viaxe interior nunha mostra de agarimo \u00e1 historia e a quen a forxe. Este discurso representa o emblema da x\u00e9nese do ser galego, lingua, territorio e cultura.&nbsp;<\/p>\n\n\n\n<figure class=\"wp-block-image size-large is-style-default\"><img loading=\"lazy\" decoding=\"async\" width=\"576\" height=\"1024\" src=\"http:\/\/www.anovapeneira.gal\/wp-content\/uploads\/2020\/11\/castelao_arxentina_colectividade_galega_2-576x1024.jpg\" alt=\"\" class=\"wp-image-4335\" srcset=\"https:\/\/www.anovapeneira.gal\/wp-content\/uploads\/2020\/11\/castelao_arxentina_colectividade_galega_2-576x1024.jpg 576w, https:\/\/www.anovapeneira.gal\/wp-content\/uploads\/2020\/11\/castelao_arxentina_colectividade_galega_2-169x300.jpg 169w, https:\/\/www.anovapeneira.gal\/wp-content\/uploads\/2020\/11\/castelao_arxentina_colectividade_galega_2-768x1365.jpg 768w, https:\/\/www.anovapeneira.gal\/wp-content\/uploads\/2020\/11\/castelao_arxentina_colectividade_galega_2-864x1536.jpg 864w, https:\/\/www.anovapeneira.gal\/wp-content\/uploads\/2020\/11\/castelao_arxentina_colectividade_galega_2.jpg 882w\" sizes=\"auto, (max-width: 576px) 100vw, 576px\" \/><figcaption>Estatua de Castelao situada en Av. Independencia y Bernardo de Irigoyen; Buenos Aires, Argentina.\u00a0<\/figcaption><\/figure>\n\n\n\n<p><a href=\"https:\/\/www.xunta.gal\/feder\"><\/a><\/p>\n\n\n\n<p>L\u00e1pida pertencente ao nicho onde repousaron os restos de Daniel Alfonso Rodriguez Castelao desde o 7 de xaneiro de 1950 ata o 24 de xu\u00f1o de 1984 ( Pante\u00f3n do Centro Gallego, Cemiterio da Chacarita, Buenos Aires, Arxentina)<\/p>\n\n\n\n<figure class=\"wp-block-image size-large is-style-default\"><img loading=\"lazy\" decoding=\"async\" width=\"1024\" height=\"575\" src=\"http:\/\/www.anovapeneira.gal\/wp-content\/uploads\/2020\/11\/castelao_arxentina_qedp-1024x575.jpg\" alt=\"\" class=\"wp-image-4336\" srcset=\"https:\/\/www.anovapeneira.gal\/wp-content\/uploads\/2020\/11\/castelao_arxentina_qedp-1024x575.jpg 1024w, https:\/\/www.anovapeneira.gal\/wp-content\/uploads\/2020\/11\/castelao_arxentina_qedp-300x169.jpg 300w, https:\/\/www.anovapeneira.gal\/wp-content\/uploads\/2020\/11\/castelao_arxentina_qedp-768x432.jpg 768w, https:\/\/www.anovapeneira.gal\/wp-content\/uploads\/2020\/11\/castelao_arxentina_qedp-678x381.jpg 678w, https:\/\/www.anovapeneira.gal\/wp-content\/uploads\/2020\/11\/castelao_arxentina_qedp.jpg 1299w\" sizes=\"auto, (max-width: 1024px) 100vw, 1024px\" \/><\/figure>\n\n\n\n<p>A calidade da s\u00faa obra producida no exilio, serve para reafirmar que a mellor obra de Galicia para Galicia xestouse no exterior: O himno Galego estreado o 20 de decembro de 1907 no Centro Galego da Habana e a obra de Castelao Sempre en Galiza. Os dez anos de Castelao (1940-1950) na Arxentina, serviron para fixar unha nova perspectiva para Galicia no seu proxecto econ\u00f3mico e pol\u00edtico que a\u00ednda hoxe resta completar, a autodeterminaci\u00f3n da naci\u00f3n galega<\/p>\n","protected":false},"excerpt":{"rendered":"<div class=\"mh-excerpt\"><p>Juan \u00d3scar Otero Lago Este ano cumpr\u00edronse 70 anos do falecemento de Daniel Alfonso Castelao e 80 anos da s\u00faa chegada, en segunda ocasi\u00f3n, \u00e1 Arxentina. Dez anos, unha d\u00e9cada de realizaci\u00f3ns produtivas como narrador, <a class=\"mh-excerpt-more\" href=\"https:\/\/www.anovapeneira.gal\/index.php\/2020\/11\/25\/castelao-en-arxentina-1940-1950\/\" title=\"Castelao en Arxentina (1940-1950)\">[&#8230;]<\/a><\/p>\n<\/div>","protected":false},"author":3,"featured_media":4339,"comment_status":"open","ping_status":"open","sticky":false,"template":"","format":"standard","meta":{"_exactmetrics_skip_tracking":false,"_exactmetrics_sitenote_active":false,"_exactmetrics_sitenote_note":"","_exactmetrics_sitenote_category":0,"footnotes":""},"categories":[589],"tags":[1039,1208],"class_list":{"0":"post-4330","1":"post","2":"type-post","3":"status-publish","4":"format-standard","5":"has-post-thumbnail","7":"category-reportaxe_galicia","8":"tag-arxentina","9":"tag-castelao"},"yoast_head":"<!-- This site is optimized with the Yoast SEO plugin v27.4 - https:\/\/yoast.com\/product\/yoast-seo-wordpress\/ -->\n<title>Castelao en Arxentina (1940-1950) -<\/title>\n<meta name=\"description\" content=\"Este ano cumpr\u00edronse 70 anos do falecemento de Daniel Alfonso Castelao e 80 anos da s\u00faa chegada, en segunda ocasi\u00f3n, \u00e1 Arxentina. Dez anos, unha d\u00e9cada de realizaci\u00f3ns produtivas como narrador, artista pl\u00e1stico, dramaturgo e esencialmente como pol\u00edtico desenvolvendo dentro de todas as s\u00faas facetas unha intensa actividade creadora\" \/>\n<meta name=\"robots\" content=\"index, follow, max-snippet:-1, max-image-preview:large, max-video-preview:-1\" \/>\n<link rel=\"canonical\" href=\"https:\/\/www.anovapeneira.gal\/index.php\/2020\/11\/25\/castelao-en-arxentina-1940-1950\/\" \/>\n<meta property=\"og:locale\" content=\"gl_ES\" \/>\n<meta property=\"og:type\" content=\"article\" \/>\n<meta property=\"og:title\" content=\"Castelao en Arxentina (1940-1950) -\" \/>\n<meta property=\"og:description\" content=\"Este ano cumpr\u00edronse 70 anos do falecemento de Daniel Alfonso Castelao e 80 anos da s\u00faa chegada, en segunda ocasi\u00f3n, \u00e1 Arxentina. Dez anos, unha d\u00e9cada de realizaci\u00f3ns produtivas como narrador, artista pl\u00e1stico, dramaturgo e esencialmente como pol\u00edtico desenvolvendo dentro de todas as s\u00faas facetas unha intensa actividade creadora\" \/>\n<meta property=\"og:url\" content=\"https:\/\/www.anovapeneira.gal\/index.php\/2020\/11\/25\/castelao-en-arxentina-1940-1950\/\" \/>\n<meta property=\"article:publisher\" content=\"https:\/\/www.facebook.com\/anovapeneira\" \/>\n<meta property=\"article:published_time\" content=\"2020-11-25T09:00:55+00:00\" \/>\n<meta property=\"og:image\" content=\"https:\/\/www.anovapeneira.gal\/wp-content\/uploads\/2020\/11\/castelao_arxentina_colectividade_galega_3.jpg\" \/>\n\t<meta property=\"og:image:width\" content=\"720\" \/>\n\t<meta property=\"og:image:height\" content=\"432\" \/>\n\t<meta property=\"og:image:type\" content=\"image\/jpeg\" \/>\n<meta name=\"author\" content=\"Redacci\u00f3n A Nova Peneira\" \/>\n<meta name=\"twitter:card\" content=\"summary_large_image\" \/>\n<meta name=\"twitter:creator\" content=\"@APeneira\" \/>\n<meta name=\"twitter:site\" content=\"@APeneira\" \/>\n<meta name=\"twitter:label1\" content=\"Escrito por\" \/>\n\t<meta name=\"twitter:data1\" content=\"Redacci\u00f3n A Nova Peneira\" \/>\n\t<meta name=\"twitter:label2\" content=\"Tempo de lectura\" \/>\n\t<meta name=\"twitter:data2\" content=\"12 minutos\" \/>\n<script type=\"application\/ld+json\" class=\"yoast-schema-graph\">{\"@context\":\"https:\\\/\\\/schema.org\",\"@graph\":[{\"@type\":\"Article\",\"@id\":\"https:\\\/\\\/www.anovapeneira.gal\\\/index.php\\\/2020\\\/11\\\/25\\\/castelao-en-arxentina-1940-1950\\\/#article\",\"isPartOf\":{\"@id\":\"https:\\\/\\\/www.anovapeneira.gal\\\/index.php\\\/2020\\\/11\\\/25\\\/castelao-en-arxentina-1940-1950\\\/\"},\"author\":{\"name\":\"Redacci\u00f3n A Nova Peneira\",\"@id\":\"https:\\\/\\\/www.anovapeneira.gal\\\/#\\\/schema\\\/person\\\/b93e3f8932e3f8da96334607eb6ac6aa\"},\"headline\":\"Castelao en Arxentina (1940-1950)\",\"datePublished\":\"2020-11-25T09:00:55+00:00\",\"mainEntityOfPage\":{\"@id\":\"https:\\\/\\\/www.anovapeneira.gal\\\/index.php\\\/2020\\\/11\\\/25\\\/castelao-en-arxentina-1940-1950\\\/\"},\"wordCount\":2415,\"commentCount\":0,\"publisher\":{\"@id\":\"https:\\\/\\\/www.anovapeneira.gal\\\/#organization\"},\"image\":{\"@id\":\"https:\\\/\\\/www.anovapeneira.gal\\\/index.php\\\/2020\\\/11\\\/25\\\/castelao-en-arxentina-1940-1950\\\/#primaryimage\"},\"thumbnailUrl\":\"https:\\\/\\\/www.anovapeneira.gal\\\/wp-content\\\/uploads\\\/2020\\\/11\\\/castelao_arxentina_colectividade_galega_3.jpg\",\"keywords\":[\"Arxentina\",\"Castelao\"],\"articleSection\":[\"Reportaxes\"],\"inLanguage\":\"gl-ES\",\"potentialAction\":[{\"@type\":\"CommentAction\",\"name\":\"Comment\",\"target\":[\"https:\\\/\\\/www.anovapeneira.gal\\\/index.php\\\/2020\\\/11\\\/25\\\/castelao-en-arxentina-1940-1950\\\/#respond\"]}]},{\"@type\":\"WebPage\",\"@id\":\"https:\\\/\\\/www.anovapeneira.gal\\\/index.php\\\/2020\\\/11\\\/25\\\/castelao-en-arxentina-1940-1950\\\/\",\"url\":\"https:\\\/\\\/www.anovapeneira.gal\\\/index.php\\\/2020\\\/11\\\/25\\\/castelao-en-arxentina-1940-1950\\\/\",\"name\":\"Castelao en Arxentina (1940-1950) -\",\"isPartOf\":{\"@id\":\"https:\\\/\\\/www.anovapeneira.gal\\\/#website\"},\"primaryImageOfPage\":{\"@id\":\"https:\\\/\\\/www.anovapeneira.gal\\\/index.php\\\/2020\\\/11\\\/25\\\/castelao-en-arxentina-1940-1950\\\/#primaryimage\"},\"image\":{\"@id\":\"https:\\\/\\\/www.anovapeneira.gal\\\/index.php\\\/2020\\\/11\\\/25\\\/castelao-en-arxentina-1940-1950\\\/#primaryimage\"},\"thumbnailUrl\":\"https:\\\/\\\/www.anovapeneira.gal\\\/wp-content\\\/uploads\\\/2020\\\/11\\\/castelao_arxentina_colectividade_galega_3.jpg\",\"datePublished\":\"2020-11-25T09:00:55+00:00\",\"description\":\"Este ano cumpr\u00edronse 70 anos do falecemento de Daniel Alfonso Castelao e 80 anos da s\u00faa chegada, en segunda ocasi\u00f3n, \u00e1 Arxentina. Dez anos, unha d\u00e9cada de realizaci\u00f3ns produtivas como narrador, artista pl\u00e1stico, dramaturgo e esencialmente como pol\u00edtico desenvolvendo dentro de todas as s\u00faas facetas unha intensa actividade creadora\",\"breadcrumb\":{\"@id\":\"https:\\\/\\\/www.anovapeneira.gal\\\/index.php\\\/2020\\\/11\\\/25\\\/castelao-en-arxentina-1940-1950\\\/#breadcrumb\"},\"inLanguage\":\"gl-ES\",\"potentialAction\":[{\"@type\":\"ReadAction\",\"target\":[\"https:\\\/\\\/www.anovapeneira.gal\\\/index.php\\\/2020\\\/11\\\/25\\\/castelao-en-arxentina-1940-1950\\\/\"]}]},{\"@type\":\"ImageObject\",\"inLanguage\":\"gl-ES\",\"@id\":\"https:\\\/\\\/www.anovapeneira.gal\\\/index.php\\\/2020\\\/11\\\/25\\\/castelao-en-arxentina-1940-1950\\\/#primaryimage\",\"url\":\"https:\\\/\\\/www.anovapeneira.gal\\\/wp-content\\\/uploads\\\/2020\\\/11\\\/castelao_arxentina_colectividade_galega_3.jpg\",\"contentUrl\":\"https:\\\/\\\/www.anovapeneira.gal\\\/wp-content\\\/uploads\\\/2020\\\/11\\\/castelao_arxentina_colectividade_galega_3.jpg\",\"width\":720,\"height\":432,\"caption\":\"Castelao en Arxentina (1940-1950)\"},{\"@type\":\"BreadcrumbList\",\"@id\":\"https:\\\/\\\/www.anovapeneira.gal\\\/index.php\\\/2020\\\/11\\\/25\\\/castelao-en-arxentina-1940-1950\\\/#breadcrumb\",\"itemListElement\":[{\"@type\":\"ListItem\",\"position\":1,\"name\":\"Portada\",\"item\":\"https:\\\/\\\/www.anovapeneira.gal\\\/\"},{\"@type\":\"ListItem\",\"position\":2,\"name\":\"Castelao en Arxentina (1940-1950)\"}]},{\"@type\":\"WebSite\",\"@id\":\"https:\\\/\\\/www.anovapeneira.gal\\\/#website\",\"url\":\"https:\\\/\\\/www.anovapeneira.gal\\\/\",\"name\":\"\",\"description\":\"Xornal galego de informaci\u00f3n xeral Publicaci\u00f3n mensual de novas de Galicia e en especial dos Concellos da sur da provincia de Pontevedra.\",\"publisher\":{\"@id\":\"https:\\\/\\\/www.anovapeneira.gal\\\/#organization\"},\"potentialAction\":[{\"@type\":\"SearchAction\",\"target\":{\"@type\":\"EntryPoint\",\"urlTemplate\":\"https:\\\/\\\/www.anovapeneira.gal\\\/?s={search_term_string}\"},\"query-input\":{\"@type\":\"PropertyValueSpecification\",\"valueRequired\":true,\"valueName\":\"search_term_string\"}}],\"inLanguage\":\"gl-ES\"},{\"@type\":\"Organization\",\"@id\":\"https:\\\/\\\/www.anovapeneira.gal\\\/#organization\",\"name\":\"A Nova Peneira\",\"url\":\"https:\\\/\\\/www.anovapeneira.gal\\\/\",\"logo\":{\"@type\":\"ImageObject\",\"inLanguage\":\"gl-ES\",\"@id\":\"https:\\\/\\\/www.anovapeneira.gal\\\/#\\\/schema\\\/logo\\\/image\\\/\",\"url\":\"http:\\\/\\\/www.anovapeneira.gal\\\/wp-content\\\/uploads\\\/2019\\\/06\\\/logo_a_nova_peneira_portal_web.png\",\"contentUrl\":\"http:\\\/\\\/www.anovapeneira.gal\\\/wp-content\\\/uploads\\\/2019\\\/06\\\/logo_a_nova_peneira_portal_web.png\",\"width\":300,\"height\":100,\"caption\":\"A Nova Peneira\"},\"image\":{\"@id\":\"https:\\\/\\\/www.anovapeneira.gal\\\/#\\\/schema\\\/logo\\\/image\\\/\"},\"sameAs\":[\"https:\\\/\\\/www.facebook.com\\\/anovapeneira\",\"https:\\\/\\\/x.com\\\/APeneira\"]},{\"@type\":\"Person\",\"@id\":\"https:\\\/\\\/www.anovapeneira.gal\\\/#\\\/schema\\\/person\\\/b93e3f8932e3f8da96334607eb6ac6aa\",\"name\":\"Redacci\u00f3n A Nova Peneira\",\"image\":{\"@type\":\"ImageObject\",\"inLanguage\":\"gl-ES\",\"@id\":\"https:\\\/\\\/secure.gravatar.com\\\/avatar\\\/c052a2551a06e23fac63626232eaa90abd78dbcf1700fc46a2b2c89fd27b735f?s=96&d=mm&r=g\",\"url\":\"https:\\\/\\\/secure.gravatar.com\\\/avatar\\\/c052a2551a06e23fac63626232eaa90abd78dbcf1700fc46a2b2c89fd27b735f?s=96&d=mm&r=g\",\"contentUrl\":\"https:\\\/\\\/secure.gravatar.com\\\/avatar\\\/c052a2551a06e23fac63626232eaa90abd78dbcf1700fc46a2b2c89fd27b735f?s=96&d=mm&r=g\",\"caption\":\"Redacci\u00f3n A Nova Peneira\"},\"sameAs\":[\"http:\\\/\\\/www.anovapeneira.gal\\\/\"],\"url\":\"https:\\\/\\\/www.anovapeneira.gal\\\/index.php\\\/author\\\/redactor\\\/\"}]}<\/script>\n<!-- \/ Yoast SEO plugin. -->","yoast_head_json":{"title":"Castelao en Arxentina (1940-1950) -","description":"Este ano cumpr\u00edronse 70 anos do falecemento de Daniel Alfonso Castelao e 80 anos da s\u00faa chegada, en segunda ocasi\u00f3n, \u00e1 Arxentina. Dez anos, unha d\u00e9cada de realizaci\u00f3ns produtivas como narrador, artista pl\u00e1stico, dramaturgo e esencialmente como pol\u00edtico desenvolvendo dentro de todas as s\u00faas facetas unha intensa actividade creadora","robots":{"index":"index","follow":"follow","max-snippet":"max-snippet:-1","max-image-preview":"max-image-preview:large","max-video-preview":"max-video-preview:-1"},"canonical":"https:\/\/www.anovapeneira.gal\/index.php\/2020\/11\/25\/castelao-en-arxentina-1940-1950\/","og_locale":"gl_ES","og_type":"article","og_title":"Castelao en Arxentina (1940-1950) -","og_description":"Este ano cumpr\u00edronse 70 anos do falecemento de Daniel Alfonso Castelao e 80 anos da s\u00faa chegada, en segunda ocasi\u00f3n, \u00e1 Arxentina. Dez anos, unha d\u00e9cada de realizaci\u00f3ns produtivas como narrador, artista pl\u00e1stico, dramaturgo e esencialmente como pol\u00edtico desenvolvendo dentro de todas as s\u00faas facetas unha intensa actividade creadora","og_url":"https:\/\/www.anovapeneira.gal\/index.php\/2020\/11\/25\/castelao-en-arxentina-1940-1950\/","article_publisher":"https:\/\/www.facebook.com\/anovapeneira","article_published_time":"2020-11-25T09:00:55+00:00","og_image":[{"width":720,"height":432,"url":"https:\/\/www.anovapeneira.gal\/wp-content\/uploads\/2020\/11\/castelao_arxentina_colectividade_galega_3.jpg","type":"image\/jpeg"}],"author":"Redacci\u00f3n A Nova Peneira","twitter_card":"summary_large_image","twitter_creator":"@APeneira","twitter_site":"@APeneira","twitter_misc":{"Escrito por":"Redacci\u00f3n A Nova Peneira","Tempo de lectura":"12 minutos"},"schema":{"@context":"https:\/\/schema.org","@graph":[{"@type":"Article","@id":"https:\/\/www.anovapeneira.gal\/index.php\/2020\/11\/25\/castelao-en-arxentina-1940-1950\/#article","isPartOf":{"@id":"https:\/\/www.anovapeneira.gal\/index.php\/2020\/11\/25\/castelao-en-arxentina-1940-1950\/"},"author":{"name":"Redacci\u00f3n A Nova Peneira","@id":"https:\/\/www.anovapeneira.gal\/#\/schema\/person\/b93e3f8932e3f8da96334607eb6ac6aa"},"headline":"Castelao en Arxentina (1940-1950)","datePublished":"2020-11-25T09:00:55+00:00","mainEntityOfPage":{"@id":"https:\/\/www.anovapeneira.gal\/index.php\/2020\/11\/25\/castelao-en-arxentina-1940-1950\/"},"wordCount":2415,"commentCount":0,"publisher":{"@id":"https:\/\/www.anovapeneira.gal\/#organization"},"image":{"@id":"https:\/\/www.anovapeneira.gal\/index.php\/2020\/11\/25\/castelao-en-arxentina-1940-1950\/#primaryimage"},"thumbnailUrl":"https:\/\/www.anovapeneira.gal\/wp-content\/uploads\/2020\/11\/castelao_arxentina_colectividade_galega_3.jpg","keywords":["Arxentina","Castelao"],"articleSection":["Reportaxes"],"inLanguage":"gl-ES","potentialAction":[{"@type":"CommentAction","name":"Comment","target":["https:\/\/www.anovapeneira.gal\/index.php\/2020\/11\/25\/castelao-en-arxentina-1940-1950\/#respond"]}]},{"@type":"WebPage","@id":"https:\/\/www.anovapeneira.gal\/index.php\/2020\/11\/25\/castelao-en-arxentina-1940-1950\/","url":"https:\/\/www.anovapeneira.gal\/index.php\/2020\/11\/25\/castelao-en-arxentina-1940-1950\/","name":"Castelao en Arxentina (1940-1950) -","isPartOf":{"@id":"https:\/\/www.anovapeneira.gal\/#website"},"primaryImageOfPage":{"@id":"https:\/\/www.anovapeneira.gal\/index.php\/2020\/11\/25\/castelao-en-arxentina-1940-1950\/#primaryimage"},"image":{"@id":"https:\/\/www.anovapeneira.gal\/index.php\/2020\/11\/25\/castelao-en-arxentina-1940-1950\/#primaryimage"},"thumbnailUrl":"https:\/\/www.anovapeneira.gal\/wp-content\/uploads\/2020\/11\/castelao_arxentina_colectividade_galega_3.jpg","datePublished":"2020-11-25T09:00:55+00:00","description":"Este ano cumpr\u00edronse 70 anos do falecemento de Daniel Alfonso Castelao e 80 anos da s\u00faa chegada, en segunda ocasi\u00f3n, \u00e1 Arxentina. Dez anos, unha d\u00e9cada de realizaci\u00f3ns produtivas como narrador, artista pl\u00e1stico, dramaturgo e esencialmente como pol\u00edtico desenvolvendo dentro de todas as s\u00faas facetas unha intensa actividade creadora","breadcrumb":{"@id":"https:\/\/www.anovapeneira.gal\/index.php\/2020\/11\/25\/castelao-en-arxentina-1940-1950\/#breadcrumb"},"inLanguage":"gl-ES","potentialAction":[{"@type":"ReadAction","target":["https:\/\/www.anovapeneira.gal\/index.php\/2020\/11\/25\/castelao-en-arxentina-1940-1950\/"]}]},{"@type":"ImageObject","inLanguage":"gl-ES","@id":"https:\/\/www.anovapeneira.gal\/index.php\/2020\/11\/25\/castelao-en-arxentina-1940-1950\/#primaryimage","url":"https:\/\/www.anovapeneira.gal\/wp-content\/uploads\/2020\/11\/castelao_arxentina_colectividade_galega_3.jpg","contentUrl":"https:\/\/www.anovapeneira.gal\/wp-content\/uploads\/2020\/11\/castelao_arxentina_colectividade_galega_3.jpg","width":720,"height":432,"caption":"Castelao en Arxentina (1940-1950)"},{"@type":"BreadcrumbList","@id":"https:\/\/www.anovapeneira.gal\/index.php\/2020\/11\/25\/castelao-en-arxentina-1940-1950\/#breadcrumb","itemListElement":[{"@type":"ListItem","position":1,"name":"Portada","item":"https:\/\/www.anovapeneira.gal\/"},{"@type":"ListItem","position":2,"name":"Castelao en Arxentina (1940-1950)"}]},{"@type":"WebSite","@id":"https:\/\/www.anovapeneira.gal\/#website","url":"https:\/\/www.anovapeneira.gal\/","name":"","description":"Xornal galego de informaci\u00f3n xeral Publicaci\u00f3n mensual de novas de Galicia e en especial dos Concellos da sur da provincia de Pontevedra.","publisher":{"@id":"https:\/\/www.anovapeneira.gal\/#organization"},"potentialAction":[{"@type":"SearchAction","target":{"@type":"EntryPoint","urlTemplate":"https:\/\/www.anovapeneira.gal\/?s={search_term_string}"},"query-input":{"@type":"PropertyValueSpecification","valueRequired":true,"valueName":"search_term_string"}}],"inLanguage":"gl-ES"},{"@type":"Organization","@id":"https:\/\/www.anovapeneira.gal\/#organization","name":"A Nova Peneira","url":"https:\/\/www.anovapeneira.gal\/","logo":{"@type":"ImageObject","inLanguage":"gl-ES","@id":"https:\/\/www.anovapeneira.gal\/#\/schema\/logo\/image\/","url":"http:\/\/www.anovapeneira.gal\/wp-content\/uploads\/2019\/06\/logo_a_nova_peneira_portal_web.png","contentUrl":"http:\/\/www.anovapeneira.gal\/wp-content\/uploads\/2019\/06\/logo_a_nova_peneira_portal_web.png","width":300,"height":100,"caption":"A Nova Peneira"},"image":{"@id":"https:\/\/www.anovapeneira.gal\/#\/schema\/logo\/image\/"},"sameAs":["https:\/\/www.facebook.com\/anovapeneira","https:\/\/x.com\/APeneira"]},{"@type":"Person","@id":"https:\/\/www.anovapeneira.gal\/#\/schema\/person\/b93e3f8932e3f8da96334607eb6ac6aa","name":"Redacci\u00f3n A Nova Peneira","image":{"@type":"ImageObject","inLanguage":"gl-ES","@id":"https:\/\/secure.gravatar.com\/avatar\/c052a2551a06e23fac63626232eaa90abd78dbcf1700fc46a2b2c89fd27b735f?s=96&d=mm&r=g","url":"https:\/\/secure.gravatar.com\/avatar\/c052a2551a06e23fac63626232eaa90abd78dbcf1700fc46a2b2c89fd27b735f?s=96&d=mm&r=g","contentUrl":"https:\/\/secure.gravatar.com\/avatar\/c052a2551a06e23fac63626232eaa90abd78dbcf1700fc46a2b2c89fd27b735f?s=96&d=mm&r=g","caption":"Redacci\u00f3n A Nova Peneira"},"sameAs":["http:\/\/www.anovapeneira.gal\/"],"url":"https:\/\/www.anovapeneira.gal\/index.php\/author\/redactor\/"}]}},"jetpack_featured_media_url":"https:\/\/www.anovapeneira.gal\/wp-content\/uploads\/2020\/11\/castelao_arxentina_colectividade_galega_3.jpg","_links":{"self":[{"href":"https:\/\/www.anovapeneira.gal\/index.php\/wp-json\/wp\/v2\/posts\/4330","targetHints":{"allow":["GET"]}}],"collection":[{"href":"https:\/\/www.anovapeneira.gal\/index.php\/wp-json\/wp\/v2\/posts"}],"about":[{"href":"https:\/\/www.anovapeneira.gal\/index.php\/wp-json\/wp\/v2\/types\/post"}],"author":[{"embeddable":true,"href":"https:\/\/www.anovapeneira.gal\/index.php\/wp-json\/wp\/v2\/users\/3"}],"replies":[{"embeddable":true,"href":"https:\/\/www.anovapeneira.gal\/index.php\/wp-json\/wp\/v2\/comments?post=4330"}],"version-history":[{"count":4,"href":"https:\/\/www.anovapeneira.gal\/index.php\/wp-json\/wp\/v2\/posts\/4330\/revisions"}],"predecessor-version":[{"id":4338,"href":"https:\/\/www.anovapeneira.gal\/index.php\/wp-json\/wp\/v2\/posts\/4330\/revisions\/4338"}],"wp:featuredmedia":[{"embeddable":true,"href":"https:\/\/www.anovapeneira.gal\/index.php\/wp-json\/wp\/v2\/media\/4339"}],"wp:attachment":[{"href":"https:\/\/www.anovapeneira.gal\/index.php\/wp-json\/wp\/v2\/media?parent=4330"}],"wp:term":[{"taxonomy":"category","embeddable":true,"href":"https:\/\/www.anovapeneira.gal\/index.php\/wp-json\/wp\/v2\/categories?post=4330"},{"taxonomy":"post_tag","embeddable":true,"href":"https:\/\/www.anovapeneira.gal\/index.php\/wp-json\/wp\/v2\/tags?post=4330"}],"curies":[{"name":"wp","href":"https:\/\/api.w.org\/{rel}","templated":true}]}}