{"id":4356,"date":"2020-11-30T10:00:40","date_gmt":"2020-11-30T09:00:40","guid":{"rendered":"http:\/\/www.anovapeneira.gal\/?p=4356"},"modified":"2020-11-29T19:49:48","modified_gmt":"2020-11-29T18:49:48","slug":"arquivada-a-querela-da-alcaldesa-de-mos-contra-a-comunidade-de-montes-de-tameiga-polo-caso-das-supostas-facturas-falsas-de-auga","status":"publish","type":"post","link":"https:\/\/www.anovapeneira.gal\/index.php\/2020\/11\/30\/arquivada-a-querela-da-alcaldesa-de-mos-contra-a-comunidade-de-montes-de-tameiga-polo-caso-das-supostas-facturas-falsas-de-auga\/","title":{"rendered":"Arquivada a querela da Alcaldesa de Mos contra a Comunidade de Montes de Tameiga polo caso das supostas facturas falsas de auga"},"content":{"rendered":"\n<p><strong>Como era previsible, para calquera que tivera ollos par ver e que non estivera fanatizado a priori, a querela que presentou a alcaldesa de Mos contra a comunidade de Montes de Tameiga, por algo que non parec\u00eda outra cousa ca uns billetes do monopoly, foi arquivada en primeira instancia. N\u00f3s falamos coa voceira do PSOE, Victoria Alonso, e co do BNG Gustavo Barcia para co\u00f1ecer a s\u00faa opini\u00f3n ao respecto. Ambos amosaron o convencemento de que non se pod\u00eda esperar outra cousa como resultado dunha acci\u00f3n xur\u00eddica carente do m\u00e1is m\u00ednimo rigor que s\u00f3 supuxo dilapidar a\u00ednda m\u00e1is as maltreitas arcas p\u00fablicas mosenses. Asemade ambos manifestan o seu malestar polo recurso que a alcaldesa anunciou que presentar\u00eda pois , ao seu xu\u00edzo, s\u00f3 vai supor tirar ao lixo con m\u00e1is di\u00f1eiro publico<\/strong><\/p>\n\n\n\n<p><strong>VICTORIA ALONSO VOCEIRA DO PSDG DE MOS<\/strong><\/p>\n\n\n\n<p>\u201c<strong>A ALCALDESA DE MOS DEBE DEIXAR DE GASTAR OS CARTOS D VECI\u00d1ANZA EN CRUZADAS PERSOAIS\u201d<\/strong><\/p>\n\n\n\n<p><strong>Cal \u00e9 a valoraci\u00f3n que fai o PSDG de Mos sobre o arquivo, en primeira instancia, da querela sobre o suposto caso das facturas falsas de auga?<\/strong><\/p>\n\n\n\n<blockquote class=\"wp-block-quote is-layout-flow wp-block-quote-is-layout-flow\"><p>A alcaldesa xa anunciou a s\u00faa intenci\u00f3n de presentar recurso e non insistimos en que deixe de dilapidar dunha vez os cartos da veci\u00f1anza nalgo que xa se amosou que non ten o m\u00e1is m\u00ednimo percorrido xudicial. Se quere seguir pelexando contra mu\u00ed\u00f1os de vento que o pague ela ou o PP, pero non o conxunto da veci\u00f1anza de Mos. Xa no seu d\u00eda pag\u00e1ronse as copias e os env\u00edos<\/p><\/blockquote>\n\n\n\n<p><strong>Que copias e que env\u00edos, a que te refires?<\/strong><\/p>\n\n\n\n<blockquote class=\"wp-block-quote is-layout-flow wp-block-quote-is-layout-flow\"><p>Ela fixo copias daquelas simulaci\u00f3ns de recibos e cargounas ao concello<\/p><\/blockquote>\n\n\n\n<p><strong>Si?<\/strong><\/p>\n\n\n\n<blockquote class=\"wp-block-quote is-layout-flow wp-block-quote-is-layout-flow\"><p>Si, foron nos reco\u00f1ecementos xudiciais do ano seguinte. As fotocopias os repartos e os env\u00edos daquelas notas nas que a alcaldesa daba a s\u00faa versi\u00f3n, xusto en campa\u00f1a electoral, daqueles feitos, pagounas toda a veci\u00f1anza de Mos. Tam\u00e9n fixeron un pleno extraordinario sobre este tema, m\u00e1is gastos, a agora a\u00ednda nos queren facer pagar o recurso<\/p><\/blockquote>\n\n\n\n<p><strong>Ben, al\u00e9n de expresar o teu desacordo co recurso que a alcaldesa anunciou que \u00eda presentar, quer\u00eda que valoraras o contido da sentencia en primeira instancia?<\/strong><\/p>\n\n\n\n<blockquote class=\"wp-block-quote is-layout-flow wp-block-quote-is-layout-flow\"><p>Pois todo parec\u00eda indicar que \u00eda rematar as\u00ed. Aquilo era m\u00e1is que evidente que non ti\u00f1a o menor percorrido. Nin se lle cobrou nada a ningu\u00e9n, nin hab\u00eda maneira de pagar nada<\/p><\/blockquote>\n\n\n\n<p><strong>E a xente que dixo que si foi pagar?<\/strong><\/p>\n\n\n\n<blockquote class=\"wp-block-quote is-layout-flow wp-block-quote-is-layout-flow\"><p>Ben, iso s\u00f3 pode pagar en medios de comunicaci\u00f3n que se prestan a ese tipo de cousas. A pagar que?, a pagar a onde?. Aqueles papeis xa advert\u00edan de que se trataba dunha suposici\u00f3n do que poder\u00eda pasar se se privatizase o servizo de augas<\/p><\/blockquote>\n\n\n\n<p><strong>O partido socialista ten previsto alg\u00fan tipo de movemento pol\u00edtico sobre este asunto?<\/strong><\/p>\n\n\n\n<blockquote class=\"wp-block-quote is-layout-flow wp-block-quote-is-layout-flow\"><p>Algo faremos si, pero estamos a estudiar distintas alternativas e cando o decidamos xa informaremos puntualmente<\/p><\/blockquote>\n\n\n\n<p><strong>Unha cousa breve fora deste asunto: Recentemente o teu compa\u00f1eiro Alejandro Figueroa foi expulsado do pleno pola alcaldesa sen terlle chamado a orde previamente, non ides facer nada ao respecto?<\/strong><\/p>\n\n\n\n<blockquote class=\"wp-block-quote is-layout-flow wp-block-quote-is-layout-flow\"><p>Poderiamos telo denunciado para declarar o pleno nulo, pero por responsabilidade coa veci\u00f1anza, decidimos non facelo. Agora ben manifestamos o noso malestar nas redes sociais e dicimos alto e claro que non imos consentir que tal cousa se volva a repetir<\/p><\/blockquote>\n\n\n\n<p><strong>GUSTAVO BARCIA<\/strong><\/p>\n\n\n\n<figure class=\"wp-block-image size-large is-style-default\"><img loading=\"lazy\" decoding=\"async\" width=\"720\" height=\"432\" src=\"http:\/\/www.anovapeneira.gal\/wp-content\/uploads\/2020\/05\/gustavo_bng_mos_a_nova_peneira.jpg\" alt=\"Gustavo BNG Mos A Nova Peneira\" class=\"wp-image-3079\" srcset=\"https:\/\/www.anovapeneira.gal\/wp-content\/uploads\/2020\/05\/gustavo_bng_mos_a_nova_peneira.jpg 720w, https:\/\/www.anovapeneira.gal\/wp-content\/uploads\/2020\/05\/gustavo_bng_mos_a_nova_peneira-300x180.jpg 300w\" sizes=\"auto, (max-width: 720px) 100vw, 720px\" \/><\/figure>\n\n\n\n<p>\u201c<strong>O ARQUIVO DESTA QUERELA \u00c9 A CR\u00d3NICA DUNHA MORTE ANUNCIADA\u201d<\/strong><\/p>\n\n\n\n<p><strong>Que valoraci\u00f3n fai o BNG do arquivo xudicial da querela presentada pola alcaldesa de Mos sobre o asunto das supostas facturas falsas de auga?<\/strong><\/p>\n\n\n\n<blockquote class=\"wp-block-quote is-layout-flow wp-block-quote-is-layout-flow\"><p>Ben, \u00e9 a cr\u00f3nica dunha morte anunciada. Xa desde o principio a alcaldesa e o grupo de goberno foron advertidos de que esa v\u00eda non ti\u00f1a percorrido, e que se trataba dunha fabulaci\u00f3n m\u00e1is das s\u00faas para tentar quitar r\u00e9dito pol\u00edtico. A conclusi\u00f3n deste episodio \u00e9 que a alcaldesa por unha cuesti\u00f3n puramente persoal contra a comunidade de Montes e as tra\u00eddas de augas est\u00e1 a gastar os cartos do concello. E xa non \u00e9 o primeiro rev\u00e9s xudicial que sofre a alcaldesa<\/p><\/blockquote>\n\n\n\n<p><strong>A que te refires?<\/strong><\/p>\n\n\n\n<blockquote class=\"wp-block-quote is-layout-flow wp-block-quote-is-layout-flow\"><p>Pois por exemplo \u00e1s protestas do multiusos e tam\u00e9n cando tentou acusar a uns veci\u00f1os que ti\u00f1an unhas faixas nas s\u00faas casas<\/p><\/blockquote>\n\n\n\n<p><strong>A alcaldesa de MOS utiliza a v\u00eda xudicial con obxecto de beneficiar os seus intereses pol\u00edticos?<\/strong><\/p>\n\n\n\n<blockquote class=\"wp-block-quote is-layout-flow wp-block-quote-is-layout-flow\"><p>Si, evidentemente, si. Fai un uso abusivo e partidista para ir en contra dunhas asociaci\u00f3ns que est\u00e1n en contra da aberraci\u00f3n urban\u00edstica que ser\u00eda o Centro Comercial en Tameiga.<\/p><\/blockquote>\n\n\n\n<p><strong>Non sei cal \u00e9 a t\u00faa opini\u00f3n pero eu te\u00f1o a sensaci\u00f3n de que a difusi\u00f3n medi\u00e1tica do resultado da querela foi moit\u00edsimo menor c\u00e1 que se lle deu \u00e1 s\u00faa presentaci\u00f3n?<\/strong><\/p>\n\n\n\n<blockquote class=\"wp-block-quote is-layout-flow wp-block-quote-is-layout-flow\"><p>Estou de acordo contigo. De feito nalg\u00fan medio sacaron a nova do arquivo porque a alcaldesa anunciou o recurso, sen\u00f3n non creo nin que sa\u00edra. S\u00f3 hai que ver o que se gasta o concello en publicidade en certos medios para darse de conta de por que acontecen estas cousas E asemade par\u00e9ceme moi interesante salientar a evoluci\u00f3n das declaraci\u00f3ns dalg\u00fans que antes do xu\u00edzo afirmaban categoricamente que estabamos ante un delito e diante da xu\u00edz xa non sab\u00edan nada e todo eran interrogantes<\/p><\/blockquote>\n\n\n\n<p><strong>O BNG vai desenvolver alg\u00fan tipo de iniciativa pol\u00edtica ao respecto deste tema?<\/strong><\/p>\n\n\n\n<blockquote class=\"wp-block-quote is-layout-flow wp-block-quote-is-layout-flow\"><p>Estamos traballando en diversas hip\u00f3teses pero si, algo faremos con seguridade. Cando menos, unha petici\u00f3n de desculpas si que lle imos facer<\/p><\/blockquote>\n","protected":false},"excerpt":{"rendered":"<div class=\"mh-excerpt\"><p>Como era previsible, para calquera que tivera ollos par ver e que non estivera fanatizado a priori, a querela que presentou a alcaldesa de Mos contra a comunidade de Montes de Tameiga, por algo que non parec\u00eda outra cousa ca uns billetes do monopoly, foi arquivada en primeira instancia <a class=\"mh-excerpt-more\" href=\"https:\/\/www.anovapeneira.gal\/index.php\/2020\/11\/30\/arquivada-a-querela-da-alcaldesa-de-mos-contra-a-comunidade-de-montes-de-tameiga-polo-caso-das-supostas-facturas-falsas-de-auga\/\" title=\"Arquivada a querela da Alcaldesa de Mos contra a Comunidade de Montes de Tameiga polo caso das supostas facturas falsas de auga\">[&#8230;]<\/a><\/p>\n<\/div>","protected":false},"author":3,"featured_media":3750,"comment_status":"open","ping_status":"open","sticky":false,"template":"","format":"standard","meta":{"_exactmetrics_skip_tracking":false,"_exactmetrics_sitenote_active":false,"_exactmetrics_sitenote_note":"","_exactmetrics_sitenote_category":0,"footnotes":""},"categories":[265],"tags":[218,273],"class_list":{"0":"post-4356","1":"post","2":"type-post","3":"status-publish","4":"format-standard","5":"has-post-thumbnail","7":"category-a-lourina-entrevistas","8":"tag-concello-de-mos","9":"tag-montes-de-tameiga"},"yoast_head":"<!-- This site is optimized with the Yoast SEO plugin v27.4 - https:\/\/yoast.com\/product\/yoast-seo-wordpress\/ -->\n<title>Arquivada a querela da Alcaldesa de Mos contra a Comunidade de Montes de Tameiga polo caso das supostas facturas falsas de auga -<\/title>\n<meta name=\"description\" content=\"Como era previsible, para calquera que tivera ollos par ver e que non estivera fanatizado a priori, a querela que presentou a alcaldesa de Mos contra a comunidade de Montes de Tameiga, por algo que non parec\u00eda outra cousa ca uns billetes do monopoly, foi arquivada en primeira instancia\" \/>\n<meta name=\"robots\" content=\"index, follow, max-snippet:-1, max-image-preview:large, max-video-preview:-1\" \/>\n<link rel=\"canonical\" href=\"https:\/\/www.anovapeneira.gal\/index.php\/2020\/11\/30\/arquivada-a-querela-da-alcaldesa-de-mos-contra-a-comunidade-de-montes-de-tameiga-polo-caso-das-supostas-facturas-falsas-de-auga\/\" \/>\n<meta property=\"og:locale\" content=\"gl_ES\" \/>\n<meta property=\"og:type\" content=\"article\" \/>\n<meta property=\"og:title\" content=\"Arquivada a querela da Alcaldesa de Mos contra a Comunidade de Montes de Tameiga polo caso das supostas facturas falsas de auga -\" \/>\n<meta property=\"og:description\" content=\"Como era previsible, para calquera que tivera ollos par ver e que non estivera fanatizado a priori, a querela que presentou a alcaldesa de Mos contra a comunidade de Montes de Tameiga, por algo que non parec\u00eda outra cousa ca uns billetes do monopoly, foi arquivada en primeira instancia\" \/>\n<meta property=\"og:url\" content=\"https:\/\/www.anovapeneira.gal\/index.php\/2020\/11\/30\/arquivada-a-querela-da-alcaldesa-de-mos-contra-a-comunidade-de-montes-de-tameiga-polo-caso-das-supostas-facturas-falsas-de-auga\/\" \/>\n<meta property=\"article:publisher\" content=\"https:\/\/www.facebook.com\/anovapeneira\" \/>\n<meta property=\"article:published_time\" content=\"2020-11-30T09:00:40+00:00\" \/>\n<meta property=\"og:image\" content=\"https:\/\/www.anovapeneira.gal\/wp-content\/uploads\/2020\/08\/VIKI-PSOE-MOS_a_nova_peneira.jpg\" \/>\n\t<meta property=\"og:image:width\" content=\"720\" \/>\n\t<meta property=\"og:image:height\" content=\"432\" \/>\n\t<meta property=\"og:image:type\" content=\"image\/jpeg\" \/>\n<meta name=\"author\" content=\"Redacci\u00f3n A Nova Peneira\" \/>\n<meta name=\"twitter:card\" content=\"summary_large_image\" \/>\n<meta name=\"twitter:creator\" content=\"@APeneira\" \/>\n<meta name=\"twitter:site\" content=\"@APeneira\" \/>\n<meta name=\"twitter:label1\" content=\"Escrito por\" \/>\n\t<meta name=\"twitter:data1\" content=\"Redacci\u00f3n A Nova Peneira\" \/>\n\t<meta name=\"twitter:label2\" content=\"Tempo de lectura\" \/>\n\t<meta name=\"twitter:data2\" content=\"5 minutos\" \/>\n<script type=\"application\/ld+json\" class=\"yoast-schema-graph\">{\"@context\":\"https:\\\/\\\/schema.org\",\"@graph\":[{\"@type\":\"Article\",\"@id\":\"https:\\\/\\\/www.anovapeneira.gal\\\/index.php\\\/2020\\\/11\\\/30\\\/arquivada-a-querela-da-alcaldesa-de-mos-contra-a-comunidade-de-montes-de-tameiga-polo-caso-das-supostas-facturas-falsas-de-auga\\\/#article\",\"isPartOf\":{\"@id\":\"https:\\\/\\\/www.anovapeneira.gal\\\/index.php\\\/2020\\\/11\\\/30\\\/arquivada-a-querela-da-alcaldesa-de-mos-contra-a-comunidade-de-montes-de-tameiga-polo-caso-das-supostas-facturas-falsas-de-auga\\\/\"},\"author\":{\"name\":\"Redacci\u00f3n A Nova Peneira\",\"@id\":\"https:\\\/\\\/www.anovapeneira.gal\\\/#\\\/schema\\\/person\\\/b93e3f8932e3f8da96334607eb6ac6aa\"},\"headline\":\"Arquivada a querela da Alcaldesa de Mos contra a Comunidade de Montes de Tameiga polo caso das supostas facturas falsas de auga\",\"datePublished\":\"2020-11-30T09:00:40+00:00\",\"mainEntityOfPage\":{\"@id\":\"https:\\\/\\\/www.anovapeneira.gal\\\/index.php\\\/2020\\\/11\\\/30\\\/arquivada-a-querela-da-alcaldesa-de-mos-contra-a-comunidade-de-montes-de-tameiga-polo-caso-das-supostas-facturas-falsas-de-auga\\\/\"},\"wordCount\":998,\"commentCount\":0,\"publisher\":{\"@id\":\"https:\\\/\\\/www.anovapeneira.gal\\\/#organization\"},\"image\":{\"@id\":\"https:\\\/\\\/www.anovapeneira.gal\\\/index.php\\\/2020\\\/11\\\/30\\\/arquivada-a-querela-da-alcaldesa-de-mos-contra-a-comunidade-de-montes-de-tameiga-polo-caso-das-supostas-facturas-falsas-de-auga\\\/#primaryimage\"},\"thumbnailUrl\":\"https:\\\/\\\/www.anovapeneira.gal\\\/wp-content\\\/uploads\\\/2020\\\/08\\\/VIKI-PSOE-MOS_a_nova_peneira.jpg\",\"keywords\":[\"Concello de Mos\",\"Montes de Tameiga\"],\"articleSection\":[\"A Louri\u00f1a\"],\"inLanguage\":\"gl-ES\",\"potentialAction\":[{\"@type\":\"CommentAction\",\"name\":\"Comment\",\"target\":[\"https:\\\/\\\/www.anovapeneira.gal\\\/index.php\\\/2020\\\/11\\\/30\\\/arquivada-a-querela-da-alcaldesa-de-mos-contra-a-comunidade-de-montes-de-tameiga-polo-caso-das-supostas-facturas-falsas-de-auga\\\/#respond\"]}]},{\"@type\":\"WebPage\",\"@id\":\"https:\\\/\\\/www.anovapeneira.gal\\\/index.php\\\/2020\\\/11\\\/30\\\/arquivada-a-querela-da-alcaldesa-de-mos-contra-a-comunidade-de-montes-de-tameiga-polo-caso-das-supostas-facturas-falsas-de-auga\\\/\",\"url\":\"https:\\\/\\\/www.anovapeneira.gal\\\/index.php\\\/2020\\\/11\\\/30\\\/arquivada-a-querela-da-alcaldesa-de-mos-contra-a-comunidade-de-montes-de-tameiga-polo-caso-das-supostas-facturas-falsas-de-auga\\\/\",\"name\":\"Arquivada a querela da Alcaldesa de Mos contra a Comunidade de Montes de Tameiga polo caso das supostas facturas falsas de auga -\",\"isPartOf\":{\"@id\":\"https:\\\/\\\/www.anovapeneira.gal\\\/#website\"},\"primaryImageOfPage\":{\"@id\":\"https:\\\/\\\/www.anovapeneira.gal\\\/index.php\\\/2020\\\/11\\\/30\\\/arquivada-a-querela-da-alcaldesa-de-mos-contra-a-comunidade-de-montes-de-tameiga-polo-caso-das-supostas-facturas-falsas-de-auga\\\/#primaryimage\"},\"image\":{\"@id\":\"https:\\\/\\\/www.anovapeneira.gal\\\/index.php\\\/2020\\\/11\\\/30\\\/arquivada-a-querela-da-alcaldesa-de-mos-contra-a-comunidade-de-montes-de-tameiga-polo-caso-das-supostas-facturas-falsas-de-auga\\\/#primaryimage\"},\"thumbnailUrl\":\"https:\\\/\\\/www.anovapeneira.gal\\\/wp-content\\\/uploads\\\/2020\\\/08\\\/VIKI-PSOE-MOS_a_nova_peneira.jpg\",\"datePublished\":\"2020-11-30T09:00:40+00:00\",\"description\":\"Como era previsible, para calquera que tivera ollos par ver e que non estivera fanatizado a priori, a querela que presentou a alcaldesa de Mos contra a comunidade de Montes de Tameiga, por algo que non parec\u00eda outra cousa ca uns billetes do monopoly, foi arquivada en primeira instancia\",\"breadcrumb\":{\"@id\":\"https:\\\/\\\/www.anovapeneira.gal\\\/index.php\\\/2020\\\/11\\\/30\\\/arquivada-a-querela-da-alcaldesa-de-mos-contra-a-comunidade-de-montes-de-tameiga-polo-caso-das-supostas-facturas-falsas-de-auga\\\/#breadcrumb\"},\"inLanguage\":\"gl-ES\",\"potentialAction\":[{\"@type\":\"ReadAction\",\"target\":[\"https:\\\/\\\/www.anovapeneira.gal\\\/index.php\\\/2020\\\/11\\\/30\\\/arquivada-a-querela-da-alcaldesa-de-mos-contra-a-comunidade-de-montes-de-tameiga-polo-caso-das-supostas-facturas-falsas-de-auga\\\/\"]}]},{\"@type\":\"ImageObject\",\"inLanguage\":\"gl-ES\",\"@id\":\"https:\\\/\\\/www.anovapeneira.gal\\\/index.php\\\/2020\\\/11\\\/30\\\/arquivada-a-querela-da-alcaldesa-de-mos-contra-a-comunidade-de-montes-de-tameiga-polo-caso-das-supostas-facturas-falsas-de-auga\\\/#primaryimage\",\"url\":\"https:\\\/\\\/www.anovapeneira.gal\\\/wp-content\\\/uploads\\\/2020\\\/08\\\/VIKI-PSOE-MOS_a_nova_peneira.jpg\",\"contentUrl\":\"https:\\\/\\\/www.anovapeneira.gal\\\/wp-content\\\/uploads\\\/2020\\\/08\\\/VIKI-PSOE-MOS_a_nova_peneira.jpg\",\"width\":720,\"height\":432,\"caption\":\"Vitoria Alonso voceira do PSDEG en Mos\"},{\"@type\":\"BreadcrumbList\",\"@id\":\"https:\\\/\\\/www.anovapeneira.gal\\\/index.php\\\/2020\\\/11\\\/30\\\/arquivada-a-querela-da-alcaldesa-de-mos-contra-a-comunidade-de-montes-de-tameiga-polo-caso-das-supostas-facturas-falsas-de-auga\\\/#breadcrumb\",\"itemListElement\":[{\"@type\":\"ListItem\",\"position\":1,\"name\":\"Portada\",\"item\":\"https:\\\/\\\/www.anovapeneira.gal\\\/\"},{\"@type\":\"ListItem\",\"position\":2,\"name\":\"Arquivada a querela da Alcaldesa de Mos contra a Comunidade de Montes de Tameiga polo caso das supostas facturas falsas de auga\"}]},{\"@type\":\"WebSite\",\"@id\":\"https:\\\/\\\/www.anovapeneira.gal\\\/#website\",\"url\":\"https:\\\/\\\/www.anovapeneira.gal\\\/\",\"name\":\"\",\"description\":\"Xornal galego de informaci\u00f3n xeral Publicaci\u00f3n mensual de novas de Galicia e en especial dos Concellos da sur da provincia de Pontevedra.\",\"publisher\":{\"@id\":\"https:\\\/\\\/www.anovapeneira.gal\\\/#organization\"},\"potentialAction\":[{\"@type\":\"SearchAction\",\"target\":{\"@type\":\"EntryPoint\",\"urlTemplate\":\"https:\\\/\\\/www.anovapeneira.gal\\\/?s={search_term_string}\"},\"query-input\":{\"@type\":\"PropertyValueSpecification\",\"valueRequired\":true,\"valueName\":\"search_term_string\"}}],\"inLanguage\":\"gl-ES\"},{\"@type\":\"Organization\",\"@id\":\"https:\\\/\\\/www.anovapeneira.gal\\\/#organization\",\"name\":\"A Nova Peneira\",\"url\":\"https:\\\/\\\/www.anovapeneira.gal\\\/\",\"logo\":{\"@type\":\"ImageObject\",\"inLanguage\":\"gl-ES\",\"@id\":\"https:\\\/\\\/www.anovapeneira.gal\\\/#\\\/schema\\\/logo\\\/image\\\/\",\"url\":\"http:\\\/\\\/www.anovapeneira.gal\\\/wp-content\\\/uploads\\\/2019\\\/06\\\/logo_a_nova_peneira_portal_web.png\",\"contentUrl\":\"http:\\\/\\\/www.anovapeneira.gal\\\/wp-content\\\/uploads\\\/2019\\\/06\\\/logo_a_nova_peneira_portal_web.png\",\"width\":300,\"height\":100,\"caption\":\"A Nova Peneira\"},\"image\":{\"@id\":\"https:\\\/\\\/www.anovapeneira.gal\\\/#\\\/schema\\\/logo\\\/image\\\/\"},\"sameAs\":[\"https:\\\/\\\/www.facebook.com\\\/anovapeneira\",\"https:\\\/\\\/x.com\\\/APeneira\"]},{\"@type\":\"Person\",\"@id\":\"https:\\\/\\\/www.anovapeneira.gal\\\/#\\\/schema\\\/person\\\/b93e3f8932e3f8da96334607eb6ac6aa\",\"name\":\"Redacci\u00f3n A Nova Peneira\",\"image\":{\"@type\":\"ImageObject\",\"inLanguage\":\"gl-ES\",\"@id\":\"https:\\\/\\\/secure.gravatar.com\\\/avatar\\\/c052a2551a06e23fac63626232eaa90abd78dbcf1700fc46a2b2c89fd27b735f?s=96&d=mm&r=g\",\"url\":\"https:\\\/\\\/secure.gravatar.com\\\/avatar\\\/c052a2551a06e23fac63626232eaa90abd78dbcf1700fc46a2b2c89fd27b735f?s=96&d=mm&r=g\",\"contentUrl\":\"https:\\\/\\\/secure.gravatar.com\\\/avatar\\\/c052a2551a06e23fac63626232eaa90abd78dbcf1700fc46a2b2c89fd27b735f?s=96&d=mm&r=g\",\"caption\":\"Redacci\u00f3n A Nova Peneira\"},\"sameAs\":[\"http:\\\/\\\/www.anovapeneira.gal\\\/\"],\"url\":\"https:\\\/\\\/www.anovapeneira.gal\\\/index.php\\\/author\\\/redactor\\\/\"}]}<\/script>\n<!-- \/ Yoast SEO plugin. -->","yoast_head_json":{"title":"Arquivada a querela da Alcaldesa de Mos contra a Comunidade de Montes de Tameiga polo caso das supostas facturas falsas de auga -","description":"Como era previsible, para calquera que tivera ollos par ver e que non estivera fanatizado a priori, a querela que presentou a alcaldesa de Mos contra a comunidade de Montes de Tameiga, por algo que non parec\u00eda outra cousa ca uns billetes do monopoly, foi arquivada en primeira instancia","robots":{"index":"index","follow":"follow","max-snippet":"max-snippet:-1","max-image-preview":"max-image-preview:large","max-video-preview":"max-video-preview:-1"},"canonical":"https:\/\/www.anovapeneira.gal\/index.php\/2020\/11\/30\/arquivada-a-querela-da-alcaldesa-de-mos-contra-a-comunidade-de-montes-de-tameiga-polo-caso-das-supostas-facturas-falsas-de-auga\/","og_locale":"gl_ES","og_type":"article","og_title":"Arquivada a querela da Alcaldesa de Mos contra a Comunidade de Montes de Tameiga polo caso das supostas facturas falsas de auga -","og_description":"Como era previsible, para calquera que tivera ollos par ver e que non estivera fanatizado a priori, a querela que presentou a alcaldesa de Mos contra a comunidade de Montes de Tameiga, por algo que non parec\u00eda outra cousa ca uns billetes do monopoly, foi arquivada en primeira instancia","og_url":"https:\/\/www.anovapeneira.gal\/index.php\/2020\/11\/30\/arquivada-a-querela-da-alcaldesa-de-mos-contra-a-comunidade-de-montes-de-tameiga-polo-caso-das-supostas-facturas-falsas-de-auga\/","article_publisher":"https:\/\/www.facebook.com\/anovapeneira","article_published_time":"2020-11-30T09:00:40+00:00","og_image":[{"width":720,"height":432,"url":"https:\/\/www.anovapeneira.gal\/wp-content\/uploads\/2020\/08\/VIKI-PSOE-MOS_a_nova_peneira.jpg","type":"image\/jpeg"}],"author":"Redacci\u00f3n A Nova Peneira","twitter_card":"summary_large_image","twitter_creator":"@APeneira","twitter_site":"@APeneira","twitter_misc":{"Escrito por":"Redacci\u00f3n A Nova Peneira","Tempo de lectura":"5 minutos"},"schema":{"@context":"https:\/\/schema.org","@graph":[{"@type":"Article","@id":"https:\/\/www.anovapeneira.gal\/index.php\/2020\/11\/30\/arquivada-a-querela-da-alcaldesa-de-mos-contra-a-comunidade-de-montes-de-tameiga-polo-caso-das-supostas-facturas-falsas-de-auga\/#article","isPartOf":{"@id":"https:\/\/www.anovapeneira.gal\/index.php\/2020\/11\/30\/arquivada-a-querela-da-alcaldesa-de-mos-contra-a-comunidade-de-montes-de-tameiga-polo-caso-das-supostas-facturas-falsas-de-auga\/"},"author":{"name":"Redacci\u00f3n A Nova Peneira","@id":"https:\/\/www.anovapeneira.gal\/#\/schema\/person\/b93e3f8932e3f8da96334607eb6ac6aa"},"headline":"Arquivada a querela da Alcaldesa de Mos contra a Comunidade de Montes de Tameiga polo caso das supostas facturas falsas de auga","datePublished":"2020-11-30T09:00:40+00:00","mainEntityOfPage":{"@id":"https:\/\/www.anovapeneira.gal\/index.php\/2020\/11\/30\/arquivada-a-querela-da-alcaldesa-de-mos-contra-a-comunidade-de-montes-de-tameiga-polo-caso-das-supostas-facturas-falsas-de-auga\/"},"wordCount":998,"commentCount":0,"publisher":{"@id":"https:\/\/www.anovapeneira.gal\/#organization"},"image":{"@id":"https:\/\/www.anovapeneira.gal\/index.php\/2020\/11\/30\/arquivada-a-querela-da-alcaldesa-de-mos-contra-a-comunidade-de-montes-de-tameiga-polo-caso-das-supostas-facturas-falsas-de-auga\/#primaryimage"},"thumbnailUrl":"https:\/\/www.anovapeneira.gal\/wp-content\/uploads\/2020\/08\/VIKI-PSOE-MOS_a_nova_peneira.jpg","keywords":["Concello de Mos","Montes de Tameiga"],"articleSection":["A Louri\u00f1a"],"inLanguage":"gl-ES","potentialAction":[{"@type":"CommentAction","name":"Comment","target":["https:\/\/www.anovapeneira.gal\/index.php\/2020\/11\/30\/arquivada-a-querela-da-alcaldesa-de-mos-contra-a-comunidade-de-montes-de-tameiga-polo-caso-das-supostas-facturas-falsas-de-auga\/#respond"]}]},{"@type":"WebPage","@id":"https:\/\/www.anovapeneira.gal\/index.php\/2020\/11\/30\/arquivada-a-querela-da-alcaldesa-de-mos-contra-a-comunidade-de-montes-de-tameiga-polo-caso-das-supostas-facturas-falsas-de-auga\/","url":"https:\/\/www.anovapeneira.gal\/index.php\/2020\/11\/30\/arquivada-a-querela-da-alcaldesa-de-mos-contra-a-comunidade-de-montes-de-tameiga-polo-caso-das-supostas-facturas-falsas-de-auga\/","name":"Arquivada a querela da Alcaldesa de Mos contra a Comunidade de Montes de Tameiga polo caso das supostas facturas falsas de auga -","isPartOf":{"@id":"https:\/\/www.anovapeneira.gal\/#website"},"primaryImageOfPage":{"@id":"https:\/\/www.anovapeneira.gal\/index.php\/2020\/11\/30\/arquivada-a-querela-da-alcaldesa-de-mos-contra-a-comunidade-de-montes-de-tameiga-polo-caso-das-supostas-facturas-falsas-de-auga\/#primaryimage"},"image":{"@id":"https:\/\/www.anovapeneira.gal\/index.php\/2020\/11\/30\/arquivada-a-querela-da-alcaldesa-de-mos-contra-a-comunidade-de-montes-de-tameiga-polo-caso-das-supostas-facturas-falsas-de-auga\/#primaryimage"},"thumbnailUrl":"https:\/\/www.anovapeneira.gal\/wp-content\/uploads\/2020\/08\/VIKI-PSOE-MOS_a_nova_peneira.jpg","datePublished":"2020-11-30T09:00:40+00:00","description":"Como era previsible, para calquera que tivera ollos par ver e que non estivera fanatizado a priori, a querela que presentou a alcaldesa de Mos contra a comunidade de Montes de Tameiga, por algo que non parec\u00eda outra cousa ca uns billetes do monopoly, foi arquivada en primeira instancia","breadcrumb":{"@id":"https:\/\/www.anovapeneira.gal\/index.php\/2020\/11\/30\/arquivada-a-querela-da-alcaldesa-de-mos-contra-a-comunidade-de-montes-de-tameiga-polo-caso-das-supostas-facturas-falsas-de-auga\/#breadcrumb"},"inLanguage":"gl-ES","potentialAction":[{"@type":"ReadAction","target":["https:\/\/www.anovapeneira.gal\/index.php\/2020\/11\/30\/arquivada-a-querela-da-alcaldesa-de-mos-contra-a-comunidade-de-montes-de-tameiga-polo-caso-das-supostas-facturas-falsas-de-auga\/"]}]},{"@type":"ImageObject","inLanguage":"gl-ES","@id":"https:\/\/www.anovapeneira.gal\/index.php\/2020\/11\/30\/arquivada-a-querela-da-alcaldesa-de-mos-contra-a-comunidade-de-montes-de-tameiga-polo-caso-das-supostas-facturas-falsas-de-auga\/#primaryimage","url":"https:\/\/www.anovapeneira.gal\/wp-content\/uploads\/2020\/08\/VIKI-PSOE-MOS_a_nova_peneira.jpg","contentUrl":"https:\/\/www.anovapeneira.gal\/wp-content\/uploads\/2020\/08\/VIKI-PSOE-MOS_a_nova_peneira.jpg","width":720,"height":432,"caption":"Vitoria Alonso voceira do PSDEG en Mos"},{"@type":"BreadcrumbList","@id":"https:\/\/www.anovapeneira.gal\/index.php\/2020\/11\/30\/arquivada-a-querela-da-alcaldesa-de-mos-contra-a-comunidade-de-montes-de-tameiga-polo-caso-das-supostas-facturas-falsas-de-auga\/#breadcrumb","itemListElement":[{"@type":"ListItem","position":1,"name":"Portada","item":"https:\/\/www.anovapeneira.gal\/"},{"@type":"ListItem","position":2,"name":"Arquivada a querela da Alcaldesa de Mos contra a Comunidade de Montes de Tameiga polo caso das supostas facturas falsas de auga"}]},{"@type":"WebSite","@id":"https:\/\/www.anovapeneira.gal\/#website","url":"https:\/\/www.anovapeneira.gal\/","name":"","description":"Xornal galego de informaci\u00f3n xeral Publicaci\u00f3n mensual de novas de Galicia e en especial dos Concellos da sur da provincia de Pontevedra.","publisher":{"@id":"https:\/\/www.anovapeneira.gal\/#organization"},"potentialAction":[{"@type":"SearchAction","target":{"@type":"EntryPoint","urlTemplate":"https:\/\/www.anovapeneira.gal\/?s={search_term_string}"},"query-input":{"@type":"PropertyValueSpecification","valueRequired":true,"valueName":"search_term_string"}}],"inLanguage":"gl-ES"},{"@type":"Organization","@id":"https:\/\/www.anovapeneira.gal\/#organization","name":"A Nova Peneira","url":"https:\/\/www.anovapeneira.gal\/","logo":{"@type":"ImageObject","inLanguage":"gl-ES","@id":"https:\/\/www.anovapeneira.gal\/#\/schema\/logo\/image\/","url":"http:\/\/www.anovapeneira.gal\/wp-content\/uploads\/2019\/06\/logo_a_nova_peneira_portal_web.png","contentUrl":"http:\/\/www.anovapeneira.gal\/wp-content\/uploads\/2019\/06\/logo_a_nova_peneira_portal_web.png","width":300,"height":100,"caption":"A Nova Peneira"},"image":{"@id":"https:\/\/www.anovapeneira.gal\/#\/schema\/logo\/image\/"},"sameAs":["https:\/\/www.facebook.com\/anovapeneira","https:\/\/x.com\/APeneira"]},{"@type":"Person","@id":"https:\/\/www.anovapeneira.gal\/#\/schema\/person\/b93e3f8932e3f8da96334607eb6ac6aa","name":"Redacci\u00f3n A Nova Peneira","image":{"@type":"ImageObject","inLanguage":"gl-ES","@id":"https:\/\/secure.gravatar.com\/avatar\/c052a2551a06e23fac63626232eaa90abd78dbcf1700fc46a2b2c89fd27b735f?s=96&d=mm&r=g","url":"https:\/\/secure.gravatar.com\/avatar\/c052a2551a06e23fac63626232eaa90abd78dbcf1700fc46a2b2c89fd27b735f?s=96&d=mm&r=g","contentUrl":"https:\/\/secure.gravatar.com\/avatar\/c052a2551a06e23fac63626232eaa90abd78dbcf1700fc46a2b2c89fd27b735f?s=96&d=mm&r=g","caption":"Redacci\u00f3n A Nova Peneira"},"sameAs":["http:\/\/www.anovapeneira.gal\/"],"url":"https:\/\/www.anovapeneira.gal\/index.php\/author\/redactor\/"}]}},"jetpack_featured_media_url":"https:\/\/www.anovapeneira.gal\/wp-content\/uploads\/2020\/08\/VIKI-PSOE-MOS_a_nova_peneira.jpg","_links":{"self":[{"href":"https:\/\/www.anovapeneira.gal\/index.php\/wp-json\/wp\/v2\/posts\/4356","targetHints":{"allow":["GET"]}}],"collection":[{"href":"https:\/\/www.anovapeneira.gal\/index.php\/wp-json\/wp\/v2\/posts"}],"about":[{"href":"https:\/\/www.anovapeneira.gal\/index.php\/wp-json\/wp\/v2\/types\/post"}],"author":[{"embeddable":true,"href":"https:\/\/www.anovapeneira.gal\/index.php\/wp-json\/wp\/v2\/users\/3"}],"replies":[{"embeddable":true,"href":"https:\/\/www.anovapeneira.gal\/index.php\/wp-json\/wp\/v2\/comments?post=4356"}],"version-history":[{"count":2,"href":"https:\/\/www.anovapeneira.gal\/index.php\/wp-json\/wp\/v2\/posts\/4356\/revisions"}],"predecessor-version":[{"id":4358,"href":"https:\/\/www.anovapeneira.gal\/index.php\/wp-json\/wp\/v2\/posts\/4356\/revisions\/4358"}],"wp:featuredmedia":[{"embeddable":true,"href":"https:\/\/www.anovapeneira.gal\/index.php\/wp-json\/wp\/v2\/media\/3750"}],"wp:attachment":[{"href":"https:\/\/www.anovapeneira.gal\/index.php\/wp-json\/wp\/v2\/media?parent=4356"}],"wp:term":[{"taxonomy":"category","embeddable":true,"href":"https:\/\/www.anovapeneira.gal\/index.php\/wp-json\/wp\/v2\/categories?post=4356"},{"taxonomy":"post_tag","embeddable":true,"href":"https:\/\/www.anovapeneira.gal\/index.php\/wp-json\/wp\/v2\/tags?post=4356"}],"curies":[{"name":"wp","href":"https:\/\/api.w.org\/{rel}","templated":true}]}}