{"id":4362,"date":"2020-12-01T10:00:45","date_gmt":"2020-12-01T09:00:45","guid":{"rendered":"http:\/\/www.anovapeneira.gal\/?p=4362"},"modified":"2020-11-29T19:49:32","modified_gmt":"2020-11-29T18:49:32","slug":"a-cercania-dos-aeroxeneradores-aos-nucleos-de-poboacion-afectara-gravemente-a-calidade-de-vida-en-banzas-polo-ruido-das-pas","status":"publish","type":"post","link":"https:\/\/www.anovapeneira.gal\/index.php\/2020\/12\/01\/a-cercania-dos-aeroxeneradores-aos-nucleos-de-poboacion-afectara-gravemente-a-calidade-de-vida-en-banzas-polo-ruido-das-pas\/","title":{"rendered":"A cercan\u00eda dos aeroxeneradores aos nucleos de poboaci\u00f3n afectar\u00e1 gravemente a calidade de vida en Banzas polo ru\u00eddo das pas"},"content":{"rendered":"\n<ul class=\"wp-block-list\"><li><strong>Ecoloxistas en Acci\u00f3n denuncia o grave prexu\u00edzo para a calidade de vida dos case 3 mil de veci\u00f1os de Banzas e a s\u00faa contorna&nbsp; (Guende, Lourido,&nbsp; Campolongo, Vilar de arriba, Vilar de abaixo, Cabana moura, Couso de arriba e Couso de abaixo) que causar\u00e1 o proxectado Parque e\u00f3lico Banzas ao ubicar os aereoxeneredores moi preto dos nucleos de poboaci\u00f3n.&nbsp;<\/strong><\/li><li><strong>A organizaci\u00f3n ecoloxista galega sinala que o ru\u00eddo das pas, d\u00eda e noite, producido por uns aereoxeneradores situados menos de mil metros das casas, nalg\u00fan caso a s\u00f3 500m,&nbsp; mermar\u00e1 a sa\u00fade e calidade de vida da veci\u00f1anza afectada.<\/strong><\/li><li><strong>Ecoloxistas en Acci\u00f3n solicita \u00e1 Xunta o rexeitamento do proxecto do parque e\u00f3lico Banzas, nos concellos de Outes, Negreira e Mazaricos (A Coru\u00f1a) polo seu severo iimpacto ac\u00fastico e paisax\u00edstico.<\/strong><\/li><li><strong>A organizaci\u00f3n ecoloxista ve un autentico desprop\u00f3sito proxectar catro parques e\u00f3licos (Sancosemeiro, Alvite I, Alvie II) xunto co de Banzas nunha contorna na que xa hai dous proxectos en tramitaci\u00f3n (Outes e&nbsp; A Picota) e dous explotaci\u00f3ns en funcionamento actualmente (Serra de Outes e Corz\u00e1n). Ecoloxistas en Acci\u00f3n&nbsp; resalta que esta concentraci\u00f3n de aereoxeneradores sumada ao impacto das acometidas de alta tensi\u00f3n para evacuar a enerx\u00eda el\u00e9ctrica acarrear\u00e1 irreparables consecuencias a o ecosistema da zona.<\/strong><\/li><\/ul>\n\n\n\n<p><br>Ecoloxistas en Acci\u00f3n alerta que c\u00f3mpre analizar os efectos ocasionados polo novo parque de maneira individual e de maneira colectiva coas instalaci\u00f3ns do mesmo tipo xa existentes. Os principais efectos sin\u00e9rxicos non s\u00f3 se poden desenvolver sobre a paisaxe e a avifauna, como indica a mercantil promotora, sen\u00f3n tam\u00e9n e ante todo, para a poboaci\u00f3n dos n\u00facleos implicados e directamente afectados. Se o impacto ac\u00fastico era xa severo para os n\u00facleos poboacionais sinalados anteriormente, ao ter en conta os numerosos parques e\u00f3licos proxectados e en funcionamento, os efectos e impactos acum\u00falanse e sobredimensi\u00f3nanse considerablemente e multiplicando o risco de colisi\u00f3n da avifauna. E isto non est\u00e1 correctamente avaliado en detalle. Ao anterior hai que engadir as li\u00f1as de alta tensi\u00f3n e de evacuaci\u00f3n previstas e en funcionamento<\/p>\n\n\n\n<ol class=\"wp-block-list\" type=\"1\"><li>Proxecto e\u00f3lico Sancosmeiro que afecta aos municipios de Outes e Mazaricos, con 8 aeroxeneradores e 36 MW, a 4.332 metros.<\/li><li>Proxecto e\u00f3lico Alvite I que afecta aos municipios de Mazaricos e Negreira, con 12 aeroxeneradores e 41, 4 MW de potencia instalada a 2.925 metros.<\/li><li>Proxecto e\u00f3lico Alvite II que afecta aos municipios de Mazaricos, Negreira e Santa Comba con 6 aeroxeneradores e 27 MW de potencia instalada, ubicado a 4.967 metros.<\/li><li>Proxecto e\u00f3lico Outes, en tramitaci\u00f3n, a 1.836 metros.<\/li><li>Proxecto e\u00f3lico A Picota, en tramitaci\u00f3n, a 2.964 metros.<\/li><li>Explotaci\u00f3n Parque e\u00f3lico Serra de Outes en funcionamento a tan s\u00f3 938 metros do proxecto e\u00f3lico Banzas.<\/li><li>Explotaci\u00f3n Parque e\u00f3lico Corz\u00e1n, en explotaci\u00f3n, a 2.972 metros.<\/li><li>Li\u00f1as de Alta Tensi\u00f3n previstas para cada un dos parques.<\/li><\/ol>\n\n\n\n<blockquote class=\"wp-block-quote is-layout-flow wp-block-quote-is-layout-flow\"><p><strong><\/strong><\/p><\/blockquote>\n\n\n\n<ul class=\"wp-block-list\"><li>&nbsp;MAZARICOS&nbsp;<\/li><\/ul>\n\n\n\n<ul class=\"wp-block-list\"><li>Maro\u00f1as 300<\/li><li>Eiron.&nbsp;&nbsp;&nbsp;&nbsp;&nbsp; 255<\/li><li>Chac\u00edn.&nbsp;&nbsp; 612<\/li><li>NEGREIRA<\/li><\/ul>\n\n\n\n<ul class=\"wp-block-list\"><li>Campolongo 168<\/li><li>San Pedro de Bugallido 185<\/li><li>Santo Tom\u00e9 de Alvite 250<\/li><\/ul>\n\n\n\n<p>OUTES<\/p>\n\n\n\n<ul class=\"wp-block-list\"><li>San Orente de Out\u00edns 632<\/li><li>San Lourenzo 179<\/li><li>Valadares.&nbsp;&nbsp;&nbsp;&nbsp;&nbsp;&nbsp; 315<br><strong>&nbsp;TOTAL:&nbsp; 2.671 HABITANTES<\/strong><\/li><\/ul>\n\n\n\n<p><br>Segundo a organizaci\u00f3n ecoloxistas \u00e9 inadmisible o c\u00famulo de impactos severos que o proxecto do parque e\u00f3lico Banzas prev\u00e9 na \u00e1rea da s\u00faa influencia. Ning\u00fan ser humano merece vivir e desarrollarse na \u00e1rea de influencia de tantos parques e\u00f3licos e exposto aos impactos ac\u00fasticos e paisax\u00edsticos de todos eles. En calquer caso, a veci\u00f1anza afectada debe ser consultada sobre a aceptaci\u00f3n ou non deste proxecto, que pode marcar un antes e un despois nas s\u00faas vidas, tendo en conta ademais que o proxecto non prev\u00e9 retorno social alg\u00fan que vaia a mellorar a vida das poboaci\u00f3ns afectadas. Polo tanto, a empresa debe consultar \u00e1 veci\u00f1anza de Outes, Mazaricos e Negreira para co\u00f1ecer se contan ou non coa necesaria licencia social para un proxecto tan agresivo coa entorna na que desarrollan as s\u00faas vidas.<br><br>Ecoloxistas en Acci\u00f3n sinala que a afecci\u00f3n dos aeroxeradores sobre a fauna non se reduce exclusivamente ao risco de colisi\u00f3n de aves coas pas, sen\u00f3n que tam\u00e9n pode chegar a producir unha importante alteraci\u00f3n na utilizaci\u00f3n do medio por parte da fauna que poboa a zona, en especial das aves, as\u00ed como cambios no seu comportamento. Este efecto orix\u00ednase polos impactos ac\u00fastico e visual producidos polos aeroxeradores, non resultando posible aceptar, como indica a mercantil promotora, que isto sexa unha medida de precauci\u00f3n das especies que habitan na zona. Deste xeito red\u00facese biodiversidade ao afectar \u00e1 \u00e1rea de alimentaci\u00f3n e dispersi\u00f3n de certas especies, ou a alterar a li\u00f1a e altura de voo de certas especies de aves migratorias, etc. En canto \u00e1 posibilidade de que se configure un espazo baleiro na zona, \u00e9 dicir, que se produza escaseza de aves por alteraci\u00f3n na utilizaci\u00f3n do medio, as\u00ed como un cambio substancial no seu comportamento \u00e9 moi probable que se produza<br><br><strong>[CARACTER\u00cdSTICAS DO PROXECTO E\u00d3LICO]&nbsp;<\/strong>O parque e\u00f3lico Banzas constar\u00e1 de 9 aeroxeradores G132 ou similar de ata 3,465 MW de potencia unitaria, cunha potencia de conxunto de 31,185 MW. Cada aeroxerador dispo\u00f1er\u00e1 do seu propio transformador que entregar\u00e1 a potencia xerada \u00e1 rede de interconexi\u00f3n interna do parque e\u00f3lico de media tensi\u00f3n (30 kV). Esta rede interna conducir\u00e1 a enerx\u00eda ata a subestaci\u00f3n transformadora 30\/132 kV do parque e\u00f3lico, onde se elevar\u00e1 o nivel de tensi\u00f3n de 30 kV \u00e1 de transporte, 132 kV. A enerx\u00eda el\u00e9ctrica evacuarase mediante unha Li\u00f1a A\u00e9rea \u00e1 tensi\u00f3n de 132 kV ata a s\u00faa conexi\u00f3n coa subestaci\u00f3n colectora de Lousame 132\/220 kV. O proxecto tam\u00e9n contempla a instalaci\u00f3n dunha torre meteorol\u00f3xica de medici\u00f3n.<br><br><strong>[LOCALIZACI\u00d3N DO PROXECTO]&nbsp;<\/strong>A zona de afecci\u00f3n est\u00e9ndese, desde un punto de vista hidrogr\u00e1fico, entre a conca do R\u00edo Tines, polo oeste, pertencente \u00e1 conca da R\u00eda de Muros e Noia, e a conca do R\u00edo Tambre polo leste. O \u00e1mbito de estudo onde est\u00e1 situado o parque e\u00f3lico Banzas at\u00f3pase a m\u00e1is de 6 km de calquera \u00e1rea protexida inclu\u00edda en Rede Natura 2000 e na Rede de Espazos Protexidos de Galicia. O Plan Director da Rede Natura 2000 de Galicia \u00e9 o instrumento b\u00e1sico para a planificaci\u00f3n, ordenaci\u00f3n e xesti\u00f3n en rede das Zonas de Especial Conservaci\u00f3n (ZEC) e das Zonas de Especial Protecci\u00f3n para as Aves (ZEPA), zonas que non se ver\u00e1n afectadas polas infraestruturas que compo\u00f1en ao parque e\u00f3lico. Os espazos naturais m\u00e1is pr\u00f3ximos \u00e1 zona de afecci\u00f3n do presente estudo son: polo sur a m\u00e1is de 6 km a ZEC Esteiro do Tambre, e polo oeste m\u00e1is de 14 km a ZEC Carnota \u2013 Monte Pindo, declarados ambos os como zonas especiais de conservaci\u00f3n polo Decreto 37\/2014, do 27 de marzo de 2014, polo que se declaran zonas especiais de conservaci\u00f3n os lugares de importancia comunitaria de Galicia e apr\u00f3base o Plan director da Rede Natura 2000 de Galicia; e \u00e1 s\u00faa vez, ambos os espazos naturais consid\u00e9ranse zomo Zonas de Especial Protecci\u00f3n dos Valores Naturais (ZEPVN), constitu\u00edntes da Rede galega de espazos protexidos, declaradas segundo o Decreto 72\/2004, do 2 de abril. A distancia superior a 6 km e 14 km respectivamente con respecto ao proxecto, non asegura que os citados espazos protexidos non vaian resultar afectados polas instalaci\u00f3ns do parque e\u00f3lico.<br><strong><br>[DISTANCIAS DAS POBOACI\u00d3NS]&nbsp;<\/strong>Hai unha serie de n\u00facleos habitados que est\u00e1n \u00e1 beira do parque proxectado. Ademais do impacto visual que lles afecta directamente tam\u00e9n hai que ter en conta o impacto ac\u00fastico. De a\u00ed que a veci\u00f1anza alomenos destes lugares debe ser consultada sobre do seu grao de aceptaci\u00f3n ou non do proxecto, e todo isto base ao Convenio europeo da Paisaxe. Os n\u00facleos moi afectados son: Camplongo, Vilar de Arriba, Vilar de Abaixo, Couso de Arriba, Couso de Abaixo, Cabana Moura.<br><br>C\u00f3mpre ter en conta que o n\u00facleo de poboaci\u00f3n de Campolongo est\u00e1 afectado por 3 aeroxeneradores: BZ01, BZ02, BZ05. Couso de Abaixo estar\u00eda afectado por 2 aeroxeneradores: BZ02 e BZ03. Cabana Moura estar\u00eda afectada por outros 2 aeroxeneradores, os BZ03 e BZ04. Debido as proximidades aos aeroxeneradores prec\u00edsase un estudo riguroso do impacto ac\u00fastico e un estudo sanitario sobre dos efectos que sobre da sa\u00fade pode ter a exposici\u00f3n ao ruido.l.<\/p>\n","protected":false},"excerpt":{"rendered":"<div class=\"mh-excerpt\"><p>Ecoloxistas en Acci\u00f3n denuncia o grave prexu\u00edzo para a calidade de vida dos case 3 mil de veci\u00f1os de Banzas e a s\u00faa contorna  (Guende, Lourido,  Campolongo, Vilar de arriba, Vilar de abaixo, Cabana moura, Couso de arriba e Couso de abaixo) que causar\u00e1 o proxectado Parque e\u00f3lico Banzas ao ubicar os aereoxeneredores moi preto dos nucleos de poboaci\u00f3n <a class=\"mh-excerpt-more\" href=\"https:\/\/www.anovapeneira.gal\/index.php\/2020\/12\/01\/a-cercania-dos-aeroxeneradores-aos-nucleos-de-poboacion-afectara-gravemente-a-calidade-de-vida-en-banzas-polo-ruido-das-pas\/\" title=\"A cercan\u00eda dos aeroxeneradores aos nucleos de poboaci\u00f3n afectar\u00e1 gravemente a calidade de vida en Banzas polo ru\u00eddo das pas\">[&#8230;]<\/a><\/p>\n<\/div>","protected":false},"author":3,"featured_media":4364,"comment_status":"open","ping_status":"open","sticky":false,"template":"","format":"standard","meta":{"_exactmetrics_skip_tracking":false,"_exactmetrics_sitenote_active":false,"_exactmetrics_sitenote_note":"","_exactmetrics_sitenote_category":0,"footnotes":""},"categories":[263],"tags":[104],"class_list":{"0":"post-4362","1":"post","2":"type-post","3":"status-publish","4":"format-standard","5":"has-post-thumbnail","7":"category-novas","8":"tag-parador-nacional"},"yoast_head":"<!-- This site is optimized with the Yoast SEO plugin v27.4 - https:\/\/yoast.com\/product\/yoast-seo-wordpress\/ -->\n<title>A cercan\u00eda dos aeroxeneradores aos nucleos de poboaci\u00f3n afectar\u00e1 gravemente a calidade de vida en Banzas polo ru\u00eddo das pas -<\/title>\n<meta name=\"description\" content=\"Ecoloxistas en Acci\u00f3n denuncia o grave prexu\u00edzo para a calidade de vida dos case 3 mil de veci\u00f1os de Banzas e a s\u00faa contorna (Guende, Lourido, Campolongo, Vilar de arriba, Vilar de abaixo, Cabana moura, Couso de arriba e Couso de abaixo) que causar\u00e1 o proxectado Parque e\u00f3lico Banzas ao ubicar os aereoxeneredores moi preto dos nucleos de poboaci\u00f3n\" \/>\n<meta name=\"robots\" content=\"index, follow, max-snippet:-1, max-image-preview:large, max-video-preview:-1\" \/>\n<link rel=\"canonical\" href=\"https:\/\/www.anovapeneira.gal\/index.php\/2020\/12\/01\/a-cercania-dos-aeroxeneradores-aos-nucleos-de-poboacion-afectara-gravemente-a-calidade-de-vida-en-banzas-polo-ruido-das-pas\/\" \/>\n<meta property=\"og:locale\" content=\"gl_ES\" \/>\n<meta property=\"og:type\" content=\"article\" \/>\n<meta property=\"og:title\" content=\"A cercan\u00eda dos aeroxeneradores aos nucleos de poboaci\u00f3n afectar\u00e1 gravemente a calidade de vida en Banzas polo ru\u00eddo das pas -\" \/>\n<meta property=\"og:description\" content=\"Ecoloxistas en Acci\u00f3n denuncia o grave prexu\u00edzo para a calidade de vida dos case 3 mil de veci\u00f1os de Banzas e a s\u00faa contorna (Guende, Lourido, Campolongo, Vilar de arriba, Vilar de abaixo, Cabana moura, Couso de arriba e Couso de abaixo) que causar\u00e1 o proxectado Parque e\u00f3lico Banzas ao ubicar os aereoxeneredores moi preto dos nucleos de poboaci\u00f3n\" \/>\n<meta property=\"og:url\" content=\"https:\/\/www.anovapeneira.gal\/index.php\/2020\/12\/01\/a-cercania-dos-aeroxeneradores-aos-nucleos-de-poboacion-afectara-gravemente-a-calidade-de-vida-en-banzas-polo-ruido-das-pas\/\" \/>\n<meta property=\"article:publisher\" content=\"https:\/\/www.facebook.com\/anovapeneira\" \/>\n<meta property=\"article:published_time\" content=\"2020-12-01T09:00:45+00:00\" \/>\n<meta property=\"og:image\" content=\"https:\/\/www.anovapeneira.gal\/wp-content\/uploads\/2020\/11\/calidade_de_vida_en_banzas.jpg\" \/>\n\t<meta property=\"og:image:width\" content=\"720\" \/>\n\t<meta property=\"og:image:height\" content=\"432\" \/>\n\t<meta property=\"og:image:type\" content=\"image\/jpeg\" \/>\n<meta name=\"author\" content=\"Redacci\u00f3n A Nova Peneira\" \/>\n<meta name=\"twitter:card\" content=\"summary_large_image\" \/>\n<meta name=\"twitter:creator\" content=\"@APeneira\" \/>\n<meta name=\"twitter:site\" content=\"@APeneira\" \/>\n<meta name=\"twitter:label1\" content=\"Escrito por\" \/>\n\t<meta name=\"twitter:data1\" content=\"Redacci\u00f3n A Nova Peneira\" \/>\n\t<meta name=\"twitter:label2\" content=\"Tempo de lectura\" \/>\n\t<meta name=\"twitter:data2\" content=\"7 minutos\" \/>\n<script type=\"application\/ld+json\" class=\"yoast-schema-graph\">{\"@context\":\"https:\\\/\\\/schema.org\",\"@graph\":[{\"@type\":\"Article\",\"@id\":\"https:\\\/\\\/www.anovapeneira.gal\\\/index.php\\\/2020\\\/12\\\/01\\\/a-cercania-dos-aeroxeneradores-aos-nucleos-de-poboacion-afectara-gravemente-a-calidade-de-vida-en-banzas-polo-ruido-das-pas\\\/#article\",\"isPartOf\":{\"@id\":\"https:\\\/\\\/www.anovapeneira.gal\\\/index.php\\\/2020\\\/12\\\/01\\\/a-cercania-dos-aeroxeneradores-aos-nucleos-de-poboacion-afectara-gravemente-a-calidade-de-vida-en-banzas-polo-ruido-das-pas\\\/\"},\"author\":{\"name\":\"Redacci\u00f3n A Nova Peneira\",\"@id\":\"https:\\\/\\\/www.anovapeneira.gal\\\/#\\\/schema\\\/person\\\/b93e3f8932e3f8da96334607eb6ac6aa\"},\"headline\":\"A cercan\u00eda dos aeroxeneradores aos nucleos de poboaci\u00f3n afectar\u00e1 gravemente a calidade de vida en Banzas polo ru\u00eddo das pas\",\"datePublished\":\"2020-12-01T09:00:45+00:00\",\"mainEntityOfPage\":{\"@id\":\"https:\\\/\\\/www.anovapeneira.gal\\\/index.php\\\/2020\\\/12\\\/01\\\/a-cercania-dos-aeroxeneradores-aos-nucleos-de-poboacion-afectara-gravemente-a-calidade-de-vida-en-banzas-polo-ruido-das-pas\\\/\"},\"wordCount\":1478,\"commentCount\":0,\"publisher\":{\"@id\":\"https:\\\/\\\/www.anovapeneira.gal\\\/#organization\"},\"image\":{\"@id\":\"https:\\\/\\\/www.anovapeneira.gal\\\/index.php\\\/2020\\\/12\\\/01\\\/a-cercania-dos-aeroxeneradores-aos-nucleos-de-poboacion-afectara-gravemente-a-calidade-de-vida-en-banzas-polo-ruido-das-pas\\\/#primaryimage\"},\"thumbnailUrl\":\"https:\\\/\\\/www.anovapeneira.gal\\\/wp-content\\\/uploads\\\/2020\\\/11\\\/calidade_de_vida_en_banzas.jpg\",\"keywords\":[\"Parador Nacional\"],\"articleSection\":[\"Novas\"],\"inLanguage\":\"gl-ES\",\"potentialAction\":[{\"@type\":\"CommentAction\",\"name\":\"Comment\",\"target\":[\"https:\\\/\\\/www.anovapeneira.gal\\\/index.php\\\/2020\\\/12\\\/01\\\/a-cercania-dos-aeroxeneradores-aos-nucleos-de-poboacion-afectara-gravemente-a-calidade-de-vida-en-banzas-polo-ruido-das-pas\\\/#respond\"]}]},{\"@type\":\"WebPage\",\"@id\":\"https:\\\/\\\/www.anovapeneira.gal\\\/index.php\\\/2020\\\/12\\\/01\\\/a-cercania-dos-aeroxeneradores-aos-nucleos-de-poboacion-afectara-gravemente-a-calidade-de-vida-en-banzas-polo-ruido-das-pas\\\/\",\"url\":\"https:\\\/\\\/www.anovapeneira.gal\\\/index.php\\\/2020\\\/12\\\/01\\\/a-cercania-dos-aeroxeneradores-aos-nucleos-de-poboacion-afectara-gravemente-a-calidade-de-vida-en-banzas-polo-ruido-das-pas\\\/\",\"name\":\"A cercan\u00eda dos aeroxeneradores aos nucleos de poboaci\u00f3n afectar\u00e1 gravemente a calidade de vida en Banzas polo ru\u00eddo das pas -\",\"isPartOf\":{\"@id\":\"https:\\\/\\\/www.anovapeneira.gal\\\/#website\"},\"primaryImageOfPage\":{\"@id\":\"https:\\\/\\\/www.anovapeneira.gal\\\/index.php\\\/2020\\\/12\\\/01\\\/a-cercania-dos-aeroxeneradores-aos-nucleos-de-poboacion-afectara-gravemente-a-calidade-de-vida-en-banzas-polo-ruido-das-pas\\\/#primaryimage\"},\"image\":{\"@id\":\"https:\\\/\\\/www.anovapeneira.gal\\\/index.php\\\/2020\\\/12\\\/01\\\/a-cercania-dos-aeroxeneradores-aos-nucleos-de-poboacion-afectara-gravemente-a-calidade-de-vida-en-banzas-polo-ruido-das-pas\\\/#primaryimage\"},\"thumbnailUrl\":\"https:\\\/\\\/www.anovapeneira.gal\\\/wp-content\\\/uploads\\\/2020\\\/11\\\/calidade_de_vida_en_banzas.jpg\",\"datePublished\":\"2020-12-01T09:00:45+00:00\",\"description\":\"Ecoloxistas en Acci\u00f3n denuncia o grave prexu\u00edzo para a calidade de vida dos case 3 mil de veci\u00f1os de Banzas e a s\u00faa contorna (Guende, Lourido, Campolongo, Vilar de arriba, Vilar de abaixo, Cabana moura, Couso de arriba e Couso de abaixo) que causar\u00e1 o proxectado Parque e\u00f3lico Banzas ao ubicar os aereoxeneredores moi preto dos nucleos de poboaci\u00f3n\",\"breadcrumb\":{\"@id\":\"https:\\\/\\\/www.anovapeneira.gal\\\/index.php\\\/2020\\\/12\\\/01\\\/a-cercania-dos-aeroxeneradores-aos-nucleos-de-poboacion-afectara-gravemente-a-calidade-de-vida-en-banzas-polo-ruido-das-pas\\\/#breadcrumb\"},\"inLanguage\":\"gl-ES\",\"potentialAction\":[{\"@type\":\"ReadAction\",\"target\":[\"https:\\\/\\\/www.anovapeneira.gal\\\/index.php\\\/2020\\\/12\\\/01\\\/a-cercania-dos-aeroxeneradores-aos-nucleos-de-poboacion-afectara-gravemente-a-calidade-de-vida-en-banzas-polo-ruido-das-pas\\\/\"]}]},{\"@type\":\"ImageObject\",\"inLanguage\":\"gl-ES\",\"@id\":\"https:\\\/\\\/www.anovapeneira.gal\\\/index.php\\\/2020\\\/12\\\/01\\\/a-cercania-dos-aeroxeneradores-aos-nucleos-de-poboacion-afectara-gravemente-a-calidade-de-vida-en-banzas-polo-ruido-das-pas\\\/#primaryimage\",\"url\":\"https:\\\/\\\/www.anovapeneira.gal\\\/wp-content\\\/uploads\\\/2020\\\/11\\\/calidade_de_vida_en_banzas.jpg\",\"contentUrl\":\"https:\\\/\\\/www.anovapeneira.gal\\\/wp-content\\\/uploads\\\/2020\\\/11\\\/calidade_de_vida_en_banzas.jpg\",\"width\":720,\"height\":432,\"caption\":\"A cercan\u00eda dos aeroxeneradores aos nucleos de poboaci\u00f3n afectar\u00e1 gravemente a calidade de vida en Banzas polo ru\u00eddo das pas\"},{\"@type\":\"BreadcrumbList\",\"@id\":\"https:\\\/\\\/www.anovapeneira.gal\\\/index.php\\\/2020\\\/12\\\/01\\\/a-cercania-dos-aeroxeneradores-aos-nucleos-de-poboacion-afectara-gravemente-a-calidade-de-vida-en-banzas-polo-ruido-das-pas\\\/#breadcrumb\",\"itemListElement\":[{\"@type\":\"ListItem\",\"position\":1,\"name\":\"Portada\",\"item\":\"https:\\\/\\\/www.anovapeneira.gal\\\/\"},{\"@type\":\"ListItem\",\"position\":2,\"name\":\"A cercan\u00eda dos aeroxeneradores aos nucleos de poboaci\u00f3n afectar\u00e1 gravemente a calidade de vida en Banzas polo ru\u00eddo das pas\"}]},{\"@type\":\"WebSite\",\"@id\":\"https:\\\/\\\/www.anovapeneira.gal\\\/#website\",\"url\":\"https:\\\/\\\/www.anovapeneira.gal\\\/\",\"name\":\"\",\"description\":\"Xornal galego de informaci\u00f3n xeral Publicaci\u00f3n mensual de novas de Galicia e en especial dos Concellos da sur da provincia de Pontevedra.\",\"publisher\":{\"@id\":\"https:\\\/\\\/www.anovapeneira.gal\\\/#organization\"},\"potentialAction\":[{\"@type\":\"SearchAction\",\"target\":{\"@type\":\"EntryPoint\",\"urlTemplate\":\"https:\\\/\\\/www.anovapeneira.gal\\\/?s={search_term_string}\"},\"query-input\":{\"@type\":\"PropertyValueSpecification\",\"valueRequired\":true,\"valueName\":\"search_term_string\"}}],\"inLanguage\":\"gl-ES\"},{\"@type\":\"Organization\",\"@id\":\"https:\\\/\\\/www.anovapeneira.gal\\\/#organization\",\"name\":\"A Nova Peneira\",\"url\":\"https:\\\/\\\/www.anovapeneira.gal\\\/\",\"logo\":{\"@type\":\"ImageObject\",\"inLanguage\":\"gl-ES\",\"@id\":\"https:\\\/\\\/www.anovapeneira.gal\\\/#\\\/schema\\\/logo\\\/image\\\/\",\"url\":\"http:\\\/\\\/www.anovapeneira.gal\\\/wp-content\\\/uploads\\\/2019\\\/06\\\/logo_a_nova_peneira_portal_web.png\",\"contentUrl\":\"http:\\\/\\\/www.anovapeneira.gal\\\/wp-content\\\/uploads\\\/2019\\\/06\\\/logo_a_nova_peneira_portal_web.png\",\"width\":300,\"height\":100,\"caption\":\"A Nova Peneira\"},\"image\":{\"@id\":\"https:\\\/\\\/www.anovapeneira.gal\\\/#\\\/schema\\\/logo\\\/image\\\/\"},\"sameAs\":[\"https:\\\/\\\/www.facebook.com\\\/anovapeneira\",\"https:\\\/\\\/x.com\\\/APeneira\"]},{\"@type\":\"Person\",\"@id\":\"https:\\\/\\\/www.anovapeneira.gal\\\/#\\\/schema\\\/person\\\/b93e3f8932e3f8da96334607eb6ac6aa\",\"name\":\"Redacci\u00f3n A Nova Peneira\",\"image\":{\"@type\":\"ImageObject\",\"inLanguage\":\"gl-ES\",\"@id\":\"https:\\\/\\\/secure.gravatar.com\\\/avatar\\\/c052a2551a06e23fac63626232eaa90abd78dbcf1700fc46a2b2c89fd27b735f?s=96&d=mm&r=g\",\"url\":\"https:\\\/\\\/secure.gravatar.com\\\/avatar\\\/c052a2551a06e23fac63626232eaa90abd78dbcf1700fc46a2b2c89fd27b735f?s=96&d=mm&r=g\",\"contentUrl\":\"https:\\\/\\\/secure.gravatar.com\\\/avatar\\\/c052a2551a06e23fac63626232eaa90abd78dbcf1700fc46a2b2c89fd27b735f?s=96&d=mm&r=g\",\"caption\":\"Redacci\u00f3n A Nova Peneira\"},\"sameAs\":[\"http:\\\/\\\/www.anovapeneira.gal\\\/\"],\"url\":\"https:\\\/\\\/www.anovapeneira.gal\\\/index.php\\\/author\\\/redactor\\\/\"}]}<\/script>\n<!-- \/ Yoast SEO plugin. -->","yoast_head_json":{"title":"A cercan\u00eda dos aeroxeneradores aos nucleos de poboaci\u00f3n afectar\u00e1 gravemente a calidade de vida en Banzas polo ru\u00eddo das pas -","description":"Ecoloxistas en Acci\u00f3n denuncia o grave prexu\u00edzo para a calidade de vida dos case 3 mil de veci\u00f1os de Banzas e a s\u00faa contorna (Guende, Lourido, Campolongo, Vilar de arriba, Vilar de abaixo, Cabana moura, Couso de arriba e Couso de abaixo) que causar\u00e1 o proxectado Parque e\u00f3lico Banzas ao ubicar os aereoxeneredores moi preto dos nucleos de poboaci\u00f3n","robots":{"index":"index","follow":"follow","max-snippet":"max-snippet:-1","max-image-preview":"max-image-preview:large","max-video-preview":"max-video-preview:-1"},"canonical":"https:\/\/www.anovapeneira.gal\/index.php\/2020\/12\/01\/a-cercania-dos-aeroxeneradores-aos-nucleos-de-poboacion-afectara-gravemente-a-calidade-de-vida-en-banzas-polo-ruido-das-pas\/","og_locale":"gl_ES","og_type":"article","og_title":"A cercan\u00eda dos aeroxeneradores aos nucleos de poboaci\u00f3n afectar\u00e1 gravemente a calidade de vida en Banzas polo ru\u00eddo das pas -","og_description":"Ecoloxistas en Acci\u00f3n denuncia o grave prexu\u00edzo para a calidade de vida dos case 3 mil de veci\u00f1os de Banzas e a s\u00faa contorna (Guende, Lourido, Campolongo, Vilar de arriba, Vilar de abaixo, Cabana moura, Couso de arriba e Couso de abaixo) que causar\u00e1 o proxectado Parque e\u00f3lico Banzas ao ubicar os aereoxeneredores moi preto dos nucleos de poboaci\u00f3n","og_url":"https:\/\/www.anovapeneira.gal\/index.php\/2020\/12\/01\/a-cercania-dos-aeroxeneradores-aos-nucleos-de-poboacion-afectara-gravemente-a-calidade-de-vida-en-banzas-polo-ruido-das-pas\/","article_publisher":"https:\/\/www.facebook.com\/anovapeneira","article_published_time":"2020-12-01T09:00:45+00:00","og_image":[{"width":720,"height":432,"url":"https:\/\/www.anovapeneira.gal\/wp-content\/uploads\/2020\/11\/calidade_de_vida_en_banzas.jpg","type":"image\/jpeg"}],"author":"Redacci\u00f3n A Nova Peneira","twitter_card":"summary_large_image","twitter_creator":"@APeneira","twitter_site":"@APeneira","twitter_misc":{"Escrito por":"Redacci\u00f3n A Nova Peneira","Tempo de lectura":"7 minutos"},"schema":{"@context":"https:\/\/schema.org","@graph":[{"@type":"Article","@id":"https:\/\/www.anovapeneira.gal\/index.php\/2020\/12\/01\/a-cercania-dos-aeroxeneradores-aos-nucleos-de-poboacion-afectara-gravemente-a-calidade-de-vida-en-banzas-polo-ruido-das-pas\/#article","isPartOf":{"@id":"https:\/\/www.anovapeneira.gal\/index.php\/2020\/12\/01\/a-cercania-dos-aeroxeneradores-aos-nucleos-de-poboacion-afectara-gravemente-a-calidade-de-vida-en-banzas-polo-ruido-das-pas\/"},"author":{"name":"Redacci\u00f3n A Nova Peneira","@id":"https:\/\/www.anovapeneira.gal\/#\/schema\/person\/b93e3f8932e3f8da96334607eb6ac6aa"},"headline":"A cercan\u00eda dos aeroxeneradores aos nucleos de poboaci\u00f3n afectar\u00e1 gravemente a calidade de vida en Banzas polo ru\u00eddo das pas","datePublished":"2020-12-01T09:00:45+00:00","mainEntityOfPage":{"@id":"https:\/\/www.anovapeneira.gal\/index.php\/2020\/12\/01\/a-cercania-dos-aeroxeneradores-aos-nucleos-de-poboacion-afectara-gravemente-a-calidade-de-vida-en-banzas-polo-ruido-das-pas\/"},"wordCount":1478,"commentCount":0,"publisher":{"@id":"https:\/\/www.anovapeneira.gal\/#organization"},"image":{"@id":"https:\/\/www.anovapeneira.gal\/index.php\/2020\/12\/01\/a-cercania-dos-aeroxeneradores-aos-nucleos-de-poboacion-afectara-gravemente-a-calidade-de-vida-en-banzas-polo-ruido-das-pas\/#primaryimage"},"thumbnailUrl":"https:\/\/www.anovapeneira.gal\/wp-content\/uploads\/2020\/11\/calidade_de_vida_en_banzas.jpg","keywords":["Parador Nacional"],"articleSection":["Novas"],"inLanguage":"gl-ES","potentialAction":[{"@type":"CommentAction","name":"Comment","target":["https:\/\/www.anovapeneira.gal\/index.php\/2020\/12\/01\/a-cercania-dos-aeroxeneradores-aos-nucleos-de-poboacion-afectara-gravemente-a-calidade-de-vida-en-banzas-polo-ruido-das-pas\/#respond"]}]},{"@type":"WebPage","@id":"https:\/\/www.anovapeneira.gal\/index.php\/2020\/12\/01\/a-cercania-dos-aeroxeneradores-aos-nucleos-de-poboacion-afectara-gravemente-a-calidade-de-vida-en-banzas-polo-ruido-das-pas\/","url":"https:\/\/www.anovapeneira.gal\/index.php\/2020\/12\/01\/a-cercania-dos-aeroxeneradores-aos-nucleos-de-poboacion-afectara-gravemente-a-calidade-de-vida-en-banzas-polo-ruido-das-pas\/","name":"A cercan\u00eda dos aeroxeneradores aos nucleos de poboaci\u00f3n afectar\u00e1 gravemente a calidade de vida en Banzas polo ru\u00eddo das pas -","isPartOf":{"@id":"https:\/\/www.anovapeneira.gal\/#website"},"primaryImageOfPage":{"@id":"https:\/\/www.anovapeneira.gal\/index.php\/2020\/12\/01\/a-cercania-dos-aeroxeneradores-aos-nucleos-de-poboacion-afectara-gravemente-a-calidade-de-vida-en-banzas-polo-ruido-das-pas\/#primaryimage"},"image":{"@id":"https:\/\/www.anovapeneira.gal\/index.php\/2020\/12\/01\/a-cercania-dos-aeroxeneradores-aos-nucleos-de-poboacion-afectara-gravemente-a-calidade-de-vida-en-banzas-polo-ruido-das-pas\/#primaryimage"},"thumbnailUrl":"https:\/\/www.anovapeneira.gal\/wp-content\/uploads\/2020\/11\/calidade_de_vida_en_banzas.jpg","datePublished":"2020-12-01T09:00:45+00:00","description":"Ecoloxistas en Acci\u00f3n denuncia o grave prexu\u00edzo para a calidade de vida dos case 3 mil de veci\u00f1os de Banzas e a s\u00faa contorna (Guende, Lourido, Campolongo, Vilar de arriba, Vilar de abaixo, Cabana moura, Couso de arriba e Couso de abaixo) que causar\u00e1 o proxectado Parque e\u00f3lico Banzas ao ubicar os aereoxeneredores moi preto dos nucleos de poboaci\u00f3n","breadcrumb":{"@id":"https:\/\/www.anovapeneira.gal\/index.php\/2020\/12\/01\/a-cercania-dos-aeroxeneradores-aos-nucleos-de-poboacion-afectara-gravemente-a-calidade-de-vida-en-banzas-polo-ruido-das-pas\/#breadcrumb"},"inLanguage":"gl-ES","potentialAction":[{"@type":"ReadAction","target":["https:\/\/www.anovapeneira.gal\/index.php\/2020\/12\/01\/a-cercania-dos-aeroxeneradores-aos-nucleos-de-poboacion-afectara-gravemente-a-calidade-de-vida-en-banzas-polo-ruido-das-pas\/"]}]},{"@type":"ImageObject","inLanguage":"gl-ES","@id":"https:\/\/www.anovapeneira.gal\/index.php\/2020\/12\/01\/a-cercania-dos-aeroxeneradores-aos-nucleos-de-poboacion-afectara-gravemente-a-calidade-de-vida-en-banzas-polo-ruido-das-pas\/#primaryimage","url":"https:\/\/www.anovapeneira.gal\/wp-content\/uploads\/2020\/11\/calidade_de_vida_en_banzas.jpg","contentUrl":"https:\/\/www.anovapeneira.gal\/wp-content\/uploads\/2020\/11\/calidade_de_vida_en_banzas.jpg","width":720,"height":432,"caption":"A cercan\u00eda dos aeroxeneradores aos nucleos de poboaci\u00f3n afectar\u00e1 gravemente a calidade de vida en Banzas polo ru\u00eddo das pas"},{"@type":"BreadcrumbList","@id":"https:\/\/www.anovapeneira.gal\/index.php\/2020\/12\/01\/a-cercania-dos-aeroxeneradores-aos-nucleos-de-poboacion-afectara-gravemente-a-calidade-de-vida-en-banzas-polo-ruido-das-pas\/#breadcrumb","itemListElement":[{"@type":"ListItem","position":1,"name":"Portada","item":"https:\/\/www.anovapeneira.gal\/"},{"@type":"ListItem","position":2,"name":"A cercan\u00eda dos aeroxeneradores aos nucleos de poboaci\u00f3n afectar\u00e1 gravemente a calidade de vida en Banzas polo ru\u00eddo das pas"}]},{"@type":"WebSite","@id":"https:\/\/www.anovapeneira.gal\/#website","url":"https:\/\/www.anovapeneira.gal\/","name":"","description":"Xornal galego de informaci\u00f3n xeral Publicaci\u00f3n mensual de novas de Galicia e en especial dos Concellos da sur da provincia de Pontevedra.","publisher":{"@id":"https:\/\/www.anovapeneira.gal\/#organization"},"potentialAction":[{"@type":"SearchAction","target":{"@type":"EntryPoint","urlTemplate":"https:\/\/www.anovapeneira.gal\/?s={search_term_string}"},"query-input":{"@type":"PropertyValueSpecification","valueRequired":true,"valueName":"search_term_string"}}],"inLanguage":"gl-ES"},{"@type":"Organization","@id":"https:\/\/www.anovapeneira.gal\/#organization","name":"A Nova Peneira","url":"https:\/\/www.anovapeneira.gal\/","logo":{"@type":"ImageObject","inLanguage":"gl-ES","@id":"https:\/\/www.anovapeneira.gal\/#\/schema\/logo\/image\/","url":"http:\/\/www.anovapeneira.gal\/wp-content\/uploads\/2019\/06\/logo_a_nova_peneira_portal_web.png","contentUrl":"http:\/\/www.anovapeneira.gal\/wp-content\/uploads\/2019\/06\/logo_a_nova_peneira_portal_web.png","width":300,"height":100,"caption":"A Nova Peneira"},"image":{"@id":"https:\/\/www.anovapeneira.gal\/#\/schema\/logo\/image\/"},"sameAs":["https:\/\/www.facebook.com\/anovapeneira","https:\/\/x.com\/APeneira"]},{"@type":"Person","@id":"https:\/\/www.anovapeneira.gal\/#\/schema\/person\/b93e3f8932e3f8da96334607eb6ac6aa","name":"Redacci\u00f3n A Nova Peneira","image":{"@type":"ImageObject","inLanguage":"gl-ES","@id":"https:\/\/secure.gravatar.com\/avatar\/c052a2551a06e23fac63626232eaa90abd78dbcf1700fc46a2b2c89fd27b735f?s=96&d=mm&r=g","url":"https:\/\/secure.gravatar.com\/avatar\/c052a2551a06e23fac63626232eaa90abd78dbcf1700fc46a2b2c89fd27b735f?s=96&d=mm&r=g","contentUrl":"https:\/\/secure.gravatar.com\/avatar\/c052a2551a06e23fac63626232eaa90abd78dbcf1700fc46a2b2c89fd27b735f?s=96&d=mm&r=g","caption":"Redacci\u00f3n A Nova Peneira"},"sameAs":["http:\/\/www.anovapeneira.gal\/"],"url":"https:\/\/www.anovapeneira.gal\/index.php\/author\/redactor\/"}]}},"jetpack_featured_media_url":"https:\/\/www.anovapeneira.gal\/wp-content\/uploads\/2020\/11\/calidade_de_vida_en_banzas.jpg","_links":{"self":[{"href":"https:\/\/www.anovapeneira.gal\/index.php\/wp-json\/wp\/v2\/posts\/4362","targetHints":{"allow":["GET"]}}],"collection":[{"href":"https:\/\/www.anovapeneira.gal\/index.php\/wp-json\/wp\/v2\/posts"}],"about":[{"href":"https:\/\/www.anovapeneira.gal\/index.php\/wp-json\/wp\/v2\/types\/post"}],"author":[{"embeddable":true,"href":"https:\/\/www.anovapeneira.gal\/index.php\/wp-json\/wp\/v2\/users\/3"}],"replies":[{"embeddable":true,"href":"https:\/\/www.anovapeneira.gal\/index.php\/wp-json\/wp\/v2\/comments?post=4362"}],"version-history":[{"count":2,"href":"https:\/\/www.anovapeneira.gal\/index.php\/wp-json\/wp\/v2\/posts\/4362\/revisions"}],"predecessor-version":[{"id":4365,"href":"https:\/\/www.anovapeneira.gal\/index.php\/wp-json\/wp\/v2\/posts\/4362\/revisions\/4365"}],"wp:featuredmedia":[{"embeddable":true,"href":"https:\/\/www.anovapeneira.gal\/index.php\/wp-json\/wp\/v2\/media\/4364"}],"wp:attachment":[{"href":"https:\/\/www.anovapeneira.gal\/index.php\/wp-json\/wp\/v2\/media?parent=4362"}],"wp:term":[{"taxonomy":"category","embeddable":true,"href":"https:\/\/www.anovapeneira.gal\/index.php\/wp-json\/wp\/v2\/categories?post=4362"},{"taxonomy":"post_tag","embeddable":true,"href":"https:\/\/www.anovapeneira.gal\/index.php\/wp-json\/wp\/v2\/tags?post=4362"}],"curies":[{"name":"wp","href":"https:\/\/api.w.org\/{rel}","templated":true}]}}