{"id":4382,"date":"2020-12-02T10:00:27","date_gmt":"2020-12-02T09:00:27","guid":{"rendered":"http:\/\/www.anovapeneira.gal\/?p=4382"},"modified":"2020-11-29T19:56:29","modified_gmt":"2020-11-29T18:56:29","slug":"goian-homenaxea-as-suas-madrinas","status":"publish","type":"post","link":"https:\/\/www.anovapeneira.gal\/index.php\/2020\/12\/02\/goian-homenaxea-as-suas-madrinas\/","title":{"rendered":"Goi\u00e1n homenaxea \u00e1s s\u00faas \u2018Madri\u00f1as\u2019"},"content":{"rendered":"\n<h2 class=\"wp-block-heading\"><strong>V\u00e9n de editarse un cat\u00e1logo para divulgar a vida e obra das mulleres que po\u00f1en nome \u00e1s aulas do centro<\/strong><\/h2>\n\n\n\n<p><strong>Tomi\u00f1o, 27 de novembro de 2020.<\/strong><\/p>\n\n\n\n<p>Reivindicar os valores que representan as mulleres exemplares para inspirar \u00e1s futuras xeraci\u00f3ns no horizonte dunha sociedade m\u00e1is libre, consciente, igualitaria e culta. \u00c9 o prop\u00f3sito que desde o CEIP Pintor Antonio Fern\u00e1ndez de Goi\u00e1n tiveron desde que puxeron en marcha un proxecto de \u2018amadri\u00f1amento\u2019 das estancias do centro, bautizadas con nomes de mulleres destacadas pola s\u00faa traxectoria vital e profesional, moitas delas vencelladas \u00e1 vila de Goi\u00e1n e \u00e1 comarca do Baixo Mi\u00f1o.<\/p>\n\n\n\n<p>A iniciativa comezou a realizarse no curso 2018-2019 e v\u00e9n de culminar recentemente, coa edici\u00f3n e reparto dun cat\u00e1logo entre o alumnado do centro \u2014tam\u00e9n entre o alumnado de primeiro e segundo da ESO que participou no proxecto\u2014co que se pretende divulgar a modo de homenaxe a vida e obra destas mulleres, que son xa un s\u00edmbolo para inspirar \u00e1s m\u00e1is novas e novos.<\/p>\n\n\n\n<p>Entre as galardoadas p\u00f3dense atopar importantes personalidades da contorna:<\/p>\n\n\n\n<ul class=\"wp-block-list\"><li>A pedagoga Ant\u00eda Cal, educadora, defensora da cultura galega e fundadora do Centro Rosal\u00eda de Castro.<\/li><li>A redeira e argaceira guardesa Mercedes Lomba dedicada \u00e1 vida mari\u00f1eira durante m\u00e1is de 60 anos.<\/li><li>A escritora e activista agrarista Isaura Gomes, loitadora incansable pola xustiza e a igualdade.<\/li><li>As mestras goianesas Eva Ozores e Idalia Sobreira, polo valor do seu incalculable traballo educativo en moitas xeraci\u00f3ns de Goi\u00e1n, personificando o traballo de moitas outras docentes.<\/li><li>A m\u00e9dica e cirurxi\u00e1 \u00c1frica Gonz\u00e1lez, pola s\u00faa destacada traxectoria laboral \u2014Recentemente galardoada co Premio Executivas 2020 por este motivo\u2014.<\/li><li>A profesora e escritora Clementina \u2018Tinita\u2019 Ozores, destacada veci\u00f1a da vila de Goi\u00e1n e viaxeira empedernida.<\/li><li>A m\u00fasica e cantante Ux\u00eda \u201cLambona\u201d, polo seu labor de transmisi\u00f3n aos m\u00e1is novos e novas da lingua e a tradici\u00f3n galegas a trav\u00e9s da m\u00fasica.<\/li><li>A estudante e deportista Desir\u00e9e Vila, exemplo de superaci\u00f3n e inspiraci\u00f3n tanto na s\u00faa traxectoria deportiva como vital.<\/li><li>\u00c1 escritora e profesora Iria Misa, galardoada co premio&nbsp;<em>Jules Verne<\/em>pola s\u00faa obra&nbsp;<em>Xa non estou aqu\u00ed<\/em>.<\/li><li>Todas as \u201cvi\u00favas de vivos\u201d, loitadoras incansables que non se renderon na procura dunha vida mellor.<\/li><\/ul>\n\n\n\n<p>A idea partiu inicialmente do Equipo de Normalizaci\u00f3n e Dinamizaci\u00f3n Ling\u00fc\u00edstica do centro co gallo da conmemoraci\u00f3n do 8 de Marzo, coa intenci\u00f3n de destacar e po\u00f1er en valor a traxectoria vital as mulleres galegas, e m\u00e1is concretamente aquelas vinculadas coa contorna da vila. Axi\u00f1a se sumou toda a comunidade do centro, o que fixo que o proxecto non quedase limitado a un simple \u2018bautismo\u2019 das aulas, sen\u00f3n que serviu para estudar e recuperar a vida e obra das madri\u00f1as. \u201cOs distintos grupos do alumnado implic\u00e1ronse moit\u00edsimo e cada un foi elixindo quen \u00eda ser a s\u00faa madri\u00f1a. Investigaron moito sobre as s\u00faas vidas e entrevistaron \u00e1s que puideron\u201d, comenta Mirta Misa, directora do centro.<\/p>\n\n\n\n<p>Malia que o reparto do cat\u00e1logo sup\u00f3n unha culminaci\u00f3n ao traballo de \u2018amadri\u00f1amento\u2019 e estudo biogr\u00e1fico feito durante os \u00faltimos anos, desde a direcci\u00f3n do CEIP Pintor Antonio Fern\u00e1ndez te\u00f1en claro que o proxecto ten que continuar dun xeito a\u00ednda m\u00e1is amplo, sempre fomentando a inclusi\u00f3n e a igualdade, seguindo a li\u00f1a de outros proxectos levados a cabo na instituci\u00f3n como a entrega dos Premios pola Diversidade a distintos colectivos, entre outras moitas actividades.<\/p>\n","protected":false},"excerpt":{"rendered":"<div class=\"mh-excerpt\"><p>V\u00e9n de editarse un cat\u00e1logo para divulgar a vida e obra das mulleres que po\u00f1en nome \u00e1s aulas do centro <a class=\"mh-excerpt-more\" href=\"https:\/\/www.anovapeneira.gal\/index.php\/2020\/12\/02\/goian-homenaxea-as-suas-madrinas\/\" title=\"Goi\u00e1n homenaxea \u00e1s s\u00faas \u2018Madri\u00f1as\u2019\">[&#8230;]<\/a><\/p>\n<\/div>","protected":false},"author":3,"featured_media":4383,"comment_status":"open","ping_status":"open","sticky":false,"template":"","format":"standard","meta":{"_exactmetrics_skip_tracking":false,"_exactmetrics_sitenote_active":false,"_exactmetrics_sitenote_note":"","_exactmetrics_sitenote_category":0,"footnotes":""},"categories":[21],"tags":[81],"class_list":{"0":"post-4382","1":"post","2":"type-post","3":"status-publish","4":"format-standard","5":"has-post-thumbnail","7":"category-baixo-mino","8":"tag-concello-de-tomino"},"yoast_head":"<!-- This site is optimized with the Yoast SEO plugin v27.4 - https:\/\/yoast.com\/product\/yoast-seo-wordpress\/ -->\n<title>Goi\u00e1n homenaxea \u00e1s s\u00faas \u2018Madri\u00f1as\u2019 -<\/title>\n<meta name=\"description\" content=\"V\u00e9n de editarse un cat\u00e1logo para divulgar a vida e obra das mulleres que po\u00f1en nome \u00e1s aulas do centro\" \/>\n<meta name=\"robots\" content=\"index, follow, max-snippet:-1, max-image-preview:large, max-video-preview:-1\" \/>\n<link rel=\"canonical\" href=\"https:\/\/www.anovapeneira.gal\/index.php\/2020\/12\/02\/goian-homenaxea-as-suas-madrinas\/\" \/>\n<meta property=\"og:locale\" content=\"gl_ES\" \/>\n<meta property=\"og:type\" content=\"article\" \/>\n<meta property=\"og:title\" content=\"Goi\u00e1n homenaxea \u00e1s s\u00faas \u2018Madri\u00f1as\u2019 -\" \/>\n<meta property=\"og:description\" content=\"V\u00e9n de editarse un cat\u00e1logo para divulgar a vida e obra das mulleres que po\u00f1en nome \u00e1s aulas do centro\" \/>\n<meta property=\"og:url\" content=\"https:\/\/www.anovapeneira.gal\/index.php\/2020\/12\/02\/goian-homenaxea-as-suas-madrinas\/\" \/>\n<meta property=\"article:publisher\" content=\"https:\/\/www.facebook.com\/anovapeneira\" \/>\n<meta property=\"article:published_time\" content=\"2020-12-02T09:00:27+00:00\" \/>\n<meta property=\"og:image\" content=\"https:\/\/www.anovapeneira.gal\/wp-content\/uploads\/2020\/11\/mulleresexpo_goiana_a_nova_peneira.jpg\" \/>\n\t<meta property=\"og:image:width\" content=\"720\" \/>\n\t<meta property=\"og:image:height\" content=\"432\" \/>\n\t<meta property=\"og:image:type\" content=\"image\/jpeg\" \/>\n<meta name=\"author\" content=\"Redacci\u00f3n A Nova Peneira\" \/>\n<meta name=\"twitter:card\" content=\"summary_large_image\" \/>\n<meta name=\"twitter:creator\" content=\"@APeneira\" \/>\n<meta name=\"twitter:site\" content=\"@APeneira\" \/>\n<meta name=\"twitter:label1\" content=\"Escrito por\" \/>\n\t<meta name=\"twitter:data1\" content=\"Redacci\u00f3n A Nova Peneira\" \/>\n\t<meta name=\"twitter:label2\" content=\"Tempo de lectura\" \/>\n\t<meta name=\"twitter:data2\" content=\"3 minutos\" \/>\n<script type=\"application\/ld+json\" class=\"yoast-schema-graph\">{\"@context\":\"https:\\\/\\\/schema.org\",\"@graph\":[{\"@type\":\"Article\",\"@id\":\"https:\\\/\\\/www.anovapeneira.gal\\\/index.php\\\/2020\\\/12\\\/02\\\/goian-homenaxea-as-suas-madrinas\\\/#article\",\"isPartOf\":{\"@id\":\"https:\\\/\\\/www.anovapeneira.gal\\\/index.php\\\/2020\\\/12\\\/02\\\/goian-homenaxea-as-suas-madrinas\\\/\"},\"author\":{\"name\":\"Redacci\u00f3n A Nova Peneira\",\"@id\":\"https:\\\/\\\/www.anovapeneira.gal\\\/#\\\/schema\\\/person\\\/b93e3f8932e3f8da96334607eb6ac6aa\"},\"headline\":\"Goi\u00e1n homenaxea \u00e1s s\u00faas \u2018Madri\u00f1as\u2019\",\"datePublished\":\"2020-12-02T09:00:27+00:00\",\"mainEntityOfPage\":{\"@id\":\"https:\\\/\\\/www.anovapeneira.gal\\\/index.php\\\/2020\\\/12\\\/02\\\/goian-homenaxea-as-suas-madrinas\\\/\"},\"wordCount\":621,\"commentCount\":0,\"publisher\":{\"@id\":\"https:\\\/\\\/www.anovapeneira.gal\\\/#organization\"},\"image\":{\"@id\":\"https:\\\/\\\/www.anovapeneira.gal\\\/index.php\\\/2020\\\/12\\\/02\\\/goian-homenaxea-as-suas-madrinas\\\/#primaryimage\"},\"thumbnailUrl\":\"https:\\\/\\\/www.anovapeneira.gal\\\/wp-content\\\/uploads\\\/2020\\\/11\\\/mulleresexpo_goiana_a_nova_peneira.jpg\",\"keywords\":[\"Concello de Tomi\u00f1o\"],\"articleSection\":[\"Baixo Mi\u00f1o\"],\"inLanguage\":\"gl-ES\",\"potentialAction\":[{\"@type\":\"CommentAction\",\"name\":\"Comment\",\"target\":[\"https:\\\/\\\/www.anovapeneira.gal\\\/index.php\\\/2020\\\/12\\\/02\\\/goian-homenaxea-as-suas-madrinas\\\/#respond\"]}]},{\"@type\":\"WebPage\",\"@id\":\"https:\\\/\\\/www.anovapeneira.gal\\\/index.php\\\/2020\\\/12\\\/02\\\/goian-homenaxea-as-suas-madrinas\\\/\",\"url\":\"https:\\\/\\\/www.anovapeneira.gal\\\/index.php\\\/2020\\\/12\\\/02\\\/goian-homenaxea-as-suas-madrinas\\\/\",\"name\":\"Goi\u00e1n homenaxea \u00e1s s\u00faas \u2018Madri\u00f1as\u2019 -\",\"isPartOf\":{\"@id\":\"https:\\\/\\\/www.anovapeneira.gal\\\/#website\"},\"primaryImageOfPage\":{\"@id\":\"https:\\\/\\\/www.anovapeneira.gal\\\/index.php\\\/2020\\\/12\\\/02\\\/goian-homenaxea-as-suas-madrinas\\\/#primaryimage\"},\"image\":{\"@id\":\"https:\\\/\\\/www.anovapeneira.gal\\\/index.php\\\/2020\\\/12\\\/02\\\/goian-homenaxea-as-suas-madrinas\\\/#primaryimage\"},\"thumbnailUrl\":\"https:\\\/\\\/www.anovapeneira.gal\\\/wp-content\\\/uploads\\\/2020\\\/11\\\/mulleresexpo_goiana_a_nova_peneira.jpg\",\"datePublished\":\"2020-12-02T09:00:27+00:00\",\"description\":\"V\u00e9n de editarse un cat\u00e1logo para divulgar a vida e obra das mulleres que po\u00f1en nome \u00e1s aulas do centro\",\"breadcrumb\":{\"@id\":\"https:\\\/\\\/www.anovapeneira.gal\\\/index.php\\\/2020\\\/12\\\/02\\\/goian-homenaxea-as-suas-madrinas\\\/#breadcrumb\"},\"inLanguage\":\"gl-ES\",\"potentialAction\":[{\"@type\":\"ReadAction\",\"target\":[\"https:\\\/\\\/www.anovapeneira.gal\\\/index.php\\\/2020\\\/12\\\/02\\\/goian-homenaxea-as-suas-madrinas\\\/\"]}]},{\"@type\":\"ImageObject\",\"inLanguage\":\"gl-ES\",\"@id\":\"https:\\\/\\\/www.anovapeneira.gal\\\/index.php\\\/2020\\\/12\\\/02\\\/goian-homenaxea-as-suas-madrinas\\\/#primaryimage\",\"url\":\"https:\\\/\\\/www.anovapeneira.gal\\\/wp-content\\\/uploads\\\/2020\\\/11\\\/mulleresexpo_goiana_a_nova_peneira.jpg\",\"contentUrl\":\"https:\\\/\\\/www.anovapeneira.gal\\\/wp-content\\\/uploads\\\/2020\\\/11\\\/mulleresexpo_goiana_a_nova_peneira.jpg\",\"width\":720,\"height\":432,\"caption\":\"Goi\u00e1n homenaxea \u00e1s s\u00faas \u2018Madri\u00f1as\u2019\"},{\"@type\":\"BreadcrumbList\",\"@id\":\"https:\\\/\\\/www.anovapeneira.gal\\\/index.php\\\/2020\\\/12\\\/02\\\/goian-homenaxea-as-suas-madrinas\\\/#breadcrumb\",\"itemListElement\":[{\"@type\":\"ListItem\",\"position\":1,\"name\":\"Portada\",\"item\":\"https:\\\/\\\/www.anovapeneira.gal\\\/\"},{\"@type\":\"ListItem\",\"position\":2,\"name\":\"Goi\u00e1n homenaxea \u00e1s s\u00faas \u2018Madri\u00f1as\u2019\"}]},{\"@type\":\"WebSite\",\"@id\":\"https:\\\/\\\/www.anovapeneira.gal\\\/#website\",\"url\":\"https:\\\/\\\/www.anovapeneira.gal\\\/\",\"name\":\"\",\"description\":\"Xornal galego de informaci\u00f3n xeral Publicaci\u00f3n mensual de novas de Galicia e en especial dos Concellos da sur da provincia de Pontevedra.\",\"publisher\":{\"@id\":\"https:\\\/\\\/www.anovapeneira.gal\\\/#organization\"},\"potentialAction\":[{\"@type\":\"SearchAction\",\"target\":{\"@type\":\"EntryPoint\",\"urlTemplate\":\"https:\\\/\\\/www.anovapeneira.gal\\\/?s={search_term_string}\"},\"query-input\":{\"@type\":\"PropertyValueSpecification\",\"valueRequired\":true,\"valueName\":\"search_term_string\"}}],\"inLanguage\":\"gl-ES\"},{\"@type\":\"Organization\",\"@id\":\"https:\\\/\\\/www.anovapeneira.gal\\\/#organization\",\"name\":\"A Nova Peneira\",\"url\":\"https:\\\/\\\/www.anovapeneira.gal\\\/\",\"logo\":{\"@type\":\"ImageObject\",\"inLanguage\":\"gl-ES\",\"@id\":\"https:\\\/\\\/www.anovapeneira.gal\\\/#\\\/schema\\\/logo\\\/image\\\/\",\"url\":\"http:\\\/\\\/www.anovapeneira.gal\\\/wp-content\\\/uploads\\\/2019\\\/06\\\/logo_a_nova_peneira_portal_web.png\",\"contentUrl\":\"http:\\\/\\\/www.anovapeneira.gal\\\/wp-content\\\/uploads\\\/2019\\\/06\\\/logo_a_nova_peneira_portal_web.png\",\"width\":300,\"height\":100,\"caption\":\"A Nova Peneira\"},\"image\":{\"@id\":\"https:\\\/\\\/www.anovapeneira.gal\\\/#\\\/schema\\\/logo\\\/image\\\/\"},\"sameAs\":[\"https:\\\/\\\/www.facebook.com\\\/anovapeneira\",\"https:\\\/\\\/x.com\\\/APeneira\"]},{\"@type\":\"Person\",\"@id\":\"https:\\\/\\\/www.anovapeneira.gal\\\/#\\\/schema\\\/person\\\/b93e3f8932e3f8da96334607eb6ac6aa\",\"name\":\"Redacci\u00f3n A Nova Peneira\",\"image\":{\"@type\":\"ImageObject\",\"inLanguage\":\"gl-ES\",\"@id\":\"https:\\\/\\\/secure.gravatar.com\\\/avatar\\\/c052a2551a06e23fac63626232eaa90abd78dbcf1700fc46a2b2c89fd27b735f?s=96&d=mm&r=g\",\"url\":\"https:\\\/\\\/secure.gravatar.com\\\/avatar\\\/c052a2551a06e23fac63626232eaa90abd78dbcf1700fc46a2b2c89fd27b735f?s=96&d=mm&r=g\",\"contentUrl\":\"https:\\\/\\\/secure.gravatar.com\\\/avatar\\\/c052a2551a06e23fac63626232eaa90abd78dbcf1700fc46a2b2c89fd27b735f?s=96&d=mm&r=g\",\"caption\":\"Redacci\u00f3n A Nova Peneira\"},\"sameAs\":[\"http:\\\/\\\/www.anovapeneira.gal\\\/\"],\"url\":\"https:\\\/\\\/www.anovapeneira.gal\\\/index.php\\\/author\\\/redactor\\\/\"}]}<\/script>\n<!-- \/ Yoast SEO plugin. -->","yoast_head_json":{"title":"Goi\u00e1n homenaxea \u00e1s s\u00faas \u2018Madri\u00f1as\u2019 -","description":"V\u00e9n de editarse un cat\u00e1logo para divulgar a vida e obra das mulleres que po\u00f1en nome \u00e1s aulas do centro","robots":{"index":"index","follow":"follow","max-snippet":"max-snippet:-1","max-image-preview":"max-image-preview:large","max-video-preview":"max-video-preview:-1"},"canonical":"https:\/\/www.anovapeneira.gal\/index.php\/2020\/12\/02\/goian-homenaxea-as-suas-madrinas\/","og_locale":"gl_ES","og_type":"article","og_title":"Goi\u00e1n homenaxea \u00e1s s\u00faas \u2018Madri\u00f1as\u2019 -","og_description":"V\u00e9n de editarse un cat\u00e1logo para divulgar a vida e obra das mulleres que po\u00f1en nome \u00e1s aulas do centro","og_url":"https:\/\/www.anovapeneira.gal\/index.php\/2020\/12\/02\/goian-homenaxea-as-suas-madrinas\/","article_publisher":"https:\/\/www.facebook.com\/anovapeneira","article_published_time":"2020-12-02T09:00:27+00:00","og_image":[{"width":720,"height":432,"url":"https:\/\/www.anovapeneira.gal\/wp-content\/uploads\/2020\/11\/mulleresexpo_goiana_a_nova_peneira.jpg","type":"image\/jpeg"}],"author":"Redacci\u00f3n A Nova Peneira","twitter_card":"summary_large_image","twitter_creator":"@APeneira","twitter_site":"@APeneira","twitter_misc":{"Escrito por":"Redacci\u00f3n A Nova Peneira","Tempo de lectura":"3 minutos"},"schema":{"@context":"https:\/\/schema.org","@graph":[{"@type":"Article","@id":"https:\/\/www.anovapeneira.gal\/index.php\/2020\/12\/02\/goian-homenaxea-as-suas-madrinas\/#article","isPartOf":{"@id":"https:\/\/www.anovapeneira.gal\/index.php\/2020\/12\/02\/goian-homenaxea-as-suas-madrinas\/"},"author":{"name":"Redacci\u00f3n A Nova Peneira","@id":"https:\/\/www.anovapeneira.gal\/#\/schema\/person\/b93e3f8932e3f8da96334607eb6ac6aa"},"headline":"Goi\u00e1n homenaxea \u00e1s s\u00faas \u2018Madri\u00f1as\u2019","datePublished":"2020-12-02T09:00:27+00:00","mainEntityOfPage":{"@id":"https:\/\/www.anovapeneira.gal\/index.php\/2020\/12\/02\/goian-homenaxea-as-suas-madrinas\/"},"wordCount":621,"commentCount":0,"publisher":{"@id":"https:\/\/www.anovapeneira.gal\/#organization"},"image":{"@id":"https:\/\/www.anovapeneira.gal\/index.php\/2020\/12\/02\/goian-homenaxea-as-suas-madrinas\/#primaryimage"},"thumbnailUrl":"https:\/\/www.anovapeneira.gal\/wp-content\/uploads\/2020\/11\/mulleresexpo_goiana_a_nova_peneira.jpg","keywords":["Concello de Tomi\u00f1o"],"articleSection":["Baixo Mi\u00f1o"],"inLanguage":"gl-ES","potentialAction":[{"@type":"CommentAction","name":"Comment","target":["https:\/\/www.anovapeneira.gal\/index.php\/2020\/12\/02\/goian-homenaxea-as-suas-madrinas\/#respond"]}]},{"@type":"WebPage","@id":"https:\/\/www.anovapeneira.gal\/index.php\/2020\/12\/02\/goian-homenaxea-as-suas-madrinas\/","url":"https:\/\/www.anovapeneira.gal\/index.php\/2020\/12\/02\/goian-homenaxea-as-suas-madrinas\/","name":"Goi\u00e1n homenaxea \u00e1s s\u00faas \u2018Madri\u00f1as\u2019 -","isPartOf":{"@id":"https:\/\/www.anovapeneira.gal\/#website"},"primaryImageOfPage":{"@id":"https:\/\/www.anovapeneira.gal\/index.php\/2020\/12\/02\/goian-homenaxea-as-suas-madrinas\/#primaryimage"},"image":{"@id":"https:\/\/www.anovapeneira.gal\/index.php\/2020\/12\/02\/goian-homenaxea-as-suas-madrinas\/#primaryimage"},"thumbnailUrl":"https:\/\/www.anovapeneira.gal\/wp-content\/uploads\/2020\/11\/mulleresexpo_goiana_a_nova_peneira.jpg","datePublished":"2020-12-02T09:00:27+00:00","description":"V\u00e9n de editarse un cat\u00e1logo para divulgar a vida e obra das mulleres que po\u00f1en nome \u00e1s aulas do centro","breadcrumb":{"@id":"https:\/\/www.anovapeneira.gal\/index.php\/2020\/12\/02\/goian-homenaxea-as-suas-madrinas\/#breadcrumb"},"inLanguage":"gl-ES","potentialAction":[{"@type":"ReadAction","target":["https:\/\/www.anovapeneira.gal\/index.php\/2020\/12\/02\/goian-homenaxea-as-suas-madrinas\/"]}]},{"@type":"ImageObject","inLanguage":"gl-ES","@id":"https:\/\/www.anovapeneira.gal\/index.php\/2020\/12\/02\/goian-homenaxea-as-suas-madrinas\/#primaryimage","url":"https:\/\/www.anovapeneira.gal\/wp-content\/uploads\/2020\/11\/mulleresexpo_goiana_a_nova_peneira.jpg","contentUrl":"https:\/\/www.anovapeneira.gal\/wp-content\/uploads\/2020\/11\/mulleresexpo_goiana_a_nova_peneira.jpg","width":720,"height":432,"caption":"Goi\u00e1n homenaxea \u00e1s s\u00faas \u2018Madri\u00f1as\u2019"},{"@type":"BreadcrumbList","@id":"https:\/\/www.anovapeneira.gal\/index.php\/2020\/12\/02\/goian-homenaxea-as-suas-madrinas\/#breadcrumb","itemListElement":[{"@type":"ListItem","position":1,"name":"Portada","item":"https:\/\/www.anovapeneira.gal\/"},{"@type":"ListItem","position":2,"name":"Goi\u00e1n homenaxea \u00e1s s\u00faas \u2018Madri\u00f1as\u2019"}]},{"@type":"WebSite","@id":"https:\/\/www.anovapeneira.gal\/#website","url":"https:\/\/www.anovapeneira.gal\/","name":"","description":"Xornal galego de informaci\u00f3n xeral Publicaci\u00f3n mensual de novas de Galicia e en especial dos Concellos da sur da provincia de Pontevedra.","publisher":{"@id":"https:\/\/www.anovapeneira.gal\/#organization"},"potentialAction":[{"@type":"SearchAction","target":{"@type":"EntryPoint","urlTemplate":"https:\/\/www.anovapeneira.gal\/?s={search_term_string}"},"query-input":{"@type":"PropertyValueSpecification","valueRequired":true,"valueName":"search_term_string"}}],"inLanguage":"gl-ES"},{"@type":"Organization","@id":"https:\/\/www.anovapeneira.gal\/#organization","name":"A Nova Peneira","url":"https:\/\/www.anovapeneira.gal\/","logo":{"@type":"ImageObject","inLanguage":"gl-ES","@id":"https:\/\/www.anovapeneira.gal\/#\/schema\/logo\/image\/","url":"http:\/\/www.anovapeneira.gal\/wp-content\/uploads\/2019\/06\/logo_a_nova_peneira_portal_web.png","contentUrl":"http:\/\/www.anovapeneira.gal\/wp-content\/uploads\/2019\/06\/logo_a_nova_peneira_portal_web.png","width":300,"height":100,"caption":"A Nova Peneira"},"image":{"@id":"https:\/\/www.anovapeneira.gal\/#\/schema\/logo\/image\/"},"sameAs":["https:\/\/www.facebook.com\/anovapeneira","https:\/\/x.com\/APeneira"]},{"@type":"Person","@id":"https:\/\/www.anovapeneira.gal\/#\/schema\/person\/b93e3f8932e3f8da96334607eb6ac6aa","name":"Redacci\u00f3n A Nova Peneira","image":{"@type":"ImageObject","inLanguage":"gl-ES","@id":"https:\/\/secure.gravatar.com\/avatar\/c052a2551a06e23fac63626232eaa90abd78dbcf1700fc46a2b2c89fd27b735f?s=96&d=mm&r=g","url":"https:\/\/secure.gravatar.com\/avatar\/c052a2551a06e23fac63626232eaa90abd78dbcf1700fc46a2b2c89fd27b735f?s=96&d=mm&r=g","contentUrl":"https:\/\/secure.gravatar.com\/avatar\/c052a2551a06e23fac63626232eaa90abd78dbcf1700fc46a2b2c89fd27b735f?s=96&d=mm&r=g","caption":"Redacci\u00f3n A Nova Peneira"},"sameAs":["http:\/\/www.anovapeneira.gal\/"],"url":"https:\/\/www.anovapeneira.gal\/index.php\/author\/redactor\/"}]}},"jetpack_featured_media_url":"https:\/\/www.anovapeneira.gal\/wp-content\/uploads\/2020\/11\/mulleresexpo_goiana_a_nova_peneira.jpg","_links":{"self":[{"href":"https:\/\/www.anovapeneira.gal\/index.php\/wp-json\/wp\/v2\/posts\/4382","targetHints":{"allow":["GET"]}}],"collection":[{"href":"https:\/\/www.anovapeneira.gal\/index.php\/wp-json\/wp\/v2\/posts"}],"about":[{"href":"https:\/\/www.anovapeneira.gal\/index.php\/wp-json\/wp\/v2\/types\/post"}],"author":[{"embeddable":true,"href":"https:\/\/www.anovapeneira.gal\/index.php\/wp-json\/wp\/v2\/users\/3"}],"replies":[{"embeddable":true,"href":"https:\/\/www.anovapeneira.gal\/index.php\/wp-json\/wp\/v2\/comments?post=4382"}],"version-history":[{"count":1,"href":"https:\/\/www.anovapeneira.gal\/index.php\/wp-json\/wp\/v2\/posts\/4382\/revisions"}],"predecessor-version":[{"id":4384,"href":"https:\/\/www.anovapeneira.gal\/index.php\/wp-json\/wp\/v2\/posts\/4382\/revisions\/4384"}],"wp:featuredmedia":[{"embeddable":true,"href":"https:\/\/www.anovapeneira.gal\/index.php\/wp-json\/wp\/v2\/media\/4383"}],"wp:attachment":[{"href":"https:\/\/www.anovapeneira.gal\/index.php\/wp-json\/wp\/v2\/media?parent=4382"}],"wp:term":[{"taxonomy":"category","embeddable":true,"href":"https:\/\/www.anovapeneira.gal\/index.php\/wp-json\/wp\/v2\/categories?post=4382"},{"taxonomy":"post_tag","embeddable":true,"href":"https:\/\/www.anovapeneira.gal\/index.php\/wp-json\/wp\/v2\/tags?post=4382"}],"curies":[{"name":"wp","href":"https:\/\/api.w.org\/{rel}","templated":true}]}}