{"id":4388,"date":"2020-12-03T10:00:23","date_gmt":"2020-12-03T09:00:23","guid":{"rendered":"http:\/\/www.anovapeneira.gal\/?p=4388"},"modified":"2020-12-03T12:15:14","modified_gmt":"2020-12-03T11:15:14","slug":"o-proxecto-de-instalacion-de-parques-eolicos-nas-serras-da-groba-e-o-galineiro","status":"publish","type":"post","link":"https:\/\/www.anovapeneira.gal\/index.php\/2020\/12\/03\/o-proxecto-de-instalacion-de-parques-eolicos-nas-serras-da-groba-e-o-galineiro\/","title":{"rendered":"O proxecto de instalaci\u00f3n de parques e\u00f3licos nas Serras da Groba e o Gali\u00f1eiro"},"content":{"rendered":"\n<p>O plano e\u00f3lico da Xunta de Galicia contempla a instalaci\u00f3n de 57 aeroxeradores de enormes dimensi\u00f3ns nestas d\u00faas zonas. En concreto prev\u00e9 situar 44 no espazo da serra da Groba e 13 nas 400 hect\u00e1reas de maior valor ecol\u00f3xico e patrimonial do monte do Gali\u00f1eiro. A tramitaci\u00f3n dos permisos necesarios para que as empresas, que te\u00f1an a concesi\u00f3n da s\u00faa explotaci\u00f3n, iniciasen os estudos necesarios para proceder \u00e1 montaxe dos mu\u00ed\u00f1os, produciuse en pleno estado de alarma, cando todas e todos estabamos obrigados a confinarnos nas nosas casas. Xa que logo a capacidade de resposta da sociedade civil quedaba moi seriamente limitada, cando non anulada, pois non exist\u00eda a posibilidade legal de xuntarse para poder consensuar opini\u00f3ns ou acci\u00f3ns de protesta. Asemade segundo nos informan distintos portavoces de asociaci\u00f3ns e colectivos ,que sobre o terreo se organizan a toda presa para tratar de loitar contra este novo desatino do PP, a opacidade informativa da administraci\u00f3n auton\u00f3mica \u00e9 absoluta. Ningu\u00e9n da Xunta se puxo en contacto coas persoas e asociaci\u00f3ns interesadas para comunicarlles o que vai pasar cos seus montes. Por outra parte, a procura de informaci\u00f3n resulta terriblemente dif\u00edcil e c\u00f3mpre pouco menos que un minucioso e denso traballo de investigaci\u00f3n digno dos mellores detectives para poderen co\u00f1ecer que \u00e9 o que a administraci\u00f3n galega ten previsto facer nestas d\u00faas zonas de singular importancia. Todas as persoas coas que falamos afirman con claridade que eles non est\u00e1n en contra das enerx\u00edas renovables. O modelo de enerx\u00edas baseadas en combustibles f\u00f3siles semella evidente que est\u00e1 esgotado. O car\u00e1cter finito dos combustibles e o perigo do quecemento global, e o conseguinte cambio clim\u00e1tico que a s\u00faa emisi\u00f3n \u00e1 atmosfera provoca fai imprescindible que a humanidade procure novos modelos de alimentaci\u00f3n enerx\u00e9tica. O consenso entre a comunidade cient\u00edfica ao respecto \u00e9 case un\u00e1nime. Ag\u00e1s o primo de Mariano Rajoy e alg\u00fan outro que se mova en formas carpetovet\u00f3nicas de interpretar a realidade ,hoxe practicamente ningu\u00e9n discute a necesidade de mudar de modelo enerx\u00e9tico. Por\u00e9n, o que non parece cabal \u00e9 este modelo de agresi\u00f3n brutal, a dous dos espazos m\u00e1is significativos e fermosos de Galicia, nunha inmensa operaci\u00f3n sobre a natureza que inevitablemente supor\u00e1 trastornos estruturais significativos a ambas serras, pois 57 mu\u00ed\u00f1os implican enormes toneladas de material a transportar para o que ser\u00eda imprescindible a construci\u00f3n de pistas e estradas, a transformaci\u00f3ns de h\u00e1bitats singulares e a posta en perigo, cando non a destruci\u00f3n, de patrimonio arqueol\u00f3xico e natural valios\u00edsimo.<\/p>\n\n\n\n<p>Non parece veros\u00edmil que o beneficio da poboaci\u00f3n sexa a motivaci\u00f3n real desta xigantesca operaci\u00f3n que, repito, de concretarse por\u00e1 en perigo de morte a supervivencia de dous dos espazos m\u00e1is significativos da nosa contorna. As\u00ed pois,&nbsp;en 2019 a poboaci\u00f3n do Baiona, Gondomar, Nigr\u00e1n, Oia, O Rosal, Tomi\u00f1o e A Guarda era de 77.000 habitantes. Para abastecer de electricidade a esta poboaci\u00f3n ser\u00edan necesarios 13 a\u00e9reo xeradores de 2 MW e tan s\u00f3 7 de 3 MW. Tan s\u00f3 na Serra da Groba vanse instalar 44!<\/p>\n\n\n\n<h2 class=\"wp-block-heading\"><strong>Por que?, Para que ?, A quen beneficia esa situaci\u00f3n?<\/strong><\/h2>\n\n\n\n<p>Se consideramos a situaci\u00f3n doutros concellos do pa\u00eds galego nos que xa hai bastantes anos que viviron a instalaci\u00f3n de parques e\u00f3licos semellantes ser\u00eda relevante responder con rigor \u00e1s seguintes preguntas:<\/p>\n\n\n\n<h2 class=\"wp-block-heading\"><strong>-Os parques e\u00f3licos contribu\u00edron a mitigar o grave problema demogr\u00e1fico que ten o rural galego?<\/strong><\/h2>\n\n\n\n<h2 class=\"wp-block-heading\"><strong>-Os parques e\u00f3licos contribu\u00edron \u00e1 creaci\u00f3n de emprego estable na poboaci\u00f3n galega?<\/strong><\/h2>\n\n\n\n<h2 class=\"wp-block-heading\"><strong>-Os parques e\u00f3licos contribu\u00edron a facer m\u00e1is barato o prezo da electricidade ao consumidor?<\/strong><\/h2>\n\n\n\n<h2 class=\"wp-block-heading\"><strong>-A poboaci\u00f3n foi compensada dalgunha maneira polo enorme impacto que estas inmensas estruturas supuxeron na s\u00faa vida coti\u00e1?<\/strong><\/h2>\n\n\n\n<h2 class=\"has-vivid-cyan-blue-color has-text-color wp-block-heading\"><strong>Lamentablemente a resposta a todas esas cuesti\u00f3ns semella ser NON.<\/strong><\/h2>\n\n\n\n<p>En Galicia existen no momento presente 4.026 mu\u00ed\u00f1os en 106 concellos diferentes. Analizada a poboaci\u00f3n de 56 destes lugares vemos como en 50 deles o volume de persoas que viv\u00edan neles descendeu nos \u00faltimos 24 anos unha media do 28%.Sigamos baixando ao terreo do concreto e imos falar a modo de exemplo dun dos Concellos da nosa \u00e1rea de influencia, o Concello de Covelo. Neste concello instal\u00e1base un parque e\u00f3lico no ano 2.006.En xaneiro dese mesmo ano o alcalde naquel momento Jos\u00e9 Costa do PP, declaraba nunha reportaxe ao respecto en La Voz de Galicia:<\/p>\n\n\n\n<p>\u201cO parque e\u00f3lico \u00e9 unha aposta de futuro que dar\u00e1 beneficios para todos a longo prazo\u201d<\/p>\n\n\n\n<p>Por desgraza a realidade dos feitos emp\u00e9\u00f1ase en desmentir a propaganda, e se botamos unha ollada \u00e1 evoluci\u00f3n da poboaci\u00f3n de Covelo vemos que esta non para de baixar. No ano 2.006 viv\u00edan en Covelo 3.602 persoas e no ano 2.019 a cifra de habitantes baixara ata os 2.396.Un 33 % das persoas que viv\u00edan nese concello, en tan s\u00f3 13 anos, xa non viven nel<\/p>\n\n\n\n<h2 class=\"wp-block-heading\"><strong>Onde est\u00e1 a fixaci\u00f3n de poboaci\u00f3n?<\/strong><\/h2>\n\n\n\n<h2 class=\"wp-block-heading\"><strong>Onde est\u00e1 a promoci\u00f3n do emprego?<\/strong><\/h2>\n\n\n\n<h2 class=\"wp-block-heading\"><strong>Por que temos que pensar que nos concellos da contorna da Groba e do Gali\u00f1eiro vai ser diferente?<\/strong><\/h2>\n\n\n\n<p>Na actualidade o buque insignia da industria e\u00f3lica en Galicia, a factor\u00eda de Siemens Gamesa referente na fabricaci\u00f3n de pas para aeroxeradores instalada no concello d&#8217;As Somozas, est\u00e1 en plena crise. Anuncia o despedimento de 52 traballadores\/-as e a rebaixa da s\u00faa produci\u00f3n semanal de pas: de nove a catro. A propia empresa explica que &#8220;todos os escenarios son posibles, mesmo o peche definitivo por cesamento da actividade\u201d<\/p>\n\n\n\n<h4 class=\"has-vivid-cyan-blue-color has-text-color wp-block-heading\">Como \u00e9 posible que ante a inminencia da instalaci\u00f3n de novos parques e\u00f3licos a principal empresa da industria e\u00f3lica do nos pa\u00eds estea despedindo persoas e incluso considerando a posibilidade de pechar a factor\u00eda por cese de actividade?<\/h4>\n\n\n\n<p>M\u00e1is de 60 colectivos un\u00edronse asinando un manifesto no que amosan a s\u00faa oposici\u00f3n rotunda a instalaci\u00f3n destes parques e\u00f3licos nas Serras da Groba e o Gali\u00f1eiro e argumentan as raz\u00f3ns que motivan a s\u00faa posici\u00f3n. Por outra banda semella que a posici\u00f3n das corporaci\u00f3ns afectadas vai tam\u00e9n por ese mesmo cami\u00f1o. Nese sentido temos que destacar a unanimidade acadada no Concello de Oia, un dos m\u00e1is afectados, no que incluso o equipo de goberno do PP votou a favor dunha moci\u00f3n presentada polo BNG que manifestaba o seu rexeitamento aos parques e\u00f3licos no seu territorio. Para saber m\u00e1is do estado das cousas acheg\u00e1monos ao terreo e falamos cos representantes de tres colectivos directamente implicados:<\/p>\n\n\n\n<h4 class=\"has-vivid-cyan-blue-color has-text-color wp-block-heading\"><strong>O IEM( Instituto de estudos mi\u00f1oranos)<\/strong><\/h4>\n\n\n\n<h4 class=\"has-vivid-cyan-blue-color has-text-color wp-block-heading\"><strong>Xos\u00e9 Ant\u00f3n Rodr\u00edguez presidente da comunidade de montes de Santa Mar\u00eda de Oia<\/strong><\/h4>\n\n\n\n<h4 class=\"has-vivid-cyan-blue-color has-text-color wp-block-heading\"><strong>Alberto Covelo presidente da comunidade de montes de Vincios<\/strong><\/h4>\n\n\n\n<p>Vela\u00ed vai o que deron de si as tres conversas<\/p>\n\n\n\n<h2 class=\"has-vivid-cyan-blue-color has-text-color wp-block-heading\"><strong>IEM<\/strong><\/h2>\n\n\n\n<hr class=\"wp-block-separator\"\/>\n\n\n\n<p>Falamos con Xos\u00e9 Lois, Bruno, Xilberte, Bieito, Juan e Alex<\/p>\n\n\n\n<h4 class=\"wp-block-heading\">\u201c<strong>A ALGU\u00c9N SE LLE OCORRER\u00cdA IR AO SERENGUETI A METER MU\u00cd\u00d1OS?,POIS \u00c1 XUNTA DE GALICIA, SI.\u201d<\/strong><\/h4>\n\n\n\n<h4 class=\"wp-block-heading\">\u201cN\u00d3S NON ESTAMOS EN CONTRA DAS ENERX\u00cdAS RENOVABLES, ESTAMOS EN CONTRA DESTE MODELO ENERX\u00c9TICO COLONIZADOR QUE NOS QUERE IMP\u00d3R O PP\u201d<\/h4>\n\n\n\n<p><strong>Ben, malia que este \u00e9 unha entrevista motivada polo suposto intento de chantar un parque e\u00f3lico na Groba e no Gali\u00f1eiro, quixera iniciar a conversa d\u00e1ndovos os parab\u00e9ns pola distinci\u00f3n tan importante que vos concedeu o concello de Baiona que supo\u00f1o que vos far\u00eda ilusi\u00f3n?<\/strong><\/p>\n\n\n\n<blockquote class=\"wp-block-quote is-layout-flow wp-block-quote-is-layout-flow\"><p>N\u00f3s non somos de premios, non \u00e9 iso o que buscamos co noso traballo. A\u00ednda que o reco\u00f1ecemento do que facemos si que \u00e9 de agradecer, dependendo de quen ve\u00f1a claro, porque se isto vi\u00f1ese da Xunta n\u00f3s non iriamos recoller o premio.<\/p><\/blockquote>\n\n\n\n<p><strong>Xa vexo que v\u00f3s sodes un pouco daquela forma de ser que de forma tan bonita describ\u00eda Machado: \u201cNunca persegu\u00ed la gloria de dejar en la memoria de las gentes mi canci\u00f3n\u201d?<\/strong><\/p>\n\n\n\n<blockquote class=\"wp-block-quote is-layout-flow wp-block-quote-is-layout-flow\"><p>Exactamente, n\u00f3s somos de significados e non de significantes. N\u00f3s, tanto nos concellos en particular como na sociedade en xeral buscamos outras cousas, por exemplo o compromiso, e non os premios.<\/p><\/blockquote>\n\n\n\n<p><strong>Unha pregunta inicial para contextualizar a situaci\u00f3n: O IEM e as distintas plataformas que estades amosando a vosa oposici\u00f3n aos proxectos dos parques e\u00f3licos na Groba e no Gali\u00f1eiro, estades en contra das enerx\u00edas renovables?<\/strong><\/p>\n\n\n\n<blockquote class=\"wp-block-quote is-layout-flow wp-block-quote-is-layout-flow\"><p>Non, claro que non. N\u00f3s estamos en contra deste modelo enerx\u00e9tico colonizador que nos quere meter o PP, a dereita e o capital. N\u00f3s estamos pola produci\u00f3n dom\u00e9stica de enerx\u00eda<\/p><\/blockquote>\n\n\n\n<figure class=\"wp-block-image size-large is-style-default\"><img loading=\"lazy\" decoding=\"async\" width=\"720\" height=\"432\" src=\"http:\/\/www.anovapeneira.gal\/wp-content\/uploads\/2020\/11\/parques_eolicos_nas_serras_da_Groba2.jpg\" alt=\"O proxecto de instalaci\u00f3n de parques e\u00f3licos nas Serras da Groba e o Gali\u00f1eiro\" class=\"wp-image-4395\" srcset=\"https:\/\/www.anovapeneira.gal\/wp-content\/uploads\/2020\/11\/parques_eolicos_nas_serras_da_Groba2.jpg 720w, https:\/\/www.anovapeneira.gal\/wp-content\/uploads\/2020\/11\/parques_eolicos_nas_serras_da_Groba2-300x180.jpg 300w\" sizes=\"auto, (max-width: 720px) 100vw, 720px\" \/><\/figure>\n\n\n\n<p><strong>Entrando en materia, dic\u00eddeme cando e como co\u00f1ecedes a existencia do proxecto e\u00f3lico na Groba?<\/strong><\/p>\n\n\n\n<blockquote class=\"wp-block-quote is-layout-flow wp-block-quote-is-layout-flow\"><p>Foi en pleno confinamento, recibimos un correo dun especialista inform\u00e1ndonos do tema&nbsp;<\/p><\/blockquote>\n\n\n\n<p><strong>Quen vos informou?<\/strong><\/p>\n\n\n\n<blockquote class=\"wp-block-quote is-layout-flow wp-block-quote-is-layout-flow\"><p>Dami\u00e1n Copena, unha persoa que estivo na Universidade de Vigo, logo na de Lisboa e agora na de Oviedo, e a s\u00faa especialidade \u00e9 precisamente a dos parques e\u00f3licos. El leva traballado moit\u00edsimo sobre o tema da pegada econ\u00f3mica e social dos parques e\u00f3licos en Galicia<\/p><\/blockquote>\n\n\n\n<p><strong>E en que consistiu a informaci\u00f3n?<\/strong><\/p>\n\n\n\n<blockquote class=\"wp-block-quote is-layout-flow wp-block-quote-is-layout-flow\"><p>En principio vimos que o plano e\u00f3lico de Galicia determinaba que o que era un parque e\u00f3lico na Groba agora pasaban a ser 6 parques, e o n\u00famero de mu\u00ed\u00f1os que queren meter na serra aumentaba ata os 44.<\/p><\/blockquote>\n\n\n\n<p><strong>Cal foi a vosa reacci\u00f3n?<\/strong><\/p>\n\n\n\n<blockquote class=\"wp-block-quote is-layout-flow wp-block-quote-is-layout-flow\"><p>Tes que pensar que estabamos en pleno confinamento, polo que o ti\u00f1amos moi dif\u00edcil, pero a\u00ednda as\u00ed comezamos a movernos e inter actuar virtualmente porque somos conscientes de que coa lei de fomento das iniciativas empresariais que tan atinadamente se deu en chamar \u201c lei de depredaci\u00f3n\u201d os prazos administrativos axil\u00edzanse moito. Os prazos para facer alegaci\u00f3ns de calquera tipo diminu\u00edron tanto que non hai posibilidade de facer mobilizaci\u00f3ns nin de artellar unha resposta adecuada por parte da sociedade civil. Esta lei \u00e9 estudada ao lonxe porque como se di vulgarmente o capital descansa pero non dorme.<\/p><\/blockquote>\n\n\n\n<p><strong>E consensuastes algunha resposta?<\/strong><\/p>\n\n\n\n<blockquote class=\"wp-block-quote is-layout-flow wp-block-quote-is-layout-flow\"><p>Falamos cos compa\u00f1eir@s da plataforma do gali\u00f1eiro e de SOS Groba e a primeira resposta foi tentar que os partidos pol\u00edticos, antes da campa\u00f1a das auton\u00f3micas que \u00e9 no momento no que estabamos, manifestaran a s\u00faa posici\u00f3n ao respecto. Fixemos un pequeno documento que enviamos a todos os partidos pol\u00edticos que ti\u00f1an representaci\u00f3n en todos os concellos afectados<\/p><\/blockquote>\n\n\n\n<p><strong>Cales son todos os concellos afectados?<\/strong><\/p>\n\n\n\n<blockquote class=\"wp-block-quote is-layout-flow wp-block-quote-is-layout-flow\"><p>Se falamos do Gali\u00f1eiro e da Groba: Vigo, Mos, O Porri\u00f1o, Gondomar, Tomi\u00f1o, O Rosal, Oia, Baiona e indirectamente Nigr\u00e1n<\/p><\/blockquote>\n\n\n\n<p><strong>Mandastes o documento a todos os partidos que te\u00f1en representaci\u00f3n nas corporaci\u00f3ns de todos eses Concellos?<\/strong><\/p>\n\n\n\n<blockquote class=\"wp-block-quote is-layout-flow wp-block-quote-is-layout-flow\"><p>Si, a todos e cada un<\/p><\/blockquote>\n\n\n\n<p><strong>Cal foi a resposta?<\/strong><\/p>\n\n\n\n<blockquote class=\"wp-block-quote is-layout-flow wp-block-quote-is-layout-flow\"><p>Recibimos contestaci\u00f3n de Podemos Val Mi\u00f1or, de Manifesto Mi\u00f1or do BNG da comarca de Vigo e do resto a\u00ednda estamos \u00e1 espera<\/p><\/blockquote>\n\n\n\n<p><strong>As respostas recibidas en que termos foron?<\/strong><\/p>\n\n\n\n<blockquote class=\"wp-block-quote is-layout-flow wp-block-quote-is-layout-flow\"><p>As tres organizaci\u00f3ns amosaban unha posici\u00f3n claramente contraria a eses parques e\u00f3licos<\/p><\/blockquote>\n\n\n\n<p><strong>E o PSOE e o PP non vos deron contestaci\u00f3n?<\/strong><\/p>\n\n\n\n<blockquote class=\"wp-block-quote is-layout-flow wp-block-quote-is-layout-flow\"><p>Non, non o fixeron. C\u00f3mpre engadir por\u00e9n que na nosa \u00e1rea principal de actuaci\u00f3n si pedimos aos concellos que asemade dos partidos manifestaran a s\u00faa opini\u00f3n. Nigr\u00e1n foi o primeiro que o levou a pleno, e o resultado foi a posici\u00f3n contraria do Concello ao parque e\u00f3lico<\/p><\/blockquote>\n\n\n\n<p><strong>Un\u00e1nime?<\/strong><\/p>\n\n\n\n<blockquote class=\"wp-block-quote is-layout-flow wp-block-quote-is-layout-flow\"><p>Non, O PP abst\u00edvose<\/p><\/blockquote>\n\n\n\n<p><strong>Os demais Concellos?<\/strong><\/p>\n\n\n\n<blockquote class=\"wp-block-quote is-layout-flow wp-block-quote-is-layout-flow\"><p>En Gondomar pasou exactamente o mesmo, sa\u00edu o rexeitamento aos parques e\u00f3licos coa abstenci\u00f3n do PP. Aqu\u00ed debemos destacar e valorar a actitude espelida do seu alcalde. E en Oia a moci\u00f3n que presentou o BNG foi aprobada por unanimidade. En Baiona no momento de realizar esta reportaxe a\u00ednda non se celebrara o pleno no que se \u00eda tratar. Estamos pendentes tam\u00e9n da toma de posici\u00f3n de Tomi\u00f1o e O Rosal.<\/p><\/blockquote>\n\n\n\n<p><strong>E de Mos, Porri\u00f1o e Vigo sabemos algo?<\/strong><\/p>\n\n\n\n<blockquote class=\"wp-block-quote is-layout-flow wp-block-quote-is-layout-flow\"><p>Non, de momento non sabemos nada.<\/p><\/blockquote>\n\n\n\n<p><strong>No momento presente, finais de novembro, cal \u00e9 o estado das cousas sobre o terreo, na Groba?<\/strong><\/p>\n\n\n\n<blockquote class=\"wp-block-quote is-layout-flow wp-block-quote-is-layout-flow\"><p>Ben, en pleno confinamento co\u00f1ecemos que hai maquinaria na Groba e indo ata al\u00ed vimos a unha empresa facendo uns buracos para p\u00f3r unha antena metereol\u00f3xica<\/p><\/blockquote>\n\n\n\n<p><strong>Sabemos quen contratou a esa empresa?<\/strong><\/p>\n\n\n\n<blockquote class=\"wp-block-quote is-layout-flow wp-block-quote-is-layout-flow\"><p>Acciona. N\u00f3s preguntamos se ti\u00f1an todos os permisos pertinentes e o enxe\u00f1eiro que estaba al\u00ed contestou que \u201cpor suposto\u201d<\/p><\/blockquote>\n\n\n\n<p><strong>E temos constancia de que \u00e9 as\u00ed?<\/strong><\/p>\n\n\n\n<blockquote class=\"wp-block-quote is-layout-flow wp-block-quote-is-layout-flow\"><p>N\u00f3s metemos un escrito por rexistro no Concello de Baiona o 27\/10 ,pedindo ver o expediente, e contest\u00e1ronnos o 20\/11 dicindo que si os ti\u00f1an. Temos constancia pola resposta do Concello, pero ver, o expediente, a n\u00f3s non nos deixaron<\/p><\/blockquote>\n\n\n\n<p><strong>Que \u00e9 o que fixeron esas persoas na Groba?<\/strong><\/p>\n\n\n\n<blockquote class=\"wp-block-quote is-layout-flow wp-block-quote-is-layout-flow\"><p>Arredor de 10 ou 12 buracos para ancorar uns soportes sobre os que puxeron algo parecido a unha especie de mastro dun barco. Iso no alto e na gabi\u00f1eira, que \u00e9 al\u00ed ao lado, puxeron un aparello estra\u00f1o que seica \u00e9 unha estaci\u00f3n metereol\u00f3xica<\/p><\/blockquote>\n\n\n\n<p><strong>Cal ser\u00e1 o obxecto da instalaci\u00f3n deses instrumentos na Groba?<\/strong><\/p>\n\n\n\n<blockquote class=\"wp-block-quote is-layout-flow wp-block-quote-is-layout-flow\"><p>Pois entendemos que facer medici\u00f3ns para estudar a colocaci\u00f3n dos 44 mu\u00ed\u00f1os que o plano e\u00f3lico de Galicia permite colocar na Serra da Groba<\/p><\/blockquote>\n\n\n\n<p><strong>Ese plano e\u00f3lico quen o elaborou?<\/strong><\/p>\n\n\n\n<blockquote class=\"wp-block-quote is-layout-flow wp-block-quote-is-layout-flow\"><p>A Xunta de Galicia<\/p><\/blockquote>\n\n\n\n<p><strong>Cal \u00e9 a vosa posici\u00f3n sobre a lei e\u00f3lica de Galicia?<\/strong><\/p>\n\n\n\n<blockquote class=\"wp-block-quote is-layout-flow wp-block-quote-is-layout-flow\"><p>Estamos en contra pois esa lei non favorece nin ao tecido empresarial do pa\u00eds, nin aos propietarios do terreo nin aos consumidores. S\u00f3 favorece aos grandes produtores<\/p><\/blockquote>\n\n\n\n<p><strong>A luz non \u00e9 m\u00e1is barata al\u00e1 onde se produce?<\/strong><\/p>\n\n\n\n<blockquote class=\"wp-block-quote is-layout-flow wp-block-quote-is-layout-flow\"><p>Non, radicalmente non.<\/p><\/blockquote>\n\n\n\n<p><strong>Ser zona produtora supo\u00f1o que xerar\u00e1 alg\u00fan tipo de beneficio?<\/strong><\/p>\n\n\n\n<blockquote class=\"wp-block-quote is-layout-flow wp-block-quote-is-layout-flow\"><p>Xera unhas rendas \u00ednfimas en comparaci\u00f3n coas inmensas desfeitas que provoca.<\/p><\/blockquote>\n\n\n\n<p><strong>\u00c9 f\u00e1cil localizar informaci\u00f3n sobre estes parques?<\/strong><\/p>\n\n\n\n<blockquote class=\"wp-block-quote is-layout-flow wp-block-quote-is-layout-flow\"><p>Non, todo o contrario \u00e9 inmensamente dif\u00edcil. As p\u00e1xinas da Xunta son un aut\u00e9ntico labirinto e al\u00e9n de que hai unha total opacidade informativa , a informaci\u00f3n , cando a atopas, resulta en moitas ocasi\u00f3ns contraditoria.<\/p><\/blockquote>\n\n\n\n<p><strong>En que fontes de informaci\u00f3n bebedes v\u00f3s?<\/strong><\/p>\n\n\n\n<blockquote class=\"wp-block-quote is-layout-flow wp-block-quote-is-layout-flow\"><p>Da Xunta, das construtoras e das promotoras, do Instituto nacional de estat\u00edstica&#8230;.Procuramos acadar informaci\u00f3n de todos os sitios que podemos e as nosas conclusi\u00f3ns resultan da an\u00e1lise dos datos<\/p><\/blockquote>\n\n\n\n<blockquote class=\"wp-block-quote is-layout-flow wp-block-quote-is-layout-flow\"><p>De feito, cada conclusi\u00f3n que emitimos sempre vai sustentada por todas as fontes informativas das que sacamos os datos necesarios.<\/p><\/blockquote>\n\n\n\n<p><strong>V\u00f3s credes que pronto vai estourar todo?<\/strong><\/p>\n\n\n\n<blockquote class=\"wp-block-quote is-layout-flow wp-block-quote-is-layout-flow\"><p>Estamos \u00e1 expectativa. O \u00fanico que sabemos \u00e9 que na p\u00e1xina da Xunta concr\u00e9tanse as coordenadas de 57 a\u00e9reo xeradores , 44 na Groba e 13 no Gali\u00f1eiro<\/p><\/blockquote>\n\n\n\n<p><strong>Segundo esas coordenadas, os parques son municipais?<\/strong><\/p>\n\n\n\n<blockquote class=\"wp-block-quote is-layout-flow wp-block-quote-is-layout-flow\"><p>Non, alg\u00fans son supra municipais<\/p><\/blockquote>\n\n\n\n<p><strong>No caso de que finalmente o plano e\u00f3lico se concretase tal como est\u00e1 dese\u00f1ado, que supor\u00eda?<\/strong><\/p>\n\n\n\n<blockquote class=\"wp-block-quote is-layout-flow wp-block-quote-is-layout-flow\"><p>A altitude m\u00e1xima da Groba son 650 metros e estamos falando de mu\u00ed\u00f1os de 200 metros de altura. \u00c9 dicir cada mu\u00ed\u00f1o mide 1\/3 da altitude m\u00e1xima da Groba. O Gali\u00f1eiro ten 750 metros de altura m\u00e1xima, e igualmente m\u00e1ndanlle al\u00ed mu\u00ed\u00f1os de 200 metros. O impacto ser\u00eda brutal. F\u00edxate, seguro que co\u00f1eces a ponte de Rande. Esta Ponte ten desde a plataforma de rodaxe ata o cumio 80 metros de altura m\u00e1is o que lle puxeron agora para os novos tirantes. Seguro que como a todo o mundo cada vez que pasas pola ponte de Rande par\u00e9ceche brutal, pois comp\u00e1raa esa altura cos 200 metros dos mu\u00ed\u00f1os.<\/p><\/blockquote>\n\n\n\n<p><strong>Cantas pas levan os mu\u00ed\u00f1os e que lonxitude te\u00f1en?<\/strong><\/p>\n\n\n\n<blockquote class=\"wp-block-quote is-layout-flow wp-block-quote-is-layout-flow\"><p>Son 3 pas por mu\u00ed\u00f1o e de 57 metros de lonxitude cada unha. Exactamente o que mide de alto a Torre de H\u00e9rcules na Coru\u00f1a<\/p><\/blockquote>\n\n\n\n<p><strong>E hainos que montar no chan claro?<\/strong><\/p>\n\n\n\n<blockquote class=\"wp-block-quote is-layout-flow wp-block-quote-is-layout-flow\"><p>Si, claro e facer uns encofrados no chan que miden 25&#215;25 por 3 de profundidade. Sigamos coas comparativas e digamos que un Vitrasa mide 12 metros de longo. Far\u00edan falta dous vitrasas, un detr\u00e1s de outro para ver o longo da base que fai falta constru\u00edr no chan para montar cada mu\u00ed\u00f1o. E a Groba e o Gali\u00f1eiro non son terra, son fundamentalmente rocha, e iso non se saca cunha pa e cun cazo<\/p><\/blockquote>\n\n\n\n<p><strong>Dinamita?<\/strong><\/p>\n\n\n\n<blockquote class=\"wp-block-quote is-layout-flow wp-block-quote-is-layout-flow\"><p>Si claro, non queda outra. E que vai pasar con todo ese entullo?. Temos un problema moi serio referente \u00e1 montaxe dos mu\u00ed\u00f1os. De que maneira o queren facer?. Un monstro como ese non \u00e9 algo que se semente e xa est\u00e1, \u00e9 imprescindible utilizar maquinaria pesada para o seu transporte e modificar substancialmente o terreo para poder facer as pistas necesarias que faciliten o seu traslado<\/p><\/blockquote>\n\n\n\n<p><strong>As pistas que existen na actualidade non ser\u00edan suficientes?<\/strong><\/p>\n\n\n\n<blockquote class=\"wp-block-quote is-layout-flow wp-block-quote-is-layout-flow\"><p>De ningunha maneira. Ser\u00eda imprescindible a construci\u00f3n de pistas novas que supor\u00edan na pr\u00e1ctica, arrasar coa serra. E por desgraza non s\u00f3 \u00e9 nestas d\u00faas serras, \u00e9 as\u00ed en toda Galicia. O futuro que te\u00f1en dese\u00f1ado para o pa\u00eds \u00e9 un pa\u00eds e\u00f3lico, madeireiro e mineiro.<\/p><\/blockquote>\n\n\n\n<p><strong>O impacto deses mu\u00ed\u00f1os se finalmente se constr\u00faen ir\u00eda moito m\u00e1is al\u00e1 do ambiental e o paisax\u00edstico, verdade?<\/strong><\/p>\n\n\n\n<blockquote class=\"wp-block-quote is-layout-flow wp-block-quote-is-layout-flow\"><p>Si claro. A serra da Groba alberga h\u00e1bitats e especies que est\u00e1n inclu\u00eddas na directiva HABITAT europea que obriga \u00e1s administraci\u00f3ns a protexer. Este parque e\u00f3lico est\u00e1 encima de espazos de interese comunitario. \u00c9 dicir non s\u00f3 non se conservan os espazos naturais que temos a obriga legal de conservar sen\u00f3n que a\u00ednda por riba se pretende estragalos. Incluso hai un inventario de zonas h\u00famidas que sit\u00faan na serra da Groba dous lugares en concreto como zonas de especial interese a protexer, e estes parques e\u00f3licos est\u00e1n enriba deles. A destruci\u00f3n ambiental ser\u00eda tremenda pero \u00e9 que non queda s\u00f3 niso, tam\u00e9n afectar\u00eda aos cursos de auga cunha alteraci\u00f3n brutal do r\u00e9xime h\u00eddrico. E unha cousa na que tam\u00e9n estamos traballando \u00e9 do que a xente non \u00e9 moi consciente a\u00ednda \u00e9 que os mu\u00ed\u00f1os te\u00f1en unha vida media de arredor de 20\/25 anos<\/p><\/blockquote>\n\n\n\n<p><strong>E que se fai cos que caen en desuso?<\/strong><\/p>\n\n\n\n<blockquote class=\"wp-block-quote is-layout-flow wp-block-quote-is-layout-flow\"><p>Pois hoxe en d\u00eda, no caso das pas non hai mecanismos de reciclaxe e haber\u00e1 que soterralas ou mandalas a vertedoiros, e en Galicia estamos cerca de enfrontarnos a esa realidade pois os parques m\u00e1is antigos xa est\u00e1n a piques de cumprir esa idade. E claro, os mu\u00ed\u00f1os novos non se poden montar nas zapatas dos vellos, iso \u00e9 imposible, co que non queda outra que constru\u00edlas novas<\/p><\/blockquote>\n\n\n\n<p><strong>A Groba \u00e9 unha zona de alt\u00edsimo valor arqueol\u00f3xico, supo\u00f1o que tam\u00e9n se ver\u00eda afectado ese patrimonio?<\/strong><\/p>\n\n\n\n<blockquote class=\"wp-block-quote is-layout-flow wp-block-quote-is-layout-flow\"><p>E tanto que si. Na Groba hai arredor de 500 xacementos arqueol\u00f3xicos moitos deles sen catalogar. Sobre todo hai arte rupestre pero tam\u00e9n m\u00e1moas e minas de ouro romanas e desde logo que se ver\u00edan seriamente afectados<\/p><\/blockquote>\n\n\n\n<p><strong>E no que respecta aos cabalos?<\/strong><\/p>\n\n\n\n<blockquote class=\"wp-block-quote is-layout-flow wp-block-quote-is-layout-flow\"><p>Segundo a hip\u00f3tese de Felipe B\u00e1rcenas son os \u00fanicos e \u00faltimos cabalos salvaxes que hai no mundo. Unha hip\u00f3tese bastante plausible<\/p><\/blockquote>\n\n\n\n<p><strong>Cantos hai?<\/strong><\/p>\n\n\n\n<blockquote class=\"wp-block-quote is-layout-flow wp-block-quote-is-layout-flow\"><p>1.500.Un patrimonio important\u00edsimo que se ver\u00eda en serio perigo. En verdade a algu\u00e9n se lle ocorrer\u00eda ir ao Serengeti a meter mu\u00ed\u00f1os?, pois \u00e1 Xunta de Galicia, si. Hai zonas da Groba nas que \u00e9 imposible chegar se non se constr\u00faen pistas novas e moito m\u00e1is amplas, e iso implicar\u00eda indefectiblemente afectar \u00e1s \u00e1reas de pastos naturais dos cabalos<\/p><\/blockquote>\n\n\n\n<p><strong>Imos falar dos datos deses parques e\u00f3licos m\u00e1is antigos que xa te\u00f1en cerca de 20 anos para ver se a realidade confirma ou desminte os supostos beneficios da s\u00faa instalaci\u00f3n. Como repercutiron eses mu\u00ed\u00f1os na poboaci\u00f3n local e na poboaci\u00f3n comarcal?<\/strong><\/p>\n\n\n\n<blockquote class=\"wp-block-quote is-layout-flow wp-block-quote-is-layout-flow\"><p>N\u00f3s tam\u00e9n temos investigado ao respecto, e consideramos que haber\u00eda que responder de maneira rigorosa \u00e1s seguintes preguntas: Diminu\u00edu o paro?, mellorou a calidade de vida dos seus habitantes? aumentou a poboaci\u00f3n?, polo menos freouse a s\u00faa ca\u00edda?, baixou o prezo da electricidade?<\/p><\/blockquote>\n\n\n\n<p><strong>Estou desexando saber a resposta a todas esas preguntas?<\/strong><\/p>\n\n\n\n<blockquote class=\"wp-block-quote is-layout-flow wp-block-quote-is-layout-flow\"><p>A resposta \u00e9 un rotundo non a todas e a cada unha delas.<\/p><\/blockquote>\n\n\n\n<p><strong>Pero xerar\u00e1n postos de traballo?<\/strong><\/p>\n\n\n\n<blockquote class=\"wp-block-quote is-layout-flow wp-block-quote-is-layout-flow\"><p>S\u00f3 mentres se constr\u00faen, logo desaparecen pois unha mesma empresa leva o mantemento de arredor de media ducia de parques<\/p><\/blockquote>\n\n\n\n<p><strong>Supor\u00e1n alg\u00fan tipo de beneficio?<\/strong><\/p>\n\n\n\n<blockquote class=\"wp-block-quote is-layout-flow wp-block-quote-is-layout-flow\"><p>Para as grandes empresas, si, claro.<\/p><\/blockquote>\n\n\n\n<p><strong>Poderiades mencionar alg\u00fan exemplo concreto que te\u00f1ades estudado?<\/strong><\/p>\n\n\n\n<blockquote class=\"wp-block-quote is-layout-flow wp-block-quote-is-layout-flow\"><p>Si, falamos por exemplo do concello de Muras, na provincia de Lugo. Este Concello ten arredor de 270 kmts cadrados e ten 700 habitantes .Te\u00f1en 381 mu\u00ed\u00f1os montados, un para cada 0,5 persoas. Nese concello te\u00f1en un bono el\u00e9ctrico para as unidades familiares cun m\u00e1ximo de 600\u20ac ao ano e depende da renda desas familias<\/p><\/blockquote>\n\n\n\n<p><strong>E a poboaci\u00f3n desde que se instalaron os aeroxeradores medrou?<\/strong><\/p>\n\n\n\n<blockquote class=\"wp-block-quote is-layout-flow wp-block-quote-is-layout-flow\"><p>Non, baixou desde as novecentas e pico que eran naquel momento \u00e1s seiscentas e pico que son na actualidade. Pero non \u00e9 que se mudaran \u00e1s principais vilas da comarca \u00e9 que a poboaci\u00f3n baixou en todas as localidades. \u00c9 dicir , o slogan de que a instalaci\u00f3n de parques e\u00f3licos contrib\u00fae a fixar poboaci\u00f3n \u00e9 rotundamente falso. E tal como pasa nesa comarca pasa nas demais .Se falamos por exemplo da serra da Capelada, na Coru\u00f1a, pasa exactamente o mesmo. E Na Costa da Morte \u00eddem, inclu\u00edndo concellos importantes como Santa Comba e Negreira.<\/p><\/blockquote>\n\n\n\n<p><strong>E no que temos m\u00e1is preto, na Paradanta?<\/strong><\/p>\n\n\n\n<blockquote class=\"wp-block-quote is-layout-flow wp-block-quote-is-layout-flow\"><p>Baixou a poboaci\u00f3n absolutamente en todos os concellos<\/p><\/blockquote>\n\n\n\n<p><strong>A pulsi\u00f3n xeral que percibides na sociedade da comarca cal \u00e9?<\/strong><\/p>\n\n\n\n<blockquote class=\"wp-block-quote is-layout-flow wp-block-quote-is-layout-flow\"><p>\u00c9 moi maioritariamente contraria.<\/p><\/blockquote>\n\n\n\n<p>Nestas ligaz\u00f3ns que nos achegan do IEM pode consultar, quen o desexe, v\u00eddeos explicativos sobre a situaci\u00f3n:<\/p>\n\n\n\n<p><a href=\"https:\/\/qrco.de\/bbqRxd\">https:\/\/qrco.de\/bbqRxd<\/a><\/p>\n\n\n\n<figure class=\"wp-block-embed-youtube wp-block-embed is-type-video is-provider-youtube wp-embed-aspect-16-9 wp-has-aspect-ratio\"><div class=\"wp-block-embed__wrapper\">\n<iframe loading=\"lazy\" title=\"EQUUS\" width=\"500\" height=\"281\" src=\"https:\/\/www.youtube.com\/embed\/oSMWH068dns?feature=oembed\" frameborder=\"0\" allow=\"accelerometer; autoplay; clipboard-write; encrypted-media; gyroscope; picture-in-picture; web-share\" referrerpolicy=\"strict-origin-when-cross-origin\" allowfullscreen><\/iframe>\n<\/div><\/figure>\n\n\n\n<figure class=\"wp-block-embed-vimeo wp-block-embed is-type-video is-provider-vimeo wp-embed-aspect-16-9 wp-has-aspect-ratio\"><div class=\"wp-block-embed__wrapper\">\n<iframe loading=\"lazy\" title=\"parques e\u00f3licos nas Serras da Groba e o Gali\u00f1eiro\" src=\"https:\/\/player.vimeo.com\/video\/485362500?dnt=1&amp;app_id=122963\" width=\"500\" height=\"281\" frameborder=\"0\" allow=\"autoplay; fullscreen; picture-in-picture; clipboard-write\"><\/iframe>\n<\/div><\/figure>\n\n\n\n<figure class=\"wp-block-embed-vimeo wp-block-embed is-type-video is-provider-vimeo wp-embed-aspect-16-9 wp-has-aspect-ratio\"><div class=\"wp-block-embed__wrapper\">\n<iframe loading=\"lazy\" title=\"E\u00f3licos Groba e Gali\u00f1eiro IEM\" src=\"https:\/\/player.vimeo.com\/video\/485360468?dnt=1&amp;app_id=122963\" width=\"500\" height=\"281\" frameborder=\"0\" allow=\"autoplay; fullscreen; picture-in-picture; clipboard-write\"><\/iframe>\n<\/div><\/figure>\n\n\n\n<h2 class=\"has-vivid-cyan-blue-color has-text-color wp-block-heading\"><strong>XOSE ANT\u00d3N RODR\u00cdGUEZ PRESIDENTE DA COMUNIDADE DE MONTES DE SANTA MAR\u00cdA DE OIA<\/strong><\/h2>\n\n\n\n<hr class=\"wp-block-separator\"\/>\n\n\n\n<figure class=\"wp-block-image size-large is-style-default\"><img loading=\"lazy\" decoding=\"async\" width=\"720\" height=\"432\" src=\"http:\/\/www.anovapeneira.gal\/wp-content\/uploads\/2020\/11\/presidente_cominidade_montes_oia.jpg\" alt=\"\" class=\"wp-image-4414\" srcset=\"https:\/\/www.anovapeneira.gal\/wp-content\/uploads\/2020\/11\/presidente_cominidade_montes_oia.jpg 720w, https:\/\/www.anovapeneira.gal\/wp-content\/uploads\/2020\/11\/presidente_cominidade_montes_oia-300x180.jpg 300w\" sizes=\"auto, (max-width: 720px) 100vw, 720px\" \/><\/figure>\n\n\n\n<blockquote class=\"wp-block-quote is-layout-flow wp-block-quote-is-layout-flow\"><p>No centro cultural noso, foi unha reuni\u00f3n breve. Al\u00ed xa nos deixaron caer que se non aceptabamos seriamos expropiados. Desde logo que n\u00f3s nin queremos o mu\u00ed\u00f1o nin imos aceptar ning\u00fan tipo de coacci\u00f3n. A nosa dignidade non est\u00e1 en venda, se nos van a expropiar que nos expropien , pero n\u00f3s non imos tragar con migallas<\/p><\/blockquote>\n\n\n\n<h4 class=\"wp-block-heading\">\u201cA XUNTA TRAMITOU TODAS ESTAS AUTORIZACI\u00d3NS EN PLENO ESTADO DE ALARMA PARA QUE OS PROPIETARIOS AFECTADOS NON TIVERAMOS OPCI\u00d3N DE FACER ASEMBLEAS NA PROCURA DE ARTELLAR RESPOSTAS CONXUNTAS\u201d<\/h4>\n\n\n\n<p><strong>Como soubestes v\u00f3s da existencia do proxecto do parque e\u00f3lico?<\/strong><\/p>\n\n\n\n<blockquote class=\"wp-block-quote is-layout-flow wp-block-quote-is-layout-flow\"><p>Pois por casualidade, case podemos dicir que polo boca a boca<\/p><\/blockquote>\n\n\n\n<p><strong>Ningu\u00e9n da administraci\u00f3n se puxo en contacto cos propietarios dos terreos para informarlles do que se pretende facer?<\/strong><\/p>\n\n\n\n<blockquote class=\"wp-block-quote is-layout-flow wp-block-quote-is-layout-flow\"><p>Non, absolutamente para nada. Cando o correcto ser\u00eda que fose as\u00ed, que a administraci\u00f3n interesada en actuar sobre uns terreos, que te\u00f1en propietario falara, con eles para explicarlles con claridade as s\u00faas intenci\u00f3ns. E m\u00e1is grave \u00e9 que a Xunta tramitou todas estas autorizaci\u00f3ns en pleno estado de alarma para que os propietarios afectados non tiveramos opci\u00f3ns de facer asembleas para artellar respostas conxuntas nin charlas informativas. Iso foi premeditado \u00e9 non se pode cualificar m\u00e1is que como unha burla \u00e1 cidadan\u00eda<\/p><\/blockquote>\n\n\n\n<p><strong>Que ti saibas como est\u00e1 o proxecto na actualidade?<\/strong><\/p>\n\n\n\n<blockquote class=\"wp-block-quote is-layout-flow wp-block-quote-is-layout-flow\"><p>O problema \u00e9 que a opacidade informativa \u00e9 absoluta , e o pouco que sabemos s\u00f3 pode ser resultado dunha labor case de detectives. O que si te\u00f1o que dicir \u00e9 que tivemos unha xuntanza coa empresa adxudicataria do parque que supostamente nos afectar\u00eda<\/p><\/blockquote>\n\n\n\n<p><strong>Cales foron as circunstancias desa xuntanza?<\/strong><\/p>\n\n\n\n<blockquote class=\"wp-block-quote is-layout-flow wp-block-quote-is-layout-flow\"><p>Foi a ra\u00edz dunha chamada que me fixo un representante da empresa. A reuni\u00f3n foi puramente informativa, simplemente nos transmitiron que eles eran adxudicatarios e que o parque \u00eda facerse e nos explicaron a forma en que iamos ser afectados. Loureza est\u00e1 m\u00e1is afectada ca n\u00f3s. A n\u00f3s s\u00f3 nos afectar\u00eda o voo das aspas dun mu\u00ed\u00f1o lindeiro e unha parte do cami\u00f1o que a precisan para levar infraestruturas&nbsp;<\/p><\/blockquote>\n\n\n\n<p><strong>Onde se produciu esa xuntanza?<\/strong><\/p>\n\n\n\n<p><strong>A posici\u00f3n contraria ao parque e\u00f3lico que me est\u00e1s a trasladar \u00e9 un\u00e1nime nos comuneiros e comuneiras que representas?<\/strong><\/p>\n\n\n\n<blockquote class=\"wp-block-quote is-layout-flow wp-block-quote-is-layout-flow\"><p>A posici\u00f3n contraria \u00e9 unha decisi\u00f3n da directiva da comunidade de montes. N\u00f3s xunt\u00e1monos valor\u00e1monos e consideramos non dar autorizaci\u00f3n ningunha porque non estamos de acordo nin con a forma nin co fondo. Por outra parte tam\u00e9n quero dicir que n\u00f3s non podemos convocar unha asemblea ante a situaci\u00f3n sanitaria que estamos a padecer. Se a administraci\u00f3n son uns irresponsables, n\u00f3s desde logo que non. Temos a obriga de levar o tema \u00e1 asemblea e as\u00ed o faremos por descontado, pero no momento no que a situaci\u00f3n epidemiol\u00f3xica o permita. A nosa comunidade de montes ten unha enorme concienciaci\u00f3n ambiental e conseguimos grandes logros en canto \u00e1 conservaci\u00f3n do noso medio natural conxug\u00e1ndoo cunha adecuada xesti\u00f3n econ\u00f3mica. Non te\u00f1o ningunha d\u00fabida de que cando fagamos a asemblea e expliquemos a situaci\u00f3n a maior\u00eda dos comuneiros compartir\u00e1n o noso sentir<\/p><\/blockquote>\n\n\n\n<p><strong>Ti, al\u00e9n de ser presidente da CM es concelleiro do BNG e quero que me expliques a moci\u00f3n que levastes ao pleno de Oia e que foi aprobada por unanimidade na corporaci\u00f3n?<\/strong><\/p>\n\n\n\n<blockquote class=\"wp-block-quote is-layout-flow wp-block-quote-is-layout-flow\"><p>Fixemos unha moci\u00f3n para rexeitar os distintos parques e\u00f3licos que nos queren chantar na zona, lev\u00e1molo a pleno e como ti dis foi aprobada de forma un\u00e1nime. Para o BNG \u00e9 moi importante a posici\u00f3n unanimemente contraria do Concello e ben, agora estamos \u00e1 expectativa a ver como se desenvolven os acontecementos e coa intenci\u00f3n de intentarmos parar isto, porque de concretarse ser\u00eda un desastre absoluto para o noso Concello. Son 44 mu\u00ed\u00f1os os que nos queren chantar na Groba e iso supor\u00eda arrasar con ela.<\/p><\/blockquote>\n\n\n\n<h2 class=\"has-vivid-cyan-blue-color has-text-color wp-block-heading\"><strong>ALBERTO COVELO,PRESIDENTE DA COMUNIDADE DE MONTES DE VINCIOS<\/strong><\/h2>\n\n\n\n<hr class=\"wp-block-separator\"\/>\n\n\n\n<figure class=\"wp-block-image size-large is-style-default\"><img loading=\"lazy\" decoding=\"async\" width=\"720\" height=\"432\" src=\"http:\/\/www.anovapeneira.gal\/wp-content\/uploads\/2020\/11\/presidente_comunidade_montes_vincios.jpg\" alt=\"Presidente comunidade de montes de Vincios\" class=\"wp-image-4411\" srcset=\"https:\/\/www.anovapeneira.gal\/wp-content\/uploads\/2020\/11\/presidente_comunidade_montes_vincios.jpg 720w, https:\/\/www.anovapeneira.gal\/wp-content\/uploads\/2020\/11\/presidente_comunidade_montes_vincios-300x180.jpg 300w\" sizes=\"auto, (max-width: 720px) 100vw, 720px\" \/><\/figure>\n\n\n\n<h4 class=\"wp-block-heading\">\u201c<strong>SOMOS MOITOS OS COLECTIVOS QUE NOS UNIMOS PARA DEFENDER A GROBA E O GALI\u00d1EIRO.DEBEMOS CONSERVAR A UNIDADE E SER CAPACES DE PARAR ESTA BARBARIDADE\u201d<\/strong><\/h4>\n\n\n\n<p><strong>Ti es natural de Vincios Alberto?<\/strong><\/p>\n\n\n\n<blockquote class=\"wp-block-quote is-layout-flow wp-block-quote-is-layout-flow\"><p>Non, eu son de Chapela, son bereteiro de nacemento, pero levo a maior parte da mi\u00f1a vida en Vincios, casei aqu\u00ed e son xa m\u00e1s de aqu\u00ed que de al\u00ed.<\/p><\/blockquote>\n\n\n\n<p><strong>A que te dedicas ti?<\/strong><\/p>\n\n\n\n<blockquote class=\"wp-block-quote is-layout-flow wp-block-quote-is-layout-flow\"><p>Son aut\u00f3nomo<\/p><\/blockquote>\n\n\n\n<p><strong>Cando entraches na CM?<\/strong><\/p>\n\n\n\n<blockquote class=\"wp-block-quote is-layout-flow wp-block-quote-is-layout-flow\"><p>No ano 2.000, xa levo 20 anos<\/p><\/blockquote>\n\n\n\n<p><strong>Como vos afecta \u00e1 vosa comunidade o plano e\u00f3lico da Xunta?<\/strong><\/p>\n\n\n\n<blockquote class=\"wp-block-quote is-layout-flow wp-block-quote-is-layout-flow\"><p>O plano contempla a instalaci\u00f3n de 13 a\u00e9reo xeradores na serra do Gali\u00f1eiro dos que 4 estar\u00edan instalados na nosa comunidade.<\/p><\/blockquote>\n\n\n\n<p><strong>Como soubestes desa situaci\u00f3n?<\/strong><\/p>\n\n\n\n<blockquote class=\"wp-block-quote is-layout-flow wp-block-quote-is-layout-flow\"><p>Isto xa ven de lonxe. N\u00f3s hai tempo que temos constancia de que algo se estaba artellando. Co\u00f1ecemos a nova nun congreso que fixera a organizaci\u00f3n galega de comunidades de montes. Eu fora convidado a ese congreso e al\u00ed, o que foi alcalde de Arbo, Xabier Sim\u00f3n, ensinounos un mapa das zonas afectadas e al\u00ed vimos que estaba Vincios e n\u00f3s non sabiamos nada<\/p><\/blockquote>\n\n\n\n<p><strong>En que ano foi ese congreso?<\/strong><\/p>\n\n\n\n<blockquote class=\"wp-block-quote is-layout-flow wp-block-quote-is-layout-flow\"><p>Arredor do 2.007\/2.008<\/p><\/blockquote>\n\n\n\n<p><strong>E a partir de a\u00ed?<\/strong><\/p>\n\n\n\n<blockquote class=\"wp-block-quote is-layout-flow wp-block-quote-is-layout-flow\"><p>Iniciamos n\u00f3s a defensa do Gali\u00f1eiro como monte emblem\u00e1tico. Lev\u00e1molo a asemblea e rexeitamos o proxecto do parque e\u00f3lico polo que supor\u00eda en forma de arrasar a paisaxe e danar os nosos acu\u00edferos. O impacto ser\u00eda brutal tanto nos mananciais como na fauna na flora e no noso important\u00edsimo patrimonio arqueol\u00f3xico, o petr\u00f3glifo de armas maior de Europa, o de Auga da Laxe, est\u00e1 nesa zona de afecci\u00f3n. Quixemos deixar claro que non nos interesaba en absoluto a parte econ\u00f3mica que nos puidesen traer se fose o caso que non foi, porque ningu\u00e9n trouxo nada. Xa que calquera hipot\u00e9tica compensaci\u00f3n econ\u00f3mica en ning\u00fan caso compensar\u00eda os desastrosos efectos que supor\u00eda a instalaci\u00f3n do parque no Gali\u00f1eiro.<\/p><\/blockquote>\n\n\n\n<p><strong>Cales foron as acci\u00f3ns concretas que fixestes para oporvos \u00e1 instalaci\u00f3n do parque e\u00f3lico?<\/strong><\/p>\n\n\n\n<blockquote class=\"wp-block-quote is-layout-flow wp-block-quote-is-layout-flow\"><p>N\u00f3s puxemos en marcha un plan multi funcional . Quixera destacar que a zona afectada \u00e9 de 400 hect\u00e1reas e \u00e9 a zona m\u00e1is rica en todos os sentidos. Nese radio de 400 hect\u00e1reas eles poden facer e desfacer como queiran: abrir pistas, constru\u00edr casetas&#8230; Como che dixen fixemos actuaci\u00f3ns multi funcionais e fomos substitu\u00edndo os eucaliptais por plantaci\u00f3ns de frondosas. Fixemos pasteiros para as ovellas, plantamos cogomelos e todo isto ata os lumes do 2.017, que parece que sempre lle ve\u00f1en ben aos e\u00f3licos<\/p><\/blockquote>\n\n\n\n<p><strong>Ti cres que pode haber alg\u00fan tipo de relaci\u00f3n entre a terrible vaga de lumes do 2.017 e a que parece inminente instalaci\u00f3n dos parques e\u00f3licos?<\/strong><\/p>\n\n\n\n<blockquote class=\"wp-block-quote is-layout-flow wp-block-quote-is-layout-flow\"><p>Non s\u00f3 penso no Gali\u00f1eiro, sen\u00f3n en todo o pa\u00eds. Casualmente sempre houbo lumes previos a calquera cambio de situaci\u00f3n. Lembro por exemplo os vi\u00f1edos de Tomi\u00f1o e do Rosal nos que nos anos anteriores esas zonas sempre se queimaban. Claro, cando un propietario ten todo queimado \u00e9 moito m\u00e1is f\u00e1cil que diga que si a calquera cousa<\/p><\/blockquote>\n\n\n\n<p><strong>Como reaccionou a CM de Vincios despois dos Lumes?<\/strong><\/p>\n\n\n\n<blockquote class=\"wp-block-quote is-layout-flow wp-block-quote-is-layout-flow\"><p>A n\u00f3s iso, deunos m\u00e1is forza. Agora mesmo estamos renovando o monte dunha maneira totalmente diferente a como o ti\u00f1amos. Temos a captura de CO2 , temos parcelas novas de frondosas xa rexistradas no ministerio do medio ambiente. Vamos plantar novas especies..<\/p><\/blockquote>\n\n\n\n<p><strong>En definitiva a seguir pelexando pola conservaci\u00f3n do espazo?<\/strong><\/p>\n\n\n\n<blockquote class=\"wp-block-quote is-layout-flow wp-block-quote-is-layout-flow\"><p>Si, claro a\u00ednda que agora \u00e9 m\u00e1is complicado. Antes, ante un conflito semellante, a\u00ednda ti\u00f1amos a posibilidade de acudir \u00e1 xustiza para establecer un acto de prevalencia, agora co cambio da lei na Xunta que axiliza os prazos para este tipo de construci\u00f3ns a capacidade de resposta \u00e9 moito m\u00e1is dif\u00edcil. Pero desde logo que a n\u00f3s non nos van parar. Non creo que a Xunta nos dea a figura de Monte Natural, pero imos procurar converter monte en natural, n\u00f3s mesmos sen necesidade de que ningunha administraci\u00f3n nola dea.<\/p><\/blockquote>\n\n\n\n<p><strong>Cal \u00e9 a vosa posici\u00f3n ao respecto das enerx\u00edas renovables?<\/strong><\/p>\n\n\n\n<blockquote class=\"wp-block-quote is-layout-flow wp-block-quote-is-layout-flow\"><p>Non estamos en contra. O que rexeitamos e ese plano e\u00f3lico en concreto de salvaxe depredaci\u00f3n do monte constru\u00eddo asemade en forma de pol\u00edtica de feitos consumados por interlocutores invisibles<\/p><\/blockquote>\n\n\n\n<p><strong>Polo que dis entendo que ningu\u00e9n da administraci\u00f3n se puxo en contacto con v\u00f3s?<\/strong><\/p>\n\n\n\n<blockquote class=\"wp-block-quote is-layout-flow wp-block-quote-is-layout-flow\"><p>Non ningu\u00e9n. Ningu\u00e9n tivo a decencia de contactar con n\u00f3s para darnos a m\u00e1is m\u00ednima explicaci\u00f3n do que te\u00f1en pensado facer co noso monte.<\/p><\/blockquote>\n\n\n\n<p><strong>Na Groba xa instalaron unha estaci\u00f3n metereol\u00f3xica. No Gali\u00f1eiro fixeron algo?<\/strong><\/p>\n\n\n\n<blockquote class=\"wp-block-quote is-layout-flow wp-block-quote-is-layout-flow\"><p>Non no Gali\u00f1eiro de momento non fixeron nada. N\u00f3s sabemos que houbo alg\u00fan representante dunha empresa que nun momento determinado se achegou a unha empresa a preguntar<\/p><\/blockquote>\n\n\n\n<p><strong>As expectativas futuras Alberto?<\/strong><\/p>\n\n\n\n<blockquote class=\"wp-block-quote is-layout-flow wp-block-quote-is-layout-flow\"><p>Somos moitos colectivos os que nos unimos para defender O Gali\u00f1eiro e A Groba, agardo que poidamos seguir conservando a unidade e que poidamos ser capaces de parar esa barbaridade.<\/p><\/blockquote>\n","protected":false},"excerpt":{"rendered":"<div class=\"mh-excerpt\"><p>O plano e\u00f3lico da Xunta de Galicia contempla a instalaci\u00f3n de 57 aeroxeradores de enormes dimensi\u00f3ns nestas d\u00faas zonas. En concreto prev\u00e9 situar 44 no espazo da serra da Groba e 13 nas 400 hect\u00e1reas de maior valor ecol\u00f3xico e patrimonial do monte do Gali\u00f1eiro <a class=\"mh-excerpt-more\" href=\"https:\/\/www.anovapeneira.gal\/index.php\/2020\/12\/03\/o-proxecto-de-instalacion-de-parques-eolicos-nas-serras-da-groba-e-o-galineiro\/\" title=\"O proxecto de instalaci\u00f3n de parques e\u00f3licos nas Serras da Groba e o Gali\u00f1eiro\">[&#8230;]<\/a><\/p>\n<\/div>","protected":false},"author":2,"featured_media":4393,"comment_status":"open","ping_status":"open","sticky":false,"template":"","format":"standard","meta":{"_exactmetrics_skip_tracking":false,"_exactmetrics_sitenote_active":false,"_exactmetrics_sitenote_note":"","_exactmetrics_sitenote_category":0,"footnotes":""},"categories":[589],"tags":[1153,1094,1211],"class_list":{"0":"post-4388","1":"post","2":"type-post","3":"status-publish","4":"format-standard","5":"has-post-thumbnail","7":"category-reportaxe_galicia","8":"tag-galineiro","9":"tag-parque-eolico","10":"tag-serras-da-groba"},"yoast_head":"<!-- This site is optimized with the Yoast SEO plugin v27.4 - https:\/\/yoast.com\/product\/yoast-seo-wordpress\/ -->\n<title>O proxecto de instalaci\u00f3n de parques e\u00f3licos nas Serras da Groba e o Gali\u00f1eiro -<\/title>\n<meta name=\"description\" content=\"O plano e\u00f3lico da Xunta de Galicia contempla a instalaci\u00f3n de 57 aeroxeradores de enormes dimensi\u00f3ns nestas d\u00faas zonas. En concreto prev\u00e9 situar 44 no espazo da serra da Groba e 13 nas 400 hect\u00e1reas de maior valor ecol\u00f3xico e patrimonial do monte do Gali\u00f1eiro\" \/>\n<meta name=\"robots\" content=\"index, follow, max-snippet:-1, max-image-preview:large, max-video-preview:-1\" \/>\n<link rel=\"canonical\" href=\"https:\/\/www.anovapeneira.gal\/index.php\/2020\/12\/03\/o-proxecto-de-instalacion-de-parques-eolicos-nas-serras-da-groba-e-o-galineiro\/\" \/>\n<meta property=\"og:locale\" content=\"gl_ES\" \/>\n<meta property=\"og:type\" content=\"article\" \/>\n<meta property=\"og:title\" content=\"O proxecto de instalaci\u00f3n de parques e\u00f3licos nas Serras da Groba e o Gali\u00f1eiro -\" \/>\n<meta property=\"og:description\" content=\"O plano e\u00f3lico da Xunta de Galicia contempla a instalaci\u00f3n de 57 aeroxeradores de enormes dimensi\u00f3ns nestas d\u00faas zonas. En concreto prev\u00e9 situar 44 no espazo da serra da Groba e 13 nas 400 hect\u00e1reas de maior valor ecol\u00f3xico e patrimonial do monte do Gali\u00f1eiro\" \/>\n<meta property=\"og:url\" content=\"https:\/\/www.anovapeneira.gal\/index.php\/2020\/12\/03\/o-proxecto-de-instalacion-de-parques-eolicos-nas-serras-da-groba-e-o-galineiro\/\" \/>\n<meta property=\"article:publisher\" content=\"https:\/\/www.facebook.com\/anovapeneira\" \/>\n<meta property=\"article:published_time\" content=\"2020-12-03T09:00:23+00:00\" \/>\n<meta property=\"article:modified_time\" content=\"2020-12-03T11:15:14+00:00\" \/>\n<meta property=\"og:image\" content=\"https:\/\/www.anovapeneira.gal\/wp-content\/uploads\/2020\/11\/parques_eolicos_nas_serras_da_Groba.jpg\" \/>\n\t<meta property=\"og:image:width\" content=\"720\" \/>\n\t<meta property=\"og:image:height\" content=\"432\" \/>\n\t<meta property=\"og:image:type\" content=\"image\/jpeg\" \/>\n<meta name=\"author\" content=\"Tino Lago\" \/>\n<meta name=\"twitter:card\" content=\"summary_large_image\" \/>\n<meta name=\"twitter:creator\" content=\"@APeneira\" \/>\n<meta name=\"twitter:site\" content=\"@APeneira\" \/>\n<meta name=\"twitter:label1\" content=\"Escrito por\" \/>\n\t<meta name=\"twitter:data1\" content=\"Tino Lago\" \/>\n\t<meta name=\"twitter:label2\" content=\"Tempo de lectura\" \/>\n\t<meta name=\"twitter:data2\" content=\"26 minutos\" \/>\n<script type=\"application\/ld+json\" class=\"yoast-schema-graph\">{\"@context\":\"https:\\\/\\\/schema.org\",\"@graph\":[{\"@type\":\"Article\",\"@id\":\"https:\\\/\\\/www.anovapeneira.gal\\\/index.php\\\/2020\\\/12\\\/03\\\/o-proxecto-de-instalacion-de-parques-eolicos-nas-serras-da-groba-e-o-galineiro\\\/#article\",\"isPartOf\":{\"@id\":\"https:\\\/\\\/www.anovapeneira.gal\\\/index.php\\\/2020\\\/12\\\/03\\\/o-proxecto-de-instalacion-de-parques-eolicos-nas-serras-da-groba-e-o-galineiro\\\/\"},\"author\":{\"name\":\"Tino Lago\",\"@id\":\"https:\\\/\\\/www.anovapeneira.gal\\\/#\\\/schema\\\/person\\\/424dfe65e3070fd8a44d22d2c088762a\"},\"headline\":\"O proxecto de instalaci\u00f3n de parques e\u00f3licos nas Serras da Groba e o Gali\u00f1eiro\",\"datePublished\":\"2020-12-03T09:00:23+00:00\",\"dateModified\":\"2020-12-03T11:15:14+00:00\",\"mainEntityOfPage\":{\"@id\":\"https:\\\/\\\/www.anovapeneira.gal\\\/index.php\\\/2020\\\/12\\\/03\\\/o-proxecto-de-instalacion-de-parques-eolicos-nas-serras-da-groba-e-o-galineiro\\\/\"},\"wordCount\":5309,\"commentCount\":0,\"publisher\":{\"@id\":\"https:\\\/\\\/www.anovapeneira.gal\\\/#organization\"},\"image\":{\"@id\":\"https:\\\/\\\/www.anovapeneira.gal\\\/index.php\\\/2020\\\/12\\\/03\\\/o-proxecto-de-instalacion-de-parques-eolicos-nas-serras-da-groba-e-o-galineiro\\\/#primaryimage\"},\"thumbnailUrl\":\"https:\\\/\\\/www.anovapeneira.gal\\\/wp-content\\\/uploads\\\/2020\\\/11\\\/parques_eolicos_nas_serras_da_Groba.jpg\",\"keywords\":[\"Gali\u00f1eiro\",\"Parque e\u00f3lico\",\"Serras da Groba\"],\"articleSection\":[\"Reportaxes\"],\"inLanguage\":\"gl-ES\",\"potentialAction\":[{\"@type\":\"CommentAction\",\"name\":\"Comment\",\"target\":[\"https:\\\/\\\/www.anovapeneira.gal\\\/index.php\\\/2020\\\/12\\\/03\\\/o-proxecto-de-instalacion-de-parques-eolicos-nas-serras-da-groba-e-o-galineiro\\\/#respond\"]}]},{\"@type\":\"WebPage\",\"@id\":\"https:\\\/\\\/www.anovapeneira.gal\\\/index.php\\\/2020\\\/12\\\/03\\\/o-proxecto-de-instalacion-de-parques-eolicos-nas-serras-da-groba-e-o-galineiro\\\/\",\"url\":\"https:\\\/\\\/www.anovapeneira.gal\\\/index.php\\\/2020\\\/12\\\/03\\\/o-proxecto-de-instalacion-de-parques-eolicos-nas-serras-da-groba-e-o-galineiro\\\/\",\"name\":\"O proxecto de instalaci\u00f3n de parques e\u00f3licos nas Serras da Groba e o Gali\u00f1eiro -\",\"isPartOf\":{\"@id\":\"https:\\\/\\\/www.anovapeneira.gal\\\/#website\"},\"primaryImageOfPage\":{\"@id\":\"https:\\\/\\\/www.anovapeneira.gal\\\/index.php\\\/2020\\\/12\\\/03\\\/o-proxecto-de-instalacion-de-parques-eolicos-nas-serras-da-groba-e-o-galineiro\\\/#primaryimage\"},\"image\":{\"@id\":\"https:\\\/\\\/www.anovapeneira.gal\\\/index.php\\\/2020\\\/12\\\/03\\\/o-proxecto-de-instalacion-de-parques-eolicos-nas-serras-da-groba-e-o-galineiro\\\/#primaryimage\"},\"thumbnailUrl\":\"https:\\\/\\\/www.anovapeneira.gal\\\/wp-content\\\/uploads\\\/2020\\\/11\\\/parques_eolicos_nas_serras_da_Groba.jpg\",\"datePublished\":\"2020-12-03T09:00:23+00:00\",\"dateModified\":\"2020-12-03T11:15:14+00:00\",\"description\":\"O plano e\u00f3lico da Xunta de Galicia contempla a instalaci\u00f3n de 57 aeroxeradores de enormes dimensi\u00f3ns nestas d\u00faas zonas. En concreto prev\u00e9 situar 44 no espazo da serra da Groba e 13 nas 400 hect\u00e1reas de maior valor ecol\u00f3xico e patrimonial do monte do Gali\u00f1eiro\",\"breadcrumb\":{\"@id\":\"https:\\\/\\\/www.anovapeneira.gal\\\/index.php\\\/2020\\\/12\\\/03\\\/o-proxecto-de-instalacion-de-parques-eolicos-nas-serras-da-groba-e-o-galineiro\\\/#breadcrumb\"},\"inLanguage\":\"gl-ES\",\"potentialAction\":[{\"@type\":\"ReadAction\",\"target\":[\"https:\\\/\\\/www.anovapeneira.gal\\\/index.php\\\/2020\\\/12\\\/03\\\/o-proxecto-de-instalacion-de-parques-eolicos-nas-serras-da-groba-e-o-galineiro\\\/\"]}]},{\"@type\":\"ImageObject\",\"inLanguage\":\"gl-ES\",\"@id\":\"https:\\\/\\\/www.anovapeneira.gal\\\/index.php\\\/2020\\\/12\\\/03\\\/o-proxecto-de-instalacion-de-parques-eolicos-nas-serras-da-groba-e-o-galineiro\\\/#primaryimage\",\"url\":\"https:\\\/\\\/www.anovapeneira.gal\\\/wp-content\\\/uploads\\\/2020\\\/11\\\/parques_eolicos_nas_serras_da_Groba.jpg\",\"contentUrl\":\"https:\\\/\\\/www.anovapeneira.gal\\\/wp-content\\\/uploads\\\/2020\\\/11\\\/parques_eolicos_nas_serras_da_Groba.jpg\",\"width\":720,\"height\":432,\"caption\":\"O proxecto de instalaci\u00f3n de parques e\u00f3licos nas Serras da Groba e o Gali\u00f1eiro\"},{\"@type\":\"BreadcrumbList\",\"@id\":\"https:\\\/\\\/www.anovapeneira.gal\\\/index.php\\\/2020\\\/12\\\/03\\\/o-proxecto-de-instalacion-de-parques-eolicos-nas-serras-da-groba-e-o-galineiro\\\/#breadcrumb\",\"itemListElement\":[{\"@type\":\"ListItem\",\"position\":1,\"name\":\"Portada\",\"item\":\"https:\\\/\\\/www.anovapeneira.gal\\\/\"},{\"@type\":\"ListItem\",\"position\":2,\"name\":\"O proxecto de instalaci\u00f3n de parques e\u00f3licos nas Serras da Groba e o Gali\u00f1eiro\"}]},{\"@type\":\"WebSite\",\"@id\":\"https:\\\/\\\/www.anovapeneira.gal\\\/#website\",\"url\":\"https:\\\/\\\/www.anovapeneira.gal\\\/\",\"name\":\"\",\"description\":\"Xornal galego de informaci\u00f3n xeral Publicaci\u00f3n mensual de novas de Galicia e en especial dos Concellos da sur da provincia de Pontevedra.\",\"publisher\":{\"@id\":\"https:\\\/\\\/www.anovapeneira.gal\\\/#organization\"},\"potentialAction\":[{\"@type\":\"SearchAction\",\"target\":{\"@type\":\"EntryPoint\",\"urlTemplate\":\"https:\\\/\\\/www.anovapeneira.gal\\\/?s={search_term_string}\"},\"query-input\":{\"@type\":\"PropertyValueSpecification\",\"valueRequired\":true,\"valueName\":\"search_term_string\"}}],\"inLanguage\":\"gl-ES\"},{\"@type\":\"Organization\",\"@id\":\"https:\\\/\\\/www.anovapeneira.gal\\\/#organization\",\"name\":\"A Nova Peneira\",\"url\":\"https:\\\/\\\/www.anovapeneira.gal\\\/\",\"logo\":{\"@type\":\"ImageObject\",\"inLanguage\":\"gl-ES\",\"@id\":\"https:\\\/\\\/www.anovapeneira.gal\\\/#\\\/schema\\\/logo\\\/image\\\/\",\"url\":\"http:\\\/\\\/www.anovapeneira.gal\\\/wp-content\\\/uploads\\\/2019\\\/06\\\/logo_a_nova_peneira_portal_web.png\",\"contentUrl\":\"http:\\\/\\\/www.anovapeneira.gal\\\/wp-content\\\/uploads\\\/2019\\\/06\\\/logo_a_nova_peneira_portal_web.png\",\"width\":300,\"height\":100,\"caption\":\"A Nova Peneira\"},\"image\":{\"@id\":\"https:\\\/\\\/www.anovapeneira.gal\\\/#\\\/schema\\\/logo\\\/image\\\/\"},\"sameAs\":[\"https:\\\/\\\/www.facebook.com\\\/anovapeneira\",\"https:\\\/\\\/x.com\\\/APeneira\"]},{\"@type\":\"Person\",\"@id\":\"https:\\\/\\\/www.anovapeneira.gal\\\/#\\\/schema\\\/person\\\/424dfe65e3070fd8a44d22d2c088762a\",\"name\":\"Tino Lago\",\"image\":{\"@type\":\"ImageObject\",\"inLanguage\":\"gl-ES\",\"@id\":\"https:\\\/\\\/secure.gravatar.com\\\/avatar\\\/b3df6a06e44bab3111583b90f0f33a0379ee5e3d22cbadd232d39f21c30c62be?s=96&d=mm&r=g\",\"url\":\"https:\\\/\\\/secure.gravatar.com\\\/avatar\\\/b3df6a06e44bab3111583b90f0f33a0379ee5e3d22cbadd232d39f21c30c62be?s=96&d=mm&r=g\",\"contentUrl\":\"https:\\\/\\\/secure.gravatar.com\\\/avatar\\\/b3df6a06e44bab3111583b90f0f33a0379ee5e3d22cbadd232d39f21c30c62be?s=96&d=mm&r=g\",\"caption\":\"Tino Lago\"},\"sameAs\":[\"http:\\\/\\\/www.anovapeneira.gal\"],\"url\":\"https:\\\/\\\/www.anovapeneira.gal\\\/index.php\\\/author\\\/director\\\/\"}]}<\/script>\n<!-- \/ Yoast SEO plugin. -->","yoast_head_json":{"title":"O proxecto de instalaci\u00f3n de parques e\u00f3licos nas Serras da Groba e o Gali\u00f1eiro -","description":"O plano e\u00f3lico da Xunta de Galicia contempla a instalaci\u00f3n de 57 aeroxeradores de enormes dimensi\u00f3ns nestas d\u00faas zonas. En concreto prev\u00e9 situar 44 no espazo da serra da Groba e 13 nas 400 hect\u00e1reas de maior valor ecol\u00f3xico e patrimonial do monte do Gali\u00f1eiro","robots":{"index":"index","follow":"follow","max-snippet":"max-snippet:-1","max-image-preview":"max-image-preview:large","max-video-preview":"max-video-preview:-1"},"canonical":"https:\/\/www.anovapeneira.gal\/index.php\/2020\/12\/03\/o-proxecto-de-instalacion-de-parques-eolicos-nas-serras-da-groba-e-o-galineiro\/","og_locale":"gl_ES","og_type":"article","og_title":"O proxecto de instalaci\u00f3n de parques e\u00f3licos nas Serras da Groba e o Gali\u00f1eiro -","og_description":"O plano e\u00f3lico da Xunta de Galicia contempla a instalaci\u00f3n de 57 aeroxeradores de enormes dimensi\u00f3ns nestas d\u00faas zonas. En concreto prev\u00e9 situar 44 no espazo da serra da Groba e 13 nas 400 hect\u00e1reas de maior valor ecol\u00f3xico e patrimonial do monte do Gali\u00f1eiro","og_url":"https:\/\/www.anovapeneira.gal\/index.php\/2020\/12\/03\/o-proxecto-de-instalacion-de-parques-eolicos-nas-serras-da-groba-e-o-galineiro\/","article_publisher":"https:\/\/www.facebook.com\/anovapeneira","article_published_time":"2020-12-03T09:00:23+00:00","article_modified_time":"2020-12-03T11:15:14+00:00","og_image":[{"width":720,"height":432,"url":"https:\/\/www.anovapeneira.gal\/wp-content\/uploads\/2020\/11\/parques_eolicos_nas_serras_da_Groba.jpg","type":"image\/jpeg"}],"author":"Tino Lago","twitter_card":"summary_large_image","twitter_creator":"@APeneira","twitter_site":"@APeneira","twitter_misc":{"Escrito por":"Tino Lago","Tempo de lectura":"26 minutos"},"schema":{"@context":"https:\/\/schema.org","@graph":[{"@type":"Article","@id":"https:\/\/www.anovapeneira.gal\/index.php\/2020\/12\/03\/o-proxecto-de-instalacion-de-parques-eolicos-nas-serras-da-groba-e-o-galineiro\/#article","isPartOf":{"@id":"https:\/\/www.anovapeneira.gal\/index.php\/2020\/12\/03\/o-proxecto-de-instalacion-de-parques-eolicos-nas-serras-da-groba-e-o-galineiro\/"},"author":{"name":"Tino Lago","@id":"https:\/\/www.anovapeneira.gal\/#\/schema\/person\/424dfe65e3070fd8a44d22d2c088762a"},"headline":"O proxecto de instalaci\u00f3n de parques e\u00f3licos nas Serras da Groba e o Gali\u00f1eiro","datePublished":"2020-12-03T09:00:23+00:00","dateModified":"2020-12-03T11:15:14+00:00","mainEntityOfPage":{"@id":"https:\/\/www.anovapeneira.gal\/index.php\/2020\/12\/03\/o-proxecto-de-instalacion-de-parques-eolicos-nas-serras-da-groba-e-o-galineiro\/"},"wordCount":5309,"commentCount":0,"publisher":{"@id":"https:\/\/www.anovapeneira.gal\/#organization"},"image":{"@id":"https:\/\/www.anovapeneira.gal\/index.php\/2020\/12\/03\/o-proxecto-de-instalacion-de-parques-eolicos-nas-serras-da-groba-e-o-galineiro\/#primaryimage"},"thumbnailUrl":"https:\/\/www.anovapeneira.gal\/wp-content\/uploads\/2020\/11\/parques_eolicos_nas_serras_da_Groba.jpg","keywords":["Gali\u00f1eiro","Parque e\u00f3lico","Serras da Groba"],"articleSection":["Reportaxes"],"inLanguage":"gl-ES","potentialAction":[{"@type":"CommentAction","name":"Comment","target":["https:\/\/www.anovapeneira.gal\/index.php\/2020\/12\/03\/o-proxecto-de-instalacion-de-parques-eolicos-nas-serras-da-groba-e-o-galineiro\/#respond"]}]},{"@type":"WebPage","@id":"https:\/\/www.anovapeneira.gal\/index.php\/2020\/12\/03\/o-proxecto-de-instalacion-de-parques-eolicos-nas-serras-da-groba-e-o-galineiro\/","url":"https:\/\/www.anovapeneira.gal\/index.php\/2020\/12\/03\/o-proxecto-de-instalacion-de-parques-eolicos-nas-serras-da-groba-e-o-galineiro\/","name":"O proxecto de instalaci\u00f3n de parques e\u00f3licos nas Serras da Groba e o Gali\u00f1eiro -","isPartOf":{"@id":"https:\/\/www.anovapeneira.gal\/#website"},"primaryImageOfPage":{"@id":"https:\/\/www.anovapeneira.gal\/index.php\/2020\/12\/03\/o-proxecto-de-instalacion-de-parques-eolicos-nas-serras-da-groba-e-o-galineiro\/#primaryimage"},"image":{"@id":"https:\/\/www.anovapeneira.gal\/index.php\/2020\/12\/03\/o-proxecto-de-instalacion-de-parques-eolicos-nas-serras-da-groba-e-o-galineiro\/#primaryimage"},"thumbnailUrl":"https:\/\/www.anovapeneira.gal\/wp-content\/uploads\/2020\/11\/parques_eolicos_nas_serras_da_Groba.jpg","datePublished":"2020-12-03T09:00:23+00:00","dateModified":"2020-12-03T11:15:14+00:00","description":"O plano e\u00f3lico da Xunta de Galicia contempla a instalaci\u00f3n de 57 aeroxeradores de enormes dimensi\u00f3ns nestas d\u00faas zonas. En concreto prev\u00e9 situar 44 no espazo da serra da Groba e 13 nas 400 hect\u00e1reas de maior valor ecol\u00f3xico e patrimonial do monte do Gali\u00f1eiro","breadcrumb":{"@id":"https:\/\/www.anovapeneira.gal\/index.php\/2020\/12\/03\/o-proxecto-de-instalacion-de-parques-eolicos-nas-serras-da-groba-e-o-galineiro\/#breadcrumb"},"inLanguage":"gl-ES","potentialAction":[{"@type":"ReadAction","target":["https:\/\/www.anovapeneira.gal\/index.php\/2020\/12\/03\/o-proxecto-de-instalacion-de-parques-eolicos-nas-serras-da-groba-e-o-galineiro\/"]}]},{"@type":"ImageObject","inLanguage":"gl-ES","@id":"https:\/\/www.anovapeneira.gal\/index.php\/2020\/12\/03\/o-proxecto-de-instalacion-de-parques-eolicos-nas-serras-da-groba-e-o-galineiro\/#primaryimage","url":"https:\/\/www.anovapeneira.gal\/wp-content\/uploads\/2020\/11\/parques_eolicos_nas_serras_da_Groba.jpg","contentUrl":"https:\/\/www.anovapeneira.gal\/wp-content\/uploads\/2020\/11\/parques_eolicos_nas_serras_da_Groba.jpg","width":720,"height":432,"caption":"O proxecto de instalaci\u00f3n de parques e\u00f3licos nas Serras da Groba e o Gali\u00f1eiro"},{"@type":"BreadcrumbList","@id":"https:\/\/www.anovapeneira.gal\/index.php\/2020\/12\/03\/o-proxecto-de-instalacion-de-parques-eolicos-nas-serras-da-groba-e-o-galineiro\/#breadcrumb","itemListElement":[{"@type":"ListItem","position":1,"name":"Portada","item":"https:\/\/www.anovapeneira.gal\/"},{"@type":"ListItem","position":2,"name":"O proxecto de instalaci\u00f3n de parques e\u00f3licos nas Serras da Groba e o Gali\u00f1eiro"}]},{"@type":"WebSite","@id":"https:\/\/www.anovapeneira.gal\/#website","url":"https:\/\/www.anovapeneira.gal\/","name":"","description":"Xornal galego de informaci\u00f3n xeral Publicaci\u00f3n mensual de novas de Galicia e en especial dos Concellos da sur da provincia de Pontevedra.","publisher":{"@id":"https:\/\/www.anovapeneira.gal\/#organization"},"potentialAction":[{"@type":"SearchAction","target":{"@type":"EntryPoint","urlTemplate":"https:\/\/www.anovapeneira.gal\/?s={search_term_string}"},"query-input":{"@type":"PropertyValueSpecification","valueRequired":true,"valueName":"search_term_string"}}],"inLanguage":"gl-ES"},{"@type":"Organization","@id":"https:\/\/www.anovapeneira.gal\/#organization","name":"A Nova Peneira","url":"https:\/\/www.anovapeneira.gal\/","logo":{"@type":"ImageObject","inLanguage":"gl-ES","@id":"https:\/\/www.anovapeneira.gal\/#\/schema\/logo\/image\/","url":"http:\/\/www.anovapeneira.gal\/wp-content\/uploads\/2019\/06\/logo_a_nova_peneira_portal_web.png","contentUrl":"http:\/\/www.anovapeneira.gal\/wp-content\/uploads\/2019\/06\/logo_a_nova_peneira_portal_web.png","width":300,"height":100,"caption":"A Nova Peneira"},"image":{"@id":"https:\/\/www.anovapeneira.gal\/#\/schema\/logo\/image\/"},"sameAs":["https:\/\/www.facebook.com\/anovapeneira","https:\/\/x.com\/APeneira"]},{"@type":"Person","@id":"https:\/\/www.anovapeneira.gal\/#\/schema\/person\/424dfe65e3070fd8a44d22d2c088762a","name":"Tino Lago","image":{"@type":"ImageObject","inLanguage":"gl-ES","@id":"https:\/\/secure.gravatar.com\/avatar\/b3df6a06e44bab3111583b90f0f33a0379ee5e3d22cbadd232d39f21c30c62be?s=96&d=mm&r=g","url":"https:\/\/secure.gravatar.com\/avatar\/b3df6a06e44bab3111583b90f0f33a0379ee5e3d22cbadd232d39f21c30c62be?s=96&d=mm&r=g","contentUrl":"https:\/\/secure.gravatar.com\/avatar\/b3df6a06e44bab3111583b90f0f33a0379ee5e3d22cbadd232d39f21c30c62be?s=96&d=mm&r=g","caption":"Tino Lago"},"sameAs":["http:\/\/www.anovapeneira.gal"],"url":"https:\/\/www.anovapeneira.gal\/index.php\/author\/director\/"}]}},"jetpack_featured_media_url":"https:\/\/www.anovapeneira.gal\/wp-content\/uploads\/2020\/11\/parques_eolicos_nas_serras_da_Groba.jpg","_links":{"self":[{"href":"https:\/\/www.anovapeneira.gal\/index.php\/wp-json\/wp\/v2\/posts\/4388","targetHints":{"allow":["GET"]}}],"collection":[{"href":"https:\/\/www.anovapeneira.gal\/index.php\/wp-json\/wp\/v2\/posts"}],"about":[{"href":"https:\/\/www.anovapeneira.gal\/index.php\/wp-json\/wp\/v2\/types\/post"}],"author":[{"embeddable":true,"href":"https:\/\/www.anovapeneira.gal\/index.php\/wp-json\/wp\/v2\/users\/2"}],"replies":[{"embeddable":true,"href":"https:\/\/www.anovapeneira.gal\/index.php\/wp-json\/wp\/v2\/comments?post=4388"}],"version-history":[{"count":21,"href":"https:\/\/www.anovapeneira.gal\/index.php\/wp-json\/wp\/v2\/posts\/4388\/revisions"}],"predecessor-version":[{"id":4433,"href":"https:\/\/www.anovapeneira.gal\/index.php\/wp-json\/wp\/v2\/posts\/4388\/revisions\/4433"}],"wp:featuredmedia":[{"embeddable":true,"href":"https:\/\/www.anovapeneira.gal\/index.php\/wp-json\/wp\/v2\/media\/4393"}],"wp:attachment":[{"href":"https:\/\/www.anovapeneira.gal\/index.php\/wp-json\/wp\/v2\/media?parent=4388"}],"wp:term":[{"taxonomy":"category","embeddable":true,"href":"https:\/\/www.anovapeneira.gal\/index.php\/wp-json\/wp\/v2\/categories?post=4388"},{"taxonomy":"post_tag","embeddable":true,"href":"https:\/\/www.anovapeneira.gal\/index.php\/wp-json\/wp\/v2\/tags?post=4388"}],"curies":[{"name":"wp","href":"https:\/\/api.w.org\/{rel}","templated":true}]}}