{"id":4420,"date":"2020-12-03T12:00:59","date_gmt":"2020-12-03T11:00:59","guid":{"rendered":"http:\/\/www.anovapeneira.gal\/?p=4420"},"modified":"2020-11-30T09:56:26","modified_gmt":"2020-11-30T08:56:26","slug":"o-bng-propon-un-novo-modelo-de-coidados-que-prime-a-atencion-domiciliaria-e-as-residencias-pequenas-fronte-aos-macrocentros","status":"publish","type":"post","link":"https:\/\/www.anovapeneira.gal\/index.php\/2020\/12\/03\/o-bng-propon-un-novo-modelo-de-coidados-que-prime-a-atencion-domiciliaria-e-as-residencias-pequenas-fronte-aos-macrocentros\/","title":{"rendered":"O BNG prop\u00f3n un novo modelo de coidados que prime a atenci\u00f3n domiciliaria e as residencias pequenas fronte aos macrocentros"},"content":{"rendered":"\n<h2 class=\"wp-block-heading\"><strong>Olalla Rodil avoga por un sistema integral que mante\u00f1a \u00e1s persoas nos seus fogares todo o posible e non se reduza s\u00f3 a unha vertente institucionalizada<\/strong><\/h2>\n\n\n\n<h3 class=\"wp-block-heading\"><strong>Empraza \u00e1 dotaci\u00f3n de m\u00e1is e mellores servizos de proximidade e a domicilio, con centros residenciais de menor dimensi\u00f3n e inxeridos no sistema sanitario<\/strong><\/h3>\n\n\n\n<p><strong>Santiago de Compostela, 27 novembro 2020<\/strong><\/p>\n\n\n\n<p>O BNG prop\u00f3n un novo modelo de coidados que entenda e po\u00f1a no centro os dereitos das persoas a unha vellez digna e no que se dea prioridade aos coidados de proximidade, \u00e1 atenci\u00f3n domiciliaria -para que as persoas maiores permanezan no seu fogar o maior tempo posible- e no que se incl\u00faa un sistema residencial p\u00fablico que prime as residencias pequenas fronte aos grandes macrocentros.\u00a0<\/p>\n\n\n\n<p>As\u00ed o avanzou a viceportavoz nacionalista, Olalla Rodil, na comisi\u00f3n de reactivaci\u00f3n pola crise da COVID do Parlamento galego, ao f\u00edo das intervenci\u00f3ns da representante de TREGA (Traballadorxs de Residencias de Galicia), do presidente de REDE (Federaci\u00f3n Galega de Asociaci\u00f3ns de Familiares e Usuarias de Residencias e da Dependencia) e do director xeral de Atenci\u00f3n Integral Sociosanitaria da Xunta.&nbsp;<\/p>\n\n\n\n<p>Rodil defendeu a necesidade de consensuar un punto de inflexi\u00f3n a partir da pandemia -da que recalcou \u201cfixo visible o invisible, as carencias, deficiencias e problemas cos que xa contaba o sistema galego de coidados e concretamente a atenci\u00f3n \u00e1s persoas maiores\u201d- e cami\u00f1ar cara un modelo asistencial \u201ccompletamente diferente\u201d. \u201cUn sistema de coidados integral que non se vexa reducido s\u00f3 \u00e1 parte m\u00e1is institucionalizada, sen\u00f3n que se adapte \u00e1 realidade demogr\u00e1fica do pa\u00eds\u201d, subli\u00f1ou, para recalcar a continuaci\u00f3n a conveniencia de \u201cir facilitando m\u00e1is e mellores coidados de proximidade, de atenci\u00f3n domiciliaria e contribu\u00edr a que a xente poida permanecer nas s\u00faas casas o maior tempo posible\u201d.<\/p>\n\n\n\n<p>No referido concretamente \u00e1s residencias, propuxo que o novo modelo incl\u00faa a definici\u00f3n dun sistema residencial, en primeiro lugar, p\u00fablico, para acabar \u201ccoa distorsi\u00f3n de que o 80% das prazas estean en mans privadas, coas consecuencias que xa se est\u00e1n vendo\u201d e, en segundo lugar, pr\u00f3ximo, con centros m\u00e1is pequenos e cunha atenci\u00f3n m\u00e1is directa e personalizada que permita abandonar a f\u00f3rmula de macrocentro que se est\u00e1 asentando en Galiza e que est\u00e1 asociada maioritariamente a grupos empresariais \u201cque fan negocio cun dereito fundamental como \u00e9 o da vellez\u201d.<\/p>\n\n\n\n<p>Neste sentido, tam\u00e9n se referiu ao anuncio do Executivo galego para crear sete grandes residencias nas sete cidades galegas, que ser\u00e1n financiadas pola Fundaci\u00f3n Amancio Ortega e nas que se prev\u00e9 entre 100 e 120 prazas en cada unha delas. \u201cLogo da lecci\u00f3n que nos deixan a primeira e a segunda onda da pandemia, a Xunta non valora se este \u00e9 o mellor modelo para este pa\u00eds?\u201d, cuestionou, para a continuaci\u00f3n deixar clara a posici\u00f3n do Bloque: \u201cn\u00f3s pensamos que non\u201d.&nbsp;<\/p>\n\n\n\n<p>A viceportavoz nacionalista tam\u00e9n considerou preciso que as residencias estean moito m\u00e1is inxeridas na propia comunidade, optando non por \u201chospitalizalas\u201d, sen\u00f3n por conectalas \u00e1 s\u00faa contorna e especialmente ao sistema sanitario xeral para non \u201cseguir illando \u00e1s persoas maiores da s\u00faa propia realidade\u201d.&nbsp;<\/p>\n\n\n\n<p>Por \u00faltimo, e ante as reiteradas manifestaci\u00f3ns do Goberno do PP neste sentido, pediu \u00e1 Xunta que concrete o modelo residencial no que est\u00e1 a traballar e concrete o seu horizonte temporal e a dotaci\u00f3n orzamentaria coa que ten pensado implantalo.&nbsp;<\/p>\n","protected":false},"excerpt":{"rendered":"<div class=\"mh-excerpt\"><p>Olalla Rodil avoga por un sistema integral que mante\u00f1a \u00e1s persoas nos seus fogares todo o posible e non se reduza s\u00f3 a unha vertente institucionalizada <a class=\"mh-excerpt-more\" href=\"https:\/\/www.anovapeneira.gal\/index.php\/2020\/12\/03\/o-bng-propon-un-novo-modelo-de-coidados-que-prime-a-atencion-domiciliaria-e-as-residencias-pequenas-fronte-aos-macrocentros\/\" title=\"O BNG prop\u00f3n un novo modelo de coidados que prime a atenci\u00f3n domiciliaria e as residencias pequenas fronte aos macrocentros\">[&#8230;]<\/a><\/p>\n<\/div>","protected":false},"author":3,"featured_media":4421,"comment_status":"open","ping_status":"open","sticky":false,"template":"","format":"standard","meta":{"_exactmetrics_skip_tracking":false,"_exactmetrics_sitenote_active":false,"_exactmetrics_sitenote_note":"","_exactmetrics_sitenote_category":0,"footnotes":""},"categories":[263],"tags":[],"class_list":{"0":"post-4420","1":"post","2":"type-post","3":"status-publish","4":"format-standard","5":"has-post-thumbnail","7":"category-novas"},"yoast_head":"<!-- This site is optimized with the Yoast SEO plugin v27.4 - https:\/\/yoast.com\/product\/yoast-seo-wordpress\/ -->\n<title>O BNG prop\u00f3n un novo modelo de coidados que prime a atenci\u00f3n domiciliaria e as residencias pequenas fronte aos macrocentros -<\/title>\n<meta name=\"description\" content=\"Olalla Rodil avoga por un sistema integral que mante\u00f1a \u00e1s persoas nos seus fogares todo o posible e non se reduza s\u00f3 a unha vertente institucionalizada\" \/>\n<meta name=\"robots\" content=\"index, follow, max-snippet:-1, max-image-preview:large, max-video-preview:-1\" \/>\n<link rel=\"canonical\" href=\"https:\/\/www.anovapeneira.gal\/index.php\/2020\/12\/03\/o-bng-propon-un-novo-modelo-de-coidados-que-prime-a-atencion-domiciliaria-e-as-residencias-pequenas-fronte-aos-macrocentros\/\" \/>\n<meta property=\"og:locale\" content=\"gl_ES\" \/>\n<meta property=\"og:type\" content=\"article\" \/>\n<meta property=\"og:title\" content=\"O BNG prop\u00f3n un novo modelo de coidados que prime a atenci\u00f3n domiciliaria e as residencias pequenas fronte aos macrocentros -\" \/>\n<meta property=\"og:description\" content=\"Olalla Rodil avoga por un sistema integral que mante\u00f1a \u00e1s persoas nos seus fogares todo o posible e non se reduza s\u00f3 a unha vertente institucionalizada\" \/>\n<meta property=\"og:url\" content=\"https:\/\/www.anovapeneira.gal\/index.php\/2020\/12\/03\/o-bng-propon-un-novo-modelo-de-coidados-que-prime-a-atencion-domiciliaria-e-as-residencias-pequenas-fronte-aos-macrocentros\/\" \/>\n<meta property=\"article:publisher\" content=\"https:\/\/www.facebook.com\/anovapeneira\" \/>\n<meta property=\"article:published_time\" content=\"2020-12-03T11:00:59+00:00\" \/>\n<meta property=\"og:image\" content=\"https:\/\/www.anovapeneira.gal\/wp-content\/uploads\/2020\/11\/foto-Olalla-Rodil_bng.jpg\" \/>\n\t<meta property=\"og:image:width\" content=\"720\" \/>\n\t<meta property=\"og:image:height\" content=\"432\" \/>\n\t<meta property=\"og:image:type\" content=\"image\/jpeg\" \/>\n<meta name=\"author\" content=\"Redacci\u00f3n A Nova Peneira\" \/>\n<meta name=\"twitter:card\" content=\"summary_large_image\" \/>\n<meta name=\"twitter:creator\" content=\"@APeneira\" \/>\n<meta name=\"twitter:site\" content=\"@APeneira\" \/>\n<meta name=\"twitter:label1\" content=\"Escrito por\" \/>\n\t<meta name=\"twitter:data1\" content=\"Redacci\u00f3n A Nova Peneira\" \/>\n\t<meta name=\"twitter:label2\" content=\"Tempo de lectura\" \/>\n\t<meta name=\"twitter:data2\" content=\"3 minutos\" \/>\n<script type=\"application\/ld+json\" class=\"yoast-schema-graph\">{\"@context\":\"https:\\\/\\\/schema.org\",\"@graph\":[{\"@type\":\"Article\",\"@id\":\"https:\\\/\\\/www.anovapeneira.gal\\\/index.php\\\/2020\\\/12\\\/03\\\/o-bng-propon-un-novo-modelo-de-coidados-que-prime-a-atencion-domiciliaria-e-as-residencias-pequenas-fronte-aos-macrocentros\\\/#article\",\"isPartOf\":{\"@id\":\"https:\\\/\\\/www.anovapeneira.gal\\\/index.php\\\/2020\\\/12\\\/03\\\/o-bng-propon-un-novo-modelo-de-coidados-que-prime-a-atencion-domiciliaria-e-as-residencias-pequenas-fronte-aos-macrocentros\\\/\"},\"author\":{\"name\":\"Redacci\u00f3n A Nova Peneira\",\"@id\":\"https:\\\/\\\/www.anovapeneira.gal\\\/#\\\/schema\\\/person\\\/b93e3f8932e3f8da96334607eb6ac6aa\"},\"headline\":\"O BNG prop\u00f3n un novo modelo de coidados que prime a atenci\u00f3n domiciliaria e as residencias pequenas fronte aos macrocentros\",\"datePublished\":\"2020-12-03T11:00:59+00:00\",\"mainEntityOfPage\":{\"@id\":\"https:\\\/\\\/www.anovapeneira.gal\\\/index.php\\\/2020\\\/12\\\/03\\\/o-bng-propon-un-novo-modelo-de-coidados-que-prime-a-atencion-domiciliaria-e-as-residencias-pequenas-fronte-aos-macrocentros\\\/\"},\"wordCount\":611,\"commentCount\":0,\"publisher\":{\"@id\":\"https:\\\/\\\/www.anovapeneira.gal\\\/#organization\"},\"image\":{\"@id\":\"https:\\\/\\\/www.anovapeneira.gal\\\/index.php\\\/2020\\\/12\\\/03\\\/o-bng-propon-un-novo-modelo-de-coidados-que-prime-a-atencion-domiciliaria-e-as-residencias-pequenas-fronte-aos-macrocentros\\\/#primaryimage\"},\"thumbnailUrl\":\"https:\\\/\\\/www.anovapeneira.gal\\\/wp-content\\\/uploads\\\/2020\\\/11\\\/foto-Olalla-Rodil_bng.jpg\",\"articleSection\":[\"Novas\"],\"inLanguage\":\"gl-ES\",\"potentialAction\":[{\"@type\":\"CommentAction\",\"name\":\"Comment\",\"target\":[\"https:\\\/\\\/www.anovapeneira.gal\\\/index.php\\\/2020\\\/12\\\/03\\\/o-bng-propon-un-novo-modelo-de-coidados-que-prime-a-atencion-domiciliaria-e-as-residencias-pequenas-fronte-aos-macrocentros\\\/#respond\"]}]},{\"@type\":\"WebPage\",\"@id\":\"https:\\\/\\\/www.anovapeneira.gal\\\/index.php\\\/2020\\\/12\\\/03\\\/o-bng-propon-un-novo-modelo-de-coidados-que-prime-a-atencion-domiciliaria-e-as-residencias-pequenas-fronte-aos-macrocentros\\\/\",\"url\":\"https:\\\/\\\/www.anovapeneira.gal\\\/index.php\\\/2020\\\/12\\\/03\\\/o-bng-propon-un-novo-modelo-de-coidados-que-prime-a-atencion-domiciliaria-e-as-residencias-pequenas-fronte-aos-macrocentros\\\/\",\"name\":\"O BNG prop\u00f3n un novo modelo de coidados que prime a atenci\u00f3n domiciliaria e as residencias pequenas fronte aos macrocentros -\",\"isPartOf\":{\"@id\":\"https:\\\/\\\/www.anovapeneira.gal\\\/#website\"},\"primaryImageOfPage\":{\"@id\":\"https:\\\/\\\/www.anovapeneira.gal\\\/index.php\\\/2020\\\/12\\\/03\\\/o-bng-propon-un-novo-modelo-de-coidados-que-prime-a-atencion-domiciliaria-e-as-residencias-pequenas-fronte-aos-macrocentros\\\/#primaryimage\"},\"image\":{\"@id\":\"https:\\\/\\\/www.anovapeneira.gal\\\/index.php\\\/2020\\\/12\\\/03\\\/o-bng-propon-un-novo-modelo-de-coidados-que-prime-a-atencion-domiciliaria-e-as-residencias-pequenas-fronte-aos-macrocentros\\\/#primaryimage\"},\"thumbnailUrl\":\"https:\\\/\\\/www.anovapeneira.gal\\\/wp-content\\\/uploads\\\/2020\\\/11\\\/foto-Olalla-Rodil_bng.jpg\",\"datePublished\":\"2020-12-03T11:00:59+00:00\",\"description\":\"Olalla Rodil avoga por un sistema integral que mante\u00f1a \u00e1s persoas nos seus fogares todo o posible e non se reduza s\u00f3 a unha vertente institucionalizada\",\"breadcrumb\":{\"@id\":\"https:\\\/\\\/www.anovapeneira.gal\\\/index.php\\\/2020\\\/12\\\/03\\\/o-bng-propon-un-novo-modelo-de-coidados-que-prime-a-atencion-domiciliaria-e-as-residencias-pequenas-fronte-aos-macrocentros\\\/#breadcrumb\"},\"inLanguage\":\"gl-ES\",\"potentialAction\":[{\"@type\":\"ReadAction\",\"target\":[\"https:\\\/\\\/www.anovapeneira.gal\\\/index.php\\\/2020\\\/12\\\/03\\\/o-bng-propon-un-novo-modelo-de-coidados-que-prime-a-atencion-domiciliaria-e-as-residencias-pequenas-fronte-aos-macrocentros\\\/\"]}]},{\"@type\":\"ImageObject\",\"inLanguage\":\"gl-ES\",\"@id\":\"https:\\\/\\\/www.anovapeneira.gal\\\/index.php\\\/2020\\\/12\\\/03\\\/o-bng-propon-un-novo-modelo-de-coidados-que-prime-a-atencion-domiciliaria-e-as-residencias-pequenas-fronte-aos-macrocentros\\\/#primaryimage\",\"url\":\"https:\\\/\\\/www.anovapeneira.gal\\\/wp-content\\\/uploads\\\/2020\\\/11\\\/foto-Olalla-Rodil_bng.jpg\",\"contentUrl\":\"https:\\\/\\\/www.anovapeneira.gal\\\/wp-content\\\/uploads\\\/2020\\\/11\\\/foto-Olalla-Rodil_bng.jpg\",\"width\":720,\"height\":432,\"caption\":\"O BNG prop\u00f3n un novo modelo de coidados que prime a atenci\u00f3n domiciliaria e as residencias pequenas fronte aos macrocentros Olalla Rodil avoga por un sistema integral que mante\u00f1a \u00e1s persoas nos seus fogares todo o posible e non se reduza s\u00f3 a unha vertente institucionalizada\"},{\"@type\":\"BreadcrumbList\",\"@id\":\"https:\\\/\\\/www.anovapeneira.gal\\\/index.php\\\/2020\\\/12\\\/03\\\/o-bng-propon-un-novo-modelo-de-coidados-que-prime-a-atencion-domiciliaria-e-as-residencias-pequenas-fronte-aos-macrocentros\\\/#breadcrumb\",\"itemListElement\":[{\"@type\":\"ListItem\",\"position\":1,\"name\":\"Portada\",\"item\":\"https:\\\/\\\/www.anovapeneira.gal\\\/\"},{\"@type\":\"ListItem\",\"position\":2,\"name\":\"O BNG prop\u00f3n un novo modelo de coidados que prime a atenci\u00f3n domiciliaria e as residencias pequenas fronte aos macrocentros\"}]},{\"@type\":\"WebSite\",\"@id\":\"https:\\\/\\\/www.anovapeneira.gal\\\/#website\",\"url\":\"https:\\\/\\\/www.anovapeneira.gal\\\/\",\"name\":\"\",\"description\":\"Xornal galego de informaci\u00f3n xeral Publicaci\u00f3n mensual de novas de Galicia e en especial dos Concellos da sur da provincia de Pontevedra.\",\"publisher\":{\"@id\":\"https:\\\/\\\/www.anovapeneira.gal\\\/#organization\"},\"potentialAction\":[{\"@type\":\"SearchAction\",\"target\":{\"@type\":\"EntryPoint\",\"urlTemplate\":\"https:\\\/\\\/www.anovapeneira.gal\\\/?s={search_term_string}\"},\"query-input\":{\"@type\":\"PropertyValueSpecification\",\"valueRequired\":true,\"valueName\":\"search_term_string\"}}],\"inLanguage\":\"gl-ES\"},{\"@type\":\"Organization\",\"@id\":\"https:\\\/\\\/www.anovapeneira.gal\\\/#organization\",\"name\":\"A Nova Peneira\",\"url\":\"https:\\\/\\\/www.anovapeneira.gal\\\/\",\"logo\":{\"@type\":\"ImageObject\",\"inLanguage\":\"gl-ES\",\"@id\":\"https:\\\/\\\/www.anovapeneira.gal\\\/#\\\/schema\\\/logo\\\/image\\\/\",\"url\":\"http:\\\/\\\/www.anovapeneira.gal\\\/wp-content\\\/uploads\\\/2019\\\/06\\\/logo_a_nova_peneira_portal_web.png\",\"contentUrl\":\"http:\\\/\\\/www.anovapeneira.gal\\\/wp-content\\\/uploads\\\/2019\\\/06\\\/logo_a_nova_peneira_portal_web.png\",\"width\":300,\"height\":100,\"caption\":\"A Nova Peneira\"},\"image\":{\"@id\":\"https:\\\/\\\/www.anovapeneira.gal\\\/#\\\/schema\\\/logo\\\/image\\\/\"},\"sameAs\":[\"https:\\\/\\\/www.facebook.com\\\/anovapeneira\",\"https:\\\/\\\/x.com\\\/APeneira\"]},{\"@type\":\"Person\",\"@id\":\"https:\\\/\\\/www.anovapeneira.gal\\\/#\\\/schema\\\/person\\\/b93e3f8932e3f8da96334607eb6ac6aa\",\"name\":\"Redacci\u00f3n A Nova Peneira\",\"image\":{\"@type\":\"ImageObject\",\"inLanguage\":\"gl-ES\",\"@id\":\"https:\\\/\\\/secure.gravatar.com\\\/avatar\\\/c052a2551a06e23fac63626232eaa90abd78dbcf1700fc46a2b2c89fd27b735f?s=96&d=mm&r=g\",\"url\":\"https:\\\/\\\/secure.gravatar.com\\\/avatar\\\/c052a2551a06e23fac63626232eaa90abd78dbcf1700fc46a2b2c89fd27b735f?s=96&d=mm&r=g\",\"contentUrl\":\"https:\\\/\\\/secure.gravatar.com\\\/avatar\\\/c052a2551a06e23fac63626232eaa90abd78dbcf1700fc46a2b2c89fd27b735f?s=96&d=mm&r=g\",\"caption\":\"Redacci\u00f3n A Nova Peneira\"},\"sameAs\":[\"http:\\\/\\\/www.anovapeneira.gal\\\/\"],\"url\":\"https:\\\/\\\/www.anovapeneira.gal\\\/index.php\\\/author\\\/redactor\\\/\"}]}<\/script>\n<!-- \/ Yoast SEO plugin. -->","yoast_head_json":{"title":"O BNG prop\u00f3n un novo modelo de coidados que prime a atenci\u00f3n domiciliaria e as residencias pequenas fronte aos macrocentros -","description":"Olalla Rodil avoga por un sistema integral que mante\u00f1a \u00e1s persoas nos seus fogares todo o posible e non se reduza s\u00f3 a unha vertente institucionalizada","robots":{"index":"index","follow":"follow","max-snippet":"max-snippet:-1","max-image-preview":"max-image-preview:large","max-video-preview":"max-video-preview:-1"},"canonical":"https:\/\/www.anovapeneira.gal\/index.php\/2020\/12\/03\/o-bng-propon-un-novo-modelo-de-coidados-que-prime-a-atencion-domiciliaria-e-as-residencias-pequenas-fronte-aos-macrocentros\/","og_locale":"gl_ES","og_type":"article","og_title":"O BNG prop\u00f3n un novo modelo de coidados que prime a atenci\u00f3n domiciliaria e as residencias pequenas fronte aos macrocentros -","og_description":"Olalla Rodil avoga por un sistema integral que mante\u00f1a \u00e1s persoas nos seus fogares todo o posible e non se reduza s\u00f3 a unha vertente institucionalizada","og_url":"https:\/\/www.anovapeneira.gal\/index.php\/2020\/12\/03\/o-bng-propon-un-novo-modelo-de-coidados-que-prime-a-atencion-domiciliaria-e-as-residencias-pequenas-fronte-aos-macrocentros\/","article_publisher":"https:\/\/www.facebook.com\/anovapeneira","article_published_time":"2020-12-03T11:00:59+00:00","og_image":[{"width":720,"height":432,"url":"https:\/\/www.anovapeneira.gal\/wp-content\/uploads\/2020\/11\/foto-Olalla-Rodil_bng.jpg","type":"image\/jpeg"}],"author":"Redacci\u00f3n A Nova Peneira","twitter_card":"summary_large_image","twitter_creator":"@APeneira","twitter_site":"@APeneira","twitter_misc":{"Escrito por":"Redacci\u00f3n A Nova Peneira","Tempo de lectura":"3 minutos"},"schema":{"@context":"https:\/\/schema.org","@graph":[{"@type":"Article","@id":"https:\/\/www.anovapeneira.gal\/index.php\/2020\/12\/03\/o-bng-propon-un-novo-modelo-de-coidados-que-prime-a-atencion-domiciliaria-e-as-residencias-pequenas-fronte-aos-macrocentros\/#article","isPartOf":{"@id":"https:\/\/www.anovapeneira.gal\/index.php\/2020\/12\/03\/o-bng-propon-un-novo-modelo-de-coidados-que-prime-a-atencion-domiciliaria-e-as-residencias-pequenas-fronte-aos-macrocentros\/"},"author":{"name":"Redacci\u00f3n A Nova Peneira","@id":"https:\/\/www.anovapeneira.gal\/#\/schema\/person\/b93e3f8932e3f8da96334607eb6ac6aa"},"headline":"O BNG prop\u00f3n un novo modelo de coidados que prime a atenci\u00f3n domiciliaria e as residencias pequenas fronte aos macrocentros","datePublished":"2020-12-03T11:00:59+00:00","mainEntityOfPage":{"@id":"https:\/\/www.anovapeneira.gal\/index.php\/2020\/12\/03\/o-bng-propon-un-novo-modelo-de-coidados-que-prime-a-atencion-domiciliaria-e-as-residencias-pequenas-fronte-aos-macrocentros\/"},"wordCount":611,"commentCount":0,"publisher":{"@id":"https:\/\/www.anovapeneira.gal\/#organization"},"image":{"@id":"https:\/\/www.anovapeneira.gal\/index.php\/2020\/12\/03\/o-bng-propon-un-novo-modelo-de-coidados-que-prime-a-atencion-domiciliaria-e-as-residencias-pequenas-fronte-aos-macrocentros\/#primaryimage"},"thumbnailUrl":"https:\/\/www.anovapeneira.gal\/wp-content\/uploads\/2020\/11\/foto-Olalla-Rodil_bng.jpg","articleSection":["Novas"],"inLanguage":"gl-ES","potentialAction":[{"@type":"CommentAction","name":"Comment","target":["https:\/\/www.anovapeneira.gal\/index.php\/2020\/12\/03\/o-bng-propon-un-novo-modelo-de-coidados-que-prime-a-atencion-domiciliaria-e-as-residencias-pequenas-fronte-aos-macrocentros\/#respond"]}]},{"@type":"WebPage","@id":"https:\/\/www.anovapeneira.gal\/index.php\/2020\/12\/03\/o-bng-propon-un-novo-modelo-de-coidados-que-prime-a-atencion-domiciliaria-e-as-residencias-pequenas-fronte-aos-macrocentros\/","url":"https:\/\/www.anovapeneira.gal\/index.php\/2020\/12\/03\/o-bng-propon-un-novo-modelo-de-coidados-que-prime-a-atencion-domiciliaria-e-as-residencias-pequenas-fronte-aos-macrocentros\/","name":"O BNG prop\u00f3n un novo modelo de coidados que prime a atenci\u00f3n domiciliaria e as residencias pequenas fronte aos macrocentros -","isPartOf":{"@id":"https:\/\/www.anovapeneira.gal\/#website"},"primaryImageOfPage":{"@id":"https:\/\/www.anovapeneira.gal\/index.php\/2020\/12\/03\/o-bng-propon-un-novo-modelo-de-coidados-que-prime-a-atencion-domiciliaria-e-as-residencias-pequenas-fronte-aos-macrocentros\/#primaryimage"},"image":{"@id":"https:\/\/www.anovapeneira.gal\/index.php\/2020\/12\/03\/o-bng-propon-un-novo-modelo-de-coidados-que-prime-a-atencion-domiciliaria-e-as-residencias-pequenas-fronte-aos-macrocentros\/#primaryimage"},"thumbnailUrl":"https:\/\/www.anovapeneira.gal\/wp-content\/uploads\/2020\/11\/foto-Olalla-Rodil_bng.jpg","datePublished":"2020-12-03T11:00:59+00:00","description":"Olalla Rodil avoga por un sistema integral que mante\u00f1a \u00e1s persoas nos seus fogares todo o posible e non se reduza s\u00f3 a unha vertente institucionalizada","breadcrumb":{"@id":"https:\/\/www.anovapeneira.gal\/index.php\/2020\/12\/03\/o-bng-propon-un-novo-modelo-de-coidados-que-prime-a-atencion-domiciliaria-e-as-residencias-pequenas-fronte-aos-macrocentros\/#breadcrumb"},"inLanguage":"gl-ES","potentialAction":[{"@type":"ReadAction","target":["https:\/\/www.anovapeneira.gal\/index.php\/2020\/12\/03\/o-bng-propon-un-novo-modelo-de-coidados-que-prime-a-atencion-domiciliaria-e-as-residencias-pequenas-fronte-aos-macrocentros\/"]}]},{"@type":"ImageObject","inLanguage":"gl-ES","@id":"https:\/\/www.anovapeneira.gal\/index.php\/2020\/12\/03\/o-bng-propon-un-novo-modelo-de-coidados-que-prime-a-atencion-domiciliaria-e-as-residencias-pequenas-fronte-aos-macrocentros\/#primaryimage","url":"https:\/\/www.anovapeneira.gal\/wp-content\/uploads\/2020\/11\/foto-Olalla-Rodil_bng.jpg","contentUrl":"https:\/\/www.anovapeneira.gal\/wp-content\/uploads\/2020\/11\/foto-Olalla-Rodil_bng.jpg","width":720,"height":432,"caption":"O BNG prop\u00f3n un novo modelo de coidados que prime a atenci\u00f3n domiciliaria e as residencias pequenas fronte aos macrocentros Olalla Rodil avoga por un sistema integral que mante\u00f1a \u00e1s persoas nos seus fogares todo o posible e non se reduza s\u00f3 a unha vertente institucionalizada"},{"@type":"BreadcrumbList","@id":"https:\/\/www.anovapeneira.gal\/index.php\/2020\/12\/03\/o-bng-propon-un-novo-modelo-de-coidados-que-prime-a-atencion-domiciliaria-e-as-residencias-pequenas-fronte-aos-macrocentros\/#breadcrumb","itemListElement":[{"@type":"ListItem","position":1,"name":"Portada","item":"https:\/\/www.anovapeneira.gal\/"},{"@type":"ListItem","position":2,"name":"O BNG prop\u00f3n un novo modelo de coidados que prime a atenci\u00f3n domiciliaria e as residencias pequenas fronte aos macrocentros"}]},{"@type":"WebSite","@id":"https:\/\/www.anovapeneira.gal\/#website","url":"https:\/\/www.anovapeneira.gal\/","name":"","description":"Xornal galego de informaci\u00f3n xeral Publicaci\u00f3n mensual de novas de Galicia e en especial dos Concellos da sur da provincia de Pontevedra.","publisher":{"@id":"https:\/\/www.anovapeneira.gal\/#organization"},"potentialAction":[{"@type":"SearchAction","target":{"@type":"EntryPoint","urlTemplate":"https:\/\/www.anovapeneira.gal\/?s={search_term_string}"},"query-input":{"@type":"PropertyValueSpecification","valueRequired":true,"valueName":"search_term_string"}}],"inLanguage":"gl-ES"},{"@type":"Organization","@id":"https:\/\/www.anovapeneira.gal\/#organization","name":"A Nova Peneira","url":"https:\/\/www.anovapeneira.gal\/","logo":{"@type":"ImageObject","inLanguage":"gl-ES","@id":"https:\/\/www.anovapeneira.gal\/#\/schema\/logo\/image\/","url":"http:\/\/www.anovapeneira.gal\/wp-content\/uploads\/2019\/06\/logo_a_nova_peneira_portal_web.png","contentUrl":"http:\/\/www.anovapeneira.gal\/wp-content\/uploads\/2019\/06\/logo_a_nova_peneira_portal_web.png","width":300,"height":100,"caption":"A Nova Peneira"},"image":{"@id":"https:\/\/www.anovapeneira.gal\/#\/schema\/logo\/image\/"},"sameAs":["https:\/\/www.facebook.com\/anovapeneira","https:\/\/x.com\/APeneira"]},{"@type":"Person","@id":"https:\/\/www.anovapeneira.gal\/#\/schema\/person\/b93e3f8932e3f8da96334607eb6ac6aa","name":"Redacci\u00f3n A Nova Peneira","image":{"@type":"ImageObject","inLanguage":"gl-ES","@id":"https:\/\/secure.gravatar.com\/avatar\/c052a2551a06e23fac63626232eaa90abd78dbcf1700fc46a2b2c89fd27b735f?s=96&d=mm&r=g","url":"https:\/\/secure.gravatar.com\/avatar\/c052a2551a06e23fac63626232eaa90abd78dbcf1700fc46a2b2c89fd27b735f?s=96&d=mm&r=g","contentUrl":"https:\/\/secure.gravatar.com\/avatar\/c052a2551a06e23fac63626232eaa90abd78dbcf1700fc46a2b2c89fd27b735f?s=96&d=mm&r=g","caption":"Redacci\u00f3n A Nova Peneira"},"sameAs":["http:\/\/www.anovapeneira.gal\/"],"url":"https:\/\/www.anovapeneira.gal\/index.php\/author\/redactor\/"}]}},"jetpack_featured_media_url":"https:\/\/www.anovapeneira.gal\/wp-content\/uploads\/2020\/11\/foto-Olalla-Rodil_bng.jpg","_links":{"self":[{"href":"https:\/\/www.anovapeneira.gal\/index.php\/wp-json\/wp\/v2\/posts\/4420","targetHints":{"allow":["GET"]}}],"collection":[{"href":"https:\/\/www.anovapeneira.gal\/index.php\/wp-json\/wp\/v2\/posts"}],"about":[{"href":"https:\/\/www.anovapeneira.gal\/index.php\/wp-json\/wp\/v2\/types\/post"}],"author":[{"embeddable":true,"href":"https:\/\/www.anovapeneira.gal\/index.php\/wp-json\/wp\/v2\/users\/3"}],"replies":[{"embeddable":true,"href":"https:\/\/www.anovapeneira.gal\/index.php\/wp-json\/wp\/v2\/comments?post=4420"}],"version-history":[{"count":1,"href":"https:\/\/www.anovapeneira.gal\/index.php\/wp-json\/wp\/v2\/posts\/4420\/revisions"}],"predecessor-version":[{"id":4422,"href":"https:\/\/www.anovapeneira.gal\/index.php\/wp-json\/wp\/v2\/posts\/4420\/revisions\/4422"}],"wp:featuredmedia":[{"embeddable":true,"href":"https:\/\/www.anovapeneira.gal\/index.php\/wp-json\/wp\/v2\/media\/4421"}],"wp:attachment":[{"href":"https:\/\/www.anovapeneira.gal\/index.php\/wp-json\/wp\/v2\/media?parent=4420"}],"wp:term":[{"taxonomy":"category","embeddable":true,"href":"https:\/\/www.anovapeneira.gal\/index.php\/wp-json\/wp\/v2\/categories?post=4420"},{"taxonomy":"post_tag","embeddable":true,"href":"https:\/\/www.anovapeneira.gal\/index.php\/wp-json\/wp\/v2\/tags?post=4420"}],"curies":[{"name":"wp","href":"https:\/\/api.w.org\/{rel}","templated":true}]}}