{"id":4434,"date":"2020-12-07T10:00:33","date_gmt":"2020-12-07T09:00:33","guid":{"rendered":"http:\/\/www.anovapeneira.gal\/?p=4434"},"modified":"2020-12-07T11:57:44","modified_gmt":"2020-12-07T10:57:44","slug":"o-vixesimo-noveno-fragmento-do-diario-llorar-de-senlua-arraiana","status":"publish","type":"post","link":"https:\/\/www.anovapeneira.gal\/index.php\/2020\/12\/07\/o-vixesimo-noveno-fragmento-do-diario-llorar-de-senlua-arraiana\/","title":{"rendered":"O vix\u00e9simo noveno fragmento do diario chorar de Senl\u00faa Arraiana:"},"content":{"rendered":"\n<h2 class=\"wp-block-heading\"><strong><em>Sobre o plan en tempo e forma<\/em><\/strong><\/h2>\n\n\n\n<figure class=\"wp-block-image size-large is-resized is-style-default\"><img loading=\"lazy\" decoding=\"async\" src=\"http:\/\/www.anovapeneira.gal\/wp-content\/uploads\/2019\/07\/cristobal_a_nova_peneira.jpg\" alt=\"Crist\u00f3bal L\u00f3pez A Nova Peneira\" class=\"wp-image-555\" width=\"95\" height=\"111\"\/><figcaption>Crist\u00f3bal L\u00f3pez Pazo | Comuneiro dos montes de Tameiga, militante de anticapitalistas, ecoloxista en acci\u00f3n e veci\u00f1o constitu\u00ednte da asemblea veci\u00f1al ga\u00f1aM\u00f3s<\/figcaption><\/figure>\n\n\n\n<div class=\"wp-block-columns is-layout-flex wp-container-core-columns-is-layout-9d6595d7 wp-block-columns-is-layout-flex\">\n<div class=\"wp-block-column is-layout-flow wp-block-column-is-layout-flow\">\n<figure class=\"wp-block-image size-large is-style-default\"><img loading=\"lazy\" decoding=\"async\" width=\"700\" height=\"816\" src=\"http:\/\/www.anovapeneira.gal\/wp-content\/uploads\/2019\/08\/senlua_arraiana_2135.jpg\" alt=\"\" class=\"wp-image-877\" srcset=\"https:\/\/www.anovapeneira.gal\/wp-content\/uploads\/2019\/08\/senlua_arraiana_2135.jpg 700w, https:\/\/www.anovapeneira.gal\/wp-content\/uploads\/2019\/08\/senlua_arraiana_2135-257x300.jpg 257w\" sizes=\"auto, (max-width: 700px) 100vw, 700px\" \/><\/figure>\n<\/div>\n\n\n\n<div class=\"wp-block-column is-layout-flow wp-block-column-is-layout-flow\">\n<p><strong><em>Este vix\u00e9simo noveno fragmento do diario de Senl\u00faa Arraiana foi recuperado e adiantado ao noso tempo por Noitepedralonga, fiel camarada do av\u00f3 da futura l\u00edder da resistencia arraiana<\/em><\/strong><\/p>\n<\/div>\n<\/div>\n\n\n\n<p>Achegamonos aos Pin\u00e1culos de Obliter polo suroeste dando un pequeno rodeo para manternos agochados ao socaire das miradas dos aparceros que traballaban os predios no extrarradio de Vilania. Desde os Pin\u00e1culos non se apreciaba a capital pero si os labrantios, as casas labriegas e as veredas que sepenteaban trazando os deslindes e converx\u00edan na lontananza onde o mal se encarnaba tr\u00e1s un sorriso albeado.&nbsp;<\/p>\n\n\n\n<p>Saironnos ao paso varios camaradas&nbsp; do grupo de Puxeiros O Roxo para guiarnos at\u00e9 o campamento onde estaban acantonados. Eran vellos co\u00f1ecidos para a maioria dos arraianos e con eles comezamos unha longa ceremonia de saudos efusivos e sonoras celebraci\u00f3ns at\u00e9 ben entrada a noite, amenizada polo preceptivo \u00e1gape de reencuentro. Se o nome do meu pai foi o m\u00e1is mencionado nas conversas rememorando os tempos antes do \u00e9xodo, foi a mi\u00f1a nai a que botaron en falta. A s\u00faa ausencia estaba tan presente que mesmo Portela emperrouse en deixar unha cadeira baleira no seu honor cando nos sentimos a cear. A\u00ednda hoxe non sei como se as apa\u00f1ou para atopar unha cadeira. No seu grupo de magos da tecnolox\u00eda todo era posible por moi pouco probable que parecera.&nbsp;<\/p>\n\n\n\n<p>Durante a cea, as fillas de Portela, Malandrea e Zafra, que dirix\u00edan as operaci\u00f3ns de exploraci\u00f3n e observaci\u00f3n, puxeronnos ao tanto das \u00faltimas novidades. As huestes de Areval\u00e9fica marchaban cara a Anatolia e, tal como augurara Prusiana, deixando un exiguo ret\u00e9n na capital. Areval\u00e9fica aceptara o envite de Prusiana respondendo cun \u00f3rdago. Estamos sobre o plan, en tempo e forma. S\u00f3 restaba que voltaran as patrullas de exploraci\u00f3n conf\u00edrm\u00e1ndonos que Areval\u00e9fica permanec\u00eda en Vilania, deixando, como acostumaba, as entretelas da guerra en mans dos seus fugaces xenerais. O asalto e toma da fortaleza principal de Vilania era a base do plan para conquistar a capital, pero sen a captura de Areval\u00e9fica o seu ex\u00e9rcito continuar\u00eda con ela ao fronte e non se desmoronar\u00eda como agardab\u00e1mos. Con ou sen a captura de Areval\u00e9fica, desposeer \u00e1 Colmea da capital, a \u00fanica cidade que conservaban, asestaba un golpe mortal ao enemigo, pero se ela non era apresada e dirix\u00eda as s\u00faas tropas contra Anatolia, podr\u00eda p\u00f3r en serios apuros ao ex\u00e9rcito rebelde. Todas eramos co\u00f1ecedoras da situaci\u00f3n e a tensi\u00f3n causada pola incertidumbre se prolonagar\u00eda at\u00e9 ben entrada a madrugada cando retornaran as patrullas exploradoras.<\/p>\n\n\n\n<p>As caprichosas acumulaci\u00f3ns de pin\u00e1culos favorec\u00edan pequenos espazos de acubillo onde pernoctar. Despois de cear fumos espall\u00e1ndonos en pequenos grupos e recoll\u00e9ndonos nas espeluncas. As puxeiri\u00f1as, Zafra, Gataparda, Malandrea m\u00e1is eu, encami\u00f1\u00e1monos cara os pin\u00e1culos m\u00e1is orientais, ao posto m\u00e1is avanzado, para agardar polos exploradores.<\/p>\n\n\n\n<p>Cami\u00f1\u00e1bamos ensimismadas na nosa conversa sobre os entresixos da batalla que se aveci\u00f1aba cando Gataparda f\u00edxonos aspaventos para que gardaramos silencio e nos permaneceramos quedas. Con pasos r\u00e1pidos e decididos Gataparda desapareceu detr\u00e1s duns matorrais que xalonaban un recoveco entre pin\u00e1culos. Antes de que poideramos reaccionar Gataparda asomaba con d\u00faas rapazas collidas polo antebrazo. Xa non me cabe d\u00fabida algunha de que no ADN da mi\u00f1a amiga corre m\u00e1is dun xen felino.&nbsp;<\/p>\n\n\n\n<p>Tardamos en acadar que se calmaran e cesaran de falar a borbot\u00f3ns atrap\u00e1llandose entre ambas. Eran fillas dos aparceiros das inmediaci\u00f3ns agochadas nos pin\u00e1culos. A maior\u00eda das familias aparceras ti\u00f1an un enfrentamento larvado contra a Colmea. Viv\u00edan extramuros da capital nas casas labriegas traballando os labrant\u00edos parcelados e aillados do ilotismo imperante muros adentro. Eran imprescindibles para alimentar \u00e1 poboaci\u00f3n de Vilania, esta circunstancia era un paraguas contra a ira de Areval\u00e9fica. A aparcer\u00eda inicial era unha medianer\u00eda, un r\u00e9xime estabrecido cando o meu pai estaba ao fronte da reconstrucci\u00f3n social. Lonxe quedaban os tempos dese equilibrio no reparto dos froitos das colleitas, a Colmea foi incrementado a parte requisada qued\u00e1ndose coa parte do le\u00f3n e deixando as familias aparceiras apenas o imprescindible para subsistir. Esta opresi\u00f3n tivo consecuencias na producci\u00f3n e as colleitas menguaron ante a falta de coidados. A resposta de Areval\u00e9fica foi secuestrar aos fillos menores das familias granxeiras, todos os rapaces que a\u00ednda non pod\u00edan axudar nas labores foron apresado e recluidos na fortaleza principal de Vilania onde resid\u00eda Areval\u00e9fica. A dr\u00e1stica medida tivo efectos inmediatos, un considerable aumento das colleitas e unha xenreira com\u00fan dos aparceiros contra a Colmea.&nbsp;<\/p>\n\n\n\n<p>Falamos coas d\u00faas rapazas para saber cantas m\u00e1is estaban agochadas nos pin\u00e1culos fora do alcance das garras de Areval\u00e9fica. Queriamos atopalas, reunilas e propo\u00f1erlles que mediaran para unha reuni\u00f3n segreda cos seus pais. Iamos ofrecerlles unha alianza contra o enemigo com\u00fan. Si se decantaba esta coalescencia revertiriamos a desventaxa t\u00e1ctica de desco\u00f1ecer o rueiro de Vilania e a disposici\u00f3n das dependencias dentro da fortaleza que ten\u00edamos que asaltar para apresar a Areval\u00e9fica. Se ademais se sumaban como forzas de asalto \u00eda ser dif\u00edcil que a victoria se nos escapara. A reuni\u00f3n deber\u00eda ser coas rapazas presentes e no poder dos seus pais, era arriscado, pero non queriamos que nos viran como o reverso de Areval\u00e9fica e que as s\u00faas fillas foran agora os nosos ref\u00e9ns para obligarlles a axudarnos. Non todo o que beneficia ao pobo arraiano era de por si moralmente xusto.&nbsp;<\/p>\n\n\n\n<p>Tardamos varias horas en atopar o restos dos rapaces agochados, eran varias ducias e todos temerosas en darse a co\u00f1ecer. Partimos con eles cara os predios coa boa nova dos retornados exploradores. Areval\u00e9fica quedara en Vilania e non encabezaba o seu ex\u00e9rcito para asediar Anatolia.&nbsp;<\/p>\n\n\n\n<p>Todo \u00eda segundo o plan en tempo e forma. Se contabamos coa colaboraci\u00f3n dos aparceiros poderiamos realizar unha operaci\u00f3n limpa sen ter que entrar en Vilania dispar\u00e1ndolle a todo semoviente que atoparamos no cami\u00f1o.&nbsp;<\/p>\n\n\n\n<p>Mentres baixabamos dos Pin\u00e1culo de Obliter hacia os labrant\u00edos vi\u00f1eronme unhas palabras que escoitara a mi\u00f1a nai en m\u00e1is dunha ocasi\u00f3n. Jalea jacta est.&nbsp;<\/p>\n","protected":false},"excerpt":{"rendered":"<div class=\"mh-excerpt\"><p>Este vix\u00e9simo noveno fragmento do diario de Senl\u00faa Arraiana foi recuperado e adiantado ao noso tempo por Noitepedralonga, fiel camarada do av\u00f3 da futura l\u00edder da resistencia arraiana <a class=\"mh-excerpt-more\" href=\"https:\/\/www.anovapeneira.gal\/index.php\/2020\/12\/07\/o-vixesimo-noveno-fragmento-do-diario-llorar-de-senlua-arraiana\/\" title=\"O vix\u00e9simo noveno fragmento do diario chorar de Senl\u00faa Arraiana:\">[&#8230;]<\/a><\/p>\n<\/div>","protected":false},"author":13,"featured_media":4436,"comment_status":"open","ping_status":"open","sticky":false,"template":"","format":"standard","meta":{"_exactmetrics_skip_tracking":false,"_exactmetrics_sitenote_active":false,"_exactmetrics_sitenote_note":"","_exactmetrics_sitenote_category":0,"footnotes":""},"categories":[7],"tags":[],"class_list":{"0":"post-4434","1":"post","2":"type-post","3":"status-publish","4":"format-standard","5":"has-post-thumbnail","7":"category-artigos-de-opinion"},"yoast_head":"<!-- This site is optimized with the Yoast SEO plugin v27.4 - https:\/\/yoast.com\/product\/yoast-seo-wordpress\/ -->\n<title>O vix\u00e9simo noveno fragmento do diario chorar de Senl\u00faa Arraiana: -<\/title>\n<meta name=\"robots\" content=\"index, follow, max-snippet:-1, max-image-preview:large, max-video-preview:-1\" \/>\n<link rel=\"canonical\" href=\"https:\/\/www.anovapeneira.gal\/index.php\/2020\/12\/07\/o-vixesimo-noveno-fragmento-do-diario-llorar-de-senlua-arraiana\/\" \/>\n<meta property=\"og:locale\" content=\"gl_ES\" \/>\n<meta property=\"og:type\" content=\"article\" \/>\n<meta property=\"og:title\" content=\"O vix\u00e9simo noveno fragmento do diario chorar de Senl\u00faa Arraiana: -\" \/>\n<meta property=\"og:description\" content=\"Este vix\u00e9simo noveno fragmento do diario de Senl\u00faa Arraiana foi recuperado e adiantado ao noso tempo por Noitepedralonga, fiel camarada do av\u00f3 da futura l\u00edder da resistencia arraiana [...]\" \/>\n<meta property=\"og:url\" content=\"https:\/\/www.anovapeneira.gal\/index.php\/2020\/12\/07\/o-vixesimo-noveno-fragmento-do-diario-llorar-de-senlua-arraiana\/\" \/>\n<meta property=\"article:publisher\" content=\"https:\/\/www.facebook.com\/anovapeneira\" \/>\n<meta property=\"article:published_time\" content=\"2020-12-07T09:00:33+00:00\" \/>\n<meta property=\"article:modified_time\" content=\"2020-12-07T10:57:44+00:00\" \/>\n<meta property=\"og:image\" content=\"https:\/\/www.anovapeneira.gal\/wp-content\/uploads\/2020\/12\/senlua_arraiana.jpg\" \/>\n\t<meta property=\"og:image:width\" content=\"720\" \/>\n\t<meta property=\"og:image:height\" content=\"432\" \/>\n\t<meta property=\"og:image:type\" content=\"image\/jpeg\" \/>\n<meta name=\"author\" content=\"Cristobal L\u00f3pez\" \/>\n<meta name=\"twitter:card\" content=\"summary_large_image\" \/>\n<meta name=\"twitter:creator\" content=\"@APeneira\" \/>\n<meta name=\"twitter:site\" content=\"@APeneira\" \/>\n<meta name=\"twitter:label1\" content=\"Escrito por\" \/>\n\t<meta name=\"twitter:data1\" content=\"Cristobal L\u00f3pez\" \/>\n\t<meta name=\"twitter:label2\" content=\"Tempo de lectura\" \/>\n\t<meta name=\"twitter:data2\" content=\"5 minutos\" \/>\n<script type=\"application\/ld+json\" class=\"yoast-schema-graph\">{\"@context\":\"https:\\\/\\\/schema.org\",\"@graph\":[{\"@type\":\"Article\",\"@id\":\"https:\\\/\\\/www.anovapeneira.gal\\\/index.php\\\/2020\\\/12\\\/07\\\/o-vixesimo-noveno-fragmento-do-diario-llorar-de-senlua-arraiana\\\/#article\",\"isPartOf\":{\"@id\":\"https:\\\/\\\/www.anovapeneira.gal\\\/index.php\\\/2020\\\/12\\\/07\\\/o-vixesimo-noveno-fragmento-do-diario-llorar-de-senlua-arraiana\\\/\"},\"author\":{\"name\":\"Cristobal L\u00f3pez\",\"@id\":\"https:\\\/\\\/www.anovapeneira.gal\\\/#\\\/schema\\\/person\\\/45b3df2338e4d898b7616809f9c5906c\"},\"headline\":\"O vix\u00e9simo noveno fragmento do diario chorar de Senl\u00faa Arraiana:\",\"datePublished\":\"2020-12-07T09:00:33+00:00\",\"dateModified\":\"2020-12-07T10:57:44+00:00\",\"mainEntityOfPage\":{\"@id\":\"https:\\\/\\\/www.anovapeneira.gal\\\/index.php\\\/2020\\\/12\\\/07\\\/o-vixesimo-noveno-fragmento-do-diario-llorar-de-senlua-arraiana\\\/\"},\"wordCount\":1084,\"commentCount\":0,\"publisher\":{\"@id\":\"https:\\\/\\\/www.anovapeneira.gal\\\/#organization\"},\"image\":{\"@id\":\"https:\\\/\\\/www.anovapeneira.gal\\\/index.php\\\/2020\\\/12\\\/07\\\/o-vixesimo-noveno-fragmento-do-diario-llorar-de-senlua-arraiana\\\/#primaryimage\"},\"thumbnailUrl\":\"https:\\\/\\\/www.anovapeneira.gal\\\/wp-content\\\/uploads\\\/2020\\\/12\\\/senlua_arraiana.jpg\",\"articleSection\":[\"Artigos de opini\u00f3n\"],\"inLanguage\":\"gl-ES\",\"potentialAction\":[{\"@type\":\"CommentAction\",\"name\":\"Comment\",\"target\":[\"https:\\\/\\\/www.anovapeneira.gal\\\/index.php\\\/2020\\\/12\\\/07\\\/o-vixesimo-noveno-fragmento-do-diario-llorar-de-senlua-arraiana\\\/#respond\"]}]},{\"@type\":\"WebPage\",\"@id\":\"https:\\\/\\\/www.anovapeneira.gal\\\/index.php\\\/2020\\\/12\\\/07\\\/o-vixesimo-noveno-fragmento-do-diario-llorar-de-senlua-arraiana\\\/\",\"url\":\"https:\\\/\\\/www.anovapeneira.gal\\\/index.php\\\/2020\\\/12\\\/07\\\/o-vixesimo-noveno-fragmento-do-diario-llorar-de-senlua-arraiana\\\/\",\"name\":\"O vix\u00e9simo noveno fragmento do diario chorar de Senl\u00faa Arraiana: -\",\"isPartOf\":{\"@id\":\"https:\\\/\\\/www.anovapeneira.gal\\\/#website\"},\"primaryImageOfPage\":{\"@id\":\"https:\\\/\\\/www.anovapeneira.gal\\\/index.php\\\/2020\\\/12\\\/07\\\/o-vixesimo-noveno-fragmento-do-diario-llorar-de-senlua-arraiana\\\/#primaryimage\"},\"image\":{\"@id\":\"https:\\\/\\\/www.anovapeneira.gal\\\/index.php\\\/2020\\\/12\\\/07\\\/o-vixesimo-noveno-fragmento-do-diario-llorar-de-senlua-arraiana\\\/#primaryimage\"},\"thumbnailUrl\":\"https:\\\/\\\/www.anovapeneira.gal\\\/wp-content\\\/uploads\\\/2020\\\/12\\\/senlua_arraiana.jpg\",\"datePublished\":\"2020-12-07T09:00:33+00:00\",\"dateModified\":\"2020-12-07T10:57:44+00:00\",\"breadcrumb\":{\"@id\":\"https:\\\/\\\/www.anovapeneira.gal\\\/index.php\\\/2020\\\/12\\\/07\\\/o-vixesimo-noveno-fragmento-do-diario-llorar-de-senlua-arraiana\\\/#breadcrumb\"},\"inLanguage\":\"gl-ES\",\"potentialAction\":[{\"@type\":\"ReadAction\",\"target\":[\"https:\\\/\\\/www.anovapeneira.gal\\\/index.php\\\/2020\\\/12\\\/07\\\/o-vixesimo-noveno-fragmento-do-diario-llorar-de-senlua-arraiana\\\/\"]}]},{\"@type\":\"ImageObject\",\"inLanguage\":\"gl-ES\",\"@id\":\"https:\\\/\\\/www.anovapeneira.gal\\\/index.php\\\/2020\\\/12\\\/07\\\/o-vixesimo-noveno-fragmento-do-diario-llorar-de-senlua-arraiana\\\/#primaryimage\",\"url\":\"https:\\\/\\\/www.anovapeneira.gal\\\/wp-content\\\/uploads\\\/2020\\\/12\\\/senlua_arraiana.jpg\",\"contentUrl\":\"https:\\\/\\\/www.anovapeneira.gal\\\/wp-content\\\/uploads\\\/2020\\\/12\\\/senlua_arraiana.jpg\",\"width\":720,\"height\":432,\"caption\":\"O vix\u00e9simo noveno fragmento do diario Llorar de Senl\u00faa Arraiana\"},{\"@type\":\"BreadcrumbList\",\"@id\":\"https:\\\/\\\/www.anovapeneira.gal\\\/index.php\\\/2020\\\/12\\\/07\\\/o-vixesimo-noveno-fragmento-do-diario-llorar-de-senlua-arraiana\\\/#breadcrumb\",\"itemListElement\":[{\"@type\":\"ListItem\",\"position\":1,\"name\":\"Portada\",\"item\":\"https:\\\/\\\/www.anovapeneira.gal\\\/\"},{\"@type\":\"ListItem\",\"position\":2,\"name\":\"O vix\u00e9simo noveno fragmento do diario chorar de Senl\u00faa Arraiana:\"}]},{\"@type\":\"WebSite\",\"@id\":\"https:\\\/\\\/www.anovapeneira.gal\\\/#website\",\"url\":\"https:\\\/\\\/www.anovapeneira.gal\\\/\",\"name\":\"\",\"description\":\"Xornal galego de informaci\u00f3n xeral Publicaci\u00f3n mensual de novas de Galicia e en especial dos Concellos da sur da provincia de Pontevedra.\",\"publisher\":{\"@id\":\"https:\\\/\\\/www.anovapeneira.gal\\\/#organization\"},\"potentialAction\":[{\"@type\":\"SearchAction\",\"target\":{\"@type\":\"EntryPoint\",\"urlTemplate\":\"https:\\\/\\\/www.anovapeneira.gal\\\/?s={search_term_string}\"},\"query-input\":{\"@type\":\"PropertyValueSpecification\",\"valueRequired\":true,\"valueName\":\"search_term_string\"}}],\"inLanguage\":\"gl-ES\"},{\"@type\":\"Organization\",\"@id\":\"https:\\\/\\\/www.anovapeneira.gal\\\/#organization\",\"name\":\"A Nova Peneira\",\"url\":\"https:\\\/\\\/www.anovapeneira.gal\\\/\",\"logo\":{\"@type\":\"ImageObject\",\"inLanguage\":\"gl-ES\",\"@id\":\"https:\\\/\\\/www.anovapeneira.gal\\\/#\\\/schema\\\/logo\\\/image\\\/\",\"url\":\"http:\\\/\\\/www.anovapeneira.gal\\\/wp-content\\\/uploads\\\/2019\\\/06\\\/logo_a_nova_peneira_portal_web.png\",\"contentUrl\":\"http:\\\/\\\/www.anovapeneira.gal\\\/wp-content\\\/uploads\\\/2019\\\/06\\\/logo_a_nova_peneira_portal_web.png\",\"width\":300,\"height\":100,\"caption\":\"A Nova Peneira\"},\"image\":{\"@id\":\"https:\\\/\\\/www.anovapeneira.gal\\\/#\\\/schema\\\/logo\\\/image\\\/\"},\"sameAs\":[\"https:\\\/\\\/www.facebook.com\\\/anovapeneira\",\"https:\\\/\\\/x.com\\\/APeneira\"]},{\"@type\":\"Person\",\"@id\":\"https:\\\/\\\/www.anovapeneira.gal\\\/#\\\/schema\\\/person\\\/45b3df2338e4d898b7616809f9c5906c\",\"name\":\"Cristobal L\u00f3pez\",\"image\":{\"@type\":\"ImageObject\",\"inLanguage\":\"gl-ES\",\"@id\":\"https:\\\/\\\/secure.gravatar.com\\\/avatar\\\/b537cf06ef8166c9ef72b09f4d5f6446b1e22ea99505d94e40b8685710482f79?s=96&d=mm&r=g\",\"url\":\"https:\\\/\\\/secure.gravatar.com\\\/avatar\\\/b537cf06ef8166c9ef72b09f4d5f6446b1e22ea99505d94e40b8685710482f79?s=96&d=mm&r=g\",\"contentUrl\":\"https:\\\/\\\/secure.gravatar.com\\\/avatar\\\/b537cf06ef8166c9ef72b09f4d5f6446b1e22ea99505d94e40b8685710482f79?s=96&d=mm&r=g\",\"caption\":\"Cristobal L\u00f3pez\"},\"sameAs\":[\"http:\\\/\\\/anovapeneira.gal\"],\"url\":\"https:\\\/\\\/www.anovapeneira.gal\\\/index.php\\\/author\\\/opinioncristoballopez\\\/\"}]}<\/script>\n<!-- \/ Yoast SEO plugin. -->","yoast_head_json":{"title":"O vix\u00e9simo noveno fragmento do diario chorar de Senl\u00faa Arraiana: -","robots":{"index":"index","follow":"follow","max-snippet":"max-snippet:-1","max-image-preview":"max-image-preview:large","max-video-preview":"max-video-preview:-1"},"canonical":"https:\/\/www.anovapeneira.gal\/index.php\/2020\/12\/07\/o-vixesimo-noveno-fragmento-do-diario-llorar-de-senlua-arraiana\/","og_locale":"gl_ES","og_type":"article","og_title":"O vix\u00e9simo noveno fragmento do diario chorar de Senl\u00faa Arraiana: -","og_description":"Este vix\u00e9simo noveno fragmento do diario de Senl\u00faa Arraiana foi recuperado e adiantado ao noso tempo por Noitepedralonga, fiel camarada do av\u00f3 da futura l\u00edder da resistencia arraiana [...]","og_url":"https:\/\/www.anovapeneira.gal\/index.php\/2020\/12\/07\/o-vixesimo-noveno-fragmento-do-diario-llorar-de-senlua-arraiana\/","article_publisher":"https:\/\/www.facebook.com\/anovapeneira","article_published_time":"2020-12-07T09:00:33+00:00","article_modified_time":"2020-12-07T10:57:44+00:00","og_image":[{"width":720,"height":432,"url":"https:\/\/www.anovapeneira.gal\/wp-content\/uploads\/2020\/12\/senlua_arraiana.jpg","type":"image\/jpeg"}],"author":"Cristobal L\u00f3pez","twitter_card":"summary_large_image","twitter_creator":"@APeneira","twitter_site":"@APeneira","twitter_misc":{"Escrito por":"Cristobal L\u00f3pez","Tempo de lectura":"5 minutos"},"schema":{"@context":"https:\/\/schema.org","@graph":[{"@type":"Article","@id":"https:\/\/www.anovapeneira.gal\/index.php\/2020\/12\/07\/o-vixesimo-noveno-fragmento-do-diario-llorar-de-senlua-arraiana\/#article","isPartOf":{"@id":"https:\/\/www.anovapeneira.gal\/index.php\/2020\/12\/07\/o-vixesimo-noveno-fragmento-do-diario-llorar-de-senlua-arraiana\/"},"author":{"name":"Cristobal L\u00f3pez","@id":"https:\/\/www.anovapeneira.gal\/#\/schema\/person\/45b3df2338e4d898b7616809f9c5906c"},"headline":"O vix\u00e9simo noveno fragmento do diario chorar de Senl\u00faa Arraiana:","datePublished":"2020-12-07T09:00:33+00:00","dateModified":"2020-12-07T10:57:44+00:00","mainEntityOfPage":{"@id":"https:\/\/www.anovapeneira.gal\/index.php\/2020\/12\/07\/o-vixesimo-noveno-fragmento-do-diario-llorar-de-senlua-arraiana\/"},"wordCount":1084,"commentCount":0,"publisher":{"@id":"https:\/\/www.anovapeneira.gal\/#organization"},"image":{"@id":"https:\/\/www.anovapeneira.gal\/index.php\/2020\/12\/07\/o-vixesimo-noveno-fragmento-do-diario-llorar-de-senlua-arraiana\/#primaryimage"},"thumbnailUrl":"https:\/\/www.anovapeneira.gal\/wp-content\/uploads\/2020\/12\/senlua_arraiana.jpg","articleSection":["Artigos de opini\u00f3n"],"inLanguage":"gl-ES","potentialAction":[{"@type":"CommentAction","name":"Comment","target":["https:\/\/www.anovapeneira.gal\/index.php\/2020\/12\/07\/o-vixesimo-noveno-fragmento-do-diario-llorar-de-senlua-arraiana\/#respond"]}]},{"@type":"WebPage","@id":"https:\/\/www.anovapeneira.gal\/index.php\/2020\/12\/07\/o-vixesimo-noveno-fragmento-do-diario-llorar-de-senlua-arraiana\/","url":"https:\/\/www.anovapeneira.gal\/index.php\/2020\/12\/07\/o-vixesimo-noveno-fragmento-do-diario-llorar-de-senlua-arraiana\/","name":"O vix\u00e9simo noveno fragmento do diario chorar de Senl\u00faa Arraiana: -","isPartOf":{"@id":"https:\/\/www.anovapeneira.gal\/#website"},"primaryImageOfPage":{"@id":"https:\/\/www.anovapeneira.gal\/index.php\/2020\/12\/07\/o-vixesimo-noveno-fragmento-do-diario-llorar-de-senlua-arraiana\/#primaryimage"},"image":{"@id":"https:\/\/www.anovapeneira.gal\/index.php\/2020\/12\/07\/o-vixesimo-noveno-fragmento-do-diario-llorar-de-senlua-arraiana\/#primaryimage"},"thumbnailUrl":"https:\/\/www.anovapeneira.gal\/wp-content\/uploads\/2020\/12\/senlua_arraiana.jpg","datePublished":"2020-12-07T09:00:33+00:00","dateModified":"2020-12-07T10:57:44+00:00","breadcrumb":{"@id":"https:\/\/www.anovapeneira.gal\/index.php\/2020\/12\/07\/o-vixesimo-noveno-fragmento-do-diario-llorar-de-senlua-arraiana\/#breadcrumb"},"inLanguage":"gl-ES","potentialAction":[{"@type":"ReadAction","target":["https:\/\/www.anovapeneira.gal\/index.php\/2020\/12\/07\/o-vixesimo-noveno-fragmento-do-diario-llorar-de-senlua-arraiana\/"]}]},{"@type":"ImageObject","inLanguage":"gl-ES","@id":"https:\/\/www.anovapeneira.gal\/index.php\/2020\/12\/07\/o-vixesimo-noveno-fragmento-do-diario-llorar-de-senlua-arraiana\/#primaryimage","url":"https:\/\/www.anovapeneira.gal\/wp-content\/uploads\/2020\/12\/senlua_arraiana.jpg","contentUrl":"https:\/\/www.anovapeneira.gal\/wp-content\/uploads\/2020\/12\/senlua_arraiana.jpg","width":720,"height":432,"caption":"O vix\u00e9simo noveno fragmento do diario Llorar de Senl\u00faa Arraiana"},{"@type":"BreadcrumbList","@id":"https:\/\/www.anovapeneira.gal\/index.php\/2020\/12\/07\/o-vixesimo-noveno-fragmento-do-diario-llorar-de-senlua-arraiana\/#breadcrumb","itemListElement":[{"@type":"ListItem","position":1,"name":"Portada","item":"https:\/\/www.anovapeneira.gal\/"},{"@type":"ListItem","position":2,"name":"O vix\u00e9simo noveno fragmento do diario chorar de Senl\u00faa Arraiana:"}]},{"@type":"WebSite","@id":"https:\/\/www.anovapeneira.gal\/#website","url":"https:\/\/www.anovapeneira.gal\/","name":"","description":"Xornal galego de informaci\u00f3n xeral Publicaci\u00f3n mensual de novas de Galicia e en especial dos Concellos da sur da provincia de Pontevedra.","publisher":{"@id":"https:\/\/www.anovapeneira.gal\/#organization"},"potentialAction":[{"@type":"SearchAction","target":{"@type":"EntryPoint","urlTemplate":"https:\/\/www.anovapeneira.gal\/?s={search_term_string}"},"query-input":{"@type":"PropertyValueSpecification","valueRequired":true,"valueName":"search_term_string"}}],"inLanguage":"gl-ES"},{"@type":"Organization","@id":"https:\/\/www.anovapeneira.gal\/#organization","name":"A Nova Peneira","url":"https:\/\/www.anovapeneira.gal\/","logo":{"@type":"ImageObject","inLanguage":"gl-ES","@id":"https:\/\/www.anovapeneira.gal\/#\/schema\/logo\/image\/","url":"http:\/\/www.anovapeneira.gal\/wp-content\/uploads\/2019\/06\/logo_a_nova_peneira_portal_web.png","contentUrl":"http:\/\/www.anovapeneira.gal\/wp-content\/uploads\/2019\/06\/logo_a_nova_peneira_portal_web.png","width":300,"height":100,"caption":"A Nova Peneira"},"image":{"@id":"https:\/\/www.anovapeneira.gal\/#\/schema\/logo\/image\/"},"sameAs":["https:\/\/www.facebook.com\/anovapeneira","https:\/\/x.com\/APeneira"]},{"@type":"Person","@id":"https:\/\/www.anovapeneira.gal\/#\/schema\/person\/45b3df2338e4d898b7616809f9c5906c","name":"Cristobal L\u00f3pez","image":{"@type":"ImageObject","inLanguage":"gl-ES","@id":"https:\/\/secure.gravatar.com\/avatar\/b537cf06ef8166c9ef72b09f4d5f6446b1e22ea99505d94e40b8685710482f79?s=96&d=mm&r=g","url":"https:\/\/secure.gravatar.com\/avatar\/b537cf06ef8166c9ef72b09f4d5f6446b1e22ea99505d94e40b8685710482f79?s=96&d=mm&r=g","contentUrl":"https:\/\/secure.gravatar.com\/avatar\/b537cf06ef8166c9ef72b09f4d5f6446b1e22ea99505d94e40b8685710482f79?s=96&d=mm&r=g","caption":"Cristobal L\u00f3pez"},"sameAs":["http:\/\/anovapeneira.gal"],"url":"https:\/\/www.anovapeneira.gal\/index.php\/author\/opinioncristoballopez\/"}]}},"jetpack_featured_media_url":"https:\/\/www.anovapeneira.gal\/wp-content\/uploads\/2020\/12\/senlua_arraiana.jpg","_links":{"self":[{"href":"https:\/\/www.anovapeneira.gal\/index.php\/wp-json\/wp\/v2\/posts\/4434","targetHints":{"allow":["GET"]}}],"collection":[{"href":"https:\/\/www.anovapeneira.gal\/index.php\/wp-json\/wp\/v2\/posts"}],"about":[{"href":"https:\/\/www.anovapeneira.gal\/index.php\/wp-json\/wp\/v2\/types\/post"}],"author":[{"embeddable":true,"href":"https:\/\/www.anovapeneira.gal\/index.php\/wp-json\/wp\/v2\/users\/13"}],"replies":[{"embeddable":true,"href":"https:\/\/www.anovapeneira.gal\/index.php\/wp-json\/wp\/v2\/comments?post=4434"}],"version-history":[{"count":2,"href":"https:\/\/www.anovapeneira.gal\/index.php\/wp-json\/wp\/v2\/posts\/4434\/revisions"}],"predecessor-version":[{"id":4460,"href":"https:\/\/www.anovapeneira.gal\/index.php\/wp-json\/wp\/v2\/posts\/4434\/revisions\/4460"}],"wp:featuredmedia":[{"embeddable":true,"href":"https:\/\/www.anovapeneira.gal\/index.php\/wp-json\/wp\/v2\/media\/4436"}],"wp:attachment":[{"href":"https:\/\/www.anovapeneira.gal\/index.php\/wp-json\/wp\/v2\/media?parent=4434"}],"wp:term":[{"taxonomy":"category","embeddable":true,"href":"https:\/\/www.anovapeneira.gal\/index.php\/wp-json\/wp\/v2\/categories?post=4434"},{"taxonomy":"post_tag","embeddable":true,"href":"https:\/\/www.anovapeneira.gal\/index.php\/wp-json\/wp\/v2\/tags?post=4434"}],"curies":[{"name":"wp","href":"https:\/\/api.w.org\/{rel}","templated":true}]}}