{"id":4446,"date":"2020-12-08T12:00:10","date_gmt":"2020-12-08T11:00:10","guid":{"rendered":"http:\/\/www.anovapeneira.gal\/?p=4446"},"modified":"2020-12-05T20:01:29","modified_gmt":"2020-12-05T19:01:29","slug":"os-concellos-agora-da-provincia-implementaran-de-maneira-inminente-a-sinalizacion-de-30-km-h","status":"publish","type":"post","link":"https:\/\/www.anovapeneira.gal\/index.php\/2020\/12\/08\/os-concellos-agora-da-provincia-implementaran-de-maneira-inminente-a-sinalizacion-de-30-km-h\/","title":{"rendered":"Os \u2018CONCELLOS \u00c1gora\u2019 da provincia implementar\u00e1n de Maneira inminente a sinalizaci\u00f3n de 30 Km\/H"},"content":{"rendered":"\n<h2 class=\"wp-block-heading\"><strong>O deputado Ux\u00edo Ben\u00edtez destacou hoxe na reuni\u00f3n de traballo con representantes de 43 municipios que en zonas de convivencia de coches e pe\u00f3ns a velocidade deber\u00e1 reducirse ata os 10 km\/h&nbsp;<\/strong><\/h2>\n\n\n\n<h4 class=\"wp-block-heading\"><strong>A secretaria t\u00e9cnica da Rede de Cidades que Cami\u00f1an, Ana Montalb\u00e1n, ofreceu colaboraci\u00f3n para a implantaci\u00f3n da sinalizaci\u00f3n e campa\u00f1as de divulgaci\u00f3n adaptadas a cada concello&nbsp;<\/strong><\/h4>\n\n\n\n<p>Os \u2018Concellos \u00c1gora\u2019 da provincia pasar\u00e1n a seguir os principios das \u2018Cidades 30\u2019 de xeito inmediato. As\u00ed o manifestou o deputado de Mobilidade e Espazo P\u00fablico, Ux\u00edo Ben\u00edtez, que hoxe presidiu unha reuni\u00f3n de traballo para implementar o cambio de sinalizaci\u00f3n da velocidade dos n\u00facleos urbanos das vilas da provincia a un m\u00e1ximo de 30 quil\u00f3metros por hora.&nbsp;<\/p>\n\n\n\n<p>O encontro, segundo as palabras do deputado nacionalista, foi \u201cun rotundo \u00e9xito\u201d posto que contou coa participaci\u00f3n de 43 dos 49 municipios adheridos \u00e1 \u2018Rede \u00c1gora de Concellos polo Espazo P\u00fablico\u2019 e de 75 persoas entre alcaldes, alcaldesas, concelleiros e concelleiras e persoal t\u00e9cnico.<\/p>\n\n\n\n<p>Sobre a mesa estaba a organizaci\u00f3n e a implementaci\u00f3n das \u2018Cidades 30\u2019, \u00e9 dicir, a limitaci\u00f3n da velocidade a 30 kil\u00f3metros por hora en todas as r\u00faas dos n\u00facleos urbanos dos municipios, cuesti\u00f3n xa respaldada e obrigada a medio prazo polo novo Regulamento de Circulaci\u00f3n da Direcci\u00f3n Xeral de Trafico. O deputado destacou que a\u00ednda que a nova lei entrar\u00e1 en vigor o 11 de maio \u201cn\u00f3s queremos ir por diante e cambiar de inmediato\u201d.<\/p>\n\n\n\n<p>Al\u00e9n diso, o deputado subli\u00f1ou que coa adhesi\u00f3n \u00e1 Rede \u00c1gora os concellos compromet\u00e9ronse de facto a ir un paso m\u00e1is al\u00e1: a que todas as plataformas \u00fanicas de convivencia de coches e pe\u00f3ns te\u00f1an unha velocidade de m\u00e1ximo 10 kil\u00f3metros por hora, dando cumprimento ao principio n\u00famero 6 do \u2018Dec\u00e1logo \u00c1gora\u2019, referido aos espazos seguros. Insistiu en que este principio \u00e9 especialmente importante e sensible nas contornas escolares, polo que instou aos Concellos a modificar as ordenanzas de mobilidade e inclu\u00edr esta velocidade de forma espec\u00edfica.&nbsp;<\/p>\n\n\n\n<p>\u201cA nova lei di 20 km\/h para zonas de convivencia, pero n\u00f3s defendemos os 10 km\/h e aspiramos a que a futuro se recolla tam\u00e9n as\u00ed na normativa. Queremos simplificar e que nas nosas vilas s\u00f3 te\u00f1amos 30 e 10 de velocidades m\u00e1ximas\u201d, destacou.&nbsp;<\/p>\n\n\n\n<p>O responsable de Mobilidade da Deputaci\u00f3n tam\u00e9n subli\u00f1ou que \u00e9 moi importante que os concellos comecen a efectivizar e a visualizar de inmediato que son \u2018espazos a 30\u2019 e nas plataformas \u00fanicas m\u00e1ximo a 10, motivo polo que puxo a disposici\u00f3n dos concellos ao persoal t\u00e9cnico de \u00c1gora, e tam\u00e9n o da Rede de Cidades que Cami\u00f1an, \u00e1 que est\u00e1 adherida a Deputaci\u00f3n.&nbsp;<\/p>\n\n\n\n<p>Foi a propia secretaria t\u00e9cnica de Cidades que Cami\u00f1an, Ana Montalb\u00e1n, a que fixo unha explicaci\u00f3n polo mi\u00fado sobre en que deben consistir as \u2018Cidades 30\u2019 e cales deben ser os pasos para chegar a elas. Destacou que a rede colaborar\u00e1 con todos e cada un dos concellos da provincia para realizar a nova sinalizaci\u00f3n e tam\u00e9n campa\u00f1as de divulgaci\u00f3n adaptadas.<\/p>\n\n\n\n<p>O encontro de hoxe foi o primeiro da \u2018Rede \u00c1gora de Concellos polo Espazo P\u00fablico\u2019, unha iniciativa da Deputaci\u00f3n que xa conta con 49 concellos adheridos e que ten como obxectivo implementar o espazo p\u00fablico para as persoas na provincia no horizonte de 2023. \u201cAdemais de ter unha filosof\u00eda importante, con \u00c1gora queremos resultados medibles e cuantificable, que en 2023 poidamos dicir que na provincia se aumentaron equis metros cadrados de superficie ou unha porcentaxe de espazo destinado \u00e1s persoas, e demostrar que o modelo de recuperaci\u00f3n do espazo p\u00fablico \u00e9 adaptable a calquera vila, cidade ou concello\u201d, insistiu.&nbsp;<\/p>\n\n\n\n<p>Neste sentido, Ben\u00edtez lembrou que existe \u201cun escenario interesante de inercias globais\u201d que favorece a recuperaci\u00f3n do espazo p\u00fablico. Citou a aposta da Uni\u00f3n Europea na loita contra o cambio clim\u00e1tico, e subli\u00f1ou que se dar\u00e1n oportunidades e axudas de financiamento para proxectos de recuperaci\u00f3n de espazos para a mobilidade natural, polo que anunciou que a Deputaci\u00f3n estar\u00e1 do lado dos concellos para acadar fondos europeos cos que facer obras, ademais de proporcionar fondos provinciais.<\/p>\n\n\n\n<p><strong>LISTADO DE CONCELLOS \u00c1GORA<\/strong><\/p>\n\n\n\n<p>CONCELLO TOMI\u00d1O<\/p>\n\n\n\n<p>CONCELLO VILAGARCIA DE AROUSA<\/p>\n\n\n\n<p>CONCELLO NIGRAN<\/p>\n\n\n\n<p>CONCELLO MEA\u00d1O<\/p>\n\n\n\n<p>CONCELLO PONTEAREAS<\/p>\n\n\n\n<p>CONCELLO PAZOS DE BORBEN<\/p>\n\n\n\n<p>CONCELLO COVELO<\/p>\n\n\n\n<p>CONCELLO PONTEVEDRA<\/p>\n\n\n\n<p>CONCELLO ROSAL<\/p>\n\n\n\n<p>CONCELLO SALCEDA DE CASELAS<\/p>\n\n\n\n<p>CONCELLO POIO<\/p>\n\n\n\n<p>CONCELLO A GUARDA<\/p>\n\n\n\n<p>CONCELLO CRECENTE<\/p>\n\n\n\n<p>CONCELLO VILABOA<\/p>\n\n\n\n<p>CONCELLO CATOIRA<\/p>\n\n\n\n<p>CONCELLO A ESTRADA<\/p>\n\n\n\n<p>CONCELLO SILLEDA<\/p>\n\n\n\n<p>CONCELLO MORA\u00d1A<\/p>\n\n\n\n<p>CONCELLO BUEU<\/p>\n\n\n\n<p>CONCELLO FORCAREI<\/p>\n\n\n\n<p>CONCELLO MEIS<\/p>\n\n\n\n<p>CONCELLO MARIN<\/p>\n\n\n\n<p>CONCELLO CAMBADOS<\/p>\n\n\n\n<p>CONCELLO MONDARIZ<\/p>\n\n\n\n<p>CONCELLO SANXENXO<\/p>\n\n\n\n<p>CONCELLO CALDAS DE REIS<\/p>\n\n\n\n<p>CONCELLO TUI<\/p>\n\n\n\n<p>CONCELLO BAIONA<\/p>\n\n\n\n<p>CONCELLO ILLA DE AROUSA<\/p>\n\n\n\n<p>CONCELLO SALVATERRA DE MI\u00d1O<\/p>\n\n\n\n<p>CONCELLO MOA\u00d1A<\/p>\n\n\n\n<p>CONCELLO CERDEDO-COTOBADE<\/p>\n\n\n\n<p>CONCELLO PONTE CALDELAS<\/p>\n\n\n\n<p>CONCELLO O GROVE<\/p>\n\n\n\n<p>CONCELLO A LAMA<\/p>\n\n\n\n<p>CONCELLO SOUTOMAIOR<\/p>\n\n\n\n<p>CONCELLO O PORRI\u00d1O<\/p>\n\n\n\n<p>CONCELLO RIBADUMIA<\/p>\n\n\n\n<p>CONCELLO GONDOMAR<\/p>\n\n\n\n<p>CONCELLO AS NEVES<\/p>\n\n\n\n<p>CONCELLO MOS<\/p>\n\n\n\n<p>CONCELLO LALIN<\/p>\n\n\n\n<p>CONCELLO PORTAS<\/p>\n\n\n\n<p>CONCELLO VILA DE CRUCES<\/p>\n\n\n\n<p>CONCELLO ARBO<\/p>\n\n\n\n<p>CONCELLO FORNELOS DE MONTES<\/p>\n\n\n\n<p>CONCELLO BARRO<\/p>\n\n\n\n<p>CONCELLO A CA\u00d1IZA<\/p>\n","protected":false},"excerpt":{"rendered":"<div class=\"mh-excerpt\"><p>O deputado Ux\u00edo Ben\u00edtez destacou hoxe na reuni\u00f3n de traballo con representantes de 43 municipios que en zonas de convivencia de coches e pe\u00f3ns a velocidade deber\u00e1 reducirse ata os 10 km\/h <a class=\"mh-excerpt-more\" href=\"https:\/\/www.anovapeneira.gal\/index.php\/2020\/12\/08\/os-concellos-agora-da-provincia-implementaran-de-maneira-inminente-a-sinalizacion-de-30-km-h\/\" title=\"Os \u2018CONCELLOS \u00c1gora\u2019 da provincia implementar\u00e1n de Maneira inminente a sinalizaci\u00f3n de 30 Km\/H\">[&#8230;]<\/a><\/p>\n<\/div>","protected":false},"author":3,"featured_media":4447,"comment_status":"open","ping_status":"open","sticky":false,"template":"","format":"standard","meta":{"_exactmetrics_skip_tracking":false,"_exactmetrics_sitenote_active":false,"_exactmetrics_sitenote_note":"","_exactmetrics_sitenote_category":0,"footnotes":""},"categories":[263],"tags":[107],"class_list":{"0":"post-4446","1":"post","2":"type-post","3":"status-publish","4":"format-standard","5":"has-post-thumbnail","7":"category-novas","8":"tag-reputacion-de-pontevedra"},"yoast_head":"<!-- This site is optimized with the Yoast SEO plugin v27.4 - https:\/\/yoast.com\/product\/yoast-seo-wordpress\/ -->\n<title>Os \u2018CONCELLOS \u00c1gora\u2019 da provincia implementar\u00e1n de Maneira inminente a sinalizaci\u00f3n de 30 Km\/H -<\/title>\n<meta name=\"description\" content=\"O deputado Ux\u00edo Ben\u00edtez destacou hoxe na reuni\u00f3n de traballo con representantes de 43 municipios que en zonas de convivencia de coches e pe\u00f3ns a velocidade deber\u00e1 reducirse ata os 10 km\/h\" \/>\n<meta name=\"robots\" content=\"index, follow, max-snippet:-1, max-image-preview:large, max-video-preview:-1\" \/>\n<link rel=\"canonical\" href=\"https:\/\/www.anovapeneira.gal\/index.php\/2020\/12\/08\/os-concellos-agora-da-provincia-implementaran-de-maneira-inminente-a-sinalizacion-de-30-km-h\/\" \/>\n<meta property=\"og:locale\" content=\"gl_ES\" \/>\n<meta property=\"og:type\" content=\"article\" \/>\n<meta property=\"og:title\" content=\"Os \u2018CONCELLOS \u00c1gora\u2019 da provincia implementar\u00e1n de Maneira inminente a sinalizaci\u00f3n de 30 Km\/H -\" \/>\n<meta property=\"og:description\" content=\"O deputado Ux\u00edo Ben\u00edtez destacou hoxe na reuni\u00f3n de traballo con representantes de 43 municipios que en zonas de convivencia de coches e pe\u00f3ns a velocidade deber\u00e1 reducirse ata os 10 km\/h\" \/>\n<meta property=\"og:url\" content=\"https:\/\/www.anovapeneira.gal\/index.php\/2020\/12\/08\/os-concellos-agora-da-provincia-implementaran-de-maneira-inminente-a-sinalizacion-de-30-km-h\/\" \/>\n<meta property=\"article:publisher\" content=\"https:\/\/www.facebook.com\/anovapeneira\" \/>\n<meta property=\"article:published_time\" content=\"2020-12-08T11:00:10+00:00\" \/>\n<meta property=\"og:image\" content=\"https:\/\/www.anovapeneira.gal\/wp-content\/uploads\/2020\/12\/concello_agora.jpg\" \/>\n\t<meta property=\"og:image:width\" content=\"720\" \/>\n\t<meta property=\"og:image:height\" content=\"432\" \/>\n\t<meta property=\"og:image:type\" content=\"image\/jpeg\" \/>\n<meta name=\"author\" content=\"Redacci\u00f3n A Nova Peneira\" \/>\n<meta name=\"twitter:card\" content=\"summary_large_image\" \/>\n<meta name=\"twitter:creator\" content=\"@APeneira\" \/>\n<meta name=\"twitter:site\" content=\"@APeneira\" \/>\n<meta name=\"twitter:label1\" content=\"Escrito por\" \/>\n\t<meta name=\"twitter:data1\" content=\"Redacci\u00f3n A Nova Peneira\" \/>\n\t<meta name=\"twitter:label2\" content=\"Tempo de lectura\" \/>\n\t<meta name=\"twitter:data2\" content=\"4 minutos\" \/>\n<script type=\"application\/ld+json\" class=\"yoast-schema-graph\">{\"@context\":\"https:\\\/\\\/schema.org\",\"@graph\":[{\"@type\":\"Article\",\"@id\":\"https:\\\/\\\/www.anovapeneira.gal\\\/index.php\\\/2020\\\/12\\\/08\\\/os-concellos-agora-da-provincia-implementaran-de-maneira-inminente-a-sinalizacion-de-30-km-h\\\/#article\",\"isPartOf\":{\"@id\":\"https:\\\/\\\/www.anovapeneira.gal\\\/index.php\\\/2020\\\/12\\\/08\\\/os-concellos-agora-da-provincia-implementaran-de-maneira-inminente-a-sinalizacion-de-30-km-h\\\/\"},\"author\":{\"name\":\"Redacci\u00f3n A Nova Peneira\",\"@id\":\"https:\\\/\\\/www.anovapeneira.gal\\\/#\\\/schema\\\/person\\\/b93e3f8932e3f8da96334607eb6ac6aa\"},\"headline\":\"Os \u2018CONCELLOS \u00c1gora\u2019 da provincia implementar\u00e1n de Maneira inminente a sinalizaci\u00f3n de 30 Km\\\/H\",\"datePublished\":\"2020-12-08T11:00:10+00:00\",\"mainEntityOfPage\":{\"@id\":\"https:\\\/\\\/www.anovapeneira.gal\\\/index.php\\\/2020\\\/12\\\/08\\\/os-concellos-agora-da-provincia-implementaran-de-maneira-inminente-a-sinalizacion-de-30-km-h\\\/\"},\"wordCount\":877,\"commentCount\":0,\"publisher\":{\"@id\":\"https:\\\/\\\/www.anovapeneira.gal\\\/#organization\"},\"image\":{\"@id\":\"https:\\\/\\\/www.anovapeneira.gal\\\/index.php\\\/2020\\\/12\\\/08\\\/os-concellos-agora-da-provincia-implementaran-de-maneira-inminente-a-sinalizacion-de-30-km-h\\\/#primaryimage\"},\"thumbnailUrl\":\"https:\\\/\\\/www.anovapeneira.gal\\\/wp-content\\\/uploads\\\/2020\\\/12\\\/concello_agora.jpg\",\"keywords\":[\"Reputaci\u00f3n de Pontevedra\"],\"articleSection\":[\"Novas\"],\"inLanguage\":\"gl-ES\",\"potentialAction\":[{\"@type\":\"CommentAction\",\"name\":\"Comment\",\"target\":[\"https:\\\/\\\/www.anovapeneira.gal\\\/index.php\\\/2020\\\/12\\\/08\\\/os-concellos-agora-da-provincia-implementaran-de-maneira-inminente-a-sinalizacion-de-30-km-h\\\/#respond\"]}]},{\"@type\":\"WebPage\",\"@id\":\"https:\\\/\\\/www.anovapeneira.gal\\\/index.php\\\/2020\\\/12\\\/08\\\/os-concellos-agora-da-provincia-implementaran-de-maneira-inminente-a-sinalizacion-de-30-km-h\\\/\",\"url\":\"https:\\\/\\\/www.anovapeneira.gal\\\/index.php\\\/2020\\\/12\\\/08\\\/os-concellos-agora-da-provincia-implementaran-de-maneira-inminente-a-sinalizacion-de-30-km-h\\\/\",\"name\":\"Os \u2018CONCELLOS \u00c1gora\u2019 da provincia implementar\u00e1n de Maneira inminente a sinalizaci\u00f3n de 30 Km\\\/H -\",\"isPartOf\":{\"@id\":\"https:\\\/\\\/www.anovapeneira.gal\\\/#website\"},\"primaryImageOfPage\":{\"@id\":\"https:\\\/\\\/www.anovapeneira.gal\\\/index.php\\\/2020\\\/12\\\/08\\\/os-concellos-agora-da-provincia-implementaran-de-maneira-inminente-a-sinalizacion-de-30-km-h\\\/#primaryimage\"},\"image\":{\"@id\":\"https:\\\/\\\/www.anovapeneira.gal\\\/index.php\\\/2020\\\/12\\\/08\\\/os-concellos-agora-da-provincia-implementaran-de-maneira-inminente-a-sinalizacion-de-30-km-h\\\/#primaryimage\"},\"thumbnailUrl\":\"https:\\\/\\\/www.anovapeneira.gal\\\/wp-content\\\/uploads\\\/2020\\\/12\\\/concello_agora.jpg\",\"datePublished\":\"2020-12-08T11:00:10+00:00\",\"description\":\"O deputado Ux\u00edo Ben\u00edtez destacou hoxe na reuni\u00f3n de traballo con representantes de 43 municipios que en zonas de convivencia de coches e pe\u00f3ns a velocidade deber\u00e1 reducirse ata os 10 km\\\/h\",\"breadcrumb\":{\"@id\":\"https:\\\/\\\/www.anovapeneira.gal\\\/index.php\\\/2020\\\/12\\\/08\\\/os-concellos-agora-da-provincia-implementaran-de-maneira-inminente-a-sinalizacion-de-30-km-h\\\/#breadcrumb\"},\"inLanguage\":\"gl-ES\",\"potentialAction\":[{\"@type\":\"ReadAction\",\"target\":[\"https:\\\/\\\/www.anovapeneira.gal\\\/index.php\\\/2020\\\/12\\\/08\\\/os-concellos-agora-da-provincia-implementaran-de-maneira-inminente-a-sinalizacion-de-30-km-h\\\/\"]}]},{\"@type\":\"ImageObject\",\"inLanguage\":\"gl-ES\",\"@id\":\"https:\\\/\\\/www.anovapeneira.gal\\\/index.php\\\/2020\\\/12\\\/08\\\/os-concellos-agora-da-provincia-implementaran-de-maneira-inminente-a-sinalizacion-de-30-km-h\\\/#primaryimage\",\"url\":\"https:\\\/\\\/www.anovapeneira.gal\\\/wp-content\\\/uploads\\\/2020\\\/12\\\/concello_agora.jpg\",\"contentUrl\":\"https:\\\/\\\/www.anovapeneira.gal\\\/wp-content\\\/uploads\\\/2020\\\/12\\\/concello_agora.jpg\",\"width\":720,\"height\":432,\"caption\":\"Os \u2018CONCELLOS \u00c1gora\u2019 da provincia implementar\u00e1n de Maneira inminente a sinalizaci\u00f3n de 30 Km\\\/H\"},{\"@type\":\"BreadcrumbList\",\"@id\":\"https:\\\/\\\/www.anovapeneira.gal\\\/index.php\\\/2020\\\/12\\\/08\\\/os-concellos-agora-da-provincia-implementaran-de-maneira-inminente-a-sinalizacion-de-30-km-h\\\/#breadcrumb\",\"itemListElement\":[{\"@type\":\"ListItem\",\"position\":1,\"name\":\"Portada\",\"item\":\"https:\\\/\\\/www.anovapeneira.gal\\\/\"},{\"@type\":\"ListItem\",\"position\":2,\"name\":\"Os \u2018CONCELLOS \u00c1gora\u2019 da provincia implementar\u00e1n de Maneira inminente a sinalizaci\u00f3n de 30 Km\\\/H\"}]},{\"@type\":\"WebSite\",\"@id\":\"https:\\\/\\\/www.anovapeneira.gal\\\/#website\",\"url\":\"https:\\\/\\\/www.anovapeneira.gal\\\/\",\"name\":\"\",\"description\":\"Xornal galego de informaci\u00f3n xeral Publicaci\u00f3n mensual de novas de Galicia e en especial dos Concellos da sur da provincia de Pontevedra.\",\"publisher\":{\"@id\":\"https:\\\/\\\/www.anovapeneira.gal\\\/#organization\"},\"potentialAction\":[{\"@type\":\"SearchAction\",\"target\":{\"@type\":\"EntryPoint\",\"urlTemplate\":\"https:\\\/\\\/www.anovapeneira.gal\\\/?s={search_term_string}\"},\"query-input\":{\"@type\":\"PropertyValueSpecification\",\"valueRequired\":true,\"valueName\":\"search_term_string\"}}],\"inLanguage\":\"gl-ES\"},{\"@type\":\"Organization\",\"@id\":\"https:\\\/\\\/www.anovapeneira.gal\\\/#organization\",\"name\":\"A Nova Peneira\",\"url\":\"https:\\\/\\\/www.anovapeneira.gal\\\/\",\"logo\":{\"@type\":\"ImageObject\",\"inLanguage\":\"gl-ES\",\"@id\":\"https:\\\/\\\/www.anovapeneira.gal\\\/#\\\/schema\\\/logo\\\/image\\\/\",\"url\":\"http:\\\/\\\/www.anovapeneira.gal\\\/wp-content\\\/uploads\\\/2019\\\/06\\\/logo_a_nova_peneira_portal_web.png\",\"contentUrl\":\"http:\\\/\\\/www.anovapeneira.gal\\\/wp-content\\\/uploads\\\/2019\\\/06\\\/logo_a_nova_peneira_portal_web.png\",\"width\":300,\"height\":100,\"caption\":\"A Nova Peneira\"},\"image\":{\"@id\":\"https:\\\/\\\/www.anovapeneira.gal\\\/#\\\/schema\\\/logo\\\/image\\\/\"},\"sameAs\":[\"https:\\\/\\\/www.facebook.com\\\/anovapeneira\",\"https:\\\/\\\/x.com\\\/APeneira\"]},{\"@type\":\"Person\",\"@id\":\"https:\\\/\\\/www.anovapeneira.gal\\\/#\\\/schema\\\/person\\\/b93e3f8932e3f8da96334607eb6ac6aa\",\"name\":\"Redacci\u00f3n A Nova Peneira\",\"image\":{\"@type\":\"ImageObject\",\"inLanguage\":\"gl-ES\",\"@id\":\"https:\\\/\\\/secure.gravatar.com\\\/avatar\\\/c052a2551a06e23fac63626232eaa90abd78dbcf1700fc46a2b2c89fd27b735f?s=96&d=mm&r=g\",\"url\":\"https:\\\/\\\/secure.gravatar.com\\\/avatar\\\/c052a2551a06e23fac63626232eaa90abd78dbcf1700fc46a2b2c89fd27b735f?s=96&d=mm&r=g\",\"contentUrl\":\"https:\\\/\\\/secure.gravatar.com\\\/avatar\\\/c052a2551a06e23fac63626232eaa90abd78dbcf1700fc46a2b2c89fd27b735f?s=96&d=mm&r=g\",\"caption\":\"Redacci\u00f3n A Nova Peneira\"},\"sameAs\":[\"http:\\\/\\\/www.anovapeneira.gal\\\/\"],\"url\":\"https:\\\/\\\/www.anovapeneira.gal\\\/index.php\\\/author\\\/redactor\\\/\"}]}<\/script>\n<!-- \/ Yoast SEO plugin. -->","yoast_head_json":{"title":"Os \u2018CONCELLOS \u00c1gora\u2019 da provincia implementar\u00e1n de Maneira inminente a sinalizaci\u00f3n de 30 Km\/H -","description":"O deputado Ux\u00edo Ben\u00edtez destacou hoxe na reuni\u00f3n de traballo con representantes de 43 municipios que en zonas de convivencia de coches e pe\u00f3ns a velocidade deber\u00e1 reducirse ata os 10 km\/h","robots":{"index":"index","follow":"follow","max-snippet":"max-snippet:-1","max-image-preview":"max-image-preview:large","max-video-preview":"max-video-preview:-1"},"canonical":"https:\/\/www.anovapeneira.gal\/index.php\/2020\/12\/08\/os-concellos-agora-da-provincia-implementaran-de-maneira-inminente-a-sinalizacion-de-30-km-h\/","og_locale":"gl_ES","og_type":"article","og_title":"Os \u2018CONCELLOS \u00c1gora\u2019 da provincia implementar\u00e1n de Maneira inminente a sinalizaci\u00f3n de 30 Km\/H -","og_description":"O deputado Ux\u00edo Ben\u00edtez destacou hoxe na reuni\u00f3n de traballo con representantes de 43 municipios que en zonas de convivencia de coches e pe\u00f3ns a velocidade deber\u00e1 reducirse ata os 10 km\/h","og_url":"https:\/\/www.anovapeneira.gal\/index.php\/2020\/12\/08\/os-concellos-agora-da-provincia-implementaran-de-maneira-inminente-a-sinalizacion-de-30-km-h\/","article_publisher":"https:\/\/www.facebook.com\/anovapeneira","article_published_time":"2020-12-08T11:00:10+00:00","og_image":[{"width":720,"height":432,"url":"https:\/\/www.anovapeneira.gal\/wp-content\/uploads\/2020\/12\/concello_agora.jpg","type":"image\/jpeg"}],"author":"Redacci\u00f3n A Nova Peneira","twitter_card":"summary_large_image","twitter_creator":"@APeneira","twitter_site":"@APeneira","twitter_misc":{"Escrito por":"Redacci\u00f3n A Nova Peneira","Tempo de lectura":"4 minutos"},"schema":{"@context":"https:\/\/schema.org","@graph":[{"@type":"Article","@id":"https:\/\/www.anovapeneira.gal\/index.php\/2020\/12\/08\/os-concellos-agora-da-provincia-implementaran-de-maneira-inminente-a-sinalizacion-de-30-km-h\/#article","isPartOf":{"@id":"https:\/\/www.anovapeneira.gal\/index.php\/2020\/12\/08\/os-concellos-agora-da-provincia-implementaran-de-maneira-inminente-a-sinalizacion-de-30-km-h\/"},"author":{"name":"Redacci\u00f3n A Nova Peneira","@id":"https:\/\/www.anovapeneira.gal\/#\/schema\/person\/b93e3f8932e3f8da96334607eb6ac6aa"},"headline":"Os \u2018CONCELLOS \u00c1gora\u2019 da provincia implementar\u00e1n de Maneira inminente a sinalizaci\u00f3n de 30 Km\/H","datePublished":"2020-12-08T11:00:10+00:00","mainEntityOfPage":{"@id":"https:\/\/www.anovapeneira.gal\/index.php\/2020\/12\/08\/os-concellos-agora-da-provincia-implementaran-de-maneira-inminente-a-sinalizacion-de-30-km-h\/"},"wordCount":877,"commentCount":0,"publisher":{"@id":"https:\/\/www.anovapeneira.gal\/#organization"},"image":{"@id":"https:\/\/www.anovapeneira.gal\/index.php\/2020\/12\/08\/os-concellos-agora-da-provincia-implementaran-de-maneira-inminente-a-sinalizacion-de-30-km-h\/#primaryimage"},"thumbnailUrl":"https:\/\/www.anovapeneira.gal\/wp-content\/uploads\/2020\/12\/concello_agora.jpg","keywords":["Reputaci\u00f3n de Pontevedra"],"articleSection":["Novas"],"inLanguage":"gl-ES","potentialAction":[{"@type":"CommentAction","name":"Comment","target":["https:\/\/www.anovapeneira.gal\/index.php\/2020\/12\/08\/os-concellos-agora-da-provincia-implementaran-de-maneira-inminente-a-sinalizacion-de-30-km-h\/#respond"]}]},{"@type":"WebPage","@id":"https:\/\/www.anovapeneira.gal\/index.php\/2020\/12\/08\/os-concellos-agora-da-provincia-implementaran-de-maneira-inminente-a-sinalizacion-de-30-km-h\/","url":"https:\/\/www.anovapeneira.gal\/index.php\/2020\/12\/08\/os-concellos-agora-da-provincia-implementaran-de-maneira-inminente-a-sinalizacion-de-30-km-h\/","name":"Os \u2018CONCELLOS \u00c1gora\u2019 da provincia implementar\u00e1n de Maneira inminente a sinalizaci\u00f3n de 30 Km\/H -","isPartOf":{"@id":"https:\/\/www.anovapeneira.gal\/#website"},"primaryImageOfPage":{"@id":"https:\/\/www.anovapeneira.gal\/index.php\/2020\/12\/08\/os-concellos-agora-da-provincia-implementaran-de-maneira-inminente-a-sinalizacion-de-30-km-h\/#primaryimage"},"image":{"@id":"https:\/\/www.anovapeneira.gal\/index.php\/2020\/12\/08\/os-concellos-agora-da-provincia-implementaran-de-maneira-inminente-a-sinalizacion-de-30-km-h\/#primaryimage"},"thumbnailUrl":"https:\/\/www.anovapeneira.gal\/wp-content\/uploads\/2020\/12\/concello_agora.jpg","datePublished":"2020-12-08T11:00:10+00:00","description":"O deputado Ux\u00edo Ben\u00edtez destacou hoxe na reuni\u00f3n de traballo con representantes de 43 municipios que en zonas de convivencia de coches e pe\u00f3ns a velocidade deber\u00e1 reducirse ata os 10 km\/h","breadcrumb":{"@id":"https:\/\/www.anovapeneira.gal\/index.php\/2020\/12\/08\/os-concellos-agora-da-provincia-implementaran-de-maneira-inminente-a-sinalizacion-de-30-km-h\/#breadcrumb"},"inLanguage":"gl-ES","potentialAction":[{"@type":"ReadAction","target":["https:\/\/www.anovapeneira.gal\/index.php\/2020\/12\/08\/os-concellos-agora-da-provincia-implementaran-de-maneira-inminente-a-sinalizacion-de-30-km-h\/"]}]},{"@type":"ImageObject","inLanguage":"gl-ES","@id":"https:\/\/www.anovapeneira.gal\/index.php\/2020\/12\/08\/os-concellos-agora-da-provincia-implementaran-de-maneira-inminente-a-sinalizacion-de-30-km-h\/#primaryimage","url":"https:\/\/www.anovapeneira.gal\/wp-content\/uploads\/2020\/12\/concello_agora.jpg","contentUrl":"https:\/\/www.anovapeneira.gal\/wp-content\/uploads\/2020\/12\/concello_agora.jpg","width":720,"height":432,"caption":"Os \u2018CONCELLOS \u00c1gora\u2019 da provincia implementar\u00e1n de Maneira inminente a sinalizaci\u00f3n de 30 Km\/H"},{"@type":"BreadcrumbList","@id":"https:\/\/www.anovapeneira.gal\/index.php\/2020\/12\/08\/os-concellos-agora-da-provincia-implementaran-de-maneira-inminente-a-sinalizacion-de-30-km-h\/#breadcrumb","itemListElement":[{"@type":"ListItem","position":1,"name":"Portada","item":"https:\/\/www.anovapeneira.gal\/"},{"@type":"ListItem","position":2,"name":"Os \u2018CONCELLOS \u00c1gora\u2019 da provincia implementar\u00e1n de Maneira inminente a sinalizaci\u00f3n de 30 Km\/H"}]},{"@type":"WebSite","@id":"https:\/\/www.anovapeneira.gal\/#website","url":"https:\/\/www.anovapeneira.gal\/","name":"","description":"Xornal galego de informaci\u00f3n xeral Publicaci\u00f3n mensual de novas de Galicia e en especial dos Concellos da sur da provincia de Pontevedra.","publisher":{"@id":"https:\/\/www.anovapeneira.gal\/#organization"},"potentialAction":[{"@type":"SearchAction","target":{"@type":"EntryPoint","urlTemplate":"https:\/\/www.anovapeneira.gal\/?s={search_term_string}"},"query-input":{"@type":"PropertyValueSpecification","valueRequired":true,"valueName":"search_term_string"}}],"inLanguage":"gl-ES"},{"@type":"Organization","@id":"https:\/\/www.anovapeneira.gal\/#organization","name":"A Nova Peneira","url":"https:\/\/www.anovapeneira.gal\/","logo":{"@type":"ImageObject","inLanguage":"gl-ES","@id":"https:\/\/www.anovapeneira.gal\/#\/schema\/logo\/image\/","url":"http:\/\/www.anovapeneira.gal\/wp-content\/uploads\/2019\/06\/logo_a_nova_peneira_portal_web.png","contentUrl":"http:\/\/www.anovapeneira.gal\/wp-content\/uploads\/2019\/06\/logo_a_nova_peneira_portal_web.png","width":300,"height":100,"caption":"A Nova Peneira"},"image":{"@id":"https:\/\/www.anovapeneira.gal\/#\/schema\/logo\/image\/"},"sameAs":["https:\/\/www.facebook.com\/anovapeneira","https:\/\/x.com\/APeneira"]},{"@type":"Person","@id":"https:\/\/www.anovapeneira.gal\/#\/schema\/person\/b93e3f8932e3f8da96334607eb6ac6aa","name":"Redacci\u00f3n A Nova Peneira","image":{"@type":"ImageObject","inLanguage":"gl-ES","@id":"https:\/\/secure.gravatar.com\/avatar\/c052a2551a06e23fac63626232eaa90abd78dbcf1700fc46a2b2c89fd27b735f?s=96&d=mm&r=g","url":"https:\/\/secure.gravatar.com\/avatar\/c052a2551a06e23fac63626232eaa90abd78dbcf1700fc46a2b2c89fd27b735f?s=96&d=mm&r=g","contentUrl":"https:\/\/secure.gravatar.com\/avatar\/c052a2551a06e23fac63626232eaa90abd78dbcf1700fc46a2b2c89fd27b735f?s=96&d=mm&r=g","caption":"Redacci\u00f3n A Nova Peneira"},"sameAs":["http:\/\/www.anovapeneira.gal\/"],"url":"https:\/\/www.anovapeneira.gal\/index.php\/author\/redactor\/"}]}},"jetpack_featured_media_url":"https:\/\/www.anovapeneira.gal\/wp-content\/uploads\/2020\/12\/concello_agora.jpg","_links":{"self":[{"href":"https:\/\/www.anovapeneira.gal\/index.php\/wp-json\/wp\/v2\/posts\/4446","targetHints":{"allow":["GET"]}}],"collection":[{"href":"https:\/\/www.anovapeneira.gal\/index.php\/wp-json\/wp\/v2\/posts"}],"about":[{"href":"https:\/\/www.anovapeneira.gal\/index.php\/wp-json\/wp\/v2\/types\/post"}],"author":[{"embeddable":true,"href":"https:\/\/www.anovapeneira.gal\/index.php\/wp-json\/wp\/v2\/users\/3"}],"replies":[{"embeddable":true,"href":"https:\/\/www.anovapeneira.gal\/index.php\/wp-json\/wp\/v2\/comments?post=4446"}],"version-history":[{"count":1,"href":"https:\/\/www.anovapeneira.gal\/index.php\/wp-json\/wp\/v2\/posts\/4446\/revisions"}],"predecessor-version":[{"id":4448,"href":"https:\/\/www.anovapeneira.gal\/index.php\/wp-json\/wp\/v2\/posts\/4446\/revisions\/4448"}],"wp:featuredmedia":[{"embeddable":true,"href":"https:\/\/www.anovapeneira.gal\/index.php\/wp-json\/wp\/v2\/media\/4447"}],"wp:attachment":[{"href":"https:\/\/www.anovapeneira.gal\/index.php\/wp-json\/wp\/v2\/media?parent=4446"}],"wp:term":[{"taxonomy":"category","embeddable":true,"href":"https:\/\/www.anovapeneira.gal\/index.php\/wp-json\/wp\/v2\/categories?post=4446"},{"taxonomy":"post_tag","embeddable":true,"href":"https:\/\/www.anovapeneira.gal\/index.php\/wp-json\/wp\/v2\/tags?post=4446"}],"curies":[{"name":"wp","href":"https:\/\/api.w.org\/{rel}","templated":true}]}}