{"id":4452,"date":"2020-12-09T12:00:17","date_gmt":"2020-12-09T11:00:17","guid":{"rendered":"http:\/\/www.anovapeneira.gal\/?p=4452"},"modified":"2020-12-05T20:17:52","modified_gmt":"2020-12-05T19:17:52","slug":"antonio-lomba-alcalde-de-a-guarda-2","status":"publish","type":"post","link":"https:\/\/www.anovapeneira.gal\/index.php\/2020\/12\/09\/antonio-lomba-alcalde-de-a-guarda-2\/","title":{"rendered":"Antonio  Lomba Alcalde de A Guarda"},"content":{"rendered":"\n<p><strong>Como \u00e9 tradici\u00f3n no noso xornal, rematamos o ano acheg\u00e1ndonos \u00e1 fermosa vila de A Guarda a conversarmos co seu alcalde para co\u00f1ecer a s\u00faa visi\u00f3n sobre o estado das cousas na localidade. E como tam\u00e9n \u00e9 habitual, Antonio atendeunos con moita amabilidade. Vela\u00ed vai o que deu de si a nosa conversa.<\/strong><\/p>\n\n\n\n<p>\u201c<strong>TEMOS PREPARADO O ORZAMENTO PARA O 2.021 E ESTAMOS EN FASE DE NEGOCIALO COS DISTINTOS GRUPOS DA CORPORACI\u00d3N.POR DESGRAZA O BNG NEGOUSE A SENTARSE A NEGOCIAR CON N\u00d3S\u201d<\/strong><\/p>\n\n\n\n<p><strong>A d\u00eda de hoxe, Antonio, 3 de decembro, cal \u00e9 en concreto a situaci\u00f3n epidemiol\u00f3xica de A Guarda?<\/strong><\/p>\n\n\n\n<blockquote class=\"wp-block-quote is-layout-flow wp-block-quote-is-layout-flow\"><p>A n\u00f3s o d\u00eda un pola noite ch\u00e1manos o Conselleiro ,e a\u00ednda que no mapa que publica a Xunta aparec\u00edan 35 casos, el dinos que temos 37.Ao d\u00eda seguinte,2 de decembro aparec\u00edan xa 40 casos. Ent\u00f3n el dinos que como o n\u00famero de afectados \u00e9 elevado pois vannos a aplicar as restrici\u00f3ns<\/p><\/blockquote>\n\n\n\n<p><strong>E cal foi a t\u00faa reacci\u00f3n?<\/strong><\/p>\n\n\n\n<blockquote class=\"wp-block-quote is-layout-flow wp-block-quote-is-layout-flow\"><p>Quedei un tanto abraiado porque n\u00f3s levabamos cun abano de 30-36 os \u00faltimos dez d\u00edas.<\/p><\/blockquote>\n\n\n\n<p><strong>Chegarades a estar con 40 nalgunha ocasi\u00f3n anterior?<\/strong><\/p>\n\n\n\n<blockquote class=\"wp-block-quote is-layout-flow wp-block-quote-is-layout-flow\"><p>Chegaramos a ter ata 68.E as\u00ed llo transmit\u00edn ao conselleiro. N\u00f3s agora estamos mellor que hai 15 d\u00edas. Quero supor que as medidas restritivas que se van a tomar con n\u00f3s obedecen a un cambio e criterio, sen\u00f3n non mo explico.<\/p><\/blockquote>\n\n\n\n<p><strong>Sabes cales son as medidas concretas que pensan tomar con v\u00f3s?<\/strong><\/p>\n\n\n\n<blockquote class=\"wp-block-quote is-layout-flow wp-block-quote-is-layout-flow\"><p>Non, non as sei porque non mas trasladaron. Todo o que sei \u00e9 pola prensa<\/p><\/blockquote>\n\n\n\n<p><strong>Varios alcaldes e alcaldesas cos que temos falado l\u00e1ianse de que o nivel de informaci\u00f3n que lles transmite o SERGAS, acerca da situaci\u00f3n epid\u00e9mica dos seus concellos, \u00e9 inexistente, e que todo o que saben ao respecto, \u00e9 polo persoal sanitario dos centros de sa\u00fade. No caso de A Guarda?<\/strong><\/p>\n\n\n\n<blockquote class=\"wp-block-quote is-layout-flow wp-block-quote-is-layout-flow\"><p>Pasa exactamente o mesmo. Eu te\u00f1o contacto diario co centro de sa\u00fade para co\u00f1ecer a situaci\u00f3n e eles son os que me informan de como est\u00e1n as cousas. A conseller\u00eda a n\u00f3s non nos traslada nada. Eles p\u00eddennos a n\u00f3s colaboraci\u00f3n, pero nos dan ning\u00fan tipo de informaci\u00f3n. Eu creo que debera existir alg\u00fan tipo de figura que coordinara a informaci\u00f3n da Xunta aos concellos, pois a colaboraci\u00f3n entre administraci\u00f3ns \u00e9 esencial para atenuar os efectos da pandemia<\/p><\/blockquote>\n\n\n\n<p><strong>Outro aspecto no que, segundo me trasladan distintos alcaldes e alcaldesas, se produciu un significativo aumento \u00e9 no de familias que, a partir do confinamento, requiren da a atenci\u00f3n dos servizos sociais do Concello para atender as s\u00faas necesidades m\u00e1is b\u00e1sicas. No caso da vosa vila?<\/strong><\/p>\n\n\n\n<blockquote class=\"wp-block-quote is-layout-flow wp-block-quote-is-layout-flow\"><p>Si, no noso caso pasou exactamente o mesmo. Acentuouse durante o confinamento e logo iniciou unha curva descendente. N\u00f3s tivemos que facer un reforzo importante da axuda no fogar, da protecci\u00f3n civil do Concello ( incluso para facer compras de xente que non pod\u00eda facelas), tivemos un servizo de voluntariado que se dedicaba a visitar e comprobar as necesidades das persoas que puidesen estar en situaci\u00f3n de vulnerabilidade.<\/p><\/blockquote>\n\n\n\n<blockquote class=\"wp-block-quote is-layout-flow wp-block-quote-is-layout-flow\"><p>Notamos que a xente que precisaba de axuda de emerxencia social aumentou, e n\u00f3s tanto reforzamos este apartado como foimos moito menos estritos no nivel de exixencia que aplicamos para conceder estas axudas por mor de que non se produzan abusos.<\/p><\/blockquote>\n\n\n\n<p><strong>Se nos situaramos na peor das hip\u00f3teses posibles, os servizos sociais do Concello estar\u00edan preparados para atender un aumento significativo de demandantes de axuda?<\/strong><\/p>\n\n\n\n<blockquote class=\"wp-block-quote is-layout-flow wp-block-quote-is-layout-flow\"><p>Si. Agora temos un novo orzamento xa preparado para o 2.021, estamos en fase de negociaci\u00f3ns cos distintos grupos da corporaci\u00f3n, e ese orzamento xa contempla un reforzo significativo nas partidas de atenci\u00f3n social polo que puidera pasar<\/p><\/blockquote>\n\n\n\n<p><strong>Estades negociando o orzamento cos tres grupos da oposici\u00f3n?<\/strong><\/p>\n\n\n\n<blockquote class=\"wp-block-quote is-layout-flow wp-block-quote-is-layout-flow\"><p>Si, n\u00f3s mand\u00e1moslle o documento aos tres grupos, por desgraza o BNG d\u00edxonos que non quer\u00eda sentarse con n\u00f3s, e seguimos conversando co independente e co PP. N\u00f3s traballamos co orzamento do 2.018 prorrogado e fai falta un novo, especialmente para os asuntos sociais.<\/p><\/blockquote>\n\n\n\n<p><strong>Que argumentou o BNG como raz\u00f3n para non sentarse con v\u00f3s?<\/strong><\/p>\n\n\n\n<blockquote class=\"wp-block-quote is-layout-flow wp-block-quote-is-layout-flow\"><p>Nada. D\u00e9moslle o orzamento para que o estudaran, e eles despois de velo dix\u00e9ronme que non se quer\u00edan sentar a negociar con n\u00f3s<\/p><\/blockquote>\n\n\n\n<p><strong>Quen vos transmitiu esa mensaxe?<\/strong><\/p>\n\n\n\n<blockquote class=\"wp-block-quote is-layout-flow wp-block-quote-is-layout-flow\"><p>O seu portavoz, Anxo Baz<\/p><\/blockquote>\n\n\n\n<p><strong>Ben, despois deste inciso orzamentario sigamos coa sanidade. Creo que foi no mes de febreiro, estaba eu facendo unha reportaxe sobre as protestas da veci\u00f1anza esixindo melloras para o centro de sa\u00fade de A Guarda e coincid\u00edn contigo nunha concentraci\u00f3n \u00e1s s\u00faas portas. Hoxe, 10 meses despois, como est\u00e1 a situaci\u00f3n do centro de sa\u00fade?<\/strong><\/p>\n\n\n\n<blockquote class=\"wp-block-quote is-layout-flow wp-block-quote-is-layout-flow\"><p>Por desgraza, non est\u00e1 mellor. A trav\u00e9s dos deputados do PSdG presentamos iniciativas parlamentares reclamando soluci\u00f3ns para os problemas que padece. O que nos trasladaron os nosos deputados \u00e9 que o SERGAS deu moi boas palabras, pero , a d\u00eda de hoxe, a situaci\u00f3n non mellorou sen\u00f3n todo o contrario. O noso centro de sa\u00fade non s\u00f3 atende \u00e1 veci\u00f1anza de A Guarda, tam\u00e9n, para determinadas cuesti\u00f3ns faino cos veci\u00f1os e veci\u00f1as de Oia e O Rosal, e require unha atenci\u00f3n urxente para poder estar \u00e1 altura das necesidades dos seus usuarios.<\/p><\/blockquote>\n\n\n\n<p><strong>Non sei como estar\u00e1 por dentro, pero por f\u00f3ra d\u00e1 a sensaci\u00f3n de certa decrepitude?<\/strong><\/p>\n\n\n\n<blockquote class=\"wp-block-quote is-layout-flow wp-block-quote-is-layout-flow\"><p>Un lavado de cara tam\u00e9n necesita, si.<\/p><\/blockquote>\n\n\n\n<p><strong>O concello aplicou, ou ten contemplado aplicar algunha li\u00f1a de axuda para o comercio local, en xeral, e ou para o sector da hostalar\u00eda en particular?<\/strong><\/p>\n\n\n\n<blockquote class=\"wp-block-quote is-layout-flow wp-block-quote-is-layout-flow\"><p>Xa habilitamos algunha, como por exemplo unha modificaci\u00f3n do calendario impositivo municipal para que non pagaran nos peores momentos. Aprobamos unha rebaixa do 50% nas novas licencias de actividade e empregamos 100.000\u20ac de fondos propios do concello en campa\u00f1as de activaci\u00f3n do consumo, como por exemplo unha plataforma de venda on line ou outra de xeraci\u00f3n de men\u00fas a trav\u00e9s de c\u00f3digo QR.<\/p><\/blockquote>\n\n\n\n<p><strong>Ben, al\u00e9n da situaci\u00f3n sanitaria na Guarda hai vida pol\u00edtica, e eu quero preguntarche polo episodio que motivou a vosa ruptura co BNG, a reforma da r\u00faa Concepci\u00f3n Areal. Que pasou? E como est\u00e1 o tema na actualidade?<\/strong><\/p>\n\n\n\n<blockquote class=\"wp-block-quote is-layout-flow wp-block-quote-is-layout-flow\"><p>Ben foi un problema que xeramos os pol\u00edticos e que trasladamos \u00e1 cidadan\u00eda que acabou polarizada .Os que daquela eramos socios de goberno tivemos unha diferencia de criterio ao respecto da reforma desta r\u00faa non fomos capaces de pornos de acordo.<\/p><\/blockquote>\n\n\n\n<p><strong>Est\u00e1s satisfeito de como funciona Concepci\u00f3n Areal?<\/strong><\/p>\n\n\n\n<blockquote class=\"wp-block-quote is-layout-flow wp-block-quote-is-layout-flow\"><p>Si, cada vez vai mellor. N\u00f3s consideramos que a chave da cuesti\u00f3n est\u00e1 na concienciaci\u00f3n progresiva da cidadan\u00eda de que estamos ante unha r\u00faa de preferencia peonil e o noso modelo chocaba co do BNG que se baseaba m\u00e1is na imposici\u00f3n<\/p><\/blockquote>\n\n\n\n<p><strong>Esa polarizaci\u00f3n da que falabas , da sociedade guardesa, ao respecto deste tema, desapareceu ou sigue existindo?<\/strong><\/p>\n\n\n\n<blockquote class=\"wp-block-quote is-layout-flow wp-block-quote-is-layout-flow\"><p>Eu agora non a percibo.<\/p><\/blockquote>\n\n\n\n<p><strong>M\u00e1is dun ano despois da ruptura co Bloque segues gobernando con 5 de 17<\/strong><\/p>\n\n\n\n<blockquote class=\"wp-block-quote is-layout-flow wp-block-quote-is-layout-flow\"><p>Pois si, con moito dialogo con todos, e cun traballo inmenso do equipo de goberno que ao ser s\u00f3 5 persoas ten que multiplicar os esforzos. Creo que o resultado \u00e9 satisfactorio e a cidadan\u00eda non percibe que haxa un goberno en minor\u00eda ou en crise.<\/p><\/blockquote>\n\n\n\n<p><strong>Como est\u00e1 a situaci\u00f3n da polic\u00eda local de A Guarda?<\/strong><\/p>\n\n\n\n<blockquote class=\"wp-block-quote is-layout-flow wp-block-quote-is-layout-flow\"><p>Agora mesmo temos 3 axentes fixos e dous auxiliares. O d\u00eda 20 entrar\u00e1n 3 axentes fixos m\u00e1is<\/p><\/blockquote>\n\n\n\n<p><strong>Ent\u00f3n o d\u00eda 20 teremos 8 axentes?<\/strong><\/p>\n\n\n\n<blockquote class=\"wp-block-quote is-layout-flow wp-block-quote-is-layout-flow\"><p>Non, teremos 6 porque aos dous auxiliares rem\u00e1taselle o contrato.<\/p><\/blockquote>\n\n\n\n<p><strong>A min 6 polic\u00edas para atender ao volume de poboaci\u00f3n da vosa vila par\u00e9ceme moi pouco?<\/strong><\/p>\n\n\n\n<blockquote class=\"wp-block-quote is-layout-flow wp-block-quote-is-layout-flow\"><p>Si, a min tam\u00e9n. En xaneiro valoraremos a posibilidade de incorporar alg\u00fan auxiliar<\/p><\/blockquote>\n\n\n\n<p><strong>En Camposancos hai inseguridade viaria?<\/strong><\/p>\n\n\n\n<blockquote class=\"wp-block-quote is-layout-flow wp-block-quote-is-layout-flow\"><p>Indo cara a Camposancos si. Se vas a p\u00e9 ou en bicicleta tela por calquera dos sitios que vaias, por iso n\u00f3s temos unha actuaci\u00f3n carteira que \u00e9 a senda de circunvalaci\u00f3n ao monte que conducir\u00eda \u00e1 xente de maneira segura ata as praias e ata Camposancos.<\/p><\/blockquote>\n\n\n\n<p><strong>Para estas festas de Nadal, facemos algo? Ou a situaci\u00f3n epidemiol\u00f3xica non o vai permitir?<\/strong><\/p>\n\n\n\n<blockquote class=\"wp-block-quote is-layout-flow wp-block-quote-is-layout-flow\"><p>Si, imos ter unha axenda moi completa adaptada a calquera situaci\u00f3n epid\u00e9mica que haxa. A maior\u00eda de eventos t\u00e9molos en exteriores. Alg\u00fans eventos ser\u00e1n a modo de pasar\u00faas para evitar as aglomeraci\u00f3ns. E a cabalgata de reis vai ser invertida , no canto de ir os nenos e nenas a vela, ir\u00e1n os reis a ver aos nenos e nenas. A recepci\u00f3n real ser\u00e1 tam\u00e9n por v\u00eddeo conferencia<\/p><\/blockquote>\n\n\n\n<p><strong>O Concello voso \u00e9 esteticamente moi bonito, pero quedan partes por rematar. Avanzamos algo?<\/strong><\/p>\n\n\n\n<blockquote class=\"wp-block-quote is-layout-flow wp-block-quote-is-layout-flow\"><p>Non. A\u00ed uns d\u00edas mandamos unhas emendas aos orzamentos da Xunta entre as que estaban pedirmos financiamento para rematar a obra. \u00c9 necesario rematalo, e a ver como encaixamos para podelo facer.<\/p><\/blockquote>\n\n\n\n<p><strong>Toc\u00e1banos gala en xaneiro do 2.021.Obviamente non vai quedar m\u00e1is remedio que adiala para cando a situaci\u00f3n epid\u00e9mica o permita, pero, sexa na segunda metade do ano pr\u00f3ximo ou ao longo do 2.022 agardo que mante\u00f1as o teu compromiso de asistir e de entregar o premio ao concello que o ga\u00f1e nesa edici\u00f3n?<\/strong><\/p>\n\n\n\n<blockquote class=\"wp-block-quote is-layout-flow wp-block-quote-is-layout-flow\"><p>Por descontado, xa me comprometera contigo a que as\u00ed ser\u00eda, e mante\u00f1o o meu compromiso, claro.<\/p><\/blockquote>\n\n\n\n<p><strong>Rematamos Antonio, vaste volver presentar no 2.023?<\/strong><\/p>\n\n\n\n<blockquote class=\"wp-block-quote is-layout-flow wp-block-quote-is-layout-flow\"><p>Agora mesmo a mi\u00f1a mentalidade \u00e9 pelexar d\u00eda a d\u00eda tanto para que a situaci\u00f3n sanitaria do noso pobo mellore como por superar todos os desaf\u00edos que ten o noso Concello. Non me atrevo a pensar a dous anos vista<\/p><\/blockquote>\n\n\n\n<p><\/p>\n","protected":false},"excerpt":{"rendered":"<div class=\"mh-excerpt\"><p>Como \u00e9 tradici\u00f3n no noso xornal, rematamos o ano acheg\u00e1ndonos \u00e1 fermosa vila de A Guarda a conversarmos co seu alcalde para co\u00f1ecer a s\u00faa visi\u00f3n sobre o estado das cousas na localidade. E como tam\u00e9n \u00e9 habitual, Antonio atendeunos con moita amabilidade. Vela\u00ed vai o que deu de si a nosa conversa <a class=\"mh-excerpt-more\" href=\"https:\/\/www.anovapeneira.gal\/index.php\/2020\/12\/09\/antonio-lomba-alcalde-de-a-guarda-2\/\" title=\"Antonio  Lomba Alcalde de A Guarda\">[&#8230;]<\/a><\/p>\n<\/div>","protected":false},"author":3,"featured_media":4453,"comment_status":"open","ping_status":"open","sticky":false,"template":"","format":"standard","meta":{"_exactmetrics_skip_tracking":false,"_exactmetrics_sitenote_active":false,"_exactmetrics_sitenote_note":"","_exactmetrics_sitenote_category":0,"footnotes":""},"categories":[266],"tags":[238],"class_list":{"0":"post-4452","1":"post","2":"type-post","3":"status-publish","4":"format-standard","5":"has-post-thumbnail","7":"category-baixo-mino-entrevistas","8":"tag-concello-da-guarda"},"yoast_head":"<!-- This site is optimized with the Yoast SEO plugin v27.4 - https:\/\/yoast.com\/product\/yoast-seo-wordpress\/ -->\n<title>Antonio Lomba Alcalde de A Guarda -<\/title>\n<meta name=\"description\" content=\"Como \u00e9 tradici\u00f3n no noso xornal, rematamos o ano acheg\u00e1ndonos \u00e1 fermosa vila de A Guarda a conversarmos co seu alcalde para co\u00f1ecer a s\u00faa visi\u00f3n sobre o estado das cousas na localidade. E como tam\u00e9n \u00e9 habitual, Antonio atendeunos con moita amabilidade. Vela\u00ed vai o que deu de si a nosa conversa\" \/>\n<meta name=\"robots\" content=\"index, follow, max-snippet:-1, max-image-preview:large, max-video-preview:-1\" \/>\n<link rel=\"canonical\" href=\"https:\/\/www.anovapeneira.gal\/index.php\/2020\/12\/09\/antonio-lomba-alcalde-de-a-guarda-2\/\" \/>\n<meta property=\"og:locale\" content=\"gl_ES\" \/>\n<meta property=\"og:type\" content=\"article\" \/>\n<meta property=\"og:title\" content=\"Antonio Lomba Alcalde de A Guarda -\" \/>\n<meta property=\"og:description\" content=\"Como \u00e9 tradici\u00f3n no noso xornal, rematamos o ano acheg\u00e1ndonos \u00e1 fermosa vila de A Guarda a conversarmos co seu alcalde para co\u00f1ecer a s\u00faa visi\u00f3n sobre o estado das cousas na localidade. E como tam\u00e9n \u00e9 habitual, Antonio atendeunos con moita amabilidade. Vela\u00ed vai o que deu de si a nosa conversa\" \/>\n<meta property=\"og:url\" content=\"https:\/\/www.anovapeneira.gal\/index.php\/2020\/12\/09\/antonio-lomba-alcalde-de-a-guarda-2\/\" \/>\n<meta property=\"article:publisher\" content=\"https:\/\/www.facebook.com\/anovapeneira\" \/>\n<meta property=\"article:published_time\" content=\"2020-12-09T11:00:17+00:00\" \/>\n<meta property=\"og:image\" content=\"https:\/\/www.anovapeneira.gal\/wp-content\/uploads\/2020\/12\/alcade_a_guarda.jpg\" \/>\n\t<meta property=\"og:image:width\" content=\"720\" \/>\n\t<meta property=\"og:image:height\" content=\"432\" \/>\n\t<meta property=\"og:image:type\" content=\"image\/jpeg\" \/>\n<meta name=\"author\" content=\"Redacci\u00f3n A Nova Peneira\" \/>\n<meta name=\"twitter:card\" content=\"summary_large_image\" \/>\n<meta name=\"twitter:creator\" content=\"@APeneira\" \/>\n<meta name=\"twitter:site\" content=\"@APeneira\" \/>\n<meta name=\"twitter:label1\" content=\"Escrito por\" \/>\n\t<meta name=\"twitter:data1\" content=\"Redacci\u00f3n A Nova Peneira\" \/>\n\t<meta name=\"twitter:label2\" content=\"Tempo de lectura\" \/>\n\t<meta name=\"twitter:data2\" content=\"8 minutos\" \/>\n<script type=\"application\/ld+json\" class=\"yoast-schema-graph\">{\"@context\":\"https:\\\/\\\/schema.org\",\"@graph\":[{\"@type\":\"Article\",\"@id\":\"https:\\\/\\\/www.anovapeneira.gal\\\/index.php\\\/2020\\\/12\\\/09\\\/antonio-lomba-alcalde-de-a-guarda-2\\\/#article\",\"isPartOf\":{\"@id\":\"https:\\\/\\\/www.anovapeneira.gal\\\/index.php\\\/2020\\\/12\\\/09\\\/antonio-lomba-alcalde-de-a-guarda-2\\\/\"},\"author\":{\"name\":\"Redacci\u00f3n A Nova Peneira\",\"@id\":\"https:\\\/\\\/www.anovapeneira.gal\\\/#\\\/schema\\\/person\\\/b93e3f8932e3f8da96334607eb6ac6aa\"},\"headline\":\"Antonio Lomba Alcalde de A Guarda\",\"datePublished\":\"2020-12-09T11:00:17+00:00\",\"mainEntityOfPage\":{\"@id\":\"https:\\\/\\\/www.anovapeneira.gal\\\/index.php\\\/2020\\\/12\\\/09\\\/antonio-lomba-alcalde-de-a-guarda-2\\\/\"},\"wordCount\":1665,\"commentCount\":0,\"publisher\":{\"@id\":\"https:\\\/\\\/www.anovapeneira.gal\\\/#organization\"},\"image\":{\"@id\":\"https:\\\/\\\/www.anovapeneira.gal\\\/index.php\\\/2020\\\/12\\\/09\\\/antonio-lomba-alcalde-de-a-guarda-2\\\/#primaryimage\"},\"thumbnailUrl\":\"https:\\\/\\\/www.anovapeneira.gal\\\/wp-content\\\/uploads\\\/2020\\\/12\\\/alcade_a_guarda.jpg\",\"keywords\":[\"Concello da Guarda\"],\"articleSection\":[\"Baixo Mi\u00f1o\"],\"inLanguage\":\"gl-ES\",\"potentialAction\":[{\"@type\":\"CommentAction\",\"name\":\"Comment\",\"target\":[\"https:\\\/\\\/www.anovapeneira.gal\\\/index.php\\\/2020\\\/12\\\/09\\\/antonio-lomba-alcalde-de-a-guarda-2\\\/#respond\"]}]},{\"@type\":\"WebPage\",\"@id\":\"https:\\\/\\\/www.anovapeneira.gal\\\/index.php\\\/2020\\\/12\\\/09\\\/antonio-lomba-alcalde-de-a-guarda-2\\\/\",\"url\":\"https:\\\/\\\/www.anovapeneira.gal\\\/index.php\\\/2020\\\/12\\\/09\\\/antonio-lomba-alcalde-de-a-guarda-2\\\/\",\"name\":\"Antonio Lomba Alcalde de A Guarda -\",\"isPartOf\":{\"@id\":\"https:\\\/\\\/www.anovapeneira.gal\\\/#website\"},\"primaryImageOfPage\":{\"@id\":\"https:\\\/\\\/www.anovapeneira.gal\\\/index.php\\\/2020\\\/12\\\/09\\\/antonio-lomba-alcalde-de-a-guarda-2\\\/#primaryimage\"},\"image\":{\"@id\":\"https:\\\/\\\/www.anovapeneira.gal\\\/index.php\\\/2020\\\/12\\\/09\\\/antonio-lomba-alcalde-de-a-guarda-2\\\/#primaryimage\"},\"thumbnailUrl\":\"https:\\\/\\\/www.anovapeneira.gal\\\/wp-content\\\/uploads\\\/2020\\\/12\\\/alcade_a_guarda.jpg\",\"datePublished\":\"2020-12-09T11:00:17+00:00\",\"description\":\"Como \u00e9 tradici\u00f3n no noso xornal, rematamos o ano acheg\u00e1ndonos \u00e1 fermosa vila de A Guarda a conversarmos co seu alcalde para co\u00f1ecer a s\u00faa visi\u00f3n sobre o estado das cousas na localidade. E como tam\u00e9n \u00e9 habitual, Antonio atendeunos con moita amabilidade. Vela\u00ed vai o que deu de si a nosa conversa\",\"breadcrumb\":{\"@id\":\"https:\\\/\\\/www.anovapeneira.gal\\\/index.php\\\/2020\\\/12\\\/09\\\/antonio-lomba-alcalde-de-a-guarda-2\\\/#breadcrumb\"},\"inLanguage\":\"gl-ES\",\"potentialAction\":[{\"@type\":\"ReadAction\",\"target\":[\"https:\\\/\\\/www.anovapeneira.gal\\\/index.php\\\/2020\\\/12\\\/09\\\/antonio-lomba-alcalde-de-a-guarda-2\\\/\"]}]},{\"@type\":\"ImageObject\",\"inLanguage\":\"gl-ES\",\"@id\":\"https:\\\/\\\/www.anovapeneira.gal\\\/index.php\\\/2020\\\/12\\\/09\\\/antonio-lomba-alcalde-de-a-guarda-2\\\/#primaryimage\",\"url\":\"https:\\\/\\\/www.anovapeneira.gal\\\/wp-content\\\/uploads\\\/2020\\\/12\\\/alcade_a_guarda.jpg\",\"contentUrl\":\"https:\\\/\\\/www.anovapeneira.gal\\\/wp-content\\\/uploads\\\/2020\\\/12\\\/alcade_a_guarda.jpg\",\"width\":720,\"height\":432,\"caption\":\"Antonio Lomba Alcalde de A Guarda\"},{\"@type\":\"BreadcrumbList\",\"@id\":\"https:\\\/\\\/www.anovapeneira.gal\\\/index.php\\\/2020\\\/12\\\/09\\\/antonio-lomba-alcalde-de-a-guarda-2\\\/#breadcrumb\",\"itemListElement\":[{\"@type\":\"ListItem\",\"position\":1,\"name\":\"Portada\",\"item\":\"https:\\\/\\\/www.anovapeneira.gal\\\/\"},{\"@type\":\"ListItem\",\"position\":2,\"name\":\"Antonio Lomba Alcalde de A Guarda\"}]},{\"@type\":\"WebSite\",\"@id\":\"https:\\\/\\\/www.anovapeneira.gal\\\/#website\",\"url\":\"https:\\\/\\\/www.anovapeneira.gal\\\/\",\"name\":\"\",\"description\":\"Xornal galego de informaci\u00f3n xeral Publicaci\u00f3n mensual de novas de Galicia e en especial dos Concellos da sur da provincia de Pontevedra.\",\"publisher\":{\"@id\":\"https:\\\/\\\/www.anovapeneira.gal\\\/#organization\"},\"potentialAction\":[{\"@type\":\"SearchAction\",\"target\":{\"@type\":\"EntryPoint\",\"urlTemplate\":\"https:\\\/\\\/www.anovapeneira.gal\\\/?s={search_term_string}\"},\"query-input\":{\"@type\":\"PropertyValueSpecification\",\"valueRequired\":true,\"valueName\":\"search_term_string\"}}],\"inLanguage\":\"gl-ES\"},{\"@type\":\"Organization\",\"@id\":\"https:\\\/\\\/www.anovapeneira.gal\\\/#organization\",\"name\":\"A Nova Peneira\",\"url\":\"https:\\\/\\\/www.anovapeneira.gal\\\/\",\"logo\":{\"@type\":\"ImageObject\",\"inLanguage\":\"gl-ES\",\"@id\":\"https:\\\/\\\/www.anovapeneira.gal\\\/#\\\/schema\\\/logo\\\/image\\\/\",\"url\":\"http:\\\/\\\/www.anovapeneira.gal\\\/wp-content\\\/uploads\\\/2019\\\/06\\\/logo_a_nova_peneira_portal_web.png\",\"contentUrl\":\"http:\\\/\\\/www.anovapeneira.gal\\\/wp-content\\\/uploads\\\/2019\\\/06\\\/logo_a_nova_peneira_portal_web.png\",\"width\":300,\"height\":100,\"caption\":\"A Nova Peneira\"},\"image\":{\"@id\":\"https:\\\/\\\/www.anovapeneira.gal\\\/#\\\/schema\\\/logo\\\/image\\\/\"},\"sameAs\":[\"https:\\\/\\\/www.facebook.com\\\/anovapeneira\",\"https:\\\/\\\/x.com\\\/APeneira\"]},{\"@type\":\"Person\",\"@id\":\"https:\\\/\\\/www.anovapeneira.gal\\\/#\\\/schema\\\/person\\\/b93e3f8932e3f8da96334607eb6ac6aa\",\"name\":\"Redacci\u00f3n A Nova Peneira\",\"image\":{\"@type\":\"ImageObject\",\"inLanguage\":\"gl-ES\",\"@id\":\"https:\\\/\\\/secure.gravatar.com\\\/avatar\\\/c052a2551a06e23fac63626232eaa90abd78dbcf1700fc46a2b2c89fd27b735f?s=96&d=mm&r=g\",\"url\":\"https:\\\/\\\/secure.gravatar.com\\\/avatar\\\/c052a2551a06e23fac63626232eaa90abd78dbcf1700fc46a2b2c89fd27b735f?s=96&d=mm&r=g\",\"contentUrl\":\"https:\\\/\\\/secure.gravatar.com\\\/avatar\\\/c052a2551a06e23fac63626232eaa90abd78dbcf1700fc46a2b2c89fd27b735f?s=96&d=mm&r=g\",\"caption\":\"Redacci\u00f3n A Nova Peneira\"},\"sameAs\":[\"http:\\\/\\\/www.anovapeneira.gal\\\/\"],\"url\":\"https:\\\/\\\/www.anovapeneira.gal\\\/index.php\\\/author\\\/redactor\\\/\"}]}<\/script>\n<!-- \/ Yoast SEO plugin. -->","yoast_head_json":{"title":"Antonio Lomba Alcalde de A Guarda -","description":"Como \u00e9 tradici\u00f3n no noso xornal, rematamos o ano acheg\u00e1ndonos \u00e1 fermosa vila de A Guarda a conversarmos co seu alcalde para co\u00f1ecer a s\u00faa visi\u00f3n sobre o estado das cousas na localidade. E como tam\u00e9n \u00e9 habitual, Antonio atendeunos con moita amabilidade. Vela\u00ed vai o que deu de si a nosa conversa","robots":{"index":"index","follow":"follow","max-snippet":"max-snippet:-1","max-image-preview":"max-image-preview:large","max-video-preview":"max-video-preview:-1"},"canonical":"https:\/\/www.anovapeneira.gal\/index.php\/2020\/12\/09\/antonio-lomba-alcalde-de-a-guarda-2\/","og_locale":"gl_ES","og_type":"article","og_title":"Antonio Lomba Alcalde de A Guarda -","og_description":"Como \u00e9 tradici\u00f3n no noso xornal, rematamos o ano acheg\u00e1ndonos \u00e1 fermosa vila de A Guarda a conversarmos co seu alcalde para co\u00f1ecer a s\u00faa visi\u00f3n sobre o estado das cousas na localidade. E como tam\u00e9n \u00e9 habitual, Antonio atendeunos con moita amabilidade. Vela\u00ed vai o que deu de si a nosa conversa","og_url":"https:\/\/www.anovapeneira.gal\/index.php\/2020\/12\/09\/antonio-lomba-alcalde-de-a-guarda-2\/","article_publisher":"https:\/\/www.facebook.com\/anovapeneira","article_published_time":"2020-12-09T11:00:17+00:00","og_image":[{"width":720,"height":432,"url":"https:\/\/www.anovapeneira.gal\/wp-content\/uploads\/2020\/12\/alcade_a_guarda.jpg","type":"image\/jpeg"}],"author":"Redacci\u00f3n A Nova Peneira","twitter_card":"summary_large_image","twitter_creator":"@APeneira","twitter_site":"@APeneira","twitter_misc":{"Escrito por":"Redacci\u00f3n A Nova Peneira","Tempo de lectura":"8 minutos"},"schema":{"@context":"https:\/\/schema.org","@graph":[{"@type":"Article","@id":"https:\/\/www.anovapeneira.gal\/index.php\/2020\/12\/09\/antonio-lomba-alcalde-de-a-guarda-2\/#article","isPartOf":{"@id":"https:\/\/www.anovapeneira.gal\/index.php\/2020\/12\/09\/antonio-lomba-alcalde-de-a-guarda-2\/"},"author":{"name":"Redacci\u00f3n A Nova Peneira","@id":"https:\/\/www.anovapeneira.gal\/#\/schema\/person\/b93e3f8932e3f8da96334607eb6ac6aa"},"headline":"Antonio Lomba Alcalde de A Guarda","datePublished":"2020-12-09T11:00:17+00:00","mainEntityOfPage":{"@id":"https:\/\/www.anovapeneira.gal\/index.php\/2020\/12\/09\/antonio-lomba-alcalde-de-a-guarda-2\/"},"wordCount":1665,"commentCount":0,"publisher":{"@id":"https:\/\/www.anovapeneira.gal\/#organization"},"image":{"@id":"https:\/\/www.anovapeneira.gal\/index.php\/2020\/12\/09\/antonio-lomba-alcalde-de-a-guarda-2\/#primaryimage"},"thumbnailUrl":"https:\/\/www.anovapeneira.gal\/wp-content\/uploads\/2020\/12\/alcade_a_guarda.jpg","keywords":["Concello da Guarda"],"articleSection":["Baixo Mi\u00f1o"],"inLanguage":"gl-ES","potentialAction":[{"@type":"CommentAction","name":"Comment","target":["https:\/\/www.anovapeneira.gal\/index.php\/2020\/12\/09\/antonio-lomba-alcalde-de-a-guarda-2\/#respond"]}]},{"@type":"WebPage","@id":"https:\/\/www.anovapeneira.gal\/index.php\/2020\/12\/09\/antonio-lomba-alcalde-de-a-guarda-2\/","url":"https:\/\/www.anovapeneira.gal\/index.php\/2020\/12\/09\/antonio-lomba-alcalde-de-a-guarda-2\/","name":"Antonio Lomba Alcalde de A Guarda -","isPartOf":{"@id":"https:\/\/www.anovapeneira.gal\/#website"},"primaryImageOfPage":{"@id":"https:\/\/www.anovapeneira.gal\/index.php\/2020\/12\/09\/antonio-lomba-alcalde-de-a-guarda-2\/#primaryimage"},"image":{"@id":"https:\/\/www.anovapeneira.gal\/index.php\/2020\/12\/09\/antonio-lomba-alcalde-de-a-guarda-2\/#primaryimage"},"thumbnailUrl":"https:\/\/www.anovapeneira.gal\/wp-content\/uploads\/2020\/12\/alcade_a_guarda.jpg","datePublished":"2020-12-09T11:00:17+00:00","description":"Como \u00e9 tradici\u00f3n no noso xornal, rematamos o ano acheg\u00e1ndonos \u00e1 fermosa vila de A Guarda a conversarmos co seu alcalde para co\u00f1ecer a s\u00faa visi\u00f3n sobre o estado das cousas na localidade. E como tam\u00e9n \u00e9 habitual, Antonio atendeunos con moita amabilidade. Vela\u00ed vai o que deu de si a nosa conversa","breadcrumb":{"@id":"https:\/\/www.anovapeneira.gal\/index.php\/2020\/12\/09\/antonio-lomba-alcalde-de-a-guarda-2\/#breadcrumb"},"inLanguage":"gl-ES","potentialAction":[{"@type":"ReadAction","target":["https:\/\/www.anovapeneira.gal\/index.php\/2020\/12\/09\/antonio-lomba-alcalde-de-a-guarda-2\/"]}]},{"@type":"ImageObject","inLanguage":"gl-ES","@id":"https:\/\/www.anovapeneira.gal\/index.php\/2020\/12\/09\/antonio-lomba-alcalde-de-a-guarda-2\/#primaryimage","url":"https:\/\/www.anovapeneira.gal\/wp-content\/uploads\/2020\/12\/alcade_a_guarda.jpg","contentUrl":"https:\/\/www.anovapeneira.gal\/wp-content\/uploads\/2020\/12\/alcade_a_guarda.jpg","width":720,"height":432,"caption":"Antonio Lomba Alcalde de A Guarda"},{"@type":"BreadcrumbList","@id":"https:\/\/www.anovapeneira.gal\/index.php\/2020\/12\/09\/antonio-lomba-alcalde-de-a-guarda-2\/#breadcrumb","itemListElement":[{"@type":"ListItem","position":1,"name":"Portada","item":"https:\/\/www.anovapeneira.gal\/"},{"@type":"ListItem","position":2,"name":"Antonio Lomba Alcalde de A Guarda"}]},{"@type":"WebSite","@id":"https:\/\/www.anovapeneira.gal\/#website","url":"https:\/\/www.anovapeneira.gal\/","name":"","description":"Xornal galego de informaci\u00f3n xeral Publicaci\u00f3n mensual de novas de Galicia e en especial dos Concellos da sur da provincia de Pontevedra.","publisher":{"@id":"https:\/\/www.anovapeneira.gal\/#organization"},"potentialAction":[{"@type":"SearchAction","target":{"@type":"EntryPoint","urlTemplate":"https:\/\/www.anovapeneira.gal\/?s={search_term_string}"},"query-input":{"@type":"PropertyValueSpecification","valueRequired":true,"valueName":"search_term_string"}}],"inLanguage":"gl-ES"},{"@type":"Organization","@id":"https:\/\/www.anovapeneira.gal\/#organization","name":"A Nova Peneira","url":"https:\/\/www.anovapeneira.gal\/","logo":{"@type":"ImageObject","inLanguage":"gl-ES","@id":"https:\/\/www.anovapeneira.gal\/#\/schema\/logo\/image\/","url":"http:\/\/www.anovapeneira.gal\/wp-content\/uploads\/2019\/06\/logo_a_nova_peneira_portal_web.png","contentUrl":"http:\/\/www.anovapeneira.gal\/wp-content\/uploads\/2019\/06\/logo_a_nova_peneira_portal_web.png","width":300,"height":100,"caption":"A Nova Peneira"},"image":{"@id":"https:\/\/www.anovapeneira.gal\/#\/schema\/logo\/image\/"},"sameAs":["https:\/\/www.facebook.com\/anovapeneira","https:\/\/x.com\/APeneira"]},{"@type":"Person","@id":"https:\/\/www.anovapeneira.gal\/#\/schema\/person\/b93e3f8932e3f8da96334607eb6ac6aa","name":"Redacci\u00f3n A Nova Peneira","image":{"@type":"ImageObject","inLanguage":"gl-ES","@id":"https:\/\/secure.gravatar.com\/avatar\/c052a2551a06e23fac63626232eaa90abd78dbcf1700fc46a2b2c89fd27b735f?s=96&d=mm&r=g","url":"https:\/\/secure.gravatar.com\/avatar\/c052a2551a06e23fac63626232eaa90abd78dbcf1700fc46a2b2c89fd27b735f?s=96&d=mm&r=g","contentUrl":"https:\/\/secure.gravatar.com\/avatar\/c052a2551a06e23fac63626232eaa90abd78dbcf1700fc46a2b2c89fd27b735f?s=96&d=mm&r=g","caption":"Redacci\u00f3n A Nova Peneira"},"sameAs":["http:\/\/www.anovapeneira.gal\/"],"url":"https:\/\/www.anovapeneira.gal\/index.php\/author\/redactor\/"}]}},"jetpack_featured_media_url":"https:\/\/www.anovapeneira.gal\/wp-content\/uploads\/2020\/12\/alcade_a_guarda.jpg","_links":{"self":[{"href":"https:\/\/www.anovapeneira.gal\/index.php\/wp-json\/wp\/v2\/posts\/4452","targetHints":{"allow":["GET"]}}],"collection":[{"href":"https:\/\/www.anovapeneira.gal\/index.php\/wp-json\/wp\/v2\/posts"}],"about":[{"href":"https:\/\/www.anovapeneira.gal\/index.php\/wp-json\/wp\/v2\/types\/post"}],"author":[{"embeddable":true,"href":"https:\/\/www.anovapeneira.gal\/index.php\/wp-json\/wp\/v2\/users\/3"}],"replies":[{"embeddable":true,"href":"https:\/\/www.anovapeneira.gal\/index.php\/wp-json\/wp\/v2\/comments?post=4452"}],"version-history":[{"count":1,"href":"https:\/\/www.anovapeneira.gal\/index.php\/wp-json\/wp\/v2\/posts\/4452\/revisions"}],"predecessor-version":[{"id":4454,"href":"https:\/\/www.anovapeneira.gal\/index.php\/wp-json\/wp\/v2\/posts\/4452\/revisions\/4454"}],"wp:featuredmedia":[{"embeddable":true,"href":"https:\/\/www.anovapeneira.gal\/index.php\/wp-json\/wp\/v2\/media\/4453"}],"wp:attachment":[{"href":"https:\/\/www.anovapeneira.gal\/index.php\/wp-json\/wp\/v2\/media?parent=4452"}],"wp:term":[{"taxonomy":"category","embeddable":true,"href":"https:\/\/www.anovapeneira.gal\/index.php\/wp-json\/wp\/v2\/categories?post=4452"},{"taxonomy":"post_tag","embeddable":true,"href":"https:\/\/www.anovapeneira.gal\/index.php\/wp-json\/wp\/v2\/tags?post=4452"}],"curies":[{"name":"wp","href":"https:\/\/api.w.org\/{rel}","templated":true}]}}