{"id":4455,"date":"2020-12-10T10:00:15","date_gmt":"2020-12-10T09:00:15","guid":{"rendered":"http:\/\/www.anovapeneira.gal\/?p=4455"},"modified":"2020-12-05T20:21:37","modified_gmt":"2020-12-05T19:21:37","slug":"o-bng-de-vigo-pide-a-abel-caballero-que-deixe-de-mentir-a-cidadania-sobre-a-saida-sur-de-alta-velocidade","status":"publish","type":"post","link":"https:\/\/www.anovapeneira.gal\/index.php\/2020\/12\/10\/o-bng-de-vigo-pide-a-abel-caballero-que-deixe-de-mentir-a-cidadania-sobre-a-saida-sur-de-alta-velocidade\/","title":{"rendered":"O BNG de Vigo pide a Abel Caballero que deixe de mentir \u00e1 cidadan\u00eda sobre a sa\u00edda sur de alta velocidade"},"content":{"rendered":"\n<h2 class=\"wp-block-heading\">A fronte nacionalista denuncia que nos orzamentos xerais do Estado de PSOE e Podemos, a sa\u00edda sur s\u00f3 ter\u00e1 200 mil euros para elaborar un novo estudo informativo cando o anterior custou m\u00e1is de 1 mill\u00f3n.<\/h2>\n\n\n\n<h4 class=\"wp-block-heading\">Xabier P. Igrexas: &#8220;A verdade dos n\u00fameros \u00e9 que detr\u00e1s da propaganda e das promesas, s\u00f3 hai fume e a sa\u00edda sur vai volver\u00e1 quedar no caix\u00f3n&#8221;.<\/h4>\n\n\n\n<p><strong>VIGO, 04 de decembro de 2020<\/strong><\/p>\n\n\n\n<p>O Bloque Nacionalista Galego demandoulle esta ma\u00f1\u00e1 ao alcalde de Vigo, Abel Caballero, que deixe de mentir \u00e1s viguesas e vigueses sobre a sa\u00edda sur de alta velocidade. O concelleiro do BNG na cidade ol\u00edvica, Xabier P. Igrexas, afirma que \u00e9 &#8220;absolutamente falso que a conexi\u00f3n entre Vigo e Porto sexa prioritaria para o Goberno espa\u00f1ol&#8221; e denuncia que os orzamentos xerais do Estado s\u00f3 prev\u00e9n 200 mil euros para elaborar o novo estudo informativo do trazado, cando o anterior custou m\u00e1is dun mill\u00f3n.<\/p>\n\n\n\n<p>Igrexas ironizou coa previsi\u00f3n defendida polo rexedor de que a sa\u00edda sur ser\u00e1 realidade en 2030, afirmando que &#8220;xa co\u00f1ecemos a capacidade de progn\u00f3stico de Caballero, que cando era ministro en 1988 anunciou que o AVE chegar\u00eda a Vigo en 1993.<\/p>\n\n\n\n<p>O portavoz municipal nacionalista cualificou de &#8220;patochada propagand\u00edstica&#8221; as declaraci\u00f3ns do alcalde ap\u00f3s un encontro cun ministro portugu\u00e9s, trasladando un hipot\u00e9tico compromiso do Goberno espa\u00f1ol coa conexi\u00f3n entre Vigo e Porto. &#8220;\u00c9 absolutamente falso que a sa\u00edda sur sexa unha prioridade para o Goberno estatal de PSOE e Unidas Podemos, e non o di o BNG, dino os orzamentos xerais do Estado que aprobaron&#8221;, asegurou.&nbsp;<\/p>\n\n\n\n<p>A este respeito, Igrexas apuntou que nas contas do vindeiro 2021 o executivo central apenas consignou unha partida de 200 mil euros para a elaboraci\u00f3n dun novo estudo, cando o anterior superara en 2007 o mill\u00f3n de euros de custe e hoxe se estima que se precisar\u00eda 1,5 mill\u00f3ns de euros. &#8220;Esa \u00e9 a verdade dos n\u00fameros, a de que detr\u00e1s da propaganda e das promesas, s\u00f3 hai fume e a sa\u00edda sur vai volver quedar no caix\u00f3n&#8221;, remachou.<\/p>\n\n\n\n<p><strong>P\u00e9simos orzamentos para Vigo<\/strong><\/p>\n\n\n\n<p>O BNG inscribe esta falla de compromiso cunha conexi\u00f3n ferroviaria &#8220;estrat\u00e9xica para Vigo, para a s\u00faa \u00e1rea e para o conxunto de Galiza&#8221;, dentro duns orzamentos estatais que insisten na discriminaci\u00f3n do noso Pa\u00eds e que desatenden as necesidades da principal cidade galega.&nbsp;<\/p>\n\n\n\n<p>&#8220;PSOE e Podemos ve\u00f1en de votar NON \u00e1s emendas coas que o BNG ped\u00eda que se aumentase en 45,5 mill\u00f3ns de euros o investimento estatal en Vigo. O m\u00e1is grave \u00e9 que parece que o alcalde que presume de defender Vigo por acima de todo bendice este agravio&#8221;, reprochou Igrexas.<\/p>\n","protected":false},"excerpt":{"rendered":"<div class=\"mh-excerpt\"><p>A fronte nacionalista denuncia que nos orzamentos xerais do Estado de PSOE e Podemos, a sa\u00edda sur s\u00f3 ter\u00e1 200 mil euros para elaborar un novo estudo informativo cando o anterior custou m\u00e1is de 1 mill\u00f3n <a class=\"mh-excerpt-more\" href=\"https:\/\/www.anovapeneira.gal\/index.php\/2020\/12\/10\/o-bng-de-vigo-pide-a-abel-caballero-que-deixe-de-mentir-a-cidadania-sobre-a-saida-sur-de-alta-velocidade\/\" title=\"O BNG de Vigo pide a Abel Caballero que deixe de mentir \u00e1 cidadan\u00eda sobre a sa\u00edda sur de alta velocidade\">[&#8230;]<\/a><\/p>\n<\/div>","protected":false},"author":3,"featured_media":575,"comment_status":"open","ping_status":"open","sticky":false,"template":"","format":"standard","meta":{"_exactmetrics_skip_tracking":false,"_exactmetrics_sitenote_active":false,"_exactmetrics_sitenote_note":"","_exactmetrics_sitenote_category":0,"footnotes":""},"categories":[19],"tags":[227],"class_list":{"0":"post-4455","1":"post","2":"type-post","3":"status-publish","4":"format-standard","5":"has-post-thumbnail","7":"category-vigo","8":"tag-concello-de-vigo"},"yoast_head":"<!-- This site is optimized with the Yoast SEO plugin v27.4 - https:\/\/yoast.com\/product\/yoast-seo-wordpress\/ -->\n<title>O BNG de Vigo pide a Abel Caballero que deixe de mentir \u00e1 cidadan\u00eda sobre a sa\u00edda sur de alta velocidade -<\/title>\n<meta name=\"description\" content=\"A fronte nacionalista denuncia que nos orzamentos xerais do Estado de PSOE e Podemos, a sa\u00edda sur s\u00f3 ter\u00e1 200 mil euros para elaborar un novo estudo informativo cando o anterior custou m\u00e1is de 1 mill\u00f3n\" \/>\n<meta name=\"robots\" content=\"index, follow, max-snippet:-1, max-image-preview:large, max-video-preview:-1\" \/>\n<link rel=\"canonical\" href=\"https:\/\/www.anovapeneira.gal\/index.php\/2020\/12\/10\/o-bng-de-vigo-pide-a-abel-caballero-que-deixe-de-mentir-a-cidadania-sobre-a-saida-sur-de-alta-velocidade\/\" \/>\n<meta property=\"og:locale\" content=\"gl_ES\" \/>\n<meta property=\"og:type\" content=\"article\" \/>\n<meta property=\"og:title\" content=\"O BNG de Vigo pide a Abel Caballero que deixe de mentir \u00e1 cidadan\u00eda sobre a sa\u00edda sur de alta velocidade -\" \/>\n<meta property=\"og:description\" content=\"A fronte nacionalista denuncia que nos orzamentos xerais do Estado de PSOE e Podemos, a sa\u00edda sur s\u00f3 ter\u00e1 200 mil euros para elaborar un novo estudo informativo cando o anterior custou m\u00e1is de 1 mill\u00f3n\" \/>\n<meta property=\"og:url\" content=\"https:\/\/www.anovapeneira.gal\/index.php\/2020\/12\/10\/o-bng-de-vigo-pide-a-abel-caballero-que-deixe-de-mentir-a-cidadania-sobre-a-saida-sur-de-alta-velocidade\/\" \/>\n<meta property=\"article:publisher\" content=\"https:\/\/www.facebook.com\/anovapeneira\" \/>\n<meta property=\"article:published_time\" content=\"2020-12-10T09:00:15+00:00\" \/>\n<meta property=\"og:image\" content=\"https:\/\/www.anovapeneira.gal\/wp-content\/uploads\/2019\/07\/bng_logo.jpg\" \/>\n\t<meta property=\"og:image:width\" content=\"720\" \/>\n\t<meta property=\"og:image:height\" content=\"473\" \/>\n\t<meta property=\"og:image:type\" content=\"image\/jpeg\" \/>\n<meta name=\"author\" content=\"Redacci\u00f3n A Nova Peneira\" \/>\n<meta name=\"twitter:card\" content=\"summary_large_image\" \/>\n<meta name=\"twitter:creator\" content=\"@APeneira\" \/>\n<meta name=\"twitter:site\" content=\"@APeneira\" \/>\n<meta name=\"twitter:label1\" content=\"Escrito por\" \/>\n\t<meta name=\"twitter:data1\" content=\"Redacci\u00f3n A Nova Peneira\" \/>\n\t<meta name=\"twitter:label2\" content=\"Tempo de lectura\" \/>\n\t<meta name=\"twitter:data2\" content=\"2 minutos\" \/>\n<script type=\"application\/ld+json\" class=\"yoast-schema-graph\">{\"@context\":\"https:\\\/\\\/schema.org\",\"@graph\":[{\"@type\":\"Article\",\"@id\":\"https:\\\/\\\/www.anovapeneira.gal\\\/index.php\\\/2020\\\/12\\\/10\\\/o-bng-de-vigo-pide-a-abel-caballero-que-deixe-de-mentir-a-cidadania-sobre-a-saida-sur-de-alta-velocidade\\\/#article\",\"isPartOf\":{\"@id\":\"https:\\\/\\\/www.anovapeneira.gal\\\/index.php\\\/2020\\\/12\\\/10\\\/o-bng-de-vigo-pide-a-abel-caballero-que-deixe-de-mentir-a-cidadania-sobre-a-saida-sur-de-alta-velocidade\\\/\"},\"author\":{\"name\":\"Redacci\u00f3n A Nova Peneira\",\"@id\":\"https:\\\/\\\/www.anovapeneira.gal\\\/#\\\/schema\\\/person\\\/b93e3f8932e3f8da96334607eb6ac6aa\"},\"headline\":\"O BNG de Vigo pide a Abel Caballero que deixe de mentir \u00e1 cidadan\u00eda sobre a sa\u00edda sur de alta velocidade\",\"datePublished\":\"2020-12-10T09:00:15+00:00\",\"mainEntityOfPage\":{\"@id\":\"https:\\\/\\\/www.anovapeneira.gal\\\/index.php\\\/2020\\\/12\\\/10\\\/o-bng-de-vigo-pide-a-abel-caballero-que-deixe-de-mentir-a-cidadania-sobre-a-saida-sur-de-alta-velocidade\\\/\"},\"wordCount\":486,\"commentCount\":0,\"publisher\":{\"@id\":\"https:\\\/\\\/www.anovapeneira.gal\\\/#organization\"},\"image\":{\"@id\":\"https:\\\/\\\/www.anovapeneira.gal\\\/index.php\\\/2020\\\/12\\\/10\\\/o-bng-de-vigo-pide-a-abel-caballero-que-deixe-de-mentir-a-cidadania-sobre-a-saida-sur-de-alta-velocidade\\\/#primaryimage\"},\"thumbnailUrl\":\"https:\\\/\\\/www.anovapeneira.gal\\\/wp-content\\\/uploads\\\/2019\\\/07\\\/bng_logo.jpg\",\"keywords\":[\"Concello de Vigo\"],\"articleSection\":[\"Vigo\"],\"inLanguage\":\"gl-ES\",\"potentialAction\":[{\"@type\":\"CommentAction\",\"name\":\"Comment\",\"target\":[\"https:\\\/\\\/www.anovapeneira.gal\\\/index.php\\\/2020\\\/12\\\/10\\\/o-bng-de-vigo-pide-a-abel-caballero-que-deixe-de-mentir-a-cidadania-sobre-a-saida-sur-de-alta-velocidade\\\/#respond\"]}]},{\"@type\":\"WebPage\",\"@id\":\"https:\\\/\\\/www.anovapeneira.gal\\\/index.php\\\/2020\\\/12\\\/10\\\/o-bng-de-vigo-pide-a-abel-caballero-que-deixe-de-mentir-a-cidadania-sobre-a-saida-sur-de-alta-velocidade\\\/\",\"url\":\"https:\\\/\\\/www.anovapeneira.gal\\\/index.php\\\/2020\\\/12\\\/10\\\/o-bng-de-vigo-pide-a-abel-caballero-que-deixe-de-mentir-a-cidadania-sobre-a-saida-sur-de-alta-velocidade\\\/\",\"name\":\"O BNG de Vigo pide a Abel Caballero que deixe de mentir \u00e1 cidadan\u00eda sobre a sa\u00edda sur de alta velocidade -\",\"isPartOf\":{\"@id\":\"https:\\\/\\\/www.anovapeneira.gal\\\/#website\"},\"primaryImageOfPage\":{\"@id\":\"https:\\\/\\\/www.anovapeneira.gal\\\/index.php\\\/2020\\\/12\\\/10\\\/o-bng-de-vigo-pide-a-abel-caballero-que-deixe-de-mentir-a-cidadania-sobre-a-saida-sur-de-alta-velocidade\\\/#primaryimage\"},\"image\":{\"@id\":\"https:\\\/\\\/www.anovapeneira.gal\\\/index.php\\\/2020\\\/12\\\/10\\\/o-bng-de-vigo-pide-a-abel-caballero-que-deixe-de-mentir-a-cidadania-sobre-a-saida-sur-de-alta-velocidade\\\/#primaryimage\"},\"thumbnailUrl\":\"https:\\\/\\\/www.anovapeneira.gal\\\/wp-content\\\/uploads\\\/2019\\\/07\\\/bng_logo.jpg\",\"datePublished\":\"2020-12-10T09:00:15+00:00\",\"description\":\"A fronte nacionalista denuncia que nos orzamentos xerais do Estado de PSOE e Podemos, a sa\u00edda sur s\u00f3 ter\u00e1 200 mil euros para elaborar un novo estudo informativo cando o anterior custou m\u00e1is de 1 mill\u00f3n\",\"breadcrumb\":{\"@id\":\"https:\\\/\\\/www.anovapeneira.gal\\\/index.php\\\/2020\\\/12\\\/10\\\/o-bng-de-vigo-pide-a-abel-caballero-que-deixe-de-mentir-a-cidadania-sobre-a-saida-sur-de-alta-velocidade\\\/#breadcrumb\"},\"inLanguage\":\"gl-ES\",\"potentialAction\":[{\"@type\":\"ReadAction\",\"target\":[\"https:\\\/\\\/www.anovapeneira.gal\\\/index.php\\\/2020\\\/12\\\/10\\\/o-bng-de-vigo-pide-a-abel-caballero-que-deixe-de-mentir-a-cidadania-sobre-a-saida-sur-de-alta-velocidade\\\/\"]}]},{\"@type\":\"ImageObject\",\"inLanguage\":\"gl-ES\",\"@id\":\"https:\\\/\\\/www.anovapeneira.gal\\\/index.php\\\/2020\\\/12\\\/10\\\/o-bng-de-vigo-pide-a-abel-caballero-que-deixe-de-mentir-a-cidadania-sobre-a-saida-sur-de-alta-velocidade\\\/#primaryimage\",\"url\":\"https:\\\/\\\/www.anovapeneira.gal\\\/wp-content\\\/uploads\\\/2019\\\/07\\\/bng_logo.jpg\",\"contentUrl\":\"https:\\\/\\\/www.anovapeneira.gal\\\/wp-content\\\/uploads\\\/2019\\\/07\\\/bng_logo.jpg\",\"width\":720,\"height\":473,\"caption\":\"BNG A Nova Peneira\"},{\"@type\":\"BreadcrumbList\",\"@id\":\"https:\\\/\\\/www.anovapeneira.gal\\\/index.php\\\/2020\\\/12\\\/10\\\/o-bng-de-vigo-pide-a-abel-caballero-que-deixe-de-mentir-a-cidadania-sobre-a-saida-sur-de-alta-velocidade\\\/#breadcrumb\",\"itemListElement\":[{\"@type\":\"ListItem\",\"position\":1,\"name\":\"Portada\",\"item\":\"https:\\\/\\\/www.anovapeneira.gal\\\/\"},{\"@type\":\"ListItem\",\"position\":2,\"name\":\"O BNG de Vigo pide a Abel Caballero que deixe de mentir \u00e1 cidadan\u00eda sobre a sa\u00edda sur de alta velocidade\"}]},{\"@type\":\"WebSite\",\"@id\":\"https:\\\/\\\/www.anovapeneira.gal\\\/#website\",\"url\":\"https:\\\/\\\/www.anovapeneira.gal\\\/\",\"name\":\"\",\"description\":\"Xornal galego de informaci\u00f3n xeral Publicaci\u00f3n mensual de novas de Galicia e en especial dos Concellos da sur da provincia de Pontevedra.\",\"publisher\":{\"@id\":\"https:\\\/\\\/www.anovapeneira.gal\\\/#organization\"},\"potentialAction\":[{\"@type\":\"SearchAction\",\"target\":{\"@type\":\"EntryPoint\",\"urlTemplate\":\"https:\\\/\\\/www.anovapeneira.gal\\\/?s={search_term_string}\"},\"query-input\":{\"@type\":\"PropertyValueSpecification\",\"valueRequired\":true,\"valueName\":\"search_term_string\"}}],\"inLanguage\":\"gl-ES\"},{\"@type\":\"Organization\",\"@id\":\"https:\\\/\\\/www.anovapeneira.gal\\\/#organization\",\"name\":\"A Nova Peneira\",\"url\":\"https:\\\/\\\/www.anovapeneira.gal\\\/\",\"logo\":{\"@type\":\"ImageObject\",\"inLanguage\":\"gl-ES\",\"@id\":\"https:\\\/\\\/www.anovapeneira.gal\\\/#\\\/schema\\\/logo\\\/image\\\/\",\"url\":\"http:\\\/\\\/www.anovapeneira.gal\\\/wp-content\\\/uploads\\\/2019\\\/06\\\/logo_a_nova_peneira_portal_web.png\",\"contentUrl\":\"http:\\\/\\\/www.anovapeneira.gal\\\/wp-content\\\/uploads\\\/2019\\\/06\\\/logo_a_nova_peneira_portal_web.png\",\"width\":300,\"height\":100,\"caption\":\"A Nova Peneira\"},\"image\":{\"@id\":\"https:\\\/\\\/www.anovapeneira.gal\\\/#\\\/schema\\\/logo\\\/image\\\/\"},\"sameAs\":[\"https:\\\/\\\/www.facebook.com\\\/anovapeneira\",\"https:\\\/\\\/x.com\\\/APeneira\"]},{\"@type\":\"Person\",\"@id\":\"https:\\\/\\\/www.anovapeneira.gal\\\/#\\\/schema\\\/person\\\/b93e3f8932e3f8da96334607eb6ac6aa\",\"name\":\"Redacci\u00f3n A Nova Peneira\",\"image\":{\"@type\":\"ImageObject\",\"inLanguage\":\"gl-ES\",\"@id\":\"https:\\\/\\\/secure.gravatar.com\\\/avatar\\\/c052a2551a06e23fac63626232eaa90abd78dbcf1700fc46a2b2c89fd27b735f?s=96&d=mm&r=g\",\"url\":\"https:\\\/\\\/secure.gravatar.com\\\/avatar\\\/c052a2551a06e23fac63626232eaa90abd78dbcf1700fc46a2b2c89fd27b735f?s=96&d=mm&r=g\",\"contentUrl\":\"https:\\\/\\\/secure.gravatar.com\\\/avatar\\\/c052a2551a06e23fac63626232eaa90abd78dbcf1700fc46a2b2c89fd27b735f?s=96&d=mm&r=g\",\"caption\":\"Redacci\u00f3n A Nova Peneira\"},\"sameAs\":[\"http:\\\/\\\/www.anovapeneira.gal\\\/\"],\"url\":\"https:\\\/\\\/www.anovapeneira.gal\\\/index.php\\\/author\\\/redactor\\\/\"}]}<\/script>\n<!-- \/ Yoast SEO plugin. -->","yoast_head_json":{"title":"O BNG de Vigo pide a Abel Caballero que deixe de mentir \u00e1 cidadan\u00eda sobre a sa\u00edda sur de alta velocidade -","description":"A fronte nacionalista denuncia que nos orzamentos xerais do Estado de PSOE e Podemos, a sa\u00edda sur s\u00f3 ter\u00e1 200 mil euros para elaborar un novo estudo informativo cando o anterior custou m\u00e1is de 1 mill\u00f3n","robots":{"index":"index","follow":"follow","max-snippet":"max-snippet:-1","max-image-preview":"max-image-preview:large","max-video-preview":"max-video-preview:-1"},"canonical":"https:\/\/www.anovapeneira.gal\/index.php\/2020\/12\/10\/o-bng-de-vigo-pide-a-abel-caballero-que-deixe-de-mentir-a-cidadania-sobre-a-saida-sur-de-alta-velocidade\/","og_locale":"gl_ES","og_type":"article","og_title":"O BNG de Vigo pide a Abel Caballero que deixe de mentir \u00e1 cidadan\u00eda sobre a sa\u00edda sur de alta velocidade -","og_description":"A fronte nacionalista denuncia que nos orzamentos xerais do Estado de PSOE e Podemos, a sa\u00edda sur s\u00f3 ter\u00e1 200 mil euros para elaborar un novo estudo informativo cando o anterior custou m\u00e1is de 1 mill\u00f3n","og_url":"https:\/\/www.anovapeneira.gal\/index.php\/2020\/12\/10\/o-bng-de-vigo-pide-a-abel-caballero-que-deixe-de-mentir-a-cidadania-sobre-a-saida-sur-de-alta-velocidade\/","article_publisher":"https:\/\/www.facebook.com\/anovapeneira","article_published_time":"2020-12-10T09:00:15+00:00","og_image":[{"width":720,"height":473,"url":"https:\/\/www.anovapeneira.gal\/wp-content\/uploads\/2019\/07\/bng_logo.jpg","type":"image\/jpeg"}],"author":"Redacci\u00f3n A Nova Peneira","twitter_card":"summary_large_image","twitter_creator":"@APeneira","twitter_site":"@APeneira","twitter_misc":{"Escrito por":"Redacci\u00f3n A Nova Peneira","Tempo de lectura":"2 minutos"},"schema":{"@context":"https:\/\/schema.org","@graph":[{"@type":"Article","@id":"https:\/\/www.anovapeneira.gal\/index.php\/2020\/12\/10\/o-bng-de-vigo-pide-a-abel-caballero-que-deixe-de-mentir-a-cidadania-sobre-a-saida-sur-de-alta-velocidade\/#article","isPartOf":{"@id":"https:\/\/www.anovapeneira.gal\/index.php\/2020\/12\/10\/o-bng-de-vigo-pide-a-abel-caballero-que-deixe-de-mentir-a-cidadania-sobre-a-saida-sur-de-alta-velocidade\/"},"author":{"name":"Redacci\u00f3n A Nova Peneira","@id":"https:\/\/www.anovapeneira.gal\/#\/schema\/person\/b93e3f8932e3f8da96334607eb6ac6aa"},"headline":"O BNG de Vigo pide a Abel Caballero que deixe de mentir \u00e1 cidadan\u00eda sobre a sa\u00edda sur de alta velocidade","datePublished":"2020-12-10T09:00:15+00:00","mainEntityOfPage":{"@id":"https:\/\/www.anovapeneira.gal\/index.php\/2020\/12\/10\/o-bng-de-vigo-pide-a-abel-caballero-que-deixe-de-mentir-a-cidadania-sobre-a-saida-sur-de-alta-velocidade\/"},"wordCount":486,"commentCount":0,"publisher":{"@id":"https:\/\/www.anovapeneira.gal\/#organization"},"image":{"@id":"https:\/\/www.anovapeneira.gal\/index.php\/2020\/12\/10\/o-bng-de-vigo-pide-a-abel-caballero-que-deixe-de-mentir-a-cidadania-sobre-a-saida-sur-de-alta-velocidade\/#primaryimage"},"thumbnailUrl":"https:\/\/www.anovapeneira.gal\/wp-content\/uploads\/2019\/07\/bng_logo.jpg","keywords":["Concello de Vigo"],"articleSection":["Vigo"],"inLanguage":"gl-ES","potentialAction":[{"@type":"CommentAction","name":"Comment","target":["https:\/\/www.anovapeneira.gal\/index.php\/2020\/12\/10\/o-bng-de-vigo-pide-a-abel-caballero-que-deixe-de-mentir-a-cidadania-sobre-a-saida-sur-de-alta-velocidade\/#respond"]}]},{"@type":"WebPage","@id":"https:\/\/www.anovapeneira.gal\/index.php\/2020\/12\/10\/o-bng-de-vigo-pide-a-abel-caballero-que-deixe-de-mentir-a-cidadania-sobre-a-saida-sur-de-alta-velocidade\/","url":"https:\/\/www.anovapeneira.gal\/index.php\/2020\/12\/10\/o-bng-de-vigo-pide-a-abel-caballero-que-deixe-de-mentir-a-cidadania-sobre-a-saida-sur-de-alta-velocidade\/","name":"O BNG de Vigo pide a Abel Caballero que deixe de mentir \u00e1 cidadan\u00eda sobre a sa\u00edda sur de alta velocidade -","isPartOf":{"@id":"https:\/\/www.anovapeneira.gal\/#website"},"primaryImageOfPage":{"@id":"https:\/\/www.anovapeneira.gal\/index.php\/2020\/12\/10\/o-bng-de-vigo-pide-a-abel-caballero-que-deixe-de-mentir-a-cidadania-sobre-a-saida-sur-de-alta-velocidade\/#primaryimage"},"image":{"@id":"https:\/\/www.anovapeneira.gal\/index.php\/2020\/12\/10\/o-bng-de-vigo-pide-a-abel-caballero-que-deixe-de-mentir-a-cidadania-sobre-a-saida-sur-de-alta-velocidade\/#primaryimage"},"thumbnailUrl":"https:\/\/www.anovapeneira.gal\/wp-content\/uploads\/2019\/07\/bng_logo.jpg","datePublished":"2020-12-10T09:00:15+00:00","description":"A fronte nacionalista denuncia que nos orzamentos xerais do Estado de PSOE e Podemos, a sa\u00edda sur s\u00f3 ter\u00e1 200 mil euros para elaborar un novo estudo informativo cando o anterior custou m\u00e1is de 1 mill\u00f3n","breadcrumb":{"@id":"https:\/\/www.anovapeneira.gal\/index.php\/2020\/12\/10\/o-bng-de-vigo-pide-a-abel-caballero-que-deixe-de-mentir-a-cidadania-sobre-a-saida-sur-de-alta-velocidade\/#breadcrumb"},"inLanguage":"gl-ES","potentialAction":[{"@type":"ReadAction","target":["https:\/\/www.anovapeneira.gal\/index.php\/2020\/12\/10\/o-bng-de-vigo-pide-a-abel-caballero-que-deixe-de-mentir-a-cidadania-sobre-a-saida-sur-de-alta-velocidade\/"]}]},{"@type":"ImageObject","inLanguage":"gl-ES","@id":"https:\/\/www.anovapeneira.gal\/index.php\/2020\/12\/10\/o-bng-de-vigo-pide-a-abel-caballero-que-deixe-de-mentir-a-cidadania-sobre-a-saida-sur-de-alta-velocidade\/#primaryimage","url":"https:\/\/www.anovapeneira.gal\/wp-content\/uploads\/2019\/07\/bng_logo.jpg","contentUrl":"https:\/\/www.anovapeneira.gal\/wp-content\/uploads\/2019\/07\/bng_logo.jpg","width":720,"height":473,"caption":"BNG A Nova Peneira"},{"@type":"BreadcrumbList","@id":"https:\/\/www.anovapeneira.gal\/index.php\/2020\/12\/10\/o-bng-de-vigo-pide-a-abel-caballero-que-deixe-de-mentir-a-cidadania-sobre-a-saida-sur-de-alta-velocidade\/#breadcrumb","itemListElement":[{"@type":"ListItem","position":1,"name":"Portada","item":"https:\/\/www.anovapeneira.gal\/"},{"@type":"ListItem","position":2,"name":"O BNG de Vigo pide a Abel Caballero que deixe de mentir \u00e1 cidadan\u00eda sobre a sa\u00edda sur de alta velocidade"}]},{"@type":"WebSite","@id":"https:\/\/www.anovapeneira.gal\/#website","url":"https:\/\/www.anovapeneira.gal\/","name":"","description":"Xornal galego de informaci\u00f3n xeral Publicaci\u00f3n mensual de novas de Galicia e en especial dos Concellos da sur da provincia de Pontevedra.","publisher":{"@id":"https:\/\/www.anovapeneira.gal\/#organization"},"potentialAction":[{"@type":"SearchAction","target":{"@type":"EntryPoint","urlTemplate":"https:\/\/www.anovapeneira.gal\/?s={search_term_string}"},"query-input":{"@type":"PropertyValueSpecification","valueRequired":true,"valueName":"search_term_string"}}],"inLanguage":"gl-ES"},{"@type":"Organization","@id":"https:\/\/www.anovapeneira.gal\/#organization","name":"A Nova Peneira","url":"https:\/\/www.anovapeneira.gal\/","logo":{"@type":"ImageObject","inLanguage":"gl-ES","@id":"https:\/\/www.anovapeneira.gal\/#\/schema\/logo\/image\/","url":"http:\/\/www.anovapeneira.gal\/wp-content\/uploads\/2019\/06\/logo_a_nova_peneira_portal_web.png","contentUrl":"http:\/\/www.anovapeneira.gal\/wp-content\/uploads\/2019\/06\/logo_a_nova_peneira_portal_web.png","width":300,"height":100,"caption":"A Nova Peneira"},"image":{"@id":"https:\/\/www.anovapeneira.gal\/#\/schema\/logo\/image\/"},"sameAs":["https:\/\/www.facebook.com\/anovapeneira","https:\/\/x.com\/APeneira"]},{"@type":"Person","@id":"https:\/\/www.anovapeneira.gal\/#\/schema\/person\/b93e3f8932e3f8da96334607eb6ac6aa","name":"Redacci\u00f3n A Nova Peneira","image":{"@type":"ImageObject","inLanguage":"gl-ES","@id":"https:\/\/secure.gravatar.com\/avatar\/c052a2551a06e23fac63626232eaa90abd78dbcf1700fc46a2b2c89fd27b735f?s=96&d=mm&r=g","url":"https:\/\/secure.gravatar.com\/avatar\/c052a2551a06e23fac63626232eaa90abd78dbcf1700fc46a2b2c89fd27b735f?s=96&d=mm&r=g","contentUrl":"https:\/\/secure.gravatar.com\/avatar\/c052a2551a06e23fac63626232eaa90abd78dbcf1700fc46a2b2c89fd27b735f?s=96&d=mm&r=g","caption":"Redacci\u00f3n A Nova Peneira"},"sameAs":["http:\/\/www.anovapeneira.gal\/"],"url":"https:\/\/www.anovapeneira.gal\/index.php\/author\/redactor\/"}]}},"jetpack_featured_media_url":"https:\/\/www.anovapeneira.gal\/wp-content\/uploads\/2019\/07\/bng_logo.jpg","_links":{"self":[{"href":"https:\/\/www.anovapeneira.gal\/index.php\/wp-json\/wp\/v2\/posts\/4455","targetHints":{"allow":["GET"]}}],"collection":[{"href":"https:\/\/www.anovapeneira.gal\/index.php\/wp-json\/wp\/v2\/posts"}],"about":[{"href":"https:\/\/www.anovapeneira.gal\/index.php\/wp-json\/wp\/v2\/types\/post"}],"author":[{"embeddable":true,"href":"https:\/\/www.anovapeneira.gal\/index.php\/wp-json\/wp\/v2\/users\/3"}],"replies":[{"embeddable":true,"href":"https:\/\/www.anovapeneira.gal\/index.php\/wp-json\/wp\/v2\/comments?post=4455"}],"version-history":[{"count":1,"href":"https:\/\/www.anovapeneira.gal\/index.php\/wp-json\/wp\/v2\/posts\/4455\/revisions"}],"predecessor-version":[{"id":4456,"href":"https:\/\/www.anovapeneira.gal\/index.php\/wp-json\/wp\/v2\/posts\/4455\/revisions\/4456"}],"wp:featuredmedia":[{"embeddable":true,"href":"https:\/\/www.anovapeneira.gal\/index.php\/wp-json\/wp\/v2\/media\/575"}],"wp:attachment":[{"href":"https:\/\/www.anovapeneira.gal\/index.php\/wp-json\/wp\/v2\/media?parent=4455"}],"wp:term":[{"taxonomy":"category","embeddable":true,"href":"https:\/\/www.anovapeneira.gal\/index.php\/wp-json\/wp\/v2\/categories?post=4455"},{"taxonomy":"post_tag","embeddable":true,"href":"https:\/\/www.anovapeneira.gal\/index.php\/wp-json\/wp\/v2\/tags?post=4455"}],"curies":[{"name":"wp","href":"https:\/\/api.w.org\/{rel}","templated":true}]}}