{"id":4457,"date":"2020-12-10T12:00:43","date_gmt":"2020-12-10T11:00:43","guid":{"rendered":"http:\/\/www.anovapeneira.gal\/?p=4457"},"modified":"2020-12-10T16:13:41","modified_gmt":"2020-12-10T15:13:41","slug":"andres-giraldez-rio-monicreceiro","status":"publish","type":"post","link":"https:\/\/www.anovapeneira.gal\/index.php\/2020\/12\/10\/andres-giraldez-rio-monicreceiro\/","title":{"rendered":"Andr\u00e9s Gir\u00e1ldez R\u00edo; Monicrequeiro"},"content":{"rendered":"\n<h2 class=\"wp-block-heading\"><strong>Na nosa viaxe polo universo cultural da Vila de Redondela non pod\u00edamos deixar de falar con Andr\u00e9s. El def\u00ednese como \u201c monicrequeiro\u201d pero \u00e9 un artista multidisciplinar entre cuxas facetas temos que salientar que \u00e9 membro de \u201cTanxarina\u201d, e un importante actor que d\u00e1 vida ao famoso \u201cpeixe\u201d de Serramoura. Velai vai o que deu de si a nosa charla<\/strong><\/h2>\n\n\n\n<p>\u201c<strong>O SECTOR CULTURAL TEN MOIT\u00cdSIMO QUE DICIR, E NON PODE NIN DEBE SER AGOCHADO\u201d<\/strong><\/p>\n\n\n\n<p><strong>Como \u00e9 que un administrativo acaba no mundo dos monicreques?<\/strong><\/p>\n\n\n\n<blockquote class=\"wp-block-quote is-layout-flow wp-block-quote-is-layout-flow\"><p>Este mundo a min sempre me gustou, de feito eu a Tat\u00e1n co\u00f1\u00e9zoo de toda a vida. El e Miguel foron os que pensaron en min para Tanxarina. Eu, naquel momento estaba estudando enolox\u00eda e cando me chamaron non o pensei.<\/p><\/blockquote>\n\n\n\n<p><strong>De que ano estamos falando?<\/strong><\/p>\n\n\n\n<blockquote class=\"wp-block-quote is-layout-flow wp-block-quote-is-layout-flow\"><p>Creo que de 1.995. Daquela eu xa ti\u00f1a unha relaci\u00f3n importante con este mundo, e xa sab\u00eda que ga\u00f1ar a vida s\u00f3 cos monicreques \u00e9 moi complicado. Pero aqu\u00cd temos a TANXARINA<\/p><\/blockquote>\n\n\n\n<p><strong>Ben, supo\u00f1o que tam\u00e9n influ\u00edu que boa parte da t\u00faa familia se dedica ao mundo da arte?<\/strong><\/p>\n\n\n\n<blockquote class=\"wp-block-quote is-layout-flow wp-block-quote-is-layout-flow\"><p>Si, desde logo que si.<\/p><\/blockquote>\n\n\n\n<p><strong>En que faceta est\u00e1s m\u00e1is c\u00f3modo, como actor ou como monicrequeiro?<\/strong><\/p>\n\n\n\n<blockquote class=\"wp-block-quote is-layout-flow wp-block-quote-is-layout-flow\"><p>En realidade est\u00e1 todo moi unido. De feito a forma de traballar de Tanxarina \u00e9 indisoluble da faceta actoral. Somos actores monicrequeiros<\/p><\/blockquote>\n\n\n\n<p><strong>Fix\u00e9che un curso cun Mestre chino?<\/strong><\/p>\n\n\n\n<blockquote class=\"wp-block-quote is-layout-flow wp-block-quote-is-layout-flow\"><p>Si, con Yang Feng. Un curso de manipulaci\u00f3n de monicreques de luva. A verdade \u00e9 que eles son especialistas en t\u00e9cnicas concretas e desde moi novos pratcican moit\u00edsimas horas e rematan por acadar un nivel moi elevado.<\/p><\/blockquote>\n\n\n\n<p><strong>Algo v\u00f3s debeu de quedar, pois v\u00f3s interatuades cos monicreques?<\/strong><\/p>\n\n\n\n<blockquote class=\"wp-block-quote is-layout-flow wp-block-quote-is-layout-flow\"><p>Si, ese \u00e9 un sinal de identidade de Tanxarina<\/p><\/blockquote>\n\n\n\n<p><strong>Nunha ocasi\u00f3n tiven a oportunidade de ver un espect\u00e1culo voso en Espa\u00f1a, e, eu que estaba afeito a escoitarvos en galego pois sentinme un pouco estrano ao ver o voso espect\u00e1culo en castel\u00e1n. E v\u00f3s?<\/strong><\/p>\n\n\n\n<blockquote class=\"wp-block-quote is-layout-flow wp-block-quote-is-layout-flow\"><p>Os nosos espect\u00e1culos sempre nacen en galego. Iso \u00e9 as\u00ed e sempre vai seguir sendo as\u00ed.Cando sa\u00edmos de Galicia o que facemos \u00e9 darlle unha volta ao espect\u00e1culo para interpretalo noutro idioma, pois unha traducci\u00f3n literal non se pode facer, xa que, de ser, as\u00ed parte do sentido se perder\u00eda.<\/p><\/blockquote>\n\n\n\n<p><strong>Un dos primeiros traballos para a TVG foi un monicreque. Estaba no Xabar\u00edn Club?<\/strong><\/p>\n\n\n\n<blockquote class=\"wp-block-quote is-layout-flow wp-block-quote-is-layout-flow\"><p>Si, foi \u201cFroil\u00e1n o Celta\u201d.Constru\u00edmolo aqu\u00ed no taller.Estaba tam\u00e9n o meu irm\u00e1n Pastor.Foi un encargo que nos fixeron da TVG e o dese\u00f1o foi de V\u00edctor Coyote.A experiencia de construcci\u00f3n e manipulaci\u00f3n nun programa piloto que se fixo foi moi agradable, a\u00ednda que despois non fose a m\u00e1is, pas\u00e1molo moi ben.<\/p><\/blockquote>\n\n\n\n<p><strong>Ent\u00f3n seguro que ti xa asinaches a petici\u00f3n dunha canle xabar\u00edn?<\/strong><\/p>\n\n\n\n<blockquote class=\"wp-block-quote is-layout-flow wp-block-quote-is-layout-flow\"><p>Ha ha ha ha, desde logo que si.<\/p><\/blockquote>\n\n\n\n<p><strong>Os dese\u00f1os dos carteis de Tanxarina son do teu irm\u00e1n Pastor, non?<\/strong><\/p>\n\n\n\n<blockquote class=\"wp-block-quote is-layout-flow wp-block-quote-is-layout-flow\"><p>Si, son todos del.<\/p><\/blockquote>\n\n\n\n<p><strong>Creo que podemos dicir que es un artista poli\u00e9drico, tes feita unha pel\u00edcula e d\u00faas curtas?<\/strong><\/p>\n\n\n\n<blockquote class=\"wp-block-quote is-layout-flow wp-block-quote-is-layout-flow\"><p>Home, non sei se poli\u00e9drico. Eu paseino ben traballando en , \u201cHero\u00edna\u201d que \u00e9 a pel\u00edcula e nas d\u00faas curtas que son \u201cConfusi\u00f3n\u201d e \u201cFuera de la ley\u201d.E tam\u00e9n te\u00f1o feito cousas con Cuchi Carreira<\/p><\/blockquote>\n\n\n\n<p><strong>Hero\u00edna tivo algo que ver na t\u00faa participaci\u00f3n en Serramoura?<\/strong><\/p>\n\n\n\n<blockquote class=\"wp-block-quote is-layout-flow wp-block-quote-is-layout-flow\"><p>Si. Creo que a directora de casting era a mesma. Precisaban un perfil que lles encaixara nun personaxe que tivera problemas de adicci\u00f3n \u00e1s drogas e lembr\u00e1ronse de min. Nun principio era un personaxe epis\u00f3dico pero seica tivo unha gran aceptaci\u00f3n nos espectadores e finalmente quedou de personaxe fixo na serie.De feito tivo tanto \u00e9xito a serie, que, cando rematou, decidiron facer unha serie derivada, na que tam\u00e9n entraba o personaxe de \u201cPeixe\u201d que \u00e9 o meu e que se est\u00e1 retransmitindo agora.<\/p><\/blockquote>\n\n\n\n<p><strong>Creo que ambas producci\u00f3ns te\u00f1en un enorme \u00e9xito, incluso internacional?<\/strong><\/p>\n\n\n\n<blockquote class=\"wp-block-quote is-layout-flow wp-block-quote-is-layout-flow\"><p>Pois si, seica \u00e9 especialmente significativo en Arxentina<\/p><\/blockquote>\n\n\n\n<p><strong>Non che importa que che cualifiquen no papel de drogadicto?<\/strong><\/p>\n\n\n\n<blockquote class=\"wp-block-quote is-layout-flow wp-block-quote-is-layout-flow\"><p>Non, no me importa o m\u00e1is m\u00ednimo. Este personaxe en concreto ten un punto, tanto canalla como algareiro, que \u00e9 moi agradable, e engancha ao espectador.<\/p><\/blockquote>\n\n\n\n<p><strong>O personaxe de Peixe ten unha p\u00f3la de inocencia que pode chegar a ser ata entra\u00f1able. \u00c9o ou faillo?<\/strong><\/p>\n\n\n\n<blockquote class=\"wp-block-quote is-layout-flow wp-block-quote-is-layout-flow\"><p>Como di el: \u201dEu son tonto pero non son imb\u00e9cil\u201d<\/p><\/blockquote>\n\n\n\n<p><strong>Ti es unha persoa cualificada para opinar da situaci\u00f3n da TVG, que nos dis?<\/strong><\/p>\n\n\n\n<blockquote class=\"wp-block-quote is-layout-flow wp-block-quote-is-layout-flow\"><p>Pois que eu sempre estarei en contra da explotaci\u00f3n e a prol dos explotados, e desde logo que estou contra calquera tipo de veto por cuesti\u00f3ns ideol\u00f3xicas<\/p><\/blockquote>\n\n\n\n<p><strong>Por que se deixaron de retransmitir os premios Mar\u00eda Casares ou Mestre Mateo?<\/strong><\/p>\n\n\n\n<blockquote class=\"wp-block-quote is-layout-flow wp-block-quote-is-layout-flow\"><p>Eu conf\u00edo en que o antes posible todos os que te\u00f1an ou vaian ter responsabilidades na TVG se decaten de que a televisi\u00f3n p\u00fablica \u00e9 un servizo p\u00fablico que ten que reflectir de maneira fidedigna a pluralidade que existe na sociedade.E m\u00e1is no que se refire \u00e1 cultura que ten moit\u00edsimo que dicir e non pode ser ocultada.<\/p><\/blockquote>\n\n\n\n<p><strong>Eu creo que os actores e actrices de Galicia est\u00e1n nun momento \u00f3ptimo en canto a s\u00faa valoraci\u00f3n , ti que pensas?<\/strong><\/p>\n\n\n\n<blockquote class=\"wp-block-quote is-layout-flow wp-block-quote-is-layout-flow\"><p>Eu considero que ven desde \u201cFari\u00f1a\u201d, al\u00ed comezouse a ollar para o inmenso potencial de talento que hai nos actores e actrices de Galicia.De feito na escola de arte dram\u00e1tico de Vigo est\u00e1n a sa\u00edr profesionais de moi alto nivel.<\/p><\/blockquote>\n\n\n\n<p><strong>Ben, e agora quixera entrar na t\u00faa parte un pouco m\u00e1is int\u00edma. Que importancia ten a contorna da carambola na t\u00faa vida?<\/strong><\/p>\n\n\n\n<blockquote class=\"wp-block-quote is-layout-flow wp-block-quote-is-layout-flow\"><p>Enorme, de al\u00ed son e al\u00ed quixera rematar os meus d\u00edas?<\/p><\/blockquote>\n\n\n\n<p><strong>Ti tam\u00e9n es unha persoa moi sensible co coidado da natureza?<\/strong><\/p>\n\n\n\n<blockquote class=\"wp-block-quote is-layout-flow wp-block-quote-is-layout-flow\"><p>Si, a verdade \u00e9 que si. Xa desde moi novo te\u00f1o v\u00edculaci\u00f3n con grupos ecoloxistas. Agora xa non estou tan activo como cando era m\u00e1is novo, pero boto unha man sempre que poido.De feito quixera dicir que me fixen vegano, que entendo que \u00e9 unha opci\u00f3n moi relevante, se a adoptara moita xente, para contribuir \u00e1 conservaci\u00f3n do planeta.<\/p><\/blockquote>\n\n\n\n<p><strong>O ecoloxismo \u00e9 un sinal de identidade do teu eu \u00edntimo, pero eu creo que o activismo en xeral, tam\u00e9n, verdade?<\/strong><\/p>\n\n\n\n<blockquote class=\"wp-block-quote is-layout-flow wp-block-quote-is-layout-flow\"><p>Ben , eu colaboro con distintos colectivos si. A organizaci\u00f3n da sociedade civil \u00e9 a mellor forma, entendo eu, de acadar melloras sociais e de contribuirmos \u00e1 construci\u00f3n de realidades m\u00e1is xustas.<\/p><\/blockquote>\n\n\n\n<p><strong>Unha curiosidade, Quen che meteu en \u201cSinha Paca\u201d?, seguro que foi Fon?<\/strong><\/p>\n\n\n\n<blockquote class=\"wp-block-quote is-layout-flow wp-block-quote-is-layout-flow\"><p>Ha ha ha ha.Non te equivocas, foi Fon, si. A verdade \u00e9 que ese colectivo foi moi importante na nosa vila, e ins\u00edrese na important\u00edsima tradici\u00f3n cultural de Redondela de termos un tecido asociativo enormemente robusto.<\/p><\/blockquote>\n\n\n\n<p><strong>Tes alg\u00fan proxecto futuro que nos poidas adiantar?<\/strong><\/p>\n\n\n\n<blockquote class=\"wp-block-quote is-layout-flow wp-block-quote-is-layout-flow\"><p>Eu son monicrequeiro. Eu estou en Tanxarina e logo o que ve\u00f1a pois benvido ser\u00e1. Por\u00e9n si que quixera salientar que estivemos grabando un peque\u00f1o documental sobre a memoria hist\u00f3rica, no que colabora a DEP, e ent\u00e9ndoo como unha aposta moi interesante. Grabamos na Illa de San Sim\u00f3n e foi unha experiencia extraordinaria. E en Tanxarina estamos a preparar un espect\u00e1culo novo que agardo podermos estrear en maio.<\/p><\/blockquote>\n","protected":false},"excerpt":{"rendered":"<div class=\"mh-excerpt\"><p>Na nosa viaxe polo universo cultural da Vila de Redondela non pod\u00edamos deixar de falar con Andr\u00e9s. El def\u00ednese como \u201c monicrequeiro\u201d pero \u00e9 un artista multidisciplinar entre cuxas facetas temos que salientar que \u00e9 membro de \u201cTanxarina\u201d, e un importante actor que d\u00e1 vida ao famoso \u201cpeixe\u201d de Serramoura. Velai vai o que deu de si a nosa charla <a class=\"mh-excerpt-more\" href=\"https:\/\/www.anovapeneira.gal\/index.php\/2020\/12\/10\/andres-giraldez-rio-monicreceiro\/\" title=\"Andr\u00e9s Gir\u00e1ldez R\u00edo; Monicrequeiro\">[&#8230;]<\/a><\/p>\n<\/div>","protected":false},"author":3,"featured_media":4458,"comment_status":"open","ping_status":"open","sticky":false,"template":"","format":"standard","meta":{"_exactmetrics_skip_tracking":false,"_exactmetrics_sitenote_active":false,"_exactmetrics_sitenote_note":"","_exactmetrics_sitenote_category":0,"footnotes":""},"categories":[270],"tags":[1215],"class_list":{"0":"post-4457","1":"post","2":"type-post","3":"status-publish","4":"format-standard","5":"has-post-thumbnail","7":"category-redondela-entrevistas","8":"tag-conejo-de-redondela"},"yoast_head":"<!-- This site is optimized with the Yoast SEO plugin v27.4 - https:\/\/yoast.com\/product\/yoast-seo-wordpress\/ -->\n<title>Andr\u00e9s Gir\u00e1ldez R\u00edo; Monicrequeiro -<\/title>\n<meta name=\"description\" content=\"Na nosa viaxe polo universo cultural da Vila de Redondela non pod\u00edamos deixar de falar con Andr\u00e9s. El def\u00ednese como \u201c monicrequeiro\u201d pero \u00e9 un artista multidisciplinar entre cuxas facetas temos que salientar que \u00e9 membro de \u201cTanxarina\u201d, e un importante actor que d\u00e1 vida ao famoso \u201cpeixe\u201d de Serramoura. Velai vai o que deu de si a nosa charla\" \/>\n<meta name=\"robots\" content=\"index, follow, max-snippet:-1, max-image-preview:large, max-video-preview:-1\" \/>\n<link rel=\"canonical\" href=\"https:\/\/www.anovapeneira.gal\/index.php\/2020\/12\/10\/andres-giraldez-rio-monicreceiro\/\" \/>\n<meta property=\"og:locale\" content=\"gl_ES\" \/>\n<meta property=\"og:type\" content=\"article\" \/>\n<meta property=\"og:title\" content=\"Andr\u00e9s Gir\u00e1ldez R\u00edo; Monicrequeiro -\" \/>\n<meta property=\"og:description\" content=\"Na nosa viaxe polo universo cultural da Vila de Redondela non pod\u00edamos deixar de falar con Andr\u00e9s. El def\u00ednese como \u201c monicrequeiro\u201d pero \u00e9 un artista multidisciplinar entre cuxas facetas temos que salientar que \u00e9 membro de \u201cTanxarina\u201d, e un importante actor que d\u00e1 vida ao famoso \u201cpeixe\u201d de Serramoura. Velai vai o que deu de si a nosa charla\" \/>\n<meta property=\"og:url\" content=\"https:\/\/www.anovapeneira.gal\/index.php\/2020\/12\/10\/andres-giraldez-rio-monicreceiro\/\" \/>\n<meta property=\"article:publisher\" content=\"https:\/\/www.facebook.com\/anovapeneira\" \/>\n<meta property=\"article:published_time\" content=\"2020-12-10T11:00:43+00:00\" \/>\n<meta property=\"article:modified_time\" content=\"2020-12-10T15:13:41+00:00\" \/>\n<meta property=\"og:image\" content=\"https:\/\/www.anovapeneira.gal\/wp-content\/uploads\/2020\/12\/monicrequeiro_redondela.jpg\" \/>\n\t<meta property=\"og:image:width\" content=\"720\" \/>\n\t<meta property=\"og:image:height\" content=\"432\" \/>\n\t<meta property=\"og:image:type\" content=\"image\/jpeg\" \/>\n<meta name=\"author\" content=\"Redacci\u00f3n A Nova Peneira\" \/>\n<meta name=\"twitter:card\" content=\"summary_large_image\" \/>\n<meta name=\"twitter:creator\" content=\"@APeneira\" \/>\n<meta name=\"twitter:site\" content=\"@APeneira\" \/>\n<meta name=\"twitter:label1\" content=\"Escrito por\" \/>\n\t<meta name=\"twitter:data1\" content=\"Redacci\u00f3n A Nova Peneira\" \/>\n\t<meta name=\"twitter:label2\" content=\"Tempo de lectura\" \/>\n\t<meta name=\"twitter:data2\" content=\"6 minutos\" \/>\n<script type=\"application\/ld+json\" class=\"yoast-schema-graph\">{\"@context\":\"https:\\\/\\\/schema.org\",\"@graph\":[{\"@type\":\"Article\",\"@id\":\"https:\\\/\\\/www.anovapeneira.gal\\\/index.php\\\/2020\\\/12\\\/10\\\/andres-giraldez-rio-monicreceiro\\\/#article\",\"isPartOf\":{\"@id\":\"https:\\\/\\\/www.anovapeneira.gal\\\/index.php\\\/2020\\\/12\\\/10\\\/andres-giraldez-rio-monicreceiro\\\/\"},\"author\":{\"name\":\"Redacci\u00f3n A Nova Peneira\",\"@id\":\"https:\\\/\\\/www.anovapeneira.gal\\\/#\\\/schema\\\/person\\\/b93e3f8932e3f8da96334607eb6ac6aa\"},\"headline\":\"Andr\u00e9s Gir\u00e1ldez R\u00edo; Monicrequeiro\",\"datePublished\":\"2020-12-10T11:00:43+00:00\",\"dateModified\":\"2020-12-10T15:13:41+00:00\",\"mainEntityOfPage\":{\"@id\":\"https:\\\/\\\/www.anovapeneira.gal\\\/index.php\\\/2020\\\/12\\\/10\\\/andres-giraldez-rio-monicreceiro\\\/\"},\"wordCount\":1259,\"commentCount\":0,\"publisher\":{\"@id\":\"https:\\\/\\\/www.anovapeneira.gal\\\/#organization\"},\"image\":{\"@id\":\"https:\\\/\\\/www.anovapeneira.gal\\\/index.php\\\/2020\\\/12\\\/10\\\/andres-giraldez-rio-monicreceiro\\\/#primaryimage\"},\"thumbnailUrl\":\"https:\\\/\\\/www.anovapeneira.gal\\\/wp-content\\\/uploads\\\/2020\\\/12\\\/monicrequeiro_redondela.jpg\",\"keywords\":[\"Conejo de Redondela\"],\"articleSection\":[\"Redondela\"],\"inLanguage\":\"gl-ES\",\"potentialAction\":[{\"@type\":\"CommentAction\",\"name\":\"Comment\",\"target\":[\"https:\\\/\\\/www.anovapeneira.gal\\\/index.php\\\/2020\\\/12\\\/10\\\/andres-giraldez-rio-monicreceiro\\\/#respond\"]}]},{\"@type\":\"WebPage\",\"@id\":\"https:\\\/\\\/www.anovapeneira.gal\\\/index.php\\\/2020\\\/12\\\/10\\\/andres-giraldez-rio-monicreceiro\\\/\",\"url\":\"https:\\\/\\\/www.anovapeneira.gal\\\/index.php\\\/2020\\\/12\\\/10\\\/andres-giraldez-rio-monicreceiro\\\/\",\"name\":\"Andr\u00e9s Gir\u00e1ldez R\u00edo; Monicrequeiro -\",\"isPartOf\":{\"@id\":\"https:\\\/\\\/www.anovapeneira.gal\\\/#website\"},\"primaryImageOfPage\":{\"@id\":\"https:\\\/\\\/www.anovapeneira.gal\\\/index.php\\\/2020\\\/12\\\/10\\\/andres-giraldez-rio-monicreceiro\\\/#primaryimage\"},\"image\":{\"@id\":\"https:\\\/\\\/www.anovapeneira.gal\\\/index.php\\\/2020\\\/12\\\/10\\\/andres-giraldez-rio-monicreceiro\\\/#primaryimage\"},\"thumbnailUrl\":\"https:\\\/\\\/www.anovapeneira.gal\\\/wp-content\\\/uploads\\\/2020\\\/12\\\/monicrequeiro_redondela.jpg\",\"datePublished\":\"2020-12-10T11:00:43+00:00\",\"dateModified\":\"2020-12-10T15:13:41+00:00\",\"description\":\"Na nosa viaxe polo universo cultural da Vila de Redondela non pod\u00edamos deixar de falar con Andr\u00e9s. El def\u00ednese como \u201c monicrequeiro\u201d pero \u00e9 un artista multidisciplinar entre cuxas facetas temos que salientar que \u00e9 membro de \u201cTanxarina\u201d, e un importante actor que d\u00e1 vida ao famoso \u201cpeixe\u201d de Serramoura. Velai vai o que deu de si a nosa charla\",\"breadcrumb\":{\"@id\":\"https:\\\/\\\/www.anovapeneira.gal\\\/index.php\\\/2020\\\/12\\\/10\\\/andres-giraldez-rio-monicreceiro\\\/#breadcrumb\"},\"inLanguage\":\"gl-ES\",\"potentialAction\":[{\"@type\":\"ReadAction\",\"target\":[\"https:\\\/\\\/www.anovapeneira.gal\\\/index.php\\\/2020\\\/12\\\/10\\\/andres-giraldez-rio-monicreceiro\\\/\"]}]},{\"@type\":\"ImageObject\",\"inLanguage\":\"gl-ES\",\"@id\":\"https:\\\/\\\/www.anovapeneira.gal\\\/index.php\\\/2020\\\/12\\\/10\\\/andres-giraldez-rio-monicreceiro\\\/#primaryimage\",\"url\":\"https:\\\/\\\/www.anovapeneira.gal\\\/wp-content\\\/uploads\\\/2020\\\/12\\\/monicrequeiro_redondela.jpg\",\"contentUrl\":\"https:\\\/\\\/www.anovapeneira.gal\\\/wp-content\\\/uploads\\\/2020\\\/12\\\/monicrequeiro_redondela.jpg\",\"width\":720,\"height\":432,\"caption\":\"ANDR\u00c9S GIR\u00c1LDEZ MONICREQUEIRO DE REDONDELA\"},{\"@type\":\"BreadcrumbList\",\"@id\":\"https:\\\/\\\/www.anovapeneira.gal\\\/index.php\\\/2020\\\/12\\\/10\\\/andres-giraldez-rio-monicreceiro\\\/#breadcrumb\",\"itemListElement\":[{\"@type\":\"ListItem\",\"position\":1,\"name\":\"Portada\",\"item\":\"https:\\\/\\\/www.anovapeneira.gal\\\/\"},{\"@type\":\"ListItem\",\"position\":2,\"name\":\"Andr\u00e9s Gir\u00e1ldez R\u00edo; Monicrequeiro\"}]},{\"@type\":\"WebSite\",\"@id\":\"https:\\\/\\\/www.anovapeneira.gal\\\/#website\",\"url\":\"https:\\\/\\\/www.anovapeneira.gal\\\/\",\"name\":\"\",\"description\":\"Xornal galego de informaci\u00f3n xeral Publicaci\u00f3n mensual de novas de Galicia e en especial dos Concellos da sur da provincia de Pontevedra.\",\"publisher\":{\"@id\":\"https:\\\/\\\/www.anovapeneira.gal\\\/#organization\"},\"potentialAction\":[{\"@type\":\"SearchAction\",\"target\":{\"@type\":\"EntryPoint\",\"urlTemplate\":\"https:\\\/\\\/www.anovapeneira.gal\\\/?s={search_term_string}\"},\"query-input\":{\"@type\":\"PropertyValueSpecification\",\"valueRequired\":true,\"valueName\":\"search_term_string\"}}],\"inLanguage\":\"gl-ES\"},{\"@type\":\"Organization\",\"@id\":\"https:\\\/\\\/www.anovapeneira.gal\\\/#organization\",\"name\":\"A Nova Peneira\",\"url\":\"https:\\\/\\\/www.anovapeneira.gal\\\/\",\"logo\":{\"@type\":\"ImageObject\",\"inLanguage\":\"gl-ES\",\"@id\":\"https:\\\/\\\/www.anovapeneira.gal\\\/#\\\/schema\\\/logo\\\/image\\\/\",\"url\":\"http:\\\/\\\/www.anovapeneira.gal\\\/wp-content\\\/uploads\\\/2019\\\/06\\\/logo_a_nova_peneira_portal_web.png\",\"contentUrl\":\"http:\\\/\\\/www.anovapeneira.gal\\\/wp-content\\\/uploads\\\/2019\\\/06\\\/logo_a_nova_peneira_portal_web.png\",\"width\":300,\"height\":100,\"caption\":\"A Nova Peneira\"},\"image\":{\"@id\":\"https:\\\/\\\/www.anovapeneira.gal\\\/#\\\/schema\\\/logo\\\/image\\\/\"},\"sameAs\":[\"https:\\\/\\\/www.facebook.com\\\/anovapeneira\",\"https:\\\/\\\/x.com\\\/APeneira\"]},{\"@type\":\"Person\",\"@id\":\"https:\\\/\\\/www.anovapeneira.gal\\\/#\\\/schema\\\/person\\\/b93e3f8932e3f8da96334607eb6ac6aa\",\"name\":\"Redacci\u00f3n A Nova Peneira\",\"image\":{\"@type\":\"ImageObject\",\"inLanguage\":\"gl-ES\",\"@id\":\"https:\\\/\\\/secure.gravatar.com\\\/avatar\\\/c052a2551a06e23fac63626232eaa90abd78dbcf1700fc46a2b2c89fd27b735f?s=96&d=mm&r=g\",\"url\":\"https:\\\/\\\/secure.gravatar.com\\\/avatar\\\/c052a2551a06e23fac63626232eaa90abd78dbcf1700fc46a2b2c89fd27b735f?s=96&d=mm&r=g\",\"contentUrl\":\"https:\\\/\\\/secure.gravatar.com\\\/avatar\\\/c052a2551a06e23fac63626232eaa90abd78dbcf1700fc46a2b2c89fd27b735f?s=96&d=mm&r=g\",\"caption\":\"Redacci\u00f3n A Nova Peneira\"},\"sameAs\":[\"http:\\\/\\\/www.anovapeneira.gal\\\/\"],\"url\":\"https:\\\/\\\/www.anovapeneira.gal\\\/index.php\\\/author\\\/redactor\\\/\"}]}<\/script>\n<!-- \/ Yoast SEO plugin. -->","yoast_head_json":{"title":"Andr\u00e9s Gir\u00e1ldez R\u00edo; Monicrequeiro -","description":"Na nosa viaxe polo universo cultural da Vila de Redondela non pod\u00edamos deixar de falar con Andr\u00e9s. El def\u00ednese como \u201c monicrequeiro\u201d pero \u00e9 un artista multidisciplinar entre cuxas facetas temos que salientar que \u00e9 membro de \u201cTanxarina\u201d, e un importante actor que d\u00e1 vida ao famoso \u201cpeixe\u201d de Serramoura. Velai vai o que deu de si a nosa charla","robots":{"index":"index","follow":"follow","max-snippet":"max-snippet:-1","max-image-preview":"max-image-preview:large","max-video-preview":"max-video-preview:-1"},"canonical":"https:\/\/www.anovapeneira.gal\/index.php\/2020\/12\/10\/andres-giraldez-rio-monicreceiro\/","og_locale":"gl_ES","og_type":"article","og_title":"Andr\u00e9s Gir\u00e1ldez R\u00edo; Monicrequeiro -","og_description":"Na nosa viaxe polo universo cultural da Vila de Redondela non pod\u00edamos deixar de falar con Andr\u00e9s. El def\u00ednese como \u201c monicrequeiro\u201d pero \u00e9 un artista multidisciplinar entre cuxas facetas temos que salientar que \u00e9 membro de \u201cTanxarina\u201d, e un importante actor que d\u00e1 vida ao famoso \u201cpeixe\u201d de Serramoura. Velai vai o que deu de si a nosa charla","og_url":"https:\/\/www.anovapeneira.gal\/index.php\/2020\/12\/10\/andres-giraldez-rio-monicreceiro\/","article_publisher":"https:\/\/www.facebook.com\/anovapeneira","article_published_time":"2020-12-10T11:00:43+00:00","article_modified_time":"2020-12-10T15:13:41+00:00","og_image":[{"width":720,"height":432,"url":"https:\/\/www.anovapeneira.gal\/wp-content\/uploads\/2020\/12\/monicrequeiro_redondela.jpg","type":"image\/jpeg"}],"author":"Redacci\u00f3n A Nova Peneira","twitter_card":"summary_large_image","twitter_creator":"@APeneira","twitter_site":"@APeneira","twitter_misc":{"Escrito por":"Redacci\u00f3n A Nova Peneira","Tempo de lectura":"6 minutos"},"schema":{"@context":"https:\/\/schema.org","@graph":[{"@type":"Article","@id":"https:\/\/www.anovapeneira.gal\/index.php\/2020\/12\/10\/andres-giraldez-rio-monicreceiro\/#article","isPartOf":{"@id":"https:\/\/www.anovapeneira.gal\/index.php\/2020\/12\/10\/andres-giraldez-rio-monicreceiro\/"},"author":{"name":"Redacci\u00f3n A Nova Peneira","@id":"https:\/\/www.anovapeneira.gal\/#\/schema\/person\/b93e3f8932e3f8da96334607eb6ac6aa"},"headline":"Andr\u00e9s Gir\u00e1ldez R\u00edo; Monicrequeiro","datePublished":"2020-12-10T11:00:43+00:00","dateModified":"2020-12-10T15:13:41+00:00","mainEntityOfPage":{"@id":"https:\/\/www.anovapeneira.gal\/index.php\/2020\/12\/10\/andres-giraldez-rio-monicreceiro\/"},"wordCount":1259,"commentCount":0,"publisher":{"@id":"https:\/\/www.anovapeneira.gal\/#organization"},"image":{"@id":"https:\/\/www.anovapeneira.gal\/index.php\/2020\/12\/10\/andres-giraldez-rio-monicreceiro\/#primaryimage"},"thumbnailUrl":"https:\/\/www.anovapeneira.gal\/wp-content\/uploads\/2020\/12\/monicrequeiro_redondela.jpg","keywords":["Conejo de Redondela"],"articleSection":["Redondela"],"inLanguage":"gl-ES","potentialAction":[{"@type":"CommentAction","name":"Comment","target":["https:\/\/www.anovapeneira.gal\/index.php\/2020\/12\/10\/andres-giraldez-rio-monicreceiro\/#respond"]}]},{"@type":"WebPage","@id":"https:\/\/www.anovapeneira.gal\/index.php\/2020\/12\/10\/andres-giraldez-rio-monicreceiro\/","url":"https:\/\/www.anovapeneira.gal\/index.php\/2020\/12\/10\/andres-giraldez-rio-monicreceiro\/","name":"Andr\u00e9s Gir\u00e1ldez R\u00edo; Monicrequeiro -","isPartOf":{"@id":"https:\/\/www.anovapeneira.gal\/#website"},"primaryImageOfPage":{"@id":"https:\/\/www.anovapeneira.gal\/index.php\/2020\/12\/10\/andres-giraldez-rio-monicreceiro\/#primaryimage"},"image":{"@id":"https:\/\/www.anovapeneira.gal\/index.php\/2020\/12\/10\/andres-giraldez-rio-monicreceiro\/#primaryimage"},"thumbnailUrl":"https:\/\/www.anovapeneira.gal\/wp-content\/uploads\/2020\/12\/monicrequeiro_redondela.jpg","datePublished":"2020-12-10T11:00:43+00:00","dateModified":"2020-12-10T15:13:41+00:00","description":"Na nosa viaxe polo universo cultural da Vila de Redondela non pod\u00edamos deixar de falar con Andr\u00e9s. El def\u00ednese como \u201c monicrequeiro\u201d pero \u00e9 un artista multidisciplinar entre cuxas facetas temos que salientar que \u00e9 membro de \u201cTanxarina\u201d, e un importante actor que d\u00e1 vida ao famoso \u201cpeixe\u201d de Serramoura. Velai vai o que deu de si a nosa charla","breadcrumb":{"@id":"https:\/\/www.anovapeneira.gal\/index.php\/2020\/12\/10\/andres-giraldez-rio-monicreceiro\/#breadcrumb"},"inLanguage":"gl-ES","potentialAction":[{"@type":"ReadAction","target":["https:\/\/www.anovapeneira.gal\/index.php\/2020\/12\/10\/andres-giraldez-rio-monicreceiro\/"]}]},{"@type":"ImageObject","inLanguage":"gl-ES","@id":"https:\/\/www.anovapeneira.gal\/index.php\/2020\/12\/10\/andres-giraldez-rio-monicreceiro\/#primaryimage","url":"https:\/\/www.anovapeneira.gal\/wp-content\/uploads\/2020\/12\/monicrequeiro_redondela.jpg","contentUrl":"https:\/\/www.anovapeneira.gal\/wp-content\/uploads\/2020\/12\/monicrequeiro_redondela.jpg","width":720,"height":432,"caption":"ANDR\u00c9S GIR\u00c1LDEZ MONICREQUEIRO DE REDONDELA"},{"@type":"BreadcrumbList","@id":"https:\/\/www.anovapeneira.gal\/index.php\/2020\/12\/10\/andres-giraldez-rio-monicreceiro\/#breadcrumb","itemListElement":[{"@type":"ListItem","position":1,"name":"Portada","item":"https:\/\/www.anovapeneira.gal\/"},{"@type":"ListItem","position":2,"name":"Andr\u00e9s Gir\u00e1ldez R\u00edo; Monicrequeiro"}]},{"@type":"WebSite","@id":"https:\/\/www.anovapeneira.gal\/#website","url":"https:\/\/www.anovapeneira.gal\/","name":"","description":"Xornal galego de informaci\u00f3n xeral Publicaci\u00f3n mensual de novas de Galicia e en especial dos Concellos da sur da provincia de Pontevedra.","publisher":{"@id":"https:\/\/www.anovapeneira.gal\/#organization"},"potentialAction":[{"@type":"SearchAction","target":{"@type":"EntryPoint","urlTemplate":"https:\/\/www.anovapeneira.gal\/?s={search_term_string}"},"query-input":{"@type":"PropertyValueSpecification","valueRequired":true,"valueName":"search_term_string"}}],"inLanguage":"gl-ES"},{"@type":"Organization","@id":"https:\/\/www.anovapeneira.gal\/#organization","name":"A Nova Peneira","url":"https:\/\/www.anovapeneira.gal\/","logo":{"@type":"ImageObject","inLanguage":"gl-ES","@id":"https:\/\/www.anovapeneira.gal\/#\/schema\/logo\/image\/","url":"http:\/\/www.anovapeneira.gal\/wp-content\/uploads\/2019\/06\/logo_a_nova_peneira_portal_web.png","contentUrl":"http:\/\/www.anovapeneira.gal\/wp-content\/uploads\/2019\/06\/logo_a_nova_peneira_portal_web.png","width":300,"height":100,"caption":"A Nova Peneira"},"image":{"@id":"https:\/\/www.anovapeneira.gal\/#\/schema\/logo\/image\/"},"sameAs":["https:\/\/www.facebook.com\/anovapeneira","https:\/\/x.com\/APeneira"]},{"@type":"Person","@id":"https:\/\/www.anovapeneira.gal\/#\/schema\/person\/b93e3f8932e3f8da96334607eb6ac6aa","name":"Redacci\u00f3n A Nova Peneira","image":{"@type":"ImageObject","inLanguage":"gl-ES","@id":"https:\/\/secure.gravatar.com\/avatar\/c052a2551a06e23fac63626232eaa90abd78dbcf1700fc46a2b2c89fd27b735f?s=96&d=mm&r=g","url":"https:\/\/secure.gravatar.com\/avatar\/c052a2551a06e23fac63626232eaa90abd78dbcf1700fc46a2b2c89fd27b735f?s=96&d=mm&r=g","contentUrl":"https:\/\/secure.gravatar.com\/avatar\/c052a2551a06e23fac63626232eaa90abd78dbcf1700fc46a2b2c89fd27b735f?s=96&d=mm&r=g","caption":"Redacci\u00f3n A Nova Peneira"},"sameAs":["http:\/\/www.anovapeneira.gal\/"],"url":"https:\/\/www.anovapeneira.gal\/index.php\/author\/redactor\/"}]}},"jetpack_featured_media_url":"https:\/\/www.anovapeneira.gal\/wp-content\/uploads\/2020\/12\/monicrequeiro_redondela.jpg","_links":{"self":[{"href":"https:\/\/www.anovapeneira.gal\/index.php\/wp-json\/wp\/v2\/posts\/4457","targetHints":{"allow":["GET"]}}],"collection":[{"href":"https:\/\/www.anovapeneira.gal\/index.php\/wp-json\/wp\/v2\/posts"}],"about":[{"href":"https:\/\/www.anovapeneira.gal\/index.php\/wp-json\/wp\/v2\/types\/post"}],"author":[{"embeddable":true,"href":"https:\/\/www.anovapeneira.gal\/index.php\/wp-json\/wp\/v2\/users\/3"}],"replies":[{"embeddable":true,"href":"https:\/\/www.anovapeneira.gal\/index.php\/wp-json\/wp\/v2\/comments?post=4457"}],"version-history":[{"count":2,"href":"https:\/\/www.anovapeneira.gal\/index.php\/wp-json\/wp\/v2\/posts\/4457\/revisions"}],"predecessor-version":[{"id":4473,"href":"https:\/\/www.anovapeneira.gal\/index.php\/wp-json\/wp\/v2\/posts\/4457\/revisions\/4473"}],"wp:featuredmedia":[{"embeddable":true,"href":"https:\/\/www.anovapeneira.gal\/index.php\/wp-json\/wp\/v2\/media\/4458"}],"wp:attachment":[{"href":"https:\/\/www.anovapeneira.gal\/index.php\/wp-json\/wp\/v2\/media?parent=4457"}],"wp:term":[{"taxonomy":"category","embeddable":true,"href":"https:\/\/www.anovapeneira.gal\/index.php\/wp-json\/wp\/v2\/categories?post=4457"},{"taxonomy":"post_tag","embeddable":true,"href":"https:\/\/www.anovapeneira.gal\/index.php\/wp-json\/wp\/v2\/tags?post=4457"}],"curies":[{"name":"wp","href":"https:\/\/api.w.org\/{rel}","templated":true}]}}