{"id":4461,"date":"2020-12-10T14:00:37","date_gmt":"2020-12-10T13:00:37","guid":{"rendered":"http:\/\/www.anovapeneira.gal\/?p=4461"},"modified":"2020-12-07T12:12:25","modified_gmt":"2020-12-07T11:12:25","slug":"csif-e-cig-denuncian-desigualdades-e-presions-contra-os-traballadores-as-do-concello-de-redondela","status":"publish","type":"post","link":"https:\/\/www.anovapeneira.gal\/index.php\/2020\/12\/10\/csif-e-cig-denuncian-desigualdades-e-presions-contra-os-traballadores-as-do-concello-de-redondela\/","title":{"rendered":"CSIF e CIG denuncian desigualdades e presi\u00f3ns contra os traballadores\/as do Concello de Redondela"},"content":{"rendered":"\n<p><strong>Redondela, 3 de decembro de 2020<\/strong><\/p>\n\n\n\n<p>A mellora dos servizos p\u00fablicos pasa por garantir unhas \u00f3ptimas condici\u00f3ns laborais. Os sindicatos levan meses reclamando medidas concretas do Goberno que pasan, entre outras, pola cobertura das baixas, convocatoria da oferta p\u00fablica de emprego, reco\u00f1ecemento dos traballos realizados efectivamente polo seu persoal ou igualdade nas condici\u00f3ns laborais.<\/p>\n\n\n\n<p>Nesta altura os sindicatos CSIF e CIG vense obrigados a solicitar do Concello que se establezan uns criterios obxectivos e maior transparencia nas decisi\u00f3n que afectan ao cadro de persoal, para evitar que se creen ou mante\u00f1an situaci\u00f3ns de desigualdade. Estas desigualdades est\u00e1n provocando un sistema de castas, con privilexios para algunhas persoas en detrimento dos dereitos doutras. As\u00ed mesmo tense constancia de que varios traballadores e traballadoras, porque as\u00ed o te\u00f1en denunciado ante os sindicatos, sofren presi\u00f3ns por parte do Goberno, tanto en horas laborais como f\u00f3ra do horario estipulado. Chegouse, incluso, a medidas de represi\u00f3n contra os representantes sindicais por exercer e defender os dereitos laborais.<\/p>\n\n\n\n<p>Por todo isto, os sindicatos CSIF e CIG non poden tolerar que o gui\u00f3n sexa a presi\u00f3n ou a represi\u00f3n directa contra traballadores, traballadoras ou contra a representaci\u00f3n sindical. Solicitamos ao Goberno un di\u00e1logo honesto que po\u00f1a por diante a mellora dos servizos p\u00fablicos, a transparencia nas decisi\u00f3n, o respecto aos dereitos laborais e a defensa das condici\u00f3ns \u00f3ptimas de traballo fronte a situaci\u00f3ns de desigualdade.<\/p>\n\n\n\n<h2 class=\"wp-block-heading\"><strong>Esta nota que antecede a estas li\u00f1as, asinada polas d\u00faas principais centrais sindicais do comit\u00e9 de empresa do Concello de Redondela, \u00e9 realmente dura. Fala de supostas pr\u00e1cticas de represi\u00f3n laboral, intolerables en calquera empresa, e moito m\u00e1is nunha administraci\u00f3n p\u00fablica. Cando a recibimos pux\u00e9monos en contacto cos voceiros da secci\u00f3n sindical da CIG para co\u00f1ecer a s\u00faa versi\u00f3n destes feitos<\/strong><\/h2>\n\n\n\n<p><strong>SECCI\u00d3N SINDICAL DA CIG DO CONCELLO DE REDONDELA.<\/strong><\/p>\n\n\n\n<p>\u201c<strong>A PR\u00c1CTICA HABITUAL DO GOBERNO MUNICIPAL, \u00c9 FACER CASO OMISO AO COMIT\u00c9 DE EMPRESA\u201d<\/strong><\/p>\n\n\n\n<p><strong>Hai uns d\u00edas mandastes unha nota de prensa na que faciades referencia a supostas pr\u00e1cticas de acoso laboral no Concello de Redondela. Que foi o que pasou?<\/strong><\/p>\n\n\n\n<blockquote class=\"wp-block-quote is-layout-flow wp-block-quote-is-layout-flow\"><p>Na \u00faltima xuntanza do comit\u00e9 de seguridade, unha delegada da CIG solicitou que se fixeran as coberturas das diversas baixas que hai no Concello e que nalg\u00fans casos afectan a servizos esenciais. Como \u00e9 un tema que levamos reclamando desde hai un ano, sen unha soluci\u00f3n satisfactoria, a conversa foise tensionando<\/p><\/blockquote>\n\n\n\n<p><strong>De que maneira se lle deu traslado ao goberno desta situaci\u00f3n?<\/strong><\/p>\n\n\n\n<blockquote class=\"wp-block-quote is-layout-flow wp-block-quote-is-layout-flow\"><p>Primeiro en xuntanzas coa xunta de persoal e como non fac\u00edan caso, por escrito<\/p><\/blockquote>\n\n\n\n<p><strong>Quen asiste , por parte do goberno, a esas xuntanzas?<\/strong><\/p>\n\n\n\n<blockquote class=\"wp-block-quote is-layout-flow wp-block-quote-is-layout-flow\"><p>Normalmente o responsable de persoal, que \u00e9 Alberto, \u00e1s veces Mar\u00eda Castro a antiga responsable de persoal e por AER nesta \u00faltima reuni\u00f3n veu Roberto.<\/p><\/blockquote>\n\n\n\n<p><strong>Nas xuntanzas da xunta de persoal estabades os tres sindicatos que tedes representaci\u00f3n no comit\u00e9?<\/strong><\/p>\n\n\n\n<blockquote class=\"wp-block-quote is-layout-flow wp-block-quote-is-layout-flow\"><p>Si, CSIF, CIG e UXT<\/p><\/blockquote>\n\n\n\n<p><strong>Cando lle destes traslado por escrito ao goberno do que v\u00f3s considerades unha anomal\u00eda na cobertura das baixas, cal foi a s\u00faa resposta?<\/strong><\/p>\n\n\n\n<blockquote class=\"wp-block-quote is-layout-flow wp-block-quote-is-layout-flow\"><p>Fix\u00e9ronnos caso omiso. \u00c9 a s\u00faa pr\u00e1ctica habitual<\/p><\/blockquote>\n\n\n\n<p><strong>Ben, antes comentabas que na \u00faltima xuntanza da xunta de persoal a conversa foise tensionando, como se resolveu esa tensi\u00f3n?<\/strong><\/p>\n\n\n\n<blockquote class=\"wp-block-quote is-layout-flow wp-block-quote-is-layout-flow\"><p>Unha Concelleira, nun tono moi severo, d\u00edxolle \u00e1 nosa delegada que non se preocupase que \u201c ma\u00f1\u00e1 mesmo \u00eda estar cuberta a praza\u201d e ao d\u00eda seguinte comunic\u00e1ronlle o seu traslado a Chapela, que era onde se produc\u00eda unha das baixas. Esta traballadora levaba 5 anos adscrita a un departamento, e dun d\u00eda para outro m\u00e1ndana para Chapela. A\u00ednda que eles din que xa o ti\u00f1an pensado desde hai tempo. N\u00f3s entendemos que \u00e9 unha medida de represi\u00f3n sindical. De feito , na propia xuntanza, membros de Uxt interpelaron \u00e1 concelleira sobre se estaba realizando alg\u00fan tipo de amenaza.<\/p><\/blockquote>\n\n\n\n<p><strong>Que curioso.Nesa xuntanza que mencionas membros da UXT fan referencia \u00e1 suposta emisi\u00f3n dunha amenaza e logo non asinan, cos otros dous sindicatos, a nota que enviastes \u00e1 prensa.Por que?<\/strong><\/p>\n\n\n\n<blockquote class=\"wp-block-quote is-layout-flow wp-block-quote-is-layout-flow\"><p>Que n\u00f3s saibamos tiveron unha dimisi\u00f3n interna, e finalmente a maior\u00eda deles decidiu que non.<\/p><\/blockquote>\n\n\n\n<p><strong>A suposta represi\u00f3n que denunciades c\u00ednguese a ese caso concreto ou existen m\u00e1is semellantes?<\/strong><\/p>\n\n\n\n<blockquote class=\"wp-block-quote is-layout-flow wp-block-quote-is-layout-flow\"><p>N\u00f3s o que denunciamos adem\u00e1is, \u00e9 casos de presi\u00f3n laboral. O que me gustar\u00eda deixar claro \u00e9 que os sindicatos non estamos a demandar ning\u00fan tipo de privilexio nin sequera , ning\u00fan dereito. O que estamos pedindo \u00e9 que os servizos p\u00fablicos sexan de garant\u00eda, que se cubran as prazas en departamentos esenciais, como servizos sociais.O que pedimos \u00e9 que a veci\u00f1anza estea atendida da maneira m\u00e1is adecuada posible.<\/p><\/blockquote>\n\n\n\n<p><strong>Hai moitas baixas?<\/strong><\/p>\n\n\n\n<blockquote class=\"wp-block-quote is-layout-flow wp-block-quote-is-layout-flow\"><p>Varias: Servizos sociais, tanto en Chapela como en Redondela, a avogada da muller , o enxe\u00f1eiro de urbanismo e moitas outras persoas m\u00e1is, co que a calidade do servizo \u00e9 moi inferior ao que debera<\/p><\/blockquote>\n\n\n\n<p><strong>Por que sucede esta situaci\u00f3n?<\/strong><\/p>\n\n\n\n<blockquote class=\"wp-block-quote is-layout-flow wp-block-quote-is-layout-flow\"><p>N\u00f3s o que percibimos nas xuntanzas co goberno \u00e9 unha desatenci\u00f3n absoluta<\/p><\/blockquote>\n\n\n\n<p><strong>En comparaci\u00f3n coa administraci\u00f3n anterior \u00e9 mellor ,peor ou igual?<\/strong><\/p>\n\n\n\n<blockquote class=\"wp-block-quote is-layout-flow wp-block-quote-is-layout-flow\"><p>N\u00f3s non debemos de entrar a\u00ed.Somos unha central sindical e danos a nosa opini\u00f3n sobre as cuesti\u00f3ns de \u00edndole laboral. Logo, nas sucesivas elecci\u00f3ns a veci\u00f1anza debe de decidir que administraci\u00f3n prefire<\/p><\/blockquote>\n","protected":false},"excerpt":{"rendered":"<div class=\"mh-excerpt\"><p>A mellora dos servizos p\u00fablicos pasa por garantir unhas \u00f3ptimas condici\u00f3ns laborais. Os sindicatos levan meses reclamando medidas concretas do Goberno que pasan, entre outras, pola cobertura das baixas, convocatoria da oferta p\u00fablica de emprego, reco\u00f1ecemento dos traballos realizados efectivamente polo seu persoal ou igualdade nas condici\u00f3ns laborais <a class=\"mh-excerpt-more\" href=\"https:\/\/www.anovapeneira.gal\/index.php\/2020\/12\/10\/csif-e-cig-denuncian-desigualdades-e-presions-contra-os-traballadores-as-do-concello-de-redondela\/\" title=\"CSIF e CIG denuncian desigualdades e presi\u00f3ns contra os traballadores\/as do Concello de Redondela\">[&#8230;]<\/a><\/p>\n<\/div>","protected":false},"author":3,"featured_media":632,"comment_status":"open","ping_status":"open","sticky":false,"template":"","format":"standard","meta":{"_exactmetrics_skip_tracking":false,"_exactmetrics_sitenote_active":false,"_exactmetrics_sitenote_note":"","_exactmetrics_sitenote_category":0,"footnotes":""},"categories":[270],"tags":[171],"class_list":{"0":"post-4461","1":"post","2":"type-post","3":"status-publish","4":"format-standard","5":"has-post-thumbnail","7":"category-redondela-entrevistas","8":"tag-concello-de-redondela"},"yoast_head":"<!-- This site is optimized with the Yoast SEO plugin v27.4 - https:\/\/yoast.com\/product\/yoast-seo-wordpress\/ -->\n<title>CSIF e CIG denuncian desigualdades e presi\u00f3ns contra os traballadores\/as do Concello de Redondela -<\/title>\n<meta name=\"description\" content=\"A mellora dos servizos p\u00fablicos pasa por garantir unhas \u00f3ptimas condici\u00f3ns laborais. Os sindicatos levan meses reclamando medidas concretas do Goberno que pasan, entre outras, pola cobertura das baixas, convocatoria da oferta p\u00fablica de emprego, reco\u00f1ecemento dos traballos realizados efectivamente polo seu persoal ou igualdade nas condici\u00f3ns laborais\" \/>\n<meta name=\"robots\" content=\"index, follow, max-snippet:-1, max-image-preview:large, max-video-preview:-1\" \/>\n<link rel=\"canonical\" href=\"https:\/\/www.anovapeneira.gal\/index.php\/2020\/12\/10\/csif-e-cig-denuncian-desigualdades-e-presions-contra-os-traballadores-as-do-concello-de-redondela\/\" \/>\n<meta property=\"og:locale\" content=\"gl_ES\" \/>\n<meta property=\"og:type\" content=\"article\" \/>\n<meta property=\"og:title\" content=\"CSIF e CIG denuncian desigualdades e presi\u00f3ns contra os traballadores\/as do Concello de Redondela -\" \/>\n<meta property=\"og:description\" content=\"A mellora dos servizos p\u00fablicos pasa por garantir unhas \u00f3ptimas condici\u00f3ns laborais. Os sindicatos levan meses reclamando medidas concretas do Goberno que pasan, entre outras, pola cobertura das baixas, convocatoria da oferta p\u00fablica de emprego, reco\u00f1ecemento dos traballos realizados efectivamente polo seu persoal ou igualdade nas condici\u00f3ns laborais\" \/>\n<meta property=\"og:url\" content=\"https:\/\/www.anovapeneira.gal\/index.php\/2020\/12\/10\/csif-e-cig-denuncian-desigualdades-e-presions-contra-os-traballadores-as-do-concello-de-redondela\/\" \/>\n<meta property=\"article:publisher\" content=\"https:\/\/www.facebook.com\/anovapeneira\" \/>\n<meta property=\"article:published_time\" content=\"2020-12-10T13:00:37+00:00\" \/>\n<meta property=\"og:image\" content=\"https:\/\/www.anovapeneira.gal\/wp-content\/uploads\/2019\/07\/CIG_a_nova_peneira.png\" \/>\n\t<meta property=\"og:image:width\" content=\"720\" \/>\n\t<meta property=\"og:image:height\" content=\"473\" \/>\n\t<meta property=\"og:image:type\" content=\"image\/png\" \/>\n<meta name=\"author\" content=\"Redacci\u00f3n A Nova Peneira\" \/>\n<meta name=\"twitter:card\" content=\"summary_large_image\" \/>\n<meta name=\"twitter:creator\" content=\"@APeneira\" \/>\n<meta name=\"twitter:site\" content=\"@APeneira\" \/>\n<meta name=\"twitter:label1\" content=\"Escrito por\" \/>\n\t<meta name=\"twitter:data1\" content=\"Redacci\u00f3n A Nova Peneira\" \/>\n\t<meta name=\"twitter:label2\" content=\"Tempo de lectura\" \/>\n\t<meta name=\"twitter:data2\" content=\"5 minutos\" \/>\n<script type=\"application\/ld+json\" class=\"yoast-schema-graph\">{\"@context\":\"https:\\\/\\\/schema.org\",\"@graph\":[{\"@type\":\"Article\",\"@id\":\"https:\\\/\\\/www.anovapeneira.gal\\\/index.php\\\/2020\\\/12\\\/10\\\/csif-e-cig-denuncian-desigualdades-e-presions-contra-os-traballadores-as-do-concello-de-redondela\\\/#article\",\"isPartOf\":{\"@id\":\"https:\\\/\\\/www.anovapeneira.gal\\\/index.php\\\/2020\\\/12\\\/10\\\/csif-e-cig-denuncian-desigualdades-e-presions-contra-os-traballadores-as-do-concello-de-redondela\\\/\"},\"author\":{\"name\":\"Redacci\u00f3n A Nova Peneira\",\"@id\":\"https:\\\/\\\/www.anovapeneira.gal\\\/#\\\/schema\\\/person\\\/b93e3f8932e3f8da96334607eb6ac6aa\"},\"headline\":\"CSIF e CIG denuncian desigualdades e presi\u00f3ns contra os traballadores\\\/as do Concello de Redondela\",\"datePublished\":\"2020-12-10T13:00:37+00:00\",\"mainEntityOfPage\":{\"@id\":\"https:\\\/\\\/www.anovapeneira.gal\\\/index.php\\\/2020\\\/12\\\/10\\\/csif-e-cig-denuncian-desigualdades-e-presions-contra-os-traballadores-as-do-concello-de-redondela\\\/\"},\"wordCount\":933,\"commentCount\":0,\"publisher\":{\"@id\":\"https:\\\/\\\/www.anovapeneira.gal\\\/#organization\"},\"image\":{\"@id\":\"https:\\\/\\\/www.anovapeneira.gal\\\/index.php\\\/2020\\\/12\\\/10\\\/csif-e-cig-denuncian-desigualdades-e-presions-contra-os-traballadores-as-do-concello-de-redondela\\\/#primaryimage\"},\"thumbnailUrl\":\"https:\\\/\\\/www.anovapeneira.gal\\\/wp-content\\\/uploads\\\/2019\\\/07\\\/CIG_a_nova_peneira.png\",\"keywords\":[\"Concello de Redondela\"],\"articleSection\":[\"Redondela\"],\"inLanguage\":\"gl-ES\",\"potentialAction\":[{\"@type\":\"CommentAction\",\"name\":\"Comment\",\"target\":[\"https:\\\/\\\/www.anovapeneira.gal\\\/index.php\\\/2020\\\/12\\\/10\\\/csif-e-cig-denuncian-desigualdades-e-presions-contra-os-traballadores-as-do-concello-de-redondela\\\/#respond\"]}]},{\"@type\":\"WebPage\",\"@id\":\"https:\\\/\\\/www.anovapeneira.gal\\\/index.php\\\/2020\\\/12\\\/10\\\/csif-e-cig-denuncian-desigualdades-e-presions-contra-os-traballadores-as-do-concello-de-redondela\\\/\",\"url\":\"https:\\\/\\\/www.anovapeneira.gal\\\/index.php\\\/2020\\\/12\\\/10\\\/csif-e-cig-denuncian-desigualdades-e-presions-contra-os-traballadores-as-do-concello-de-redondela\\\/\",\"name\":\"CSIF e CIG denuncian desigualdades e presi\u00f3ns contra os traballadores\\\/as do Concello de Redondela -\",\"isPartOf\":{\"@id\":\"https:\\\/\\\/www.anovapeneira.gal\\\/#website\"},\"primaryImageOfPage\":{\"@id\":\"https:\\\/\\\/www.anovapeneira.gal\\\/index.php\\\/2020\\\/12\\\/10\\\/csif-e-cig-denuncian-desigualdades-e-presions-contra-os-traballadores-as-do-concello-de-redondela\\\/#primaryimage\"},\"image\":{\"@id\":\"https:\\\/\\\/www.anovapeneira.gal\\\/index.php\\\/2020\\\/12\\\/10\\\/csif-e-cig-denuncian-desigualdades-e-presions-contra-os-traballadores-as-do-concello-de-redondela\\\/#primaryimage\"},\"thumbnailUrl\":\"https:\\\/\\\/www.anovapeneira.gal\\\/wp-content\\\/uploads\\\/2019\\\/07\\\/CIG_a_nova_peneira.png\",\"datePublished\":\"2020-12-10T13:00:37+00:00\",\"description\":\"A mellora dos servizos p\u00fablicos pasa por garantir unhas \u00f3ptimas condici\u00f3ns laborais. Os sindicatos levan meses reclamando medidas concretas do Goberno que pasan, entre outras, pola cobertura das baixas, convocatoria da oferta p\u00fablica de emprego, reco\u00f1ecemento dos traballos realizados efectivamente polo seu persoal ou igualdade nas condici\u00f3ns laborais\",\"breadcrumb\":{\"@id\":\"https:\\\/\\\/www.anovapeneira.gal\\\/index.php\\\/2020\\\/12\\\/10\\\/csif-e-cig-denuncian-desigualdades-e-presions-contra-os-traballadores-as-do-concello-de-redondela\\\/#breadcrumb\"},\"inLanguage\":\"gl-ES\",\"potentialAction\":[{\"@type\":\"ReadAction\",\"target\":[\"https:\\\/\\\/www.anovapeneira.gal\\\/index.php\\\/2020\\\/12\\\/10\\\/csif-e-cig-denuncian-desigualdades-e-presions-contra-os-traballadores-as-do-concello-de-redondela\\\/\"]}]},{\"@type\":\"ImageObject\",\"inLanguage\":\"gl-ES\",\"@id\":\"https:\\\/\\\/www.anovapeneira.gal\\\/index.php\\\/2020\\\/12\\\/10\\\/csif-e-cig-denuncian-desigualdades-e-presions-contra-os-traballadores-as-do-concello-de-redondela\\\/#primaryimage\",\"url\":\"https:\\\/\\\/www.anovapeneira.gal\\\/wp-content\\\/uploads\\\/2019\\\/07\\\/CIG_a_nova_peneira.png\",\"contentUrl\":\"https:\\\/\\\/www.anovapeneira.gal\\\/wp-content\\\/uploads\\\/2019\\\/07\\\/CIG_a_nova_peneira.png\",\"width\":720,\"height\":473,\"caption\":\"Confederaci\u00f3n Intersindical Galega A Nova Peneira\"},{\"@type\":\"BreadcrumbList\",\"@id\":\"https:\\\/\\\/www.anovapeneira.gal\\\/index.php\\\/2020\\\/12\\\/10\\\/csif-e-cig-denuncian-desigualdades-e-presions-contra-os-traballadores-as-do-concello-de-redondela\\\/#breadcrumb\",\"itemListElement\":[{\"@type\":\"ListItem\",\"position\":1,\"name\":\"Portada\",\"item\":\"https:\\\/\\\/www.anovapeneira.gal\\\/\"},{\"@type\":\"ListItem\",\"position\":2,\"name\":\"CSIF e CIG denuncian desigualdades e presi\u00f3ns contra os traballadores\\\/as do Concello de Redondela\"}]},{\"@type\":\"WebSite\",\"@id\":\"https:\\\/\\\/www.anovapeneira.gal\\\/#website\",\"url\":\"https:\\\/\\\/www.anovapeneira.gal\\\/\",\"name\":\"\",\"description\":\"Xornal galego de informaci\u00f3n xeral Publicaci\u00f3n mensual de novas de Galicia e en especial dos Concellos da sur da provincia de Pontevedra.\",\"publisher\":{\"@id\":\"https:\\\/\\\/www.anovapeneira.gal\\\/#organization\"},\"potentialAction\":[{\"@type\":\"SearchAction\",\"target\":{\"@type\":\"EntryPoint\",\"urlTemplate\":\"https:\\\/\\\/www.anovapeneira.gal\\\/?s={search_term_string}\"},\"query-input\":{\"@type\":\"PropertyValueSpecification\",\"valueRequired\":true,\"valueName\":\"search_term_string\"}}],\"inLanguage\":\"gl-ES\"},{\"@type\":\"Organization\",\"@id\":\"https:\\\/\\\/www.anovapeneira.gal\\\/#organization\",\"name\":\"A Nova Peneira\",\"url\":\"https:\\\/\\\/www.anovapeneira.gal\\\/\",\"logo\":{\"@type\":\"ImageObject\",\"inLanguage\":\"gl-ES\",\"@id\":\"https:\\\/\\\/www.anovapeneira.gal\\\/#\\\/schema\\\/logo\\\/image\\\/\",\"url\":\"http:\\\/\\\/www.anovapeneira.gal\\\/wp-content\\\/uploads\\\/2019\\\/06\\\/logo_a_nova_peneira_portal_web.png\",\"contentUrl\":\"http:\\\/\\\/www.anovapeneira.gal\\\/wp-content\\\/uploads\\\/2019\\\/06\\\/logo_a_nova_peneira_portal_web.png\",\"width\":300,\"height\":100,\"caption\":\"A Nova Peneira\"},\"image\":{\"@id\":\"https:\\\/\\\/www.anovapeneira.gal\\\/#\\\/schema\\\/logo\\\/image\\\/\"},\"sameAs\":[\"https:\\\/\\\/www.facebook.com\\\/anovapeneira\",\"https:\\\/\\\/x.com\\\/APeneira\"]},{\"@type\":\"Person\",\"@id\":\"https:\\\/\\\/www.anovapeneira.gal\\\/#\\\/schema\\\/person\\\/b93e3f8932e3f8da96334607eb6ac6aa\",\"name\":\"Redacci\u00f3n A Nova Peneira\",\"image\":{\"@type\":\"ImageObject\",\"inLanguage\":\"gl-ES\",\"@id\":\"https:\\\/\\\/secure.gravatar.com\\\/avatar\\\/c052a2551a06e23fac63626232eaa90abd78dbcf1700fc46a2b2c89fd27b735f?s=96&d=mm&r=g\",\"url\":\"https:\\\/\\\/secure.gravatar.com\\\/avatar\\\/c052a2551a06e23fac63626232eaa90abd78dbcf1700fc46a2b2c89fd27b735f?s=96&d=mm&r=g\",\"contentUrl\":\"https:\\\/\\\/secure.gravatar.com\\\/avatar\\\/c052a2551a06e23fac63626232eaa90abd78dbcf1700fc46a2b2c89fd27b735f?s=96&d=mm&r=g\",\"caption\":\"Redacci\u00f3n A Nova Peneira\"},\"sameAs\":[\"http:\\\/\\\/www.anovapeneira.gal\\\/\"],\"url\":\"https:\\\/\\\/www.anovapeneira.gal\\\/index.php\\\/author\\\/redactor\\\/\"}]}<\/script>\n<!-- \/ Yoast SEO plugin. -->","yoast_head_json":{"title":"CSIF e CIG denuncian desigualdades e presi\u00f3ns contra os traballadores\/as do Concello de Redondela -","description":"A mellora dos servizos p\u00fablicos pasa por garantir unhas \u00f3ptimas condici\u00f3ns laborais. Os sindicatos levan meses reclamando medidas concretas do Goberno que pasan, entre outras, pola cobertura das baixas, convocatoria da oferta p\u00fablica de emprego, reco\u00f1ecemento dos traballos realizados efectivamente polo seu persoal ou igualdade nas condici\u00f3ns laborais","robots":{"index":"index","follow":"follow","max-snippet":"max-snippet:-1","max-image-preview":"max-image-preview:large","max-video-preview":"max-video-preview:-1"},"canonical":"https:\/\/www.anovapeneira.gal\/index.php\/2020\/12\/10\/csif-e-cig-denuncian-desigualdades-e-presions-contra-os-traballadores-as-do-concello-de-redondela\/","og_locale":"gl_ES","og_type":"article","og_title":"CSIF e CIG denuncian desigualdades e presi\u00f3ns contra os traballadores\/as do Concello de Redondela -","og_description":"A mellora dos servizos p\u00fablicos pasa por garantir unhas \u00f3ptimas condici\u00f3ns laborais. Os sindicatos levan meses reclamando medidas concretas do Goberno que pasan, entre outras, pola cobertura das baixas, convocatoria da oferta p\u00fablica de emprego, reco\u00f1ecemento dos traballos realizados efectivamente polo seu persoal ou igualdade nas condici\u00f3ns laborais","og_url":"https:\/\/www.anovapeneira.gal\/index.php\/2020\/12\/10\/csif-e-cig-denuncian-desigualdades-e-presions-contra-os-traballadores-as-do-concello-de-redondela\/","article_publisher":"https:\/\/www.facebook.com\/anovapeneira","article_published_time":"2020-12-10T13:00:37+00:00","og_image":[{"width":720,"height":473,"url":"https:\/\/www.anovapeneira.gal\/wp-content\/uploads\/2019\/07\/CIG_a_nova_peneira.png","type":"image\/png"}],"author":"Redacci\u00f3n A Nova Peneira","twitter_card":"summary_large_image","twitter_creator":"@APeneira","twitter_site":"@APeneira","twitter_misc":{"Escrito por":"Redacci\u00f3n A Nova Peneira","Tempo de lectura":"5 minutos"},"schema":{"@context":"https:\/\/schema.org","@graph":[{"@type":"Article","@id":"https:\/\/www.anovapeneira.gal\/index.php\/2020\/12\/10\/csif-e-cig-denuncian-desigualdades-e-presions-contra-os-traballadores-as-do-concello-de-redondela\/#article","isPartOf":{"@id":"https:\/\/www.anovapeneira.gal\/index.php\/2020\/12\/10\/csif-e-cig-denuncian-desigualdades-e-presions-contra-os-traballadores-as-do-concello-de-redondela\/"},"author":{"name":"Redacci\u00f3n A Nova Peneira","@id":"https:\/\/www.anovapeneira.gal\/#\/schema\/person\/b93e3f8932e3f8da96334607eb6ac6aa"},"headline":"CSIF e CIG denuncian desigualdades e presi\u00f3ns contra os traballadores\/as do Concello de Redondela","datePublished":"2020-12-10T13:00:37+00:00","mainEntityOfPage":{"@id":"https:\/\/www.anovapeneira.gal\/index.php\/2020\/12\/10\/csif-e-cig-denuncian-desigualdades-e-presions-contra-os-traballadores-as-do-concello-de-redondela\/"},"wordCount":933,"commentCount":0,"publisher":{"@id":"https:\/\/www.anovapeneira.gal\/#organization"},"image":{"@id":"https:\/\/www.anovapeneira.gal\/index.php\/2020\/12\/10\/csif-e-cig-denuncian-desigualdades-e-presions-contra-os-traballadores-as-do-concello-de-redondela\/#primaryimage"},"thumbnailUrl":"https:\/\/www.anovapeneira.gal\/wp-content\/uploads\/2019\/07\/CIG_a_nova_peneira.png","keywords":["Concello de Redondela"],"articleSection":["Redondela"],"inLanguage":"gl-ES","potentialAction":[{"@type":"CommentAction","name":"Comment","target":["https:\/\/www.anovapeneira.gal\/index.php\/2020\/12\/10\/csif-e-cig-denuncian-desigualdades-e-presions-contra-os-traballadores-as-do-concello-de-redondela\/#respond"]}]},{"@type":"WebPage","@id":"https:\/\/www.anovapeneira.gal\/index.php\/2020\/12\/10\/csif-e-cig-denuncian-desigualdades-e-presions-contra-os-traballadores-as-do-concello-de-redondela\/","url":"https:\/\/www.anovapeneira.gal\/index.php\/2020\/12\/10\/csif-e-cig-denuncian-desigualdades-e-presions-contra-os-traballadores-as-do-concello-de-redondela\/","name":"CSIF e CIG denuncian desigualdades e presi\u00f3ns contra os traballadores\/as do Concello de Redondela -","isPartOf":{"@id":"https:\/\/www.anovapeneira.gal\/#website"},"primaryImageOfPage":{"@id":"https:\/\/www.anovapeneira.gal\/index.php\/2020\/12\/10\/csif-e-cig-denuncian-desigualdades-e-presions-contra-os-traballadores-as-do-concello-de-redondela\/#primaryimage"},"image":{"@id":"https:\/\/www.anovapeneira.gal\/index.php\/2020\/12\/10\/csif-e-cig-denuncian-desigualdades-e-presions-contra-os-traballadores-as-do-concello-de-redondela\/#primaryimage"},"thumbnailUrl":"https:\/\/www.anovapeneira.gal\/wp-content\/uploads\/2019\/07\/CIG_a_nova_peneira.png","datePublished":"2020-12-10T13:00:37+00:00","description":"A mellora dos servizos p\u00fablicos pasa por garantir unhas \u00f3ptimas condici\u00f3ns laborais. Os sindicatos levan meses reclamando medidas concretas do Goberno que pasan, entre outras, pola cobertura das baixas, convocatoria da oferta p\u00fablica de emprego, reco\u00f1ecemento dos traballos realizados efectivamente polo seu persoal ou igualdade nas condici\u00f3ns laborais","breadcrumb":{"@id":"https:\/\/www.anovapeneira.gal\/index.php\/2020\/12\/10\/csif-e-cig-denuncian-desigualdades-e-presions-contra-os-traballadores-as-do-concello-de-redondela\/#breadcrumb"},"inLanguage":"gl-ES","potentialAction":[{"@type":"ReadAction","target":["https:\/\/www.anovapeneira.gal\/index.php\/2020\/12\/10\/csif-e-cig-denuncian-desigualdades-e-presions-contra-os-traballadores-as-do-concello-de-redondela\/"]}]},{"@type":"ImageObject","inLanguage":"gl-ES","@id":"https:\/\/www.anovapeneira.gal\/index.php\/2020\/12\/10\/csif-e-cig-denuncian-desigualdades-e-presions-contra-os-traballadores-as-do-concello-de-redondela\/#primaryimage","url":"https:\/\/www.anovapeneira.gal\/wp-content\/uploads\/2019\/07\/CIG_a_nova_peneira.png","contentUrl":"https:\/\/www.anovapeneira.gal\/wp-content\/uploads\/2019\/07\/CIG_a_nova_peneira.png","width":720,"height":473,"caption":"Confederaci\u00f3n Intersindical Galega A Nova Peneira"},{"@type":"BreadcrumbList","@id":"https:\/\/www.anovapeneira.gal\/index.php\/2020\/12\/10\/csif-e-cig-denuncian-desigualdades-e-presions-contra-os-traballadores-as-do-concello-de-redondela\/#breadcrumb","itemListElement":[{"@type":"ListItem","position":1,"name":"Portada","item":"https:\/\/www.anovapeneira.gal\/"},{"@type":"ListItem","position":2,"name":"CSIF e CIG denuncian desigualdades e presi\u00f3ns contra os traballadores\/as do Concello de Redondela"}]},{"@type":"WebSite","@id":"https:\/\/www.anovapeneira.gal\/#website","url":"https:\/\/www.anovapeneira.gal\/","name":"","description":"Xornal galego de informaci\u00f3n xeral Publicaci\u00f3n mensual de novas de Galicia e en especial dos Concellos da sur da provincia de Pontevedra.","publisher":{"@id":"https:\/\/www.anovapeneira.gal\/#organization"},"potentialAction":[{"@type":"SearchAction","target":{"@type":"EntryPoint","urlTemplate":"https:\/\/www.anovapeneira.gal\/?s={search_term_string}"},"query-input":{"@type":"PropertyValueSpecification","valueRequired":true,"valueName":"search_term_string"}}],"inLanguage":"gl-ES"},{"@type":"Organization","@id":"https:\/\/www.anovapeneira.gal\/#organization","name":"A Nova Peneira","url":"https:\/\/www.anovapeneira.gal\/","logo":{"@type":"ImageObject","inLanguage":"gl-ES","@id":"https:\/\/www.anovapeneira.gal\/#\/schema\/logo\/image\/","url":"http:\/\/www.anovapeneira.gal\/wp-content\/uploads\/2019\/06\/logo_a_nova_peneira_portal_web.png","contentUrl":"http:\/\/www.anovapeneira.gal\/wp-content\/uploads\/2019\/06\/logo_a_nova_peneira_portal_web.png","width":300,"height":100,"caption":"A Nova Peneira"},"image":{"@id":"https:\/\/www.anovapeneira.gal\/#\/schema\/logo\/image\/"},"sameAs":["https:\/\/www.facebook.com\/anovapeneira","https:\/\/x.com\/APeneira"]},{"@type":"Person","@id":"https:\/\/www.anovapeneira.gal\/#\/schema\/person\/b93e3f8932e3f8da96334607eb6ac6aa","name":"Redacci\u00f3n A Nova Peneira","image":{"@type":"ImageObject","inLanguage":"gl-ES","@id":"https:\/\/secure.gravatar.com\/avatar\/c052a2551a06e23fac63626232eaa90abd78dbcf1700fc46a2b2c89fd27b735f?s=96&d=mm&r=g","url":"https:\/\/secure.gravatar.com\/avatar\/c052a2551a06e23fac63626232eaa90abd78dbcf1700fc46a2b2c89fd27b735f?s=96&d=mm&r=g","contentUrl":"https:\/\/secure.gravatar.com\/avatar\/c052a2551a06e23fac63626232eaa90abd78dbcf1700fc46a2b2c89fd27b735f?s=96&d=mm&r=g","caption":"Redacci\u00f3n A Nova Peneira"},"sameAs":["http:\/\/www.anovapeneira.gal\/"],"url":"https:\/\/www.anovapeneira.gal\/index.php\/author\/redactor\/"}]}},"jetpack_featured_media_url":"https:\/\/www.anovapeneira.gal\/wp-content\/uploads\/2019\/07\/CIG_a_nova_peneira.png","_links":{"self":[{"href":"https:\/\/www.anovapeneira.gal\/index.php\/wp-json\/wp\/v2\/posts\/4461","targetHints":{"allow":["GET"]}}],"collection":[{"href":"https:\/\/www.anovapeneira.gal\/index.php\/wp-json\/wp\/v2\/posts"}],"about":[{"href":"https:\/\/www.anovapeneira.gal\/index.php\/wp-json\/wp\/v2\/types\/post"}],"author":[{"embeddable":true,"href":"https:\/\/www.anovapeneira.gal\/index.php\/wp-json\/wp\/v2\/users\/3"}],"replies":[{"embeddable":true,"href":"https:\/\/www.anovapeneira.gal\/index.php\/wp-json\/wp\/v2\/comments?post=4461"}],"version-history":[{"count":1,"href":"https:\/\/www.anovapeneira.gal\/index.php\/wp-json\/wp\/v2\/posts\/4461\/revisions"}],"predecessor-version":[{"id":4462,"href":"https:\/\/www.anovapeneira.gal\/index.php\/wp-json\/wp\/v2\/posts\/4461\/revisions\/4462"}],"wp:featuredmedia":[{"embeddable":true,"href":"https:\/\/www.anovapeneira.gal\/index.php\/wp-json\/wp\/v2\/media\/632"}],"wp:attachment":[{"href":"https:\/\/www.anovapeneira.gal\/index.php\/wp-json\/wp\/v2\/media?parent=4461"}],"wp:term":[{"taxonomy":"category","embeddable":true,"href":"https:\/\/www.anovapeneira.gal\/index.php\/wp-json\/wp\/v2\/categories?post=4461"},{"taxonomy":"post_tag","embeddable":true,"href":"https:\/\/www.anovapeneira.gal\/index.php\/wp-json\/wp\/v2\/tags?post=4461"}],"curies":[{"name":"wp","href":"https:\/\/api.w.org\/{rel}","templated":true}]}}