{"id":4463,"date":"2020-12-11T10:00:51","date_gmt":"2020-12-11T09:00:51","guid":{"rendered":"http:\/\/www.anovapeneira.gal\/?p=4463"},"modified":"2020-12-07T12:23:30","modified_gmt":"2020-12-07T11:23:30","slug":"sara-vera-escritora-e-futura-xornalista-de-redondela","status":"publish","type":"post","link":"https:\/\/www.anovapeneira.gal\/index.php\/2020\/12\/11\/sara-vera-escritora-e-futura-xornalista-de-redondela\/","title":{"rendered":"Sara Vera, escritora e futura xornalista de Redondela"},"content":{"rendered":"\n<h4 class=\"wp-block-heading\">Sara \u00e9 unha moza de Redondela de tan s\u00f3 20 anos que pasa a s\u00faa vida entre a nosa vila e a illa de Fuerteventura. Ela est\u00e1 estudando xornalismo e acaban de publicarlle o seu primeiro libro. \u00c9 un libro de poemas chamado \u201cSoltar\u201d.A obra tivo unha aceptaci\u00f3n moi positiva no p\u00fablico, de feito est\u00e1 a piques de acadar a s\u00faa segunda edici\u00f3n. Sara ten unha visi\u00f3n do xornalismo que encaixar\u00eda moi ben en A Nova Peneira. Ela \u00e9 unha persoa de profundo compromiso social que considera ao xornalismo unha ferramenta para darlle voz aos que non a te\u00f1en. En \u201cSOLTAR\u201d atopamos un conxunto de poemas de profunda intensidade na que a alma da escritora constr\u00fae a s\u00faa visi\u00f3n l\u00edrica da realidade, que lle tocou vivir, buscando, como calquera persoa da s\u00faa idade, o seu encaixe na sociedade.<\/h4>\n\n\n\n<p>\u201c<strong>O \u00fanico que me enche e soltalo todo\u201d<\/strong><\/p>\n\n\n\n<p><strong>Ti es a\u00ednda moi nova Sara, queremos coe\u00f1cerche un pouco?<\/strong><\/p>\n\n\n\n<blockquote class=\"wp-block-quote is-layout-flow wp-block-quote-is-layout-flow\"><p>Ben, eu nac\u00edn en Redondela. Cando era moi nena fun vivir a Fuerteventura e digamos que alternei per\u00edodos vivindo en Galicia con per\u00edodos en Canarias<\/p><\/blockquote>\n\n\n\n<p><strong>Que che gusta m\u00e1is?<\/strong><\/p>\n\n\n\n<blockquote class=\"wp-block-quote is-layout-flow wp-block-quote-is-layout-flow\"><p>Todo ten o seu atractivo, g\u00fastanme ambos sitios. Se cadra o clima da illa \u00e9 algo m\u00e1is agradable, para min, para vivir. Levo mellor o calor c\u00f3 fr\u00edo.<\/p><\/blockquote>\n\n\n\n<p><strong>En Soltar, o teu libro de poemas, hai un verso moi bonito, que me chamou a atenci\u00f3n, no que dis :\u201d eu son de moitas partes e de ningunha parte \u00e1 vez\u201d. Fai referencia a que pasas a vida en lugares xeogr\u00e1ficos tan distantes? ou a algo m\u00e1is?<\/strong><\/p>\n\n\n\n<blockquote class=\"wp-block-quote is-layout-flow wp-block-quote-is-layout-flow\"><p>Ref\u00edrese \u00e1 mi\u00f1a natureza de muller libre. Eu podo sentirme emocionalmente moi implicada con algunha localidade ou con algunha persoa, pero eu son libre. Non son de ning\u00fan sitio, e por suposto non son de ningu\u00e9n.<\/p><\/blockquote>\n\n\n\n<p><strong>Est\u00e1s estudando para ser profesional nun sector moi relacionado con n\u00f3s verdade?<\/strong><\/p>\n\n\n\n<blockquote class=\"wp-block-quote is-layout-flow wp-block-quote-is-layout-flow\"><p>Pois si, estou estudando segundo curso de xornalismo<\/p><\/blockquote>\n\n\n\n<p><strong>E como ve unha futura xornalista, un sector socialmene tan relevante ?<\/strong><\/p>\n\n\n\n<blockquote class=\"wp-block-quote is-layout-flow wp-block-quote-is-layout-flow\"><p>Eu o que vexo tanto polas ilusi\u00f3ns e desexos dos estudantes que me acompa\u00f1an na universidade, como polo que nos tratan de transmitir as profesoras e profesores \u00e9 que o sector precisa un cambio. A mi\u00f1a experiencia coa realidade que me rodea na facultade l\u00e9vame a afirmar a mi\u00f1a esperanza no futuro. Estou segura de que van sa\u00edr, da ni\u00f1a xeraci\u00f3n, boas e bos xornalistas.<\/p><\/blockquote>\n\n\n\n<p><strong>Un xornal no que nunca traballar\u00edas?<\/strong><\/p>\n\n\n\n<blockquote class=\"wp-block-quote is-layout-flow wp-block-quote-is-layout-flow\"><p>OK diario<\/p><\/blockquote>\n\n\n\n<p><strong>Creo que vas facer unha reportaxe sobre un tema moi relevante para Redondela, verdade?<\/strong><\/p>\n\n\n\n<blockquote class=\"wp-block-quote is-layout-flow wp-block-quote-is-layout-flow\"><p>Pois si.Nunha das asignaturas encarg\u00e1ronnos facer unha reportaxe de tema libre ,e unha compa\u00f1eira e eu escollimos facelo da f\u00e1brica de Regojo.<\/p><\/blockquote>\n\n\n\n<p><strong>Que interesante\u00a1\u00a1.E xa tedes decidido o enfoque que lle queredes dar\u00a1\u00a1<\/strong><\/p>\n\n\n\n<blockquote class=\"wp-block-quote is-layout-flow wp-block-quote-is-layout-flow\"><p>Temos a intenci\u00f3n de centralo nas loitas labor\u00e1is dos traballadores e traballadoras<\/p><\/blockquote>\n\n\n\n<p><strong>Como procurades a informaci\u00f3n?<\/strong><\/p>\n\n\n\n<blockquote class=\"wp-block-quote is-layout-flow wp-block-quote-is-layout-flow\"><p>Estamos a falar con persoas que viviron aquelas circunstancias.Eu consid\u00e9rome unha persoa de elevado compromiso social e entendo que unha das funci\u00f3n do xornalismo debe de ser darlle voz a quen non ten a oportunidade de tela.<\/p><\/blockquote>\n\n\n\n<p><strong>Ben, e agora falemos da t\u00faa faceta de poeta?<\/strong><\/p>\n\n\n\n<blockquote class=\"wp-block-quote is-layout-flow wp-block-quote-is-layout-flow\"><p>A min g\u00fastame a escribir, de momento foi poes\u00eda pero non quero pecharme a otros x\u00e9neros<\/p><\/blockquote>\n\n\n\n<p><strong>Es unha persoa escrupulosa cos form\u00e1lismos m\u00e9tricos?<\/strong><\/p>\n\n\n\n<blockquote class=\"wp-block-quote is-layout-flow wp-block-quote-is-layout-flow\"><p>Non. Eu son m\u00e1is de significados que de cuesti\u00f3n estil\u00edsticas, e as estruturas r\u00edxidas poden supor unha limitaci\u00f3n para expresar o que unha sinte e precisa expresar<\/p><\/blockquote>\n\n\n\n<p><strong>A poes\u00eda, en persoas moi novas coma ti, soe agromar de experiencias persoais. No caso de \u201cSoltar\u201d?<\/strong><\/p>\n\n\n\n<blockquote class=\"wp-block-quote is-layout-flow wp-block-quote-is-layout-flow\"><p>No meu caso tam\u00e9n. A min dame menos medo soltar o que penso que gardalo para min mesma<\/p><\/blockquote>\n\n\n\n<p><strong>Cales son eses aspectos vitais que inspiran os poemas de \u201cSoltar\u201d?<\/strong><\/p>\n\n\n\n<blockquote class=\"wp-block-quote is-layout-flow wp-block-quote-is-layout-flow\"><p>Se cadra a mi\u00f1a experiencia persoal ante os sentimientos consubstanciais \u00e1 especie humana cando me tocou afrontalos en carne propia<\/p><\/blockquote>\n\n\n\n<p><strong>Que son?<\/strong><\/p>\n\n\n\n<blockquote class=\"wp-block-quote is-layout-flow wp-block-quote-is-layout-flow\"><p>A morte, o amor, o desamor, a amizade e as peque\u00f1as cousas da vida que nos fan sentir ben<\/p><\/blockquote>\n\n\n\n<p><strong>Es moi nova para ter que tratar coa morte<\/strong><\/p>\n\n\n\n<blockquote class=\"wp-block-quote is-layout-flow wp-block-quote-is-layout-flow\"><p>Xa, pero o meu pai faleceu hai dous anos e varios dos poemas ded\u00edcollos a el. A min, a poes\u00eda axudoume a levar o d\u00f3<\/p><\/blockquote>\n\n\n\n<p><strong>Tam\u00e9n hai alg\u00fan poema no que falas da violencia exercida contra as mulleres verdade?<\/strong><\/p>\n\n\n\n<blockquote class=\"wp-block-quote is-layout-flow wp-block-quote-is-layout-flow\"><p>Si. Considero que esa situaci\u00f3n \u00e9 unha realidade horrible que hai que denunciar con contundencia. \u00c9 a \u00fanica forma posible de combatela. Asemade a educaci\u00f3n aos nenos para que aprendan a convivir en igualdade, e que cando crezan non reproduzan comportamentos machistas, \u00e9 moi necesaria e debe ser mellorada.<\/p><\/blockquote>\n\n\n\n<p><strong>Se cadra o que m\u00e1is chama a atenci\u00f3n da t\u00faa poes\u00eda \u00e9 a s\u00faa profunda intensidade?<\/strong><\/p>\n\n\n\n<blockquote class=\"wp-block-quote is-layout-flow wp-block-quote-is-layout-flow\"><p>Ese \u00e9 un risco do meu car\u00e1cter, si. P\u00f3dese dicir que eu son unha persoa moi intensa<\/p><\/blockquote>\n\n\n\n<p><strong>E tanto :\u201dVivo r\u00e1pido porque os meus sentimientos me aburren\u201d<\/strong><\/p>\n\n\n\n<blockquote class=\"wp-block-quote is-layout-flow wp-block-quote-is-layout-flow\"><p>Ha ha ha ha.Non \u00e9 que me aburra con facilidade pero sempre me gustou vivilo todo con moita intensidade<\/p><\/blockquote>\n\n\n\n<p><strong>Pois moitas grazas Sara. Xa para rematar, para calquera lector ou lectora que lle interese, como se pode mercar SOLTAR?<\/strong><\/p>\n\n\n\n<blockquote class=\"wp-block-quote is-layout-flow wp-block-quote-is-layout-flow\"><p>Inicialmente por INTERNET. A\u00ednda que se o encargas en calquera librer\u00eda non creo que haxa problema en que cho pidan eles.<\/p><\/blockquote>\n","protected":false},"excerpt":{"rendered":"<div class=\"mh-excerpt\"><p>Sara \u00e9 unha moza de Redondela de tan s\u00f3 20 anos que pasa a s\u00faa vida entre a nosa vila e a illa de Fuerteventura. Ela est\u00e1 estudando xornalismo e acaban de publicarlle o seu primeiro libro. \u00c9 un libro de poemas chamado \u201cSoltar\u201d <a class=\"mh-excerpt-more\" href=\"https:\/\/www.anovapeneira.gal\/index.php\/2020\/12\/11\/sara-vera-escritora-e-futura-xornalista-de-redondela\/\" title=\"Sara Vera, escritora e futura xornalista de Redondela\">[&#8230;]<\/a><\/p>\n<\/div>","protected":false},"author":6,"featured_media":4464,"comment_status":"open","ping_status":"open","sticky":false,"template":"","format":"standard","meta":{"_exactmetrics_skip_tracking":false,"_exactmetrics_sitenote_active":false,"_exactmetrics_sitenote_note":"","_exactmetrics_sitenote_category":0,"footnotes":""},"categories":[270],"tags":[171],"class_list":{"0":"post-4463","1":"post","2":"type-post","3":"status-publish","4":"format-standard","5":"has-post-thumbnail","7":"category-redondela-entrevistas","8":"tag-concello-de-redondela"},"yoast_head":"<!-- This site is optimized with the Yoast SEO plugin v27.4 - https:\/\/yoast.com\/product\/yoast-seo-wordpress\/ -->\n<title>Sara Vera, escritora e futura xornalista de Redondela -<\/title>\n<meta name=\"description\" content=\"Sara \u00e9 unha moza de Redondela de tan s\u00f3 20 anos que pasa a s\u00faa vida entre a nosa vila e a illa de Fuerteventura. Ela est\u00e1 estudando xornalismo e acaban de publicarlle o seu primeiro libro. \u00c9 un libro de poemas chamado \u201cSoltar\u201d\" \/>\n<meta name=\"robots\" content=\"index, follow, max-snippet:-1, max-image-preview:large, max-video-preview:-1\" \/>\n<link rel=\"canonical\" href=\"https:\/\/www.anovapeneira.gal\/index.php\/2020\/12\/11\/sara-vera-escritora-e-futura-xornalista-de-redondela\/\" \/>\n<meta property=\"og:locale\" content=\"gl_ES\" \/>\n<meta property=\"og:type\" content=\"article\" \/>\n<meta property=\"og:title\" content=\"Sara Vera, escritora e futura xornalista de Redondela -\" \/>\n<meta property=\"og:description\" content=\"Sara \u00e9 unha moza de Redondela de tan s\u00f3 20 anos que pasa a s\u00faa vida entre a nosa vila e a illa de Fuerteventura. Ela est\u00e1 estudando xornalismo e acaban de publicarlle o seu primeiro libro. \u00c9 un libro de poemas chamado \u201cSoltar\u201d\" \/>\n<meta property=\"og:url\" content=\"https:\/\/www.anovapeneira.gal\/index.php\/2020\/12\/11\/sara-vera-escritora-e-futura-xornalista-de-redondela\/\" \/>\n<meta property=\"article:publisher\" content=\"https:\/\/www.facebook.com\/anovapeneira\" \/>\n<meta property=\"article:published_time\" content=\"2020-12-11T09:00:51+00:00\" \/>\n<meta property=\"og:image\" content=\"https:\/\/www.anovapeneira.gal\/wp-content\/uploads\/2020\/12\/sara_vera_poeta_redondela.jpg\" \/>\n\t<meta property=\"og:image:width\" content=\"720\" \/>\n\t<meta property=\"og:image:height\" content=\"432\" \/>\n\t<meta property=\"og:image:type\" content=\"image\/jpeg\" \/>\n<meta name=\"author\" content=\"Marcos Santos\" \/>\n<meta name=\"twitter:card\" content=\"summary_large_image\" \/>\n<meta name=\"twitter:creator\" content=\"@APeneira\" \/>\n<meta name=\"twitter:site\" content=\"@APeneira\" \/>\n<meta name=\"twitter:label1\" content=\"Escrito por\" \/>\n\t<meta name=\"twitter:data1\" content=\"Marcos Santos\" \/>\n\t<meta name=\"twitter:label2\" content=\"Tempo de lectura\" \/>\n\t<meta name=\"twitter:data2\" content=\"5 minutos\" \/>\n<script type=\"application\/ld+json\" class=\"yoast-schema-graph\">{\"@context\":\"https:\\\/\\\/schema.org\",\"@graph\":[{\"@type\":\"Article\",\"@id\":\"https:\\\/\\\/www.anovapeneira.gal\\\/index.php\\\/2020\\\/12\\\/11\\\/sara-vera-escritora-e-futura-xornalista-de-redondela\\\/#article\",\"isPartOf\":{\"@id\":\"https:\\\/\\\/www.anovapeneira.gal\\\/index.php\\\/2020\\\/12\\\/11\\\/sara-vera-escritora-e-futura-xornalista-de-redondela\\\/\"},\"author\":{\"name\":\"Marcos Santos\",\"@id\":\"https:\\\/\\\/www.anovapeneira.gal\\\/#\\\/schema\\\/person\\\/d9d84823564720e7593293bab054e52d\"},\"headline\":\"Sara Vera, escritora e futura xornalista de Redondela\",\"datePublished\":\"2020-12-11T09:00:51+00:00\",\"mainEntityOfPage\":{\"@id\":\"https:\\\/\\\/www.anovapeneira.gal\\\/index.php\\\/2020\\\/12\\\/11\\\/sara-vera-escritora-e-futura-xornalista-de-redondela\\\/\"},\"wordCount\":923,\"commentCount\":0,\"publisher\":{\"@id\":\"https:\\\/\\\/www.anovapeneira.gal\\\/#organization\"},\"image\":{\"@id\":\"https:\\\/\\\/www.anovapeneira.gal\\\/index.php\\\/2020\\\/12\\\/11\\\/sara-vera-escritora-e-futura-xornalista-de-redondela\\\/#primaryimage\"},\"thumbnailUrl\":\"https:\\\/\\\/www.anovapeneira.gal\\\/wp-content\\\/uploads\\\/2020\\\/12\\\/sara_vera_poeta_redondela.jpg\",\"keywords\":[\"Concello de Redondela\"],\"articleSection\":[\"Redondela\"],\"inLanguage\":\"gl-ES\",\"potentialAction\":[{\"@type\":\"CommentAction\",\"name\":\"Comment\",\"target\":[\"https:\\\/\\\/www.anovapeneira.gal\\\/index.php\\\/2020\\\/12\\\/11\\\/sara-vera-escritora-e-futura-xornalista-de-redondela\\\/#respond\"]}]},{\"@type\":\"WebPage\",\"@id\":\"https:\\\/\\\/www.anovapeneira.gal\\\/index.php\\\/2020\\\/12\\\/11\\\/sara-vera-escritora-e-futura-xornalista-de-redondela\\\/\",\"url\":\"https:\\\/\\\/www.anovapeneira.gal\\\/index.php\\\/2020\\\/12\\\/11\\\/sara-vera-escritora-e-futura-xornalista-de-redondela\\\/\",\"name\":\"Sara Vera, escritora e futura xornalista de Redondela -\",\"isPartOf\":{\"@id\":\"https:\\\/\\\/www.anovapeneira.gal\\\/#website\"},\"primaryImageOfPage\":{\"@id\":\"https:\\\/\\\/www.anovapeneira.gal\\\/index.php\\\/2020\\\/12\\\/11\\\/sara-vera-escritora-e-futura-xornalista-de-redondela\\\/#primaryimage\"},\"image\":{\"@id\":\"https:\\\/\\\/www.anovapeneira.gal\\\/index.php\\\/2020\\\/12\\\/11\\\/sara-vera-escritora-e-futura-xornalista-de-redondela\\\/#primaryimage\"},\"thumbnailUrl\":\"https:\\\/\\\/www.anovapeneira.gal\\\/wp-content\\\/uploads\\\/2020\\\/12\\\/sara_vera_poeta_redondela.jpg\",\"datePublished\":\"2020-12-11T09:00:51+00:00\",\"description\":\"Sara \u00e9 unha moza de Redondela de tan s\u00f3 20 anos que pasa a s\u00faa vida entre a nosa vila e a illa de Fuerteventura. Ela est\u00e1 estudando xornalismo e acaban de publicarlle o seu primeiro libro. \u00c9 un libro de poemas chamado \u201cSoltar\u201d\",\"breadcrumb\":{\"@id\":\"https:\\\/\\\/www.anovapeneira.gal\\\/index.php\\\/2020\\\/12\\\/11\\\/sara-vera-escritora-e-futura-xornalista-de-redondela\\\/#breadcrumb\"},\"inLanguage\":\"gl-ES\",\"potentialAction\":[{\"@type\":\"ReadAction\",\"target\":[\"https:\\\/\\\/www.anovapeneira.gal\\\/index.php\\\/2020\\\/12\\\/11\\\/sara-vera-escritora-e-futura-xornalista-de-redondela\\\/\"]}]},{\"@type\":\"ImageObject\",\"inLanguage\":\"gl-ES\",\"@id\":\"https:\\\/\\\/www.anovapeneira.gal\\\/index.php\\\/2020\\\/12\\\/11\\\/sara-vera-escritora-e-futura-xornalista-de-redondela\\\/#primaryimage\",\"url\":\"https:\\\/\\\/www.anovapeneira.gal\\\/wp-content\\\/uploads\\\/2020\\\/12\\\/sara_vera_poeta_redondela.jpg\",\"contentUrl\":\"https:\\\/\\\/www.anovapeneira.gal\\\/wp-content\\\/uploads\\\/2020\\\/12\\\/sara_vera_poeta_redondela.jpg\",\"width\":720,\"height\":432,\"caption\":\"Sara Vera, escritora e futura xornalista de Redondela\"},{\"@type\":\"BreadcrumbList\",\"@id\":\"https:\\\/\\\/www.anovapeneira.gal\\\/index.php\\\/2020\\\/12\\\/11\\\/sara-vera-escritora-e-futura-xornalista-de-redondela\\\/#breadcrumb\",\"itemListElement\":[{\"@type\":\"ListItem\",\"position\":1,\"name\":\"Portada\",\"item\":\"https:\\\/\\\/www.anovapeneira.gal\\\/\"},{\"@type\":\"ListItem\",\"position\":2,\"name\":\"Sara Vera, escritora e futura xornalista de Redondela\"}]},{\"@type\":\"WebSite\",\"@id\":\"https:\\\/\\\/www.anovapeneira.gal\\\/#website\",\"url\":\"https:\\\/\\\/www.anovapeneira.gal\\\/\",\"name\":\"\",\"description\":\"Xornal galego de informaci\u00f3n xeral Publicaci\u00f3n mensual de novas de Galicia e en especial dos Concellos da sur da provincia de Pontevedra.\",\"publisher\":{\"@id\":\"https:\\\/\\\/www.anovapeneira.gal\\\/#organization\"},\"potentialAction\":[{\"@type\":\"SearchAction\",\"target\":{\"@type\":\"EntryPoint\",\"urlTemplate\":\"https:\\\/\\\/www.anovapeneira.gal\\\/?s={search_term_string}\"},\"query-input\":{\"@type\":\"PropertyValueSpecification\",\"valueRequired\":true,\"valueName\":\"search_term_string\"}}],\"inLanguage\":\"gl-ES\"},{\"@type\":\"Organization\",\"@id\":\"https:\\\/\\\/www.anovapeneira.gal\\\/#organization\",\"name\":\"A Nova Peneira\",\"url\":\"https:\\\/\\\/www.anovapeneira.gal\\\/\",\"logo\":{\"@type\":\"ImageObject\",\"inLanguage\":\"gl-ES\",\"@id\":\"https:\\\/\\\/www.anovapeneira.gal\\\/#\\\/schema\\\/logo\\\/image\\\/\",\"url\":\"http:\\\/\\\/www.anovapeneira.gal\\\/wp-content\\\/uploads\\\/2019\\\/06\\\/logo_a_nova_peneira_portal_web.png\",\"contentUrl\":\"http:\\\/\\\/www.anovapeneira.gal\\\/wp-content\\\/uploads\\\/2019\\\/06\\\/logo_a_nova_peneira_portal_web.png\",\"width\":300,\"height\":100,\"caption\":\"A Nova Peneira\"},\"image\":{\"@id\":\"https:\\\/\\\/www.anovapeneira.gal\\\/#\\\/schema\\\/logo\\\/image\\\/\"},\"sameAs\":[\"https:\\\/\\\/www.facebook.com\\\/anovapeneira\",\"https:\\\/\\\/x.com\\\/APeneira\"]},{\"@type\":\"Person\",\"@id\":\"https:\\\/\\\/www.anovapeneira.gal\\\/#\\\/schema\\\/person\\\/d9d84823564720e7593293bab054e52d\",\"name\":\"Marcos Santos\",\"image\":{\"@type\":\"ImageObject\",\"inLanguage\":\"gl-ES\",\"@id\":\"https:\\\/\\\/secure.gravatar.com\\\/avatar\\\/0e8017099a7a47c0a9d2275e865fe326484561eb3d70649069e4b8e61a8d2e8c?s=96&d=mm&r=g\",\"url\":\"https:\\\/\\\/secure.gravatar.com\\\/avatar\\\/0e8017099a7a47c0a9d2275e865fe326484561eb3d70649069e4b8e61a8d2e8c?s=96&d=mm&r=g\",\"contentUrl\":\"https:\\\/\\\/secure.gravatar.com\\\/avatar\\\/0e8017099a7a47c0a9d2275e865fe326484561eb3d70649069e4b8e61a8d2e8c?s=96&d=mm&r=g\",\"caption\":\"Marcos Santos\"},\"sameAs\":[\"http:\\\/\\\/anovapeneira.gal\"],\"url\":\"https:\\\/\\\/www.anovapeneira.gal\\\/index.php\\\/author\\\/marcos-santos\\\/\"}]}<\/script>\n<!-- \/ Yoast SEO plugin. -->","yoast_head_json":{"title":"Sara Vera, escritora e futura xornalista de Redondela -","description":"Sara \u00e9 unha moza de Redondela de tan s\u00f3 20 anos que pasa a s\u00faa vida entre a nosa vila e a illa de Fuerteventura. Ela est\u00e1 estudando xornalismo e acaban de publicarlle o seu primeiro libro. \u00c9 un libro de poemas chamado \u201cSoltar\u201d","robots":{"index":"index","follow":"follow","max-snippet":"max-snippet:-1","max-image-preview":"max-image-preview:large","max-video-preview":"max-video-preview:-1"},"canonical":"https:\/\/www.anovapeneira.gal\/index.php\/2020\/12\/11\/sara-vera-escritora-e-futura-xornalista-de-redondela\/","og_locale":"gl_ES","og_type":"article","og_title":"Sara Vera, escritora e futura xornalista de Redondela -","og_description":"Sara \u00e9 unha moza de Redondela de tan s\u00f3 20 anos que pasa a s\u00faa vida entre a nosa vila e a illa de Fuerteventura. Ela est\u00e1 estudando xornalismo e acaban de publicarlle o seu primeiro libro. \u00c9 un libro de poemas chamado \u201cSoltar\u201d","og_url":"https:\/\/www.anovapeneira.gal\/index.php\/2020\/12\/11\/sara-vera-escritora-e-futura-xornalista-de-redondela\/","article_publisher":"https:\/\/www.facebook.com\/anovapeneira","article_published_time":"2020-12-11T09:00:51+00:00","og_image":[{"width":720,"height":432,"url":"https:\/\/www.anovapeneira.gal\/wp-content\/uploads\/2020\/12\/sara_vera_poeta_redondela.jpg","type":"image\/jpeg"}],"author":"Marcos Santos","twitter_card":"summary_large_image","twitter_creator":"@APeneira","twitter_site":"@APeneira","twitter_misc":{"Escrito por":"Marcos Santos","Tempo de lectura":"5 minutos"},"schema":{"@context":"https:\/\/schema.org","@graph":[{"@type":"Article","@id":"https:\/\/www.anovapeneira.gal\/index.php\/2020\/12\/11\/sara-vera-escritora-e-futura-xornalista-de-redondela\/#article","isPartOf":{"@id":"https:\/\/www.anovapeneira.gal\/index.php\/2020\/12\/11\/sara-vera-escritora-e-futura-xornalista-de-redondela\/"},"author":{"name":"Marcos Santos","@id":"https:\/\/www.anovapeneira.gal\/#\/schema\/person\/d9d84823564720e7593293bab054e52d"},"headline":"Sara Vera, escritora e futura xornalista de Redondela","datePublished":"2020-12-11T09:00:51+00:00","mainEntityOfPage":{"@id":"https:\/\/www.anovapeneira.gal\/index.php\/2020\/12\/11\/sara-vera-escritora-e-futura-xornalista-de-redondela\/"},"wordCount":923,"commentCount":0,"publisher":{"@id":"https:\/\/www.anovapeneira.gal\/#organization"},"image":{"@id":"https:\/\/www.anovapeneira.gal\/index.php\/2020\/12\/11\/sara-vera-escritora-e-futura-xornalista-de-redondela\/#primaryimage"},"thumbnailUrl":"https:\/\/www.anovapeneira.gal\/wp-content\/uploads\/2020\/12\/sara_vera_poeta_redondela.jpg","keywords":["Concello de Redondela"],"articleSection":["Redondela"],"inLanguage":"gl-ES","potentialAction":[{"@type":"CommentAction","name":"Comment","target":["https:\/\/www.anovapeneira.gal\/index.php\/2020\/12\/11\/sara-vera-escritora-e-futura-xornalista-de-redondela\/#respond"]}]},{"@type":"WebPage","@id":"https:\/\/www.anovapeneira.gal\/index.php\/2020\/12\/11\/sara-vera-escritora-e-futura-xornalista-de-redondela\/","url":"https:\/\/www.anovapeneira.gal\/index.php\/2020\/12\/11\/sara-vera-escritora-e-futura-xornalista-de-redondela\/","name":"Sara Vera, escritora e futura xornalista de Redondela -","isPartOf":{"@id":"https:\/\/www.anovapeneira.gal\/#website"},"primaryImageOfPage":{"@id":"https:\/\/www.anovapeneira.gal\/index.php\/2020\/12\/11\/sara-vera-escritora-e-futura-xornalista-de-redondela\/#primaryimage"},"image":{"@id":"https:\/\/www.anovapeneira.gal\/index.php\/2020\/12\/11\/sara-vera-escritora-e-futura-xornalista-de-redondela\/#primaryimage"},"thumbnailUrl":"https:\/\/www.anovapeneira.gal\/wp-content\/uploads\/2020\/12\/sara_vera_poeta_redondela.jpg","datePublished":"2020-12-11T09:00:51+00:00","description":"Sara \u00e9 unha moza de Redondela de tan s\u00f3 20 anos que pasa a s\u00faa vida entre a nosa vila e a illa de Fuerteventura. Ela est\u00e1 estudando xornalismo e acaban de publicarlle o seu primeiro libro. \u00c9 un libro de poemas chamado \u201cSoltar\u201d","breadcrumb":{"@id":"https:\/\/www.anovapeneira.gal\/index.php\/2020\/12\/11\/sara-vera-escritora-e-futura-xornalista-de-redondela\/#breadcrumb"},"inLanguage":"gl-ES","potentialAction":[{"@type":"ReadAction","target":["https:\/\/www.anovapeneira.gal\/index.php\/2020\/12\/11\/sara-vera-escritora-e-futura-xornalista-de-redondela\/"]}]},{"@type":"ImageObject","inLanguage":"gl-ES","@id":"https:\/\/www.anovapeneira.gal\/index.php\/2020\/12\/11\/sara-vera-escritora-e-futura-xornalista-de-redondela\/#primaryimage","url":"https:\/\/www.anovapeneira.gal\/wp-content\/uploads\/2020\/12\/sara_vera_poeta_redondela.jpg","contentUrl":"https:\/\/www.anovapeneira.gal\/wp-content\/uploads\/2020\/12\/sara_vera_poeta_redondela.jpg","width":720,"height":432,"caption":"Sara Vera, escritora e futura xornalista de Redondela"},{"@type":"BreadcrumbList","@id":"https:\/\/www.anovapeneira.gal\/index.php\/2020\/12\/11\/sara-vera-escritora-e-futura-xornalista-de-redondela\/#breadcrumb","itemListElement":[{"@type":"ListItem","position":1,"name":"Portada","item":"https:\/\/www.anovapeneira.gal\/"},{"@type":"ListItem","position":2,"name":"Sara Vera, escritora e futura xornalista de Redondela"}]},{"@type":"WebSite","@id":"https:\/\/www.anovapeneira.gal\/#website","url":"https:\/\/www.anovapeneira.gal\/","name":"","description":"Xornal galego de informaci\u00f3n xeral Publicaci\u00f3n mensual de novas de Galicia e en especial dos Concellos da sur da provincia de Pontevedra.","publisher":{"@id":"https:\/\/www.anovapeneira.gal\/#organization"},"potentialAction":[{"@type":"SearchAction","target":{"@type":"EntryPoint","urlTemplate":"https:\/\/www.anovapeneira.gal\/?s={search_term_string}"},"query-input":{"@type":"PropertyValueSpecification","valueRequired":true,"valueName":"search_term_string"}}],"inLanguage":"gl-ES"},{"@type":"Organization","@id":"https:\/\/www.anovapeneira.gal\/#organization","name":"A Nova Peneira","url":"https:\/\/www.anovapeneira.gal\/","logo":{"@type":"ImageObject","inLanguage":"gl-ES","@id":"https:\/\/www.anovapeneira.gal\/#\/schema\/logo\/image\/","url":"http:\/\/www.anovapeneira.gal\/wp-content\/uploads\/2019\/06\/logo_a_nova_peneira_portal_web.png","contentUrl":"http:\/\/www.anovapeneira.gal\/wp-content\/uploads\/2019\/06\/logo_a_nova_peneira_portal_web.png","width":300,"height":100,"caption":"A Nova Peneira"},"image":{"@id":"https:\/\/www.anovapeneira.gal\/#\/schema\/logo\/image\/"},"sameAs":["https:\/\/www.facebook.com\/anovapeneira","https:\/\/x.com\/APeneira"]},{"@type":"Person","@id":"https:\/\/www.anovapeneira.gal\/#\/schema\/person\/d9d84823564720e7593293bab054e52d","name":"Marcos Santos","image":{"@type":"ImageObject","inLanguage":"gl-ES","@id":"https:\/\/secure.gravatar.com\/avatar\/0e8017099a7a47c0a9d2275e865fe326484561eb3d70649069e4b8e61a8d2e8c?s=96&d=mm&r=g","url":"https:\/\/secure.gravatar.com\/avatar\/0e8017099a7a47c0a9d2275e865fe326484561eb3d70649069e4b8e61a8d2e8c?s=96&d=mm&r=g","contentUrl":"https:\/\/secure.gravatar.com\/avatar\/0e8017099a7a47c0a9d2275e865fe326484561eb3d70649069e4b8e61a8d2e8c?s=96&d=mm&r=g","caption":"Marcos Santos"},"sameAs":["http:\/\/anovapeneira.gal"],"url":"https:\/\/www.anovapeneira.gal\/index.php\/author\/marcos-santos\/"}]}},"jetpack_featured_media_url":"https:\/\/www.anovapeneira.gal\/wp-content\/uploads\/2020\/12\/sara_vera_poeta_redondela.jpg","_links":{"self":[{"href":"https:\/\/www.anovapeneira.gal\/index.php\/wp-json\/wp\/v2\/posts\/4463","targetHints":{"allow":["GET"]}}],"collection":[{"href":"https:\/\/www.anovapeneira.gal\/index.php\/wp-json\/wp\/v2\/posts"}],"about":[{"href":"https:\/\/www.anovapeneira.gal\/index.php\/wp-json\/wp\/v2\/types\/post"}],"author":[{"embeddable":true,"href":"https:\/\/www.anovapeneira.gal\/index.php\/wp-json\/wp\/v2\/users\/6"}],"replies":[{"embeddable":true,"href":"https:\/\/www.anovapeneira.gal\/index.php\/wp-json\/wp\/v2\/comments?post=4463"}],"version-history":[{"count":2,"href":"https:\/\/www.anovapeneira.gal\/index.php\/wp-json\/wp\/v2\/posts\/4463\/revisions"}],"predecessor-version":[{"id":4466,"href":"https:\/\/www.anovapeneira.gal\/index.php\/wp-json\/wp\/v2\/posts\/4463\/revisions\/4466"}],"wp:featuredmedia":[{"embeddable":true,"href":"https:\/\/www.anovapeneira.gal\/index.php\/wp-json\/wp\/v2\/media\/4464"}],"wp:attachment":[{"href":"https:\/\/www.anovapeneira.gal\/index.php\/wp-json\/wp\/v2\/media?parent=4463"}],"wp:term":[{"taxonomy":"category","embeddable":true,"href":"https:\/\/www.anovapeneira.gal\/index.php\/wp-json\/wp\/v2\/categories?post=4463"},{"taxonomy":"post_tag","embeddable":true,"href":"https:\/\/www.anovapeneira.gal\/index.php\/wp-json\/wp\/v2\/tags?post=4463"}],"curies":[{"name":"wp","href":"https:\/\/api.w.org\/{rel}","templated":true}]}}