{"id":4467,"date":"2020-12-11T12:00:35","date_gmt":"2020-12-11T11:00:35","guid":{"rendered":"http:\/\/www.anovapeneira.gal\/?p=4467"},"modified":"2020-12-07T12:45:10","modified_gmt":"2020-12-07T11:45:10","slug":"a-sociedade-galega-ante-a-vacina-da-covid-19","status":"publish","type":"post","link":"https:\/\/www.anovapeneira.gal\/index.php\/2020\/12\/11\/a-sociedade-galega-ante-a-vacina-da-covid-19\/","title":{"rendered":"A sociedade galega ante a vacina da Covid-19"},"content":{"rendered":"\n<p>Ante a pr\u00f3xima chegada das festas de Nadal, e despois dun mes coa hostalar\u00eda pechada nas principais poboaci\u00f3ns galegas, con peches perimetrais de boa parte de concellos e \u00e1reas sanitarias, con limitaci\u00f3ns ou prohibici\u00f3ns de xuntanzas entre persoas non conviventes, o goberno galego iniciou o que Feijoo denominou como a\u201d desescalada\u201d en Galicia, con certa relaxaci\u00f3n no que as xuntanzas de non conviventes se refire, cunha apertura a medio gas da hostalar\u00eda e co mantemento, incluso nalg\u00fan caso o endurecemento , dos peches perimetrais. Ben \u00e9 certo, que este mes de restrici\u00f3ns deu resultado en canto a que todos os n\u00fameros que indican o estado da epidemia son mellores que no mes pasado. O n\u00famero de contaxios diarios reduciuse, a incidencia acumulada tam\u00e9n( de feito Galicia deixa de estar e risco extremo ao termos unha incidencia menor a 250 casos por cada 100.000 habitantes) a presi\u00f3n hospitalaria e notablemente inferior, e as taxas de positividade son tam\u00e9n moito mais baixas que no momento de decretar as restrici\u00f3ns de mobilidade. Por\u00e9n de ning\u00fan modo se pode dicir que a situaci\u00f3n estea baixo control. A d\u00eda de redactar este texto , 6 de decembro, o SERGAS notificou 296 persoas diagnosticadas no d\u00eda anterior. Estamos nun abano de entre 250 e 350 persoas que cada d\u00eda son detectadas como novas infectadas polo virus que mudou a vida de toda a humanidade. Arredor de 300 contaxios ao d\u00eda, nun contexto de moi severas limitaci\u00f3ns no contacto social, indican con claridade a existencia de transmisi\u00f3n comunitaria. E a inminencia das festas de Nadal, coa conseguinte relaxaci\u00f3n das medidas de prevenci\u00f3n e o inevitable aumento de xuntanzas familiares fai temer aos epidemi\u00f3logos que a partir de xaneiro volvamos sufrir outro repunte de contaxios.<\/p>\n\n\n\n<p>A evoluci\u00f3n dos acontementos parece indicar que a estratexia de convivir co virus tratando de minimizar os seus efectos , no mellor dos casos, pode servir para que se produzan curvas de ascensos e descensos en directa relaci\u00f3n coas medidas restritivas existentes. \u00c9 dicir, cando menos elevadas son as limitaci\u00f3ns de mobilidade, e polo tanto hai m\u00e1is contacto social, ascenden os casos. E cando m\u00e1is elevadas son as restrici\u00f3ns, e polo tanto dimin\u00fae o contacto social, os casos volven a descender. Por desgraza non parece que o suficiente para poder controlar a pandemia. Se cadra, s\u00f3 un confinamento total prolongado no tempo, ou a aparici\u00f3n dunha vacina efectiva son as ferramentas que permitan acabar por fin con este pesadelo e volvermos \u00e1 vida que tivemos ata o mes de marzo deste ano.<\/p>\n\n\n\n<p>Nun tempo r\u00e9cord na historian da humanidade, semella que existen xa varias vacinas en disposici\u00f3n de ser administradas de maneira masiva a porcentaxes significativas de poboaci\u00f3n a partir de principios do ano pr\u00f3ximo. De feito, o presidente S\u00e1nchez manifestou recentemente que confiaba en que no mes de maio( supostamente cando remata o estado de alarma) haxa unha importante porcentaxe de poboaci\u00f3n do estado, xa vacinada, e esteamos en cami\u00f1o de acadarmos a inmunidade de grupo( cando o n\u00famero de persoas inmunizadas \u00e9 tan grande que fai imposible a expansi\u00f3n do virus).<\/p>\n\n\n\n<p>Nas mi\u00f1as viaxes polo pa\u00eds galego converso con moit\u00edsimas persoas. E neste \u00faltimo ano a charla sobre a situaci\u00f3n sanitaria practicamente monopoliza calquera tipo de conversa. Te\u00f1o que reco\u00f1ecer que me sorprendeu bastante encontrarme cun n\u00famero relevante de persoas que me manifestaron a s\u00faa total oposici\u00f3n a seren vacinadas, a maior parte por medo ao desco\u00f1ecido, algunhas por prexu\u00edzos cara as campa\u00f1as de vacinaci\u00f3n en xeral, e unha pequena parte alegan estramb\u00f3ticas teor\u00edas sobre intrigas e conspiraci\u00f3ns.<\/p>\n\n\n\n<p>Non te\u00f1o por costume facer enquisas, nin domino as porcentaxes de poboaci\u00f3n das que \u00e9 necesario co\u00f1ecer a s\u00faa opini\u00f3n para considerar a mostra como representativa da sociedade en xeral, pero son un home moi curioso e pregunteille a 400 persoas a s\u00faa opini\u00f3n ao respecto. O resultado foi o seguinte:<\/p>\n\n\n\n<p><strong>Persoas preguntadas: 400<\/strong><\/p>\n\n\n\n<figure class=\"wp-block-table is-style-stripes\"><table><tbody><tr><td><strong>Homes<\/strong><\/td><td><strong>200<\/strong><\/td><\/tr><tr><td><strong>Mulleres<\/strong><\/td><td><strong>200<\/strong><\/td><\/tr><\/tbody><\/table><\/figure>\n\n\n\n<h2 class=\"wp-block-heading\"><strong>Pregunta: Cando o proceso de vacinaci\u00f3n estea en curso queres ser vacinado voluntariamente? : SI-NON<\/strong><\/h2>\n\n\n\n<p class=\"has-vivid-cyan-blue-color has-text-color\"><strong>\u00c1rea xeogr\u00e1fica: Galicia<\/strong><\/p>\n\n\n\n<p><strong>\u00c1mbito poboacional: Todos os existentes ( cidades, vilas e aldeas)<\/strong><\/p>\n\n\n\n<figure class=\"wp-block-table is-style-stripes\"><table><tbody><tr><td><strong>Contestaron<\/strong><\/td><td><strong>285( 130 homes e 155 mulleres)<\/strong><\/td><td><strong>71,25 %<\/strong><\/td><\/tr><tr><td><strong>Non contestaron<\/strong><\/td><td><strong>115<\/strong><\/td><td><strong>28,75%<\/strong><\/td><\/tr><\/tbody><\/table><\/figure>\n\n\n\n<p class=\"has-vivid-cyan-blue-color has-text-color\"><strong>Respostas totais<\/strong><\/p>\n\n\n\n<figure class=\"wp-block-table is-style-stripes\"><table><tbody><tr><td><strong>Queren vacinarse<\/strong><\/td><td><strong>204<\/strong><\/td><td><strong>71,57%<\/strong><\/td><\/tr><tr><td><strong>Non queren vacinarse<\/strong><\/td><td><strong>61<\/strong><\/td><td><strong>21,40%<\/strong><\/td><\/tr><tr><td><strong>Dubidan<\/strong><\/td><td><strong>20<\/strong><\/td><td><strong>7,02 %<\/strong><\/td><\/tr><\/tbody><\/table><\/figure>\n\n\n\n<p class=\"has-vivid-cyan-blue-color has-text-color\"><strong>Vexamos os resultados desagregados por x\u00e9neros<\/strong><\/p>\n\n\n\n<p><strong>Mulleres 155 respostas<\/strong><\/p>\n\n\n\n<figure class=\"wp-block-table is-style-stripes\"><table><tbody><tr><td><strong>Queren vacinarse<\/strong><\/td><td><strong>103<\/strong><\/td><td><strong>66,45%<\/strong><\/td><\/tr><tr><td><strong>Non queren vacinarse<\/strong><\/td><td><strong>43<\/strong><\/td><td><strong>27,74%<\/strong><\/td><\/tr><tr><td><strong>Dubidan<\/strong><\/td><td><strong>9<\/strong><\/td><td><strong>5,80%<\/strong><\/td><\/tr><\/tbody><\/table><\/figure>\n\n\n\n<p><strong>Homes 130 respostas<\/strong><\/p>\n\n\n\n<figure class=\"wp-block-table is-style-stripes\"><table><tbody><tr><td><strong>Queren vacinarse<\/strong><\/td><td><strong>101<\/strong><\/td><td><strong>77,69%<\/strong><\/td><\/tr><tr><td><strong>Non queren vacinarse<\/strong><\/td><td><strong>18<\/strong><\/td><td><strong>13,85%<\/strong><\/td><\/tr><tr><td><strong>Dubidan<\/strong><\/td><td><strong>11<\/strong><\/td><td><strong>8,46%<\/strong><\/td><\/tr><\/tbody><\/table><\/figure>\n\n\n\n<p>En ning\u00fan caso preguntamos os motivos nin dos que queren facelo, nin dos que non queren. Nin sequera consideramos as raz\u00f3ns de quen voluntariamente si as ofreceu. Este \u00e9 un traballo puramente estat\u00edstico que parece indicar que arredor do 70% da poboaci\u00f3n galega si estar\u00eda disposta a ser vacinada de maneira voluntaria. Veremos cando chegue o momento de contrastalo coa realidade o seu nivel de verosimilitude.<\/p>\n","protected":false},"excerpt":{"rendered":"<div class=\"mh-excerpt\"><p>Ante a pr\u00f3xima chegada das festas de Nadal, e despois dun mes coa hostalar\u00eda pechada nas principais poboaci\u00f3ns galegas, con peches perimetrais de boa parte de concellos e \u00e1reas sanitarias, con limitaci\u00f3ns ou prohibici\u00f3ns de xuntanzas entre persoas non conviventes, o goberno galego iniciou o que Feijoo denominou como a\u201d desescalada\u201d en Galici <a class=\"mh-excerpt-more\" href=\"https:\/\/www.anovapeneira.gal\/index.php\/2020\/12\/11\/a-sociedade-galega-ante-a-vacina-da-covid-19\/\" title=\"A sociedade galega ante a vacina da Covid-19\">[&#8230;]<\/a><\/p>\n<\/div>","protected":false},"author":3,"featured_media":4471,"comment_status":"open","ping_status":"open","sticky":false,"template":"","format":"standard","meta":{"_exactmetrics_skip_tracking":false,"_exactmetrics_sitenote_active":false,"_exactmetrics_sitenote_note":"","_exactmetrics_sitenote_category":0,"footnotes":""},"categories":[263],"tags":[1142],"class_list":{"0":"post-4467","1":"post","2":"type-post","3":"status-publish","4":"format-standard","5":"has-post-thumbnail","7":"category-novas","8":"tag-civid-19"},"yoast_head":"<!-- This site is optimized with the Yoast SEO plugin v27.4 - https:\/\/yoast.com\/product\/yoast-seo-wordpress\/ -->\n<title>A sociedade galega ante a vacina da Covid-19 -<\/title>\n<meta name=\"robots\" content=\"index, follow, max-snippet:-1, max-image-preview:large, max-video-preview:-1\" \/>\n<link rel=\"canonical\" href=\"https:\/\/www.anovapeneira.gal\/index.php\/2020\/12\/11\/a-sociedade-galega-ante-a-vacina-da-covid-19\/\" \/>\n<meta property=\"og:locale\" content=\"gl_ES\" \/>\n<meta property=\"og:type\" content=\"article\" \/>\n<meta property=\"og:title\" content=\"A sociedade galega ante a vacina da Covid-19 -\" \/>\n<meta property=\"og:description\" content=\"Ante a pr\u00f3xima chegada das festas de Nadal, e despois dun mes coa hostalar\u00eda pechada nas principais poboaci\u00f3ns galegas, con peches perimetrais de boa parte de concellos e \u00e1reas sanitarias, con limitaci\u00f3ns ou prohibici\u00f3ns de xuntanzas entre persoas non conviventes, o goberno galego iniciou o que Feijoo denominou como a\u201d desescalada\u201d en Galici [...]\" \/>\n<meta property=\"og:url\" content=\"https:\/\/www.anovapeneira.gal\/index.php\/2020\/12\/11\/a-sociedade-galega-ante-a-vacina-da-covid-19\/\" \/>\n<meta property=\"article:publisher\" content=\"https:\/\/www.facebook.com\/anovapeneira\" \/>\n<meta property=\"article:published_time\" content=\"2020-12-11T11:00:35+00:00\" \/>\n<meta property=\"og:image\" content=\"https:\/\/www.anovapeneira.gal\/wp-content\/uploads\/2020\/12\/vacina_covid.jpg\" \/>\n\t<meta property=\"og:image:width\" content=\"720\" \/>\n\t<meta property=\"og:image:height\" content=\"432\" \/>\n\t<meta property=\"og:image:type\" content=\"image\/jpeg\" \/>\n<meta name=\"author\" content=\"Redacci\u00f3n A Nova Peneira\" \/>\n<meta name=\"twitter:card\" content=\"summary_large_image\" \/>\n<meta name=\"twitter:creator\" content=\"@APeneira\" \/>\n<meta name=\"twitter:site\" content=\"@APeneira\" \/>\n<meta name=\"twitter:label1\" content=\"Escrito por\" \/>\n\t<meta name=\"twitter:data1\" content=\"Redacci\u00f3n A Nova Peneira\" \/>\n\t<meta name=\"twitter:label2\" content=\"Tempo de lectura\" \/>\n\t<meta name=\"twitter:data2\" content=\"4 minutos\" \/>\n<script type=\"application\/ld+json\" class=\"yoast-schema-graph\">{\"@context\":\"https:\\\/\\\/schema.org\",\"@graph\":[{\"@type\":\"Article\",\"@id\":\"https:\\\/\\\/www.anovapeneira.gal\\\/index.php\\\/2020\\\/12\\\/11\\\/a-sociedade-galega-ante-a-vacina-da-covid-19\\\/#article\",\"isPartOf\":{\"@id\":\"https:\\\/\\\/www.anovapeneira.gal\\\/index.php\\\/2020\\\/12\\\/11\\\/a-sociedade-galega-ante-a-vacina-da-covid-19\\\/\"},\"author\":{\"name\":\"Redacci\u00f3n A Nova Peneira\",\"@id\":\"https:\\\/\\\/www.anovapeneira.gal\\\/#\\\/schema\\\/person\\\/b93e3f8932e3f8da96334607eb6ac6aa\"},\"headline\":\"A sociedade galega ante a vacina da Covid-19\",\"datePublished\":\"2020-12-11T11:00:35+00:00\",\"mainEntityOfPage\":{\"@id\":\"https:\\\/\\\/www.anovapeneira.gal\\\/index.php\\\/2020\\\/12\\\/11\\\/a-sociedade-galega-ante-a-vacina-da-covid-19\\\/\"},\"wordCount\":835,\"commentCount\":0,\"publisher\":{\"@id\":\"https:\\\/\\\/www.anovapeneira.gal\\\/#organization\"},\"image\":{\"@id\":\"https:\\\/\\\/www.anovapeneira.gal\\\/index.php\\\/2020\\\/12\\\/11\\\/a-sociedade-galega-ante-a-vacina-da-covid-19\\\/#primaryimage\"},\"thumbnailUrl\":\"https:\\\/\\\/www.anovapeneira.gal\\\/wp-content\\\/uploads\\\/2020\\\/12\\\/vacina_covid.jpg\",\"keywords\":[\"Civid-19\"],\"articleSection\":[\"Novas\"],\"inLanguage\":\"gl-ES\",\"potentialAction\":[{\"@type\":\"CommentAction\",\"name\":\"Comment\",\"target\":[\"https:\\\/\\\/www.anovapeneira.gal\\\/index.php\\\/2020\\\/12\\\/11\\\/a-sociedade-galega-ante-a-vacina-da-covid-19\\\/#respond\"]}]},{\"@type\":\"WebPage\",\"@id\":\"https:\\\/\\\/www.anovapeneira.gal\\\/index.php\\\/2020\\\/12\\\/11\\\/a-sociedade-galega-ante-a-vacina-da-covid-19\\\/\",\"url\":\"https:\\\/\\\/www.anovapeneira.gal\\\/index.php\\\/2020\\\/12\\\/11\\\/a-sociedade-galega-ante-a-vacina-da-covid-19\\\/\",\"name\":\"A sociedade galega ante a vacina da Covid-19 -\",\"isPartOf\":{\"@id\":\"https:\\\/\\\/www.anovapeneira.gal\\\/#website\"},\"primaryImageOfPage\":{\"@id\":\"https:\\\/\\\/www.anovapeneira.gal\\\/index.php\\\/2020\\\/12\\\/11\\\/a-sociedade-galega-ante-a-vacina-da-covid-19\\\/#primaryimage\"},\"image\":{\"@id\":\"https:\\\/\\\/www.anovapeneira.gal\\\/index.php\\\/2020\\\/12\\\/11\\\/a-sociedade-galega-ante-a-vacina-da-covid-19\\\/#primaryimage\"},\"thumbnailUrl\":\"https:\\\/\\\/www.anovapeneira.gal\\\/wp-content\\\/uploads\\\/2020\\\/12\\\/vacina_covid.jpg\",\"datePublished\":\"2020-12-11T11:00:35+00:00\",\"breadcrumb\":{\"@id\":\"https:\\\/\\\/www.anovapeneira.gal\\\/index.php\\\/2020\\\/12\\\/11\\\/a-sociedade-galega-ante-a-vacina-da-covid-19\\\/#breadcrumb\"},\"inLanguage\":\"gl-ES\",\"potentialAction\":[{\"@type\":\"ReadAction\",\"target\":[\"https:\\\/\\\/www.anovapeneira.gal\\\/index.php\\\/2020\\\/12\\\/11\\\/a-sociedade-galega-ante-a-vacina-da-covid-19\\\/\"]}]},{\"@type\":\"ImageObject\",\"inLanguage\":\"gl-ES\",\"@id\":\"https:\\\/\\\/www.anovapeneira.gal\\\/index.php\\\/2020\\\/12\\\/11\\\/a-sociedade-galega-ante-a-vacina-da-covid-19\\\/#primaryimage\",\"url\":\"https:\\\/\\\/www.anovapeneira.gal\\\/wp-content\\\/uploads\\\/2020\\\/12\\\/vacina_covid.jpg\",\"contentUrl\":\"https:\\\/\\\/www.anovapeneira.gal\\\/wp-content\\\/uploads\\\/2020\\\/12\\\/vacina_covid.jpg\",\"width\":720,\"height\":432},{\"@type\":\"BreadcrumbList\",\"@id\":\"https:\\\/\\\/www.anovapeneira.gal\\\/index.php\\\/2020\\\/12\\\/11\\\/a-sociedade-galega-ante-a-vacina-da-covid-19\\\/#breadcrumb\",\"itemListElement\":[{\"@type\":\"ListItem\",\"position\":1,\"name\":\"Portada\",\"item\":\"https:\\\/\\\/www.anovapeneira.gal\\\/\"},{\"@type\":\"ListItem\",\"position\":2,\"name\":\"A sociedade galega ante a vacina da Covid-19\"}]},{\"@type\":\"WebSite\",\"@id\":\"https:\\\/\\\/www.anovapeneira.gal\\\/#website\",\"url\":\"https:\\\/\\\/www.anovapeneira.gal\\\/\",\"name\":\"\",\"description\":\"Xornal galego de informaci\u00f3n xeral Publicaci\u00f3n mensual de novas de Galicia e en especial dos Concellos da sur da provincia de Pontevedra.\",\"publisher\":{\"@id\":\"https:\\\/\\\/www.anovapeneira.gal\\\/#organization\"},\"potentialAction\":[{\"@type\":\"SearchAction\",\"target\":{\"@type\":\"EntryPoint\",\"urlTemplate\":\"https:\\\/\\\/www.anovapeneira.gal\\\/?s={search_term_string}\"},\"query-input\":{\"@type\":\"PropertyValueSpecification\",\"valueRequired\":true,\"valueName\":\"search_term_string\"}}],\"inLanguage\":\"gl-ES\"},{\"@type\":\"Organization\",\"@id\":\"https:\\\/\\\/www.anovapeneira.gal\\\/#organization\",\"name\":\"A Nova Peneira\",\"url\":\"https:\\\/\\\/www.anovapeneira.gal\\\/\",\"logo\":{\"@type\":\"ImageObject\",\"inLanguage\":\"gl-ES\",\"@id\":\"https:\\\/\\\/www.anovapeneira.gal\\\/#\\\/schema\\\/logo\\\/image\\\/\",\"url\":\"http:\\\/\\\/www.anovapeneira.gal\\\/wp-content\\\/uploads\\\/2019\\\/06\\\/logo_a_nova_peneira_portal_web.png\",\"contentUrl\":\"http:\\\/\\\/www.anovapeneira.gal\\\/wp-content\\\/uploads\\\/2019\\\/06\\\/logo_a_nova_peneira_portal_web.png\",\"width\":300,\"height\":100,\"caption\":\"A Nova Peneira\"},\"image\":{\"@id\":\"https:\\\/\\\/www.anovapeneira.gal\\\/#\\\/schema\\\/logo\\\/image\\\/\"},\"sameAs\":[\"https:\\\/\\\/www.facebook.com\\\/anovapeneira\",\"https:\\\/\\\/x.com\\\/APeneira\"]},{\"@type\":\"Person\",\"@id\":\"https:\\\/\\\/www.anovapeneira.gal\\\/#\\\/schema\\\/person\\\/b93e3f8932e3f8da96334607eb6ac6aa\",\"name\":\"Redacci\u00f3n A Nova Peneira\",\"image\":{\"@type\":\"ImageObject\",\"inLanguage\":\"gl-ES\",\"@id\":\"https:\\\/\\\/secure.gravatar.com\\\/avatar\\\/c052a2551a06e23fac63626232eaa90abd78dbcf1700fc46a2b2c89fd27b735f?s=96&d=mm&r=g\",\"url\":\"https:\\\/\\\/secure.gravatar.com\\\/avatar\\\/c052a2551a06e23fac63626232eaa90abd78dbcf1700fc46a2b2c89fd27b735f?s=96&d=mm&r=g\",\"contentUrl\":\"https:\\\/\\\/secure.gravatar.com\\\/avatar\\\/c052a2551a06e23fac63626232eaa90abd78dbcf1700fc46a2b2c89fd27b735f?s=96&d=mm&r=g\",\"caption\":\"Redacci\u00f3n A Nova Peneira\"},\"sameAs\":[\"http:\\\/\\\/www.anovapeneira.gal\\\/\"],\"url\":\"https:\\\/\\\/www.anovapeneira.gal\\\/index.php\\\/author\\\/redactor\\\/\"}]}<\/script>\n<!-- \/ Yoast SEO plugin. -->","yoast_head_json":{"title":"A sociedade galega ante a vacina da Covid-19 -","robots":{"index":"index","follow":"follow","max-snippet":"max-snippet:-1","max-image-preview":"max-image-preview:large","max-video-preview":"max-video-preview:-1"},"canonical":"https:\/\/www.anovapeneira.gal\/index.php\/2020\/12\/11\/a-sociedade-galega-ante-a-vacina-da-covid-19\/","og_locale":"gl_ES","og_type":"article","og_title":"A sociedade galega ante a vacina da Covid-19 -","og_description":"Ante a pr\u00f3xima chegada das festas de Nadal, e despois dun mes coa hostalar\u00eda pechada nas principais poboaci\u00f3ns galegas, con peches perimetrais de boa parte de concellos e \u00e1reas sanitarias, con limitaci\u00f3ns ou prohibici\u00f3ns de xuntanzas entre persoas non conviventes, o goberno galego iniciou o que Feijoo denominou como a\u201d desescalada\u201d en Galici [...]","og_url":"https:\/\/www.anovapeneira.gal\/index.php\/2020\/12\/11\/a-sociedade-galega-ante-a-vacina-da-covid-19\/","article_publisher":"https:\/\/www.facebook.com\/anovapeneira","article_published_time":"2020-12-11T11:00:35+00:00","og_image":[{"width":720,"height":432,"url":"https:\/\/www.anovapeneira.gal\/wp-content\/uploads\/2020\/12\/vacina_covid.jpg","type":"image\/jpeg"}],"author":"Redacci\u00f3n A Nova Peneira","twitter_card":"summary_large_image","twitter_creator":"@APeneira","twitter_site":"@APeneira","twitter_misc":{"Escrito por":"Redacci\u00f3n A Nova Peneira","Tempo de lectura":"4 minutos"},"schema":{"@context":"https:\/\/schema.org","@graph":[{"@type":"Article","@id":"https:\/\/www.anovapeneira.gal\/index.php\/2020\/12\/11\/a-sociedade-galega-ante-a-vacina-da-covid-19\/#article","isPartOf":{"@id":"https:\/\/www.anovapeneira.gal\/index.php\/2020\/12\/11\/a-sociedade-galega-ante-a-vacina-da-covid-19\/"},"author":{"name":"Redacci\u00f3n A Nova Peneira","@id":"https:\/\/www.anovapeneira.gal\/#\/schema\/person\/b93e3f8932e3f8da96334607eb6ac6aa"},"headline":"A sociedade galega ante a vacina da Covid-19","datePublished":"2020-12-11T11:00:35+00:00","mainEntityOfPage":{"@id":"https:\/\/www.anovapeneira.gal\/index.php\/2020\/12\/11\/a-sociedade-galega-ante-a-vacina-da-covid-19\/"},"wordCount":835,"commentCount":0,"publisher":{"@id":"https:\/\/www.anovapeneira.gal\/#organization"},"image":{"@id":"https:\/\/www.anovapeneira.gal\/index.php\/2020\/12\/11\/a-sociedade-galega-ante-a-vacina-da-covid-19\/#primaryimage"},"thumbnailUrl":"https:\/\/www.anovapeneira.gal\/wp-content\/uploads\/2020\/12\/vacina_covid.jpg","keywords":["Civid-19"],"articleSection":["Novas"],"inLanguage":"gl-ES","potentialAction":[{"@type":"CommentAction","name":"Comment","target":["https:\/\/www.anovapeneira.gal\/index.php\/2020\/12\/11\/a-sociedade-galega-ante-a-vacina-da-covid-19\/#respond"]}]},{"@type":"WebPage","@id":"https:\/\/www.anovapeneira.gal\/index.php\/2020\/12\/11\/a-sociedade-galega-ante-a-vacina-da-covid-19\/","url":"https:\/\/www.anovapeneira.gal\/index.php\/2020\/12\/11\/a-sociedade-galega-ante-a-vacina-da-covid-19\/","name":"A sociedade galega ante a vacina da Covid-19 -","isPartOf":{"@id":"https:\/\/www.anovapeneira.gal\/#website"},"primaryImageOfPage":{"@id":"https:\/\/www.anovapeneira.gal\/index.php\/2020\/12\/11\/a-sociedade-galega-ante-a-vacina-da-covid-19\/#primaryimage"},"image":{"@id":"https:\/\/www.anovapeneira.gal\/index.php\/2020\/12\/11\/a-sociedade-galega-ante-a-vacina-da-covid-19\/#primaryimage"},"thumbnailUrl":"https:\/\/www.anovapeneira.gal\/wp-content\/uploads\/2020\/12\/vacina_covid.jpg","datePublished":"2020-12-11T11:00:35+00:00","breadcrumb":{"@id":"https:\/\/www.anovapeneira.gal\/index.php\/2020\/12\/11\/a-sociedade-galega-ante-a-vacina-da-covid-19\/#breadcrumb"},"inLanguage":"gl-ES","potentialAction":[{"@type":"ReadAction","target":["https:\/\/www.anovapeneira.gal\/index.php\/2020\/12\/11\/a-sociedade-galega-ante-a-vacina-da-covid-19\/"]}]},{"@type":"ImageObject","inLanguage":"gl-ES","@id":"https:\/\/www.anovapeneira.gal\/index.php\/2020\/12\/11\/a-sociedade-galega-ante-a-vacina-da-covid-19\/#primaryimage","url":"https:\/\/www.anovapeneira.gal\/wp-content\/uploads\/2020\/12\/vacina_covid.jpg","contentUrl":"https:\/\/www.anovapeneira.gal\/wp-content\/uploads\/2020\/12\/vacina_covid.jpg","width":720,"height":432},{"@type":"BreadcrumbList","@id":"https:\/\/www.anovapeneira.gal\/index.php\/2020\/12\/11\/a-sociedade-galega-ante-a-vacina-da-covid-19\/#breadcrumb","itemListElement":[{"@type":"ListItem","position":1,"name":"Portada","item":"https:\/\/www.anovapeneira.gal\/"},{"@type":"ListItem","position":2,"name":"A sociedade galega ante a vacina da Covid-19"}]},{"@type":"WebSite","@id":"https:\/\/www.anovapeneira.gal\/#website","url":"https:\/\/www.anovapeneira.gal\/","name":"","description":"Xornal galego de informaci\u00f3n xeral Publicaci\u00f3n mensual de novas de Galicia e en especial dos Concellos da sur da provincia de Pontevedra.","publisher":{"@id":"https:\/\/www.anovapeneira.gal\/#organization"},"potentialAction":[{"@type":"SearchAction","target":{"@type":"EntryPoint","urlTemplate":"https:\/\/www.anovapeneira.gal\/?s={search_term_string}"},"query-input":{"@type":"PropertyValueSpecification","valueRequired":true,"valueName":"search_term_string"}}],"inLanguage":"gl-ES"},{"@type":"Organization","@id":"https:\/\/www.anovapeneira.gal\/#organization","name":"A Nova Peneira","url":"https:\/\/www.anovapeneira.gal\/","logo":{"@type":"ImageObject","inLanguage":"gl-ES","@id":"https:\/\/www.anovapeneira.gal\/#\/schema\/logo\/image\/","url":"http:\/\/www.anovapeneira.gal\/wp-content\/uploads\/2019\/06\/logo_a_nova_peneira_portal_web.png","contentUrl":"http:\/\/www.anovapeneira.gal\/wp-content\/uploads\/2019\/06\/logo_a_nova_peneira_portal_web.png","width":300,"height":100,"caption":"A Nova Peneira"},"image":{"@id":"https:\/\/www.anovapeneira.gal\/#\/schema\/logo\/image\/"},"sameAs":["https:\/\/www.facebook.com\/anovapeneira","https:\/\/x.com\/APeneira"]},{"@type":"Person","@id":"https:\/\/www.anovapeneira.gal\/#\/schema\/person\/b93e3f8932e3f8da96334607eb6ac6aa","name":"Redacci\u00f3n A Nova Peneira","image":{"@type":"ImageObject","inLanguage":"gl-ES","@id":"https:\/\/secure.gravatar.com\/avatar\/c052a2551a06e23fac63626232eaa90abd78dbcf1700fc46a2b2c89fd27b735f?s=96&d=mm&r=g","url":"https:\/\/secure.gravatar.com\/avatar\/c052a2551a06e23fac63626232eaa90abd78dbcf1700fc46a2b2c89fd27b735f?s=96&d=mm&r=g","contentUrl":"https:\/\/secure.gravatar.com\/avatar\/c052a2551a06e23fac63626232eaa90abd78dbcf1700fc46a2b2c89fd27b735f?s=96&d=mm&r=g","caption":"Redacci\u00f3n A Nova Peneira"},"sameAs":["http:\/\/www.anovapeneira.gal\/"],"url":"https:\/\/www.anovapeneira.gal\/index.php\/author\/redactor\/"}]}},"jetpack_featured_media_url":"https:\/\/www.anovapeneira.gal\/wp-content\/uploads\/2020\/12\/vacina_covid.jpg","_links":{"self":[{"href":"https:\/\/www.anovapeneira.gal\/index.php\/wp-json\/wp\/v2\/posts\/4467","targetHints":{"allow":["GET"]}}],"collection":[{"href":"https:\/\/www.anovapeneira.gal\/index.php\/wp-json\/wp\/v2\/posts"}],"about":[{"href":"https:\/\/www.anovapeneira.gal\/index.php\/wp-json\/wp\/v2\/types\/post"}],"author":[{"embeddable":true,"href":"https:\/\/www.anovapeneira.gal\/index.php\/wp-json\/wp\/v2\/users\/3"}],"replies":[{"embeddable":true,"href":"https:\/\/www.anovapeneira.gal\/index.php\/wp-json\/wp\/v2\/comments?post=4467"}],"version-history":[{"count":4,"href":"https:\/\/www.anovapeneira.gal\/index.php\/wp-json\/wp\/v2\/posts\/4467\/revisions"}],"predecessor-version":[{"id":4472,"href":"https:\/\/www.anovapeneira.gal\/index.php\/wp-json\/wp\/v2\/posts\/4467\/revisions\/4472"}],"wp:featuredmedia":[{"embeddable":true,"href":"https:\/\/www.anovapeneira.gal\/index.php\/wp-json\/wp\/v2\/media\/4471"}],"wp:attachment":[{"href":"https:\/\/www.anovapeneira.gal\/index.php\/wp-json\/wp\/v2\/media?parent=4467"}],"wp:term":[{"taxonomy":"category","embeddable":true,"href":"https:\/\/www.anovapeneira.gal\/index.php\/wp-json\/wp\/v2\/categories?post=4467"},{"taxonomy":"post_tag","embeddable":true,"href":"https:\/\/www.anovapeneira.gal\/index.php\/wp-json\/wp\/v2\/tags?post=4467"}],"curies":[{"name":"wp","href":"https:\/\/api.w.org\/{rel}","templated":true}]}}