{"id":4478,"date":"2020-12-14T12:00:27","date_gmt":"2020-12-14T11:00:27","guid":{"rendered":"http:\/\/www.anovapeneira.gal\/?p=4478"},"modified":"2020-12-12T09:29:41","modified_gmt":"2020-12-12T08:29:41","slug":"sobre-o-nacionalismo-galego-a-utilidade-do-bng-e-os-orzamentos-do-estado","status":"publish","type":"post","link":"https:\/\/www.anovapeneira.gal\/index.php\/2020\/12\/14\/sobre-o-nacionalismo-galego-a-utilidade-do-bng-e-os-orzamentos-do-estado\/","title":{"rendered":"Sobre o nacionalismo galego, a utilidade do BNG, e os orzamentos do estado"},"content":{"rendered":"\n\n\n<p>A semana pasada l\u00eda un estupendo artigo no xornal P\u00fablico titulado \u201clas feministas no odian a los hombres\u201d que forneceu o meu convencemento de que cando \u00e9 imprecindible reafirmar o obvio, estamos vivindo tempos moi escuros. Se cadra, no que se refire ao t\u00edtulo deste artigo tam\u00e9n sexa preciso reafirmar o obvio, que \u00e9: O BNG \u00e9 unha forza pol\u00edtica nacionalista galega e a pr\u00e1ctica totalidade de persoas que constit\u00faen o seu corpus de militantes e votantes tam\u00e9n o son. As persoas que acreditan no bloque out\u00f3rganlle a s\u00faa confianza para que a s\u00faa praxe pol\u00edtica se desenvolva na procura da defensa dos intereses colectivos das mulleres e homes que aqu\u00ed vivimos.<\/p>\n\n\n\n<p>Galicia \u00e9 unha naci\u00f3n. As\u00ed foi reco\u00f1ecido no IX congreso de nacionalidades europeas celebrado en Berna no mes de setembro do ano 1.933. Galicia \u00e9 unha realidade nacional diferenciada pois pos\u00fae todos os riscos definitorios de tal condici\u00f3n xa que : Ten un idioma propio, un territorio xeogr\u00e1fico f\u00edsicamente diferenciado, unha tradici\u00f3n cultural de seu e un conxunto significativo de h\u00e1bitos psicol\u00f3xicos inseridos na personalidade colectiva do pobo galego, incluso na das persoas que negan a s\u00faa existencia.<\/p>\n\n\n\n<p>Sentirse parte dunha comunidade diferenciada \u00e9 inherente \u00e1 especie humana, pois non existe ningu\u00e9n que non se considere identificado con algunha realidade colectiva. O nacionalismo galego nin \u00e9 excluinte nin \u00e9 identitario.Todo o contrario, \u00e9 solidario, fraternal e internacionalista .Aqueles que tratan de denigralo adxectiv\u00e1ndoo de maneira pexorativa son ,en realidade, o problema. Eles son inclu\u00edntes, si, pero inclu\u00edntes a golpe de porra e tribunais de excepci\u00f3n, pois non son capaces de aceptar a liberdade do outro para decidir se quere cami\u00f1ar s\u00f3, ou acompa\u00f1ado. O nacionalismo pol\u00edtico en Galicia \u00e9 minoritario pois as forzas pol\u00edticas que non entenden como pertinente asumir esa posici\u00f3n concitan unha ampla maior\u00eda de apoios na sociedade galega. Esta \u00e9 unha realidade obxectivamente incontrovertible no momento presente. Agora ben:<\/p>\n\n\n\n<p><strong>1)<\/strong>\u00c1s forzas pol\u00edticas galegas que entenden que o mellor para Galicia \u00e9 formar parte do proxecto pol\u00edtico estatal espa\u00f1ol tal como est\u00e1 constitu\u00eddo actualmente, non lles queda outra que considerar colectivamente \u00e1 realidade espa\u00f1ola para decidir as s\u00faas posici\u00f3ns pol\u00edticas. \u00c9 l\u00edcito ,lex\u00edtimo e perfectamente respectable. Pero o que non parece moi razonable \u00e9 considerar que 900 mill\u00f3ns de investimento son unha labazada ao pobo galego, e pola contra 800 mill\u00f3ns son o man\u00e1 caido dos ceos porque o gasto per c\u00e1pita \u00e9 superior a outras zonas do estado. \u00c9 que ese investimento per c\u00e1pita non era ent\u00f3n superior nos orzamentos do PP, cualificados como unha labazada a Galicia?.O que resulta moi dif\u00edcil de comprender \u00e9 que das m\u00e1is de 200 enmendas que presentou o BNG ningunha fose aprobada pola actual coalici\u00f3n de goberno .Non son capaz de atopar ningunha raz\u00f3n que xustifique que se negocie con todas as forzas pol\u00edticas que formaron o bloque que lle deu a investidura a Pedro S\u00e1nchez menos co BNG. No dou entendido que se aproben enmendas para mellorar o financiamento doutras zonas do estado, pero non en Galicia.<\/p>\n\n\n\n<p>Agardo que o boicot a todo o que presentou o BNG non se trate dunha operaci\u00f3n pol\u00edtica para tratar de erosionar ao bloque , derivada do medo que o seus resultados nas auton\u00f3micas causou no PSOE e en UP, porque de ser as\u00ed as deputadas e deputados galegos destas d\u00faas organizaci\u00f3ns estar\u00edan participando dunha operaci\u00f3n contra os intereses do seu pobo, non por erosionar ao BNG, sen\u00f3n por negar, co seu voto, un maior financiamento para os seus veci\u00f1os e veci\u00f1as.<\/p>\n\n\n\n<p><strong>2)&nbsp;<\/strong>As forzas que como o BNG entenden que o nacionalismo pol\u00edtico non s\u00f3 \u00e9 unha posici\u00f3n emocional ou metaf\u00edsica, que tam\u00e9n, sen\u00f3n que sup\u00f3n o cami\u00f1o para acadar unhas mellores condici\u00f3n de vida para as maior\u00edas sociais de Galicia, deben de actuar en consonancia co seu corpus te\u00f3rico e traballar para conseguiren dous obxecticos: -Tratar de mudar a percepci\u00f3n da realidade da maior\u00eda social de Galicia, e como o mar que bate nas rochas e aos poucos modifica a arquitectura das pedras que semellaban inmutables, conseguir que o nacionalismo sexa maior\u00eda alg\u00fan d\u00eda en Galicia.-Defender no d\u00eda a d\u00eda os intereses colectivos do noso pobo. E un orzamento estatal, expansivo como poucos, que recorta 11 puntos o investimento no noso pa\u00eds, s\u00f3 pode ser rexeitado, por quen de verdade defende, e non di defender, os intereses do pobo galego.<\/p>\n","protected":false},"excerpt":{"rendered":"<div class=\"mh-excerpt\"><p>A semana pasada l\u00eda un estupendo artigo no xornal P\u00fablico titulado \u201clas feministas no odian a los hombres\u201d que forneceu o meu convencemento de que cando \u00e9 imprecindible reafirmar o obvio, estamos vivindo tempos moi escuros <a class=\"mh-excerpt-more\" href=\"https:\/\/www.anovapeneira.gal\/index.php\/2020\/12\/14\/sobre-o-nacionalismo-galego-a-utilidade-do-bng-e-os-orzamentos-do-estado\/\" title=\"Sobre o nacionalismo galego, a utilidade do BNG, e os orzamentos do estado\">[&#8230;]<\/a><\/p>\n<\/div>","protected":false},"author":2,"featured_media":4479,"comment_status":"open","ping_status":"open","sticky":false,"template":"","format":"standard","meta":{"_exactmetrics_skip_tracking":false,"_exactmetrics_sitenote_active":false,"_exactmetrics_sitenote_note":"","_exactmetrics_sitenote_category":0,"footnotes":""},"categories":[61],"tags":[],"class_list":{"0":"post-4478","1":"post","2":"type-post","3":"status-publish","4":"format-standard","5":"has-post-thumbnail","7":"category-artigo-editorial"},"yoast_head":"<!-- This site is optimized with the Yoast SEO plugin v27.5 - https:\/\/yoast.com\/product\/yoast-seo-wordpress\/ -->\n<title>Sobre o nacionalismo galego, a utilidade do BNG, e os orzamentos do estado -<\/title>\n<meta name=\"description\" content=\"A semana pasada l\u00eda un estupendo artigo no xornal P\u00fablico titulado \u201clas feministas no odian a los hombres\u201d que forneceu o meu convencemento de que cando \u00e9 imprecindible reafirmar o obvio, estamos vivindo tempos moi escuros\" \/>\n<meta name=\"robots\" content=\"index, follow, max-snippet:-1, max-image-preview:large, max-video-preview:-1\" \/>\n<link rel=\"canonical\" href=\"https:\/\/www.anovapeneira.gal\/index.php\/2020\/12\/14\/sobre-o-nacionalismo-galego-a-utilidade-do-bng-e-os-orzamentos-do-estado\/\" \/>\n<meta property=\"og:locale\" content=\"gl_ES\" \/>\n<meta property=\"og:type\" content=\"article\" \/>\n<meta property=\"og:title\" content=\"Sobre o nacionalismo galego, a utilidade do BNG, e os orzamentos do estado -\" \/>\n<meta property=\"og:description\" content=\"A semana pasada l\u00eda un estupendo artigo no xornal P\u00fablico titulado \u201clas feministas no odian a los hombres\u201d que forneceu o meu convencemento de que cando \u00e9 imprecindible reafirmar o obvio, estamos vivindo tempos moi escuros\" \/>\n<meta property=\"og:url\" content=\"https:\/\/www.anovapeneira.gal\/index.php\/2020\/12\/14\/sobre-o-nacionalismo-galego-a-utilidade-do-bng-e-os-orzamentos-do-estado\/\" \/>\n<meta property=\"article:publisher\" content=\"https:\/\/www.facebook.com\/anovapeneira\" \/>\n<meta property=\"article:published_time\" content=\"2020-12-14T11:00:27+00:00\" \/>\n<meta property=\"og:image\" content=\"https:\/\/www.anovapeneira.gal\/wp-content\/uploads\/2020\/12\/Bandeira_galega_civil.jpg\" \/>\n\t<meta property=\"og:image:width\" content=\"720\" \/>\n\t<meta property=\"og:image:height\" content=\"432\" \/>\n\t<meta property=\"og:image:type\" content=\"image\/jpeg\" \/>\n<meta name=\"author\" content=\"Tino Lago\" \/>\n<meta name=\"twitter:card\" content=\"summary_large_image\" \/>\n<meta name=\"twitter:creator\" content=\"@APeneira\" \/>\n<meta name=\"twitter:site\" content=\"@APeneira\" \/>\n<meta name=\"twitter:label1\" content=\"Escrito por\" \/>\n\t<meta name=\"twitter:data1\" content=\"Tino Lago\" \/>\n\t<meta name=\"twitter:label2\" content=\"Tempo de lectura\" \/>\n\t<meta name=\"twitter:data2\" content=\"4 minutos\" \/>\n<script type=\"application\/ld+json\" class=\"yoast-schema-graph\">{\"@context\":\"https:\\\/\\\/schema.org\",\"@graph\":[{\"@type\":\"Article\",\"@id\":\"https:\\\/\\\/www.anovapeneira.gal\\\/index.php\\\/2020\\\/12\\\/14\\\/sobre-o-nacionalismo-galego-a-utilidade-do-bng-e-os-orzamentos-do-estado\\\/#article\",\"isPartOf\":{\"@id\":\"https:\\\/\\\/www.anovapeneira.gal\\\/index.php\\\/2020\\\/12\\\/14\\\/sobre-o-nacionalismo-galego-a-utilidade-do-bng-e-os-orzamentos-do-estado\\\/\"},\"author\":{\"name\":\"Tino Lago\",\"@id\":\"https:\\\/\\\/www.anovapeneira.gal\\\/#\\\/schema\\\/person\\\/424dfe65e3070fd8a44d22d2c088762a\"},\"headline\":\"Sobre o nacionalismo galego, a utilidade do BNG, e os orzamentos do estado\",\"datePublished\":\"2020-12-14T11:00:27+00:00\",\"mainEntityOfPage\":{\"@id\":\"https:\\\/\\\/www.anovapeneira.gal\\\/index.php\\\/2020\\\/12\\\/14\\\/sobre-o-nacionalismo-galego-a-utilidade-do-bng-e-os-orzamentos-do-estado\\\/\"},\"wordCount\":791,\"commentCount\":0,\"publisher\":{\"@id\":\"https:\\\/\\\/www.anovapeneira.gal\\\/#organization\"},\"image\":{\"@id\":\"https:\\\/\\\/www.anovapeneira.gal\\\/index.php\\\/2020\\\/12\\\/14\\\/sobre-o-nacionalismo-galego-a-utilidade-do-bng-e-os-orzamentos-do-estado\\\/#primaryimage\"},\"thumbnailUrl\":\"https:\\\/\\\/www.anovapeneira.gal\\\/wp-content\\\/uploads\\\/2020\\\/12\\\/Bandeira_galega_civil.jpg\",\"articleSection\":[\"Artigo editorial\"],\"inLanguage\":\"gl-ES\",\"potentialAction\":[{\"@type\":\"CommentAction\",\"name\":\"Comment\",\"target\":[\"https:\\\/\\\/www.anovapeneira.gal\\\/index.php\\\/2020\\\/12\\\/14\\\/sobre-o-nacionalismo-galego-a-utilidade-do-bng-e-os-orzamentos-do-estado\\\/#respond\"]}]},{\"@type\":\"WebPage\",\"@id\":\"https:\\\/\\\/www.anovapeneira.gal\\\/index.php\\\/2020\\\/12\\\/14\\\/sobre-o-nacionalismo-galego-a-utilidade-do-bng-e-os-orzamentos-do-estado\\\/\",\"url\":\"https:\\\/\\\/www.anovapeneira.gal\\\/index.php\\\/2020\\\/12\\\/14\\\/sobre-o-nacionalismo-galego-a-utilidade-do-bng-e-os-orzamentos-do-estado\\\/\",\"name\":\"Sobre o nacionalismo galego, a utilidade do BNG, e os orzamentos do estado -\",\"isPartOf\":{\"@id\":\"https:\\\/\\\/www.anovapeneira.gal\\\/#website\"},\"primaryImageOfPage\":{\"@id\":\"https:\\\/\\\/www.anovapeneira.gal\\\/index.php\\\/2020\\\/12\\\/14\\\/sobre-o-nacionalismo-galego-a-utilidade-do-bng-e-os-orzamentos-do-estado\\\/#primaryimage\"},\"image\":{\"@id\":\"https:\\\/\\\/www.anovapeneira.gal\\\/index.php\\\/2020\\\/12\\\/14\\\/sobre-o-nacionalismo-galego-a-utilidade-do-bng-e-os-orzamentos-do-estado\\\/#primaryimage\"},\"thumbnailUrl\":\"https:\\\/\\\/www.anovapeneira.gal\\\/wp-content\\\/uploads\\\/2020\\\/12\\\/Bandeira_galega_civil.jpg\",\"datePublished\":\"2020-12-14T11:00:27+00:00\",\"description\":\"A semana pasada l\u00eda un estupendo artigo no xornal P\u00fablico titulado \u201clas feministas no odian a los hombres\u201d que forneceu o meu convencemento de que cando \u00e9 imprecindible reafirmar o obvio, estamos vivindo tempos moi escuros\",\"breadcrumb\":{\"@id\":\"https:\\\/\\\/www.anovapeneira.gal\\\/index.php\\\/2020\\\/12\\\/14\\\/sobre-o-nacionalismo-galego-a-utilidade-do-bng-e-os-orzamentos-do-estado\\\/#breadcrumb\"},\"inLanguage\":\"gl-ES\",\"potentialAction\":[{\"@type\":\"ReadAction\",\"target\":[\"https:\\\/\\\/www.anovapeneira.gal\\\/index.php\\\/2020\\\/12\\\/14\\\/sobre-o-nacionalismo-galego-a-utilidade-do-bng-e-os-orzamentos-do-estado\\\/\"]}]},{\"@type\":\"ImageObject\",\"inLanguage\":\"gl-ES\",\"@id\":\"https:\\\/\\\/www.anovapeneira.gal\\\/index.php\\\/2020\\\/12\\\/14\\\/sobre-o-nacionalismo-galego-a-utilidade-do-bng-e-os-orzamentos-do-estado\\\/#primaryimage\",\"url\":\"https:\\\/\\\/www.anovapeneira.gal\\\/wp-content\\\/uploads\\\/2020\\\/12\\\/Bandeira_galega_civil.jpg\",\"contentUrl\":\"https:\\\/\\\/www.anovapeneira.gal\\\/wp-content\\\/uploads\\\/2020\\\/12\\\/Bandeira_galega_civil.jpg\",\"width\":720,\"height\":432,\"caption\":\"Bandeira galega civil\"},{\"@type\":\"BreadcrumbList\",\"@id\":\"https:\\\/\\\/www.anovapeneira.gal\\\/index.php\\\/2020\\\/12\\\/14\\\/sobre-o-nacionalismo-galego-a-utilidade-do-bng-e-os-orzamentos-do-estado\\\/#breadcrumb\",\"itemListElement\":[{\"@type\":\"ListItem\",\"position\":1,\"name\":\"Portada\",\"item\":\"https:\\\/\\\/www.anovapeneira.gal\\\/\"},{\"@type\":\"ListItem\",\"position\":2,\"name\":\"Sobre o nacionalismo galego, a utilidade do BNG, e os orzamentos do estado\"}]},{\"@type\":\"WebSite\",\"@id\":\"https:\\\/\\\/www.anovapeneira.gal\\\/#website\",\"url\":\"https:\\\/\\\/www.anovapeneira.gal\\\/\",\"name\":\"\",\"description\":\"Xornal galego de informaci\u00f3n xeral Publicaci\u00f3n mensual de novas de Galicia e en especial dos Concellos da sur da provincia de Pontevedra.\",\"publisher\":{\"@id\":\"https:\\\/\\\/www.anovapeneira.gal\\\/#organization\"},\"potentialAction\":[{\"@type\":\"SearchAction\",\"target\":{\"@type\":\"EntryPoint\",\"urlTemplate\":\"https:\\\/\\\/www.anovapeneira.gal\\\/?s={search_term_string}\"},\"query-input\":{\"@type\":\"PropertyValueSpecification\",\"valueRequired\":true,\"valueName\":\"search_term_string\"}}],\"inLanguage\":\"gl-ES\"},{\"@type\":\"Organization\",\"@id\":\"https:\\\/\\\/www.anovapeneira.gal\\\/#organization\",\"name\":\"A Nova Peneira\",\"url\":\"https:\\\/\\\/www.anovapeneira.gal\\\/\",\"logo\":{\"@type\":\"ImageObject\",\"inLanguage\":\"gl-ES\",\"@id\":\"https:\\\/\\\/www.anovapeneira.gal\\\/#\\\/schema\\\/logo\\\/image\\\/\",\"url\":\"http:\\\/\\\/www.anovapeneira.gal\\\/wp-content\\\/uploads\\\/2019\\\/06\\\/logo_a_nova_peneira_portal_web.png\",\"contentUrl\":\"http:\\\/\\\/www.anovapeneira.gal\\\/wp-content\\\/uploads\\\/2019\\\/06\\\/logo_a_nova_peneira_portal_web.png\",\"width\":300,\"height\":100,\"caption\":\"A Nova Peneira\"},\"image\":{\"@id\":\"https:\\\/\\\/www.anovapeneira.gal\\\/#\\\/schema\\\/logo\\\/image\\\/\"},\"sameAs\":[\"https:\\\/\\\/www.facebook.com\\\/anovapeneira\",\"https:\\\/\\\/x.com\\\/APeneira\"]},{\"@type\":\"Person\",\"@id\":\"https:\\\/\\\/www.anovapeneira.gal\\\/#\\\/schema\\\/person\\\/424dfe65e3070fd8a44d22d2c088762a\",\"name\":\"Tino Lago\",\"image\":{\"@type\":\"ImageObject\",\"inLanguage\":\"gl-ES\",\"@id\":\"https:\\\/\\\/secure.gravatar.com\\\/avatar\\\/b3df6a06e44bab3111583b90f0f33a0379ee5e3d22cbadd232d39f21c30c62be?s=96&d=mm&r=g\",\"url\":\"https:\\\/\\\/secure.gravatar.com\\\/avatar\\\/b3df6a06e44bab3111583b90f0f33a0379ee5e3d22cbadd232d39f21c30c62be?s=96&d=mm&r=g\",\"contentUrl\":\"https:\\\/\\\/secure.gravatar.com\\\/avatar\\\/b3df6a06e44bab3111583b90f0f33a0379ee5e3d22cbadd232d39f21c30c62be?s=96&d=mm&r=g\",\"caption\":\"Tino Lago\"},\"sameAs\":[\"http:\\\/\\\/www.anovapeneira.gal\"],\"url\":\"https:\\\/\\\/www.anovapeneira.gal\\\/index.php\\\/author\\\/director\\\/\"}]}<\/script>\n<!-- \/ Yoast SEO plugin. -->","yoast_head_json":{"title":"Sobre o nacionalismo galego, a utilidade do BNG, e os orzamentos do estado -","description":"A semana pasada l\u00eda un estupendo artigo no xornal P\u00fablico titulado \u201clas feministas no odian a los hombres\u201d que forneceu o meu convencemento de que cando \u00e9 imprecindible reafirmar o obvio, estamos vivindo tempos moi escuros","robots":{"index":"index","follow":"follow","max-snippet":"max-snippet:-1","max-image-preview":"max-image-preview:large","max-video-preview":"max-video-preview:-1"},"canonical":"https:\/\/www.anovapeneira.gal\/index.php\/2020\/12\/14\/sobre-o-nacionalismo-galego-a-utilidade-do-bng-e-os-orzamentos-do-estado\/","og_locale":"gl_ES","og_type":"article","og_title":"Sobre o nacionalismo galego, a utilidade do BNG, e os orzamentos do estado -","og_description":"A semana pasada l\u00eda un estupendo artigo no xornal P\u00fablico titulado \u201clas feministas no odian a los hombres\u201d que forneceu o meu convencemento de que cando \u00e9 imprecindible reafirmar o obvio, estamos vivindo tempos moi escuros","og_url":"https:\/\/www.anovapeneira.gal\/index.php\/2020\/12\/14\/sobre-o-nacionalismo-galego-a-utilidade-do-bng-e-os-orzamentos-do-estado\/","article_publisher":"https:\/\/www.facebook.com\/anovapeneira","article_published_time":"2020-12-14T11:00:27+00:00","og_image":[{"width":720,"height":432,"url":"https:\/\/www.anovapeneira.gal\/wp-content\/uploads\/2020\/12\/Bandeira_galega_civil.jpg","type":"image\/jpeg"}],"author":"Tino Lago","twitter_card":"summary_large_image","twitter_creator":"@APeneira","twitter_site":"@APeneira","twitter_misc":{"Escrito por":"Tino Lago","Tempo de lectura":"4 minutos"},"schema":{"@context":"https:\/\/schema.org","@graph":[{"@type":"Article","@id":"https:\/\/www.anovapeneira.gal\/index.php\/2020\/12\/14\/sobre-o-nacionalismo-galego-a-utilidade-do-bng-e-os-orzamentos-do-estado\/#article","isPartOf":{"@id":"https:\/\/www.anovapeneira.gal\/index.php\/2020\/12\/14\/sobre-o-nacionalismo-galego-a-utilidade-do-bng-e-os-orzamentos-do-estado\/"},"author":{"name":"Tino Lago","@id":"https:\/\/www.anovapeneira.gal\/#\/schema\/person\/424dfe65e3070fd8a44d22d2c088762a"},"headline":"Sobre o nacionalismo galego, a utilidade do BNG, e os orzamentos do estado","datePublished":"2020-12-14T11:00:27+00:00","mainEntityOfPage":{"@id":"https:\/\/www.anovapeneira.gal\/index.php\/2020\/12\/14\/sobre-o-nacionalismo-galego-a-utilidade-do-bng-e-os-orzamentos-do-estado\/"},"wordCount":791,"commentCount":0,"publisher":{"@id":"https:\/\/www.anovapeneira.gal\/#organization"},"image":{"@id":"https:\/\/www.anovapeneira.gal\/index.php\/2020\/12\/14\/sobre-o-nacionalismo-galego-a-utilidade-do-bng-e-os-orzamentos-do-estado\/#primaryimage"},"thumbnailUrl":"https:\/\/www.anovapeneira.gal\/wp-content\/uploads\/2020\/12\/Bandeira_galega_civil.jpg","articleSection":["Artigo editorial"],"inLanguage":"gl-ES","potentialAction":[{"@type":"CommentAction","name":"Comment","target":["https:\/\/www.anovapeneira.gal\/index.php\/2020\/12\/14\/sobre-o-nacionalismo-galego-a-utilidade-do-bng-e-os-orzamentos-do-estado\/#respond"]}]},{"@type":"WebPage","@id":"https:\/\/www.anovapeneira.gal\/index.php\/2020\/12\/14\/sobre-o-nacionalismo-galego-a-utilidade-do-bng-e-os-orzamentos-do-estado\/","url":"https:\/\/www.anovapeneira.gal\/index.php\/2020\/12\/14\/sobre-o-nacionalismo-galego-a-utilidade-do-bng-e-os-orzamentos-do-estado\/","name":"Sobre o nacionalismo galego, a utilidade do BNG, e os orzamentos do estado -","isPartOf":{"@id":"https:\/\/www.anovapeneira.gal\/#website"},"primaryImageOfPage":{"@id":"https:\/\/www.anovapeneira.gal\/index.php\/2020\/12\/14\/sobre-o-nacionalismo-galego-a-utilidade-do-bng-e-os-orzamentos-do-estado\/#primaryimage"},"image":{"@id":"https:\/\/www.anovapeneira.gal\/index.php\/2020\/12\/14\/sobre-o-nacionalismo-galego-a-utilidade-do-bng-e-os-orzamentos-do-estado\/#primaryimage"},"thumbnailUrl":"https:\/\/www.anovapeneira.gal\/wp-content\/uploads\/2020\/12\/Bandeira_galega_civil.jpg","datePublished":"2020-12-14T11:00:27+00:00","description":"A semana pasada l\u00eda un estupendo artigo no xornal P\u00fablico titulado \u201clas feministas no odian a los hombres\u201d que forneceu o meu convencemento de que cando \u00e9 imprecindible reafirmar o obvio, estamos vivindo tempos moi escuros","breadcrumb":{"@id":"https:\/\/www.anovapeneira.gal\/index.php\/2020\/12\/14\/sobre-o-nacionalismo-galego-a-utilidade-do-bng-e-os-orzamentos-do-estado\/#breadcrumb"},"inLanguage":"gl-ES","potentialAction":[{"@type":"ReadAction","target":["https:\/\/www.anovapeneira.gal\/index.php\/2020\/12\/14\/sobre-o-nacionalismo-galego-a-utilidade-do-bng-e-os-orzamentos-do-estado\/"]}]},{"@type":"ImageObject","inLanguage":"gl-ES","@id":"https:\/\/www.anovapeneira.gal\/index.php\/2020\/12\/14\/sobre-o-nacionalismo-galego-a-utilidade-do-bng-e-os-orzamentos-do-estado\/#primaryimage","url":"https:\/\/www.anovapeneira.gal\/wp-content\/uploads\/2020\/12\/Bandeira_galega_civil.jpg","contentUrl":"https:\/\/www.anovapeneira.gal\/wp-content\/uploads\/2020\/12\/Bandeira_galega_civil.jpg","width":720,"height":432,"caption":"Bandeira galega civil"},{"@type":"BreadcrumbList","@id":"https:\/\/www.anovapeneira.gal\/index.php\/2020\/12\/14\/sobre-o-nacionalismo-galego-a-utilidade-do-bng-e-os-orzamentos-do-estado\/#breadcrumb","itemListElement":[{"@type":"ListItem","position":1,"name":"Portada","item":"https:\/\/www.anovapeneira.gal\/"},{"@type":"ListItem","position":2,"name":"Sobre o nacionalismo galego, a utilidade do BNG, e os orzamentos do estado"}]},{"@type":"WebSite","@id":"https:\/\/www.anovapeneira.gal\/#website","url":"https:\/\/www.anovapeneira.gal\/","name":"","description":"Xornal galego de informaci\u00f3n xeral Publicaci\u00f3n mensual de novas de Galicia e en especial dos Concellos da sur da provincia de Pontevedra.","publisher":{"@id":"https:\/\/www.anovapeneira.gal\/#organization"},"potentialAction":[{"@type":"SearchAction","target":{"@type":"EntryPoint","urlTemplate":"https:\/\/www.anovapeneira.gal\/?s={search_term_string}"},"query-input":{"@type":"PropertyValueSpecification","valueRequired":true,"valueName":"search_term_string"}}],"inLanguage":"gl-ES"},{"@type":"Organization","@id":"https:\/\/www.anovapeneira.gal\/#organization","name":"A Nova Peneira","url":"https:\/\/www.anovapeneira.gal\/","logo":{"@type":"ImageObject","inLanguage":"gl-ES","@id":"https:\/\/www.anovapeneira.gal\/#\/schema\/logo\/image\/","url":"http:\/\/www.anovapeneira.gal\/wp-content\/uploads\/2019\/06\/logo_a_nova_peneira_portal_web.png","contentUrl":"http:\/\/www.anovapeneira.gal\/wp-content\/uploads\/2019\/06\/logo_a_nova_peneira_portal_web.png","width":300,"height":100,"caption":"A Nova Peneira"},"image":{"@id":"https:\/\/www.anovapeneira.gal\/#\/schema\/logo\/image\/"},"sameAs":["https:\/\/www.facebook.com\/anovapeneira","https:\/\/x.com\/APeneira"]},{"@type":"Person","@id":"https:\/\/www.anovapeneira.gal\/#\/schema\/person\/424dfe65e3070fd8a44d22d2c088762a","name":"Tino Lago","image":{"@type":"ImageObject","inLanguage":"gl-ES","@id":"https:\/\/secure.gravatar.com\/avatar\/b3df6a06e44bab3111583b90f0f33a0379ee5e3d22cbadd232d39f21c30c62be?s=96&d=mm&r=g","url":"https:\/\/secure.gravatar.com\/avatar\/b3df6a06e44bab3111583b90f0f33a0379ee5e3d22cbadd232d39f21c30c62be?s=96&d=mm&r=g","contentUrl":"https:\/\/secure.gravatar.com\/avatar\/b3df6a06e44bab3111583b90f0f33a0379ee5e3d22cbadd232d39f21c30c62be?s=96&d=mm&r=g","caption":"Tino Lago"},"sameAs":["http:\/\/www.anovapeneira.gal"],"url":"https:\/\/www.anovapeneira.gal\/index.php\/author\/director\/"}]}},"jetpack_featured_media_url":"https:\/\/www.anovapeneira.gal\/wp-content\/uploads\/2020\/12\/Bandeira_galega_civil.jpg","_links":{"self":[{"href":"https:\/\/www.anovapeneira.gal\/index.php\/wp-json\/wp\/v2\/posts\/4478","targetHints":{"allow":["GET"]}}],"collection":[{"href":"https:\/\/www.anovapeneira.gal\/index.php\/wp-json\/wp\/v2\/posts"}],"about":[{"href":"https:\/\/www.anovapeneira.gal\/index.php\/wp-json\/wp\/v2\/types\/post"}],"author":[{"embeddable":true,"href":"https:\/\/www.anovapeneira.gal\/index.php\/wp-json\/wp\/v2\/users\/2"}],"replies":[{"embeddable":true,"href":"https:\/\/www.anovapeneira.gal\/index.php\/wp-json\/wp\/v2\/comments?post=4478"}],"version-history":[{"count":1,"href":"https:\/\/www.anovapeneira.gal\/index.php\/wp-json\/wp\/v2\/posts\/4478\/revisions"}],"predecessor-version":[{"id":4480,"href":"https:\/\/www.anovapeneira.gal\/index.php\/wp-json\/wp\/v2\/posts\/4478\/revisions\/4480"}],"wp:featuredmedia":[{"embeddable":true,"href":"https:\/\/www.anovapeneira.gal\/index.php\/wp-json\/wp\/v2\/media\/4479"}],"wp:attachment":[{"href":"https:\/\/www.anovapeneira.gal\/index.php\/wp-json\/wp\/v2\/media?parent=4478"}],"wp:term":[{"taxonomy":"category","embeddable":true,"href":"https:\/\/www.anovapeneira.gal\/index.php\/wp-json\/wp\/v2\/categories?post=4478"},{"taxonomy":"post_tag","embeddable":true,"href":"https:\/\/www.anovapeneira.gal\/index.php\/wp-json\/wp\/v2\/tags?post=4478"}],"curies":[{"name":"wp","href":"https:\/\/api.w.org\/{rel}","templated":true}]}}