{"id":4481,"date":"2020-12-15T10:00:27","date_gmt":"2020-12-15T09:00:27","guid":{"rendered":"http:\/\/www.anovapeneira.gal\/?p=4481"},"modified":"2020-12-12T09:40:54","modified_gmt":"2020-12-12T08:40:54","slug":"salvaterra-comunal-chan-da-ponte","status":"publish","type":"post","link":"https:\/\/www.anovapeneira.gal\/index.php\/2020\/12\/15\/salvaterra-comunal-chan-da-ponte\/","title":{"rendered":"Salvaterra, Comunal Chan da Ponte"},"content":{"rendered":"\n<figure class=\"wp-block-image size-large is-resized is-style-default\"><img loading=\"lazy\" decoding=\"async\" src=\"http:\/\/www.anovapeneira.gal\/wp-content\/uploads\/2020\/10\/anton_lorenzo_gonzalez_xaque.jpg\" alt=\"Ant\u00f3n Lorenzo Gonz\u00e1lez Saque\" class=\"wp-image-4073\" width=\"95\" height=\"115\"\/><figcaption><strong>Ant\u00f3n Lorenzo Gonz\u00e1lez \u201cXaque\u201d<\/strong><\/figcaption><\/figure>\n\n\n\n<p>Hai anos que ve\u00f1en sucedendo cousas no Monte Comunal de Salvaterra, que non deber\u00edan suceder nunca, (v\u00e9xase A Peneira 1\u00aa outubro 1990).<\/p>\n\n\n\n<p>Vai por diante que os Montes Comunais son INDIVISIBLES, INALIENABLES, IMPRESCRIPTIBLES e INEMBARGABLES, \u00e9 dicir,&nbsp;non se poden dividir,non se poden vender,sempre conservan o seu car\u00e1cter de comunaise&nbsp;tampouco se poden embargar. (Lei de Montes 31\/1989 e Lei de Montes 2012).<\/p>\n\n\n\n<p>Dito isto, hai que lembrar que:<\/p>\n\n\n\n<p><strong>1\u00ba.<\/strong>&#8211; As Normas Subsidiarias polas que se rexe urbanisticamente o Concello de Salvaterra de Mi\u00f1o, contemplan claramente a existencia do Monte Comunal Chan da Ponte, cunha cabida de 367.500 m2.<\/p>\n\n\n\n<p>Calquera pode observar como ese Monte Comunal est\u00e1 en grande parte, vendido en parcelas a distintas empresas, inclusive a d\u00eda de hoxe, hai parcelas que est\u00e1n \u00e1 venda ofertadas por inmobiliarias.<\/p>\n\n\n\n<p>Con enganos, malas artes e peores c\u00f3mplices, primeiro lograron afastalo da clasificaci\u00f3n e m\u00e1is tarde comezaron as vendas. Hai nomes e apelidos.<\/p>\n\n\n\n<p>Como \u00e9 posible que suceder\u00e1 isto?. Dito monte est\u00e1 inscrito dende os anos 50, a nome do Concello no Rexistro da Propiedade, igual que o resto dos Montes Comunais de Salvaterra de Mi\u00f1o. A Lei fala nos seus casos de, \u201cxesti\u00f3n cautelar pola Administraci\u00f3n\u201d, pero endexam\u00e1is permite vender.<\/p>\n\n\n\n<p>U-la responsabilidade das distintas Administraci\u00f3ns, Local e Auton\u00f3mica, de preservar os Montes Comunais?. E os Notarios, e os Rexistradores?<\/p>\n\n\n\n<p>Cabe a posibilidade de que esteamos ante un caso de \u201cpresunto delito\u201d de prevaricaci\u00f3n administrativa continuada?<\/p>\n\n\n\n<p>De momento a Comunidade de Montes Veci\u00f1ais de Salvaterra, v\u00edmonos obrigados a presentar a primeira demanda reivindicativa dunha parcela, confiamos que coa Lei na man, co informe hist\u00f3rico contundente e co informe t\u00e9cnico incontestable, nos dean a raz\u00f3n. S\u00f3 \u00e9 o principio.<\/p>\n\n\n\n<p><em><strong>2\u00ba.-<\/strong><\/em><em>Nesas mesmas Normas&nbsp;<\/em>Subsidiarias<em>, onde fala<\/em><em>de Industria<\/em>categor\u00eda 3\u00aa, no apartado 3. 4. 2. 3.-&nbsp;Condici\u00f3ns, especifica:<\/p>\n\n\n\n<p>\u201cAdemais das condici\u00f3ns de uso, volume e Ordenanzas da zona en que se sit\u00faen, cumprir\u00e1n coa normativa en materia de industria. En particular, aquelas que poidan causar molestias \u00e1 poboaci\u00f3n e ao medio ambiente, en especial\u2026\u201d. \u201cCon todo, aquelas que estivesen legalmente instaladas no momento de entrada en vigor das presentes Normas Subsidiarias poder\u00e1n aumentar a superficie edificada, destinada a industria, no mesmo solar que ocupan\u2026\u201d. \u201cNon se admitir\u00e1 en ning\u00fan caso a ampliaci\u00f3n sobre terreos adquiridos con posterioridade \u00e1 data indicada, nin sequera para a s\u00faa utilizaci\u00f3n como patio ou almac\u00e9n de materiais.\u201d<\/p>\n\n\n\n<p>No Monte Comunal existe unha empresa moi co\u00f1ecida, dedicada a transformaci\u00f3n de grandes bloques p\u00e9treos, cuxos responsables converten en papel mollado estas Normas Subsidiarias, porque:<\/p>\n\n\n\n<p>Est\u00e1n traballando dende fai anos&nbsp;fora do solar que lles corresponde.&nbsp;Te\u00f1encortado o cami\u00f1o de servicio\u00e1s distintas parcelas dos montes chamados Queimados e Vasco de Puga, estano utilizando industrialmente, incluso instalaron un guindastre ponte. Os veci\u00f1os non poden utilizar o cami\u00f1o.<\/p>\n\n\n\n<p>Como consecuencia desta actividade, amorean nas parcelas de monte privado que foron comprando, miles de toneladas de refugallos de pedra,causando un problema medioambiental de considerable magnitude.<\/p>\n\n\n\n<p>Utilizan cami\u00f1os de montes privados para actividades industriais, incluso te\u00f1en ocupada con bloques de pedra outra parcela de Monte Comunal que non foi vendida.<\/p>\n\n\n\n<p>U-la a responsabilidade das distintas Administraci\u00f3ns, local e auton\u00f3mica, a pesares das reiteradas denuncias?. Miran para outro lado?. Fan que fan, para que todo siga igual?.&nbsp;<\/p>\n\n\n\n<p>Eu preg\u00fantome se pode ser este outro caso de \u201cpresunto delito\u201d de prevaricaci\u00f3n administrativa continuada?<\/p>\n\n\n\n<p>A ver si temos sorte e chega este ch\u00edo a mans da Fiscal\u00eda Provincial e de paso se interesan polo asunto.<\/p>\n\n\n\n<p>Salvaterra de Mi\u00f1o a 8 de decembro de 2020<\/p>\n","protected":false},"excerpt":{"rendered":"<div class=\"mh-excerpt\"><p>Vai por diante que os Montes Comunais son INDIVISIBLES, INALIENABLES, IMPRESCRIPTIBLES e INEMBARGABLES, \u00e9 dicir, non se poden dividir,non se poden vender,sempre conservan o seu car\u00e1cter de comunaise tampouco se poden embargar. (Lei de Montes 31\/1989 e Lei de Montes 2012). <a class=\"mh-excerpt-more\" href=\"https:\/\/www.anovapeneira.gal\/index.php\/2020\/12\/15\/salvaterra-comunal-chan-da-ponte\/\" title=\"Salvaterra, Comunal Chan da Ponte\">[&#8230;]<\/a><\/p>\n<\/div>","protected":false},"author":34,"featured_media":4483,"comment_status":"open","ping_status":"open","sticky":false,"template":"","format":"standard","meta":{"_exactmetrics_skip_tracking":false,"_exactmetrics_sitenote_active":false,"_exactmetrics_sitenote_note":"","_exactmetrics_sitenote_category":0,"footnotes":""},"categories":[7],"tags":[186],"class_list":{"0":"post-4481","1":"post","2":"type-post","3":"status-publish","4":"format-standard","5":"has-post-thumbnail","7":"category-artigos-de-opinion","8":"tag-concello-de-salvaterra-do-mino"},"yoast_head":"<!-- This site is optimized with the Yoast SEO plugin v27.5 - https:\/\/yoast.com\/product\/yoast-seo-wordpress\/ -->\n<title>Salvaterra, Comunal Chan da Ponte -<\/title>\n<meta name=\"description\" content=\"Vai por diante que os Montes Comunais son INDIVISIBLES, INALIENABLES, IMPRESCRIPTIBLES e INEMBARGABLES, \u00e9 dicir, non se poden dividir,non se poden vender,sempre conservan o seu car\u00e1cter de comunaise tampouco se poden embargar. (Lei de Montes 31\/1989 e Lei de Montes 2012).\" \/>\n<meta name=\"robots\" content=\"index, follow, max-snippet:-1, max-image-preview:large, max-video-preview:-1\" \/>\n<link rel=\"canonical\" href=\"https:\/\/www.anovapeneira.gal\/index.php\/2020\/12\/15\/salvaterra-comunal-chan-da-ponte\/\" \/>\n<meta property=\"og:locale\" content=\"gl_ES\" \/>\n<meta property=\"og:type\" content=\"article\" \/>\n<meta property=\"og:title\" content=\"Salvaterra, Comunal Chan da Ponte -\" \/>\n<meta property=\"og:description\" content=\"Vai por diante que os Montes Comunais son INDIVISIBLES, INALIENABLES, IMPRESCRIPTIBLES e INEMBARGABLES, \u00e9 dicir, non se poden dividir,non se poden vender,sempre conservan o seu car\u00e1cter de comunaise tampouco se poden embargar. (Lei de Montes 31\/1989 e Lei de Montes 2012).\" \/>\n<meta property=\"og:url\" content=\"https:\/\/www.anovapeneira.gal\/index.php\/2020\/12\/15\/salvaterra-comunal-chan-da-ponte\/\" \/>\n<meta property=\"article:publisher\" content=\"https:\/\/www.facebook.com\/anovapeneira\" \/>\n<meta property=\"article:published_time\" content=\"2020-12-15T09:00:27+00:00\" \/>\n<meta property=\"og:image\" content=\"https:\/\/www.anovapeneira.gal\/wp-content\/uploads\/2020\/12\/montes_salvaterra_chan_da_ponte.jpg\" \/>\n\t<meta property=\"og:image:width\" content=\"720\" \/>\n\t<meta property=\"og:image:height\" content=\"432\" \/>\n\t<meta property=\"og:image:type\" content=\"image\/jpeg\" \/>\n<meta name=\"author\" content=\"Ant\u00f3n Lorenzo Gonz\u00e1lez\" \/>\n<meta name=\"twitter:card\" content=\"summary_large_image\" \/>\n<meta name=\"twitter:creator\" content=\"@APeneira\" \/>\n<meta name=\"twitter:site\" content=\"@APeneira\" \/>\n<meta name=\"twitter:label1\" content=\"Escrito por\" \/>\n\t<meta name=\"twitter:data1\" content=\"Ant\u00f3n Lorenzo Gonz\u00e1lez\" \/>\n\t<meta name=\"twitter:label2\" content=\"Tempo de lectura\" \/>\n\t<meta name=\"twitter:data2\" content=\"3 minutos\" \/>\n<script type=\"application\/ld+json\" class=\"yoast-schema-graph\">{\"@context\":\"https:\\\/\\\/schema.org\",\"@graph\":[{\"@type\":\"Article\",\"@id\":\"https:\\\/\\\/www.anovapeneira.gal\\\/index.php\\\/2020\\\/12\\\/15\\\/salvaterra-comunal-chan-da-ponte\\\/#article\",\"isPartOf\":{\"@id\":\"https:\\\/\\\/www.anovapeneira.gal\\\/index.php\\\/2020\\\/12\\\/15\\\/salvaterra-comunal-chan-da-ponte\\\/\"},\"author\":{\"name\":\"Ant\u00f3n Lorenzo Gonz\u00e1lez\",\"@id\":\"https:\\\/\\\/www.anovapeneira.gal\\\/#\\\/schema\\\/person\\\/1bf91cd240796d05b6522e3d8a6e2d8e\"},\"headline\":\"Salvaterra, Comunal Chan da Ponte\",\"datePublished\":\"2020-12-15T09:00:27+00:00\",\"mainEntityOfPage\":{\"@id\":\"https:\\\/\\\/www.anovapeneira.gal\\\/index.php\\\/2020\\\/12\\\/15\\\/salvaterra-comunal-chan-da-ponte\\\/\"},\"wordCount\":625,\"commentCount\":0,\"publisher\":{\"@id\":\"https:\\\/\\\/www.anovapeneira.gal\\\/#organization\"},\"image\":{\"@id\":\"https:\\\/\\\/www.anovapeneira.gal\\\/index.php\\\/2020\\\/12\\\/15\\\/salvaterra-comunal-chan-da-ponte\\\/#primaryimage\"},\"thumbnailUrl\":\"https:\\\/\\\/www.anovapeneira.gal\\\/wp-content\\\/uploads\\\/2020\\\/12\\\/montes_salvaterra_chan_da_ponte.jpg\",\"keywords\":[\"Concello de Salvaterra do Mi\u00f1o\"],\"articleSection\":[\"Artigos de opini\u00f3n\"],\"inLanguage\":\"gl-ES\",\"potentialAction\":[{\"@type\":\"CommentAction\",\"name\":\"Comment\",\"target\":[\"https:\\\/\\\/www.anovapeneira.gal\\\/index.php\\\/2020\\\/12\\\/15\\\/salvaterra-comunal-chan-da-ponte\\\/#respond\"]}]},{\"@type\":\"WebPage\",\"@id\":\"https:\\\/\\\/www.anovapeneira.gal\\\/index.php\\\/2020\\\/12\\\/15\\\/salvaterra-comunal-chan-da-ponte\\\/\",\"url\":\"https:\\\/\\\/www.anovapeneira.gal\\\/index.php\\\/2020\\\/12\\\/15\\\/salvaterra-comunal-chan-da-ponte\\\/\",\"name\":\"Salvaterra, Comunal Chan da Ponte -\",\"isPartOf\":{\"@id\":\"https:\\\/\\\/www.anovapeneira.gal\\\/#website\"},\"primaryImageOfPage\":{\"@id\":\"https:\\\/\\\/www.anovapeneira.gal\\\/index.php\\\/2020\\\/12\\\/15\\\/salvaterra-comunal-chan-da-ponte\\\/#primaryimage\"},\"image\":{\"@id\":\"https:\\\/\\\/www.anovapeneira.gal\\\/index.php\\\/2020\\\/12\\\/15\\\/salvaterra-comunal-chan-da-ponte\\\/#primaryimage\"},\"thumbnailUrl\":\"https:\\\/\\\/www.anovapeneira.gal\\\/wp-content\\\/uploads\\\/2020\\\/12\\\/montes_salvaterra_chan_da_ponte.jpg\",\"datePublished\":\"2020-12-15T09:00:27+00:00\",\"description\":\"Vai por diante que os Montes Comunais son INDIVISIBLES, INALIENABLES, IMPRESCRIPTIBLES e INEMBARGABLES, \u00e9 dicir, non se poden dividir,non se poden vender,sempre conservan o seu car\u00e1cter de comunaise tampouco se poden embargar. (Lei de Montes 31\\\/1989 e Lei de Montes 2012).\",\"breadcrumb\":{\"@id\":\"https:\\\/\\\/www.anovapeneira.gal\\\/index.php\\\/2020\\\/12\\\/15\\\/salvaterra-comunal-chan-da-ponte\\\/#breadcrumb\"},\"inLanguage\":\"gl-ES\",\"potentialAction\":[{\"@type\":\"ReadAction\",\"target\":[\"https:\\\/\\\/www.anovapeneira.gal\\\/index.php\\\/2020\\\/12\\\/15\\\/salvaterra-comunal-chan-da-ponte\\\/\"]}]},{\"@type\":\"ImageObject\",\"inLanguage\":\"gl-ES\",\"@id\":\"https:\\\/\\\/www.anovapeneira.gal\\\/index.php\\\/2020\\\/12\\\/15\\\/salvaterra-comunal-chan-da-ponte\\\/#primaryimage\",\"url\":\"https:\\\/\\\/www.anovapeneira.gal\\\/wp-content\\\/uploads\\\/2020\\\/12\\\/montes_salvaterra_chan_da_ponte.jpg\",\"contentUrl\":\"https:\\\/\\\/www.anovapeneira.gal\\\/wp-content\\\/uploads\\\/2020\\\/12\\\/montes_salvaterra_chan_da_ponte.jpg\",\"width\":720,\"height\":432,\"caption\":\"Salvaterra, Comunal Chan da Ponte\"},{\"@type\":\"BreadcrumbList\",\"@id\":\"https:\\\/\\\/www.anovapeneira.gal\\\/index.php\\\/2020\\\/12\\\/15\\\/salvaterra-comunal-chan-da-ponte\\\/#breadcrumb\",\"itemListElement\":[{\"@type\":\"ListItem\",\"position\":1,\"name\":\"Portada\",\"item\":\"https:\\\/\\\/www.anovapeneira.gal\\\/\"},{\"@type\":\"ListItem\",\"position\":2,\"name\":\"Salvaterra, Comunal Chan da Ponte\"}]},{\"@type\":\"WebSite\",\"@id\":\"https:\\\/\\\/www.anovapeneira.gal\\\/#website\",\"url\":\"https:\\\/\\\/www.anovapeneira.gal\\\/\",\"name\":\"\",\"description\":\"Xornal galego de informaci\u00f3n xeral Publicaci\u00f3n mensual de novas de Galicia e en especial dos Concellos da sur da provincia de Pontevedra.\",\"publisher\":{\"@id\":\"https:\\\/\\\/www.anovapeneira.gal\\\/#organization\"},\"potentialAction\":[{\"@type\":\"SearchAction\",\"target\":{\"@type\":\"EntryPoint\",\"urlTemplate\":\"https:\\\/\\\/www.anovapeneira.gal\\\/?s={search_term_string}\"},\"query-input\":{\"@type\":\"PropertyValueSpecification\",\"valueRequired\":true,\"valueName\":\"search_term_string\"}}],\"inLanguage\":\"gl-ES\"},{\"@type\":\"Organization\",\"@id\":\"https:\\\/\\\/www.anovapeneira.gal\\\/#organization\",\"name\":\"A Nova Peneira\",\"url\":\"https:\\\/\\\/www.anovapeneira.gal\\\/\",\"logo\":{\"@type\":\"ImageObject\",\"inLanguage\":\"gl-ES\",\"@id\":\"https:\\\/\\\/www.anovapeneira.gal\\\/#\\\/schema\\\/logo\\\/image\\\/\",\"url\":\"http:\\\/\\\/www.anovapeneira.gal\\\/wp-content\\\/uploads\\\/2019\\\/06\\\/logo_a_nova_peneira_portal_web.png\",\"contentUrl\":\"http:\\\/\\\/www.anovapeneira.gal\\\/wp-content\\\/uploads\\\/2019\\\/06\\\/logo_a_nova_peneira_portal_web.png\",\"width\":300,\"height\":100,\"caption\":\"A Nova Peneira\"},\"image\":{\"@id\":\"https:\\\/\\\/www.anovapeneira.gal\\\/#\\\/schema\\\/logo\\\/image\\\/\"},\"sameAs\":[\"https:\\\/\\\/www.facebook.com\\\/anovapeneira\",\"https:\\\/\\\/x.com\\\/APeneira\"]},{\"@type\":\"Person\",\"@id\":\"https:\\\/\\\/www.anovapeneira.gal\\\/#\\\/schema\\\/person\\\/1bf91cd240796d05b6522e3d8a6e2d8e\",\"name\":\"Ant\u00f3n Lorenzo Gonz\u00e1lez\",\"image\":{\"@type\":\"ImageObject\",\"inLanguage\":\"gl-ES\",\"@id\":\"https:\\\/\\\/secure.gravatar.com\\\/avatar\\\/dcd882e8f4338e07610336943426400d525673506eb37ce59442ba704e5cc971?s=96&d=mm&r=g\",\"url\":\"https:\\\/\\\/secure.gravatar.com\\\/avatar\\\/dcd882e8f4338e07610336943426400d525673506eb37ce59442ba704e5cc971?s=96&d=mm&r=g\",\"contentUrl\":\"https:\\\/\\\/secure.gravatar.com\\\/avatar\\\/dcd882e8f4338e07610336943426400d525673506eb37ce59442ba704e5cc971?s=96&d=mm&r=g\",\"caption\":\"Ant\u00f3n Lorenzo Gonz\u00e1lez\"},\"url\":\"https:\\\/\\\/www.anovapeneira.gal\\\/index.php\\\/author\\\/xaque\\\/\"}]}<\/script>\n<!-- \/ Yoast SEO plugin. -->","yoast_head_json":{"title":"Salvaterra, Comunal Chan da Ponte -","description":"Vai por diante que os Montes Comunais son INDIVISIBLES, INALIENABLES, IMPRESCRIPTIBLES e INEMBARGABLES, \u00e9 dicir, non se poden dividir,non se poden vender,sempre conservan o seu car\u00e1cter de comunaise tampouco se poden embargar. (Lei de Montes 31\/1989 e Lei de Montes 2012).","robots":{"index":"index","follow":"follow","max-snippet":"max-snippet:-1","max-image-preview":"max-image-preview:large","max-video-preview":"max-video-preview:-1"},"canonical":"https:\/\/www.anovapeneira.gal\/index.php\/2020\/12\/15\/salvaterra-comunal-chan-da-ponte\/","og_locale":"gl_ES","og_type":"article","og_title":"Salvaterra, Comunal Chan da Ponte -","og_description":"Vai por diante que os Montes Comunais son INDIVISIBLES, INALIENABLES, IMPRESCRIPTIBLES e INEMBARGABLES, \u00e9 dicir, non se poden dividir,non se poden vender,sempre conservan o seu car\u00e1cter de comunaise tampouco se poden embargar. (Lei de Montes 31\/1989 e Lei de Montes 2012).","og_url":"https:\/\/www.anovapeneira.gal\/index.php\/2020\/12\/15\/salvaterra-comunal-chan-da-ponte\/","article_publisher":"https:\/\/www.facebook.com\/anovapeneira","article_published_time":"2020-12-15T09:00:27+00:00","og_image":[{"width":720,"height":432,"url":"https:\/\/www.anovapeneira.gal\/wp-content\/uploads\/2020\/12\/montes_salvaterra_chan_da_ponte.jpg","type":"image\/jpeg"}],"author":"Ant\u00f3n Lorenzo Gonz\u00e1lez","twitter_card":"summary_large_image","twitter_creator":"@APeneira","twitter_site":"@APeneira","twitter_misc":{"Escrito por":"Ant\u00f3n Lorenzo Gonz\u00e1lez","Tempo de lectura":"3 minutos"},"schema":{"@context":"https:\/\/schema.org","@graph":[{"@type":"Article","@id":"https:\/\/www.anovapeneira.gal\/index.php\/2020\/12\/15\/salvaterra-comunal-chan-da-ponte\/#article","isPartOf":{"@id":"https:\/\/www.anovapeneira.gal\/index.php\/2020\/12\/15\/salvaterra-comunal-chan-da-ponte\/"},"author":{"name":"Ant\u00f3n Lorenzo Gonz\u00e1lez","@id":"https:\/\/www.anovapeneira.gal\/#\/schema\/person\/1bf91cd240796d05b6522e3d8a6e2d8e"},"headline":"Salvaterra, Comunal Chan da Ponte","datePublished":"2020-12-15T09:00:27+00:00","mainEntityOfPage":{"@id":"https:\/\/www.anovapeneira.gal\/index.php\/2020\/12\/15\/salvaterra-comunal-chan-da-ponte\/"},"wordCount":625,"commentCount":0,"publisher":{"@id":"https:\/\/www.anovapeneira.gal\/#organization"},"image":{"@id":"https:\/\/www.anovapeneira.gal\/index.php\/2020\/12\/15\/salvaterra-comunal-chan-da-ponte\/#primaryimage"},"thumbnailUrl":"https:\/\/www.anovapeneira.gal\/wp-content\/uploads\/2020\/12\/montes_salvaterra_chan_da_ponte.jpg","keywords":["Concello de Salvaterra do Mi\u00f1o"],"articleSection":["Artigos de opini\u00f3n"],"inLanguage":"gl-ES","potentialAction":[{"@type":"CommentAction","name":"Comment","target":["https:\/\/www.anovapeneira.gal\/index.php\/2020\/12\/15\/salvaterra-comunal-chan-da-ponte\/#respond"]}]},{"@type":"WebPage","@id":"https:\/\/www.anovapeneira.gal\/index.php\/2020\/12\/15\/salvaterra-comunal-chan-da-ponte\/","url":"https:\/\/www.anovapeneira.gal\/index.php\/2020\/12\/15\/salvaterra-comunal-chan-da-ponte\/","name":"Salvaterra, Comunal Chan da Ponte -","isPartOf":{"@id":"https:\/\/www.anovapeneira.gal\/#website"},"primaryImageOfPage":{"@id":"https:\/\/www.anovapeneira.gal\/index.php\/2020\/12\/15\/salvaterra-comunal-chan-da-ponte\/#primaryimage"},"image":{"@id":"https:\/\/www.anovapeneira.gal\/index.php\/2020\/12\/15\/salvaterra-comunal-chan-da-ponte\/#primaryimage"},"thumbnailUrl":"https:\/\/www.anovapeneira.gal\/wp-content\/uploads\/2020\/12\/montes_salvaterra_chan_da_ponte.jpg","datePublished":"2020-12-15T09:00:27+00:00","description":"Vai por diante que os Montes Comunais son INDIVISIBLES, INALIENABLES, IMPRESCRIPTIBLES e INEMBARGABLES, \u00e9 dicir, non se poden dividir,non se poden vender,sempre conservan o seu car\u00e1cter de comunaise tampouco se poden embargar. (Lei de Montes 31\/1989 e Lei de Montes 2012).","breadcrumb":{"@id":"https:\/\/www.anovapeneira.gal\/index.php\/2020\/12\/15\/salvaterra-comunal-chan-da-ponte\/#breadcrumb"},"inLanguage":"gl-ES","potentialAction":[{"@type":"ReadAction","target":["https:\/\/www.anovapeneira.gal\/index.php\/2020\/12\/15\/salvaterra-comunal-chan-da-ponte\/"]}]},{"@type":"ImageObject","inLanguage":"gl-ES","@id":"https:\/\/www.anovapeneira.gal\/index.php\/2020\/12\/15\/salvaterra-comunal-chan-da-ponte\/#primaryimage","url":"https:\/\/www.anovapeneira.gal\/wp-content\/uploads\/2020\/12\/montes_salvaterra_chan_da_ponte.jpg","contentUrl":"https:\/\/www.anovapeneira.gal\/wp-content\/uploads\/2020\/12\/montes_salvaterra_chan_da_ponte.jpg","width":720,"height":432,"caption":"Salvaterra, Comunal Chan da Ponte"},{"@type":"BreadcrumbList","@id":"https:\/\/www.anovapeneira.gal\/index.php\/2020\/12\/15\/salvaterra-comunal-chan-da-ponte\/#breadcrumb","itemListElement":[{"@type":"ListItem","position":1,"name":"Portada","item":"https:\/\/www.anovapeneira.gal\/"},{"@type":"ListItem","position":2,"name":"Salvaterra, Comunal Chan da Ponte"}]},{"@type":"WebSite","@id":"https:\/\/www.anovapeneira.gal\/#website","url":"https:\/\/www.anovapeneira.gal\/","name":"","description":"Xornal galego de informaci\u00f3n xeral Publicaci\u00f3n mensual de novas de Galicia e en especial dos Concellos da sur da provincia de Pontevedra.","publisher":{"@id":"https:\/\/www.anovapeneira.gal\/#organization"},"potentialAction":[{"@type":"SearchAction","target":{"@type":"EntryPoint","urlTemplate":"https:\/\/www.anovapeneira.gal\/?s={search_term_string}"},"query-input":{"@type":"PropertyValueSpecification","valueRequired":true,"valueName":"search_term_string"}}],"inLanguage":"gl-ES"},{"@type":"Organization","@id":"https:\/\/www.anovapeneira.gal\/#organization","name":"A Nova Peneira","url":"https:\/\/www.anovapeneira.gal\/","logo":{"@type":"ImageObject","inLanguage":"gl-ES","@id":"https:\/\/www.anovapeneira.gal\/#\/schema\/logo\/image\/","url":"http:\/\/www.anovapeneira.gal\/wp-content\/uploads\/2019\/06\/logo_a_nova_peneira_portal_web.png","contentUrl":"http:\/\/www.anovapeneira.gal\/wp-content\/uploads\/2019\/06\/logo_a_nova_peneira_portal_web.png","width":300,"height":100,"caption":"A Nova Peneira"},"image":{"@id":"https:\/\/www.anovapeneira.gal\/#\/schema\/logo\/image\/"},"sameAs":["https:\/\/www.facebook.com\/anovapeneira","https:\/\/x.com\/APeneira"]},{"@type":"Person","@id":"https:\/\/www.anovapeneira.gal\/#\/schema\/person\/1bf91cd240796d05b6522e3d8a6e2d8e","name":"Ant\u00f3n Lorenzo Gonz\u00e1lez","image":{"@type":"ImageObject","inLanguage":"gl-ES","@id":"https:\/\/secure.gravatar.com\/avatar\/dcd882e8f4338e07610336943426400d525673506eb37ce59442ba704e5cc971?s=96&d=mm&r=g","url":"https:\/\/secure.gravatar.com\/avatar\/dcd882e8f4338e07610336943426400d525673506eb37ce59442ba704e5cc971?s=96&d=mm&r=g","contentUrl":"https:\/\/secure.gravatar.com\/avatar\/dcd882e8f4338e07610336943426400d525673506eb37ce59442ba704e5cc971?s=96&d=mm&r=g","caption":"Ant\u00f3n Lorenzo Gonz\u00e1lez"},"url":"https:\/\/www.anovapeneira.gal\/index.php\/author\/xaque\/"}]}},"jetpack_featured_media_url":"https:\/\/www.anovapeneira.gal\/wp-content\/uploads\/2020\/12\/montes_salvaterra_chan_da_ponte.jpg","_links":{"self":[{"href":"https:\/\/www.anovapeneira.gal\/index.php\/wp-json\/wp\/v2\/posts\/4481","targetHints":{"allow":["GET"]}}],"collection":[{"href":"https:\/\/www.anovapeneira.gal\/index.php\/wp-json\/wp\/v2\/posts"}],"about":[{"href":"https:\/\/www.anovapeneira.gal\/index.php\/wp-json\/wp\/v2\/types\/post"}],"author":[{"embeddable":true,"href":"https:\/\/www.anovapeneira.gal\/index.php\/wp-json\/wp\/v2\/users\/34"}],"replies":[{"embeddable":true,"href":"https:\/\/www.anovapeneira.gal\/index.php\/wp-json\/wp\/v2\/comments?post=4481"}],"version-history":[{"count":1,"href":"https:\/\/www.anovapeneira.gal\/index.php\/wp-json\/wp\/v2\/posts\/4481\/revisions"}],"predecessor-version":[{"id":4482,"href":"https:\/\/www.anovapeneira.gal\/index.php\/wp-json\/wp\/v2\/posts\/4481\/revisions\/4482"}],"wp:featuredmedia":[{"embeddable":true,"href":"https:\/\/www.anovapeneira.gal\/index.php\/wp-json\/wp\/v2\/media\/4483"}],"wp:attachment":[{"href":"https:\/\/www.anovapeneira.gal\/index.php\/wp-json\/wp\/v2\/media?parent=4481"}],"wp:term":[{"taxonomy":"category","embeddable":true,"href":"https:\/\/www.anovapeneira.gal\/index.php\/wp-json\/wp\/v2\/categories?post=4481"},{"taxonomy":"post_tag","embeddable":true,"href":"https:\/\/www.anovapeneira.gal\/index.php\/wp-json\/wp\/v2\/tags?post=4481"}],"curies":[{"name":"wp","href":"https:\/\/api.w.org\/{rel}","templated":true}]}}