{"id":4484,"date":"2020-12-15T12:00:53","date_gmt":"2020-12-15T11:00:53","guid":{"rendered":"http:\/\/www.anovapeneira.gal\/?p=4484"},"modified":"2020-12-12T09:44:27","modified_gmt":"2020-12-12T08:44:27","slug":"salvemos-o-castro-de-a-subida","status":"publish","type":"post","link":"https:\/\/www.anovapeneira.gal\/index.php\/2020\/12\/15\/salvemos-o-castro-de-a-subida\/","title":{"rendered":"Salvemos o castro de A Subid\u00e1"},"content":{"rendered":"\n<figure class=\"wp-block-image size-large is-resized\"><img loading=\"lazy\" decoding=\"async\" src=\"http:\/\/www.anovapeneira.gal\/wp-content\/uploads\/2019\/07\/pedro_cortegoso_opinion_a_nova_peneira_bn.jpg\" alt=\"Pedro M. Cortegoso Gago Artigo Opini\u00f3n A Nova Peneira\" class=\"wp-image-464\" width=\"95\" height=\"111\"\/><figcaption>Pedro M. Cortegoso Gago Traballador do Centro de Sa\u00fade de Moa\u00f1a<\/figcaption><\/figure>\n\n\n\n<p>Estes d\u00edas comprobamos como, unha vez mais, as administraci\u00f3ns p\u00fablicas son as principais respons\u00e1beis da destruci\u00f3n e deterioro do noso patrimonio arqueol\u00f3xico. En Mar\u00edn temos experiencias abondo:&nbsp;aPedrafita bailarina en Curras,&nbsp;am\u00e1moa de Pedralonga estragada pola Xunta ao abrir unha pista en Casti\u00f1eiras, ou o derrube do edificio do Priorato.<\/p>\n\n\n\n<p>Hoxe o castro de A Subid\u00e1 est\u00e1&nbsp;a sofreractuaci\u00f3ns que son un atentado ao patrimonio arqueol\u00f3xico de Mar\u00edn, coa escusa da s\u00faa posta en valor est\u00e1n&nbsp;transform\u00e1ndoonun miradoiro.&nbsp;<\/p>\n\n\n\n<p><em>Trazas de Pontevedra<\/em>\u00e9 o nome do proxecto desenvolvido entre a Deputaci\u00f3n de Pontevedra e o Ministerio de Fomento, executado pola empresa murciana Patrimonio Intelixente, SL, para a \u201cmusealizaci\u00f3n\u201d de A Subid\u00e1 e varios castros mais da provincia de Pontevedra.<\/p>\n\n\n\n<p>E nesta actuaci\u00f3n, non s\u00f3 desprezan a nosa historia, tam\u00e9n desprezano noso idioma coa futura colocaci\u00f3n duns paneis informativos nos que ser\u00e1 protagonista o idioma do imperio, e o galego, xunto co ingl\u00e9s, ter\u00e1 un espazo residual. Pat\u00e9tico tam\u00e9n \u00e9 ver unha louxa coa verba inglesa \u201cLOOK\u201d gravada, nun exercicio rid\u00edculo de modernidade paleta.<\/p>\n\n\n\n<p>Esta iniciativa conxunta bendicida por patrimonio da Xunta de Galiza&nbsp;ten como obxectivo\u201cpor en valor os xacementos arqueol\u00f3xicos galaico-romanos da provincia\u201d.&nbsp;Por\u00e9n, o&nbsp;que pretend\u00eda ser unha actuaci\u00f3n para \u201cmusealizar e por en valor\u201d \u00e9 en realidade un atentado, unha actuaci\u00f3n salvaxe sobre uns xacementos que resistiron o paso do tempo e que hoxe vense profanadospor d\u00faas administraci\u00f3ns,co consentimento e visto bo do goberno da Xunta de Galiza.<\/p>\n\n\n\n<p>Foi o mesmo goberno que, o 26 de novembro do 2019 da man da Directora Xeral na comisi\u00f3n de Patrimonio Cultural, respondeu \u00e1s preguntas do BNG sobre o proxecto afirmando que \u201ca Consellar\u00eda de Cultura velar\u00eda polo respecto \u00e1 legalidade e \u00e1 protecci\u00f3n do patrimonio cultural\u201d. Xa se ve como entenden estes bur\u00f3cratas do Partido Popular a protecci\u00f3n dos nosos&nbsp;<em>verdes castros<\/em>.<\/p>\n\n\n\n<p>Toiriz en Silleda, A Subid\u00e1 en Mar\u00edn e Alobre en Vilagarc\u00eda&nbsp;son os castros que nesta primeira fase van ser sacrificados e transformados en&nbsp;\u201cparques tem\u00e1ticos\u201d. Chantando neles uns petoutos p\u00e9treos de cor branca e unhas picas met\u00e1licas de dese\u00f1o, abrindo con escavadoras cami\u00f1os para despois pavimentalos, e enchendo o entorno de plantas de cores alleas ao entorno natural. Todo moi \u201cchic\u201d e moi moderno.&nbsp;<\/p>\n\n\n\n<p>Estamos ante un proceso de estandarizaci\u00f3n dos xacementos&nbsp;arqueol\u00f3xicos.Non vai haber diferencia entre eles, ser\u00e1 o mesmo ir a un ou a outro, van ser clonados por Patrimonio Intelixente. Todos coas mesmas pedras, coas mesmas flores e cos mesmos sendeiros. Todos id\u00e9nticos.<\/p>\n\n\n\n<p>Esa forma de po\u00f1er en valor (expresi\u00f3n moi de moda) o noso patrimonio, xa sexa arqueol\u00f3xico ou doutro tipo, \u00e9 propia de&nbsp;irrespons\u00e1beis pol\u00edticosque s\u00f3 pensan no r\u00e9dito econ\u00f3mico e pol\u00edtico. O econ\u00f3mico para a empresa \u201camiga\u201d, o pol\u00edtico para eles mesmos por que&nbsp;vendendoeste tipo de obras pensan que poden&nbsp;obterbenef\u00edcios electorais.<\/p>\n\n\n\n<p>Debemosreverter esta desfeita e evitar as que vir\u00e1n. O proxecto Trazas de Pontevedra ten continuidade, a pretensi\u00f3n da Deputaci\u00f3n e do Ministerio \u00e9&nbsp;seguircoa estandarizaci\u00f3n dos castros da provincia de Pontevedra. E non podemos consentir que se desvirt\u00fae o noso pasado, que se esfarele o noso patrimonio. Un patrimonio que temos o deber de conservar.<\/p>\n\n\n\n<p>Mar\u00edn, 7 de decembro de 2020<\/p>\n","protected":false},"excerpt":{"rendered":"<div class=\"mh-excerpt\"><p>Estes d\u00edas comprobamos como, unha vez mais, as administraci\u00f3ns p\u00fablicas son as principais respons\u00e1beis da destruci\u00f3n e deterioro do noso patrimonio arqueol\u00f3xico. En Mar\u00edn temos experiencias abondo: aPedrafita bailarina en Curras, am\u00e1moa de Pedralonga estragada pola Xunta ao abrir unha pista en Casti\u00f1eiras, ou o derrube do edificio do Priorato. <a class=\"mh-excerpt-more\" href=\"https:\/\/www.anovapeneira.gal\/index.php\/2020\/12\/15\/salvemos-o-castro-de-a-subida\/\" title=\"Salvemos o castro de A Subid\u00e1\">[&#8230;]<\/a><\/p>\n<\/div>","protected":false},"author":4,"featured_media":584,"comment_status":"open","ping_status":"open","sticky":false,"template":"","format":"standard","meta":{"_exactmetrics_skip_tracking":false,"_exactmetrics_sitenote_active":false,"_exactmetrics_sitenote_note":"","_exactmetrics_sitenote_category":0,"footnotes":""},"categories":[7],"tags":[58],"class_list":{"0":"post-4484","1":"post","2":"type-post","3":"status-publish","4":"format-standard","5":"has-post-thumbnail","7":"category-artigos-de-opinion","8":"tag-opinion"},"yoast_head":"<!-- This site is optimized with the Yoast SEO plugin v27.4 - https:\/\/yoast.com\/product\/yoast-seo-wordpress\/ -->\n<title>Salvemos o castro de A Subid\u00e1 -<\/title>\n<meta name=\"description\" content=\"Estes d\u00edas comprobamos como, unha vez mais, as administraci\u00f3ns p\u00fablicas son as principais respons\u00e1beis da destruci\u00f3n e deterioro do noso patrimonio arqueol\u00f3xico. En Mar\u00edn temos experiencias abondo: aPedrafita bailarina en Curras, am\u00e1moa de Pedralonga estragada pola Xunta ao abrir unha pista en Casti\u00f1eiras, ou o derrube do edificio do Priorato.\" \/>\n<meta name=\"robots\" content=\"index, follow, max-snippet:-1, max-image-preview:large, max-video-preview:-1\" \/>\n<link rel=\"canonical\" href=\"https:\/\/www.anovapeneira.gal\/index.php\/2020\/12\/15\/salvemos-o-castro-de-a-subida\/\" \/>\n<meta property=\"og:locale\" content=\"gl_ES\" \/>\n<meta property=\"og:type\" content=\"article\" \/>\n<meta property=\"og:title\" content=\"Salvemos o castro de A Subid\u00e1 -\" \/>\n<meta property=\"og:description\" content=\"Estes d\u00edas comprobamos como, unha vez mais, as administraci\u00f3ns p\u00fablicas son as principais respons\u00e1beis da destruci\u00f3n e deterioro do noso patrimonio arqueol\u00f3xico. En Mar\u00edn temos experiencias abondo: aPedrafita bailarina en Curras, am\u00e1moa de Pedralonga estragada pola Xunta ao abrir unha pista en Casti\u00f1eiras, ou o derrube do edificio do Priorato.\" \/>\n<meta property=\"og:url\" content=\"https:\/\/www.anovapeneira.gal\/index.php\/2020\/12\/15\/salvemos-o-castro-de-a-subida\/\" \/>\n<meta property=\"article:publisher\" content=\"https:\/\/www.facebook.com\/anovapeneira\" \/>\n<meta property=\"article:published_time\" content=\"2020-12-15T11:00:53+00:00\" \/>\n<meta property=\"og:image\" content=\"https:\/\/www.anovapeneira.gal\/wp-content\/uploads\/2019\/07\/ARTIGO_DE_OPINION_A_NOVA_PENEIRA.jpg\" \/>\n\t<meta property=\"og:image:width\" content=\"720\" \/>\n\t<meta property=\"og:image:height\" content=\"473\" \/>\n\t<meta property=\"og:image:type\" content=\"image\/jpeg\" \/>\n<meta name=\"author\" content=\"Pedro M. Cortegoso Gago\" \/>\n<meta name=\"twitter:card\" content=\"summary_large_image\" \/>\n<meta name=\"twitter:creator\" content=\"@APeneira\" \/>\n<meta name=\"twitter:site\" content=\"@APeneira\" \/>\n<meta name=\"twitter:label1\" content=\"Escrito por\" \/>\n\t<meta name=\"twitter:data1\" content=\"Pedro M. Cortegoso Gago\" \/>\n\t<meta name=\"twitter:label2\" content=\"Tempo de lectura\" \/>\n\t<meta name=\"twitter:data2\" content=\"3 minutos\" \/>\n<script type=\"application\/ld+json\" class=\"yoast-schema-graph\">{\"@context\":\"https:\\\/\\\/schema.org\",\"@graph\":[{\"@type\":\"Article\",\"@id\":\"https:\\\/\\\/www.anovapeneira.gal\\\/index.php\\\/2020\\\/12\\\/15\\\/salvemos-o-castro-de-a-subida\\\/#article\",\"isPartOf\":{\"@id\":\"https:\\\/\\\/www.anovapeneira.gal\\\/index.php\\\/2020\\\/12\\\/15\\\/salvemos-o-castro-de-a-subida\\\/\"},\"author\":{\"name\":\"Pedro M. Cortegoso Gago\",\"@id\":\"https:\\\/\\\/www.anovapeneira.gal\\\/#\\\/schema\\\/person\\\/c04a9c9f722c9446e71ae434c0353337\"},\"headline\":\"Salvemos o castro de A Subid\u00e1\",\"datePublished\":\"2020-12-15T11:00:53+00:00\",\"mainEntityOfPage\":{\"@id\":\"https:\\\/\\\/www.anovapeneira.gal\\\/index.php\\\/2020\\\/12\\\/15\\\/salvemos-o-castro-de-a-subida\\\/\"},\"wordCount\":602,\"commentCount\":0,\"publisher\":{\"@id\":\"https:\\\/\\\/www.anovapeneira.gal\\\/#organization\"},\"image\":{\"@id\":\"https:\\\/\\\/www.anovapeneira.gal\\\/index.php\\\/2020\\\/12\\\/15\\\/salvemos-o-castro-de-a-subida\\\/#primaryimage\"},\"thumbnailUrl\":\"https:\\\/\\\/www.anovapeneira.gal\\\/wp-content\\\/uploads\\\/2019\\\/07\\\/ARTIGO_DE_OPINION_A_NOVA_PENEIRA.jpg\",\"keywords\":[\"Opini\u00f3n\"],\"articleSection\":[\"Artigos de opini\u00f3n\"],\"inLanguage\":\"gl-ES\",\"potentialAction\":[{\"@type\":\"CommentAction\",\"name\":\"Comment\",\"target\":[\"https:\\\/\\\/www.anovapeneira.gal\\\/index.php\\\/2020\\\/12\\\/15\\\/salvemos-o-castro-de-a-subida\\\/#respond\"]}]},{\"@type\":\"WebPage\",\"@id\":\"https:\\\/\\\/www.anovapeneira.gal\\\/index.php\\\/2020\\\/12\\\/15\\\/salvemos-o-castro-de-a-subida\\\/\",\"url\":\"https:\\\/\\\/www.anovapeneira.gal\\\/index.php\\\/2020\\\/12\\\/15\\\/salvemos-o-castro-de-a-subida\\\/\",\"name\":\"Salvemos o castro de A Subid\u00e1 -\",\"isPartOf\":{\"@id\":\"https:\\\/\\\/www.anovapeneira.gal\\\/#website\"},\"primaryImageOfPage\":{\"@id\":\"https:\\\/\\\/www.anovapeneira.gal\\\/index.php\\\/2020\\\/12\\\/15\\\/salvemos-o-castro-de-a-subida\\\/#primaryimage\"},\"image\":{\"@id\":\"https:\\\/\\\/www.anovapeneira.gal\\\/index.php\\\/2020\\\/12\\\/15\\\/salvemos-o-castro-de-a-subida\\\/#primaryimage\"},\"thumbnailUrl\":\"https:\\\/\\\/www.anovapeneira.gal\\\/wp-content\\\/uploads\\\/2019\\\/07\\\/ARTIGO_DE_OPINION_A_NOVA_PENEIRA.jpg\",\"datePublished\":\"2020-12-15T11:00:53+00:00\",\"description\":\"Estes d\u00edas comprobamos como, unha vez mais, as administraci\u00f3ns p\u00fablicas son as principais respons\u00e1beis da destruci\u00f3n e deterioro do noso patrimonio arqueol\u00f3xico. En Mar\u00edn temos experiencias abondo: aPedrafita bailarina en Curras, am\u00e1moa de Pedralonga estragada pola Xunta ao abrir unha pista en Casti\u00f1eiras, ou o derrube do edificio do Priorato.\",\"breadcrumb\":{\"@id\":\"https:\\\/\\\/www.anovapeneira.gal\\\/index.php\\\/2020\\\/12\\\/15\\\/salvemos-o-castro-de-a-subida\\\/#breadcrumb\"},\"inLanguage\":\"gl-ES\",\"potentialAction\":[{\"@type\":\"ReadAction\",\"target\":[\"https:\\\/\\\/www.anovapeneira.gal\\\/index.php\\\/2020\\\/12\\\/15\\\/salvemos-o-castro-de-a-subida\\\/\"]}]},{\"@type\":\"ImageObject\",\"inLanguage\":\"gl-ES\",\"@id\":\"https:\\\/\\\/www.anovapeneira.gal\\\/index.php\\\/2020\\\/12\\\/15\\\/salvemos-o-castro-de-a-subida\\\/#primaryimage\",\"url\":\"https:\\\/\\\/www.anovapeneira.gal\\\/wp-content\\\/uploads\\\/2019\\\/07\\\/ARTIGO_DE_OPINION_A_NOVA_PENEIRA.jpg\",\"contentUrl\":\"https:\\\/\\\/www.anovapeneira.gal\\\/wp-content\\\/uploads\\\/2019\\\/07\\\/ARTIGO_DE_OPINION_A_NOVA_PENEIRA.jpg\",\"width\":720,\"height\":473,\"caption\":\"Artigo de opini\u00f3n A Nova Peneira\"},{\"@type\":\"BreadcrumbList\",\"@id\":\"https:\\\/\\\/www.anovapeneira.gal\\\/index.php\\\/2020\\\/12\\\/15\\\/salvemos-o-castro-de-a-subida\\\/#breadcrumb\",\"itemListElement\":[{\"@type\":\"ListItem\",\"position\":1,\"name\":\"Portada\",\"item\":\"https:\\\/\\\/www.anovapeneira.gal\\\/\"},{\"@type\":\"ListItem\",\"position\":2,\"name\":\"Salvemos o castro de A Subid\u00e1\"}]},{\"@type\":\"WebSite\",\"@id\":\"https:\\\/\\\/www.anovapeneira.gal\\\/#website\",\"url\":\"https:\\\/\\\/www.anovapeneira.gal\\\/\",\"name\":\"\",\"description\":\"Xornal galego de informaci\u00f3n xeral Publicaci\u00f3n mensual de novas de Galicia e en especial dos Concellos da sur da provincia de Pontevedra.\",\"publisher\":{\"@id\":\"https:\\\/\\\/www.anovapeneira.gal\\\/#organization\"},\"potentialAction\":[{\"@type\":\"SearchAction\",\"target\":{\"@type\":\"EntryPoint\",\"urlTemplate\":\"https:\\\/\\\/www.anovapeneira.gal\\\/?s={search_term_string}\"},\"query-input\":{\"@type\":\"PropertyValueSpecification\",\"valueRequired\":true,\"valueName\":\"search_term_string\"}}],\"inLanguage\":\"gl-ES\"},{\"@type\":\"Organization\",\"@id\":\"https:\\\/\\\/www.anovapeneira.gal\\\/#organization\",\"name\":\"A Nova Peneira\",\"url\":\"https:\\\/\\\/www.anovapeneira.gal\\\/\",\"logo\":{\"@type\":\"ImageObject\",\"inLanguage\":\"gl-ES\",\"@id\":\"https:\\\/\\\/www.anovapeneira.gal\\\/#\\\/schema\\\/logo\\\/image\\\/\",\"url\":\"http:\\\/\\\/www.anovapeneira.gal\\\/wp-content\\\/uploads\\\/2019\\\/06\\\/logo_a_nova_peneira_portal_web.png\",\"contentUrl\":\"http:\\\/\\\/www.anovapeneira.gal\\\/wp-content\\\/uploads\\\/2019\\\/06\\\/logo_a_nova_peneira_portal_web.png\",\"width\":300,\"height\":100,\"caption\":\"A Nova Peneira\"},\"image\":{\"@id\":\"https:\\\/\\\/www.anovapeneira.gal\\\/#\\\/schema\\\/logo\\\/image\\\/\"},\"sameAs\":[\"https:\\\/\\\/www.facebook.com\\\/anovapeneira\",\"https:\\\/\\\/x.com\\\/APeneira\"]},{\"@type\":\"Person\",\"@id\":\"https:\\\/\\\/www.anovapeneira.gal\\\/#\\\/schema\\\/person\\\/c04a9c9f722c9446e71ae434c0353337\",\"name\":\"Pedro M. Cortegoso Gago\",\"image\":{\"@type\":\"ImageObject\",\"inLanguage\":\"gl-ES\",\"@id\":\"https:\\\/\\\/secure.gravatar.com\\\/avatar\\\/1613b27278a972c04db5c2f04fb2cbfa9edb58d6c3e2547817ecb8240eb58381?s=96&d=mm&r=g\",\"url\":\"https:\\\/\\\/secure.gravatar.com\\\/avatar\\\/1613b27278a972c04db5c2f04fb2cbfa9edb58d6c3e2547817ecb8240eb58381?s=96&d=mm&r=g\",\"contentUrl\":\"https:\\\/\\\/secure.gravatar.com\\\/avatar\\\/1613b27278a972c04db5c2f04fb2cbfa9edb58d6c3e2547817ecb8240eb58381?s=96&d=mm&r=g\",\"caption\":\"Pedro M. Cortegoso Gago\"},\"sameAs\":[\"http:\\\/\\\/anovapeneira.gal\"],\"url\":\"https:\\\/\\\/www.anovapeneira.gal\\\/index.php\\\/author\\\/opinionpcortegoso\\\/\"}]}<\/script>\n<!-- \/ Yoast SEO plugin. -->","yoast_head_json":{"title":"Salvemos o castro de A Subid\u00e1 -","description":"Estes d\u00edas comprobamos como, unha vez mais, as administraci\u00f3ns p\u00fablicas son as principais respons\u00e1beis da destruci\u00f3n e deterioro do noso patrimonio arqueol\u00f3xico. En Mar\u00edn temos experiencias abondo: aPedrafita bailarina en Curras, am\u00e1moa de Pedralonga estragada pola Xunta ao abrir unha pista en Casti\u00f1eiras, ou o derrube do edificio do Priorato.","robots":{"index":"index","follow":"follow","max-snippet":"max-snippet:-1","max-image-preview":"max-image-preview:large","max-video-preview":"max-video-preview:-1"},"canonical":"https:\/\/www.anovapeneira.gal\/index.php\/2020\/12\/15\/salvemos-o-castro-de-a-subida\/","og_locale":"gl_ES","og_type":"article","og_title":"Salvemos o castro de A Subid\u00e1 -","og_description":"Estes d\u00edas comprobamos como, unha vez mais, as administraci\u00f3ns p\u00fablicas son as principais respons\u00e1beis da destruci\u00f3n e deterioro do noso patrimonio arqueol\u00f3xico. En Mar\u00edn temos experiencias abondo: aPedrafita bailarina en Curras, am\u00e1moa de Pedralonga estragada pola Xunta ao abrir unha pista en Casti\u00f1eiras, ou o derrube do edificio do Priorato.","og_url":"https:\/\/www.anovapeneira.gal\/index.php\/2020\/12\/15\/salvemos-o-castro-de-a-subida\/","article_publisher":"https:\/\/www.facebook.com\/anovapeneira","article_published_time":"2020-12-15T11:00:53+00:00","og_image":[{"width":720,"height":473,"url":"https:\/\/www.anovapeneira.gal\/wp-content\/uploads\/2019\/07\/ARTIGO_DE_OPINION_A_NOVA_PENEIRA.jpg","type":"image\/jpeg"}],"author":"Pedro M. Cortegoso Gago","twitter_card":"summary_large_image","twitter_creator":"@APeneira","twitter_site":"@APeneira","twitter_misc":{"Escrito por":"Pedro M. Cortegoso Gago","Tempo de lectura":"3 minutos"},"schema":{"@context":"https:\/\/schema.org","@graph":[{"@type":"Article","@id":"https:\/\/www.anovapeneira.gal\/index.php\/2020\/12\/15\/salvemos-o-castro-de-a-subida\/#article","isPartOf":{"@id":"https:\/\/www.anovapeneira.gal\/index.php\/2020\/12\/15\/salvemos-o-castro-de-a-subida\/"},"author":{"name":"Pedro M. Cortegoso Gago","@id":"https:\/\/www.anovapeneira.gal\/#\/schema\/person\/c04a9c9f722c9446e71ae434c0353337"},"headline":"Salvemos o castro de A Subid\u00e1","datePublished":"2020-12-15T11:00:53+00:00","mainEntityOfPage":{"@id":"https:\/\/www.anovapeneira.gal\/index.php\/2020\/12\/15\/salvemos-o-castro-de-a-subida\/"},"wordCount":602,"commentCount":0,"publisher":{"@id":"https:\/\/www.anovapeneira.gal\/#organization"},"image":{"@id":"https:\/\/www.anovapeneira.gal\/index.php\/2020\/12\/15\/salvemos-o-castro-de-a-subida\/#primaryimage"},"thumbnailUrl":"https:\/\/www.anovapeneira.gal\/wp-content\/uploads\/2019\/07\/ARTIGO_DE_OPINION_A_NOVA_PENEIRA.jpg","keywords":["Opini\u00f3n"],"articleSection":["Artigos de opini\u00f3n"],"inLanguage":"gl-ES","potentialAction":[{"@type":"CommentAction","name":"Comment","target":["https:\/\/www.anovapeneira.gal\/index.php\/2020\/12\/15\/salvemos-o-castro-de-a-subida\/#respond"]}]},{"@type":"WebPage","@id":"https:\/\/www.anovapeneira.gal\/index.php\/2020\/12\/15\/salvemos-o-castro-de-a-subida\/","url":"https:\/\/www.anovapeneira.gal\/index.php\/2020\/12\/15\/salvemos-o-castro-de-a-subida\/","name":"Salvemos o castro de A Subid\u00e1 -","isPartOf":{"@id":"https:\/\/www.anovapeneira.gal\/#website"},"primaryImageOfPage":{"@id":"https:\/\/www.anovapeneira.gal\/index.php\/2020\/12\/15\/salvemos-o-castro-de-a-subida\/#primaryimage"},"image":{"@id":"https:\/\/www.anovapeneira.gal\/index.php\/2020\/12\/15\/salvemos-o-castro-de-a-subida\/#primaryimage"},"thumbnailUrl":"https:\/\/www.anovapeneira.gal\/wp-content\/uploads\/2019\/07\/ARTIGO_DE_OPINION_A_NOVA_PENEIRA.jpg","datePublished":"2020-12-15T11:00:53+00:00","description":"Estes d\u00edas comprobamos como, unha vez mais, as administraci\u00f3ns p\u00fablicas son as principais respons\u00e1beis da destruci\u00f3n e deterioro do noso patrimonio arqueol\u00f3xico. En Mar\u00edn temos experiencias abondo: aPedrafita bailarina en Curras, am\u00e1moa de Pedralonga estragada pola Xunta ao abrir unha pista en Casti\u00f1eiras, ou o derrube do edificio do Priorato.","breadcrumb":{"@id":"https:\/\/www.anovapeneira.gal\/index.php\/2020\/12\/15\/salvemos-o-castro-de-a-subida\/#breadcrumb"},"inLanguage":"gl-ES","potentialAction":[{"@type":"ReadAction","target":["https:\/\/www.anovapeneira.gal\/index.php\/2020\/12\/15\/salvemos-o-castro-de-a-subida\/"]}]},{"@type":"ImageObject","inLanguage":"gl-ES","@id":"https:\/\/www.anovapeneira.gal\/index.php\/2020\/12\/15\/salvemos-o-castro-de-a-subida\/#primaryimage","url":"https:\/\/www.anovapeneira.gal\/wp-content\/uploads\/2019\/07\/ARTIGO_DE_OPINION_A_NOVA_PENEIRA.jpg","contentUrl":"https:\/\/www.anovapeneira.gal\/wp-content\/uploads\/2019\/07\/ARTIGO_DE_OPINION_A_NOVA_PENEIRA.jpg","width":720,"height":473,"caption":"Artigo de opini\u00f3n A Nova Peneira"},{"@type":"BreadcrumbList","@id":"https:\/\/www.anovapeneira.gal\/index.php\/2020\/12\/15\/salvemos-o-castro-de-a-subida\/#breadcrumb","itemListElement":[{"@type":"ListItem","position":1,"name":"Portada","item":"https:\/\/www.anovapeneira.gal\/"},{"@type":"ListItem","position":2,"name":"Salvemos o castro de A Subid\u00e1"}]},{"@type":"WebSite","@id":"https:\/\/www.anovapeneira.gal\/#website","url":"https:\/\/www.anovapeneira.gal\/","name":"","description":"Xornal galego de informaci\u00f3n xeral Publicaci\u00f3n mensual de novas de Galicia e en especial dos Concellos da sur da provincia de Pontevedra.","publisher":{"@id":"https:\/\/www.anovapeneira.gal\/#organization"},"potentialAction":[{"@type":"SearchAction","target":{"@type":"EntryPoint","urlTemplate":"https:\/\/www.anovapeneira.gal\/?s={search_term_string}"},"query-input":{"@type":"PropertyValueSpecification","valueRequired":true,"valueName":"search_term_string"}}],"inLanguage":"gl-ES"},{"@type":"Organization","@id":"https:\/\/www.anovapeneira.gal\/#organization","name":"A Nova Peneira","url":"https:\/\/www.anovapeneira.gal\/","logo":{"@type":"ImageObject","inLanguage":"gl-ES","@id":"https:\/\/www.anovapeneira.gal\/#\/schema\/logo\/image\/","url":"http:\/\/www.anovapeneira.gal\/wp-content\/uploads\/2019\/06\/logo_a_nova_peneira_portal_web.png","contentUrl":"http:\/\/www.anovapeneira.gal\/wp-content\/uploads\/2019\/06\/logo_a_nova_peneira_portal_web.png","width":300,"height":100,"caption":"A Nova Peneira"},"image":{"@id":"https:\/\/www.anovapeneira.gal\/#\/schema\/logo\/image\/"},"sameAs":["https:\/\/www.facebook.com\/anovapeneira","https:\/\/x.com\/APeneira"]},{"@type":"Person","@id":"https:\/\/www.anovapeneira.gal\/#\/schema\/person\/c04a9c9f722c9446e71ae434c0353337","name":"Pedro M. Cortegoso Gago","image":{"@type":"ImageObject","inLanguage":"gl-ES","@id":"https:\/\/secure.gravatar.com\/avatar\/1613b27278a972c04db5c2f04fb2cbfa9edb58d6c3e2547817ecb8240eb58381?s=96&d=mm&r=g","url":"https:\/\/secure.gravatar.com\/avatar\/1613b27278a972c04db5c2f04fb2cbfa9edb58d6c3e2547817ecb8240eb58381?s=96&d=mm&r=g","contentUrl":"https:\/\/secure.gravatar.com\/avatar\/1613b27278a972c04db5c2f04fb2cbfa9edb58d6c3e2547817ecb8240eb58381?s=96&d=mm&r=g","caption":"Pedro M. Cortegoso Gago"},"sameAs":["http:\/\/anovapeneira.gal"],"url":"https:\/\/www.anovapeneira.gal\/index.php\/author\/opinionpcortegoso\/"}]}},"jetpack_featured_media_url":"https:\/\/www.anovapeneira.gal\/wp-content\/uploads\/2019\/07\/ARTIGO_DE_OPINION_A_NOVA_PENEIRA.jpg","_links":{"self":[{"href":"https:\/\/www.anovapeneira.gal\/index.php\/wp-json\/wp\/v2\/posts\/4484","targetHints":{"allow":["GET"]}}],"collection":[{"href":"https:\/\/www.anovapeneira.gal\/index.php\/wp-json\/wp\/v2\/posts"}],"about":[{"href":"https:\/\/www.anovapeneira.gal\/index.php\/wp-json\/wp\/v2\/types\/post"}],"author":[{"embeddable":true,"href":"https:\/\/www.anovapeneira.gal\/index.php\/wp-json\/wp\/v2\/users\/4"}],"replies":[{"embeddable":true,"href":"https:\/\/www.anovapeneira.gal\/index.php\/wp-json\/wp\/v2\/comments?post=4484"}],"version-history":[{"count":1,"href":"https:\/\/www.anovapeneira.gal\/index.php\/wp-json\/wp\/v2\/posts\/4484\/revisions"}],"predecessor-version":[{"id":4485,"href":"https:\/\/www.anovapeneira.gal\/index.php\/wp-json\/wp\/v2\/posts\/4484\/revisions\/4485"}],"wp:featuredmedia":[{"embeddable":true,"href":"https:\/\/www.anovapeneira.gal\/index.php\/wp-json\/wp\/v2\/media\/584"}],"wp:attachment":[{"href":"https:\/\/www.anovapeneira.gal\/index.php\/wp-json\/wp\/v2\/media?parent=4484"}],"wp:term":[{"taxonomy":"category","embeddable":true,"href":"https:\/\/www.anovapeneira.gal\/index.php\/wp-json\/wp\/v2\/categories?post=4484"},{"taxonomy":"post_tag","embeddable":true,"href":"https:\/\/www.anovapeneira.gal\/index.php\/wp-json\/wp\/v2\/tags?post=4484"}],"curies":[{"name":"wp","href":"https:\/\/api.w.org\/{rel}","templated":true}]}}