{"id":4486,"date":"2020-12-16T10:00:58","date_gmt":"2020-12-16T09:00:58","guid":{"rendered":"http:\/\/www.anovapeneira.gal\/?p=4486"},"modified":"2020-12-12T09:52:16","modified_gmt":"2020-12-12T08:52:16","slug":"as-florerias-e-o-coronavirus","status":"publish","type":"post","link":"https:\/\/www.anovapeneira.gal\/index.php\/2020\/12\/16\/as-florerias-e-o-coronavirus\/","title":{"rendered":"As florer\u00edas e o Coronavirus"},"content":{"rendered":"\n<h5 class=\"wp-block-heading\">Continuamos a xeira polos distintos sectores profesionais, para co\u00f1ecermos a incidencia que a crise sanitaria est\u00e1 a ter no seu modo de traballar e nos seus resultados econ\u00f3micos. Desta volta mergull\u00e1monos no fermoso mundo da flor. E para elo conversamos coa nosa amiga Rosana, a propietaria da florer\u00eda Menta Poleo de Salvaterra. Malia que \u00e9 unha muller nova, leva xa moitos anos nun sector que co\u00f1ece \u00e1 perfecci\u00f3n. E ademais \u00e9 unha excelente conversadora. Foi un pracer para min, co\u00f1ecela. Vela\u00ed vai o que deu de si a nosa charla<\/h5>\n\n\n\n<p><strong>ROSANA FIGUEIRAS<\/strong><\/p>\n\n\n\n<p>\u201c<strong>O CONFINAMENTO FOI NO PEOR MOMENTO POSIBLE PARA O NOSO SECTOR\u201d<\/strong><\/p>\n\n\n\n<p><strong>Canto tempo levas no negocio da flor?<\/strong><\/p>\n\n\n\n<blockquote class=\"wp-block-quote is-layout-flow wp-block-quote-is-layout-flow\"><p>Levo vinte anos<\/p><\/blockquote>\n\n\n\n<p><strong>Oi! Empezaches moi novi\u00f1a!<\/strong><\/p>\n\n\n\n<blockquote class=\"wp-block-quote is-layout-flow wp-block-quote-is-layout-flow\"><p>Pois si, porque isto xa me v\u00e9n do berce. Porque a mi\u00f1a nai se dedicaba ao mundo das flores, e actualmente segue a dedicarse.<\/p><\/blockquote>\n\n\n\n<p><strong>Ou sexa, que foi por herdanza?<\/strong><\/p>\n\n\n\n<blockquote class=\"wp-block-quote is-layout-flow wp-block-quote-is-layout-flow\"><p>No meu caso foi por gusto. Non ti\u00f1a pensado seguir os pasos da mi\u00f1a nai. Cando era nova estudei para ter outra profesi\u00f3n pero, a flor, e o negocio familiar gust\u00e1bame tanto que pouco a pouco foime absorbendo.<\/p><\/blockquote>\n\n\n\n<p><strong>Sempre aqu\u00ed en Salvaterra?<\/strong><\/p>\n\n\n\n<blockquote class=\"wp-block-quote is-layout-flow wp-block-quote-is-layout-flow\"><p>Non, que va! A mi\u00f1a nai comezou en Vigo, onde ten o seu negocio na zona de Valadares, e eu tiven locais en Melga\u00e7o, Portugal, e levo en Salvaterra xa doce anos.<\/p><\/blockquote>\n\n\n\n<p><strong>Levas os 12 anos no mesmo local?<\/strong><\/p>\n\n\n\n<blockquote class=\"wp-block-quote is-layout-flow wp-block-quote-is-layout-flow\"><p>Efectivamente, o\u00a0<em>Menta Poleo<\/em>foi creado en Salvaterra, neste mesmo local. Malia que levamos m\u00e1is dunha d\u00e9cada a implicaci\u00f3n entre a Vila e o negocio deber\u00eda ser m\u00e1is forte do que \u00e9.<\/p><\/blockquote>\n\n\n\n<p><strong>C\u00f3ntame que tipo de clientela tes? Cal \u00e9 o perfil?<\/strong><\/p>\n\n\n\n<blockquote class=\"wp-block-quote is-layout-flow wp-block-quote-is-layout-flow\"><p>A metade masculino e a metade feminina. Un 50% de cada. En canto a idade vai dos 30 aos 70 anos.<\/p><\/blockquote>\n\n\n\n<p><strong>Hai diferenzas de patr\u00f3n de x\u00e9nero entre o que merca un home e o que merca unha muller? Ou simplemente depende do perfil de cada persoa sen que en nada te\u00f1a que ver o x\u00e9nero?<\/strong><\/p>\n\n\n\n<blockquote class=\"wp-block-quote is-layout-flow wp-block-quote-is-layout-flow\"><p>Pola mi\u00f1a experiencia si que hai diferenza: o home, en xeral, ach\u00e9gase a mercar flores en datas determinadas para agasallo, por exemplo, o d\u00eda dos namorados, d\u00eda da nai, Natal, aniversarios, e as\u00ed. As mulleres ve\u00f1en m\u00e1is acot\u00edo, temos clientas que poden vir mensualmente, e xa para adornar ou para levar ofrendas ao cemiterio.<\/p><\/blockquote>\n\n\n\n<p><strong>Entend\u00edn que as mulleres compran con m\u00e1is regularidade o home en datas determinadas.<\/strong><\/p>\n\n\n\n<blockquote class=\"wp-block-quote is-layout-flow wp-block-quote-is-layout-flow\"><p>Exactamente, iso \u00e9 o que eu vexo.<\/p><\/blockquote>\n\n\n\n<p><strong>Por gustos hai patr\u00f3ns? Se eu quixese seducir unha muller recomendar\u00edasme diferente flor que se quixese seducir un home?<\/strong><\/p>\n\n\n\n<blockquote class=\"wp-block-quote is-layout-flow wp-block-quote-is-layout-flow\"><p>O que buscamos os profesionais da flor \u00e9 a igualdade. De feito, f\u00edxate que contra o que poder\u00eda parecer polos estereotipos, hai m\u00e1is profesores a nivel mundial que son homes que mulleres. A nivel galego se cadra, a\u00ednda non acadamos eses niveis que non sexa tan sinxelo agasallar con flores a un home. De facelo, o m\u00e1is habitual \u00e9 que se lle agasallen rosas, sen que se dea tanta variedade como para ofrecerllas a unha muller. Agora ben, diferenza non a hai.<\/p><\/blockquote>\n\n\n\n<p><strong>Se cadra, a\u00ednda \u00e9 complicado atopar un home a quen se lle agasalle con flores, non si?<\/strong><\/p>\n\n\n\n<blockquote class=\"wp-block-quote is-layout-flow wp-block-quote-is-layout-flow\"><p>\u00c9 si. A\u00ednda \u00e9 complicado.<\/p><\/blockquote>\n\n\n\n<p><strong>Falando de complicaci\u00f3ns, c\u00f3ntame que supuxo o confinamento para o negocio da flor, como vivistes as floristas os meses de marzo e abril?<\/strong><\/p>\n\n\n\n<blockquote class=\"wp-block-quote is-layout-flow wp-block-quote-is-layout-flow\"><p>A nivel produtivo, porque isto parte de abaixo, da produci\u00f3n, foi moi mal. Foi dos peores momentos para que nos tocase a pandemia xa que de marzo a xu\u00f1o d\u00e1se a meirande produci\u00f3n de bulbo floral que hai en Galicia, tam\u00e9n en Andaluc\u00eda e outras zonas produtoras de flor. Ent\u00f3n, cortouse Semana Santa, unha \u00e9poca moi importante para a flor. E tam\u00e9n o D\u00eda do Pai, o D\u00eda da Nai. A primavera foi horrible, para n\u00f3s ser\u00eda moito menos prexudicial nesta altura do ano na que estamos.<\/p><\/blockquote>\n\n\n\n<p><strong>Algunhas floristas l\u00e1ianse de que ti\u00f1an moito x\u00e9nero comprado e que tiveron que tirar con todo.<\/strong><\/p>\n\n\n\n<blockquote class=\"wp-block-quote is-layout-flow wp-block-quote-is-layout-flow\"><p>Contabamos todas coas vendas do D\u00eda do Pai. Ese d\u00eda v\u00e9ndese moito x\u00e9nero para levar ao cemiterio, a\u00ed si que foi un golpe.<\/p><\/blockquote>\n\n\n\n<p><strong>Recibiches alg\u00fan tipo de axuda?<\/strong><\/p>\n\n\n\n<blockquote class=\"wp-block-quote is-layout-flow wp-block-quote-is-layout-flow\"><p>Pois mira si. Dende que son aut\u00f3noma \u00e9 a primeira vez que recibo alg\u00fan tipo de axuda. Foi da Administraci\u00f3n estatal. Certamente serviu para manter o negocio e tirar para adiante. A nivel da Xunta nadi\u00f1a, moita propaganda pero nada, as condici\u00f3ns que po\u00f1en son imposibles, inaccesibles, palla trillada. Incluso as axudas que dan para a hostaler\u00eda \u00e9 para rirse deles. A nivel local cero tam\u00e9n.<\/p><\/blockquote>\n\n\n\n<p><strong>Unha vez que chegou a desescalada, a facturaci\u00f3n mant\u00edvose estable ou baixou moito?<\/strong><\/p>\n\n\n\n<blockquote class=\"wp-block-quote is-layout-flow wp-block-quote-is-layout-flow\"><p>A facturaci\u00f3n est\u00e1 baixa a\u00ednda nestes momentos, malia que levamos abertos dende mediados de maio. De estabilizarse nada, a flor segue a ser un artigo de luxo e estes tempos de incerteza non son bos para o sector.<\/p><\/blockquote>\n\n\n\n<p><strong>As plantas que vendes, que orixe te\u00f1en?<\/strong><\/p>\n\n\n\n<blockquote class=\"wp-block-quote is-layout-flow wp-block-quote-is-layout-flow\"><p>V\u00e9nche toda de f\u00f3ra. O mundo floral c\u00e9ntrase en Holanda, a\u00ednda que Holanda tam\u00e9n importa. \u00c9 tan absurdo como que moita flor de Andaluc\u00eda vai para Holanda a poxa, e de al\u00ed, v\u00e9n aos nosos negocios. Ent\u00f3n, as maiores compras son a trav\u00e9s de Holanda. Temos produci\u00f3n galega e tam\u00e9n espa\u00f1ola pero soamente en determinadas ocasi\u00f3ns. Por exemplo, a flor de Nadal que te\u00f1o arestora \u00e9 dun produtor de Pontevedra.<\/p><\/blockquote>\n\n\n\n<p><strong>Pensei que en Galicia se produc\u00eda m\u00e1is flor.<\/strong><\/p>\n\n\n\n<blockquote class=\"wp-block-quote is-layout-flow wp-block-quote-is-layout-flow\"><p>Non \u00e9 que se produza pouca flor, \u00e9 que se produce pouca variedade por varias causas, unha delas \u00e9 o clima.<\/p><\/blockquote>\n\n\n\n<p><strong>Cal \u00e9 a flor que m\u00e1is se produce en Galicia?<\/strong><\/p>\n\n\n\n<blockquote class=\"wp-block-quote is-layout-flow wp-block-quote-is-layout-flow\"><p>Quizais neste momento sexa o lilium, e tam\u00e9n margaridas, rosas, xerberas, pero estas \u00faltimas en determinadas ocasi\u00f3ns e de tempada, de marzo a xu\u00f1o. Despois hai que compralas de Holanda, de Ecuador\u2026<\/p><\/blockquote>\n","protected":false},"excerpt":{"rendered":"<div class=\"mh-excerpt\"><p>Continuamos a xeira polos distintos sectores profesionais, para co\u00f1ecermos a incidencia que a crise sanitaria est\u00e1 a ter no seu modo de traballar e nos seus resultados econ\u00f3micos <a class=\"mh-excerpt-more\" href=\"https:\/\/www.anovapeneira.gal\/index.php\/2020\/12\/16\/as-florerias-e-o-coronavirus\/\" title=\"As florer\u00edas e o Coronavirus\">[&#8230;]<\/a><\/p>\n<\/div>","protected":false},"author":3,"featured_media":4488,"comment_status":"open","ping_status":"open","sticky":false,"template":"","format":"standard","meta":{"_exactmetrics_skip_tracking":false,"_exactmetrics_sitenote_active":false,"_exactmetrics_sitenote_note":"","_exactmetrics_sitenote_category":0,"footnotes":""},"categories":[492],"tags":[186],"class_list":{"0":"post-4486","1":"post","2":"type-post","3":"status-publish","4":"format-standard","5":"has-post-thumbnail","7":"category-condado-reportaxes","8":"tag-concello-de-salvaterra-do-mino"},"yoast_head":"<!-- This site is optimized with the Yoast SEO plugin v27.4 - https:\/\/yoast.com\/product\/yoast-seo-wordpress\/ -->\n<title>As florer\u00edas e o Coronavirus -<\/title>\n<meta name=\"description\" content=\"Continuamos a xeira polos distintos sectores profesionais, para co\u00f1ecermos a incidencia que a crise sanitaria est\u00e1 a ter no seu modo de traballar e nos seus resultados econ\u00f3micos. Desta volta mergull\u00e1monos no fermoso mundo da flor\" \/>\n<meta name=\"robots\" content=\"index, follow, max-snippet:-1, max-image-preview:large, max-video-preview:-1\" \/>\n<link rel=\"canonical\" href=\"https:\/\/www.anovapeneira.gal\/index.php\/2020\/12\/16\/as-florerias-e-o-coronavirus\/\" \/>\n<meta property=\"og:locale\" content=\"gl_ES\" \/>\n<meta property=\"og:type\" content=\"article\" \/>\n<meta property=\"og:title\" content=\"As florer\u00edas e o Coronavirus -\" \/>\n<meta property=\"og:description\" content=\"Continuamos a xeira polos distintos sectores profesionais, para co\u00f1ecermos a incidencia que a crise sanitaria est\u00e1 a ter no seu modo de traballar e nos seus resultados econ\u00f3micos. Desta volta mergull\u00e1monos no fermoso mundo da flor\" \/>\n<meta property=\"og:url\" content=\"https:\/\/www.anovapeneira.gal\/index.php\/2020\/12\/16\/as-florerias-e-o-coronavirus\/\" \/>\n<meta property=\"article:publisher\" content=\"https:\/\/www.facebook.com\/anovapeneira\" \/>\n<meta property=\"article:published_time\" content=\"2020-12-16T09:00:58+00:00\" \/>\n<meta property=\"og:image\" content=\"https:\/\/www.anovapeneira.gal\/wp-content\/uploads\/2020\/12\/florerias_e_o_coronavirus.jpg\" \/>\n\t<meta property=\"og:image:width\" content=\"720\" \/>\n\t<meta property=\"og:image:height\" content=\"432\" \/>\n\t<meta property=\"og:image:type\" content=\"image\/jpeg\" \/>\n<meta name=\"author\" content=\"Redacci\u00f3n A Nova Peneira\" \/>\n<meta name=\"twitter:card\" content=\"summary_large_image\" \/>\n<meta name=\"twitter:creator\" content=\"@APeneira\" \/>\n<meta name=\"twitter:site\" content=\"@APeneira\" \/>\n<meta name=\"twitter:label1\" content=\"Escrito por\" \/>\n\t<meta name=\"twitter:data1\" content=\"Redacci\u00f3n A Nova Peneira\" \/>\n\t<meta name=\"twitter:label2\" content=\"Tempo de lectura\" \/>\n\t<meta name=\"twitter:data2\" content=\"5 minutos\" \/>\n<script type=\"application\/ld+json\" class=\"yoast-schema-graph\">{\"@context\":\"https:\\\/\\\/schema.org\",\"@graph\":[{\"@type\":\"Article\",\"@id\":\"https:\\\/\\\/www.anovapeneira.gal\\\/index.php\\\/2020\\\/12\\\/16\\\/as-florerias-e-o-coronavirus\\\/#article\",\"isPartOf\":{\"@id\":\"https:\\\/\\\/www.anovapeneira.gal\\\/index.php\\\/2020\\\/12\\\/16\\\/as-florerias-e-o-coronavirus\\\/\"},\"author\":{\"name\":\"Redacci\u00f3n A Nova Peneira\",\"@id\":\"https:\\\/\\\/www.anovapeneira.gal\\\/#\\\/schema\\\/person\\\/b93e3f8932e3f8da96334607eb6ac6aa\"},\"headline\":\"As florer\u00edas e o Coronavirus\",\"datePublished\":\"2020-12-16T09:00:58+00:00\",\"mainEntityOfPage\":{\"@id\":\"https:\\\/\\\/www.anovapeneira.gal\\\/index.php\\\/2020\\\/12\\\/16\\\/as-florerias-e-o-coronavirus\\\/\"},\"wordCount\":1023,\"commentCount\":0,\"publisher\":{\"@id\":\"https:\\\/\\\/www.anovapeneira.gal\\\/#organization\"},\"image\":{\"@id\":\"https:\\\/\\\/www.anovapeneira.gal\\\/index.php\\\/2020\\\/12\\\/16\\\/as-florerias-e-o-coronavirus\\\/#primaryimage\"},\"thumbnailUrl\":\"https:\\\/\\\/www.anovapeneira.gal\\\/wp-content\\\/uploads\\\/2020\\\/12\\\/florerias_e_o_coronavirus.jpg\",\"keywords\":[\"Concello de Salvaterra do Mi\u00f1o\"],\"articleSection\":[\"Condado\"],\"inLanguage\":\"gl-ES\",\"potentialAction\":[{\"@type\":\"CommentAction\",\"name\":\"Comment\",\"target\":[\"https:\\\/\\\/www.anovapeneira.gal\\\/index.php\\\/2020\\\/12\\\/16\\\/as-florerias-e-o-coronavirus\\\/#respond\"]}]},{\"@type\":\"WebPage\",\"@id\":\"https:\\\/\\\/www.anovapeneira.gal\\\/index.php\\\/2020\\\/12\\\/16\\\/as-florerias-e-o-coronavirus\\\/\",\"url\":\"https:\\\/\\\/www.anovapeneira.gal\\\/index.php\\\/2020\\\/12\\\/16\\\/as-florerias-e-o-coronavirus\\\/\",\"name\":\"As florer\u00edas e o Coronavirus -\",\"isPartOf\":{\"@id\":\"https:\\\/\\\/www.anovapeneira.gal\\\/#website\"},\"primaryImageOfPage\":{\"@id\":\"https:\\\/\\\/www.anovapeneira.gal\\\/index.php\\\/2020\\\/12\\\/16\\\/as-florerias-e-o-coronavirus\\\/#primaryimage\"},\"image\":{\"@id\":\"https:\\\/\\\/www.anovapeneira.gal\\\/index.php\\\/2020\\\/12\\\/16\\\/as-florerias-e-o-coronavirus\\\/#primaryimage\"},\"thumbnailUrl\":\"https:\\\/\\\/www.anovapeneira.gal\\\/wp-content\\\/uploads\\\/2020\\\/12\\\/florerias_e_o_coronavirus.jpg\",\"datePublished\":\"2020-12-16T09:00:58+00:00\",\"description\":\"Continuamos a xeira polos distintos sectores profesionais, para co\u00f1ecermos a incidencia que a crise sanitaria est\u00e1 a ter no seu modo de traballar e nos seus resultados econ\u00f3micos. Desta volta mergull\u00e1monos no fermoso mundo da flor\",\"breadcrumb\":{\"@id\":\"https:\\\/\\\/www.anovapeneira.gal\\\/index.php\\\/2020\\\/12\\\/16\\\/as-florerias-e-o-coronavirus\\\/#breadcrumb\"},\"inLanguage\":\"gl-ES\",\"potentialAction\":[{\"@type\":\"ReadAction\",\"target\":[\"https:\\\/\\\/www.anovapeneira.gal\\\/index.php\\\/2020\\\/12\\\/16\\\/as-florerias-e-o-coronavirus\\\/\"]}]},{\"@type\":\"ImageObject\",\"inLanguage\":\"gl-ES\",\"@id\":\"https:\\\/\\\/www.anovapeneira.gal\\\/index.php\\\/2020\\\/12\\\/16\\\/as-florerias-e-o-coronavirus\\\/#primaryimage\",\"url\":\"https:\\\/\\\/www.anovapeneira.gal\\\/wp-content\\\/uploads\\\/2020\\\/12\\\/florerias_e_o_coronavirus.jpg\",\"contentUrl\":\"https:\\\/\\\/www.anovapeneira.gal\\\/wp-content\\\/uploads\\\/2020\\\/12\\\/florerias_e_o_coronavirus.jpg\",\"width\":720,\"height\":432,\"caption\":\"As florer\u00edas e o Coronavirus\"},{\"@type\":\"BreadcrumbList\",\"@id\":\"https:\\\/\\\/www.anovapeneira.gal\\\/index.php\\\/2020\\\/12\\\/16\\\/as-florerias-e-o-coronavirus\\\/#breadcrumb\",\"itemListElement\":[{\"@type\":\"ListItem\",\"position\":1,\"name\":\"Portada\",\"item\":\"https:\\\/\\\/www.anovapeneira.gal\\\/\"},{\"@type\":\"ListItem\",\"position\":2,\"name\":\"As florer\u00edas e o Coronavirus\"}]},{\"@type\":\"WebSite\",\"@id\":\"https:\\\/\\\/www.anovapeneira.gal\\\/#website\",\"url\":\"https:\\\/\\\/www.anovapeneira.gal\\\/\",\"name\":\"\",\"description\":\"Xornal galego de informaci\u00f3n xeral Publicaci\u00f3n mensual de novas de Galicia e en especial dos Concellos da sur da provincia de Pontevedra.\",\"publisher\":{\"@id\":\"https:\\\/\\\/www.anovapeneira.gal\\\/#organization\"},\"potentialAction\":[{\"@type\":\"SearchAction\",\"target\":{\"@type\":\"EntryPoint\",\"urlTemplate\":\"https:\\\/\\\/www.anovapeneira.gal\\\/?s={search_term_string}\"},\"query-input\":{\"@type\":\"PropertyValueSpecification\",\"valueRequired\":true,\"valueName\":\"search_term_string\"}}],\"inLanguage\":\"gl-ES\"},{\"@type\":\"Organization\",\"@id\":\"https:\\\/\\\/www.anovapeneira.gal\\\/#organization\",\"name\":\"A Nova Peneira\",\"url\":\"https:\\\/\\\/www.anovapeneira.gal\\\/\",\"logo\":{\"@type\":\"ImageObject\",\"inLanguage\":\"gl-ES\",\"@id\":\"https:\\\/\\\/www.anovapeneira.gal\\\/#\\\/schema\\\/logo\\\/image\\\/\",\"url\":\"http:\\\/\\\/www.anovapeneira.gal\\\/wp-content\\\/uploads\\\/2019\\\/06\\\/logo_a_nova_peneira_portal_web.png\",\"contentUrl\":\"http:\\\/\\\/www.anovapeneira.gal\\\/wp-content\\\/uploads\\\/2019\\\/06\\\/logo_a_nova_peneira_portal_web.png\",\"width\":300,\"height\":100,\"caption\":\"A Nova Peneira\"},\"image\":{\"@id\":\"https:\\\/\\\/www.anovapeneira.gal\\\/#\\\/schema\\\/logo\\\/image\\\/\"},\"sameAs\":[\"https:\\\/\\\/www.facebook.com\\\/anovapeneira\",\"https:\\\/\\\/x.com\\\/APeneira\"]},{\"@type\":\"Person\",\"@id\":\"https:\\\/\\\/www.anovapeneira.gal\\\/#\\\/schema\\\/person\\\/b93e3f8932e3f8da96334607eb6ac6aa\",\"name\":\"Redacci\u00f3n A Nova Peneira\",\"image\":{\"@type\":\"ImageObject\",\"inLanguage\":\"gl-ES\",\"@id\":\"https:\\\/\\\/secure.gravatar.com\\\/avatar\\\/c052a2551a06e23fac63626232eaa90abd78dbcf1700fc46a2b2c89fd27b735f?s=96&d=mm&r=g\",\"url\":\"https:\\\/\\\/secure.gravatar.com\\\/avatar\\\/c052a2551a06e23fac63626232eaa90abd78dbcf1700fc46a2b2c89fd27b735f?s=96&d=mm&r=g\",\"contentUrl\":\"https:\\\/\\\/secure.gravatar.com\\\/avatar\\\/c052a2551a06e23fac63626232eaa90abd78dbcf1700fc46a2b2c89fd27b735f?s=96&d=mm&r=g\",\"caption\":\"Redacci\u00f3n A Nova Peneira\"},\"sameAs\":[\"http:\\\/\\\/www.anovapeneira.gal\\\/\"],\"url\":\"https:\\\/\\\/www.anovapeneira.gal\\\/index.php\\\/author\\\/redactor\\\/\"}]}<\/script>\n<!-- \/ Yoast SEO plugin. -->","yoast_head_json":{"title":"As florer\u00edas e o Coronavirus -","description":"Continuamos a xeira polos distintos sectores profesionais, para co\u00f1ecermos a incidencia que a crise sanitaria est\u00e1 a ter no seu modo de traballar e nos seus resultados econ\u00f3micos. Desta volta mergull\u00e1monos no fermoso mundo da flor","robots":{"index":"index","follow":"follow","max-snippet":"max-snippet:-1","max-image-preview":"max-image-preview:large","max-video-preview":"max-video-preview:-1"},"canonical":"https:\/\/www.anovapeneira.gal\/index.php\/2020\/12\/16\/as-florerias-e-o-coronavirus\/","og_locale":"gl_ES","og_type":"article","og_title":"As florer\u00edas e o Coronavirus -","og_description":"Continuamos a xeira polos distintos sectores profesionais, para co\u00f1ecermos a incidencia que a crise sanitaria est\u00e1 a ter no seu modo de traballar e nos seus resultados econ\u00f3micos. Desta volta mergull\u00e1monos no fermoso mundo da flor","og_url":"https:\/\/www.anovapeneira.gal\/index.php\/2020\/12\/16\/as-florerias-e-o-coronavirus\/","article_publisher":"https:\/\/www.facebook.com\/anovapeneira","article_published_time":"2020-12-16T09:00:58+00:00","og_image":[{"width":720,"height":432,"url":"https:\/\/www.anovapeneira.gal\/wp-content\/uploads\/2020\/12\/florerias_e_o_coronavirus.jpg","type":"image\/jpeg"}],"author":"Redacci\u00f3n A Nova Peneira","twitter_card":"summary_large_image","twitter_creator":"@APeneira","twitter_site":"@APeneira","twitter_misc":{"Escrito por":"Redacci\u00f3n A Nova Peneira","Tempo de lectura":"5 minutos"},"schema":{"@context":"https:\/\/schema.org","@graph":[{"@type":"Article","@id":"https:\/\/www.anovapeneira.gal\/index.php\/2020\/12\/16\/as-florerias-e-o-coronavirus\/#article","isPartOf":{"@id":"https:\/\/www.anovapeneira.gal\/index.php\/2020\/12\/16\/as-florerias-e-o-coronavirus\/"},"author":{"name":"Redacci\u00f3n A Nova Peneira","@id":"https:\/\/www.anovapeneira.gal\/#\/schema\/person\/b93e3f8932e3f8da96334607eb6ac6aa"},"headline":"As florer\u00edas e o Coronavirus","datePublished":"2020-12-16T09:00:58+00:00","mainEntityOfPage":{"@id":"https:\/\/www.anovapeneira.gal\/index.php\/2020\/12\/16\/as-florerias-e-o-coronavirus\/"},"wordCount":1023,"commentCount":0,"publisher":{"@id":"https:\/\/www.anovapeneira.gal\/#organization"},"image":{"@id":"https:\/\/www.anovapeneira.gal\/index.php\/2020\/12\/16\/as-florerias-e-o-coronavirus\/#primaryimage"},"thumbnailUrl":"https:\/\/www.anovapeneira.gal\/wp-content\/uploads\/2020\/12\/florerias_e_o_coronavirus.jpg","keywords":["Concello de Salvaterra do Mi\u00f1o"],"articleSection":["Condado"],"inLanguage":"gl-ES","potentialAction":[{"@type":"CommentAction","name":"Comment","target":["https:\/\/www.anovapeneira.gal\/index.php\/2020\/12\/16\/as-florerias-e-o-coronavirus\/#respond"]}]},{"@type":"WebPage","@id":"https:\/\/www.anovapeneira.gal\/index.php\/2020\/12\/16\/as-florerias-e-o-coronavirus\/","url":"https:\/\/www.anovapeneira.gal\/index.php\/2020\/12\/16\/as-florerias-e-o-coronavirus\/","name":"As florer\u00edas e o Coronavirus -","isPartOf":{"@id":"https:\/\/www.anovapeneira.gal\/#website"},"primaryImageOfPage":{"@id":"https:\/\/www.anovapeneira.gal\/index.php\/2020\/12\/16\/as-florerias-e-o-coronavirus\/#primaryimage"},"image":{"@id":"https:\/\/www.anovapeneira.gal\/index.php\/2020\/12\/16\/as-florerias-e-o-coronavirus\/#primaryimage"},"thumbnailUrl":"https:\/\/www.anovapeneira.gal\/wp-content\/uploads\/2020\/12\/florerias_e_o_coronavirus.jpg","datePublished":"2020-12-16T09:00:58+00:00","description":"Continuamos a xeira polos distintos sectores profesionais, para co\u00f1ecermos a incidencia que a crise sanitaria est\u00e1 a ter no seu modo de traballar e nos seus resultados econ\u00f3micos. Desta volta mergull\u00e1monos no fermoso mundo da flor","breadcrumb":{"@id":"https:\/\/www.anovapeneira.gal\/index.php\/2020\/12\/16\/as-florerias-e-o-coronavirus\/#breadcrumb"},"inLanguage":"gl-ES","potentialAction":[{"@type":"ReadAction","target":["https:\/\/www.anovapeneira.gal\/index.php\/2020\/12\/16\/as-florerias-e-o-coronavirus\/"]}]},{"@type":"ImageObject","inLanguage":"gl-ES","@id":"https:\/\/www.anovapeneira.gal\/index.php\/2020\/12\/16\/as-florerias-e-o-coronavirus\/#primaryimage","url":"https:\/\/www.anovapeneira.gal\/wp-content\/uploads\/2020\/12\/florerias_e_o_coronavirus.jpg","contentUrl":"https:\/\/www.anovapeneira.gal\/wp-content\/uploads\/2020\/12\/florerias_e_o_coronavirus.jpg","width":720,"height":432,"caption":"As florer\u00edas e o Coronavirus"},{"@type":"BreadcrumbList","@id":"https:\/\/www.anovapeneira.gal\/index.php\/2020\/12\/16\/as-florerias-e-o-coronavirus\/#breadcrumb","itemListElement":[{"@type":"ListItem","position":1,"name":"Portada","item":"https:\/\/www.anovapeneira.gal\/"},{"@type":"ListItem","position":2,"name":"As florer\u00edas e o Coronavirus"}]},{"@type":"WebSite","@id":"https:\/\/www.anovapeneira.gal\/#website","url":"https:\/\/www.anovapeneira.gal\/","name":"","description":"Xornal galego de informaci\u00f3n xeral Publicaci\u00f3n mensual de novas de Galicia e en especial dos Concellos da sur da provincia de Pontevedra.","publisher":{"@id":"https:\/\/www.anovapeneira.gal\/#organization"},"potentialAction":[{"@type":"SearchAction","target":{"@type":"EntryPoint","urlTemplate":"https:\/\/www.anovapeneira.gal\/?s={search_term_string}"},"query-input":{"@type":"PropertyValueSpecification","valueRequired":true,"valueName":"search_term_string"}}],"inLanguage":"gl-ES"},{"@type":"Organization","@id":"https:\/\/www.anovapeneira.gal\/#organization","name":"A Nova Peneira","url":"https:\/\/www.anovapeneira.gal\/","logo":{"@type":"ImageObject","inLanguage":"gl-ES","@id":"https:\/\/www.anovapeneira.gal\/#\/schema\/logo\/image\/","url":"http:\/\/www.anovapeneira.gal\/wp-content\/uploads\/2019\/06\/logo_a_nova_peneira_portal_web.png","contentUrl":"http:\/\/www.anovapeneira.gal\/wp-content\/uploads\/2019\/06\/logo_a_nova_peneira_portal_web.png","width":300,"height":100,"caption":"A Nova Peneira"},"image":{"@id":"https:\/\/www.anovapeneira.gal\/#\/schema\/logo\/image\/"},"sameAs":["https:\/\/www.facebook.com\/anovapeneira","https:\/\/x.com\/APeneira"]},{"@type":"Person","@id":"https:\/\/www.anovapeneira.gal\/#\/schema\/person\/b93e3f8932e3f8da96334607eb6ac6aa","name":"Redacci\u00f3n A Nova Peneira","image":{"@type":"ImageObject","inLanguage":"gl-ES","@id":"https:\/\/secure.gravatar.com\/avatar\/c052a2551a06e23fac63626232eaa90abd78dbcf1700fc46a2b2c89fd27b735f?s=96&d=mm&r=g","url":"https:\/\/secure.gravatar.com\/avatar\/c052a2551a06e23fac63626232eaa90abd78dbcf1700fc46a2b2c89fd27b735f?s=96&d=mm&r=g","contentUrl":"https:\/\/secure.gravatar.com\/avatar\/c052a2551a06e23fac63626232eaa90abd78dbcf1700fc46a2b2c89fd27b735f?s=96&d=mm&r=g","caption":"Redacci\u00f3n A Nova Peneira"},"sameAs":["http:\/\/www.anovapeneira.gal\/"],"url":"https:\/\/www.anovapeneira.gal\/index.php\/author\/redactor\/"}]}},"jetpack_featured_media_url":"https:\/\/www.anovapeneira.gal\/wp-content\/uploads\/2020\/12\/florerias_e_o_coronavirus.jpg","_links":{"self":[{"href":"https:\/\/www.anovapeneira.gal\/index.php\/wp-json\/wp\/v2\/posts\/4486","targetHints":{"allow":["GET"]}}],"collection":[{"href":"https:\/\/www.anovapeneira.gal\/index.php\/wp-json\/wp\/v2\/posts"}],"about":[{"href":"https:\/\/www.anovapeneira.gal\/index.php\/wp-json\/wp\/v2\/types\/post"}],"author":[{"embeddable":true,"href":"https:\/\/www.anovapeneira.gal\/index.php\/wp-json\/wp\/v2\/users\/3"}],"replies":[{"embeddable":true,"href":"https:\/\/www.anovapeneira.gal\/index.php\/wp-json\/wp\/v2\/comments?post=4486"}],"version-history":[{"count":2,"href":"https:\/\/www.anovapeneira.gal\/index.php\/wp-json\/wp\/v2\/posts\/4486\/revisions"}],"predecessor-version":[{"id":4489,"href":"https:\/\/www.anovapeneira.gal\/index.php\/wp-json\/wp\/v2\/posts\/4486\/revisions\/4489"}],"wp:featuredmedia":[{"embeddable":true,"href":"https:\/\/www.anovapeneira.gal\/index.php\/wp-json\/wp\/v2\/media\/4488"}],"wp:attachment":[{"href":"https:\/\/www.anovapeneira.gal\/index.php\/wp-json\/wp\/v2\/media?parent=4486"}],"wp:term":[{"taxonomy":"category","embeddable":true,"href":"https:\/\/www.anovapeneira.gal\/index.php\/wp-json\/wp\/v2\/categories?post=4486"},{"taxonomy":"post_tag","embeddable":true,"href":"https:\/\/www.anovapeneira.gal\/index.php\/wp-json\/wp\/v2\/tags?post=4486"}],"curies":[{"name":"wp","href":"https:\/\/api.w.org\/{rel}","templated":true}]}}