{"id":4490,"date":"2020-12-16T10:00:21","date_gmt":"2020-12-16T09:00:21","guid":{"rendered":"http:\/\/www.anovapeneira.gal\/?p=4490"},"modified":"2020-12-12T09:57:52","modified_gmt":"2020-12-12T08:57:52","slug":"lingua-nosa-so-e-a-nosa","status":"publish","type":"post","link":"https:\/\/www.anovapeneira.gal\/index.php\/2020\/12\/16\/lingua-nosa-so-e-a-nosa\/","title":{"rendered":"Lingua nosa, s\u00f3 \u00e9 a nosa!"},"content":{"rendered":"\n<figure class=\"wp-block-image size-large is-resized\"><img loading=\"lazy\" decoding=\"async\" src=\"http:\/\/www.anovapeneira.gal\/wp-content\/uploads\/2019\/07\/Baldomero_Iglesias_Dobarrio_Mero.jpg\" alt=\"Baldomero Iglesias Dobarrio Mero artigos de opini\u00f3n A Nova Peneira\" class=\"wp-image-482\" width=\"95\" height=\"111\"\/><figcaption>Baldomero Iglesias Dobarrio, Mero<\/figcaption><\/figure>\n\n\n\n<p>Cando algo lles pica, a este xeito rancio de pensamento, sacan de novo esa teima que gardan de vello, e volven liala. &nbsp;O problema son as linguas, din, xa que a raz\u00f3n est\u00e1 perdida. Anque non calquera lingua, non. O &nbsp;problema \u00e9 o galego que se mete polo medio, co ben que estar\u00eda ser monoling\u00fces, &#8220;y se acab\u00f3&#8221;. Foi un ministro quen avivou a guerra, un tal Wert que por tal motivo foi gratificado a Par\u00eds de la France coa s\u00faa noiva e cun cargo moi ben bonificado. Fixo unha lei educativa mala, pero mala en calquera dimensi\u00f3n, tanto que era necesaria a eliminaci\u00f3n definitiva. Non sei se con esta nova lei, pero si era urxente enterrala. Ese se\u00f1or inventou cousas e as\u00ed nos foi. Sacou a relucir termos como &#8220;lingua vehicular&#8221;, &#8220;lingua com\u00fan&#8221; e sandeces polo estilo. Sen se dar conta que quen fala de lingua &#8220;\u00fatil e rendible&#8221; \u00e9 o mesmo que non sabe que a tenrura \u00e9 calidade afectiva sen utilidade aparente, nin beneficio vers\u00e1til e menos a\u00ednda, burs\u00e1til. Mais, esa xente que entender\u00e1 de sentimentos? E a\u00ed chegamos, hai linguas que son puro sentimento, a nosa \u00e9o. E ent\u00f3n non a entenden. Des que a Xunta acatou aquela lei da impiedade e das utilidades, das vehicularidades e r\u00e9ditos pecuniarios, o galego, que \u00e9 o noso sentir, o instrumento que nos constr\u00fae como pobo, sofre a reprobaci\u00f3n un\u00e1nime de &#8220;Ruedas, Lagos e Pastores&#8221;, que pastorean &nbsp;moitos outros seguidistas trasnoitados. E atoparon a discordia nesta batalla, coma sempre perdida para n\u00f3s, quen amamos ser quen somos. Amamos o noso idioma orixinal e propio. Propio en propiedade. Amamos a Casa, a Nai, antes que outras casas e outras nais.&nbsp;<\/p>\n\n\n\n<p>Si, se\u00f1ores, tam\u00e9n os meus fillos e fillas entraron na escola falando galego e sa\u00edron, &#8230;menos mal que sa\u00edron!. Cando sa\u00edron puideron recuperar o sentido com\u00fan e loitar polo que saben \u00e9 a s\u00faa pertenza, o seu c\u00f3digo primeiro de entendemento, no medio doutros c\u00f3digos tam\u00e9n v\u00e1lidos, doutros idiomas aos que non lle confrontaron nada, nin foron patrimonio privado de pol\u00edticos. Aos &nbsp;de turno e a alg\u00fans tam\u00e9n da oposici\u00f3n, haber\u00edalles que dicir &#8220;de novo&#8221; que os idiomas non son de esquerdas ou de dereitas, non. Non son propiedade de ningu\u00e9n en particular, non son de ningunha ideolox\u00eda, non son o Pazo de Meir\u00e1s, non son unhas acci\u00f3ns das el\u00e9ctricas. Son algo moito m\u00e1is serio, son os c\u00f3digos do pensamento e do sentir,&nbsp; van por dentro, moi cerca da dignidade do ser. Xa sei, alg\u00fans por dentro non te\u00f1en m\u00e1is que f\u00e9tidos desexos de desfeita. Ent\u00f3n inventan cousas, de vez en cando, por arte de maxia outro concepto novo: o Galego se imp\u00f3n nas escolas! Non hai ningu\u00e9n que tal bravata poida crer! Ningu\u00e9n! Ben se ve e ben o sabemos a totalidade! Deixen de inventar, non te\u00f1en alma de creadores. Non saquen o motivo da loita, env\u00f3ltos en vellas maneiras, por acadar votos daquelas mentes naftal\u00edticas que hiperventilan recendos dunha ditadura nefasta quen tan tocados os deixou, adobiada con modos mercant\u00eds de ruindades, de pan envelenado, de vehiculaci\u00f3ns absurdas. A dignidade do ser, &#8230;ai que lonxe lles queda! Nesa dignidade est\u00e1 a verdade, mais tam\u00e9n est\u00e1 unha cousa que so\u00f1amos e non damos acadado, a liberdade! E eles non nola traen. \u00c9 un concepto estra\u00f1o, que cando &nbsp;eles acadan o poder, pensan posu\u00edr integramente. Para eles a liberdade \u00e9 facer o que eles coidan, o que eles dispo\u00f1en, o que eles mandan, o que eles consenten, o que eles amparan.&nbsp; Esa \u00e9 a s\u00faa verdade, a s\u00faa liberdade. O peor que &#8220;s\u00faa&#8221; \u00e9 un posesivo s\u00f3 deles. Anque, na s\u00faa liberdade, non hai verdade, e con eles o pa\u00eds e o idioma noso est\u00e1n perdidos, estamos perdidos en liturxias e pantomimas, en escenificaci\u00f3ns fraudulentas diante das c\u00e1maras, en cifras mentidas, en medios de comunicaci\u00f3n comprados, subvencionados e que dir\u00e1n constantemente que a verdade \u00e9 a s\u00faa, a que inventaron.&nbsp;<\/p>\n\n\n\n<p>Cada vez somos m\u00e1is pobres en Casa, en Orixe, en Matrimonio e Patrimonio, na fortuna de ser, de expresarnos e falar, de cami\u00f1ar levados da ilusi\u00f3n que nos reconforta. Haber\u00eda que legalizar a protecci\u00f3n da lingua minorizada e d\u00e9bil, da lingua maltratada. Xa est\u00e1 ben de protexer aos verdugos. Son tempos xa, e neces\u00edtase lexislar para curar, para curarnos con alg\u00fan criterio de decencia e de respecto a N\u00f3s. Nesta lingua vehicular des\u00e9xolles paz e sa\u00fade, terra e un vindeiro ano, moito mellor, tam\u00e9n para desexarnos e querernos. &nbsp;<\/p>\n","protected":false},"excerpt":{"rendered":"<div class=\"mh-excerpt\"><p>Cando algo lles pica, a este xeito rancio de pensamento, sacan de novo esa teima que gardan de vello, e volven liala.  O problema son as linguas, din, xa que a raz\u00f3n est\u00e1 perdida. Anque non calquera lingua, non. O  problema \u00e9 o galego que se mete polo medio, co ben que estar\u00eda ser monoling\u00fces, &#8220;y se acab\u00f3&#8221; <a class=\"mh-excerpt-more\" href=\"https:\/\/www.anovapeneira.gal\/index.php\/2020\/12\/16\/lingua-nosa-so-e-a-nosa\/\" title=\"Lingua nosa, s\u00f3 \u00e9 a nosa!\">[&#8230;]<\/a><\/p>\n<\/div>","protected":false},"author":5,"featured_media":584,"comment_status":"open","ping_status":"open","sticky":false,"template":"","format":"standard","meta":{"_exactmetrics_skip_tracking":false,"_exactmetrics_sitenote_active":false,"_exactmetrics_sitenote_note":"","_exactmetrics_sitenote_category":0,"footnotes":""},"categories":[7],"tags":[58],"class_list":{"0":"post-4490","1":"post","2":"type-post","3":"status-publish","4":"format-standard","5":"has-post-thumbnail","7":"category-artigos-de-opinion","8":"tag-opinion"},"yoast_head":"<!-- This site is optimized with the Yoast SEO plugin v27.4 - https:\/\/yoast.com\/product\/yoast-seo-wordpress\/ -->\n<title>Lingua nosa, s\u00f3 \u00e9 a nosa! -<\/title>\n<meta name=\"description\" content=\"Cando algo lles pica, a este xeito rancio de pensamento, sacan de novo esa teima que gardan de vello, e volven liala. O problema son as linguas, din, xa que a raz\u00f3n est\u00e1 perdida. Anque non calquera lingua, non\" \/>\n<meta name=\"robots\" content=\"index, follow, max-snippet:-1, max-image-preview:large, max-video-preview:-1\" \/>\n<link rel=\"canonical\" href=\"https:\/\/www.anovapeneira.gal\/index.php\/2020\/12\/16\/lingua-nosa-so-e-a-nosa\/\" \/>\n<meta property=\"og:locale\" content=\"gl_ES\" \/>\n<meta property=\"og:type\" content=\"article\" \/>\n<meta property=\"og:title\" content=\"Lingua nosa, s\u00f3 \u00e9 a nosa! -\" \/>\n<meta property=\"og:description\" content=\"Cando algo lles pica, a este xeito rancio de pensamento, sacan de novo esa teima que gardan de vello, e volven liala. O problema son as linguas, din, xa que a raz\u00f3n est\u00e1 perdida. Anque non calquera lingua, non\" \/>\n<meta property=\"og:url\" content=\"https:\/\/www.anovapeneira.gal\/index.php\/2020\/12\/16\/lingua-nosa-so-e-a-nosa\/\" \/>\n<meta property=\"article:publisher\" content=\"https:\/\/www.facebook.com\/anovapeneira\" \/>\n<meta property=\"article:published_time\" content=\"2020-12-16T09:00:21+00:00\" \/>\n<meta property=\"og:image\" content=\"https:\/\/www.anovapeneira.gal\/wp-content\/uploads\/2019\/07\/ARTIGO_DE_OPINION_A_NOVA_PENEIRA.jpg\" \/>\n\t<meta property=\"og:image:width\" content=\"720\" \/>\n\t<meta property=\"og:image:height\" content=\"473\" \/>\n\t<meta property=\"og:image:type\" content=\"image\/jpeg\" \/>\n<meta name=\"author\" content=\"Baldomero Iglesias Dobarrio, Mero\" \/>\n<meta name=\"twitter:card\" content=\"summary_large_image\" \/>\n<meta name=\"twitter:creator\" content=\"@APeneira\" \/>\n<meta name=\"twitter:site\" content=\"@APeneira\" \/>\n<meta name=\"twitter:label1\" content=\"Escrito por\" \/>\n\t<meta name=\"twitter:data1\" content=\"Baldomero Iglesias Dobarrio, Mero\" \/>\n\t<meta name=\"twitter:label2\" content=\"Tempo de lectura\" \/>\n\t<meta name=\"twitter:data2\" content=\"4 minutos\" \/>\n<script type=\"application\/ld+json\" class=\"yoast-schema-graph\">{\"@context\":\"https:\\\/\\\/schema.org\",\"@graph\":[{\"@type\":\"Article\",\"@id\":\"https:\\\/\\\/www.anovapeneira.gal\\\/index.php\\\/2020\\\/12\\\/16\\\/lingua-nosa-so-e-a-nosa\\\/#article\",\"isPartOf\":{\"@id\":\"https:\\\/\\\/www.anovapeneira.gal\\\/index.php\\\/2020\\\/12\\\/16\\\/lingua-nosa-so-e-a-nosa\\\/\"},\"author\":{\"name\":\"Baldomero Iglesias Dobarrio, Mero\",\"@id\":\"https:\\\/\\\/www.anovapeneira.gal\\\/#\\\/schema\\\/person\\\/b051ed40cfc100e281476674783b32fc\"},\"headline\":\"Lingua nosa, s\u00f3 \u00e9 a nosa!\",\"datePublished\":\"2020-12-16T09:00:21+00:00\",\"mainEntityOfPage\":{\"@id\":\"https:\\\/\\\/www.anovapeneira.gal\\\/index.php\\\/2020\\\/12\\\/16\\\/lingua-nosa-so-e-a-nosa\\\/\"},\"wordCount\":825,\"commentCount\":0,\"publisher\":{\"@id\":\"https:\\\/\\\/www.anovapeneira.gal\\\/#organization\"},\"image\":{\"@id\":\"https:\\\/\\\/www.anovapeneira.gal\\\/index.php\\\/2020\\\/12\\\/16\\\/lingua-nosa-so-e-a-nosa\\\/#primaryimage\"},\"thumbnailUrl\":\"https:\\\/\\\/www.anovapeneira.gal\\\/wp-content\\\/uploads\\\/2019\\\/07\\\/ARTIGO_DE_OPINION_A_NOVA_PENEIRA.jpg\",\"keywords\":[\"Opini\u00f3n\"],\"articleSection\":[\"Artigos de opini\u00f3n\"],\"inLanguage\":\"gl-ES\",\"potentialAction\":[{\"@type\":\"CommentAction\",\"name\":\"Comment\",\"target\":[\"https:\\\/\\\/www.anovapeneira.gal\\\/index.php\\\/2020\\\/12\\\/16\\\/lingua-nosa-so-e-a-nosa\\\/#respond\"]}]},{\"@type\":\"WebPage\",\"@id\":\"https:\\\/\\\/www.anovapeneira.gal\\\/index.php\\\/2020\\\/12\\\/16\\\/lingua-nosa-so-e-a-nosa\\\/\",\"url\":\"https:\\\/\\\/www.anovapeneira.gal\\\/index.php\\\/2020\\\/12\\\/16\\\/lingua-nosa-so-e-a-nosa\\\/\",\"name\":\"Lingua nosa, s\u00f3 \u00e9 a nosa! -\",\"isPartOf\":{\"@id\":\"https:\\\/\\\/www.anovapeneira.gal\\\/#website\"},\"primaryImageOfPage\":{\"@id\":\"https:\\\/\\\/www.anovapeneira.gal\\\/index.php\\\/2020\\\/12\\\/16\\\/lingua-nosa-so-e-a-nosa\\\/#primaryimage\"},\"image\":{\"@id\":\"https:\\\/\\\/www.anovapeneira.gal\\\/index.php\\\/2020\\\/12\\\/16\\\/lingua-nosa-so-e-a-nosa\\\/#primaryimage\"},\"thumbnailUrl\":\"https:\\\/\\\/www.anovapeneira.gal\\\/wp-content\\\/uploads\\\/2019\\\/07\\\/ARTIGO_DE_OPINION_A_NOVA_PENEIRA.jpg\",\"datePublished\":\"2020-12-16T09:00:21+00:00\",\"description\":\"Cando algo lles pica, a este xeito rancio de pensamento, sacan de novo esa teima que gardan de vello, e volven liala. O problema son as linguas, din, xa que a raz\u00f3n est\u00e1 perdida. Anque non calquera lingua, non\",\"breadcrumb\":{\"@id\":\"https:\\\/\\\/www.anovapeneira.gal\\\/index.php\\\/2020\\\/12\\\/16\\\/lingua-nosa-so-e-a-nosa\\\/#breadcrumb\"},\"inLanguage\":\"gl-ES\",\"potentialAction\":[{\"@type\":\"ReadAction\",\"target\":[\"https:\\\/\\\/www.anovapeneira.gal\\\/index.php\\\/2020\\\/12\\\/16\\\/lingua-nosa-so-e-a-nosa\\\/\"]}]},{\"@type\":\"ImageObject\",\"inLanguage\":\"gl-ES\",\"@id\":\"https:\\\/\\\/www.anovapeneira.gal\\\/index.php\\\/2020\\\/12\\\/16\\\/lingua-nosa-so-e-a-nosa\\\/#primaryimage\",\"url\":\"https:\\\/\\\/www.anovapeneira.gal\\\/wp-content\\\/uploads\\\/2019\\\/07\\\/ARTIGO_DE_OPINION_A_NOVA_PENEIRA.jpg\",\"contentUrl\":\"https:\\\/\\\/www.anovapeneira.gal\\\/wp-content\\\/uploads\\\/2019\\\/07\\\/ARTIGO_DE_OPINION_A_NOVA_PENEIRA.jpg\",\"width\":720,\"height\":473,\"caption\":\"Artigo de opini\u00f3n A Nova Peneira\"},{\"@type\":\"BreadcrumbList\",\"@id\":\"https:\\\/\\\/www.anovapeneira.gal\\\/index.php\\\/2020\\\/12\\\/16\\\/lingua-nosa-so-e-a-nosa\\\/#breadcrumb\",\"itemListElement\":[{\"@type\":\"ListItem\",\"position\":1,\"name\":\"Portada\",\"item\":\"https:\\\/\\\/www.anovapeneira.gal\\\/\"},{\"@type\":\"ListItem\",\"position\":2,\"name\":\"Lingua nosa, s\u00f3 \u00e9 a nosa!\"}]},{\"@type\":\"WebSite\",\"@id\":\"https:\\\/\\\/www.anovapeneira.gal\\\/#website\",\"url\":\"https:\\\/\\\/www.anovapeneira.gal\\\/\",\"name\":\"\",\"description\":\"Xornal galego de informaci\u00f3n xeral Publicaci\u00f3n mensual de novas de Galicia e en especial dos Concellos da sur da provincia de Pontevedra.\",\"publisher\":{\"@id\":\"https:\\\/\\\/www.anovapeneira.gal\\\/#organization\"},\"potentialAction\":[{\"@type\":\"SearchAction\",\"target\":{\"@type\":\"EntryPoint\",\"urlTemplate\":\"https:\\\/\\\/www.anovapeneira.gal\\\/?s={search_term_string}\"},\"query-input\":{\"@type\":\"PropertyValueSpecification\",\"valueRequired\":true,\"valueName\":\"search_term_string\"}}],\"inLanguage\":\"gl-ES\"},{\"@type\":\"Organization\",\"@id\":\"https:\\\/\\\/www.anovapeneira.gal\\\/#organization\",\"name\":\"A Nova Peneira\",\"url\":\"https:\\\/\\\/www.anovapeneira.gal\\\/\",\"logo\":{\"@type\":\"ImageObject\",\"inLanguage\":\"gl-ES\",\"@id\":\"https:\\\/\\\/www.anovapeneira.gal\\\/#\\\/schema\\\/logo\\\/image\\\/\",\"url\":\"http:\\\/\\\/www.anovapeneira.gal\\\/wp-content\\\/uploads\\\/2019\\\/06\\\/logo_a_nova_peneira_portal_web.png\",\"contentUrl\":\"http:\\\/\\\/www.anovapeneira.gal\\\/wp-content\\\/uploads\\\/2019\\\/06\\\/logo_a_nova_peneira_portal_web.png\",\"width\":300,\"height\":100,\"caption\":\"A Nova Peneira\"},\"image\":{\"@id\":\"https:\\\/\\\/www.anovapeneira.gal\\\/#\\\/schema\\\/logo\\\/image\\\/\"},\"sameAs\":[\"https:\\\/\\\/www.facebook.com\\\/anovapeneira\",\"https:\\\/\\\/x.com\\\/APeneira\"]},{\"@type\":\"Person\",\"@id\":\"https:\\\/\\\/www.anovapeneira.gal\\\/#\\\/schema\\\/person\\\/b051ed40cfc100e281476674783b32fc\",\"name\":\"Baldomero Iglesias Dobarrio, Mero\",\"image\":{\"@type\":\"ImageObject\",\"inLanguage\":\"gl-ES\",\"@id\":\"https:\\\/\\\/secure.gravatar.com\\\/avatar\\\/ca78fc089f8cf28197f88de2c9ac213e2f7d2097d8e359d9359b8778b539c59d?s=96&d=mm&r=g\",\"url\":\"https:\\\/\\\/secure.gravatar.com\\\/avatar\\\/ca78fc089f8cf28197f88de2c9ac213e2f7d2097d8e359d9359b8778b539c59d?s=96&d=mm&r=g\",\"contentUrl\":\"https:\\\/\\\/secure.gravatar.com\\\/avatar\\\/ca78fc089f8cf28197f88de2c9ac213e2f7d2097d8e359d9359b8778b539c59d?s=96&d=mm&r=g\",\"caption\":\"Baldomero Iglesias Dobarrio, Mero\"},\"sameAs\":[\"http:\\\/\\\/anovapeneira.gal\"],\"url\":\"https:\\\/\\\/www.anovapeneira.gal\\\/index.php\\\/author\\\/opinionmero\\\/\"}]}<\/script>\n<!-- \/ Yoast SEO plugin. -->","yoast_head_json":{"title":"Lingua nosa, s\u00f3 \u00e9 a nosa! -","description":"Cando algo lles pica, a este xeito rancio de pensamento, sacan de novo esa teima que gardan de vello, e volven liala. O problema son as linguas, din, xa que a raz\u00f3n est\u00e1 perdida. Anque non calquera lingua, non","robots":{"index":"index","follow":"follow","max-snippet":"max-snippet:-1","max-image-preview":"max-image-preview:large","max-video-preview":"max-video-preview:-1"},"canonical":"https:\/\/www.anovapeneira.gal\/index.php\/2020\/12\/16\/lingua-nosa-so-e-a-nosa\/","og_locale":"gl_ES","og_type":"article","og_title":"Lingua nosa, s\u00f3 \u00e9 a nosa! -","og_description":"Cando algo lles pica, a este xeito rancio de pensamento, sacan de novo esa teima que gardan de vello, e volven liala. O problema son as linguas, din, xa que a raz\u00f3n est\u00e1 perdida. Anque non calquera lingua, non","og_url":"https:\/\/www.anovapeneira.gal\/index.php\/2020\/12\/16\/lingua-nosa-so-e-a-nosa\/","article_publisher":"https:\/\/www.facebook.com\/anovapeneira","article_published_time":"2020-12-16T09:00:21+00:00","og_image":[{"width":720,"height":473,"url":"https:\/\/www.anovapeneira.gal\/wp-content\/uploads\/2019\/07\/ARTIGO_DE_OPINION_A_NOVA_PENEIRA.jpg","type":"image\/jpeg"}],"author":"Baldomero Iglesias Dobarrio, Mero","twitter_card":"summary_large_image","twitter_creator":"@APeneira","twitter_site":"@APeneira","twitter_misc":{"Escrito por":"Baldomero Iglesias Dobarrio, Mero","Tempo de lectura":"4 minutos"},"schema":{"@context":"https:\/\/schema.org","@graph":[{"@type":"Article","@id":"https:\/\/www.anovapeneira.gal\/index.php\/2020\/12\/16\/lingua-nosa-so-e-a-nosa\/#article","isPartOf":{"@id":"https:\/\/www.anovapeneira.gal\/index.php\/2020\/12\/16\/lingua-nosa-so-e-a-nosa\/"},"author":{"name":"Baldomero Iglesias Dobarrio, Mero","@id":"https:\/\/www.anovapeneira.gal\/#\/schema\/person\/b051ed40cfc100e281476674783b32fc"},"headline":"Lingua nosa, s\u00f3 \u00e9 a nosa!","datePublished":"2020-12-16T09:00:21+00:00","mainEntityOfPage":{"@id":"https:\/\/www.anovapeneira.gal\/index.php\/2020\/12\/16\/lingua-nosa-so-e-a-nosa\/"},"wordCount":825,"commentCount":0,"publisher":{"@id":"https:\/\/www.anovapeneira.gal\/#organization"},"image":{"@id":"https:\/\/www.anovapeneira.gal\/index.php\/2020\/12\/16\/lingua-nosa-so-e-a-nosa\/#primaryimage"},"thumbnailUrl":"https:\/\/www.anovapeneira.gal\/wp-content\/uploads\/2019\/07\/ARTIGO_DE_OPINION_A_NOVA_PENEIRA.jpg","keywords":["Opini\u00f3n"],"articleSection":["Artigos de opini\u00f3n"],"inLanguage":"gl-ES","potentialAction":[{"@type":"CommentAction","name":"Comment","target":["https:\/\/www.anovapeneira.gal\/index.php\/2020\/12\/16\/lingua-nosa-so-e-a-nosa\/#respond"]}]},{"@type":"WebPage","@id":"https:\/\/www.anovapeneira.gal\/index.php\/2020\/12\/16\/lingua-nosa-so-e-a-nosa\/","url":"https:\/\/www.anovapeneira.gal\/index.php\/2020\/12\/16\/lingua-nosa-so-e-a-nosa\/","name":"Lingua nosa, s\u00f3 \u00e9 a nosa! -","isPartOf":{"@id":"https:\/\/www.anovapeneira.gal\/#website"},"primaryImageOfPage":{"@id":"https:\/\/www.anovapeneira.gal\/index.php\/2020\/12\/16\/lingua-nosa-so-e-a-nosa\/#primaryimage"},"image":{"@id":"https:\/\/www.anovapeneira.gal\/index.php\/2020\/12\/16\/lingua-nosa-so-e-a-nosa\/#primaryimage"},"thumbnailUrl":"https:\/\/www.anovapeneira.gal\/wp-content\/uploads\/2019\/07\/ARTIGO_DE_OPINION_A_NOVA_PENEIRA.jpg","datePublished":"2020-12-16T09:00:21+00:00","description":"Cando algo lles pica, a este xeito rancio de pensamento, sacan de novo esa teima que gardan de vello, e volven liala. O problema son as linguas, din, xa que a raz\u00f3n est\u00e1 perdida. Anque non calquera lingua, non","breadcrumb":{"@id":"https:\/\/www.anovapeneira.gal\/index.php\/2020\/12\/16\/lingua-nosa-so-e-a-nosa\/#breadcrumb"},"inLanguage":"gl-ES","potentialAction":[{"@type":"ReadAction","target":["https:\/\/www.anovapeneira.gal\/index.php\/2020\/12\/16\/lingua-nosa-so-e-a-nosa\/"]}]},{"@type":"ImageObject","inLanguage":"gl-ES","@id":"https:\/\/www.anovapeneira.gal\/index.php\/2020\/12\/16\/lingua-nosa-so-e-a-nosa\/#primaryimage","url":"https:\/\/www.anovapeneira.gal\/wp-content\/uploads\/2019\/07\/ARTIGO_DE_OPINION_A_NOVA_PENEIRA.jpg","contentUrl":"https:\/\/www.anovapeneira.gal\/wp-content\/uploads\/2019\/07\/ARTIGO_DE_OPINION_A_NOVA_PENEIRA.jpg","width":720,"height":473,"caption":"Artigo de opini\u00f3n A Nova Peneira"},{"@type":"BreadcrumbList","@id":"https:\/\/www.anovapeneira.gal\/index.php\/2020\/12\/16\/lingua-nosa-so-e-a-nosa\/#breadcrumb","itemListElement":[{"@type":"ListItem","position":1,"name":"Portada","item":"https:\/\/www.anovapeneira.gal\/"},{"@type":"ListItem","position":2,"name":"Lingua nosa, s\u00f3 \u00e9 a nosa!"}]},{"@type":"WebSite","@id":"https:\/\/www.anovapeneira.gal\/#website","url":"https:\/\/www.anovapeneira.gal\/","name":"","description":"Xornal galego de informaci\u00f3n xeral Publicaci\u00f3n mensual de novas de Galicia e en especial dos Concellos da sur da provincia de Pontevedra.","publisher":{"@id":"https:\/\/www.anovapeneira.gal\/#organization"},"potentialAction":[{"@type":"SearchAction","target":{"@type":"EntryPoint","urlTemplate":"https:\/\/www.anovapeneira.gal\/?s={search_term_string}"},"query-input":{"@type":"PropertyValueSpecification","valueRequired":true,"valueName":"search_term_string"}}],"inLanguage":"gl-ES"},{"@type":"Organization","@id":"https:\/\/www.anovapeneira.gal\/#organization","name":"A Nova Peneira","url":"https:\/\/www.anovapeneira.gal\/","logo":{"@type":"ImageObject","inLanguage":"gl-ES","@id":"https:\/\/www.anovapeneira.gal\/#\/schema\/logo\/image\/","url":"http:\/\/www.anovapeneira.gal\/wp-content\/uploads\/2019\/06\/logo_a_nova_peneira_portal_web.png","contentUrl":"http:\/\/www.anovapeneira.gal\/wp-content\/uploads\/2019\/06\/logo_a_nova_peneira_portal_web.png","width":300,"height":100,"caption":"A Nova Peneira"},"image":{"@id":"https:\/\/www.anovapeneira.gal\/#\/schema\/logo\/image\/"},"sameAs":["https:\/\/www.facebook.com\/anovapeneira","https:\/\/x.com\/APeneira"]},{"@type":"Person","@id":"https:\/\/www.anovapeneira.gal\/#\/schema\/person\/b051ed40cfc100e281476674783b32fc","name":"Baldomero Iglesias Dobarrio, Mero","image":{"@type":"ImageObject","inLanguage":"gl-ES","@id":"https:\/\/secure.gravatar.com\/avatar\/ca78fc089f8cf28197f88de2c9ac213e2f7d2097d8e359d9359b8778b539c59d?s=96&d=mm&r=g","url":"https:\/\/secure.gravatar.com\/avatar\/ca78fc089f8cf28197f88de2c9ac213e2f7d2097d8e359d9359b8778b539c59d?s=96&d=mm&r=g","contentUrl":"https:\/\/secure.gravatar.com\/avatar\/ca78fc089f8cf28197f88de2c9ac213e2f7d2097d8e359d9359b8778b539c59d?s=96&d=mm&r=g","caption":"Baldomero Iglesias Dobarrio, Mero"},"sameAs":["http:\/\/anovapeneira.gal"],"url":"https:\/\/www.anovapeneira.gal\/index.php\/author\/opinionmero\/"}]}},"jetpack_featured_media_url":"https:\/\/www.anovapeneira.gal\/wp-content\/uploads\/2019\/07\/ARTIGO_DE_OPINION_A_NOVA_PENEIRA.jpg","_links":{"self":[{"href":"https:\/\/www.anovapeneira.gal\/index.php\/wp-json\/wp\/v2\/posts\/4490","targetHints":{"allow":["GET"]}}],"collection":[{"href":"https:\/\/www.anovapeneira.gal\/index.php\/wp-json\/wp\/v2\/posts"}],"about":[{"href":"https:\/\/www.anovapeneira.gal\/index.php\/wp-json\/wp\/v2\/types\/post"}],"author":[{"embeddable":true,"href":"https:\/\/www.anovapeneira.gal\/index.php\/wp-json\/wp\/v2\/users\/5"}],"replies":[{"embeddable":true,"href":"https:\/\/www.anovapeneira.gal\/index.php\/wp-json\/wp\/v2\/comments?post=4490"}],"version-history":[{"count":1,"href":"https:\/\/www.anovapeneira.gal\/index.php\/wp-json\/wp\/v2\/posts\/4490\/revisions"}],"predecessor-version":[{"id":4491,"href":"https:\/\/www.anovapeneira.gal\/index.php\/wp-json\/wp\/v2\/posts\/4490\/revisions\/4491"}],"wp:featuredmedia":[{"embeddable":true,"href":"https:\/\/www.anovapeneira.gal\/index.php\/wp-json\/wp\/v2\/media\/584"}],"wp:attachment":[{"href":"https:\/\/www.anovapeneira.gal\/index.php\/wp-json\/wp\/v2\/media?parent=4490"}],"wp:term":[{"taxonomy":"category","embeddable":true,"href":"https:\/\/www.anovapeneira.gal\/index.php\/wp-json\/wp\/v2\/categories?post=4490"},{"taxonomy":"post_tag","embeddable":true,"href":"https:\/\/www.anovapeneira.gal\/index.php\/wp-json\/wp\/v2\/tags?post=4490"}],"curies":[{"name":"wp","href":"https:\/\/api.w.org\/{rel}","templated":true}]}}