{"id":4502,"date":"2020-12-18T10:00:02","date_gmt":"2020-12-18T09:00:02","guid":{"rendered":"http:\/\/www.anovapeneira.gal\/?p=4502"},"modified":"2020-12-16T15:52:34","modified_gmt":"2020-12-16T14:52:34","slug":"aer-decidira-nos-proximos-meses-se-continua-no-goberno-o-proximo-ano","status":"publish","type":"post","link":"https:\/\/www.anovapeneira.gal\/index.php\/2020\/12\/18\/aer-decidira-nos-proximos-meses-se-continua-no-goberno-o-proximo-ano\/","title":{"rendered":"AER decidir\u00e1 nos pr\u00f3ximos meses se contin\u00faa no goberno o pr\u00f3ximo ano"},"content":{"rendered":"\n<h2 class=\"wp-block-heading\"><strong>A decisi\u00f3n ser\u00e1 tomada pola Asemblea da Agrupaci\u00f3n de Electores unha vez se complete a valoraci\u00f3n da primeira experiencia de goberno.<\/strong><\/h2>\n\n\n\n<h4 class=\"wp-block-heading\"><strong>En xullo de 2021 producirase o tradicional relevo dos concelleiros\/as de AER a metade de mandato. A inc\u00f3gnita nestes momentos \u00e9 se as persoas de AER que se incorporen ao consistorio o far\u00e1n como membros do goberno ou como parte da oposici\u00f3n.<\/strong><\/h4>\n\n\n\n<h6 class=\"wp-block-heading\"><strong>A decisi\u00f3n trasladarase \u00e1 Alcaldesa con tempo suficiente no caso de que te\u00f1a que recompo\u00f1er o goberno local<\/strong><\/h6>\n\n\n\n<p><strong>Redondela, 12 de decembro de 2020. <\/strong><\/p>\n\n\n\n<p>A Agrupaci\u00f3n de Electores de Redondela (AER) leva semanas facendo balance do seu papel dentro do goberno local de Redondela. En xullo de 2019 AER debutou nas responsabilidades de goberno acadando un pacto para formar unha coalici\u00f3n co PSdeG-PSOE para rexer o Concello de Redondela. Entrar no goberno non foi unha decisi\u00f3n f\u00e1cil para AER, pero manterse no poder tampouco est\u00e1 a resultar sinxelo.<\/p>\n\n\n\n<p>A experiencia de goberno est\u00e1 a deixar un sabor agridoce en AER. O principal argumento para continuar na coalici\u00f3n \u00e9 o sentimento de responsabilidade fronte a veci\u00f1anza de Redondela. Non se pensa en absoluto no que poida interesar a AER ou \u00e1s persoas que a forman, sen\u00f3n no que poida ser mellor para a vida p\u00fablica de Redondela. AER naceu para mudar o xeito de facer pol\u00edtica en Redondela e esa segue a ser a s\u00faa m\u00e1xima. A d\u00fabida razoable que se debate en AER despois de case ano e medio de coalici\u00f3n \u00e9 se ese servizo prestarase mellor dende o goberno ou farase m\u00e1is eficazmente dende a oposici\u00f3n.<\/p>\n\n\n\n<p>En AER sempre se tivo asumido que un goberno de coalici\u00f3n ser\u00eda complicado e, ata o de agora, fixo grandes esforzos para garantir a lealdade, para ser construtivos e para buscar puntos en com\u00fan co socio de goberno. Nada nos gustar\u00eda m\u00e1is que poder dicir que estamos encantados con esta coalici\u00f3n. Se as\u00ed fose, non haber\u00eda d\u00fabida ningunha sobre a nosa continuidade no goberno. Pero non \u00e9 o caso. A realidade, despois de dezaoito meses, \u00e9 que a filosof\u00eda de AER dista moito, non sabemos se demasiado, do xeito de facer as cousas do equipo de Digna Rivas.<\/p>\n\n\n\n<p>Non temos tanta soberbia como para pensar que o xeito de actuar de AER \u00e9 o mellor do mundo nin que o dos socialistas de Redondela sexa un completo desastre. Simplemente sucede que hai pouca sinton\u00eda entre a visi\u00f3n de AER e a do PSdeG-PSOE. E esa distancia entre a forma de concibir a xesti\u00f3n p\u00fablica duns e doutros non se reduciu en todos estes meses, lamentablemente.<\/p>\n\n\n\n<p>Non queremos ser dram\u00e1ticos, pero tampouco fr\u00edvolos. Non queremos ser dram\u00e1ticos porque no caso de que decidamos abandonar o goberno, estamos convencidos de que vir\u00e1n outras persoas (quiz\u00e1is outros grupos pol\u00edticos) que o far\u00e1n igual ou mellor que AER no goberno. Tampouco queremos ser fr\u00edvolos no sentido de que nunca nos imos deixar levar pola inercia e ser\u00eda impropio dos valores fundacionais de AER seguir no goberno sen un m\u00ednimo esp\u00edrito cr\u00edtico.<\/p>\n\n\n\n<p>En todo caso, sexa cal sexa a decisi\u00f3n, o compromiso de AER coa veci\u00f1anza ser\u00e1 da mesma intensidade de sempre, tanto se seguimos no goberno como se volvemos \u00e1 oposici\u00f3n.<\/p>\n","protected":false},"excerpt":{"rendered":"<div class=\"mh-excerpt\"><p>A decisi\u00f3n ser\u00e1 tomada pola Asemblea da Agrupaci\u00f3n de Electores unha vez se complete a valoraci\u00f3n da primeira experiencia de goberno <a class=\"mh-excerpt-more\" href=\"https:\/\/www.anovapeneira.gal\/index.php\/2020\/12\/18\/aer-decidira-nos-proximos-meses-se-continua-no-goberno-o-proximo-ano\/\" title=\"AER decidir\u00e1 nos pr\u00f3ximos meses se contin\u00faa no goberno o pr\u00f3ximo ano\">[&#8230;]<\/a><\/p>\n<\/div>","protected":false},"author":3,"featured_media":4504,"comment_status":"open","ping_status":"open","sticky":false,"template":"","format":"standard","meta":{"_exactmetrics_skip_tracking":false,"_exactmetrics_sitenote_active":false,"_exactmetrics_sitenote_note":"","_exactmetrics_sitenote_category":0,"footnotes":""},"categories":[24],"tags":[171],"class_list":{"0":"post-4502","1":"post","2":"type-post","3":"status-publish","4":"format-standard","5":"has-post-thumbnail","7":"category-redondela","8":"tag-concello-de-redondela"},"yoast_head":"<!-- This site is optimized with the Yoast SEO plugin v27.4 - https:\/\/yoast.com\/product\/yoast-seo-wordpress\/ -->\n<title>AER decidir\u00e1 nos pr\u00f3ximos meses se contin\u00faa no goberno o pr\u00f3ximo ano -<\/title>\n<meta name=\"robots\" content=\"index, follow, max-snippet:-1, max-image-preview:large, max-video-preview:-1\" \/>\n<link rel=\"canonical\" href=\"https:\/\/www.anovapeneira.gal\/index.php\/2020\/12\/18\/aer-decidira-nos-proximos-meses-se-continua-no-goberno-o-proximo-ano\/\" \/>\n<meta property=\"og:locale\" content=\"gl_ES\" \/>\n<meta property=\"og:type\" content=\"article\" \/>\n<meta property=\"og:title\" content=\"AER decidir\u00e1 nos pr\u00f3ximos meses se contin\u00faa no goberno o pr\u00f3ximo ano -\" \/>\n<meta property=\"og:description\" content=\"A decisi\u00f3n ser\u00e1 tomada pola Asemblea da Agrupaci\u00f3n de Electores unha vez se complete a valoraci\u00f3n da primeira experiencia de goberno [...]\" \/>\n<meta property=\"og:url\" content=\"https:\/\/www.anovapeneira.gal\/index.php\/2020\/12\/18\/aer-decidira-nos-proximos-meses-se-continua-no-goberno-o-proximo-ano\/\" \/>\n<meta property=\"article:publisher\" content=\"https:\/\/www.facebook.com\/anovapeneira\" \/>\n<meta property=\"article:published_time\" content=\"2020-12-18T09:00:02+00:00\" \/>\n<meta property=\"og:image\" content=\"https:\/\/www.anovapeneira.gal\/wp-content\/uploads\/2020\/12\/aer_redondela.jpg\" \/>\n\t<meta property=\"og:image:width\" content=\"720\" \/>\n\t<meta property=\"og:image:height\" content=\"432\" \/>\n\t<meta property=\"og:image:type\" content=\"image\/jpeg\" \/>\n<meta name=\"author\" content=\"Redacci\u00f3n A Nova Peneira\" \/>\n<meta name=\"twitter:card\" content=\"summary_large_image\" \/>\n<meta name=\"twitter:creator\" content=\"@APeneira\" \/>\n<meta name=\"twitter:site\" content=\"@APeneira\" \/>\n<meta name=\"twitter:label1\" content=\"Escrito por\" \/>\n\t<meta name=\"twitter:data1\" content=\"Redacci\u00f3n A Nova Peneira\" \/>\n\t<meta name=\"twitter:label2\" content=\"Tempo de lectura\" \/>\n\t<meta name=\"twitter:data2\" content=\"3 minutos\" \/>\n<script type=\"application\/ld+json\" class=\"yoast-schema-graph\">{\"@context\":\"https:\\\/\\\/schema.org\",\"@graph\":[{\"@type\":\"Article\",\"@id\":\"https:\\\/\\\/www.anovapeneira.gal\\\/index.php\\\/2020\\\/12\\\/18\\\/aer-decidira-nos-proximos-meses-se-continua-no-goberno-o-proximo-ano\\\/#article\",\"isPartOf\":{\"@id\":\"https:\\\/\\\/www.anovapeneira.gal\\\/index.php\\\/2020\\\/12\\\/18\\\/aer-decidira-nos-proximos-meses-se-continua-no-goberno-o-proximo-ano\\\/\"},\"author\":{\"name\":\"Redacci\u00f3n A Nova Peneira\",\"@id\":\"https:\\\/\\\/www.anovapeneira.gal\\\/#\\\/schema\\\/person\\\/b93e3f8932e3f8da96334607eb6ac6aa\"},\"headline\":\"AER decidir\u00e1 nos pr\u00f3ximos meses se contin\u00faa no goberno o pr\u00f3ximo ano\",\"datePublished\":\"2020-12-18T09:00:02+00:00\",\"mainEntityOfPage\":{\"@id\":\"https:\\\/\\\/www.anovapeneira.gal\\\/index.php\\\/2020\\\/12\\\/18\\\/aer-decidira-nos-proximos-meses-se-continua-no-goberno-o-proximo-ano\\\/\"},\"wordCount\":583,\"commentCount\":0,\"publisher\":{\"@id\":\"https:\\\/\\\/www.anovapeneira.gal\\\/#organization\"},\"image\":{\"@id\":\"https:\\\/\\\/www.anovapeneira.gal\\\/index.php\\\/2020\\\/12\\\/18\\\/aer-decidira-nos-proximos-meses-se-continua-no-goberno-o-proximo-ano\\\/#primaryimage\"},\"thumbnailUrl\":\"https:\\\/\\\/www.anovapeneira.gal\\\/wp-content\\\/uploads\\\/2020\\\/12\\\/aer_redondela.jpg\",\"keywords\":[\"Concello de Redondela\"],\"articleSection\":[\"Redondela\"],\"inLanguage\":\"gl-ES\",\"potentialAction\":[{\"@type\":\"CommentAction\",\"name\":\"Comment\",\"target\":[\"https:\\\/\\\/www.anovapeneira.gal\\\/index.php\\\/2020\\\/12\\\/18\\\/aer-decidira-nos-proximos-meses-se-continua-no-goberno-o-proximo-ano\\\/#respond\"]}]},{\"@type\":\"WebPage\",\"@id\":\"https:\\\/\\\/www.anovapeneira.gal\\\/index.php\\\/2020\\\/12\\\/18\\\/aer-decidira-nos-proximos-meses-se-continua-no-goberno-o-proximo-ano\\\/\",\"url\":\"https:\\\/\\\/www.anovapeneira.gal\\\/index.php\\\/2020\\\/12\\\/18\\\/aer-decidira-nos-proximos-meses-se-continua-no-goberno-o-proximo-ano\\\/\",\"name\":\"AER decidir\u00e1 nos pr\u00f3ximos meses se contin\u00faa no goberno o pr\u00f3ximo ano -\",\"isPartOf\":{\"@id\":\"https:\\\/\\\/www.anovapeneira.gal\\\/#website\"},\"primaryImageOfPage\":{\"@id\":\"https:\\\/\\\/www.anovapeneira.gal\\\/index.php\\\/2020\\\/12\\\/18\\\/aer-decidira-nos-proximos-meses-se-continua-no-goberno-o-proximo-ano\\\/#primaryimage\"},\"image\":{\"@id\":\"https:\\\/\\\/www.anovapeneira.gal\\\/index.php\\\/2020\\\/12\\\/18\\\/aer-decidira-nos-proximos-meses-se-continua-no-goberno-o-proximo-ano\\\/#primaryimage\"},\"thumbnailUrl\":\"https:\\\/\\\/www.anovapeneira.gal\\\/wp-content\\\/uploads\\\/2020\\\/12\\\/aer_redondela.jpg\",\"datePublished\":\"2020-12-18T09:00:02+00:00\",\"breadcrumb\":{\"@id\":\"https:\\\/\\\/www.anovapeneira.gal\\\/index.php\\\/2020\\\/12\\\/18\\\/aer-decidira-nos-proximos-meses-se-continua-no-goberno-o-proximo-ano\\\/#breadcrumb\"},\"inLanguage\":\"gl-ES\",\"potentialAction\":[{\"@type\":\"ReadAction\",\"target\":[\"https:\\\/\\\/www.anovapeneira.gal\\\/index.php\\\/2020\\\/12\\\/18\\\/aer-decidira-nos-proximos-meses-se-continua-no-goberno-o-proximo-ano\\\/\"]}]},{\"@type\":\"ImageObject\",\"inLanguage\":\"gl-ES\",\"@id\":\"https:\\\/\\\/www.anovapeneira.gal\\\/index.php\\\/2020\\\/12\\\/18\\\/aer-decidira-nos-proximos-meses-se-continua-no-goberno-o-proximo-ano\\\/#primaryimage\",\"url\":\"https:\\\/\\\/www.anovapeneira.gal\\\/wp-content\\\/uploads\\\/2020\\\/12\\\/aer_redondela.jpg\",\"contentUrl\":\"https:\\\/\\\/www.anovapeneira.gal\\\/wp-content\\\/uploads\\\/2020\\\/12\\\/aer_redondela.jpg\",\"width\":720,\"height\":432,\"caption\":\"AER agrupaci\u00f3n electores de Redondela\"},{\"@type\":\"BreadcrumbList\",\"@id\":\"https:\\\/\\\/www.anovapeneira.gal\\\/index.php\\\/2020\\\/12\\\/18\\\/aer-decidira-nos-proximos-meses-se-continua-no-goberno-o-proximo-ano\\\/#breadcrumb\",\"itemListElement\":[{\"@type\":\"ListItem\",\"position\":1,\"name\":\"Portada\",\"item\":\"https:\\\/\\\/www.anovapeneira.gal\\\/\"},{\"@type\":\"ListItem\",\"position\":2,\"name\":\"AER decidir\u00e1 nos pr\u00f3ximos meses se contin\u00faa no goberno o pr\u00f3ximo ano\"}]},{\"@type\":\"WebSite\",\"@id\":\"https:\\\/\\\/www.anovapeneira.gal\\\/#website\",\"url\":\"https:\\\/\\\/www.anovapeneira.gal\\\/\",\"name\":\"\",\"description\":\"Xornal galego de informaci\u00f3n xeral Publicaci\u00f3n mensual de novas de Galicia e en especial dos Concellos da sur da provincia de Pontevedra.\",\"publisher\":{\"@id\":\"https:\\\/\\\/www.anovapeneira.gal\\\/#organization\"},\"potentialAction\":[{\"@type\":\"SearchAction\",\"target\":{\"@type\":\"EntryPoint\",\"urlTemplate\":\"https:\\\/\\\/www.anovapeneira.gal\\\/?s={search_term_string}\"},\"query-input\":{\"@type\":\"PropertyValueSpecification\",\"valueRequired\":true,\"valueName\":\"search_term_string\"}}],\"inLanguage\":\"gl-ES\"},{\"@type\":\"Organization\",\"@id\":\"https:\\\/\\\/www.anovapeneira.gal\\\/#organization\",\"name\":\"A Nova Peneira\",\"url\":\"https:\\\/\\\/www.anovapeneira.gal\\\/\",\"logo\":{\"@type\":\"ImageObject\",\"inLanguage\":\"gl-ES\",\"@id\":\"https:\\\/\\\/www.anovapeneira.gal\\\/#\\\/schema\\\/logo\\\/image\\\/\",\"url\":\"http:\\\/\\\/www.anovapeneira.gal\\\/wp-content\\\/uploads\\\/2019\\\/06\\\/logo_a_nova_peneira_portal_web.png\",\"contentUrl\":\"http:\\\/\\\/www.anovapeneira.gal\\\/wp-content\\\/uploads\\\/2019\\\/06\\\/logo_a_nova_peneira_portal_web.png\",\"width\":300,\"height\":100,\"caption\":\"A Nova Peneira\"},\"image\":{\"@id\":\"https:\\\/\\\/www.anovapeneira.gal\\\/#\\\/schema\\\/logo\\\/image\\\/\"},\"sameAs\":[\"https:\\\/\\\/www.facebook.com\\\/anovapeneira\",\"https:\\\/\\\/x.com\\\/APeneira\"]},{\"@type\":\"Person\",\"@id\":\"https:\\\/\\\/www.anovapeneira.gal\\\/#\\\/schema\\\/person\\\/b93e3f8932e3f8da96334607eb6ac6aa\",\"name\":\"Redacci\u00f3n A Nova Peneira\",\"image\":{\"@type\":\"ImageObject\",\"inLanguage\":\"gl-ES\",\"@id\":\"https:\\\/\\\/secure.gravatar.com\\\/avatar\\\/c052a2551a06e23fac63626232eaa90abd78dbcf1700fc46a2b2c89fd27b735f?s=96&d=mm&r=g\",\"url\":\"https:\\\/\\\/secure.gravatar.com\\\/avatar\\\/c052a2551a06e23fac63626232eaa90abd78dbcf1700fc46a2b2c89fd27b735f?s=96&d=mm&r=g\",\"contentUrl\":\"https:\\\/\\\/secure.gravatar.com\\\/avatar\\\/c052a2551a06e23fac63626232eaa90abd78dbcf1700fc46a2b2c89fd27b735f?s=96&d=mm&r=g\",\"caption\":\"Redacci\u00f3n A Nova Peneira\"},\"sameAs\":[\"http:\\\/\\\/www.anovapeneira.gal\\\/\"],\"url\":\"https:\\\/\\\/www.anovapeneira.gal\\\/index.php\\\/author\\\/redactor\\\/\"}]}<\/script>\n<!-- \/ Yoast SEO plugin. -->","yoast_head_json":{"title":"AER decidir\u00e1 nos pr\u00f3ximos meses se contin\u00faa no goberno o pr\u00f3ximo ano -","robots":{"index":"index","follow":"follow","max-snippet":"max-snippet:-1","max-image-preview":"max-image-preview:large","max-video-preview":"max-video-preview:-1"},"canonical":"https:\/\/www.anovapeneira.gal\/index.php\/2020\/12\/18\/aer-decidira-nos-proximos-meses-se-continua-no-goberno-o-proximo-ano\/","og_locale":"gl_ES","og_type":"article","og_title":"AER decidir\u00e1 nos pr\u00f3ximos meses se contin\u00faa no goberno o pr\u00f3ximo ano -","og_description":"A decisi\u00f3n ser\u00e1 tomada pola Asemblea da Agrupaci\u00f3n de Electores unha vez se complete a valoraci\u00f3n da primeira experiencia de goberno [...]","og_url":"https:\/\/www.anovapeneira.gal\/index.php\/2020\/12\/18\/aer-decidira-nos-proximos-meses-se-continua-no-goberno-o-proximo-ano\/","article_publisher":"https:\/\/www.facebook.com\/anovapeneira","article_published_time":"2020-12-18T09:00:02+00:00","og_image":[{"width":720,"height":432,"url":"https:\/\/www.anovapeneira.gal\/wp-content\/uploads\/2020\/12\/aer_redondela.jpg","type":"image\/jpeg"}],"author":"Redacci\u00f3n A Nova Peneira","twitter_card":"summary_large_image","twitter_creator":"@APeneira","twitter_site":"@APeneira","twitter_misc":{"Escrito por":"Redacci\u00f3n A Nova Peneira","Tempo de lectura":"3 minutos"},"schema":{"@context":"https:\/\/schema.org","@graph":[{"@type":"Article","@id":"https:\/\/www.anovapeneira.gal\/index.php\/2020\/12\/18\/aer-decidira-nos-proximos-meses-se-continua-no-goberno-o-proximo-ano\/#article","isPartOf":{"@id":"https:\/\/www.anovapeneira.gal\/index.php\/2020\/12\/18\/aer-decidira-nos-proximos-meses-se-continua-no-goberno-o-proximo-ano\/"},"author":{"name":"Redacci\u00f3n A Nova Peneira","@id":"https:\/\/www.anovapeneira.gal\/#\/schema\/person\/b93e3f8932e3f8da96334607eb6ac6aa"},"headline":"AER decidir\u00e1 nos pr\u00f3ximos meses se contin\u00faa no goberno o pr\u00f3ximo ano","datePublished":"2020-12-18T09:00:02+00:00","mainEntityOfPage":{"@id":"https:\/\/www.anovapeneira.gal\/index.php\/2020\/12\/18\/aer-decidira-nos-proximos-meses-se-continua-no-goberno-o-proximo-ano\/"},"wordCount":583,"commentCount":0,"publisher":{"@id":"https:\/\/www.anovapeneira.gal\/#organization"},"image":{"@id":"https:\/\/www.anovapeneira.gal\/index.php\/2020\/12\/18\/aer-decidira-nos-proximos-meses-se-continua-no-goberno-o-proximo-ano\/#primaryimage"},"thumbnailUrl":"https:\/\/www.anovapeneira.gal\/wp-content\/uploads\/2020\/12\/aer_redondela.jpg","keywords":["Concello de Redondela"],"articleSection":["Redondela"],"inLanguage":"gl-ES","potentialAction":[{"@type":"CommentAction","name":"Comment","target":["https:\/\/www.anovapeneira.gal\/index.php\/2020\/12\/18\/aer-decidira-nos-proximos-meses-se-continua-no-goberno-o-proximo-ano\/#respond"]}]},{"@type":"WebPage","@id":"https:\/\/www.anovapeneira.gal\/index.php\/2020\/12\/18\/aer-decidira-nos-proximos-meses-se-continua-no-goberno-o-proximo-ano\/","url":"https:\/\/www.anovapeneira.gal\/index.php\/2020\/12\/18\/aer-decidira-nos-proximos-meses-se-continua-no-goberno-o-proximo-ano\/","name":"AER decidir\u00e1 nos pr\u00f3ximos meses se contin\u00faa no goberno o pr\u00f3ximo ano -","isPartOf":{"@id":"https:\/\/www.anovapeneira.gal\/#website"},"primaryImageOfPage":{"@id":"https:\/\/www.anovapeneira.gal\/index.php\/2020\/12\/18\/aer-decidira-nos-proximos-meses-se-continua-no-goberno-o-proximo-ano\/#primaryimage"},"image":{"@id":"https:\/\/www.anovapeneira.gal\/index.php\/2020\/12\/18\/aer-decidira-nos-proximos-meses-se-continua-no-goberno-o-proximo-ano\/#primaryimage"},"thumbnailUrl":"https:\/\/www.anovapeneira.gal\/wp-content\/uploads\/2020\/12\/aer_redondela.jpg","datePublished":"2020-12-18T09:00:02+00:00","breadcrumb":{"@id":"https:\/\/www.anovapeneira.gal\/index.php\/2020\/12\/18\/aer-decidira-nos-proximos-meses-se-continua-no-goberno-o-proximo-ano\/#breadcrumb"},"inLanguage":"gl-ES","potentialAction":[{"@type":"ReadAction","target":["https:\/\/www.anovapeneira.gal\/index.php\/2020\/12\/18\/aer-decidira-nos-proximos-meses-se-continua-no-goberno-o-proximo-ano\/"]}]},{"@type":"ImageObject","inLanguage":"gl-ES","@id":"https:\/\/www.anovapeneira.gal\/index.php\/2020\/12\/18\/aer-decidira-nos-proximos-meses-se-continua-no-goberno-o-proximo-ano\/#primaryimage","url":"https:\/\/www.anovapeneira.gal\/wp-content\/uploads\/2020\/12\/aer_redondela.jpg","contentUrl":"https:\/\/www.anovapeneira.gal\/wp-content\/uploads\/2020\/12\/aer_redondela.jpg","width":720,"height":432,"caption":"AER agrupaci\u00f3n electores de Redondela"},{"@type":"BreadcrumbList","@id":"https:\/\/www.anovapeneira.gal\/index.php\/2020\/12\/18\/aer-decidira-nos-proximos-meses-se-continua-no-goberno-o-proximo-ano\/#breadcrumb","itemListElement":[{"@type":"ListItem","position":1,"name":"Portada","item":"https:\/\/www.anovapeneira.gal\/"},{"@type":"ListItem","position":2,"name":"AER decidir\u00e1 nos pr\u00f3ximos meses se contin\u00faa no goberno o pr\u00f3ximo ano"}]},{"@type":"WebSite","@id":"https:\/\/www.anovapeneira.gal\/#website","url":"https:\/\/www.anovapeneira.gal\/","name":"","description":"Xornal galego de informaci\u00f3n xeral Publicaci\u00f3n mensual de novas de Galicia e en especial dos Concellos da sur da provincia de Pontevedra.","publisher":{"@id":"https:\/\/www.anovapeneira.gal\/#organization"},"potentialAction":[{"@type":"SearchAction","target":{"@type":"EntryPoint","urlTemplate":"https:\/\/www.anovapeneira.gal\/?s={search_term_string}"},"query-input":{"@type":"PropertyValueSpecification","valueRequired":true,"valueName":"search_term_string"}}],"inLanguage":"gl-ES"},{"@type":"Organization","@id":"https:\/\/www.anovapeneira.gal\/#organization","name":"A Nova Peneira","url":"https:\/\/www.anovapeneira.gal\/","logo":{"@type":"ImageObject","inLanguage":"gl-ES","@id":"https:\/\/www.anovapeneira.gal\/#\/schema\/logo\/image\/","url":"http:\/\/www.anovapeneira.gal\/wp-content\/uploads\/2019\/06\/logo_a_nova_peneira_portal_web.png","contentUrl":"http:\/\/www.anovapeneira.gal\/wp-content\/uploads\/2019\/06\/logo_a_nova_peneira_portal_web.png","width":300,"height":100,"caption":"A Nova Peneira"},"image":{"@id":"https:\/\/www.anovapeneira.gal\/#\/schema\/logo\/image\/"},"sameAs":["https:\/\/www.facebook.com\/anovapeneira","https:\/\/x.com\/APeneira"]},{"@type":"Person","@id":"https:\/\/www.anovapeneira.gal\/#\/schema\/person\/b93e3f8932e3f8da96334607eb6ac6aa","name":"Redacci\u00f3n A Nova Peneira","image":{"@type":"ImageObject","inLanguage":"gl-ES","@id":"https:\/\/secure.gravatar.com\/avatar\/c052a2551a06e23fac63626232eaa90abd78dbcf1700fc46a2b2c89fd27b735f?s=96&d=mm&r=g","url":"https:\/\/secure.gravatar.com\/avatar\/c052a2551a06e23fac63626232eaa90abd78dbcf1700fc46a2b2c89fd27b735f?s=96&d=mm&r=g","contentUrl":"https:\/\/secure.gravatar.com\/avatar\/c052a2551a06e23fac63626232eaa90abd78dbcf1700fc46a2b2c89fd27b735f?s=96&d=mm&r=g","caption":"Redacci\u00f3n A Nova Peneira"},"sameAs":["http:\/\/www.anovapeneira.gal\/"],"url":"https:\/\/www.anovapeneira.gal\/index.php\/author\/redactor\/"}]}},"jetpack_featured_media_url":"https:\/\/www.anovapeneira.gal\/wp-content\/uploads\/2020\/12\/aer_redondela.jpg","_links":{"self":[{"href":"https:\/\/www.anovapeneira.gal\/index.php\/wp-json\/wp\/v2\/posts\/4502","targetHints":{"allow":["GET"]}}],"collection":[{"href":"https:\/\/www.anovapeneira.gal\/index.php\/wp-json\/wp\/v2\/posts"}],"about":[{"href":"https:\/\/www.anovapeneira.gal\/index.php\/wp-json\/wp\/v2\/types\/post"}],"author":[{"embeddable":true,"href":"https:\/\/www.anovapeneira.gal\/index.php\/wp-json\/wp\/v2\/users\/3"}],"replies":[{"embeddable":true,"href":"https:\/\/www.anovapeneira.gal\/index.php\/wp-json\/wp\/v2\/comments?post=4502"}],"version-history":[{"count":2,"href":"https:\/\/www.anovapeneira.gal\/index.php\/wp-json\/wp\/v2\/posts\/4502\/revisions"}],"predecessor-version":[{"id":4505,"href":"https:\/\/www.anovapeneira.gal\/index.php\/wp-json\/wp\/v2\/posts\/4502\/revisions\/4505"}],"wp:featuredmedia":[{"embeddable":true,"href":"https:\/\/www.anovapeneira.gal\/index.php\/wp-json\/wp\/v2\/media\/4504"}],"wp:attachment":[{"href":"https:\/\/www.anovapeneira.gal\/index.php\/wp-json\/wp\/v2\/media?parent=4502"}],"wp:term":[{"taxonomy":"category","embeddable":true,"href":"https:\/\/www.anovapeneira.gal\/index.php\/wp-json\/wp\/v2\/categories?post=4502"},{"taxonomy":"post_tag","embeddable":true,"href":"https:\/\/www.anovapeneira.gal\/index.php\/wp-json\/wp\/v2\/tags?post=4502"}],"curies":[{"name":"wp","href":"https:\/\/api.w.org\/{rel}","templated":true}]}}