{"id":4509,"date":"2020-12-21T10:00:35","date_gmt":"2020-12-21T09:00:35","guid":{"rendered":"http:\/\/www.anovapeneira.gal\/?p=4509"},"modified":"2020-12-16T16:13:10","modified_gmt":"2020-12-16T15:13:10","slug":"orzamentos-sociais-nin-tanto","status":"publish","type":"post","link":"https:\/\/www.anovapeneira.gal\/index.php\/2020\/12\/21\/orzamentos-sociais-nin-tanto\/","title":{"rendered":"Orzamentos sociais? Nin tanto!"},"content":{"rendered":"\n<pre class=\"wp-block-verse\">Nestor Rego - Deputado Nacionalista no Congreso<\/pre>\n\n\n\n<p>Fica pouca d\u00fabida de que os Orzamentos do Estado para 2021 son maos para a Galiza, por moito empe\u00f1o que po\u00f1an os dirixentes galegos dos partidos do Goberno en xustificar a discriminaci\u00f3n flagrante cometida co noso Pa\u00eds. Porque os n\u00fameros falan por si: o investimento territorializado na Galiza (832 M\u20ac) desce en 104 mill\u00f3ns de euros en relaci\u00f3n cos \u00faltimos aprobados, os do Partido Popular e de Montoro (936 M\u20ac) que xa eran claramente insuficientes.<\/p>\n\n\n\n<p>E isto, no cadro dunhas contas expansivas, dado que soben globalmente e que se incrementan os investimentos por riba de 68%. De facto, soben a maior\u00eda das Comunidades aut\u00f3nomas, entre elas todas as do arco mediter\u00e1neo, mesmo por cima de 45% (Andaluc\u00eda) e at\u00e9 83% (Murcia). Para al\u00e9n de outras en que goberna o Partido Socialista, como Navarra (56%) ou Asturias (63%). Entre tanto, a Galiza desce en m\u00e1is de 11%.<\/p>\n\n\n\n<p>Frente a esta evidencia, asistimos ao lament\u00e1bel espect\u00e1culo de deputados e deputadas de PSOE e Podemos que, no canto de traballaren para que os seus partidos modificasen o trato discriminatorio que dan \u00e1 Galiza, se esforzaron en tentar xustificalo con todo tipo de argumentos demag\u00f3xicos e pouco rigorosos.<\/p>\n\n\n\n<p>Argumentos como que os investimentos m\u00e1is elevados de anos anteriores eran para as obras do AVE, que xa est\u00e1 finalizado. Falso: nos propios OXE figura a variante de Ourense da alta velocidade, valorada en 632 M\u20ac e s\u00f3 se orzamentan 29 M\u20ac. Para al\u00e9n de que temos moitas necesidades pendentes, especialmente na rede interior dos cami\u00f1os de ferro -que ti\u00f1a que ter sido a prioridade-, como consecuencia do d\u00e9ficit hist\u00f3rico en investimentos no noso Pa\u00eds. Ali\u00e1s, Andaluc\u00eda e Catalu\u00f1a xa te\u00f1en AVE e soben 45% e 50%. Non deixa de ser rechamante que levar unha demora de 30 anos en investimentos sirva para xustificar que tampouco os necesitamos no presente.<\/p>\n\n\n\n<p>Ou argumentos como que recibimos m\u00e1is investimento por habitante que a media do Estado, que non te\u00f1en en conta ese d\u00e9ficit hist\u00f3rico que padece o noso pa\u00eds. Por exemplo, o Ministerio de Transportes x\u00e1ctase de dotar unha partida de 1.500 M\u20ac para  mellorar o servizo de cercan\u00edas. Ora ben, nin un s\u00f3 euro desa partida vir\u00e1 para a Galiza, pola simple raz\u00f3n de que aqu\u00ed as cercan\u00edas non existen. Antes haber\u00eda que crealas, como propu\u00f1a o BNG nas s\u00faas emendas, que PSOE e Podemos rexeitaron.<\/p>\n\n\n\n<p>E o \u00faltimo e grande argumento empregado polos partidos do Goberno para defenderen os orzamentos \u00e9 que son sociais. En verdade? Pois nin tanto. Para al\u00e9n de que non poderemos nunca considerar sociais unhas contas que discriminan a Galiza e prexudican as clases populares galegas, estes son uns orzamentos en que se opta por incrementar o gasto militar en case 5% (m\u00e1is de 400 mill\u00f3ns de euros a maiores) se eleva a 300 mill\u00f3ns a partida para o CNI ou contin\u00faa subindo a asignaci\u00f3n \u00e1 Casa Real (6,9%), no canto de concentrar eses recursos en pol\u00edticas de protecci\u00f3n social.<\/p>\n\n\n\n<p>Faltou decisi\u00f3n para implementar pol\u00edticas tributarias e orzamentarias que fosen na direcci\u00f3n de reforzar a protecci\u00f3n social e os servizos p\u00fablicos. Por exemplo, ficaron polo cami\u00f1o medidas como un imposto \u00e1 banca e \u00e1s el\u00e9ctricas, unha taxa COVID \u00e1s grandes fortunas para facer fronte \u00e1 reactivaci\u00f3n social e econ\u00f3mica ou incrementar o imposto de patrimonio a partir de 1 mill\u00f3n de euros no canto de facelo a partir de 10 mill\u00f3ns.<\/p>\n\n\n\n<p>Os partidos do Goberno rexeitaron emendas do BNG para que fose incrementada a partida destinada a financiar a Lei de Dependencia en 250 mill\u00f3ns de euros ou para que sectores especialmente vulner\u00e1beis neste contexto paguen menos impostos: a eliminaci\u00f3n do IVE \u00e1s m\u00e1scaras e materiais de protecci\u00f3n frente ao coronavirus ou a rebaixa a 4% aos produtos culturais, produtos de hixiene feminina ou a servizos esenciais como auga, luz ou gas.<\/p>\n\n\n\n<p>Foron igualmente rexeitas emendas para p\u00f3r en andamento planos de rescate ao peque\u00f1o comercio, hostalar\u00eda ou sector cultural; para programas de reindustrializaci\u00f3n e creaci\u00f3n de emprego ou para tres novos xulgados de violencia de x\u00e9nero.<\/p>\n\n\n\n<p>Entre os poucos elementos positivos destes orzamentos est\u00e1n as partidas para a rebaixa das portaxes da AP-9 e a gratuidade do tramo Vigo-Redondela, que figuran grazas \u00e1 insistencia do BNG e a que as inclu\u00edmos como prioritarias no Acordo de Investidura.<\/p>\n\n\n\n<p>En todo o caso, o BNG seguir\u00e1 traballando no Congreso para defender os intereses do noso pobo, pois ficou claro que s\u00f3 o nacionalismo \u00e9 capaz de o facer con coherencia e con dignidade.<\/p>\n","protected":false},"excerpt":{"rendered":"<div class=\"mh-excerpt\"><p>Fica pouca d\u00fabida de que os Orzamentos do Estado para 2021 son maos para a Galiza, por moito empe\u00f1o que po\u00f1an os dirixentes galegos dos partidos do Goberno en xustificar a discriminaci\u00f3n flagrante cometida co noso Pa\u00eds <a class=\"mh-excerpt-more\" href=\"https:\/\/www.anovapeneira.gal\/index.php\/2020\/12\/21\/orzamentos-sociais-nin-tanto\/\" title=\"Orzamentos sociais? Nin tanto!\">[&#8230;]<\/a><\/p>\n<\/div>","protected":false},"author":9,"featured_media":2726,"comment_status":"open","ping_status":"open","sticky":false,"template":"","format":"standard","meta":{"_exactmetrics_skip_tracking":false,"_exactmetrics_sitenote_active":false,"_exactmetrics_sitenote_note":"","_exactmetrics_sitenote_category":0,"footnotes":""},"categories":[7],"tags":[58],"class_list":{"0":"post-4509","1":"post","2":"type-post","3":"status-publish","4":"format-standard","5":"has-post-thumbnail","7":"category-artigos-de-opinion","8":"tag-opinion"},"yoast_head":"<!-- This site is optimized with the Yoast SEO plugin v27.4 - https:\/\/yoast.com\/product\/yoast-seo-wordpress\/ -->\n<title>Orzamentos sociais? Nin tanto! -<\/title>\n<meta name=\"robots\" content=\"index, follow, max-snippet:-1, max-image-preview:large, max-video-preview:-1\" \/>\n<link rel=\"canonical\" href=\"https:\/\/www.anovapeneira.gal\/index.php\/2020\/12\/21\/orzamentos-sociais-nin-tanto\/\" \/>\n<meta property=\"og:locale\" content=\"gl_ES\" \/>\n<meta property=\"og:type\" content=\"article\" \/>\n<meta property=\"og:title\" content=\"Orzamentos sociais? Nin tanto! -\" \/>\n<meta property=\"og:description\" content=\"Fica pouca d\u00fabida de que os Orzamentos do Estado para 2021 son maos para a Galiza, por moito empe\u00f1o que po\u00f1an os dirixentes galegos dos partidos do Goberno en xustificar a discriminaci\u00f3n flagrante cometida co noso Pa\u00eds [...]\" \/>\n<meta property=\"og:url\" content=\"https:\/\/www.anovapeneira.gal\/index.php\/2020\/12\/21\/orzamentos-sociais-nin-tanto\/\" \/>\n<meta property=\"article:publisher\" content=\"https:\/\/www.facebook.com\/anovapeneira\" \/>\n<meta property=\"article:published_time\" content=\"2020-12-21T09:00:35+00:00\" \/>\n<meta property=\"og:image\" content=\"https:\/\/www.anovapeneira.gal\/wp-content\/uploads\/2020\/03\/nestor_no_escano_a_nova_peneira.jpg\" \/>\n\t<meta property=\"og:image:width\" content=\"720\" \/>\n\t<meta property=\"og:image:height\" content=\"432\" \/>\n\t<meta property=\"og:image:type\" content=\"image\/jpeg\" \/>\n<meta name=\"author\" content=\"N\u00e9stor Rego\" \/>\n<meta name=\"twitter:card\" content=\"summary_large_image\" \/>\n<meta name=\"twitter:creator\" content=\"@APeneira\" \/>\n<meta name=\"twitter:site\" content=\"@APeneira\" \/>\n<meta name=\"twitter:label1\" content=\"Escrito por\" \/>\n\t<meta name=\"twitter:data1\" content=\"N\u00e9stor Rego\" \/>\n\t<meta name=\"twitter:label2\" content=\"Tempo de lectura\" \/>\n\t<meta name=\"twitter:data2\" content=\"4 minutos\" \/>\n<script type=\"application\/ld+json\" class=\"yoast-schema-graph\">{\"@context\":\"https:\\\/\\\/schema.org\",\"@graph\":[{\"@type\":\"Article\",\"@id\":\"https:\\\/\\\/www.anovapeneira.gal\\\/index.php\\\/2020\\\/12\\\/21\\\/orzamentos-sociais-nin-tanto\\\/#article\",\"isPartOf\":{\"@id\":\"https:\\\/\\\/www.anovapeneira.gal\\\/index.php\\\/2020\\\/12\\\/21\\\/orzamentos-sociais-nin-tanto\\\/\"},\"author\":{\"name\":\"N\u00e9stor Rego\",\"@id\":\"https:\\\/\\\/www.anovapeneira.gal\\\/#\\\/schema\\\/person\\\/398f81b3541ce70bcc2c0633d10abf2b\"},\"headline\":\"Orzamentos sociais? Nin tanto!\",\"datePublished\":\"2020-12-21T09:00:35+00:00\",\"mainEntityOfPage\":{\"@id\":\"https:\\\/\\\/www.anovapeneira.gal\\\/index.php\\\/2020\\\/12\\\/21\\\/orzamentos-sociais-nin-tanto\\\/\"},\"wordCount\":785,\"commentCount\":0,\"publisher\":{\"@id\":\"https:\\\/\\\/www.anovapeneira.gal\\\/#organization\"},\"image\":{\"@id\":\"https:\\\/\\\/www.anovapeneira.gal\\\/index.php\\\/2020\\\/12\\\/21\\\/orzamentos-sociais-nin-tanto\\\/#primaryimage\"},\"thumbnailUrl\":\"https:\\\/\\\/www.anovapeneira.gal\\\/wp-content\\\/uploads\\\/2020\\\/03\\\/nestor_no_escano_a_nova_peneira.jpg\",\"keywords\":[\"Opini\u00f3n\"],\"articleSection\":[\"Artigos de opini\u00f3n\"],\"inLanguage\":\"gl-ES\",\"potentialAction\":[{\"@type\":\"CommentAction\",\"name\":\"Comment\",\"target\":[\"https:\\\/\\\/www.anovapeneira.gal\\\/index.php\\\/2020\\\/12\\\/21\\\/orzamentos-sociais-nin-tanto\\\/#respond\"]}]},{\"@type\":\"WebPage\",\"@id\":\"https:\\\/\\\/www.anovapeneira.gal\\\/index.php\\\/2020\\\/12\\\/21\\\/orzamentos-sociais-nin-tanto\\\/\",\"url\":\"https:\\\/\\\/www.anovapeneira.gal\\\/index.php\\\/2020\\\/12\\\/21\\\/orzamentos-sociais-nin-tanto\\\/\",\"name\":\"Orzamentos sociais? Nin tanto! -\",\"isPartOf\":{\"@id\":\"https:\\\/\\\/www.anovapeneira.gal\\\/#website\"},\"primaryImageOfPage\":{\"@id\":\"https:\\\/\\\/www.anovapeneira.gal\\\/index.php\\\/2020\\\/12\\\/21\\\/orzamentos-sociais-nin-tanto\\\/#primaryimage\"},\"image\":{\"@id\":\"https:\\\/\\\/www.anovapeneira.gal\\\/index.php\\\/2020\\\/12\\\/21\\\/orzamentos-sociais-nin-tanto\\\/#primaryimage\"},\"thumbnailUrl\":\"https:\\\/\\\/www.anovapeneira.gal\\\/wp-content\\\/uploads\\\/2020\\\/03\\\/nestor_no_escano_a_nova_peneira.jpg\",\"datePublished\":\"2020-12-21T09:00:35+00:00\",\"breadcrumb\":{\"@id\":\"https:\\\/\\\/www.anovapeneira.gal\\\/index.php\\\/2020\\\/12\\\/21\\\/orzamentos-sociais-nin-tanto\\\/#breadcrumb\"},\"inLanguage\":\"gl-ES\",\"potentialAction\":[{\"@type\":\"ReadAction\",\"target\":[\"https:\\\/\\\/www.anovapeneira.gal\\\/index.php\\\/2020\\\/12\\\/21\\\/orzamentos-sociais-nin-tanto\\\/\"]}]},{\"@type\":\"ImageObject\",\"inLanguage\":\"gl-ES\",\"@id\":\"https:\\\/\\\/www.anovapeneira.gal\\\/index.php\\\/2020\\\/12\\\/21\\\/orzamentos-sociais-nin-tanto\\\/#primaryimage\",\"url\":\"https:\\\/\\\/www.anovapeneira.gal\\\/wp-content\\\/uploads\\\/2020\\\/03\\\/nestor_no_escano_a_nova_peneira.jpg\",\"contentUrl\":\"https:\\\/\\\/www.anovapeneira.gal\\\/wp-content\\\/uploads\\\/2020\\\/03\\\/nestor_no_escano_a_nova_peneira.jpg\",\"width\":720,\"height\":432,\"caption\":\"N\u00e9stor Rego No congreso dos diputados A Nova Peneira\"},{\"@type\":\"BreadcrumbList\",\"@id\":\"https:\\\/\\\/www.anovapeneira.gal\\\/index.php\\\/2020\\\/12\\\/21\\\/orzamentos-sociais-nin-tanto\\\/#breadcrumb\",\"itemListElement\":[{\"@type\":\"ListItem\",\"position\":1,\"name\":\"Portada\",\"item\":\"https:\\\/\\\/www.anovapeneira.gal\\\/\"},{\"@type\":\"ListItem\",\"position\":2,\"name\":\"Orzamentos sociais? Nin tanto!\"}]},{\"@type\":\"WebSite\",\"@id\":\"https:\\\/\\\/www.anovapeneira.gal\\\/#website\",\"url\":\"https:\\\/\\\/www.anovapeneira.gal\\\/\",\"name\":\"\",\"description\":\"Xornal galego de informaci\u00f3n xeral Publicaci\u00f3n mensual de novas de Galicia e en especial dos Concellos da sur da provincia de Pontevedra.\",\"publisher\":{\"@id\":\"https:\\\/\\\/www.anovapeneira.gal\\\/#organization\"},\"potentialAction\":[{\"@type\":\"SearchAction\",\"target\":{\"@type\":\"EntryPoint\",\"urlTemplate\":\"https:\\\/\\\/www.anovapeneira.gal\\\/?s={search_term_string}\"},\"query-input\":{\"@type\":\"PropertyValueSpecification\",\"valueRequired\":true,\"valueName\":\"search_term_string\"}}],\"inLanguage\":\"gl-ES\"},{\"@type\":\"Organization\",\"@id\":\"https:\\\/\\\/www.anovapeneira.gal\\\/#organization\",\"name\":\"A Nova Peneira\",\"url\":\"https:\\\/\\\/www.anovapeneira.gal\\\/\",\"logo\":{\"@type\":\"ImageObject\",\"inLanguage\":\"gl-ES\",\"@id\":\"https:\\\/\\\/www.anovapeneira.gal\\\/#\\\/schema\\\/logo\\\/image\\\/\",\"url\":\"http:\\\/\\\/www.anovapeneira.gal\\\/wp-content\\\/uploads\\\/2019\\\/06\\\/logo_a_nova_peneira_portal_web.png\",\"contentUrl\":\"http:\\\/\\\/www.anovapeneira.gal\\\/wp-content\\\/uploads\\\/2019\\\/06\\\/logo_a_nova_peneira_portal_web.png\",\"width\":300,\"height\":100,\"caption\":\"A Nova Peneira\"},\"image\":{\"@id\":\"https:\\\/\\\/www.anovapeneira.gal\\\/#\\\/schema\\\/logo\\\/image\\\/\"},\"sameAs\":[\"https:\\\/\\\/www.facebook.com\\\/anovapeneira\",\"https:\\\/\\\/x.com\\\/APeneira\"]},{\"@type\":\"Person\",\"@id\":\"https:\\\/\\\/www.anovapeneira.gal\\\/#\\\/schema\\\/person\\\/398f81b3541ce70bcc2c0633d10abf2b\",\"name\":\"N\u00e9stor Rego\",\"image\":{\"@type\":\"ImageObject\",\"inLanguage\":\"gl-ES\",\"@id\":\"https:\\\/\\\/secure.gravatar.com\\\/avatar\\\/582ac268e259e01434297c480ba20c3651e6dab442778296909153e75ae25c18?s=96&d=mm&r=g\",\"url\":\"https:\\\/\\\/secure.gravatar.com\\\/avatar\\\/582ac268e259e01434297c480ba20c3651e6dab442778296909153e75ae25c18?s=96&d=mm&r=g\",\"contentUrl\":\"https:\\\/\\\/secure.gravatar.com\\\/avatar\\\/582ac268e259e01434297c480ba20c3651e6dab442778296909153e75ae25c18?s=96&d=mm&r=g\",\"caption\":\"N\u00e9stor Rego\"},\"sameAs\":[\"http:\\\/\\\/www.anovapeneira.gal\\\/\"],\"url\":\"https:\\\/\\\/www.anovapeneira.gal\\\/index.php\\\/author\\\/opinionnestorrego\\\/\"}]}<\/script>\n<!-- \/ Yoast SEO plugin. -->","yoast_head_json":{"title":"Orzamentos sociais? Nin tanto! -","robots":{"index":"index","follow":"follow","max-snippet":"max-snippet:-1","max-image-preview":"max-image-preview:large","max-video-preview":"max-video-preview:-1"},"canonical":"https:\/\/www.anovapeneira.gal\/index.php\/2020\/12\/21\/orzamentos-sociais-nin-tanto\/","og_locale":"gl_ES","og_type":"article","og_title":"Orzamentos sociais? Nin tanto! -","og_description":"Fica pouca d\u00fabida de que os Orzamentos do Estado para 2021 son maos para a Galiza, por moito empe\u00f1o que po\u00f1an os dirixentes galegos dos partidos do Goberno en xustificar a discriminaci\u00f3n flagrante cometida co noso Pa\u00eds [...]","og_url":"https:\/\/www.anovapeneira.gal\/index.php\/2020\/12\/21\/orzamentos-sociais-nin-tanto\/","article_publisher":"https:\/\/www.facebook.com\/anovapeneira","article_published_time":"2020-12-21T09:00:35+00:00","og_image":[{"width":720,"height":432,"url":"https:\/\/www.anovapeneira.gal\/wp-content\/uploads\/2020\/03\/nestor_no_escano_a_nova_peneira.jpg","type":"image\/jpeg"}],"author":"N\u00e9stor Rego","twitter_card":"summary_large_image","twitter_creator":"@APeneira","twitter_site":"@APeneira","twitter_misc":{"Escrito por":"N\u00e9stor Rego","Tempo de lectura":"4 minutos"},"schema":{"@context":"https:\/\/schema.org","@graph":[{"@type":"Article","@id":"https:\/\/www.anovapeneira.gal\/index.php\/2020\/12\/21\/orzamentos-sociais-nin-tanto\/#article","isPartOf":{"@id":"https:\/\/www.anovapeneira.gal\/index.php\/2020\/12\/21\/orzamentos-sociais-nin-tanto\/"},"author":{"name":"N\u00e9stor Rego","@id":"https:\/\/www.anovapeneira.gal\/#\/schema\/person\/398f81b3541ce70bcc2c0633d10abf2b"},"headline":"Orzamentos sociais? Nin tanto!","datePublished":"2020-12-21T09:00:35+00:00","mainEntityOfPage":{"@id":"https:\/\/www.anovapeneira.gal\/index.php\/2020\/12\/21\/orzamentos-sociais-nin-tanto\/"},"wordCount":785,"commentCount":0,"publisher":{"@id":"https:\/\/www.anovapeneira.gal\/#organization"},"image":{"@id":"https:\/\/www.anovapeneira.gal\/index.php\/2020\/12\/21\/orzamentos-sociais-nin-tanto\/#primaryimage"},"thumbnailUrl":"https:\/\/www.anovapeneira.gal\/wp-content\/uploads\/2020\/03\/nestor_no_escano_a_nova_peneira.jpg","keywords":["Opini\u00f3n"],"articleSection":["Artigos de opini\u00f3n"],"inLanguage":"gl-ES","potentialAction":[{"@type":"CommentAction","name":"Comment","target":["https:\/\/www.anovapeneira.gal\/index.php\/2020\/12\/21\/orzamentos-sociais-nin-tanto\/#respond"]}]},{"@type":"WebPage","@id":"https:\/\/www.anovapeneira.gal\/index.php\/2020\/12\/21\/orzamentos-sociais-nin-tanto\/","url":"https:\/\/www.anovapeneira.gal\/index.php\/2020\/12\/21\/orzamentos-sociais-nin-tanto\/","name":"Orzamentos sociais? Nin tanto! -","isPartOf":{"@id":"https:\/\/www.anovapeneira.gal\/#website"},"primaryImageOfPage":{"@id":"https:\/\/www.anovapeneira.gal\/index.php\/2020\/12\/21\/orzamentos-sociais-nin-tanto\/#primaryimage"},"image":{"@id":"https:\/\/www.anovapeneira.gal\/index.php\/2020\/12\/21\/orzamentos-sociais-nin-tanto\/#primaryimage"},"thumbnailUrl":"https:\/\/www.anovapeneira.gal\/wp-content\/uploads\/2020\/03\/nestor_no_escano_a_nova_peneira.jpg","datePublished":"2020-12-21T09:00:35+00:00","breadcrumb":{"@id":"https:\/\/www.anovapeneira.gal\/index.php\/2020\/12\/21\/orzamentos-sociais-nin-tanto\/#breadcrumb"},"inLanguage":"gl-ES","potentialAction":[{"@type":"ReadAction","target":["https:\/\/www.anovapeneira.gal\/index.php\/2020\/12\/21\/orzamentos-sociais-nin-tanto\/"]}]},{"@type":"ImageObject","inLanguage":"gl-ES","@id":"https:\/\/www.anovapeneira.gal\/index.php\/2020\/12\/21\/orzamentos-sociais-nin-tanto\/#primaryimage","url":"https:\/\/www.anovapeneira.gal\/wp-content\/uploads\/2020\/03\/nestor_no_escano_a_nova_peneira.jpg","contentUrl":"https:\/\/www.anovapeneira.gal\/wp-content\/uploads\/2020\/03\/nestor_no_escano_a_nova_peneira.jpg","width":720,"height":432,"caption":"N\u00e9stor Rego No congreso dos diputados A Nova Peneira"},{"@type":"BreadcrumbList","@id":"https:\/\/www.anovapeneira.gal\/index.php\/2020\/12\/21\/orzamentos-sociais-nin-tanto\/#breadcrumb","itemListElement":[{"@type":"ListItem","position":1,"name":"Portada","item":"https:\/\/www.anovapeneira.gal\/"},{"@type":"ListItem","position":2,"name":"Orzamentos sociais? Nin tanto!"}]},{"@type":"WebSite","@id":"https:\/\/www.anovapeneira.gal\/#website","url":"https:\/\/www.anovapeneira.gal\/","name":"","description":"Xornal galego de informaci\u00f3n xeral Publicaci\u00f3n mensual de novas de Galicia e en especial dos Concellos da sur da provincia de Pontevedra.","publisher":{"@id":"https:\/\/www.anovapeneira.gal\/#organization"},"potentialAction":[{"@type":"SearchAction","target":{"@type":"EntryPoint","urlTemplate":"https:\/\/www.anovapeneira.gal\/?s={search_term_string}"},"query-input":{"@type":"PropertyValueSpecification","valueRequired":true,"valueName":"search_term_string"}}],"inLanguage":"gl-ES"},{"@type":"Organization","@id":"https:\/\/www.anovapeneira.gal\/#organization","name":"A Nova Peneira","url":"https:\/\/www.anovapeneira.gal\/","logo":{"@type":"ImageObject","inLanguage":"gl-ES","@id":"https:\/\/www.anovapeneira.gal\/#\/schema\/logo\/image\/","url":"http:\/\/www.anovapeneira.gal\/wp-content\/uploads\/2019\/06\/logo_a_nova_peneira_portal_web.png","contentUrl":"http:\/\/www.anovapeneira.gal\/wp-content\/uploads\/2019\/06\/logo_a_nova_peneira_portal_web.png","width":300,"height":100,"caption":"A Nova Peneira"},"image":{"@id":"https:\/\/www.anovapeneira.gal\/#\/schema\/logo\/image\/"},"sameAs":["https:\/\/www.facebook.com\/anovapeneira","https:\/\/x.com\/APeneira"]},{"@type":"Person","@id":"https:\/\/www.anovapeneira.gal\/#\/schema\/person\/398f81b3541ce70bcc2c0633d10abf2b","name":"N\u00e9stor Rego","image":{"@type":"ImageObject","inLanguage":"gl-ES","@id":"https:\/\/secure.gravatar.com\/avatar\/582ac268e259e01434297c480ba20c3651e6dab442778296909153e75ae25c18?s=96&d=mm&r=g","url":"https:\/\/secure.gravatar.com\/avatar\/582ac268e259e01434297c480ba20c3651e6dab442778296909153e75ae25c18?s=96&d=mm&r=g","contentUrl":"https:\/\/secure.gravatar.com\/avatar\/582ac268e259e01434297c480ba20c3651e6dab442778296909153e75ae25c18?s=96&d=mm&r=g","caption":"N\u00e9stor Rego"},"sameAs":["http:\/\/www.anovapeneira.gal\/"],"url":"https:\/\/www.anovapeneira.gal\/index.php\/author\/opinionnestorrego\/"}]}},"jetpack_featured_media_url":"https:\/\/www.anovapeneira.gal\/wp-content\/uploads\/2020\/03\/nestor_no_escano_a_nova_peneira.jpg","_links":{"self":[{"href":"https:\/\/www.anovapeneira.gal\/index.php\/wp-json\/wp\/v2\/posts\/4509","targetHints":{"allow":["GET"]}}],"collection":[{"href":"https:\/\/www.anovapeneira.gal\/index.php\/wp-json\/wp\/v2\/posts"}],"about":[{"href":"https:\/\/www.anovapeneira.gal\/index.php\/wp-json\/wp\/v2\/types\/post"}],"author":[{"embeddable":true,"href":"https:\/\/www.anovapeneira.gal\/index.php\/wp-json\/wp\/v2\/users\/9"}],"replies":[{"embeddable":true,"href":"https:\/\/www.anovapeneira.gal\/index.php\/wp-json\/wp\/v2\/comments?post=4509"}],"version-history":[{"count":2,"href":"https:\/\/www.anovapeneira.gal\/index.php\/wp-json\/wp\/v2\/posts\/4509\/revisions"}],"predecessor-version":[{"id":4511,"href":"https:\/\/www.anovapeneira.gal\/index.php\/wp-json\/wp\/v2\/posts\/4509\/revisions\/4511"}],"wp:featuredmedia":[{"embeddable":true,"href":"https:\/\/www.anovapeneira.gal\/index.php\/wp-json\/wp\/v2\/media\/2726"}],"wp:attachment":[{"href":"https:\/\/www.anovapeneira.gal\/index.php\/wp-json\/wp\/v2\/media?parent=4509"}],"wp:term":[{"taxonomy":"category","embeddable":true,"href":"https:\/\/www.anovapeneira.gal\/index.php\/wp-json\/wp\/v2\/categories?post=4509"},{"taxonomy":"post_tag","embeddable":true,"href":"https:\/\/www.anovapeneira.gal\/index.php\/wp-json\/wp\/v2\/tags?post=4509"}],"curies":[{"name":"wp","href":"https:\/\/api.w.org\/{rel}","templated":true}]}}