{"id":4514,"date":"2020-12-22T10:00:37","date_gmt":"2020-12-22T09:00:37","guid":{"rendered":"http:\/\/www.anovapeneira.gal\/?p=4514"},"modified":"2020-12-17T17:47:40","modified_gmt":"2020-12-17T16:47:40","slug":"querela-contra-mourino-arevalo-e-toda-a-xunta-de-goberno-do-concello-de-mos","status":"publish","type":"post","link":"https:\/\/www.anovapeneira.gal\/index.php\/2020\/12\/22\/querela-contra-mourino-arevalo-e-toda-a-xunta-de-goberno-do-concello-de-mos\/","title":{"rendered":"Querela contra Mouri\u00f1o, Ar\u00e9valo e toda a Xunta de Goberno do Concello de Mos"},"content":{"rendered":"\n<ul class=\"wp-block-list\"><li><strong>A Comunidade de Montes de Tameiga presenta querela nos xulgados de O Porri\u00f1o contra Manuel Carlos Mouri\u00f1o Atanesa como representante do Real Club Celta de Vigo, S.A.D., e contra Nidia Mar\u00eda Ar\u00e9valo G\u00f3mez as\u00ed como aos demais membros da Xunta de Goberno Local do Concello de Mos.<\/strong><\/li><\/ul>\n\n\n\n<ul class=\"wp-block-list\"><li><strong>A Comunidade de Montes de Tameiga demanda \u00e1 xustiza que se acorden, como medidas cautelares, a suspensi\u00f3n das obras e, no suposto de estar conclu\u00eddas, a prohibici\u00f3n do uso do constru\u00eddo. Para asegurarse da efectividade desta medida se solicita ademais o precinto da edificaci\u00f3n en cuesti\u00f3n e o apercibimento aos querelados de incorrer en delito de desobediencia ou de quebrantamento de medida cautelar no caso de quebrantar o precinto.<\/strong><\/li><\/ul>\n\n\n\n<ul class=\"wp-block-list\"><li><strong>A Comunidade de Montes de Tameiga require ao Xulgado de Porri\u00f1o que se oficie \u00e1 APLU para que realice \u00e1 maior brevidade presuposto de demolici\u00f3n das obras e que se requira aos querelados para que afiancen a cantidade presupostada. Ademais requiren que para garantir a demolici\u00f3n se faga un expreso apercibimento de embargo de bens no suposto de os querelados non presten a fianza fixada.<\/strong><\/li><\/ul>\n\n\n\n<p>Tam\u00e9n solicitan na querela que se esixa \u00e1 Axencia de Protecci\u00f3n da Legalidade Urban\u00edstica a elaboraci\u00f3n dun informe sobre se as obras proxectadas e constru\u00eddas son catalogables como obras e instalaci\u00f3ns imprescindibles para o uso de actividades de car\u00e1cter deportivo ao aire libre ou se se trata da implantaci\u00f3n dun equipamento deportivo para o que se require a tramitaci\u00f3n dun Plan Especial de Infraestruturas e Dotaci\u00f3ns (PEID) .<\/p>\n\n\n\n<p>Na querela presentada sin\u00e1lase que co fin de sortear a tramitaci\u00f3n e aprobaci\u00f3n dun PEID e de favorecer o inicio prematuro das obras,<strong> a Xunta de Goberno Local do Concello de Mos <\/strong>concedeu d\u00faas licencias nun intento de minimizar o alcance das obras mediante un fraccionamento do proxecto por fases: primeiro autor\u00edzase o campo de f\u00fatbol \u2013dobre\u2013 e o aparcamento, e despois autor\u00edzanse os vestiarios e o resto de instalaci\u00f3ns. Isto sup\u00f3n unha concesi\u00f3n de licencias sab\u00e9ndoas contrarias \u00e1 lei. A Xunta de Goberno, co fin de sortear a tramitaci\u00f3n e aprobaci\u00f3n dun PEID e de favorecer o inicio prematuro das obras, concedeu as licencias intentando minimizar o alcance daquelas mediante un fraccionamento do proxecto por fases. A asesor\u00eda legal da Comunidade de Montes entende que todas estas actuaci\u00f3ns poden ser <strong>constitutivas de delito por prevaricaci\u00f3n penado coa prisi\u00f3n dun ano e seis meses a catro anos e a de multa de doce a veinticuatro meses<\/strong>.<\/p>\n\n\n\n<p>\u00c9 significativo que precisamente se estea agora a tramitar un PEID (DOG n\u00ba 166 de 18.08.2020) cuxa principal finalidade \u00e9 a de dotar de cobertura \u00e1s obras previamente licenciadas. Isto confirma a consciencia por parte da entidade local de que unhas obras das dimensi\u00f3ns das proxectadas, e executadas, polo Celta de Vigo requiren dun PEID, posto que exceden con moito das instalaci\u00f3ns deportivas que tipicamente se ve\u00f1en permitindo en solo r\u00fastico sen necesidade de tal Plan Especial.<\/p>\n\n\n\n<p><strong>A Comunidade de Montes de Tameiga denuncia que as obras executadas exceden claramente os proxectos licenciados. <\/strong>O proxecto t\u00e9cnico licenciado para os VESTIARIOS E INSTALACI\u00d3NS AUXILIARES IMPRESCINDIBLES prev\u00eda tres pezas independentes de dous andares unidas baixo unha cuberta unitaria. En total, prev\u00edase unha superficie total de 1.404,31 m2 cunha superficie en planta ocupada por toda a edificaci\u00f3n de 2.762,8 m2.<\/p>\n\n\n\n<p>Sen embargo, as obras que se est\u00e1n executando exceden con moito do proxecto licenciado, pois a superficie executada \u00e9 manifestamente superior \u00e1 permitida pola licenza na que pretenden ampararse. Este exceso p\u00f3dese apreciar a simple vista das obras executadas.<\/p>\n\n\n\n<p>No proxecto t\u00e9cnico licenciado para o CAMPO DE F\u00daTBOL E SOTO PARA INSTALACI\u00d3N, prev\u00edanse dous campos de f\u00fatbol ao este de onde se proxectou a construci\u00f3n dos vestiarios, sen que se previse a construci\u00f3n dun terceiro campo de f\u00fatbol ao oeste de dita construci\u00f3n. Sen embargo, estase constru\u00edndo un terceiro campo de f\u00fatbol ao oeste dos vestiarios sen que se atope previsto no proxecto licenciado.<\/p>\n\n\n\n<p>Pretenden encaixar un campo de f\u00fatbol dobre (agora triplo) que alcanza unhas dimensi\u00f3ns de 16.576 m2, un aparcamento de 5.500 m2, e uns vestiarios e instalaci\u00f3ns das dimensi\u00f3ns das proxectadas no uso de actividades de car\u00e1cter deportivo ao aire libre e catalogalos como obras e instalaci\u00f3ns imprescindibles para o uso de que se trate, resulta absolutamente insostible e contrario \u00e1 vontade do lexislador urban\u00edstico auton\u00f3mico. A eventual permisi\u00f3n da implantaci\u00f3n en solo r\u00fastico por licenza municipal s\u00f3 caber\u00eda en supostos excepcionais de instalaci\u00f3ns deportivas municipais ou parroquiais. Pola contra, o complexo deportivo que se licenciou encaixa perfectamente na definici\u00f3n de equipamento deportivo privado contida no RLSG e no Decreto 83\/2018.<\/p>\n\n\n\n<p><strong>De forma intencionada e con co\u00f1ecemento da s\u00faa ilegalidade, produciuse unha absoluta e groseira desviaci\u00f3n das obras executadas respecto da licencia da que pretenden ampararse, increment\u00e1ndose de xeito considerable o volume e superficie da edificaci\u00f3n.<\/strong><\/p>\n","protected":false},"excerpt":{"rendered":"<div class=\"mh-excerpt\"><p>A Comunidade de Montes de Tameiga presenta querela nos xulgados de O Porri\u00f1o contra Manuel Carlos Mouri\u00f1o Atanesa como representante do Real Club Celta de Vigo, S.A.D., e contra Nidia Mar\u00eda Ar\u00e9valo G\u00f3mez as\u00ed como aos demais membros da Xunta de Goberno Local do Concello de Mos <a class=\"mh-excerpt-more\" href=\"https:\/\/www.anovapeneira.gal\/index.php\/2020\/12\/22\/querela-contra-mourino-arevalo-e-toda-a-xunta-de-goberno-do-concello-de-mos\/\" title=\"Querela contra Mouri\u00f1o, Ar\u00e9valo e toda a Xunta de Goberno do Concello de Mos\">[&#8230;]<\/a><\/p>\n<\/div>","protected":false},"author":3,"featured_media":4515,"comment_status":"open","ping_status":"open","sticky":false,"template":"","format":"standard","meta":{"_exactmetrics_skip_tracking":false,"_exactmetrics_sitenote_active":false,"_exactmetrics_sitenote_note":"","_exactmetrics_sitenote_category":0,"footnotes":""},"categories":[23],"tags":[218],"class_list":{"0":"post-4514","1":"post","2":"type-post","3":"status-publish","4":"format-standard","5":"has-post-thumbnail","7":"category-a-lourina","8":"tag-concello-de-mos"},"yoast_head":"<!-- This site is optimized with the Yoast SEO plugin v27.4 - https:\/\/yoast.com\/product\/yoast-seo-wordpress\/ -->\n<title>Querela contra Mouri\u00f1o, Ar\u00e9valo e toda a Xunta de Goberno do Concello de Mos -<\/title>\n<meta name=\"description\" content=\"A Comunidade de Montes de Tameiga presenta querela nos xulgados de O Porri\u00f1o contra Manuel Carlos Mouri\u00f1o Atanesa como representante do Real Club Celta de Vigo, S.A.D., e contra Nidia Mar\u00eda Ar\u00e9valo G\u00f3mez as\u00ed como aos demais membros da Xunta de Goberno Local do Concello de Mos\" \/>\n<meta name=\"robots\" content=\"index, follow, max-snippet:-1, max-image-preview:large, max-video-preview:-1\" \/>\n<link rel=\"canonical\" href=\"https:\/\/www.anovapeneira.gal\/index.php\/2020\/12\/22\/querela-contra-mourino-arevalo-e-toda-a-xunta-de-goberno-do-concello-de-mos\/\" \/>\n<meta property=\"og:locale\" content=\"gl_ES\" \/>\n<meta property=\"og:type\" content=\"article\" \/>\n<meta property=\"og:title\" content=\"Querela contra Mouri\u00f1o, Ar\u00e9valo e toda a Xunta de Goberno do Concello de Mos -\" \/>\n<meta property=\"og:description\" content=\"A Comunidade de Montes de Tameiga presenta querela nos xulgados de O Porri\u00f1o contra Manuel Carlos Mouri\u00f1o Atanesa como representante do Real Club Celta de Vigo, S.A.D., e contra Nidia Mar\u00eda Ar\u00e9valo G\u00f3mez as\u00ed como aos demais membros da Xunta de Goberno Local do Concello de Mos\" \/>\n<meta property=\"og:url\" content=\"https:\/\/www.anovapeneira.gal\/index.php\/2020\/12\/22\/querela-contra-mourino-arevalo-e-toda-a-xunta-de-goberno-do-concello-de-mos\/\" \/>\n<meta property=\"article:publisher\" content=\"https:\/\/www.facebook.com\/anovapeneira\" \/>\n<meta property=\"article:published_time\" content=\"2020-12-22T09:00:37+00:00\" \/>\n<meta property=\"og:image\" content=\"https:\/\/www.anovapeneira.gal\/wp-content\/uploads\/2020\/12\/cidade_deportiva_celta_cobertura_legal.jpg\" \/>\n\t<meta property=\"og:image:width\" content=\"720\" \/>\n\t<meta property=\"og:image:height\" content=\"432\" \/>\n\t<meta property=\"og:image:type\" content=\"image\/jpeg\" \/>\n<meta name=\"author\" content=\"Redacci\u00f3n A Nova Peneira\" \/>\n<meta name=\"twitter:card\" content=\"summary_large_image\" \/>\n<meta name=\"twitter:creator\" content=\"@APeneira\" \/>\n<meta name=\"twitter:site\" content=\"@APeneira\" \/>\n<meta name=\"twitter:label1\" content=\"Escrito por\" \/>\n\t<meta name=\"twitter:data1\" content=\"Redacci\u00f3n A Nova Peneira\" \/>\n\t<meta name=\"twitter:label2\" content=\"Tempo de lectura\" \/>\n\t<meta name=\"twitter:data2\" content=\"4 minutos\" \/>\n<script type=\"application\/ld+json\" class=\"yoast-schema-graph\">{\"@context\":\"https:\\\/\\\/schema.org\",\"@graph\":[{\"@type\":\"Article\",\"@id\":\"https:\\\/\\\/www.anovapeneira.gal\\\/index.php\\\/2020\\\/12\\\/22\\\/querela-contra-mourino-arevalo-e-toda-a-xunta-de-goberno-do-concello-de-mos\\\/#article\",\"isPartOf\":{\"@id\":\"https:\\\/\\\/www.anovapeneira.gal\\\/index.php\\\/2020\\\/12\\\/22\\\/querela-contra-mourino-arevalo-e-toda-a-xunta-de-goberno-do-concello-de-mos\\\/\"},\"author\":{\"name\":\"Redacci\u00f3n A Nova Peneira\",\"@id\":\"https:\\\/\\\/www.anovapeneira.gal\\\/#\\\/schema\\\/person\\\/b93e3f8932e3f8da96334607eb6ac6aa\"},\"headline\":\"Querela contra Mouri\u00f1o, Ar\u00e9valo e toda a Xunta de Goberno do Concello de Mos\",\"datePublished\":\"2020-12-22T09:00:37+00:00\",\"mainEntityOfPage\":{\"@id\":\"https:\\\/\\\/www.anovapeneira.gal\\\/index.php\\\/2020\\\/12\\\/22\\\/querela-contra-mourino-arevalo-e-toda-a-xunta-de-goberno-do-concello-de-mos\\\/\"},\"wordCount\":873,\"commentCount\":0,\"publisher\":{\"@id\":\"https:\\\/\\\/www.anovapeneira.gal\\\/#organization\"},\"image\":{\"@id\":\"https:\\\/\\\/www.anovapeneira.gal\\\/index.php\\\/2020\\\/12\\\/22\\\/querela-contra-mourino-arevalo-e-toda-a-xunta-de-goberno-do-concello-de-mos\\\/#primaryimage\"},\"thumbnailUrl\":\"https:\\\/\\\/www.anovapeneira.gal\\\/wp-content\\\/uploads\\\/2020\\\/12\\\/cidade_deportiva_celta_cobertura_legal.jpg\",\"keywords\":[\"Concello de Mos\"],\"articleSection\":[\"A Louri\u00f1a\"],\"inLanguage\":\"gl-ES\",\"potentialAction\":[{\"@type\":\"CommentAction\",\"name\":\"Comment\",\"target\":[\"https:\\\/\\\/www.anovapeneira.gal\\\/index.php\\\/2020\\\/12\\\/22\\\/querela-contra-mourino-arevalo-e-toda-a-xunta-de-goberno-do-concello-de-mos\\\/#respond\"]}]},{\"@type\":\"WebPage\",\"@id\":\"https:\\\/\\\/www.anovapeneira.gal\\\/index.php\\\/2020\\\/12\\\/22\\\/querela-contra-mourino-arevalo-e-toda-a-xunta-de-goberno-do-concello-de-mos\\\/\",\"url\":\"https:\\\/\\\/www.anovapeneira.gal\\\/index.php\\\/2020\\\/12\\\/22\\\/querela-contra-mourino-arevalo-e-toda-a-xunta-de-goberno-do-concello-de-mos\\\/\",\"name\":\"Querela contra Mouri\u00f1o, Ar\u00e9valo e toda a Xunta de Goberno do Concello de Mos -\",\"isPartOf\":{\"@id\":\"https:\\\/\\\/www.anovapeneira.gal\\\/#website\"},\"primaryImageOfPage\":{\"@id\":\"https:\\\/\\\/www.anovapeneira.gal\\\/index.php\\\/2020\\\/12\\\/22\\\/querela-contra-mourino-arevalo-e-toda-a-xunta-de-goberno-do-concello-de-mos\\\/#primaryimage\"},\"image\":{\"@id\":\"https:\\\/\\\/www.anovapeneira.gal\\\/index.php\\\/2020\\\/12\\\/22\\\/querela-contra-mourino-arevalo-e-toda-a-xunta-de-goberno-do-concello-de-mos\\\/#primaryimage\"},\"thumbnailUrl\":\"https:\\\/\\\/www.anovapeneira.gal\\\/wp-content\\\/uploads\\\/2020\\\/12\\\/cidade_deportiva_celta_cobertura_legal.jpg\",\"datePublished\":\"2020-12-22T09:00:37+00:00\",\"description\":\"A Comunidade de Montes de Tameiga presenta querela nos xulgados de O Porri\u00f1o contra Manuel Carlos Mouri\u00f1o Atanesa como representante do Real Club Celta de Vigo, S.A.D., e contra Nidia Mar\u00eda Ar\u00e9valo G\u00f3mez as\u00ed como aos demais membros da Xunta de Goberno Local do Concello de Mos\",\"breadcrumb\":{\"@id\":\"https:\\\/\\\/www.anovapeneira.gal\\\/index.php\\\/2020\\\/12\\\/22\\\/querela-contra-mourino-arevalo-e-toda-a-xunta-de-goberno-do-concello-de-mos\\\/#breadcrumb\"},\"inLanguage\":\"gl-ES\",\"potentialAction\":[{\"@type\":\"ReadAction\",\"target\":[\"https:\\\/\\\/www.anovapeneira.gal\\\/index.php\\\/2020\\\/12\\\/22\\\/querela-contra-mourino-arevalo-e-toda-a-xunta-de-goberno-do-concello-de-mos\\\/\"]}]},{\"@type\":\"ImageObject\",\"inLanguage\":\"gl-ES\",\"@id\":\"https:\\\/\\\/www.anovapeneira.gal\\\/index.php\\\/2020\\\/12\\\/22\\\/querela-contra-mourino-arevalo-e-toda-a-xunta-de-goberno-do-concello-de-mos\\\/#primaryimage\",\"url\":\"https:\\\/\\\/www.anovapeneira.gal\\\/wp-content\\\/uploads\\\/2020\\\/12\\\/cidade_deportiva_celta_cobertura_legal.jpg\",\"contentUrl\":\"https:\\\/\\\/www.anovapeneira.gal\\\/wp-content\\\/uploads\\\/2020\\\/12\\\/cidade_deportiva_celta_cobertura_legal.jpg\",\"width\":720,\"height\":432,\"caption\":\"Querela contra Mouri\u00f1o, Ar\u00e9valo e toda a Xunta de Goberno do Concello de Mos\"},{\"@type\":\"BreadcrumbList\",\"@id\":\"https:\\\/\\\/www.anovapeneira.gal\\\/index.php\\\/2020\\\/12\\\/22\\\/querela-contra-mourino-arevalo-e-toda-a-xunta-de-goberno-do-concello-de-mos\\\/#breadcrumb\",\"itemListElement\":[{\"@type\":\"ListItem\",\"position\":1,\"name\":\"Portada\",\"item\":\"https:\\\/\\\/www.anovapeneira.gal\\\/\"},{\"@type\":\"ListItem\",\"position\":2,\"name\":\"Querela contra Mouri\u00f1o, Ar\u00e9valo e toda a Xunta de Goberno do Concello de Mos\"}]},{\"@type\":\"WebSite\",\"@id\":\"https:\\\/\\\/www.anovapeneira.gal\\\/#website\",\"url\":\"https:\\\/\\\/www.anovapeneira.gal\\\/\",\"name\":\"\",\"description\":\"Xornal galego de informaci\u00f3n xeral Publicaci\u00f3n mensual de novas de Galicia e en especial dos Concellos da sur da provincia de Pontevedra.\",\"publisher\":{\"@id\":\"https:\\\/\\\/www.anovapeneira.gal\\\/#organization\"},\"potentialAction\":[{\"@type\":\"SearchAction\",\"target\":{\"@type\":\"EntryPoint\",\"urlTemplate\":\"https:\\\/\\\/www.anovapeneira.gal\\\/?s={search_term_string}\"},\"query-input\":{\"@type\":\"PropertyValueSpecification\",\"valueRequired\":true,\"valueName\":\"search_term_string\"}}],\"inLanguage\":\"gl-ES\"},{\"@type\":\"Organization\",\"@id\":\"https:\\\/\\\/www.anovapeneira.gal\\\/#organization\",\"name\":\"A Nova Peneira\",\"url\":\"https:\\\/\\\/www.anovapeneira.gal\\\/\",\"logo\":{\"@type\":\"ImageObject\",\"inLanguage\":\"gl-ES\",\"@id\":\"https:\\\/\\\/www.anovapeneira.gal\\\/#\\\/schema\\\/logo\\\/image\\\/\",\"url\":\"http:\\\/\\\/www.anovapeneira.gal\\\/wp-content\\\/uploads\\\/2019\\\/06\\\/logo_a_nova_peneira_portal_web.png\",\"contentUrl\":\"http:\\\/\\\/www.anovapeneira.gal\\\/wp-content\\\/uploads\\\/2019\\\/06\\\/logo_a_nova_peneira_portal_web.png\",\"width\":300,\"height\":100,\"caption\":\"A Nova Peneira\"},\"image\":{\"@id\":\"https:\\\/\\\/www.anovapeneira.gal\\\/#\\\/schema\\\/logo\\\/image\\\/\"},\"sameAs\":[\"https:\\\/\\\/www.facebook.com\\\/anovapeneira\",\"https:\\\/\\\/x.com\\\/APeneira\"]},{\"@type\":\"Person\",\"@id\":\"https:\\\/\\\/www.anovapeneira.gal\\\/#\\\/schema\\\/person\\\/b93e3f8932e3f8da96334607eb6ac6aa\",\"name\":\"Redacci\u00f3n A Nova Peneira\",\"image\":{\"@type\":\"ImageObject\",\"inLanguage\":\"gl-ES\",\"@id\":\"https:\\\/\\\/secure.gravatar.com\\\/avatar\\\/c052a2551a06e23fac63626232eaa90abd78dbcf1700fc46a2b2c89fd27b735f?s=96&d=mm&r=g\",\"url\":\"https:\\\/\\\/secure.gravatar.com\\\/avatar\\\/c052a2551a06e23fac63626232eaa90abd78dbcf1700fc46a2b2c89fd27b735f?s=96&d=mm&r=g\",\"contentUrl\":\"https:\\\/\\\/secure.gravatar.com\\\/avatar\\\/c052a2551a06e23fac63626232eaa90abd78dbcf1700fc46a2b2c89fd27b735f?s=96&d=mm&r=g\",\"caption\":\"Redacci\u00f3n A Nova Peneira\"},\"sameAs\":[\"http:\\\/\\\/www.anovapeneira.gal\\\/\"],\"url\":\"https:\\\/\\\/www.anovapeneira.gal\\\/index.php\\\/author\\\/redactor\\\/\"}]}<\/script>\n<!-- \/ Yoast SEO plugin. -->","yoast_head_json":{"title":"Querela contra Mouri\u00f1o, Ar\u00e9valo e toda a Xunta de Goberno do Concello de Mos -","description":"A Comunidade de Montes de Tameiga presenta querela nos xulgados de O Porri\u00f1o contra Manuel Carlos Mouri\u00f1o Atanesa como representante do Real Club Celta de Vigo, S.A.D., e contra Nidia Mar\u00eda Ar\u00e9valo G\u00f3mez as\u00ed como aos demais membros da Xunta de Goberno Local do Concello de Mos","robots":{"index":"index","follow":"follow","max-snippet":"max-snippet:-1","max-image-preview":"max-image-preview:large","max-video-preview":"max-video-preview:-1"},"canonical":"https:\/\/www.anovapeneira.gal\/index.php\/2020\/12\/22\/querela-contra-mourino-arevalo-e-toda-a-xunta-de-goberno-do-concello-de-mos\/","og_locale":"gl_ES","og_type":"article","og_title":"Querela contra Mouri\u00f1o, Ar\u00e9valo e toda a Xunta de Goberno do Concello de Mos -","og_description":"A Comunidade de Montes de Tameiga presenta querela nos xulgados de O Porri\u00f1o contra Manuel Carlos Mouri\u00f1o Atanesa como representante do Real Club Celta de Vigo, S.A.D., e contra Nidia Mar\u00eda Ar\u00e9valo G\u00f3mez as\u00ed como aos demais membros da Xunta de Goberno Local do Concello de Mos","og_url":"https:\/\/www.anovapeneira.gal\/index.php\/2020\/12\/22\/querela-contra-mourino-arevalo-e-toda-a-xunta-de-goberno-do-concello-de-mos\/","article_publisher":"https:\/\/www.facebook.com\/anovapeneira","article_published_time":"2020-12-22T09:00:37+00:00","og_image":[{"width":720,"height":432,"url":"https:\/\/www.anovapeneira.gal\/wp-content\/uploads\/2020\/12\/cidade_deportiva_celta_cobertura_legal.jpg","type":"image\/jpeg"}],"author":"Redacci\u00f3n A Nova Peneira","twitter_card":"summary_large_image","twitter_creator":"@APeneira","twitter_site":"@APeneira","twitter_misc":{"Escrito por":"Redacci\u00f3n A Nova Peneira","Tempo de lectura":"4 minutos"},"schema":{"@context":"https:\/\/schema.org","@graph":[{"@type":"Article","@id":"https:\/\/www.anovapeneira.gal\/index.php\/2020\/12\/22\/querela-contra-mourino-arevalo-e-toda-a-xunta-de-goberno-do-concello-de-mos\/#article","isPartOf":{"@id":"https:\/\/www.anovapeneira.gal\/index.php\/2020\/12\/22\/querela-contra-mourino-arevalo-e-toda-a-xunta-de-goberno-do-concello-de-mos\/"},"author":{"name":"Redacci\u00f3n A Nova Peneira","@id":"https:\/\/www.anovapeneira.gal\/#\/schema\/person\/b93e3f8932e3f8da96334607eb6ac6aa"},"headline":"Querela contra Mouri\u00f1o, Ar\u00e9valo e toda a Xunta de Goberno do Concello de Mos","datePublished":"2020-12-22T09:00:37+00:00","mainEntityOfPage":{"@id":"https:\/\/www.anovapeneira.gal\/index.php\/2020\/12\/22\/querela-contra-mourino-arevalo-e-toda-a-xunta-de-goberno-do-concello-de-mos\/"},"wordCount":873,"commentCount":0,"publisher":{"@id":"https:\/\/www.anovapeneira.gal\/#organization"},"image":{"@id":"https:\/\/www.anovapeneira.gal\/index.php\/2020\/12\/22\/querela-contra-mourino-arevalo-e-toda-a-xunta-de-goberno-do-concello-de-mos\/#primaryimage"},"thumbnailUrl":"https:\/\/www.anovapeneira.gal\/wp-content\/uploads\/2020\/12\/cidade_deportiva_celta_cobertura_legal.jpg","keywords":["Concello de Mos"],"articleSection":["A Louri\u00f1a"],"inLanguage":"gl-ES","potentialAction":[{"@type":"CommentAction","name":"Comment","target":["https:\/\/www.anovapeneira.gal\/index.php\/2020\/12\/22\/querela-contra-mourino-arevalo-e-toda-a-xunta-de-goberno-do-concello-de-mos\/#respond"]}]},{"@type":"WebPage","@id":"https:\/\/www.anovapeneira.gal\/index.php\/2020\/12\/22\/querela-contra-mourino-arevalo-e-toda-a-xunta-de-goberno-do-concello-de-mos\/","url":"https:\/\/www.anovapeneira.gal\/index.php\/2020\/12\/22\/querela-contra-mourino-arevalo-e-toda-a-xunta-de-goberno-do-concello-de-mos\/","name":"Querela contra Mouri\u00f1o, Ar\u00e9valo e toda a Xunta de Goberno do Concello de Mos -","isPartOf":{"@id":"https:\/\/www.anovapeneira.gal\/#website"},"primaryImageOfPage":{"@id":"https:\/\/www.anovapeneira.gal\/index.php\/2020\/12\/22\/querela-contra-mourino-arevalo-e-toda-a-xunta-de-goberno-do-concello-de-mos\/#primaryimage"},"image":{"@id":"https:\/\/www.anovapeneira.gal\/index.php\/2020\/12\/22\/querela-contra-mourino-arevalo-e-toda-a-xunta-de-goberno-do-concello-de-mos\/#primaryimage"},"thumbnailUrl":"https:\/\/www.anovapeneira.gal\/wp-content\/uploads\/2020\/12\/cidade_deportiva_celta_cobertura_legal.jpg","datePublished":"2020-12-22T09:00:37+00:00","description":"A Comunidade de Montes de Tameiga presenta querela nos xulgados de O Porri\u00f1o contra Manuel Carlos Mouri\u00f1o Atanesa como representante do Real Club Celta de Vigo, S.A.D., e contra Nidia Mar\u00eda Ar\u00e9valo G\u00f3mez as\u00ed como aos demais membros da Xunta de Goberno Local do Concello de Mos","breadcrumb":{"@id":"https:\/\/www.anovapeneira.gal\/index.php\/2020\/12\/22\/querela-contra-mourino-arevalo-e-toda-a-xunta-de-goberno-do-concello-de-mos\/#breadcrumb"},"inLanguage":"gl-ES","potentialAction":[{"@type":"ReadAction","target":["https:\/\/www.anovapeneira.gal\/index.php\/2020\/12\/22\/querela-contra-mourino-arevalo-e-toda-a-xunta-de-goberno-do-concello-de-mos\/"]}]},{"@type":"ImageObject","inLanguage":"gl-ES","@id":"https:\/\/www.anovapeneira.gal\/index.php\/2020\/12\/22\/querela-contra-mourino-arevalo-e-toda-a-xunta-de-goberno-do-concello-de-mos\/#primaryimage","url":"https:\/\/www.anovapeneira.gal\/wp-content\/uploads\/2020\/12\/cidade_deportiva_celta_cobertura_legal.jpg","contentUrl":"https:\/\/www.anovapeneira.gal\/wp-content\/uploads\/2020\/12\/cidade_deportiva_celta_cobertura_legal.jpg","width":720,"height":432,"caption":"Querela contra Mouri\u00f1o, Ar\u00e9valo e toda a Xunta de Goberno do Concello de Mos"},{"@type":"BreadcrumbList","@id":"https:\/\/www.anovapeneira.gal\/index.php\/2020\/12\/22\/querela-contra-mourino-arevalo-e-toda-a-xunta-de-goberno-do-concello-de-mos\/#breadcrumb","itemListElement":[{"@type":"ListItem","position":1,"name":"Portada","item":"https:\/\/www.anovapeneira.gal\/"},{"@type":"ListItem","position":2,"name":"Querela contra Mouri\u00f1o, Ar\u00e9valo e toda a Xunta de Goberno do Concello de Mos"}]},{"@type":"WebSite","@id":"https:\/\/www.anovapeneira.gal\/#website","url":"https:\/\/www.anovapeneira.gal\/","name":"","description":"Xornal galego de informaci\u00f3n xeral Publicaci\u00f3n mensual de novas de Galicia e en especial dos Concellos da sur da provincia de Pontevedra.","publisher":{"@id":"https:\/\/www.anovapeneira.gal\/#organization"},"potentialAction":[{"@type":"SearchAction","target":{"@type":"EntryPoint","urlTemplate":"https:\/\/www.anovapeneira.gal\/?s={search_term_string}"},"query-input":{"@type":"PropertyValueSpecification","valueRequired":true,"valueName":"search_term_string"}}],"inLanguage":"gl-ES"},{"@type":"Organization","@id":"https:\/\/www.anovapeneira.gal\/#organization","name":"A Nova Peneira","url":"https:\/\/www.anovapeneira.gal\/","logo":{"@type":"ImageObject","inLanguage":"gl-ES","@id":"https:\/\/www.anovapeneira.gal\/#\/schema\/logo\/image\/","url":"http:\/\/www.anovapeneira.gal\/wp-content\/uploads\/2019\/06\/logo_a_nova_peneira_portal_web.png","contentUrl":"http:\/\/www.anovapeneira.gal\/wp-content\/uploads\/2019\/06\/logo_a_nova_peneira_portal_web.png","width":300,"height":100,"caption":"A Nova Peneira"},"image":{"@id":"https:\/\/www.anovapeneira.gal\/#\/schema\/logo\/image\/"},"sameAs":["https:\/\/www.facebook.com\/anovapeneira","https:\/\/x.com\/APeneira"]},{"@type":"Person","@id":"https:\/\/www.anovapeneira.gal\/#\/schema\/person\/b93e3f8932e3f8da96334607eb6ac6aa","name":"Redacci\u00f3n A Nova Peneira","image":{"@type":"ImageObject","inLanguage":"gl-ES","@id":"https:\/\/secure.gravatar.com\/avatar\/c052a2551a06e23fac63626232eaa90abd78dbcf1700fc46a2b2c89fd27b735f?s=96&d=mm&r=g","url":"https:\/\/secure.gravatar.com\/avatar\/c052a2551a06e23fac63626232eaa90abd78dbcf1700fc46a2b2c89fd27b735f?s=96&d=mm&r=g","contentUrl":"https:\/\/secure.gravatar.com\/avatar\/c052a2551a06e23fac63626232eaa90abd78dbcf1700fc46a2b2c89fd27b735f?s=96&d=mm&r=g","caption":"Redacci\u00f3n A Nova Peneira"},"sameAs":["http:\/\/www.anovapeneira.gal\/"],"url":"https:\/\/www.anovapeneira.gal\/index.php\/author\/redactor\/"}]}},"jetpack_featured_media_url":"https:\/\/www.anovapeneira.gal\/wp-content\/uploads\/2020\/12\/cidade_deportiva_celta_cobertura_legal.jpg","_links":{"self":[{"href":"https:\/\/www.anovapeneira.gal\/index.php\/wp-json\/wp\/v2\/posts\/4514","targetHints":{"allow":["GET"]}}],"collection":[{"href":"https:\/\/www.anovapeneira.gal\/index.php\/wp-json\/wp\/v2\/posts"}],"about":[{"href":"https:\/\/www.anovapeneira.gal\/index.php\/wp-json\/wp\/v2\/types\/post"}],"author":[{"embeddable":true,"href":"https:\/\/www.anovapeneira.gal\/index.php\/wp-json\/wp\/v2\/users\/3"}],"replies":[{"embeddable":true,"href":"https:\/\/www.anovapeneira.gal\/index.php\/wp-json\/wp\/v2\/comments?post=4514"}],"version-history":[{"count":1,"href":"https:\/\/www.anovapeneira.gal\/index.php\/wp-json\/wp\/v2\/posts\/4514\/revisions"}],"predecessor-version":[{"id":4516,"href":"https:\/\/www.anovapeneira.gal\/index.php\/wp-json\/wp\/v2\/posts\/4514\/revisions\/4516"}],"wp:featuredmedia":[{"embeddable":true,"href":"https:\/\/www.anovapeneira.gal\/index.php\/wp-json\/wp\/v2\/media\/4515"}],"wp:attachment":[{"href":"https:\/\/www.anovapeneira.gal\/index.php\/wp-json\/wp\/v2\/media?parent=4514"}],"wp:term":[{"taxonomy":"category","embeddable":true,"href":"https:\/\/www.anovapeneira.gal\/index.php\/wp-json\/wp\/v2\/categories?post=4514"},{"taxonomy":"post_tag","embeddable":true,"href":"https:\/\/www.anovapeneira.gal\/index.php\/wp-json\/wp\/v2\/tags?post=4514"}],"curies":[{"name":"wp","href":"https:\/\/api.w.org\/{rel}","templated":true}]}}