{"id":4517,"date":"2020-12-22T12:00:31","date_gmt":"2020-12-22T11:00:31","guid":{"rendered":"http:\/\/www.anovapeneira.gal\/?p=4517"},"modified":"2020-12-17T18:17:11","modified_gmt":"2020-12-17T17:17:11","slug":"o-sector-da-imaxe-persoal-mobilizase-en-demanda-de-que-se-aprobe-no-senado-a-reducion-do-seu-ive-ao-10","status":"publish","type":"post","link":"https:\/\/www.anovapeneira.gal\/index.php\/2020\/12\/22\/o-sector-da-imaxe-persoal-mobilizase-en-demanda-de-que-se-aprobe-no-senado-a-reducion-do-seu-ive-ao-10\/","title":{"rendered":"O sector da imaxe persoal mobil\u00edzase en demanda de que se aprobe no Senado a reduci\u00f3n do seu IVE ao 10%"},"content":{"rendered":"\n<h2 class=\"wp-block-heading\">Anuncian concentraci\u00f3ns o 20 de xaneiro se non se atende \u00e1 s\u00faa demanda<\/h2>\n\n\n\n<p><strong>Vigo, 14 de decembro de 2020<\/strong><\/p>\n\n\n\n<p>A Plataforma de imaxe persoal fai un chamamento, en nome de todo o sector de perruquer\u00eda, barber\u00eda e est\u00e9tica diante da cr\u00edtica situaci\u00f3n na que se atopa. Reclaman, como sector esencial \u2014as\u00ed reco\u00f1ecido na pandemia- que se lles devolva o IVE reducido do 10%, fronte o actual IVE de<br>luxo que soportan do 21%.<\/p>\n\n\n\n<p>Advirten de que est\u00e1n en risco 27.000 destes centros e 75.000 postos de traballo e anuncian que se no Senado non se aproba a volta o IVE reducido convocaran mobilizaci\u00f3ns na Coru\u00f1a, Pontevedra, Lugo, Vigo, Ourense e Santiago o vindeiro 20 de xaneiro.<\/p>\n\n\n\n<p>A plataforma lembra que en 2012 sub\u00eduselles o IVE do 8% ao 21% por mor da crise econ\u00f3mica. Unha suba de 13 puntos que se lles dixo que seria temporal \u201cque a maior\u00eda decidimos asumir e non repercutir \u00e1 clientela\u201d porque, de o ter feito, moita da clientela non poder\u00eda permitirse acudir aos sal\u00f3ns e porque agardaban regresar ao IVE anterior unha vez superada esa crise.<\/p>\n\n\n\n<p>Sinalan que mentres outros sectores aos que tam\u00e9n se lles aplicou a suba, como cultura, cines ou florar\u00edas recuperaron o IVE reducido o sector da imaxe persoal segue soportando un IVE de<br>luxo.<\/p>\n\n\n\n<p>Lembran que o 27 de novembro de 2017, o PSOE presentou unha PNL para devolver o IVE reducido, que foi apoiada por Unidas Podemos, PNV e ERC, que foi aprobada en 2018. Subli\u00f1an que daquela \u201ceran partidos da oposici\u00f3n. Curiosamente, eses partidos son os que agora gobernan e non aplican o que daquela aprobaran\u201d.<\/p>\n\n\n\n<p>Apuntan que o pasado martes, dia 1 de decembro, o BNG presentou unha emenda demandando que se lles devolvera o IVE reducido, mais denuncian que \u201cvolveron votar non\u201d, malia a cr\u00edtica situaci\u00f3n que atravesan, xa que, no mellor dos casos, estan ao 50% de facturaci\u00f3n.<\/p>\n\n\n\n<p>Situaci\u00f3n cr\u00edtica<\/p>\n\n\n\n<p>O sector da imaxe persoal salienta alg\u00fans dos datos m\u00e1is destacados dos estudos realizados, segundo os que mais do 20% das perruquer\u00edas, barber\u00edas e est\u00e9ticas non te\u00f1en capacidade de chegar ao Nadal e outro 58% non poder\u00e1 sobrevivir m\u00e1is de 6 meses.<\/p>\n\n\n\n<p>Calc\u00falase que 27.000 sal\u00f3ns, dos 48.000 que existen, pechar\u00e1n, nun sector que ten m\u00e1is de 150.000 traballadoras e traballadores no Estado espa\u00f1ol -dos que o 85% son mulleres aut\u00f3nomas- e xeran 50.000 traballos indirectos.<\/p>\n\n\n\n<p>Alertan dunha perda aproximada de 75.000 postos de traballo, coas s\u00faas correspondentes cotizaci\u00f3ns \u00e1 Seguridade Social e advirten que o Estado, se a metade dos centros pechan, reducir\u00e1 \u00e1 metade a recadaci\u00e9n do IVE, por unha banda, e ter\u00e1 que asumir o custo das prestaci\u00f3ns por desemprego desas 75.000 persoas traballadoras, pola outra.<\/p>\n\n\n\n<p>Denuncian que, deste xeito, estase a promover a econom\u00eda somerxida, porque as traballadoras que queden sen emprego continuar\u00e1n peiteando e tinguindo \u00e1 s\u00faa clientela de sempre nas s\u00faas casas. Por iso demandan que \u201cnon miren para outro lado\u201d e que \u201cvoten si no Senado\u201d \u00e1 reduci\u00f3n do IVE para \u201cSalvar o sector da imaxe persoal\u201d.<\/p>\n","protected":false},"excerpt":{"rendered":"<div class=\"mh-excerpt\"><p>Anuncian concentraci\u00f3ns o 20 de xaneiro se non se atende \u00e1 s\u00faa demanda <a class=\"mh-excerpt-more\" href=\"https:\/\/www.anovapeneira.gal\/index.php\/2020\/12\/22\/o-sector-da-imaxe-persoal-mobilizase-en-demanda-de-que-se-aprobe-no-senado-a-reducion-do-seu-ive-ao-10\/\" title=\"O sector da imaxe persoal mobil\u00edzase en demanda de que se aprobe no Senado a reduci\u00f3n do seu IVE ao 10%\">[&#8230;]<\/a><\/p>\n<\/div>","protected":false},"author":3,"featured_media":4524,"comment_status":"open","ping_status":"open","sticky":false,"template":"","format":"standard","meta":{"_exactmetrics_skip_tracking":false,"_exactmetrics_sitenote_active":false,"_exactmetrics_sitenote_note":"","_exactmetrics_sitenote_category":0,"footnotes":""},"categories":[263],"tags":[1006,1219],"class_list":{"0":"post-4517","1":"post","2":"type-post","3":"status-publish","4":"format-standard","5":"has-post-thumbnail","7":"category-novas","8":"tag-covid19","9":"tag-imaxe-persoal"},"yoast_head":"<!-- This site is optimized with the Yoast SEO plugin v27.4 - https:\/\/yoast.com\/product\/yoast-seo-wordpress\/ -->\n<title>O sector da imaxe persoal mobil\u00edzase en demanda de que se aprobe no Senado a reduci\u00f3n do seu IVE ao 10% -<\/title>\n<meta name=\"description\" content=\"Anuncian concentraci\u00f3ns o 20 de xaneiro se non se atende \u00e1 s\u00faa demanda\" \/>\n<meta name=\"robots\" content=\"index, follow, max-snippet:-1, max-image-preview:large, max-video-preview:-1\" \/>\n<link rel=\"canonical\" href=\"https:\/\/www.anovapeneira.gal\/index.php\/2020\/12\/22\/o-sector-da-imaxe-persoal-mobilizase-en-demanda-de-que-se-aprobe-no-senado-a-reducion-do-seu-ive-ao-10\/\" \/>\n<meta property=\"og:locale\" content=\"gl_ES\" \/>\n<meta property=\"og:type\" content=\"article\" \/>\n<meta property=\"og:title\" content=\"O sector da imaxe persoal mobil\u00edzase en demanda de que se aprobe no Senado a reduci\u00f3n do seu IVE ao 10% -\" \/>\n<meta property=\"og:description\" content=\"Anuncian concentraci\u00f3ns o 20 de xaneiro se non se atende \u00e1 s\u00faa demanda\" \/>\n<meta property=\"og:url\" content=\"https:\/\/www.anovapeneira.gal\/index.php\/2020\/12\/22\/o-sector-da-imaxe-persoal-mobilizase-en-demanda-de-que-se-aprobe-no-senado-a-reducion-do-seu-ive-ao-10\/\" \/>\n<meta property=\"article:publisher\" content=\"https:\/\/www.facebook.com\/anovapeneira\" \/>\n<meta property=\"article:published_time\" content=\"2020-12-22T11:00:31+00:00\" \/>\n<meta property=\"og:image\" content=\"https:\/\/www.anovapeneira.gal\/wp-content\/uploads\/2020\/12\/perruqueria.png\" \/>\n\t<meta property=\"og:image:width\" content=\"720\" \/>\n\t<meta property=\"og:image:height\" content=\"432\" \/>\n\t<meta property=\"og:image:type\" content=\"image\/png\" \/>\n<meta name=\"author\" content=\"Redacci\u00f3n A Nova Peneira\" \/>\n<meta name=\"twitter:card\" content=\"summary_large_image\" \/>\n<meta name=\"twitter:creator\" content=\"@APeneira\" \/>\n<meta name=\"twitter:site\" content=\"@APeneira\" \/>\n<meta name=\"twitter:label1\" content=\"Escrito por\" \/>\n\t<meta name=\"twitter:data1\" content=\"Redacci\u00f3n A Nova Peneira\" \/>\n\t<meta name=\"twitter:label2\" content=\"Tempo de lectura\" \/>\n\t<meta name=\"twitter:data2\" content=\"3 minutos\" \/>\n<script type=\"application\/ld+json\" class=\"yoast-schema-graph\">{\"@context\":\"https:\\\/\\\/schema.org\",\"@graph\":[{\"@type\":\"Article\",\"@id\":\"https:\\\/\\\/www.anovapeneira.gal\\\/index.php\\\/2020\\\/12\\\/22\\\/o-sector-da-imaxe-persoal-mobilizase-en-demanda-de-que-se-aprobe-no-senado-a-reducion-do-seu-ive-ao-10\\\/#article\",\"isPartOf\":{\"@id\":\"https:\\\/\\\/www.anovapeneira.gal\\\/index.php\\\/2020\\\/12\\\/22\\\/o-sector-da-imaxe-persoal-mobilizase-en-demanda-de-que-se-aprobe-no-senado-a-reducion-do-seu-ive-ao-10\\\/\"},\"author\":{\"name\":\"Redacci\u00f3n A Nova Peneira\",\"@id\":\"https:\\\/\\\/www.anovapeneira.gal\\\/#\\\/schema\\\/person\\\/b93e3f8932e3f8da96334607eb6ac6aa\"},\"headline\":\"O sector da imaxe persoal mobil\u00edzase en demanda de que se aprobe no Senado a reduci\u00f3n do seu IVE ao 10%\",\"datePublished\":\"2020-12-22T11:00:31+00:00\",\"mainEntityOfPage\":{\"@id\":\"https:\\\/\\\/www.anovapeneira.gal\\\/index.php\\\/2020\\\/12\\\/22\\\/o-sector-da-imaxe-persoal-mobilizase-en-demanda-de-que-se-aprobe-no-senado-a-reducion-do-seu-ive-ao-10\\\/\"},\"wordCount\":534,\"commentCount\":0,\"publisher\":{\"@id\":\"https:\\\/\\\/www.anovapeneira.gal\\\/#organization\"},\"image\":{\"@id\":\"https:\\\/\\\/www.anovapeneira.gal\\\/index.php\\\/2020\\\/12\\\/22\\\/o-sector-da-imaxe-persoal-mobilizase-en-demanda-de-que-se-aprobe-no-senado-a-reducion-do-seu-ive-ao-10\\\/#primaryimage\"},\"thumbnailUrl\":\"https:\\\/\\\/www.anovapeneira.gal\\\/wp-content\\\/uploads\\\/2020\\\/12\\\/perruqueria.png\",\"keywords\":[\"COVID19\",\"Imaxe persoal\"],\"articleSection\":[\"Novas\"],\"inLanguage\":\"gl-ES\",\"potentialAction\":[{\"@type\":\"CommentAction\",\"name\":\"Comment\",\"target\":[\"https:\\\/\\\/www.anovapeneira.gal\\\/index.php\\\/2020\\\/12\\\/22\\\/o-sector-da-imaxe-persoal-mobilizase-en-demanda-de-que-se-aprobe-no-senado-a-reducion-do-seu-ive-ao-10\\\/#respond\"]}]},{\"@type\":\"WebPage\",\"@id\":\"https:\\\/\\\/www.anovapeneira.gal\\\/index.php\\\/2020\\\/12\\\/22\\\/o-sector-da-imaxe-persoal-mobilizase-en-demanda-de-que-se-aprobe-no-senado-a-reducion-do-seu-ive-ao-10\\\/\",\"url\":\"https:\\\/\\\/www.anovapeneira.gal\\\/index.php\\\/2020\\\/12\\\/22\\\/o-sector-da-imaxe-persoal-mobilizase-en-demanda-de-que-se-aprobe-no-senado-a-reducion-do-seu-ive-ao-10\\\/\",\"name\":\"O sector da imaxe persoal mobil\u00edzase en demanda de que se aprobe no Senado a reduci\u00f3n do seu IVE ao 10% -\",\"isPartOf\":{\"@id\":\"https:\\\/\\\/www.anovapeneira.gal\\\/#website\"},\"primaryImageOfPage\":{\"@id\":\"https:\\\/\\\/www.anovapeneira.gal\\\/index.php\\\/2020\\\/12\\\/22\\\/o-sector-da-imaxe-persoal-mobilizase-en-demanda-de-que-se-aprobe-no-senado-a-reducion-do-seu-ive-ao-10\\\/#primaryimage\"},\"image\":{\"@id\":\"https:\\\/\\\/www.anovapeneira.gal\\\/index.php\\\/2020\\\/12\\\/22\\\/o-sector-da-imaxe-persoal-mobilizase-en-demanda-de-que-se-aprobe-no-senado-a-reducion-do-seu-ive-ao-10\\\/#primaryimage\"},\"thumbnailUrl\":\"https:\\\/\\\/www.anovapeneira.gal\\\/wp-content\\\/uploads\\\/2020\\\/12\\\/perruqueria.png\",\"datePublished\":\"2020-12-22T11:00:31+00:00\",\"description\":\"Anuncian concentraci\u00f3ns o 20 de xaneiro se non se atende \u00e1 s\u00faa demanda\",\"breadcrumb\":{\"@id\":\"https:\\\/\\\/www.anovapeneira.gal\\\/index.php\\\/2020\\\/12\\\/22\\\/o-sector-da-imaxe-persoal-mobilizase-en-demanda-de-que-se-aprobe-no-senado-a-reducion-do-seu-ive-ao-10\\\/#breadcrumb\"},\"inLanguage\":\"gl-ES\",\"potentialAction\":[{\"@type\":\"ReadAction\",\"target\":[\"https:\\\/\\\/www.anovapeneira.gal\\\/index.php\\\/2020\\\/12\\\/22\\\/o-sector-da-imaxe-persoal-mobilizase-en-demanda-de-que-se-aprobe-no-senado-a-reducion-do-seu-ive-ao-10\\\/\"]}]},{\"@type\":\"ImageObject\",\"inLanguage\":\"gl-ES\",\"@id\":\"https:\\\/\\\/www.anovapeneira.gal\\\/index.php\\\/2020\\\/12\\\/22\\\/o-sector-da-imaxe-persoal-mobilizase-en-demanda-de-que-se-aprobe-no-senado-a-reducion-do-seu-ive-ao-10\\\/#primaryimage\",\"url\":\"https:\\\/\\\/www.anovapeneira.gal\\\/wp-content\\\/uploads\\\/2020\\\/12\\\/perruqueria.png\",\"contentUrl\":\"https:\\\/\\\/www.anovapeneira.gal\\\/wp-content\\\/uploads\\\/2020\\\/12\\\/perruqueria.png\",\"width\":720,\"height\":432,\"caption\":\"Sector imaxe persoal\"},{\"@type\":\"BreadcrumbList\",\"@id\":\"https:\\\/\\\/www.anovapeneira.gal\\\/index.php\\\/2020\\\/12\\\/22\\\/o-sector-da-imaxe-persoal-mobilizase-en-demanda-de-que-se-aprobe-no-senado-a-reducion-do-seu-ive-ao-10\\\/#breadcrumb\",\"itemListElement\":[{\"@type\":\"ListItem\",\"position\":1,\"name\":\"Portada\",\"item\":\"https:\\\/\\\/www.anovapeneira.gal\\\/\"},{\"@type\":\"ListItem\",\"position\":2,\"name\":\"O sector da imaxe persoal mobil\u00edzase en demanda de que se aprobe no Senado a reduci\u00f3n do seu IVE ao 10%\"}]},{\"@type\":\"WebSite\",\"@id\":\"https:\\\/\\\/www.anovapeneira.gal\\\/#website\",\"url\":\"https:\\\/\\\/www.anovapeneira.gal\\\/\",\"name\":\"\",\"description\":\"Xornal galego de informaci\u00f3n xeral Publicaci\u00f3n mensual de novas de Galicia e en especial dos Concellos da sur da provincia de Pontevedra.\",\"publisher\":{\"@id\":\"https:\\\/\\\/www.anovapeneira.gal\\\/#organization\"},\"potentialAction\":[{\"@type\":\"SearchAction\",\"target\":{\"@type\":\"EntryPoint\",\"urlTemplate\":\"https:\\\/\\\/www.anovapeneira.gal\\\/?s={search_term_string}\"},\"query-input\":{\"@type\":\"PropertyValueSpecification\",\"valueRequired\":true,\"valueName\":\"search_term_string\"}}],\"inLanguage\":\"gl-ES\"},{\"@type\":\"Organization\",\"@id\":\"https:\\\/\\\/www.anovapeneira.gal\\\/#organization\",\"name\":\"A Nova Peneira\",\"url\":\"https:\\\/\\\/www.anovapeneira.gal\\\/\",\"logo\":{\"@type\":\"ImageObject\",\"inLanguage\":\"gl-ES\",\"@id\":\"https:\\\/\\\/www.anovapeneira.gal\\\/#\\\/schema\\\/logo\\\/image\\\/\",\"url\":\"http:\\\/\\\/www.anovapeneira.gal\\\/wp-content\\\/uploads\\\/2019\\\/06\\\/logo_a_nova_peneira_portal_web.png\",\"contentUrl\":\"http:\\\/\\\/www.anovapeneira.gal\\\/wp-content\\\/uploads\\\/2019\\\/06\\\/logo_a_nova_peneira_portal_web.png\",\"width\":300,\"height\":100,\"caption\":\"A Nova Peneira\"},\"image\":{\"@id\":\"https:\\\/\\\/www.anovapeneira.gal\\\/#\\\/schema\\\/logo\\\/image\\\/\"},\"sameAs\":[\"https:\\\/\\\/www.facebook.com\\\/anovapeneira\",\"https:\\\/\\\/x.com\\\/APeneira\"]},{\"@type\":\"Person\",\"@id\":\"https:\\\/\\\/www.anovapeneira.gal\\\/#\\\/schema\\\/person\\\/b93e3f8932e3f8da96334607eb6ac6aa\",\"name\":\"Redacci\u00f3n A Nova Peneira\",\"image\":{\"@type\":\"ImageObject\",\"inLanguage\":\"gl-ES\",\"@id\":\"https:\\\/\\\/secure.gravatar.com\\\/avatar\\\/c052a2551a06e23fac63626232eaa90abd78dbcf1700fc46a2b2c89fd27b735f?s=96&d=mm&r=g\",\"url\":\"https:\\\/\\\/secure.gravatar.com\\\/avatar\\\/c052a2551a06e23fac63626232eaa90abd78dbcf1700fc46a2b2c89fd27b735f?s=96&d=mm&r=g\",\"contentUrl\":\"https:\\\/\\\/secure.gravatar.com\\\/avatar\\\/c052a2551a06e23fac63626232eaa90abd78dbcf1700fc46a2b2c89fd27b735f?s=96&d=mm&r=g\",\"caption\":\"Redacci\u00f3n A Nova Peneira\"},\"sameAs\":[\"http:\\\/\\\/www.anovapeneira.gal\\\/\"],\"url\":\"https:\\\/\\\/www.anovapeneira.gal\\\/index.php\\\/author\\\/redactor\\\/\"}]}<\/script>\n<!-- \/ Yoast SEO plugin. -->","yoast_head_json":{"title":"O sector da imaxe persoal mobil\u00edzase en demanda de que se aprobe no Senado a reduci\u00f3n do seu IVE ao 10% -","description":"Anuncian concentraci\u00f3ns o 20 de xaneiro se non se atende \u00e1 s\u00faa demanda","robots":{"index":"index","follow":"follow","max-snippet":"max-snippet:-1","max-image-preview":"max-image-preview:large","max-video-preview":"max-video-preview:-1"},"canonical":"https:\/\/www.anovapeneira.gal\/index.php\/2020\/12\/22\/o-sector-da-imaxe-persoal-mobilizase-en-demanda-de-que-se-aprobe-no-senado-a-reducion-do-seu-ive-ao-10\/","og_locale":"gl_ES","og_type":"article","og_title":"O sector da imaxe persoal mobil\u00edzase en demanda de que se aprobe no Senado a reduci\u00f3n do seu IVE ao 10% -","og_description":"Anuncian concentraci\u00f3ns o 20 de xaneiro se non se atende \u00e1 s\u00faa demanda","og_url":"https:\/\/www.anovapeneira.gal\/index.php\/2020\/12\/22\/o-sector-da-imaxe-persoal-mobilizase-en-demanda-de-que-se-aprobe-no-senado-a-reducion-do-seu-ive-ao-10\/","article_publisher":"https:\/\/www.facebook.com\/anovapeneira","article_published_time":"2020-12-22T11:00:31+00:00","og_image":[{"width":720,"height":432,"url":"https:\/\/www.anovapeneira.gal\/wp-content\/uploads\/2020\/12\/perruqueria.png","type":"image\/png"}],"author":"Redacci\u00f3n A Nova Peneira","twitter_card":"summary_large_image","twitter_creator":"@APeneira","twitter_site":"@APeneira","twitter_misc":{"Escrito por":"Redacci\u00f3n A Nova Peneira","Tempo de lectura":"3 minutos"},"schema":{"@context":"https:\/\/schema.org","@graph":[{"@type":"Article","@id":"https:\/\/www.anovapeneira.gal\/index.php\/2020\/12\/22\/o-sector-da-imaxe-persoal-mobilizase-en-demanda-de-que-se-aprobe-no-senado-a-reducion-do-seu-ive-ao-10\/#article","isPartOf":{"@id":"https:\/\/www.anovapeneira.gal\/index.php\/2020\/12\/22\/o-sector-da-imaxe-persoal-mobilizase-en-demanda-de-que-se-aprobe-no-senado-a-reducion-do-seu-ive-ao-10\/"},"author":{"name":"Redacci\u00f3n A Nova Peneira","@id":"https:\/\/www.anovapeneira.gal\/#\/schema\/person\/b93e3f8932e3f8da96334607eb6ac6aa"},"headline":"O sector da imaxe persoal mobil\u00edzase en demanda de que se aprobe no Senado a reduci\u00f3n do seu IVE ao 10%","datePublished":"2020-12-22T11:00:31+00:00","mainEntityOfPage":{"@id":"https:\/\/www.anovapeneira.gal\/index.php\/2020\/12\/22\/o-sector-da-imaxe-persoal-mobilizase-en-demanda-de-que-se-aprobe-no-senado-a-reducion-do-seu-ive-ao-10\/"},"wordCount":534,"commentCount":0,"publisher":{"@id":"https:\/\/www.anovapeneira.gal\/#organization"},"image":{"@id":"https:\/\/www.anovapeneira.gal\/index.php\/2020\/12\/22\/o-sector-da-imaxe-persoal-mobilizase-en-demanda-de-que-se-aprobe-no-senado-a-reducion-do-seu-ive-ao-10\/#primaryimage"},"thumbnailUrl":"https:\/\/www.anovapeneira.gal\/wp-content\/uploads\/2020\/12\/perruqueria.png","keywords":["COVID19","Imaxe persoal"],"articleSection":["Novas"],"inLanguage":"gl-ES","potentialAction":[{"@type":"CommentAction","name":"Comment","target":["https:\/\/www.anovapeneira.gal\/index.php\/2020\/12\/22\/o-sector-da-imaxe-persoal-mobilizase-en-demanda-de-que-se-aprobe-no-senado-a-reducion-do-seu-ive-ao-10\/#respond"]}]},{"@type":"WebPage","@id":"https:\/\/www.anovapeneira.gal\/index.php\/2020\/12\/22\/o-sector-da-imaxe-persoal-mobilizase-en-demanda-de-que-se-aprobe-no-senado-a-reducion-do-seu-ive-ao-10\/","url":"https:\/\/www.anovapeneira.gal\/index.php\/2020\/12\/22\/o-sector-da-imaxe-persoal-mobilizase-en-demanda-de-que-se-aprobe-no-senado-a-reducion-do-seu-ive-ao-10\/","name":"O sector da imaxe persoal mobil\u00edzase en demanda de que se aprobe no Senado a reduci\u00f3n do seu IVE ao 10% -","isPartOf":{"@id":"https:\/\/www.anovapeneira.gal\/#website"},"primaryImageOfPage":{"@id":"https:\/\/www.anovapeneira.gal\/index.php\/2020\/12\/22\/o-sector-da-imaxe-persoal-mobilizase-en-demanda-de-que-se-aprobe-no-senado-a-reducion-do-seu-ive-ao-10\/#primaryimage"},"image":{"@id":"https:\/\/www.anovapeneira.gal\/index.php\/2020\/12\/22\/o-sector-da-imaxe-persoal-mobilizase-en-demanda-de-que-se-aprobe-no-senado-a-reducion-do-seu-ive-ao-10\/#primaryimage"},"thumbnailUrl":"https:\/\/www.anovapeneira.gal\/wp-content\/uploads\/2020\/12\/perruqueria.png","datePublished":"2020-12-22T11:00:31+00:00","description":"Anuncian concentraci\u00f3ns o 20 de xaneiro se non se atende \u00e1 s\u00faa demanda","breadcrumb":{"@id":"https:\/\/www.anovapeneira.gal\/index.php\/2020\/12\/22\/o-sector-da-imaxe-persoal-mobilizase-en-demanda-de-que-se-aprobe-no-senado-a-reducion-do-seu-ive-ao-10\/#breadcrumb"},"inLanguage":"gl-ES","potentialAction":[{"@type":"ReadAction","target":["https:\/\/www.anovapeneira.gal\/index.php\/2020\/12\/22\/o-sector-da-imaxe-persoal-mobilizase-en-demanda-de-que-se-aprobe-no-senado-a-reducion-do-seu-ive-ao-10\/"]}]},{"@type":"ImageObject","inLanguage":"gl-ES","@id":"https:\/\/www.anovapeneira.gal\/index.php\/2020\/12\/22\/o-sector-da-imaxe-persoal-mobilizase-en-demanda-de-que-se-aprobe-no-senado-a-reducion-do-seu-ive-ao-10\/#primaryimage","url":"https:\/\/www.anovapeneira.gal\/wp-content\/uploads\/2020\/12\/perruqueria.png","contentUrl":"https:\/\/www.anovapeneira.gal\/wp-content\/uploads\/2020\/12\/perruqueria.png","width":720,"height":432,"caption":"Sector imaxe persoal"},{"@type":"BreadcrumbList","@id":"https:\/\/www.anovapeneira.gal\/index.php\/2020\/12\/22\/o-sector-da-imaxe-persoal-mobilizase-en-demanda-de-que-se-aprobe-no-senado-a-reducion-do-seu-ive-ao-10\/#breadcrumb","itemListElement":[{"@type":"ListItem","position":1,"name":"Portada","item":"https:\/\/www.anovapeneira.gal\/"},{"@type":"ListItem","position":2,"name":"O sector da imaxe persoal mobil\u00edzase en demanda de que se aprobe no Senado a reduci\u00f3n do seu IVE ao 10%"}]},{"@type":"WebSite","@id":"https:\/\/www.anovapeneira.gal\/#website","url":"https:\/\/www.anovapeneira.gal\/","name":"","description":"Xornal galego de informaci\u00f3n xeral Publicaci\u00f3n mensual de novas de Galicia e en especial dos Concellos da sur da provincia de Pontevedra.","publisher":{"@id":"https:\/\/www.anovapeneira.gal\/#organization"},"potentialAction":[{"@type":"SearchAction","target":{"@type":"EntryPoint","urlTemplate":"https:\/\/www.anovapeneira.gal\/?s={search_term_string}"},"query-input":{"@type":"PropertyValueSpecification","valueRequired":true,"valueName":"search_term_string"}}],"inLanguage":"gl-ES"},{"@type":"Organization","@id":"https:\/\/www.anovapeneira.gal\/#organization","name":"A Nova Peneira","url":"https:\/\/www.anovapeneira.gal\/","logo":{"@type":"ImageObject","inLanguage":"gl-ES","@id":"https:\/\/www.anovapeneira.gal\/#\/schema\/logo\/image\/","url":"http:\/\/www.anovapeneira.gal\/wp-content\/uploads\/2019\/06\/logo_a_nova_peneira_portal_web.png","contentUrl":"http:\/\/www.anovapeneira.gal\/wp-content\/uploads\/2019\/06\/logo_a_nova_peneira_portal_web.png","width":300,"height":100,"caption":"A Nova Peneira"},"image":{"@id":"https:\/\/www.anovapeneira.gal\/#\/schema\/logo\/image\/"},"sameAs":["https:\/\/www.facebook.com\/anovapeneira","https:\/\/x.com\/APeneira"]},{"@type":"Person","@id":"https:\/\/www.anovapeneira.gal\/#\/schema\/person\/b93e3f8932e3f8da96334607eb6ac6aa","name":"Redacci\u00f3n A Nova Peneira","image":{"@type":"ImageObject","inLanguage":"gl-ES","@id":"https:\/\/secure.gravatar.com\/avatar\/c052a2551a06e23fac63626232eaa90abd78dbcf1700fc46a2b2c89fd27b735f?s=96&d=mm&r=g","url":"https:\/\/secure.gravatar.com\/avatar\/c052a2551a06e23fac63626232eaa90abd78dbcf1700fc46a2b2c89fd27b735f?s=96&d=mm&r=g","contentUrl":"https:\/\/secure.gravatar.com\/avatar\/c052a2551a06e23fac63626232eaa90abd78dbcf1700fc46a2b2c89fd27b735f?s=96&d=mm&r=g","caption":"Redacci\u00f3n A Nova Peneira"},"sameAs":["http:\/\/www.anovapeneira.gal\/"],"url":"https:\/\/www.anovapeneira.gal\/index.php\/author\/redactor\/"}]}},"jetpack_featured_media_url":"https:\/\/www.anovapeneira.gal\/wp-content\/uploads\/2020\/12\/perruqueria.png","_links":{"self":[{"href":"https:\/\/www.anovapeneira.gal\/index.php\/wp-json\/wp\/v2\/posts\/4517","targetHints":{"allow":["GET"]}}],"collection":[{"href":"https:\/\/www.anovapeneira.gal\/index.php\/wp-json\/wp\/v2\/posts"}],"about":[{"href":"https:\/\/www.anovapeneira.gal\/index.php\/wp-json\/wp\/v2\/types\/post"}],"author":[{"embeddable":true,"href":"https:\/\/www.anovapeneira.gal\/index.php\/wp-json\/wp\/v2\/users\/3"}],"replies":[{"embeddable":true,"href":"https:\/\/www.anovapeneira.gal\/index.php\/wp-json\/wp\/v2\/comments?post=4517"}],"version-history":[{"count":6,"href":"https:\/\/www.anovapeneira.gal\/index.php\/wp-json\/wp\/v2\/posts\/4517\/revisions"}],"predecessor-version":[{"id":4523,"href":"https:\/\/www.anovapeneira.gal\/index.php\/wp-json\/wp\/v2\/posts\/4517\/revisions\/4523"}],"wp:featuredmedia":[{"embeddable":true,"href":"https:\/\/www.anovapeneira.gal\/index.php\/wp-json\/wp\/v2\/media\/4524"}],"wp:attachment":[{"href":"https:\/\/www.anovapeneira.gal\/index.php\/wp-json\/wp\/v2\/media?parent=4517"}],"wp:term":[{"taxonomy":"category","embeddable":true,"href":"https:\/\/www.anovapeneira.gal\/index.php\/wp-json\/wp\/v2\/categories?post=4517"},{"taxonomy":"post_tag","embeddable":true,"href":"https:\/\/www.anovapeneira.gal\/index.php\/wp-json\/wp\/v2\/tags?post=4517"}],"curies":[{"name":"wp","href":"https:\/\/api.w.org\/{rel}","templated":true}]}}