{"id":452,"date":"2019-07-24T17:38:33","date_gmt":"2019-07-24T15:38:33","guid":{"rendered":"http:\/\/www.anovapeneira.gal\/?p=452"},"modified":"2019-07-25T10:53:42","modified_gmt":"2019-07-25T08:53:42","slug":"reunion-dos-alcaldes-do-baixo-mino-para-plantexar-melloras-na-sanidade-publica","status":"publish","type":"post","link":"https:\/\/www.anovapeneira.gal\/index.php\/2019\/07\/24\/reunion-dos-alcaldes-do-baixo-mino-para-plantexar-melloras-na-sanidade-publica\/","title":{"rendered":"Reuni\u00f3n dos alcaldes do Baixo Mi\u00f1o para plantexar melloras na sanidade p\u00fablica"},"content":{"rendered":"\n<p><strong>O Rosal. 5 de xullo de 2019.<\/strong><\/p>\n\n\n\n<p>Os\nalcaldes e alcaldesas do Baixo Mi\u00f1o reun\u00edronse hoxe no Concello do Rosal para\nfalar das melloras que precisar\u00edan os PACs de urxencias e atenci\u00f3n primaria,\n&nbsp;e acordaron solicitar unha cita co Conselleiro de Sanidade para\ntrasladarlle estas propostas.<\/p>\n","protected":false},"excerpt":{"rendered":"<div class=\"mh-excerpt\"><p>Os alcaldes e alcaldesas do Baixo Mi\u00f1o reun\u00edronse hoxe no Concello do Rosal para falar das melloras que precisar\u00edan os PACs de urxencias e atenci\u00f3n primaria <a class=\"mh-excerpt-more\" href=\"https:\/\/www.anovapeneira.gal\/index.php\/2019\/07\/24\/reunion-dos-alcaldes-do-baixo-mino-para-plantexar-melloras-na-sanidade-publica\/\" title=\"Reuni\u00f3n dos alcaldes do Baixo Mi\u00f1o para plantexar melloras na sanidade p\u00fablica\">[&#8230;]<\/a><\/p>\n<\/div>","protected":false},"author":3,"featured_media":453,"comment_status":"open","ping_status":"open","sticky":false,"template":"","format":"standard","meta":{"_exactmetrics_skip_tracking":false,"_exactmetrics_sitenote_active":false,"_exactmetrics_sitenote_note":"","_exactmetrics_sitenote_category":0,"footnotes":""},"categories":[21],"tags":[132,131,130,129],"class_list":{"0":"post-452","1":"post","2":"type-post","3":"status-publish","4":"format-standard","5":"has-post-thumbnail","7":"category-baixo-mino","8":"tag-atencion-primaria","9":"tag-concello-do-rosal","10":"tag-pac","11":"tag-sanidade"},"yoast_head":"<!-- This site is optimized with the Yoast SEO plugin v27.4 - https:\/\/yoast.com\/product\/yoast-seo-wordpress\/ -->\n<title>Reuni\u00f3n dos alcaldes do Baixo Mi\u00f1o para plantexar melloras na sanidade p\u00fablica -<\/title>\n<meta name=\"robots\" content=\"index, follow, max-snippet:-1, max-image-preview:large, max-video-preview:-1\" \/>\n<link rel=\"canonical\" href=\"https:\/\/www.anovapeneira.gal\/index.php\/2019\/07\/24\/reunion-dos-alcaldes-do-baixo-mino-para-plantexar-melloras-na-sanidade-publica\/\" \/>\n<meta property=\"og:locale\" content=\"gl_ES\" \/>\n<meta property=\"og:type\" content=\"article\" \/>\n<meta property=\"og:title\" content=\"Reuni\u00f3n dos alcaldes do Baixo Mi\u00f1o para plantexar melloras na sanidade p\u00fablica -\" \/>\n<meta property=\"og:description\" content=\"Os alcaldes e alcaldesas do Baixo Mi\u00f1o reun\u00edronse hoxe no Concello do Rosal para falar das melloras que precisar\u00edan os PACs de urxencias e atenci\u00f3n primaria [...]\" \/>\n<meta property=\"og:url\" content=\"https:\/\/www.anovapeneira.gal\/index.php\/2019\/07\/24\/reunion-dos-alcaldes-do-baixo-mino-para-plantexar-melloras-na-sanidade-publica\/\" \/>\n<meta property=\"article:publisher\" content=\"https:\/\/www.facebook.com\/anovapeneira\" \/>\n<meta property=\"article:published_time\" content=\"2019-07-24T15:38:33+00:00\" \/>\n<meta property=\"article:modified_time\" content=\"2019-07-25T08:53:42+00:00\" \/>\n<meta property=\"og:image\" content=\"https:\/\/www.anovapeneira.gal\/wp-content\/uploads\/2019\/07\/reunion_sanidade_a_nova_peneira.jpg\" \/>\n\t<meta property=\"og:image:width\" content=\"720\" \/>\n\t<meta property=\"og:image:height\" content=\"473\" \/>\n\t<meta property=\"og:image:type\" content=\"image\/jpeg\" \/>\n<meta name=\"author\" content=\"Redacci\u00f3n A Nova Peneira\" \/>\n<meta name=\"twitter:card\" content=\"summary_large_image\" \/>\n<meta name=\"twitter:creator\" content=\"@APeneira\" \/>\n<meta name=\"twitter:site\" content=\"@APeneira\" \/>\n<meta name=\"twitter:label1\" content=\"Escrito por\" \/>\n\t<meta name=\"twitter:data1\" content=\"Redacci\u00f3n A Nova Peneira\" \/>\n<script type=\"application\/ld+json\" class=\"yoast-schema-graph\">{\"@context\":\"https:\\\/\\\/schema.org\",\"@graph\":[{\"@type\":\"Article\",\"@id\":\"https:\\\/\\\/www.anovapeneira.gal\\\/index.php\\\/2019\\\/07\\\/24\\\/reunion-dos-alcaldes-do-baixo-mino-para-plantexar-melloras-na-sanidade-publica\\\/#article\",\"isPartOf\":{\"@id\":\"https:\\\/\\\/www.anovapeneira.gal\\\/index.php\\\/2019\\\/07\\\/24\\\/reunion-dos-alcaldes-do-baixo-mino-para-plantexar-melloras-na-sanidade-publica\\\/\"},\"author\":{\"name\":\"Redacci\u00f3n A Nova Peneira\",\"@id\":\"https:\\\/\\\/www.anovapeneira.gal\\\/#\\\/schema\\\/person\\\/b93e3f8932e3f8da96334607eb6ac6aa\"},\"headline\":\"Reuni\u00f3n dos alcaldes do Baixo Mi\u00f1o para plantexar melloras na sanidade p\u00fablica\",\"datePublished\":\"2019-07-24T15:38:33+00:00\",\"dateModified\":\"2019-07-25T08:53:42+00:00\",\"mainEntityOfPage\":{\"@id\":\"https:\\\/\\\/www.anovapeneira.gal\\\/index.php\\\/2019\\\/07\\\/24\\\/reunion-dos-alcaldes-do-baixo-mino-para-plantexar-melloras-na-sanidade-publica\\\/\"},\"wordCount\":64,\"commentCount\":0,\"publisher\":{\"@id\":\"https:\\\/\\\/www.anovapeneira.gal\\\/#organization\"},\"image\":{\"@id\":\"https:\\\/\\\/www.anovapeneira.gal\\\/index.php\\\/2019\\\/07\\\/24\\\/reunion-dos-alcaldes-do-baixo-mino-para-plantexar-melloras-na-sanidade-publica\\\/#primaryimage\"},\"thumbnailUrl\":\"https:\\\/\\\/www.anovapeneira.gal\\\/wp-content\\\/uploads\\\/2019\\\/07\\\/reunion_sanidade_a_nova_peneira.jpg\",\"keywords\":[\"Atenci\u00f3n primaria\",\"Concello do Rosal\",\"PAC\",\"Sanidade\"],\"articleSection\":[\"Baixo Mi\u00f1o\"],\"inLanguage\":\"gl-ES\",\"potentialAction\":[{\"@type\":\"CommentAction\",\"name\":\"Comment\",\"target\":[\"https:\\\/\\\/www.anovapeneira.gal\\\/index.php\\\/2019\\\/07\\\/24\\\/reunion-dos-alcaldes-do-baixo-mino-para-plantexar-melloras-na-sanidade-publica\\\/#respond\"]}]},{\"@type\":\"WebPage\",\"@id\":\"https:\\\/\\\/www.anovapeneira.gal\\\/index.php\\\/2019\\\/07\\\/24\\\/reunion-dos-alcaldes-do-baixo-mino-para-plantexar-melloras-na-sanidade-publica\\\/\",\"url\":\"https:\\\/\\\/www.anovapeneira.gal\\\/index.php\\\/2019\\\/07\\\/24\\\/reunion-dos-alcaldes-do-baixo-mino-para-plantexar-melloras-na-sanidade-publica\\\/\",\"name\":\"Reuni\u00f3n dos alcaldes do Baixo Mi\u00f1o para plantexar melloras na sanidade p\u00fablica -\",\"isPartOf\":{\"@id\":\"https:\\\/\\\/www.anovapeneira.gal\\\/#website\"},\"primaryImageOfPage\":{\"@id\":\"https:\\\/\\\/www.anovapeneira.gal\\\/index.php\\\/2019\\\/07\\\/24\\\/reunion-dos-alcaldes-do-baixo-mino-para-plantexar-melloras-na-sanidade-publica\\\/#primaryimage\"},\"image\":{\"@id\":\"https:\\\/\\\/www.anovapeneira.gal\\\/index.php\\\/2019\\\/07\\\/24\\\/reunion-dos-alcaldes-do-baixo-mino-para-plantexar-melloras-na-sanidade-publica\\\/#primaryimage\"},\"thumbnailUrl\":\"https:\\\/\\\/www.anovapeneira.gal\\\/wp-content\\\/uploads\\\/2019\\\/07\\\/reunion_sanidade_a_nova_peneira.jpg\",\"datePublished\":\"2019-07-24T15:38:33+00:00\",\"dateModified\":\"2019-07-25T08:53:42+00:00\",\"breadcrumb\":{\"@id\":\"https:\\\/\\\/www.anovapeneira.gal\\\/index.php\\\/2019\\\/07\\\/24\\\/reunion-dos-alcaldes-do-baixo-mino-para-plantexar-melloras-na-sanidade-publica\\\/#breadcrumb\"},\"inLanguage\":\"gl-ES\",\"potentialAction\":[{\"@type\":\"ReadAction\",\"target\":[\"https:\\\/\\\/www.anovapeneira.gal\\\/index.php\\\/2019\\\/07\\\/24\\\/reunion-dos-alcaldes-do-baixo-mino-para-plantexar-melloras-na-sanidade-publica\\\/\"]}]},{\"@type\":\"ImageObject\",\"inLanguage\":\"gl-ES\",\"@id\":\"https:\\\/\\\/www.anovapeneira.gal\\\/index.php\\\/2019\\\/07\\\/24\\\/reunion-dos-alcaldes-do-baixo-mino-para-plantexar-melloras-na-sanidade-publica\\\/#primaryimage\",\"url\":\"https:\\\/\\\/www.anovapeneira.gal\\\/wp-content\\\/uploads\\\/2019\\\/07\\\/reunion_sanidade_a_nova_peneira.jpg\",\"contentUrl\":\"https:\\\/\\\/www.anovapeneira.gal\\\/wp-content\\\/uploads\\\/2019\\\/07\\\/reunion_sanidade_a_nova_peneira.jpg\",\"width\":720,\"height\":473,\"caption\":\"Reuni\u00f3n alcaldes e alcaldesas Baixo Mi\u00f1o. A Nova Peneira Concello O Rosal\"},{\"@type\":\"BreadcrumbList\",\"@id\":\"https:\\\/\\\/www.anovapeneira.gal\\\/index.php\\\/2019\\\/07\\\/24\\\/reunion-dos-alcaldes-do-baixo-mino-para-plantexar-melloras-na-sanidade-publica\\\/#breadcrumb\",\"itemListElement\":[{\"@type\":\"ListItem\",\"position\":1,\"name\":\"Portada\",\"item\":\"https:\\\/\\\/www.anovapeneira.gal\\\/\"},{\"@type\":\"ListItem\",\"position\":2,\"name\":\"Reuni\u00f3n dos alcaldes do Baixo Mi\u00f1o para plantexar melloras na sanidade p\u00fablica\"}]},{\"@type\":\"WebSite\",\"@id\":\"https:\\\/\\\/www.anovapeneira.gal\\\/#website\",\"url\":\"https:\\\/\\\/www.anovapeneira.gal\\\/\",\"name\":\"\",\"description\":\"Xornal galego de informaci\u00f3n xeral Publicaci\u00f3n mensual de novas de Galicia e en especial dos Concellos da sur da provincia de Pontevedra.\",\"publisher\":{\"@id\":\"https:\\\/\\\/www.anovapeneira.gal\\\/#organization\"},\"potentialAction\":[{\"@type\":\"SearchAction\",\"target\":{\"@type\":\"EntryPoint\",\"urlTemplate\":\"https:\\\/\\\/www.anovapeneira.gal\\\/?s={search_term_string}\"},\"query-input\":{\"@type\":\"PropertyValueSpecification\",\"valueRequired\":true,\"valueName\":\"search_term_string\"}}],\"inLanguage\":\"gl-ES\"},{\"@type\":\"Organization\",\"@id\":\"https:\\\/\\\/www.anovapeneira.gal\\\/#organization\",\"name\":\"A Nova Peneira\",\"url\":\"https:\\\/\\\/www.anovapeneira.gal\\\/\",\"logo\":{\"@type\":\"ImageObject\",\"inLanguage\":\"gl-ES\",\"@id\":\"https:\\\/\\\/www.anovapeneira.gal\\\/#\\\/schema\\\/logo\\\/image\\\/\",\"url\":\"http:\\\/\\\/www.anovapeneira.gal\\\/wp-content\\\/uploads\\\/2019\\\/06\\\/logo_a_nova_peneira_portal_web.png\",\"contentUrl\":\"http:\\\/\\\/www.anovapeneira.gal\\\/wp-content\\\/uploads\\\/2019\\\/06\\\/logo_a_nova_peneira_portal_web.png\",\"width\":300,\"height\":100,\"caption\":\"A Nova Peneira\"},\"image\":{\"@id\":\"https:\\\/\\\/www.anovapeneira.gal\\\/#\\\/schema\\\/logo\\\/image\\\/\"},\"sameAs\":[\"https:\\\/\\\/www.facebook.com\\\/anovapeneira\",\"https:\\\/\\\/x.com\\\/APeneira\"]},{\"@type\":\"Person\",\"@id\":\"https:\\\/\\\/www.anovapeneira.gal\\\/#\\\/schema\\\/person\\\/b93e3f8932e3f8da96334607eb6ac6aa\",\"name\":\"Redacci\u00f3n A Nova Peneira\",\"image\":{\"@type\":\"ImageObject\",\"inLanguage\":\"gl-ES\",\"@id\":\"https:\\\/\\\/secure.gravatar.com\\\/avatar\\\/c052a2551a06e23fac63626232eaa90abd78dbcf1700fc46a2b2c89fd27b735f?s=96&d=mm&r=g\",\"url\":\"https:\\\/\\\/secure.gravatar.com\\\/avatar\\\/c052a2551a06e23fac63626232eaa90abd78dbcf1700fc46a2b2c89fd27b735f?s=96&d=mm&r=g\",\"contentUrl\":\"https:\\\/\\\/secure.gravatar.com\\\/avatar\\\/c052a2551a06e23fac63626232eaa90abd78dbcf1700fc46a2b2c89fd27b735f?s=96&d=mm&r=g\",\"caption\":\"Redacci\u00f3n A Nova Peneira\"},\"sameAs\":[\"http:\\\/\\\/www.anovapeneira.gal\\\/\"],\"url\":\"https:\\\/\\\/www.anovapeneira.gal\\\/index.php\\\/author\\\/redactor\\\/\"}]}<\/script>\n<!-- \/ Yoast SEO plugin. -->","yoast_head_json":{"title":"Reuni\u00f3n dos alcaldes do Baixo Mi\u00f1o para plantexar melloras na sanidade p\u00fablica -","robots":{"index":"index","follow":"follow","max-snippet":"max-snippet:-1","max-image-preview":"max-image-preview:large","max-video-preview":"max-video-preview:-1"},"canonical":"https:\/\/www.anovapeneira.gal\/index.php\/2019\/07\/24\/reunion-dos-alcaldes-do-baixo-mino-para-plantexar-melloras-na-sanidade-publica\/","og_locale":"gl_ES","og_type":"article","og_title":"Reuni\u00f3n dos alcaldes do Baixo Mi\u00f1o para plantexar melloras na sanidade p\u00fablica -","og_description":"Os alcaldes e alcaldesas do Baixo Mi\u00f1o reun\u00edronse hoxe no Concello do Rosal para falar das melloras que precisar\u00edan os PACs de urxencias e atenci\u00f3n primaria [...]","og_url":"https:\/\/www.anovapeneira.gal\/index.php\/2019\/07\/24\/reunion-dos-alcaldes-do-baixo-mino-para-plantexar-melloras-na-sanidade-publica\/","article_publisher":"https:\/\/www.facebook.com\/anovapeneira","article_published_time":"2019-07-24T15:38:33+00:00","article_modified_time":"2019-07-25T08:53:42+00:00","og_image":[{"width":720,"height":473,"url":"https:\/\/www.anovapeneira.gal\/wp-content\/uploads\/2019\/07\/reunion_sanidade_a_nova_peneira.jpg","type":"image\/jpeg"}],"author":"Redacci\u00f3n A Nova Peneira","twitter_card":"summary_large_image","twitter_creator":"@APeneira","twitter_site":"@APeneira","twitter_misc":{"Escrito por":"Redacci\u00f3n A Nova Peneira"},"schema":{"@context":"https:\/\/schema.org","@graph":[{"@type":"Article","@id":"https:\/\/www.anovapeneira.gal\/index.php\/2019\/07\/24\/reunion-dos-alcaldes-do-baixo-mino-para-plantexar-melloras-na-sanidade-publica\/#article","isPartOf":{"@id":"https:\/\/www.anovapeneira.gal\/index.php\/2019\/07\/24\/reunion-dos-alcaldes-do-baixo-mino-para-plantexar-melloras-na-sanidade-publica\/"},"author":{"name":"Redacci\u00f3n A Nova Peneira","@id":"https:\/\/www.anovapeneira.gal\/#\/schema\/person\/b93e3f8932e3f8da96334607eb6ac6aa"},"headline":"Reuni\u00f3n dos alcaldes do Baixo Mi\u00f1o para plantexar melloras na sanidade p\u00fablica","datePublished":"2019-07-24T15:38:33+00:00","dateModified":"2019-07-25T08:53:42+00:00","mainEntityOfPage":{"@id":"https:\/\/www.anovapeneira.gal\/index.php\/2019\/07\/24\/reunion-dos-alcaldes-do-baixo-mino-para-plantexar-melloras-na-sanidade-publica\/"},"wordCount":64,"commentCount":0,"publisher":{"@id":"https:\/\/www.anovapeneira.gal\/#organization"},"image":{"@id":"https:\/\/www.anovapeneira.gal\/index.php\/2019\/07\/24\/reunion-dos-alcaldes-do-baixo-mino-para-plantexar-melloras-na-sanidade-publica\/#primaryimage"},"thumbnailUrl":"https:\/\/www.anovapeneira.gal\/wp-content\/uploads\/2019\/07\/reunion_sanidade_a_nova_peneira.jpg","keywords":["Atenci\u00f3n primaria","Concello do Rosal","PAC","Sanidade"],"articleSection":["Baixo Mi\u00f1o"],"inLanguage":"gl-ES","potentialAction":[{"@type":"CommentAction","name":"Comment","target":["https:\/\/www.anovapeneira.gal\/index.php\/2019\/07\/24\/reunion-dos-alcaldes-do-baixo-mino-para-plantexar-melloras-na-sanidade-publica\/#respond"]}]},{"@type":"WebPage","@id":"https:\/\/www.anovapeneira.gal\/index.php\/2019\/07\/24\/reunion-dos-alcaldes-do-baixo-mino-para-plantexar-melloras-na-sanidade-publica\/","url":"https:\/\/www.anovapeneira.gal\/index.php\/2019\/07\/24\/reunion-dos-alcaldes-do-baixo-mino-para-plantexar-melloras-na-sanidade-publica\/","name":"Reuni\u00f3n dos alcaldes do Baixo Mi\u00f1o para plantexar melloras na sanidade p\u00fablica -","isPartOf":{"@id":"https:\/\/www.anovapeneira.gal\/#website"},"primaryImageOfPage":{"@id":"https:\/\/www.anovapeneira.gal\/index.php\/2019\/07\/24\/reunion-dos-alcaldes-do-baixo-mino-para-plantexar-melloras-na-sanidade-publica\/#primaryimage"},"image":{"@id":"https:\/\/www.anovapeneira.gal\/index.php\/2019\/07\/24\/reunion-dos-alcaldes-do-baixo-mino-para-plantexar-melloras-na-sanidade-publica\/#primaryimage"},"thumbnailUrl":"https:\/\/www.anovapeneira.gal\/wp-content\/uploads\/2019\/07\/reunion_sanidade_a_nova_peneira.jpg","datePublished":"2019-07-24T15:38:33+00:00","dateModified":"2019-07-25T08:53:42+00:00","breadcrumb":{"@id":"https:\/\/www.anovapeneira.gal\/index.php\/2019\/07\/24\/reunion-dos-alcaldes-do-baixo-mino-para-plantexar-melloras-na-sanidade-publica\/#breadcrumb"},"inLanguage":"gl-ES","potentialAction":[{"@type":"ReadAction","target":["https:\/\/www.anovapeneira.gal\/index.php\/2019\/07\/24\/reunion-dos-alcaldes-do-baixo-mino-para-plantexar-melloras-na-sanidade-publica\/"]}]},{"@type":"ImageObject","inLanguage":"gl-ES","@id":"https:\/\/www.anovapeneira.gal\/index.php\/2019\/07\/24\/reunion-dos-alcaldes-do-baixo-mino-para-plantexar-melloras-na-sanidade-publica\/#primaryimage","url":"https:\/\/www.anovapeneira.gal\/wp-content\/uploads\/2019\/07\/reunion_sanidade_a_nova_peneira.jpg","contentUrl":"https:\/\/www.anovapeneira.gal\/wp-content\/uploads\/2019\/07\/reunion_sanidade_a_nova_peneira.jpg","width":720,"height":473,"caption":"Reuni\u00f3n alcaldes e alcaldesas Baixo Mi\u00f1o. A Nova Peneira Concello O Rosal"},{"@type":"BreadcrumbList","@id":"https:\/\/www.anovapeneira.gal\/index.php\/2019\/07\/24\/reunion-dos-alcaldes-do-baixo-mino-para-plantexar-melloras-na-sanidade-publica\/#breadcrumb","itemListElement":[{"@type":"ListItem","position":1,"name":"Portada","item":"https:\/\/www.anovapeneira.gal\/"},{"@type":"ListItem","position":2,"name":"Reuni\u00f3n dos alcaldes do Baixo Mi\u00f1o para plantexar melloras na sanidade p\u00fablica"}]},{"@type":"WebSite","@id":"https:\/\/www.anovapeneira.gal\/#website","url":"https:\/\/www.anovapeneira.gal\/","name":"","description":"Xornal galego de informaci\u00f3n xeral Publicaci\u00f3n mensual de novas de Galicia e en especial dos Concellos da sur da provincia de Pontevedra.","publisher":{"@id":"https:\/\/www.anovapeneira.gal\/#organization"},"potentialAction":[{"@type":"SearchAction","target":{"@type":"EntryPoint","urlTemplate":"https:\/\/www.anovapeneira.gal\/?s={search_term_string}"},"query-input":{"@type":"PropertyValueSpecification","valueRequired":true,"valueName":"search_term_string"}}],"inLanguage":"gl-ES"},{"@type":"Organization","@id":"https:\/\/www.anovapeneira.gal\/#organization","name":"A Nova Peneira","url":"https:\/\/www.anovapeneira.gal\/","logo":{"@type":"ImageObject","inLanguage":"gl-ES","@id":"https:\/\/www.anovapeneira.gal\/#\/schema\/logo\/image\/","url":"http:\/\/www.anovapeneira.gal\/wp-content\/uploads\/2019\/06\/logo_a_nova_peneira_portal_web.png","contentUrl":"http:\/\/www.anovapeneira.gal\/wp-content\/uploads\/2019\/06\/logo_a_nova_peneira_portal_web.png","width":300,"height":100,"caption":"A Nova Peneira"},"image":{"@id":"https:\/\/www.anovapeneira.gal\/#\/schema\/logo\/image\/"},"sameAs":["https:\/\/www.facebook.com\/anovapeneira","https:\/\/x.com\/APeneira"]},{"@type":"Person","@id":"https:\/\/www.anovapeneira.gal\/#\/schema\/person\/b93e3f8932e3f8da96334607eb6ac6aa","name":"Redacci\u00f3n A Nova Peneira","image":{"@type":"ImageObject","inLanguage":"gl-ES","@id":"https:\/\/secure.gravatar.com\/avatar\/c052a2551a06e23fac63626232eaa90abd78dbcf1700fc46a2b2c89fd27b735f?s=96&d=mm&r=g","url":"https:\/\/secure.gravatar.com\/avatar\/c052a2551a06e23fac63626232eaa90abd78dbcf1700fc46a2b2c89fd27b735f?s=96&d=mm&r=g","contentUrl":"https:\/\/secure.gravatar.com\/avatar\/c052a2551a06e23fac63626232eaa90abd78dbcf1700fc46a2b2c89fd27b735f?s=96&d=mm&r=g","caption":"Redacci\u00f3n A Nova Peneira"},"sameAs":["http:\/\/www.anovapeneira.gal\/"],"url":"https:\/\/www.anovapeneira.gal\/index.php\/author\/redactor\/"}]}},"jetpack_featured_media_url":"https:\/\/www.anovapeneira.gal\/wp-content\/uploads\/2019\/07\/reunion_sanidade_a_nova_peneira.jpg","_links":{"self":[{"href":"https:\/\/www.anovapeneira.gal\/index.php\/wp-json\/wp\/v2\/posts\/452","targetHints":{"allow":["GET"]}}],"collection":[{"href":"https:\/\/www.anovapeneira.gal\/index.php\/wp-json\/wp\/v2\/posts"}],"about":[{"href":"https:\/\/www.anovapeneira.gal\/index.php\/wp-json\/wp\/v2\/types\/post"}],"author":[{"embeddable":true,"href":"https:\/\/www.anovapeneira.gal\/index.php\/wp-json\/wp\/v2\/users\/3"}],"replies":[{"embeddable":true,"href":"https:\/\/www.anovapeneira.gal\/index.php\/wp-json\/wp\/v2\/comments?post=452"}],"version-history":[{"count":2,"href":"https:\/\/www.anovapeneira.gal\/index.php\/wp-json\/wp\/v2\/posts\/452\/revisions"}],"predecessor-version":[{"id":455,"href":"https:\/\/www.anovapeneira.gal\/index.php\/wp-json\/wp\/v2\/posts\/452\/revisions\/455"}],"wp:featuredmedia":[{"embeddable":true,"href":"https:\/\/www.anovapeneira.gal\/index.php\/wp-json\/wp\/v2\/media\/453"}],"wp:attachment":[{"href":"https:\/\/www.anovapeneira.gal\/index.php\/wp-json\/wp\/v2\/media?parent=452"}],"wp:term":[{"taxonomy":"category","embeddable":true,"href":"https:\/\/www.anovapeneira.gal\/index.php\/wp-json\/wp\/v2\/categories?post=452"},{"taxonomy":"post_tag","embeddable":true,"href":"https:\/\/www.anovapeneira.gal\/index.php\/wp-json\/wp\/v2\/tags?post=452"}],"curies":[{"name":"wp","href":"https:\/\/api.w.org\/{rel}","templated":true}]}}