{"id":4528,"date":"2020-12-23T12:00:46","date_gmt":"2020-12-23T11:00:46","guid":{"rendered":"http:\/\/www.anovapeneira.gal\/?p=4528"},"modified":"2020-12-17T18:36:38","modified_gmt":"2020-12-17T17:36:38","slug":"ponton-pide-que-a-vacinacion-sexa-un-proceso-ordenado-para-salvar-vidas-e-non-unha-competicion-para-colgarse-medallas","status":"publish","type":"post","link":"https:\/\/www.anovapeneira.gal\/index.php\/2020\/12\/23\/ponton-pide-que-a-vacinacion-sexa-un-proceso-ordenado-para-salvar-vidas-e-non-unha-competicion-para-colgarse-medallas\/","title":{"rendered":"Pont\u00f3n pide que a vacinaci\u00f3n sexa un proceso ordenado para salvar vidas e non unha competici\u00f3n para \u201ccolgarse medallas\u201d"},"content":{"rendered":"\n<h2 class=\"wp-block-heading\"><strong>Demanda prudencia e extremar as precauci\u00f3ns para evitar unha terceira onda: \u201ctr\u00e1tase de celebrar moitos nadais en compa\u00f1\u00eda dos seres queridos\u201d<\/strong><\/h2>\n\n\n\n<h2 class=\"wp-block-heading\"><strong>Prop\u00f3n reforzar o rastrexo, probas masivas de PCRs e ant\u00edxenos, m\u00e1is medios para a atenci\u00f3n primaria e non baixar a garda pola vacina&nbsp;<\/strong><\/h2>\n\n\n\n<p><strong>Santiago de Compostela, 16 de Decembro 2020<\/strong><\/p>\n\n\n\n<p>Tras o repunte de contaxios, hospitalizaci\u00f3ns e os falecementos que non cesan, a portavoz nacional, Ana Pont\u00f3n, fixo un chamamento a \u201cextremar a prudencia\u201d para evitar unha terceira onda, porque o obxectivo debe ser \u201ccelebrar moitos nadais xuntos\u201d, e ped\u00eda que o proceso de vacinaci\u00f3n non se converta nunha competici\u00f3n pol\u00edtica, como sucedeu coa desescalada tras o confinamento, sen\u00f3n que conte cun plan de distribuci\u00f3n e de aplicaci\u00f3n \u00e1 poboaci\u00f3n con criterios claros e con medios.<\/p>\n\n\n\n<p>\u201cQue a vacinaci\u00f3n non se converta nunha competici\u00f3n, nin nunha especie de carreira entre partidos pol\u00edticos, que non se use para colgarse medallas ou para obter r\u00e9ditos. Por contra, precisamos un plan de continxencia para garantir que cando a vacina estea dispo\u00f1ible chegue canto antes a Galiza, con criterios claros de distribuci\u00f3n e cos medios necesarios para que se distrib\u00faa de maneira r\u00e1pida e ordenada entre a poboaci\u00f3n\u201d, salientou Pont\u00f3n desde A Coru\u00f1a, onde mantivo un encontro con representantes dos sectores culturais.<\/p>\n\n\n\n<p>E mentres a vacina non chega, a l\u00edder nacionalista pediu extremar as precauci\u00f3ns: \u201ccoid\u00e9monos m\u00e1is que nunca porque o obxectivo non \u00e9 determinar cantas persoas nos reunimos para celebrar este Nadal sen\u00f3n celebrar moitos nadais xuntos en compa\u00f1\u00eda dos nosos seres queridos\u201d, -alegou-, e os datos indican que \u00e9 un momento decisivo para evitar a terceira onda ou cando menos minimizala en termos de contaxios e de v\u00edtimas.<\/p>\n\n\n\n<p>Pont\u00f3n demandou do Goberno da Xunta que adopte todas as medidas necesarias para evitar unha terceira onda, \u201csen precipitarse nin acelerar ning\u00fan tipo de desescalada,&nbsp; porque na loita contra a COVID non hai atallos\u201d. Neste sentido, reclamou reforzar os rastrexadores, PCRs e probas de ant\u00edxenos a toda a poboaci\u00f3n para detectar gromos e evitar a propagaci\u00f3n do virus, as\u00ed como reforzar a atenci\u00f3n primaria, \u201cporque a\u00ednda que o comportamento persoal \u00e9 importante non todo depende da responsabilidade individual sen\u00f3n do papel das administraci\u00f3ns\u201d.<\/p>\n\n\n\n<p>A l\u00edder nacionalista instou a non baixar a garda e advertiu contra a falsa idea de seguridade que transmitir a proximidade da aplicaci\u00f3n dunha vacina, \u201cporque o risco sigue a ser m\u00e1ximo e hai moito en xogo. Coid\u00e9monos m\u00e1is que nunca para coidar de todos e todas e ao conxunto da sociedade porque o virus non da tregua e non hai atallos\u201d, recalcou.<\/p>\n\n\n\n<figure class=\"wp-block-audio\"><audio controls src=\"http:\/\/www.anovapeneira.gal\/wp-content\/uploads\/2020\/12\/AUDIO-ANAPONTON-VACINACION-COVID-E-NADAL.mp3\"><\/audio><\/figure>\n","protected":false},"excerpt":{"rendered":"<div class=\"mh-excerpt\"><p>Demanda prudencia e extremar as precauci\u00f3ns para evitar unha terceira onda: \u201ctr\u00e1tase de celebrar moitos nadais en compa\u00f1\u00eda dos seres queridos\u201d <a class=\"mh-excerpt-more\" href=\"https:\/\/www.anovapeneira.gal\/index.php\/2020\/12\/23\/ponton-pide-que-a-vacinacion-sexa-un-proceso-ordenado-para-salvar-vidas-e-non-unha-competicion-para-colgarse-medallas\/\" title=\"Pont\u00f3n pide que a vacinaci\u00f3n sexa un proceso ordenado para salvar vidas e non unha competici\u00f3n para \u201ccolgarse medallas\u201d\">[&#8230;]<\/a><\/p>\n<\/div>","protected":false},"author":3,"featured_media":4194,"comment_status":"open","ping_status":"open","sticky":false,"template":"","format":"standard","meta":{"_exactmetrics_skip_tracking":false,"_exactmetrics_sitenote_active":false,"_exactmetrics_sitenote_note":"","_exactmetrics_sitenote_category":0,"footnotes":""},"categories":[263],"tags":[281,10],"class_list":{"0":"post-4528","1":"post","2":"type-post","3":"status-publish","4":"format-standard","5":"has-post-thumbnail","7":"category-novas","8":"tag-ana-ponton","9":"tag-bng"},"yoast_head":"<!-- This site is optimized with the Yoast SEO plugin v27.4 - https:\/\/yoast.com\/product\/yoast-seo-wordpress\/ -->\n<title>Pont\u00f3n pide que a vacinaci\u00f3n sexa un proceso ordenado para salvar vidas e non unha competici\u00f3n para \u201ccolgarse medallas\u201d -<\/title>\n<meta name=\"description\" content=\"Demanda prudencia e extremar as precauci\u00f3ns para evitar unha terceira onda: \u201ctr\u00e1tase de celebrar moitos nadais en compa\u00f1\u00eda dos seres queridos\u201d\" \/>\n<meta name=\"robots\" content=\"index, follow, max-snippet:-1, max-image-preview:large, max-video-preview:-1\" \/>\n<link rel=\"canonical\" href=\"https:\/\/www.anovapeneira.gal\/index.php\/2020\/12\/23\/ponton-pide-que-a-vacinacion-sexa-un-proceso-ordenado-para-salvar-vidas-e-non-unha-competicion-para-colgarse-medallas\/\" \/>\n<meta property=\"og:locale\" content=\"gl_ES\" \/>\n<meta property=\"og:type\" content=\"article\" \/>\n<meta property=\"og:title\" content=\"Pont\u00f3n pide que a vacinaci\u00f3n sexa un proceso ordenado para salvar vidas e non unha competici\u00f3n para \u201ccolgarse medallas\u201d -\" \/>\n<meta property=\"og:description\" content=\"Demanda prudencia e extremar as precauci\u00f3ns para evitar unha terceira onda: \u201ctr\u00e1tase de celebrar moitos nadais en compa\u00f1\u00eda dos seres queridos\u201d\" \/>\n<meta property=\"og:url\" content=\"https:\/\/www.anovapeneira.gal\/index.php\/2020\/12\/23\/ponton-pide-que-a-vacinacion-sexa-un-proceso-ordenado-para-salvar-vidas-e-non-unha-competicion-para-colgarse-medallas\/\" \/>\n<meta property=\"article:publisher\" content=\"https:\/\/www.facebook.com\/anovapeneira\" \/>\n<meta property=\"article:published_time\" content=\"2020-12-23T11:00:46+00:00\" \/>\n<meta property=\"og:image\" content=\"https:\/\/www.anovapeneira.gal\/wp-content\/uploads\/2020\/11\/ana_ponton_2_onda_covid.jpg\" \/>\n\t<meta property=\"og:image:width\" content=\"720\" \/>\n\t<meta property=\"og:image:height\" content=\"432\" \/>\n\t<meta property=\"og:image:type\" content=\"image\/jpeg\" \/>\n<meta name=\"author\" content=\"Redacci\u00f3n A Nova Peneira\" \/>\n<meta name=\"twitter:card\" content=\"summary_large_image\" \/>\n<meta name=\"twitter:creator\" content=\"@APeneira\" \/>\n<meta name=\"twitter:site\" content=\"@APeneira\" \/>\n<meta name=\"twitter:label1\" content=\"Escrito por\" \/>\n\t<meta name=\"twitter:data1\" content=\"Redacci\u00f3n A Nova Peneira\" \/>\n\t<meta name=\"twitter:label2\" content=\"Tempo de lectura\" \/>\n\t<meta name=\"twitter:data2\" content=\"2 minutos\" \/>\n<script type=\"application\/ld+json\" class=\"yoast-schema-graph\">{\"@context\":\"https:\\\/\\\/schema.org\",\"@graph\":[{\"@type\":\"Article\",\"@id\":\"https:\\\/\\\/www.anovapeneira.gal\\\/index.php\\\/2020\\\/12\\\/23\\\/ponton-pide-que-a-vacinacion-sexa-un-proceso-ordenado-para-salvar-vidas-e-non-unha-competicion-para-colgarse-medallas\\\/#article\",\"isPartOf\":{\"@id\":\"https:\\\/\\\/www.anovapeneira.gal\\\/index.php\\\/2020\\\/12\\\/23\\\/ponton-pide-que-a-vacinacion-sexa-un-proceso-ordenado-para-salvar-vidas-e-non-unha-competicion-para-colgarse-medallas\\\/\"},\"author\":{\"name\":\"Redacci\u00f3n A Nova Peneira\",\"@id\":\"https:\\\/\\\/www.anovapeneira.gal\\\/#\\\/schema\\\/person\\\/b93e3f8932e3f8da96334607eb6ac6aa\"},\"headline\":\"Pont\u00f3n pide que a vacinaci\u00f3n sexa un proceso ordenado para salvar vidas e non unha competici\u00f3n para \u201ccolgarse medallas\u201d\",\"datePublished\":\"2020-12-23T11:00:46+00:00\",\"mainEntityOfPage\":{\"@id\":\"https:\\\/\\\/www.anovapeneira.gal\\\/index.php\\\/2020\\\/12\\\/23\\\/ponton-pide-que-a-vacinacion-sexa-un-proceso-ordenado-para-salvar-vidas-e-non-unha-competicion-para-colgarse-medallas\\\/\"},\"wordCount\":490,\"commentCount\":0,\"publisher\":{\"@id\":\"https:\\\/\\\/www.anovapeneira.gal\\\/#organization\"},\"image\":{\"@id\":\"https:\\\/\\\/www.anovapeneira.gal\\\/index.php\\\/2020\\\/12\\\/23\\\/ponton-pide-que-a-vacinacion-sexa-un-proceso-ordenado-para-salvar-vidas-e-non-unha-competicion-para-colgarse-medallas\\\/#primaryimage\"},\"thumbnailUrl\":\"https:\\\/\\\/www.anovapeneira.gal\\\/wp-content\\\/uploads\\\/2020\\\/11\\\/ana_ponton_2_onda_covid.jpg\",\"keywords\":[\"Ana Pont\u00f3n\",\"BNG\"],\"articleSection\":[\"Novas\"],\"inLanguage\":\"gl-ES\",\"potentialAction\":[{\"@type\":\"CommentAction\",\"name\":\"Comment\",\"target\":[\"https:\\\/\\\/www.anovapeneira.gal\\\/index.php\\\/2020\\\/12\\\/23\\\/ponton-pide-que-a-vacinacion-sexa-un-proceso-ordenado-para-salvar-vidas-e-non-unha-competicion-para-colgarse-medallas\\\/#respond\"]}]},{\"@type\":\"WebPage\",\"@id\":\"https:\\\/\\\/www.anovapeneira.gal\\\/index.php\\\/2020\\\/12\\\/23\\\/ponton-pide-que-a-vacinacion-sexa-un-proceso-ordenado-para-salvar-vidas-e-non-unha-competicion-para-colgarse-medallas\\\/\",\"url\":\"https:\\\/\\\/www.anovapeneira.gal\\\/index.php\\\/2020\\\/12\\\/23\\\/ponton-pide-que-a-vacinacion-sexa-un-proceso-ordenado-para-salvar-vidas-e-non-unha-competicion-para-colgarse-medallas\\\/\",\"name\":\"Pont\u00f3n pide que a vacinaci\u00f3n sexa un proceso ordenado para salvar vidas e non unha competici\u00f3n para \u201ccolgarse medallas\u201d -\",\"isPartOf\":{\"@id\":\"https:\\\/\\\/www.anovapeneira.gal\\\/#website\"},\"primaryImageOfPage\":{\"@id\":\"https:\\\/\\\/www.anovapeneira.gal\\\/index.php\\\/2020\\\/12\\\/23\\\/ponton-pide-que-a-vacinacion-sexa-un-proceso-ordenado-para-salvar-vidas-e-non-unha-competicion-para-colgarse-medallas\\\/#primaryimage\"},\"image\":{\"@id\":\"https:\\\/\\\/www.anovapeneira.gal\\\/index.php\\\/2020\\\/12\\\/23\\\/ponton-pide-que-a-vacinacion-sexa-un-proceso-ordenado-para-salvar-vidas-e-non-unha-competicion-para-colgarse-medallas\\\/#primaryimage\"},\"thumbnailUrl\":\"https:\\\/\\\/www.anovapeneira.gal\\\/wp-content\\\/uploads\\\/2020\\\/11\\\/ana_ponton_2_onda_covid.jpg\",\"datePublished\":\"2020-12-23T11:00:46+00:00\",\"description\":\"Demanda prudencia e extremar as precauci\u00f3ns para evitar unha terceira onda: \u201ctr\u00e1tase de celebrar moitos nadais en compa\u00f1\u00eda dos seres queridos\u201d\",\"breadcrumb\":{\"@id\":\"https:\\\/\\\/www.anovapeneira.gal\\\/index.php\\\/2020\\\/12\\\/23\\\/ponton-pide-que-a-vacinacion-sexa-un-proceso-ordenado-para-salvar-vidas-e-non-unha-competicion-para-colgarse-medallas\\\/#breadcrumb\"},\"inLanguage\":\"gl-ES\",\"potentialAction\":[{\"@type\":\"ReadAction\",\"target\":[\"https:\\\/\\\/www.anovapeneira.gal\\\/index.php\\\/2020\\\/12\\\/23\\\/ponton-pide-que-a-vacinacion-sexa-un-proceso-ordenado-para-salvar-vidas-e-non-unha-competicion-para-colgarse-medallas\\\/\"]}]},{\"@type\":\"ImageObject\",\"inLanguage\":\"gl-ES\",\"@id\":\"https:\\\/\\\/www.anovapeneira.gal\\\/index.php\\\/2020\\\/12\\\/23\\\/ponton-pide-que-a-vacinacion-sexa-un-proceso-ordenado-para-salvar-vidas-e-non-unha-competicion-para-colgarse-medallas\\\/#primaryimage\",\"url\":\"https:\\\/\\\/www.anovapeneira.gal\\\/wp-content\\\/uploads\\\/2020\\\/11\\\/ana_ponton_2_onda_covid.jpg\",\"contentUrl\":\"https:\\\/\\\/www.anovapeneira.gal\\\/wp-content\\\/uploads\\\/2020\\\/11\\\/ana_ponton_2_onda_covid.jpg\",\"width\":720,\"height\":432,\"caption\":\"O BNG a favor de tomar medidas contundentes para frear a segunda onda da COVID e esixe \u00e1 Xunta que act\u00fae con decisi\u00f3n\"},{\"@type\":\"BreadcrumbList\",\"@id\":\"https:\\\/\\\/www.anovapeneira.gal\\\/index.php\\\/2020\\\/12\\\/23\\\/ponton-pide-que-a-vacinacion-sexa-un-proceso-ordenado-para-salvar-vidas-e-non-unha-competicion-para-colgarse-medallas\\\/#breadcrumb\",\"itemListElement\":[{\"@type\":\"ListItem\",\"position\":1,\"name\":\"Portada\",\"item\":\"https:\\\/\\\/www.anovapeneira.gal\\\/\"},{\"@type\":\"ListItem\",\"position\":2,\"name\":\"Pont\u00f3n pide que a vacinaci\u00f3n sexa un proceso ordenado para salvar vidas e non unha competici\u00f3n para \u201ccolgarse medallas\u201d\"}]},{\"@type\":\"WebSite\",\"@id\":\"https:\\\/\\\/www.anovapeneira.gal\\\/#website\",\"url\":\"https:\\\/\\\/www.anovapeneira.gal\\\/\",\"name\":\"\",\"description\":\"Xornal galego de informaci\u00f3n xeral Publicaci\u00f3n mensual de novas de Galicia e en especial dos Concellos da sur da provincia de Pontevedra.\",\"publisher\":{\"@id\":\"https:\\\/\\\/www.anovapeneira.gal\\\/#organization\"},\"potentialAction\":[{\"@type\":\"SearchAction\",\"target\":{\"@type\":\"EntryPoint\",\"urlTemplate\":\"https:\\\/\\\/www.anovapeneira.gal\\\/?s={search_term_string}\"},\"query-input\":{\"@type\":\"PropertyValueSpecification\",\"valueRequired\":true,\"valueName\":\"search_term_string\"}}],\"inLanguage\":\"gl-ES\"},{\"@type\":\"Organization\",\"@id\":\"https:\\\/\\\/www.anovapeneira.gal\\\/#organization\",\"name\":\"A Nova Peneira\",\"url\":\"https:\\\/\\\/www.anovapeneira.gal\\\/\",\"logo\":{\"@type\":\"ImageObject\",\"inLanguage\":\"gl-ES\",\"@id\":\"https:\\\/\\\/www.anovapeneira.gal\\\/#\\\/schema\\\/logo\\\/image\\\/\",\"url\":\"http:\\\/\\\/www.anovapeneira.gal\\\/wp-content\\\/uploads\\\/2019\\\/06\\\/logo_a_nova_peneira_portal_web.png\",\"contentUrl\":\"http:\\\/\\\/www.anovapeneira.gal\\\/wp-content\\\/uploads\\\/2019\\\/06\\\/logo_a_nova_peneira_portal_web.png\",\"width\":300,\"height\":100,\"caption\":\"A Nova Peneira\"},\"image\":{\"@id\":\"https:\\\/\\\/www.anovapeneira.gal\\\/#\\\/schema\\\/logo\\\/image\\\/\"},\"sameAs\":[\"https:\\\/\\\/www.facebook.com\\\/anovapeneira\",\"https:\\\/\\\/x.com\\\/APeneira\"]},{\"@type\":\"Person\",\"@id\":\"https:\\\/\\\/www.anovapeneira.gal\\\/#\\\/schema\\\/person\\\/b93e3f8932e3f8da96334607eb6ac6aa\",\"name\":\"Redacci\u00f3n A Nova Peneira\",\"image\":{\"@type\":\"ImageObject\",\"inLanguage\":\"gl-ES\",\"@id\":\"https:\\\/\\\/secure.gravatar.com\\\/avatar\\\/c052a2551a06e23fac63626232eaa90abd78dbcf1700fc46a2b2c89fd27b735f?s=96&d=mm&r=g\",\"url\":\"https:\\\/\\\/secure.gravatar.com\\\/avatar\\\/c052a2551a06e23fac63626232eaa90abd78dbcf1700fc46a2b2c89fd27b735f?s=96&d=mm&r=g\",\"contentUrl\":\"https:\\\/\\\/secure.gravatar.com\\\/avatar\\\/c052a2551a06e23fac63626232eaa90abd78dbcf1700fc46a2b2c89fd27b735f?s=96&d=mm&r=g\",\"caption\":\"Redacci\u00f3n A Nova Peneira\"},\"sameAs\":[\"http:\\\/\\\/www.anovapeneira.gal\\\/\"],\"url\":\"https:\\\/\\\/www.anovapeneira.gal\\\/index.php\\\/author\\\/redactor\\\/\"}]}<\/script>\n<!-- \/ Yoast SEO plugin. -->","yoast_head_json":{"title":"Pont\u00f3n pide que a vacinaci\u00f3n sexa un proceso ordenado para salvar vidas e non unha competici\u00f3n para \u201ccolgarse medallas\u201d -","description":"Demanda prudencia e extremar as precauci\u00f3ns para evitar unha terceira onda: \u201ctr\u00e1tase de celebrar moitos nadais en compa\u00f1\u00eda dos seres queridos\u201d","robots":{"index":"index","follow":"follow","max-snippet":"max-snippet:-1","max-image-preview":"max-image-preview:large","max-video-preview":"max-video-preview:-1"},"canonical":"https:\/\/www.anovapeneira.gal\/index.php\/2020\/12\/23\/ponton-pide-que-a-vacinacion-sexa-un-proceso-ordenado-para-salvar-vidas-e-non-unha-competicion-para-colgarse-medallas\/","og_locale":"gl_ES","og_type":"article","og_title":"Pont\u00f3n pide que a vacinaci\u00f3n sexa un proceso ordenado para salvar vidas e non unha competici\u00f3n para \u201ccolgarse medallas\u201d -","og_description":"Demanda prudencia e extremar as precauci\u00f3ns para evitar unha terceira onda: \u201ctr\u00e1tase de celebrar moitos nadais en compa\u00f1\u00eda dos seres queridos\u201d","og_url":"https:\/\/www.anovapeneira.gal\/index.php\/2020\/12\/23\/ponton-pide-que-a-vacinacion-sexa-un-proceso-ordenado-para-salvar-vidas-e-non-unha-competicion-para-colgarse-medallas\/","article_publisher":"https:\/\/www.facebook.com\/anovapeneira","article_published_time":"2020-12-23T11:00:46+00:00","og_image":[{"width":720,"height":432,"url":"https:\/\/www.anovapeneira.gal\/wp-content\/uploads\/2020\/11\/ana_ponton_2_onda_covid.jpg","type":"image\/jpeg"}],"author":"Redacci\u00f3n A Nova Peneira","twitter_card":"summary_large_image","twitter_creator":"@APeneira","twitter_site":"@APeneira","twitter_misc":{"Escrito por":"Redacci\u00f3n A Nova Peneira","Tempo de lectura":"2 minutos"},"schema":{"@context":"https:\/\/schema.org","@graph":[{"@type":"Article","@id":"https:\/\/www.anovapeneira.gal\/index.php\/2020\/12\/23\/ponton-pide-que-a-vacinacion-sexa-un-proceso-ordenado-para-salvar-vidas-e-non-unha-competicion-para-colgarse-medallas\/#article","isPartOf":{"@id":"https:\/\/www.anovapeneira.gal\/index.php\/2020\/12\/23\/ponton-pide-que-a-vacinacion-sexa-un-proceso-ordenado-para-salvar-vidas-e-non-unha-competicion-para-colgarse-medallas\/"},"author":{"name":"Redacci\u00f3n A Nova Peneira","@id":"https:\/\/www.anovapeneira.gal\/#\/schema\/person\/b93e3f8932e3f8da96334607eb6ac6aa"},"headline":"Pont\u00f3n pide que a vacinaci\u00f3n sexa un proceso ordenado para salvar vidas e non unha competici\u00f3n para \u201ccolgarse medallas\u201d","datePublished":"2020-12-23T11:00:46+00:00","mainEntityOfPage":{"@id":"https:\/\/www.anovapeneira.gal\/index.php\/2020\/12\/23\/ponton-pide-que-a-vacinacion-sexa-un-proceso-ordenado-para-salvar-vidas-e-non-unha-competicion-para-colgarse-medallas\/"},"wordCount":490,"commentCount":0,"publisher":{"@id":"https:\/\/www.anovapeneira.gal\/#organization"},"image":{"@id":"https:\/\/www.anovapeneira.gal\/index.php\/2020\/12\/23\/ponton-pide-que-a-vacinacion-sexa-un-proceso-ordenado-para-salvar-vidas-e-non-unha-competicion-para-colgarse-medallas\/#primaryimage"},"thumbnailUrl":"https:\/\/www.anovapeneira.gal\/wp-content\/uploads\/2020\/11\/ana_ponton_2_onda_covid.jpg","keywords":["Ana Pont\u00f3n","BNG"],"articleSection":["Novas"],"inLanguage":"gl-ES","potentialAction":[{"@type":"CommentAction","name":"Comment","target":["https:\/\/www.anovapeneira.gal\/index.php\/2020\/12\/23\/ponton-pide-que-a-vacinacion-sexa-un-proceso-ordenado-para-salvar-vidas-e-non-unha-competicion-para-colgarse-medallas\/#respond"]}]},{"@type":"WebPage","@id":"https:\/\/www.anovapeneira.gal\/index.php\/2020\/12\/23\/ponton-pide-que-a-vacinacion-sexa-un-proceso-ordenado-para-salvar-vidas-e-non-unha-competicion-para-colgarse-medallas\/","url":"https:\/\/www.anovapeneira.gal\/index.php\/2020\/12\/23\/ponton-pide-que-a-vacinacion-sexa-un-proceso-ordenado-para-salvar-vidas-e-non-unha-competicion-para-colgarse-medallas\/","name":"Pont\u00f3n pide que a vacinaci\u00f3n sexa un proceso ordenado para salvar vidas e non unha competici\u00f3n para \u201ccolgarse medallas\u201d -","isPartOf":{"@id":"https:\/\/www.anovapeneira.gal\/#website"},"primaryImageOfPage":{"@id":"https:\/\/www.anovapeneira.gal\/index.php\/2020\/12\/23\/ponton-pide-que-a-vacinacion-sexa-un-proceso-ordenado-para-salvar-vidas-e-non-unha-competicion-para-colgarse-medallas\/#primaryimage"},"image":{"@id":"https:\/\/www.anovapeneira.gal\/index.php\/2020\/12\/23\/ponton-pide-que-a-vacinacion-sexa-un-proceso-ordenado-para-salvar-vidas-e-non-unha-competicion-para-colgarse-medallas\/#primaryimage"},"thumbnailUrl":"https:\/\/www.anovapeneira.gal\/wp-content\/uploads\/2020\/11\/ana_ponton_2_onda_covid.jpg","datePublished":"2020-12-23T11:00:46+00:00","description":"Demanda prudencia e extremar as precauci\u00f3ns para evitar unha terceira onda: \u201ctr\u00e1tase de celebrar moitos nadais en compa\u00f1\u00eda dos seres queridos\u201d","breadcrumb":{"@id":"https:\/\/www.anovapeneira.gal\/index.php\/2020\/12\/23\/ponton-pide-que-a-vacinacion-sexa-un-proceso-ordenado-para-salvar-vidas-e-non-unha-competicion-para-colgarse-medallas\/#breadcrumb"},"inLanguage":"gl-ES","potentialAction":[{"@type":"ReadAction","target":["https:\/\/www.anovapeneira.gal\/index.php\/2020\/12\/23\/ponton-pide-que-a-vacinacion-sexa-un-proceso-ordenado-para-salvar-vidas-e-non-unha-competicion-para-colgarse-medallas\/"]}]},{"@type":"ImageObject","inLanguage":"gl-ES","@id":"https:\/\/www.anovapeneira.gal\/index.php\/2020\/12\/23\/ponton-pide-que-a-vacinacion-sexa-un-proceso-ordenado-para-salvar-vidas-e-non-unha-competicion-para-colgarse-medallas\/#primaryimage","url":"https:\/\/www.anovapeneira.gal\/wp-content\/uploads\/2020\/11\/ana_ponton_2_onda_covid.jpg","contentUrl":"https:\/\/www.anovapeneira.gal\/wp-content\/uploads\/2020\/11\/ana_ponton_2_onda_covid.jpg","width":720,"height":432,"caption":"O BNG a favor de tomar medidas contundentes para frear a segunda onda da COVID e esixe \u00e1 Xunta que act\u00fae con decisi\u00f3n"},{"@type":"BreadcrumbList","@id":"https:\/\/www.anovapeneira.gal\/index.php\/2020\/12\/23\/ponton-pide-que-a-vacinacion-sexa-un-proceso-ordenado-para-salvar-vidas-e-non-unha-competicion-para-colgarse-medallas\/#breadcrumb","itemListElement":[{"@type":"ListItem","position":1,"name":"Portada","item":"https:\/\/www.anovapeneira.gal\/"},{"@type":"ListItem","position":2,"name":"Pont\u00f3n pide que a vacinaci\u00f3n sexa un proceso ordenado para salvar vidas e non unha competici\u00f3n para \u201ccolgarse medallas\u201d"}]},{"@type":"WebSite","@id":"https:\/\/www.anovapeneira.gal\/#website","url":"https:\/\/www.anovapeneira.gal\/","name":"","description":"Xornal galego de informaci\u00f3n xeral Publicaci\u00f3n mensual de novas de Galicia e en especial dos Concellos da sur da provincia de Pontevedra.","publisher":{"@id":"https:\/\/www.anovapeneira.gal\/#organization"},"potentialAction":[{"@type":"SearchAction","target":{"@type":"EntryPoint","urlTemplate":"https:\/\/www.anovapeneira.gal\/?s={search_term_string}"},"query-input":{"@type":"PropertyValueSpecification","valueRequired":true,"valueName":"search_term_string"}}],"inLanguage":"gl-ES"},{"@type":"Organization","@id":"https:\/\/www.anovapeneira.gal\/#organization","name":"A Nova Peneira","url":"https:\/\/www.anovapeneira.gal\/","logo":{"@type":"ImageObject","inLanguage":"gl-ES","@id":"https:\/\/www.anovapeneira.gal\/#\/schema\/logo\/image\/","url":"http:\/\/www.anovapeneira.gal\/wp-content\/uploads\/2019\/06\/logo_a_nova_peneira_portal_web.png","contentUrl":"http:\/\/www.anovapeneira.gal\/wp-content\/uploads\/2019\/06\/logo_a_nova_peneira_portal_web.png","width":300,"height":100,"caption":"A Nova Peneira"},"image":{"@id":"https:\/\/www.anovapeneira.gal\/#\/schema\/logo\/image\/"},"sameAs":["https:\/\/www.facebook.com\/anovapeneira","https:\/\/x.com\/APeneira"]},{"@type":"Person","@id":"https:\/\/www.anovapeneira.gal\/#\/schema\/person\/b93e3f8932e3f8da96334607eb6ac6aa","name":"Redacci\u00f3n A Nova Peneira","image":{"@type":"ImageObject","inLanguage":"gl-ES","@id":"https:\/\/secure.gravatar.com\/avatar\/c052a2551a06e23fac63626232eaa90abd78dbcf1700fc46a2b2c89fd27b735f?s=96&d=mm&r=g","url":"https:\/\/secure.gravatar.com\/avatar\/c052a2551a06e23fac63626232eaa90abd78dbcf1700fc46a2b2c89fd27b735f?s=96&d=mm&r=g","contentUrl":"https:\/\/secure.gravatar.com\/avatar\/c052a2551a06e23fac63626232eaa90abd78dbcf1700fc46a2b2c89fd27b735f?s=96&d=mm&r=g","caption":"Redacci\u00f3n A Nova Peneira"},"sameAs":["http:\/\/www.anovapeneira.gal\/"],"url":"https:\/\/www.anovapeneira.gal\/index.php\/author\/redactor\/"}]}},"jetpack_featured_media_url":"https:\/\/www.anovapeneira.gal\/wp-content\/uploads\/2020\/11\/ana_ponton_2_onda_covid.jpg","_links":{"self":[{"href":"https:\/\/www.anovapeneira.gal\/index.php\/wp-json\/wp\/v2\/posts\/4528","targetHints":{"allow":["GET"]}}],"collection":[{"href":"https:\/\/www.anovapeneira.gal\/index.php\/wp-json\/wp\/v2\/posts"}],"about":[{"href":"https:\/\/www.anovapeneira.gal\/index.php\/wp-json\/wp\/v2\/types\/post"}],"author":[{"embeddable":true,"href":"https:\/\/www.anovapeneira.gal\/index.php\/wp-json\/wp\/v2\/users\/3"}],"replies":[{"embeddable":true,"href":"https:\/\/www.anovapeneira.gal\/index.php\/wp-json\/wp\/v2\/comments?post=4528"}],"version-history":[{"count":1,"href":"https:\/\/www.anovapeneira.gal\/index.php\/wp-json\/wp\/v2\/posts\/4528\/revisions"}],"predecessor-version":[{"id":4530,"href":"https:\/\/www.anovapeneira.gal\/index.php\/wp-json\/wp\/v2\/posts\/4528\/revisions\/4530"}],"wp:featuredmedia":[{"embeddable":true,"href":"https:\/\/www.anovapeneira.gal\/index.php\/wp-json\/wp\/v2\/media\/4194"}],"wp:attachment":[{"href":"https:\/\/www.anovapeneira.gal\/index.php\/wp-json\/wp\/v2\/media?parent=4528"}],"wp:term":[{"taxonomy":"category","embeddable":true,"href":"https:\/\/www.anovapeneira.gal\/index.php\/wp-json\/wp\/v2\/categories?post=4528"},{"taxonomy":"post_tag","embeddable":true,"href":"https:\/\/www.anovapeneira.gal\/index.php\/wp-json\/wp\/v2\/tags?post=4528"}],"curies":[{"name":"wp","href":"https:\/\/api.w.org\/{rel}","templated":true}]}}