{"id":4534,"date":"2020-12-24T12:00:46","date_gmt":"2020-12-24T11:00:46","guid":{"rendered":"http:\/\/www.anovapeneira.gal\/?p=4534"},"modified":"2020-12-17T18:51:08","modified_gmt":"2020-12-17T17:51:08","slug":"o-bng-demanda-recuperar-as-feiras-e-mercados-locais-con-garantias-de-seguridade-sanitaria-e-fomentar-a-excelencia-dos-produtos-galegos","status":"publish","type":"post","link":"https:\/\/www.anovapeneira.gal\/index.php\/2020\/12\/24\/o-bng-demanda-recuperar-as-feiras-e-mercados-locais-con-garantias-de-seguridade-sanitaria-e-fomentar-a-excelencia-dos-produtos-galegos\/","title":{"rendered":"O BNG demanda recuperar as feiras e mercados locais  con garant\u00edas de seguridade sanitaria e  fomentar a excelencia dos produtos galegos"},"content":{"rendered":"\n<h2 class=\"wp-block-heading\"><strong>Xos\u00e9 Lu\u00eds Rivas solicitou axudas para os concellos con feiras e mercadi\u00f1os tradicionais para estimular a s\u00faa actividade e o acceso a produtos de primeira necesidade sen intermediarios<\/strong><\/h2>\n\n\n\n<p><strong>Santiago de Compostela, 17 de Decembro 2020<\/strong><\/p>\n\n\n\n<p>O deputado do BNG, Xos\u00e9 Lu\u00eds Rivas (Mini), defendeu unha proposta na comisi\u00f3n de Agricultura na que demandaba recuperar as feiras e mercados locais cos necesarios\u00a0 protocolos de seguridade sanitaria. o ignored<\/p>\n\n\n\n<p>A proposta tam\u00e9n inclu\u00eda unha li\u00f1as de axudas aos concellos con feiras e mercadi\u00f1os tradicionais para estimular a &nbsp;actividade e fomentar a excelencia dos &nbsp;produtos as\u00ed como po\u00f1er a disposici\u00f3n dos produtores primarios, afectados polo peche da s\u00faa \u00fanica v\u00eda de comercializaci\u00f3n, &#8220;apoio econ\u00f3mico para compensar as perdas e evitar a destruci\u00f3n dos postos de traballo fundamentais na soberan\u00eda alimentaria dentro de Galiza&#8221;. o ignored<\/p>\n\n\n\n<p><strong>O PP rexeitou a proposta nacionalista<\/strong><\/p>\n\n\n\n<p>O parlamentario do BNG lamentou que o Partido popular impedira que prospera a proposta porque\u00a0 \u00a0as consecuencias da COVID tam\u00e9n se cebaron no sector e lembrou que nestes mercados basease grande parte da econom\u00eda rural. O peche das feiras e mercadi\u00f1os obrigou aos produtores e produtoras do sector primario a optar pola venda de cestas de alimentos a domicilio incrementada coa chegada de nova clientela e reforzada pola fidelidade da xa existente, explicou. <\/p>\n\n\n\n<p>O deputado argumentou que un dos clientes importantes situ\u00e1base na hostalar\u00eda que a pesar de reabrir, f\u00edxoo\u00a0 con restrici\u00f3ns de aforos \u00a0o que conlevou unha diminuci\u00f3ns do consumo dos produtos. Por outra parte, a \u00a0nivel institucional, alg\u00fans concellos aproveitaron o confinamento para pechar os mercados mentres outros como Allariz decidiron manter o seu Mercado da Reserva da Biosfera aberto durante o estado de alarma e o confinamento. <\/p>\n\n\n\n<p>Dende o primeiro momento, destacou o nacionalista, \u00a0entenderon que manter os nosos mercados abertos, como o da Biosfera ou a feira semanal, &#8220;facilitaban o acceso a produtos de primeira necesidade&#8221;, un dos principais obxectivos fundamentais durante o estado de alarma, po\u00f1endo produtos de produci\u00f3ns locais (de quil\u00f3metro cero) \u00e1 disposici\u00f3n da poboaci\u00f3n, mediante venda directa, sen intermediarios. Adaptaron t\u00f3dolos protocolos sanitarios dende un principio: &#8220;mantemento de distancias, desinfecci\u00f3n mans e calzado nas entradas, elementos de separaci\u00f3n para que a xente non puidese tocar os produtos, e dispensador de n\u00fameros para evitar aglomeraci\u00f3ns e colas&#8221;. <\/p>\n\n\n\n<p>Para o deputado, a Xunta de Galiza non amosou &#8220;interese&#8221; por \u00a0promover espazos para comercializar directamente produtos da terra, e \u00a0a\u00ednda que &#8220;hai concellos que si apoian activamente a comercializaci\u00f3n directa, como o mencionado caso Allariz, por desgraza son as excepci\u00f3ns que deberan converterse nas maior\u00edas&#8221; aseverou. <\/p>\n\n\n\n<p>As feiras e mercados son\u00a0 espazos \u00a0seguros e polo xeral ao aire libre e ben ventilados para vender nunha situaci\u00f3n de pandemia, &#8220;foi absurdo ver como foron os primeiros en ser pechados e os \u00faltimos en poder abrir&#8221;, recalcou Mini.<\/p>\n\n\n\n<p>Desde o BNG coidamos que son horas de restaurar &#8220;o sentido com\u00fan&#8221; e instar ao goberno galego a que elabore protocolos que regulen estes eventos en ben da seguridade sanitaria e que non paralice a cada vez m\u00e1is minguada actividade mercantil das feiras e mercados.<\/p>\n","protected":false},"excerpt":{"rendered":"<div class=\"mh-excerpt\"><p>Xos\u00e9 Lu\u00eds Rivas solicitou axudas para os concellos con feiras e mercadi\u00f1os tradicionais para estimular a s\u00faa actividade e o acceso a produtos de primeira necesidade sen intermediarios <a class=\"mh-excerpt-more\" href=\"https:\/\/www.anovapeneira.gal\/index.php\/2020\/12\/24\/o-bng-demanda-recuperar-as-feiras-e-mercados-locais-con-garantias-de-seguridade-sanitaria-e-fomentar-a-excelencia-dos-produtos-galegos\/\" title=\"O BNG demanda recuperar as feiras e mercados locais  con garant\u00edas de seguridade sanitaria e  fomentar a excelencia dos produtos galegos\">[&#8230;]<\/a><\/p>\n<\/div>","protected":false},"author":3,"featured_media":4536,"comment_status":"open","ping_status":"open","sticky":false,"template":"","format":"standard","meta":{"_exactmetrics_skip_tracking":false,"_exactmetrics_sitenote_active":false,"_exactmetrics_sitenote_note":"","_exactmetrics_sitenote_category":0,"footnotes":""},"categories":[263],"tags":[10],"class_list":{"0":"post-4534","1":"post","2":"type-post","3":"status-publish","4":"format-standard","5":"has-post-thumbnail","7":"category-novas","8":"tag-bng"},"yoast_head":"<!-- This site is optimized with the Yoast SEO plugin v27.4 - https:\/\/yoast.com\/product\/yoast-seo-wordpress\/ -->\n<title>O BNG demanda recuperar as feiras e mercados locais con garant\u00edas de seguridade sanitaria e fomentar a excelencia dos produtos galegos -<\/title>\n<meta name=\"description\" content=\"Xos\u00e9 Lu\u00eds Rivas solicitou axudas para os concellos con feiras e mercadi\u00f1os tradicionais para estimular a s\u00faa actividade e o acceso a produtos de primeira necesidade sen intermediarios\" \/>\n<meta name=\"robots\" content=\"index, follow, max-snippet:-1, max-image-preview:large, max-video-preview:-1\" \/>\n<link rel=\"canonical\" href=\"https:\/\/www.anovapeneira.gal\/index.php\/2020\/12\/24\/o-bng-demanda-recuperar-as-feiras-e-mercados-locais-con-garantias-de-seguridade-sanitaria-e-fomentar-a-excelencia-dos-produtos-galegos\/\" \/>\n<meta property=\"og:locale\" content=\"gl_ES\" \/>\n<meta property=\"og:type\" content=\"article\" \/>\n<meta property=\"og:title\" content=\"O BNG demanda recuperar as feiras e mercados locais con garant\u00edas de seguridade sanitaria e fomentar a excelencia dos produtos galegos -\" \/>\n<meta property=\"og:description\" content=\"Xos\u00e9 Lu\u00eds Rivas solicitou axudas para os concellos con feiras e mercadi\u00f1os tradicionais para estimular a s\u00faa actividade e o acceso a produtos de primeira necesidade sen intermediarios\" \/>\n<meta property=\"og:url\" content=\"https:\/\/www.anovapeneira.gal\/index.php\/2020\/12\/24\/o-bng-demanda-recuperar-as-feiras-e-mercados-locais-con-garantias-de-seguridade-sanitaria-e-fomentar-a-excelencia-dos-produtos-galegos\/\" \/>\n<meta property=\"article:publisher\" content=\"https:\/\/www.facebook.com\/anovapeneira\" \/>\n<meta property=\"article:published_time\" content=\"2020-12-24T11:00:46+00:00\" \/>\n<meta property=\"og:image\" content=\"https:\/\/www.anovapeneira.gal\/wp-content\/uploads\/2020\/12\/xose_luis_rivas_bng.jpg\" \/>\n\t<meta property=\"og:image:width\" content=\"720\" \/>\n\t<meta property=\"og:image:height\" content=\"432\" \/>\n\t<meta property=\"og:image:type\" content=\"image\/jpeg\" \/>\n<meta name=\"author\" content=\"Redacci\u00f3n A Nova Peneira\" \/>\n<meta name=\"twitter:card\" content=\"summary_large_image\" \/>\n<meta name=\"twitter:creator\" content=\"@APeneira\" \/>\n<meta name=\"twitter:site\" content=\"@APeneira\" \/>\n<meta name=\"twitter:label1\" content=\"Escrito por\" \/>\n\t<meta name=\"twitter:data1\" content=\"Redacci\u00f3n A Nova Peneira\" \/>\n\t<meta name=\"twitter:label2\" content=\"Tempo de lectura\" \/>\n\t<meta name=\"twitter:data2\" content=\"3 minutos\" \/>\n<script type=\"application\/ld+json\" class=\"yoast-schema-graph\">{\"@context\":\"https:\\\/\\\/schema.org\",\"@graph\":[{\"@type\":\"Article\",\"@id\":\"https:\\\/\\\/www.anovapeneira.gal\\\/index.php\\\/2020\\\/12\\\/24\\\/o-bng-demanda-recuperar-as-feiras-e-mercados-locais-con-garantias-de-seguridade-sanitaria-e-fomentar-a-excelencia-dos-produtos-galegos\\\/#article\",\"isPartOf\":{\"@id\":\"https:\\\/\\\/www.anovapeneira.gal\\\/index.php\\\/2020\\\/12\\\/24\\\/o-bng-demanda-recuperar-as-feiras-e-mercados-locais-con-garantias-de-seguridade-sanitaria-e-fomentar-a-excelencia-dos-produtos-galegos\\\/\"},\"author\":{\"name\":\"Redacci\u00f3n A Nova Peneira\",\"@id\":\"https:\\\/\\\/www.anovapeneira.gal\\\/#\\\/schema\\\/person\\\/b93e3f8932e3f8da96334607eb6ac6aa\"},\"headline\":\"O BNG demanda recuperar as feiras e mercados locais con garant\u00edas de seguridade sanitaria e fomentar a excelencia dos produtos galegos\",\"datePublished\":\"2020-12-24T11:00:46+00:00\",\"mainEntityOfPage\":{\"@id\":\"https:\\\/\\\/www.anovapeneira.gal\\\/index.php\\\/2020\\\/12\\\/24\\\/o-bng-demanda-recuperar-as-feiras-e-mercados-locais-con-garantias-de-seguridade-sanitaria-e-fomentar-a-excelencia-dos-produtos-galegos\\\/\"},\"wordCount\":568,\"commentCount\":0,\"publisher\":{\"@id\":\"https:\\\/\\\/www.anovapeneira.gal\\\/#organization\"},\"image\":{\"@id\":\"https:\\\/\\\/www.anovapeneira.gal\\\/index.php\\\/2020\\\/12\\\/24\\\/o-bng-demanda-recuperar-as-feiras-e-mercados-locais-con-garantias-de-seguridade-sanitaria-e-fomentar-a-excelencia-dos-produtos-galegos\\\/#primaryimage\"},\"thumbnailUrl\":\"https:\\\/\\\/www.anovapeneira.gal\\\/wp-content\\\/uploads\\\/2020\\\/12\\\/xose_luis_rivas_bng.jpg\",\"keywords\":[\"BNG\"],\"articleSection\":[\"Novas\"],\"inLanguage\":\"gl-ES\",\"potentialAction\":[{\"@type\":\"CommentAction\",\"name\":\"Comment\",\"target\":[\"https:\\\/\\\/www.anovapeneira.gal\\\/index.php\\\/2020\\\/12\\\/24\\\/o-bng-demanda-recuperar-as-feiras-e-mercados-locais-con-garantias-de-seguridade-sanitaria-e-fomentar-a-excelencia-dos-produtos-galegos\\\/#respond\"]}]},{\"@type\":\"WebPage\",\"@id\":\"https:\\\/\\\/www.anovapeneira.gal\\\/index.php\\\/2020\\\/12\\\/24\\\/o-bng-demanda-recuperar-as-feiras-e-mercados-locais-con-garantias-de-seguridade-sanitaria-e-fomentar-a-excelencia-dos-produtos-galegos\\\/\",\"url\":\"https:\\\/\\\/www.anovapeneira.gal\\\/index.php\\\/2020\\\/12\\\/24\\\/o-bng-demanda-recuperar-as-feiras-e-mercados-locais-con-garantias-de-seguridade-sanitaria-e-fomentar-a-excelencia-dos-produtos-galegos\\\/\",\"name\":\"O BNG demanda recuperar as feiras e mercados locais con garant\u00edas de seguridade sanitaria e fomentar a excelencia dos produtos galegos -\",\"isPartOf\":{\"@id\":\"https:\\\/\\\/www.anovapeneira.gal\\\/#website\"},\"primaryImageOfPage\":{\"@id\":\"https:\\\/\\\/www.anovapeneira.gal\\\/index.php\\\/2020\\\/12\\\/24\\\/o-bng-demanda-recuperar-as-feiras-e-mercados-locais-con-garantias-de-seguridade-sanitaria-e-fomentar-a-excelencia-dos-produtos-galegos\\\/#primaryimage\"},\"image\":{\"@id\":\"https:\\\/\\\/www.anovapeneira.gal\\\/index.php\\\/2020\\\/12\\\/24\\\/o-bng-demanda-recuperar-as-feiras-e-mercados-locais-con-garantias-de-seguridade-sanitaria-e-fomentar-a-excelencia-dos-produtos-galegos\\\/#primaryimage\"},\"thumbnailUrl\":\"https:\\\/\\\/www.anovapeneira.gal\\\/wp-content\\\/uploads\\\/2020\\\/12\\\/xose_luis_rivas_bng.jpg\",\"datePublished\":\"2020-12-24T11:00:46+00:00\",\"description\":\"Xos\u00e9 Lu\u00eds Rivas solicitou axudas para os concellos con feiras e mercadi\u00f1os tradicionais para estimular a s\u00faa actividade e o acceso a produtos de primeira necesidade sen intermediarios\",\"breadcrumb\":{\"@id\":\"https:\\\/\\\/www.anovapeneira.gal\\\/index.php\\\/2020\\\/12\\\/24\\\/o-bng-demanda-recuperar-as-feiras-e-mercados-locais-con-garantias-de-seguridade-sanitaria-e-fomentar-a-excelencia-dos-produtos-galegos\\\/#breadcrumb\"},\"inLanguage\":\"gl-ES\",\"potentialAction\":[{\"@type\":\"ReadAction\",\"target\":[\"https:\\\/\\\/www.anovapeneira.gal\\\/index.php\\\/2020\\\/12\\\/24\\\/o-bng-demanda-recuperar-as-feiras-e-mercados-locais-con-garantias-de-seguridade-sanitaria-e-fomentar-a-excelencia-dos-produtos-galegos\\\/\"]}]},{\"@type\":\"ImageObject\",\"inLanguage\":\"gl-ES\",\"@id\":\"https:\\\/\\\/www.anovapeneira.gal\\\/index.php\\\/2020\\\/12\\\/24\\\/o-bng-demanda-recuperar-as-feiras-e-mercados-locais-con-garantias-de-seguridade-sanitaria-e-fomentar-a-excelencia-dos-produtos-galegos\\\/#primaryimage\",\"url\":\"https:\\\/\\\/www.anovapeneira.gal\\\/wp-content\\\/uploads\\\/2020\\\/12\\\/xose_luis_rivas_bng.jpg\",\"contentUrl\":\"https:\\\/\\\/www.anovapeneira.gal\\\/wp-content\\\/uploads\\\/2020\\\/12\\\/xose_luis_rivas_bng.jpg\",\"width\":720,\"height\":432,\"caption\":\"Xos\u00e9 Lu\u00eds Rivas BNG\"},{\"@type\":\"BreadcrumbList\",\"@id\":\"https:\\\/\\\/www.anovapeneira.gal\\\/index.php\\\/2020\\\/12\\\/24\\\/o-bng-demanda-recuperar-as-feiras-e-mercados-locais-con-garantias-de-seguridade-sanitaria-e-fomentar-a-excelencia-dos-produtos-galegos\\\/#breadcrumb\",\"itemListElement\":[{\"@type\":\"ListItem\",\"position\":1,\"name\":\"Portada\",\"item\":\"https:\\\/\\\/www.anovapeneira.gal\\\/\"},{\"@type\":\"ListItem\",\"position\":2,\"name\":\"O BNG demanda recuperar as feiras e mercados locais con garant\u00edas de seguridade sanitaria e fomentar a excelencia dos produtos galegos\"}]},{\"@type\":\"WebSite\",\"@id\":\"https:\\\/\\\/www.anovapeneira.gal\\\/#website\",\"url\":\"https:\\\/\\\/www.anovapeneira.gal\\\/\",\"name\":\"\",\"description\":\"Xornal galego de informaci\u00f3n xeral Publicaci\u00f3n mensual de novas de Galicia e en especial dos Concellos da sur da provincia de Pontevedra.\",\"publisher\":{\"@id\":\"https:\\\/\\\/www.anovapeneira.gal\\\/#organization\"},\"potentialAction\":[{\"@type\":\"SearchAction\",\"target\":{\"@type\":\"EntryPoint\",\"urlTemplate\":\"https:\\\/\\\/www.anovapeneira.gal\\\/?s={search_term_string}\"},\"query-input\":{\"@type\":\"PropertyValueSpecification\",\"valueRequired\":true,\"valueName\":\"search_term_string\"}}],\"inLanguage\":\"gl-ES\"},{\"@type\":\"Organization\",\"@id\":\"https:\\\/\\\/www.anovapeneira.gal\\\/#organization\",\"name\":\"A Nova Peneira\",\"url\":\"https:\\\/\\\/www.anovapeneira.gal\\\/\",\"logo\":{\"@type\":\"ImageObject\",\"inLanguage\":\"gl-ES\",\"@id\":\"https:\\\/\\\/www.anovapeneira.gal\\\/#\\\/schema\\\/logo\\\/image\\\/\",\"url\":\"http:\\\/\\\/www.anovapeneira.gal\\\/wp-content\\\/uploads\\\/2019\\\/06\\\/logo_a_nova_peneira_portal_web.png\",\"contentUrl\":\"http:\\\/\\\/www.anovapeneira.gal\\\/wp-content\\\/uploads\\\/2019\\\/06\\\/logo_a_nova_peneira_portal_web.png\",\"width\":300,\"height\":100,\"caption\":\"A Nova Peneira\"},\"image\":{\"@id\":\"https:\\\/\\\/www.anovapeneira.gal\\\/#\\\/schema\\\/logo\\\/image\\\/\"},\"sameAs\":[\"https:\\\/\\\/www.facebook.com\\\/anovapeneira\",\"https:\\\/\\\/x.com\\\/APeneira\"]},{\"@type\":\"Person\",\"@id\":\"https:\\\/\\\/www.anovapeneira.gal\\\/#\\\/schema\\\/person\\\/b93e3f8932e3f8da96334607eb6ac6aa\",\"name\":\"Redacci\u00f3n A Nova Peneira\",\"image\":{\"@type\":\"ImageObject\",\"inLanguage\":\"gl-ES\",\"@id\":\"https:\\\/\\\/secure.gravatar.com\\\/avatar\\\/c052a2551a06e23fac63626232eaa90abd78dbcf1700fc46a2b2c89fd27b735f?s=96&d=mm&r=g\",\"url\":\"https:\\\/\\\/secure.gravatar.com\\\/avatar\\\/c052a2551a06e23fac63626232eaa90abd78dbcf1700fc46a2b2c89fd27b735f?s=96&d=mm&r=g\",\"contentUrl\":\"https:\\\/\\\/secure.gravatar.com\\\/avatar\\\/c052a2551a06e23fac63626232eaa90abd78dbcf1700fc46a2b2c89fd27b735f?s=96&d=mm&r=g\",\"caption\":\"Redacci\u00f3n A Nova Peneira\"},\"sameAs\":[\"http:\\\/\\\/www.anovapeneira.gal\\\/\"],\"url\":\"https:\\\/\\\/www.anovapeneira.gal\\\/index.php\\\/author\\\/redactor\\\/\"}]}<\/script>\n<!-- \/ Yoast SEO plugin. -->","yoast_head_json":{"title":"O BNG demanda recuperar as feiras e mercados locais con garant\u00edas de seguridade sanitaria e fomentar a excelencia dos produtos galegos -","description":"Xos\u00e9 Lu\u00eds Rivas solicitou axudas para os concellos con feiras e mercadi\u00f1os tradicionais para estimular a s\u00faa actividade e o acceso a produtos de primeira necesidade sen intermediarios","robots":{"index":"index","follow":"follow","max-snippet":"max-snippet:-1","max-image-preview":"max-image-preview:large","max-video-preview":"max-video-preview:-1"},"canonical":"https:\/\/www.anovapeneira.gal\/index.php\/2020\/12\/24\/o-bng-demanda-recuperar-as-feiras-e-mercados-locais-con-garantias-de-seguridade-sanitaria-e-fomentar-a-excelencia-dos-produtos-galegos\/","og_locale":"gl_ES","og_type":"article","og_title":"O BNG demanda recuperar as feiras e mercados locais con garant\u00edas de seguridade sanitaria e fomentar a excelencia dos produtos galegos -","og_description":"Xos\u00e9 Lu\u00eds Rivas solicitou axudas para os concellos con feiras e mercadi\u00f1os tradicionais para estimular a s\u00faa actividade e o acceso a produtos de primeira necesidade sen intermediarios","og_url":"https:\/\/www.anovapeneira.gal\/index.php\/2020\/12\/24\/o-bng-demanda-recuperar-as-feiras-e-mercados-locais-con-garantias-de-seguridade-sanitaria-e-fomentar-a-excelencia-dos-produtos-galegos\/","article_publisher":"https:\/\/www.facebook.com\/anovapeneira","article_published_time":"2020-12-24T11:00:46+00:00","og_image":[{"width":720,"height":432,"url":"https:\/\/www.anovapeneira.gal\/wp-content\/uploads\/2020\/12\/xose_luis_rivas_bng.jpg","type":"image\/jpeg"}],"author":"Redacci\u00f3n A Nova Peneira","twitter_card":"summary_large_image","twitter_creator":"@APeneira","twitter_site":"@APeneira","twitter_misc":{"Escrito por":"Redacci\u00f3n A Nova Peneira","Tempo de lectura":"3 minutos"},"schema":{"@context":"https:\/\/schema.org","@graph":[{"@type":"Article","@id":"https:\/\/www.anovapeneira.gal\/index.php\/2020\/12\/24\/o-bng-demanda-recuperar-as-feiras-e-mercados-locais-con-garantias-de-seguridade-sanitaria-e-fomentar-a-excelencia-dos-produtos-galegos\/#article","isPartOf":{"@id":"https:\/\/www.anovapeneira.gal\/index.php\/2020\/12\/24\/o-bng-demanda-recuperar-as-feiras-e-mercados-locais-con-garantias-de-seguridade-sanitaria-e-fomentar-a-excelencia-dos-produtos-galegos\/"},"author":{"name":"Redacci\u00f3n A Nova Peneira","@id":"https:\/\/www.anovapeneira.gal\/#\/schema\/person\/b93e3f8932e3f8da96334607eb6ac6aa"},"headline":"O BNG demanda recuperar as feiras e mercados locais con garant\u00edas de seguridade sanitaria e fomentar a excelencia dos produtos galegos","datePublished":"2020-12-24T11:00:46+00:00","mainEntityOfPage":{"@id":"https:\/\/www.anovapeneira.gal\/index.php\/2020\/12\/24\/o-bng-demanda-recuperar-as-feiras-e-mercados-locais-con-garantias-de-seguridade-sanitaria-e-fomentar-a-excelencia-dos-produtos-galegos\/"},"wordCount":568,"commentCount":0,"publisher":{"@id":"https:\/\/www.anovapeneira.gal\/#organization"},"image":{"@id":"https:\/\/www.anovapeneira.gal\/index.php\/2020\/12\/24\/o-bng-demanda-recuperar-as-feiras-e-mercados-locais-con-garantias-de-seguridade-sanitaria-e-fomentar-a-excelencia-dos-produtos-galegos\/#primaryimage"},"thumbnailUrl":"https:\/\/www.anovapeneira.gal\/wp-content\/uploads\/2020\/12\/xose_luis_rivas_bng.jpg","keywords":["BNG"],"articleSection":["Novas"],"inLanguage":"gl-ES","potentialAction":[{"@type":"CommentAction","name":"Comment","target":["https:\/\/www.anovapeneira.gal\/index.php\/2020\/12\/24\/o-bng-demanda-recuperar-as-feiras-e-mercados-locais-con-garantias-de-seguridade-sanitaria-e-fomentar-a-excelencia-dos-produtos-galegos\/#respond"]}]},{"@type":"WebPage","@id":"https:\/\/www.anovapeneira.gal\/index.php\/2020\/12\/24\/o-bng-demanda-recuperar-as-feiras-e-mercados-locais-con-garantias-de-seguridade-sanitaria-e-fomentar-a-excelencia-dos-produtos-galegos\/","url":"https:\/\/www.anovapeneira.gal\/index.php\/2020\/12\/24\/o-bng-demanda-recuperar-as-feiras-e-mercados-locais-con-garantias-de-seguridade-sanitaria-e-fomentar-a-excelencia-dos-produtos-galegos\/","name":"O BNG demanda recuperar as feiras e mercados locais con garant\u00edas de seguridade sanitaria e fomentar a excelencia dos produtos galegos -","isPartOf":{"@id":"https:\/\/www.anovapeneira.gal\/#website"},"primaryImageOfPage":{"@id":"https:\/\/www.anovapeneira.gal\/index.php\/2020\/12\/24\/o-bng-demanda-recuperar-as-feiras-e-mercados-locais-con-garantias-de-seguridade-sanitaria-e-fomentar-a-excelencia-dos-produtos-galegos\/#primaryimage"},"image":{"@id":"https:\/\/www.anovapeneira.gal\/index.php\/2020\/12\/24\/o-bng-demanda-recuperar-as-feiras-e-mercados-locais-con-garantias-de-seguridade-sanitaria-e-fomentar-a-excelencia-dos-produtos-galegos\/#primaryimage"},"thumbnailUrl":"https:\/\/www.anovapeneira.gal\/wp-content\/uploads\/2020\/12\/xose_luis_rivas_bng.jpg","datePublished":"2020-12-24T11:00:46+00:00","description":"Xos\u00e9 Lu\u00eds Rivas solicitou axudas para os concellos con feiras e mercadi\u00f1os tradicionais para estimular a s\u00faa actividade e o acceso a produtos de primeira necesidade sen intermediarios","breadcrumb":{"@id":"https:\/\/www.anovapeneira.gal\/index.php\/2020\/12\/24\/o-bng-demanda-recuperar-as-feiras-e-mercados-locais-con-garantias-de-seguridade-sanitaria-e-fomentar-a-excelencia-dos-produtos-galegos\/#breadcrumb"},"inLanguage":"gl-ES","potentialAction":[{"@type":"ReadAction","target":["https:\/\/www.anovapeneira.gal\/index.php\/2020\/12\/24\/o-bng-demanda-recuperar-as-feiras-e-mercados-locais-con-garantias-de-seguridade-sanitaria-e-fomentar-a-excelencia-dos-produtos-galegos\/"]}]},{"@type":"ImageObject","inLanguage":"gl-ES","@id":"https:\/\/www.anovapeneira.gal\/index.php\/2020\/12\/24\/o-bng-demanda-recuperar-as-feiras-e-mercados-locais-con-garantias-de-seguridade-sanitaria-e-fomentar-a-excelencia-dos-produtos-galegos\/#primaryimage","url":"https:\/\/www.anovapeneira.gal\/wp-content\/uploads\/2020\/12\/xose_luis_rivas_bng.jpg","contentUrl":"https:\/\/www.anovapeneira.gal\/wp-content\/uploads\/2020\/12\/xose_luis_rivas_bng.jpg","width":720,"height":432,"caption":"Xos\u00e9 Lu\u00eds Rivas BNG"},{"@type":"BreadcrumbList","@id":"https:\/\/www.anovapeneira.gal\/index.php\/2020\/12\/24\/o-bng-demanda-recuperar-as-feiras-e-mercados-locais-con-garantias-de-seguridade-sanitaria-e-fomentar-a-excelencia-dos-produtos-galegos\/#breadcrumb","itemListElement":[{"@type":"ListItem","position":1,"name":"Portada","item":"https:\/\/www.anovapeneira.gal\/"},{"@type":"ListItem","position":2,"name":"O BNG demanda recuperar as feiras e mercados locais con garant\u00edas de seguridade sanitaria e fomentar a excelencia dos produtos galegos"}]},{"@type":"WebSite","@id":"https:\/\/www.anovapeneira.gal\/#website","url":"https:\/\/www.anovapeneira.gal\/","name":"","description":"Xornal galego de informaci\u00f3n xeral Publicaci\u00f3n mensual de novas de Galicia e en especial dos Concellos da sur da provincia de Pontevedra.","publisher":{"@id":"https:\/\/www.anovapeneira.gal\/#organization"},"potentialAction":[{"@type":"SearchAction","target":{"@type":"EntryPoint","urlTemplate":"https:\/\/www.anovapeneira.gal\/?s={search_term_string}"},"query-input":{"@type":"PropertyValueSpecification","valueRequired":true,"valueName":"search_term_string"}}],"inLanguage":"gl-ES"},{"@type":"Organization","@id":"https:\/\/www.anovapeneira.gal\/#organization","name":"A Nova Peneira","url":"https:\/\/www.anovapeneira.gal\/","logo":{"@type":"ImageObject","inLanguage":"gl-ES","@id":"https:\/\/www.anovapeneira.gal\/#\/schema\/logo\/image\/","url":"http:\/\/www.anovapeneira.gal\/wp-content\/uploads\/2019\/06\/logo_a_nova_peneira_portal_web.png","contentUrl":"http:\/\/www.anovapeneira.gal\/wp-content\/uploads\/2019\/06\/logo_a_nova_peneira_portal_web.png","width":300,"height":100,"caption":"A Nova Peneira"},"image":{"@id":"https:\/\/www.anovapeneira.gal\/#\/schema\/logo\/image\/"},"sameAs":["https:\/\/www.facebook.com\/anovapeneira","https:\/\/x.com\/APeneira"]},{"@type":"Person","@id":"https:\/\/www.anovapeneira.gal\/#\/schema\/person\/b93e3f8932e3f8da96334607eb6ac6aa","name":"Redacci\u00f3n A Nova Peneira","image":{"@type":"ImageObject","inLanguage":"gl-ES","@id":"https:\/\/secure.gravatar.com\/avatar\/c052a2551a06e23fac63626232eaa90abd78dbcf1700fc46a2b2c89fd27b735f?s=96&d=mm&r=g","url":"https:\/\/secure.gravatar.com\/avatar\/c052a2551a06e23fac63626232eaa90abd78dbcf1700fc46a2b2c89fd27b735f?s=96&d=mm&r=g","contentUrl":"https:\/\/secure.gravatar.com\/avatar\/c052a2551a06e23fac63626232eaa90abd78dbcf1700fc46a2b2c89fd27b735f?s=96&d=mm&r=g","caption":"Redacci\u00f3n A Nova Peneira"},"sameAs":["http:\/\/www.anovapeneira.gal\/"],"url":"https:\/\/www.anovapeneira.gal\/index.php\/author\/redactor\/"}]}},"jetpack_featured_media_url":"https:\/\/www.anovapeneira.gal\/wp-content\/uploads\/2020\/12\/xose_luis_rivas_bng.jpg","_links":{"self":[{"href":"https:\/\/www.anovapeneira.gal\/index.php\/wp-json\/wp\/v2\/posts\/4534","targetHints":{"allow":["GET"]}}],"collection":[{"href":"https:\/\/www.anovapeneira.gal\/index.php\/wp-json\/wp\/v2\/posts"}],"about":[{"href":"https:\/\/www.anovapeneira.gal\/index.php\/wp-json\/wp\/v2\/types\/post"}],"author":[{"embeddable":true,"href":"https:\/\/www.anovapeneira.gal\/index.php\/wp-json\/wp\/v2\/users\/3"}],"replies":[{"embeddable":true,"href":"https:\/\/www.anovapeneira.gal\/index.php\/wp-json\/wp\/v2\/comments?post=4534"}],"version-history":[{"count":2,"href":"https:\/\/www.anovapeneira.gal\/index.php\/wp-json\/wp\/v2\/posts\/4534\/revisions"}],"predecessor-version":[{"id":4537,"href":"https:\/\/www.anovapeneira.gal\/index.php\/wp-json\/wp\/v2\/posts\/4534\/revisions\/4537"}],"wp:featuredmedia":[{"embeddable":true,"href":"https:\/\/www.anovapeneira.gal\/index.php\/wp-json\/wp\/v2\/media\/4536"}],"wp:attachment":[{"href":"https:\/\/www.anovapeneira.gal\/index.php\/wp-json\/wp\/v2\/media?parent=4534"}],"wp:term":[{"taxonomy":"category","embeddable":true,"href":"https:\/\/www.anovapeneira.gal\/index.php\/wp-json\/wp\/v2\/categories?post=4534"},{"taxonomy":"post_tag","embeddable":true,"href":"https:\/\/www.anovapeneira.gal\/index.php\/wp-json\/wp\/v2\/tags?post=4534"}],"curies":[{"name":"wp","href":"https:\/\/api.w.org\/{rel}","templated":true}]}}