{"id":4560,"date":"2020-12-29T10:00:16","date_gmt":"2020-12-29T09:00:16","guid":{"rendered":"http:\/\/www.anovapeneira.gal\/?p=4560"},"modified":"2020-12-27T12:25:50","modified_gmt":"2020-12-27T11:25:50","slug":"a-viaxe","status":"publish","type":"post","link":"https:\/\/www.anovapeneira.gal\/index.php\/2020\/12\/29\/a-viaxe\/","title":{"rendered":"A viaxe"},"content":{"rendered":"\n\n\n<p>Hai cousa dun ano, por estas mesmas datas, na casa xa andabamos arranxando os derradeiros detalles para a nosa viaxe de volta \u00e1 Galiza, e as\u00ed, poder despedir e recibir un novo ano arrodeados da mi\u00f1a fam\u00edlia e dos nosos amigos cos beizos mollados.<\/p>\n\n\n\n<p>Hei de reco\u00f1ecer que son un aut\u00e9ntico desastre \u00e1 hora de deixar atados todos os cabos que sup\u00f3n un traslado familiar, can inclu\u00eddo. Eu son dos que poder\u00edan sobrevivir con d\u00faas mudas dez d\u00edas coma pouco. Polo tanto, \u00e9 a mi\u00f1a muller, a mi\u00f1a compa\u00f1eira a que leva todo o peso deste simulacro de mudanza de toda a fam\u00edlia.<\/p>\n\n\n\n<p>A verdade \u00e9 que non sei como demo fai as contas ou que sistema organizativo emprega para meter nas maletas todo canto precisamos, sen deixar nada atr\u00e1s.<\/p>\n\n\n\n<p>Dame envexa a ilusi\u00f3n e a intensidade que pon cada vez que sa\u00edmos de viaxe.&nbsp;De non ser por ela, non teriamos celebrado ning\u00fan solsticio no tempo que levamos xuntos.<\/p>\n\n\n\n<p>\u00a1O meu \u00e9 fungar por todo! Onde imos con tanta roupa, meu amor? Para que raios levamos tanto calzado? Non nos chega cun abrigo para cada un?&nbsp;Non son moitos calcet\u00edns, meu ben?&nbsp;<\/p>\n\n\n\n<p>E as\u00ed ata que arrancamos o coche e po\u00f1emos o conta quil\u00f3metros \u00e1 cero coma se non soub\u00e9semos de memoria a distancia entre Errenter\u00eda e Redondela. Xa son moitos anos indo e vindo. Fuxindo e voltando pola mesma autoestrada, e, a terra, non da encollido.<\/p>\n\n\n\n<p>Este ano non imos facer viaxe algunha. Non est\u00e1 a situaci\u00f3n para andar correndo riscos innecesarios que poder\u00edan traer alg\u00fan problema serio para a xente que amamos ou para n\u00f3s mesmos.<\/p>\n\n\n\n<p>Este ano, o noso maior acto de amor, o noso mellor agasallo vai ser a prudencia e a responsabilidade.<\/p>\n\n\n\n<p>Non sei si chegar\u00e1n outros tempos nos que poidamos voltar a arrincarnos a pel coma tolos, coma adoitabamos facer antes de que chegaran malas novas al\u00e9n das nosas fronteiras, pero, para cando cheguen eses tempos, agardo poder cont\u00e1rvolo todo coas mi\u00f1as palabras, sen medo.<\/p>\n\n\n\n<p>Polo de agora, imos deixar nun caix\u00f3n todos os excesos de afectividade destas datas para outra ocasi\u00f3n mellor.<\/p>\n\n\n\n<p>Xa nos decatamos de que as calores do ver\u00e1n non foron quen de manternos a salvo ainda que foron moitos os cham\u00e1ns que falaban dos poderes milagreiros das altas temperaturas.<\/p>\n\n\n\n<p>\u00c9 curioso o doado que resulta convencer \u00e1 xente dunha idea por moi tola que esta pareza. Abonda con repetir unha frase d\u00faas veces e xa tes o circo montado. Logo dunha semana, xa tes un feixe de seguidores capaces de meter a man no lume e asegurar que a Terra \u00e9 plana, que Cristo fundou a nosa civilizac\u00ed\u00f3n ou mesmo que Franco era un bo home e mellor av\u00f3.<\/p>\n\n\n\n<p>D\u00edas atr\u00e1s, o meu amigo Luis guindaba unha pregunta \u00f3 aire,\u201d a ignorancia facilita a manipulaci\u00f3n ou a manipulaci\u00f3n deriva da ignoracia? Ah\u00ed vos deixo o meu agasallo de Nadal, xa tendes traballo para estes d\u00edas.<\/p>\n\n\n\n<p>N\u00f3s, imos ficar na casa. Polo de agora, nada de viaxes. Xa haber\u00e1 tempo de arrincarnos a pel e durmir nos vosos b\u00e9bedos brazos.<\/p>\n","protected":false},"excerpt":{"rendered":"<div class=\"mh-excerpt\"><p>Hai cousa dun ano, por estas mesmas datas, na casa xa andabamos arranxando os derradeiros detalles para a nosa viaxe de volta \u00e1 Galiza, e as\u00ed, poder despedir e recibir un novo ano arrodeados da mi\u00f1a fam\u00edlia e dos nosos amigos cos beizos mollados. <a class=\"mh-excerpt-more\" href=\"https:\/\/www.anovapeneira.gal\/index.php\/2020\/12\/29\/a-viaxe\/\" title=\"A viaxe\">[&#8230;]<\/a><\/p>\n<\/div>","protected":false},"author":14,"featured_media":584,"comment_status":"open","ping_status":"open","sticky":false,"template":"","format":"standard","meta":{"_exactmetrics_skip_tracking":false,"_exactmetrics_sitenote_active":false,"_exactmetrics_sitenote_note":"","_exactmetrics_sitenote_category":0,"footnotes":""},"categories":[7],"tags":[58,727],"class_list":{"0":"post-4560","1":"post","2":"type-post","3":"status-publish","4":"format-standard","5":"has-post-thumbnail","7":"category-artigos-de-opinion","8":"tag-opinion","9":"tag-xoan-alonso"},"yoast_head":"<!-- This site is optimized with the Yoast SEO plugin v27.4 - https:\/\/yoast.com\/product\/yoast-seo-wordpress\/ -->\n<title>A viaxe -<\/title>\n<meta name=\"description\" content=\"Hai cousa dun ano, por estas mesmas datas, na casa xa andabamos arranxando os derradeiros detalles para a nosa viaxe de volta \u00e1 Galiza, e as\u00ed, poder despedir e recibir un novo ano arrodeados da mi\u00f1a fam\u00edlia e dos nosos amigos cos beizos mollados.\" \/>\n<meta name=\"robots\" content=\"index, follow, max-snippet:-1, max-image-preview:large, max-video-preview:-1\" \/>\n<link rel=\"canonical\" href=\"https:\/\/www.anovapeneira.gal\/index.php\/2020\/12\/29\/a-viaxe\/\" \/>\n<meta property=\"og:locale\" content=\"gl_ES\" \/>\n<meta property=\"og:type\" content=\"article\" \/>\n<meta property=\"og:title\" content=\"A viaxe -\" \/>\n<meta property=\"og:description\" content=\"Hai cousa dun ano, por estas mesmas datas, na casa xa andabamos arranxando os derradeiros detalles para a nosa viaxe de volta \u00e1 Galiza, e as\u00ed, poder despedir e recibir un novo ano arrodeados da mi\u00f1a fam\u00edlia e dos nosos amigos cos beizos mollados.\" \/>\n<meta property=\"og:url\" content=\"https:\/\/www.anovapeneira.gal\/index.php\/2020\/12\/29\/a-viaxe\/\" \/>\n<meta property=\"article:publisher\" content=\"https:\/\/www.facebook.com\/anovapeneira\" \/>\n<meta property=\"article:published_time\" content=\"2020-12-29T09:00:16+00:00\" \/>\n<meta property=\"og:image\" content=\"https:\/\/www.anovapeneira.gal\/wp-content\/uploads\/2019\/07\/ARTIGO_DE_OPINION_A_NOVA_PENEIRA.jpg\" \/>\n\t<meta property=\"og:image:width\" content=\"720\" \/>\n\t<meta property=\"og:image:height\" content=\"473\" \/>\n\t<meta property=\"og:image:type\" content=\"image\/jpeg\" \/>\n<meta name=\"author\" content=\"Xo\u00e1n Alonso\" \/>\n<meta name=\"twitter:card\" content=\"summary_large_image\" \/>\n<meta name=\"twitter:creator\" content=\"@APeneira\" \/>\n<meta name=\"twitter:site\" content=\"@APeneira\" \/>\n<meta name=\"twitter:label1\" content=\"Escrito por\" \/>\n\t<meta name=\"twitter:data1\" content=\"Xo\u00e1n Alonso\" \/>\n\t<meta name=\"twitter:label2\" content=\"Tempo de lectura\" \/>\n\t<meta name=\"twitter:data2\" content=\"3 minutos\" \/>\n<script type=\"application\/ld+json\" class=\"yoast-schema-graph\">{\"@context\":\"https:\\\/\\\/schema.org\",\"@graph\":[{\"@type\":\"Article\",\"@id\":\"https:\\\/\\\/www.anovapeneira.gal\\\/index.php\\\/2020\\\/12\\\/29\\\/a-viaxe\\\/#article\",\"isPartOf\":{\"@id\":\"https:\\\/\\\/www.anovapeneira.gal\\\/index.php\\\/2020\\\/12\\\/29\\\/a-viaxe\\\/\"},\"author\":{\"name\":\"Xo\u00e1n Alonso\",\"@id\":\"https:\\\/\\\/www.anovapeneira.gal\\\/#\\\/schema\\\/person\\\/3c0f6176a11937f0382c23cfcecc8810\"},\"headline\":\"A viaxe\",\"datePublished\":\"2020-12-29T09:00:16+00:00\",\"mainEntityOfPage\":{\"@id\":\"https:\\\/\\\/www.anovapeneira.gal\\\/index.php\\\/2020\\\/12\\\/29\\\/a-viaxe\\\/\"},\"wordCount\":548,\"commentCount\":0,\"publisher\":{\"@id\":\"https:\\\/\\\/www.anovapeneira.gal\\\/#organization\"},\"image\":{\"@id\":\"https:\\\/\\\/www.anovapeneira.gal\\\/index.php\\\/2020\\\/12\\\/29\\\/a-viaxe\\\/#primaryimage\"},\"thumbnailUrl\":\"https:\\\/\\\/www.anovapeneira.gal\\\/wp-content\\\/uploads\\\/2019\\\/07\\\/ARTIGO_DE_OPINION_A_NOVA_PENEIRA.jpg\",\"keywords\":[\"Opini\u00f3n\",\"Xo\u00e1n Alonso\"],\"articleSection\":[\"Artigos de opini\u00f3n\"],\"inLanguage\":\"gl-ES\",\"potentialAction\":[{\"@type\":\"CommentAction\",\"name\":\"Comment\",\"target\":[\"https:\\\/\\\/www.anovapeneira.gal\\\/index.php\\\/2020\\\/12\\\/29\\\/a-viaxe\\\/#respond\"]}]},{\"@type\":\"WebPage\",\"@id\":\"https:\\\/\\\/www.anovapeneira.gal\\\/index.php\\\/2020\\\/12\\\/29\\\/a-viaxe\\\/\",\"url\":\"https:\\\/\\\/www.anovapeneira.gal\\\/index.php\\\/2020\\\/12\\\/29\\\/a-viaxe\\\/\",\"name\":\"A viaxe -\",\"isPartOf\":{\"@id\":\"https:\\\/\\\/www.anovapeneira.gal\\\/#website\"},\"primaryImageOfPage\":{\"@id\":\"https:\\\/\\\/www.anovapeneira.gal\\\/index.php\\\/2020\\\/12\\\/29\\\/a-viaxe\\\/#primaryimage\"},\"image\":{\"@id\":\"https:\\\/\\\/www.anovapeneira.gal\\\/index.php\\\/2020\\\/12\\\/29\\\/a-viaxe\\\/#primaryimage\"},\"thumbnailUrl\":\"https:\\\/\\\/www.anovapeneira.gal\\\/wp-content\\\/uploads\\\/2019\\\/07\\\/ARTIGO_DE_OPINION_A_NOVA_PENEIRA.jpg\",\"datePublished\":\"2020-12-29T09:00:16+00:00\",\"description\":\"Hai cousa dun ano, por estas mesmas datas, na casa xa andabamos arranxando os derradeiros detalles para a nosa viaxe de volta \u00e1 Galiza, e as\u00ed, poder despedir e recibir un novo ano arrodeados da mi\u00f1a fam\u00edlia e dos nosos amigos cos beizos mollados.\",\"breadcrumb\":{\"@id\":\"https:\\\/\\\/www.anovapeneira.gal\\\/index.php\\\/2020\\\/12\\\/29\\\/a-viaxe\\\/#breadcrumb\"},\"inLanguage\":\"gl-ES\",\"potentialAction\":[{\"@type\":\"ReadAction\",\"target\":[\"https:\\\/\\\/www.anovapeneira.gal\\\/index.php\\\/2020\\\/12\\\/29\\\/a-viaxe\\\/\"]}]},{\"@type\":\"ImageObject\",\"inLanguage\":\"gl-ES\",\"@id\":\"https:\\\/\\\/www.anovapeneira.gal\\\/index.php\\\/2020\\\/12\\\/29\\\/a-viaxe\\\/#primaryimage\",\"url\":\"https:\\\/\\\/www.anovapeneira.gal\\\/wp-content\\\/uploads\\\/2019\\\/07\\\/ARTIGO_DE_OPINION_A_NOVA_PENEIRA.jpg\",\"contentUrl\":\"https:\\\/\\\/www.anovapeneira.gal\\\/wp-content\\\/uploads\\\/2019\\\/07\\\/ARTIGO_DE_OPINION_A_NOVA_PENEIRA.jpg\",\"width\":720,\"height\":473,\"caption\":\"Artigo de opini\u00f3n A Nova Peneira\"},{\"@type\":\"BreadcrumbList\",\"@id\":\"https:\\\/\\\/www.anovapeneira.gal\\\/index.php\\\/2020\\\/12\\\/29\\\/a-viaxe\\\/#breadcrumb\",\"itemListElement\":[{\"@type\":\"ListItem\",\"position\":1,\"name\":\"Portada\",\"item\":\"https:\\\/\\\/www.anovapeneira.gal\\\/\"},{\"@type\":\"ListItem\",\"position\":2,\"name\":\"A viaxe\"}]},{\"@type\":\"WebSite\",\"@id\":\"https:\\\/\\\/www.anovapeneira.gal\\\/#website\",\"url\":\"https:\\\/\\\/www.anovapeneira.gal\\\/\",\"name\":\"\",\"description\":\"Xornal galego de informaci\u00f3n xeral Publicaci\u00f3n mensual de novas de Galicia e en especial dos Concellos da sur da provincia de Pontevedra.\",\"publisher\":{\"@id\":\"https:\\\/\\\/www.anovapeneira.gal\\\/#organization\"},\"potentialAction\":[{\"@type\":\"SearchAction\",\"target\":{\"@type\":\"EntryPoint\",\"urlTemplate\":\"https:\\\/\\\/www.anovapeneira.gal\\\/?s={search_term_string}\"},\"query-input\":{\"@type\":\"PropertyValueSpecification\",\"valueRequired\":true,\"valueName\":\"search_term_string\"}}],\"inLanguage\":\"gl-ES\"},{\"@type\":\"Organization\",\"@id\":\"https:\\\/\\\/www.anovapeneira.gal\\\/#organization\",\"name\":\"A Nova Peneira\",\"url\":\"https:\\\/\\\/www.anovapeneira.gal\\\/\",\"logo\":{\"@type\":\"ImageObject\",\"inLanguage\":\"gl-ES\",\"@id\":\"https:\\\/\\\/www.anovapeneira.gal\\\/#\\\/schema\\\/logo\\\/image\\\/\",\"url\":\"http:\\\/\\\/www.anovapeneira.gal\\\/wp-content\\\/uploads\\\/2019\\\/06\\\/logo_a_nova_peneira_portal_web.png\",\"contentUrl\":\"http:\\\/\\\/www.anovapeneira.gal\\\/wp-content\\\/uploads\\\/2019\\\/06\\\/logo_a_nova_peneira_portal_web.png\",\"width\":300,\"height\":100,\"caption\":\"A Nova Peneira\"},\"image\":{\"@id\":\"https:\\\/\\\/www.anovapeneira.gal\\\/#\\\/schema\\\/logo\\\/image\\\/\"},\"sameAs\":[\"https:\\\/\\\/www.facebook.com\\\/anovapeneira\",\"https:\\\/\\\/x.com\\\/APeneira\"]},{\"@type\":\"Person\",\"@id\":\"https:\\\/\\\/www.anovapeneira.gal\\\/#\\\/schema\\\/person\\\/3c0f6176a11937f0382c23cfcecc8810\",\"name\":\"Xo\u00e1n Alonso\",\"image\":{\"@type\":\"ImageObject\",\"inLanguage\":\"gl-ES\",\"@id\":\"https:\\\/\\\/secure.gravatar.com\\\/avatar\\\/2363e2851e208cf25381166cf12eec1cad20b87f47b38097822f83644f99412d?s=96&d=mm&r=g\",\"url\":\"https:\\\/\\\/secure.gravatar.com\\\/avatar\\\/2363e2851e208cf25381166cf12eec1cad20b87f47b38097822f83644f99412d?s=96&d=mm&r=g\",\"contentUrl\":\"https:\\\/\\\/secure.gravatar.com\\\/avatar\\\/2363e2851e208cf25381166cf12eec1cad20b87f47b38097822f83644f99412d?s=96&d=mm&r=g\",\"caption\":\"Xo\u00e1n Alonso\"},\"sameAs\":[\"http:\\\/\\\/anovapeneira.gal\"],\"url\":\"https:\\\/\\\/www.anovapeneira.gal\\\/index.php\\\/author\\\/opinionxoan-alonso\\\/\"}]}<\/script>\n<!-- \/ Yoast SEO plugin. -->","yoast_head_json":{"title":"A viaxe -","description":"Hai cousa dun ano, por estas mesmas datas, na casa xa andabamos arranxando os derradeiros detalles para a nosa viaxe de volta \u00e1 Galiza, e as\u00ed, poder despedir e recibir un novo ano arrodeados da mi\u00f1a fam\u00edlia e dos nosos amigos cos beizos mollados.","robots":{"index":"index","follow":"follow","max-snippet":"max-snippet:-1","max-image-preview":"max-image-preview:large","max-video-preview":"max-video-preview:-1"},"canonical":"https:\/\/www.anovapeneira.gal\/index.php\/2020\/12\/29\/a-viaxe\/","og_locale":"gl_ES","og_type":"article","og_title":"A viaxe -","og_description":"Hai cousa dun ano, por estas mesmas datas, na casa xa andabamos arranxando os derradeiros detalles para a nosa viaxe de volta \u00e1 Galiza, e as\u00ed, poder despedir e recibir un novo ano arrodeados da mi\u00f1a fam\u00edlia e dos nosos amigos cos beizos mollados.","og_url":"https:\/\/www.anovapeneira.gal\/index.php\/2020\/12\/29\/a-viaxe\/","article_publisher":"https:\/\/www.facebook.com\/anovapeneira","article_published_time":"2020-12-29T09:00:16+00:00","og_image":[{"width":720,"height":473,"url":"https:\/\/www.anovapeneira.gal\/wp-content\/uploads\/2019\/07\/ARTIGO_DE_OPINION_A_NOVA_PENEIRA.jpg","type":"image\/jpeg"}],"author":"Xo\u00e1n Alonso","twitter_card":"summary_large_image","twitter_creator":"@APeneira","twitter_site":"@APeneira","twitter_misc":{"Escrito por":"Xo\u00e1n Alonso","Tempo de lectura":"3 minutos"},"schema":{"@context":"https:\/\/schema.org","@graph":[{"@type":"Article","@id":"https:\/\/www.anovapeneira.gal\/index.php\/2020\/12\/29\/a-viaxe\/#article","isPartOf":{"@id":"https:\/\/www.anovapeneira.gal\/index.php\/2020\/12\/29\/a-viaxe\/"},"author":{"name":"Xo\u00e1n Alonso","@id":"https:\/\/www.anovapeneira.gal\/#\/schema\/person\/3c0f6176a11937f0382c23cfcecc8810"},"headline":"A viaxe","datePublished":"2020-12-29T09:00:16+00:00","mainEntityOfPage":{"@id":"https:\/\/www.anovapeneira.gal\/index.php\/2020\/12\/29\/a-viaxe\/"},"wordCount":548,"commentCount":0,"publisher":{"@id":"https:\/\/www.anovapeneira.gal\/#organization"},"image":{"@id":"https:\/\/www.anovapeneira.gal\/index.php\/2020\/12\/29\/a-viaxe\/#primaryimage"},"thumbnailUrl":"https:\/\/www.anovapeneira.gal\/wp-content\/uploads\/2019\/07\/ARTIGO_DE_OPINION_A_NOVA_PENEIRA.jpg","keywords":["Opini\u00f3n","Xo\u00e1n Alonso"],"articleSection":["Artigos de opini\u00f3n"],"inLanguage":"gl-ES","potentialAction":[{"@type":"CommentAction","name":"Comment","target":["https:\/\/www.anovapeneira.gal\/index.php\/2020\/12\/29\/a-viaxe\/#respond"]}]},{"@type":"WebPage","@id":"https:\/\/www.anovapeneira.gal\/index.php\/2020\/12\/29\/a-viaxe\/","url":"https:\/\/www.anovapeneira.gal\/index.php\/2020\/12\/29\/a-viaxe\/","name":"A viaxe -","isPartOf":{"@id":"https:\/\/www.anovapeneira.gal\/#website"},"primaryImageOfPage":{"@id":"https:\/\/www.anovapeneira.gal\/index.php\/2020\/12\/29\/a-viaxe\/#primaryimage"},"image":{"@id":"https:\/\/www.anovapeneira.gal\/index.php\/2020\/12\/29\/a-viaxe\/#primaryimage"},"thumbnailUrl":"https:\/\/www.anovapeneira.gal\/wp-content\/uploads\/2019\/07\/ARTIGO_DE_OPINION_A_NOVA_PENEIRA.jpg","datePublished":"2020-12-29T09:00:16+00:00","description":"Hai cousa dun ano, por estas mesmas datas, na casa xa andabamos arranxando os derradeiros detalles para a nosa viaxe de volta \u00e1 Galiza, e as\u00ed, poder despedir e recibir un novo ano arrodeados da mi\u00f1a fam\u00edlia e dos nosos amigos cos beizos mollados.","breadcrumb":{"@id":"https:\/\/www.anovapeneira.gal\/index.php\/2020\/12\/29\/a-viaxe\/#breadcrumb"},"inLanguage":"gl-ES","potentialAction":[{"@type":"ReadAction","target":["https:\/\/www.anovapeneira.gal\/index.php\/2020\/12\/29\/a-viaxe\/"]}]},{"@type":"ImageObject","inLanguage":"gl-ES","@id":"https:\/\/www.anovapeneira.gal\/index.php\/2020\/12\/29\/a-viaxe\/#primaryimage","url":"https:\/\/www.anovapeneira.gal\/wp-content\/uploads\/2019\/07\/ARTIGO_DE_OPINION_A_NOVA_PENEIRA.jpg","contentUrl":"https:\/\/www.anovapeneira.gal\/wp-content\/uploads\/2019\/07\/ARTIGO_DE_OPINION_A_NOVA_PENEIRA.jpg","width":720,"height":473,"caption":"Artigo de opini\u00f3n A Nova Peneira"},{"@type":"BreadcrumbList","@id":"https:\/\/www.anovapeneira.gal\/index.php\/2020\/12\/29\/a-viaxe\/#breadcrumb","itemListElement":[{"@type":"ListItem","position":1,"name":"Portada","item":"https:\/\/www.anovapeneira.gal\/"},{"@type":"ListItem","position":2,"name":"A viaxe"}]},{"@type":"WebSite","@id":"https:\/\/www.anovapeneira.gal\/#website","url":"https:\/\/www.anovapeneira.gal\/","name":"","description":"Xornal galego de informaci\u00f3n xeral Publicaci\u00f3n mensual de novas de Galicia e en especial dos Concellos da sur da provincia de Pontevedra.","publisher":{"@id":"https:\/\/www.anovapeneira.gal\/#organization"},"potentialAction":[{"@type":"SearchAction","target":{"@type":"EntryPoint","urlTemplate":"https:\/\/www.anovapeneira.gal\/?s={search_term_string}"},"query-input":{"@type":"PropertyValueSpecification","valueRequired":true,"valueName":"search_term_string"}}],"inLanguage":"gl-ES"},{"@type":"Organization","@id":"https:\/\/www.anovapeneira.gal\/#organization","name":"A Nova Peneira","url":"https:\/\/www.anovapeneira.gal\/","logo":{"@type":"ImageObject","inLanguage":"gl-ES","@id":"https:\/\/www.anovapeneira.gal\/#\/schema\/logo\/image\/","url":"http:\/\/www.anovapeneira.gal\/wp-content\/uploads\/2019\/06\/logo_a_nova_peneira_portal_web.png","contentUrl":"http:\/\/www.anovapeneira.gal\/wp-content\/uploads\/2019\/06\/logo_a_nova_peneira_portal_web.png","width":300,"height":100,"caption":"A Nova Peneira"},"image":{"@id":"https:\/\/www.anovapeneira.gal\/#\/schema\/logo\/image\/"},"sameAs":["https:\/\/www.facebook.com\/anovapeneira","https:\/\/x.com\/APeneira"]},{"@type":"Person","@id":"https:\/\/www.anovapeneira.gal\/#\/schema\/person\/3c0f6176a11937f0382c23cfcecc8810","name":"Xo\u00e1n Alonso","image":{"@type":"ImageObject","inLanguage":"gl-ES","@id":"https:\/\/secure.gravatar.com\/avatar\/2363e2851e208cf25381166cf12eec1cad20b87f47b38097822f83644f99412d?s=96&d=mm&r=g","url":"https:\/\/secure.gravatar.com\/avatar\/2363e2851e208cf25381166cf12eec1cad20b87f47b38097822f83644f99412d?s=96&d=mm&r=g","contentUrl":"https:\/\/secure.gravatar.com\/avatar\/2363e2851e208cf25381166cf12eec1cad20b87f47b38097822f83644f99412d?s=96&d=mm&r=g","caption":"Xo\u00e1n Alonso"},"sameAs":["http:\/\/anovapeneira.gal"],"url":"https:\/\/www.anovapeneira.gal\/index.php\/author\/opinionxoan-alonso\/"}]}},"jetpack_featured_media_url":"https:\/\/www.anovapeneira.gal\/wp-content\/uploads\/2019\/07\/ARTIGO_DE_OPINION_A_NOVA_PENEIRA.jpg","_links":{"self":[{"href":"https:\/\/www.anovapeneira.gal\/index.php\/wp-json\/wp\/v2\/posts\/4560","targetHints":{"allow":["GET"]}}],"collection":[{"href":"https:\/\/www.anovapeneira.gal\/index.php\/wp-json\/wp\/v2\/posts"}],"about":[{"href":"https:\/\/www.anovapeneira.gal\/index.php\/wp-json\/wp\/v2\/types\/post"}],"author":[{"embeddable":true,"href":"https:\/\/www.anovapeneira.gal\/index.php\/wp-json\/wp\/v2\/users\/14"}],"replies":[{"embeddable":true,"href":"https:\/\/www.anovapeneira.gal\/index.php\/wp-json\/wp\/v2\/comments?post=4560"}],"version-history":[{"count":1,"href":"https:\/\/www.anovapeneira.gal\/index.php\/wp-json\/wp\/v2\/posts\/4560\/revisions"}],"predecessor-version":[{"id":4561,"href":"https:\/\/www.anovapeneira.gal\/index.php\/wp-json\/wp\/v2\/posts\/4560\/revisions\/4561"}],"wp:featuredmedia":[{"embeddable":true,"href":"https:\/\/www.anovapeneira.gal\/index.php\/wp-json\/wp\/v2\/media\/584"}],"wp:attachment":[{"href":"https:\/\/www.anovapeneira.gal\/index.php\/wp-json\/wp\/v2\/media?parent=4560"}],"wp:term":[{"taxonomy":"category","embeddable":true,"href":"https:\/\/www.anovapeneira.gal\/index.php\/wp-json\/wp\/v2\/categories?post=4560"},{"taxonomy":"post_tag","embeddable":true,"href":"https:\/\/www.anovapeneira.gal\/index.php\/wp-json\/wp\/v2\/tags?post=4560"}],"curies":[{"name":"wp","href":"https:\/\/api.w.org\/{rel}","templated":true}]}}