{"id":4568,"date":"2020-12-30T12:00:22","date_gmt":"2020-12-30T11:00:22","guid":{"rendered":"http:\/\/www.anovapeneira.gal\/?p=4568"},"modified":"2020-12-28T19:59:40","modified_gmt":"2020-12-28T18:59:40","slug":"o-nariz-de-montse","status":"publish","type":"post","link":"https:\/\/www.anovapeneira.gal\/index.php\/2020\/12\/30\/o-nariz-de-montse\/","title":{"rendered":"O  nariz de Montse"},"content":{"rendered":"\n\n\n<p>Que queres que faga? Buscar un protector, un amo tal vez? e como hedra escura que sobe \u00e1 parede medrando sibilina e con adulaci\u00f3n cambiar de camisa para obter posici\u00f3n?&nbsp;<\/p>\n\n\n\n<p><strong>NON, GRAZAS.<\/strong><\/p>\n\n\n\n<p>Dedicar se v\u00e9n ao caso versos aos banqueiros, converterme en pallaso, adular con vileza os cornos dun cabestro por temor a que me lance un xesto sinistro?&nbsp;<strong>NON, GRAZAS<\/strong>.<\/p>\n\n\n\n<p>Almorzar cada d\u00eda un sapo? Ter o ventre panz\u00f3n? Un papo que me chegue os xeonllos con doenzas pestilentes de tanto facer reverencias?&nbsp;<\/p>\n\n\n\n<p><strong>NON, GRAZAS.<\/strong><\/p>\n\n\n\n<p>Adular o talento dos canelos, vivir atemorizado por infames libelos, e repetir sen tregua: Se\u00f1ores, son un loro, quero ver o meu nome en letras de ouro?<\/p>\n\n\n\n<p><strong>NON, GRAZAS.<\/strong><\/p>\n\n\n\n<p>Sentir temor aos anatemas? Preferir as calumnias aos poemas, coleccionar medallas, urdir falacias?&nbsp;<\/p>\n\n\n\n<p><strong>NON, GRAZAS; NON, GRAZAS; NON GRAZAS\u2026<\/strong><\/p>\n\n\n\n<p>O propietario do ap\u00e9ndice nasal m\u00e1is famoso da historia ,con permiso do desco\u00f1ecido nariz da esfinxe de Guiza, Cyrano de Bergerac, foi o que pronunciou este impactante mon\u00f3logo que \u00e9 toda unha epopea en honor da honestidade, o compromiso e a lealdade a uns principios \u00e9ticos. Ao longo do noso cami\u00f1o vital cruz\u00e1monos con moitas persoas. Hainas desde as que pasan por onda n\u00f3s sen chamarnos a atenci\u00f3n, deixando como unha leve imaxe que ao longo do tempo se volve imperceptible, ata as que deixan unha pegada indeleble no m\u00e1is profundo e \u00edntimo do noso coraz\u00f3n, como a deixa o m\u00e1is inmenso aceno de amor e solidariedade que te\u00f1amos recibido nas nosas propias carnes. Neste ano que remata , dunha dureza extraordinaria para toda a sociedade, moita xente ,como en todos e cada un dos anos anteriores, cruzouse no cami\u00f1o de A Nova Peneira, e nada foi diferente, pois houbo alegr\u00edas, decepci\u00f3ns, sorpresas, e como sempre un enorme oc\u00e9ano de compromiso solidario dos nosos anunciantes, clientes, subscritores, subscritoras, colaboradoras e colaboradores. Sen a compa\u00f1\u00eda xenerosa de todas e todos eles non ser\u00eda en absoluto posible manter con vida un medio como este, totalmente alonxado dos circu\u00edtos de poder. As\u00ed por exemplo, cada d\u00eda das letras ou cada 25 de xullo, vemos como xornais que desprezan o noso idioma reciben inxentes cantidades de cartos da Xunta para promocionar esas d\u00faas datas ,ou como peri\u00f3dicos que non son tal , sen\u00f3n negocios con forma de peri\u00f3dico, sen o m\u00e1is m\u00ednimo contido de produci\u00f3n propia, sen artigos, sen entrevistas, sen reportaxes, s\u00f3 con notas de prensa copiadas e pegadas, reciben tam\u00e9n publicidade institucional eses d\u00edas para adornar o que nin unha soa persoa se vai parar a ler, mentres que o noso humilde medio , cunha li\u00f1a editorial clara e nidia, e ateigado de contido de produci\u00f3n propia, un ano si e outro tam\u00e9n, \u00e9 sistematicamente ignorado no reparto de publicidade institucional do goberno galego. Arredor de 2.000 anunciantes, pequenos comercios minoristas do pa\u00eds galego, nos permiten superar esa situaci\u00f3n e, como Cyrano, espetar con desprezo un \u201cNon grazas\u201d a todos aqueles e aquelas que nalg\u00fan momento tiveron a ousad\u00eda de tentar influ\u00edr na nosa forma de contar a realidade, que describimos tal cal a entendemos n\u00f3s. E a valent\u00eda e firmeza das persoas que me acompa\u00f1an nesta viaxe tam\u00e9n esixe o meu reco\u00f1ecemento, pois sen o talento de Gladys, a habilidade de Alberto, o compromiso de Marcos, a lealdade de Dani, a xenerosidade de Susana A Nova Peneira non poder\u00eda existir. Todas e todos eles, est\u00e1n comigo desde o principio, ou case desde o principio, e agardo que estean ata o final, ata o meu final, pois cando se produza A Nova Peneira debe de seguir existindo tal como foi concibida. A min sempre houbo tres caracter\u00edsticas que me seduciron das persoas: a bondade, a intelixencia e a coherencia cos valores e principios \u00e9ticos. E neste ano terrible, tam\u00e9n houbo espazo para que a luz da intelixencia e a coherencia \u00e9tica, se achegase ao noso xornal, pois neste ano co\u00f1ecemos a Montse, que pos\u00fae un talento f\u00f3ra do com\u00fan para escribir, e ela, como Cyrano, tam\u00e9n \u00e9 capaz de desprezar con elegancia po\u00e9tica as chamadas a escribir versos aos banqueiros, pois ela , como Cyrano, tam\u00e9n \u00e9 capaz de arriscar o seu benestar persoal para defender con valent\u00eda e firmeza as s\u00faas posici\u00f3ns intelectuais. Agardo que no sitio que ela queira, te\u00f1a a ben acompa\u00f1arnos neste 2.021 e en todos os anos que ela desexe, pois a s\u00faa compa\u00f1\u00eda profesional \u00e9 un pracer dun volume semellante ao do ap\u00e9ndice nasal, de quen escribiu o mon\u00f3logo inicial.<\/p>\n\n\n\n<p><strong>SA\u00daDE, FELICIDADE E PAZ, NESTE ANO QUE COMEZA, PARA TODAS E TODOS.<\/strong><\/p>\n\n\n\n<p><strong>Tino Lago.<\/strong><\/p>\n","protected":false},"excerpt":{"rendered":"<div class=\"mh-excerpt\"><p>Que queres que faga? Buscar un protector, un amo tal vez? e como hedra escura que sobe \u00e1 parede medrando sibilina e con adulaci\u00f3n cambiar de camisa para obter posici\u00f3n?  <a class=\"mh-excerpt-more\" href=\"https:\/\/www.anovapeneira.gal\/index.php\/2020\/12\/30\/o-nariz-de-montse\/\" title=\"O  nariz de Montse\">[&#8230;]<\/a><\/p>\n<\/div>","protected":false},"author":3,"featured_media":913,"comment_status":"open","ping_status":"open","sticky":false,"template":"","format":"standard","meta":{"_exactmetrics_skip_tracking":false,"_exactmetrics_sitenote_active":false,"_exactmetrics_sitenote_note":"","_exactmetrics_sitenote_category":0,"footnotes":""},"categories":[61],"tags":[],"class_list":{"0":"post-4568","1":"post","2":"type-post","3":"status-publish","4":"format-standard","5":"has-post-thumbnail","7":"category-artigo-editorial"},"yoast_head":"<!-- This site is optimized with the Yoast SEO plugin v27.4 - https:\/\/yoast.com\/product\/yoast-seo-wordpress\/ -->\n<title>O nariz de Montse -<\/title>\n<meta name=\"description\" content=\"Que queres que faga? Buscar un protector, un amo tal vez? e como hedra escura que sobe \u00e1 parede medrando sibilina e con adulaci\u00f3n cambiar de camisa para obter posici\u00f3n?\" \/>\n<meta name=\"robots\" content=\"index, follow, max-snippet:-1, max-image-preview:large, max-video-preview:-1\" \/>\n<link rel=\"canonical\" href=\"https:\/\/www.anovapeneira.gal\/index.php\/2020\/12\/30\/o-nariz-de-montse\/\" \/>\n<meta property=\"og:locale\" content=\"gl_ES\" \/>\n<meta property=\"og:type\" content=\"article\" \/>\n<meta property=\"og:title\" content=\"O nariz de Montse -\" \/>\n<meta property=\"og:description\" content=\"Que queres que faga? Buscar un protector, un amo tal vez? e como hedra escura que sobe \u00e1 parede medrando sibilina e con adulaci\u00f3n cambiar de camisa para obter posici\u00f3n?\" \/>\n<meta property=\"og:url\" content=\"https:\/\/www.anovapeneira.gal\/index.php\/2020\/12\/30\/o-nariz-de-montse\/\" \/>\n<meta property=\"article:publisher\" content=\"https:\/\/www.facebook.com\/anovapeneira\" \/>\n<meta property=\"article:published_time\" content=\"2020-12-30T11:00:22+00:00\" \/>\n<meta property=\"og:image\" content=\"https:\/\/www.anovapeneira.gal\/wp-content\/uploads\/2019\/08\/artigo_editorial_a_nova_peneira.jpg\" \/>\n\t<meta property=\"og:image:width\" content=\"720\" \/>\n\t<meta property=\"og:image:height\" content=\"473\" \/>\n\t<meta property=\"og:image:type\" content=\"image\/jpeg\" \/>\n<meta name=\"author\" content=\"Redacci\u00f3n A Nova Peneira\" \/>\n<meta name=\"twitter:card\" content=\"summary_large_image\" \/>\n<meta name=\"twitter:creator\" content=\"@APeneira\" \/>\n<meta name=\"twitter:site\" content=\"@APeneira\" \/>\n<meta name=\"twitter:label1\" content=\"Escrito por\" \/>\n\t<meta name=\"twitter:data1\" content=\"Redacci\u00f3n A Nova Peneira\" \/>\n\t<meta name=\"twitter:label2\" content=\"Tempo de lectura\" \/>\n\t<meta name=\"twitter:data2\" content=\"4 minutos\" \/>\n<script type=\"application\/ld+json\" class=\"yoast-schema-graph\">{\"@context\":\"https:\\\/\\\/schema.org\",\"@graph\":[{\"@type\":\"Article\",\"@id\":\"https:\\\/\\\/www.anovapeneira.gal\\\/index.php\\\/2020\\\/12\\\/30\\\/o-nariz-de-montse\\\/#article\",\"isPartOf\":{\"@id\":\"https:\\\/\\\/www.anovapeneira.gal\\\/index.php\\\/2020\\\/12\\\/30\\\/o-nariz-de-montse\\\/\"},\"author\":{\"name\":\"Redacci\u00f3n A Nova Peneira\",\"@id\":\"https:\\\/\\\/www.anovapeneira.gal\\\/#\\\/schema\\\/person\\\/b93e3f8932e3f8da96334607eb6ac6aa\"},\"headline\":\"O nariz de Montse\",\"datePublished\":\"2020-12-30T11:00:22+00:00\",\"mainEntityOfPage\":{\"@id\":\"https:\\\/\\\/www.anovapeneira.gal\\\/index.php\\\/2020\\\/12\\\/30\\\/o-nariz-de-montse\\\/\"},\"wordCount\":816,\"commentCount\":0,\"publisher\":{\"@id\":\"https:\\\/\\\/www.anovapeneira.gal\\\/#organization\"},\"image\":{\"@id\":\"https:\\\/\\\/www.anovapeneira.gal\\\/index.php\\\/2020\\\/12\\\/30\\\/o-nariz-de-montse\\\/#primaryimage\"},\"thumbnailUrl\":\"https:\\\/\\\/www.anovapeneira.gal\\\/wp-content\\\/uploads\\\/2019\\\/08\\\/artigo_editorial_a_nova_peneira.jpg\",\"articleSection\":[\"Artigo editorial\"],\"inLanguage\":\"gl-ES\",\"potentialAction\":[{\"@type\":\"CommentAction\",\"name\":\"Comment\",\"target\":[\"https:\\\/\\\/www.anovapeneira.gal\\\/index.php\\\/2020\\\/12\\\/30\\\/o-nariz-de-montse\\\/#respond\"]}]},{\"@type\":\"WebPage\",\"@id\":\"https:\\\/\\\/www.anovapeneira.gal\\\/index.php\\\/2020\\\/12\\\/30\\\/o-nariz-de-montse\\\/\",\"url\":\"https:\\\/\\\/www.anovapeneira.gal\\\/index.php\\\/2020\\\/12\\\/30\\\/o-nariz-de-montse\\\/\",\"name\":\"O nariz de Montse -\",\"isPartOf\":{\"@id\":\"https:\\\/\\\/www.anovapeneira.gal\\\/#website\"},\"primaryImageOfPage\":{\"@id\":\"https:\\\/\\\/www.anovapeneira.gal\\\/index.php\\\/2020\\\/12\\\/30\\\/o-nariz-de-montse\\\/#primaryimage\"},\"image\":{\"@id\":\"https:\\\/\\\/www.anovapeneira.gal\\\/index.php\\\/2020\\\/12\\\/30\\\/o-nariz-de-montse\\\/#primaryimage\"},\"thumbnailUrl\":\"https:\\\/\\\/www.anovapeneira.gal\\\/wp-content\\\/uploads\\\/2019\\\/08\\\/artigo_editorial_a_nova_peneira.jpg\",\"datePublished\":\"2020-12-30T11:00:22+00:00\",\"description\":\"Que queres que faga? Buscar un protector, un amo tal vez? e como hedra escura que sobe \u00e1 parede medrando sibilina e con adulaci\u00f3n cambiar de camisa para obter posici\u00f3n?\",\"breadcrumb\":{\"@id\":\"https:\\\/\\\/www.anovapeneira.gal\\\/index.php\\\/2020\\\/12\\\/30\\\/o-nariz-de-montse\\\/#breadcrumb\"},\"inLanguage\":\"gl-ES\",\"potentialAction\":[{\"@type\":\"ReadAction\",\"target\":[\"https:\\\/\\\/www.anovapeneira.gal\\\/index.php\\\/2020\\\/12\\\/30\\\/o-nariz-de-montse\\\/\"]}]},{\"@type\":\"ImageObject\",\"inLanguage\":\"gl-ES\",\"@id\":\"https:\\\/\\\/www.anovapeneira.gal\\\/index.php\\\/2020\\\/12\\\/30\\\/o-nariz-de-montse\\\/#primaryimage\",\"url\":\"https:\\\/\\\/www.anovapeneira.gal\\\/wp-content\\\/uploads\\\/2019\\\/08\\\/artigo_editorial_a_nova_peneira.jpg\",\"contentUrl\":\"https:\\\/\\\/www.anovapeneira.gal\\\/wp-content\\\/uploads\\\/2019\\\/08\\\/artigo_editorial_a_nova_peneira.jpg\",\"width\":720,\"height\":473,\"caption\":\"Artigo editorial Tino Lago A Nova Peneira\"},{\"@type\":\"BreadcrumbList\",\"@id\":\"https:\\\/\\\/www.anovapeneira.gal\\\/index.php\\\/2020\\\/12\\\/30\\\/o-nariz-de-montse\\\/#breadcrumb\",\"itemListElement\":[{\"@type\":\"ListItem\",\"position\":1,\"name\":\"Portada\",\"item\":\"https:\\\/\\\/www.anovapeneira.gal\\\/\"},{\"@type\":\"ListItem\",\"position\":2,\"name\":\"O nariz de Montse\"}]},{\"@type\":\"WebSite\",\"@id\":\"https:\\\/\\\/www.anovapeneira.gal\\\/#website\",\"url\":\"https:\\\/\\\/www.anovapeneira.gal\\\/\",\"name\":\"\",\"description\":\"Xornal galego de informaci\u00f3n xeral Publicaci\u00f3n mensual de novas de Galicia e en especial dos Concellos da sur da provincia de Pontevedra.\",\"publisher\":{\"@id\":\"https:\\\/\\\/www.anovapeneira.gal\\\/#organization\"},\"potentialAction\":[{\"@type\":\"SearchAction\",\"target\":{\"@type\":\"EntryPoint\",\"urlTemplate\":\"https:\\\/\\\/www.anovapeneira.gal\\\/?s={search_term_string}\"},\"query-input\":{\"@type\":\"PropertyValueSpecification\",\"valueRequired\":true,\"valueName\":\"search_term_string\"}}],\"inLanguage\":\"gl-ES\"},{\"@type\":\"Organization\",\"@id\":\"https:\\\/\\\/www.anovapeneira.gal\\\/#organization\",\"name\":\"A Nova Peneira\",\"url\":\"https:\\\/\\\/www.anovapeneira.gal\\\/\",\"logo\":{\"@type\":\"ImageObject\",\"inLanguage\":\"gl-ES\",\"@id\":\"https:\\\/\\\/www.anovapeneira.gal\\\/#\\\/schema\\\/logo\\\/image\\\/\",\"url\":\"http:\\\/\\\/www.anovapeneira.gal\\\/wp-content\\\/uploads\\\/2019\\\/06\\\/logo_a_nova_peneira_portal_web.png\",\"contentUrl\":\"http:\\\/\\\/www.anovapeneira.gal\\\/wp-content\\\/uploads\\\/2019\\\/06\\\/logo_a_nova_peneira_portal_web.png\",\"width\":300,\"height\":100,\"caption\":\"A Nova Peneira\"},\"image\":{\"@id\":\"https:\\\/\\\/www.anovapeneira.gal\\\/#\\\/schema\\\/logo\\\/image\\\/\"},\"sameAs\":[\"https:\\\/\\\/www.facebook.com\\\/anovapeneira\",\"https:\\\/\\\/x.com\\\/APeneira\"]},{\"@type\":\"Person\",\"@id\":\"https:\\\/\\\/www.anovapeneira.gal\\\/#\\\/schema\\\/person\\\/b93e3f8932e3f8da96334607eb6ac6aa\",\"name\":\"Redacci\u00f3n A Nova Peneira\",\"image\":{\"@type\":\"ImageObject\",\"inLanguage\":\"gl-ES\",\"@id\":\"https:\\\/\\\/secure.gravatar.com\\\/avatar\\\/c052a2551a06e23fac63626232eaa90abd78dbcf1700fc46a2b2c89fd27b735f?s=96&d=mm&r=g\",\"url\":\"https:\\\/\\\/secure.gravatar.com\\\/avatar\\\/c052a2551a06e23fac63626232eaa90abd78dbcf1700fc46a2b2c89fd27b735f?s=96&d=mm&r=g\",\"contentUrl\":\"https:\\\/\\\/secure.gravatar.com\\\/avatar\\\/c052a2551a06e23fac63626232eaa90abd78dbcf1700fc46a2b2c89fd27b735f?s=96&d=mm&r=g\",\"caption\":\"Redacci\u00f3n A Nova Peneira\"},\"sameAs\":[\"http:\\\/\\\/www.anovapeneira.gal\\\/\"],\"url\":\"https:\\\/\\\/www.anovapeneira.gal\\\/index.php\\\/author\\\/redactor\\\/\"}]}<\/script>\n<!-- \/ Yoast SEO plugin. -->","yoast_head_json":{"title":"O nariz de Montse -","description":"Que queres que faga? Buscar un protector, un amo tal vez? e como hedra escura que sobe \u00e1 parede medrando sibilina e con adulaci\u00f3n cambiar de camisa para obter posici\u00f3n?","robots":{"index":"index","follow":"follow","max-snippet":"max-snippet:-1","max-image-preview":"max-image-preview:large","max-video-preview":"max-video-preview:-1"},"canonical":"https:\/\/www.anovapeneira.gal\/index.php\/2020\/12\/30\/o-nariz-de-montse\/","og_locale":"gl_ES","og_type":"article","og_title":"O nariz de Montse -","og_description":"Que queres que faga? Buscar un protector, un amo tal vez? e como hedra escura que sobe \u00e1 parede medrando sibilina e con adulaci\u00f3n cambiar de camisa para obter posici\u00f3n?","og_url":"https:\/\/www.anovapeneira.gal\/index.php\/2020\/12\/30\/o-nariz-de-montse\/","article_publisher":"https:\/\/www.facebook.com\/anovapeneira","article_published_time":"2020-12-30T11:00:22+00:00","og_image":[{"width":720,"height":473,"url":"https:\/\/www.anovapeneira.gal\/wp-content\/uploads\/2019\/08\/artigo_editorial_a_nova_peneira.jpg","type":"image\/jpeg"}],"author":"Redacci\u00f3n A Nova Peneira","twitter_card":"summary_large_image","twitter_creator":"@APeneira","twitter_site":"@APeneira","twitter_misc":{"Escrito por":"Redacci\u00f3n A Nova Peneira","Tempo de lectura":"4 minutos"},"schema":{"@context":"https:\/\/schema.org","@graph":[{"@type":"Article","@id":"https:\/\/www.anovapeneira.gal\/index.php\/2020\/12\/30\/o-nariz-de-montse\/#article","isPartOf":{"@id":"https:\/\/www.anovapeneira.gal\/index.php\/2020\/12\/30\/o-nariz-de-montse\/"},"author":{"name":"Redacci\u00f3n A Nova Peneira","@id":"https:\/\/www.anovapeneira.gal\/#\/schema\/person\/b93e3f8932e3f8da96334607eb6ac6aa"},"headline":"O nariz de Montse","datePublished":"2020-12-30T11:00:22+00:00","mainEntityOfPage":{"@id":"https:\/\/www.anovapeneira.gal\/index.php\/2020\/12\/30\/o-nariz-de-montse\/"},"wordCount":816,"commentCount":0,"publisher":{"@id":"https:\/\/www.anovapeneira.gal\/#organization"},"image":{"@id":"https:\/\/www.anovapeneira.gal\/index.php\/2020\/12\/30\/o-nariz-de-montse\/#primaryimage"},"thumbnailUrl":"https:\/\/www.anovapeneira.gal\/wp-content\/uploads\/2019\/08\/artigo_editorial_a_nova_peneira.jpg","articleSection":["Artigo editorial"],"inLanguage":"gl-ES","potentialAction":[{"@type":"CommentAction","name":"Comment","target":["https:\/\/www.anovapeneira.gal\/index.php\/2020\/12\/30\/o-nariz-de-montse\/#respond"]}]},{"@type":"WebPage","@id":"https:\/\/www.anovapeneira.gal\/index.php\/2020\/12\/30\/o-nariz-de-montse\/","url":"https:\/\/www.anovapeneira.gal\/index.php\/2020\/12\/30\/o-nariz-de-montse\/","name":"O nariz de Montse -","isPartOf":{"@id":"https:\/\/www.anovapeneira.gal\/#website"},"primaryImageOfPage":{"@id":"https:\/\/www.anovapeneira.gal\/index.php\/2020\/12\/30\/o-nariz-de-montse\/#primaryimage"},"image":{"@id":"https:\/\/www.anovapeneira.gal\/index.php\/2020\/12\/30\/o-nariz-de-montse\/#primaryimage"},"thumbnailUrl":"https:\/\/www.anovapeneira.gal\/wp-content\/uploads\/2019\/08\/artigo_editorial_a_nova_peneira.jpg","datePublished":"2020-12-30T11:00:22+00:00","description":"Que queres que faga? Buscar un protector, un amo tal vez? e como hedra escura que sobe \u00e1 parede medrando sibilina e con adulaci\u00f3n cambiar de camisa para obter posici\u00f3n?","breadcrumb":{"@id":"https:\/\/www.anovapeneira.gal\/index.php\/2020\/12\/30\/o-nariz-de-montse\/#breadcrumb"},"inLanguage":"gl-ES","potentialAction":[{"@type":"ReadAction","target":["https:\/\/www.anovapeneira.gal\/index.php\/2020\/12\/30\/o-nariz-de-montse\/"]}]},{"@type":"ImageObject","inLanguage":"gl-ES","@id":"https:\/\/www.anovapeneira.gal\/index.php\/2020\/12\/30\/o-nariz-de-montse\/#primaryimage","url":"https:\/\/www.anovapeneira.gal\/wp-content\/uploads\/2019\/08\/artigo_editorial_a_nova_peneira.jpg","contentUrl":"https:\/\/www.anovapeneira.gal\/wp-content\/uploads\/2019\/08\/artigo_editorial_a_nova_peneira.jpg","width":720,"height":473,"caption":"Artigo editorial Tino Lago A Nova Peneira"},{"@type":"BreadcrumbList","@id":"https:\/\/www.anovapeneira.gal\/index.php\/2020\/12\/30\/o-nariz-de-montse\/#breadcrumb","itemListElement":[{"@type":"ListItem","position":1,"name":"Portada","item":"https:\/\/www.anovapeneira.gal\/"},{"@type":"ListItem","position":2,"name":"O nariz de Montse"}]},{"@type":"WebSite","@id":"https:\/\/www.anovapeneira.gal\/#website","url":"https:\/\/www.anovapeneira.gal\/","name":"","description":"Xornal galego de informaci\u00f3n xeral Publicaci\u00f3n mensual de novas de Galicia e en especial dos Concellos da sur da provincia de Pontevedra.","publisher":{"@id":"https:\/\/www.anovapeneira.gal\/#organization"},"potentialAction":[{"@type":"SearchAction","target":{"@type":"EntryPoint","urlTemplate":"https:\/\/www.anovapeneira.gal\/?s={search_term_string}"},"query-input":{"@type":"PropertyValueSpecification","valueRequired":true,"valueName":"search_term_string"}}],"inLanguage":"gl-ES"},{"@type":"Organization","@id":"https:\/\/www.anovapeneira.gal\/#organization","name":"A Nova Peneira","url":"https:\/\/www.anovapeneira.gal\/","logo":{"@type":"ImageObject","inLanguage":"gl-ES","@id":"https:\/\/www.anovapeneira.gal\/#\/schema\/logo\/image\/","url":"http:\/\/www.anovapeneira.gal\/wp-content\/uploads\/2019\/06\/logo_a_nova_peneira_portal_web.png","contentUrl":"http:\/\/www.anovapeneira.gal\/wp-content\/uploads\/2019\/06\/logo_a_nova_peneira_portal_web.png","width":300,"height":100,"caption":"A Nova Peneira"},"image":{"@id":"https:\/\/www.anovapeneira.gal\/#\/schema\/logo\/image\/"},"sameAs":["https:\/\/www.facebook.com\/anovapeneira","https:\/\/x.com\/APeneira"]},{"@type":"Person","@id":"https:\/\/www.anovapeneira.gal\/#\/schema\/person\/b93e3f8932e3f8da96334607eb6ac6aa","name":"Redacci\u00f3n A Nova Peneira","image":{"@type":"ImageObject","inLanguage":"gl-ES","@id":"https:\/\/secure.gravatar.com\/avatar\/c052a2551a06e23fac63626232eaa90abd78dbcf1700fc46a2b2c89fd27b735f?s=96&d=mm&r=g","url":"https:\/\/secure.gravatar.com\/avatar\/c052a2551a06e23fac63626232eaa90abd78dbcf1700fc46a2b2c89fd27b735f?s=96&d=mm&r=g","contentUrl":"https:\/\/secure.gravatar.com\/avatar\/c052a2551a06e23fac63626232eaa90abd78dbcf1700fc46a2b2c89fd27b735f?s=96&d=mm&r=g","caption":"Redacci\u00f3n A Nova Peneira"},"sameAs":["http:\/\/www.anovapeneira.gal\/"],"url":"https:\/\/www.anovapeneira.gal\/index.php\/author\/redactor\/"}]}},"jetpack_featured_media_url":"https:\/\/www.anovapeneira.gal\/wp-content\/uploads\/2019\/08\/artigo_editorial_a_nova_peneira.jpg","_links":{"self":[{"href":"https:\/\/www.anovapeneira.gal\/index.php\/wp-json\/wp\/v2\/posts\/4568","targetHints":{"allow":["GET"]}}],"collection":[{"href":"https:\/\/www.anovapeneira.gal\/index.php\/wp-json\/wp\/v2\/posts"}],"about":[{"href":"https:\/\/www.anovapeneira.gal\/index.php\/wp-json\/wp\/v2\/types\/post"}],"author":[{"embeddable":true,"href":"https:\/\/www.anovapeneira.gal\/index.php\/wp-json\/wp\/v2\/users\/3"}],"replies":[{"embeddable":true,"href":"https:\/\/www.anovapeneira.gal\/index.php\/wp-json\/wp\/v2\/comments?post=4568"}],"version-history":[{"count":2,"href":"https:\/\/www.anovapeneira.gal\/index.php\/wp-json\/wp\/v2\/posts\/4568\/revisions"}],"predecessor-version":[{"id":4570,"href":"https:\/\/www.anovapeneira.gal\/index.php\/wp-json\/wp\/v2\/posts\/4568\/revisions\/4570"}],"wp:featuredmedia":[{"embeddable":true,"href":"https:\/\/www.anovapeneira.gal\/index.php\/wp-json\/wp\/v2\/media\/913"}],"wp:attachment":[{"href":"https:\/\/www.anovapeneira.gal\/index.php\/wp-json\/wp\/v2\/media?parent=4568"}],"wp:term":[{"taxonomy":"category","embeddable":true,"href":"https:\/\/www.anovapeneira.gal\/index.php\/wp-json\/wp\/v2\/categories?post=4568"},{"taxonomy":"post_tag","embeddable":true,"href":"https:\/\/www.anovapeneira.gal\/index.php\/wp-json\/wp\/v2\/tags?post=4568"}],"curies":[{"name":"wp","href":"https:\/\/api.w.org\/{rel}","templated":true}]}}