{"id":4571,"date":"2020-12-31T10:00:41","date_gmt":"2020-12-31T09:00:41","guid":{"rendered":"http:\/\/www.anovapeneira.gal\/?p=4571"},"modified":"2020-12-28T20:03:04","modified_gmt":"2020-12-28T19:03:04","slug":"ponteareas-incorporarase-en-2021-a-rede-de-cidades-transfronteirizas-do-eixo-atlantico","status":"publish","type":"post","link":"https:\/\/www.anovapeneira.gal\/index.php\/2020\/12\/31\/ponteareas-incorporarase-en-2021-a-rede-de-cidades-transfronteirizas-do-eixo-atlantico\/","title":{"rendered":"Ponteareas incorporarase en 2021 \u00e1 rede de cidades transfronteirizas do Eixo Atl\u00e1ntico"},"content":{"rendered":"\n<h2 class=\"wp-block-heading\"><strong>O Xos\u00e9 Represas: \u201cParticipar no Eixo Atl\u00e1ntico \u00e9 o natural para Ponteareas e unha aposta estrat\u00e9xica para a recuperaci\u00f3n trala pandemia\u201d<\/strong><\/h2>\n\n\n\n<p><strong>Ponteareas, 26 de\u00a0decembro de 2020<\/strong><\/p>\n\n\n\n<p>O Pleno da Corporaci\u00f3n Municipal debater\u00e1 este martes a iniciativa do goberno local para aprobar a adhesi\u00f3n de Ponteareas \u00e1 rede de cidades do Eixo Atl\u00e1ntico, entidade que promove a cooperaci\u00f3n entre Galicia e o norte de Portugal. Unha vez aprobada a adhesi\u00f3n, Ponteareas sumarase oficialmente ao Eixo Atl\u00e1ntico unha vez a s\u00faa asemblea dea o visto bo.<\/p>\n\n\n\n<p>O Eixo Atl\u00e1ntico do Noroeste Peninsular naceu en 1992 coma asociaci\u00f3n transfronteiriza de municipios que configuran o sistema urbano da eurorrexi\u00f3n Galicia-Norte de Portugal. Forman parte do Eixo Atl\u00e1ntico preto de 40 concellos galegos e portugueses que representan unha poboaci\u00f3n de case 7 mill\u00f3ns de habitantes. Entre os seus obxectivos at\u00f3panse a promoci\u00f3n do desenvolvemento e da cohesi\u00f3n econ\u00f3mica, social e cultural das cidades que conforman a asociaci\u00f3n. As atividades do Eixo Atl\u00e1ntico agr\u00fapanse en catro grandes grupos tem\u00e1ticos: turismo, cultura e educaci\u00f3n, deporte e sustentabilidade.<\/p>\n\n\n\n<p>O Alcalde de Ponteareas, Xos\u00e9 Represas, sinalou que \u201cparticipar no Eixo Atl\u00e1ntico \u00e9 o natural para un Concello coma Ponteareas, con moit\u00edsimos v\u00ednculos hist\u00f3ricos, culturais e econ\u00f3micos co norte de Portugal. Queremos fortalecer o noso papel como unha das principais vilas do sur de Galicia e moi pr\u00f3ximas a Portugal e aproveitar a nosa posici\u00f3n estrat\u00e9xica para reforzar os lazos e as relaci\u00f3ns econ\u00f3micas, sociais e culturais co pa\u00eds irm\u00e1n\u201d.&nbsp;<\/p>\n\n\n\n<p>Represas engad\u00edu que a adhesi\u00f3n se producir\u00e1 nun intre crucial, pois o Eixo Atl\u00e1ntico defin\u00edu un plan estrat\u00e9xico para a recuperaci\u00f3n fronte \u00e1 pandemia. As s\u00faas li\u00f1as de actuaci\u00f3n van dirixidas \u00e1 revitalizaci\u00f3n econ\u00f3mica, a transici\u00f3n dixital, a transi\u00f3n verde, a cohesi\u00f3n social e a cultura. \u201cCoa nosa presenza no Eixo Atl\u00e1ntico, Ponteareas poder\u00e1 participar activamente no dese\u00f1o de novas pol\u00edticas e nas propostas que dende a asociaci\u00f3n se trasladar\u00e1n ao Goberno do Estado para definir o destino dos fondos de&nbsp;<\/p>\n\n\n\n<p>reconstruci\u00f3n da Uni\u00f3n Europea\u201d, salientou Represas.<\/p>\n\n\n\n<p>O alcalde engad\u00edu que a integraci\u00f3n no Eixo Atl\u00e1ntico \u201cser\u00e1 un est\u00edmulo para o goberno local \u00e1 hora de enfocar as s\u00faas pol\u00edticas, especialmente as de desenvolvemento e promoci\u00f3n econ\u00f3mica, dende a perspectiva da cooperaci\u00f3n transfronteiriza, traballando conxuntamente con cidades de ambos os dous lados do Mi\u00f1o\u201d.<\/p>\n","protected":false},"excerpt":{"rendered":"<div class=\"mh-excerpt\"><p>O Xos\u00e9 Represas: \u201cParticipar no Eixo Atl\u00e1ntico \u00e9 o natural para Ponteareas e unha aposta estrat\u00e9xica para a recuperaci\u00f3n trala pandemia\u201d <a class=\"mh-excerpt-more\" href=\"https:\/\/www.anovapeneira.gal\/index.php\/2020\/12\/31\/ponteareas-incorporarase-en-2021-a-rede-de-cidades-transfronteirizas-do-eixo-atlantico\/\" title=\"Ponteareas incorporarase en 2021 \u00e1 rede de cidades transfronteirizas do Eixo Atl\u00e1ntico\">[&#8230;]<\/a><\/p>\n<\/div>","protected":false},"author":3,"featured_media":3470,"comment_status":"open","ping_status":"open","sticky":false,"template":"","format":"standard","meta":{"_exactmetrics_skip_tracking":false,"_exactmetrics_sitenote_active":false,"_exactmetrics_sitenote_note":"","_exactmetrics_sitenote_category":0,"footnotes":""},"categories":[25],"tags":[208],"class_list":{"0":"post-4571","1":"post","2":"type-post","3":"status-publish","4":"format-standard","5":"has-post-thumbnail","7":"category-condado","8":"tag-concello-de-ponteareas"},"yoast_head":"<!-- This site is optimized with the Yoast SEO plugin v27.4 - https:\/\/yoast.com\/product\/yoast-seo-wordpress\/ -->\n<title>Ponteareas incorporarase en 2021 \u00e1 rede de cidades transfronteirizas do Eixo Atl\u00e1ntico -<\/title>\n<meta name=\"description\" content=\"O Xos\u00e9 Represas: \u201cParticipar no Eixo Atl\u00e1ntico \u00e9 o natural para Ponteareas e unha aposta estrat\u00e9xica para a recuperaci\u00f3n trala pandemia\u201d\" \/>\n<meta name=\"robots\" content=\"index, follow, max-snippet:-1, max-image-preview:large, max-video-preview:-1\" \/>\n<link rel=\"canonical\" href=\"https:\/\/www.anovapeneira.gal\/index.php\/2020\/12\/31\/ponteareas-incorporarase-en-2021-a-rede-de-cidades-transfronteirizas-do-eixo-atlantico\/\" \/>\n<meta property=\"og:locale\" content=\"gl_ES\" \/>\n<meta property=\"og:type\" content=\"article\" \/>\n<meta property=\"og:title\" content=\"Ponteareas incorporarase en 2021 \u00e1 rede de cidades transfronteirizas do Eixo Atl\u00e1ntico -\" \/>\n<meta property=\"og:description\" content=\"O Xos\u00e9 Represas: \u201cParticipar no Eixo Atl\u00e1ntico \u00e9 o natural para Ponteareas e unha aposta estrat\u00e9xica para a recuperaci\u00f3n trala pandemia\u201d\" \/>\n<meta property=\"og:url\" content=\"https:\/\/www.anovapeneira.gal\/index.php\/2020\/12\/31\/ponteareas-incorporarase-en-2021-a-rede-de-cidades-transfronteirizas-do-eixo-atlantico\/\" \/>\n<meta property=\"article:publisher\" content=\"https:\/\/www.facebook.com\/anovapeneira\" \/>\n<meta property=\"article:published_time\" content=\"2020-12-31T09:00:41+00:00\" \/>\n<meta property=\"og:image\" content=\"https:\/\/www.anovapeneira.gal\/wp-content\/uploads\/2020\/07\/concello_de_ponteareas_a_nova_peneira.jpg\" \/>\n\t<meta property=\"og:image:width\" content=\"720\" \/>\n\t<meta property=\"og:image:height\" content=\"432\" \/>\n\t<meta property=\"og:image:type\" content=\"image\/jpeg\" \/>\n<meta name=\"author\" content=\"Redacci\u00f3n A Nova Peneira\" \/>\n<meta name=\"twitter:card\" content=\"summary_large_image\" \/>\n<meta name=\"twitter:creator\" content=\"@APeneira\" \/>\n<meta name=\"twitter:site\" content=\"@APeneira\" \/>\n<meta name=\"twitter:label1\" content=\"Escrito por\" \/>\n\t<meta name=\"twitter:data1\" content=\"Redacci\u00f3n A Nova Peneira\" \/>\n\t<meta name=\"twitter:label2\" content=\"Tempo de lectura\" \/>\n\t<meta name=\"twitter:data2\" content=\"2 minutos\" \/>\n<script type=\"application\/ld+json\" class=\"yoast-schema-graph\">{\"@context\":\"https:\\\/\\\/schema.org\",\"@graph\":[{\"@type\":\"Article\",\"@id\":\"https:\\\/\\\/www.anovapeneira.gal\\\/index.php\\\/2020\\\/12\\\/31\\\/ponteareas-incorporarase-en-2021-a-rede-de-cidades-transfronteirizas-do-eixo-atlantico\\\/#article\",\"isPartOf\":{\"@id\":\"https:\\\/\\\/www.anovapeneira.gal\\\/index.php\\\/2020\\\/12\\\/31\\\/ponteareas-incorporarase-en-2021-a-rede-de-cidades-transfronteirizas-do-eixo-atlantico\\\/\"},\"author\":{\"name\":\"Redacci\u00f3n A Nova Peneira\",\"@id\":\"https:\\\/\\\/www.anovapeneira.gal\\\/#\\\/schema\\\/person\\\/b93e3f8932e3f8da96334607eb6ac6aa\"},\"headline\":\"Ponteareas incorporarase en 2021 \u00e1 rede de cidades transfronteirizas do Eixo Atl\u00e1ntico\",\"datePublished\":\"2020-12-31T09:00:41+00:00\",\"mainEntityOfPage\":{\"@id\":\"https:\\\/\\\/www.anovapeneira.gal\\\/index.php\\\/2020\\\/12\\\/31\\\/ponteareas-incorporarase-en-2021-a-rede-de-cidades-transfronteirizas-do-eixo-atlantico\\\/\"},\"wordCount\":445,\"commentCount\":0,\"publisher\":{\"@id\":\"https:\\\/\\\/www.anovapeneira.gal\\\/#organization\"},\"image\":{\"@id\":\"https:\\\/\\\/www.anovapeneira.gal\\\/index.php\\\/2020\\\/12\\\/31\\\/ponteareas-incorporarase-en-2021-a-rede-de-cidades-transfronteirizas-do-eixo-atlantico\\\/#primaryimage\"},\"thumbnailUrl\":\"https:\\\/\\\/www.anovapeneira.gal\\\/wp-content\\\/uploads\\\/2020\\\/07\\\/concello_de_ponteareas_a_nova_peneira.jpg\",\"keywords\":[\"Concello de Ponteareas\"],\"articleSection\":[\"Condado\"],\"inLanguage\":\"gl-ES\",\"potentialAction\":[{\"@type\":\"CommentAction\",\"name\":\"Comment\",\"target\":[\"https:\\\/\\\/www.anovapeneira.gal\\\/index.php\\\/2020\\\/12\\\/31\\\/ponteareas-incorporarase-en-2021-a-rede-de-cidades-transfronteirizas-do-eixo-atlantico\\\/#respond\"]}]},{\"@type\":\"WebPage\",\"@id\":\"https:\\\/\\\/www.anovapeneira.gal\\\/index.php\\\/2020\\\/12\\\/31\\\/ponteareas-incorporarase-en-2021-a-rede-de-cidades-transfronteirizas-do-eixo-atlantico\\\/\",\"url\":\"https:\\\/\\\/www.anovapeneira.gal\\\/index.php\\\/2020\\\/12\\\/31\\\/ponteareas-incorporarase-en-2021-a-rede-de-cidades-transfronteirizas-do-eixo-atlantico\\\/\",\"name\":\"Ponteareas incorporarase en 2021 \u00e1 rede de cidades transfronteirizas do Eixo Atl\u00e1ntico -\",\"isPartOf\":{\"@id\":\"https:\\\/\\\/www.anovapeneira.gal\\\/#website\"},\"primaryImageOfPage\":{\"@id\":\"https:\\\/\\\/www.anovapeneira.gal\\\/index.php\\\/2020\\\/12\\\/31\\\/ponteareas-incorporarase-en-2021-a-rede-de-cidades-transfronteirizas-do-eixo-atlantico\\\/#primaryimage\"},\"image\":{\"@id\":\"https:\\\/\\\/www.anovapeneira.gal\\\/index.php\\\/2020\\\/12\\\/31\\\/ponteareas-incorporarase-en-2021-a-rede-de-cidades-transfronteirizas-do-eixo-atlantico\\\/#primaryimage\"},\"thumbnailUrl\":\"https:\\\/\\\/www.anovapeneira.gal\\\/wp-content\\\/uploads\\\/2020\\\/07\\\/concello_de_ponteareas_a_nova_peneira.jpg\",\"datePublished\":\"2020-12-31T09:00:41+00:00\",\"description\":\"O Xos\u00e9 Represas: \u201cParticipar no Eixo Atl\u00e1ntico \u00e9 o natural para Ponteareas e unha aposta estrat\u00e9xica para a recuperaci\u00f3n trala pandemia\u201d\",\"breadcrumb\":{\"@id\":\"https:\\\/\\\/www.anovapeneira.gal\\\/index.php\\\/2020\\\/12\\\/31\\\/ponteareas-incorporarase-en-2021-a-rede-de-cidades-transfronteirizas-do-eixo-atlantico\\\/#breadcrumb\"},\"inLanguage\":\"gl-ES\",\"potentialAction\":[{\"@type\":\"ReadAction\",\"target\":[\"https:\\\/\\\/www.anovapeneira.gal\\\/index.php\\\/2020\\\/12\\\/31\\\/ponteareas-incorporarase-en-2021-a-rede-de-cidades-transfronteirizas-do-eixo-atlantico\\\/\"]}]},{\"@type\":\"ImageObject\",\"inLanguage\":\"gl-ES\",\"@id\":\"https:\\\/\\\/www.anovapeneira.gal\\\/index.php\\\/2020\\\/12\\\/31\\\/ponteareas-incorporarase-en-2021-a-rede-de-cidades-transfronteirizas-do-eixo-atlantico\\\/#primaryimage\",\"url\":\"https:\\\/\\\/www.anovapeneira.gal\\\/wp-content\\\/uploads\\\/2020\\\/07\\\/concello_de_ponteareas_a_nova_peneira.jpg\",\"contentUrl\":\"https:\\\/\\\/www.anovapeneira.gal\\\/wp-content\\\/uploads\\\/2020\\\/07\\\/concello_de_ponteareas_a_nova_peneira.jpg\",\"width\":720,\"height\":432,\"caption\":\"Concello de Ponteareas tra\u00eddas de auga A Nova Peneira\"},{\"@type\":\"BreadcrumbList\",\"@id\":\"https:\\\/\\\/www.anovapeneira.gal\\\/index.php\\\/2020\\\/12\\\/31\\\/ponteareas-incorporarase-en-2021-a-rede-de-cidades-transfronteirizas-do-eixo-atlantico\\\/#breadcrumb\",\"itemListElement\":[{\"@type\":\"ListItem\",\"position\":1,\"name\":\"Portada\",\"item\":\"https:\\\/\\\/www.anovapeneira.gal\\\/\"},{\"@type\":\"ListItem\",\"position\":2,\"name\":\"Ponteareas incorporarase en 2021 \u00e1 rede de cidades transfronteirizas do Eixo Atl\u00e1ntico\"}]},{\"@type\":\"WebSite\",\"@id\":\"https:\\\/\\\/www.anovapeneira.gal\\\/#website\",\"url\":\"https:\\\/\\\/www.anovapeneira.gal\\\/\",\"name\":\"\",\"description\":\"Xornal galego de informaci\u00f3n xeral Publicaci\u00f3n mensual de novas de Galicia e en especial dos Concellos da sur da provincia de Pontevedra.\",\"publisher\":{\"@id\":\"https:\\\/\\\/www.anovapeneira.gal\\\/#organization\"},\"potentialAction\":[{\"@type\":\"SearchAction\",\"target\":{\"@type\":\"EntryPoint\",\"urlTemplate\":\"https:\\\/\\\/www.anovapeneira.gal\\\/?s={search_term_string}\"},\"query-input\":{\"@type\":\"PropertyValueSpecification\",\"valueRequired\":true,\"valueName\":\"search_term_string\"}}],\"inLanguage\":\"gl-ES\"},{\"@type\":\"Organization\",\"@id\":\"https:\\\/\\\/www.anovapeneira.gal\\\/#organization\",\"name\":\"A Nova Peneira\",\"url\":\"https:\\\/\\\/www.anovapeneira.gal\\\/\",\"logo\":{\"@type\":\"ImageObject\",\"inLanguage\":\"gl-ES\",\"@id\":\"https:\\\/\\\/www.anovapeneira.gal\\\/#\\\/schema\\\/logo\\\/image\\\/\",\"url\":\"http:\\\/\\\/www.anovapeneira.gal\\\/wp-content\\\/uploads\\\/2019\\\/06\\\/logo_a_nova_peneira_portal_web.png\",\"contentUrl\":\"http:\\\/\\\/www.anovapeneira.gal\\\/wp-content\\\/uploads\\\/2019\\\/06\\\/logo_a_nova_peneira_portal_web.png\",\"width\":300,\"height\":100,\"caption\":\"A Nova Peneira\"},\"image\":{\"@id\":\"https:\\\/\\\/www.anovapeneira.gal\\\/#\\\/schema\\\/logo\\\/image\\\/\"},\"sameAs\":[\"https:\\\/\\\/www.facebook.com\\\/anovapeneira\",\"https:\\\/\\\/x.com\\\/APeneira\"]},{\"@type\":\"Person\",\"@id\":\"https:\\\/\\\/www.anovapeneira.gal\\\/#\\\/schema\\\/person\\\/b93e3f8932e3f8da96334607eb6ac6aa\",\"name\":\"Redacci\u00f3n A Nova Peneira\",\"image\":{\"@type\":\"ImageObject\",\"inLanguage\":\"gl-ES\",\"@id\":\"https:\\\/\\\/secure.gravatar.com\\\/avatar\\\/c052a2551a06e23fac63626232eaa90abd78dbcf1700fc46a2b2c89fd27b735f?s=96&d=mm&r=g\",\"url\":\"https:\\\/\\\/secure.gravatar.com\\\/avatar\\\/c052a2551a06e23fac63626232eaa90abd78dbcf1700fc46a2b2c89fd27b735f?s=96&d=mm&r=g\",\"contentUrl\":\"https:\\\/\\\/secure.gravatar.com\\\/avatar\\\/c052a2551a06e23fac63626232eaa90abd78dbcf1700fc46a2b2c89fd27b735f?s=96&d=mm&r=g\",\"caption\":\"Redacci\u00f3n A Nova Peneira\"},\"sameAs\":[\"http:\\\/\\\/www.anovapeneira.gal\\\/\"],\"url\":\"https:\\\/\\\/www.anovapeneira.gal\\\/index.php\\\/author\\\/redactor\\\/\"}]}<\/script>\n<!-- \/ Yoast SEO plugin. -->","yoast_head_json":{"title":"Ponteareas incorporarase en 2021 \u00e1 rede de cidades transfronteirizas do Eixo Atl\u00e1ntico -","description":"O Xos\u00e9 Represas: \u201cParticipar no Eixo Atl\u00e1ntico \u00e9 o natural para Ponteareas e unha aposta estrat\u00e9xica para a recuperaci\u00f3n trala pandemia\u201d","robots":{"index":"index","follow":"follow","max-snippet":"max-snippet:-1","max-image-preview":"max-image-preview:large","max-video-preview":"max-video-preview:-1"},"canonical":"https:\/\/www.anovapeneira.gal\/index.php\/2020\/12\/31\/ponteareas-incorporarase-en-2021-a-rede-de-cidades-transfronteirizas-do-eixo-atlantico\/","og_locale":"gl_ES","og_type":"article","og_title":"Ponteareas incorporarase en 2021 \u00e1 rede de cidades transfronteirizas do Eixo Atl\u00e1ntico -","og_description":"O Xos\u00e9 Represas: \u201cParticipar no Eixo Atl\u00e1ntico \u00e9 o natural para Ponteareas e unha aposta estrat\u00e9xica para a recuperaci\u00f3n trala pandemia\u201d","og_url":"https:\/\/www.anovapeneira.gal\/index.php\/2020\/12\/31\/ponteareas-incorporarase-en-2021-a-rede-de-cidades-transfronteirizas-do-eixo-atlantico\/","article_publisher":"https:\/\/www.facebook.com\/anovapeneira","article_published_time":"2020-12-31T09:00:41+00:00","og_image":[{"width":720,"height":432,"url":"https:\/\/www.anovapeneira.gal\/wp-content\/uploads\/2020\/07\/concello_de_ponteareas_a_nova_peneira.jpg","type":"image\/jpeg"}],"author":"Redacci\u00f3n A Nova Peneira","twitter_card":"summary_large_image","twitter_creator":"@APeneira","twitter_site":"@APeneira","twitter_misc":{"Escrito por":"Redacci\u00f3n A Nova Peneira","Tempo de lectura":"2 minutos"},"schema":{"@context":"https:\/\/schema.org","@graph":[{"@type":"Article","@id":"https:\/\/www.anovapeneira.gal\/index.php\/2020\/12\/31\/ponteareas-incorporarase-en-2021-a-rede-de-cidades-transfronteirizas-do-eixo-atlantico\/#article","isPartOf":{"@id":"https:\/\/www.anovapeneira.gal\/index.php\/2020\/12\/31\/ponteareas-incorporarase-en-2021-a-rede-de-cidades-transfronteirizas-do-eixo-atlantico\/"},"author":{"name":"Redacci\u00f3n A Nova Peneira","@id":"https:\/\/www.anovapeneira.gal\/#\/schema\/person\/b93e3f8932e3f8da96334607eb6ac6aa"},"headline":"Ponteareas incorporarase en 2021 \u00e1 rede de cidades transfronteirizas do Eixo Atl\u00e1ntico","datePublished":"2020-12-31T09:00:41+00:00","mainEntityOfPage":{"@id":"https:\/\/www.anovapeneira.gal\/index.php\/2020\/12\/31\/ponteareas-incorporarase-en-2021-a-rede-de-cidades-transfronteirizas-do-eixo-atlantico\/"},"wordCount":445,"commentCount":0,"publisher":{"@id":"https:\/\/www.anovapeneira.gal\/#organization"},"image":{"@id":"https:\/\/www.anovapeneira.gal\/index.php\/2020\/12\/31\/ponteareas-incorporarase-en-2021-a-rede-de-cidades-transfronteirizas-do-eixo-atlantico\/#primaryimage"},"thumbnailUrl":"https:\/\/www.anovapeneira.gal\/wp-content\/uploads\/2020\/07\/concello_de_ponteareas_a_nova_peneira.jpg","keywords":["Concello de Ponteareas"],"articleSection":["Condado"],"inLanguage":"gl-ES","potentialAction":[{"@type":"CommentAction","name":"Comment","target":["https:\/\/www.anovapeneira.gal\/index.php\/2020\/12\/31\/ponteareas-incorporarase-en-2021-a-rede-de-cidades-transfronteirizas-do-eixo-atlantico\/#respond"]}]},{"@type":"WebPage","@id":"https:\/\/www.anovapeneira.gal\/index.php\/2020\/12\/31\/ponteareas-incorporarase-en-2021-a-rede-de-cidades-transfronteirizas-do-eixo-atlantico\/","url":"https:\/\/www.anovapeneira.gal\/index.php\/2020\/12\/31\/ponteareas-incorporarase-en-2021-a-rede-de-cidades-transfronteirizas-do-eixo-atlantico\/","name":"Ponteareas incorporarase en 2021 \u00e1 rede de cidades transfronteirizas do Eixo Atl\u00e1ntico -","isPartOf":{"@id":"https:\/\/www.anovapeneira.gal\/#website"},"primaryImageOfPage":{"@id":"https:\/\/www.anovapeneira.gal\/index.php\/2020\/12\/31\/ponteareas-incorporarase-en-2021-a-rede-de-cidades-transfronteirizas-do-eixo-atlantico\/#primaryimage"},"image":{"@id":"https:\/\/www.anovapeneira.gal\/index.php\/2020\/12\/31\/ponteareas-incorporarase-en-2021-a-rede-de-cidades-transfronteirizas-do-eixo-atlantico\/#primaryimage"},"thumbnailUrl":"https:\/\/www.anovapeneira.gal\/wp-content\/uploads\/2020\/07\/concello_de_ponteareas_a_nova_peneira.jpg","datePublished":"2020-12-31T09:00:41+00:00","description":"O Xos\u00e9 Represas: \u201cParticipar no Eixo Atl\u00e1ntico \u00e9 o natural para Ponteareas e unha aposta estrat\u00e9xica para a recuperaci\u00f3n trala pandemia\u201d","breadcrumb":{"@id":"https:\/\/www.anovapeneira.gal\/index.php\/2020\/12\/31\/ponteareas-incorporarase-en-2021-a-rede-de-cidades-transfronteirizas-do-eixo-atlantico\/#breadcrumb"},"inLanguage":"gl-ES","potentialAction":[{"@type":"ReadAction","target":["https:\/\/www.anovapeneira.gal\/index.php\/2020\/12\/31\/ponteareas-incorporarase-en-2021-a-rede-de-cidades-transfronteirizas-do-eixo-atlantico\/"]}]},{"@type":"ImageObject","inLanguage":"gl-ES","@id":"https:\/\/www.anovapeneira.gal\/index.php\/2020\/12\/31\/ponteareas-incorporarase-en-2021-a-rede-de-cidades-transfronteirizas-do-eixo-atlantico\/#primaryimage","url":"https:\/\/www.anovapeneira.gal\/wp-content\/uploads\/2020\/07\/concello_de_ponteareas_a_nova_peneira.jpg","contentUrl":"https:\/\/www.anovapeneira.gal\/wp-content\/uploads\/2020\/07\/concello_de_ponteareas_a_nova_peneira.jpg","width":720,"height":432,"caption":"Concello de Ponteareas tra\u00eddas de auga A Nova Peneira"},{"@type":"BreadcrumbList","@id":"https:\/\/www.anovapeneira.gal\/index.php\/2020\/12\/31\/ponteareas-incorporarase-en-2021-a-rede-de-cidades-transfronteirizas-do-eixo-atlantico\/#breadcrumb","itemListElement":[{"@type":"ListItem","position":1,"name":"Portada","item":"https:\/\/www.anovapeneira.gal\/"},{"@type":"ListItem","position":2,"name":"Ponteareas incorporarase en 2021 \u00e1 rede de cidades transfronteirizas do Eixo Atl\u00e1ntico"}]},{"@type":"WebSite","@id":"https:\/\/www.anovapeneira.gal\/#website","url":"https:\/\/www.anovapeneira.gal\/","name":"","description":"Xornal galego de informaci\u00f3n xeral Publicaci\u00f3n mensual de novas de Galicia e en especial dos Concellos da sur da provincia de Pontevedra.","publisher":{"@id":"https:\/\/www.anovapeneira.gal\/#organization"},"potentialAction":[{"@type":"SearchAction","target":{"@type":"EntryPoint","urlTemplate":"https:\/\/www.anovapeneira.gal\/?s={search_term_string}"},"query-input":{"@type":"PropertyValueSpecification","valueRequired":true,"valueName":"search_term_string"}}],"inLanguage":"gl-ES"},{"@type":"Organization","@id":"https:\/\/www.anovapeneira.gal\/#organization","name":"A Nova Peneira","url":"https:\/\/www.anovapeneira.gal\/","logo":{"@type":"ImageObject","inLanguage":"gl-ES","@id":"https:\/\/www.anovapeneira.gal\/#\/schema\/logo\/image\/","url":"http:\/\/www.anovapeneira.gal\/wp-content\/uploads\/2019\/06\/logo_a_nova_peneira_portal_web.png","contentUrl":"http:\/\/www.anovapeneira.gal\/wp-content\/uploads\/2019\/06\/logo_a_nova_peneira_portal_web.png","width":300,"height":100,"caption":"A Nova Peneira"},"image":{"@id":"https:\/\/www.anovapeneira.gal\/#\/schema\/logo\/image\/"},"sameAs":["https:\/\/www.facebook.com\/anovapeneira","https:\/\/x.com\/APeneira"]},{"@type":"Person","@id":"https:\/\/www.anovapeneira.gal\/#\/schema\/person\/b93e3f8932e3f8da96334607eb6ac6aa","name":"Redacci\u00f3n A Nova Peneira","image":{"@type":"ImageObject","inLanguage":"gl-ES","@id":"https:\/\/secure.gravatar.com\/avatar\/c052a2551a06e23fac63626232eaa90abd78dbcf1700fc46a2b2c89fd27b735f?s=96&d=mm&r=g","url":"https:\/\/secure.gravatar.com\/avatar\/c052a2551a06e23fac63626232eaa90abd78dbcf1700fc46a2b2c89fd27b735f?s=96&d=mm&r=g","contentUrl":"https:\/\/secure.gravatar.com\/avatar\/c052a2551a06e23fac63626232eaa90abd78dbcf1700fc46a2b2c89fd27b735f?s=96&d=mm&r=g","caption":"Redacci\u00f3n A Nova Peneira"},"sameAs":["http:\/\/www.anovapeneira.gal\/"],"url":"https:\/\/www.anovapeneira.gal\/index.php\/author\/redactor\/"}]}},"jetpack_featured_media_url":"https:\/\/www.anovapeneira.gal\/wp-content\/uploads\/2020\/07\/concello_de_ponteareas_a_nova_peneira.jpg","_links":{"self":[{"href":"https:\/\/www.anovapeneira.gal\/index.php\/wp-json\/wp\/v2\/posts\/4571","targetHints":{"allow":["GET"]}}],"collection":[{"href":"https:\/\/www.anovapeneira.gal\/index.php\/wp-json\/wp\/v2\/posts"}],"about":[{"href":"https:\/\/www.anovapeneira.gal\/index.php\/wp-json\/wp\/v2\/types\/post"}],"author":[{"embeddable":true,"href":"https:\/\/www.anovapeneira.gal\/index.php\/wp-json\/wp\/v2\/users\/3"}],"replies":[{"embeddable":true,"href":"https:\/\/www.anovapeneira.gal\/index.php\/wp-json\/wp\/v2\/comments?post=4571"}],"version-history":[{"count":1,"href":"https:\/\/www.anovapeneira.gal\/index.php\/wp-json\/wp\/v2\/posts\/4571\/revisions"}],"predecessor-version":[{"id":4572,"href":"https:\/\/www.anovapeneira.gal\/index.php\/wp-json\/wp\/v2\/posts\/4571\/revisions\/4572"}],"wp:featuredmedia":[{"embeddable":true,"href":"https:\/\/www.anovapeneira.gal\/index.php\/wp-json\/wp\/v2\/media\/3470"}],"wp:attachment":[{"href":"https:\/\/www.anovapeneira.gal\/index.php\/wp-json\/wp\/v2\/media?parent=4571"}],"wp:term":[{"taxonomy":"category","embeddable":true,"href":"https:\/\/www.anovapeneira.gal\/index.php\/wp-json\/wp\/v2\/categories?post=4571"},{"taxonomy":"post_tag","embeddable":true,"href":"https:\/\/www.anovapeneira.gal\/index.php\/wp-json\/wp\/v2\/tags?post=4571"}],"curies":[{"name":"wp","href":"https:\/\/api.w.org\/{rel}","templated":true}]}}