{"id":4574,"date":"2020-12-31T12:00:29","date_gmt":"2020-12-31T11:00:29","guid":{"rendered":"http:\/\/www.anovapeneira.gal\/?p=4574"},"modified":"2020-12-31T15:23:43","modified_gmt":"2020-12-31T14:23:43","slug":"pepe-represas-alcalde-de-ponteareas-2","status":"publish","type":"post","link":"https:\/\/www.anovapeneira.gal\/index.php\/2020\/12\/31\/pepe-represas-alcalde-de-ponteareas-2\/","title":{"rendered":"Pepe Represas Alcalde de Ponteareas"},"content":{"rendered":"\n<h2 class=\"wp-block-heading\"><strong>Rematamos o ano 2.020 e comezamos o 2.021 cunha longa conversa co alcalde de Ponteareas. Con independencia de todo o ru\u00eddo que poida meter a dereita, que durante d\u00e9cadas someteu a un nefasto goberno caciquil \u00e1 esta vila, te\u00f1o a certeza de que Pepe, pasar\u00e1 a historia como o alcalde que, coa s\u00faa sensatez e rigor \u00e1 hora de gobernar, puxo as bases para facer unha vila moderna, sostible e solidaria.<\/strong><\/h2>\n\n\n\n<p>\u201c<strong>PONTEAREAS \u00c9 HOXE UN FOGAR SOLVENTE, E CUNHA SITUACI\u00d3N ECON\u00d3MICA ESTABLE\u201d<\/strong><\/p>\n\n\n\n<p><strong>-Como valoras o grado de cohesi\u00f3n cos vosos socios de goberno do PSOE?<\/strong><\/p>\n\n\n\n<blockquote class=\"wp-block-quote is-layout-flow wp-block-quote-is-layout-flow\"><p>-O grao de cohesi\u00f3n son os intereses dos nosos veci\u00f1os e veci\u00f1as, ese grao m\u00eddese en base \u00e1 capacidade de cumprir cos compromisos adquiridos con elas e eles. Constru\u00edr unha vila na que atopen todo o que precisen, un fogar agradable, c\u00edvico, participativo e responsable. Penso que o goberno de Ponteareas est\u00e1 cumprindo e traballando a diario para mellorar servizos b\u00e1sicos como o saneamento e o abastecemento de auga pero tam\u00e9n novos servizos como a mellora das TICs, ampliaci\u00f3n dos servizos \u00e1 cidadan\u00eda, unha oferta cultural de calidade, m\u00e1is formaci\u00f3n, esforzos en crear emprego&#8230; Mostra da boa cohesi\u00f3n \u00e9 o noso crecemento econ\u00f3mico, o cumprimento dos compromisos, a construci\u00f3n dunha cidade para as persoas, as li\u00f1as de axuda a empresas locais, obter a confianza das administraci\u00f3ns nos proxectos presentados&#8230;<\/p><\/blockquote>\n\n\n\n<p><strong>-Cando asumiches o primeiro mandato a situaci\u00f3n econ\u00f3mica do Concello era catastr\u00f3fica. Hoxe, cinco anos despois, podemos dicir que Ponteareas vive unha realidade econ\u00f3mica \u00f3ptima?<\/strong><\/p>\n\n\n\n<blockquote class=\"wp-block-quote is-layout-flow wp-block-quote-is-layout-flow\"><p>-Ponteareas \u00e9 hoxe un fogar solvente, vimos de aprobar uns orzamentos por m\u00e1is de 18 mill\u00f3ns de euros e o do ano pasado, de 21 mill\u00f3ns de euros, foi o m\u00e1is alto da historia. O goberno de Ponteareas v\u00e9n de asinar co Instituto Galego de Vivenda seis pr\u00e9stamos sen xuros para seis actuaci\u00f3ns de conservaci\u00f3n, rehabilitaci\u00f3n e compra de inmobles por un importe total de 806.650 euros. Un bo exemplo da nosa situaci\u00f3n econ\u00f3mica estable \u00e9 o apoio da Conseller\u00eda de Vivenda que adianta a financiaci\u00f3n que o concello devolver\u00e1 con fondos propios e da estratexia EDUSI e as\u00ed ir executando as obras para que a nosa cidadan\u00eda te\u00f1a o antes posible unha vila m\u00e1is humana. O concello devolver\u00e1 comodamente as cantidades percibidas no prazo de oito anos.<\/p><\/blockquote>\n\n\n\n<p><strong>-Varios alcaldes e alcaldesas da nosa \u00e1rea de influencian com\u00e9ntannos que esta crise sanitaria produciu un incremento substancial no n\u00famero de familias que precisan da atenci\u00f3n dos servizos sociais do Concello para atender as s\u00faas necesidades m\u00e1is b\u00e1sicas. Como est\u00e1 a situaci\u00f3n en Ponteareas?<\/strong><\/p>\n\n\n\n<blockquote class=\"wp-block-quote is-layout-flow wp-block-quote-is-layout-flow\"><p>-Lamentablemente na li\u00f1a do que me comentas. Nestes \u00faltimos meses produciuse un importante aumento de persoas que non te\u00f1en ingresos ou que viron drasticamente reducidos os seus recursos econ\u00f3micos. Por este motivo no orzamento para 2021 destinamos m\u00e1is de tres mill\u00f3ns de euros a pol\u00edticas sociais. As axudas e subvenci\u00f3ns a colectivos m\u00e1is desfavorecidos refl\u00edctense nunha partida que se duplica respecto a 2019, pasando dos 117.000 euros destinados \u00e1 axudas de emerxencia social ao 234.000 \u20ac que figuran nas previsi\u00f3ns do cap\u00edtulo 4 de subvenci\u00f3ns en benestar social para o 2021.<\/p><\/blockquote>\n\n\n\n<blockquote class=\"wp-block-quote is-layout-flow wp-block-quote-is-layout-flow\"><p>As \u00e1reas de Benestar Social, que se incrementaron en 1,3 mill\u00f3ns de euros en 5 anos, pasaron de 1.990.000 euros en 2015 aos 3.310.953,14 \u20ac na previsi\u00f3n para 2021. Un 66% m\u00e1is que en 2015, un exemplo claro da aposta deste goberno polas pol\u00edticas de benestar, destinando os recursos necesarios para quen m\u00e1is o necesita.<\/p><\/blockquote>\n\n\n\n<p><strong>-Os servizos sociais de Concello est\u00e1n preparados , se fose necesario, para atender un aumento significativo da demanda de axuda?<\/strong><\/p>\n\n\n\n<blockquote class=\"wp-block-quote is-layout-flow wp-block-quote-is-layout-flow\"><p>-Temos un orzamento aprobado que nos da certa seguridade porque ademais de contemplar partidas para atender \u00e1s necesidades b\u00e1sicas e as obrigas municipais, conta con partidas por m\u00e1is dun mill\u00f3n de euros que de entrada non est\u00e1n comprometidas, e que poder\u00e1n utilizarse en funci\u00f3n das necesidades e da evoluci\u00f3n da crise da Covid.<\/p><\/blockquote>\n\n\n\n<p><strong>-Como \u00e9 a vosa relaci\u00f3n coa DEP?<\/strong><\/p>\n\n\n\n<blockquote class=\"wp-block-quote is-layout-flow wp-block-quote-is-layout-flow\"><p>-Tal e como dic\u00eda no comezo da entrevista, as administraci\u00f3ns conf\u00edan en Ponteareas e n\u00f3s sempre nos pomos a s\u00faa disposici\u00f3n en todo o que poidamos colaborar dentro do \u00e1mbito das nosas competencias porque o obxectivo \u00e9 sempre conseguir melloras para a nosa cidadan\u00eda. Coa Deputaci\u00f3n temos en marcha un importe proxecto, a trav\u00e9s do plan DepoRemse, que \u00e9 a mellora da contorna do complexo deportivo \u00c1lvaro Pino e centro de sa\u00fade. A tarxeta de presentaci\u00f3n para todos os que entren ao n\u00facleo urbano dende Mondariz ou dende as nosas parroquias de Areas, Arnoso ou Xinzo. Estamos adscritos \u00e1 rede \u00c1GORA para valorizar o espazo p\u00fablico e a trav\u00e9s do Plan Concellos executamos distintos proxectos relevantes. Ademais, vimos de asinar o convenio para a musealizaci\u00f3n do Castelo do Sobroso, entre outras acci\u00f3ns nas que traballamos en conxunto coa Deputaci\u00f3n de Pontevedra.<\/p><\/blockquote>\n\n\n\n<p><strong>-E coa Xunta?<\/strong><\/p>\n\n\n\n<blockquote class=\"wp-block-quote is-layout-flow wp-block-quote-is-layout-flow\"><p>-N\u00f3s estamos sempre dispostos a traballar con todas as administraci\u00f3ns que apoien o crecemento sost\u00edbel e responsable da nosa cidade e o benestar da nosa veci\u00f1anza. Coa Xunta, co Estado, coa Uni\u00f3n Europea&#8230; Ponteareas traballa a d\u00eda de hoxe con todas as administraci\u00f3ns nos grandes proxectos que configurar\u00e1n o noso presente e o noso futuro seguindo sempre a estratexia \u201cPonteareas, h\u00e1bitat saud\u00e1bel\u201d.<\/p><\/blockquote>\n\n\n\n<p><strong>&#8211; A d\u00eda de hoxe cal \u00e9 a situaci\u00f3n epid\u00e9mica de Ponteareas?<\/strong><\/p>\n\n\n\n<blockquote class=\"wp-block-quote is-layout-flow wp-block-quote-is-layout-flow\"><p>-Na reuni\u00f3n que acabamos de ter comunic\u00e1ronnos que temos 24 casos activos e seguimos no nivel m\u00e1ximo de alerta. Levamos un mes xa no nivel vermello e sinto unha profunda preocupaci\u00f3n que hoxe mesmo trasladei \u00e1 Xunta a trav\u00e9s do secretario xeral da Conseller\u00eda de Sanidade ped\u00edndolle un reforzo nos controis perimetrais xa que os concellos non dispomos de ferramentas para controlar o noso per\u00edmetro. Por suposto, pido a todas as familias que colaboren, que a cidadan\u00eda cumpra con todas as normas para que pronto todos e todas poidamos recuperarnos e volver celebrar e reabrir os nosos negocios&#8230; agora o que importa \u00e9 a sa\u00fade e temos que p\u00f3r t\u00f3dolos medios. \u00c9 fundamental a concienciaci\u00f3n individual porque o 80% dos contaxios prod\u00facense no noso espazo de confianza coas amizades, compa\u00f1eiros\/as e familiares. Esa relaxaci\u00f3n non axuda.<\/p><\/blockquote>\n\n\n\n<p><strong>-Como valora a relaci\u00f3n do SERGAS co goberno municipal no que atinxe a este tema?. Sent\u00edcheste adecuadamente informado da situaci\u00f3n sanitaria da vila polos responsables sanitarios da Xunta?<\/strong><\/p>\n\n\n\n<blockquote class=\"wp-block-quote is-layout-flow wp-block-quote-is-layout-flow\"><p>-Sentimos que son moi importantes as reuni\u00f3ns semanais e a informaci\u00f3n o m\u00e1is actualizada posible pero \u00e9 certo que seguimos reclamando m\u00e1is PCRs, un control m\u00e1is exhaustivo, a informaci\u00f3n m\u00e1is detallada e maior asesoramento. Hoxe mesmo ofrec\u00e9monos para p\u00f3r a disposici\u00f3n do SERGAS toda a nosa infraestrutura para a realizaci\u00f3n de controis sanitarios.<\/p><\/blockquote>\n\n\n\n<p><strong>-Como valoras o grado de civismo amosado pola sociedade pontare\u00e1 neste contexto de confinamentos e restrici\u00f3ns?<\/strong><\/p>\n\n\n\n<blockquote class=\"wp-block-quote is-layout-flow wp-block-quote-is-layout-flow\"><p>-As e os nosos veci\u00f1os son os primeiros en querer que todo isto pase o m\u00e1is pronto posible e coas menores consecuencias que se poidan dar. Sempre pedimos a s\u00faa colaboraci\u00f3n, sabemos que son tempos dif\u00edciles nos que dun d\u00eda para outro tivemos que mudar os nosos costumes pero temos que seguir fac\u00e9ndoo. Eu p\u00eddolles que sigan en contacto cos seus pero facendo uso das novas tecnolox\u00edas, que salven as distancias con v\u00eddeo chamadas, que este nadal entendan que o m\u00e1is importante \u00e9 seguir con boa sa\u00fade para poder celebrar moitos nadais xuntos. De s\u00fapeto tivemos que facer un cambio radical e as administraci\u00f3ns v\u00e9monos fomentando o uso da tecnolox\u00eda para socializarnos xusto nun momento no que tent\u00e1bamos concienciar \u00e1 sociedade do importante que eran as relaci\u00f3ns coas persoas deixando a un lado os m\u00f3biles&#8230;<\/p><\/blockquote>\n\n\n\n<p><strong>-A sensaci\u00f3n que transmit\u00eda o PP local \u00e9 que as distintas peonalizaci\u00f3ns supuxeron unha moi elevada oposici\u00f3n veci\u00f1al. Iso \u00e9 as\u00ed, ou ao teu xu\u00edzo a realidade \u00e9 outra?<\/strong><\/p>\n\n\n\n<blockquote class=\"wp-block-quote is-layout-flow wp-block-quote-is-layout-flow\"><p>-Non sentimos que as peonalizaci\u00f3ns desgusten \u00e1 veci\u00f1anza, ao contrario, sentimos que est\u00e1n desexando poder pasear e ocupar os espazos p\u00fablicos. O que ocasionan molestias son as obras pero iso \u00e9 o normal e sabemos que a cidadan\u00eda entende que \u00e9 unha incomodidade temporal para conseguir unha importante mellora.<\/p><\/blockquote>\n\n\n\n<p><strong>-C\u00f3ntanos o m\u00e1is salientable das actuaci\u00f3ns que tedes previsto executar no casco urbano da Vila?<\/strong><\/p>\n\n\n\n<blockquote class=\"wp-block-quote is-layout-flow wp-block-quote-is-layout-flow\"><p>-Non temos pensado facer, estamos facendo xa a humanizaci\u00f3n da r\u00faa Redondela, rematando xa o primeiro tramo de San Roque, comezando coas obras de mellora da praza de Bugallal, constru\u00edndo a nosa rede de calor con biomasa e xa rematamos as obras de eficiencia enerx\u00e9tica do conservatorio municipal, da escola infantil municipal e da biblioteca p\u00fablica municipal. Tam\u00e9n avanza a bo ritmo a mellora da contorna do centro de sa\u00fade. Xa comezamos a executar a mellora da eficiencia enerx\u00e9tica do alumeado p\u00fablico a trav\u00e9s dunha axuda do IDAE que nos permitir\u00e1 cambiar a led o alumeado p\u00fablico tanto no rural como no centro urbano.<\/p><\/blockquote>\n\n\n\n<p><strong>-E nas parroquias?<\/strong><\/p>\n\n\n\n<blockquote class=\"wp-block-quote is-layout-flow wp-block-quote-is-layout-flow\"><p><strong>&#8211;<\/strong>Nas parroquias ofrecemos unha programaci\u00f3n cultural estable (suspendida por mor da COVID), dispomos de axudas \u00e1s casas e centros culturais, acometeremos a mellora do alumeado p\u00fablico, ampliamos a rede de abastecemento&#8230;<\/p><\/blockquote>\n\n\n\n<p><strong>-Que aceptaci\u00f3n percibes na veci\u00f1anza en referencia \u00e1s limitaci\u00f3ns de velocidade impostas aos veh\u00edculos?<\/strong><\/p>\n\n\n\n<blockquote class=\"wp-block-quote is-layout-flow wp-block-quote-is-layout-flow\"><p>-As noticias e as novidades sempre xeran certa expectaci\u00f3n que co uso e coa cotidianidade desaparecen. A veci\u00f1anza valora o esforzo en seguridade viaria e moitas das acci\u00f3ns responden a petici\u00f3ns veci\u00f1ais ou de colectivos.<\/p><\/blockquote>\n\n\n\n<p><strong>-En canto \u00e1s obras na praza Bugallal o concello expresou a s\u00faa sorpresa pola aparici\u00f3n de tubaxes que non constaban dicindo que non \u00e9 a primeira vez. Que pasa no subsolo de Ponteareas?<\/strong><\/p>\n\n\n\n<blockquote class=\"wp-block-quote is-layout-flow wp-block-quote-is-layout-flow\"><p>-O que pasa no subsolo de Ponteareas \u00e9 o similar ao que pasaba no d\u00eda a d\u00eda de Ponteareas durante d\u00e9cadas. Falta de planificaci\u00f3n e de previsi\u00f3n. Falta de an\u00e1lise das carencias e das necesidades e falta de visi\u00f3n de futuro. En Ponteareas non estaba practicamente nada inventariado e nada se programaba pensando no que se \u00eda precisar nun futuro pr\u00f3ximo. Atopamos unhas tubaxes diferentes \u00e1s que ti\u00f1amos previstas e o seu tratamento est\u00e1 en mans de profesionais.<\/p><\/blockquote>\n\n\n\n<p><strong>-Os deportistas de Ponteareas est\u00e1n , como di o PP local, maltratados?<\/strong><\/p>\n\n\n\n<blockquote class=\"wp-block-quote is-layout-flow wp-block-quote-is-layout-flow\"><p>-Para resolver as d\u00fabidas o mellor \u00e9 sempre ir aos casos pr\u00e1cticos, aos n\u00fameros, \u00e1s evidencias. Falar sen datos \u00e9 doado. Ao PP d\u00edgolle que me amose os seus n\u00fameros. No 2019 a nosa liquidaci\u00f3n do investido en deportes foi m\u00e1is de 500.000\u20ac e no 2020 arredor de 700.000\u20ac&#8230; agora que digan eles canto investiron.<\/p><\/blockquote>\n\n\n\n<p><strong>-E rematamos falado de hostalar\u00eda. Contempla o goberno local algunha li\u00f1a municipal de axudas para este sector tan maltratado neste contexto hist\u00f3rico?. E para o pequeno comercio en xeral?<\/strong><\/p>\n\n\n\n<blockquote class=\"wp-block-quote is-layout-flow wp-block-quote-is-layout-flow\"><p>-Ademais das d\u00faas li\u00f1as de axudas para empresas e aut\u00f3nomos\/as locais, por m\u00e1is de 400.000\u20ac entre as d\u00faas, vimos de sacar unha nova axuda espec\u00edfica para hostalar\u00eda de 25.000 euros pero que poder\u00e1 incrementarse para atender todas as solicitudes como \u00e9 a nosa intenci\u00f3n. Outra das medidas que xa est\u00e1 vixente para apoiar \u00e1 hostalar\u00eda \u00e9 a bonificaci\u00f3n do 95% das taxas das terrazas ata \u00f3 31 de decembro de 2021, ademais das axudas directas, postas en marcha polo Concello, con motivo do estado de alarma do mes de marzo, axudas que foron pagadas a todos os que cumpr\u00edan as condici\u00f3ns da convocatoria, que no caso da hostalar\u00eda foron un total de 70 negocios. Nestes meses ademais hai que sumarlle os cambios realizados para facilitar a ampliaci\u00f3n das terrazas en novas zonas, ao tempo que se ga\u00f1ou espazos para os pe\u00f3ns.<\/p><\/blockquote>\n\n\n\n<blockquote class=\"wp-block-quote is-layout-flow wp-block-quote-is-layout-flow\"><p>Dentro das nosas competencias, tam\u00e9n contempla eximir do pago ou compensar os recibos municipais do lixo e da auga a todos os negocios durante o per\u00edodo que tiveron que pechar pola pandemia, tanto nestas semanas decretadas pola Xunta para a hostalar\u00eda como durante o estado de alarma que afectou a todo tipo de negocios.<\/p><\/blockquote>\n","protected":false},"excerpt":{"rendered":"<div class=\"mh-excerpt\"><p>Ponteareas \u00e9 hoxe un fogar solvente, e cunha situaci\u00f3n econ\u00f3mica estable <a class=\"mh-excerpt-more\" href=\"https:\/\/www.anovapeneira.gal\/index.php\/2020\/12\/31\/pepe-represas-alcalde-de-ponteareas-2\/\" title=\"Pepe Represas Alcalde de Ponteareas\">[&#8230;]<\/a><\/p>\n<\/div>","protected":false},"author":2,"featured_media":2794,"comment_status":"open","ping_status":"open","sticky":false,"template":"","format":"standard","meta":{"_exactmetrics_skip_tracking":false,"_exactmetrics_sitenote_active":false,"_exactmetrics_sitenote_note":"","_exactmetrics_sitenote_category":0,"footnotes":""},"categories":[267],"tags":[208],"class_list":{"0":"post-4574","1":"post","2":"type-post","3":"status-publish","4":"format-standard","5":"has-post-thumbnail","7":"category-condado-entrevistas","8":"tag-concello-de-ponteareas"},"yoast_head":"<!-- This site is optimized with the Yoast SEO plugin v27.4 - https:\/\/yoast.com\/product\/yoast-seo-wordpress\/ -->\n<title>Pepe Represas Alcalde de Ponteareas -<\/title>\n<meta name=\"description\" content=\"Ponteareas \u00e9 hoxe un fogar solvente, e cunha situaci\u00f3n econ\u00f3mica estable\" \/>\n<meta name=\"robots\" content=\"index, follow, max-snippet:-1, max-image-preview:large, max-video-preview:-1\" \/>\n<link rel=\"canonical\" href=\"https:\/\/www.anovapeneira.gal\/index.php\/2020\/12\/31\/pepe-represas-alcalde-de-ponteareas-2\/\" \/>\n<meta property=\"og:locale\" content=\"gl_ES\" \/>\n<meta property=\"og:type\" content=\"article\" \/>\n<meta property=\"og:title\" content=\"Pepe Represas Alcalde de Ponteareas -\" \/>\n<meta property=\"og:description\" content=\"Ponteareas \u00e9 hoxe un fogar solvente, e cunha situaci\u00f3n econ\u00f3mica estable\" \/>\n<meta property=\"og:url\" content=\"https:\/\/www.anovapeneira.gal\/index.php\/2020\/12\/31\/pepe-represas-alcalde-de-ponteareas-2\/\" \/>\n<meta property=\"article:publisher\" content=\"https:\/\/www.facebook.com\/anovapeneira\" \/>\n<meta property=\"article:published_time\" content=\"2020-12-31T11:00:29+00:00\" \/>\n<meta property=\"article:modified_time\" content=\"2020-12-31T14:23:43+00:00\" \/>\n<meta property=\"og:image\" content=\"https:\/\/www.anovapeneira.gal\/wp-content\/uploads\/2020\/03\/pepe_represas_ponteareas_a_nova_peneira.jpg\" \/>\n\t<meta property=\"og:image:width\" content=\"720\" \/>\n\t<meta property=\"og:image:height\" content=\"432\" \/>\n\t<meta property=\"og:image:type\" content=\"image\/jpeg\" \/>\n<meta name=\"author\" content=\"Tino Lago\" \/>\n<meta name=\"twitter:card\" content=\"summary_large_image\" \/>\n<meta name=\"twitter:creator\" content=\"@APeneira\" \/>\n<meta name=\"twitter:site\" content=\"@APeneira\" \/>\n<meta name=\"twitter:label1\" content=\"Escrito por\" \/>\n\t<meta name=\"twitter:data1\" content=\"Tino Lago\" \/>\n\t<meta name=\"twitter:label2\" content=\"Tempo de lectura\" \/>\n\t<meta name=\"twitter:data2\" content=\"10 minutos\" \/>\n<script type=\"application\/ld+json\" class=\"yoast-schema-graph\">{\"@context\":\"https:\\\/\\\/schema.org\",\"@graph\":[{\"@type\":\"Article\",\"@id\":\"https:\\\/\\\/www.anovapeneira.gal\\\/index.php\\\/2020\\\/12\\\/31\\\/pepe-represas-alcalde-de-ponteareas-2\\\/#article\",\"isPartOf\":{\"@id\":\"https:\\\/\\\/www.anovapeneira.gal\\\/index.php\\\/2020\\\/12\\\/31\\\/pepe-represas-alcalde-de-ponteareas-2\\\/\"},\"author\":{\"name\":\"Tino Lago\",\"@id\":\"https:\\\/\\\/www.anovapeneira.gal\\\/#\\\/schema\\\/person\\\/424dfe65e3070fd8a44d22d2c088762a\"},\"headline\":\"Pepe Represas Alcalde de Ponteareas\",\"datePublished\":\"2020-12-31T11:00:29+00:00\",\"dateModified\":\"2020-12-31T14:23:43+00:00\",\"mainEntityOfPage\":{\"@id\":\"https:\\\/\\\/www.anovapeneira.gal\\\/index.php\\\/2020\\\/12\\\/31\\\/pepe-represas-alcalde-de-ponteareas-2\\\/\"},\"wordCount\":2087,\"commentCount\":0,\"publisher\":{\"@id\":\"https:\\\/\\\/www.anovapeneira.gal\\\/#organization\"},\"image\":{\"@id\":\"https:\\\/\\\/www.anovapeneira.gal\\\/index.php\\\/2020\\\/12\\\/31\\\/pepe-represas-alcalde-de-ponteareas-2\\\/#primaryimage\"},\"thumbnailUrl\":\"https:\\\/\\\/www.anovapeneira.gal\\\/wp-content\\\/uploads\\\/2020\\\/03\\\/pepe_represas_ponteareas_a_nova_peneira.jpg\",\"keywords\":[\"Concello de Ponteareas\"],\"articleSection\":[\"Condado\"],\"inLanguage\":\"gl-ES\",\"potentialAction\":[{\"@type\":\"CommentAction\",\"name\":\"Comment\",\"target\":[\"https:\\\/\\\/www.anovapeneira.gal\\\/index.php\\\/2020\\\/12\\\/31\\\/pepe-represas-alcalde-de-ponteareas-2\\\/#respond\"]}]},{\"@type\":\"WebPage\",\"@id\":\"https:\\\/\\\/www.anovapeneira.gal\\\/index.php\\\/2020\\\/12\\\/31\\\/pepe-represas-alcalde-de-ponteareas-2\\\/\",\"url\":\"https:\\\/\\\/www.anovapeneira.gal\\\/index.php\\\/2020\\\/12\\\/31\\\/pepe-represas-alcalde-de-ponteareas-2\\\/\",\"name\":\"Pepe Represas Alcalde de Ponteareas -\",\"isPartOf\":{\"@id\":\"https:\\\/\\\/www.anovapeneira.gal\\\/#website\"},\"primaryImageOfPage\":{\"@id\":\"https:\\\/\\\/www.anovapeneira.gal\\\/index.php\\\/2020\\\/12\\\/31\\\/pepe-represas-alcalde-de-ponteareas-2\\\/#primaryimage\"},\"image\":{\"@id\":\"https:\\\/\\\/www.anovapeneira.gal\\\/index.php\\\/2020\\\/12\\\/31\\\/pepe-represas-alcalde-de-ponteareas-2\\\/#primaryimage\"},\"thumbnailUrl\":\"https:\\\/\\\/www.anovapeneira.gal\\\/wp-content\\\/uploads\\\/2020\\\/03\\\/pepe_represas_ponteareas_a_nova_peneira.jpg\",\"datePublished\":\"2020-12-31T11:00:29+00:00\",\"dateModified\":\"2020-12-31T14:23:43+00:00\",\"description\":\"Ponteareas \u00e9 hoxe un fogar solvente, e cunha situaci\u00f3n econ\u00f3mica estable\",\"breadcrumb\":{\"@id\":\"https:\\\/\\\/www.anovapeneira.gal\\\/index.php\\\/2020\\\/12\\\/31\\\/pepe-represas-alcalde-de-ponteareas-2\\\/#breadcrumb\"},\"inLanguage\":\"gl-ES\",\"potentialAction\":[{\"@type\":\"ReadAction\",\"target\":[\"https:\\\/\\\/www.anovapeneira.gal\\\/index.php\\\/2020\\\/12\\\/31\\\/pepe-represas-alcalde-de-ponteareas-2\\\/\"]}]},{\"@type\":\"ImageObject\",\"inLanguage\":\"gl-ES\",\"@id\":\"https:\\\/\\\/www.anovapeneira.gal\\\/index.php\\\/2020\\\/12\\\/31\\\/pepe-represas-alcalde-de-ponteareas-2\\\/#primaryimage\",\"url\":\"https:\\\/\\\/www.anovapeneira.gal\\\/wp-content\\\/uploads\\\/2020\\\/03\\\/pepe_represas_ponteareas_a_nova_peneira.jpg\",\"contentUrl\":\"https:\\\/\\\/www.anovapeneira.gal\\\/wp-content\\\/uploads\\\/2020\\\/03\\\/pepe_represas_ponteareas_a_nova_peneira.jpg\",\"width\":720,\"height\":432,\"caption\":\"Pepe Represas Concello de Ponteareas A Nova Peneira\"},{\"@type\":\"BreadcrumbList\",\"@id\":\"https:\\\/\\\/www.anovapeneira.gal\\\/index.php\\\/2020\\\/12\\\/31\\\/pepe-represas-alcalde-de-ponteareas-2\\\/#breadcrumb\",\"itemListElement\":[{\"@type\":\"ListItem\",\"position\":1,\"name\":\"Portada\",\"item\":\"https:\\\/\\\/www.anovapeneira.gal\\\/\"},{\"@type\":\"ListItem\",\"position\":2,\"name\":\"Pepe Represas Alcalde de Ponteareas\"}]},{\"@type\":\"WebSite\",\"@id\":\"https:\\\/\\\/www.anovapeneira.gal\\\/#website\",\"url\":\"https:\\\/\\\/www.anovapeneira.gal\\\/\",\"name\":\"\",\"description\":\"Xornal galego de informaci\u00f3n xeral Publicaci\u00f3n mensual de novas de Galicia e en especial dos Concellos da sur da provincia de Pontevedra.\",\"publisher\":{\"@id\":\"https:\\\/\\\/www.anovapeneira.gal\\\/#organization\"},\"potentialAction\":[{\"@type\":\"SearchAction\",\"target\":{\"@type\":\"EntryPoint\",\"urlTemplate\":\"https:\\\/\\\/www.anovapeneira.gal\\\/?s={search_term_string}\"},\"query-input\":{\"@type\":\"PropertyValueSpecification\",\"valueRequired\":true,\"valueName\":\"search_term_string\"}}],\"inLanguage\":\"gl-ES\"},{\"@type\":\"Organization\",\"@id\":\"https:\\\/\\\/www.anovapeneira.gal\\\/#organization\",\"name\":\"A Nova Peneira\",\"url\":\"https:\\\/\\\/www.anovapeneira.gal\\\/\",\"logo\":{\"@type\":\"ImageObject\",\"inLanguage\":\"gl-ES\",\"@id\":\"https:\\\/\\\/www.anovapeneira.gal\\\/#\\\/schema\\\/logo\\\/image\\\/\",\"url\":\"http:\\\/\\\/www.anovapeneira.gal\\\/wp-content\\\/uploads\\\/2019\\\/06\\\/logo_a_nova_peneira_portal_web.png\",\"contentUrl\":\"http:\\\/\\\/www.anovapeneira.gal\\\/wp-content\\\/uploads\\\/2019\\\/06\\\/logo_a_nova_peneira_portal_web.png\",\"width\":300,\"height\":100,\"caption\":\"A Nova Peneira\"},\"image\":{\"@id\":\"https:\\\/\\\/www.anovapeneira.gal\\\/#\\\/schema\\\/logo\\\/image\\\/\"},\"sameAs\":[\"https:\\\/\\\/www.facebook.com\\\/anovapeneira\",\"https:\\\/\\\/x.com\\\/APeneira\"]},{\"@type\":\"Person\",\"@id\":\"https:\\\/\\\/www.anovapeneira.gal\\\/#\\\/schema\\\/person\\\/424dfe65e3070fd8a44d22d2c088762a\",\"name\":\"Tino Lago\",\"image\":{\"@type\":\"ImageObject\",\"inLanguage\":\"gl-ES\",\"@id\":\"https:\\\/\\\/secure.gravatar.com\\\/avatar\\\/b3df6a06e44bab3111583b90f0f33a0379ee5e3d22cbadd232d39f21c30c62be?s=96&d=mm&r=g\",\"url\":\"https:\\\/\\\/secure.gravatar.com\\\/avatar\\\/b3df6a06e44bab3111583b90f0f33a0379ee5e3d22cbadd232d39f21c30c62be?s=96&d=mm&r=g\",\"contentUrl\":\"https:\\\/\\\/secure.gravatar.com\\\/avatar\\\/b3df6a06e44bab3111583b90f0f33a0379ee5e3d22cbadd232d39f21c30c62be?s=96&d=mm&r=g\",\"caption\":\"Tino Lago\"},\"sameAs\":[\"http:\\\/\\\/www.anovapeneira.gal\"],\"url\":\"https:\\\/\\\/www.anovapeneira.gal\\\/index.php\\\/author\\\/director\\\/\"}]}<\/script>\n<!-- \/ Yoast SEO plugin. -->","yoast_head_json":{"title":"Pepe Represas Alcalde de Ponteareas -","description":"Ponteareas \u00e9 hoxe un fogar solvente, e cunha situaci\u00f3n econ\u00f3mica estable","robots":{"index":"index","follow":"follow","max-snippet":"max-snippet:-1","max-image-preview":"max-image-preview:large","max-video-preview":"max-video-preview:-1"},"canonical":"https:\/\/www.anovapeneira.gal\/index.php\/2020\/12\/31\/pepe-represas-alcalde-de-ponteareas-2\/","og_locale":"gl_ES","og_type":"article","og_title":"Pepe Represas Alcalde de Ponteareas -","og_description":"Ponteareas \u00e9 hoxe un fogar solvente, e cunha situaci\u00f3n econ\u00f3mica estable","og_url":"https:\/\/www.anovapeneira.gal\/index.php\/2020\/12\/31\/pepe-represas-alcalde-de-ponteareas-2\/","article_publisher":"https:\/\/www.facebook.com\/anovapeneira","article_published_time":"2020-12-31T11:00:29+00:00","article_modified_time":"2020-12-31T14:23:43+00:00","og_image":[{"width":720,"height":432,"url":"https:\/\/www.anovapeneira.gal\/wp-content\/uploads\/2020\/03\/pepe_represas_ponteareas_a_nova_peneira.jpg","type":"image\/jpeg"}],"author":"Tino Lago","twitter_card":"summary_large_image","twitter_creator":"@APeneira","twitter_site":"@APeneira","twitter_misc":{"Escrito por":"Tino Lago","Tempo de lectura":"10 minutos"},"schema":{"@context":"https:\/\/schema.org","@graph":[{"@type":"Article","@id":"https:\/\/www.anovapeneira.gal\/index.php\/2020\/12\/31\/pepe-represas-alcalde-de-ponteareas-2\/#article","isPartOf":{"@id":"https:\/\/www.anovapeneira.gal\/index.php\/2020\/12\/31\/pepe-represas-alcalde-de-ponteareas-2\/"},"author":{"name":"Tino Lago","@id":"https:\/\/www.anovapeneira.gal\/#\/schema\/person\/424dfe65e3070fd8a44d22d2c088762a"},"headline":"Pepe Represas Alcalde de Ponteareas","datePublished":"2020-12-31T11:00:29+00:00","dateModified":"2020-12-31T14:23:43+00:00","mainEntityOfPage":{"@id":"https:\/\/www.anovapeneira.gal\/index.php\/2020\/12\/31\/pepe-represas-alcalde-de-ponteareas-2\/"},"wordCount":2087,"commentCount":0,"publisher":{"@id":"https:\/\/www.anovapeneira.gal\/#organization"},"image":{"@id":"https:\/\/www.anovapeneira.gal\/index.php\/2020\/12\/31\/pepe-represas-alcalde-de-ponteareas-2\/#primaryimage"},"thumbnailUrl":"https:\/\/www.anovapeneira.gal\/wp-content\/uploads\/2020\/03\/pepe_represas_ponteareas_a_nova_peneira.jpg","keywords":["Concello de Ponteareas"],"articleSection":["Condado"],"inLanguage":"gl-ES","potentialAction":[{"@type":"CommentAction","name":"Comment","target":["https:\/\/www.anovapeneira.gal\/index.php\/2020\/12\/31\/pepe-represas-alcalde-de-ponteareas-2\/#respond"]}]},{"@type":"WebPage","@id":"https:\/\/www.anovapeneira.gal\/index.php\/2020\/12\/31\/pepe-represas-alcalde-de-ponteareas-2\/","url":"https:\/\/www.anovapeneira.gal\/index.php\/2020\/12\/31\/pepe-represas-alcalde-de-ponteareas-2\/","name":"Pepe Represas Alcalde de Ponteareas -","isPartOf":{"@id":"https:\/\/www.anovapeneira.gal\/#website"},"primaryImageOfPage":{"@id":"https:\/\/www.anovapeneira.gal\/index.php\/2020\/12\/31\/pepe-represas-alcalde-de-ponteareas-2\/#primaryimage"},"image":{"@id":"https:\/\/www.anovapeneira.gal\/index.php\/2020\/12\/31\/pepe-represas-alcalde-de-ponteareas-2\/#primaryimage"},"thumbnailUrl":"https:\/\/www.anovapeneira.gal\/wp-content\/uploads\/2020\/03\/pepe_represas_ponteareas_a_nova_peneira.jpg","datePublished":"2020-12-31T11:00:29+00:00","dateModified":"2020-12-31T14:23:43+00:00","description":"Ponteareas \u00e9 hoxe un fogar solvente, e cunha situaci\u00f3n econ\u00f3mica estable","breadcrumb":{"@id":"https:\/\/www.anovapeneira.gal\/index.php\/2020\/12\/31\/pepe-represas-alcalde-de-ponteareas-2\/#breadcrumb"},"inLanguage":"gl-ES","potentialAction":[{"@type":"ReadAction","target":["https:\/\/www.anovapeneira.gal\/index.php\/2020\/12\/31\/pepe-represas-alcalde-de-ponteareas-2\/"]}]},{"@type":"ImageObject","inLanguage":"gl-ES","@id":"https:\/\/www.anovapeneira.gal\/index.php\/2020\/12\/31\/pepe-represas-alcalde-de-ponteareas-2\/#primaryimage","url":"https:\/\/www.anovapeneira.gal\/wp-content\/uploads\/2020\/03\/pepe_represas_ponteareas_a_nova_peneira.jpg","contentUrl":"https:\/\/www.anovapeneira.gal\/wp-content\/uploads\/2020\/03\/pepe_represas_ponteareas_a_nova_peneira.jpg","width":720,"height":432,"caption":"Pepe Represas Concello de Ponteareas A Nova Peneira"},{"@type":"BreadcrumbList","@id":"https:\/\/www.anovapeneira.gal\/index.php\/2020\/12\/31\/pepe-represas-alcalde-de-ponteareas-2\/#breadcrumb","itemListElement":[{"@type":"ListItem","position":1,"name":"Portada","item":"https:\/\/www.anovapeneira.gal\/"},{"@type":"ListItem","position":2,"name":"Pepe Represas Alcalde de Ponteareas"}]},{"@type":"WebSite","@id":"https:\/\/www.anovapeneira.gal\/#website","url":"https:\/\/www.anovapeneira.gal\/","name":"","description":"Xornal galego de informaci\u00f3n xeral Publicaci\u00f3n mensual de novas de Galicia e en especial dos Concellos da sur da provincia de Pontevedra.","publisher":{"@id":"https:\/\/www.anovapeneira.gal\/#organization"},"potentialAction":[{"@type":"SearchAction","target":{"@type":"EntryPoint","urlTemplate":"https:\/\/www.anovapeneira.gal\/?s={search_term_string}"},"query-input":{"@type":"PropertyValueSpecification","valueRequired":true,"valueName":"search_term_string"}}],"inLanguage":"gl-ES"},{"@type":"Organization","@id":"https:\/\/www.anovapeneira.gal\/#organization","name":"A Nova Peneira","url":"https:\/\/www.anovapeneira.gal\/","logo":{"@type":"ImageObject","inLanguage":"gl-ES","@id":"https:\/\/www.anovapeneira.gal\/#\/schema\/logo\/image\/","url":"http:\/\/www.anovapeneira.gal\/wp-content\/uploads\/2019\/06\/logo_a_nova_peneira_portal_web.png","contentUrl":"http:\/\/www.anovapeneira.gal\/wp-content\/uploads\/2019\/06\/logo_a_nova_peneira_portal_web.png","width":300,"height":100,"caption":"A Nova Peneira"},"image":{"@id":"https:\/\/www.anovapeneira.gal\/#\/schema\/logo\/image\/"},"sameAs":["https:\/\/www.facebook.com\/anovapeneira","https:\/\/x.com\/APeneira"]},{"@type":"Person","@id":"https:\/\/www.anovapeneira.gal\/#\/schema\/person\/424dfe65e3070fd8a44d22d2c088762a","name":"Tino Lago","image":{"@type":"ImageObject","inLanguage":"gl-ES","@id":"https:\/\/secure.gravatar.com\/avatar\/b3df6a06e44bab3111583b90f0f33a0379ee5e3d22cbadd232d39f21c30c62be?s=96&d=mm&r=g","url":"https:\/\/secure.gravatar.com\/avatar\/b3df6a06e44bab3111583b90f0f33a0379ee5e3d22cbadd232d39f21c30c62be?s=96&d=mm&r=g","contentUrl":"https:\/\/secure.gravatar.com\/avatar\/b3df6a06e44bab3111583b90f0f33a0379ee5e3d22cbadd232d39f21c30c62be?s=96&d=mm&r=g","caption":"Tino Lago"},"sameAs":["http:\/\/www.anovapeneira.gal"],"url":"https:\/\/www.anovapeneira.gal\/index.php\/author\/director\/"}]}},"jetpack_featured_media_url":"https:\/\/www.anovapeneira.gal\/wp-content\/uploads\/2020\/03\/pepe_represas_ponteareas_a_nova_peneira.jpg","_links":{"self":[{"href":"https:\/\/www.anovapeneira.gal\/index.php\/wp-json\/wp\/v2\/posts\/4574","targetHints":{"allow":["GET"]}}],"collection":[{"href":"https:\/\/www.anovapeneira.gal\/index.php\/wp-json\/wp\/v2\/posts"}],"about":[{"href":"https:\/\/www.anovapeneira.gal\/index.php\/wp-json\/wp\/v2\/types\/post"}],"author":[{"embeddable":true,"href":"https:\/\/www.anovapeneira.gal\/index.php\/wp-json\/wp\/v2\/users\/2"}],"replies":[{"embeddable":true,"href":"https:\/\/www.anovapeneira.gal\/index.php\/wp-json\/wp\/v2\/comments?post=4574"}],"version-history":[{"count":5,"href":"https:\/\/www.anovapeneira.gal\/index.php\/wp-json\/wp\/v2\/posts\/4574\/revisions"}],"predecessor-version":[{"id":4593,"href":"https:\/\/www.anovapeneira.gal\/index.php\/wp-json\/wp\/v2\/posts\/4574\/revisions\/4593"}],"wp:featuredmedia":[{"embeddable":true,"href":"https:\/\/www.anovapeneira.gal\/index.php\/wp-json\/wp\/v2\/media\/2794"}],"wp:attachment":[{"href":"https:\/\/www.anovapeneira.gal\/index.php\/wp-json\/wp\/v2\/media?parent=4574"}],"wp:term":[{"taxonomy":"category","embeddable":true,"href":"https:\/\/www.anovapeneira.gal\/index.php\/wp-json\/wp\/v2\/categories?post=4574"},{"taxonomy":"post_tag","embeddable":true,"href":"https:\/\/www.anovapeneira.gal\/index.php\/wp-json\/wp\/v2\/tags?post=4574"}],"curies":[{"name":"wp","href":"https:\/\/api.w.org\/{rel}","templated":true}]}}