{"id":4594,"date":"2021-01-04T10:00:56","date_gmt":"2021-01-04T09:00:56","guid":{"rendered":"http:\/\/www.anovapeneira.gal\/?p=4594"},"modified":"2020-12-31T15:32:04","modified_gmt":"2020-12-31T14:32:04","slug":"o-trixesimo-fragmento-do-diario-de-senlua-arraiana","status":"publish","type":"post","link":"https:\/\/www.anovapeneira.gal\/index.php\/2021\/01\/04\/o-trixesimo-fragmento-do-diario-de-senlua-arraiana\/","title":{"rendered":"O trix\u00e9simo fragmento do diario de Senl\u00faa Arraiana"},"content":{"rendered":"\n<figure class=\"wp-block-image size-large is-resized is-style-default\"><img loading=\"lazy\" decoding=\"async\" src=\"http:\/\/www.anovapeneira.gal\/wp-content\/uploads\/2019\/07\/cristobal_a_nova_peneira.jpg\" alt=\"Crist\u00f3bal L\u00f3pez A Nova Peneira\" class=\"wp-image-555\" width=\"95\" height=\"111\"\/><figcaption>Crist\u00f3bal L\u00f3pez Pazo | Comuneiro dos montes de Tameiga, militante de anticapitalistas, ecoloxista en acci\u00f3n e veci\u00f1o constitu\u00ednte da asemblea veci\u00f1al ga\u00f1aM\u00f3s<\/figcaption><\/figure>\n\n\n\n<div class=\"wp-block-columns is-layout-flex wp-container-core-columns-is-layout-9d6595d7 wp-block-columns-is-layout-flex\">\n<div class=\"wp-block-column is-layout-flow wp-block-column-is-layout-flow\">\n<figure class=\"wp-block-image size-large\"><img loading=\"lazy\" decoding=\"async\" width=\"700\" height=\"816\" src=\"http:\/\/www.anovapeneira.gal\/wp-content\/uploads\/2019\/08\/senlua_arraiana_2135.jpg\" alt=\"\" class=\"wp-image-877\" srcset=\"https:\/\/www.anovapeneira.gal\/wp-content\/uploads\/2019\/08\/senlua_arraiana_2135.jpg 700w, https:\/\/www.anovapeneira.gal\/wp-content\/uploads\/2019\/08\/senlua_arraiana_2135-257x300.jpg 257w\" sizes=\"auto, (max-width: 700px) 100vw, 700px\" \/><\/figure>\n<\/div>\n\n\n\n<div class=\"wp-block-column is-layout-flow wp-block-column-is-layout-flow\">\n<p>Este trix\u00e9simo fragmento do diario de Senl\u00faa Arraiana foi recuperado e adiantado ao noso tempo por Noitepedralonga, fiel camarada do av\u00f3 da futura l\u00edder da resistencia arraiana<\/p>\n<\/div>\n<\/div>\n\n\n\n<p>Fr\u00eda, deserta e terriblemente silenciosa. Adentr\u00e1monos en Vilania co sol xa raiando. Malandrea mais eu encabez\u00e1bamos unha das columnas de asalto. Sixilosas bul\u00edamos polas r\u00faas pegadas a li\u00f1a da fachada das casas. Terranegra gui\u00e1banos polo rueiro da capital da Colmea cara o cuartel xeral de Areval\u00e9fica.&nbsp;<\/p>\n\n\n\n<p>O noso gu\u00eda, Terranegra, era un dos tres aparceiros que se ofreceran a participar no asalto. Unhas horas antes pet\u00e1ramos na s\u00faa porta confiando en que present\u00e1ndonos acompa\u00f1ados de Augazul, a s\u00faa filla, escoitar\u00edanos sen dar a voz de alarma.&nbsp;<\/p>\n\n\n\n<p>Cruzamos unha glorieta intentando ser sombras fuxitivas. Aquel espazo aberto iluminado xa polo mencer entra\u00f1aba un alto risco de ser descubertos e perder o factor sorpresa. Aliviei a tensi\u00f3n cruzando un sorriso con Terranegra. O aceno relaxado de complicidade do aparceiro distaba moito da faciana retorcida polo horror coa que nos recibira onte na s\u00faa casa. Tardamos en facerlles entender que non eramos unha patrulla militar da Colmea que capturara a s\u00faa filla. Non hab\u00eda clemencia para as familias de fuxitivas no reino de Areval\u00e9fica. A\u00ednda despois das explicaci\u00f3ns da s\u00faa propia filla, os pais mant\u00edan os seus corpos protectores entre ela e n\u00f3s.&nbsp;<\/p>\n\n\n\n<p>Salvamos a prazoleta adentr\u00e1ndonos nun estreito rueiro empedrado. A columnas ficou recobrando o alento mentres eu avancei cun pequeno grupo ate o final do vieiro desde onde se apreciaba xa a ciudadela. Advert\u00edn a Gataparda fac\u00e9ndonos o sinal convido na boca dunha r\u00faa que entroncaba ao leste coa gran praza que nos separaba dos muros da ciudadela.&nbsp;<\/p>\n\n\n\n<p>Garaparda foi quen logrou serenar onte a Terranegra, agarrouno polos hombreiros e ficando nel d\u00edxolle quedamente:<\/p>\n\n\n\n<p>-Somos o ex\u00e9rcito de Puxeiros o Negro, estamos aqu\u00ed porque chegou a hora de rematar con Areval\u00e9fica -Surti\u00fa efecto, redondeando os ollos comenzaron a prestarnos atenci\u00f3n.&nbsp;<\/p>\n\n\n\n<p>Os pais de Augazul entrelazaron as s\u00faas mans aliviados, libr\u00e1ranse do cadalso e o ex\u00e9rcito dos Puxeiros estaba all\u00ed para rematar co terror que devoraba as s\u00faas vidas.&nbsp;<\/p>\n\n\n\n<p>Por fin asomou Portela ao sureste da praza braceando un ansiado todo en orden. Fora ela quen ideara o plan de dividirnos en tres grupos para ter m\u00e1is posibilidades de adentrarnos nas entra\u00f1as de Vilania sen ser detectadas.&nbsp;<\/p>\n\n\n\n<p>-Necesitamos tres gu\u00edas -exclamei en voz alta sen advertir que a mi\u00f1a observaci\u00f3n far\u00eda recaer todas as miradas nos proxenitores de Augazul. Por uns intres pensei que o noso plan se tambaleaba, pero Terranegra, lonxe de amilanarse, aceptou acompa\u00f1arnos. A s\u00faa compa\u00f1eira, apret\u00e1ndolle a man, ofreceuse tam\u00e9n como voluntaria sempre que deixaramos un ret\u00e9n custodiando aos seus fillos. Non dubidaron para escoller ao terceiro gu\u00eda.<\/p>\n\n\n\n<p>-Areafina &#8211; d\u00edxeron ao un\u00edsono. Ningunha familia de aparceiros sufrira a inquina de Areval\u00e9fica dun xeito tan cruel como o clan de Areafina.&nbsp;<\/p>\n\n\n\n<p>Con ela cont\u00e1bamos para distraer aos centinelas da porta do leste. Acompa\u00f1\u00e1bana Gataparda con ropaxes de aparceira, quen se encargar\u00eda de reducir aos custodios do acceso directo ao patio de armas. Arefina era co\u00f1ecida entre os centinelas pola infinidade de veces que acudira \u00e1 ciudadela implorando clemencia para a s\u00faa familia. Rogos sempre infructuosos. Un tras outro, fillos, marido, irmans e mesmo os seus ancianos pais foron carne de pat\u00edbulo e os seus corpos expostos pendurados na praza dos supliciados. Que ela seguira viva s\u00f3lo poder\u00eda deberse a alg\u00fan tipo de macabro xogo de Areval\u00e9fica con quen compartira pandilla de amigas na infancia.&nbsp;<\/p>\n\n\n\n<p>Os centinelas agasallaron a Areafina con sonoras chanzas en canto advertiron que se achegaba. As groser\u00edas atragant\u00e1ronse nas s\u00faas gorxas cando Gataparda desplegou as s\u00faas habilidades co cortante aceiro.&nbsp;<\/p>\n\n\n\n<p>A columna de Gataparda desaparec\u00eda xa tr\u00e1s a porta do leste para tomar posesi\u00f3n do arsenal e abrirnos o port\u00f3n do servizo de abastecemento que daba a prazuela onde estaba apostada a mi\u00f1a columna. Unha vez que acad\u00e1ramos penetrar na fortaleza asaltar\u00edamos os barrac\u00f3ns para capturar ao ret\u00e9n de militares destinado no cuartel e impedir unha reacci\u00f3n defensiva.&nbsp;<\/p>\n\n\n\n<p>Unha vez que asegurada a zona deber\u00edamos dividirnos para axudar a columna de Portela e o Roxo no asalto da nave que flanqueaba o alc\u00e1zar polo oeste e que fac\u00eda as veces de calabozo dos fillos retidos das familias de aparceiros represariadas.&nbsp;<\/p>\n\n\n\n<p>Intentar\u00edamos unha artima\u00f1a parecida a da porta do leste. Desta vez ser\u00eda Rosalinda a que far\u00eda sa\u00edr aos guardi\u00e1ns das s\u00faas garitas. A muller de Terranegra, con dous fillos e varios sobri\u00f1os apresados al\u00ed, acostumaba visitar os calabozos para proporcionar viveres aos seus. Rosalinda estaba tan ansiosa de liberar e recuperar aos seus fillos como desexosa de que a operaci\u00f3n fora limpa, sen contratempos que puseran en risco \u00e1 rapazada al\u00ed hacinada.<\/p>\n\n\n\n<p>Mentres a columna de Portela e Puxeiros o Roxo asaltaran a porta do oeste, n\u00f3s completariamos a manobra envolvente penetrando no recinto dos calabozos desde as nosas posici\u00f3ns no interior do cuartel.&nbsp;<\/p>\n\n\n\n<p>Unha vez liberados os rapaces xuntar\u00edamos as columnas para o asalto do alc\u00e1zar no que resid\u00eda Areval\u00e9fica e culminar a nosa misi\u00f3n coa s\u00faa captura.&nbsp;<\/p>\n\n\n\n<p>Desde que traspasei as murallas da ciudadela adentreime nun longo deja vu sen capacidade de reacci\u00f3n at\u00e9 que me atopei nos aposentos da rai\u00f1a da Colmea. Foi como se extracorporeamente me observara a min mesma no desenvolvemento de toda a operaci\u00f3n sen poder advertirme de que algo \u00eda mal a\u00ednda que os acontecementos se sucederan segundo o plan.&nbsp;<\/p>\n\n\n\n<p>Non atopamos resistencia na vella guardia de centinelas, foron reducidos sen apenas forcexeo. Tampouco houbo adem\u00e1n de reacci\u00f3n no ret\u00e9n acuartelado. Non eran m\u00e1is que petrimetres demasiado asustados pola nosa presenza para intentar ningunha gallard\u00eda.&nbsp;<\/p>\n\n\n\n<p>A \u00fanica voz que rasgou o pasmoso silencio da ma\u00f1\u00e1 foi os quexumbrosos alaridos de Rosalinda ao atopar as crianzas demacradas nun estado f\u00edsico ruinoso. Dous anos atr\u00e1s foran apresadas e recluidas despois de que as tropas de Areval\u00e9fica sofocaran a asonada protogonizada polos clans aparceiros. Rosalinda e Terranegra un\u00edranse a revolta secundando a negativa do clan de Areafina de entregar m\u00e1is da metade da colleita aos recaudadores da Colmea.&nbsp;<\/p>\n\n\n\n<p>Sen que mediara orden algunha todas ofrecimos os v\u00edveres que lev\u00e1bamos nas nosas mochilas para paliar a fame negra daquelas xuventudes quebradas. Deixamos a Rosalinda repartindo alimentos e agarimos rodeada no seu regazo polos seus fillos.&nbsp;<\/p>\n\n\n\n<p>Lixeiras e enardecidas acudimos ao asalto final do alc\u00e1zar para dar captura de Areval\u00e9fica e descabezar o terror en Vilania.&nbsp;<\/p>\n\n\n\n<p>Ning\u00fan ret\u00e9n de centinelas custodiaba o alc\u00e1zar, s\u00f3 unha verxa de fr\u00edo e calado ferro obstaculizaba o noso paso. Naquel p\u00e9treo torre\u00f3n non hab\u00eda m\u00e1is oquedade que o port\u00f3n defendido por unha grosa reixa que ficaba diante de nos. Os seus goznes ditaban a lei de quen entraba e quen non nos aposentos de Areval\u00e9fica.&nbsp;<\/p>\n\n\n\n<p>Unha algarab\u00eda na que se distingu\u00eda a voz de Malandrea sacoume do meu ensimesmamento contemplando aquela infranqueable barreira mentres desexaba que o pesadelo rematara.&nbsp;<\/p>\n\n\n\n<p>Malandrea m\u00e1is a s\u00faa irm\u00e1 Zafra daban voces ordenando \u00e1s nosas tropas abrir un pasillo polo que poidera acceder Xumi pilotando o seu veh\u00edculo el\u00e9ctrico.&nbsp;<\/p>\n\n\n\n<p>Non me decatei do que suced\u00eda at\u00e9 que o coche acelerou en direcci\u00f3n ao postigo. O estruendo do enreixado desvencixado polo coche foi secundado polo estridente son clavado do claxon do coche. Un r\u00e9quiem monocorde polo noso Cachamui\u00f1as. Xumi devec\u00eda por inmolarse e acadar descanso da s\u00faa atormentada conciencia. Non desaproveitou aquela oportunidade. Enganara a Malandrea asegur\u00e1ndolle que saltar\u00eda do veh\u00edculo antes de estrelalo.&nbsp;<\/p>\n\n\n\n<p>Apenas puiden mascullar un &#8220;que a terra te sexa leve&#8221; antes de ser arrastrada polo trasego dos nosos milicianos adentr\u00e1ndose ansiosos no epicentro do terror.&nbsp;<\/p>\n\n\n\n<p>Deixeime arrastrar inerme polos corredores do torre\u00f3n. Nas s\u00faas paredes penduraban multitude de lienzos, al\u00ed se atesoraba todo o que a humanidade salvar\u00e1 da hecatombe. Estatuas mutiladas flanqueaban as entradas \u00e1s salas e en cada sal\u00f3n atopamos moreas de libros apilados como ladrillos nunha entuller\u00eda. Como comulgaba o terror feito carne con toda aquela acumulaci\u00f3n do acerbo cultural dunha sofisticada e decadente sociedade que rematou soterrada viva polo colapso civilizatorio que propiciou a s\u00faa incapacidade para po\u00f1er l\u00edmites a s\u00faa avidez.&nbsp;<\/p>\n\n\n\n<p>As expresi\u00f3ns de frustraci\u00f3ns das voces das camaradas milicianas alert\u00e1banme do noso fracaso, pero foi a mi\u00f1a voz a que se alzou por enriba de todas confirmando a decepci\u00f3n. Detr\u00e1s dun antigo retrato femenino que descolgara da parede hab\u00eda unha obertura que daba a un pasadizo. Mentres fac\u00edame cargo da situaci\u00f3n comezaba a medrar con forza en min a idea de que o sorriso de Lisa Gherardini era a costa de n\u00f3s, a mona estaba burl\u00e1ndose dos monicreques.&nbsp;<\/p>\n\n\n\n<p>Convert\u00e9ramos en meros pe\u00f3ns entre dous damas que ansiaban devorarse.<\/p>\n","protected":false},"excerpt":{"rendered":"<div class=\"mh-excerpt\"><p>Este trix\u00e9simo fragmento do diario de Senl\u00faa Arraiana foi recuperado e adiantado ao noso tempo por Noitepedralonga, fiel camarada do av\u00f3 da futura l\u00edder da resistencia arraiana <a class=\"mh-excerpt-more\" href=\"https:\/\/www.anovapeneira.gal\/index.php\/2021\/01\/04\/o-trixesimo-fragmento-do-diario-de-senlua-arraiana\/\" title=\"O trix\u00e9simo fragmento do diario de Senl\u00faa Arraiana\">[&#8230;]<\/a><\/p>\n<\/div>","protected":false},"author":13,"featured_media":4595,"comment_status":"open","ping_status":"open","sticky":false,"template":"","format":"standard","meta":{"_exactmetrics_skip_tracking":false,"_exactmetrics_sitenote_active":false,"_exactmetrics_sitenote_note":"","_exactmetrics_sitenote_category":0,"footnotes":""},"categories":[7],"tags":[235],"class_list":{"0":"post-4594","1":"post","2":"type-post","3":"status-publish","4":"format-standard","5":"has-post-thumbnail","7":"category-artigos-de-opinion","8":"tag-senlua-arraiana"},"yoast_head":"<!-- This site is optimized with the Yoast SEO plugin v27.4 - https:\/\/yoast.com\/product\/yoast-seo-wordpress\/ -->\n<title>O trix\u00e9simo fragmento do diario de Senl\u00faa Arraiana -<\/title>\n<meta name=\"description\" content=\"Este trix\u00e9simo fragmento do diario de Senl\u00faa Arraiana foi recuperado e adiantado ao noso tempo por Noitepedralonga, fiel camarada do av\u00f3 da futura l\u00edder da resistencia arraiana\" \/>\n<meta name=\"robots\" content=\"index, follow, max-snippet:-1, max-image-preview:large, max-video-preview:-1\" \/>\n<link rel=\"canonical\" href=\"https:\/\/www.anovapeneira.gal\/index.php\/2021\/01\/04\/o-trixesimo-fragmento-do-diario-de-senlua-arraiana\/\" \/>\n<meta property=\"og:locale\" content=\"gl_ES\" \/>\n<meta property=\"og:type\" content=\"article\" \/>\n<meta property=\"og:title\" content=\"O trix\u00e9simo fragmento do diario de Senl\u00faa Arraiana -\" \/>\n<meta property=\"og:description\" content=\"Este trix\u00e9simo fragmento do diario de Senl\u00faa Arraiana foi recuperado e adiantado ao noso tempo por Noitepedralonga, fiel camarada do av\u00f3 da futura l\u00edder da resistencia arraiana\" \/>\n<meta property=\"og:url\" content=\"https:\/\/www.anovapeneira.gal\/index.php\/2021\/01\/04\/o-trixesimo-fragmento-do-diario-de-senlua-arraiana\/\" \/>\n<meta property=\"article:publisher\" content=\"https:\/\/www.facebook.com\/anovapeneira\" \/>\n<meta property=\"article:published_time\" content=\"2021-01-04T09:00:56+00:00\" \/>\n<meta property=\"og:image\" content=\"https:\/\/www.anovapeneira.gal\/wp-content\/uploads\/2020\/12\/30_sen_lua_arraiana.jpg\" \/>\n\t<meta property=\"og:image:width\" content=\"720\" \/>\n\t<meta property=\"og:image:height\" content=\"432\" \/>\n\t<meta property=\"og:image:type\" content=\"image\/jpeg\" \/>\n<meta name=\"author\" content=\"Cristobal L\u00f3pez\" \/>\n<meta name=\"twitter:card\" content=\"summary_large_image\" \/>\n<meta name=\"twitter:creator\" content=\"@APeneira\" \/>\n<meta name=\"twitter:site\" content=\"@APeneira\" \/>\n<meta name=\"twitter:label1\" content=\"Escrito por\" \/>\n\t<meta name=\"twitter:data1\" content=\"Cristobal L\u00f3pez\" \/>\n\t<meta name=\"twitter:label2\" content=\"Tempo de lectura\" \/>\n\t<meta name=\"twitter:data2\" content=\"8 minutos\" \/>\n<script type=\"application\/ld+json\" class=\"yoast-schema-graph\">{\"@context\":\"https:\\\/\\\/schema.org\",\"@graph\":[{\"@type\":\"Article\",\"@id\":\"https:\\\/\\\/www.anovapeneira.gal\\\/index.php\\\/2021\\\/01\\\/04\\\/o-trixesimo-fragmento-do-diario-de-senlua-arraiana\\\/#article\",\"isPartOf\":{\"@id\":\"https:\\\/\\\/www.anovapeneira.gal\\\/index.php\\\/2021\\\/01\\\/04\\\/o-trixesimo-fragmento-do-diario-de-senlua-arraiana\\\/\"},\"author\":{\"name\":\"Cristobal L\u00f3pez\",\"@id\":\"https:\\\/\\\/www.anovapeneira.gal\\\/#\\\/schema\\\/person\\\/45b3df2338e4d898b7616809f9c5906c\"},\"headline\":\"O trix\u00e9simo fragmento do diario de Senl\u00faa Arraiana\",\"datePublished\":\"2021-01-04T09:00:56+00:00\",\"mainEntityOfPage\":{\"@id\":\"https:\\\/\\\/www.anovapeneira.gal\\\/index.php\\\/2021\\\/01\\\/04\\\/o-trixesimo-fragmento-do-diario-de-senlua-arraiana\\\/\"},\"wordCount\":1613,\"commentCount\":0,\"publisher\":{\"@id\":\"https:\\\/\\\/www.anovapeneira.gal\\\/#organization\"},\"image\":{\"@id\":\"https:\\\/\\\/www.anovapeneira.gal\\\/index.php\\\/2021\\\/01\\\/04\\\/o-trixesimo-fragmento-do-diario-de-senlua-arraiana\\\/#primaryimage\"},\"thumbnailUrl\":\"https:\\\/\\\/www.anovapeneira.gal\\\/wp-content\\\/uploads\\\/2020\\\/12\\\/30_sen_lua_arraiana.jpg\",\"keywords\":[\"Senl\u00faa Arraiana\"],\"articleSection\":[\"Artigos de opini\u00f3n\"],\"inLanguage\":\"gl-ES\",\"potentialAction\":[{\"@type\":\"CommentAction\",\"name\":\"Comment\",\"target\":[\"https:\\\/\\\/www.anovapeneira.gal\\\/index.php\\\/2021\\\/01\\\/04\\\/o-trixesimo-fragmento-do-diario-de-senlua-arraiana\\\/#respond\"]}]},{\"@type\":\"WebPage\",\"@id\":\"https:\\\/\\\/www.anovapeneira.gal\\\/index.php\\\/2021\\\/01\\\/04\\\/o-trixesimo-fragmento-do-diario-de-senlua-arraiana\\\/\",\"url\":\"https:\\\/\\\/www.anovapeneira.gal\\\/index.php\\\/2021\\\/01\\\/04\\\/o-trixesimo-fragmento-do-diario-de-senlua-arraiana\\\/\",\"name\":\"O trix\u00e9simo fragmento do diario de Senl\u00faa Arraiana -\",\"isPartOf\":{\"@id\":\"https:\\\/\\\/www.anovapeneira.gal\\\/#website\"},\"primaryImageOfPage\":{\"@id\":\"https:\\\/\\\/www.anovapeneira.gal\\\/index.php\\\/2021\\\/01\\\/04\\\/o-trixesimo-fragmento-do-diario-de-senlua-arraiana\\\/#primaryimage\"},\"image\":{\"@id\":\"https:\\\/\\\/www.anovapeneira.gal\\\/index.php\\\/2021\\\/01\\\/04\\\/o-trixesimo-fragmento-do-diario-de-senlua-arraiana\\\/#primaryimage\"},\"thumbnailUrl\":\"https:\\\/\\\/www.anovapeneira.gal\\\/wp-content\\\/uploads\\\/2020\\\/12\\\/30_sen_lua_arraiana.jpg\",\"datePublished\":\"2021-01-04T09:00:56+00:00\",\"description\":\"Este trix\u00e9simo fragmento do diario de Senl\u00faa Arraiana foi recuperado e adiantado ao noso tempo por Noitepedralonga, fiel camarada do av\u00f3 da futura l\u00edder da resistencia arraiana\",\"breadcrumb\":{\"@id\":\"https:\\\/\\\/www.anovapeneira.gal\\\/index.php\\\/2021\\\/01\\\/04\\\/o-trixesimo-fragmento-do-diario-de-senlua-arraiana\\\/#breadcrumb\"},\"inLanguage\":\"gl-ES\",\"potentialAction\":[{\"@type\":\"ReadAction\",\"target\":[\"https:\\\/\\\/www.anovapeneira.gal\\\/index.php\\\/2021\\\/01\\\/04\\\/o-trixesimo-fragmento-do-diario-de-senlua-arraiana\\\/\"]}]},{\"@type\":\"ImageObject\",\"inLanguage\":\"gl-ES\",\"@id\":\"https:\\\/\\\/www.anovapeneira.gal\\\/index.php\\\/2021\\\/01\\\/04\\\/o-trixesimo-fragmento-do-diario-de-senlua-arraiana\\\/#primaryimage\",\"url\":\"https:\\\/\\\/www.anovapeneira.gal\\\/wp-content\\\/uploads\\\/2020\\\/12\\\/30_sen_lua_arraiana.jpg\",\"contentUrl\":\"https:\\\/\\\/www.anovapeneira.gal\\\/wp-content\\\/uploads\\\/2020\\\/12\\\/30_sen_lua_arraiana.jpg\",\"width\":720,\"height\":432},{\"@type\":\"BreadcrumbList\",\"@id\":\"https:\\\/\\\/www.anovapeneira.gal\\\/index.php\\\/2021\\\/01\\\/04\\\/o-trixesimo-fragmento-do-diario-de-senlua-arraiana\\\/#breadcrumb\",\"itemListElement\":[{\"@type\":\"ListItem\",\"position\":1,\"name\":\"Portada\",\"item\":\"https:\\\/\\\/www.anovapeneira.gal\\\/\"},{\"@type\":\"ListItem\",\"position\":2,\"name\":\"O trix\u00e9simo fragmento do diario de Senl\u00faa Arraiana\"}]},{\"@type\":\"WebSite\",\"@id\":\"https:\\\/\\\/www.anovapeneira.gal\\\/#website\",\"url\":\"https:\\\/\\\/www.anovapeneira.gal\\\/\",\"name\":\"\",\"description\":\"Xornal galego de informaci\u00f3n xeral Publicaci\u00f3n mensual de novas de Galicia e en especial dos Concellos da sur da provincia de Pontevedra.\",\"publisher\":{\"@id\":\"https:\\\/\\\/www.anovapeneira.gal\\\/#organization\"},\"potentialAction\":[{\"@type\":\"SearchAction\",\"target\":{\"@type\":\"EntryPoint\",\"urlTemplate\":\"https:\\\/\\\/www.anovapeneira.gal\\\/?s={search_term_string}\"},\"query-input\":{\"@type\":\"PropertyValueSpecification\",\"valueRequired\":true,\"valueName\":\"search_term_string\"}}],\"inLanguage\":\"gl-ES\"},{\"@type\":\"Organization\",\"@id\":\"https:\\\/\\\/www.anovapeneira.gal\\\/#organization\",\"name\":\"A Nova Peneira\",\"url\":\"https:\\\/\\\/www.anovapeneira.gal\\\/\",\"logo\":{\"@type\":\"ImageObject\",\"inLanguage\":\"gl-ES\",\"@id\":\"https:\\\/\\\/www.anovapeneira.gal\\\/#\\\/schema\\\/logo\\\/image\\\/\",\"url\":\"http:\\\/\\\/www.anovapeneira.gal\\\/wp-content\\\/uploads\\\/2019\\\/06\\\/logo_a_nova_peneira_portal_web.png\",\"contentUrl\":\"http:\\\/\\\/www.anovapeneira.gal\\\/wp-content\\\/uploads\\\/2019\\\/06\\\/logo_a_nova_peneira_portal_web.png\",\"width\":300,\"height\":100,\"caption\":\"A Nova Peneira\"},\"image\":{\"@id\":\"https:\\\/\\\/www.anovapeneira.gal\\\/#\\\/schema\\\/logo\\\/image\\\/\"},\"sameAs\":[\"https:\\\/\\\/www.facebook.com\\\/anovapeneira\",\"https:\\\/\\\/x.com\\\/APeneira\"]},{\"@type\":\"Person\",\"@id\":\"https:\\\/\\\/www.anovapeneira.gal\\\/#\\\/schema\\\/person\\\/45b3df2338e4d898b7616809f9c5906c\",\"name\":\"Cristobal L\u00f3pez\",\"image\":{\"@type\":\"ImageObject\",\"inLanguage\":\"gl-ES\",\"@id\":\"https:\\\/\\\/secure.gravatar.com\\\/avatar\\\/b537cf06ef8166c9ef72b09f4d5f6446b1e22ea99505d94e40b8685710482f79?s=96&d=mm&r=g\",\"url\":\"https:\\\/\\\/secure.gravatar.com\\\/avatar\\\/b537cf06ef8166c9ef72b09f4d5f6446b1e22ea99505d94e40b8685710482f79?s=96&d=mm&r=g\",\"contentUrl\":\"https:\\\/\\\/secure.gravatar.com\\\/avatar\\\/b537cf06ef8166c9ef72b09f4d5f6446b1e22ea99505d94e40b8685710482f79?s=96&d=mm&r=g\",\"caption\":\"Cristobal L\u00f3pez\"},\"sameAs\":[\"http:\\\/\\\/anovapeneira.gal\"],\"url\":\"https:\\\/\\\/www.anovapeneira.gal\\\/index.php\\\/author\\\/opinioncristoballopez\\\/\"}]}<\/script>\n<!-- \/ Yoast SEO plugin. -->","yoast_head_json":{"title":"O trix\u00e9simo fragmento do diario de Senl\u00faa Arraiana -","description":"Este trix\u00e9simo fragmento do diario de Senl\u00faa Arraiana foi recuperado e adiantado ao noso tempo por Noitepedralonga, fiel camarada do av\u00f3 da futura l\u00edder da resistencia arraiana","robots":{"index":"index","follow":"follow","max-snippet":"max-snippet:-1","max-image-preview":"max-image-preview:large","max-video-preview":"max-video-preview:-1"},"canonical":"https:\/\/www.anovapeneira.gal\/index.php\/2021\/01\/04\/o-trixesimo-fragmento-do-diario-de-senlua-arraiana\/","og_locale":"gl_ES","og_type":"article","og_title":"O trix\u00e9simo fragmento do diario de Senl\u00faa Arraiana -","og_description":"Este trix\u00e9simo fragmento do diario de Senl\u00faa Arraiana foi recuperado e adiantado ao noso tempo por Noitepedralonga, fiel camarada do av\u00f3 da futura l\u00edder da resistencia arraiana","og_url":"https:\/\/www.anovapeneira.gal\/index.php\/2021\/01\/04\/o-trixesimo-fragmento-do-diario-de-senlua-arraiana\/","article_publisher":"https:\/\/www.facebook.com\/anovapeneira","article_published_time":"2021-01-04T09:00:56+00:00","og_image":[{"width":720,"height":432,"url":"https:\/\/www.anovapeneira.gal\/wp-content\/uploads\/2020\/12\/30_sen_lua_arraiana.jpg","type":"image\/jpeg"}],"author":"Cristobal L\u00f3pez","twitter_card":"summary_large_image","twitter_creator":"@APeneira","twitter_site":"@APeneira","twitter_misc":{"Escrito por":"Cristobal L\u00f3pez","Tempo de lectura":"8 minutos"},"schema":{"@context":"https:\/\/schema.org","@graph":[{"@type":"Article","@id":"https:\/\/www.anovapeneira.gal\/index.php\/2021\/01\/04\/o-trixesimo-fragmento-do-diario-de-senlua-arraiana\/#article","isPartOf":{"@id":"https:\/\/www.anovapeneira.gal\/index.php\/2021\/01\/04\/o-trixesimo-fragmento-do-diario-de-senlua-arraiana\/"},"author":{"name":"Cristobal L\u00f3pez","@id":"https:\/\/www.anovapeneira.gal\/#\/schema\/person\/45b3df2338e4d898b7616809f9c5906c"},"headline":"O trix\u00e9simo fragmento do diario de Senl\u00faa Arraiana","datePublished":"2021-01-04T09:00:56+00:00","mainEntityOfPage":{"@id":"https:\/\/www.anovapeneira.gal\/index.php\/2021\/01\/04\/o-trixesimo-fragmento-do-diario-de-senlua-arraiana\/"},"wordCount":1613,"commentCount":0,"publisher":{"@id":"https:\/\/www.anovapeneira.gal\/#organization"},"image":{"@id":"https:\/\/www.anovapeneira.gal\/index.php\/2021\/01\/04\/o-trixesimo-fragmento-do-diario-de-senlua-arraiana\/#primaryimage"},"thumbnailUrl":"https:\/\/www.anovapeneira.gal\/wp-content\/uploads\/2020\/12\/30_sen_lua_arraiana.jpg","keywords":["Senl\u00faa Arraiana"],"articleSection":["Artigos de opini\u00f3n"],"inLanguage":"gl-ES","potentialAction":[{"@type":"CommentAction","name":"Comment","target":["https:\/\/www.anovapeneira.gal\/index.php\/2021\/01\/04\/o-trixesimo-fragmento-do-diario-de-senlua-arraiana\/#respond"]}]},{"@type":"WebPage","@id":"https:\/\/www.anovapeneira.gal\/index.php\/2021\/01\/04\/o-trixesimo-fragmento-do-diario-de-senlua-arraiana\/","url":"https:\/\/www.anovapeneira.gal\/index.php\/2021\/01\/04\/o-trixesimo-fragmento-do-diario-de-senlua-arraiana\/","name":"O trix\u00e9simo fragmento do diario de Senl\u00faa Arraiana -","isPartOf":{"@id":"https:\/\/www.anovapeneira.gal\/#website"},"primaryImageOfPage":{"@id":"https:\/\/www.anovapeneira.gal\/index.php\/2021\/01\/04\/o-trixesimo-fragmento-do-diario-de-senlua-arraiana\/#primaryimage"},"image":{"@id":"https:\/\/www.anovapeneira.gal\/index.php\/2021\/01\/04\/o-trixesimo-fragmento-do-diario-de-senlua-arraiana\/#primaryimage"},"thumbnailUrl":"https:\/\/www.anovapeneira.gal\/wp-content\/uploads\/2020\/12\/30_sen_lua_arraiana.jpg","datePublished":"2021-01-04T09:00:56+00:00","description":"Este trix\u00e9simo fragmento do diario de Senl\u00faa Arraiana foi recuperado e adiantado ao noso tempo por Noitepedralonga, fiel camarada do av\u00f3 da futura l\u00edder da resistencia arraiana","breadcrumb":{"@id":"https:\/\/www.anovapeneira.gal\/index.php\/2021\/01\/04\/o-trixesimo-fragmento-do-diario-de-senlua-arraiana\/#breadcrumb"},"inLanguage":"gl-ES","potentialAction":[{"@type":"ReadAction","target":["https:\/\/www.anovapeneira.gal\/index.php\/2021\/01\/04\/o-trixesimo-fragmento-do-diario-de-senlua-arraiana\/"]}]},{"@type":"ImageObject","inLanguage":"gl-ES","@id":"https:\/\/www.anovapeneira.gal\/index.php\/2021\/01\/04\/o-trixesimo-fragmento-do-diario-de-senlua-arraiana\/#primaryimage","url":"https:\/\/www.anovapeneira.gal\/wp-content\/uploads\/2020\/12\/30_sen_lua_arraiana.jpg","contentUrl":"https:\/\/www.anovapeneira.gal\/wp-content\/uploads\/2020\/12\/30_sen_lua_arraiana.jpg","width":720,"height":432},{"@type":"BreadcrumbList","@id":"https:\/\/www.anovapeneira.gal\/index.php\/2021\/01\/04\/o-trixesimo-fragmento-do-diario-de-senlua-arraiana\/#breadcrumb","itemListElement":[{"@type":"ListItem","position":1,"name":"Portada","item":"https:\/\/www.anovapeneira.gal\/"},{"@type":"ListItem","position":2,"name":"O trix\u00e9simo fragmento do diario de Senl\u00faa Arraiana"}]},{"@type":"WebSite","@id":"https:\/\/www.anovapeneira.gal\/#website","url":"https:\/\/www.anovapeneira.gal\/","name":"","description":"Xornal galego de informaci\u00f3n xeral Publicaci\u00f3n mensual de novas de Galicia e en especial dos Concellos da sur da provincia de Pontevedra.","publisher":{"@id":"https:\/\/www.anovapeneira.gal\/#organization"},"potentialAction":[{"@type":"SearchAction","target":{"@type":"EntryPoint","urlTemplate":"https:\/\/www.anovapeneira.gal\/?s={search_term_string}"},"query-input":{"@type":"PropertyValueSpecification","valueRequired":true,"valueName":"search_term_string"}}],"inLanguage":"gl-ES"},{"@type":"Organization","@id":"https:\/\/www.anovapeneira.gal\/#organization","name":"A Nova Peneira","url":"https:\/\/www.anovapeneira.gal\/","logo":{"@type":"ImageObject","inLanguage":"gl-ES","@id":"https:\/\/www.anovapeneira.gal\/#\/schema\/logo\/image\/","url":"http:\/\/www.anovapeneira.gal\/wp-content\/uploads\/2019\/06\/logo_a_nova_peneira_portal_web.png","contentUrl":"http:\/\/www.anovapeneira.gal\/wp-content\/uploads\/2019\/06\/logo_a_nova_peneira_portal_web.png","width":300,"height":100,"caption":"A Nova Peneira"},"image":{"@id":"https:\/\/www.anovapeneira.gal\/#\/schema\/logo\/image\/"},"sameAs":["https:\/\/www.facebook.com\/anovapeneira","https:\/\/x.com\/APeneira"]},{"@type":"Person","@id":"https:\/\/www.anovapeneira.gal\/#\/schema\/person\/45b3df2338e4d898b7616809f9c5906c","name":"Cristobal L\u00f3pez","image":{"@type":"ImageObject","inLanguage":"gl-ES","@id":"https:\/\/secure.gravatar.com\/avatar\/b537cf06ef8166c9ef72b09f4d5f6446b1e22ea99505d94e40b8685710482f79?s=96&d=mm&r=g","url":"https:\/\/secure.gravatar.com\/avatar\/b537cf06ef8166c9ef72b09f4d5f6446b1e22ea99505d94e40b8685710482f79?s=96&d=mm&r=g","contentUrl":"https:\/\/secure.gravatar.com\/avatar\/b537cf06ef8166c9ef72b09f4d5f6446b1e22ea99505d94e40b8685710482f79?s=96&d=mm&r=g","caption":"Cristobal L\u00f3pez"},"sameAs":["http:\/\/anovapeneira.gal"],"url":"https:\/\/www.anovapeneira.gal\/index.php\/author\/opinioncristoballopez\/"}]}},"jetpack_featured_media_url":"https:\/\/www.anovapeneira.gal\/wp-content\/uploads\/2020\/12\/30_sen_lua_arraiana.jpg","_links":{"self":[{"href":"https:\/\/www.anovapeneira.gal\/index.php\/wp-json\/wp\/v2\/posts\/4594","targetHints":{"allow":["GET"]}}],"collection":[{"href":"https:\/\/www.anovapeneira.gal\/index.php\/wp-json\/wp\/v2\/posts"}],"about":[{"href":"https:\/\/www.anovapeneira.gal\/index.php\/wp-json\/wp\/v2\/types\/post"}],"author":[{"embeddable":true,"href":"https:\/\/www.anovapeneira.gal\/index.php\/wp-json\/wp\/v2\/users\/13"}],"replies":[{"embeddable":true,"href":"https:\/\/www.anovapeneira.gal\/index.php\/wp-json\/wp\/v2\/comments?post=4594"}],"version-history":[{"count":2,"href":"https:\/\/www.anovapeneira.gal\/index.php\/wp-json\/wp\/v2\/posts\/4594\/revisions"}],"predecessor-version":[{"id":4597,"href":"https:\/\/www.anovapeneira.gal\/index.php\/wp-json\/wp\/v2\/posts\/4594\/revisions\/4597"}],"wp:featuredmedia":[{"embeddable":true,"href":"https:\/\/www.anovapeneira.gal\/index.php\/wp-json\/wp\/v2\/media\/4595"}],"wp:attachment":[{"href":"https:\/\/www.anovapeneira.gal\/index.php\/wp-json\/wp\/v2\/media?parent=4594"}],"wp:term":[{"taxonomy":"category","embeddable":true,"href":"https:\/\/www.anovapeneira.gal\/index.php\/wp-json\/wp\/v2\/categories?post=4594"},{"taxonomy":"post_tag","embeddable":true,"href":"https:\/\/www.anovapeneira.gal\/index.php\/wp-json\/wp\/v2\/tags?post=4594"}],"curies":[{"name":"wp","href":"https:\/\/api.w.org\/{rel}","templated":true}]}}