{"id":4598,"date":"2021-01-04T12:00:09","date_gmt":"2021-01-04T11:00:09","guid":{"rendered":"http:\/\/www.anovapeneira.gal\/?p=4598"},"modified":"2020-12-31T15:40:08","modified_gmt":"2020-12-31T14:40:08","slug":"o-bng-reclama-transparencia-e-participacion-vecinal-para-o-proxecto-da-nova-casa-do-concello","status":"publish","type":"post","link":"https:\/\/www.anovapeneira.gal\/index.php\/2021\/01\/04\/o-bng-reclama-transparencia-e-participacion-vecinal-para-o-proxecto-da-nova-casa-do-concello\/","title":{"rendered":"O BNG reclama transparencia e participaci\u00f3n veci\u00f1al para o proxecto da nova casa do Concello"},"content":{"rendered":"\n<h2 class=\"wp-block-heading\">O proceso acumula 15 anos de demora, con Nidia Ar\u00e9valo no poder, dende a convocatoria dun concurso p\u00fablico en 2005.<\/h2>\n\n\n\n<h4 class=\"wp-block-heading\">A alcaldesa a\u00ednda non aclarou se vai respectar o acordo para constru\u00edr a casa consistorial nas Pozas, tal como prev\u00e9 o PXOM.<\/h4>\n\n\n\n<p><strong>Mos, 29 de decembro de 2020. <\/strong><\/p>\n\n\n\n<p>A construci\u00f3n dunha nova casa consistorial deber\u00eda ser unproxecto ilusionante que unira a toda veci\u00f1anza, pero en Mos hai moitas m\u00e1is d\u00fabidas quecertezas dende o anuncio realizado pola alcaldesa a mediados de decembro. Nidia Ar\u00e9valoadiantou a convocatoria dun concurso de ideas e as redes sociais do Concello divulgaron osuposto compromiso do presidente da Xunta para a asignaci\u00f3n dunha partida orzamentaria. OBNG co\u00f1eceu a iniciativa a trav\u00e9s da prensa e a d\u00eda de hoxe o goberno municipal a\u00ednda nonofreceu m\u00e1is informaci\u00f3n sobre un proxecto que deber\u00eda contar co respaldo de todas as forzaspol\u00edticas. O portavoz nacionalista, Gustavo Barcia, entende que o secretismo en torno \u00e1 nova casado Concello \u201c\u00e9 unha mostra m\u00e1is do sectarismo que caracteriza ao PP de Mos\u201d.<\/p>\n\n\n\n<p>O anuncio de Nidia Ar\u00e9valo chega con 15 anos de demora dende a convocatoria dun concursop\u00fablico en 2005. Naquel momento a corporaci\u00f3n municipal, co voto favorable do PP, acordara aconstruci\u00f3n dunha nova casa consistorial nas Pozas e as\u00ed quedou recollido no PXOM. O BNGdefende a necesidade de retomar ese proxecto e adaptalo \u00e1 normativa actual, algo que supor\u00eda,segundo Barcia, \u201cun enorme aforro de tempo e di\u00f1eiro\u201d. O goberno bipartito reservara daqueladous mill\u00f3ns de euros para o novo concello e negociara coa Xunta a construci\u00f3n de vivendas depromoci\u00f3n p\u00fablica co obxectivo de crear un n\u00facleo urbano no que estivesen centralizados todosos servizos. Barcia lamenta que os plans de futuro de Mos \u201cquedaran desbaratados trala chegadade Nidia Ar\u00e9valo ao poder, de forma fraudulenta, coa axuda dun tr\u00e1nsfuga\u201d.<\/p>\n\n\n\n<p><strong>Traslado da capital municipal<\/strong><\/p>\n\n\n\n<p>M\u00e1is al\u00e1 das fotos e as mensaxes propagand\u00edsticas, a opacidade en torno ao proxecto \u00e9 m\u00e1xima.A directiva da Comunidade de Montes da parroquia de Mos pretende ofrecer uns terreos nacontorna do Pazo para a nova casa consistorial, pero o PP a\u00ednda non aclarou cales son as s\u00faasintenci\u00f3ns. O BNG xa anunciou a s\u00faa oposici\u00f3n ao traslado da capital municipal, ao entender quea construci\u00f3n dun edificio administrativo supor\u00eda unha degradaci\u00f3n do n\u00facleo hist\u00f3rico da R\u00faa,al\u00e9n de ir en contra do propio ordenamento urban\u00edstico aprobado polo goberno de Nidia Ar\u00e9valohai menos de catro anos. Por outra parte, Gustavo Barcia entende que \u201ctoda a veci\u00f1anza deber\u00edaser part\u00edcipe dunha decisi\u00f3n deste calado\u201d.<\/p>\n","protected":false},"excerpt":{"rendered":"<div class=\"mh-excerpt\"><p>O proceso acumula 15 anos de demora, con Nidia Ar\u00e9valo no poder, dende a convocatoria dun concurso p\u00fablico en 2005 <a class=\"mh-excerpt-more\" href=\"https:\/\/www.anovapeneira.gal\/index.php\/2021\/01\/04\/o-bng-reclama-transparencia-e-participacion-vecinal-para-o-proxecto-da-nova-casa-do-concello\/\" title=\"O BNG reclama transparencia e participaci\u00f3n veci\u00f1al para o proxecto da nova casa do Concello\">[&#8230;]<\/a><\/p>\n<\/div>","protected":false},"author":3,"featured_media":4602,"comment_status":"open","ping_status":"open","sticky":false,"template":"","format":"standard","meta":{"_exactmetrics_skip_tracking":false,"_exactmetrics_sitenote_active":false,"_exactmetrics_sitenote_note":"","_exactmetrics_sitenote_category":0,"footnotes":""},"categories":[23],"tags":[218],"class_list":{"0":"post-4598","1":"post","2":"type-post","3":"status-publish","4":"format-standard","5":"has-post-thumbnail","7":"category-a-lourina","8":"tag-concello-de-mos"},"yoast_head":"<!-- This site is optimized with the Yoast SEO plugin v27.4 - https:\/\/yoast.com\/product\/yoast-seo-wordpress\/ -->\n<title>O BNG reclama transparencia e participaci\u00f3n veci\u00f1al para o proxecto da nova casa do Concello -<\/title>\n<meta name=\"description\" content=\"O proceso acumula 15 anos de demora, con Nidia Ar\u00e9valo no poder, dende a convocatoria dun concurso p\u00fablico en 2005\" \/>\n<meta name=\"robots\" content=\"index, follow, max-snippet:-1, max-image-preview:large, max-video-preview:-1\" \/>\n<link rel=\"canonical\" href=\"https:\/\/www.anovapeneira.gal\/index.php\/2021\/01\/04\/o-bng-reclama-transparencia-e-participacion-vecinal-para-o-proxecto-da-nova-casa-do-concello\/\" \/>\n<meta property=\"og:locale\" content=\"gl_ES\" \/>\n<meta property=\"og:type\" content=\"article\" \/>\n<meta property=\"og:title\" content=\"O BNG reclama transparencia e participaci\u00f3n veci\u00f1al para o proxecto da nova casa do Concello -\" \/>\n<meta property=\"og:description\" content=\"O proceso acumula 15 anos de demora, con Nidia Ar\u00e9valo no poder, dende a convocatoria dun concurso p\u00fablico en 2005\" \/>\n<meta property=\"og:url\" content=\"https:\/\/www.anovapeneira.gal\/index.php\/2021\/01\/04\/o-bng-reclama-transparencia-e-participacion-vecinal-para-o-proxecto-da-nova-casa-do-concello\/\" \/>\n<meta property=\"article:publisher\" content=\"https:\/\/www.facebook.com\/anovapeneira\" \/>\n<meta property=\"article:published_time\" content=\"2021-01-04T11:00:09+00:00\" \/>\n<meta property=\"og:image\" content=\"https:\/\/www.anovapeneira.gal\/wp-content\/uploads\/2020\/12\/Gustavo_Barcia_BNG_Mos_2020.jpg\" \/>\n\t<meta property=\"og:image:width\" content=\"720\" \/>\n\t<meta property=\"og:image:height\" content=\"432\" \/>\n\t<meta property=\"og:image:type\" content=\"image\/jpeg\" \/>\n<meta name=\"author\" content=\"Redacci\u00f3n A Nova Peneira\" \/>\n<meta name=\"twitter:card\" content=\"summary_large_image\" \/>\n<meta name=\"twitter:creator\" content=\"@APeneira\" \/>\n<meta name=\"twitter:site\" content=\"@APeneira\" \/>\n<meta name=\"twitter:label1\" content=\"Escrito por\" \/>\n\t<meta name=\"twitter:data1\" content=\"Redacci\u00f3n A Nova Peneira\" \/>\n\t<meta name=\"twitter:label2\" content=\"Tempo de lectura\" \/>\n\t<meta name=\"twitter:data2\" content=\"2 minutos\" \/>\n<script type=\"application\/ld+json\" class=\"yoast-schema-graph\">{\"@context\":\"https:\\\/\\\/schema.org\",\"@graph\":[{\"@type\":\"Article\",\"@id\":\"https:\\\/\\\/www.anovapeneira.gal\\\/index.php\\\/2021\\\/01\\\/04\\\/o-bng-reclama-transparencia-e-participacion-vecinal-para-o-proxecto-da-nova-casa-do-concello\\\/#article\",\"isPartOf\":{\"@id\":\"https:\\\/\\\/www.anovapeneira.gal\\\/index.php\\\/2021\\\/01\\\/04\\\/o-bng-reclama-transparencia-e-participacion-vecinal-para-o-proxecto-da-nova-casa-do-concello\\\/\"},\"author\":{\"name\":\"Redacci\u00f3n A Nova Peneira\",\"@id\":\"https:\\\/\\\/www.anovapeneira.gal\\\/#\\\/schema\\\/person\\\/b93e3f8932e3f8da96334607eb6ac6aa\"},\"headline\":\"O BNG reclama transparencia e participaci\u00f3n veci\u00f1al para o proxecto da nova casa do Concello\",\"datePublished\":\"2021-01-04T11:00:09+00:00\",\"mainEntityOfPage\":{\"@id\":\"https:\\\/\\\/www.anovapeneira.gal\\\/index.php\\\/2021\\\/01\\\/04\\\/o-bng-reclama-transparencia-e-participacion-vecinal-para-o-proxecto-da-nova-casa-do-concello\\\/\"},\"wordCount\":468,\"commentCount\":0,\"publisher\":{\"@id\":\"https:\\\/\\\/www.anovapeneira.gal\\\/#organization\"},\"image\":{\"@id\":\"https:\\\/\\\/www.anovapeneira.gal\\\/index.php\\\/2021\\\/01\\\/04\\\/o-bng-reclama-transparencia-e-participacion-vecinal-para-o-proxecto-da-nova-casa-do-concello\\\/#primaryimage\"},\"thumbnailUrl\":\"https:\\\/\\\/www.anovapeneira.gal\\\/wp-content\\\/uploads\\\/2020\\\/12\\\/Gustavo_Barcia_BNG_Mos_2020.jpg\",\"keywords\":[\"Concello de Mos\"],\"articleSection\":[\"A Louri\u00f1a\"],\"inLanguage\":\"gl-ES\",\"potentialAction\":[{\"@type\":\"CommentAction\",\"name\":\"Comment\",\"target\":[\"https:\\\/\\\/www.anovapeneira.gal\\\/index.php\\\/2021\\\/01\\\/04\\\/o-bng-reclama-transparencia-e-participacion-vecinal-para-o-proxecto-da-nova-casa-do-concello\\\/#respond\"]}]},{\"@type\":\"WebPage\",\"@id\":\"https:\\\/\\\/www.anovapeneira.gal\\\/index.php\\\/2021\\\/01\\\/04\\\/o-bng-reclama-transparencia-e-participacion-vecinal-para-o-proxecto-da-nova-casa-do-concello\\\/\",\"url\":\"https:\\\/\\\/www.anovapeneira.gal\\\/index.php\\\/2021\\\/01\\\/04\\\/o-bng-reclama-transparencia-e-participacion-vecinal-para-o-proxecto-da-nova-casa-do-concello\\\/\",\"name\":\"O BNG reclama transparencia e participaci\u00f3n veci\u00f1al para o proxecto da nova casa do Concello -\",\"isPartOf\":{\"@id\":\"https:\\\/\\\/www.anovapeneira.gal\\\/#website\"},\"primaryImageOfPage\":{\"@id\":\"https:\\\/\\\/www.anovapeneira.gal\\\/index.php\\\/2021\\\/01\\\/04\\\/o-bng-reclama-transparencia-e-participacion-vecinal-para-o-proxecto-da-nova-casa-do-concello\\\/#primaryimage\"},\"image\":{\"@id\":\"https:\\\/\\\/www.anovapeneira.gal\\\/index.php\\\/2021\\\/01\\\/04\\\/o-bng-reclama-transparencia-e-participacion-vecinal-para-o-proxecto-da-nova-casa-do-concello\\\/#primaryimage\"},\"thumbnailUrl\":\"https:\\\/\\\/www.anovapeneira.gal\\\/wp-content\\\/uploads\\\/2020\\\/12\\\/Gustavo_Barcia_BNG_Mos_2020.jpg\",\"datePublished\":\"2021-01-04T11:00:09+00:00\",\"description\":\"O proceso acumula 15 anos de demora, con Nidia Ar\u00e9valo no poder, dende a convocatoria dun concurso p\u00fablico en 2005\",\"breadcrumb\":{\"@id\":\"https:\\\/\\\/www.anovapeneira.gal\\\/index.php\\\/2021\\\/01\\\/04\\\/o-bng-reclama-transparencia-e-participacion-vecinal-para-o-proxecto-da-nova-casa-do-concello\\\/#breadcrumb\"},\"inLanguage\":\"gl-ES\",\"potentialAction\":[{\"@type\":\"ReadAction\",\"target\":[\"https:\\\/\\\/www.anovapeneira.gal\\\/index.php\\\/2021\\\/01\\\/04\\\/o-bng-reclama-transparencia-e-participacion-vecinal-para-o-proxecto-da-nova-casa-do-concello\\\/\"]}]},{\"@type\":\"ImageObject\",\"inLanguage\":\"gl-ES\",\"@id\":\"https:\\\/\\\/www.anovapeneira.gal\\\/index.php\\\/2021\\\/01\\\/04\\\/o-bng-reclama-transparencia-e-participacion-vecinal-para-o-proxecto-da-nova-casa-do-concello\\\/#primaryimage\",\"url\":\"https:\\\/\\\/www.anovapeneira.gal\\\/wp-content\\\/uploads\\\/2020\\\/12\\\/Gustavo_Barcia_BNG_Mos_2020.jpg\",\"contentUrl\":\"https:\\\/\\\/www.anovapeneira.gal\\\/wp-content\\\/uploads\\\/2020\\\/12\\\/Gustavo_Barcia_BNG_Mos_2020.jpg\",\"width\":720,\"height\":432,\"caption\":\"Gustavo Barcia BNG Mos\"},{\"@type\":\"BreadcrumbList\",\"@id\":\"https:\\\/\\\/www.anovapeneira.gal\\\/index.php\\\/2021\\\/01\\\/04\\\/o-bng-reclama-transparencia-e-participacion-vecinal-para-o-proxecto-da-nova-casa-do-concello\\\/#breadcrumb\",\"itemListElement\":[{\"@type\":\"ListItem\",\"position\":1,\"name\":\"Portada\",\"item\":\"https:\\\/\\\/www.anovapeneira.gal\\\/\"},{\"@type\":\"ListItem\",\"position\":2,\"name\":\"O BNG reclama transparencia e participaci\u00f3n veci\u00f1al para o proxecto da nova casa do Concello\"}]},{\"@type\":\"WebSite\",\"@id\":\"https:\\\/\\\/www.anovapeneira.gal\\\/#website\",\"url\":\"https:\\\/\\\/www.anovapeneira.gal\\\/\",\"name\":\"\",\"description\":\"Xornal galego de informaci\u00f3n xeral Publicaci\u00f3n mensual de novas de Galicia e en especial dos Concellos da sur da provincia de Pontevedra.\",\"publisher\":{\"@id\":\"https:\\\/\\\/www.anovapeneira.gal\\\/#organization\"},\"potentialAction\":[{\"@type\":\"SearchAction\",\"target\":{\"@type\":\"EntryPoint\",\"urlTemplate\":\"https:\\\/\\\/www.anovapeneira.gal\\\/?s={search_term_string}\"},\"query-input\":{\"@type\":\"PropertyValueSpecification\",\"valueRequired\":true,\"valueName\":\"search_term_string\"}}],\"inLanguage\":\"gl-ES\"},{\"@type\":\"Organization\",\"@id\":\"https:\\\/\\\/www.anovapeneira.gal\\\/#organization\",\"name\":\"A Nova Peneira\",\"url\":\"https:\\\/\\\/www.anovapeneira.gal\\\/\",\"logo\":{\"@type\":\"ImageObject\",\"inLanguage\":\"gl-ES\",\"@id\":\"https:\\\/\\\/www.anovapeneira.gal\\\/#\\\/schema\\\/logo\\\/image\\\/\",\"url\":\"http:\\\/\\\/www.anovapeneira.gal\\\/wp-content\\\/uploads\\\/2019\\\/06\\\/logo_a_nova_peneira_portal_web.png\",\"contentUrl\":\"http:\\\/\\\/www.anovapeneira.gal\\\/wp-content\\\/uploads\\\/2019\\\/06\\\/logo_a_nova_peneira_portal_web.png\",\"width\":300,\"height\":100,\"caption\":\"A Nova Peneira\"},\"image\":{\"@id\":\"https:\\\/\\\/www.anovapeneira.gal\\\/#\\\/schema\\\/logo\\\/image\\\/\"},\"sameAs\":[\"https:\\\/\\\/www.facebook.com\\\/anovapeneira\",\"https:\\\/\\\/x.com\\\/APeneira\"]},{\"@type\":\"Person\",\"@id\":\"https:\\\/\\\/www.anovapeneira.gal\\\/#\\\/schema\\\/person\\\/b93e3f8932e3f8da96334607eb6ac6aa\",\"name\":\"Redacci\u00f3n A Nova Peneira\",\"image\":{\"@type\":\"ImageObject\",\"inLanguage\":\"gl-ES\",\"@id\":\"https:\\\/\\\/secure.gravatar.com\\\/avatar\\\/c052a2551a06e23fac63626232eaa90abd78dbcf1700fc46a2b2c89fd27b735f?s=96&d=mm&r=g\",\"url\":\"https:\\\/\\\/secure.gravatar.com\\\/avatar\\\/c052a2551a06e23fac63626232eaa90abd78dbcf1700fc46a2b2c89fd27b735f?s=96&d=mm&r=g\",\"contentUrl\":\"https:\\\/\\\/secure.gravatar.com\\\/avatar\\\/c052a2551a06e23fac63626232eaa90abd78dbcf1700fc46a2b2c89fd27b735f?s=96&d=mm&r=g\",\"caption\":\"Redacci\u00f3n A Nova Peneira\"},\"sameAs\":[\"http:\\\/\\\/www.anovapeneira.gal\\\/\"],\"url\":\"https:\\\/\\\/www.anovapeneira.gal\\\/index.php\\\/author\\\/redactor\\\/\"}]}<\/script>\n<!-- \/ Yoast SEO plugin. -->","yoast_head_json":{"title":"O BNG reclama transparencia e participaci\u00f3n veci\u00f1al para o proxecto da nova casa do Concello -","description":"O proceso acumula 15 anos de demora, con Nidia Ar\u00e9valo no poder, dende a convocatoria dun concurso p\u00fablico en 2005","robots":{"index":"index","follow":"follow","max-snippet":"max-snippet:-1","max-image-preview":"max-image-preview:large","max-video-preview":"max-video-preview:-1"},"canonical":"https:\/\/www.anovapeneira.gal\/index.php\/2021\/01\/04\/o-bng-reclama-transparencia-e-participacion-vecinal-para-o-proxecto-da-nova-casa-do-concello\/","og_locale":"gl_ES","og_type":"article","og_title":"O BNG reclama transparencia e participaci\u00f3n veci\u00f1al para o proxecto da nova casa do Concello -","og_description":"O proceso acumula 15 anos de demora, con Nidia Ar\u00e9valo no poder, dende a convocatoria dun concurso p\u00fablico en 2005","og_url":"https:\/\/www.anovapeneira.gal\/index.php\/2021\/01\/04\/o-bng-reclama-transparencia-e-participacion-vecinal-para-o-proxecto-da-nova-casa-do-concello\/","article_publisher":"https:\/\/www.facebook.com\/anovapeneira","article_published_time":"2021-01-04T11:00:09+00:00","og_image":[{"width":720,"height":432,"url":"https:\/\/www.anovapeneira.gal\/wp-content\/uploads\/2020\/12\/Gustavo_Barcia_BNG_Mos_2020.jpg","type":"image\/jpeg"}],"author":"Redacci\u00f3n A Nova Peneira","twitter_card":"summary_large_image","twitter_creator":"@APeneira","twitter_site":"@APeneira","twitter_misc":{"Escrito por":"Redacci\u00f3n A Nova Peneira","Tempo de lectura":"2 minutos"},"schema":{"@context":"https:\/\/schema.org","@graph":[{"@type":"Article","@id":"https:\/\/www.anovapeneira.gal\/index.php\/2021\/01\/04\/o-bng-reclama-transparencia-e-participacion-vecinal-para-o-proxecto-da-nova-casa-do-concello\/#article","isPartOf":{"@id":"https:\/\/www.anovapeneira.gal\/index.php\/2021\/01\/04\/o-bng-reclama-transparencia-e-participacion-vecinal-para-o-proxecto-da-nova-casa-do-concello\/"},"author":{"name":"Redacci\u00f3n A Nova Peneira","@id":"https:\/\/www.anovapeneira.gal\/#\/schema\/person\/b93e3f8932e3f8da96334607eb6ac6aa"},"headline":"O BNG reclama transparencia e participaci\u00f3n veci\u00f1al para o proxecto da nova casa do Concello","datePublished":"2021-01-04T11:00:09+00:00","mainEntityOfPage":{"@id":"https:\/\/www.anovapeneira.gal\/index.php\/2021\/01\/04\/o-bng-reclama-transparencia-e-participacion-vecinal-para-o-proxecto-da-nova-casa-do-concello\/"},"wordCount":468,"commentCount":0,"publisher":{"@id":"https:\/\/www.anovapeneira.gal\/#organization"},"image":{"@id":"https:\/\/www.anovapeneira.gal\/index.php\/2021\/01\/04\/o-bng-reclama-transparencia-e-participacion-vecinal-para-o-proxecto-da-nova-casa-do-concello\/#primaryimage"},"thumbnailUrl":"https:\/\/www.anovapeneira.gal\/wp-content\/uploads\/2020\/12\/Gustavo_Barcia_BNG_Mos_2020.jpg","keywords":["Concello de Mos"],"articleSection":["A Louri\u00f1a"],"inLanguage":"gl-ES","potentialAction":[{"@type":"CommentAction","name":"Comment","target":["https:\/\/www.anovapeneira.gal\/index.php\/2021\/01\/04\/o-bng-reclama-transparencia-e-participacion-vecinal-para-o-proxecto-da-nova-casa-do-concello\/#respond"]}]},{"@type":"WebPage","@id":"https:\/\/www.anovapeneira.gal\/index.php\/2021\/01\/04\/o-bng-reclama-transparencia-e-participacion-vecinal-para-o-proxecto-da-nova-casa-do-concello\/","url":"https:\/\/www.anovapeneira.gal\/index.php\/2021\/01\/04\/o-bng-reclama-transparencia-e-participacion-vecinal-para-o-proxecto-da-nova-casa-do-concello\/","name":"O BNG reclama transparencia e participaci\u00f3n veci\u00f1al para o proxecto da nova casa do Concello -","isPartOf":{"@id":"https:\/\/www.anovapeneira.gal\/#website"},"primaryImageOfPage":{"@id":"https:\/\/www.anovapeneira.gal\/index.php\/2021\/01\/04\/o-bng-reclama-transparencia-e-participacion-vecinal-para-o-proxecto-da-nova-casa-do-concello\/#primaryimage"},"image":{"@id":"https:\/\/www.anovapeneira.gal\/index.php\/2021\/01\/04\/o-bng-reclama-transparencia-e-participacion-vecinal-para-o-proxecto-da-nova-casa-do-concello\/#primaryimage"},"thumbnailUrl":"https:\/\/www.anovapeneira.gal\/wp-content\/uploads\/2020\/12\/Gustavo_Barcia_BNG_Mos_2020.jpg","datePublished":"2021-01-04T11:00:09+00:00","description":"O proceso acumula 15 anos de demora, con Nidia Ar\u00e9valo no poder, dende a convocatoria dun concurso p\u00fablico en 2005","breadcrumb":{"@id":"https:\/\/www.anovapeneira.gal\/index.php\/2021\/01\/04\/o-bng-reclama-transparencia-e-participacion-vecinal-para-o-proxecto-da-nova-casa-do-concello\/#breadcrumb"},"inLanguage":"gl-ES","potentialAction":[{"@type":"ReadAction","target":["https:\/\/www.anovapeneira.gal\/index.php\/2021\/01\/04\/o-bng-reclama-transparencia-e-participacion-vecinal-para-o-proxecto-da-nova-casa-do-concello\/"]}]},{"@type":"ImageObject","inLanguage":"gl-ES","@id":"https:\/\/www.anovapeneira.gal\/index.php\/2021\/01\/04\/o-bng-reclama-transparencia-e-participacion-vecinal-para-o-proxecto-da-nova-casa-do-concello\/#primaryimage","url":"https:\/\/www.anovapeneira.gal\/wp-content\/uploads\/2020\/12\/Gustavo_Barcia_BNG_Mos_2020.jpg","contentUrl":"https:\/\/www.anovapeneira.gal\/wp-content\/uploads\/2020\/12\/Gustavo_Barcia_BNG_Mos_2020.jpg","width":720,"height":432,"caption":"Gustavo Barcia BNG Mos"},{"@type":"BreadcrumbList","@id":"https:\/\/www.anovapeneira.gal\/index.php\/2021\/01\/04\/o-bng-reclama-transparencia-e-participacion-vecinal-para-o-proxecto-da-nova-casa-do-concello\/#breadcrumb","itemListElement":[{"@type":"ListItem","position":1,"name":"Portada","item":"https:\/\/www.anovapeneira.gal\/"},{"@type":"ListItem","position":2,"name":"O BNG reclama transparencia e participaci\u00f3n veci\u00f1al para o proxecto da nova casa do Concello"}]},{"@type":"WebSite","@id":"https:\/\/www.anovapeneira.gal\/#website","url":"https:\/\/www.anovapeneira.gal\/","name":"","description":"Xornal galego de informaci\u00f3n xeral Publicaci\u00f3n mensual de novas de Galicia e en especial dos Concellos da sur da provincia de Pontevedra.","publisher":{"@id":"https:\/\/www.anovapeneira.gal\/#organization"},"potentialAction":[{"@type":"SearchAction","target":{"@type":"EntryPoint","urlTemplate":"https:\/\/www.anovapeneira.gal\/?s={search_term_string}"},"query-input":{"@type":"PropertyValueSpecification","valueRequired":true,"valueName":"search_term_string"}}],"inLanguage":"gl-ES"},{"@type":"Organization","@id":"https:\/\/www.anovapeneira.gal\/#organization","name":"A Nova Peneira","url":"https:\/\/www.anovapeneira.gal\/","logo":{"@type":"ImageObject","inLanguage":"gl-ES","@id":"https:\/\/www.anovapeneira.gal\/#\/schema\/logo\/image\/","url":"http:\/\/www.anovapeneira.gal\/wp-content\/uploads\/2019\/06\/logo_a_nova_peneira_portal_web.png","contentUrl":"http:\/\/www.anovapeneira.gal\/wp-content\/uploads\/2019\/06\/logo_a_nova_peneira_portal_web.png","width":300,"height":100,"caption":"A Nova Peneira"},"image":{"@id":"https:\/\/www.anovapeneira.gal\/#\/schema\/logo\/image\/"},"sameAs":["https:\/\/www.facebook.com\/anovapeneira","https:\/\/x.com\/APeneira"]},{"@type":"Person","@id":"https:\/\/www.anovapeneira.gal\/#\/schema\/person\/b93e3f8932e3f8da96334607eb6ac6aa","name":"Redacci\u00f3n A Nova Peneira","image":{"@type":"ImageObject","inLanguage":"gl-ES","@id":"https:\/\/secure.gravatar.com\/avatar\/c052a2551a06e23fac63626232eaa90abd78dbcf1700fc46a2b2c89fd27b735f?s=96&d=mm&r=g","url":"https:\/\/secure.gravatar.com\/avatar\/c052a2551a06e23fac63626232eaa90abd78dbcf1700fc46a2b2c89fd27b735f?s=96&d=mm&r=g","contentUrl":"https:\/\/secure.gravatar.com\/avatar\/c052a2551a06e23fac63626232eaa90abd78dbcf1700fc46a2b2c89fd27b735f?s=96&d=mm&r=g","caption":"Redacci\u00f3n A Nova Peneira"},"sameAs":["http:\/\/www.anovapeneira.gal\/"],"url":"https:\/\/www.anovapeneira.gal\/index.php\/author\/redactor\/"}]}},"jetpack_featured_media_url":"https:\/\/www.anovapeneira.gal\/wp-content\/uploads\/2020\/12\/Gustavo_Barcia_BNG_Mos_2020.jpg","_links":{"self":[{"href":"https:\/\/www.anovapeneira.gal\/index.php\/wp-json\/wp\/v2\/posts\/4598","targetHints":{"allow":["GET"]}}],"collection":[{"href":"https:\/\/www.anovapeneira.gal\/index.php\/wp-json\/wp\/v2\/posts"}],"about":[{"href":"https:\/\/www.anovapeneira.gal\/index.php\/wp-json\/wp\/v2\/types\/post"}],"author":[{"embeddable":true,"href":"https:\/\/www.anovapeneira.gal\/index.php\/wp-json\/wp\/v2\/users\/3"}],"replies":[{"embeddable":true,"href":"https:\/\/www.anovapeneira.gal\/index.php\/wp-json\/wp\/v2\/comments?post=4598"}],"version-history":[{"count":4,"href":"https:\/\/www.anovapeneira.gal\/index.php\/wp-json\/wp\/v2\/posts\/4598\/revisions"}],"predecessor-version":[{"id":4603,"href":"https:\/\/www.anovapeneira.gal\/index.php\/wp-json\/wp\/v2\/posts\/4598\/revisions\/4603"}],"wp:featuredmedia":[{"embeddable":true,"href":"https:\/\/www.anovapeneira.gal\/index.php\/wp-json\/wp\/v2\/media\/4602"}],"wp:attachment":[{"href":"https:\/\/www.anovapeneira.gal\/index.php\/wp-json\/wp\/v2\/media?parent=4598"}],"wp:term":[{"taxonomy":"category","embeddable":true,"href":"https:\/\/www.anovapeneira.gal\/index.php\/wp-json\/wp\/v2\/categories?post=4598"},{"taxonomy":"post_tag","embeddable":true,"href":"https:\/\/www.anovapeneira.gal\/index.php\/wp-json\/wp\/v2\/tags?post=4598"}],"curies":[{"name":"wp","href":"https:\/\/api.w.org\/{rel}","templated":true}]}}