{"id":4604,"date":"2021-01-05T10:00:13","date_gmt":"2021-01-05T09:00:13","guid":{"rendered":"http:\/\/www.anovapeneira.gal\/?p=4604"},"modified":"2021-01-03T20:42:45","modified_gmt":"2021-01-03T19:42:45","slug":"fraga-si-bildu-non","status":"publish","type":"post","link":"https:\/\/www.anovapeneira.gal\/index.php\/2021\/01\/05\/fraga-si-bildu-non\/","title":{"rendered":"Fraga si, Bildu non"},"content":{"rendered":"\n<pre class=\"wp-block-verse\">Gustavo Barcia Seijo<\/pre>\n\n\n\n<p>Un dos exercicios fundamentais dentro da filosof\u00eda \u00e9 a reflexi\u00f3n, isto implica analizarsosegadamente a realidade para sacar conclusi\u00f3ns. Por iso non \u00e9 de estra\u00f1ar que o mundo da malapol\u00edtica e os malos medios de comunicaci\u00f3n traten de comunicar de forma apresurada e cambiandoconstantemente de tema para precisamente evitar a reflexi\u00f3n e en definitiva que pensemos. Poisreflexionemos e pensemos.Agora que xa pasou un tempo, e xa non \u00e9 tema de batalla pol\u00edtica, falemos dun dos asuntosque mais pol\u00e9mica xerou da aprobaci\u00f3n dos Orzamentos do Estado como foi o apoio a estes porparte de Bildu.Segundo os detractores dese apoio, principalmente PP, Vox e Ciudadanos inda que tam\u00e9nalg\u00fan dirixente socialista, non se pode pactar ou chegar a acordos con Bildu porque \u00e9 unhaorganizaci\u00f3n relacionada co entorno de ETA e por ese motivo, inda que sexa unha organizaci\u00f3nlegal e que rexeite a violencia, non son aptos para pactar ou dialogar con eles. Esta argumentaci\u00f3n tan d\u00e9bil como pueril repetiuse ata a saciedade, pero que se a levamosao extremo ser\u00eda un absurdo. Por exemplo o sistema penitenciario espa\u00f1ol baseado teoricamente naconstituci\u00f3n espa\u00f1ola do 76 consagra a reinserci\u00f3n avogando porque calquera persoa que cometa undelito recibe un castigo pero ao mesmo tempo d\u00e1ndolle a oportunidade emendarse e de poder volvera sociedade con plenos dereitos. Se seguimos a argumentaci\u00f3n de PP, Vox e Ciudadanos calquerapersoa que cometa un erro poder\u00e1 existir pero polo seu pasado non poder\u00e1 participar en ning\u00fanasunto da sociedade. Xulgar a todo o mundo polo que foi e defendeu, acertada ou equivocadamente,e non polo que \u00e9 e defende neste momento impedir\u00eda cambiar de criterio e emendar erros que sepoidan cometer impedindo de facto calquera evoluci\u00f3n persoal ou pol\u00edtica. Pero non necesitamos po\u00f1er exemplos ex\u00f3ticos nin levados ao extremo para sinalar ahipocris\u00eda e cinismo do PP, Vox e Ciudadanos. O caso mais evidente \u00e9 un dos fundadores do PartidoPopular Manuel Fraga Iribarne, este se\u00f1or participou e foi c\u00f3mplice como ministro dunha ditaduraxenocida e fascista que asasinaba a aqueles que non se alienaran con seus postulados liberticidas.Cando se transitou da ditadura \u00e1 democracia Fraga non s\u00f3 participou da elaboraci\u00f3n da actualconstituci\u00f3n espa\u00f1ola se non que foi politicamente moi activo postul\u00e1ndose a presidente do gobernoe chegando a ser presidente da Xunta de Galiza durante 15 anos. Pois ben, se seguimos coargumentario que o PP lle aplica a Bildu, Fraga e por extensi\u00f3n o propio Partido Popular deber\u00eda serrepudiado porque foi fundado por xente que participou directamente do terrorismo de estado como \u00e9unha ditadura, pola contra para eles Fraga foi un home de estado que soubo transitar de ser unministro dunha ditadura asasina a participar da democracia, de feito foi presidente de honra doPartido Popular, e estes eloxios que o Partido Popular tan agarimosamente lle outorga a Fragan\u00e9gallos a Bildu.O cinismo da dereita \u00e9 tal que para eles Fraga si vale porque comparte ideario pol\u00edtico peroBildu non porque non o comparten, \u00e9 as\u00ed de simple e retorcido. Deber\u00edan saber que a grandeza dunha verdadeira democracia non s\u00f3 \u00e9 o respecto polas ideasde todo o mundo se non que tam\u00e9n \u00e9 acoller a aqueles que nalg\u00fan momento a quixeron destru\u00edr.Fraga loitou contra a democracia e as liberdades e cando deixou ese cami\u00f1o foi benvido ademocracia. Se se \u00e9 un verdadeiro dem\u00f3crata iso que vale para Fraga vale para todos os demais.Pero por desgracia a dereita do estado espa\u00f1ol non \u00e9 dem\u00f3crata.<\/p>\n\n\n\n<p><\/p>\n","protected":false},"excerpt":{"rendered":"<div class=\"mh-excerpt\"><p>Un dos exercicios fundamentais dentro da filosof\u00eda \u00e9 a reflexi\u00f3n, isto implica analizarsosegadamente a realidade para sacar conclusi\u00f3ns. Por iso non \u00e9 de estra\u00f1ar que o mundo da malapol\u00edtica e os malos medios de comunicaci\u00f3n traten de comunicar de forma apresurada e cambiandoconstantemente de tema para precisamente evitar a reflexi\u00f3n e en definitiva que pensemos <a class=\"mh-excerpt-more\" href=\"https:\/\/www.anovapeneira.gal\/index.php\/2021\/01\/05\/fraga-si-bildu-non\/\" title=\"Fraga si, Bildu non\">[&#8230;]<\/a><\/p>\n<\/div>","protected":false},"author":12,"featured_media":4602,"comment_status":"open","ping_status":"open","sticky":false,"template":"","format":"standard","meta":{"_exactmetrics_skip_tracking":false,"_exactmetrics_sitenote_active":false,"_exactmetrics_sitenote_note":"","_exactmetrics_sitenote_category":0,"footnotes":""},"categories":[7],"tags":[],"class_list":{"0":"post-4604","1":"post","2":"type-post","3":"status-publish","4":"format-standard","5":"has-post-thumbnail","7":"category-artigos-de-opinion"},"yoast_head":"<!-- This site is optimized with the Yoast SEO plugin v27.4 - https:\/\/yoast.com\/product\/yoast-seo-wordpress\/ -->\n<title>Fraga si, Bildu non -<\/title>\n<meta name=\"description\" content=\"Un dos exercicios fundamentais dentro da filosof\u00eda \u00e9 a reflexi\u00f3n, isto implica analizarsosegadamente a realidade para sacar conclusi\u00f3ns. Por iso non \u00e9 de estra\u00f1ar que o mundo da malapol\u00edtica e os malos medios de comunicaci\u00f3n traten de comunicar de forma apresurada e cambiandoconstantemente de tema para precisamente evitar a reflexi\u00f3n e en definitiva que pensemos\" \/>\n<meta name=\"robots\" content=\"index, follow, max-snippet:-1, max-image-preview:large, max-video-preview:-1\" \/>\n<link rel=\"canonical\" href=\"https:\/\/www.anovapeneira.gal\/index.php\/2021\/01\/05\/fraga-si-bildu-non\/\" \/>\n<meta property=\"og:locale\" content=\"gl_ES\" \/>\n<meta property=\"og:type\" content=\"article\" \/>\n<meta property=\"og:title\" content=\"Fraga si, Bildu non -\" \/>\n<meta property=\"og:description\" content=\"Un dos exercicios fundamentais dentro da filosof\u00eda \u00e9 a reflexi\u00f3n, isto implica analizarsosegadamente a realidade para sacar conclusi\u00f3ns. Por iso non \u00e9 de estra\u00f1ar que o mundo da malapol\u00edtica e os malos medios de comunicaci\u00f3n traten de comunicar de forma apresurada e cambiandoconstantemente de tema para precisamente evitar a reflexi\u00f3n e en definitiva que pensemos\" \/>\n<meta property=\"og:url\" content=\"https:\/\/www.anovapeneira.gal\/index.php\/2021\/01\/05\/fraga-si-bildu-non\/\" \/>\n<meta property=\"article:publisher\" content=\"https:\/\/www.facebook.com\/anovapeneira\" \/>\n<meta property=\"article:published_time\" content=\"2021-01-05T09:00:13+00:00\" \/>\n<meta property=\"og:image\" content=\"https:\/\/www.anovapeneira.gal\/wp-content\/uploads\/2020\/12\/Gustavo_Barcia_BNG_Mos_2020.jpg\" \/>\n\t<meta property=\"og:image:width\" content=\"720\" \/>\n\t<meta property=\"og:image:height\" content=\"432\" \/>\n\t<meta property=\"og:image:type\" content=\"image\/jpeg\" \/>\n<meta name=\"author\" content=\"Artigos Opini\u00f3n\" \/>\n<meta name=\"twitter:card\" content=\"summary_large_image\" \/>\n<meta name=\"twitter:creator\" content=\"@APeneira\" \/>\n<meta name=\"twitter:site\" content=\"@APeneira\" \/>\n<meta name=\"twitter:label1\" content=\"Escrito por\" \/>\n\t<meta name=\"twitter:data1\" content=\"Artigos Opini\u00f3n\" \/>\n\t<meta name=\"twitter:label2\" content=\"Tempo de lectura\" \/>\n\t<meta name=\"twitter:data2\" content=\"3 minutos\" \/>\n<script type=\"application\/ld+json\" class=\"yoast-schema-graph\">{\"@context\":\"https:\\\/\\\/schema.org\",\"@graph\":[{\"@type\":\"Article\",\"@id\":\"https:\\\/\\\/www.anovapeneira.gal\\\/index.php\\\/2021\\\/01\\\/05\\\/fraga-si-bildu-non\\\/#article\",\"isPartOf\":{\"@id\":\"https:\\\/\\\/www.anovapeneira.gal\\\/index.php\\\/2021\\\/01\\\/05\\\/fraga-si-bildu-non\\\/\"},\"author\":{\"name\":\"Artigos Opini\u00f3n\",\"@id\":\"https:\\\/\\\/www.anovapeneira.gal\\\/#\\\/schema\\\/person\\\/f18a4feb302e8f20bcef4490b5b60bb3\"},\"headline\":\"Fraga si, Bildu non\",\"datePublished\":\"2021-01-05T09:00:13+00:00\",\"mainEntityOfPage\":{\"@id\":\"https:\\\/\\\/www.anovapeneira.gal\\\/index.php\\\/2021\\\/01\\\/05\\\/fraga-si-bildu-non\\\/\"},\"wordCount\":596,\"commentCount\":0,\"publisher\":{\"@id\":\"https:\\\/\\\/www.anovapeneira.gal\\\/#organization\"},\"image\":{\"@id\":\"https:\\\/\\\/www.anovapeneira.gal\\\/index.php\\\/2021\\\/01\\\/05\\\/fraga-si-bildu-non\\\/#primaryimage\"},\"thumbnailUrl\":\"https:\\\/\\\/www.anovapeneira.gal\\\/wp-content\\\/uploads\\\/2020\\\/12\\\/Gustavo_Barcia_BNG_Mos_2020.jpg\",\"articleSection\":[\"Artigos de opini\u00f3n\"],\"inLanguage\":\"gl-ES\",\"potentialAction\":[{\"@type\":\"CommentAction\",\"name\":\"Comment\",\"target\":[\"https:\\\/\\\/www.anovapeneira.gal\\\/index.php\\\/2021\\\/01\\\/05\\\/fraga-si-bildu-non\\\/#respond\"]}]},{\"@type\":\"WebPage\",\"@id\":\"https:\\\/\\\/www.anovapeneira.gal\\\/index.php\\\/2021\\\/01\\\/05\\\/fraga-si-bildu-non\\\/\",\"url\":\"https:\\\/\\\/www.anovapeneira.gal\\\/index.php\\\/2021\\\/01\\\/05\\\/fraga-si-bildu-non\\\/\",\"name\":\"Fraga si, Bildu non -\",\"isPartOf\":{\"@id\":\"https:\\\/\\\/www.anovapeneira.gal\\\/#website\"},\"primaryImageOfPage\":{\"@id\":\"https:\\\/\\\/www.anovapeneira.gal\\\/index.php\\\/2021\\\/01\\\/05\\\/fraga-si-bildu-non\\\/#primaryimage\"},\"image\":{\"@id\":\"https:\\\/\\\/www.anovapeneira.gal\\\/index.php\\\/2021\\\/01\\\/05\\\/fraga-si-bildu-non\\\/#primaryimage\"},\"thumbnailUrl\":\"https:\\\/\\\/www.anovapeneira.gal\\\/wp-content\\\/uploads\\\/2020\\\/12\\\/Gustavo_Barcia_BNG_Mos_2020.jpg\",\"datePublished\":\"2021-01-05T09:00:13+00:00\",\"description\":\"Un dos exercicios fundamentais dentro da filosof\u00eda \u00e9 a reflexi\u00f3n, isto implica analizarsosegadamente a realidade para sacar conclusi\u00f3ns. Por iso non \u00e9 de estra\u00f1ar que o mundo da malapol\u00edtica e os malos medios de comunicaci\u00f3n traten de comunicar de forma apresurada e cambiandoconstantemente de tema para precisamente evitar a reflexi\u00f3n e en definitiva que pensemos\",\"breadcrumb\":{\"@id\":\"https:\\\/\\\/www.anovapeneira.gal\\\/index.php\\\/2021\\\/01\\\/05\\\/fraga-si-bildu-non\\\/#breadcrumb\"},\"inLanguage\":\"gl-ES\",\"potentialAction\":[{\"@type\":\"ReadAction\",\"target\":[\"https:\\\/\\\/www.anovapeneira.gal\\\/index.php\\\/2021\\\/01\\\/05\\\/fraga-si-bildu-non\\\/\"]}]},{\"@type\":\"ImageObject\",\"inLanguage\":\"gl-ES\",\"@id\":\"https:\\\/\\\/www.anovapeneira.gal\\\/index.php\\\/2021\\\/01\\\/05\\\/fraga-si-bildu-non\\\/#primaryimage\",\"url\":\"https:\\\/\\\/www.anovapeneira.gal\\\/wp-content\\\/uploads\\\/2020\\\/12\\\/Gustavo_Barcia_BNG_Mos_2020.jpg\",\"contentUrl\":\"https:\\\/\\\/www.anovapeneira.gal\\\/wp-content\\\/uploads\\\/2020\\\/12\\\/Gustavo_Barcia_BNG_Mos_2020.jpg\",\"width\":720,\"height\":432,\"caption\":\"Gustavo Barcia BNG Mos\"},{\"@type\":\"BreadcrumbList\",\"@id\":\"https:\\\/\\\/www.anovapeneira.gal\\\/index.php\\\/2021\\\/01\\\/05\\\/fraga-si-bildu-non\\\/#breadcrumb\",\"itemListElement\":[{\"@type\":\"ListItem\",\"position\":1,\"name\":\"Portada\",\"item\":\"https:\\\/\\\/www.anovapeneira.gal\\\/\"},{\"@type\":\"ListItem\",\"position\":2,\"name\":\"Fraga si, Bildu non\"}]},{\"@type\":\"WebSite\",\"@id\":\"https:\\\/\\\/www.anovapeneira.gal\\\/#website\",\"url\":\"https:\\\/\\\/www.anovapeneira.gal\\\/\",\"name\":\"\",\"description\":\"Xornal galego de informaci\u00f3n xeral Publicaci\u00f3n mensual de novas de Galicia e en especial dos Concellos da sur da provincia de Pontevedra.\",\"publisher\":{\"@id\":\"https:\\\/\\\/www.anovapeneira.gal\\\/#organization\"},\"potentialAction\":[{\"@type\":\"SearchAction\",\"target\":{\"@type\":\"EntryPoint\",\"urlTemplate\":\"https:\\\/\\\/www.anovapeneira.gal\\\/?s={search_term_string}\"},\"query-input\":{\"@type\":\"PropertyValueSpecification\",\"valueRequired\":true,\"valueName\":\"search_term_string\"}}],\"inLanguage\":\"gl-ES\"},{\"@type\":\"Organization\",\"@id\":\"https:\\\/\\\/www.anovapeneira.gal\\\/#organization\",\"name\":\"A Nova Peneira\",\"url\":\"https:\\\/\\\/www.anovapeneira.gal\\\/\",\"logo\":{\"@type\":\"ImageObject\",\"inLanguage\":\"gl-ES\",\"@id\":\"https:\\\/\\\/www.anovapeneira.gal\\\/#\\\/schema\\\/logo\\\/image\\\/\",\"url\":\"http:\\\/\\\/www.anovapeneira.gal\\\/wp-content\\\/uploads\\\/2019\\\/06\\\/logo_a_nova_peneira_portal_web.png\",\"contentUrl\":\"http:\\\/\\\/www.anovapeneira.gal\\\/wp-content\\\/uploads\\\/2019\\\/06\\\/logo_a_nova_peneira_portal_web.png\",\"width\":300,\"height\":100,\"caption\":\"A Nova Peneira\"},\"image\":{\"@id\":\"https:\\\/\\\/www.anovapeneira.gal\\\/#\\\/schema\\\/logo\\\/image\\\/\"},\"sameAs\":[\"https:\\\/\\\/www.facebook.com\\\/anovapeneira\",\"https:\\\/\\\/x.com\\\/APeneira\"]},{\"@type\":\"Person\",\"@id\":\"https:\\\/\\\/www.anovapeneira.gal\\\/#\\\/schema\\\/person\\\/f18a4feb302e8f20bcef4490b5b60bb3\",\"name\":\"Artigos Opini\u00f3n\",\"image\":{\"@type\":\"ImageObject\",\"inLanguage\":\"gl-ES\",\"@id\":\"https:\\\/\\\/secure.gravatar.com\\\/avatar\\\/072844300f4881150aee2da4278f7a65d16eefdf8262eb67085f1e702de2b959?s=96&d=mm&r=g\",\"url\":\"https:\\\/\\\/secure.gravatar.com\\\/avatar\\\/072844300f4881150aee2da4278f7a65d16eefdf8262eb67085f1e702de2b959?s=96&d=mm&r=g\",\"contentUrl\":\"https:\\\/\\\/secure.gravatar.com\\\/avatar\\\/072844300f4881150aee2da4278f7a65d16eefdf8262eb67085f1e702de2b959?s=96&d=mm&r=g\",\"caption\":\"Artigos Opini\u00f3n\"},\"sameAs\":[\"http:\\\/\\\/anovapeneira.gal\"],\"url\":\"https:\\\/\\\/www.anovapeneira.gal\\\/index.php\\\/author\\\/artigosopinion\\\/\"}]}<\/script>\n<!-- \/ Yoast SEO plugin. -->","yoast_head_json":{"title":"Fraga si, Bildu non -","description":"Un dos exercicios fundamentais dentro da filosof\u00eda \u00e9 a reflexi\u00f3n, isto implica analizarsosegadamente a realidade para sacar conclusi\u00f3ns. Por iso non \u00e9 de estra\u00f1ar que o mundo da malapol\u00edtica e os malos medios de comunicaci\u00f3n traten de comunicar de forma apresurada e cambiandoconstantemente de tema para precisamente evitar a reflexi\u00f3n e en definitiva que pensemos","robots":{"index":"index","follow":"follow","max-snippet":"max-snippet:-1","max-image-preview":"max-image-preview:large","max-video-preview":"max-video-preview:-1"},"canonical":"https:\/\/www.anovapeneira.gal\/index.php\/2021\/01\/05\/fraga-si-bildu-non\/","og_locale":"gl_ES","og_type":"article","og_title":"Fraga si, Bildu non -","og_description":"Un dos exercicios fundamentais dentro da filosof\u00eda \u00e9 a reflexi\u00f3n, isto implica analizarsosegadamente a realidade para sacar conclusi\u00f3ns. Por iso non \u00e9 de estra\u00f1ar que o mundo da malapol\u00edtica e os malos medios de comunicaci\u00f3n traten de comunicar de forma apresurada e cambiandoconstantemente de tema para precisamente evitar a reflexi\u00f3n e en definitiva que pensemos","og_url":"https:\/\/www.anovapeneira.gal\/index.php\/2021\/01\/05\/fraga-si-bildu-non\/","article_publisher":"https:\/\/www.facebook.com\/anovapeneira","article_published_time":"2021-01-05T09:00:13+00:00","og_image":[{"width":720,"height":432,"url":"https:\/\/www.anovapeneira.gal\/wp-content\/uploads\/2020\/12\/Gustavo_Barcia_BNG_Mos_2020.jpg","type":"image\/jpeg"}],"author":"Artigos Opini\u00f3n","twitter_card":"summary_large_image","twitter_creator":"@APeneira","twitter_site":"@APeneira","twitter_misc":{"Escrito por":"Artigos Opini\u00f3n","Tempo de lectura":"3 minutos"},"schema":{"@context":"https:\/\/schema.org","@graph":[{"@type":"Article","@id":"https:\/\/www.anovapeneira.gal\/index.php\/2021\/01\/05\/fraga-si-bildu-non\/#article","isPartOf":{"@id":"https:\/\/www.anovapeneira.gal\/index.php\/2021\/01\/05\/fraga-si-bildu-non\/"},"author":{"name":"Artigos Opini\u00f3n","@id":"https:\/\/www.anovapeneira.gal\/#\/schema\/person\/f18a4feb302e8f20bcef4490b5b60bb3"},"headline":"Fraga si, Bildu non","datePublished":"2021-01-05T09:00:13+00:00","mainEntityOfPage":{"@id":"https:\/\/www.anovapeneira.gal\/index.php\/2021\/01\/05\/fraga-si-bildu-non\/"},"wordCount":596,"commentCount":0,"publisher":{"@id":"https:\/\/www.anovapeneira.gal\/#organization"},"image":{"@id":"https:\/\/www.anovapeneira.gal\/index.php\/2021\/01\/05\/fraga-si-bildu-non\/#primaryimage"},"thumbnailUrl":"https:\/\/www.anovapeneira.gal\/wp-content\/uploads\/2020\/12\/Gustavo_Barcia_BNG_Mos_2020.jpg","articleSection":["Artigos de opini\u00f3n"],"inLanguage":"gl-ES","potentialAction":[{"@type":"CommentAction","name":"Comment","target":["https:\/\/www.anovapeneira.gal\/index.php\/2021\/01\/05\/fraga-si-bildu-non\/#respond"]}]},{"@type":"WebPage","@id":"https:\/\/www.anovapeneira.gal\/index.php\/2021\/01\/05\/fraga-si-bildu-non\/","url":"https:\/\/www.anovapeneira.gal\/index.php\/2021\/01\/05\/fraga-si-bildu-non\/","name":"Fraga si, Bildu non -","isPartOf":{"@id":"https:\/\/www.anovapeneira.gal\/#website"},"primaryImageOfPage":{"@id":"https:\/\/www.anovapeneira.gal\/index.php\/2021\/01\/05\/fraga-si-bildu-non\/#primaryimage"},"image":{"@id":"https:\/\/www.anovapeneira.gal\/index.php\/2021\/01\/05\/fraga-si-bildu-non\/#primaryimage"},"thumbnailUrl":"https:\/\/www.anovapeneira.gal\/wp-content\/uploads\/2020\/12\/Gustavo_Barcia_BNG_Mos_2020.jpg","datePublished":"2021-01-05T09:00:13+00:00","description":"Un dos exercicios fundamentais dentro da filosof\u00eda \u00e9 a reflexi\u00f3n, isto implica analizarsosegadamente a realidade para sacar conclusi\u00f3ns. Por iso non \u00e9 de estra\u00f1ar que o mundo da malapol\u00edtica e os malos medios de comunicaci\u00f3n traten de comunicar de forma apresurada e cambiandoconstantemente de tema para precisamente evitar a reflexi\u00f3n e en definitiva que pensemos","breadcrumb":{"@id":"https:\/\/www.anovapeneira.gal\/index.php\/2021\/01\/05\/fraga-si-bildu-non\/#breadcrumb"},"inLanguage":"gl-ES","potentialAction":[{"@type":"ReadAction","target":["https:\/\/www.anovapeneira.gal\/index.php\/2021\/01\/05\/fraga-si-bildu-non\/"]}]},{"@type":"ImageObject","inLanguage":"gl-ES","@id":"https:\/\/www.anovapeneira.gal\/index.php\/2021\/01\/05\/fraga-si-bildu-non\/#primaryimage","url":"https:\/\/www.anovapeneira.gal\/wp-content\/uploads\/2020\/12\/Gustavo_Barcia_BNG_Mos_2020.jpg","contentUrl":"https:\/\/www.anovapeneira.gal\/wp-content\/uploads\/2020\/12\/Gustavo_Barcia_BNG_Mos_2020.jpg","width":720,"height":432,"caption":"Gustavo Barcia BNG Mos"},{"@type":"BreadcrumbList","@id":"https:\/\/www.anovapeneira.gal\/index.php\/2021\/01\/05\/fraga-si-bildu-non\/#breadcrumb","itemListElement":[{"@type":"ListItem","position":1,"name":"Portada","item":"https:\/\/www.anovapeneira.gal\/"},{"@type":"ListItem","position":2,"name":"Fraga si, Bildu non"}]},{"@type":"WebSite","@id":"https:\/\/www.anovapeneira.gal\/#website","url":"https:\/\/www.anovapeneira.gal\/","name":"","description":"Xornal galego de informaci\u00f3n xeral Publicaci\u00f3n mensual de novas de Galicia e en especial dos Concellos da sur da provincia de Pontevedra.","publisher":{"@id":"https:\/\/www.anovapeneira.gal\/#organization"},"potentialAction":[{"@type":"SearchAction","target":{"@type":"EntryPoint","urlTemplate":"https:\/\/www.anovapeneira.gal\/?s={search_term_string}"},"query-input":{"@type":"PropertyValueSpecification","valueRequired":true,"valueName":"search_term_string"}}],"inLanguage":"gl-ES"},{"@type":"Organization","@id":"https:\/\/www.anovapeneira.gal\/#organization","name":"A Nova Peneira","url":"https:\/\/www.anovapeneira.gal\/","logo":{"@type":"ImageObject","inLanguage":"gl-ES","@id":"https:\/\/www.anovapeneira.gal\/#\/schema\/logo\/image\/","url":"http:\/\/www.anovapeneira.gal\/wp-content\/uploads\/2019\/06\/logo_a_nova_peneira_portal_web.png","contentUrl":"http:\/\/www.anovapeneira.gal\/wp-content\/uploads\/2019\/06\/logo_a_nova_peneira_portal_web.png","width":300,"height":100,"caption":"A Nova Peneira"},"image":{"@id":"https:\/\/www.anovapeneira.gal\/#\/schema\/logo\/image\/"},"sameAs":["https:\/\/www.facebook.com\/anovapeneira","https:\/\/x.com\/APeneira"]},{"@type":"Person","@id":"https:\/\/www.anovapeneira.gal\/#\/schema\/person\/f18a4feb302e8f20bcef4490b5b60bb3","name":"Artigos Opini\u00f3n","image":{"@type":"ImageObject","inLanguage":"gl-ES","@id":"https:\/\/secure.gravatar.com\/avatar\/072844300f4881150aee2da4278f7a65d16eefdf8262eb67085f1e702de2b959?s=96&d=mm&r=g","url":"https:\/\/secure.gravatar.com\/avatar\/072844300f4881150aee2da4278f7a65d16eefdf8262eb67085f1e702de2b959?s=96&d=mm&r=g","contentUrl":"https:\/\/secure.gravatar.com\/avatar\/072844300f4881150aee2da4278f7a65d16eefdf8262eb67085f1e702de2b959?s=96&d=mm&r=g","caption":"Artigos Opini\u00f3n"},"sameAs":["http:\/\/anovapeneira.gal"],"url":"https:\/\/www.anovapeneira.gal\/index.php\/author\/artigosopinion\/"}]}},"jetpack_featured_media_url":"https:\/\/www.anovapeneira.gal\/wp-content\/uploads\/2020\/12\/Gustavo_Barcia_BNG_Mos_2020.jpg","_links":{"self":[{"href":"https:\/\/www.anovapeneira.gal\/index.php\/wp-json\/wp\/v2\/posts\/4604","targetHints":{"allow":["GET"]}}],"collection":[{"href":"https:\/\/www.anovapeneira.gal\/index.php\/wp-json\/wp\/v2\/posts"}],"about":[{"href":"https:\/\/www.anovapeneira.gal\/index.php\/wp-json\/wp\/v2\/types\/post"}],"author":[{"embeddable":true,"href":"https:\/\/www.anovapeneira.gal\/index.php\/wp-json\/wp\/v2\/users\/12"}],"replies":[{"embeddable":true,"href":"https:\/\/www.anovapeneira.gal\/index.php\/wp-json\/wp\/v2\/comments?post=4604"}],"version-history":[{"count":2,"href":"https:\/\/www.anovapeneira.gal\/index.php\/wp-json\/wp\/v2\/posts\/4604\/revisions"}],"predecessor-version":[{"id":4607,"href":"https:\/\/www.anovapeneira.gal\/index.php\/wp-json\/wp\/v2\/posts\/4604\/revisions\/4607"}],"wp:featuredmedia":[{"embeddable":true,"href":"https:\/\/www.anovapeneira.gal\/index.php\/wp-json\/wp\/v2\/media\/4602"}],"wp:attachment":[{"href":"https:\/\/www.anovapeneira.gal\/index.php\/wp-json\/wp\/v2\/media?parent=4604"}],"wp:term":[{"taxonomy":"category","embeddable":true,"href":"https:\/\/www.anovapeneira.gal\/index.php\/wp-json\/wp\/v2\/categories?post=4604"},{"taxonomy":"post_tag","embeddable":true,"href":"https:\/\/www.anovapeneira.gal\/index.php\/wp-json\/wp\/v2\/tags?post=4604"}],"curies":[{"name":"wp","href":"https:\/\/api.w.org\/{rel}","templated":true}]}}