{"id":4611,"date":"2021-01-06T10:00:04","date_gmt":"2021-01-06T09:00:04","guid":{"rendered":"http:\/\/www.anovapeneira.gal\/?p=4611"},"modified":"2021-01-03T20:54:22","modified_gmt":"2021-01-03T19:54:22","slug":"bng-reclama-ao-goberno-que-defenda-os-intereses-da-frota-pesqueira-galega-en-europa-e-evitar-un-novo-recorte-nas-cotas","status":"publish","type":"post","link":"https:\/\/www.anovapeneira.gal\/index.php\/2021\/01\/06\/bng-reclama-ao-goberno-que-defenda-os-intereses-da-frota-pesqueira-galega-en-europa-e-evitar-un-novo-recorte-nas-cotas\/","title":{"rendered":"BNG reclama ao Goberno que defenda os intereses da frota pesqueira galega en Europa e evitar un novo recorte nas cotas"},"content":{"rendered":"\n<h2 class=\"wp-block-heading\">N\u00e9stor Rego considera que debe aproveitarse a sa\u00edda do Reino Unido para abordar o debate sobre o reparto de cotas pesqueiras e fixar criterios que non discriminen a Galiza reformando o principio de estabilidade relativa, as\u00ed como tam\u00e9n outorgarlle a protecci\u00f3n de Zona Altamente Dependente da Pesca.<\/h2>\n\n\n\n<p><strong>Madrid, 1 de xaneiro de 2021<\/strong><\/p>\n\n\n\n<p>O portavoz do Bloque Nacionalista Galego no Congreso, N\u00e9stor Rego, lamenta que o Goberno espa\u00f1ol m\u00e1is unha vez ignorara os intereses da Galiza e dera o visto bo ao Acordo que supor\u00e1 unha nova reduci\u00f3n das cotas de pesca para a frota galega que por\u00e1 en risco o futuro desta importante actividade produtiva e sector b\u00e1sico da econom\u00eda galega. <\/p>\n\n\n\n<p>Un dos principais temas de debate nas negociaci\u00f3ns do Brexit foi as cotas de pesca para a frota dos pa\u00edses comunitarios en augas territoriais do Reino Unido despois da s\u00faa separaci\u00f3n da Uni\u00f3n Europea. N\u00e9stor Rego destacou que o acordo aprobado o pasado d\u00eda 24 de decembro permite unha reduci\u00f3n de 25% das cotas de pesca nos caladoiros brit\u00e1nicos e esta nova rebaixa supor\u00e1 un novo golpe para o sector pesqueiro de Galiza, que volve acumular restrici\u00f3ns \u00e1 s\u00faa capacidade produtiva que deron comezo desde o momento en que o Estado espa\u00f1ol entrou na Uni\u00f3n&#8221;.<\/p>\n\n\n\n<p>O BNG considera que o Brexit \u00e9 a oportunidade perfecta para avaliar e reformar os criterios de reparto de cotas pesqueiras na Uni\u00f3n, e concretamente \u00e9 necesario abordar a revisi\u00f3n do principio de estabilidade relativa que non permite un reparto equitativo e axustado \u00e1s capacidades produtivas de cada pa\u00eds e que supuxo desde o momento da entrada do Estado Espa\u00f1ol na Uni\u00f3n Europea a asignaci\u00f3n de cotas insuficientes para a frota galega e en consecuencia a paulatina reduci\u00f3n da propia frota pesqueira da Galiza.<\/p>\n\n\n\n<p>Ademais, a formaci\u00f3n nacionalista demanda que se reco\u00f1eza a Galiza o car\u00e1cter de Zona Altamente Dependente da Pesca, o que supor\u00eda unha maior protecci\u00f3n do sector evitando o seu afogamento, pois permitir\u00eda melloras no acceso a cotas e no financiamento da actividade produtiva. Esta categor\u00eda sup\u00f3n considerar a Galiza como unha poboaci\u00f3n onde a contribuci\u00f3n do sector pesqueiro para a actividade da zona \u00e9 tal que as dificultades deste sector dan lugar a reduci\u00f3ns de actividade e perdas de emprego que deterioran seriamente o tecido socioecon\u00f3mico, condici\u00f3ns que claramente se dan no caso de Galiza, como distintos estudos puxeron de manifesto.<\/p>\n\n\n\n<p>En todo caso, o BNG considera que a actuaci\u00f3n do Goberno espa\u00f1ol demostra novamente que para defender adecuadamente os intereses de Galiza e que non se utilicen como moeda de cambio \u00e9 necesario asegurar a capacidade de decisi\u00f3n da Galiza, e que poda encargarse das negociaci\u00f3ns pesqueiras que se desenvolven a nivel internacional, polo gran peso que sup\u00f3n na s\u00faa econom\u00eda. Galiza debe ter voz propia, e por iso Rego reclama capacidade para Galiza para negociar directamente as cuesti\u00f3ns de especial relevancia para a s\u00faa econom\u00eda, como \u00e9 o caso dos acordos en materia de pesca, para evitar as\u00ed que estas se volvan a considerar prescind\u00edbeis en aras de intereses pol\u00edticos ou econ\u00f3micos alleos.<\/p>\n\n\n\n<p>&#8220;O sector pesqueiro \u00e9 fundamental na econom\u00eda da Galiza e debe protexerse para asegurar o seu desenvolvemento futuro, sendo para iso necesario de forma urxente revisar os \u00edndices que serven de base para a fixaci\u00f3n dos topes de capturas, dar a Galiza a protecci\u00f3n adecuada como zona altamente dependente da pesca e asegurar que te\u00f1a voz propia e voto nas negociaci\u00f3ns en materia de pesca&#8221; subli\u00f1ou Rego.<\/p>\n","protected":false},"excerpt":{"rendered":"<div class=\"mh-excerpt\"><p>O portavoz do Bloque Nacionalista Galego no Congreso, N\u00e9stor Rego, lamenta que o Goberno espa\u00f1ol m\u00e1is unha vez ignorara os intereses da Galiza e dera o visto bo ao Acordo que supor\u00e1 unha nova reduci\u00f3n das cotas de pesca para a frota galega que por\u00e1 en risco o futuro desta importante actividade produtiva e sector b\u00e1sico da econom\u00eda galega <a class=\"mh-excerpt-more\" href=\"https:\/\/www.anovapeneira.gal\/index.php\/2021\/01\/06\/bng-reclama-ao-goberno-que-defenda-os-intereses-da-frota-pesqueira-galega-en-europa-e-evitar-un-novo-recorte-nas-cotas\/\" title=\"BNG reclama ao Goberno que defenda os intereses da frota pesqueira galega en Europa e evitar un novo recorte nas cotas\">[&#8230;]<\/a><\/p>\n<\/div>","protected":false},"author":3,"featured_media":2728,"comment_status":"open","ping_status":"open","sticky":false,"template":"","format":"standard","meta":{"_exactmetrics_skip_tracking":false,"_exactmetrics_sitenote_active":false,"_exactmetrics_sitenote_note":"","_exactmetrics_sitenote_category":0,"footnotes":""},"categories":[263],"tags":[],"class_list":{"0":"post-4611","1":"post","2":"type-post","3":"status-publish","4":"format-standard","5":"has-post-thumbnail","7":"category-novas"},"yoast_head":"<!-- This site is optimized with the Yoast SEO plugin v27.4 - https:\/\/yoast.com\/product\/yoast-seo-wordpress\/ -->\n<title>BNG reclama ao Goberno que defenda os intereses da frota pesqueira galega en Europa e evitar un novo recorte nas cotas -<\/title>\n<meta name=\"description\" content=\"O portavoz do Bloque Nacionalista Galego no Congreso, N\u00e9stor Rego, lamenta que o Goberno espa\u00f1ol m\u00e1is unha vez ignorara os intereses da Galiza e dera o visto bo ao Acordo que supor\u00e1 unha nova reduci\u00f3n das cotas de pesca para a frota galega que por\u00e1 en risco o futuro desta importante actividade produtiva e sector b\u00e1sico da econom\u00eda galega.\" \/>\n<meta name=\"robots\" content=\"index, follow, max-snippet:-1, max-image-preview:large, max-video-preview:-1\" \/>\n<link rel=\"canonical\" href=\"https:\/\/www.anovapeneira.gal\/index.php\/2021\/01\/06\/bng-reclama-ao-goberno-que-defenda-os-intereses-da-frota-pesqueira-galega-en-europa-e-evitar-un-novo-recorte-nas-cotas\/\" \/>\n<meta property=\"og:locale\" content=\"gl_ES\" \/>\n<meta property=\"og:type\" content=\"article\" \/>\n<meta property=\"og:title\" content=\"BNG reclama ao Goberno que defenda os intereses da frota pesqueira galega en Europa e evitar un novo recorte nas cotas -\" \/>\n<meta property=\"og:description\" content=\"O portavoz do Bloque Nacionalista Galego no Congreso, N\u00e9stor Rego, lamenta que o Goberno espa\u00f1ol m\u00e1is unha vez ignorara os intereses da Galiza e dera o visto bo ao Acordo que supor\u00e1 unha nova reduci\u00f3n das cotas de pesca para a frota galega que por\u00e1 en risco o futuro desta importante actividade produtiva e sector b\u00e1sico da econom\u00eda galega.\" \/>\n<meta property=\"og:url\" content=\"https:\/\/www.anovapeneira.gal\/index.php\/2021\/01\/06\/bng-reclama-ao-goberno-que-defenda-os-intereses-da-frota-pesqueira-galega-en-europa-e-evitar-un-novo-recorte-nas-cotas\/\" \/>\n<meta property=\"article:publisher\" content=\"https:\/\/www.facebook.com\/anovapeneira\" \/>\n<meta property=\"article:published_time\" content=\"2021-01-06T09:00:04+00:00\" \/>\n<meta property=\"og:image\" content=\"https:\/\/www.anovapeneira.gal\/wp-content\/uploads\/2020\/03\/Nestor_Rego_congreso.jpg\" \/>\n\t<meta property=\"og:image:width\" content=\"720\" \/>\n\t<meta property=\"og:image:height\" content=\"432\" \/>\n\t<meta property=\"og:image:type\" content=\"image\/jpeg\" \/>\n<meta name=\"author\" content=\"Redacci\u00f3n A Nova Peneira\" \/>\n<meta name=\"twitter:card\" content=\"summary_large_image\" \/>\n<meta name=\"twitter:creator\" content=\"@APeneira\" \/>\n<meta name=\"twitter:site\" content=\"@APeneira\" \/>\n<meta name=\"twitter:label1\" content=\"Escrito por\" \/>\n\t<meta name=\"twitter:data1\" content=\"Redacci\u00f3n A Nova Peneira\" \/>\n\t<meta name=\"twitter:label2\" content=\"Tempo de lectura\" \/>\n\t<meta name=\"twitter:data2\" content=\"3 minutos\" \/>\n<script type=\"application\/ld+json\" class=\"yoast-schema-graph\">{\"@context\":\"https:\\\/\\\/schema.org\",\"@graph\":[{\"@type\":\"Article\",\"@id\":\"https:\\\/\\\/www.anovapeneira.gal\\\/index.php\\\/2021\\\/01\\\/06\\\/bng-reclama-ao-goberno-que-defenda-os-intereses-da-frota-pesqueira-galega-en-europa-e-evitar-un-novo-recorte-nas-cotas\\\/#article\",\"isPartOf\":{\"@id\":\"https:\\\/\\\/www.anovapeneira.gal\\\/index.php\\\/2021\\\/01\\\/06\\\/bng-reclama-ao-goberno-que-defenda-os-intereses-da-frota-pesqueira-galega-en-europa-e-evitar-un-novo-recorte-nas-cotas\\\/\"},\"author\":{\"name\":\"Redacci\u00f3n A Nova Peneira\",\"@id\":\"https:\\\/\\\/www.anovapeneira.gal\\\/#\\\/schema\\\/person\\\/b93e3f8932e3f8da96334607eb6ac6aa\"},\"headline\":\"BNG reclama ao Goberno que defenda os intereses da frota pesqueira galega en Europa e evitar un novo recorte nas cotas\",\"datePublished\":\"2021-01-06T09:00:04+00:00\",\"mainEntityOfPage\":{\"@id\":\"https:\\\/\\\/www.anovapeneira.gal\\\/index.php\\\/2021\\\/01\\\/06\\\/bng-reclama-ao-goberno-que-defenda-os-intereses-da-frota-pesqueira-galega-en-europa-e-evitar-un-novo-recorte-nas-cotas\\\/\"},\"wordCount\":645,\"commentCount\":0,\"publisher\":{\"@id\":\"https:\\\/\\\/www.anovapeneira.gal\\\/#organization\"},\"image\":{\"@id\":\"https:\\\/\\\/www.anovapeneira.gal\\\/index.php\\\/2021\\\/01\\\/06\\\/bng-reclama-ao-goberno-que-defenda-os-intereses-da-frota-pesqueira-galega-en-europa-e-evitar-un-novo-recorte-nas-cotas\\\/#primaryimage\"},\"thumbnailUrl\":\"https:\\\/\\\/www.anovapeneira.gal\\\/wp-content\\\/uploads\\\/2020\\\/03\\\/Nestor_Rego_congreso.jpg\",\"articleSection\":[\"Novas\"],\"inLanguage\":\"gl-ES\",\"potentialAction\":[{\"@type\":\"CommentAction\",\"name\":\"Comment\",\"target\":[\"https:\\\/\\\/www.anovapeneira.gal\\\/index.php\\\/2021\\\/01\\\/06\\\/bng-reclama-ao-goberno-que-defenda-os-intereses-da-frota-pesqueira-galega-en-europa-e-evitar-un-novo-recorte-nas-cotas\\\/#respond\"]}]},{\"@type\":\"WebPage\",\"@id\":\"https:\\\/\\\/www.anovapeneira.gal\\\/index.php\\\/2021\\\/01\\\/06\\\/bng-reclama-ao-goberno-que-defenda-os-intereses-da-frota-pesqueira-galega-en-europa-e-evitar-un-novo-recorte-nas-cotas\\\/\",\"url\":\"https:\\\/\\\/www.anovapeneira.gal\\\/index.php\\\/2021\\\/01\\\/06\\\/bng-reclama-ao-goberno-que-defenda-os-intereses-da-frota-pesqueira-galega-en-europa-e-evitar-un-novo-recorte-nas-cotas\\\/\",\"name\":\"BNG reclama ao Goberno que defenda os intereses da frota pesqueira galega en Europa e evitar un novo recorte nas cotas -\",\"isPartOf\":{\"@id\":\"https:\\\/\\\/www.anovapeneira.gal\\\/#website\"},\"primaryImageOfPage\":{\"@id\":\"https:\\\/\\\/www.anovapeneira.gal\\\/index.php\\\/2021\\\/01\\\/06\\\/bng-reclama-ao-goberno-que-defenda-os-intereses-da-frota-pesqueira-galega-en-europa-e-evitar-un-novo-recorte-nas-cotas\\\/#primaryimage\"},\"image\":{\"@id\":\"https:\\\/\\\/www.anovapeneira.gal\\\/index.php\\\/2021\\\/01\\\/06\\\/bng-reclama-ao-goberno-que-defenda-os-intereses-da-frota-pesqueira-galega-en-europa-e-evitar-un-novo-recorte-nas-cotas\\\/#primaryimage\"},\"thumbnailUrl\":\"https:\\\/\\\/www.anovapeneira.gal\\\/wp-content\\\/uploads\\\/2020\\\/03\\\/Nestor_Rego_congreso.jpg\",\"datePublished\":\"2021-01-06T09:00:04+00:00\",\"description\":\"O portavoz do Bloque Nacionalista Galego no Congreso, N\u00e9stor Rego, lamenta que o Goberno espa\u00f1ol m\u00e1is unha vez ignorara os intereses da Galiza e dera o visto bo ao Acordo que supor\u00e1 unha nova reduci\u00f3n das cotas de pesca para a frota galega que por\u00e1 en risco o futuro desta importante actividade produtiva e sector b\u00e1sico da econom\u00eda galega.\",\"breadcrumb\":{\"@id\":\"https:\\\/\\\/www.anovapeneira.gal\\\/index.php\\\/2021\\\/01\\\/06\\\/bng-reclama-ao-goberno-que-defenda-os-intereses-da-frota-pesqueira-galega-en-europa-e-evitar-un-novo-recorte-nas-cotas\\\/#breadcrumb\"},\"inLanguage\":\"gl-ES\",\"potentialAction\":[{\"@type\":\"ReadAction\",\"target\":[\"https:\\\/\\\/www.anovapeneira.gal\\\/index.php\\\/2021\\\/01\\\/06\\\/bng-reclama-ao-goberno-que-defenda-os-intereses-da-frota-pesqueira-galega-en-europa-e-evitar-un-novo-recorte-nas-cotas\\\/\"]}]},{\"@type\":\"ImageObject\",\"inLanguage\":\"gl-ES\",\"@id\":\"https:\\\/\\\/www.anovapeneira.gal\\\/index.php\\\/2021\\\/01\\\/06\\\/bng-reclama-ao-goberno-que-defenda-os-intereses-da-frota-pesqueira-galega-en-europa-e-evitar-un-novo-recorte-nas-cotas\\\/#primaryimage\",\"url\":\"https:\\\/\\\/www.anovapeneira.gal\\\/wp-content\\\/uploads\\\/2020\\\/03\\\/Nestor_Rego_congreso.jpg\",\"contentUrl\":\"https:\\\/\\\/www.anovapeneira.gal\\\/wp-content\\\/uploads\\\/2020\\\/03\\\/Nestor_Rego_congreso.jpg\",\"width\":720,\"height\":432,\"caption\":\"N\u00e9stor Rego A Nova Peneira\"},{\"@type\":\"BreadcrumbList\",\"@id\":\"https:\\\/\\\/www.anovapeneira.gal\\\/index.php\\\/2021\\\/01\\\/06\\\/bng-reclama-ao-goberno-que-defenda-os-intereses-da-frota-pesqueira-galega-en-europa-e-evitar-un-novo-recorte-nas-cotas\\\/#breadcrumb\",\"itemListElement\":[{\"@type\":\"ListItem\",\"position\":1,\"name\":\"Portada\",\"item\":\"https:\\\/\\\/www.anovapeneira.gal\\\/\"},{\"@type\":\"ListItem\",\"position\":2,\"name\":\"BNG reclama ao Goberno que defenda os intereses da frota pesqueira galega en Europa e evitar un novo recorte nas cotas\"}]},{\"@type\":\"WebSite\",\"@id\":\"https:\\\/\\\/www.anovapeneira.gal\\\/#website\",\"url\":\"https:\\\/\\\/www.anovapeneira.gal\\\/\",\"name\":\"\",\"description\":\"Xornal galego de informaci\u00f3n xeral Publicaci\u00f3n mensual de novas de Galicia e en especial dos Concellos da sur da provincia de Pontevedra.\",\"publisher\":{\"@id\":\"https:\\\/\\\/www.anovapeneira.gal\\\/#organization\"},\"potentialAction\":[{\"@type\":\"SearchAction\",\"target\":{\"@type\":\"EntryPoint\",\"urlTemplate\":\"https:\\\/\\\/www.anovapeneira.gal\\\/?s={search_term_string}\"},\"query-input\":{\"@type\":\"PropertyValueSpecification\",\"valueRequired\":true,\"valueName\":\"search_term_string\"}}],\"inLanguage\":\"gl-ES\"},{\"@type\":\"Organization\",\"@id\":\"https:\\\/\\\/www.anovapeneira.gal\\\/#organization\",\"name\":\"A Nova Peneira\",\"url\":\"https:\\\/\\\/www.anovapeneira.gal\\\/\",\"logo\":{\"@type\":\"ImageObject\",\"inLanguage\":\"gl-ES\",\"@id\":\"https:\\\/\\\/www.anovapeneira.gal\\\/#\\\/schema\\\/logo\\\/image\\\/\",\"url\":\"http:\\\/\\\/www.anovapeneira.gal\\\/wp-content\\\/uploads\\\/2019\\\/06\\\/logo_a_nova_peneira_portal_web.png\",\"contentUrl\":\"http:\\\/\\\/www.anovapeneira.gal\\\/wp-content\\\/uploads\\\/2019\\\/06\\\/logo_a_nova_peneira_portal_web.png\",\"width\":300,\"height\":100,\"caption\":\"A Nova Peneira\"},\"image\":{\"@id\":\"https:\\\/\\\/www.anovapeneira.gal\\\/#\\\/schema\\\/logo\\\/image\\\/\"},\"sameAs\":[\"https:\\\/\\\/www.facebook.com\\\/anovapeneira\",\"https:\\\/\\\/x.com\\\/APeneira\"]},{\"@type\":\"Person\",\"@id\":\"https:\\\/\\\/www.anovapeneira.gal\\\/#\\\/schema\\\/person\\\/b93e3f8932e3f8da96334607eb6ac6aa\",\"name\":\"Redacci\u00f3n A Nova Peneira\",\"image\":{\"@type\":\"ImageObject\",\"inLanguage\":\"gl-ES\",\"@id\":\"https:\\\/\\\/secure.gravatar.com\\\/avatar\\\/c052a2551a06e23fac63626232eaa90abd78dbcf1700fc46a2b2c89fd27b735f?s=96&d=mm&r=g\",\"url\":\"https:\\\/\\\/secure.gravatar.com\\\/avatar\\\/c052a2551a06e23fac63626232eaa90abd78dbcf1700fc46a2b2c89fd27b735f?s=96&d=mm&r=g\",\"contentUrl\":\"https:\\\/\\\/secure.gravatar.com\\\/avatar\\\/c052a2551a06e23fac63626232eaa90abd78dbcf1700fc46a2b2c89fd27b735f?s=96&d=mm&r=g\",\"caption\":\"Redacci\u00f3n A Nova Peneira\"},\"sameAs\":[\"http:\\\/\\\/www.anovapeneira.gal\\\/\"],\"url\":\"https:\\\/\\\/www.anovapeneira.gal\\\/index.php\\\/author\\\/redactor\\\/\"}]}<\/script>\n<!-- \/ Yoast SEO plugin. -->","yoast_head_json":{"title":"BNG reclama ao Goberno que defenda os intereses da frota pesqueira galega en Europa e evitar un novo recorte nas cotas -","description":"O portavoz do Bloque Nacionalista Galego no Congreso, N\u00e9stor Rego, lamenta que o Goberno espa\u00f1ol m\u00e1is unha vez ignorara os intereses da Galiza e dera o visto bo ao Acordo que supor\u00e1 unha nova reduci\u00f3n das cotas de pesca para a frota galega que por\u00e1 en risco o futuro desta importante actividade produtiva e sector b\u00e1sico da econom\u00eda galega.","robots":{"index":"index","follow":"follow","max-snippet":"max-snippet:-1","max-image-preview":"max-image-preview:large","max-video-preview":"max-video-preview:-1"},"canonical":"https:\/\/www.anovapeneira.gal\/index.php\/2021\/01\/06\/bng-reclama-ao-goberno-que-defenda-os-intereses-da-frota-pesqueira-galega-en-europa-e-evitar-un-novo-recorte-nas-cotas\/","og_locale":"gl_ES","og_type":"article","og_title":"BNG reclama ao Goberno que defenda os intereses da frota pesqueira galega en Europa e evitar un novo recorte nas cotas -","og_description":"O portavoz do Bloque Nacionalista Galego no Congreso, N\u00e9stor Rego, lamenta que o Goberno espa\u00f1ol m\u00e1is unha vez ignorara os intereses da Galiza e dera o visto bo ao Acordo que supor\u00e1 unha nova reduci\u00f3n das cotas de pesca para a frota galega que por\u00e1 en risco o futuro desta importante actividade produtiva e sector b\u00e1sico da econom\u00eda galega.","og_url":"https:\/\/www.anovapeneira.gal\/index.php\/2021\/01\/06\/bng-reclama-ao-goberno-que-defenda-os-intereses-da-frota-pesqueira-galega-en-europa-e-evitar-un-novo-recorte-nas-cotas\/","article_publisher":"https:\/\/www.facebook.com\/anovapeneira","article_published_time":"2021-01-06T09:00:04+00:00","og_image":[{"width":720,"height":432,"url":"https:\/\/www.anovapeneira.gal\/wp-content\/uploads\/2020\/03\/Nestor_Rego_congreso.jpg","type":"image\/jpeg"}],"author":"Redacci\u00f3n A Nova Peneira","twitter_card":"summary_large_image","twitter_creator":"@APeneira","twitter_site":"@APeneira","twitter_misc":{"Escrito por":"Redacci\u00f3n A Nova Peneira","Tempo de lectura":"3 minutos"},"schema":{"@context":"https:\/\/schema.org","@graph":[{"@type":"Article","@id":"https:\/\/www.anovapeneira.gal\/index.php\/2021\/01\/06\/bng-reclama-ao-goberno-que-defenda-os-intereses-da-frota-pesqueira-galega-en-europa-e-evitar-un-novo-recorte-nas-cotas\/#article","isPartOf":{"@id":"https:\/\/www.anovapeneira.gal\/index.php\/2021\/01\/06\/bng-reclama-ao-goberno-que-defenda-os-intereses-da-frota-pesqueira-galega-en-europa-e-evitar-un-novo-recorte-nas-cotas\/"},"author":{"name":"Redacci\u00f3n A Nova Peneira","@id":"https:\/\/www.anovapeneira.gal\/#\/schema\/person\/b93e3f8932e3f8da96334607eb6ac6aa"},"headline":"BNG reclama ao Goberno que defenda os intereses da frota pesqueira galega en Europa e evitar un novo recorte nas cotas","datePublished":"2021-01-06T09:00:04+00:00","mainEntityOfPage":{"@id":"https:\/\/www.anovapeneira.gal\/index.php\/2021\/01\/06\/bng-reclama-ao-goberno-que-defenda-os-intereses-da-frota-pesqueira-galega-en-europa-e-evitar-un-novo-recorte-nas-cotas\/"},"wordCount":645,"commentCount":0,"publisher":{"@id":"https:\/\/www.anovapeneira.gal\/#organization"},"image":{"@id":"https:\/\/www.anovapeneira.gal\/index.php\/2021\/01\/06\/bng-reclama-ao-goberno-que-defenda-os-intereses-da-frota-pesqueira-galega-en-europa-e-evitar-un-novo-recorte-nas-cotas\/#primaryimage"},"thumbnailUrl":"https:\/\/www.anovapeneira.gal\/wp-content\/uploads\/2020\/03\/Nestor_Rego_congreso.jpg","articleSection":["Novas"],"inLanguage":"gl-ES","potentialAction":[{"@type":"CommentAction","name":"Comment","target":["https:\/\/www.anovapeneira.gal\/index.php\/2021\/01\/06\/bng-reclama-ao-goberno-que-defenda-os-intereses-da-frota-pesqueira-galega-en-europa-e-evitar-un-novo-recorte-nas-cotas\/#respond"]}]},{"@type":"WebPage","@id":"https:\/\/www.anovapeneira.gal\/index.php\/2021\/01\/06\/bng-reclama-ao-goberno-que-defenda-os-intereses-da-frota-pesqueira-galega-en-europa-e-evitar-un-novo-recorte-nas-cotas\/","url":"https:\/\/www.anovapeneira.gal\/index.php\/2021\/01\/06\/bng-reclama-ao-goberno-que-defenda-os-intereses-da-frota-pesqueira-galega-en-europa-e-evitar-un-novo-recorte-nas-cotas\/","name":"BNG reclama ao Goberno que defenda os intereses da frota pesqueira galega en Europa e evitar un novo recorte nas cotas -","isPartOf":{"@id":"https:\/\/www.anovapeneira.gal\/#website"},"primaryImageOfPage":{"@id":"https:\/\/www.anovapeneira.gal\/index.php\/2021\/01\/06\/bng-reclama-ao-goberno-que-defenda-os-intereses-da-frota-pesqueira-galega-en-europa-e-evitar-un-novo-recorte-nas-cotas\/#primaryimage"},"image":{"@id":"https:\/\/www.anovapeneira.gal\/index.php\/2021\/01\/06\/bng-reclama-ao-goberno-que-defenda-os-intereses-da-frota-pesqueira-galega-en-europa-e-evitar-un-novo-recorte-nas-cotas\/#primaryimage"},"thumbnailUrl":"https:\/\/www.anovapeneira.gal\/wp-content\/uploads\/2020\/03\/Nestor_Rego_congreso.jpg","datePublished":"2021-01-06T09:00:04+00:00","description":"O portavoz do Bloque Nacionalista Galego no Congreso, N\u00e9stor Rego, lamenta que o Goberno espa\u00f1ol m\u00e1is unha vez ignorara os intereses da Galiza e dera o visto bo ao Acordo que supor\u00e1 unha nova reduci\u00f3n das cotas de pesca para a frota galega que por\u00e1 en risco o futuro desta importante actividade produtiva e sector b\u00e1sico da econom\u00eda galega.","breadcrumb":{"@id":"https:\/\/www.anovapeneira.gal\/index.php\/2021\/01\/06\/bng-reclama-ao-goberno-que-defenda-os-intereses-da-frota-pesqueira-galega-en-europa-e-evitar-un-novo-recorte-nas-cotas\/#breadcrumb"},"inLanguage":"gl-ES","potentialAction":[{"@type":"ReadAction","target":["https:\/\/www.anovapeneira.gal\/index.php\/2021\/01\/06\/bng-reclama-ao-goberno-que-defenda-os-intereses-da-frota-pesqueira-galega-en-europa-e-evitar-un-novo-recorte-nas-cotas\/"]}]},{"@type":"ImageObject","inLanguage":"gl-ES","@id":"https:\/\/www.anovapeneira.gal\/index.php\/2021\/01\/06\/bng-reclama-ao-goberno-que-defenda-os-intereses-da-frota-pesqueira-galega-en-europa-e-evitar-un-novo-recorte-nas-cotas\/#primaryimage","url":"https:\/\/www.anovapeneira.gal\/wp-content\/uploads\/2020\/03\/Nestor_Rego_congreso.jpg","contentUrl":"https:\/\/www.anovapeneira.gal\/wp-content\/uploads\/2020\/03\/Nestor_Rego_congreso.jpg","width":720,"height":432,"caption":"N\u00e9stor Rego A Nova Peneira"},{"@type":"BreadcrumbList","@id":"https:\/\/www.anovapeneira.gal\/index.php\/2021\/01\/06\/bng-reclama-ao-goberno-que-defenda-os-intereses-da-frota-pesqueira-galega-en-europa-e-evitar-un-novo-recorte-nas-cotas\/#breadcrumb","itemListElement":[{"@type":"ListItem","position":1,"name":"Portada","item":"https:\/\/www.anovapeneira.gal\/"},{"@type":"ListItem","position":2,"name":"BNG reclama ao Goberno que defenda os intereses da frota pesqueira galega en Europa e evitar un novo recorte nas cotas"}]},{"@type":"WebSite","@id":"https:\/\/www.anovapeneira.gal\/#website","url":"https:\/\/www.anovapeneira.gal\/","name":"","description":"Xornal galego de informaci\u00f3n xeral Publicaci\u00f3n mensual de novas de Galicia e en especial dos Concellos da sur da provincia de Pontevedra.","publisher":{"@id":"https:\/\/www.anovapeneira.gal\/#organization"},"potentialAction":[{"@type":"SearchAction","target":{"@type":"EntryPoint","urlTemplate":"https:\/\/www.anovapeneira.gal\/?s={search_term_string}"},"query-input":{"@type":"PropertyValueSpecification","valueRequired":true,"valueName":"search_term_string"}}],"inLanguage":"gl-ES"},{"@type":"Organization","@id":"https:\/\/www.anovapeneira.gal\/#organization","name":"A Nova Peneira","url":"https:\/\/www.anovapeneira.gal\/","logo":{"@type":"ImageObject","inLanguage":"gl-ES","@id":"https:\/\/www.anovapeneira.gal\/#\/schema\/logo\/image\/","url":"http:\/\/www.anovapeneira.gal\/wp-content\/uploads\/2019\/06\/logo_a_nova_peneira_portal_web.png","contentUrl":"http:\/\/www.anovapeneira.gal\/wp-content\/uploads\/2019\/06\/logo_a_nova_peneira_portal_web.png","width":300,"height":100,"caption":"A Nova Peneira"},"image":{"@id":"https:\/\/www.anovapeneira.gal\/#\/schema\/logo\/image\/"},"sameAs":["https:\/\/www.facebook.com\/anovapeneira","https:\/\/x.com\/APeneira"]},{"@type":"Person","@id":"https:\/\/www.anovapeneira.gal\/#\/schema\/person\/b93e3f8932e3f8da96334607eb6ac6aa","name":"Redacci\u00f3n A Nova Peneira","image":{"@type":"ImageObject","inLanguage":"gl-ES","@id":"https:\/\/secure.gravatar.com\/avatar\/c052a2551a06e23fac63626232eaa90abd78dbcf1700fc46a2b2c89fd27b735f?s=96&d=mm&r=g","url":"https:\/\/secure.gravatar.com\/avatar\/c052a2551a06e23fac63626232eaa90abd78dbcf1700fc46a2b2c89fd27b735f?s=96&d=mm&r=g","contentUrl":"https:\/\/secure.gravatar.com\/avatar\/c052a2551a06e23fac63626232eaa90abd78dbcf1700fc46a2b2c89fd27b735f?s=96&d=mm&r=g","caption":"Redacci\u00f3n A Nova Peneira"},"sameAs":["http:\/\/www.anovapeneira.gal\/"],"url":"https:\/\/www.anovapeneira.gal\/index.php\/author\/redactor\/"}]}},"jetpack_featured_media_url":"https:\/\/www.anovapeneira.gal\/wp-content\/uploads\/2020\/03\/Nestor_Rego_congreso.jpg","_links":{"self":[{"href":"https:\/\/www.anovapeneira.gal\/index.php\/wp-json\/wp\/v2\/posts\/4611","targetHints":{"allow":["GET"]}}],"collection":[{"href":"https:\/\/www.anovapeneira.gal\/index.php\/wp-json\/wp\/v2\/posts"}],"about":[{"href":"https:\/\/www.anovapeneira.gal\/index.php\/wp-json\/wp\/v2\/types\/post"}],"author":[{"embeddable":true,"href":"https:\/\/www.anovapeneira.gal\/index.php\/wp-json\/wp\/v2\/users\/3"}],"replies":[{"embeddable":true,"href":"https:\/\/www.anovapeneira.gal\/index.php\/wp-json\/wp\/v2\/comments?post=4611"}],"version-history":[{"count":1,"href":"https:\/\/www.anovapeneira.gal\/index.php\/wp-json\/wp\/v2\/posts\/4611\/revisions"}],"predecessor-version":[{"id":4612,"href":"https:\/\/www.anovapeneira.gal\/index.php\/wp-json\/wp\/v2\/posts\/4611\/revisions\/4612"}],"wp:featuredmedia":[{"embeddable":true,"href":"https:\/\/www.anovapeneira.gal\/index.php\/wp-json\/wp\/v2\/media\/2728"}],"wp:attachment":[{"href":"https:\/\/www.anovapeneira.gal\/index.php\/wp-json\/wp\/v2\/media?parent=4611"}],"wp:term":[{"taxonomy":"category","embeddable":true,"href":"https:\/\/www.anovapeneira.gal\/index.php\/wp-json\/wp\/v2\/categories?post=4611"},{"taxonomy":"post_tag","embeddable":true,"href":"https:\/\/www.anovapeneira.gal\/index.php\/wp-json\/wp\/v2\/tags?post=4611"}],"curies":[{"name":"wp","href":"https:\/\/api.w.org\/{rel}","templated":true}]}}