{"id":4613,"date":"2021-01-06T12:00:24","date_gmt":"2021-01-06T11:00:24","guid":{"rendered":"http:\/\/www.anovapeneira.gal\/?p=4613"},"modified":"2021-01-03T21:04:27","modified_gmt":"2021-01-03T20:04:27","slug":"absoltas-as-12-persoas-procesadas-na-operacion-jaro","status":"publish","type":"post","link":"https:\/\/www.anovapeneira.gal\/index.php\/2021\/01\/06\/absoltas-as-12-persoas-procesadas-na-operacion-jaro\/","title":{"rendered":"Absoltas as 12 persoas procesadas na operaci\u00f3n Jaro"},"content":{"rendered":"\n<p>O ano 2.020 remataba cunha marabillosa nova : a absoluci\u00f3n das 12 persoas, militantes independentistas, procesadas a ra\u00edz das operaci\u00f3ns Jaro 1 e Jaro 2, \u00e1 vez que se esvaec\u00eda a amenaza de ilegalizaci\u00f3n que pesaba sobre as d\u00faas organizaci\u00f3n nas que militan as persoas encausadas :Causa Galiza e Ceivar , e xa que logo poder\u00e1n seguir desenvolvendo a s\u00faa actividade pol\u00edtica con normalidade. Despois de 5 anos de instruci\u00f3n , no caso das persoas afectadas pola Jaro 1, e de 3 anos no caso das persoas afectadas pola Jaro 2, nos que estas persoas tiveron que vivir coa espada de Damocles enriba dos seus pescozos, por fin semella que poden recuperar as s\u00faas vidas, pois unha sentenza que d\u00e1 como probados os feitos sobre os que se sustenta a querela da fiscal\u00eda, pero os despos\u00fae de contido penal, apenas deixa v\u00edas para que prospere un suposto recurso da fiscal\u00eda.N\u00f3s falamos con dous dos avogados que representaron os seus intereses; Guillermo Presa, avogado da organizaci\u00f3n Causa Galiza, e Manuel Chao, avogado de 9 das persoas procesadas.<\/p>\n\n\n\n<p><strong>GUILLERMO PRESA AVOGADO DE CAUSA GALIZA<\/strong><\/p>\n\n\n\n<figure class=\"wp-block-image size-large\"><img loading=\"lazy\" decoding=\"async\" width=\"720\" height=\"432\" src=\"http:\/\/www.anovapeneira.gal\/wp-content\/uploads\/2021\/01\/GUILLERMO-PRESA.jpg\" alt=\"\" class=\"wp-image-4614\" srcset=\"https:\/\/www.anovapeneira.gal\/wp-content\/uploads\/2021\/01\/GUILLERMO-PRESA.jpg 720w, https:\/\/www.anovapeneira.gal\/wp-content\/uploads\/2021\/01\/GUILLERMO-PRESA-300x180.jpg 300w\" sizes=\"auto, (max-width: 720px) 100vw, 720px\" \/><\/figure>\n\n\n\n<p>\u201c <strong>A SATISFACI\u00d3N POR ESTE SENTENZA \u00c9 INMENSA, PENSANDO EN 12 PERSOAS QUE LEVAN TEMPO COA S\u00daA LIBERDADE AMEAZADA\u201d<\/strong><\/p>\n\n\n\n<p><strong>Ti Guillermo, a quen representaches no recente proceso da operaci\u00f3n Jaro?<\/strong><\/p>\n\n\n\n<blockquote class=\"wp-block-quote is-layout-flow wp-block-quote-is-layout-flow\"><p>Eu fun o avogado de Causa Galiza como organizaci\u00f3n<\/p><\/blockquote>\n\n\n\n<p><strong>Fainos unha valoraci\u00f3n da sentenza, tanto desde o punto de vista moral como desde a perspectiva t\u00e9cnica xur\u00eddica?<\/strong><\/p>\n\n\n\n<blockquote class=\"wp-block-quote is-layout-flow wp-block-quote-is-layout-flow\"><p>Desde o punto de vista persoal a satisfacci\u00f3n \u00e9 inmensa, sobre todo pensando nas doce persoas que desde hai tempo v\u00edan ameazada a sua liberdade.<\/p><\/blockquote>\n\n\n\n<blockquote class=\"wp-block-quote is-layout-flow wp-block-quote-is-layout-flow\"><p>No que respecta \u00e1 valoraci\u00f3n xur\u00eddica que me pides, dicirche que a nosa defensa base\u00e1base no exercicio do dereito \u00e1 liberdade de expresi\u00f3n.E que nas expresi\u00f3ns ou actos obxecto de enxuiciamento nunca se rebasaron os l\u00edmites que poder\u00edan considerarse como enaltecemento ou apolox\u00eda de actividades terroristas.E iso \u00e9 o que reco\u00f1ece a sentenza, xa que logo considera a inexistencia de feitos delituosos<\/p><\/blockquote>\n\n\n\n<p><strong>Ti, agardabas unha resoluci\u00f3n absolutoria?<\/strong><\/p>\n\n\n\n<blockquote class=\"wp-block-quote is-layout-flow wp-block-quote-is-layout-flow\"><p>Ben, nunha instrucci\u00f3n destas caracter\u00edsticas e nun tribunal como a Audiencia Nacional, pois non era esperable. O que si \u00e9 certo \u00e9 que a acusaci\u00f3n se baseaba en alicerces moi febles<\/p><\/blockquote>\n\n\n\n<p><strong>Eu carezo de co\u00f1ecementos xur\u00eddicos, pero puiden ver alg\u00fan corte de v\u00eddeo do xu\u00edzo, e algunha actuaci\u00f3n da acusaci\u00f3n, estou lembrando en concreto unha na que a parte acusatoria interroga a unha acusada tratando de atribuir contido penal ao feito de amosar un cartel no que se parabeniza o aniversario a unha persoa, pareceume propia dun esperpento valleinclanesco?<\/strong><\/p>\n\n\n\n<blockquote class=\"wp-block-quote is-layout-flow wp-block-quote-is-layout-flow\"><p>Dentro de toda esta instrucci\u00f3n que abrangue moit\u00edsimo tempo e moit\u00edsimos feitos, hai de todo, tam\u00e9n esa cuesti\u00f3n que mencionas e outras que son aut\u00e9nticamente chuscas .O certo \u00e9 que a acusaci\u00f3n centrouse en d\u00faas actuaci\u00f3n: -a celebraci\u00f3n do d\u00eda da Galiza combatente nos anos 2.014 e 2.015, e -a organizaci\u00f3n de homenaxes a persoas que estiveran presas como consecuencia de delitos supostamente relacionados con actividades terroristas.<\/p><\/blockquote>\n\n\n\n<blockquote class=\"wp-block-quote is-layout-flow wp-block-quote-is-layout-flow\"><p>A sala analiza estes feitos e concl\u00fae que non se rebasaron os l\u00edmites da liberdade de expresi\u00f3n nesas d\u00faas actuaci\u00f3n concretas<\/p><\/blockquote>\n\n\n\n<p><strong>\u00c9 normal que a instrucci\u00f3n dun procedemento deste calibre se extenda tanto tempo, 5 anos, deixando \u00e1s persoas procesadas coa espada de Damocles enriba s\u00faa?<\/strong><\/p>\n\n\n\n<blockquote class=\"wp-block-quote is-layout-flow wp-block-quote-is-layout-flow\"><p>Non, non \u00e9 normal. Pero \u00e9 un mal end\u00e9mico da xustiza espa\u00f1ola, tanto a prolongaci\u00f3n excesiva da fase de instrucci\u00f3n como o abuso da prisi\u00f3n preventiva. Neste caso non houbo prisi\u00f3n preventiva pero si medidas como a prohibici\u00f3n de actividade pol\u00edtica da organizaci\u00f3n que eu representei. Al\u00e9n dun tratamento medi\u00e1tico que claramente demonizou \u00e1s persoas procesadas.<\/p><\/blockquote>\n\n\n\n<p><strong>Prev\u00e9s a posibilidade de que a fiscal\u00eda presente recurso?<\/strong><\/p>\n\n\n\n<blockquote class=\"wp-block-quote is-layout-flow wp-block-quote-is-layout-flow\"><p>A\u00ednda est\u00e1n en prazo. \u00c9 certo que as sentencias absolutorias son dif\u00edciles de modificar por v\u00eda de recurso , pero hai que ser prudentes e agardar a ver o que fan.<\/p><\/blockquote>\n\n\n\n<p><strong>MANUEL CHAO AVOGADO DE 9 DAS PERSOAS PROCESADAS<\/strong><\/p>\n\n\n\n<figure class=\"wp-block-image size-large\"><img loading=\"lazy\" decoding=\"async\" width=\"720\" height=\"432\" src=\"http:\/\/www.anovapeneira.gal\/wp-content\/uploads\/2021\/01\/Manuel-Chao-foto.jpg\" alt=\"\" class=\"wp-image-4615\" srcset=\"https:\/\/www.anovapeneira.gal\/wp-content\/uploads\/2021\/01\/Manuel-Chao-foto.jpg 720w, https:\/\/www.anovapeneira.gal\/wp-content\/uploads\/2021\/01\/Manuel-Chao-foto-300x180.jpg 300w\" sizes=\"auto, (max-width: 720px) 100vw, 720px\" \/><\/figure>\n\n\n\n<p><strong>Acabamos de co\u00f1ecer a absoluci\u00f3n das 12 persoas procesadas na operaci\u00f3n Jaro.Ti a quen representaches?<\/strong><\/p>\n\n\n\n<blockquote class=\"wp-block-quote is-layout-flow wp-block-quote-is-layout-flow\"><p>O noso despacho, representou 9 persoas. En concreto \u00e1s nove de Causa Galiza<\/p><\/blockquote>\n\n\n\n<p><strong>Quero unha valoraci\u00f3n da sentenza, tanto desde o punto de vista moral como desde unha perspectiva t\u00e9cnica e xur\u00eddica?<\/strong><\/p>\n\n\n\n<blockquote class=\"wp-block-quote is-layout-flow wp-block-quote-is-layout-flow\"><p>Pois \u00e9 unha vitoria moral contra un procedemento inxusto, sobre todo pensando nos encausados que tiveron que aturar cinco anos un procedemento moi dif\u00edcil de comprender.No que atinxe \u00e1 valoraci\u00f3n xur\u00eddica que me pides dicirche que \u00e9 unha sentenza moi interesante porque se constr\u00fae en torno aos dereitos fundamentais que n\u00f3s vi\u00f1amos sostendo ao longo do proceso: a liberdade de expresi\u00f3n, a liberdade ideol\u00f3xica e a liberdade de asociaci\u00f3n pol\u00edtica<\/p><\/blockquote>\n\n\n\n<p><strong>Entendo que a t\u00faa avaliaci\u00f3n xur\u00eddica \u00e9 positiva?<\/strong><\/p>\n\n\n\n<blockquote class=\"wp-block-quote is-layout-flow wp-block-quote-is-layout-flow\"><p>Si, \u00e9 moi positiva porque recolleu case todas as nosas teses.<\/p><\/blockquote>\n\n\n\n<p><strong>\u00c9 normal que un proceso xudicial alongue 5 anos a s\u00faa fase de instrucci\u00f3n?<\/strong><\/p>\n\n\n\n<blockquote class=\"wp-block-quote is-layout-flow wp-block-quote-is-layout-flow\"><p>Non .Ademais n\u00f3s ped\u00edamos constantemente o arquivo porque ti\u00f1amos claro que non exist\u00eda ning\u00fan feito delituoso, e este caso en concreto o \u00fanico que se estaba a esperar era un informe da Garda Civil sobre os arquivos inform\u00e1ticos incautados, co que era todav\u00eda m\u00e1is inxusto.A longa duraci\u00f3n da fase de instrucci\u00f3n nin \u00e9 usual nin responde \u00e1 xustiza que se espera nun pa\u00eds da Uni\u00f3n Europea.<\/p><\/blockquote>\n\n\n\n<p><strong>Recordo que no momento da detenci\u00f3n das 9 persoas que ti defend\u00edas, o tratamento medi\u00e1tico, nalg\u00fan dos medios m\u00e1is importantes de Galicia, foi pasar a presunci\u00f3n de inocencia polo forro, e asumir as\u00ed sen m\u00e1is, as teses referentes a que os detidos eran o brazo pol\u00edtico dunha suposta organizaci\u00f3n terrorista.Sabes se as persoas que ti representaches te\u00f1en a intenci\u00f3n de exercer alg\u00fan tipo de acci\u00f3n xudicial contra eses medios para que restit\u00faan o seu honor?<\/strong><\/p>\n\n\n\n<blockquote class=\"wp-block-quote is-layout-flow wp-block-quote-is-layout-flow\"><p>Penso, que si que o est\u00e1n estudando.No que comentas do tratamento medi\u00e1tico non s\u00f3 foi as\u00ed no momento da detenci\u00f3n destas persoas.Resultou moi sorprendente que en pleno xu\u00edzo se seguira sostendo nos medios ese car\u00e1cter acusatorio para unhas persoas \u00e1s que non se lles respectou a s\u00faa presunci\u00f3n de inocencia<\/p><\/blockquote>\n\n\n\n<p><strong>Nalg\u00fans cortes de v\u00eddeo, do proceso xudicial, que tiven a oportunidade de ver, parec\u00e9ronome que as actuaci\u00f3ns da fiscal\u00eda nalg\u00fan momento bordearon o surrealista<\/strong><\/p>\n\n\n\n<blockquote class=\"wp-block-quote is-layout-flow wp-block-quote-is-layout-flow\"><p>Si, \u00e9 as\u00ed. Como neste proceso non exist\u00eda ning\u00fan tipo de proba dos feitos dos que se acusaba \u00e1s persoas encausadas, pois o procedemento chega a momentos en que se trata de temas verdadeiramente chocantes<\/p><\/blockquote>\n\n\n\n<p><strong>Hai unha parte da sentenza que me chama moito a atenci\u00f3n e \u00e9 a que considera que non pode haber enaltecemento cando non existe organizaci\u00f3n terrorista.Ti cres que pode xerar xurisprudencia?<\/strong><\/p>\n\n\n\n<blockquote class=\"wp-block-quote is-layout-flow wp-block-quote-is-layout-flow\"><p>Non, a xurisprudencia d\u00edctaa o TS.Pero si \u00e9 un aspecto moi relevante porque recolle unha consideraci\u00f3n b\u00e1sica desde a perspectiva dos dereitos humanos: Non pode haber enaltecemento de algo que non ten exteriorizaci\u00f3n real.<\/p><\/blockquote>\n\n\n\n<p><strong>Prev\u00e9s a posibilidade de recurso da fiscal\u00eda?<\/strong><\/p>\n\n\n\n<blockquote class=\"wp-block-quote is-layout-flow wp-block-quote-is-layout-flow\"><p>Est\u00e1 no seu dereito pero eu creo que \u00e9 unha sentenza moi dif\u00edcil de recorrer<\/p><\/blockquote>\n","protected":false},"excerpt":{"rendered":"<div class=\"mh-excerpt\"><p>O ano 2.020 remataba cunha marabillosa nova : a absoluci\u00f3n das 12 persoas, militantes independentistas, procesadas a ra\u00edz das operaci\u00f3ns Jaro 1 e Jaro 2, \u00e1 vez que se esvaec\u00eda a amenaza de ilegalizaci\u00f3n que pesaba sobre as d\u00faas organizaci\u00f3n nas que militan as persoas encausadas :Causa Galiza e Ceivar , e xa que logo poder\u00e1n seguir desenvolvendo a s\u00faa actividade pol\u00edtica con normalidade <a class=\"mh-excerpt-more\" href=\"https:\/\/www.anovapeneira.gal\/index.php\/2021\/01\/06\/absoltas-as-12-persoas-procesadas-na-operacion-jaro\/\" title=\"Absoltas as 12 persoas procesadas na operaci\u00f3n Jaro\">[&#8230;]<\/a><\/p>\n<\/div>","protected":false},"author":1,"featured_media":4113,"comment_status":"open","ping_status":"open","sticky":false,"template":"","format":"standard","meta":{"_exactmetrics_skip_tracking":false,"_exactmetrics_sitenote_active":false,"_exactmetrics_sitenote_note":"","_exactmetrics_sitenote_category":0,"footnotes":""},"categories":[1],"tags":[],"class_list":{"0":"post-4613","1":"post","2":"type-post","3":"status-publish","4":"format-standard","5":"has-post-thumbnail","7":"category-sin-categoria"},"yoast_head":"<!-- This site is optimized with the Yoast SEO plugin v27.4 - https:\/\/yoast.com\/product\/yoast-seo-wordpress\/ -->\n<title>Absoltas as 12 persoas procesadas na operaci\u00f3n Jaro -<\/title>\n<meta name=\"description\" content=\"O ano 2.020 remataba cunha marabillosa nova : a absoluci\u00f3n das 12 persoas, militantes independentistas, procesadas a ra\u00edz das operaci\u00f3ns Jaro 1 e Jaro 2, \u00e1 vez que se esvaec\u00eda a amenaza de ilegalizaci\u00f3n que pesaba sobre as d\u00faas organizaci\u00f3n nas que militan as persoas encausadas :Causa Galiza e Ceivar , e xa que logo poder\u00e1n seguir desenvolvendo a s\u00faa actividade pol\u00edtica con normalidade\" \/>\n<meta name=\"robots\" content=\"index, follow, max-snippet:-1, max-image-preview:large, max-video-preview:-1\" \/>\n<link rel=\"canonical\" href=\"https:\/\/www.anovapeneira.gal\/index.php\/2021\/01\/06\/absoltas-as-12-persoas-procesadas-na-operacion-jaro\/\" \/>\n<meta property=\"og:locale\" content=\"gl_ES\" \/>\n<meta property=\"og:type\" content=\"article\" \/>\n<meta property=\"og:title\" content=\"Absoltas as 12 persoas procesadas na operaci\u00f3n Jaro -\" \/>\n<meta property=\"og:description\" content=\"O ano 2.020 remataba cunha marabillosa nova : a absoluci\u00f3n das 12 persoas, militantes independentistas, procesadas a ra\u00edz das operaci\u00f3ns Jaro 1 e Jaro 2, \u00e1 vez que se esvaec\u00eda a amenaza de ilegalizaci\u00f3n que pesaba sobre as d\u00faas organizaci\u00f3n nas que militan as persoas encausadas :Causa Galiza e Ceivar , e xa que logo poder\u00e1n seguir desenvolvendo a s\u00faa actividade pol\u00edtica con normalidade\" \/>\n<meta property=\"og:url\" content=\"https:\/\/www.anovapeneira.gal\/index.php\/2021\/01\/06\/absoltas-as-12-persoas-procesadas-na-operacion-jaro\/\" \/>\n<meta property=\"article:publisher\" content=\"https:\/\/www.facebook.com\/anovapeneira\" \/>\n<meta property=\"article:author\" content=\"https:\/\/www.facebook.com\/anovapeneira\/\" \/>\n<meta property=\"article:published_time\" content=\"2021-01-06T11:00:24+00:00\" \/>\n<meta property=\"og:image\" content=\"https:\/\/www.anovapeneira.gal\/wp-content\/uploads\/2020\/10\/Joam_Perez_operacion_jaro.jpg\" \/>\n\t<meta property=\"og:image:width\" content=\"720\" \/>\n\t<meta property=\"og:image:height\" content=\"432\" \/>\n\t<meta property=\"og:image:type\" content=\"image\/jpeg\" \/>\n<meta name=\"author\" content=\"admin\" \/>\n<meta name=\"twitter:card\" content=\"summary_large_image\" \/>\n<meta name=\"twitter:creator\" content=\"@APeneira\" \/>\n<meta name=\"twitter:site\" content=\"@APeneira\" \/>\n<meta name=\"twitter:label1\" content=\"Escrito por\" \/>\n\t<meta name=\"twitter:data1\" content=\"admin\" \/>\n\t<meta name=\"twitter:label2\" content=\"Tempo de lectura\" \/>\n\t<meta name=\"twitter:data2\" content=\"6 minutos\" \/>\n<script type=\"application\/ld+json\" class=\"yoast-schema-graph\">{\"@context\":\"https:\\\/\\\/schema.org\",\"@graph\":[{\"@type\":\"Article\",\"@id\":\"https:\\\/\\\/www.anovapeneira.gal\\\/index.php\\\/2021\\\/01\\\/06\\\/absoltas-as-12-persoas-procesadas-na-operacion-jaro\\\/#article\",\"isPartOf\":{\"@id\":\"https:\\\/\\\/www.anovapeneira.gal\\\/index.php\\\/2021\\\/01\\\/06\\\/absoltas-as-12-persoas-procesadas-na-operacion-jaro\\\/\"},\"author\":{\"name\":\"admin\",\"@id\":\"https:\\\/\\\/www.anovapeneira.gal\\\/#\\\/schema\\\/person\\\/fb77575328c93684dae4b0075f90c2cb\"},\"headline\":\"Absoltas as 12 persoas procesadas na operaci\u00f3n Jaro\",\"datePublished\":\"2021-01-06T11:00:24+00:00\",\"mainEntityOfPage\":{\"@id\":\"https:\\\/\\\/www.anovapeneira.gal\\\/index.php\\\/2021\\\/01\\\/06\\\/absoltas-as-12-persoas-procesadas-na-operacion-jaro\\\/\"},\"wordCount\":1249,\"commentCount\":0,\"publisher\":{\"@id\":\"https:\\\/\\\/www.anovapeneira.gal\\\/#organization\"},\"image\":{\"@id\":\"https:\\\/\\\/www.anovapeneira.gal\\\/index.php\\\/2021\\\/01\\\/06\\\/absoltas-as-12-persoas-procesadas-na-operacion-jaro\\\/#primaryimage\"},\"thumbnailUrl\":\"https:\\\/\\\/www.anovapeneira.gal\\\/wp-content\\\/uploads\\\/2020\\\/10\\\/Joam_Perez_operacion_jaro.jpg\",\"articleSection\":[\"Sin categor\u00eda\"],\"inLanguage\":\"gl-ES\",\"potentialAction\":[{\"@type\":\"CommentAction\",\"name\":\"Comment\",\"target\":[\"https:\\\/\\\/www.anovapeneira.gal\\\/index.php\\\/2021\\\/01\\\/06\\\/absoltas-as-12-persoas-procesadas-na-operacion-jaro\\\/#respond\"]}]},{\"@type\":\"WebPage\",\"@id\":\"https:\\\/\\\/www.anovapeneira.gal\\\/index.php\\\/2021\\\/01\\\/06\\\/absoltas-as-12-persoas-procesadas-na-operacion-jaro\\\/\",\"url\":\"https:\\\/\\\/www.anovapeneira.gal\\\/index.php\\\/2021\\\/01\\\/06\\\/absoltas-as-12-persoas-procesadas-na-operacion-jaro\\\/\",\"name\":\"Absoltas as 12 persoas procesadas na operaci\u00f3n Jaro -\",\"isPartOf\":{\"@id\":\"https:\\\/\\\/www.anovapeneira.gal\\\/#website\"},\"primaryImageOfPage\":{\"@id\":\"https:\\\/\\\/www.anovapeneira.gal\\\/index.php\\\/2021\\\/01\\\/06\\\/absoltas-as-12-persoas-procesadas-na-operacion-jaro\\\/#primaryimage\"},\"image\":{\"@id\":\"https:\\\/\\\/www.anovapeneira.gal\\\/index.php\\\/2021\\\/01\\\/06\\\/absoltas-as-12-persoas-procesadas-na-operacion-jaro\\\/#primaryimage\"},\"thumbnailUrl\":\"https:\\\/\\\/www.anovapeneira.gal\\\/wp-content\\\/uploads\\\/2020\\\/10\\\/Joam_Perez_operacion_jaro.jpg\",\"datePublished\":\"2021-01-06T11:00:24+00:00\",\"description\":\"O ano 2.020 remataba cunha marabillosa nova : a absoluci\u00f3n das 12 persoas, militantes independentistas, procesadas a ra\u00edz das operaci\u00f3ns Jaro 1 e Jaro 2, \u00e1 vez que se esvaec\u00eda a amenaza de ilegalizaci\u00f3n que pesaba sobre as d\u00faas organizaci\u00f3n nas que militan as persoas encausadas :Causa Galiza e Ceivar , e xa que logo poder\u00e1n seguir desenvolvendo a s\u00faa actividade pol\u00edtica con normalidade\",\"breadcrumb\":{\"@id\":\"https:\\\/\\\/www.anovapeneira.gal\\\/index.php\\\/2021\\\/01\\\/06\\\/absoltas-as-12-persoas-procesadas-na-operacion-jaro\\\/#breadcrumb\"},\"inLanguage\":\"gl-ES\",\"potentialAction\":[{\"@type\":\"ReadAction\",\"target\":[\"https:\\\/\\\/www.anovapeneira.gal\\\/index.php\\\/2021\\\/01\\\/06\\\/absoltas-as-12-persoas-procesadas-na-operacion-jaro\\\/\"]}]},{\"@type\":\"ImageObject\",\"inLanguage\":\"gl-ES\",\"@id\":\"https:\\\/\\\/www.anovapeneira.gal\\\/index.php\\\/2021\\\/01\\\/06\\\/absoltas-as-12-persoas-procesadas-na-operacion-jaro\\\/#primaryimage\",\"url\":\"https:\\\/\\\/www.anovapeneira.gal\\\/wp-content\\\/uploads\\\/2020\\\/10\\\/Joam_Perez_operacion_jaro.jpg\",\"contentUrl\":\"https:\\\/\\\/www.anovapeneira.gal\\\/wp-content\\\/uploads\\\/2020\\\/10\\\/Joam_Perez_operacion_jaro.jpg\",\"width\":720,\"height\":432,\"caption\":\"JO\u00c1M PERES LOUREN\u00c7O Operaci\u00f3n Jaro\"},{\"@type\":\"BreadcrumbList\",\"@id\":\"https:\\\/\\\/www.anovapeneira.gal\\\/index.php\\\/2021\\\/01\\\/06\\\/absoltas-as-12-persoas-procesadas-na-operacion-jaro\\\/#breadcrumb\",\"itemListElement\":[{\"@type\":\"ListItem\",\"position\":1,\"name\":\"Portada\",\"item\":\"https:\\\/\\\/www.anovapeneira.gal\\\/\"},{\"@type\":\"ListItem\",\"position\":2,\"name\":\"Absoltas as 12 persoas procesadas na operaci\u00f3n Jaro\"}]},{\"@type\":\"WebSite\",\"@id\":\"https:\\\/\\\/www.anovapeneira.gal\\\/#website\",\"url\":\"https:\\\/\\\/www.anovapeneira.gal\\\/\",\"name\":\"\",\"description\":\"Xornal galego de informaci\u00f3n xeral Publicaci\u00f3n mensual de novas de Galicia e en especial dos Concellos da sur da provincia de Pontevedra.\",\"publisher\":{\"@id\":\"https:\\\/\\\/www.anovapeneira.gal\\\/#organization\"},\"potentialAction\":[{\"@type\":\"SearchAction\",\"target\":{\"@type\":\"EntryPoint\",\"urlTemplate\":\"https:\\\/\\\/www.anovapeneira.gal\\\/?s={search_term_string}\"},\"query-input\":{\"@type\":\"PropertyValueSpecification\",\"valueRequired\":true,\"valueName\":\"search_term_string\"}}],\"inLanguage\":\"gl-ES\"},{\"@type\":\"Organization\",\"@id\":\"https:\\\/\\\/www.anovapeneira.gal\\\/#organization\",\"name\":\"A Nova Peneira\",\"url\":\"https:\\\/\\\/www.anovapeneira.gal\\\/\",\"logo\":{\"@type\":\"ImageObject\",\"inLanguage\":\"gl-ES\",\"@id\":\"https:\\\/\\\/www.anovapeneira.gal\\\/#\\\/schema\\\/logo\\\/image\\\/\",\"url\":\"http:\\\/\\\/www.anovapeneira.gal\\\/wp-content\\\/uploads\\\/2019\\\/06\\\/logo_a_nova_peneira_portal_web.png\",\"contentUrl\":\"http:\\\/\\\/www.anovapeneira.gal\\\/wp-content\\\/uploads\\\/2019\\\/06\\\/logo_a_nova_peneira_portal_web.png\",\"width\":300,\"height\":100,\"caption\":\"A Nova Peneira\"},\"image\":{\"@id\":\"https:\\\/\\\/www.anovapeneira.gal\\\/#\\\/schema\\\/logo\\\/image\\\/\"},\"sameAs\":[\"https:\\\/\\\/www.facebook.com\\\/anovapeneira\",\"https:\\\/\\\/x.com\\\/APeneira\"]},{\"@type\":\"Person\",\"@id\":\"https:\\\/\\\/www.anovapeneira.gal\\\/#\\\/schema\\\/person\\\/fb77575328c93684dae4b0075f90c2cb\",\"name\":\"admin\",\"image\":{\"@type\":\"ImageObject\",\"inLanguage\":\"gl-ES\",\"@id\":\"https:\\\/\\\/secure.gravatar.com\\\/avatar\\\/df15c36ce375448325e0bc870e91bbee95947a002eb98dcfd6c2b053e18843e9?s=96&d=mm&r=g\",\"url\":\"https:\\\/\\\/secure.gravatar.com\\\/avatar\\\/df15c36ce375448325e0bc870e91bbee95947a002eb98dcfd6c2b053e18843e9?s=96&d=mm&r=g\",\"contentUrl\":\"https:\\\/\\\/secure.gravatar.com\\\/avatar\\\/df15c36ce375448325e0bc870e91bbee95947a002eb98dcfd6c2b053e18843e9?s=96&d=mm&r=g\",\"caption\":\"admin\"},\"description\":\"Xornal galego de informaci\u00f3n xeral Publicaci\u00f3n mensual de novas de Galicia e en especial dos Concellos da sur da provincia de Pontevedra.\",\"sameAs\":[\"http:\\\/\\\/www.anovapeneira.gal\\\/\",\"https:\\\/\\\/www.facebook.com\\\/anovapeneira\\\/\"],\"url\":\"https:\\\/\\\/www.anovapeneira.gal\\\/index.php\\\/author\\\/admin\\\/\"}]}<\/script>\n<!-- \/ Yoast SEO plugin. -->","yoast_head_json":{"title":"Absoltas as 12 persoas procesadas na operaci\u00f3n Jaro -","description":"O ano 2.020 remataba cunha marabillosa nova : a absoluci\u00f3n das 12 persoas, militantes independentistas, procesadas a ra\u00edz das operaci\u00f3ns Jaro 1 e Jaro 2, \u00e1 vez que se esvaec\u00eda a amenaza de ilegalizaci\u00f3n que pesaba sobre as d\u00faas organizaci\u00f3n nas que militan as persoas encausadas :Causa Galiza e Ceivar , e xa que logo poder\u00e1n seguir desenvolvendo a s\u00faa actividade pol\u00edtica con normalidade","robots":{"index":"index","follow":"follow","max-snippet":"max-snippet:-1","max-image-preview":"max-image-preview:large","max-video-preview":"max-video-preview:-1"},"canonical":"https:\/\/www.anovapeneira.gal\/index.php\/2021\/01\/06\/absoltas-as-12-persoas-procesadas-na-operacion-jaro\/","og_locale":"gl_ES","og_type":"article","og_title":"Absoltas as 12 persoas procesadas na operaci\u00f3n Jaro -","og_description":"O ano 2.020 remataba cunha marabillosa nova : a absoluci\u00f3n das 12 persoas, militantes independentistas, procesadas a ra\u00edz das operaci\u00f3ns Jaro 1 e Jaro 2, \u00e1 vez que se esvaec\u00eda a amenaza de ilegalizaci\u00f3n que pesaba sobre as d\u00faas organizaci\u00f3n nas que militan as persoas encausadas :Causa Galiza e Ceivar , e xa que logo poder\u00e1n seguir desenvolvendo a s\u00faa actividade pol\u00edtica con normalidade","og_url":"https:\/\/www.anovapeneira.gal\/index.php\/2021\/01\/06\/absoltas-as-12-persoas-procesadas-na-operacion-jaro\/","article_publisher":"https:\/\/www.facebook.com\/anovapeneira","article_author":"https:\/\/www.facebook.com\/anovapeneira\/","article_published_time":"2021-01-06T11:00:24+00:00","og_image":[{"width":720,"height":432,"url":"https:\/\/www.anovapeneira.gal\/wp-content\/uploads\/2020\/10\/Joam_Perez_operacion_jaro.jpg","type":"image\/jpeg"}],"author":"admin","twitter_card":"summary_large_image","twitter_creator":"@APeneira","twitter_site":"@APeneira","twitter_misc":{"Escrito por":"admin","Tempo de lectura":"6 minutos"},"schema":{"@context":"https:\/\/schema.org","@graph":[{"@type":"Article","@id":"https:\/\/www.anovapeneira.gal\/index.php\/2021\/01\/06\/absoltas-as-12-persoas-procesadas-na-operacion-jaro\/#article","isPartOf":{"@id":"https:\/\/www.anovapeneira.gal\/index.php\/2021\/01\/06\/absoltas-as-12-persoas-procesadas-na-operacion-jaro\/"},"author":{"name":"admin","@id":"https:\/\/www.anovapeneira.gal\/#\/schema\/person\/fb77575328c93684dae4b0075f90c2cb"},"headline":"Absoltas as 12 persoas procesadas na operaci\u00f3n Jaro","datePublished":"2021-01-06T11:00:24+00:00","mainEntityOfPage":{"@id":"https:\/\/www.anovapeneira.gal\/index.php\/2021\/01\/06\/absoltas-as-12-persoas-procesadas-na-operacion-jaro\/"},"wordCount":1249,"commentCount":0,"publisher":{"@id":"https:\/\/www.anovapeneira.gal\/#organization"},"image":{"@id":"https:\/\/www.anovapeneira.gal\/index.php\/2021\/01\/06\/absoltas-as-12-persoas-procesadas-na-operacion-jaro\/#primaryimage"},"thumbnailUrl":"https:\/\/www.anovapeneira.gal\/wp-content\/uploads\/2020\/10\/Joam_Perez_operacion_jaro.jpg","articleSection":["Sin categor\u00eda"],"inLanguage":"gl-ES","potentialAction":[{"@type":"CommentAction","name":"Comment","target":["https:\/\/www.anovapeneira.gal\/index.php\/2021\/01\/06\/absoltas-as-12-persoas-procesadas-na-operacion-jaro\/#respond"]}]},{"@type":"WebPage","@id":"https:\/\/www.anovapeneira.gal\/index.php\/2021\/01\/06\/absoltas-as-12-persoas-procesadas-na-operacion-jaro\/","url":"https:\/\/www.anovapeneira.gal\/index.php\/2021\/01\/06\/absoltas-as-12-persoas-procesadas-na-operacion-jaro\/","name":"Absoltas as 12 persoas procesadas na operaci\u00f3n Jaro -","isPartOf":{"@id":"https:\/\/www.anovapeneira.gal\/#website"},"primaryImageOfPage":{"@id":"https:\/\/www.anovapeneira.gal\/index.php\/2021\/01\/06\/absoltas-as-12-persoas-procesadas-na-operacion-jaro\/#primaryimage"},"image":{"@id":"https:\/\/www.anovapeneira.gal\/index.php\/2021\/01\/06\/absoltas-as-12-persoas-procesadas-na-operacion-jaro\/#primaryimage"},"thumbnailUrl":"https:\/\/www.anovapeneira.gal\/wp-content\/uploads\/2020\/10\/Joam_Perez_operacion_jaro.jpg","datePublished":"2021-01-06T11:00:24+00:00","description":"O ano 2.020 remataba cunha marabillosa nova : a absoluci\u00f3n das 12 persoas, militantes independentistas, procesadas a ra\u00edz das operaci\u00f3ns Jaro 1 e Jaro 2, \u00e1 vez que se esvaec\u00eda a amenaza de ilegalizaci\u00f3n que pesaba sobre as d\u00faas organizaci\u00f3n nas que militan as persoas encausadas :Causa Galiza e Ceivar , e xa que logo poder\u00e1n seguir desenvolvendo a s\u00faa actividade pol\u00edtica con normalidade","breadcrumb":{"@id":"https:\/\/www.anovapeneira.gal\/index.php\/2021\/01\/06\/absoltas-as-12-persoas-procesadas-na-operacion-jaro\/#breadcrumb"},"inLanguage":"gl-ES","potentialAction":[{"@type":"ReadAction","target":["https:\/\/www.anovapeneira.gal\/index.php\/2021\/01\/06\/absoltas-as-12-persoas-procesadas-na-operacion-jaro\/"]}]},{"@type":"ImageObject","inLanguage":"gl-ES","@id":"https:\/\/www.anovapeneira.gal\/index.php\/2021\/01\/06\/absoltas-as-12-persoas-procesadas-na-operacion-jaro\/#primaryimage","url":"https:\/\/www.anovapeneira.gal\/wp-content\/uploads\/2020\/10\/Joam_Perez_operacion_jaro.jpg","contentUrl":"https:\/\/www.anovapeneira.gal\/wp-content\/uploads\/2020\/10\/Joam_Perez_operacion_jaro.jpg","width":720,"height":432,"caption":"JO\u00c1M PERES LOUREN\u00c7O Operaci\u00f3n Jaro"},{"@type":"BreadcrumbList","@id":"https:\/\/www.anovapeneira.gal\/index.php\/2021\/01\/06\/absoltas-as-12-persoas-procesadas-na-operacion-jaro\/#breadcrumb","itemListElement":[{"@type":"ListItem","position":1,"name":"Portada","item":"https:\/\/www.anovapeneira.gal\/"},{"@type":"ListItem","position":2,"name":"Absoltas as 12 persoas procesadas na operaci\u00f3n Jaro"}]},{"@type":"WebSite","@id":"https:\/\/www.anovapeneira.gal\/#website","url":"https:\/\/www.anovapeneira.gal\/","name":"","description":"Xornal galego de informaci\u00f3n xeral Publicaci\u00f3n mensual de novas de Galicia e en especial dos Concellos da sur da provincia de Pontevedra.","publisher":{"@id":"https:\/\/www.anovapeneira.gal\/#organization"},"potentialAction":[{"@type":"SearchAction","target":{"@type":"EntryPoint","urlTemplate":"https:\/\/www.anovapeneira.gal\/?s={search_term_string}"},"query-input":{"@type":"PropertyValueSpecification","valueRequired":true,"valueName":"search_term_string"}}],"inLanguage":"gl-ES"},{"@type":"Organization","@id":"https:\/\/www.anovapeneira.gal\/#organization","name":"A Nova Peneira","url":"https:\/\/www.anovapeneira.gal\/","logo":{"@type":"ImageObject","inLanguage":"gl-ES","@id":"https:\/\/www.anovapeneira.gal\/#\/schema\/logo\/image\/","url":"http:\/\/www.anovapeneira.gal\/wp-content\/uploads\/2019\/06\/logo_a_nova_peneira_portal_web.png","contentUrl":"http:\/\/www.anovapeneira.gal\/wp-content\/uploads\/2019\/06\/logo_a_nova_peneira_portal_web.png","width":300,"height":100,"caption":"A Nova Peneira"},"image":{"@id":"https:\/\/www.anovapeneira.gal\/#\/schema\/logo\/image\/"},"sameAs":["https:\/\/www.facebook.com\/anovapeneira","https:\/\/x.com\/APeneira"]},{"@type":"Person","@id":"https:\/\/www.anovapeneira.gal\/#\/schema\/person\/fb77575328c93684dae4b0075f90c2cb","name":"admin","image":{"@type":"ImageObject","inLanguage":"gl-ES","@id":"https:\/\/secure.gravatar.com\/avatar\/df15c36ce375448325e0bc870e91bbee95947a002eb98dcfd6c2b053e18843e9?s=96&d=mm&r=g","url":"https:\/\/secure.gravatar.com\/avatar\/df15c36ce375448325e0bc870e91bbee95947a002eb98dcfd6c2b053e18843e9?s=96&d=mm&r=g","contentUrl":"https:\/\/secure.gravatar.com\/avatar\/df15c36ce375448325e0bc870e91bbee95947a002eb98dcfd6c2b053e18843e9?s=96&d=mm&r=g","caption":"admin"},"description":"Xornal galego de informaci\u00f3n xeral Publicaci\u00f3n mensual de novas de Galicia e en especial dos Concellos da sur da provincia de Pontevedra.","sameAs":["http:\/\/www.anovapeneira.gal\/","https:\/\/www.facebook.com\/anovapeneira\/"],"url":"https:\/\/www.anovapeneira.gal\/index.php\/author\/admin\/"}]}},"jetpack_featured_media_url":"https:\/\/www.anovapeneira.gal\/wp-content\/uploads\/2020\/10\/Joam_Perez_operacion_jaro.jpg","_links":{"self":[{"href":"https:\/\/www.anovapeneira.gal\/index.php\/wp-json\/wp\/v2\/posts\/4613","targetHints":{"allow":["GET"]}}],"collection":[{"href":"https:\/\/www.anovapeneira.gal\/index.php\/wp-json\/wp\/v2\/posts"}],"about":[{"href":"https:\/\/www.anovapeneira.gal\/index.php\/wp-json\/wp\/v2\/types\/post"}],"author":[{"embeddable":true,"href":"https:\/\/www.anovapeneira.gal\/index.php\/wp-json\/wp\/v2\/users\/1"}],"replies":[{"embeddable":true,"href":"https:\/\/www.anovapeneira.gal\/index.php\/wp-json\/wp\/v2\/comments?post=4613"}],"version-history":[{"count":1,"href":"https:\/\/www.anovapeneira.gal\/index.php\/wp-json\/wp\/v2\/posts\/4613\/revisions"}],"predecessor-version":[{"id":4616,"href":"https:\/\/www.anovapeneira.gal\/index.php\/wp-json\/wp\/v2\/posts\/4613\/revisions\/4616"}],"wp:featuredmedia":[{"embeddable":true,"href":"https:\/\/www.anovapeneira.gal\/index.php\/wp-json\/wp\/v2\/media\/4113"}],"wp:attachment":[{"href":"https:\/\/www.anovapeneira.gal\/index.php\/wp-json\/wp\/v2\/media?parent=4613"}],"wp:term":[{"taxonomy":"category","embeddable":true,"href":"https:\/\/www.anovapeneira.gal\/index.php\/wp-json\/wp\/v2\/categories?post=4613"},{"taxonomy":"post_tag","embeddable":true,"href":"https:\/\/www.anovapeneira.gal\/index.php\/wp-json\/wp\/v2\/tags?post=4613"}],"curies":[{"name":"wp","href":"https:\/\/api.w.org\/{rel}","templated":true}]}}