{"id":4617,"date":"2021-01-07T10:00:28","date_gmt":"2021-01-07T09:00:28","guid":{"rendered":"http:\/\/www.anovapeneira.gal\/?p=4617"},"modified":"2021-01-05T13:48:12","modified_gmt":"2021-01-05T12:48:12","slug":"xabier-perez-igrexas-concelleiro-do-bng-de-vigo","status":"publish","type":"post","link":"https:\/\/www.anovapeneira.gal\/index.php\/2021\/01\/07\/xabier-perez-igrexas-concelleiro-do-bng-de-vigo\/","title":{"rendered":"Xabier P\u00e9rez Igrexas Concelleiro do BNG de Vigo"},"content":{"rendered":"\n<h2 class=\"wp-block-heading\"><strong>O BNG recuperou, nas \u00faltimas elecci\u00f3ns municipais, a representaci\u00f3n institucional no concello de Vigo na persoa de Xabier P\u00e9rez Igrexas. E , consumido case un terzo do mandato, acheg\u00e1monos a conversar con el para co\u00f1ecer a valoraci\u00f3n dos nacionalistas sobre a situaci\u00f3n pol\u00edtica na nosa cidade. Vela\u00ed vai o que deu de si a nosa conversa<\/strong><\/h2>\n\n\n\n<p>\u201c<strong>MOI POBRE DEBE DE SER A XESTI\u00d3N DO GOBERNO MUNICIPAL, CANDO TEN QUE ASOLAGAR CON PROPAGANDA PARTIDISTA AOS PRINCIPAIS MEDIOS DE COMUNICACI\u00d3N\u201d<\/strong><\/p>\n\n\n\n<p><strong>Arredor de ano e medio despois de ter recuperado a presenza do BNG na corporaci\u00f3n municipal de Vigo, que valoraci\u00f3n fas?<\/strong><\/p>\n\n\n\n<blockquote class=\"wp-block-quote is-layout-flow wp-block-quote-is-layout-flow\"><p>Ben eu , eu creo, con toda a humildade o digo, que a nosa presenza no Concello, nalgunha medida marca a diferenza entre este mandato e o anterior. N\u00f3s estamos facendo un esforzo moi importante para denunciar a inacci\u00f3n deste goberno e para acompa\u00f1ar, sempre, cada cr\u00edtica dunha proposta en positivo.<\/p><\/blockquote>\n\n\n\n<p><strong>Nun contexto de ampl\u00edsima maior\u00eda absoluta do grupo de goberno, non debe de ser f\u00e1cil facer oposici\u00f3n?<\/strong><\/p>\n\n\n\n<blockquote class=\"wp-block-quote is-layout-flow wp-block-quote-is-layout-flow\"><p>Non, non \u00e9 doado, claro que non. Pero non s\u00f3 pola situaci\u00f3n aritm\u00e9tica sen\u00f3n tam\u00e9n pola actitude autoritaria do goberno que se nega a considerar ningunha proposta allea.<\/p><\/blockquote>\n\n\n\n<p><strong>Esa suposta actitude autoritaria ex\u00e9rcea o goberno ou o alcalde?<\/strong><\/p>\n\n\n\n<blockquote class=\"wp-block-quote is-layout-flow wp-block-quote-is-layout-flow\"><p>No Concello de Vigo, non creo que se poidan disociar os conceptos goberno municipal e alcalde. En calquera caso parte da premisa de confundir unha lex\u00edtima maior\u00eda absoluta cunha especie de ditadura romana na que se pode facer de todo sen escoitar a ningu\u00e9n.<\/p><\/blockquote>\n\n\n\n<p><strong>Alg\u00fan exemplo concreto?<\/strong><\/p>\n\n\n\n<blockquote class=\"wp-block-quote is-layout-flow wp-block-quote-is-layout-flow\"><p>No \u00faltimo pleno do ano o PSOE leva unha moci\u00f3n na que pide a gratuidade do aparcadoiro do \u00c1lvaro Cunqueiro, n\u00f3s naturalmente estamos de acordo pero quixemos p\u00f3r unha eng\u00e1dega na que se instase a reverter o modelo privatizador e rescatar a concesi\u00f3n. E o PSOE dixo que non\u00a1\u00a1\u00a1\u00a1.Tendo en conta que hai pouco tempo o SX do PSDG estivera no Cunqueiro defendendo esa posici\u00f3n de rescate do hospital, pois resulta moi dif\u00edcil de comprender<\/p><\/blockquote>\n\n\n\n<p><strong>En relaci\u00f3n aos orzamentos municipais, v\u00f3s defin\u00edstelos como unha oportunidade perdida. Por que?<\/strong><\/p>\n\n\n\n<blockquote class=\"wp-block-quote is-layout-flow wp-block-quote-is-layout-flow\"><p>Imos ter os maiores orzamentos da historia da cidade con fondos que ve\u00f1en do remanente e do fondo COVID, e no BNG dicimos que \u00e9 unha oportunidade perdidaporque est\u00e1n dese\u00f1ados como se aqu\u00ed non pasase nada. Estamos no medio dunha pandemia que orixina brutais efectos econ\u00f3micos e sociais , con m\u00e1is de 60.000 persoas en risco de exclusi\u00f3n social con 2.000 empregos menos ( datos da \u00faltima EPA) que o ano anterior e n\u00f3s o que lle dixemos nas nosas 74 emendas \u00e9 que os orzamentos deb\u00edan enfocarse a paliar no posible, a situaci\u00f3n de vulnerabilidade en que est\u00e1n tantas viguesas e vigueses<\/p><\/blockquote>\n\n\n\n<p><strong>Cantas aprobou?<\/strong><\/p>\n\n\n\n<blockquote class=\"wp-block-quote is-layout-flow wp-block-quote-is-layout-flow\"><p>0. Foron rexeitadas todas e cada unha. Pero rexeit\u00e1ronse todas, tanto as do BNG como os do resto de grupos da oposici\u00f3n, e as achegas dos distintos colectivos veci\u00f1ais foron tam\u00e9n ignoradas<\/p><\/blockquote>\n\n\n\n<p><strong>No que se refire aos orzamentos da Xunta v\u00f3s solicitastes 105 mill\u00f3ns a maiores para a cidade. Expl\u00edcanos por que?, e para que?<\/strong><\/p>\n\n\n\n<blockquote class=\"wp-block-quote is-layout-flow wp-block-quote-is-layout-flow\"><p>Ben , n\u00f3s achegamos un conxunto de emendas parciais que pretenden incrementar nesa cantidade que mencionas o investimento que fai a Xunta na nosa cidade. Un ano m\u00e1is os orzamentos da Xunta amosan o abandono no que o goberno galego ten sometido a Vigo. As nosas achegas apostan por fortalecer a sanidade p\u00fablica na nosa \u00e1rea sanitaria. Promovemos que se cren dous novos puntos de atenci\u00f3n continuada en Vigo: un na zona de Navia e outro na zona de Teis, ademais op\u00f3monos rotundamente \u00e1 reduci\u00f3n que pretende o PP do novo centro de sa\u00fade de Bouzas.<\/p><\/blockquote>\n\n\n\n<blockquote class=\"wp-block-quote is-layout-flow wp-block-quote-is-layout-flow\"><p>Por outra parte demandamos m\u00e1is recursos para o eido educativo. E tam\u00e9n consideramos urxente atender a hist\u00f3ricas necesidades estruturais como o t\u00fanel de Xuli\u00e1n Est\u00e9vez ou a prolongaci\u00f3n do t\u00fanel de Beiramar<\/p><\/blockquote>\n\n\n\n<p><strong>Cal \u00e9 a posici\u00f3n do BNG en relaci\u00f3n ao conflito co Celta?<\/strong><\/p>\n\n\n\n<blockquote class=\"wp-block-quote is-layout-flow wp-block-quote-is-layout-flow\"><p>N\u00f3s entendemos que hai un conflito rec\u00edproco entre Caballero e Mouri\u00f1o, que non ten outra motivaci\u00f3n que o interese particular de cada un. N\u00f3s pensamos que si era evidente a necesidade dunha reforma do estadio de Balaidos. Pero a s\u00faa execuci\u00f3n est\u00e1 sendo lamentable. Non temos nin idea de cando e como vai rematar. As actuaci\u00f3ns que se promet\u00edan estruturais en grande medida son meramente est\u00e9ticas. N\u00f3s consideramos que un proxecto deste calado deb\u00eda resultar do maior consenso posible.<\/p><\/blockquote>\n\n\n\n<p><strong>Sobre a prorroga da concesi\u00f3n a Aqualia que ten que dicir o Bloque?<\/strong><\/p>\n\n\n\n<blockquote class=\"wp-block-quote is-layout-flow wp-block-quote-is-layout-flow\"><p>Este \u00e9 un exemplo de manual de modelo de concesi\u00f3n ruinoso para o p\u00fablico e de grande negocio para a empresa privada. \u00c9 un modelo que c\u00f3mpre mudar para protexer un ben esencial<\/p><\/blockquote>\n\n\n\n<p><strong>Ref\u00edreste a remunicipalizar?<\/strong><\/p>\n\n\n\n<blockquote class=\"wp-block-quote is-layout-flow wp-block-quote-is-layout-flow\"><p>Si .E tam\u00e9n a un novo sistema de tarifas<\/p><\/blockquote>\n\n\n\n<p><strong>Eu, que xa levo uns ani\u00f1os nisto, lembro entrevistas con alg\u00fan pol\u00edtico, doutros concellos, que cando era oposici\u00f3n manifestaba a s\u00faa intenci\u00f3n de devolver ao p\u00fablico a xesti\u00f3n da auga, e cando chegaron ao goberno non fixeron nada ao respecto e manifestan que \u00e9 extraordinariamente dif\u00edcil<\/strong><\/p>\n\n\n\n<blockquote class=\"wp-block-quote is-layout-flow wp-block-quote-is-layout-flow\"><p>Ben, eu non co\u00f1ezo as circunstancias de cada concello nin estou na cabeza de ningu\u00e9n. Eu digo que desde o BNG non s\u00f3 dicimos que si \u00e9 posible devolver a xesti\u00f3n da auga ao p\u00fablico, sen\u00f3n que \u00e9 imprescindible facelo. A auga \u00e9 un ben esencial e cada ser humano debe de ter garantido o seu subministro , poida ou non poida pagalo. O \u00fanico que pretende o alcalde con esta pr\u00f3rroga \u00e9 blindar que un servicio esencial siga sendo unha fonte de negocio.<\/p><\/blockquote>\n\n\n\n<p><strong>O bloque xa gobernou en Vigo, e non te\u00f1o constancia de que fixera nada para remunicipalizar o servizo de augas?<\/strong><\/p>\n\n\n\n<blockquote class=\"wp-block-quote is-layout-flow wp-block-quote-is-layout-flow\"><p>No momento que o BNG asume a alcald\u00eda de Vigo, a concesi\u00f3n da auga levaba en vigor 8 de 25 anos. E a situaci\u00f3n econ\u00f3mica do Concello non era nin por asomo a de hoxe, que disp\u00f3n de case 100 mill\u00f3ns de \u20ac de remanente. As condici\u00f3ns son obxectivamente distintas. Nunca na nosa historia ning\u00fan goberno municipal tivo as condici\u00f3ns pol\u00edticas e econ\u00f3micas que disp\u00f3n o actual goberno e a s\u00faa \u00fanica proposta \u00e9 instalar ramplas e ascensores.<\/p><\/blockquote>\n\n\n\n<blockquote class=\"wp-block-quote is-layout-flow wp-block-quote-is-layout-flow\"><p>Dito isto o noso compromiso \u00e9 program\u00e1tico. Non \u00e9 que sexa unha idea mi\u00f1a e que \u00e9 o que defendemos no noso programa electoral. De feito, cando en 1.991 se aproba este modelo n\u00f3s opux\u00e9monos.<\/p><\/blockquote>\n\n\n\n<p><strong>Recentemente os traballadores e traballadoras de Vitrasa tiveron un serio problema , que chegou a dificultar que cobrasen a extra de Nadal. Cal \u00e9 a vosa opini\u00f3n?<\/strong><\/p>\n\n\n\n<blockquote class=\"wp-block-quote is-layout-flow wp-block-quote-is-layout-flow\"><p>Os costes que lle sup\u00f3n a Vitrasa xestionar o transporte urbano de Vigo son 24.000.000 de \u20ac.Algo m\u00e1is da metade deses custes xa os ten cubertos coa achega directa que fai o Concello de Vigo. Por outra parte Vitrasa, na s\u00faa concesi\u00f3n ten blindado que se non chega aos 20 mill\u00f3ns de viaxeiros , o concello est\u00e1 na obriga de indemnizalo.<\/p><\/blockquote>\n\n\n\n<blockquote class=\"wp-block-quote is-layout-flow wp-block-quote-is-layout-flow\"><p>\u00c9 dicir, que o negocio , Vitrasa teno asegurado. E a\u00ednda as\u00ed atr\u00e9vense a ameazar con non pagar a extra, situaci\u00f3n resolta grazas acci\u00f3n do comit\u00e9 de empresa, ou con non pagar os salarios ordinarios. E n\u00f3s o que lle dixemos ao goberno municipal sen obter resposta, \u00e9 que o goberno \u00e9 titular do servizo. E nun servizo municipal o goberno non pode permitir ese tipo de situaci\u00f3ns.<\/p><\/blockquote>\n\n\n\n<p><strong>O goberno de Abel Caballero procura a posici\u00f3n favorable dos principais medios de comunicaci\u00f3n a trav\u00e9s de xenerosos contratos de publicidade institucional?<\/strong><\/p>\n\n\n\n<blockquote class=\"wp-block-quote is-layout-flow wp-block-quote-is-layout-flow\"><p>Eu creo que o goberno municipal ten feito un grande esforzo por monopolizar o discurso p\u00fablico. O problema \u00e9 que ese monopolio se financia con cartos p\u00fablicos. E non \u00e9 que se faga propaganda institucional , \u00e9 que se fai propaganda partidista. \u00c9 que a cara de Abel Caballero sae en calquera p\u00e1xina de publicidade institucional.<\/p><\/blockquote>\n\n\n\n<blockquote class=\"wp-block-quote is-layout-flow wp-block-quote-is-layout-flow\"><p>A conclusi\u00f3n que tiro eu deste asunto \u00e9 que moi pobre ten que ser a xesti\u00f3n cando tes que asolagar os medios con propaganda.<\/p><\/blockquote>\n\n\n\n<p><strong>Que lle pasa a este alcalde coas \u00e1rbores da nosa cidade?<\/strong><\/p>\n\n\n\n<blockquote class=\"wp-block-quote is-layout-flow wp-block-quote-is-layout-flow\"><p>Eu creo que responde a que el procura adecuar \u00e1 cidade ao seu particular gusto est\u00e9tico. Un gusto moi de vanguardia que concibe \u00e1s \u00e1rbores como puro e duro mobiliario. \u00c9 dicir, para el talar unha \u00e1rbore \u00e9 o mesmo ca mover un banco.<\/p><\/blockquote>\n\n\n\n<p><strong>Cal \u00e9 at\u00faa opini\u00f3n do tema do Sagrado Coraz\u00f3n da Gu\u00eda?<\/strong><\/p>\n\n\n\n<blockquote class=\"wp-block-quote is-layout-flow wp-block-quote-is-layout-flow\"><p>Eu creo que esa era a \u00faltima das necesidades do barrio de Teis, se algu\u00e9n al\u00e9n do bispo ti\u00f1a esa necesidade , cousa que eu dubido. Te\u00f1o a certeza de que este tipo de actos est\u00e1n dirixidos a buscar o apoio dese segmento electoral, conservador, que nas municipais o vota a el, e lle garante a s\u00faa maior\u00eda absoluta<\/p><\/blockquote>\n\n\n\n<p><strong>Rematamos. O teu futuro pol\u00edtico Xabi vai estar ligado \u00e1 pol\u00edtica municipal ou non descartas que no futuro poidamos verte noutras metas?<\/strong><\/p>\n\n\n\n<blockquote class=\"wp-block-quote is-layout-flow wp-block-quote-is-layout-flow\"><p>No que a min respecta, e te\u00f1o a certeza que no caso de calquera militante do Bloque tam\u00e9n, a vida pol\u00edtica non a concibo en chave de carreira. Eu son militante do BNG, e sobre o meu futuro pol\u00edtico \u00e9 o \u00fanico que podo garantir que vai seguir sendo as\u00ed.<\/p><\/blockquote>\n","protected":false},"excerpt":{"rendered":"<div class=\"mh-excerpt\"><p>O BNG recuperou, nas \u00faltimas elecci\u00f3ns municipais, a representaci\u00f3n institucional no concello de Vigo na persoa de Xabier P\u00e9rez Igrexas. E , consumido case un terzo do mandato, acheg\u00e1monos a conversar con el para co\u00f1ecer a valoraci\u00f3n dos nacionalistas sobre a situaci\u00f3n pol\u00edtica na nosa cidade. Vela\u00ed vai o que deu de si a nosa conversa <a class=\"mh-excerpt-more\" href=\"https:\/\/www.anovapeneira.gal\/index.php\/2021\/01\/07\/xabier-perez-igrexas-concelleiro-do-bng-de-vigo\/\" title=\"Xabier P\u00e9rez Igrexas Concelleiro do BNG de Vigo\">[&#8230;]<\/a><\/p>\n<\/div>","protected":false},"author":3,"featured_media":4618,"comment_status":"open","ping_status":"open","sticky":false,"template":"","format":"standard","meta":{"_exactmetrics_skip_tracking":false,"_exactmetrics_sitenote_active":false,"_exactmetrics_sitenote_note":"","_exactmetrics_sitenote_category":0,"footnotes":""},"categories":[272],"tags":[227],"class_list":{"0":"post-4617","1":"post","2":"type-post","3":"status-publish","4":"format-standard","5":"has-post-thumbnail","7":"category-vigo-entrevistas","8":"tag-concello-de-vigo"},"yoast_head":"<!-- This site is optimized with the Yoast SEO plugin v27.4 - https:\/\/yoast.com\/product\/yoast-seo-wordpress\/ -->\n<title>Xabier P\u00e9rez Igrexas Concelleiro do BNG de Vigo -<\/title>\n<meta name=\"description\" content=\"O BNG recuperou, nas \u00faltimas elecci\u00f3ns municipais, a representaci\u00f3n institucional no concello de Vigo na persoa de Xabier P\u00e9rez Igrexas. E , consumido case un terzo do mandato, acheg\u00e1monos a conversar con el para co\u00f1ecer a valoraci\u00f3n dos nacionalistas sobre a situaci\u00f3n pol\u00edtica na nosa cidade. Vela\u00ed vai o que deu de si a nosa conversa\" \/>\n<meta name=\"robots\" content=\"index, follow, max-snippet:-1, max-image-preview:large, max-video-preview:-1\" \/>\n<link rel=\"canonical\" href=\"https:\/\/www.anovapeneira.gal\/index.php\/2021\/01\/07\/xabier-perez-igrexas-concelleiro-do-bng-de-vigo\/\" \/>\n<meta property=\"og:locale\" content=\"gl_ES\" \/>\n<meta property=\"og:type\" content=\"article\" \/>\n<meta property=\"og:title\" content=\"Xabier P\u00e9rez Igrexas Concelleiro do BNG de Vigo -\" \/>\n<meta property=\"og:description\" content=\"O BNG recuperou, nas \u00faltimas elecci\u00f3ns municipais, a representaci\u00f3n institucional no concello de Vigo na persoa de Xabier P\u00e9rez Igrexas. E , consumido case un terzo do mandato, acheg\u00e1monos a conversar con el para co\u00f1ecer a valoraci\u00f3n dos nacionalistas sobre a situaci\u00f3n pol\u00edtica na nosa cidade. Vela\u00ed vai o que deu de si a nosa conversa\" \/>\n<meta property=\"og:url\" content=\"https:\/\/www.anovapeneira.gal\/index.php\/2021\/01\/07\/xabier-perez-igrexas-concelleiro-do-bng-de-vigo\/\" \/>\n<meta property=\"article:publisher\" content=\"https:\/\/www.facebook.com\/anovapeneira\" \/>\n<meta property=\"article:published_time\" content=\"2021-01-07T09:00:28+00:00\" \/>\n<meta property=\"og:image\" content=\"https:\/\/www.anovapeneira.gal\/wp-content\/uploads\/2021\/01\/xabier_perez_iglesias_bng_vigo.jpg\" \/>\n\t<meta property=\"og:image:width\" content=\"720\" \/>\n\t<meta property=\"og:image:height\" content=\"432\" \/>\n\t<meta property=\"og:image:type\" content=\"image\/jpeg\" \/>\n<meta name=\"author\" content=\"Redacci\u00f3n A Nova Peneira\" \/>\n<meta name=\"twitter:card\" content=\"summary_large_image\" \/>\n<meta name=\"twitter:creator\" content=\"@APeneira\" \/>\n<meta name=\"twitter:site\" content=\"@APeneira\" \/>\n<meta name=\"twitter:label1\" content=\"Escrito por\" \/>\n\t<meta name=\"twitter:data1\" content=\"Redacci\u00f3n A Nova Peneira\" \/>\n\t<meta name=\"twitter:label2\" content=\"Tempo de lectura\" \/>\n\t<meta name=\"twitter:data2\" content=\"8 minutos\" \/>\n<script type=\"application\/ld+json\" class=\"yoast-schema-graph\">{\"@context\":\"https:\\\/\\\/schema.org\",\"@graph\":[{\"@type\":\"Article\",\"@id\":\"https:\\\/\\\/www.anovapeneira.gal\\\/index.php\\\/2021\\\/01\\\/07\\\/xabier-perez-igrexas-concelleiro-do-bng-de-vigo\\\/#article\",\"isPartOf\":{\"@id\":\"https:\\\/\\\/www.anovapeneira.gal\\\/index.php\\\/2021\\\/01\\\/07\\\/xabier-perez-igrexas-concelleiro-do-bng-de-vigo\\\/\"},\"author\":{\"name\":\"Redacci\u00f3n A Nova Peneira\",\"@id\":\"https:\\\/\\\/www.anovapeneira.gal\\\/#\\\/schema\\\/person\\\/b93e3f8932e3f8da96334607eb6ac6aa\"},\"headline\":\"Xabier P\u00e9rez Igrexas Concelleiro do BNG de Vigo\",\"datePublished\":\"2021-01-07T09:00:28+00:00\",\"mainEntityOfPage\":{\"@id\":\"https:\\\/\\\/www.anovapeneira.gal\\\/index.php\\\/2021\\\/01\\\/07\\\/xabier-perez-igrexas-concelleiro-do-bng-de-vigo\\\/\"},\"wordCount\":1613,\"commentCount\":0,\"publisher\":{\"@id\":\"https:\\\/\\\/www.anovapeneira.gal\\\/#organization\"},\"image\":{\"@id\":\"https:\\\/\\\/www.anovapeneira.gal\\\/index.php\\\/2021\\\/01\\\/07\\\/xabier-perez-igrexas-concelleiro-do-bng-de-vigo\\\/#primaryimage\"},\"thumbnailUrl\":\"https:\\\/\\\/www.anovapeneira.gal\\\/wp-content\\\/uploads\\\/2021\\\/01\\\/xabier_perez_iglesias_bng_vigo.jpg\",\"keywords\":[\"Concello de Vigo\"],\"articleSection\":[\"Vigo\"],\"inLanguage\":\"gl-ES\",\"potentialAction\":[{\"@type\":\"CommentAction\",\"name\":\"Comment\",\"target\":[\"https:\\\/\\\/www.anovapeneira.gal\\\/index.php\\\/2021\\\/01\\\/07\\\/xabier-perez-igrexas-concelleiro-do-bng-de-vigo\\\/#respond\"]}]},{\"@type\":\"WebPage\",\"@id\":\"https:\\\/\\\/www.anovapeneira.gal\\\/index.php\\\/2021\\\/01\\\/07\\\/xabier-perez-igrexas-concelleiro-do-bng-de-vigo\\\/\",\"url\":\"https:\\\/\\\/www.anovapeneira.gal\\\/index.php\\\/2021\\\/01\\\/07\\\/xabier-perez-igrexas-concelleiro-do-bng-de-vigo\\\/\",\"name\":\"Xabier P\u00e9rez Igrexas Concelleiro do BNG de Vigo -\",\"isPartOf\":{\"@id\":\"https:\\\/\\\/www.anovapeneira.gal\\\/#website\"},\"primaryImageOfPage\":{\"@id\":\"https:\\\/\\\/www.anovapeneira.gal\\\/index.php\\\/2021\\\/01\\\/07\\\/xabier-perez-igrexas-concelleiro-do-bng-de-vigo\\\/#primaryimage\"},\"image\":{\"@id\":\"https:\\\/\\\/www.anovapeneira.gal\\\/index.php\\\/2021\\\/01\\\/07\\\/xabier-perez-igrexas-concelleiro-do-bng-de-vigo\\\/#primaryimage\"},\"thumbnailUrl\":\"https:\\\/\\\/www.anovapeneira.gal\\\/wp-content\\\/uploads\\\/2021\\\/01\\\/xabier_perez_iglesias_bng_vigo.jpg\",\"datePublished\":\"2021-01-07T09:00:28+00:00\",\"description\":\"O BNG recuperou, nas \u00faltimas elecci\u00f3ns municipais, a representaci\u00f3n institucional no concello de Vigo na persoa de Xabier P\u00e9rez Igrexas. E , consumido case un terzo do mandato, acheg\u00e1monos a conversar con el para co\u00f1ecer a valoraci\u00f3n dos nacionalistas sobre a situaci\u00f3n pol\u00edtica na nosa cidade. Vela\u00ed vai o que deu de si a nosa conversa\",\"breadcrumb\":{\"@id\":\"https:\\\/\\\/www.anovapeneira.gal\\\/index.php\\\/2021\\\/01\\\/07\\\/xabier-perez-igrexas-concelleiro-do-bng-de-vigo\\\/#breadcrumb\"},\"inLanguage\":\"gl-ES\",\"potentialAction\":[{\"@type\":\"ReadAction\",\"target\":[\"https:\\\/\\\/www.anovapeneira.gal\\\/index.php\\\/2021\\\/01\\\/07\\\/xabier-perez-igrexas-concelleiro-do-bng-de-vigo\\\/\"]}]},{\"@type\":\"ImageObject\",\"inLanguage\":\"gl-ES\",\"@id\":\"https:\\\/\\\/www.anovapeneira.gal\\\/index.php\\\/2021\\\/01\\\/07\\\/xabier-perez-igrexas-concelleiro-do-bng-de-vigo\\\/#primaryimage\",\"url\":\"https:\\\/\\\/www.anovapeneira.gal\\\/wp-content\\\/uploads\\\/2021\\\/01\\\/xabier_perez_iglesias_bng_vigo.jpg\",\"contentUrl\":\"https:\\\/\\\/www.anovapeneira.gal\\\/wp-content\\\/uploads\\\/2021\\\/01\\\/xabier_perez_iglesias_bng_vigo.jpg\",\"width\":720,\"height\":432,\"caption\":\"Xabier P\u00e9rez Igrexas Concelleiro do BNG de Vigo\"},{\"@type\":\"BreadcrumbList\",\"@id\":\"https:\\\/\\\/www.anovapeneira.gal\\\/index.php\\\/2021\\\/01\\\/07\\\/xabier-perez-igrexas-concelleiro-do-bng-de-vigo\\\/#breadcrumb\",\"itemListElement\":[{\"@type\":\"ListItem\",\"position\":1,\"name\":\"Portada\",\"item\":\"https:\\\/\\\/www.anovapeneira.gal\\\/\"},{\"@type\":\"ListItem\",\"position\":2,\"name\":\"Xabier P\u00e9rez Igrexas Concelleiro do BNG de Vigo\"}]},{\"@type\":\"WebSite\",\"@id\":\"https:\\\/\\\/www.anovapeneira.gal\\\/#website\",\"url\":\"https:\\\/\\\/www.anovapeneira.gal\\\/\",\"name\":\"\",\"description\":\"Xornal galego de informaci\u00f3n xeral Publicaci\u00f3n mensual de novas de Galicia e en especial dos Concellos da sur da provincia de Pontevedra.\",\"publisher\":{\"@id\":\"https:\\\/\\\/www.anovapeneira.gal\\\/#organization\"},\"potentialAction\":[{\"@type\":\"SearchAction\",\"target\":{\"@type\":\"EntryPoint\",\"urlTemplate\":\"https:\\\/\\\/www.anovapeneira.gal\\\/?s={search_term_string}\"},\"query-input\":{\"@type\":\"PropertyValueSpecification\",\"valueRequired\":true,\"valueName\":\"search_term_string\"}}],\"inLanguage\":\"gl-ES\"},{\"@type\":\"Organization\",\"@id\":\"https:\\\/\\\/www.anovapeneira.gal\\\/#organization\",\"name\":\"A Nova Peneira\",\"url\":\"https:\\\/\\\/www.anovapeneira.gal\\\/\",\"logo\":{\"@type\":\"ImageObject\",\"inLanguage\":\"gl-ES\",\"@id\":\"https:\\\/\\\/www.anovapeneira.gal\\\/#\\\/schema\\\/logo\\\/image\\\/\",\"url\":\"http:\\\/\\\/www.anovapeneira.gal\\\/wp-content\\\/uploads\\\/2019\\\/06\\\/logo_a_nova_peneira_portal_web.png\",\"contentUrl\":\"http:\\\/\\\/www.anovapeneira.gal\\\/wp-content\\\/uploads\\\/2019\\\/06\\\/logo_a_nova_peneira_portal_web.png\",\"width\":300,\"height\":100,\"caption\":\"A Nova Peneira\"},\"image\":{\"@id\":\"https:\\\/\\\/www.anovapeneira.gal\\\/#\\\/schema\\\/logo\\\/image\\\/\"},\"sameAs\":[\"https:\\\/\\\/www.facebook.com\\\/anovapeneira\",\"https:\\\/\\\/x.com\\\/APeneira\"]},{\"@type\":\"Person\",\"@id\":\"https:\\\/\\\/www.anovapeneira.gal\\\/#\\\/schema\\\/person\\\/b93e3f8932e3f8da96334607eb6ac6aa\",\"name\":\"Redacci\u00f3n A Nova Peneira\",\"image\":{\"@type\":\"ImageObject\",\"inLanguage\":\"gl-ES\",\"@id\":\"https:\\\/\\\/secure.gravatar.com\\\/avatar\\\/c052a2551a06e23fac63626232eaa90abd78dbcf1700fc46a2b2c89fd27b735f?s=96&d=mm&r=g\",\"url\":\"https:\\\/\\\/secure.gravatar.com\\\/avatar\\\/c052a2551a06e23fac63626232eaa90abd78dbcf1700fc46a2b2c89fd27b735f?s=96&d=mm&r=g\",\"contentUrl\":\"https:\\\/\\\/secure.gravatar.com\\\/avatar\\\/c052a2551a06e23fac63626232eaa90abd78dbcf1700fc46a2b2c89fd27b735f?s=96&d=mm&r=g\",\"caption\":\"Redacci\u00f3n A Nova Peneira\"},\"sameAs\":[\"http:\\\/\\\/www.anovapeneira.gal\\\/\"],\"url\":\"https:\\\/\\\/www.anovapeneira.gal\\\/index.php\\\/author\\\/redactor\\\/\"}]}<\/script>\n<!-- \/ Yoast SEO plugin. -->","yoast_head_json":{"title":"Xabier P\u00e9rez Igrexas Concelleiro do BNG de Vigo -","description":"O BNG recuperou, nas \u00faltimas elecci\u00f3ns municipais, a representaci\u00f3n institucional no concello de Vigo na persoa de Xabier P\u00e9rez Igrexas. E , consumido case un terzo do mandato, acheg\u00e1monos a conversar con el para co\u00f1ecer a valoraci\u00f3n dos nacionalistas sobre a situaci\u00f3n pol\u00edtica na nosa cidade. Vela\u00ed vai o que deu de si a nosa conversa","robots":{"index":"index","follow":"follow","max-snippet":"max-snippet:-1","max-image-preview":"max-image-preview:large","max-video-preview":"max-video-preview:-1"},"canonical":"https:\/\/www.anovapeneira.gal\/index.php\/2021\/01\/07\/xabier-perez-igrexas-concelleiro-do-bng-de-vigo\/","og_locale":"gl_ES","og_type":"article","og_title":"Xabier P\u00e9rez Igrexas Concelleiro do BNG de Vigo -","og_description":"O BNG recuperou, nas \u00faltimas elecci\u00f3ns municipais, a representaci\u00f3n institucional no concello de Vigo na persoa de Xabier P\u00e9rez Igrexas. E , consumido case un terzo do mandato, acheg\u00e1monos a conversar con el para co\u00f1ecer a valoraci\u00f3n dos nacionalistas sobre a situaci\u00f3n pol\u00edtica na nosa cidade. Vela\u00ed vai o que deu de si a nosa conversa","og_url":"https:\/\/www.anovapeneira.gal\/index.php\/2021\/01\/07\/xabier-perez-igrexas-concelleiro-do-bng-de-vigo\/","article_publisher":"https:\/\/www.facebook.com\/anovapeneira","article_published_time":"2021-01-07T09:00:28+00:00","og_image":[{"width":720,"height":432,"url":"https:\/\/www.anovapeneira.gal\/wp-content\/uploads\/2021\/01\/xabier_perez_iglesias_bng_vigo.jpg","type":"image\/jpeg"}],"author":"Redacci\u00f3n A Nova Peneira","twitter_card":"summary_large_image","twitter_creator":"@APeneira","twitter_site":"@APeneira","twitter_misc":{"Escrito por":"Redacci\u00f3n A Nova Peneira","Tempo de lectura":"8 minutos"},"schema":{"@context":"https:\/\/schema.org","@graph":[{"@type":"Article","@id":"https:\/\/www.anovapeneira.gal\/index.php\/2021\/01\/07\/xabier-perez-igrexas-concelleiro-do-bng-de-vigo\/#article","isPartOf":{"@id":"https:\/\/www.anovapeneira.gal\/index.php\/2021\/01\/07\/xabier-perez-igrexas-concelleiro-do-bng-de-vigo\/"},"author":{"name":"Redacci\u00f3n A Nova Peneira","@id":"https:\/\/www.anovapeneira.gal\/#\/schema\/person\/b93e3f8932e3f8da96334607eb6ac6aa"},"headline":"Xabier P\u00e9rez Igrexas Concelleiro do BNG de Vigo","datePublished":"2021-01-07T09:00:28+00:00","mainEntityOfPage":{"@id":"https:\/\/www.anovapeneira.gal\/index.php\/2021\/01\/07\/xabier-perez-igrexas-concelleiro-do-bng-de-vigo\/"},"wordCount":1613,"commentCount":0,"publisher":{"@id":"https:\/\/www.anovapeneira.gal\/#organization"},"image":{"@id":"https:\/\/www.anovapeneira.gal\/index.php\/2021\/01\/07\/xabier-perez-igrexas-concelleiro-do-bng-de-vigo\/#primaryimage"},"thumbnailUrl":"https:\/\/www.anovapeneira.gal\/wp-content\/uploads\/2021\/01\/xabier_perez_iglesias_bng_vigo.jpg","keywords":["Concello de Vigo"],"articleSection":["Vigo"],"inLanguage":"gl-ES","potentialAction":[{"@type":"CommentAction","name":"Comment","target":["https:\/\/www.anovapeneira.gal\/index.php\/2021\/01\/07\/xabier-perez-igrexas-concelleiro-do-bng-de-vigo\/#respond"]}]},{"@type":"WebPage","@id":"https:\/\/www.anovapeneira.gal\/index.php\/2021\/01\/07\/xabier-perez-igrexas-concelleiro-do-bng-de-vigo\/","url":"https:\/\/www.anovapeneira.gal\/index.php\/2021\/01\/07\/xabier-perez-igrexas-concelleiro-do-bng-de-vigo\/","name":"Xabier P\u00e9rez Igrexas Concelleiro do BNG de Vigo -","isPartOf":{"@id":"https:\/\/www.anovapeneira.gal\/#website"},"primaryImageOfPage":{"@id":"https:\/\/www.anovapeneira.gal\/index.php\/2021\/01\/07\/xabier-perez-igrexas-concelleiro-do-bng-de-vigo\/#primaryimage"},"image":{"@id":"https:\/\/www.anovapeneira.gal\/index.php\/2021\/01\/07\/xabier-perez-igrexas-concelleiro-do-bng-de-vigo\/#primaryimage"},"thumbnailUrl":"https:\/\/www.anovapeneira.gal\/wp-content\/uploads\/2021\/01\/xabier_perez_iglesias_bng_vigo.jpg","datePublished":"2021-01-07T09:00:28+00:00","description":"O BNG recuperou, nas \u00faltimas elecci\u00f3ns municipais, a representaci\u00f3n institucional no concello de Vigo na persoa de Xabier P\u00e9rez Igrexas. E , consumido case un terzo do mandato, acheg\u00e1monos a conversar con el para co\u00f1ecer a valoraci\u00f3n dos nacionalistas sobre a situaci\u00f3n pol\u00edtica na nosa cidade. Vela\u00ed vai o que deu de si a nosa conversa","breadcrumb":{"@id":"https:\/\/www.anovapeneira.gal\/index.php\/2021\/01\/07\/xabier-perez-igrexas-concelleiro-do-bng-de-vigo\/#breadcrumb"},"inLanguage":"gl-ES","potentialAction":[{"@type":"ReadAction","target":["https:\/\/www.anovapeneira.gal\/index.php\/2021\/01\/07\/xabier-perez-igrexas-concelleiro-do-bng-de-vigo\/"]}]},{"@type":"ImageObject","inLanguage":"gl-ES","@id":"https:\/\/www.anovapeneira.gal\/index.php\/2021\/01\/07\/xabier-perez-igrexas-concelleiro-do-bng-de-vigo\/#primaryimage","url":"https:\/\/www.anovapeneira.gal\/wp-content\/uploads\/2021\/01\/xabier_perez_iglesias_bng_vigo.jpg","contentUrl":"https:\/\/www.anovapeneira.gal\/wp-content\/uploads\/2021\/01\/xabier_perez_iglesias_bng_vigo.jpg","width":720,"height":432,"caption":"Xabier P\u00e9rez Igrexas Concelleiro do BNG de Vigo"},{"@type":"BreadcrumbList","@id":"https:\/\/www.anovapeneira.gal\/index.php\/2021\/01\/07\/xabier-perez-igrexas-concelleiro-do-bng-de-vigo\/#breadcrumb","itemListElement":[{"@type":"ListItem","position":1,"name":"Portada","item":"https:\/\/www.anovapeneira.gal\/"},{"@type":"ListItem","position":2,"name":"Xabier P\u00e9rez Igrexas Concelleiro do BNG de Vigo"}]},{"@type":"WebSite","@id":"https:\/\/www.anovapeneira.gal\/#website","url":"https:\/\/www.anovapeneira.gal\/","name":"","description":"Xornal galego de informaci\u00f3n xeral Publicaci\u00f3n mensual de novas de Galicia e en especial dos Concellos da sur da provincia de Pontevedra.","publisher":{"@id":"https:\/\/www.anovapeneira.gal\/#organization"},"potentialAction":[{"@type":"SearchAction","target":{"@type":"EntryPoint","urlTemplate":"https:\/\/www.anovapeneira.gal\/?s={search_term_string}"},"query-input":{"@type":"PropertyValueSpecification","valueRequired":true,"valueName":"search_term_string"}}],"inLanguage":"gl-ES"},{"@type":"Organization","@id":"https:\/\/www.anovapeneira.gal\/#organization","name":"A Nova Peneira","url":"https:\/\/www.anovapeneira.gal\/","logo":{"@type":"ImageObject","inLanguage":"gl-ES","@id":"https:\/\/www.anovapeneira.gal\/#\/schema\/logo\/image\/","url":"http:\/\/www.anovapeneira.gal\/wp-content\/uploads\/2019\/06\/logo_a_nova_peneira_portal_web.png","contentUrl":"http:\/\/www.anovapeneira.gal\/wp-content\/uploads\/2019\/06\/logo_a_nova_peneira_portal_web.png","width":300,"height":100,"caption":"A Nova Peneira"},"image":{"@id":"https:\/\/www.anovapeneira.gal\/#\/schema\/logo\/image\/"},"sameAs":["https:\/\/www.facebook.com\/anovapeneira","https:\/\/x.com\/APeneira"]},{"@type":"Person","@id":"https:\/\/www.anovapeneira.gal\/#\/schema\/person\/b93e3f8932e3f8da96334607eb6ac6aa","name":"Redacci\u00f3n A Nova Peneira","image":{"@type":"ImageObject","inLanguage":"gl-ES","@id":"https:\/\/secure.gravatar.com\/avatar\/c052a2551a06e23fac63626232eaa90abd78dbcf1700fc46a2b2c89fd27b735f?s=96&d=mm&r=g","url":"https:\/\/secure.gravatar.com\/avatar\/c052a2551a06e23fac63626232eaa90abd78dbcf1700fc46a2b2c89fd27b735f?s=96&d=mm&r=g","contentUrl":"https:\/\/secure.gravatar.com\/avatar\/c052a2551a06e23fac63626232eaa90abd78dbcf1700fc46a2b2c89fd27b735f?s=96&d=mm&r=g","caption":"Redacci\u00f3n A Nova Peneira"},"sameAs":["http:\/\/www.anovapeneira.gal\/"],"url":"https:\/\/www.anovapeneira.gal\/index.php\/author\/redactor\/"}]}},"jetpack_featured_media_url":"https:\/\/www.anovapeneira.gal\/wp-content\/uploads\/2021\/01\/xabier_perez_iglesias_bng_vigo.jpg","_links":{"self":[{"href":"https:\/\/www.anovapeneira.gal\/index.php\/wp-json\/wp\/v2\/posts\/4617","targetHints":{"allow":["GET"]}}],"collection":[{"href":"https:\/\/www.anovapeneira.gal\/index.php\/wp-json\/wp\/v2\/posts"}],"about":[{"href":"https:\/\/www.anovapeneira.gal\/index.php\/wp-json\/wp\/v2\/types\/post"}],"author":[{"embeddable":true,"href":"https:\/\/www.anovapeneira.gal\/index.php\/wp-json\/wp\/v2\/users\/3"}],"replies":[{"embeddable":true,"href":"https:\/\/www.anovapeneira.gal\/index.php\/wp-json\/wp\/v2\/comments?post=4617"}],"version-history":[{"count":1,"href":"https:\/\/www.anovapeneira.gal\/index.php\/wp-json\/wp\/v2\/posts\/4617\/revisions"}],"predecessor-version":[{"id":4619,"href":"https:\/\/www.anovapeneira.gal\/index.php\/wp-json\/wp\/v2\/posts\/4617\/revisions\/4619"}],"wp:featuredmedia":[{"embeddable":true,"href":"https:\/\/www.anovapeneira.gal\/index.php\/wp-json\/wp\/v2\/media\/4618"}],"wp:attachment":[{"href":"https:\/\/www.anovapeneira.gal\/index.php\/wp-json\/wp\/v2\/media?parent=4617"}],"wp:term":[{"taxonomy":"category","embeddable":true,"href":"https:\/\/www.anovapeneira.gal\/index.php\/wp-json\/wp\/v2\/categories?post=4617"},{"taxonomy":"post_tag","embeddable":true,"href":"https:\/\/www.anovapeneira.gal\/index.php\/wp-json\/wp\/v2\/tags?post=4617"}],"curies":[{"name":"wp","href":"https:\/\/api.w.org\/{rel}","templated":true}]}}