{"id":4620,"date":"2021-01-07T12:00:16","date_gmt":"2021-01-07T11:00:16","guid":{"rendered":"http:\/\/www.anovapeneira.gal\/?p=4620"},"modified":"2021-01-05T13:53:54","modified_gmt":"2021-01-05T12:53:54","slug":"a-deputacion-concede-27-subvencions-para-actividades-de-lingua-a-entidades-da-provincia","status":"publish","type":"post","link":"https:\/\/www.anovapeneira.gal\/index.php\/2021\/01\/07\/a-deputacion-concede-27-subvencions-para-actividades-de-lingua-a-entidades-da-provincia\/","title":{"rendered":"A Deputaci\u00f3n concede 27 subvenci\u00f3ns para actividades de lingua a entidades da Provincia"},"content":{"rendered":"\n<p><strong>Pontevedra, 4 de xaneiro de 2021<\/strong><\/p>\n\n\n\n<h2 class=\"wp-block-heading\"><strong><br>No sur da provincia son beneficiarias dez entidades viguesas, d\u00faas en Redondela, d\u00faas en Ponteareas e unha en A Guarda&nbsp;<\/strong><\/h2>\n\n\n\n<p>A Deputaci\u00f3n de Pontevedra v\u00e9n de aprobar 27 subvenci\u00f3ns do Departamento de Lingua a entidades culturais da provincia de Pontevedra sen \u00e1nimo de lucro para a difusi\u00f3n e normalizaci\u00f3n do galego, quedando f\u00f3ra das axudas cinco colectivos. A deputada responsable da \u00e1rea, Mar\u00eda Ortega, subli\u00f1ou que as axudas entreg\u00e1ronse a asociaci\u00f3ns dunha ducia de concellos da provincia cunha partida inicial de 150.000 euros.<\/p>\n\n\n\n<p>No sur da provincia son beneficiarias dez entidades en Vigo, d\u00faas en Redondela, d\u00faas en Ponteareas e unha en A Guarda. No municipio ol\u00edvico a Asociaic\u00f3n de Enfermos de Alzheimer recibiu unha achega para realizar unha creaci\u00f3n literaria or parte de p\u00fablico infantil; a Asociaci\u00f3n Feria do Leste para o 3\u00ba Certame de Nova Dramaturxia Galega Actual; a Asociaci\u00f3n Valadares recibiu d\u00faas achegas para reco\u00f1ecer a figura de Nazario Gonz\u00e1lez Moxenas e para difundir o teatro feito en galego; a Asociaci\u00f3n Ponte nas Ondas para o 3\u00ba Certame \u2018As imaxes no Patrimonio\u2019; a Sociaci\u00f3n Mulleres Pedra da Vella para a homenaxe a Carvalho Calero; a Federaci\u00f3n Venezolana de Galicia para os obradoiros de fomento de lingua galega no comercio e na industria; a Fundaci\u00f3n Carlos Casares para o cat\u00e1logo e a exposici\u00f3n \u2018O humor en Carlos Casares\u2019; a Fundaci\u00f3n para a Pesca e o Marisqueo para a creaci\u00f3n do caderno de bit\u00e1cora \u2018Vigo Pesqueiro\u2019; e a Sociedade Cultural e Deportiva Atl\u00e1ntida para o seu festival.&nbsp;<\/p>\n\n\n\n<p>No Concello de Redondela as entidades beneficiarias foron a Asociaci\u00f3n de Empresarios de Redondela para a campa\u00f1a \u2018Tarxetas agasallo no Comercio local\u2019, e a Asociaci\u00f3n Cultural e Social de Chapela para promover o galego mediante a m\u00fasica entre diferentes idades. En Ponteareas recibiron subvenci\u00f3n a Asociaci\u00f3n de Maiores, para o obradoiro de habilidades instrumentais b\u00e1sicas en galego e a Asociaci\u00f3n de Veci\u00f1anza Pi\u00f1eiro Manso para roterios interpretativos sobre autores galegos. En A Guarda a Asociaci\u00f3n Trasn Mi\u00f1o recibiu unha achega para dar a co\u00f1ecer en galego actitudes e acci\u00f3ns LGBIf\u00f3bicas.<\/p>\n\n\n\n<p>Quedaron exclu\u00eddos tres traballos de A Estrada, Mondariz, Ponteareas, Pontevedra e Vigo por non cumprir coas bases ou por renunciar ao non poder levar adiante a actividade.<\/p>\n\n\n\n<p>Para a concesi\u00f3n das subvenci\u00f3ns, dende a Deputaci\u00f3n valor\u00e1ronse as acci\u00f3ns de fomento da creaci\u00f3n e difusi\u00f3n cultural en lingua galega (certames literarios e xornal\u00edsticos, creaci\u00f3n audiovisual e literaria, feiras e eventos que promovan a creaci\u00f3n en lingua galega), as actuaci\u00f3ns en materia de socioling\u00fc\u00edstica e toponimia (estudos e publicaci\u00f3ns sobre socioling\u00fc\u00edstica, xornadas e publicaci\u00f3ns de recuperaci\u00f3n da toponimia\u2026 ), o fomento do emprego do galego no comercio e na industria con xornadas, campa\u00f1as e publicaci\u00f3ns para a dinamizaci\u00f3n comercial en lingua galega, ou os reco\u00f1ecementos e distinci\u00f3ns, en relaci\u00f3n a actividades, acci\u00f3ns e publicaci\u00f3ns relacionadas coa conmemoraci\u00f3n do D\u00eda das Letras Galegas ou que reco\u00f1ezan o labor de persoas ou colectivos que aposten polo galego.<\/p>\n","protected":false},"excerpt":{"rendered":"<div class=\"mh-excerpt\"><p>No sur da provincia son beneficiarias dez entidades viguesas, d\u00faas en Redondela, d\u00faas en Ponteareas e unha en A Guarda  <a class=\"mh-excerpt-more\" href=\"https:\/\/www.anovapeneira.gal\/index.php\/2021\/01\/07\/a-deputacion-concede-27-subvencions-para-actividades-de-lingua-a-entidades-da-provincia\/\" title=\"A Deputaci\u00f3n concede 27 subvenci\u00f3ns para actividades de lingua a entidades da Provincia\">[&#8230;]<\/a><\/p>\n<\/div>","protected":false},"author":3,"featured_media":1206,"comment_status":"open","ping_status":"open","sticky":false,"template":"","format":"standard","meta":{"_exactmetrics_skip_tracking":false,"_exactmetrics_sitenote_active":false,"_exactmetrics_sitenote_note":"","_exactmetrics_sitenote_category":0,"footnotes":""},"categories":[263],"tags":[111],"class_list":{"0":"post-4620","1":"post","2":"type-post","3":"status-publish","4":"format-standard","5":"has-post-thumbnail","7":"category-novas","8":"tag-deputacion-pontevedra"},"yoast_head":"<!-- This site is optimized with the Yoast SEO plugin v27.4 - https:\/\/yoast.com\/product\/yoast-seo-wordpress\/ -->\n<title>A Deputaci\u00f3n concede 27 subvenci\u00f3ns para actividades de lingua a entidades da Provincia -<\/title>\n<meta name=\"description\" content=\"No sur da provincia son beneficiarias dez entidades viguesas, d\u00faas en Redondela, d\u00faas en Ponteareas e unha en A Guarda\" \/>\n<meta name=\"robots\" content=\"index, follow, max-snippet:-1, max-image-preview:large, max-video-preview:-1\" \/>\n<link rel=\"canonical\" href=\"https:\/\/www.anovapeneira.gal\/index.php\/2021\/01\/07\/a-deputacion-concede-27-subvencions-para-actividades-de-lingua-a-entidades-da-provincia\/\" \/>\n<meta property=\"og:locale\" content=\"gl_ES\" \/>\n<meta property=\"og:type\" content=\"article\" \/>\n<meta property=\"og:title\" content=\"A Deputaci\u00f3n concede 27 subvenci\u00f3ns para actividades de lingua a entidades da Provincia -\" \/>\n<meta property=\"og:description\" content=\"No sur da provincia son beneficiarias dez entidades viguesas, d\u00faas en Redondela, d\u00faas en Ponteareas e unha en A Guarda\" \/>\n<meta property=\"og:url\" content=\"https:\/\/www.anovapeneira.gal\/index.php\/2021\/01\/07\/a-deputacion-concede-27-subvencions-para-actividades-de-lingua-a-entidades-da-provincia\/\" \/>\n<meta property=\"article:publisher\" content=\"https:\/\/www.facebook.com\/anovapeneira\" \/>\n<meta property=\"article:published_time\" content=\"2021-01-07T11:00:16+00:00\" \/>\n<meta property=\"og:image\" content=\"https:\/\/www.anovapeneira.gal\/wp-content\/uploads\/2019\/09\/logo_deputacion_pontevedra_a_nova_peneira-e1567926730380.jpg\" \/>\n\t<meta property=\"og:image:width\" content=\"703\" \/>\n\t<meta property=\"og:image:height\" content=\"460\" \/>\n\t<meta property=\"og:image:type\" content=\"image\/jpeg\" \/>\n<meta name=\"author\" content=\"Redacci\u00f3n A Nova Peneira\" \/>\n<meta name=\"twitter:card\" content=\"summary_large_image\" \/>\n<meta name=\"twitter:creator\" content=\"@APeneira\" \/>\n<meta name=\"twitter:site\" content=\"@APeneira\" \/>\n<meta name=\"twitter:label1\" content=\"Escrito por\" \/>\n\t<meta name=\"twitter:data1\" content=\"Redacci\u00f3n A Nova Peneira\" \/>\n\t<meta name=\"twitter:label2\" content=\"Tempo de lectura\" \/>\n\t<meta name=\"twitter:data2\" content=\"3 minutos\" \/>\n<script type=\"application\/ld+json\" class=\"yoast-schema-graph\">{\"@context\":\"https:\\\/\\\/schema.org\",\"@graph\":[{\"@type\":\"Article\",\"@id\":\"https:\\\/\\\/www.anovapeneira.gal\\\/index.php\\\/2021\\\/01\\\/07\\\/a-deputacion-concede-27-subvencions-para-actividades-de-lingua-a-entidades-da-provincia\\\/#article\",\"isPartOf\":{\"@id\":\"https:\\\/\\\/www.anovapeneira.gal\\\/index.php\\\/2021\\\/01\\\/07\\\/a-deputacion-concede-27-subvencions-para-actividades-de-lingua-a-entidades-da-provincia\\\/\"},\"author\":{\"name\":\"Redacci\u00f3n A Nova Peneira\",\"@id\":\"https:\\\/\\\/www.anovapeneira.gal\\\/#\\\/schema\\\/person\\\/b93e3f8932e3f8da96334607eb6ac6aa\"},\"headline\":\"A Deputaci\u00f3n concede 27 subvenci\u00f3ns para actividades de lingua a entidades da Provincia\",\"datePublished\":\"2021-01-07T11:00:16+00:00\",\"mainEntityOfPage\":{\"@id\":\"https:\\\/\\\/www.anovapeneira.gal\\\/index.php\\\/2021\\\/01\\\/07\\\/a-deputacion-concede-27-subvencions-para-actividades-de-lingua-a-entidades-da-provincia\\\/\"},\"wordCount\":572,\"commentCount\":0,\"publisher\":{\"@id\":\"https:\\\/\\\/www.anovapeneira.gal\\\/#organization\"},\"image\":{\"@id\":\"https:\\\/\\\/www.anovapeneira.gal\\\/index.php\\\/2021\\\/01\\\/07\\\/a-deputacion-concede-27-subvencions-para-actividades-de-lingua-a-entidades-da-provincia\\\/#primaryimage\"},\"thumbnailUrl\":\"https:\\\/\\\/www.anovapeneira.gal\\\/wp-content\\\/uploads\\\/2019\\\/09\\\/logo_deputacion_pontevedra_a_nova_peneira-e1567926730380.jpg\",\"keywords\":[\"Deputaci\u00f3n Pontevedra\"],\"articleSection\":[\"Novas\"],\"inLanguage\":\"gl-ES\",\"potentialAction\":[{\"@type\":\"CommentAction\",\"name\":\"Comment\",\"target\":[\"https:\\\/\\\/www.anovapeneira.gal\\\/index.php\\\/2021\\\/01\\\/07\\\/a-deputacion-concede-27-subvencions-para-actividades-de-lingua-a-entidades-da-provincia\\\/#respond\"]}]},{\"@type\":\"WebPage\",\"@id\":\"https:\\\/\\\/www.anovapeneira.gal\\\/index.php\\\/2021\\\/01\\\/07\\\/a-deputacion-concede-27-subvencions-para-actividades-de-lingua-a-entidades-da-provincia\\\/\",\"url\":\"https:\\\/\\\/www.anovapeneira.gal\\\/index.php\\\/2021\\\/01\\\/07\\\/a-deputacion-concede-27-subvencions-para-actividades-de-lingua-a-entidades-da-provincia\\\/\",\"name\":\"A Deputaci\u00f3n concede 27 subvenci\u00f3ns para actividades de lingua a entidades da Provincia -\",\"isPartOf\":{\"@id\":\"https:\\\/\\\/www.anovapeneira.gal\\\/#website\"},\"primaryImageOfPage\":{\"@id\":\"https:\\\/\\\/www.anovapeneira.gal\\\/index.php\\\/2021\\\/01\\\/07\\\/a-deputacion-concede-27-subvencions-para-actividades-de-lingua-a-entidades-da-provincia\\\/#primaryimage\"},\"image\":{\"@id\":\"https:\\\/\\\/www.anovapeneira.gal\\\/index.php\\\/2021\\\/01\\\/07\\\/a-deputacion-concede-27-subvencions-para-actividades-de-lingua-a-entidades-da-provincia\\\/#primaryimage\"},\"thumbnailUrl\":\"https:\\\/\\\/www.anovapeneira.gal\\\/wp-content\\\/uploads\\\/2019\\\/09\\\/logo_deputacion_pontevedra_a_nova_peneira-e1567926730380.jpg\",\"datePublished\":\"2021-01-07T11:00:16+00:00\",\"description\":\"No sur da provincia son beneficiarias dez entidades viguesas, d\u00faas en Redondela, d\u00faas en Ponteareas e unha en A Guarda\",\"breadcrumb\":{\"@id\":\"https:\\\/\\\/www.anovapeneira.gal\\\/index.php\\\/2021\\\/01\\\/07\\\/a-deputacion-concede-27-subvencions-para-actividades-de-lingua-a-entidades-da-provincia\\\/#breadcrumb\"},\"inLanguage\":\"gl-ES\",\"potentialAction\":[{\"@type\":\"ReadAction\",\"target\":[\"https:\\\/\\\/www.anovapeneira.gal\\\/index.php\\\/2021\\\/01\\\/07\\\/a-deputacion-concede-27-subvencions-para-actividades-de-lingua-a-entidades-da-provincia\\\/\"]}]},{\"@type\":\"ImageObject\",\"inLanguage\":\"gl-ES\",\"@id\":\"https:\\\/\\\/www.anovapeneira.gal\\\/index.php\\\/2021\\\/01\\\/07\\\/a-deputacion-concede-27-subvencions-para-actividades-de-lingua-a-entidades-da-provincia\\\/#primaryimage\",\"url\":\"https:\\\/\\\/www.anovapeneira.gal\\\/wp-content\\\/uploads\\\/2019\\\/09\\\/logo_deputacion_pontevedra_a_nova_peneira-e1567926730380.jpg\",\"contentUrl\":\"https:\\\/\\\/www.anovapeneira.gal\\\/wp-content\\\/uploads\\\/2019\\\/09\\\/logo_deputacion_pontevedra_a_nova_peneira-e1567926730380.jpg\",\"width\":703,\"height\":460,\"caption\":\"Deputaci\u00f3n de Pontevedra A Nova Peneira\"},{\"@type\":\"BreadcrumbList\",\"@id\":\"https:\\\/\\\/www.anovapeneira.gal\\\/index.php\\\/2021\\\/01\\\/07\\\/a-deputacion-concede-27-subvencions-para-actividades-de-lingua-a-entidades-da-provincia\\\/#breadcrumb\",\"itemListElement\":[{\"@type\":\"ListItem\",\"position\":1,\"name\":\"Portada\",\"item\":\"https:\\\/\\\/www.anovapeneira.gal\\\/\"},{\"@type\":\"ListItem\",\"position\":2,\"name\":\"A Deputaci\u00f3n concede 27 subvenci\u00f3ns para actividades de lingua a entidades da Provincia\"}]},{\"@type\":\"WebSite\",\"@id\":\"https:\\\/\\\/www.anovapeneira.gal\\\/#website\",\"url\":\"https:\\\/\\\/www.anovapeneira.gal\\\/\",\"name\":\"\",\"description\":\"Xornal galego de informaci\u00f3n xeral Publicaci\u00f3n mensual de novas de Galicia e en especial dos Concellos da sur da provincia de Pontevedra.\",\"publisher\":{\"@id\":\"https:\\\/\\\/www.anovapeneira.gal\\\/#organization\"},\"potentialAction\":[{\"@type\":\"SearchAction\",\"target\":{\"@type\":\"EntryPoint\",\"urlTemplate\":\"https:\\\/\\\/www.anovapeneira.gal\\\/?s={search_term_string}\"},\"query-input\":{\"@type\":\"PropertyValueSpecification\",\"valueRequired\":true,\"valueName\":\"search_term_string\"}}],\"inLanguage\":\"gl-ES\"},{\"@type\":\"Organization\",\"@id\":\"https:\\\/\\\/www.anovapeneira.gal\\\/#organization\",\"name\":\"A Nova Peneira\",\"url\":\"https:\\\/\\\/www.anovapeneira.gal\\\/\",\"logo\":{\"@type\":\"ImageObject\",\"inLanguage\":\"gl-ES\",\"@id\":\"https:\\\/\\\/www.anovapeneira.gal\\\/#\\\/schema\\\/logo\\\/image\\\/\",\"url\":\"http:\\\/\\\/www.anovapeneira.gal\\\/wp-content\\\/uploads\\\/2019\\\/06\\\/logo_a_nova_peneira_portal_web.png\",\"contentUrl\":\"http:\\\/\\\/www.anovapeneira.gal\\\/wp-content\\\/uploads\\\/2019\\\/06\\\/logo_a_nova_peneira_portal_web.png\",\"width\":300,\"height\":100,\"caption\":\"A Nova Peneira\"},\"image\":{\"@id\":\"https:\\\/\\\/www.anovapeneira.gal\\\/#\\\/schema\\\/logo\\\/image\\\/\"},\"sameAs\":[\"https:\\\/\\\/www.facebook.com\\\/anovapeneira\",\"https:\\\/\\\/x.com\\\/APeneira\"]},{\"@type\":\"Person\",\"@id\":\"https:\\\/\\\/www.anovapeneira.gal\\\/#\\\/schema\\\/person\\\/b93e3f8932e3f8da96334607eb6ac6aa\",\"name\":\"Redacci\u00f3n A Nova Peneira\",\"image\":{\"@type\":\"ImageObject\",\"inLanguage\":\"gl-ES\",\"@id\":\"https:\\\/\\\/secure.gravatar.com\\\/avatar\\\/c052a2551a06e23fac63626232eaa90abd78dbcf1700fc46a2b2c89fd27b735f?s=96&d=mm&r=g\",\"url\":\"https:\\\/\\\/secure.gravatar.com\\\/avatar\\\/c052a2551a06e23fac63626232eaa90abd78dbcf1700fc46a2b2c89fd27b735f?s=96&d=mm&r=g\",\"contentUrl\":\"https:\\\/\\\/secure.gravatar.com\\\/avatar\\\/c052a2551a06e23fac63626232eaa90abd78dbcf1700fc46a2b2c89fd27b735f?s=96&d=mm&r=g\",\"caption\":\"Redacci\u00f3n A Nova Peneira\"},\"sameAs\":[\"http:\\\/\\\/www.anovapeneira.gal\\\/\"],\"url\":\"https:\\\/\\\/www.anovapeneira.gal\\\/index.php\\\/author\\\/redactor\\\/\"}]}<\/script>\n<!-- \/ Yoast SEO plugin. -->","yoast_head_json":{"title":"A Deputaci\u00f3n concede 27 subvenci\u00f3ns para actividades de lingua a entidades da Provincia -","description":"No sur da provincia son beneficiarias dez entidades viguesas, d\u00faas en Redondela, d\u00faas en Ponteareas e unha en A Guarda","robots":{"index":"index","follow":"follow","max-snippet":"max-snippet:-1","max-image-preview":"max-image-preview:large","max-video-preview":"max-video-preview:-1"},"canonical":"https:\/\/www.anovapeneira.gal\/index.php\/2021\/01\/07\/a-deputacion-concede-27-subvencions-para-actividades-de-lingua-a-entidades-da-provincia\/","og_locale":"gl_ES","og_type":"article","og_title":"A Deputaci\u00f3n concede 27 subvenci\u00f3ns para actividades de lingua a entidades da Provincia -","og_description":"No sur da provincia son beneficiarias dez entidades viguesas, d\u00faas en Redondela, d\u00faas en Ponteareas e unha en A Guarda","og_url":"https:\/\/www.anovapeneira.gal\/index.php\/2021\/01\/07\/a-deputacion-concede-27-subvencions-para-actividades-de-lingua-a-entidades-da-provincia\/","article_publisher":"https:\/\/www.facebook.com\/anovapeneira","article_published_time":"2021-01-07T11:00:16+00:00","og_image":[{"width":703,"height":460,"url":"https:\/\/www.anovapeneira.gal\/wp-content\/uploads\/2019\/09\/logo_deputacion_pontevedra_a_nova_peneira-e1567926730380.jpg","type":"image\/jpeg"}],"author":"Redacci\u00f3n A Nova Peneira","twitter_card":"summary_large_image","twitter_creator":"@APeneira","twitter_site":"@APeneira","twitter_misc":{"Escrito por":"Redacci\u00f3n A Nova Peneira","Tempo de lectura":"3 minutos"},"schema":{"@context":"https:\/\/schema.org","@graph":[{"@type":"Article","@id":"https:\/\/www.anovapeneira.gal\/index.php\/2021\/01\/07\/a-deputacion-concede-27-subvencions-para-actividades-de-lingua-a-entidades-da-provincia\/#article","isPartOf":{"@id":"https:\/\/www.anovapeneira.gal\/index.php\/2021\/01\/07\/a-deputacion-concede-27-subvencions-para-actividades-de-lingua-a-entidades-da-provincia\/"},"author":{"name":"Redacci\u00f3n A Nova Peneira","@id":"https:\/\/www.anovapeneira.gal\/#\/schema\/person\/b93e3f8932e3f8da96334607eb6ac6aa"},"headline":"A Deputaci\u00f3n concede 27 subvenci\u00f3ns para actividades de lingua a entidades da Provincia","datePublished":"2021-01-07T11:00:16+00:00","mainEntityOfPage":{"@id":"https:\/\/www.anovapeneira.gal\/index.php\/2021\/01\/07\/a-deputacion-concede-27-subvencions-para-actividades-de-lingua-a-entidades-da-provincia\/"},"wordCount":572,"commentCount":0,"publisher":{"@id":"https:\/\/www.anovapeneira.gal\/#organization"},"image":{"@id":"https:\/\/www.anovapeneira.gal\/index.php\/2021\/01\/07\/a-deputacion-concede-27-subvencions-para-actividades-de-lingua-a-entidades-da-provincia\/#primaryimage"},"thumbnailUrl":"https:\/\/www.anovapeneira.gal\/wp-content\/uploads\/2019\/09\/logo_deputacion_pontevedra_a_nova_peneira-e1567926730380.jpg","keywords":["Deputaci\u00f3n Pontevedra"],"articleSection":["Novas"],"inLanguage":"gl-ES","potentialAction":[{"@type":"CommentAction","name":"Comment","target":["https:\/\/www.anovapeneira.gal\/index.php\/2021\/01\/07\/a-deputacion-concede-27-subvencions-para-actividades-de-lingua-a-entidades-da-provincia\/#respond"]}]},{"@type":"WebPage","@id":"https:\/\/www.anovapeneira.gal\/index.php\/2021\/01\/07\/a-deputacion-concede-27-subvencions-para-actividades-de-lingua-a-entidades-da-provincia\/","url":"https:\/\/www.anovapeneira.gal\/index.php\/2021\/01\/07\/a-deputacion-concede-27-subvencions-para-actividades-de-lingua-a-entidades-da-provincia\/","name":"A Deputaci\u00f3n concede 27 subvenci\u00f3ns para actividades de lingua a entidades da Provincia -","isPartOf":{"@id":"https:\/\/www.anovapeneira.gal\/#website"},"primaryImageOfPage":{"@id":"https:\/\/www.anovapeneira.gal\/index.php\/2021\/01\/07\/a-deputacion-concede-27-subvencions-para-actividades-de-lingua-a-entidades-da-provincia\/#primaryimage"},"image":{"@id":"https:\/\/www.anovapeneira.gal\/index.php\/2021\/01\/07\/a-deputacion-concede-27-subvencions-para-actividades-de-lingua-a-entidades-da-provincia\/#primaryimage"},"thumbnailUrl":"https:\/\/www.anovapeneira.gal\/wp-content\/uploads\/2019\/09\/logo_deputacion_pontevedra_a_nova_peneira-e1567926730380.jpg","datePublished":"2021-01-07T11:00:16+00:00","description":"No sur da provincia son beneficiarias dez entidades viguesas, d\u00faas en Redondela, d\u00faas en Ponteareas e unha en A Guarda","breadcrumb":{"@id":"https:\/\/www.anovapeneira.gal\/index.php\/2021\/01\/07\/a-deputacion-concede-27-subvencions-para-actividades-de-lingua-a-entidades-da-provincia\/#breadcrumb"},"inLanguage":"gl-ES","potentialAction":[{"@type":"ReadAction","target":["https:\/\/www.anovapeneira.gal\/index.php\/2021\/01\/07\/a-deputacion-concede-27-subvencions-para-actividades-de-lingua-a-entidades-da-provincia\/"]}]},{"@type":"ImageObject","inLanguage":"gl-ES","@id":"https:\/\/www.anovapeneira.gal\/index.php\/2021\/01\/07\/a-deputacion-concede-27-subvencions-para-actividades-de-lingua-a-entidades-da-provincia\/#primaryimage","url":"https:\/\/www.anovapeneira.gal\/wp-content\/uploads\/2019\/09\/logo_deputacion_pontevedra_a_nova_peneira-e1567926730380.jpg","contentUrl":"https:\/\/www.anovapeneira.gal\/wp-content\/uploads\/2019\/09\/logo_deputacion_pontevedra_a_nova_peneira-e1567926730380.jpg","width":703,"height":460,"caption":"Deputaci\u00f3n de Pontevedra A Nova Peneira"},{"@type":"BreadcrumbList","@id":"https:\/\/www.anovapeneira.gal\/index.php\/2021\/01\/07\/a-deputacion-concede-27-subvencions-para-actividades-de-lingua-a-entidades-da-provincia\/#breadcrumb","itemListElement":[{"@type":"ListItem","position":1,"name":"Portada","item":"https:\/\/www.anovapeneira.gal\/"},{"@type":"ListItem","position":2,"name":"A Deputaci\u00f3n concede 27 subvenci\u00f3ns para actividades de lingua a entidades da Provincia"}]},{"@type":"WebSite","@id":"https:\/\/www.anovapeneira.gal\/#website","url":"https:\/\/www.anovapeneira.gal\/","name":"","description":"Xornal galego de informaci\u00f3n xeral Publicaci\u00f3n mensual de novas de Galicia e en especial dos Concellos da sur da provincia de Pontevedra.","publisher":{"@id":"https:\/\/www.anovapeneira.gal\/#organization"},"potentialAction":[{"@type":"SearchAction","target":{"@type":"EntryPoint","urlTemplate":"https:\/\/www.anovapeneira.gal\/?s={search_term_string}"},"query-input":{"@type":"PropertyValueSpecification","valueRequired":true,"valueName":"search_term_string"}}],"inLanguage":"gl-ES"},{"@type":"Organization","@id":"https:\/\/www.anovapeneira.gal\/#organization","name":"A Nova Peneira","url":"https:\/\/www.anovapeneira.gal\/","logo":{"@type":"ImageObject","inLanguage":"gl-ES","@id":"https:\/\/www.anovapeneira.gal\/#\/schema\/logo\/image\/","url":"http:\/\/www.anovapeneira.gal\/wp-content\/uploads\/2019\/06\/logo_a_nova_peneira_portal_web.png","contentUrl":"http:\/\/www.anovapeneira.gal\/wp-content\/uploads\/2019\/06\/logo_a_nova_peneira_portal_web.png","width":300,"height":100,"caption":"A Nova Peneira"},"image":{"@id":"https:\/\/www.anovapeneira.gal\/#\/schema\/logo\/image\/"},"sameAs":["https:\/\/www.facebook.com\/anovapeneira","https:\/\/x.com\/APeneira"]},{"@type":"Person","@id":"https:\/\/www.anovapeneira.gal\/#\/schema\/person\/b93e3f8932e3f8da96334607eb6ac6aa","name":"Redacci\u00f3n A Nova Peneira","image":{"@type":"ImageObject","inLanguage":"gl-ES","@id":"https:\/\/secure.gravatar.com\/avatar\/c052a2551a06e23fac63626232eaa90abd78dbcf1700fc46a2b2c89fd27b735f?s=96&d=mm&r=g","url":"https:\/\/secure.gravatar.com\/avatar\/c052a2551a06e23fac63626232eaa90abd78dbcf1700fc46a2b2c89fd27b735f?s=96&d=mm&r=g","contentUrl":"https:\/\/secure.gravatar.com\/avatar\/c052a2551a06e23fac63626232eaa90abd78dbcf1700fc46a2b2c89fd27b735f?s=96&d=mm&r=g","caption":"Redacci\u00f3n A Nova Peneira"},"sameAs":["http:\/\/www.anovapeneira.gal\/"],"url":"https:\/\/www.anovapeneira.gal\/index.php\/author\/redactor\/"}]}},"jetpack_featured_media_url":"https:\/\/www.anovapeneira.gal\/wp-content\/uploads\/2019\/09\/logo_deputacion_pontevedra_a_nova_peneira-e1567926730380.jpg","_links":{"self":[{"href":"https:\/\/www.anovapeneira.gal\/index.php\/wp-json\/wp\/v2\/posts\/4620","targetHints":{"allow":["GET"]}}],"collection":[{"href":"https:\/\/www.anovapeneira.gal\/index.php\/wp-json\/wp\/v2\/posts"}],"about":[{"href":"https:\/\/www.anovapeneira.gal\/index.php\/wp-json\/wp\/v2\/types\/post"}],"author":[{"embeddable":true,"href":"https:\/\/www.anovapeneira.gal\/index.php\/wp-json\/wp\/v2\/users\/3"}],"replies":[{"embeddable":true,"href":"https:\/\/www.anovapeneira.gal\/index.php\/wp-json\/wp\/v2\/comments?post=4620"}],"version-history":[{"count":1,"href":"https:\/\/www.anovapeneira.gal\/index.php\/wp-json\/wp\/v2\/posts\/4620\/revisions"}],"predecessor-version":[{"id":4621,"href":"https:\/\/www.anovapeneira.gal\/index.php\/wp-json\/wp\/v2\/posts\/4620\/revisions\/4621"}],"wp:featuredmedia":[{"embeddable":true,"href":"https:\/\/www.anovapeneira.gal\/index.php\/wp-json\/wp\/v2\/media\/1206"}],"wp:attachment":[{"href":"https:\/\/www.anovapeneira.gal\/index.php\/wp-json\/wp\/v2\/media?parent=4620"}],"wp:term":[{"taxonomy":"category","embeddable":true,"href":"https:\/\/www.anovapeneira.gal\/index.php\/wp-json\/wp\/v2\/categories?post=4620"},{"taxonomy":"post_tag","embeddable":true,"href":"https:\/\/www.anovapeneira.gal\/index.php\/wp-json\/wp\/v2\/tags?post=4620"}],"curies":[{"name":"wp","href":"https:\/\/api.w.org\/{rel}","templated":true}]}}