{"id":4622,"date":"2021-01-08T10:00:39","date_gmt":"2021-01-08T09:00:39","guid":{"rendered":"http:\/\/www.anovapeneira.gal\/?p=4622"},"modified":"2021-01-05T13:57:02","modified_gmt":"2021-01-05T12:57:02","slug":"o-bng-de-marin-continua-coas-concentracions-en-defensa-da-sanidade-publica","status":"publish","type":"post","link":"https:\/\/www.anovapeneira.gal\/index.php\/2021\/01\/08\/o-bng-de-marin-continua-coas-concentracions-en-defensa-da-sanidade-publica\/","title":{"rendered":"O BNG de Mar\u00edn continua coas concentraci\u00f3ns en defensa da sanidade p\u00fablica"},"content":{"rendered":"\n<p><strong>Mar\u00edn, 5 de xaneiro de 2021.<\/strong><\/p>\n\n\n\n<h2 class=\"wp-block-heading\"><strong>O pr\u00f3ximo xoves 14 de xaneiro o BNG convoca aos veci\u00f1os e veci\u00f1as de Mar\u00edn a unha nova concentraci\u00f3n en defensa da sanidade p\u00fablica e por unha atenci\u00f3n sanitaria presencial.<\/strong><\/h2>\n\n\n\n<p>Para informar desta concentraci\u00f3n&nbsp;imos estar o pr\u00f3ximo xoves 7 de xaneiro no mercado&nbsp;repartindo informaci\u00f3n sobre as nosas demandas e convocando \u00e1 participaci\u00f3n nesta mobilizaci\u00f3n.<\/p>\n\n\n\n<p>O ano 2021 comeza como o anterior sen melloras na atenci\u00f3n no centro de sa\u00fade de Mar\u00edn, e sen reforzo de persoal administrativo e sanitario, o que continua provocando demoras para ser atendidos.&nbsp;<\/p>\n\n\n\n<p>Esta situaci\u00f3n parece que non vai mudar se temos en conta as partidas orzamentarias en materia de sanidade para o este exercicio 2021.&nbsp;<\/p>\n\n\n\n<p>O PP vai continuar co seu modelo sanitario, un modelo de precariedade laboral e de medios, sen reforzar o sistema sanitario p\u00fablico. Vai continuar priorizando unha atenci\u00f3n telef\u00f3nica fronte \u00e1 presencial, o que provoca unha maior dificultade nos progn\u00f3sticos e polo tanto unha tardanza en detectar patolox\u00edas graves e derivalas \u00e1 atenci\u00f3n especializada. Todas estas dificultades para acceder \u00e1 sanidade p\u00fablica s\u00f3 benefician \u00e1 sanidade privada.<\/p>\n\n\n\n<p>Temos que lembrar que cando comeza a vacinaci\u00f3n contra a Covid a presi\u00f3n asistencial vai ser a\u00ednda maior. Urxe tomar medidas con antelaci\u00f3n para que non se de a problem\u00e1tica da campa\u00f1a da gripe<\/p>\n\n\n\n<p>Desde o BNG demandamos unha mellora e actuaci\u00f3ns inmediatas no centro de sa\u00fade de Mar\u00edn para rematar coas listas de agarda, queremos unha cobertura ao 100% das ausencias do persoal e un incremento dos administrativos na quenda de tarde. Actualmente s\u00f3 hai unha persoa atendendo ao p\u00fablico e collendo as chamadas telef\u00f3nicas pola tarde no centro de sa\u00fade de Mar\u00edn.<\/p>\n","protected":false},"excerpt":{"rendered":"<div class=\"mh-excerpt\"><p>O pr\u00f3ximo xoves 14 de xaneiro o BNG convoca aos veci\u00f1os e veci\u00f1as de Mar\u00edn a unha nova concentraci\u00f3n en defensa da sanidade p\u00fablica e por unha atenci\u00f3n sanitaria presencial <a class=\"mh-excerpt-more\" href=\"https:\/\/www.anovapeneira.gal\/index.php\/2021\/01\/08\/o-bng-de-marin-continua-coas-concentracions-en-defensa-da-sanidade-publica\/\" title=\"O BNG de Mar\u00edn continua coas concentraci\u00f3ns en defensa da sanidade p\u00fablica\">[&#8230;]<\/a><\/p>\n<\/div>","protected":false},"author":4,"featured_media":575,"comment_status":"open","ping_status":"open","sticky":false,"template":"","format":"standard","meta":{"_exactmetrics_skip_tracking":false,"_exactmetrics_sitenote_active":false,"_exactmetrics_sitenote_note":"","_exactmetrics_sitenote_category":0,"footnotes":""},"categories":[22],"tags":[144],"class_list":{"0":"post-4622","1":"post","2":"type-post","3":"status-publish","4":"format-standard","5":"has-post-thumbnail","7":"category-morrazo","8":"tag-concello-de-marin"},"yoast_head":"<!-- This site is optimized with the Yoast SEO plugin v27.4 - https:\/\/yoast.com\/product\/yoast-seo-wordpress\/ -->\n<title>O BNG de Mar\u00edn continua coas concentraci\u00f3ns en defensa da sanidade p\u00fablica -<\/title>\n<meta name=\"description\" content=\"O pr\u00f3ximo xoves 14 de xaneiro o BNG convoca aos veci\u00f1os e veci\u00f1as de Mar\u00edn a unha nova concentraci\u00f3n en defensa da sanidade p\u00fablica e por unha atenci\u00f3n sanitaria presencial\" \/>\n<meta name=\"robots\" content=\"index, follow, max-snippet:-1, max-image-preview:large, max-video-preview:-1\" \/>\n<link rel=\"canonical\" href=\"https:\/\/www.anovapeneira.gal\/index.php\/2021\/01\/08\/o-bng-de-marin-continua-coas-concentracions-en-defensa-da-sanidade-publica\/\" \/>\n<meta property=\"og:locale\" content=\"gl_ES\" \/>\n<meta property=\"og:type\" content=\"article\" \/>\n<meta property=\"og:title\" content=\"O BNG de Mar\u00edn continua coas concentraci\u00f3ns en defensa da sanidade p\u00fablica -\" \/>\n<meta property=\"og:description\" content=\"O pr\u00f3ximo xoves 14 de xaneiro o BNG convoca aos veci\u00f1os e veci\u00f1as de Mar\u00edn a unha nova concentraci\u00f3n en defensa da sanidade p\u00fablica e por unha atenci\u00f3n sanitaria presencial\" \/>\n<meta property=\"og:url\" content=\"https:\/\/www.anovapeneira.gal\/index.php\/2021\/01\/08\/o-bng-de-marin-continua-coas-concentracions-en-defensa-da-sanidade-publica\/\" \/>\n<meta property=\"article:publisher\" content=\"https:\/\/www.facebook.com\/anovapeneira\" \/>\n<meta property=\"article:published_time\" content=\"2021-01-08T09:00:39+00:00\" \/>\n<meta property=\"og:image\" content=\"https:\/\/www.anovapeneira.gal\/wp-content\/uploads\/2019\/07\/bng_logo.jpg\" \/>\n\t<meta property=\"og:image:width\" content=\"720\" \/>\n\t<meta property=\"og:image:height\" content=\"473\" \/>\n\t<meta property=\"og:image:type\" content=\"image\/jpeg\" \/>\n<meta name=\"author\" content=\"Pedro M. Cortegoso Gago\" \/>\n<meta name=\"twitter:card\" content=\"summary_large_image\" \/>\n<meta name=\"twitter:creator\" content=\"@APeneira\" \/>\n<meta name=\"twitter:site\" content=\"@APeneira\" \/>\n<meta name=\"twitter:label1\" content=\"Escrito por\" \/>\n\t<meta name=\"twitter:data1\" content=\"Pedro M. Cortegoso Gago\" \/>\n\t<meta name=\"twitter:label2\" content=\"Tempo de lectura\" \/>\n\t<meta name=\"twitter:data2\" content=\"2 minutos\" \/>\n<script type=\"application\/ld+json\" class=\"yoast-schema-graph\">{\"@context\":\"https:\\\/\\\/schema.org\",\"@graph\":[{\"@type\":\"Article\",\"@id\":\"https:\\\/\\\/www.anovapeneira.gal\\\/index.php\\\/2021\\\/01\\\/08\\\/o-bng-de-marin-continua-coas-concentracions-en-defensa-da-sanidade-publica\\\/#article\",\"isPartOf\":{\"@id\":\"https:\\\/\\\/www.anovapeneira.gal\\\/index.php\\\/2021\\\/01\\\/08\\\/o-bng-de-marin-continua-coas-concentracions-en-defensa-da-sanidade-publica\\\/\"},\"author\":{\"name\":\"Pedro M. Cortegoso Gago\",\"@id\":\"https:\\\/\\\/www.anovapeneira.gal\\\/#\\\/schema\\\/person\\\/c04a9c9f722c9446e71ae434c0353337\"},\"headline\":\"O BNG de Mar\u00edn continua coas concentraci\u00f3ns en defensa da sanidade p\u00fablica\",\"datePublished\":\"2021-01-08T09:00:39+00:00\",\"mainEntityOfPage\":{\"@id\":\"https:\\\/\\\/www.anovapeneira.gal\\\/index.php\\\/2021\\\/01\\\/08\\\/o-bng-de-marin-continua-coas-concentracions-en-defensa-da-sanidade-publica\\\/\"},\"wordCount\":322,\"commentCount\":0,\"publisher\":{\"@id\":\"https:\\\/\\\/www.anovapeneira.gal\\\/#organization\"},\"image\":{\"@id\":\"https:\\\/\\\/www.anovapeneira.gal\\\/index.php\\\/2021\\\/01\\\/08\\\/o-bng-de-marin-continua-coas-concentracions-en-defensa-da-sanidade-publica\\\/#primaryimage\"},\"thumbnailUrl\":\"https:\\\/\\\/www.anovapeneira.gal\\\/wp-content\\\/uploads\\\/2019\\\/07\\\/bng_logo.jpg\",\"keywords\":[\"Concello de Mar\u00edn\"],\"articleSection\":[\"Morrazo\"],\"inLanguage\":\"gl-ES\",\"potentialAction\":[{\"@type\":\"CommentAction\",\"name\":\"Comment\",\"target\":[\"https:\\\/\\\/www.anovapeneira.gal\\\/index.php\\\/2021\\\/01\\\/08\\\/o-bng-de-marin-continua-coas-concentracions-en-defensa-da-sanidade-publica\\\/#respond\"]}]},{\"@type\":\"WebPage\",\"@id\":\"https:\\\/\\\/www.anovapeneira.gal\\\/index.php\\\/2021\\\/01\\\/08\\\/o-bng-de-marin-continua-coas-concentracions-en-defensa-da-sanidade-publica\\\/\",\"url\":\"https:\\\/\\\/www.anovapeneira.gal\\\/index.php\\\/2021\\\/01\\\/08\\\/o-bng-de-marin-continua-coas-concentracions-en-defensa-da-sanidade-publica\\\/\",\"name\":\"O BNG de Mar\u00edn continua coas concentraci\u00f3ns en defensa da sanidade p\u00fablica -\",\"isPartOf\":{\"@id\":\"https:\\\/\\\/www.anovapeneira.gal\\\/#website\"},\"primaryImageOfPage\":{\"@id\":\"https:\\\/\\\/www.anovapeneira.gal\\\/index.php\\\/2021\\\/01\\\/08\\\/o-bng-de-marin-continua-coas-concentracions-en-defensa-da-sanidade-publica\\\/#primaryimage\"},\"image\":{\"@id\":\"https:\\\/\\\/www.anovapeneira.gal\\\/index.php\\\/2021\\\/01\\\/08\\\/o-bng-de-marin-continua-coas-concentracions-en-defensa-da-sanidade-publica\\\/#primaryimage\"},\"thumbnailUrl\":\"https:\\\/\\\/www.anovapeneira.gal\\\/wp-content\\\/uploads\\\/2019\\\/07\\\/bng_logo.jpg\",\"datePublished\":\"2021-01-08T09:00:39+00:00\",\"description\":\"O pr\u00f3ximo xoves 14 de xaneiro o BNG convoca aos veci\u00f1os e veci\u00f1as de Mar\u00edn a unha nova concentraci\u00f3n en defensa da sanidade p\u00fablica e por unha atenci\u00f3n sanitaria presencial\",\"breadcrumb\":{\"@id\":\"https:\\\/\\\/www.anovapeneira.gal\\\/index.php\\\/2021\\\/01\\\/08\\\/o-bng-de-marin-continua-coas-concentracions-en-defensa-da-sanidade-publica\\\/#breadcrumb\"},\"inLanguage\":\"gl-ES\",\"potentialAction\":[{\"@type\":\"ReadAction\",\"target\":[\"https:\\\/\\\/www.anovapeneira.gal\\\/index.php\\\/2021\\\/01\\\/08\\\/o-bng-de-marin-continua-coas-concentracions-en-defensa-da-sanidade-publica\\\/\"]}]},{\"@type\":\"ImageObject\",\"inLanguage\":\"gl-ES\",\"@id\":\"https:\\\/\\\/www.anovapeneira.gal\\\/index.php\\\/2021\\\/01\\\/08\\\/o-bng-de-marin-continua-coas-concentracions-en-defensa-da-sanidade-publica\\\/#primaryimage\",\"url\":\"https:\\\/\\\/www.anovapeneira.gal\\\/wp-content\\\/uploads\\\/2019\\\/07\\\/bng_logo.jpg\",\"contentUrl\":\"https:\\\/\\\/www.anovapeneira.gal\\\/wp-content\\\/uploads\\\/2019\\\/07\\\/bng_logo.jpg\",\"width\":720,\"height\":473,\"caption\":\"BNG A Nova Peneira\"},{\"@type\":\"BreadcrumbList\",\"@id\":\"https:\\\/\\\/www.anovapeneira.gal\\\/index.php\\\/2021\\\/01\\\/08\\\/o-bng-de-marin-continua-coas-concentracions-en-defensa-da-sanidade-publica\\\/#breadcrumb\",\"itemListElement\":[{\"@type\":\"ListItem\",\"position\":1,\"name\":\"Portada\",\"item\":\"https:\\\/\\\/www.anovapeneira.gal\\\/\"},{\"@type\":\"ListItem\",\"position\":2,\"name\":\"O BNG de Mar\u00edn continua coas concentraci\u00f3ns en defensa da sanidade p\u00fablica\"}]},{\"@type\":\"WebSite\",\"@id\":\"https:\\\/\\\/www.anovapeneira.gal\\\/#website\",\"url\":\"https:\\\/\\\/www.anovapeneira.gal\\\/\",\"name\":\"\",\"description\":\"Xornal galego de informaci\u00f3n xeral Publicaci\u00f3n mensual de novas de Galicia e en especial dos Concellos da sur da provincia de Pontevedra.\",\"publisher\":{\"@id\":\"https:\\\/\\\/www.anovapeneira.gal\\\/#organization\"},\"potentialAction\":[{\"@type\":\"SearchAction\",\"target\":{\"@type\":\"EntryPoint\",\"urlTemplate\":\"https:\\\/\\\/www.anovapeneira.gal\\\/?s={search_term_string}\"},\"query-input\":{\"@type\":\"PropertyValueSpecification\",\"valueRequired\":true,\"valueName\":\"search_term_string\"}}],\"inLanguage\":\"gl-ES\"},{\"@type\":\"Organization\",\"@id\":\"https:\\\/\\\/www.anovapeneira.gal\\\/#organization\",\"name\":\"A Nova Peneira\",\"url\":\"https:\\\/\\\/www.anovapeneira.gal\\\/\",\"logo\":{\"@type\":\"ImageObject\",\"inLanguage\":\"gl-ES\",\"@id\":\"https:\\\/\\\/www.anovapeneira.gal\\\/#\\\/schema\\\/logo\\\/image\\\/\",\"url\":\"http:\\\/\\\/www.anovapeneira.gal\\\/wp-content\\\/uploads\\\/2019\\\/06\\\/logo_a_nova_peneira_portal_web.png\",\"contentUrl\":\"http:\\\/\\\/www.anovapeneira.gal\\\/wp-content\\\/uploads\\\/2019\\\/06\\\/logo_a_nova_peneira_portal_web.png\",\"width\":300,\"height\":100,\"caption\":\"A Nova Peneira\"},\"image\":{\"@id\":\"https:\\\/\\\/www.anovapeneira.gal\\\/#\\\/schema\\\/logo\\\/image\\\/\"},\"sameAs\":[\"https:\\\/\\\/www.facebook.com\\\/anovapeneira\",\"https:\\\/\\\/x.com\\\/APeneira\"]},{\"@type\":\"Person\",\"@id\":\"https:\\\/\\\/www.anovapeneira.gal\\\/#\\\/schema\\\/person\\\/c04a9c9f722c9446e71ae434c0353337\",\"name\":\"Pedro M. Cortegoso Gago\",\"image\":{\"@type\":\"ImageObject\",\"inLanguage\":\"gl-ES\",\"@id\":\"https:\\\/\\\/secure.gravatar.com\\\/avatar\\\/1613b27278a972c04db5c2f04fb2cbfa9edb58d6c3e2547817ecb8240eb58381?s=96&d=mm&r=g\",\"url\":\"https:\\\/\\\/secure.gravatar.com\\\/avatar\\\/1613b27278a972c04db5c2f04fb2cbfa9edb58d6c3e2547817ecb8240eb58381?s=96&d=mm&r=g\",\"contentUrl\":\"https:\\\/\\\/secure.gravatar.com\\\/avatar\\\/1613b27278a972c04db5c2f04fb2cbfa9edb58d6c3e2547817ecb8240eb58381?s=96&d=mm&r=g\",\"caption\":\"Pedro M. Cortegoso Gago\"},\"sameAs\":[\"http:\\\/\\\/anovapeneira.gal\"],\"url\":\"https:\\\/\\\/www.anovapeneira.gal\\\/index.php\\\/author\\\/opinionpcortegoso\\\/\"}]}<\/script>\n<!-- \/ Yoast SEO plugin. -->","yoast_head_json":{"title":"O BNG de Mar\u00edn continua coas concentraci\u00f3ns en defensa da sanidade p\u00fablica -","description":"O pr\u00f3ximo xoves 14 de xaneiro o BNG convoca aos veci\u00f1os e veci\u00f1as de Mar\u00edn a unha nova concentraci\u00f3n en defensa da sanidade p\u00fablica e por unha atenci\u00f3n sanitaria presencial","robots":{"index":"index","follow":"follow","max-snippet":"max-snippet:-1","max-image-preview":"max-image-preview:large","max-video-preview":"max-video-preview:-1"},"canonical":"https:\/\/www.anovapeneira.gal\/index.php\/2021\/01\/08\/o-bng-de-marin-continua-coas-concentracions-en-defensa-da-sanidade-publica\/","og_locale":"gl_ES","og_type":"article","og_title":"O BNG de Mar\u00edn continua coas concentraci\u00f3ns en defensa da sanidade p\u00fablica -","og_description":"O pr\u00f3ximo xoves 14 de xaneiro o BNG convoca aos veci\u00f1os e veci\u00f1as de Mar\u00edn a unha nova concentraci\u00f3n en defensa da sanidade p\u00fablica e por unha atenci\u00f3n sanitaria presencial","og_url":"https:\/\/www.anovapeneira.gal\/index.php\/2021\/01\/08\/o-bng-de-marin-continua-coas-concentracions-en-defensa-da-sanidade-publica\/","article_publisher":"https:\/\/www.facebook.com\/anovapeneira","article_published_time":"2021-01-08T09:00:39+00:00","og_image":[{"width":720,"height":473,"url":"https:\/\/www.anovapeneira.gal\/wp-content\/uploads\/2019\/07\/bng_logo.jpg","type":"image\/jpeg"}],"author":"Pedro M. Cortegoso Gago","twitter_card":"summary_large_image","twitter_creator":"@APeneira","twitter_site":"@APeneira","twitter_misc":{"Escrito por":"Pedro M. Cortegoso Gago","Tempo de lectura":"2 minutos"},"schema":{"@context":"https:\/\/schema.org","@graph":[{"@type":"Article","@id":"https:\/\/www.anovapeneira.gal\/index.php\/2021\/01\/08\/o-bng-de-marin-continua-coas-concentracions-en-defensa-da-sanidade-publica\/#article","isPartOf":{"@id":"https:\/\/www.anovapeneira.gal\/index.php\/2021\/01\/08\/o-bng-de-marin-continua-coas-concentracions-en-defensa-da-sanidade-publica\/"},"author":{"name":"Pedro M. Cortegoso Gago","@id":"https:\/\/www.anovapeneira.gal\/#\/schema\/person\/c04a9c9f722c9446e71ae434c0353337"},"headline":"O BNG de Mar\u00edn continua coas concentraci\u00f3ns en defensa da sanidade p\u00fablica","datePublished":"2021-01-08T09:00:39+00:00","mainEntityOfPage":{"@id":"https:\/\/www.anovapeneira.gal\/index.php\/2021\/01\/08\/o-bng-de-marin-continua-coas-concentracions-en-defensa-da-sanidade-publica\/"},"wordCount":322,"commentCount":0,"publisher":{"@id":"https:\/\/www.anovapeneira.gal\/#organization"},"image":{"@id":"https:\/\/www.anovapeneira.gal\/index.php\/2021\/01\/08\/o-bng-de-marin-continua-coas-concentracions-en-defensa-da-sanidade-publica\/#primaryimage"},"thumbnailUrl":"https:\/\/www.anovapeneira.gal\/wp-content\/uploads\/2019\/07\/bng_logo.jpg","keywords":["Concello de Mar\u00edn"],"articleSection":["Morrazo"],"inLanguage":"gl-ES","potentialAction":[{"@type":"CommentAction","name":"Comment","target":["https:\/\/www.anovapeneira.gal\/index.php\/2021\/01\/08\/o-bng-de-marin-continua-coas-concentracions-en-defensa-da-sanidade-publica\/#respond"]}]},{"@type":"WebPage","@id":"https:\/\/www.anovapeneira.gal\/index.php\/2021\/01\/08\/o-bng-de-marin-continua-coas-concentracions-en-defensa-da-sanidade-publica\/","url":"https:\/\/www.anovapeneira.gal\/index.php\/2021\/01\/08\/o-bng-de-marin-continua-coas-concentracions-en-defensa-da-sanidade-publica\/","name":"O BNG de Mar\u00edn continua coas concentraci\u00f3ns en defensa da sanidade p\u00fablica -","isPartOf":{"@id":"https:\/\/www.anovapeneira.gal\/#website"},"primaryImageOfPage":{"@id":"https:\/\/www.anovapeneira.gal\/index.php\/2021\/01\/08\/o-bng-de-marin-continua-coas-concentracions-en-defensa-da-sanidade-publica\/#primaryimage"},"image":{"@id":"https:\/\/www.anovapeneira.gal\/index.php\/2021\/01\/08\/o-bng-de-marin-continua-coas-concentracions-en-defensa-da-sanidade-publica\/#primaryimage"},"thumbnailUrl":"https:\/\/www.anovapeneira.gal\/wp-content\/uploads\/2019\/07\/bng_logo.jpg","datePublished":"2021-01-08T09:00:39+00:00","description":"O pr\u00f3ximo xoves 14 de xaneiro o BNG convoca aos veci\u00f1os e veci\u00f1as de Mar\u00edn a unha nova concentraci\u00f3n en defensa da sanidade p\u00fablica e por unha atenci\u00f3n sanitaria presencial","breadcrumb":{"@id":"https:\/\/www.anovapeneira.gal\/index.php\/2021\/01\/08\/o-bng-de-marin-continua-coas-concentracions-en-defensa-da-sanidade-publica\/#breadcrumb"},"inLanguage":"gl-ES","potentialAction":[{"@type":"ReadAction","target":["https:\/\/www.anovapeneira.gal\/index.php\/2021\/01\/08\/o-bng-de-marin-continua-coas-concentracions-en-defensa-da-sanidade-publica\/"]}]},{"@type":"ImageObject","inLanguage":"gl-ES","@id":"https:\/\/www.anovapeneira.gal\/index.php\/2021\/01\/08\/o-bng-de-marin-continua-coas-concentracions-en-defensa-da-sanidade-publica\/#primaryimage","url":"https:\/\/www.anovapeneira.gal\/wp-content\/uploads\/2019\/07\/bng_logo.jpg","contentUrl":"https:\/\/www.anovapeneira.gal\/wp-content\/uploads\/2019\/07\/bng_logo.jpg","width":720,"height":473,"caption":"BNG A Nova Peneira"},{"@type":"BreadcrumbList","@id":"https:\/\/www.anovapeneira.gal\/index.php\/2021\/01\/08\/o-bng-de-marin-continua-coas-concentracions-en-defensa-da-sanidade-publica\/#breadcrumb","itemListElement":[{"@type":"ListItem","position":1,"name":"Portada","item":"https:\/\/www.anovapeneira.gal\/"},{"@type":"ListItem","position":2,"name":"O BNG de Mar\u00edn continua coas concentraci\u00f3ns en defensa da sanidade p\u00fablica"}]},{"@type":"WebSite","@id":"https:\/\/www.anovapeneira.gal\/#website","url":"https:\/\/www.anovapeneira.gal\/","name":"","description":"Xornal galego de informaci\u00f3n xeral Publicaci\u00f3n mensual de novas de Galicia e en especial dos Concellos da sur da provincia de Pontevedra.","publisher":{"@id":"https:\/\/www.anovapeneira.gal\/#organization"},"potentialAction":[{"@type":"SearchAction","target":{"@type":"EntryPoint","urlTemplate":"https:\/\/www.anovapeneira.gal\/?s={search_term_string}"},"query-input":{"@type":"PropertyValueSpecification","valueRequired":true,"valueName":"search_term_string"}}],"inLanguage":"gl-ES"},{"@type":"Organization","@id":"https:\/\/www.anovapeneira.gal\/#organization","name":"A Nova Peneira","url":"https:\/\/www.anovapeneira.gal\/","logo":{"@type":"ImageObject","inLanguage":"gl-ES","@id":"https:\/\/www.anovapeneira.gal\/#\/schema\/logo\/image\/","url":"http:\/\/www.anovapeneira.gal\/wp-content\/uploads\/2019\/06\/logo_a_nova_peneira_portal_web.png","contentUrl":"http:\/\/www.anovapeneira.gal\/wp-content\/uploads\/2019\/06\/logo_a_nova_peneira_portal_web.png","width":300,"height":100,"caption":"A Nova Peneira"},"image":{"@id":"https:\/\/www.anovapeneira.gal\/#\/schema\/logo\/image\/"},"sameAs":["https:\/\/www.facebook.com\/anovapeneira","https:\/\/x.com\/APeneira"]},{"@type":"Person","@id":"https:\/\/www.anovapeneira.gal\/#\/schema\/person\/c04a9c9f722c9446e71ae434c0353337","name":"Pedro M. Cortegoso Gago","image":{"@type":"ImageObject","inLanguage":"gl-ES","@id":"https:\/\/secure.gravatar.com\/avatar\/1613b27278a972c04db5c2f04fb2cbfa9edb58d6c3e2547817ecb8240eb58381?s=96&d=mm&r=g","url":"https:\/\/secure.gravatar.com\/avatar\/1613b27278a972c04db5c2f04fb2cbfa9edb58d6c3e2547817ecb8240eb58381?s=96&d=mm&r=g","contentUrl":"https:\/\/secure.gravatar.com\/avatar\/1613b27278a972c04db5c2f04fb2cbfa9edb58d6c3e2547817ecb8240eb58381?s=96&d=mm&r=g","caption":"Pedro M. Cortegoso Gago"},"sameAs":["http:\/\/anovapeneira.gal"],"url":"https:\/\/www.anovapeneira.gal\/index.php\/author\/opinionpcortegoso\/"}]}},"jetpack_featured_media_url":"https:\/\/www.anovapeneira.gal\/wp-content\/uploads\/2019\/07\/bng_logo.jpg","_links":{"self":[{"href":"https:\/\/www.anovapeneira.gal\/index.php\/wp-json\/wp\/v2\/posts\/4622","targetHints":{"allow":["GET"]}}],"collection":[{"href":"https:\/\/www.anovapeneira.gal\/index.php\/wp-json\/wp\/v2\/posts"}],"about":[{"href":"https:\/\/www.anovapeneira.gal\/index.php\/wp-json\/wp\/v2\/types\/post"}],"author":[{"embeddable":true,"href":"https:\/\/www.anovapeneira.gal\/index.php\/wp-json\/wp\/v2\/users\/4"}],"replies":[{"embeddable":true,"href":"https:\/\/www.anovapeneira.gal\/index.php\/wp-json\/wp\/v2\/comments?post=4622"}],"version-history":[{"count":1,"href":"https:\/\/www.anovapeneira.gal\/index.php\/wp-json\/wp\/v2\/posts\/4622\/revisions"}],"predecessor-version":[{"id":4623,"href":"https:\/\/www.anovapeneira.gal\/index.php\/wp-json\/wp\/v2\/posts\/4622\/revisions\/4623"}],"wp:featuredmedia":[{"embeddable":true,"href":"https:\/\/www.anovapeneira.gal\/index.php\/wp-json\/wp\/v2\/media\/575"}],"wp:attachment":[{"href":"https:\/\/www.anovapeneira.gal\/index.php\/wp-json\/wp\/v2\/media?parent=4622"}],"wp:term":[{"taxonomy":"category","embeddable":true,"href":"https:\/\/www.anovapeneira.gal\/index.php\/wp-json\/wp\/v2\/categories?post=4622"},{"taxonomy":"post_tag","embeddable":true,"href":"https:\/\/www.anovapeneira.gal\/index.php\/wp-json\/wp\/v2\/tags?post=4622"}],"curies":[{"name":"wp","href":"https:\/\/api.w.org\/{rel}","templated":true}]}}