{"id":4627,"date":"2021-01-11T10:00:34","date_gmt":"2021-01-11T09:00:34","guid":{"rendered":"http:\/\/www.anovapeneira.gal\/?p=4627"},"modified":"2021-01-09T04:20:32","modified_gmt":"2021-01-09T03:20:32","slug":"a-vecinanza-de-tameiga-acude-a-fiscalia-denunciando-a-ilegalidades-na-cidade-deportiva-do-celta","status":"publish","type":"post","link":"https:\/\/www.anovapeneira.gal\/index.php\/2021\/01\/11\/a-vecinanza-de-tameiga-acude-a-fiscalia-denunciando-a-ilegalidades-na-cidade-deportiva-do-celta\/","title":{"rendered":"A veci\u00f1anza de Tameiga acude a fiscal\u00eda denunciando a ilegalidades na cidade deportiva do Celta"},"content":{"rendered":"\n<ul class=\"wp-block-list\"><li><strong>A asociaci\u00f3n de veci\u00f1os A Portela (Tameiga) insta \u00e1 Fiscal\u00eda a que abra dilixencias por delitos de prevaricaci\u00f3n administrativa e contra a ordenaci\u00f3n do territorio pola obras da cidade deportiva do RC Celta en Mos.<\/strong><\/li><li><strong>A asociaci\u00f3n veci\u00f1al sinala ao R.C. Celta, a todos os concelleiros do goberno municipal de Mos que participaron nas xuntas de goberno que adxudicaron as licencias para a construcci\u00f3n da cidade deportiva e aos funcionarios da Xunta que informaron favorablemente ditas autorizaci\u00f3ns<\/strong>.<\/li><\/ul>\n\n\n\n<p>A asociaci\u00f3n veci\u00f1al denuncia que o proxecto aprobado no seu d\u00eda en Xunta de Goberno Local de Mos, segmentado en d\u00faas partes, sup\u00f3n unha verdadeira urbanizaci\u00f3n do espazo forestal dada a natureza das obras e a magnitude do espazo ocupado.<\/p>\n\n\n\n<p>Sinalan que das superficies afectadas, modificadas e edificadas, despr\u00e9ndese claramente que os proxectos aprobados son unha verdadeira urbanizaci\u00f3n dun espazo forestal, co obxecto de obter dotaci\u00f3ns ou equipamento de tipo deportivo para unha determinada entidade deportiva de car\u00e1cter privado.<\/p>\n\n\n\n<p>Desde a asociaci\u00f3n resaltan que as obras autor\u00edzanse en terreos r\u00fasticos de protecci\u00f3n forestal, os cales antes do inicio das obras, atop\u00e1banse nun estadio moi pr\u00f3ximo ao natural, \u00e9 dicir, cubertos de arboleda sen practicamente intervenci\u00f3n humana en canto a obras, instalaci\u00f3ns e\/ou cami\u00f1os.<\/p>\n\n\n\n<p>A asociaci\u00f3n de veci\u00f1os de Tameiga recorda que ao tenor do disposto no art.36.4 da Lei 2\/16 e o art.51.4 do Regulamento de desenvolvemento aprobado por Decreto 143\/2016 requ\u00edrese inexcusablamente a aprobaci\u00f3n previa dun Plan Especial de Infraestruturas e Dotaci\u00f3ns. Devandito Plan non exist\u00eda no momento de ser concedidas as licenzas indicadas. Nin est\u00e1 aprobado a d\u00eda de hoxe.<\/p>\n\n\n\n<p>Por outra banda, a\u00ednda no caso de que se considerase que as obras autorizadas non constit\u00faen equipamento e\/ou dotaci\u00f3n de car\u00e1cter deportivo, a propia natureza do chan de especial protecci\u00f3n forestal onde se sit\u00faan fai que as mesmas non sexan autorizables, polo indicado no art.51.2 do Regulamento o cal indica que o uso debe de ser compatible co r\u00e9xime de especial protecci\u00f3n.<\/p>\n\n\n\n<p>Desde a asociaci\u00f3n veci\u00f1al aseguran que a protecci\u00f3n forestal \u00e9 incompatible coa urbanizaci\u00f3n, que \u00e9 o que realmente se autorizou, dada a magnitude do proxecto. Ademais, o art.37 da Lei do Solo prohibe a apertura de cami\u00f1os, o cal non s\u00f3 se fai co proxecto aprobado, sen\u00f3n que ademais faise un aparcamento de 5.500 m2 para un n\u00famero indeterminado de veh\u00edculos e tam\u00e9n se apertura un &#8220;carreiro de mantemento&#8221; de 3.400 m2 segundo a propia memoria.<\/p>\n","protected":false},"excerpt":{"rendered":"<div class=\"mh-excerpt\"><p>A asociaci\u00f3n de veci\u00f1os A Portela (Tameiga) insta \u00e1 Fiscal\u00eda a que abra dilixencias por delitos de prevaricaci\u00f3n administrativa e contra a ordenaci\u00f3n do territorio pola obras da cidade deportiva do RC Celta en Mos <a class=\"mh-excerpt-more\" href=\"https:\/\/www.anovapeneira.gal\/index.php\/2021\/01\/11\/a-vecinanza-de-tameiga-acude-a-fiscalia-denunciando-a-ilegalidades-na-cidade-deportiva-do-celta\/\" title=\"A veci\u00f1anza de Tameiga acude a fiscal\u00eda denunciando a ilegalidades na cidade deportiva do Celta\">[&#8230;]<\/a><\/p>\n<\/div>","protected":false},"author":3,"featured_media":4628,"comment_status":"open","ping_status":"open","sticky":false,"template":"","format":"standard","meta":{"_exactmetrics_skip_tracking":false,"_exactmetrics_sitenote_active":false,"_exactmetrics_sitenote_note":"","_exactmetrics_sitenote_category":0,"footnotes":""},"categories":[23],"tags":[218],"class_list":{"0":"post-4627","1":"post","2":"type-post","3":"status-publish","4":"format-standard","5":"has-post-thumbnail","7":"category-a-lourina","8":"tag-concello-de-mos"},"yoast_head":"<!-- This site is optimized with the Yoast SEO plugin v27.4 - https:\/\/yoast.com\/product\/yoast-seo-wordpress\/ -->\n<title>A veci\u00f1anza de Tameiga acude a fiscal\u00eda denunciando a ilegalidades na cidade deportiva do Celta -<\/title>\n<meta name=\"description\" content=\"A asociaci\u00f3n de veci\u00f1os A Portela (Tameiga) insta \u00e1 Fiscal\u00eda a que abra dilixencias por delitos de prevaricaci\u00f3n administrativa e contra a ordenaci\u00f3n do territorio pola obras da cidade deportiva do RC Celta en Mos\" \/>\n<meta name=\"robots\" content=\"index, follow, max-snippet:-1, max-image-preview:large, max-video-preview:-1\" \/>\n<link rel=\"canonical\" href=\"https:\/\/www.anovapeneira.gal\/index.php\/2021\/01\/11\/a-vecinanza-de-tameiga-acude-a-fiscalia-denunciando-a-ilegalidades-na-cidade-deportiva-do-celta\/\" \/>\n<meta property=\"og:locale\" content=\"gl_ES\" \/>\n<meta property=\"og:type\" content=\"article\" \/>\n<meta property=\"og:title\" content=\"A veci\u00f1anza de Tameiga acude a fiscal\u00eda denunciando a ilegalidades na cidade deportiva do Celta -\" \/>\n<meta property=\"og:description\" content=\"A asociaci\u00f3n de veci\u00f1os A Portela (Tameiga) insta \u00e1 Fiscal\u00eda a que abra dilixencias por delitos de prevaricaci\u00f3n administrativa e contra a ordenaci\u00f3n do territorio pola obras da cidade deportiva do RC Celta en Mos\" \/>\n<meta property=\"og:url\" content=\"https:\/\/www.anovapeneira.gal\/index.php\/2021\/01\/11\/a-vecinanza-de-tameiga-acude-a-fiscalia-denunciando-a-ilegalidades-na-cidade-deportiva-do-celta\/\" \/>\n<meta property=\"article:publisher\" content=\"https:\/\/www.facebook.com\/anovapeneira\" \/>\n<meta property=\"article:published_time\" content=\"2021-01-11T09:00:34+00:00\" \/>\n<meta property=\"og:image\" content=\"https:\/\/www.anovapeneira.gal\/wp-content\/uploads\/2021\/01\/cidade_deportiva_celta.jpg\" \/>\n\t<meta property=\"og:image:width\" content=\"720\" \/>\n\t<meta property=\"og:image:height\" content=\"432\" \/>\n\t<meta property=\"og:image:type\" content=\"image\/jpeg\" \/>\n<meta name=\"author\" content=\"Redacci\u00f3n A Nova Peneira\" \/>\n<meta name=\"twitter:card\" content=\"summary_large_image\" \/>\n<meta name=\"twitter:creator\" content=\"@APeneira\" \/>\n<meta name=\"twitter:site\" content=\"@APeneira\" \/>\n<meta name=\"twitter:label1\" content=\"Escrito por\" \/>\n\t<meta name=\"twitter:data1\" content=\"Redacci\u00f3n A Nova Peneira\" \/>\n\t<meta name=\"twitter:label2\" content=\"Tempo de lectura\" \/>\n\t<meta name=\"twitter:data2\" content=\"2 minutos\" \/>\n<script type=\"application\/ld+json\" class=\"yoast-schema-graph\">{\"@context\":\"https:\\\/\\\/schema.org\",\"@graph\":[{\"@type\":\"Article\",\"@id\":\"https:\\\/\\\/www.anovapeneira.gal\\\/index.php\\\/2021\\\/01\\\/11\\\/a-vecinanza-de-tameiga-acude-a-fiscalia-denunciando-a-ilegalidades-na-cidade-deportiva-do-celta\\\/#article\",\"isPartOf\":{\"@id\":\"https:\\\/\\\/www.anovapeneira.gal\\\/index.php\\\/2021\\\/01\\\/11\\\/a-vecinanza-de-tameiga-acude-a-fiscalia-denunciando-a-ilegalidades-na-cidade-deportiva-do-celta\\\/\"},\"author\":{\"name\":\"Redacci\u00f3n A Nova Peneira\",\"@id\":\"https:\\\/\\\/www.anovapeneira.gal\\\/#\\\/schema\\\/person\\\/b93e3f8932e3f8da96334607eb6ac6aa\"},\"headline\":\"A veci\u00f1anza de Tameiga acude a fiscal\u00eda denunciando a ilegalidades na cidade deportiva do Celta\",\"datePublished\":\"2021-01-11T09:00:34+00:00\",\"mainEntityOfPage\":{\"@id\":\"https:\\\/\\\/www.anovapeneira.gal\\\/index.php\\\/2021\\\/01\\\/11\\\/a-vecinanza-de-tameiga-acude-a-fiscalia-denunciando-a-ilegalidades-na-cidade-deportiva-do-celta\\\/\"},\"wordCount\":461,\"commentCount\":0,\"publisher\":{\"@id\":\"https:\\\/\\\/www.anovapeneira.gal\\\/#organization\"},\"image\":{\"@id\":\"https:\\\/\\\/www.anovapeneira.gal\\\/index.php\\\/2021\\\/01\\\/11\\\/a-vecinanza-de-tameiga-acude-a-fiscalia-denunciando-a-ilegalidades-na-cidade-deportiva-do-celta\\\/#primaryimage\"},\"thumbnailUrl\":\"https:\\\/\\\/www.anovapeneira.gal\\\/wp-content\\\/uploads\\\/2021\\\/01\\\/cidade_deportiva_celta.jpg\",\"keywords\":[\"Concello de Mos\"],\"articleSection\":[\"A Louri\u00f1a\"],\"inLanguage\":\"gl-ES\",\"potentialAction\":[{\"@type\":\"CommentAction\",\"name\":\"Comment\",\"target\":[\"https:\\\/\\\/www.anovapeneira.gal\\\/index.php\\\/2021\\\/01\\\/11\\\/a-vecinanza-de-tameiga-acude-a-fiscalia-denunciando-a-ilegalidades-na-cidade-deportiva-do-celta\\\/#respond\"]}]},{\"@type\":\"WebPage\",\"@id\":\"https:\\\/\\\/www.anovapeneira.gal\\\/index.php\\\/2021\\\/01\\\/11\\\/a-vecinanza-de-tameiga-acude-a-fiscalia-denunciando-a-ilegalidades-na-cidade-deportiva-do-celta\\\/\",\"url\":\"https:\\\/\\\/www.anovapeneira.gal\\\/index.php\\\/2021\\\/01\\\/11\\\/a-vecinanza-de-tameiga-acude-a-fiscalia-denunciando-a-ilegalidades-na-cidade-deportiva-do-celta\\\/\",\"name\":\"A veci\u00f1anza de Tameiga acude a fiscal\u00eda denunciando a ilegalidades na cidade deportiva do Celta -\",\"isPartOf\":{\"@id\":\"https:\\\/\\\/www.anovapeneira.gal\\\/#website\"},\"primaryImageOfPage\":{\"@id\":\"https:\\\/\\\/www.anovapeneira.gal\\\/index.php\\\/2021\\\/01\\\/11\\\/a-vecinanza-de-tameiga-acude-a-fiscalia-denunciando-a-ilegalidades-na-cidade-deportiva-do-celta\\\/#primaryimage\"},\"image\":{\"@id\":\"https:\\\/\\\/www.anovapeneira.gal\\\/index.php\\\/2021\\\/01\\\/11\\\/a-vecinanza-de-tameiga-acude-a-fiscalia-denunciando-a-ilegalidades-na-cidade-deportiva-do-celta\\\/#primaryimage\"},\"thumbnailUrl\":\"https:\\\/\\\/www.anovapeneira.gal\\\/wp-content\\\/uploads\\\/2021\\\/01\\\/cidade_deportiva_celta.jpg\",\"datePublished\":\"2021-01-11T09:00:34+00:00\",\"description\":\"A asociaci\u00f3n de veci\u00f1os A Portela (Tameiga) insta \u00e1 Fiscal\u00eda a que abra dilixencias por delitos de prevaricaci\u00f3n administrativa e contra a ordenaci\u00f3n do territorio pola obras da cidade deportiva do RC Celta en Mos\",\"breadcrumb\":{\"@id\":\"https:\\\/\\\/www.anovapeneira.gal\\\/index.php\\\/2021\\\/01\\\/11\\\/a-vecinanza-de-tameiga-acude-a-fiscalia-denunciando-a-ilegalidades-na-cidade-deportiva-do-celta\\\/#breadcrumb\"},\"inLanguage\":\"gl-ES\",\"potentialAction\":[{\"@type\":\"ReadAction\",\"target\":[\"https:\\\/\\\/www.anovapeneira.gal\\\/index.php\\\/2021\\\/01\\\/11\\\/a-vecinanza-de-tameiga-acude-a-fiscalia-denunciando-a-ilegalidades-na-cidade-deportiva-do-celta\\\/\"]}]},{\"@type\":\"ImageObject\",\"inLanguage\":\"gl-ES\",\"@id\":\"https:\\\/\\\/www.anovapeneira.gal\\\/index.php\\\/2021\\\/01\\\/11\\\/a-vecinanza-de-tameiga-acude-a-fiscalia-denunciando-a-ilegalidades-na-cidade-deportiva-do-celta\\\/#primaryimage\",\"url\":\"https:\\\/\\\/www.anovapeneira.gal\\\/wp-content\\\/uploads\\\/2021\\\/01\\\/cidade_deportiva_celta.jpg\",\"contentUrl\":\"https:\\\/\\\/www.anovapeneira.gal\\\/wp-content\\\/uploads\\\/2021\\\/01\\\/cidade_deportiva_celta.jpg\",\"width\":720,\"height\":432,\"caption\":\"A veci\u00f1anza de Tameiga acude a fiscal\u00eda denunciando a ilegalidades na cidade deportiva do Celta\"},{\"@type\":\"BreadcrumbList\",\"@id\":\"https:\\\/\\\/www.anovapeneira.gal\\\/index.php\\\/2021\\\/01\\\/11\\\/a-vecinanza-de-tameiga-acude-a-fiscalia-denunciando-a-ilegalidades-na-cidade-deportiva-do-celta\\\/#breadcrumb\",\"itemListElement\":[{\"@type\":\"ListItem\",\"position\":1,\"name\":\"Portada\",\"item\":\"https:\\\/\\\/www.anovapeneira.gal\\\/\"},{\"@type\":\"ListItem\",\"position\":2,\"name\":\"A veci\u00f1anza de Tameiga acude a fiscal\u00eda denunciando a ilegalidades na cidade deportiva do Celta\"}]},{\"@type\":\"WebSite\",\"@id\":\"https:\\\/\\\/www.anovapeneira.gal\\\/#website\",\"url\":\"https:\\\/\\\/www.anovapeneira.gal\\\/\",\"name\":\"\",\"description\":\"Xornal galego de informaci\u00f3n xeral Publicaci\u00f3n mensual de novas de Galicia e en especial dos Concellos da sur da provincia de Pontevedra.\",\"publisher\":{\"@id\":\"https:\\\/\\\/www.anovapeneira.gal\\\/#organization\"},\"potentialAction\":[{\"@type\":\"SearchAction\",\"target\":{\"@type\":\"EntryPoint\",\"urlTemplate\":\"https:\\\/\\\/www.anovapeneira.gal\\\/?s={search_term_string}\"},\"query-input\":{\"@type\":\"PropertyValueSpecification\",\"valueRequired\":true,\"valueName\":\"search_term_string\"}}],\"inLanguage\":\"gl-ES\"},{\"@type\":\"Organization\",\"@id\":\"https:\\\/\\\/www.anovapeneira.gal\\\/#organization\",\"name\":\"A Nova Peneira\",\"url\":\"https:\\\/\\\/www.anovapeneira.gal\\\/\",\"logo\":{\"@type\":\"ImageObject\",\"inLanguage\":\"gl-ES\",\"@id\":\"https:\\\/\\\/www.anovapeneira.gal\\\/#\\\/schema\\\/logo\\\/image\\\/\",\"url\":\"http:\\\/\\\/www.anovapeneira.gal\\\/wp-content\\\/uploads\\\/2019\\\/06\\\/logo_a_nova_peneira_portal_web.png\",\"contentUrl\":\"http:\\\/\\\/www.anovapeneira.gal\\\/wp-content\\\/uploads\\\/2019\\\/06\\\/logo_a_nova_peneira_portal_web.png\",\"width\":300,\"height\":100,\"caption\":\"A Nova Peneira\"},\"image\":{\"@id\":\"https:\\\/\\\/www.anovapeneira.gal\\\/#\\\/schema\\\/logo\\\/image\\\/\"},\"sameAs\":[\"https:\\\/\\\/www.facebook.com\\\/anovapeneira\",\"https:\\\/\\\/x.com\\\/APeneira\"]},{\"@type\":\"Person\",\"@id\":\"https:\\\/\\\/www.anovapeneira.gal\\\/#\\\/schema\\\/person\\\/b93e3f8932e3f8da96334607eb6ac6aa\",\"name\":\"Redacci\u00f3n A Nova Peneira\",\"image\":{\"@type\":\"ImageObject\",\"inLanguage\":\"gl-ES\",\"@id\":\"https:\\\/\\\/secure.gravatar.com\\\/avatar\\\/c052a2551a06e23fac63626232eaa90abd78dbcf1700fc46a2b2c89fd27b735f?s=96&d=mm&r=g\",\"url\":\"https:\\\/\\\/secure.gravatar.com\\\/avatar\\\/c052a2551a06e23fac63626232eaa90abd78dbcf1700fc46a2b2c89fd27b735f?s=96&d=mm&r=g\",\"contentUrl\":\"https:\\\/\\\/secure.gravatar.com\\\/avatar\\\/c052a2551a06e23fac63626232eaa90abd78dbcf1700fc46a2b2c89fd27b735f?s=96&d=mm&r=g\",\"caption\":\"Redacci\u00f3n A Nova Peneira\"},\"sameAs\":[\"http:\\\/\\\/www.anovapeneira.gal\\\/\"],\"url\":\"https:\\\/\\\/www.anovapeneira.gal\\\/index.php\\\/author\\\/redactor\\\/\"}]}<\/script>\n<!-- \/ Yoast SEO plugin. -->","yoast_head_json":{"title":"A veci\u00f1anza de Tameiga acude a fiscal\u00eda denunciando a ilegalidades na cidade deportiva do Celta -","description":"A asociaci\u00f3n de veci\u00f1os A Portela (Tameiga) insta \u00e1 Fiscal\u00eda a que abra dilixencias por delitos de prevaricaci\u00f3n administrativa e contra a ordenaci\u00f3n do territorio pola obras da cidade deportiva do RC Celta en Mos","robots":{"index":"index","follow":"follow","max-snippet":"max-snippet:-1","max-image-preview":"max-image-preview:large","max-video-preview":"max-video-preview:-1"},"canonical":"https:\/\/www.anovapeneira.gal\/index.php\/2021\/01\/11\/a-vecinanza-de-tameiga-acude-a-fiscalia-denunciando-a-ilegalidades-na-cidade-deportiva-do-celta\/","og_locale":"gl_ES","og_type":"article","og_title":"A veci\u00f1anza de Tameiga acude a fiscal\u00eda denunciando a ilegalidades na cidade deportiva do Celta -","og_description":"A asociaci\u00f3n de veci\u00f1os A Portela (Tameiga) insta \u00e1 Fiscal\u00eda a que abra dilixencias por delitos de prevaricaci\u00f3n administrativa e contra a ordenaci\u00f3n do territorio pola obras da cidade deportiva do RC Celta en Mos","og_url":"https:\/\/www.anovapeneira.gal\/index.php\/2021\/01\/11\/a-vecinanza-de-tameiga-acude-a-fiscalia-denunciando-a-ilegalidades-na-cidade-deportiva-do-celta\/","article_publisher":"https:\/\/www.facebook.com\/anovapeneira","article_published_time":"2021-01-11T09:00:34+00:00","og_image":[{"width":720,"height":432,"url":"https:\/\/www.anovapeneira.gal\/wp-content\/uploads\/2021\/01\/cidade_deportiva_celta.jpg","type":"image\/jpeg"}],"author":"Redacci\u00f3n A Nova Peneira","twitter_card":"summary_large_image","twitter_creator":"@APeneira","twitter_site":"@APeneira","twitter_misc":{"Escrito por":"Redacci\u00f3n A Nova Peneira","Tempo de lectura":"2 minutos"},"schema":{"@context":"https:\/\/schema.org","@graph":[{"@type":"Article","@id":"https:\/\/www.anovapeneira.gal\/index.php\/2021\/01\/11\/a-vecinanza-de-tameiga-acude-a-fiscalia-denunciando-a-ilegalidades-na-cidade-deportiva-do-celta\/#article","isPartOf":{"@id":"https:\/\/www.anovapeneira.gal\/index.php\/2021\/01\/11\/a-vecinanza-de-tameiga-acude-a-fiscalia-denunciando-a-ilegalidades-na-cidade-deportiva-do-celta\/"},"author":{"name":"Redacci\u00f3n A Nova Peneira","@id":"https:\/\/www.anovapeneira.gal\/#\/schema\/person\/b93e3f8932e3f8da96334607eb6ac6aa"},"headline":"A veci\u00f1anza de Tameiga acude a fiscal\u00eda denunciando a ilegalidades na cidade deportiva do Celta","datePublished":"2021-01-11T09:00:34+00:00","mainEntityOfPage":{"@id":"https:\/\/www.anovapeneira.gal\/index.php\/2021\/01\/11\/a-vecinanza-de-tameiga-acude-a-fiscalia-denunciando-a-ilegalidades-na-cidade-deportiva-do-celta\/"},"wordCount":461,"commentCount":0,"publisher":{"@id":"https:\/\/www.anovapeneira.gal\/#organization"},"image":{"@id":"https:\/\/www.anovapeneira.gal\/index.php\/2021\/01\/11\/a-vecinanza-de-tameiga-acude-a-fiscalia-denunciando-a-ilegalidades-na-cidade-deportiva-do-celta\/#primaryimage"},"thumbnailUrl":"https:\/\/www.anovapeneira.gal\/wp-content\/uploads\/2021\/01\/cidade_deportiva_celta.jpg","keywords":["Concello de Mos"],"articleSection":["A Louri\u00f1a"],"inLanguage":"gl-ES","potentialAction":[{"@type":"CommentAction","name":"Comment","target":["https:\/\/www.anovapeneira.gal\/index.php\/2021\/01\/11\/a-vecinanza-de-tameiga-acude-a-fiscalia-denunciando-a-ilegalidades-na-cidade-deportiva-do-celta\/#respond"]}]},{"@type":"WebPage","@id":"https:\/\/www.anovapeneira.gal\/index.php\/2021\/01\/11\/a-vecinanza-de-tameiga-acude-a-fiscalia-denunciando-a-ilegalidades-na-cidade-deportiva-do-celta\/","url":"https:\/\/www.anovapeneira.gal\/index.php\/2021\/01\/11\/a-vecinanza-de-tameiga-acude-a-fiscalia-denunciando-a-ilegalidades-na-cidade-deportiva-do-celta\/","name":"A veci\u00f1anza de Tameiga acude a fiscal\u00eda denunciando a ilegalidades na cidade deportiva do Celta -","isPartOf":{"@id":"https:\/\/www.anovapeneira.gal\/#website"},"primaryImageOfPage":{"@id":"https:\/\/www.anovapeneira.gal\/index.php\/2021\/01\/11\/a-vecinanza-de-tameiga-acude-a-fiscalia-denunciando-a-ilegalidades-na-cidade-deportiva-do-celta\/#primaryimage"},"image":{"@id":"https:\/\/www.anovapeneira.gal\/index.php\/2021\/01\/11\/a-vecinanza-de-tameiga-acude-a-fiscalia-denunciando-a-ilegalidades-na-cidade-deportiva-do-celta\/#primaryimage"},"thumbnailUrl":"https:\/\/www.anovapeneira.gal\/wp-content\/uploads\/2021\/01\/cidade_deportiva_celta.jpg","datePublished":"2021-01-11T09:00:34+00:00","description":"A asociaci\u00f3n de veci\u00f1os A Portela (Tameiga) insta \u00e1 Fiscal\u00eda a que abra dilixencias por delitos de prevaricaci\u00f3n administrativa e contra a ordenaci\u00f3n do territorio pola obras da cidade deportiva do RC Celta en Mos","breadcrumb":{"@id":"https:\/\/www.anovapeneira.gal\/index.php\/2021\/01\/11\/a-vecinanza-de-tameiga-acude-a-fiscalia-denunciando-a-ilegalidades-na-cidade-deportiva-do-celta\/#breadcrumb"},"inLanguage":"gl-ES","potentialAction":[{"@type":"ReadAction","target":["https:\/\/www.anovapeneira.gal\/index.php\/2021\/01\/11\/a-vecinanza-de-tameiga-acude-a-fiscalia-denunciando-a-ilegalidades-na-cidade-deportiva-do-celta\/"]}]},{"@type":"ImageObject","inLanguage":"gl-ES","@id":"https:\/\/www.anovapeneira.gal\/index.php\/2021\/01\/11\/a-vecinanza-de-tameiga-acude-a-fiscalia-denunciando-a-ilegalidades-na-cidade-deportiva-do-celta\/#primaryimage","url":"https:\/\/www.anovapeneira.gal\/wp-content\/uploads\/2021\/01\/cidade_deportiva_celta.jpg","contentUrl":"https:\/\/www.anovapeneira.gal\/wp-content\/uploads\/2021\/01\/cidade_deportiva_celta.jpg","width":720,"height":432,"caption":"A veci\u00f1anza de Tameiga acude a fiscal\u00eda denunciando a ilegalidades na cidade deportiva do Celta"},{"@type":"BreadcrumbList","@id":"https:\/\/www.anovapeneira.gal\/index.php\/2021\/01\/11\/a-vecinanza-de-tameiga-acude-a-fiscalia-denunciando-a-ilegalidades-na-cidade-deportiva-do-celta\/#breadcrumb","itemListElement":[{"@type":"ListItem","position":1,"name":"Portada","item":"https:\/\/www.anovapeneira.gal\/"},{"@type":"ListItem","position":2,"name":"A veci\u00f1anza de Tameiga acude a fiscal\u00eda denunciando a ilegalidades na cidade deportiva do Celta"}]},{"@type":"WebSite","@id":"https:\/\/www.anovapeneira.gal\/#website","url":"https:\/\/www.anovapeneira.gal\/","name":"","description":"Xornal galego de informaci\u00f3n xeral Publicaci\u00f3n mensual de novas de Galicia e en especial dos Concellos da sur da provincia de Pontevedra.","publisher":{"@id":"https:\/\/www.anovapeneira.gal\/#organization"},"potentialAction":[{"@type":"SearchAction","target":{"@type":"EntryPoint","urlTemplate":"https:\/\/www.anovapeneira.gal\/?s={search_term_string}"},"query-input":{"@type":"PropertyValueSpecification","valueRequired":true,"valueName":"search_term_string"}}],"inLanguage":"gl-ES"},{"@type":"Organization","@id":"https:\/\/www.anovapeneira.gal\/#organization","name":"A Nova Peneira","url":"https:\/\/www.anovapeneira.gal\/","logo":{"@type":"ImageObject","inLanguage":"gl-ES","@id":"https:\/\/www.anovapeneira.gal\/#\/schema\/logo\/image\/","url":"http:\/\/www.anovapeneira.gal\/wp-content\/uploads\/2019\/06\/logo_a_nova_peneira_portal_web.png","contentUrl":"http:\/\/www.anovapeneira.gal\/wp-content\/uploads\/2019\/06\/logo_a_nova_peneira_portal_web.png","width":300,"height":100,"caption":"A Nova Peneira"},"image":{"@id":"https:\/\/www.anovapeneira.gal\/#\/schema\/logo\/image\/"},"sameAs":["https:\/\/www.facebook.com\/anovapeneira","https:\/\/x.com\/APeneira"]},{"@type":"Person","@id":"https:\/\/www.anovapeneira.gal\/#\/schema\/person\/b93e3f8932e3f8da96334607eb6ac6aa","name":"Redacci\u00f3n A Nova Peneira","image":{"@type":"ImageObject","inLanguage":"gl-ES","@id":"https:\/\/secure.gravatar.com\/avatar\/c052a2551a06e23fac63626232eaa90abd78dbcf1700fc46a2b2c89fd27b735f?s=96&d=mm&r=g","url":"https:\/\/secure.gravatar.com\/avatar\/c052a2551a06e23fac63626232eaa90abd78dbcf1700fc46a2b2c89fd27b735f?s=96&d=mm&r=g","contentUrl":"https:\/\/secure.gravatar.com\/avatar\/c052a2551a06e23fac63626232eaa90abd78dbcf1700fc46a2b2c89fd27b735f?s=96&d=mm&r=g","caption":"Redacci\u00f3n A Nova Peneira"},"sameAs":["http:\/\/www.anovapeneira.gal\/"],"url":"https:\/\/www.anovapeneira.gal\/index.php\/author\/redactor\/"}]}},"jetpack_featured_media_url":"https:\/\/www.anovapeneira.gal\/wp-content\/uploads\/2021\/01\/cidade_deportiva_celta.jpg","_links":{"self":[{"href":"https:\/\/www.anovapeneira.gal\/index.php\/wp-json\/wp\/v2\/posts\/4627","targetHints":{"allow":["GET"]}}],"collection":[{"href":"https:\/\/www.anovapeneira.gal\/index.php\/wp-json\/wp\/v2\/posts"}],"about":[{"href":"https:\/\/www.anovapeneira.gal\/index.php\/wp-json\/wp\/v2\/types\/post"}],"author":[{"embeddable":true,"href":"https:\/\/www.anovapeneira.gal\/index.php\/wp-json\/wp\/v2\/users\/3"}],"replies":[{"embeddable":true,"href":"https:\/\/www.anovapeneira.gal\/index.php\/wp-json\/wp\/v2\/comments?post=4627"}],"version-history":[{"count":1,"href":"https:\/\/www.anovapeneira.gal\/index.php\/wp-json\/wp\/v2\/posts\/4627\/revisions"}],"predecessor-version":[{"id":4629,"href":"https:\/\/www.anovapeneira.gal\/index.php\/wp-json\/wp\/v2\/posts\/4627\/revisions\/4629"}],"wp:featuredmedia":[{"embeddable":true,"href":"https:\/\/www.anovapeneira.gal\/index.php\/wp-json\/wp\/v2\/media\/4628"}],"wp:attachment":[{"href":"https:\/\/www.anovapeneira.gal\/index.php\/wp-json\/wp\/v2\/media?parent=4627"}],"wp:term":[{"taxonomy":"category","embeddable":true,"href":"https:\/\/www.anovapeneira.gal\/index.php\/wp-json\/wp\/v2\/categories?post=4627"},{"taxonomy":"post_tag","embeddable":true,"href":"https:\/\/www.anovapeneira.gal\/index.php\/wp-json\/wp\/v2\/tags?post=4627"}],"curies":[{"name":"wp","href":"https:\/\/api.w.org\/{rel}","templated":true}]}}