{"id":4632,"date":"2021-01-12T10:00:55","date_gmt":"2021-01-12T09:00:55","guid":{"rendered":"http:\/\/www.anovapeneira.gal\/?p=4632"},"modified":"2021-01-09T04:28:19","modified_gmt":"2021-01-09T03:28:19","slug":"decencia-e-indecencia","status":"publish","type":"post","link":"https:\/\/www.anovapeneira.gal\/index.php\/2021\/01\/12\/decencia-e-indecencia\/","title":{"rendered":"Decencia e indecencia"},"content":{"rendered":"\n<figure class=\"wp-block-image size-large is-resized\"><img loading=\"lazy\" decoding=\"async\" src=\"http:\/\/www.anovapeneira.gal\/wp-content\/uploads\/2019\/07\/Baldomero_Iglesias_Dobarrio_Mero.jpg\" alt=\"Baldomero Iglesias Dobarrio Mero artigos de opini\u00f3n A Nova Peneira\" class=\"wp-image-482\" width=\"95\" height=\"111\"\/><figcaption>Baldomero Iglesias Dobarrio, Mero<\/figcaption><\/figure>\n\n\n\n<p>Comezamos o ano con unha boa nova e outra non tan boa nova. A boa nova ref\u00edrese aos da Operaci\u00f3n Jaro que quedaron, como era debido, limpos dos delitos que -desde falsos informes- os imputaban. Certamente, a min, sorprendeume que a xustiza exercera a limpeza e proclamase a falsidade e impropia condici\u00f3n de privar da liberdade a unha xente que \u00e9 independentista, e pode selo. Cando por riba exercen a dinamizaci\u00f3n cultural e a asistencia social. Eu aledeime moito. Un xu\u00edzo que non debera, despois de tanto tempo, falsear a realidade e castigar a quen sinalaban.<\/p>\n\n\n\n<p>\u00c1 vista das poucas certezas e das mentiras que se manexaban, nin deberan chegar a xu\u00edzo, nin dar lugar aos danos colaterais que se produciron. Hoxe anovamos a mesma afirmaci\u00f3n. Bo \u00e9 que todo &nbsp;fose as\u00ed, pois o contrario supor\u00eda unha inxustiza manifesta creada nos sal\u00f3ns de partidos adversos e de certos medios de comunicaci\u00f3n que, en base \u00e1 subvenci\u00f3n, menten ata onde lles ordenen. Eran moi lamentables as informaci\u00f3ns de medios privados e p\u00fablicos, como a TVGa que encirraron constantemente, vertendo informaci\u00f3ns mentidas e perversas. Anque a min, hanme perdoar, qu\u00e9dame unha m\u00e1goa enorme ao comprobar que nin a tele, nin a radio, nin a prensa -sobre todo A Voz- tivesen a m\u00ednima pulcritude de desculpa, de tentar corrixir o mal que fixeron e o dano que&nbsp; intencionadamente provocaron. Mal como aquel que, en d\u00edas previos ao xu\u00edzo, sacaban a relucir un zulo en Portugal que, seica, lles pertenc\u00eda. Pois moi mal, a informaci\u00f3n era tendenciosa e ru\u00edn. E agora, non te\u00f1en valor a corrixir o mal que fixeron? \u00c9 m\u00e1goa que non poidamos confiar, xa nunca, no que pregoan, seguen a ser obxectos de manipulaci\u00f3n e desexo, subvencionados e malditos.<\/p>\n\n\n\n<p>A mesma xustiza deber\u00eda castigar a evidente difamaci\u00f3n e obrigar a unha compensaci\u00f3n polo menos moral, das s\u00faas infamias. Haber\u00eda que empezar a cambiar as cousas e chamalos \u00e1 orde para que non puidesen libremente detraer a tanta xente, crear deshonras en quen non cometeron falta algunha. Agora quen paga a desfeita?<\/p>\n\n\n\n<p>A outra nova, anque neste caso menos boa, \u00e9 a dunha nova lei de educaci\u00f3n. Eu, que fun mestre durante corenta anos, sei o maligna que foi a lei anterior, a dun tal Wert. Aquel ministro que despois foi premiado e destinado nun posto de moita fachenda en Par\u00eds. Al\u00ed o mandaron con grande soldo e acompa\u00f1ado do seu amor. Ningu\u00e9n dixo que fixera unha lei desastrosa, unha lei que permitiu, por exemplo, o arredamento do noso idioma, am\u00e9n doutros mesteres de incualificable dano para a dignidade, como priorizar a educaci\u00f3n privada, e darlles &#8220;alas&#8221; aos que querendo liberdade, te\u00f1en moitos cartos e ent\u00f3n queren para os seus fillos un ensino de distinguidas elites. Os outros xa se ama\u00f1ar\u00e1n como poidan. Eles queren colexios de pimp\u00f3n, cos uniformes, transportes, actividades complementarias, multiling\u00fces e todo preparado para, ao final, aprobar cun lauden \u00e1s s\u00faas criaturas.<\/p>\n\n\n\n<p>Mais, agora, coa nova lei -que devolve un pouco cara ao ensino p\u00fablico, d\u00e1ndolle algo do seu debido protagonismo igualitario- protestan e piden liberdade das familias para escoller escola. \u00c9 para botar pecados, cousa que non faremos por educaci\u00f3n de cara a vostedes. Empregan a liberdade, eles, os que privaron aos demais -seleccionando en base a recursos econ\u00f3micos- de poder achegarse a un mesmo ensino. Xa Franco alegaba liberdades que el mesmo extingu\u00eda, a liberdade \u00e9 un comod\u00edn que empregan con frecuencia os que a reprimen e, anque se agachen, v\u00e9selles o plumeiro. A liberdade vai a car\u00f3n de dignidade e moi pegada \u00e1 igualdade. Por iso \u00e9 tan complicado entendela debidamente. S\u00f3 pode saberse a liberdade cando hai igualdade, \u00e9 dicir, cando todos -todos, non s\u00f3 uns poucos- somos iguais. Sen se\u00f1oritos nin se\u00f1ores, porque sen\u00f3n son eles os libres e os demais roen nos cravos de seren servos. Que non protesten argumentando que a lei Cela\u00e1 -que non \u00e9 panacea de nada- atenta contra a liberdade das familias, se non engaden &#8220;ricas&#8221;. Deixan de recibir axudas os centros non p\u00fablicos que, por exemplo, segregan por sexos, pois isto vai contra a liberdade mesma -a car\u00f3n da igualdade, onde non se ve nin se respecta. Por riba a &#8220;desigualdade&#8221; na que est\u00e1n, perm\u00edtelles pagar centros selectos e selectivos, mais s\u00f3 a eles, os que poden. Igual que tampouco permiten asistir a universidades privadas nas que, como todos ben sabemos tam\u00e9n, se vulneran os dereitos de accesibilidade igualitaria. Lembremos moitos ministros e opositores, con t\u00edtulos ama\u00f1ados, sen asistencia nin existencia. Aquel concepto sublime de &#8220;liberdade&#8221; que tanto eles argumentan, ref\u00edrese s\u00f3 \u00e1 liberdade deles, os que mercan todo, sen propiedade debida e sen acceso para os demais. Que non volvan as falsidades, nin as irregulares equidistancias na nosa cara. Xa est\u00e1 ben!&nbsp; &nbsp;&nbsp;<\/p>\n","protected":false},"excerpt":{"rendered":"<div class=\"mh-excerpt\"><p>Comezamos o ano con unha boa nova e outra non tan boa nova. A boa nova ref\u00edrese aos da Operaci\u00f3n Jaro que quedaron, como era debido, limpos dos delitos que -desde falsos informes- os imputaban. Certamente, a min, sorprendeume que a xustiza exercera a limpeza e proclamase a falsidade e impropia condici\u00f3n de privar da liberdade a unha xente que \u00e9 independentista, e pode selo <a class=\"mh-excerpt-more\" href=\"https:\/\/www.anovapeneira.gal\/index.php\/2021\/01\/12\/decencia-e-indecencia\/\" title=\"Decencia e indecencia\">[&#8230;]<\/a><\/p>\n<\/div>","protected":false},"author":5,"featured_media":584,"comment_status":"open","ping_status":"open","sticky":false,"template":"","format":"standard","meta":{"_exactmetrics_skip_tracking":false,"_exactmetrics_sitenote_active":false,"_exactmetrics_sitenote_note":"","_exactmetrics_sitenote_category":0,"footnotes":""},"categories":[7],"tags":[58],"class_list":{"0":"post-4632","1":"post","2":"type-post","3":"status-publish","4":"format-standard","5":"has-post-thumbnail","7":"category-artigos-de-opinion","8":"tag-opinion"},"yoast_head":"<!-- This site is optimized with the Yoast SEO plugin v27.4 - https:\/\/yoast.com\/product\/yoast-seo-wordpress\/ -->\n<title>Decencia e indecencia -<\/title>\n<meta name=\"description\" content=\"Comezamos o ano con unha boa nova e outra non tan boa nova. A boa nova ref\u00edrese aos da Operaci\u00f3n Jaro que quedaron, como era debido, limpos dos delitos que -desde falsos informes- os imputaban. Certamente, a min, sorprendeume que a xustiza exercera a limpeza e proclamase a falsidade e impropia condici\u00f3n de privar da liberdade a unha xente que \u00e9 independentista, e pode selo\" \/>\n<meta name=\"robots\" content=\"index, follow, max-snippet:-1, max-image-preview:large, max-video-preview:-1\" \/>\n<link rel=\"canonical\" href=\"https:\/\/www.anovapeneira.gal\/index.php\/2021\/01\/12\/decencia-e-indecencia\/\" \/>\n<meta property=\"og:locale\" content=\"gl_ES\" \/>\n<meta property=\"og:type\" content=\"article\" \/>\n<meta property=\"og:title\" content=\"Decencia e indecencia -\" \/>\n<meta property=\"og:description\" content=\"Comezamos o ano con unha boa nova e outra non tan boa nova. A boa nova ref\u00edrese aos da Operaci\u00f3n Jaro que quedaron, como era debido, limpos dos delitos que -desde falsos informes- os imputaban. Certamente, a min, sorprendeume que a xustiza exercera a limpeza e proclamase a falsidade e impropia condici\u00f3n de privar da liberdade a unha xente que \u00e9 independentista, e pode selo\" \/>\n<meta property=\"og:url\" content=\"https:\/\/www.anovapeneira.gal\/index.php\/2021\/01\/12\/decencia-e-indecencia\/\" \/>\n<meta property=\"article:publisher\" content=\"https:\/\/www.facebook.com\/anovapeneira\" \/>\n<meta property=\"article:published_time\" content=\"2021-01-12T09:00:55+00:00\" \/>\n<meta property=\"og:image\" content=\"https:\/\/www.anovapeneira.gal\/wp-content\/uploads\/2019\/07\/ARTIGO_DE_OPINION_A_NOVA_PENEIRA.jpg\" \/>\n\t<meta property=\"og:image:width\" content=\"720\" \/>\n\t<meta property=\"og:image:height\" content=\"473\" \/>\n\t<meta property=\"og:image:type\" content=\"image\/jpeg\" \/>\n<meta name=\"author\" content=\"Baldomero Iglesias Dobarrio, Mero\" \/>\n<meta name=\"twitter:card\" content=\"summary_large_image\" \/>\n<meta name=\"twitter:creator\" content=\"@APeneira\" \/>\n<meta name=\"twitter:site\" content=\"@APeneira\" \/>\n<meta name=\"twitter:label1\" content=\"Escrito por\" \/>\n\t<meta name=\"twitter:data1\" content=\"Baldomero Iglesias Dobarrio, Mero\" \/>\n\t<meta name=\"twitter:label2\" content=\"Tempo de lectura\" \/>\n\t<meta name=\"twitter:data2\" content=\"4 minutos\" \/>\n<script type=\"application\/ld+json\" class=\"yoast-schema-graph\">{\"@context\":\"https:\\\/\\\/schema.org\",\"@graph\":[{\"@type\":\"Article\",\"@id\":\"https:\\\/\\\/www.anovapeneira.gal\\\/index.php\\\/2021\\\/01\\\/12\\\/decencia-e-indecencia\\\/#article\",\"isPartOf\":{\"@id\":\"https:\\\/\\\/www.anovapeneira.gal\\\/index.php\\\/2021\\\/01\\\/12\\\/decencia-e-indecencia\\\/\"},\"author\":{\"name\":\"Baldomero Iglesias Dobarrio, Mero\",\"@id\":\"https:\\\/\\\/www.anovapeneira.gal\\\/#\\\/schema\\\/person\\\/b051ed40cfc100e281476674783b32fc\"},\"headline\":\"Decencia e indecencia\",\"datePublished\":\"2021-01-12T09:00:55+00:00\",\"mainEntityOfPage\":{\"@id\":\"https:\\\/\\\/www.anovapeneira.gal\\\/index.php\\\/2021\\\/01\\\/12\\\/decencia-e-indecencia\\\/\"},\"wordCount\":842,\"commentCount\":0,\"publisher\":{\"@id\":\"https:\\\/\\\/www.anovapeneira.gal\\\/#organization\"},\"image\":{\"@id\":\"https:\\\/\\\/www.anovapeneira.gal\\\/index.php\\\/2021\\\/01\\\/12\\\/decencia-e-indecencia\\\/#primaryimage\"},\"thumbnailUrl\":\"https:\\\/\\\/www.anovapeneira.gal\\\/wp-content\\\/uploads\\\/2019\\\/07\\\/ARTIGO_DE_OPINION_A_NOVA_PENEIRA.jpg\",\"keywords\":[\"Opini\u00f3n\"],\"articleSection\":[\"Artigos de opini\u00f3n\"],\"inLanguage\":\"gl-ES\",\"potentialAction\":[{\"@type\":\"CommentAction\",\"name\":\"Comment\",\"target\":[\"https:\\\/\\\/www.anovapeneira.gal\\\/index.php\\\/2021\\\/01\\\/12\\\/decencia-e-indecencia\\\/#respond\"]}]},{\"@type\":\"WebPage\",\"@id\":\"https:\\\/\\\/www.anovapeneira.gal\\\/index.php\\\/2021\\\/01\\\/12\\\/decencia-e-indecencia\\\/\",\"url\":\"https:\\\/\\\/www.anovapeneira.gal\\\/index.php\\\/2021\\\/01\\\/12\\\/decencia-e-indecencia\\\/\",\"name\":\"Decencia e indecencia -\",\"isPartOf\":{\"@id\":\"https:\\\/\\\/www.anovapeneira.gal\\\/#website\"},\"primaryImageOfPage\":{\"@id\":\"https:\\\/\\\/www.anovapeneira.gal\\\/index.php\\\/2021\\\/01\\\/12\\\/decencia-e-indecencia\\\/#primaryimage\"},\"image\":{\"@id\":\"https:\\\/\\\/www.anovapeneira.gal\\\/index.php\\\/2021\\\/01\\\/12\\\/decencia-e-indecencia\\\/#primaryimage\"},\"thumbnailUrl\":\"https:\\\/\\\/www.anovapeneira.gal\\\/wp-content\\\/uploads\\\/2019\\\/07\\\/ARTIGO_DE_OPINION_A_NOVA_PENEIRA.jpg\",\"datePublished\":\"2021-01-12T09:00:55+00:00\",\"description\":\"Comezamos o ano con unha boa nova e outra non tan boa nova. A boa nova ref\u00edrese aos da Operaci\u00f3n Jaro que quedaron, como era debido, limpos dos delitos que -desde falsos informes- os imputaban. Certamente, a min, sorprendeume que a xustiza exercera a limpeza e proclamase a falsidade e impropia condici\u00f3n de privar da liberdade a unha xente que \u00e9 independentista, e pode selo\",\"breadcrumb\":{\"@id\":\"https:\\\/\\\/www.anovapeneira.gal\\\/index.php\\\/2021\\\/01\\\/12\\\/decencia-e-indecencia\\\/#breadcrumb\"},\"inLanguage\":\"gl-ES\",\"potentialAction\":[{\"@type\":\"ReadAction\",\"target\":[\"https:\\\/\\\/www.anovapeneira.gal\\\/index.php\\\/2021\\\/01\\\/12\\\/decencia-e-indecencia\\\/\"]}]},{\"@type\":\"ImageObject\",\"inLanguage\":\"gl-ES\",\"@id\":\"https:\\\/\\\/www.anovapeneira.gal\\\/index.php\\\/2021\\\/01\\\/12\\\/decencia-e-indecencia\\\/#primaryimage\",\"url\":\"https:\\\/\\\/www.anovapeneira.gal\\\/wp-content\\\/uploads\\\/2019\\\/07\\\/ARTIGO_DE_OPINION_A_NOVA_PENEIRA.jpg\",\"contentUrl\":\"https:\\\/\\\/www.anovapeneira.gal\\\/wp-content\\\/uploads\\\/2019\\\/07\\\/ARTIGO_DE_OPINION_A_NOVA_PENEIRA.jpg\",\"width\":720,\"height\":473,\"caption\":\"Artigo de opini\u00f3n A Nova Peneira\"},{\"@type\":\"BreadcrumbList\",\"@id\":\"https:\\\/\\\/www.anovapeneira.gal\\\/index.php\\\/2021\\\/01\\\/12\\\/decencia-e-indecencia\\\/#breadcrumb\",\"itemListElement\":[{\"@type\":\"ListItem\",\"position\":1,\"name\":\"Portada\",\"item\":\"https:\\\/\\\/www.anovapeneira.gal\\\/\"},{\"@type\":\"ListItem\",\"position\":2,\"name\":\"Decencia e indecencia\"}]},{\"@type\":\"WebSite\",\"@id\":\"https:\\\/\\\/www.anovapeneira.gal\\\/#website\",\"url\":\"https:\\\/\\\/www.anovapeneira.gal\\\/\",\"name\":\"\",\"description\":\"Xornal galego de informaci\u00f3n xeral Publicaci\u00f3n mensual de novas de Galicia e en especial dos Concellos da sur da provincia de Pontevedra.\",\"publisher\":{\"@id\":\"https:\\\/\\\/www.anovapeneira.gal\\\/#organization\"},\"potentialAction\":[{\"@type\":\"SearchAction\",\"target\":{\"@type\":\"EntryPoint\",\"urlTemplate\":\"https:\\\/\\\/www.anovapeneira.gal\\\/?s={search_term_string}\"},\"query-input\":{\"@type\":\"PropertyValueSpecification\",\"valueRequired\":true,\"valueName\":\"search_term_string\"}}],\"inLanguage\":\"gl-ES\"},{\"@type\":\"Organization\",\"@id\":\"https:\\\/\\\/www.anovapeneira.gal\\\/#organization\",\"name\":\"A Nova Peneira\",\"url\":\"https:\\\/\\\/www.anovapeneira.gal\\\/\",\"logo\":{\"@type\":\"ImageObject\",\"inLanguage\":\"gl-ES\",\"@id\":\"https:\\\/\\\/www.anovapeneira.gal\\\/#\\\/schema\\\/logo\\\/image\\\/\",\"url\":\"http:\\\/\\\/www.anovapeneira.gal\\\/wp-content\\\/uploads\\\/2019\\\/06\\\/logo_a_nova_peneira_portal_web.png\",\"contentUrl\":\"http:\\\/\\\/www.anovapeneira.gal\\\/wp-content\\\/uploads\\\/2019\\\/06\\\/logo_a_nova_peneira_portal_web.png\",\"width\":300,\"height\":100,\"caption\":\"A Nova Peneira\"},\"image\":{\"@id\":\"https:\\\/\\\/www.anovapeneira.gal\\\/#\\\/schema\\\/logo\\\/image\\\/\"},\"sameAs\":[\"https:\\\/\\\/www.facebook.com\\\/anovapeneira\",\"https:\\\/\\\/x.com\\\/APeneira\"]},{\"@type\":\"Person\",\"@id\":\"https:\\\/\\\/www.anovapeneira.gal\\\/#\\\/schema\\\/person\\\/b051ed40cfc100e281476674783b32fc\",\"name\":\"Baldomero Iglesias Dobarrio, Mero\",\"image\":{\"@type\":\"ImageObject\",\"inLanguage\":\"gl-ES\",\"@id\":\"https:\\\/\\\/secure.gravatar.com\\\/avatar\\\/ca78fc089f8cf28197f88de2c9ac213e2f7d2097d8e359d9359b8778b539c59d?s=96&d=mm&r=g\",\"url\":\"https:\\\/\\\/secure.gravatar.com\\\/avatar\\\/ca78fc089f8cf28197f88de2c9ac213e2f7d2097d8e359d9359b8778b539c59d?s=96&d=mm&r=g\",\"contentUrl\":\"https:\\\/\\\/secure.gravatar.com\\\/avatar\\\/ca78fc089f8cf28197f88de2c9ac213e2f7d2097d8e359d9359b8778b539c59d?s=96&d=mm&r=g\",\"caption\":\"Baldomero Iglesias Dobarrio, Mero\"},\"sameAs\":[\"http:\\\/\\\/anovapeneira.gal\"],\"url\":\"https:\\\/\\\/www.anovapeneira.gal\\\/index.php\\\/author\\\/opinionmero\\\/\"}]}<\/script>\n<!-- \/ Yoast SEO plugin. -->","yoast_head_json":{"title":"Decencia e indecencia -","description":"Comezamos o ano con unha boa nova e outra non tan boa nova. A boa nova ref\u00edrese aos da Operaci\u00f3n Jaro que quedaron, como era debido, limpos dos delitos que -desde falsos informes- os imputaban. Certamente, a min, sorprendeume que a xustiza exercera a limpeza e proclamase a falsidade e impropia condici\u00f3n de privar da liberdade a unha xente que \u00e9 independentista, e pode selo","robots":{"index":"index","follow":"follow","max-snippet":"max-snippet:-1","max-image-preview":"max-image-preview:large","max-video-preview":"max-video-preview:-1"},"canonical":"https:\/\/www.anovapeneira.gal\/index.php\/2021\/01\/12\/decencia-e-indecencia\/","og_locale":"gl_ES","og_type":"article","og_title":"Decencia e indecencia -","og_description":"Comezamos o ano con unha boa nova e outra non tan boa nova. A boa nova ref\u00edrese aos da Operaci\u00f3n Jaro que quedaron, como era debido, limpos dos delitos que -desde falsos informes- os imputaban. Certamente, a min, sorprendeume que a xustiza exercera a limpeza e proclamase a falsidade e impropia condici\u00f3n de privar da liberdade a unha xente que \u00e9 independentista, e pode selo","og_url":"https:\/\/www.anovapeneira.gal\/index.php\/2021\/01\/12\/decencia-e-indecencia\/","article_publisher":"https:\/\/www.facebook.com\/anovapeneira","article_published_time":"2021-01-12T09:00:55+00:00","og_image":[{"width":720,"height":473,"url":"https:\/\/www.anovapeneira.gal\/wp-content\/uploads\/2019\/07\/ARTIGO_DE_OPINION_A_NOVA_PENEIRA.jpg","type":"image\/jpeg"}],"author":"Baldomero Iglesias Dobarrio, Mero","twitter_card":"summary_large_image","twitter_creator":"@APeneira","twitter_site":"@APeneira","twitter_misc":{"Escrito por":"Baldomero Iglesias Dobarrio, Mero","Tempo de lectura":"4 minutos"},"schema":{"@context":"https:\/\/schema.org","@graph":[{"@type":"Article","@id":"https:\/\/www.anovapeneira.gal\/index.php\/2021\/01\/12\/decencia-e-indecencia\/#article","isPartOf":{"@id":"https:\/\/www.anovapeneira.gal\/index.php\/2021\/01\/12\/decencia-e-indecencia\/"},"author":{"name":"Baldomero Iglesias Dobarrio, Mero","@id":"https:\/\/www.anovapeneira.gal\/#\/schema\/person\/b051ed40cfc100e281476674783b32fc"},"headline":"Decencia e indecencia","datePublished":"2021-01-12T09:00:55+00:00","mainEntityOfPage":{"@id":"https:\/\/www.anovapeneira.gal\/index.php\/2021\/01\/12\/decencia-e-indecencia\/"},"wordCount":842,"commentCount":0,"publisher":{"@id":"https:\/\/www.anovapeneira.gal\/#organization"},"image":{"@id":"https:\/\/www.anovapeneira.gal\/index.php\/2021\/01\/12\/decencia-e-indecencia\/#primaryimage"},"thumbnailUrl":"https:\/\/www.anovapeneira.gal\/wp-content\/uploads\/2019\/07\/ARTIGO_DE_OPINION_A_NOVA_PENEIRA.jpg","keywords":["Opini\u00f3n"],"articleSection":["Artigos de opini\u00f3n"],"inLanguage":"gl-ES","potentialAction":[{"@type":"CommentAction","name":"Comment","target":["https:\/\/www.anovapeneira.gal\/index.php\/2021\/01\/12\/decencia-e-indecencia\/#respond"]}]},{"@type":"WebPage","@id":"https:\/\/www.anovapeneira.gal\/index.php\/2021\/01\/12\/decencia-e-indecencia\/","url":"https:\/\/www.anovapeneira.gal\/index.php\/2021\/01\/12\/decencia-e-indecencia\/","name":"Decencia e indecencia -","isPartOf":{"@id":"https:\/\/www.anovapeneira.gal\/#website"},"primaryImageOfPage":{"@id":"https:\/\/www.anovapeneira.gal\/index.php\/2021\/01\/12\/decencia-e-indecencia\/#primaryimage"},"image":{"@id":"https:\/\/www.anovapeneira.gal\/index.php\/2021\/01\/12\/decencia-e-indecencia\/#primaryimage"},"thumbnailUrl":"https:\/\/www.anovapeneira.gal\/wp-content\/uploads\/2019\/07\/ARTIGO_DE_OPINION_A_NOVA_PENEIRA.jpg","datePublished":"2021-01-12T09:00:55+00:00","description":"Comezamos o ano con unha boa nova e outra non tan boa nova. A boa nova ref\u00edrese aos da Operaci\u00f3n Jaro que quedaron, como era debido, limpos dos delitos que -desde falsos informes- os imputaban. Certamente, a min, sorprendeume que a xustiza exercera a limpeza e proclamase a falsidade e impropia condici\u00f3n de privar da liberdade a unha xente que \u00e9 independentista, e pode selo","breadcrumb":{"@id":"https:\/\/www.anovapeneira.gal\/index.php\/2021\/01\/12\/decencia-e-indecencia\/#breadcrumb"},"inLanguage":"gl-ES","potentialAction":[{"@type":"ReadAction","target":["https:\/\/www.anovapeneira.gal\/index.php\/2021\/01\/12\/decencia-e-indecencia\/"]}]},{"@type":"ImageObject","inLanguage":"gl-ES","@id":"https:\/\/www.anovapeneira.gal\/index.php\/2021\/01\/12\/decencia-e-indecencia\/#primaryimage","url":"https:\/\/www.anovapeneira.gal\/wp-content\/uploads\/2019\/07\/ARTIGO_DE_OPINION_A_NOVA_PENEIRA.jpg","contentUrl":"https:\/\/www.anovapeneira.gal\/wp-content\/uploads\/2019\/07\/ARTIGO_DE_OPINION_A_NOVA_PENEIRA.jpg","width":720,"height":473,"caption":"Artigo de opini\u00f3n A Nova Peneira"},{"@type":"BreadcrumbList","@id":"https:\/\/www.anovapeneira.gal\/index.php\/2021\/01\/12\/decencia-e-indecencia\/#breadcrumb","itemListElement":[{"@type":"ListItem","position":1,"name":"Portada","item":"https:\/\/www.anovapeneira.gal\/"},{"@type":"ListItem","position":2,"name":"Decencia e indecencia"}]},{"@type":"WebSite","@id":"https:\/\/www.anovapeneira.gal\/#website","url":"https:\/\/www.anovapeneira.gal\/","name":"","description":"Xornal galego de informaci\u00f3n xeral Publicaci\u00f3n mensual de novas de Galicia e en especial dos Concellos da sur da provincia de Pontevedra.","publisher":{"@id":"https:\/\/www.anovapeneira.gal\/#organization"},"potentialAction":[{"@type":"SearchAction","target":{"@type":"EntryPoint","urlTemplate":"https:\/\/www.anovapeneira.gal\/?s={search_term_string}"},"query-input":{"@type":"PropertyValueSpecification","valueRequired":true,"valueName":"search_term_string"}}],"inLanguage":"gl-ES"},{"@type":"Organization","@id":"https:\/\/www.anovapeneira.gal\/#organization","name":"A Nova Peneira","url":"https:\/\/www.anovapeneira.gal\/","logo":{"@type":"ImageObject","inLanguage":"gl-ES","@id":"https:\/\/www.anovapeneira.gal\/#\/schema\/logo\/image\/","url":"http:\/\/www.anovapeneira.gal\/wp-content\/uploads\/2019\/06\/logo_a_nova_peneira_portal_web.png","contentUrl":"http:\/\/www.anovapeneira.gal\/wp-content\/uploads\/2019\/06\/logo_a_nova_peneira_portal_web.png","width":300,"height":100,"caption":"A Nova Peneira"},"image":{"@id":"https:\/\/www.anovapeneira.gal\/#\/schema\/logo\/image\/"},"sameAs":["https:\/\/www.facebook.com\/anovapeneira","https:\/\/x.com\/APeneira"]},{"@type":"Person","@id":"https:\/\/www.anovapeneira.gal\/#\/schema\/person\/b051ed40cfc100e281476674783b32fc","name":"Baldomero Iglesias Dobarrio, Mero","image":{"@type":"ImageObject","inLanguage":"gl-ES","@id":"https:\/\/secure.gravatar.com\/avatar\/ca78fc089f8cf28197f88de2c9ac213e2f7d2097d8e359d9359b8778b539c59d?s=96&d=mm&r=g","url":"https:\/\/secure.gravatar.com\/avatar\/ca78fc089f8cf28197f88de2c9ac213e2f7d2097d8e359d9359b8778b539c59d?s=96&d=mm&r=g","contentUrl":"https:\/\/secure.gravatar.com\/avatar\/ca78fc089f8cf28197f88de2c9ac213e2f7d2097d8e359d9359b8778b539c59d?s=96&d=mm&r=g","caption":"Baldomero Iglesias Dobarrio, Mero"},"sameAs":["http:\/\/anovapeneira.gal"],"url":"https:\/\/www.anovapeneira.gal\/index.php\/author\/opinionmero\/"}]}},"jetpack_featured_media_url":"https:\/\/www.anovapeneira.gal\/wp-content\/uploads\/2019\/07\/ARTIGO_DE_OPINION_A_NOVA_PENEIRA.jpg","_links":{"self":[{"href":"https:\/\/www.anovapeneira.gal\/index.php\/wp-json\/wp\/v2\/posts\/4632","targetHints":{"allow":["GET"]}}],"collection":[{"href":"https:\/\/www.anovapeneira.gal\/index.php\/wp-json\/wp\/v2\/posts"}],"about":[{"href":"https:\/\/www.anovapeneira.gal\/index.php\/wp-json\/wp\/v2\/types\/post"}],"author":[{"embeddable":true,"href":"https:\/\/www.anovapeneira.gal\/index.php\/wp-json\/wp\/v2\/users\/5"}],"replies":[{"embeddable":true,"href":"https:\/\/www.anovapeneira.gal\/index.php\/wp-json\/wp\/v2\/comments?post=4632"}],"version-history":[{"count":1,"href":"https:\/\/www.anovapeneira.gal\/index.php\/wp-json\/wp\/v2\/posts\/4632\/revisions"}],"predecessor-version":[{"id":4633,"href":"https:\/\/www.anovapeneira.gal\/index.php\/wp-json\/wp\/v2\/posts\/4632\/revisions\/4633"}],"wp:featuredmedia":[{"embeddable":true,"href":"https:\/\/www.anovapeneira.gal\/index.php\/wp-json\/wp\/v2\/media\/584"}],"wp:attachment":[{"href":"https:\/\/www.anovapeneira.gal\/index.php\/wp-json\/wp\/v2\/media?parent=4632"}],"wp:term":[{"taxonomy":"category","embeddable":true,"href":"https:\/\/www.anovapeneira.gal\/index.php\/wp-json\/wp\/v2\/categories?post=4632"},{"taxonomy":"post_tag","embeddable":true,"href":"https:\/\/www.anovapeneira.gal\/index.php\/wp-json\/wp\/v2\/tags?post=4632"}],"curies":[{"name":"wp","href":"https:\/\/api.w.org\/{rel}","templated":true}]}}