{"id":4636,"date":"2021-01-13T10:00:48","date_gmt":"2021-01-13T09:00:48","guid":{"rendered":"http:\/\/www.anovapeneira.gal\/?p=4636"},"modified":"2021-01-09T04:47:10","modified_gmt":"2021-01-09T03:47:10","slug":"miguel-rodriguez-e-isabel-castro-traen-a-ponteareas-a-medalla-de-ouro-do-campionato-de-espana-de-ciclocros","status":"publish","type":"post","link":"https:\/\/www.anovapeneira.gal\/index.php\/2021\/01\/13\/miguel-rodriguez-e-isabel-castro-traen-a-ponteareas-a-medalla-de-ouro-do-campionato-de-espana-de-ciclocros\/","title":{"rendered":"Miguel Rodr\u00edguez e Isabel Castro traen a Ponteareas a medalla de ouro do Campionato de Espa\u00f1a de Ciclocr\u00f3s"},"content":{"rendered":"\n<p>O concelleiro de deportes en funci\u00f3ns do Concello de Ponteareas, Miguel Bouz\u00f3, v\u00e9n de trasladarlle os parab\u00e9ns do goberno local \u00e1s e aos ciclistas ponteare\u00e1ns que na tarde deste venres disputaron con grandes resultados o Campionato de Espa\u00f1a de Ciclocr\u00f3s en Torrelavega.<\/p>\n\n\n\n<figure class=\"wp-block-gallery columns-2 is-cropped wp-block-gallery-1 is-layout-flex wp-block-gallery-is-layout-flex\"><ul class=\"blocks-gallery-grid\"><li class=\"blocks-gallery-item\"><figure><img loading=\"lazy\" decoding=\"async\" width=\"720\" height=\"432\" src=\"http:\/\/www.anovapeneira.gal\/wp-content\/uploads\/2021\/01\/Isabel-Castro-1.jpg\" alt=\"\" data-id=\"4645\" data-full-url=\"http:\/\/www.anovapeneira.gal\/wp-content\/uploads\/2021\/01\/Isabel-Castro-1.jpg\" data-link=\"http:\/\/www.anovapeneira.gal\/?attachment_id=4645\" class=\"wp-image-4645\" srcset=\"https:\/\/www.anovapeneira.gal\/wp-content\/uploads\/2021\/01\/Isabel-Castro-1.jpg 720w, https:\/\/www.anovapeneira.gal\/wp-content\/uploads\/2021\/01\/Isabel-Castro-1-300x180.jpg 300w\" sizes=\"auto, (max-width: 720px) 100vw, 720px\" \/><\/figure><\/li><li class=\"blocks-gallery-item\"><figure><img loading=\"lazy\" decoding=\"async\" width=\"720\" height=\"432\" src=\"http:\/\/www.anovapeneira.gal\/wp-content\/uploads\/2021\/01\/Miguel-Rodriguez-1.jpg\" alt=\"\" data-id=\"4644\" data-full-url=\"http:\/\/www.anovapeneira.gal\/wp-content\/uploads\/2021\/01\/Miguel-Rodriguez-1.jpg\" data-link=\"http:\/\/www.anovapeneira.gal\/?attachment_id=4644\" class=\"wp-image-4644\" srcset=\"https:\/\/www.anovapeneira.gal\/wp-content\/uploads\/2021\/01\/Miguel-Rodriguez-1.jpg 720w, https:\/\/www.anovapeneira.gal\/wp-content\/uploads\/2021\/01\/Miguel-Rodriguez-1-300x180.jpg 300w\" sizes=\"auto, (max-width: 720px) 100vw, 720px\" \/><\/figure><\/li><\/ul><\/figure>\n\n\n\n<p>O corredor do Club Ciclista Ponteareas e integrante da selecci\u00f3n de Galicia, Miguel Rodr\u00edguez Novoa, logrou proclamarse campi\u00f3n de Espa\u00f1a na categor\u00eda j\u00fanior masculina, con 14 segundos de marxe sobre o seu perseguidor tras un intenso duelo. Na categor\u00eda M\u00e1ster50 feminina, Isabel Castro tam\u00e9n obtivo o ouro, tras liderar a proba en solitario e chegar a meta con m\u00e1is de seis minutos de vantaxe sobre a segunda clasificada.<\/p>\n\n\n\n<p>A ponteare\u00e1 Ux\u00eda Soto logrou a medalla de bronce na categor\u00eda cadete feminina, na que tam\u00e9n participou Vania Gregores, ambas como integrantes da Selecci\u00f3n de Galicia. Na categor\u00eda cadete masculina participou Xano Gil, do Club Ciclista Ponteareas.<\/p>\n\n\n\n<p>Miguel Bouz\u00f3 sinalou o \u201corgullo que sup\u00f3n para Ponteareas que o nome da nosa localidade estea vinculado ao longo dos anos a tantos \u00e9xitos deportivos, continuando unha tradici\u00f3n que nos mant\u00e9n como un referente no ciclismo e no conxunto do \u00e1mbito deportivo\u201d.<\/p>\n\n\n\n<figure class=\"wp-block-gallery columns-2 is-cropped wp-block-gallery-2 is-layout-flex wp-block-gallery-is-layout-flex\"><ul class=\"blocks-gallery-grid\"><li class=\"blocks-gallery-item\"><figure><img loading=\"lazy\" decoding=\"async\" width=\"720\" height=\"432\" src=\"http:\/\/www.anovapeneira.gal\/wp-content\/uploads\/2021\/01\/podium-junior-masc-1Miguel-Rguez-1.jpg\" alt=\"\" data-id=\"4642\" data-full-url=\"http:\/\/www.anovapeneira.gal\/wp-content\/uploads\/2021\/01\/podium-junior-masc-1Miguel-Rguez-1.jpg\" data-link=\"http:\/\/www.anovapeneira.gal\/?attachment_id=4642\" class=\"wp-image-4642\" srcset=\"https:\/\/www.anovapeneira.gal\/wp-content\/uploads\/2021\/01\/podium-junior-masc-1Miguel-Rguez-1.jpg 720w, https:\/\/www.anovapeneira.gal\/wp-content\/uploads\/2021\/01\/podium-junior-masc-1Miguel-Rguez-1-300x180.jpg 300w\" sizes=\"auto, (max-width: 720px) 100vw, 720px\" \/><\/figure><\/li><li class=\"blocks-gallery-item\"><figure><img loading=\"lazy\" decoding=\"async\" width=\"720\" height=\"432\" src=\"http:\/\/www.anovapeneira.gal\/wp-content\/uploads\/2021\/01\/Podium-cadete-fem-3Uxia-Soto-1.jpg\" alt=\"\" data-id=\"4643\" data-full-url=\"http:\/\/www.anovapeneira.gal\/wp-content\/uploads\/2021\/01\/Podium-cadete-fem-3Uxia-Soto-1.jpg\" data-link=\"http:\/\/www.anovapeneira.gal\/?attachment_id=4643\" class=\"wp-image-4643\" srcset=\"https:\/\/www.anovapeneira.gal\/wp-content\/uploads\/2021\/01\/Podium-cadete-fem-3Uxia-Soto-1.jpg 720w, https:\/\/www.anovapeneira.gal\/wp-content\/uploads\/2021\/01\/Podium-cadete-fem-3Uxia-Soto-1-300x180.jpg 300w\" sizes=\"auto, (max-width: 720px) 100vw, 720px\" \/><\/figure><\/li><\/ul><\/figure>\n\n\n\n<p>Asi mesmo, Bouz\u00f3 lembrou que este domingo, Ponteareas volver\u00e1 estar representada no Campionato de Espa\u00f1a a trav\u00e9s de Borja G\u00f3mez, que disputar\u00e1 a categor\u00eda sub23 masculina. \u201cA s\u00faa participaci\u00f3n neste campionato xa \u00e9 un \u00e9xito polo que sup\u00f3n para romper barreiras e facer visibles no deporte \u00e1s persoas con capacidades diferentes\u201d, indicou.<\/p>\n","protected":false},"excerpt":{"rendered":"<div class=\"mh-excerpt\"><p>O concelleiro de deportes en funci\u00f3ns do Concello de Ponteareas, Miguel Bouz\u00f3, v\u00e9n de trasladarlle os parab\u00e9ns do goberno local \u00e1s e aos ciclistas ponteare\u00e1ns que na tarde deste venres disputaron con grandes resultados o Campionato de Espa\u00f1a de Ciclocr\u00f3s en Torrelavega <a class=\"mh-excerpt-more\" href=\"https:\/\/www.anovapeneira.gal\/index.php\/2021\/01\/13\/miguel-rodriguez-e-isabel-castro-traen-a-ponteareas-a-medalla-de-ouro-do-campionato-de-espana-de-ciclocros\/\" title=\"Miguel Rodr\u00edguez e Isabel Castro traen a Ponteareas a medalla de ouro do Campionato de Espa\u00f1a de Ciclocr\u00f3s\">[&#8230;]<\/a><\/p>\n<\/div>","protected":false},"author":1,"featured_media":4646,"comment_status":"open","ping_status":"open","sticky":false,"template":"","format":"standard","meta":{"_exactmetrics_skip_tracking":false,"_exactmetrics_sitenote_active":false,"_exactmetrics_sitenote_note":"","_exactmetrics_sitenote_category":0,"footnotes":""},"categories":[25],"tags":[208],"class_list":{"0":"post-4636","1":"post","2":"type-post","3":"status-publish","4":"format-standard","5":"has-post-thumbnail","7":"category-condado","8":"tag-concello-de-ponteareas"},"yoast_head":"<!-- This site is optimized with the Yoast SEO plugin v27.4 - https:\/\/yoast.com\/product\/yoast-seo-wordpress\/ -->\n<title>Miguel Rodr\u00edguez e Isabel Castro traen a Ponteareas a medalla de ouro do Campionato de Espa\u00f1a de Ciclocr\u00f3s -<\/title>\n<meta name=\"description\" content=\"O concelleiro de deportes en funci\u00f3ns do Concello de Ponteareas, Miguel Bouz\u00f3, v\u00e9n de trasladarlle os parab\u00e9ns do goberno local \u00e1s e aos ciclistas ponteare\u00e1ns que na tarde deste venres disputaron con grandes resultados o Campionato de Espa\u00f1a de Ciclocr\u00f3s en Torrelavega\" \/>\n<meta name=\"robots\" content=\"index, follow, max-snippet:-1, max-image-preview:large, max-video-preview:-1\" \/>\n<link rel=\"canonical\" href=\"https:\/\/www.anovapeneira.gal\/index.php\/2021\/01\/13\/miguel-rodriguez-e-isabel-castro-traen-a-ponteareas-a-medalla-de-ouro-do-campionato-de-espana-de-ciclocros\/\" \/>\n<meta property=\"og:locale\" content=\"gl_ES\" \/>\n<meta property=\"og:type\" content=\"article\" \/>\n<meta property=\"og:title\" content=\"Miguel Rodr\u00edguez e Isabel Castro traen a Ponteareas a medalla de ouro do Campionato de Espa\u00f1a de Ciclocr\u00f3s -\" \/>\n<meta property=\"og:description\" content=\"O concelleiro de deportes en funci\u00f3ns do Concello de Ponteareas, Miguel Bouz\u00f3, v\u00e9n de trasladarlle os parab\u00e9ns do goberno local \u00e1s e aos ciclistas ponteare\u00e1ns que na tarde deste venres disputaron con grandes resultados o Campionato de Espa\u00f1a de Ciclocr\u00f3s en Torrelavega\" \/>\n<meta property=\"og:url\" content=\"https:\/\/www.anovapeneira.gal\/index.php\/2021\/01\/13\/miguel-rodriguez-e-isabel-castro-traen-a-ponteareas-a-medalla-de-ouro-do-campionato-de-espana-de-ciclocros\/\" \/>\n<meta property=\"article:publisher\" content=\"https:\/\/www.facebook.com\/anovapeneira\" \/>\n<meta property=\"article:author\" content=\"https:\/\/www.facebook.com\/anovapeneira\/\" \/>\n<meta property=\"article:published_time\" content=\"2021-01-13T09:00:48+00:00\" \/>\n<meta property=\"og:image\" content=\"https:\/\/www.anovapeneira.gal\/wp-content\/uploads\/2021\/01\/ciclocros-facebook.jpg\" \/>\n\t<meta property=\"og:image:width\" content=\"720\" \/>\n\t<meta property=\"og:image:height\" content=\"432\" \/>\n\t<meta property=\"og:image:type\" content=\"image\/jpeg\" \/>\n<meta name=\"author\" content=\"admin\" \/>\n<meta name=\"twitter:card\" content=\"summary_large_image\" \/>\n<meta name=\"twitter:creator\" content=\"@APeneira\" \/>\n<meta name=\"twitter:site\" content=\"@APeneira\" \/>\n<meta name=\"twitter:label1\" content=\"Escrito por\" \/>\n\t<meta name=\"twitter:data1\" content=\"admin\" \/>\n\t<meta name=\"twitter:label2\" content=\"Tempo de lectura\" \/>\n\t<meta name=\"twitter:data2\" content=\"1 minuto\" \/>\n<script type=\"application\/ld+json\" class=\"yoast-schema-graph\">{\"@context\":\"https:\\\/\\\/schema.org\",\"@graph\":[{\"@type\":\"Article\",\"@id\":\"https:\\\/\\\/www.anovapeneira.gal\\\/index.php\\\/2021\\\/01\\\/13\\\/miguel-rodriguez-e-isabel-castro-traen-a-ponteareas-a-medalla-de-ouro-do-campionato-de-espana-de-ciclocros\\\/#article\",\"isPartOf\":{\"@id\":\"https:\\\/\\\/www.anovapeneira.gal\\\/index.php\\\/2021\\\/01\\\/13\\\/miguel-rodriguez-e-isabel-castro-traen-a-ponteareas-a-medalla-de-ouro-do-campionato-de-espana-de-ciclocros\\\/\"},\"author\":{\"name\":\"admin\",\"@id\":\"https:\\\/\\\/www.anovapeneira.gal\\\/#\\\/schema\\\/person\\\/fb77575328c93684dae4b0075f90c2cb\"},\"headline\":\"Miguel Rodr\u00edguez e Isabel Castro traen a Ponteareas a medalla de ouro do Campionato de Espa\u00f1a de Ciclocr\u00f3s\",\"datePublished\":\"2021-01-13T09:00:48+00:00\",\"mainEntityOfPage\":{\"@id\":\"https:\\\/\\\/www.anovapeneira.gal\\\/index.php\\\/2021\\\/01\\\/13\\\/miguel-rodriguez-e-isabel-castro-traen-a-ponteareas-a-medalla-de-ouro-do-campionato-de-espana-de-ciclocros\\\/\"},\"wordCount\":291,\"commentCount\":0,\"publisher\":{\"@id\":\"https:\\\/\\\/www.anovapeneira.gal\\\/#organization\"},\"image\":{\"@id\":\"https:\\\/\\\/www.anovapeneira.gal\\\/index.php\\\/2021\\\/01\\\/13\\\/miguel-rodriguez-e-isabel-castro-traen-a-ponteareas-a-medalla-de-ouro-do-campionato-de-espana-de-ciclocros\\\/#primaryimage\"},\"thumbnailUrl\":\"https:\\\/\\\/www.anovapeneira.gal\\\/wp-content\\\/uploads\\\/2021\\\/01\\\/ciclocros-facebook.jpg\",\"keywords\":[\"Concello de Ponteareas\"],\"articleSection\":[\"Condado\"],\"inLanguage\":\"gl-ES\",\"potentialAction\":[{\"@type\":\"CommentAction\",\"name\":\"Comment\",\"target\":[\"https:\\\/\\\/www.anovapeneira.gal\\\/index.php\\\/2021\\\/01\\\/13\\\/miguel-rodriguez-e-isabel-castro-traen-a-ponteareas-a-medalla-de-ouro-do-campionato-de-espana-de-ciclocros\\\/#respond\"]}]},{\"@type\":\"WebPage\",\"@id\":\"https:\\\/\\\/www.anovapeneira.gal\\\/index.php\\\/2021\\\/01\\\/13\\\/miguel-rodriguez-e-isabel-castro-traen-a-ponteareas-a-medalla-de-ouro-do-campionato-de-espana-de-ciclocros\\\/\",\"url\":\"https:\\\/\\\/www.anovapeneira.gal\\\/index.php\\\/2021\\\/01\\\/13\\\/miguel-rodriguez-e-isabel-castro-traen-a-ponteareas-a-medalla-de-ouro-do-campionato-de-espana-de-ciclocros\\\/\",\"name\":\"Miguel Rodr\u00edguez e Isabel Castro traen a Ponteareas a medalla de ouro do Campionato de Espa\u00f1a de Ciclocr\u00f3s -\",\"isPartOf\":{\"@id\":\"https:\\\/\\\/www.anovapeneira.gal\\\/#website\"},\"primaryImageOfPage\":{\"@id\":\"https:\\\/\\\/www.anovapeneira.gal\\\/index.php\\\/2021\\\/01\\\/13\\\/miguel-rodriguez-e-isabel-castro-traen-a-ponteareas-a-medalla-de-ouro-do-campionato-de-espana-de-ciclocros\\\/#primaryimage\"},\"image\":{\"@id\":\"https:\\\/\\\/www.anovapeneira.gal\\\/index.php\\\/2021\\\/01\\\/13\\\/miguel-rodriguez-e-isabel-castro-traen-a-ponteareas-a-medalla-de-ouro-do-campionato-de-espana-de-ciclocros\\\/#primaryimage\"},\"thumbnailUrl\":\"https:\\\/\\\/www.anovapeneira.gal\\\/wp-content\\\/uploads\\\/2021\\\/01\\\/ciclocros-facebook.jpg\",\"datePublished\":\"2021-01-13T09:00:48+00:00\",\"description\":\"O concelleiro de deportes en funci\u00f3ns do Concello de Ponteareas, Miguel Bouz\u00f3, v\u00e9n de trasladarlle os parab\u00e9ns do goberno local \u00e1s e aos ciclistas ponteare\u00e1ns que na tarde deste venres disputaron con grandes resultados o Campionato de Espa\u00f1a de Ciclocr\u00f3s en Torrelavega\",\"breadcrumb\":{\"@id\":\"https:\\\/\\\/www.anovapeneira.gal\\\/index.php\\\/2021\\\/01\\\/13\\\/miguel-rodriguez-e-isabel-castro-traen-a-ponteareas-a-medalla-de-ouro-do-campionato-de-espana-de-ciclocros\\\/#breadcrumb\"},\"inLanguage\":\"gl-ES\",\"potentialAction\":[{\"@type\":\"ReadAction\",\"target\":[\"https:\\\/\\\/www.anovapeneira.gal\\\/index.php\\\/2021\\\/01\\\/13\\\/miguel-rodriguez-e-isabel-castro-traen-a-ponteareas-a-medalla-de-ouro-do-campionato-de-espana-de-ciclocros\\\/\"]}]},{\"@type\":\"ImageObject\",\"inLanguage\":\"gl-ES\",\"@id\":\"https:\\\/\\\/www.anovapeneira.gal\\\/index.php\\\/2021\\\/01\\\/13\\\/miguel-rodriguez-e-isabel-castro-traen-a-ponteareas-a-medalla-de-ouro-do-campionato-de-espana-de-ciclocros\\\/#primaryimage\",\"url\":\"https:\\\/\\\/www.anovapeneira.gal\\\/wp-content\\\/uploads\\\/2021\\\/01\\\/ciclocros-facebook.jpg\",\"contentUrl\":\"https:\\\/\\\/www.anovapeneira.gal\\\/wp-content\\\/uploads\\\/2021\\\/01\\\/ciclocros-facebook.jpg\",\"width\":720,\"height\":432,\"caption\":\"Miguel Rodr\u00edguez e Isabel Castro traen a Ponteareas a medalla de ouro do Campionato de Espa\u00f1a de Ciclocr\u00f3s\"},{\"@type\":\"BreadcrumbList\",\"@id\":\"https:\\\/\\\/www.anovapeneira.gal\\\/index.php\\\/2021\\\/01\\\/13\\\/miguel-rodriguez-e-isabel-castro-traen-a-ponteareas-a-medalla-de-ouro-do-campionato-de-espana-de-ciclocros\\\/#breadcrumb\",\"itemListElement\":[{\"@type\":\"ListItem\",\"position\":1,\"name\":\"Portada\",\"item\":\"https:\\\/\\\/www.anovapeneira.gal\\\/\"},{\"@type\":\"ListItem\",\"position\":2,\"name\":\"Miguel Rodr\u00edguez e Isabel Castro traen a Ponteareas a medalla de ouro do Campionato de Espa\u00f1a de Ciclocr\u00f3s\"}]},{\"@type\":\"WebSite\",\"@id\":\"https:\\\/\\\/www.anovapeneira.gal\\\/#website\",\"url\":\"https:\\\/\\\/www.anovapeneira.gal\\\/\",\"name\":\"\",\"description\":\"Xornal galego de informaci\u00f3n xeral Publicaci\u00f3n mensual de novas de Galicia e en especial dos Concellos da sur da provincia de Pontevedra.\",\"publisher\":{\"@id\":\"https:\\\/\\\/www.anovapeneira.gal\\\/#organization\"},\"potentialAction\":[{\"@type\":\"SearchAction\",\"target\":{\"@type\":\"EntryPoint\",\"urlTemplate\":\"https:\\\/\\\/www.anovapeneira.gal\\\/?s={search_term_string}\"},\"query-input\":{\"@type\":\"PropertyValueSpecification\",\"valueRequired\":true,\"valueName\":\"search_term_string\"}}],\"inLanguage\":\"gl-ES\"},{\"@type\":\"Organization\",\"@id\":\"https:\\\/\\\/www.anovapeneira.gal\\\/#organization\",\"name\":\"A Nova Peneira\",\"url\":\"https:\\\/\\\/www.anovapeneira.gal\\\/\",\"logo\":{\"@type\":\"ImageObject\",\"inLanguage\":\"gl-ES\",\"@id\":\"https:\\\/\\\/www.anovapeneira.gal\\\/#\\\/schema\\\/logo\\\/image\\\/\",\"url\":\"http:\\\/\\\/www.anovapeneira.gal\\\/wp-content\\\/uploads\\\/2019\\\/06\\\/logo_a_nova_peneira_portal_web.png\",\"contentUrl\":\"http:\\\/\\\/www.anovapeneira.gal\\\/wp-content\\\/uploads\\\/2019\\\/06\\\/logo_a_nova_peneira_portal_web.png\",\"width\":300,\"height\":100,\"caption\":\"A Nova Peneira\"},\"image\":{\"@id\":\"https:\\\/\\\/www.anovapeneira.gal\\\/#\\\/schema\\\/logo\\\/image\\\/\"},\"sameAs\":[\"https:\\\/\\\/www.facebook.com\\\/anovapeneira\",\"https:\\\/\\\/x.com\\\/APeneira\"]},{\"@type\":\"Person\",\"@id\":\"https:\\\/\\\/www.anovapeneira.gal\\\/#\\\/schema\\\/person\\\/fb77575328c93684dae4b0075f90c2cb\",\"name\":\"admin\",\"image\":{\"@type\":\"ImageObject\",\"inLanguage\":\"gl-ES\",\"@id\":\"https:\\\/\\\/secure.gravatar.com\\\/avatar\\\/df15c36ce375448325e0bc870e91bbee95947a002eb98dcfd6c2b053e18843e9?s=96&d=mm&r=g\",\"url\":\"https:\\\/\\\/secure.gravatar.com\\\/avatar\\\/df15c36ce375448325e0bc870e91bbee95947a002eb98dcfd6c2b053e18843e9?s=96&d=mm&r=g\",\"contentUrl\":\"https:\\\/\\\/secure.gravatar.com\\\/avatar\\\/df15c36ce375448325e0bc870e91bbee95947a002eb98dcfd6c2b053e18843e9?s=96&d=mm&r=g\",\"caption\":\"admin\"},\"description\":\"Xornal galego de informaci\u00f3n xeral Publicaci\u00f3n mensual de novas de Galicia e en especial dos Concellos da sur da provincia de Pontevedra.\",\"sameAs\":[\"http:\\\/\\\/www.anovapeneira.gal\\\/\",\"https:\\\/\\\/www.facebook.com\\\/anovapeneira\\\/\"],\"url\":\"https:\\\/\\\/www.anovapeneira.gal\\\/index.php\\\/author\\\/admin\\\/\"}]}<\/script>\n<!-- \/ Yoast SEO plugin. -->","yoast_head_json":{"title":"Miguel Rodr\u00edguez e Isabel Castro traen a Ponteareas a medalla de ouro do Campionato de Espa\u00f1a de Ciclocr\u00f3s -","description":"O concelleiro de deportes en funci\u00f3ns do Concello de Ponteareas, Miguel Bouz\u00f3, v\u00e9n de trasladarlle os parab\u00e9ns do goberno local \u00e1s e aos ciclistas ponteare\u00e1ns que na tarde deste venres disputaron con grandes resultados o Campionato de Espa\u00f1a de Ciclocr\u00f3s en Torrelavega","robots":{"index":"index","follow":"follow","max-snippet":"max-snippet:-1","max-image-preview":"max-image-preview:large","max-video-preview":"max-video-preview:-1"},"canonical":"https:\/\/www.anovapeneira.gal\/index.php\/2021\/01\/13\/miguel-rodriguez-e-isabel-castro-traen-a-ponteareas-a-medalla-de-ouro-do-campionato-de-espana-de-ciclocros\/","og_locale":"gl_ES","og_type":"article","og_title":"Miguel Rodr\u00edguez e Isabel Castro traen a Ponteareas a medalla de ouro do Campionato de Espa\u00f1a de Ciclocr\u00f3s -","og_description":"O concelleiro de deportes en funci\u00f3ns do Concello de Ponteareas, Miguel Bouz\u00f3, v\u00e9n de trasladarlle os parab\u00e9ns do goberno local \u00e1s e aos ciclistas ponteare\u00e1ns que na tarde deste venres disputaron con grandes resultados o Campionato de Espa\u00f1a de Ciclocr\u00f3s en Torrelavega","og_url":"https:\/\/www.anovapeneira.gal\/index.php\/2021\/01\/13\/miguel-rodriguez-e-isabel-castro-traen-a-ponteareas-a-medalla-de-ouro-do-campionato-de-espana-de-ciclocros\/","article_publisher":"https:\/\/www.facebook.com\/anovapeneira","article_author":"https:\/\/www.facebook.com\/anovapeneira\/","article_published_time":"2021-01-13T09:00:48+00:00","og_image":[{"width":720,"height":432,"url":"https:\/\/www.anovapeneira.gal\/wp-content\/uploads\/2021\/01\/ciclocros-facebook.jpg","type":"image\/jpeg"}],"author":"admin","twitter_card":"summary_large_image","twitter_creator":"@APeneira","twitter_site":"@APeneira","twitter_misc":{"Escrito por":"admin","Tempo de lectura":"1 minuto"},"schema":{"@context":"https:\/\/schema.org","@graph":[{"@type":"Article","@id":"https:\/\/www.anovapeneira.gal\/index.php\/2021\/01\/13\/miguel-rodriguez-e-isabel-castro-traen-a-ponteareas-a-medalla-de-ouro-do-campionato-de-espana-de-ciclocros\/#article","isPartOf":{"@id":"https:\/\/www.anovapeneira.gal\/index.php\/2021\/01\/13\/miguel-rodriguez-e-isabel-castro-traen-a-ponteareas-a-medalla-de-ouro-do-campionato-de-espana-de-ciclocros\/"},"author":{"name":"admin","@id":"https:\/\/www.anovapeneira.gal\/#\/schema\/person\/fb77575328c93684dae4b0075f90c2cb"},"headline":"Miguel Rodr\u00edguez e Isabel Castro traen a Ponteareas a medalla de ouro do Campionato de Espa\u00f1a de Ciclocr\u00f3s","datePublished":"2021-01-13T09:00:48+00:00","mainEntityOfPage":{"@id":"https:\/\/www.anovapeneira.gal\/index.php\/2021\/01\/13\/miguel-rodriguez-e-isabel-castro-traen-a-ponteareas-a-medalla-de-ouro-do-campionato-de-espana-de-ciclocros\/"},"wordCount":291,"commentCount":0,"publisher":{"@id":"https:\/\/www.anovapeneira.gal\/#organization"},"image":{"@id":"https:\/\/www.anovapeneira.gal\/index.php\/2021\/01\/13\/miguel-rodriguez-e-isabel-castro-traen-a-ponteareas-a-medalla-de-ouro-do-campionato-de-espana-de-ciclocros\/#primaryimage"},"thumbnailUrl":"https:\/\/www.anovapeneira.gal\/wp-content\/uploads\/2021\/01\/ciclocros-facebook.jpg","keywords":["Concello de Ponteareas"],"articleSection":["Condado"],"inLanguage":"gl-ES","potentialAction":[{"@type":"CommentAction","name":"Comment","target":["https:\/\/www.anovapeneira.gal\/index.php\/2021\/01\/13\/miguel-rodriguez-e-isabel-castro-traen-a-ponteareas-a-medalla-de-ouro-do-campionato-de-espana-de-ciclocros\/#respond"]}]},{"@type":"WebPage","@id":"https:\/\/www.anovapeneira.gal\/index.php\/2021\/01\/13\/miguel-rodriguez-e-isabel-castro-traen-a-ponteareas-a-medalla-de-ouro-do-campionato-de-espana-de-ciclocros\/","url":"https:\/\/www.anovapeneira.gal\/index.php\/2021\/01\/13\/miguel-rodriguez-e-isabel-castro-traen-a-ponteareas-a-medalla-de-ouro-do-campionato-de-espana-de-ciclocros\/","name":"Miguel Rodr\u00edguez e Isabel Castro traen a Ponteareas a medalla de ouro do Campionato de Espa\u00f1a de Ciclocr\u00f3s -","isPartOf":{"@id":"https:\/\/www.anovapeneira.gal\/#website"},"primaryImageOfPage":{"@id":"https:\/\/www.anovapeneira.gal\/index.php\/2021\/01\/13\/miguel-rodriguez-e-isabel-castro-traen-a-ponteareas-a-medalla-de-ouro-do-campionato-de-espana-de-ciclocros\/#primaryimage"},"image":{"@id":"https:\/\/www.anovapeneira.gal\/index.php\/2021\/01\/13\/miguel-rodriguez-e-isabel-castro-traen-a-ponteareas-a-medalla-de-ouro-do-campionato-de-espana-de-ciclocros\/#primaryimage"},"thumbnailUrl":"https:\/\/www.anovapeneira.gal\/wp-content\/uploads\/2021\/01\/ciclocros-facebook.jpg","datePublished":"2021-01-13T09:00:48+00:00","description":"O concelleiro de deportes en funci\u00f3ns do Concello de Ponteareas, Miguel Bouz\u00f3, v\u00e9n de trasladarlle os parab\u00e9ns do goberno local \u00e1s e aos ciclistas ponteare\u00e1ns que na tarde deste venres disputaron con grandes resultados o Campionato de Espa\u00f1a de Ciclocr\u00f3s en Torrelavega","breadcrumb":{"@id":"https:\/\/www.anovapeneira.gal\/index.php\/2021\/01\/13\/miguel-rodriguez-e-isabel-castro-traen-a-ponteareas-a-medalla-de-ouro-do-campionato-de-espana-de-ciclocros\/#breadcrumb"},"inLanguage":"gl-ES","potentialAction":[{"@type":"ReadAction","target":["https:\/\/www.anovapeneira.gal\/index.php\/2021\/01\/13\/miguel-rodriguez-e-isabel-castro-traen-a-ponteareas-a-medalla-de-ouro-do-campionato-de-espana-de-ciclocros\/"]}]},{"@type":"ImageObject","inLanguage":"gl-ES","@id":"https:\/\/www.anovapeneira.gal\/index.php\/2021\/01\/13\/miguel-rodriguez-e-isabel-castro-traen-a-ponteareas-a-medalla-de-ouro-do-campionato-de-espana-de-ciclocros\/#primaryimage","url":"https:\/\/www.anovapeneira.gal\/wp-content\/uploads\/2021\/01\/ciclocros-facebook.jpg","contentUrl":"https:\/\/www.anovapeneira.gal\/wp-content\/uploads\/2021\/01\/ciclocros-facebook.jpg","width":720,"height":432,"caption":"Miguel Rodr\u00edguez e Isabel Castro traen a Ponteareas a medalla de ouro do Campionato de Espa\u00f1a de Ciclocr\u00f3s"},{"@type":"BreadcrumbList","@id":"https:\/\/www.anovapeneira.gal\/index.php\/2021\/01\/13\/miguel-rodriguez-e-isabel-castro-traen-a-ponteareas-a-medalla-de-ouro-do-campionato-de-espana-de-ciclocros\/#breadcrumb","itemListElement":[{"@type":"ListItem","position":1,"name":"Portada","item":"https:\/\/www.anovapeneira.gal\/"},{"@type":"ListItem","position":2,"name":"Miguel Rodr\u00edguez e Isabel Castro traen a Ponteareas a medalla de ouro do Campionato de Espa\u00f1a de Ciclocr\u00f3s"}]},{"@type":"WebSite","@id":"https:\/\/www.anovapeneira.gal\/#website","url":"https:\/\/www.anovapeneira.gal\/","name":"","description":"Xornal galego de informaci\u00f3n xeral Publicaci\u00f3n mensual de novas de Galicia e en especial dos Concellos da sur da provincia de Pontevedra.","publisher":{"@id":"https:\/\/www.anovapeneira.gal\/#organization"},"potentialAction":[{"@type":"SearchAction","target":{"@type":"EntryPoint","urlTemplate":"https:\/\/www.anovapeneira.gal\/?s={search_term_string}"},"query-input":{"@type":"PropertyValueSpecification","valueRequired":true,"valueName":"search_term_string"}}],"inLanguage":"gl-ES"},{"@type":"Organization","@id":"https:\/\/www.anovapeneira.gal\/#organization","name":"A Nova Peneira","url":"https:\/\/www.anovapeneira.gal\/","logo":{"@type":"ImageObject","inLanguage":"gl-ES","@id":"https:\/\/www.anovapeneira.gal\/#\/schema\/logo\/image\/","url":"http:\/\/www.anovapeneira.gal\/wp-content\/uploads\/2019\/06\/logo_a_nova_peneira_portal_web.png","contentUrl":"http:\/\/www.anovapeneira.gal\/wp-content\/uploads\/2019\/06\/logo_a_nova_peneira_portal_web.png","width":300,"height":100,"caption":"A Nova Peneira"},"image":{"@id":"https:\/\/www.anovapeneira.gal\/#\/schema\/logo\/image\/"},"sameAs":["https:\/\/www.facebook.com\/anovapeneira","https:\/\/x.com\/APeneira"]},{"@type":"Person","@id":"https:\/\/www.anovapeneira.gal\/#\/schema\/person\/fb77575328c93684dae4b0075f90c2cb","name":"admin","image":{"@type":"ImageObject","inLanguage":"gl-ES","@id":"https:\/\/secure.gravatar.com\/avatar\/df15c36ce375448325e0bc870e91bbee95947a002eb98dcfd6c2b053e18843e9?s=96&d=mm&r=g","url":"https:\/\/secure.gravatar.com\/avatar\/df15c36ce375448325e0bc870e91bbee95947a002eb98dcfd6c2b053e18843e9?s=96&d=mm&r=g","contentUrl":"https:\/\/secure.gravatar.com\/avatar\/df15c36ce375448325e0bc870e91bbee95947a002eb98dcfd6c2b053e18843e9?s=96&d=mm&r=g","caption":"admin"},"description":"Xornal galego de informaci\u00f3n xeral Publicaci\u00f3n mensual de novas de Galicia e en especial dos Concellos da sur da provincia de Pontevedra.","sameAs":["http:\/\/www.anovapeneira.gal\/","https:\/\/www.facebook.com\/anovapeneira\/"],"url":"https:\/\/www.anovapeneira.gal\/index.php\/author\/admin\/"}]}},"jetpack_featured_media_url":"https:\/\/www.anovapeneira.gal\/wp-content\/uploads\/2021\/01\/ciclocros-facebook.jpg","_links":{"self":[{"href":"https:\/\/www.anovapeneira.gal\/index.php\/wp-json\/wp\/v2\/posts\/4636","targetHints":{"allow":["GET"]}}],"collection":[{"href":"https:\/\/www.anovapeneira.gal\/index.php\/wp-json\/wp\/v2\/posts"}],"about":[{"href":"https:\/\/www.anovapeneira.gal\/index.php\/wp-json\/wp\/v2\/types\/post"}],"author":[{"embeddable":true,"href":"https:\/\/www.anovapeneira.gal\/index.php\/wp-json\/wp\/v2\/users\/1"}],"replies":[{"embeddable":true,"href":"https:\/\/www.anovapeneira.gal\/index.php\/wp-json\/wp\/v2\/comments?post=4636"}],"version-history":[{"count":2,"href":"https:\/\/www.anovapeneira.gal\/index.php\/wp-json\/wp\/v2\/posts\/4636\/revisions"}],"predecessor-version":[{"id":4648,"href":"https:\/\/www.anovapeneira.gal\/index.php\/wp-json\/wp\/v2\/posts\/4636\/revisions\/4648"}],"wp:featuredmedia":[{"embeddable":true,"href":"https:\/\/www.anovapeneira.gal\/index.php\/wp-json\/wp\/v2\/media\/4646"}],"wp:attachment":[{"href":"https:\/\/www.anovapeneira.gal\/index.php\/wp-json\/wp\/v2\/media?parent=4636"}],"wp:term":[{"taxonomy":"category","embeddable":true,"href":"https:\/\/www.anovapeneira.gal\/index.php\/wp-json\/wp\/v2\/categories?post=4636"},{"taxonomy":"post_tag","embeddable":true,"href":"https:\/\/www.anovapeneira.gal\/index.php\/wp-json\/wp\/v2\/tags?post=4636"}],"curies":[{"name":"wp","href":"https:\/\/api.w.org\/{rel}","templated":true}]}}