{"id":4649,"date":"2021-01-14T10:00:54","date_gmt":"2021-01-14T09:00:54","guid":{"rendered":"http:\/\/www.anovapeneira.gal\/?p=4649"},"modified":"2021-01-11T18:27:48","modified_gmt":"2021-01-11T17:27:48","slug":"o-peche-dunha-estrada-manten-en-estado-de-semi-aillamento-ao-barrio-da-salgosa","status":"publish","type":"post","link":"https:\/\/www.anovapeneira.gal\/index.php\/2021\/01\/14\/o-peche-dunha-estrada-manten-en-estado-de-semi-aillamento-ao-barrio-da-salgosa\/","title":{"rendered":"O peche dunha estrada mant\u00e9n en estado de semi aillamento ao barrio da Salgosa"},"content":{"rendered":"\n<p><strong>Fiolledo \u00e9 unha parroquia do Concello de Salvaterra que segundo o censo do 2.019 ti\u00f1a 248 habitantes.E a Salgosa \u00e9 un dos barrios desa parroquia. A s\u00faa veci\u00f1anza denuncia que desde o 27 de xullo do ano pasado, case medio ano, o peche dunha estrada imprescindible para entrar e sa\u00edr das s\u00faas casas obr\u00edgaos a tomar unha pista perigosa, en moi mal estado e que lles fai multiplicar por 3 a distancia a percorrer para algo tan b\u00e1sico como entrar nas s\u00faas casas.O peche desta estrada ven motivado polas obras da PLISAN, seica a xesti\u00f3n da mesma vai ser traspasada da zona franca ao Concello de Salvaterra, pero entre ambos organismos pasan a pelota tratando de atribu\u00edr a responsabilidade ao outro e o que \u00eda ser un inconvinte dun mes, xa vai polo medio ano , mantendo \u00e1 veci\u00f1anza nunha situaci\u00f3n dif\u00edcil de asumir. Desde A Nova Peneira, unimos a nosa voz ao colectivo de afectados e afectadas e esiximos que Zona Franca e Concello de Salvaterra se po\u00f1an de acordo dunha vez e solucionen o problema, antes de que pase unha desgraza, pois a estrada xa est\u00e1 rematada, insisto xa est\u00e1 rematada, e s\u00f3 falta a vontade pol\u00edtica necesaria para proceder \u00e1 s\u00faa apertura.Para co\u00f1ecer m\u00e1is sobre o estado da situaci\u00f3n falamos con Juan, un veci\u00f1o do barrio da Salgosa que se est\u00e1 a mover para que se solucione o tema o antes posinble<\/strong><\/p>\n\n\n\n<pre class=\"wp-block-verse\"><strong>Juan Jos\u00e9 Gonz\u00e1lez Rejas<\/strong><\/pre>\n\n\n\n<p><strong>De onde es ti natural Juan?<\/strong><\/p>\n\n\n\n<blockquote class=\"wp-block-quote is-layout-flow wp-block-quote-is-layout-flow\"><p>Eu son natural do barrio da Estaci\u00f3n das Neves, e resido no barrio da Salgosa da parroquia de Fiolledo<\/p><\/blockquote>\n\n\n\n<p><strong>Esa parroquia xa \u00e9 do Concello de Salvaterra?<\/strong><\/p>\n\n\n\n<blockquote class=\"wp-block-quote is-layout-flow wp-block-quote-is-layout-flow\"><p>Si, efectivamente<\/p><\/blockquote>\n\n\n\n<p><strong>A veci\u00f1anza da Salgosa, o barrio no que ti resides, tedes un problema moi concreto.C\u00f3ntanolo?<\/strong><\/p>\n\n\n\n<blockquote class=\"wp-block-quote is-layout-flow wp-block-quote-is-layout-flow\"><p>Pois que a alcaldesa de Salvaterra pechounos, no mes de xullo do ano pasado, unha estrada moi importante para acceder \u00e1s nosas casas. Notificounos que, como moito, a finais do mes de agosto estar\u00eda aberta.Estamos en xaneiro , \u00e9 dicir 5 meses despois da data prometida, e a estrada segue pechada<\/p><\/blockquote>\n\n\n\n<figure class=\"wp-block-image size-large\"><img loading=\"lazy\" decoding=\"async\" width=\"720\" height=\"1018\" src=\"http:\/\/www.anovapeneira.gal\/wp-content\/uploads\/2021\/01\/BANDO-DA-ALCALDI\u0301A.jpg\" alt=\"\" class=\"wp-image-4651\" srcset=\"https:\/\/www.anovapeneira.gal\/wp-content\/uploads\/2021\/01\/BANDO-DA-ALCALDI\u0301A.jpg 720w, https:\/\/www.anovapeneira.gal\/wp-content\/uploads\/2021\/01\/BANDO-DA-ALCALDI\u0301A-212x300.jpg 212w\" sizes=\"auto, (max-width: 720px) 100vw, 720px\" \/><figcaption>Bando no que se anuncia o peche da estrada<\/figcaption><\/figure>\n\n\n\n<p><strong>O problema do peche desta estrada deriva das obras do porto seco, verdade?<\/strong><\/p>\n\n\n\n<blockquote class=\"wp-block-quote is-layout-flow wp-block-quote-is-layout-flow\"><p>Si, este \u00e9 un proxecto fara\u00f3nico que se comezou hai m\u00e1is de 20 anos e a\u00ednda segue a dar quebradeiros de cabeza \u00e1 veci\u00f1anza da zona<\/p><\/blockquote>\n\n\n\n<p><strong>As persoas que ti\u00f1ades terreos na zona, tardastes moito en cobrar as expropiaci\u00f3ns?<\/strong><\/p>\n\n\n\n<blockquote class=\"wp-block-quote is-layout-flow wp-block-quote-is-layout-flow\"><p>Sii, moito teempo, non che poder\u00eda concretar con exactitude cando pero arredor de dez ou doce anos, e despois de coller sobre 5 mill\u00f3ns de metros cadrados e cortar varias v\u00edas tradicionais de comunicaci\u00f3n, a \u00fanica estrada de uso veci\u00f1al que quedou ven sendo esta que agora est\u00e1 cortada<\/p><\/blockquote>\n\n\n\n<p><strong>Exactamente cal \u00e9?<\/strong><\/p>\n\n\n\n<blockquote class=\"wp-block-quote is-layout-flow wp-block-quote-is-layout-flow\"><p>A que une a Plis\u00e1n con Meder e co lugar do Monte<\/p><\/blockquote>\n\n\n\n<p><strong>Antes de que se producir\u00e1 o corte en concreto desa estrada, as obras da Plisan non afectaron \u00e1s comunicaci\u00f3n locais?<\/strong><\/p>\n\n\n\n<blockquote class=\"wp-block-quote is-layout-flow wp-block-quote-is-layout-flow\"><p>Si, algo de lentitudes so\u00edan provocar pero sempre estivo a estrada aberta, incluso houbo unha \u00e9poca que estivo co piso de terra<\/p><\/blockquote>\n\n\n\n<p><strong>Caramba e como o solucionastes?<\/strong><\/p>\n\n\n\n<blockquote class=\"wp-block-quote is-layout-flow wp-block-quote-is-layout-flow\"><p>Falamos con Arturo, pois daquela era el o alcalde, e el fixo o seu traballo e asfaltounos a estrada.E as\u00ed levabamos 20 anos pasando por esa estrada, esencial para entrar e sa\u00edr das nosas casas<\/p><\/blockquote>\n\n\n\n<p><strong>Co actual corte da estrada cal \u00e9 o n\u00facleo de poboaci\u00f3n m\u00e1is afectado?<\/strong><\/p>\n\n\n\n<blockquote class=\"wp-block-quote is-layout-flow wp-block-quote-is-layout-flow\"><p>O da Salgosa, no que eu resido.Temos que dar unha volta moi grande para chegar \u00e1s nosas casas.Como sabes eu traballo en As Neves, e para ir da ni\u00f1a casa ao traballo, desde que nos pecharon a estrada, ando 3 kmts a maiores catro veces ao d\u00eda, \u00e9 dicir 12 kmts diarios de m\u00e1is, por unhas pistas realmente perigosas.E coma min hai un mont\u00f3n de xente, pero non s\u00f3 nos afecta a n\u00f3s, tam\u00e9n afecta \u00e1 xente de Meder e a xente de Rubi\u00f3s, e a transportistas que por necesidade te\u00f1an que desprazarse por esta zona af\u00e9ctalles gravemente.<\/p><\/blockquote>\n\n\n\n<p><strong>Cal \u00e9 a estrada que estades usando nestes meses Juan?<\/strong><\/p>\n\n\n\n<blockquote class=\"wp-block-quote is-layout-flow wp-block-quote-is-layout-flow\"><p>Unha estrada municipal en moi mal estado,moi estreita, e que pasa polo medio de casas co conseguinte perigo que sufrimos e que ocasionamos pois esa estrada non est\u00e1 feita para eso.\u00c9 a pista que ven desde a ponte do ferr\u00f3n \u00e1 funeraria de Meder.<\/p><\/blockquote>\n\n\n\n<figure class=\"wp-block-image size-large is-style-default\"><img loading=\"lazy\" decoding=\"async\" width=\"640\" height=\"640\" src=\"http:\/\/www.anovapeneira.gal\/wp-content\/uploads\/2021\/01\/estrada-Rematada.jpg\" alt=\"\" class=\"wp-image-4650\" srcset=\"https:\/\/www.anovapeneira.gal\/wp-content\/uploads\/2021\/01\/estrada-Rematada.jpg 640w, https:\/\/www.anovapeneira.gal\/wp-content\/uploads\/2021\/01\/estrada-Rematada-300x300.jpg 300w, https:\/\/www.anovapeneira.gal\/wp-content\/uploads\/2021\/01\/estrada-Rematada-150x150.jpg 150w\" sizes=\"auto, (max-width: 640px) 100vw, 640px\" \/><figcaption>Estrada xa rematada, cuxo peche causa graves problemas de mobilidade \u00e1 veci\u00f1anza da Salgosa<\/figcaption><\/figure>\n\n\n\n<p><strong>Estades facendo algo para defender os vosos dereitos?<\/strong><\/p>\n\n\n\n<blockquote class=\"wp-block-quote is-layout-flow wp-block-quote-is-layout-flow\"><p>Formamos un grupo de aislados do Condado.Presentamos tanto no Concello de Salvaterra como na zona franca de Vigo m\u00e1is de 500 sinaturas nas que solicitamos a apertura desa estrada tan importante para n\u00f3s<\/p><\/blockquote>\n\n\n\n<p><strong>Fix\u00e9ronvos caso?<\/strong><\/p>\n\n\n\n<blockquote class=\"wp-block-quote is-layout-flow wp-block-quote-is-layout-flow\"><p>Non. De momento non nos respondeu nin o Concello nin a zona franca.A percepci\u00f3n que temos n\u00f3s \u00e9 que se pasan a pelota duns aos otros.Pero n\u00f3s entendemos que se foi a alcaldesa quen a pechou debe de asumir a responsabilidade de solucionar canto antes ese grave problema.<\/p><\/blockquote>\n\n\n\n<p><strong>Non pedistes a colaboraci\u00f3n do Concello de As Neves?<\/strong><\/p>\n\n\n\n<blockquote class=\"wp-block-quote is-layout-flow wp-block-quote-is-layout-flow\"><p>Marcelino , o tenente de alcalde, asinou a nosa carta<\/p><\/blockquote>\n","protected":false},"excerpt":{"rendered":"<div class=\"mh-excerpt\"><p>Fiolledo \u00e9 unha parroquia do Concello de Salvaterra que segundo o censo do 2.019 ti\u00f1a 248 habitantes.E a Salgosa \u00e9 un dos barrios desa parroquia. A s\u00faa veci\u00f1anza denuncia que desde o 27 de xullo do ano pasado, case medio ano, o peche dunha estrada imprescindible para entrar e sa\u00edr das s\u00faas casas obr\u00edgaos a tomar unha pista perigosa, en moi mal estado e que lles fai multiplicar por 3 a distancia a percorrer para algo tan b\u00e1sico como entrar nas s\u00faas casas <a class=\"mh-excerpt-more\" href=\"https:\/\/www.anovapeneira.gal\/index.php\/2021\/01\/14\/o-peche-dunha-estrada-manten-en-estado-de-semi-aillamento-ao-barrio-da-salgosa\/\" title=\"O peche dunha estrada mant\u00e9n en estado de semi aillamento ao barrio da Salgosa\">[&#8230;]<\/a><\/p>\n<\/div>","protected":false},"author":3,"featured_media":4652,"comment_status":"open","ping_status":"open","sticky":false,"template":"","format":"standard","meta":{"_exactmetrics_skip_tracking":false,"_exactmetrics_sitenote_active":false,"_exactmetrics_sitenote_note":"","_exactmetrics_sitenote_category":0,"footnotes":""},"categories":[25],"tags":[186],"class_list":{"0":"post-4649","1":"post","2":"type-post","3":"status-publish","4":"format-standard","5":"has-post-thumbnail","7":"category-condado","8":"tag-concello-de-salvaterra-do-mino"},"yoast_head":"<!-- This site is optimized with the Yoast SEO plugin v27.4 - https:\/\/yoast.com\/product\/yoast-seo-wordpress\/ -->\n<title>O peche dunha estrada mant\u00e9n en estado de semi aillamento ao barrio da Salgosa -<\/title>\n<meta name=\"description\" content=\"Fiolledo \u00e9 unha parroquia do Concello de Salvaterra que segundo o censo do 2.019 ti\u00f1a 248 habitantes.E a Salgosa \u00e9 un dos barrios desa parroquia. A s\u00faa veci\u00f1anza denuncia que desde o 27 de xullo do ano pasado, case medio ano, o peche dunha estrada imprescindible para entrar e sa\u00edr das s\u00faas casas obr\u00edgaos a tomar unha pista perigosa, en moi mal estado e que lles fai multiplicar por 3 a distancia a percorrer para algo tan b\u00e1sico como entrar nas s\u00faas casas\" \/>\n<meta name=\"robots\" content=\"index, follow, max-snippet:-1, max-image-preview:large, max-video-preview:-1\" \/>\n<link rel=\"canonical\" href=\"https:\/\/www.anovapeneira.gal\/index.php\/2021\/01\/14\/o-peche-dunha-estrada-manten-en-estado-de-semi-aillamento-ao-barrio-da-salgosa\/\" \/>\n<meta property=\"og:locale\" content=\"gl_ES\" \/>\n<meta property=\"og:type\" content=\"article\" \/>\n<meta property=\"og:title\" content=\"O peche dunha estrada mant\u00e9n en estado de semi aillamento ao barrio da Salgosa -\" \/>\n<meta property=\"og:description\" content=\"Fiolledo \u00e9 unha parroquia do Concello de Salvaterra que segundo o censo do 2.019 ti\u00f1a 248 habitantes.E a Salgosa \u00e9 un dos barrios desa parroquia. A s\u00faa veci\u00f1anza denuncia que desde o 27 de xullo do ano pasado, case medio ano, o peche dunha estrada imprescindible para entrar e sa\u00edr das s\u00faas casas obr\u00edgaos a tomar unha pista perigosa, en moi mal estado e que lles fai multiplicar por 3 a distancia a percorrer para algo tan b\u00e1sico como entrar nas s\u00faas casas\" \/>\n<meta property=\"og:url\" content=\"https:\/\/www.anovapeneira.gal\/index.php\/2021\/01\/14\/o-peche-dunha-estrada-manten-en-estado-de-semi-aillamento-ao-barrio-da-salgosa\/\" \/>\n<meta property=\"article:publisher\" content=\"https:\/\/www.facebook.com\/anovapeneira\" \/>\n<meta property=\"article:published_time\" content=\"2021-01-14T09:00:54+00:00\" \/>\n<meta property=\"og:image\" content=\"https:\/\/www.anovapeneira.gal\/wp-content\/uploads\/2021\/01\/juan_vecinho_salgosa.jpg\" \/>\n\t<meta property=\"og:image:width\" content=\"720\" \/>\n\t<meta property=\"og:image:height\" content=\"432\" \/>\n\t<meta property=\"og:image:type\" content=\"image\/jpeg\" \/>\n<meta name=\"author\" content=\"Redacci\u00f3n A Nova Peneira\" \/>\n<meta name=\"twitter:card\" content=\"summary_large_image\" \/>\n<meta name=\"twitter:creator\" content=\"@APeneira\" \/>\n<meta name=\"twitter:site\" content=\"@APeneira\" \/>\n<meta name=\"twitter:label1\" content=\"Escrito por\" \/>\n\t<meta name=\"twitter:data1\" content=\"Redacci\u00f3n A Nova Peneira\" \/>\n\t<meta name=\"twitter:label2\" content=\"Tempo de lectura\" \/>\n\t<meta name=\"twitter:data2\" content=\"4 minutos\" \/>\n<script type=\"application\/ld+json\" class=\"yoast-schema-graph\">{\"@context\":\"https:\\\/\\\/schema.org\",\"@graph\":[{\"@type\":\"Article\",\"@id\":\"https:\\\/\\\/www.anovapeneira.gal\\\/index.php\\\/2021\\\/01\\\/14\\\/o-peche-dunha-estrada-manten-en-estado-de-semi-aillamento-ao-barrio-da-salgosa\\\/#article\",\"isPartOf\":{\"@id\":\"https:\\\/\\\/www.anovapeneira.gal\\\/index.php\\\/2021\\\/01\\\/14\\\/o-peche-dunha-estrada-manten-en-estado-de-semi-aillamento-ao-barrio-da-salgosa\\\/\"},\"author\":{\"name\":\"Redacci\u00f3n A Nova Peneira\",\"@id\":\"https:\\\/\\\/www.anovapeneira.gal\\\/#\\\/schema\\\/person\\\/b93e3f8932e3f8da96334607eb6ac6aa\"},\"headline\":\"O peche dunha estrada mant\u00e9n en estado de semi aillamento ao barrio da Salgosa\",\"datePublished\":\"2021-01-14T09:00:54+00:00\",\"mainEntityOfPage\":{\"@id\":\"https:\\\/\\\/www.anovapeneira.gal\\\/index.php\\\/2021\\\/01\\\/14\\\/o-peche-dunha-estrada-manten-en-estado-de-semi-aillamento-ao-barrio-da-salgosa\\\/\"},\"wordCount\":890,\"commentCount\":0,\"publisher\":{\"@id\":\"https:\\\/\\\/www.anovapeneira.gal\\\/#organization\"},\"image\":{\"@id\":\"https:\\\/\\\/www.anovapeneira.gal\\\/index.php\\\/2021\\\/01\\\/14\\\/o-peche-dunha-estrada-manten-en-estado-de-semi-aillamento-ao-barrio-da-salgosa\\\/#primaryimage\"},\"thumbnailUrl\":\"https:\\\/\\\/www.anovapeneira.gal\\\/wp-content\\\/uploads\\\/2021\\\/01\\\/juan_vecinho_salgosa.jpg\",\"keywords\":[\"Concello de Salvaterra do Mi\u00f1o\"],\"articleSection\":[\"Condado\"],\"inLanguage\":\"gl-ES\",\"potentialAction\":[{\"@type\":\"CommentAction\",\"name\":\"Comment\",\"target\":[\"https:\\\/\\\/www.anovapeneira.gal\\\/index.php\\\/2021\\\/01\\\/14\\\/o-peche-dunha-estrada-manten-en-estado-de-semi-aillamento-ao-barrio-da-salgosa\\\/#respond\"]}]},{\"@type\":\"WebPage\",\"@id\":\"https:\\\/\\\/www.anovapeneira.gal\\\/index.php\\\/2021\\\/01\\\/14\\\/o-peche-dunha-estrada-manten-en-estado-de-semi-aillamento-ao-barrio-da-salgosa\\\/\",\"url\":\"https:\\\/\\\/www.anovapeneira.gal\\\/index.php\\\/2021\\\/01\\\/14\\\/o-peche-dunha-estrada-manten-en-estado-de-semi-aillamento-ao-barrio-da-salgosa\\\/\",\"name\":\"O peche dunha estrada mant\u00e9n en estado de semi aillamento ao barrio da Salgosa -\",\"isPartOf\":{\"@id\":\"https:\\\/\\\/www.anovapeneira.gal\\\/#website\"},\"primaryImageOfPage\":{\"@id\":\"https:\\\/\\\/www.anovapeneira.gal\\\/index.php\\\/2021\\\/01\\\/14\\\/o-peche-dunha-estrada-manten-en-estado-de-semi-aillamento-ao-barrio-da-salgosa\\\/#primaryimage\"},\"image\":{\"@id\":\"https:\\\/\\\/www.anovapeneira.gal\\\/index.php\\\/2021\\\/01\\\/14\\\/o-peche-dunha-estrada-manten-en-estado-de-semi-aillamento-ao-barrio-da-salgosa\\\/#primaryimage\"},\"thumbnailUrl\":\"https:\\\/\\\/www.anovapeneira.gal\\\/wp-content\\\/uploads\\\/2021\\\/01\\\/juan_vecinho_salgosa.jpg\",\"datePublished\":\"2021-01-14T09:00:54+00:00\",\"description\":\"Fiolledo \u00e9 unha parroquia do Concello de Salvaterra que segundo o censo do 2.019 ti\u00f1a 248 habitantes.E a Salgosa \u00e9 un dos barrios desa parroquia. A s\u00faa veci\u00f1anza denuncia que desde o 27 de xullo do ano pasado, case medio ano, o peche dunha estrada imprescindible para entrar e sa\u00edr das s\u00faas casas obr\u00edgaos a tomar unha pista perigosa, en moi mal estado e que lles fai multiplicar por 3 a distancia a percorrer para algo tan b\u00e1sico como entrar nas s\u00faas casas\",\"breadcrumb\":{\"@id\":\"https:\\\/\\\/www.anovapeneira.gal\\\/index.php\\\/2021\\\/01\\\/14\\\/o-peche-dunha-estrada-manten-en-estado-de-semi-aillamento-ao-barrio-da-salgosa\\\/#breadcrumb\"},\"inLanguage\":\"gl-ES\",\"potentialAction\":[{\"@type\":\"ReadAction\",\"target\":[\"https:\\\/\\\/www.anovapeneira.gal\\\/index.php\\\/2021\\\/01\\\/14\\\/o-peche-dunha-estrada-manten-en-estado-de-semi-aillamento-ao-barrio-da-salgosa\\\/\"]}]},{\"@type\":\"ImageObject\",\"inLanguage\":\"gl-ES\",\"@id\":\"https:\\\/\\\/www.anovapeneira.gal\\\/index.php\\\/2021\\\/01\\\/14\\\/o-peche-dunha-estrada-manten-en-estado-de-semi-aillamento-ao-barrio-da-salgosa\\\/#primaryimage\",\"url\":\"https:\\\/\\\/www.anovapeneira.gal\\\/wp-content\\\/uploads\\\/2021\\\/01\\\/juan_vecinho_salgosa.jpg\",\"contentUrl\":\"https:\\\/\\\/www.anovapeneira.gal\\\/wp-content\\\/uploads\\\/2021\\\/01\\\/juan_vecinho_salgosa.jpg\",\"width\":720,\"height\":432,\"caption\":\"Juan Jos\u00e9 Gonz\u00e1lez Rejas\"},{\"@type\":\"BreadcrumbList\",\"@id\":\"https:\\\/\\\/www.anovapeneira.gal\\\/index.php\\\/2021\\\/01\\\/14\\\/o-peche-dunha-estrada-manten-en-estado-de-semi-aillamento-ao-barrio-da-salgosa\\\/#breadcrumb\",\"itemListElement\":[{\"@type\":\"ListItem\",\"position\":1,\"name\":\"Portada\",\"item\":\"https:\\\/\\\/www.anovapeneira.gal\\\/\"},{\"@type\":\"ListItem\",\"position\":2,\"name\":\"O peche dunha estrada mant\u00e9n en estado de semi aillamento ao barrio da Salgosa\"}]},{\"@type\":\"WebSite\",\"@id\":\"https:\\\/\\\/www.anovapeneira.gal\\\/#website\",\"url\":\"https:\\\/\\\/www.anovapeneira.gal\\\/\",\"name\":\"\",\"description\":\"Xornal galego de informaci\u00f3n xeral Publicaci\u00f3n mensual de novas de Galicia e en especial dos Concellos da sur da provincia de Pontevedra.\",\"publisher\":{\"@id\":\"https:\\\/\\\/www.anovapeneira.gal\\\/#organization\"},\"potentialAction\":[{\"@type\":\"SearchAction\",\"target\":{\"@type\":\"EntryPoint\",\"urlTemplate\":\"https:\\\/\\\/www.anovapeneira.gal\\\/?s={search_term_string}\"},\"query-input\":{\"@type\":\"PropertyValueSpecification\",\"valueRequired\":true,\"valueName\":\"search_term_string\"}}],\"inLanguage\":\"gl-ES\"},{\"@type\":\"Organization\",\"@id\":\"https:\\\/\\\/www.anovapeneira.gal\\\/#organization\",\"name\":\"A Nova Peneira\",\"url\":\"https:\\\/\\\/www.anovapeneira.gal\\\/\",\"logo\":{\"@type\":\"ImageObject\",\"inLanguage\":\"gl-ES\",\"@id\":\"https:\\\/\\\/www.anovapeneira.gal\\\/#\\\/schema\\\/logo\\\/image\\\/\",\"url\":\"http:\\\/\\\/www.anovapeneira.gal\\\/wp-content\\\/uploads\\\/2019\\\/06\\\/logo_a_nova_peneira_portal_web.png\",\"contentUrl\":\"http:\\\/\\\/www.anovapeneira.gal\\\/wp-content\\\/uploads\\\/2019\\\/06\\\/logo_a_nova_peneira_portal_web.png\",\"width\":300,\"height\":100,\"caption\":\"A Nova Peneira\"},\"image\":{\"@id\":\"https:\\\/\\\/www.anovapeneira.gal\\\/#\\\/schema\\\/logo\\\/image\\\/\"},\"sameAs\":[\"https:\\\/\\\/www.facebook.com\\\/anovapeneira\",\"https:\\\/\\\/x.com\\\/APeneira\"]},{\"@type\":\"Person\",\"@id\":\"https:\\\/\\\/www.anovapeneira.gal\\\/#\\\/schema\\\/person\\\/b93e3f8932e3f8da96334607eb6ac6aa\",\"name\":\"Redacci\u00f3n A Nova Peneira\",\"image\":{\"@type\":\"ImageObject\",\"inLanguage\":\"gl-ES\",\"@id\":\"https:\\\/\\\/secure.gravatar.com\\\/avatar\\\/c052a2551a06e23fac63626232eaa90abd78dbcf1700fc46a2b2c89fd27b735f?s=96&d=mm&r=g\",\"url\":\"https:\\\/\\\/secure.gravatar.com\\\/avatar\\\/c052a2551a06e23fac63626232eaa90abd78dbcf1700fc46a2b2c89fd27b735f?s=96&d=mm&r=g\",\"contentUrl\":\"https:\\\/\\\/secure.gravatar.com\\\/avatar\\\/c052a2551a06e23fac63626232eaa90abd78dbcf1700fc46a2b2c89fd27b735f?s=96&d=mm&r=g\",\"caption\":\"Redacci\u00f3n A Nova Peneira\"},\"sameAs\":[\"http:\\\/\\\/www.anovapeneira.gal\\\/\"],\"url\":\"https:\\\/\\\/www.anovapeneira.gal\\\/index.php\\\/author\\\/redactor\\\/\"}]}<\/script>\n<!-- \/ Yoast SEO plugin. -->","yoast_head_json":{"title":"O peche dunha estrada mant\u00e9n en estado de semi aillamento ao barrio da Salgosa -","description":"Fiolledo \u00e9 unha parroquia do Concello de Salvaterra que segundo o censo do 2.019 ti\u00f1a 248 habitantes.E a Salgosa \u00e9 un dos barrios desa parroquia. A s\u00faa veci\u00f1anza denuncia que desde o 27 de xullo do ano pasado, case medio ano, o peche dunha estrada imprescindible para entrar e sa\u00edr das s\u00faas casas obr\u00edgaos a tomar unha pista perigosa, en moi mal estado e que lles fai multiplicar por 3 a distancia a percorrer para algo tan b\u00e1sico como entrar nas s\u00faas casas","robots":{"index":"index","follow":"follow","max-snippet":"max-snippet:-1","max-image-preview":"max-image-preview:large","max-video-preview":"max-video-preview:-1"},"canonical":"https:\/\/www.anovapeneira.gal\/index.php\/2021\/01\/14\/o-peche-dunha-estrada-manten-en-estado-de-semi-aillamento-ao-barrio-da-salgosa\/","og_locale":"gl_ES","og_type":"article","og_title":"O peche dunha estrada mant\u00e9n en estado de semi aillamento ao barrio da Salgosa -","og_description":"Fiolledo \u00e9 unha parroquia do Concello de Salvaterra que segundo o censo do 2.019 ti\u00f1a 248 habitantes.E a Salgosa \u00e9 un dos barrios desa parroquia. A s\u00faa veci\u00f1anza denuncia que desde o 27 de xullo do ano pasado, case medio ano, o peche dunha estrada imprescindible para entrar e sa\u00edr das s\u00faas casas obr\u00edgaos a tomar unha pista perigosa, en moi mal estado e que lles fai multiplicar por 3 a distancia a percorrer para algo tan b\u00e1sico como entrar nas s\u00faas casas","og_url":"https:\/\/www.anovapeneira.gal\/index.php\/2021\/01\/14\/o-peche-dunha-estrada-manten-en-estado-de-semi-aillamento-ao-barrio-da-salgosa\/","article_publisher":"https:\/\/www.facebook.com\/anovapeneira","article_published_time":"2021-01-14T09:00:54+00:00","og_image":[{"width":720,"height":432,"url":"https:\/\/www.anovapeneira.gal\/wp-content\/uploads\/2021\/01\/juan_vecinho_salgosa.jpg","type":"image\/jpeg"}],"author":"Redacci\u00f3n A Nova Peneira","twitter_card":"summary_large_image","twitter_creator":"@APeneira","twitter_site":"@APeneira","twitter_misc":{"Escrito por":"Redacci\u00f3n A Nova Peneira","Tempo de lectura":"4 minutos"},"schema":{"@context":"https:\/\/schema.org","@graph":[{"@type":"Article","@id":"https:\/\/www.anovapeneira.gal\/index.php\/2021\/01\/14\/o-peche-dunha-estrada-manten-en-estado-de-semi-aillamento-ao-barrio-da-salgosa\/#article","isPartOf":{"@id":"https:\/\/www.anovapeneira.gal\/index.php\/2021\/01\/14\/o-peche-dunha-estrada-manten-en-estado-de-semi-aillamento-ao-barrio-da-salgosa\/"},"author":{"name":"Redacci\u00f3n A Nova Peneira","@id":"https:\/\/www.anovapeneira.gal\/#\/schema\/person\/b93e3f8932e3f8da96334607eb6ac6aa"},"headline":"O peche dunha estrada mant\u00e9n en estado de semi aillamento ao barrio da Salgosa","datePublished":"2021-01-14T09:00:54+00:00","mainEntityOfPage":{"@id":"https:\/\/www.anovapeneira.gal\/index.php\/2021\/01\/14\/o-peche-dunha-estrada-manten-en-estado-de-semi-aillamento-ao-barrio-da-salgosa\/"},"wordCount":890,"commentCount":0,"publisher":{"@id":"https:\/\/www.anovapeneira.gal\/#organization"},"image":{"@id":"https:\/\/www.anovapeneira.gal\/index.php\/2021\/01\/14\/o-peche-dunha-estrada-manten-en-estado-de-semi-aillamento-ao-barrio-da-salgosa\/#primaryimage"},"thumbnailUrl":"https:\/\/www.anovapeneira.gal\/wp-content\/uploads\/2021\/01\/juan_vecinho_salgosa.jpg","keywords":["Concello de Salvaterra do Mi\u00f1o"],"articleSection":["Condado"],"inLanguage":"gl-ES","potentialAction":[{"@type":"CommentAction","name":"Comment","target":["https:\/\/www.anovapeneira.gal\/index.php\/2021\/01\/14\/o-peche-dunha-estrada-manten-en-estado-de-semi-aillamento-ao-barrio-da-salgosa\/#respond"]}]},{"@type":"WebPage","@id":"https:\/\/www.anovapeneira.gal\/index.php\/2021\/01\/14\/o-peche-dunha-estrada-manten-en-estado-de-semi-aillamento-ao-barrio-da-salgosa\/","url":"https:\/\/www.anovapeneira.gal\/index.php\/2021\/01\/14\/o-peche-dunha-estrada-manten-en-estado-de-semi-aillamento-ao-barrio-da-salgosa\/","name":"O peche dunha estrada mant\u00e9n en estado de semi aillamento ao barrio da Salgosa -","isPartOf":{"@id":"https:\/\/www.anovapeneira.gal\/#website"},"primaryImageOfPage":{"@id":"https:\/\/www.anovapeneira.gal\/index.php\/2021\/01\/14\/o-peche-dunha-estrada-manten-en-estado-de-semi-aillamento-ao-barrio-da-salgosa\/#primaryimage"},"image":{"@id":"https:\/\/www.anovapeneira.gal\/index.php\/2021\/01\/14\/o-peche-dunha-estrada-manten-en-estado-de-semi-aillamento-ao-barrio-da-salgosa\/#primaryimage"},"thumbnailUrl":"https:\/\/www.anovapeneira.gal\/wp-content\/uploads\/2021\/01\/juan_vecinho_salgosa.jpg","datePublished":"2021-01-14T09:00:54+00:00","description":"Fiolledo \u00e9 unha parroquia do Concello de Salvaterra que segundo o censo do 2.019 ti\u00f1a 248 habitantes.E a Salgosa \u00e9 un dos barrios desa parroquia. A s\u00faa veci\u00f1anza denuncia que desde o 27 de xullo do ano pasado, case medio ano, o peche dunha estrada imprescindible para entrar e sa\u00edr das s\u00faas casas obr\u00edgaos a tomar unha pista perigosa, en moi mal estado e que lles fai multiplicar por 3 a distancia a percorrer para algo tan b\u00e1sico como entrar nas s\u00faas casas","breadcrumb":{"@id":"https:\/\/www.anovapeneira.gal\/index.php\/2021\/01\/14\/o-peche-dunha-estrada-manten-en-estado-de-semi-aillamento-ao-barrio-da-salgosa\/#breadcrumb"},"inLanguage":"gl-ES","potentialAction":[{"@type":"ReadAction","target":["https:\/\/www.anovapeneira.gal\/index.php\/2021\/01\/14\/o-peche-dunha-estrada-manten-en-estado-de-semi-aillamento-ao-barrio-da-salgosa\/"]}]},{"@type":"ImageObject","inLanguage":"gl-ES","@id":"https:\/\/www.anovapeneira.gal\/index.php\/2021\/01\/14\/o-peche-dunha-estrada-manten-en-estado-de-semi-aillamento-ao-barrio-da-salgosa\/#primaryimage","url":"https:\/\/www.anovapeneira.gal\/wp-content\/uploads\/2021\/01\/juan_vecinho_salgosa.jpg","contentUrl":"https:\/\/www.anovapeneira.gal\/wp-content\/uploads\/2021\/01\/juan_vecinho_salgosa.jpg","width":720,"height":432,"caption":"Juan Jos\u00e9 Gonz\u00e1lez Rejas"},{"@type":"BreadcrumbList","@id":"https:\/\/www.anovapeneira.gal\/index.php\/2021\/01\/14\/o-peche-dunha-estrada-manten-en-estado-de-semi-aillamento-ao-barrio-da-salgosa\/#breadcrumb","itemListElement":[{"@type":"ListItem","position":1,"name":"Portada","item":"https:\/\/www.anovapeneira.gal\/"},{"@type":"ListItem","position":2,"name":"O peche dunha estrada mant\u00e9n en estado de semi aillamento ao barrio da Salgosa"}]},{"@type":"WebSite","@id":"https:\/\/www.anovapeneira.gal\/#website","url":"https:\/\/www.anovapeneira.gal\/","name":"","description":"Xornal galego de informaci\u00f3n xeral Publicaci\u00f3n mensual de novas de Galicia e en especial dos Concellos da sur da provincia de Pontevedra.","publisher":{"@id":"https:\/\/www.anovapeneira.gal\/#organization"},"potentialAction":[{"@type":"SearchAction","target":{"@type":"EntryPoint","urlTemplate":"https:\/\/www.anovapeneira.gal\/?s={search_term_string}"},"query-input":{"@type":"PropertyValueSpecification","valueRequired":true,"valueName":"search_term_string"}}],"inLanguage":"gl-ES"},{"@type":"Organization","@id":"https:\/\/www.anovapeneira.gal\/#organization","name":"A Nova Peneira","url":"https:\/\/www.anovapeneira.gal\/","logo":{"@type":"ImageObject","inLanguage":"gl-ES","@id":"https:\/\/www.anovapeneira.gal\/#\/schema\/logo\/image\/","url":"http:\/\/www.anovapeneira.gal\/wp-content\/uploads\/2019\/06\/logo_a_nova_peneira_portal_web.png","contentUrl":"http:\/\/www.anovapeneira.gal\/wp-content\/uploads\/2019\/06\/logo_a_nova_peneira_portal_web.png","width":300,"height":100,"caption":"A Nova Peneira"},"image":{"@id":"https:\/\/www.anovapeneira.gal\/#\/schema\/logo\/image\/"},"sameAs":["https:\/\/www.facebook.com\/anovapeneira","https:\/\/x.com\/APeneira"]},{"@type":"Person","@id":"https:\/\/www.anovapeneira.gal\/#\/schema\/person\/b93e3f8932e3f8da96334607eb6ac6aa","name":"Redacci\u00f3n A Nova Peneira","image":{"@type":"ImageObject","inLanguage":"gl-ES","@id":"https:\/\/secure.gravatar.com\/avatar\/c052a2551a06e23fac63626232eaa90abd78dbcf1700fc46a2b2c89fd27b735f?s=96&d=mm&r=g","url":"https:\/\/secure.gravatar.com\/avatar\/c052a2551a06e23fac63626232eaa90abd78dbcf1700fc46a2b2c89fd27b735f?s=96&d=mm&r=g","contentUrl":"https:\/\/secure.gravatar.com\/avatar\/c052a2551a06e23fac63626232eaa90abd78dbcf1700fc46a2b2c89fd27b735f?s=96&d=mm&r=g","caption":"Redacci\u00f3n A Nova Peneira"},"sameAs":["http:\/\/www.anovapeneira.gal\/"],"url":"https:\/\/www.anovapeneira.gal\/index.php\/author\/redactor\/"}]}},"jetpack_featured_media_url":"https:\/\/www.anovapeneira.gal\/wp-content\/uploads\/2021\/01\/juan_vecinho_salgosa.jpg","_links":{"self":[{"href":"https:\/\/www.anovapeneira.gal\/index.php\/wp-json\/wp\/v2\/posts\/4649","targetHints":{"allow":["GET"]}}],"collection":[{"href":"https:\/\/www.anovapeneira.gal\/index.php\/wp-json\/wp\/v2\/posts"}],"about":[{"href":"https:\/\/www.anovapeneira.gal\/index.php\/wp-json\/wp\/v2\/types\/post"}],"author":[{"embeddable":true,"href":"https:\/\/www.anovapeneira.gal\/index.php\/wp-json\/wp\/v2\/users\/3"}],"replies":[{"embeddable":true,"href":"https:\/\/www.anovapeneira.gal\/index.php\/wp-json\/wp\/v2\/comments?post=4649"}],"version-history":[{"count":2,"href":"https:\/\/www.anovapeneira.gal\/index.php\/wp-json\/wp\/v2\/posts\/4649\/revisions"}],"predecessor-version":[{"id":4654,"href":"https:\/\/www.anovapeneira.gal\/index.php\/wp-json\/wp\/v2\/posts\/4649\/revisions\/4654"}],"wp:featuredmedia":[{"embeddable":true,"href":"https:\/\/www.anovapeneira.gal\/index.php\/wp-json\/wp\/v2\/media\/4652"}],"wp:attachment":[{"href":"https:\/\/www.anovapeneira.gal\/index.php\/wp-json\/wp\/v2\/media?parent=4649"}],"wp:term":[{"taxonomy":"category","embeddable":true,"href":"https:\/\/www.anovapeneira.gal\/index.php\/wp-json\/wp\/v2\/categories?post=4649"},{"taxonomy":"post_tag","embeddable":true,"href":"https:\/\/www.anovapeneira.gal\/index.php\/wp-json\/wp\/v2\/tags?post=4649"}],"curies":[{"name":"wp","href":"https:\/\/api.w.org\/{rel}","templated":true}]}}