{"id":4655,"date":"2021-01-14T12:00:05","date_gmt":"2021-01-14T11:00:05","guid":{"rendered":"http:\/\/www.anovapeneira.gal\/?p=4655"},"modified":"2021-01-11T18:27:39","modified_gmt":"2021-01-11T17:27:39","slug":"casa-rivero-agora-en-ponteareas","status":"publish","type":"post","link":"https:\/\/www.anovapeneira.gal\/index.php\/2021\/01\/14\/casa-rivero-agora-en-ponteareas\/","title":{"rendered":"Casa Rivero agora en Ponteareas"},"content":{"rendered":"\n<p class=\"has-text-align-center\">La mesa, hijo, est\u00e1 tendida<br>en blancura quieta de nata,<br>y en cuatro muros azulea,<br>dando relumbres, la cer\u00e1mica.<br>\u00c9sta es la sal, \u00e9ste el aceite<br>y al centro el pan que casi habla.<br>Oro m\u00e1s lindo que oro del pan<br>no est\u00e1 ni en fruta ni en retama,<br>y da su olor de espiga y horno<br>una dicha que nunca sacia.<\/p>\n\n\n\n<pre class=\"wp-block-verse has-text-align-center\">Gabriela Mistral<\/pre>\n\n\n\n<p>As\u00ed comeza o fermoso poema \u201cLa casa\u201d da poeta chilena Gabriela Mistral, no que describe de maneira tan bonita o sinxelo acto de sentarse \u00e1 mesa a xantar.Este \u00e9 o poema que me ven \u00e1 mente cando vou comer a Casa Rivero, pois se hai alg\u00fan restaurante no mundo no que o acto de sentarse a comer sexa semellante a este ambiente c\u00e1lido, familiar de acougo e paz,que tan ben describe Gabriela, \u00e9 Casa Rivero. Durante unha ducia de anos estiveron en Mondariz Balneario, e dese o 29 de decembro do ano pasado est\u00e1n nun novo local en Ponteareas, na parroquia de Bugar\u00edn, na estrada de Ponteareas a Mondariz. Foi un pracer conversar novamente con Reme, a s\u00faa propietaria. Vela\u00ed vai o que deu de si a conversa<\/p>\n\n\n\n<p><strong>REMEDIOS RIVERO<\/strong><\/p>\n\n\n\n<p>\u201c<strong>ESTOU TERRIBLEMENTE ORGULLOSA POR SEGUIR GOZANDO DO M\u00c1IS IMPORTANTE QUE UNHA PERSOA LLE PODE DAR A OUTRA: A S\u00daA CONFIANZA.A CONFIANZA DE TODOS OS NOSOS CLIENTES E AMIGOS\u201d<\/strong><\/p>\n\n\n\n<p><strong>Despois de tantos anos, Reme, falando contigo no mesmo escenario, en Mondariz Balneario, res\u00faltame un pouco extra\u00f1o facelo nun lugar diferente.Por que o cambio?<\/strong><\/p>\n\n\n\n<blockquote class=\"wp-block-quote is-layout-flow wp-block-quote-is-layout-flow\"><p>Non creo que se poida explicar por unha soa raz\u00f3n.\u00c9 unha suma de motivos o que nos levou a tomar esta decisi\u00f3n.Se cadra a m\u00e1is importante est\u00e1 en que a nosa vontade de estar permanentemente aprendendo para mellorar, para darlle un servizo exquisito aos nosos clientes e amigos , \u00e9 tan forte que nun momento como este consideramos que requer\u00eda un mellor espazo, m\u00e1is amplo e luminoso para procurar a satisfacci\u00f3n de calquera persoa que nos distinga coa s\u00faa compa\u00f1\u00eda.<\/p><\/blockquote>\n\n\n\n<p><strong>Cando foi o d\u00eda que inaugurastes en Ponteareas?<\/strong><\/p>\n\n\n\n<blockquote class=\"wp-block-quote is-layout-flow wp-block-quote-is-layout-flow\"><p>O 29 de decembro<\/p><\/blockquote>\n\n\n\n<p><strong>En tan pouco tempo podes emitir alg\u00fan tipo de valoraci\u00f3n?<\/strong><\/p>\n\n\n\n<blockquote class=\"wp-block-quote is-layout-flow wp-block-quote-is-layout-flow\"><p>\u00c9 moi pouco tempo, si, pero o que podo dicir de momento \u00e9 todo moi satisfactorio, tendo en conta a situaci\u00f3n sanitaria tan dura que vivimos.Pero f\u00edxate, \u00e1s veces non podemos atender a toda a xente que quere vir<\/p><\/blockquote>\n\n\n\n<p><strong>Caramba que ben\u00a1\u00a1<\/strong><\/p>\n\n\n\n<blockquote class=\"wp-block-quote is-layout-flow wp-block-quote-is-layout-flow\"><p>Ten a s\u00faa parte mala, eu quero poder atender a calquera cliente que ve\u00f1a onda n\u00f3s, pero ben tam\u00e9n me fai moi feliz que a xente se lembre de Casa Rivero e queira seguir d\u00e1ndonos o m\u00e1is importante que unha persoa lle poida dar a outra : a s\u00faa confianza<\/p><\/blockquote>\n\n\n\n<p><strong>Canto tempo estivestes en Mondariz Reme?<\/strong><\/p>\n\n\n\n<blockquote class=\"wp-block-quote is-layout-flow wp-block-quote-is-layout-flow\"><p>Doce anos e medio<\/p><\/blockquote>\n\n\n\n<p><strong>E a valoraci\u00f3n xeral de todo ese tempo?<\/strong><\/p>\n\n\n\n<blockquote class=\"wp-block-quote is-layout-flow wp-block-quote-is-layout-flow\"><p>Excelente. Foron anos tan bonitos, que non me quero nin acordar dos inconvintes que como en calquera experiencia da vida tam\u00e9n os houbo claro.<\/p><\/blockquote>\n\n\n\n<p><strong>Di a canci\u00f3n que \u201c vinte anos non son nada\u201d, pero si que son moito, e ti xa levas m\u00e1is de 20 anos na hostalar\u00eda verdade Reme?<\/strong><\/p>\n\n\n\n<blockquote class=\"wp-block-quote is-layout-flow wp-block-quote-is-layout-flow\"><p>Si, ambas cousas son verdade. Levo m\u00e1is de 20 anos no sector, pois inicialmente tiven o Bule Bule, 9 anos en Ponteareas que \u00e9 a vila na que eu vivo, e logo o Casa Rivero , algo m\u00e1is de 12 anos en Mondariz Balneario. Agora casa Rivero vai continuar o seu cami\u00f1o en Ponteareas a vila na que comecei eu a ni\u00f1a profesi\u00f3n.<\/p><\/blockquote>\n\n\n\n<p><strong>Eu o Bule Bule non o co\u00f1ec\u00edn, si o local de Mondariz, al\u00ed com\u00edn varias veces, e tam\u00e9n este local no que falamos pois xa com\u00edn aqu\u00ed a semana pasada.E nesa comida, se se tivese os ollos pechados, poder\u00eda imaxinarme no local de Mondariz Balneario pois todo era igual.E te\u00f1o a sensaci\u00f3n de que o amor e a paix\u00f3n que lle pondes ti e todo o teu equipo para facer que as pequenas cousas se convirtan nalgo moi importante \u00e9 a mesma en Mondariz, en Ponteareas ou en calquera outra parte do mundo no que no futuro puidesedes estar?<\/strong><\/p>\n\n\n\n<blockquote class=\"wp-block-quote is-layout-flow wp-block-quote-is-layout-flow\"><p>Tes a sensaci\u00f3n correcta, pois tal como o describes ti \u00e9 o que procuro transmitir eu. \u00c9 a nosa esencia, a nosa natureza e \u00e9 a nosa idiosincrasia .Os negocios son o reflexo do equipo que os xestionan .E eu quero que o noso negocio sexa distinguido por d\u00faas caracter\u00edsticas definitorias: -Un servicio e un produto de primeira calidade a un prezo razonable-E unha relaci\u00f3n de confianza e afecto mutuo con cada cliente de maneira que poidan sentir que a nosa casa, casa Rivero, \u00e9 tam\u00e9n a s\u00faa<\/p><\/blockquote>\n\n\n\n<p><strong>O equipo de Ponteareas \u00e9 o mesmo c\u00f3 de Mondariz?<\/strong><\/p>\n\n\n\n<blockquote class=\"wp-block-quote is-layout-flow wp-block-quote-is-layout-flow\"><p>O equipo de Mondariz est\u00e1 ao completo comigo, e agora amplia\u00e1molo con algunha persoa m\u00e1is, pois este \u00e9 un local m\u00e1is amplo e adem\u00e1is imos implementar alg\u00fan plato e servizo a maiores, como por exemplo a parrilla, e polo tanto precisamos algunha persoa a maiores.Pero son todos do ADN Casa Rivero. Estou segura de que encaixar\u00e1n \u00e1 perfecci\u00f3n<\/p><\/blockquote>\n\n\n\n<p><strong>Traballas con men\u00fa do d\u00eda e con carta, verdade?<\/strong><\/p>\n\n\n\n<blockquote class=\"wp-block-quote is-layout-flow wp-block-quote-is-layout-flow\"><p>Si, o m\u00e1is ampla e variada que podemos<\/p><\/blockquote>\n\n\n\n<p><strong>Cal \u00e9 o voso horario?<\/strong><\/p>\n\n\n\n<blockquote class=\"wp-block-quote is-layout-flow wp-block-quote-is-layout-flow\"><p>Pois todo depende da situaci\u00f3n sanitaria claro.O horario de antes era de 13,00 -16,00 e para as ceas de 20,00-24,00 .Agora polas obrigadas restricci\u00f3ns o horario das comidas \u00e9 o mesmo, e para as ceas o horario da coci\u00f1a \u00e9 de 20,00 a 23,00 pero a partir das 22,00 xa non podemos admitir a ning\u00fan cliente<\/p><\/blockquote>\n\n\n\n<p><strong>Este local no que estades agora, era moi co\u00f1ecido pola celebraci\u00f3n de eventos: vodas, bautizos e todo tipo de festas.Ti tes pensado traballar algo nese campo?<\/strong><\/p>\n\n\n\n<blockquote class=\"wp-block-quote is-layout-flow wp-block-quote-is-layout-flow\"><p>Non o sei de momento. Ata que non se recupere a normalidade nas relaci\u00f3n sociais non o vou decidir, pero \u00e9 algo que no o descarto.<\/p><\/blockquote>\n\n\n\n<p><strong>Nestas circunstancias tan dif\u00edciles especialmente para o voso sector, como valoras a actuaci\u00f3n da administraci\u00f3n?<\/strong><\/p>\n\n\n\n<blockquote class=\"wp-block-quote is-layout-flow wp-block-quote-is-layout-flow\"><p>Eu entendo que son momentos moi dif\u00edciles para todos. Pero conidero que a xesti\u00f3n das cousas foi lenta de m\u00e1is, e entendo que fac\u00eda falta maiores doses de imaxinaci\u00f3n e por que non dicilo tam\u00e9n maiores cantidades de cartos para investir en buscar f\u00f3rmulas que garantan a seguridade nos locais e non nos obriguen a pechar xa que eo \u00e9 unha miseria para todos.<\/p><\/blockquote>\n\n\n\n<p><strong>Rematamos, Reme.Como andas de ilusi\u00f3n?<\/strong><\/p>\n\n\n\n<blockquote class=\"wp-block-quote is-layout-flow wp-block-quote-is-layout-flow\"><p>Eu te\u00f1o ilusi\u00f3n a toneladas, casa Rivero xa \u00e9 indisociable de Remedios Rivero como ser humano.\u00c9 o meu proxecto vital e as\u00ed vai seguir s\u00e9ndoo toda a ni\u00f1a vida<\/p><\/blockquote>\n","protected":false},"excerpt":{"rendered":"<div class=\"mh-excerpt\"><p>Estou terriblemente orgullosa por seguir gozando do m\u00e1is importante que unha persoa lle pode dar a outra: a s\u00faa confianza. A confianza de todos os nosos clientes e amigos <a class=\"mh-excerpt-more\" href=\"https:\/\/www.anovapeneira.gal\/index.php\/2021\/01\/14\/casa-rivero-agora-en-ponteareas\/\" title=\"Casa Rivero agora en Ponteareas\">[&#8230;]<\/a><\/p>\n<\/div>","protected":false},"author":3,"featured_media":4658,"comment_status":"open","ping_status":"open","sticky":false,"template":"","format":"standard","meta":{"_exactmetrics_skip_tracking":false,"_exactmetrics_sitenote_active":false,"_exactmetrics_sitenote_note":"","_exactmetrics_sitenote_category":0,"footnotes":""},"categories":[492],"tags":[208],"class_list":{"0":"post-4655","1":"post","2":"type-post","3":"status-publish","4":"format-standard","5":"has-post-thumbnail","7":"category-condado-reportaxes","8":"tag-concello-de-ponteareas"},"yoast_head":"<!-- This site is optimized with the Yoast SEO plugin v27.4 - https:\/\/yoast.com\/product\/yoast-seo-wordpress\/ -->\n<title>Casa Rivero agora en Ponteareas -<\/title>\n<meta name=\"description\" content=\"Estou terriblemente orgullosa por seguir gozando do m\u00e1is importante que unha persoa lle pode dar a outra: a s\u00faa confianza. A confianza de todos os nosos clientes e amigos\" \/>\n<meta name=\"robots\" content=\"index, follow, max-snippet:-1, max-image-preview:large, max-video-preview:-1\" \/>\n<link rel=\"canonical\" href=\"https:\/\/www.anovapeneira.gal\/index.php\/2021\/01\/14\/casa-rivero-agora-en-ponteareas\/\" \/>\n<meta property=\"og:locale\" content=\"gl_ES\" \/>\n<meta property=\"og:type\" content=\"article\" \/>\n<meta property=\"og:title\" content=\"Casa Rivero agora en Ponteareas -\" \/>\n<meta property=\"og:description\" content=\"Estou terriblemente orgullosa por seguir gozando do m\u00e1is importante que unha persoa lle pode dar a outra: a s\u00faa confianza. A confianza de todos os nosos clientes e amigos\" \/>\n<meta property=\"og:url\" content=\"https:\/\/www.anovapeneira.gal\/index.php\/2021\/01\/14\/casa-rivero-agora-en-ponteareas\/\" \/>\n<meta property=\"article:publisher\" content=\"https:\/\/www.facebook.com\/anovapeneira\" \/>\n<meta property=\"article:published_time\" content=\"2021-01-14T11:00:05+00:00\" \/>\n<meta property=\"og:image\" content=\"https:\/\/www.anovapeneira.gal\/wp-content\/uploads\/2021\/01\/manolo_reme_leti.jpg\" \/>\n\t<meta property=\"og:image:width\" content=\"720\" \/>\n\t<meta property=\"og:image:height\" content=\"432\" \/>\n\t<meta property=\"og:image:type\" content=\"image\/jpeg\" \/>\n<meta name=\"author\" content=\"Redacci\u00f3n A Nova Peneira\" \/>\n<meta name=\"twitter:card\" content=\"summary_large_image\" \/>\n<meta name=\"twitter:creator\" content=\"@APeneira\" \/>\n<meta name=\"twitter:site\" content=\"@APeneira\" \/>\n<meta name=\"twitter:label1\" content=\"Escrito por\" \/>\n\t<meta name=\"twitter:data1\" content=\"Redacci\u00f3n A Nova Peneira\" \/>\n\t<meta name=\"twitter:label2\" content=\"Tempo de lectura\" \/>\n\t<meta name=\"twitter:data2\" content=\"6 minutos\" \/>\n<script type=\"application\/ld+json\" class=\"yoast-schema-graph\">{\"@context\":\"https:\\\/\\\/schema.org\",\"@graph\":[{\"@type\":\"Article\",\"@id\":\"https:\\\/\\\/www.anovapeneira.gal\\\/index.php\\\/2021\\\/01\\\/14\\\/casa-rivero-agora-en-ponteareas\\\/#article\",\"isPartOf\":{\"@id\":\"https:\\\/\\\/www.anovapeneira.gal\\\/index.php\\\/2021\\\/01\\\/14\\\/casa-rivero-agora-en-ponteareas\\\/\"},\"author\":{\"name\":\"Redacci\u00f3n A Nova Peneira\",\"@id\":\"https:\\\/\\\/www.anovapeneira.gal\\\/#\\\/schema\\\/person\\\/b93e3f8932e3f8da96334607eb6ac6aa\"},\"headline\":\"Casa Rivero agora en Ponteareas\",\"datePublished\":\"2021-01-14T11:00:05+00:00\",\"mainEntityOfPage\":{\"@id\":\"https:\\\/\\\/www.anovapeneira.gal\\\/index.php\\\/2021\\\/01\\\/14\\\/casa-rivero-agora-en-ponteareas\\\/\"},\"wordCount\":1132,\"commentCount\":0,\"publisher\":{\"@id\":\"https:\\\/\\\/www.anovapeneira.gal\\\/#organization\"},\"image\":{\"@id\":\"https:\\\/\\\/www.anovapeneira.gal\\\/index.php\\\/2021\\\/01\\\/14\\\/casa-rivero-agora-en-ponteareas\\\/#primaryimage\"},\"thumbnailUrl\":\"https:\\\/\\\/www.anovapeneira.gal\\\/wp-content\\\/uploads\\\/2021\\\/01\\\/manolo_reme_leti.jpg\",\"keywords\":[\"Concello de Ponteareas\"],\"articleSection\":[\"Condado\"],\"inLanguage\":\"gl-ES\",\"potentialAction\":[{\"@type\":\"CommentAction\",\"name\":\"Comment\",\"target\":[\"https:\\\/\\\/www.anovapeneira.gal\\\/index.php\\\/2021\\\/01\\\/14\\\/casa-rivero-agora-en-ponteareas\\\/#respond\"]}]},{\"@type\":\"WebPage\",\"@id\":\"https:\\\/\\\/www.anovapeneira.gal\\\/index.php\\\/2021\\\/01\\\/14\\\/casa-rivero-agora-en-ponteareas\\\/\",\"url\":\"https:\\\/\\\/www.anovapeneira.gal\\\/index.php\\\/2021\\\/01\\\/14\\\/casa-rivero-agora-en-ponteareas\\\/\",\"name\":\"Casa Rivero agora en Ponteareas -\",\"isPartOf\":{\"@id\":\"https:\\\/\\\/www.anovapeneira.gal\\\/#website\"},\"primaryImageOfPage\":{\"@id\":\"https:\\\/\\\/www.anovapeneira.gal\\\/index.php\\\/2021\\\/01\\\/14\\\/casa-rivero-agora-en-ponteareas\\\/#primaryimage\"},\"image\":{\"@id\":\"https:\\\/\\\/www.anovapeneira.gal\\\/index.php\\\/2021\\\/01\\\/14\\\/casa-rivero-agora-en-ponteareas\\\/#primaryimage\"},\"thumbnailUrl\":\"https:\\\/\\\/www.anovapeneira.gal\\\/wp-content\\\/uploads\\\/2021\\\/01\\\/manolo_reme_leti.jpg\",\"datePublished\":\"2021-01-14T11:00:05+00:00\",\"description\":\"Estou terriblemente orgullosa por seguir gozando do m\u00e1is importante que unha persoa lle pode dar a outra: a s\u00faa confianza. A confianza de todos os nosos clientes e amigos\",\"breadcrumb\":{\"@id\":\"https:\\\/\\\/www.anovapeneira.gal\\\/index.php\\\/2021\\\/01\\\/14\\\/casa-rivero-agora-en-ponteareas\\\/#breadcrumb\"},\"inLanguage\":\"gl-ES\",\"potentialAction\":[{\"@type\":\"ReadAction\",\"target\":[\"https:\\\/\\\/www.anovapeneira.gal\\\/index.php\\\/2021\\\/01\\\/14\\\/casa-rivero-agora-en-ponteareas\\\/\"]}]},{\"@type\":\"ImageObject\",\"inLanguage\":\"gl-ES\",\"@id\":\"https:\\\/\\\/www.anovapeneira.gal\\\/index.php\\\/2021\\\/01\\\/14\\\/casa-rivero-agora-en-ponteareas\\\/#primaryimage\",\"url\":\"https:\\\/\\\/www.anovapeneira.gal\\\/wp-content\\\/uploads\\\/2021\\\/01\\\/manolo_reme_leti.jpg\",\"contentUrl\":\"https:\\\/\\\/www.anovapeneira.gal\\\/wp-content\\\/uploads\\\/2021\\\/01\\\/manolo_reme_leti.jpg\",\"width\":720,\"height\":432,\"caption\":\"Casa Rivero agora en Ponteareas\"},{\"@type\":\"BreadcrumbList\",\"@id\":\"https:\\\/\\\/www.anovapeneira.gal\\\/index.php\\\/2021\\\/01\\\/14\\\/casa-rivero-agora-en-ponteareas\\\/#breadcrumb\",\"itemListElement\":[{\"@type\":\"ListItem\",\"position\":1,\"name\":\"Portada\",\"item\":\"https:\\\/\\\/www.anovapeneira.gal\\\/\"},{\"@type\":\"ListItem\",\"position\":2,\"name\":\"Casa Rivero agora en Ponteareas\"}]},{\"@type\":\"WebSite\",\"@id\":\"https:\\\/\\\/www.anovapeneira.gal\\\/#website\",\"url\":\"https:\\\/\\\/www.anovapeneira.gal\\\/\",\"name\":\"\",\"description\":\"Xornal galego de informaci\u00f3n xeral Publicaci\u00f3n mensual de novas de Galicia e en especial dos Concellos da sur da provincia de Pontevedra.\",\"publisher\":{\"@id\":\"https:\\\/\\\/www.anovapeneira.gal\\\/#organization\"},\"potentialAction\":[{\"@type\":\"SearchAction\",\"target\":{\"@type\":\"EntryPoint\",\"urlTemplate\":\"https:\\\/\\\/www.anovapeneira.gal\\\/?s={search_term_string}\"},\"query-input\":{\"@type\":\"PropertyValueSpecification\",\"valueRequired\":true,\"valueName\":\"search_term_string\"}}],\"inLanguage\":\"gl-ES\"},{\"@type\":\"Organization\",\"@id\":\"https:\\\/\\\/www.anovapeneira.gal\\\/#organization\",\"name\":\"A Nova Peneira\",\"url\":\"https:\\\/\\\/www.anovapeneira.gal\\\/\",\"logo\":{\"@type\":\"ImageObject\",\"inLanguage\":\"gl-ES\",\"@id\":\"https:\\\/\\\/www.anovapeneira.gal\\\/#\\\/schema\\\/logo\\\/image\\\/\",\"url\":\"http:\\\/\\\/www.anovapeneira.gal\\\/wp-content\\\/uploads\\\/2019\\\/06\\\/logo_a_nova_peneira_portal_web.png\",\"contentUrl\":\"http:\\\/\\\/www.anovapeneira.gal\\\/wp-content\\\/uploads\\\/2019\\\/06\\\/logo_a_nova_peneira_portal_web.png\",\"width\":300,\"height\":100,\"caption\":\"A Nova Peneira\"},\"image\":{\"@id\":\"https:\\\/\\\/www.anovapeneira.gal\\\/#\\\/schema\\\/logo\\\/image\\\/\"},\"sameAs\":[\"https:\\\/\\\/www.facebook.com\\\/anovapeneira\",\"https:\\\/\\\/x.com\\\/APeneira\"]},{\"@type\":\"Person\",\"@id\":\"https:\\\/\\\/www.anovapeneira.gal\\\/#\\\/schema\\\/person\\\/b93e3f8932e3f8da96334607eb6ac6aa\",\"name\":\"Redacci\u00f3n A Nova Peneira\",\"image\":{\"@type\":\"ImageObject\",\"inLanguage\":\"gl-ES\",\"@id\":\"https:\\\/\\\/secure.gravatar.com\\\/avatar\\\/c052a2551a06e23fac63626232eaa90abd78dbcf1700fc46a2b2c89fd27b735f?s=96&d=mm&r=g\",\"url\":\"https:\\\/\\\/secure.gravatar.com\\\/avatar\\\/c052a2551a06e23fac63626232eaa90abd78dbcf1700fc46a2b2c89fd27b735f?s=96&d=mm&r=g\",\"contentUrl\":\"https:\\\/\\\/secure.gravatar.com\\\/avatar\\\/c052a2551a06e23fac63626232eaa90abd78dbcf1700fc46a2b2c89fd27b735f?s=96&d=mm&r=g\",\"caption\":\"Redacci\u00f3n A Nova Peneira\"},\"sameAs\":[\"http:\\\/\\\/www.anovapeneira.gal\\\/\"],\"url\":\"https:\\\/\\\/www.anovapeneira.gal\\\/index.php\\\/author\\\/redactor\\\/\"}]}<\/script>\n<!-- \/ Yoast SEO plugin. -->","yoast_head_json":{"title":"Casa Rivero agora en Ponteareas -","description":"Estou terriblemente orgullosa por seguir gozando do m\u00e1is importante que unha persoa lle pode dar a outra: a s\u00faa confianza. A confianza de todos os nosos clientes e amigos","robots":{"index":"index","follow":"follow","max-snippet":"max-snippet:-1","max-image-preview":"max-image-preview:large","max-video-preview":"max-video-preview:-1"},"canonical":"https:\/\/www.anovapeneira.gal\/index.php\/2021\/01\/14\/casa-rivero-agora-en-ponteareas\/","og_locale":"gl_ES","og_type":"article","og_title":"Casa Rivero agora en Ponteareas -","og_description":"Estou terriblemente orgullosa por seguir gozando do m\u00e1is importante que unha persoa lle pode dar a outra: a s\u00faa confianza. A confianza de todos os nosos clientes e amigos","og_url":"https:\/\/www.anovapeneira.gal\/index.php\/2021\/01\/14\/casa-rivero-agora-en-ponteareas\/","article_publisher":"https:\/\/www.facebook.com\/anovapeneira","article_published_time":"2021-01-14T11:00:05+00:00","og_image":[{"width":720,"height":432,"url":"https:\/\/www.anovapeneira.gal\/wp-content\/uploads\/2021\/01\/manolo_reme_leti.jpg","type":"image\/jpeg"}],"author":"Redacci\u00f3n A Nova Peneira","twitter_card":"summary_large_image","twitter_creator":"@APeneira","twitter_site":"@APeneira","twitter_misc":{"Escrito por":"Redacci\u00f3n A Nova Peneira","Tempo de lectura":"6 minutos"},"schema":{"@context":"https:\/\/schema.org","@graph":[{"@type":"Article","@id":"https:\/\/www.anovapeneira.gal\/index.php\/2021\/01\/14\/casa-rivero-agora-en-ponteareas\/#article","isPartOf":{"@id":"https:\/\/www.anovapeneira.gal\/index.php\/2021\/01\/14\/casa-rivero-agora-en-ponteareas\/"},"author":{"name":"Redacci\u00f3n A Nova Peneira","@id":"https:\/\/www.anovapeneira.gal\/#\/schema\/person\/b93e3f8932e3f8da96334607eb6ac6aa"},"headline":"Casa Rivero agora en Ponteareas","datePublished":"2021-01-14T11:00:05+00:00","mainEntityOfPage":{"@id":"https:\/\/www.anovapeneira.gal\/index.php\/2021\/01\/14\/casa-rivero-agora-en-ponteareas\/"},"wordCount":1132,"commentCount":0,"publisher":{"@id":"https:\/\/www.anovapeneira.gal\/#organization"},"image":{"@id":"https:\/\/www.anovapeneira.gal\/index.php\/2021\/01\/14\/casa-rivero-agora-en-ponteareas\/#primaryimage"},"thumbnailUrl":"https:\/\/www.anovapeneira.gal\/wp-content\/uploads\/2021\/01\/manolo_reme_leti.jpg","keywords":["Concello de Ponteareas"],"articleSection":["Condado"],"inLanguage":"gl-ES","potentialAction":[{"@type":"CommentAction","name":"Comment","target":["https:\/\/www.anovapeneira.gal\/index.php\/2021\/01\/14\/casa-rivero-agora-en-ponteareas\/#respond"]}]},{"@type":"WebPage","@id":"https:\/\/www.anovapeneira.gal\/index.php\/2021\/01\/14\/casa-rivero-agora-en-ponteareas\/","url":"https:\/\/www.anovapeneira.gal\/index.php\/2021\/01\/14\/casa-rivero-agora-en-ponteareas\/","name":"Casa Rivero agora en Ponteareas -","isPartOf":{"@id":"https:\/\/www.anovapeneira.gal\/#website"},"primaryImageOfPage":{"@id":"https:\/\/www.anovapeneira.gal\/index.php\/2021\/01\/14\/casa-rivero-agora-en-ponteareas\/#primaryimage"},"image":{"@id":"https:\/\/www.anovapeneira.gal\/index.php\/2021\/01\/14\/casa-rivero-agora-en-ponteareas\/#primaryimage"},"thumbnailUrl":"https:\/\/www.anovapeneira.gal\/wp-content\/uploads\/2021\/01\/manolo_reme_leti.jpg","datePublished":"2021-01-14T11:00:05+00:00","description":"Estou terriblemente orgullosa por seguir gozando do m\u00e1is importante que unha persoa lle pode dar a outra: a s\u00faa confianza. A confianza de todos os nosos clientes e amigos","breadcrumb":{"@id":"https:\/\/www.anovapeneira.gal\/index.php\/2021\/01\/14\/casa-rivero-agora-en-ponteareas\/#breadcrumb"},"inLanguage":"gl-ES","potentialAction":[{"@type":"ReadAction","target":["https:\/\/www.anovapeneira.gal\/index.php\/2021\/01\/14\/casa-rivero-agora-en-ponteareas\/"]}]},{"@type":"ImageObject","inLanguage":"gl-ES","@id":"https:\/\/www.anovapeneira.gal\/index.php\/2021\/01\/14\/casa-rivero-agora-en-ponteareas\/#primaryimage","url":"https:\/\/www.anovapeneira.gal\/wp-content\/uploads\/2021\/01\/manolo_reme_leti.jpg","contentUrl":"https:\/\/www.anovapeneira.gal\/wp-content\/uploads\/2021\/01\/manolo_reme_leti.jpg","width":720,"height":432,"caption":"Casa Rivero agora en Ponteareas"},{"@type":"BreadcrumbList","@id":"https:\/\/www.anovapeneira.gal\/index.php\/2021\/01\/14\/casa-rivero-agora-en-ponteareas\/#breadcrumb","itemListElement":[{"@type":"ListItem","position":1,"name":"Portada","item":"https:\/\/www.anovapeneira.gal\/"},{"@type":"ListItem","position":2,"name":"Casa Rivero agora en Ponteareas"}]},{"@type":"WebSite","@id":"https:\/\/www.anovapeneira.gal\/#website","url":"https:\/\/www.anovapeneira.gal\/","name":"","description":"Xornal galego de informaci\u00f3n xeral Publicaci\u00f3n mensual de novas de Galicia e en especial dos Concellos da sur da provincia de Pontevedra.","publisher":{"@id":"https:\/\/www.anovapeneira.gal\/#organization"},"potentialAction":[{"@type":"SearchAction","target":{"@type":"EntryPoint","urlTemplate":"https:\/\/www.anovapeneira.gal\/?s={search_term_string}"},"query-input":{"@type":"PropertyValueSpecification","valueRequired":true,"valueName":"search_term_string"}}],"inLanguage":"gl-ES"},{"@type":"Organization","@id":"https:\/\/www.anovapeneira.gal\/#organization","name":"A Nova Peneira","url":"https:\/\/www.anovapeneira.gal\/","logo":{"@type":"ImageObject","inLanguage":"gl-ES","@id":"https:\/\/www.anovapeneira.gal\/#\/schema\/logo\/image\/","url":"http:\/\/www.anovapeneira.gal\/wp-content\/uploads\/2019\/06\/logo_a_nova_peneira_portal_web.png","contentUrl":"http:\/\/www.anovapeneira.gal\/wp-content\/uploads\/2019\/06\/logo_a_nova_peneira_portal_web.png","width":300,"height":100,"caption":"A Nova Peneira"},"image":{"@id":"https:\/\/www.anovapeneira.gal\/#\/schema\/logo\/image\/"},"sameAs":["https:\/\/www.facebook.com\/anovapeneira","https:\/\/x.com\/APeneira"]},{"@type":"Person","@id":"https:\/\/www.anovapeneira.gal\/#\/schema\/person\/b93e3f8932e3f8da96334607eb6ac6aa","name":"Redacci\u00f3n A Nova Peneira","image":{"@type":"ImageObject","inLanguage":"gl-ES","@id":"https:\/\/secure.gravatar.com\/avatar\/c052a2551a06e23fac63626232eaa90abd78dbcf1700fc46a2b2c89fd27b735f?s=96&d=mm&r=g","url":"https:\/\/secure.gravatar.com\/avatar\/c052a2551a06e23fac63626232eaa90abd78dbcf1700fc46a2b2c89fd27b735f?s=96&d=mm&r=g","contentUrl":"https:\/\/secure.gravatar.com\/avatar\/c052a2551a06e23fac63626232eaa90abd78dbcf1700fc46a2b2c89fd27b735f?s=96&d=mm&r=g","caption":"Redacci\u00f3n A Nova Peneira"},"sameAs":["http:\/\/www.anovapeneira.gal\/"],"url":"https:\/\/www.anovapeneira.gal\/index.php\/author\/redactor\/"}]}},"jetpack_featured_media_url":"https:\/\/www.anovapeneira.gal\/wp-content\/uploads\/2021\/01\/manolo_reme_leti.jpg","_links":{"self":[{"href":"https:\/\/www.anovapeneira.gal\/index.php\/wp-json\/wp\/v2\/posts\/4655","targetHints":{"allow":["GET"]}}],"collection":[{"href":"https:\/\/www.anovapeneira.gal\/index.php\/wp-json\/wp\/v2\/posts"}],"about":[{"href":"https:\/\/www.anovapeneira.gal\/index.php\/wp-json\/wp\/v2\/types\/post"}],"author":[{"embeddable":true,"href":"https:\/\/www.anovapeneira.gal\/index.php\/wp-json\/wp\/v2\/users\/3"}],"replies":[{"embeddable":true,"href":"https:\/\/www.anovapeneira.gal\/index.php\/wp-json\/wp\/v2\/comments?post=4655"}],"version-history":[{"count":3,"href":"https:\/\/www.anovapeneira.gal\/index.php\/wp-json\/wp\/v2\/posts\/4655\/revisions"}],"predecessor-version":[{"id":4659,"href":"https:\/\/www.anovapeneira.gal\/index.php\/wp-json\/wp\/v2\/posts\/4655\/revisions\/4659"}],"wp:featuredmedia":[{"embeddable":true,"href":"https:\/\/www.anovapeneira.gal\/index.php\/wp-json\/wp\/v2\/media\/4658"}],"wp:attachment":[{"href":"https:\/\/www.anovapeneira.gal\/index.php\/wp-json\/wp\/v2\/media?parent=4655"}],"wp:term":[{"taxonomy":"category","embeddable":true,"href":"https:\/\/www.anovapeneira.gal\/index.php\/wp-json\/wp\/v2\/categories?post=4655"},{"taxonomy":"post_tag","embeddable":true,"href":"https:\/\/www.anovapeneira.gal\/index.php\/wp-json\/wp\/v2\/tags?post=4655"}],"curies":[{"name":"wp","href":"https:\/\/api.w.org\/{rel}","templated":true}]}}