{"id":4665,"date":"2021-01-15T12:00:17","date_gmt":"2021-01-15T11:00:17","guid":{"rendered":"http:\/\/www.anovapeneira.gal\/?p=4665"},"modified":"2021-01-15T13:39:35","modified_gmt":"2021-01-15T12:39:35","slug":"alejandro-lorenzo-voceiro-do-pp-de-porrino","status":"publish","type":"post","link":"https:\/\/www.anovapeneira.gal\/index.php\/2021\/01\/15\/alejandro-lorenzo-voceiro-do-pp-de-porrino\/","title":{"rendered":"Alejandro Lorenzo, voceiro do PP de Porri\u00f1o"},"content":{"rendered":"\n<p><strong>Alejandro \u00e9 o voceiro do PP de O Porri\u00f1o, l\u00edder da forza m\u00e1is votada nas municipais e xefe da oposici\u00f3n. El \u00e9 un home de Chenlo que na actualidade desempe\u00f1a tam\u00e9n as funci\u00f3ns de deputado provincial. Como \u00e9 habitual nel, non tanto en outras compa\u00f1eiras e compa\u00f1eiros seus de partido en concellos veci\u00f1os, Alejandro atendeunos con moita amabilidade. Vela\u00ed vai o que deu de si a nosa conversa.<\/strong><\/p>\n\n\n\n<p>\u201c<strong>A XESTI\u00d3N ECON\u00d3MICA DESTE GOBERNO \u00c9 A PEOR DA HISTORIA DE PORRI\u00d1O, O M\u00c1IS TRISTE E QUE SABENDO ISTO OS QUE APOIARON A ESTA ALCALDESA CONTINUEN CO APOIO E SEXAN PART\u00cdCIPES \u201d<\/strong><\/p>\n\n\n\n<p><strong>Alejandro,. Como che vai a vida que hai moito tempo que non falamos.<\/strong><\/p>\n\n\n\n<blockquote class=\"wp-block-quote is-layout-flow wp-block-quote-is-layout-flow\"><p>O importante nestes intres \u00e9 a sa\u00fade, e no meu caso a sa\u00fade \u00e9 boa, tanto para min como para os meus seres queridos. E este \u00e9 un desexo que fago extensivo para todas e todos, especialmente para a veci\u00f1anza do meu pobo de O Porri\u00f1o.<\/p><\/blockquote>\n\n\n\n<p><strong>Cal \u00e9 a situaci\u00f3n epid\u00e9mica do Concello de Porri\u00f1o a d\u00eda de hoxe, 9 de xaneiro?<\/strong><\/p>\n\n\n\n<blockquote class=\"wp-block-quote is-layout-flow wp-block-quote-is-layout-flow\"><p>Nas \u00faltimas d\u00faas semanas diagnostic\u00e1ronse 24 casos, a incidencia non \u00e9 moi alta e a\u00ednda que estamos un pouco estabilizados temos que tomar medidas en t\u00f3dolos concellos porque a situaci\u00f3n \u00e9 perigosa e pode mudar moi r\u00e1pido se non somos prudentes en grado m\u00e1ximo<\/p><\/blockquote>\n\n\n\n<p><strong>Vaia situaci\u00f3n m\u00e1is terrible se nola chegan a describir hai un par de anos non nola creriamos. Como a est\u00e1s vivindo ti? e como valoras a xesti\u00f3n municipal neste tema en concreto?<\/strong><\/p>\n\n\n\n<blockquote class=\"wp-block-quote is-layout-flow wp-block-quote-is-layout-flow\"><p>V\u00edvoa con moita incerteza, era algo desco\u00f1ecido para todos. E desde o principio, d\u00edgoo con toda a humildade, todo o grupo popular fixo un esforzo enorme para intentar axudar \u00e1 maior parte de xente posible. E ver como a sociedade en xeral se preocupaba por axudarse os uns aos outros a min emocionoume<\/p><\/blockquote>\n\n\n\n<p><strong>Ben, tam\u00e9n houbo cousas moi desagradables: os polic\u00edas de balc\u00f3n..<\/strong><\/p>\n\n\n\n<blockquote class=\"wp-block-quote is-layout-flow wp-block-quote-is-layout-flow\"><p>Xa, nos contextos de crise sempre xorde o mellor e o peor do ser humano. Eu, prefiro quedarme co positivo<\/p><\/blockquote>\n\n\n\n<p><strong>Dic\u00edasme que estabas moi contento coa labor solidaria do teu equipo do PP de Porri\u00f1o ?<\/strong><\/p>\n\n\n\n<blockquote class=\"wp-block-quote is-layout-flow wp-block-quote-is-layout-flow\"><p>Si, enormemente orgulloso. O noso grupo municipal tivo unha iniciativa solidaria e aportamos di\u00f1eiro para mercar telas para m\u00e1scaras e repart\u00edmolas nas portas dos supermercados da vila, biombos para as barras e mostradores dos comercios, pantallas de pl\u00e1stico para a cara e repart\u00edmolas nos hostaleiros e comerciantes do concello, tam\u00e9n mercamos alimentos para asociaci\u00f3ns e temos pensado seguir fac\u00e9ndoo<\/p><\/blockquote>\n\n\n\n<p><strong>A alcaldesa, na \u00faltima conversa que tivemos reco\u00f1ec\u00eda esta situaci\u00f3n pero dic\u00eda que cando os vosos militantes \u00edan repartir o material dic\u00edan: \u201cIsto \u00e9 de parte de Alejandro Lorenzo\u201d?<\/strong><\/p>\n\n\n\n<blockquote class=\"wp-block-quote is-layout-flow wp-block-quote-is-layout-flow\"><p>Iso \u00e9 rotundamente falso. Imos ver, se entregou material en establecementos , asociaci\u00f3ns e casas e se algu\u00e9n pregunta de quen ven iso, pois supo\u00f1o que mais de un contestar\u00edalle, digo eu, pero se algunha vez se lle dixo a algu\u00e9n de onde vi\u00f1an foi por ese motivo s\u00f3<\/p><\/blockquote>\n\n\n\n<p><strong>Non hab\u00eda ent\u00f3n vontade de promocionarte a ti mesmo?<\/strong><\/p>\n\n\n\n<blockquote class=\"wp-block-quote is-layout-flow wp-block-quote-is-layout-flow\"><p>Non, rotundamente non .E vasme permitir Tino, que sexa moi taxativo neste punto porque iso \u00e9 unha insidia. A \u00fanica vontade dese acto foi axudar aos demais, s\u00f3 esa \u00e9 nada m\u00e1is que esa. De feito quero dicir que todo o equipo de concelleiros e concelleiras do PP de Porri\u00f1o doamos o noso soldo do 2.020 integro dende o inicio da pandemia, para axudar a superar os efectos da mesma.<\/p><\/blockquote>\n\n\n\n<p><strong>Ben, ser\u00e1n as dietas, soldo non tendes?<\/strong><\/p>\n\n\n\n<blockquote class=\"wp-block-quote is-layout-flow wp-block-quote-is-layout-flow\"><p>Si, claro, pero ao fin e ao cabo \u00e9 o que cobra un concelleiro da oposici\u00f3n, se destinou 5.000-6.000 \u20ac para estes gastos e se continuar\u00e1 prestando axuda con novas iniciativas que estamos elaborando. Me sinto moi orgulloso da s\u00faa labor e do equipo que formamos .<\/p><\/blockquote>\n\n\n\n<p><strong>E da xesti\u00f3n do equipo de goberno da situaci\u00f3n da pandemia, que valoraci\u00f3n tes?<\/strong><\/p>\n\n\n\n<blockquote class=\"wp-block-quote is-layout-flow wp-block-quote-is-layout-flow\"><p>Nunha situaci\u00f3n coma esta eu creo que non hai que entrar a valorar, sen\u00f3n estar ao car\u00f3n do goberno, sexa cal sexa. Eu as\u00ed o sinto.<\/p><\/blockquote>\n\n\n\n<p><strong>Sentes que estiveches a car\u00f3n do goberno neste tema?<\/strong><\/p>\n\n\n\n<blockquote class=\"wp-block-quote is-layout-flow wp-block-quote-is-layout-flow\"><p>Si, e as\u00ed o expresou tam\u00e9n a alcaldesa, e ela sabe as numerosas petici\u00f3ns e ofrecementos que fixemos sen contestaci\u00f3n afirmativa algunha .<\/p><p><\/p><\/blockquote>\n\n\n\n<p><strong>Na \u00faltima entrevista que lle fixen a alcaldesa si que me expresou a s\u00faa satisfacci\u00f3n co PP de Porri\u00f1o polo seu apoio e implicaci\u00f3n co goberno nesta pandemia, pero ao preguntarlle se xa hab\u00eda bo rollo contigo contestoume que iso \u00e9 imposible porque ti e o conxunto do PP os dedicades sistematicamente a acosala. Ti acosas a Eva Garc\u00eda De La Torre?<\/strong><\/p>\n\n\n\n<blockquote class=\"wp-block-quote is-layout-flow wp-block-quote-is-layout-flow\"><p>Esta \u00e9 unha escusa sistem\u00e1tica que ten ela. N\u00f3s non acosamos a ningu\u00e9n. E que me traten a min de acosador xa \u00e9 o colmo, sup\u00f3n pasar todas as li\u00f1as \u00e9ticas aceptables da lex\u00edtima discrepancia pol\u00edtica.<\/p><\/blockquote>\n\n\n\n<p><strong>Cando te chamou cabr\u00f3n, pediuche desculpas?<\/strong><\/p>\n\n\n\n<blockquote class=\"wp-block-quote is-layout-flow wp-block-quote-is-layout-flow\"><p>Pediume desculpas no seguinte pleno, un mes despois. Persoalmente non me chamou para desculparse, f\u00edxoo publicamente para facer a \u201cescena\u201dpola presi\u00f3n que tivo.<\/p><\/blockquote>\n\n\n\n<p><strong>Pedro Pereira, tenente de alcalde do BNG declaraba nas nosas p\u00e1xinas que \u201co PP est\u00e1 conscientemente impedindo que se abonen facturas a pemes e aut\u00f3nomos en moitos casos do Porri\u00f1o\u201d . Estades facendo iso?<\/strong><\/p>\n\n\n\n<blockquote class=\"wp-block-quote is-layout-flow wp-block-quote-is-layout-flow\"><p>Non, de ningunha maneira. Iso \u00e9 outra flagrante mentira. Non estamos negando que se paguen as facturas, o que estamos pedindo e que se faga \u00e9 unha revisi\u00f3n de oficio que permita que todas as empresas cobren, pero que cobren o que te\u00f1en que cobrar . Estamos falando de que hai entre 5 e 6 mill\u00f3ns de euros de contratos de maneira verbal sen ning\u00fan tipo de soporte contractual. Am\u00f3lame que se diga que estamos impedindo que se paguen as facturas dos aut\u00f3nomo do Porri\u00f1o, non \u00e9 certo. M\u00e1is de 4.000.000 mill\u00f3ns de Euros desa d\u00e9beda son de empresas da Comarca do Saln\u00e9s \u00e1s que se lle deu os traballos a dedo. Contratar a dedo as empresas do Saln\u00e9s ,Iso non creo que sexa ver polos aut\u00f3nomo do Porri\u00f1o.<\/p><\/blockquote>\n\n\n\n<p><strong>Caramba, que volume m\u00e1is elevado para empresas desa comarca. E a que o achacas?<\/strong><\/p>\n\n\n\n<blockquote class=\"wp-block-quote is-layout-flow wp-block-quote-is-layout-flow\"><p>Esa pregunta ter\u00eda que respondela o goberno municipal<\/p><\/blockquote>\n\n\n\n<p><strong>E esta empresa foron contratadas pola administraci\u00f3n de Eva de La Torre ou ve\u00f1en de atr\u00e1s?<\/strong><\/p>\n\n\n\n<blockquote class=\"wp-block-quote is-layout-flow wp-block-quote-is-layout-flow\"><p>As facturas que est\u00e1n sen pagar son todas dos exercicios de Eva Garc\u00eda de La Torre.<\/p><\/blockquote>\n\n\n\n<blockquote class=\"wp-block-quote is-layout-flow wp-block-quote-is-layout-flow\"><p>O que debe de saber a xente e que a competencia para pagar estas facturas si se fixera un procedemento legal con contrato \u00e9 da Alcaldesa. Ela ten a competencia para pagar ata o 10% dos recursos ordinarios dun Concello con Orzamento de 18 Mill\u00f3ns de euros Van a pleno porque son partidas doutros anos, feitas sen partida orzamentaria e sen ning\u00fan procedemento que as regula, e o mais grave e que eliminan as partidas e rexeitan as facturas por ausencia de contrato de gastos recorrentes , pero as empresas iso non o saben porque llo ocultan.<\/p><\/blockquote>\n\n\n\n<p><strong>Est\u00e1s dicindo Alejandro que un volume tan elevado de facturas sen pagar, son todas responsabilidade desta administraci\u00f3n?<\/strong><\/p>\n\n\n\n<blockquote class=\"wp-block-quote is-layout-flow wp-block-quote-is-layout-flow\"><p>Claro que si .<\/p><\/blockquote>\n\n\n\n<p><strong>Eva Garc\u00eda de la Torre debe dimitir?<\/strong><\/p>\n\n\n\n<blockquote class=\"wp-block-quote is-layout-flow wp-block-quote-is-layout-flow\"><p>Entendo que si, que est\u00e1 moi claro. Como dixo Manuel Carrera nun pleno,., \u201cpara min \u00e9 a peor xesti\u00f3n econ\u00f3mica da historia do Concello de Porri\u00f1o\u201d, anque logo este mesmo Concelleiro apoia e participa nesta xesti\u00f3n de goberno.<\/p><\/blockquote>\n\n\n\n<p><strong>E hai posibilidades de proceder a unha reunificaci\u00f3n de centro-dereita porri\u00f1\u00e9s a corto prazo?<\/strong><\/p>\n\n\n\n<blockquote class=\"wp-block-quote is-layout-flow wp-block-quote-is-layout-flow\"><p>Creo que a situaci\u00f3n est\u00e1 bastante moito m\u00e1is clara e eu entendo que recuperaremos a maior\u00eda dos votos que no 2.019 foron para outras opci\u00f3ns do noso mesmo espazo.<\/p><\/blockquote>\n\n\n\n<p><strong>Inclu\u00edndo votos de Carrera?<\/strong><\/p>\n\n\n\n<blockquote class=\"wp-block-quote is-layout-flow wp-block-quote-is-layout-flow\"><p>Agardo que moitos deles, pois quen o vota a el \u00e9 xente de centro dereita e supo\u00f1o que non estar\u00e1n de acordo en que os seus votos sirvan para que goberne a esquerda<\/p><\/blockquote>\n\n\n\n<p><strong>Por que votastes en contra da venda dunha parcela do patrimonio do Concello, no \u00faltimo pleno?<\/strong><\/p>\n\n\n\n<blockquote class=\"wp-block-quote is-layout-flow wp-block-quote-is-layout-flow\"><p>As competencias de venda e de compra do patrimonio municipal son da alcaldesa. O PSOE fixo un acordo co BNG para traspasalas ao pleno, pero a competencia segue sendo da alcaldesa.<\/p><\/blockquote>\n\n\n\n<blockquote class=\"wp-block-quote is-layout-flow wp-block-quote-is-layout-flow\"><p>Fan isto para unha suposta transparencia pero, cando se vende patrimonio municipal, os cartos recadados te\u00f1en que destinarse a investimentos ou a compra doutro patrimonio. O que queren facer e que o pleno aprobe a venda para decidir eles o destino deses cartos recadados, non estou de acordo. Se o pleno decide a venda, tam\u00e9n ten que decidir en que se inviste, pero coma xa pasou terminan por facelo por decreto de Alcald\u00eda todo, a transparencia desaparece cando interesa a esta coalici\u00f3n de goberno . Non estamos dispostos a que nos utilicen para un acordo encuberto.<\/p><\/blockquote>\n\n\n\n<p><strong>Al\u00e9n da xesti\u00f3n econ\u00f3mica, cales son as deficiencias m\u00e1is importantes que padece o concello segundo o teu criterio?<\/strong><\/p>\n\n\n\n<blockquote class=\"wp-block-quote is-layout-flow wp-block-quote-is-layout-flow\"><p>O m\u00e1is urxente \u00e9 mellorar os saneamentos nas parroquias. Hai que abordar con decisi\u00f3n o problema o do lindano, o Centro de Sa\u00fade, a mellora dos nosos colexios , a construci\u00f3n dun auditorio Hai moitas cousas que se deben de facer e non se fan<\/p><\/blockquote>\n\n\n\n<p><strong>Sorpr\u00e9ndeme o que dis do saneamento pois o goberno defende que est\u00e1n a facer un importante esforzo ao respecto?<\/strong><\/p>\n\n\n\n<blockquote class=\"wp-block-quote is-layout-flow wp-block-quote-is-layout-flow\"><p>Que o demostren con papeis e datos reais dos decretos existentes. Nos \u00faltimos cinco anos non se fixo nada m\u00e1is do que hab\u00eda nos catro anos anteriores, pouco se ampliou .Estase paralizando un servizo que deber\u00eda ser b\u00e1sico e fundamental. Priorizaron obras no pavill\u00f3n de 500.000\u20ac, ou mesmo a humanizaci\u00f3n nos Aloques porque son m\u00e1is visibles.<\/p><\/blockquote>\n\n\n\n<p><strong>E a actuaci\u00f3n nos Aloques non che pareceu necesaria? Eu creo que si, que estaba feita un cisco.<\/strong><\/p>\n\n\n\n<blockquote class=\"wp-block-quote is-layout-flow wp-block-quote-is-layout-flow\"><p>Si que era necesaria , pero se hai para o centro tam\u00e9n ten que haber para as parroquias, o contrario \u00e9 unha inxustiza<\/p><\/blockquote>\n\n\n\n<p><strong>Agora falemos da Deputaci\u00f3n Alejandro, como valora a t\u00faa nova experiencia como deputado provincial?<\/strong><\/p>\n\n\n\n<blockquote class=\"wp-block-quote is-layout-flow wp-block-quote-is-layout-flow\"><p>Moi boa, somo un grupo moi compacto con xente experimentada. Est\u00e1 o alcalde de A Estrada, de Rodeiro, o de Cerdedo-Cotobade, Pepa Pardo que \u00e9 concelleira en Pontevedra; Carmen, a concelleira de Redondela; Miguel, que foi alcalde de A Ca\u00f1iza. Estou contento, na deputaci\u00f3n ab\u00e1rcanse moitos m\u00e1is concellos e colles moita m\u00e1is experiencia. A intenci\u00f3n e recuperar a Deputaci\u00f3n para o PP porque creo que \u00e9 fundamental para os concellos da nosa provincia.<\/p><\/blockquote>\n\n\n\n<p><strong>Un xornalista ortodoxo non deber\u00eda opinar, pero a min a ortodoxia imp\u00f3rtame un comino e vou dicir que a xesti\u00f3n da DEP que fixestes v\u00f3s con Louz\u00e1n de presidente foi pol\u00edtica e moralmente catastr\u00f3fica, e se a ides repetir ser\u00eda unha traxedia para a Provincia que a recuperarades<\/strong><\/p>\n\n\n\n<blockquote class=\"wp-block-quote is-layout-flow wp-block-quote-is-layout-flow\"><p>Como comprender\u00e1s Tino, estou radicalmente en desacordo contigo, pero agrad\u00e9zoche profundamente que me fales con tanta franqueza<\/p><\/blockquote>\n\n\n\n<p><strong>Por que ser\u00eda importante que recuperarades a DEP?<\/strong><\/p>\n\n\n\n<blockquote class=\"wp-block-quote is-layout-flow wp-block-quote-is-layout-flow\"><p>Pois de primeiras d\u00edgoche dous motivos : Esta DEP non trata con equidade a todos os concellos, claramente discrimina aos gobernados polo PP e nun contexto como este par\u00e9ceme censurable que no sacase ningunha li\u00f1a de axudas para os sectores afectados pola crise econ\u00f3mica derivada da sanitaria<\/p><\/blockquote>\n\n\n\n<p><strong>Consideras que a deputaci\u00f3n non atende \u00e1s necesidades dos aut\u00f3nomos e pequenos empresarios afectados polas restrici\u00f3ns inherentes \u00e1 pandemia?<\/strong><\/p>\n\n\n\n<blockquote class=\"wp-block-quote is-layout-flow wp-block-quote-is-layout-flow\"><p>Si, considero que non os atende.<\/p><\/blockquote>\n\n\n\n<p><strong>E consideras que o goberno da Xunta de Galicia si o fai?<\/strong><\/p>\n\n\n\n<blockquote class=\"wp-block-quote is-layout-flow wp-block-quote-is-layout-flow\"><p>Non \u00e9 o que pense eu \u00e9 que \u00e9 un feito obxectivo. Este goberno si sacou subvenci\u00f3ns para aut\u00f3nomos, para hostaleiros, si est\u00e1 tam\u00e9n sacando a trav\u00e9s do IGAPE distintas axudas. Toda axuda \u00e9 pouca, pero Galicia foi unha das administraci\u00f3ns de toda Espa\u00f1a que m\u00e1is fondos destinos a estes sectores.<\/p><\/blockquote>\n\n\n\n<p><strong>Ent\u00f3n consideras que a deputaci\u00f3n non atende con xustiza e equidade aos concellos gobernados polo PP?<\/strong><\/p>\n\n\n\n<blockquote class=\"wp-block-quote is-layout-flow wp-block-quote-is-layout-flow\"><p>Non, entendo que non.<\/p><\/blockquote>\n\n\n\n<p><strong>Consideras que cando Louz\u00e1n gobernaba a deputaci\u00f3n atend\u00edase con xustiza e equidade aos concellos que non eran do PP?<\/strong><\/p>\n\n\n\n<blockquote class=\"wp-block-quote is-layout-flow wp-block-quote-is-layout-flow\"><p>Cando O PP gobernaba na DEP, eu non era deputado provincial, non me \u00e9 posible contestar con rigor a esa pregunta, pero Porri\u00f1o si estivo atendido.<\/p><\/blockquote>\n\n\n\n<p><strong>E para rematar Alejandro, cal \u00e9 o teu futuro pol\u00edtico? Tres decidido presentarte no 2023 como candidato para Porri\u00f1o?<\/strong><\/p>\n\n\n\n<blockquote class=\"wp-block-quote is-layout-flow wp-block-quote-is-layout-flow\"><p>Eu o que quero \u00e9 aportar o meu gran de area para contribu\u00edr ao ben com\u00fan de toda a sociedade porri\u00f1esa sen excepci\u00f3n. E estea no sitio que estea vou pelexar con todas as mi\u00f1as forzas para que o PP recupere a alcald\u00eda de O Porri\u00f1o<\/p><\/blockquote>\n","protected":false},"excerpt":{"rendered":"<div class=\"mh-excerpt\"><p>Alejandro \u00e9 o voceiro do PP de O Porri\u00f1o, l\u00edder da forza m\u00e1is votada nas municipais e xefe da oposici\u00f3n. El \u00e9 un home de Chenlo que na actualidade desempe\u00f1a tam\u00e9n as funci\u00f3ns de deputado provincial. Como \u00e9 habitual nel, non tanto en outras compa\u00f1eiras e compa\u00f1eiros seus de partido en concellos veci\u00f1os, Alejandro atendeunos con moita amabilidade. Vela\u00ed vai o que deu de si a nosa conversa <a class=\"mh-excerpt-more\" href=\"https:\/\/www.anovapeneira.gal\/index.php\/2021\/01\/15\/alejandro-lorenzo-voceiro-do-pp-de-porrino\/\" title=\"Alejandro Lorenzo, voceiro do PP de Porri\u00f1o\">[&#8230;]<\/a><\/p>\n<\/div>","protected":false},"author":2,"featured_media":4666,"comment_status":"open","ping_status":"open","sticky":false,"template":"","format":"standard","meta":{"_exactmetrics_skip_tracking":false,"_exactmetrics_sitenote_active":false,"_exactmetrics_sitenote_note":"","_exactmetrics_sitenote_category":0,"footnotes":""},"categories":[265],"tags":[701],"class_list":{"0":"post-4665","1":"post","2":"type-post","3":"status-publish","4":"format-standard","5":"has-post-thumbnail","7":"category-a-lourina-entrevistas","8":"tag-concello-o-porrino"},"yoast_head":"<!-- This site is optimized with the Yoast SEO plugin v27.5 - https:\/\/yoast.com\/product\/yoast-seo-wordpress\/ -->\n<title>Alejandro Lorenzo, voceiro do PP de Porri\u00f1o -<\/title>\n<meta name=\"description\" content=\"Alejandro \u00e9 o voceiro do PP de O Porri\u00f1o, l\u00edder da forza m\u00e1is votada nas municipais e xefe da oposici\u00f3n. El \u00e9 un home de Chenlo que na actualidade desempe\u00f1a tam\u00e9n as funci\u00f3ns de deputado provincial. Como \u00e9 habitual nel, non tanto en outras compa\u00f1eiras e compa\u00f1eiros seus de partido en concellos veci\u00f1os, Alejandro atendeunos con moita amabilidade. Vela\u00ed vai o que deu de si a nosa conversa\" \/>\n<meta name=\"robots\" content=\"index, follow, max-snippet:-1, max-image-preview:large, max-video-preview:-1\" \/>\n<link rel=\"canonical\" href=\"https:\/\/www.anovapeneira.gal\/index.php\/2021\/01\/15\/alejandro-lorenzo-voceiro-do-pp-de-porrino\/\" \/>\n<meta property=\"og:locale\" content=\"gl_ES\" \/>\n<meta property=\"og:type\" content=\"article\" \/>\n<meta property=\"og:title\" content=\"Alejandro Lorenzo, voceiro do PP de Porri\u00f1o -\" \/>\n<meta property=\"og:description\" content=\"Alejandro \u00e9 o voceiro do PP de O Porri\u00f1o, l\u00edder da forza m\u00e1is votada nas municipais e xefe da oposici\u00f3n. El \u00e9 un home de Chenlo que na actualidade desempe\u00f1a tam\u00e9n as funci\u00f3ns de deputado provincial. Como \u00e9 habitual nel, non tanto en outras compa\u00f1eiras e compa\u00f1eiros seus de partido en concellos veci\u00f1os, Alejandro atendeunos con moita amabilidade. Vela\u00ed vai o que deu de si a nosa conversa\" \/>\n<meta property=\"og:url\" content=\"https:\/\/www.anovapeneira.gal\/index.php\/2021\/01\/15\/alejandro-lorenzo-voceiro-do-pp-de-porrino\/\" \/>\n<meta property=\"article:publisher\" content=\"https:\/\/www.facebook.com\/anovapeneira\" \/>\n<meta property=\"article:published_time\" content=\"2021-01-15T11:00:17+00:00\" \/>\n<meta property=\"article:modified_time\" content=\"2021-01-15T12:39:35+00:00\" \/>\n<meta property=\"og:image\" content=\"https:\/\/www.anovapeneira.gal\/wp-content\/uploads\/2021\/01\/alejandro_lorenzo_voceiro_pp.jpg\" \/>\n\t<meta property=\"og:image:width\" content=\"720\" \/>\n\t<meta property=\"og:image:height\" content=\"432\" \/>\n\t<meta property=\"og:image:type\" content=\"image\/jpeg\" \/>\n<meta name=\"author\" content=\"Tino Lago\" \/>\n<meta name=\"twitter:card\" content=\"summary_large_image\" \/>\n<meta name=\"twitter:creator\" content=\"@APeneira\" \/>\n<meta name=\"twitter:site\" content=\"@APeneira\" \/>\n<meta name=\"twitter:label1\" content=\"Escrito por\" \/>\n\t<meta name=\"twitter:data1\" content=\"Tino Lago\" \/>\n\t<meta name=\"twitter:label2\" content=\"Tempo de lectura\" \/>\n\t<meta name=\"twitter:data2\" content=\"11 minutos\" \/>\n<script type=\"application\/ld+json\" class=\"yoast-schema-graph\">{\"@context\":\"https:\\\/\\\/schema.org\",\"@graph\":[{\"@type\":\"Article\",\"@id\":\"https:\\\/\\\/www.anovapeneira.gal\\\/index.php\\\/2021\\\/01\\\/15\\\/alejandro-lorenzo-voceiro-do-pp-de-porrino\\\/#article\",\"isPartOf\":{\"@id\":\"https:\\\/\\\/www.anovapeneira.gal\\\/index.php\\\/2021\\\/01\\\/15\\\/alejandro-lorenzo-voceiro-do-pp-de-porrino\\\/\"},\"author\":{\"name\":\"Tino Lago\",\"@id\":\"https:\\\/\\\/www.anovapeneira.gal\\\/#\\\/schema\\\/person\\\/424dfe65e3070fd8a44d22d2c088762a\"},\"headline\":\"Alejandro Lorenzo, voceiro do PP de Porri\u00f1o\",\"datePublished\":\"2021-01-15T11:00:17+00:00\",\"dateModified\":\"2021-01-15T12:39:35+00:00\",\"mainEntityOfPage\":{\"@id\":\"https:\\\/\\\/www.anovapeneira.gal\\\/index.php\\\/2021\\\/01\\\/15\\\/alejandro-lorenzo-voceiro-do-pp-de-porrino\\\/\"},\"wordCount\":2181,\"commentCount\":0,\"publisher\":{\"@id\":\"https:\\\/\\\/www.anovapeneira.gal\\\/#organization\"},\"image\":{\"@id\":\"https:\\\/\\\/www.anovapeneira.gal\\\/index.php\\\/2021\\\/01\\\/15\\\/alejandro-lorenzo-voceiro-do-pp-de-porrino\\\/#primaryimage\"},\"thumbnailUrl\":\"https:\\\/\\\/www.anovapeneira.gal\\\/wp-content\\\/uploads\\\/2021\\\/01\\\/alejandro_lorenzo_voceiro_pp.jpg\",\"keywords\":[\"Concello O Porri\u00f1o\"],\"articleSection\":[\"A Louri\u00f1a\"],\"inLanguage\":\"gl-ES\",\"potentialAction\":[{\"@type\":\"CommentAction\",\"name\":\"Comment\",\"target\":[\"https:\\\/\\\/www.anovapeneira.gal\\\/index.php\\\/2021\\\/01\\\/15\\\/alejandro-lorenzo-voceiro-do-pp-de-porrino\\\/#respond\"]}]},{\"@type\":\"WebPage\",\"@id\":\"https:\\\/\\\/www.anovapeneira.gal\\\/index.php\\\/2021\\\/01\\\/15\\\/alejandro-lorenzo-voceiro-do-pp-de-porrino\\\/\",\"url\":\"https:\\\/\\\/www.anovapeneira.gal\\\/index.php\\\/2021\\\/01\\\/15\\\/alejandro-lorenzo-voceiro-do-pp-de-porrino\\\/\",\"name\":\"Alejandro Lorenzo, voceiro do PP de Porri\u00f1o -\",\"isPartOf\":{\"@id\":\"https:\\\/\\\/www.anovapeneira.gal\\\/#website\"},\"primaryImageOfPage\":{\"@id\":\"https:\\\/\\\/www.anovapeneira.gal\\\/index.php\\\/2021\\\/01\\\/15\\\/alejandro-lorenzo-voceiro-do-pp-de-porrino\\\/#primaryimage\"},\"image\":{\"@id\":\"https:\\\/\\\/www.anovapeneira.gal\\\/index.php\\\/2021\\\/01\\\/15\\\/alejandro-lorenzo-voceiro-do-pp-de-porrino\\\/#primaryimage\"},\"thumbnailUrl\":\"https:\\\/\\\/www.anovapeneira.gal\\\/wp-content\\\/uploads\\\/2021\\\/01\\\/alejandro_lorenzo_voceiro_pp.jpg\",\"datePublished\":\"2021-01-15T11:00:17+00:00\",\"dateModified\":\"2021-01-15T12:39:35+00:00\",\"description\":\"Alejandro \u00e9 o voceiro do PP de O Porri\u00f1o, l\u00edder da forza m\u00e1is votada nas municipais e xefe da oposici\u00f3n. El \u00e9 un home de Chenlo que na actualidade desempe\u00f1a tam\u00e9n as funci\u00f3ns de deputado provincial. Como \u00e9 habitual nel, non tanto en outras compa\u00f1eiras e compa\u00f1eiros seus de partido en concellos veci\u00f1os, Alejandro atendeunos con moita amabilidade. Vela\u00ed vai o que deu de si a nosa conversa\",\"breadcrumb\":{\"@id\":\"https:\\\/\\\/www.anovapeneira.gal\\\/index.php\\\/2021\\\/01\\\/15\\\/alejandro-lorenzo-voceiro-do-pp-de-porrino\\\/#breadcrumb\"},\"inLanguage\":\"gl-ES\",\"potentialAction\":[{\"@type\":\"ReadAction\",\"target\":[\"https:\\\/\\\/www.anovapeneira.gal\\\/index.php\\\/2021\\\/01\\\/15\\\/alejandro-lorenzo-voceiro-do-pp-de-porrino\\\/\"]}]},{\"@type\":\"ImageObject\",\"inLanguage\":\"gl-ES\",\"@id\":\"https:\\\/\\\/www.anovapeneira.gal\\\/index.php\\\/2021\\\/01\\\/15\\\/alejandro-lorenzo-voceiro-do-pp-de-porrino\\\/#primaryimage\",\"url\":\"https:\\\/\\\/www.anovapeneira.gal\\\/wp-content\\\/uploads\\\/2021\\\/01\\\/alejandro_lorenzo_voceiro_pp.jpg\",\"contentUrl\":\"https:\\\/\\\/www.anovapeneira.gal\\\/wp-content\\\/uploads\\\/2021\\\/01\\\/alejandro_lorenzo_voceiro_pp.jpg\",\"width\":720,\"height\":432,\"caption\":\"Alejandro Lorenzo, voceiro do PP de Porri\u00f1o\"},{\"@type\":\"BreadcrumbList\",\"@id\":\"https:\\\/\\\/www.anovapeneira.gal\\\/index.php\\\/2021\\\/01\\\/15\\\/alejandro-lorenzo-voceiro-do-pp-de-porrino\\\/#breadcrumb\",\"itemListElement\":[{\"@type\":\"ListItem\",\"position\":1,\"name\":\"Portada\",\"item\":\"https:\\\/\\\/www.anovapeneira.gal\\\/\"},{\"@type\":\"ListItem\",\"position\":2,\"name\":\"Alejandro Lorenzo, voceiro do PP de Porri\u00f1o\"}]},{\"@type\":\"WebSite\",\"@id\":\"https:\\\/\\\/www.anovapeneira.gal\\\/#website\",\"url\":\"https:\\\/\\\/www.anovapeneira.gal\\\/\",\"name\":\"\",\"description\":\"Xornal galego de informaci\u00f3n xeral Publicaci\u00f3n mensual de novas de Galicia e en especial dos Concellos da sur da provincia de Pontevedra.\",\"publisher\":{\"@id\":\"https:\\\/\\\/www.anovapeneira.gal\\\/#organization\"},\"potentialAction\":[{\"@type\":\"SearchAction\",\"target\":{\"@type\":\"EntryPoint\",\"urlTemplate\":\"https:\\\/\\\/www.anovapeneira.gal\\\/?s={search_term_string}\"},\"query-input\":{\"@type\":\"PropertyValueSpecification\",\"valueRequired\":true,\"valueName\":\"search_term_string\"}}],\"inLanguage\":\"gl-ES\"},{\"@type\":\"Organization\",\"@id\":\"https:\\\/\\\/www.anovapeneira.gal\\\/#organization\",\"name\":\"A Nova Peneira\",\"url\":\"https:\\\/\\\/www.anovapeneira.gal\\\/\",\"logo\":{\"@type\":\"ImageObject\",\"inLanguage\":\"gl-ES\",\"@id\":\"https:\\\/\\\/www.anovapeneira.gal\\\/#\\\/schema\\\/logo\\\/image\\\/\",\"url\":\"http:\\\/\\\/www.anovapeneira.gal\\\/wp-content\\\/uploads\\\/2019\\\/06\\\/logo_a_nova_peneira_portal_web.png\",\"contentUrl\":\"http:\\\/\\\/www.anovapeneira.gal\\\/wp-content\\\/uploads\\\/2019\\\/06\\\/logo_a_nova_peneira_portal_web.png\",\"width\":300,\"height\":100,\"caption\":\"A Nova Peneira\"},\"image\":{\"@id\":\"https:\\\/\\\/www.anovapeneira.gal\\\/#\\\/schema\\\/logo\\\/image\\\/\"},\"sameAs\":[\"https:\\\/\\\/www.facebook.com\\\/anovapeneira\",\"https:\\\/\\\/x.com\\\/APeneira\"]},{\"@type\":\"Person\",\"@id\":\"https:\\\/\\\/www.anovapeneira.gal\\\/#\\\/schema\\\/person\\\/424dfe65e3070fd8a44d22d2c088762a\",\"name\":\"Tino Lago\",\"image\":{\"@type\":\"ImageObject\",\"inLanguage\":\"gl-ES\",\"@id\":\"https:\\\/\\\/secure.gravatar.com\\\/avatar\\\/b3df6a06e44bab3111583b90f0f33a0379ee5e3d22cbadd232d39f21c30c62be?s=96&d=mm&r=g\",\"url\":\"https:\\\/\\\/secure.gravatar.com\\\/avatar\\\/b3df6a06e44bab3111583b90f0f33a0379ee5e3d22cbadd232d39f21c30c62be?s=96&d=mm&r=g\",\"contentUrl\":\"https:\\\/\\\/secure.gravatar.com\\\/avatar\\\/b3df6a06e44bab3111583b90f0f33a0379ee5e3d22cbadd232d39f21c30c62be?s=96&d=mm&r=g\",\"caption\":\"Tino Lago\"},\"sameAs\":[\"http:\\\/\\\/www.anovapeneira.gal\"],\"url\":\"https:\\\/\\\/www.anovapeneira.gal\\\/index.php\\\/author\\\/director\\\/\"}]}<\/script>\n<!-- \/ Yoast SEO plugin. -->","yoast_head_json":{"title":"Alejandro Lorenzo, voceiro do PP de Porri\u00f1o -","description":"Alejandro \u00e9 o voceiro do PP de O Porri\u00f1o, l\u00edder da forza m\u00e1is votada nas municipais e xefe da oposici\u00f3n. El \u00e9 un home de Chenlo que na actualidade desempe\u00f1a tam\u00e9n as funci\u00f3ns de deputado provincial. Como \u00e9 habitual nel, non tanto en outras compa\u00f1eiras e compa\u00f1eiros seus de partido en concellos veci\u00f1os, Alejandro atendeunos con moita amabilidade. Vela\u00ed vai o que deu de si a nosa conversa","robots":{"index":"index","follow":"follow","max-snippet":"max-snippet:-1","max-image-preview":"max-image-preview:large","max-video-preview":"max-video-preview:-1"},"canonical":"https:\/\/www.anovapeneira.gal\/index.php\/2021\/01\/15\/alejandro-lorenzo-voceiro-do-pp-de-porrino\/","og_locale":"gl_ES","og_type":"article","og_title":"Alejandro Lorenzo, voceiro do PP de Porri\u00f1o -","og_description":"Alejandro \u00e9 o voceiro do PP de O Porri\u00f1o, l\u00edder da forza m\u00e1is votada nas municipais e xefe da oposici\u00f3n. El \u00e9 un home de Chenlo que na actualidade desempe\u00f1a tam\u00e9n as funci\u00f3ns de deputado provincial. Como \u00e9 habitual nel, non tanto en outras compa\u00f1eiras e compa\u00f1eiros seus de partido en concellos veci\u00f1os, Alejandro atendeunos con moita amabilidade. Vela\u00ed vai o que deu de si a nosa conversa","og_url":"https:\/\/www.anovapeneira.gal\/index.php\/2021\/01\/15\/alejandro-lorenzo-voceiro-do-pp-de-porrino\/","article_publisher":"https:\/\/www.facebook.com\/anovapeneira","article_published_time":"2021-01-15T11:00:17+00:00","article_modified_time":"2021-01-15T12:39:35+00:00","og_image":[{"width":720,"height":432,"url":"https:\/\/www.anovapeneira.gal\/wp-content\/uploads\/2021\/01\/alejandro_lorenzo_voceiro_pp.jpg","type":"image\/jpeg"}],"author":"Tino Lago","twitter_card":"summary_large_image","twitter_creator":"@APeneira","twitter_site":"@APeneira","twitter_misc":{"Escrito por":"Tino Lago","Tempo de lectura":"11 minutos"},"schema":{"@context":"https:\/\/schema.org","@graph":[{"@type":"Article","@id":"https:\/\/www.anovapeneira.gal\/index.php\/2021\/01\/15\/alejandro-lorenzo-voceiro-do-pp-de-porrino\/#article","isPartOf":{"@id":"https:\/\/www.anovapeneira.gal\/index.php\/2021\/01\/15\/alejandro-lorenzo-voceiro-do-pp-de-porrino\/"},"author":{"name":"Tino Lago","@id":"https:\/\/www.anovapeneira.gal\/#\/schema\/person\/424dfe65e3070fd8a44d22d2c088762a"},"headline":"Alejandro Lorenzo, voceiro do PP de Porri\u00f1o","datePublished":"2021-01-15T11:00:17+00:00","dateModified":"2021-01-15T12:39:35+00:00","mainEntityOfPage":{"@id":"https:\/\/www.anovapeneira.gal\/index.php\/2021\/01\/15\/alejandro-lorenzo-voceiro-do-pp-de-porrino\/"},"wordCount":2181,"commentCount":0,"publisher":{"@id":"https:\/\/www.anovapeneira.gal\/#organization"},"image":{"@id":"https:\/\/www.anovapeneira.gal\/index.php\/2021\/01\/15\/alejandro-lorenzo-voceiro-do-pp-de-porrino\/#primaryimage"},"thumbnailUrl":"https:\/\/www.anovapeneira.gal\/wp-content\/uploads\/2021\/01\/alejandro_lorenzo_voceiro_pp.jpg","keywords":["Concello O Porri\u00f1o"],"articleSection":["A Louri\u00f1a"],"inLanguage":"gl-ES","potentialAction":[{"@type":"CommentAction","name":"Comment","target":["https:\/\/www.anovapeneira.gal\/index.php\/2021\/01\/15\/alejandro-lorenzo-voceiro-do-pp-de-porrino\/#respond"]}]},{"@type":"WebPage","@id":"https:\/\/www.anovapeneira.gal\/index.php\/2021\/01\/15\/alejandro-lorenzo-voceiro-do-pp-de-porrino\/","url":"https:\/\/www.anovapeneira.gal\/index.php\/2021\/01\/15\/alejandro-lorenzo-voceiro-do-pp-de-porrino\/","name":"Alejandro Lorenzo, voceiro do PP de Porri\u00f1o -","isPartOf":{"@id":"https:\/\/www.anovapeneira.gal\/#website"},"primaryImageOfPage":{"@id":"https:\/\/www.anovapeneira.gal\/index.php\/2021\/01\/15\/alejandro-lorenzo-voceiro-do-pp-de-porrino\/#primaryimage"},"image":{"@id":"https:\/\/www.anovapeneira.gal\/index.php\/2021\/01\/15\/alejandro-lorenzo-voceiro-do-pp-de-porrino\/#primaryimage"},"thumbnailUrl":"https:\/\/www.anovapeneira.gal\/wp-content\/uploads\/2021\/01\/alejandro_lorenzo_voceiro_pp.jpg","datePublished":"2021-01-15T11:00:17+00:00","dateModified":"2021-01-15T12:39:35+00:00","description":"Alejandro \u00e9 o voceiro do PP de O Porri\u00f1o, l\u00edder da forza m\u00e1is votada nas municipais e xefe da oposici\u00f3n. El \u00e9 un home de Chenlo que na actualidade desempe\u00f1a tam\u00e9n as funci\u00f3ns de deputado provincial. Como \u00e9 habitual nel, non tanto en outras compa\u00f1eiras e compa\u00f1eiros seus de partido en concellos veci\u00f1os, Alejandro atendeunos con moita amabilidade. Vela\u00ed vai o que deu de si a nosa conversa","breadcrumb":{"@id":"https:\/\/www.anovapeneira.gal\/index.php\/2021\/01\/15\/alejandro-lorenzo-voceiro-do-pp-de-porrino\/#breadcrumb"},"inLanguage":"gl-ES","potentialAction":[{"@type":"ReadAction","target":["https:\/\/www.anovapeneira.gal\/index.php\/2021\/01\/15\/alejandro-lorenzo-voceiro-do-pp-de-porrino\/"]}]},{"@type":"ImageObject","inLanguage":"gl-ES","@id":"https:\/\/www.anovapeneira.gal\/index.php\/2021\/01\/15\/alejandro-lorenzo-voceiro-do-pp-de-porrino\/#primaryimage","url":"https:\/\/www.anovapeneira.gal\/wp-content\/uploads\/2021\/01\/alejandro_lorenzo_voceiro_pp.jpg","contentUrl":"https:\/\/www.anovapeneira.gal\/wp-content\/uploads\/2021\/01\/alejandro_lorenzo_voceiro_pp.jpg","width":720,"height":432,"caption":"Alejandro Lorenzo, voceiro do PP de Porri\u00f1o"},{"@type":"BreadcrumbList","@id":"https:\/\/www.anovapeneira.gal\/index.php\/2021\/01\/15\/alejandro-lorenzo-voceiro-do-pp-de-porrino\/#breadcrumb","itemListElement":[{"@type":"ListItem","position":1,"name":"Portada","item":"https:\/\/www.anovapeneira.gal\/"},{"@type":"ListItem","position":2,"name":"Alejandro Lorenzo, voceiro do PP de Porri\u00f1o"}]},{"@type":"WebSite","@id":"https:\/\/www.anovapeneira.gal\/#website","url":"https:\/\/www.anovapeneira.gal\/","name":"","description":"Xornal galego de informaci\u00f3n xeral Publicaci\u00f3n mensual de novas de Galicia e en especial dos Concellos da sur da provincia de Pontevedra.","publisher":{"@id":"https:\/\/www.anovapeneira.gal\/#organization"},"potentialAction":[{"@type":"SearchAction","target":{"@type":"EntryPoint","urlTemplate":"https:\/\/www.anovapeneira.gal\/?s={search_term_string}"},"query-input":{"@type":"PropertyValueSpecification","valueRequired":true,"valueName":"search_term_string"}}],"inLanguage":"gl-ES"},{"@type":"Organization","@id":"https:\/\/www.anovapeneira.gal\/#organization","name":"A Nova Peneira","url":"https:\/\/www.anovapeneira.gal\/","logo":{"@type":"ImageObject","inLanguage":"gl-ES","@id":"https:\/\/www.anovapeneira.gal\/#\/schema\/logo\/image\/","url":"http:\/\/www.anovapeneira.gal\/wp-content\/uploads\/2019\/06\/logo_a_nova_peneira_portal_web.png","contentUrl":"http:\/\/www.anovapeneira.gal\/wp-content\/uploads\/2019\/06\/logo_a_nova_peneira_portal_web.png","width":300,"height":100,"caption":"A Nova Peneira"},"image":{"@id":"https:\/\/www.anovapeneira.gal\/#\/schema\/logo\/image\/"},"sameAs":["https:\/\/www.facebook.com\/anovapeneira","https:\/\/x.com\/APeneira"]},{"@type":"Person","@id":"https:\/\/www.anovapeneira.gal\/#\/schema\/person\/424dfe65e3070fd8a44d22d2c088762a","name":"Tino Lago","image":{"@type":"ImageObject","inLanguage":"gl-ES","@id":"https:\/\/secure.gravatar.com\/avatar\/b3df6a06e44bab3111583b90f0f33a0379ee5e3d22cbadd232d39f21c30c62be?s=96&d=mm&r=g","url":"https:\/\/secure.gravatar.com\/avatar\/b3df6a06e44bab3111583b90f0f33a0379ee5e3d22cbadd232d39f21c30c62be?s=96&d=mm&r=g","contentUrl":"https:\/\/secure.gravatar.com\/avatar\/b3df6a06e44bab3111583b90f0f33a0379ee5e3d22cbadd232d39f21c30c62be?s=96&d=mm&r=g","caption":"Tino Lago"},"sameAs":["http:\/\/www.anovapeneira.gal"],"url":"https:\/\/www.anovapeneira.gal\/index.php\/author\/director\/"}]}},"jetpack_featured_media_url":"https:\/\/www.anovapeneira.gal\/wp-content\/uploads\/2021\/01\/alejandro_lorenzo_voceiro_pp.jpg","_links":{"self":[{"href":"https:\/\/www.anovapeneira.gal\/index.php\/wp-json\/wp\/v2\/posts\/4665","targetHints":{"allow":["GET"]}}],"collection":[{"href":"https:\/\/www.anovapeneira.gal\/index.php\/wp-json\/wp\/v2\/posts"}],"about":[{"href":"https:\/\/www.anovapeneira.gal\/index.php\/wp-json\/wp\/v2\/types\/post"}],"author":[{"embeddable":true,"href":"https:\/\/www.anovapeneira.gal\/index.php\/wp-json\/wp\/v2\/users\/2"}],"replies":[{"embeddable":true,"href":"https:\/\/www.anovapeneira.gal\/index.php\/wp-json\/wp\/v2\/comments?post=4665"}],"version-history":[{"count":1,"href":"https:\/\/www.anovapeneira.gal\/index.php\/wp-json\/wp\/v2\/posts\/4665\/revisions"}],"predecessor-version":[{"id":4667,"href":"https:\/\/www.anovapeneira.gal\/index.php\/wp-json\/wp\/v2\/posts\/4665\/revisions\/4667"}],"wp:featuredmedia":[{"embeddable":true,"href":"https:\/\/www.anovapeneira.gal\/index.php\/wp-json\/wp\/v2\/media\/4666"}],"wp:attachment":[{"href":"https:\/\/www.anovapeneira.gal\/index.php\/wp-json\/wp\/v2\/media?parent=4665"}],"wp:term":[{"taxonomy":"category","embeddable":true,"href":"https:\/\/www.anovapeneira.gal\/index.php\/wp-json\/wp\/v2\/categories?post=4665"},{"taxonomy":"post_tag","embeddable":true,"href":"https:\/\/www.anovapeneira.gal\/index.php\/wp-json\/wp\/v2\/tags?post=4665"}],"curies":[{"name":"wp","href":"https:\/\/api.w.org\/{rel}","templated":true}]}}