{"id":4670,"date":"2021-01-18T10:00:13","date_gmt":"2021-01-18T09:00:13","guid":{"rendered":"http:\/\/www.anovapeneira.gal\/?p=4670"},"modified":"2021-01-18T13:39:47","modified_gmt":"2021-01-18T12:39:47","slug":"d-manuel-puente-gonzalez","status":"publish","type":"post","link":"https:\/\/www.anovapeneira.gal\/index.php\/2021\/01\/18\/d-manuel-puente-gonzalez\/","title":{"rendered":"D. Manuel Puente Gonz\u00e1lez"},"content":{"rendered":"\n<p><strong>UN MONUMENTO, UNHA R\u00daA OU AMBOS.<\/strong><\/p>\n\n\n\n<figure class=\"wp-block-image size-large is-resized is-style-default\"><img loading=\"lazy\" decoding=\"async\" src=\"http:\/\/www.anovapeneira.gal\/wp-content\/uploads\/2020\/10\/anton_lorenzo_gonzalez_xaque.jpg\" alt=\"Ant\u00f3n Lorenzo Gonz\u00e1lez Saque\" class=\"wp-image-4073\" width=\"95\" height=\"115\"\/><figcaption><strong>Ant\u00f3n Lorenzo Gonz\u00e1lez \u201cXaque\u201d<\/strong><\/figcaption><\/figure>\n\n\n\n<p>Acertada reportaxe de Ju\u00e1n \u00d3scar Otero Lago na Nova Peneira de decembro 2.020 sobre Alfonso Daniel Rodr\u00edguez Castelao, con motivo do 70 aniversario do s\u00e9u falecemento en Bos Aires. Anim\u00f3ume a escribir sobre un persoeiro, MANUEL PUENTE GONZ\u00c1LEZ, que aparece na mesma.<\/p>\n\n\n\n<p><strong>ESTAD\u00cdA EN EUROPA:<\/strong><\/p>\n\n\n\n<p>Este home, tremendamente desco\u00f1ecido entre os veci\u00f1os do concello, naceu no lugar de Monte, parroquia de Oleiros, Salvaterra de Mi\u00f1o, o 16 de agosto de 1890 no seo dunha familia pobre. <sup>1<\/sup><\/p>\n\n\n\n<p>Aos 15 anos, (outra fonte fala de trece), emigra a Barcelona onde traballa de dependente nun comercio t\u00e9xtil. Regresa a Oleiros, e pronto, emigra a Bos Aires en 1906. <sup>2<\/sup><\/p>\n\n\n\n<p>No 1911, cando ti\u00f1a 21 anos, probablemente, estivo de novo na s\u00faa terra xa que existe unha foto, datada e sinada en Oleiros o 6 de xullo dese ano, adicada o s\u00e9u amigo Lorenzo Lemos, concelleiro, fot\u00f3grafo e mestre da Fundaci\u00f3n Gonz\u00e1lez Gonz\u00e1lez, escola de nenas e nenos nesa ferigres\u00eda.<sup>3<\/sup><\/p>\n\n\n\n<p>O 30 de abril de 1927, act\u00faan como padri\u00f1os por poderes, el e a s\u00faa dona italiana Cesira Foglia, no casamento de seu irm\u00e1n Rafael Puente Gonz\u00e1lez, solteiro, de vintecinco anos, fillo natural de Rosa Puente Gonz\u00e1lez do lugar de Monte coa s\u00faa prima Mar\u00eda Moure Gonz\u00e1lez, solteira, de vintecinco anos, filla de Pedro Moure Puente e Josefa Gonz\u00e1lez Puente do lugar de Zacoteiras. <sup>4<\/sup><\/p>\n\n\n\n<p>O 29 de xu\u00f1o de 1928 regresa a Galiza, chega ao porto de Vigo no trasatl\u00e1ntico \u201cAntonio Delfino\u201d acompa\u00f1ado da s\u00faa dona Cesira Foglia, entre outros acudiron a recibilo, Manuel Mari\u00f1o M\u00e9ndez, Camilo Rodr\u00edguez, Constante Alonso, Ju\u00e1n Rivas Molino e Manuel P\u00e9rez Troncoso.<sup>5<\/sup><\/p>\n\n\n\n<p>Conta a tradici\u00f3n oral popular, por boca de Jos\u00e9 Lemos do lugar do Couto, que Manuel Puente chega a Oleiros e pretende pasar unha noite na s\u00faa casa natal, que mandara acondicionar para o caso, para que s\u00faa dona soubera como se viv\u00eda al\u00ed. Disque a dama, acostumada aos luxos da s\u00faa posici\u00f3n social, horrorizada negouse en redondo e saiu pitando no luxoso auto para un hotel da vila. <sup>6<\/sup><\/p>\n\n\n\n<p>O domingo, 15 de xullo de 1928, inaugura no lugar da Forca, o magn\u00edfico edificio da Casa do Pobo. Est\u00e1 acompa\u00f1ado polo pobo de Salvaterra e persoeiros como Manuel Mari\u00f1o M\u00e9ndez, Eugenio Arbones Castellanzuelo, Ubaldo Gil Sant\u00f3stegui, E. Eraclio Botana P\u00e9rez, as\u00ed como dirixentes doutros sindicatos da comarca, etc. Este edificio, popularmente co\u00f1ecido como Casa Sindical, foi construido \u00edntegramente c\u00f3s fondos aportados polos integrantes da Sociedade Uni\u00f3n Progresista do Distrito de Salvaterra de Mi\u00f1o en Bos Aires. Tivo un custe que excedeu d\u00e1s 70.000 ptas. da \u00e9poca. <sup>7<\/sup><\/p>\n\n\n\n<p>Antes de realizar o seu periplo por Espa\u00f1a e diversas cidades europeas, no que se demorou 18 meses, pod\u00e9molo ver nunha foto disfrutando, con unha cunca na man, da festa da Luz na parroquia de Meder. <sup>8<\/sup><\/p>\n\n\n\n<p>Voltou de novo a Oleiros no mes de setembro de 1929, ser\u00e1 a derradeira vez. Acompa\u00f1abao a s\u00faa esposa Cesira Foglia e, agora tam\u00e9n, a s\u00faa sogra Dna. Alberta. Antes de partir definitivamente, facilitou os medios econ\u00f3micos para restaurar a abandonada fonte do lugar onde naceu, Monte, e dotala dun lavadoiro co s\u00e9u correspondente cobertizo. Lavadoiro hoxe desprazado o lugar de Eido Vello, onde pode verse un monolito con unha modesta placa na s\u00faa honra. <sup>9<\/sup><\/p>\n\n\n\n<p><strong>ESTAD\u00cdA EN BOS AIRES:<\/strong><\/p>\n\n\n\n<p>Chegou a cidade bonaerense a bordo do buque Oropesa o 30 de xaneiro de 1906. Primeiro traballou nunha empresa de curtumes, amparado por seu t\u00edo Casimiro Puente Gonz\u00e1lez. En 1907, seg\u00fan s\u00faa filla Rosa Puente Foglia, chega a Bos Aires s\u00faa nai Rosa Puente Gonz\u00e1lez. Inst\u00e1lanse nunha modesta casa de Avellaneda e ad\u00edcase a viaxante de comercio.<\/p>\n\n\n\n<p>M\u00e1is tarde pasou a traballar nunha empresa israelita de importaci\u00f3n de alfaias e reloxos onde aprende o oficio de xoieiro. Despois dalg\u00fans anos, estebl\u00e9cese por conta s\u00faa. En 1919 funda a xoier\u00eda Puente y C\u00eda., con filiales na Franza e Alema\u00f1a.<sup>10<\/sup><\/p>\n\n\n\n<p>O 14 de agosto de 1921, fundou canda un grupo de amigos, a Sociedade Uni\u00f3n Progresista do Distrito de Salvaterra de Mi\u00f1o en Bos Aires<\/p>\n\n\n\n<p>sendo o primeiro presidente e principal impulsor durante moitos anos.<sup>11<\/sup><\/p>\n\n\n\n<p>En Bos Aires logra ampliar a vida comercial a outros ramos at\u00e9 acadar unha posici\u00f3n relevante na vida financieira. Foi, dende a s\u00faa fundaci\u00f3n, tesoureiro da Uni\u00f3n de Maioristas de Reloxer\u00eda e Alfaiater\u00eda. Foi asemade, tesoureiro da C\u00e1mara Sindical de Comercio de Bos Aires. No 1932, foi o redactor dun proxecto sobre \u201cContas Documentadas\u201d, que se aprobou no Congreso de empresas comerciais, industriais e bancarias.<\/p>\n\n\n\n<p>Fundador e membro do directorio da Sociedade An\u00f3nima Industria S\u00e9rica Arxentina, primeira f\u00e1brica de tecidos en seda natural, con establecimento fabril na Plata. Desempe\u00f1ou este cargo durante cinco anos e abandonouno a ra\u00edz dunha viaxe de negocios por Europa, prolongado 18 meses.<\/p>\n\n\n\n<p>Foi directivo da Federaci\u00f3n de Sociedades Galegas, na Irmandade Galeguista da Arxentina. Foi presidente da C\u00e1mara de Comerciantes Republicanos Espa\u00f1ois, loitando denodadamente durante a Guerra Civil pola causa leal a Rep\u00fablica Espa\u00f1ola. Foi activo socio e Presidente do Centro Galego. <sup>12<\/sup><\/p>\n\n\n\n<p>O final da guerra civil, grazas as xesti\u00f3ns feitas diante do goberno arxentino, logrou socorrer e rescatar a Manuel Mari\u00f1o M\u00e9ndez, \u00faltimo alcalde republicano de Salvaterra de Mi\u00f1o, preso nun campo de concentraci\u00f3n na Franza. <sup>13<\/sup><\/p>\n\n\n\n<p>Foi membro da Comisi\u00f3n de Facenda do Consello da Galiza, organismo fundado na s\u00faa casa o 14 de novembro de 1944, lugar de encontro da c\u00fapula galeguista, ratificado en Montevideo. En 1945 presentouse p\u00fablicamente na Casa de Galicia e o 28 de xu\u00f1o no Ateneo de Montevideo, en conmemoraci\u00f3n do plebiscito do Estatuto de Autonom\u00eda.<sup>14<\/sup><\/p>\n\n\n\n<div class=\"wp-block-columns is-layout-flex wp-container-core-columns-is-layout-9d6595d7 wp-block-columns-is-layout-flex\">\n<div class=\"wp-block-column is-layout-flow wp-block-column-is-layout-flow\">\n<figure class=\"wp-block-image size-large\"><img loading=\"lazy\" decoding=\"async\" width=\"250\" height=\"330\" src=\"http:\/\/www.anovapeneira.gal\/wp-content\/uploads\/2021\/01\/manuel_puente.jpg\" alt=\"\" class=\"wp-image-4673\" srcset=\"https:\/\/www.anovapeneira.gal\/wp-content\/uploads\/2021\/01\/manuel_puente.jpg 250w, https:\/\/www.anovapeneira.gal\/wp-content\/uploads\/2021\/01\/manuel_puente-227x300.jpg 227w\" sizes=\"auto, (max-width: 250px) 100vw, 250px\" \/><\/figure>\n<\/div>\n\n\n\n<div class=\"wp-block-column is-layout-flow wp-block-column-is-layout-flow\">\n<p>Os s\u00e9us cartos sempre estaban o dispor para cantas obras se fixeran da cultura galega, chegando mesmo a tal obxecto a organizar un Padroado. No 1950 prestou axuda para a primeira edici\u00f3n do libro \u201cAs cruces de pedra na Galiza\u201d de A. D. R. Castelao.Tam\u00e9n de Castelao financiou no 1961, a segunda edici\u00f3n do \u201cSempre en Galiza\u201d, libro chamado Biblia do Galeguismo.Costeou no 1962, os dous primeiros tomos da voluminosa obra \u201cHistoria de Galiza\u201d, dirixida por Otero Pedrayo. <sup>15<\/sup><\/p>\n<\/div>\n<\/div>\n\n\n\n<p>O 25 de xullo de 1950, f\u00edxose socio da Edit. Galaxia, ti\u00f1a as acci\u00f3ns 380 &#8211; 389, contribuindo directa e indirectamente a s\u00faa fundaci\u00f3n.<sup>16<\/sup><\/p>\n\n\n\n<p>Foi socio de honra dos Centros galegos de Ourense e de Pontevedra. En 1956 foi o Presidente da comisi\u00f3n organizadora do Primeiro Congreso da Emigraci\u00f3n Galega a car\u00f3n do Secretario e m\u00e1ximo impulsor do acto, Ant\u00f3n Alonso R\u00edos. Tratou este Congreso presidido por Jes\u00fas Canabal, empresario galego radicado en Montevideo, de darlle unha visi\u00f3n global da Galiza e dos s\u00e9us emigrantes, e una afirmaci\u00f3n da identidade hist\u00f3rica da nosa Terra a trav\u00e9s das comunidades galegas na di\u00e1spora.<\/p>\n\n\n\n<p>Manuel Puente e Jes\u00fas Canabal, emprenderon conxuntamente diversas tareas a prol da causa galeguista, como a do sostemento de Castelao durante s\u00faa estad\u00eda na Am\u00e9rica. \u00c1mbolos dous foron os baluartes do mecenazgo galeguista.<\/p>\n\n\n\n<p>O Consello da Galiza trataba, fundamentalmente, de manter viva a representavidade eleitoral lex\u00edtima dos deputados no exilio e, o mesmo tempo, traballar nas instituci\u00f3ns da Rep\u00fablica para consolidar o proceso auton\u00f3mico iniciado. Trala morte de Castelao, foi dif\u00edcil manter a unidade, vi\u00f1eron as desavenencias e en 1960, Puente abandonou.<sup>17<\/sup><\/p>\n\n\n\n<p>En 1968, auspiciou e organizou os Xogos Froraes do Idioma Galego, celebrados o 31 de agosto dese ano en Bos Aires. Al\u00e9n da defensa do idioma galego e do asunto literario, foron uns Xogos reivindicativos da defensa da identidade galega. Acompa\u00f1\u00e1rono nesta tarefa Antonio Alonso R\u00edos, como Mantedor X. Lois M\u00e9ndez Ferr\u00edn e destacaron poetas como Celso Emilio Ferreiro, Xos\u00e9 Sesto L\u00f3pez, Manuel Mar\u00eda Fdez. Teixeiro, etc.<\/p>\n\n\n\n<p>Rematou o acto coa intervenci\u00f3n maxistral de Jorge Lu\u00eds Borges. <sup>18<\/sup><\/p>\n\n\n\n<p>Menos de dous anos despois, o 24 de marzo de 1970, unha doenza acabou en Bos Aires coa vida dun galego BO E XENEROSO.<\/p>\n\n\n\n<p>Rosa Puente Foglia, s\u00faa filla, dirixe dende ent\u00f3n a fundaci\u00f3n que leva s\u00e9u nome, tentando recuperar a memoria e a tarefa do s\u00e9u pai.<sup>19<\/sup><\/p>\n\n\n\n<p>Remato apuntando a mi\u00f1a preocupaci\u00f3n polos fondos documentais que conserva esa fundaci\u00f3n, dada a avanzada idade da depositaria, que carece de descendentes que poidan continuar a laboura.<\/p>\n\n\n\n<p>FONTES:<\/p>\n\n\n\n<p>1.- LIBRO DE BAUTIZADOS DA PARROQUIA DE OLEIROS.<\/p>\n\n\n\n<p>2, 14, 17, 19.- La Emigraci\u00f3n Gallega al R\u00edo de la Plata, Cristi\u00f1a Samuelle Lamela.<\/p>\n\n\n\n<p>3, 6, 13 .- Arquivo propio do autor.<\/p>\n\n\n\n<p>4.- Libro de matrimonios da parroquia de Oleiros.<\/p>\n\n\n\n<p>5.- Xornal El Pueblo Gallego, 29-06-1928, P\u00e1x. 2<\/p>\n\n\n\n<p>7.- Xornal El Tea, 23\/07\/1928, P\u00c1X. 2 -3.<\/p>\n\n\n\n<p>8.- Rev. 25 Aniv. Soc. U. P. del Distrito de Salvatierra, p\u00e1g. 5, 1946<\/p>\n\n\n\n<p>9.-Xornal El Eco del Condado, n\u00ba 119 e 120, p\u00e1x. 2.<\/p>\n\n\n\n<p>10.-Lois P\u00e9rez Leira. Galegos na Arxentina.<\/p>\n\n\n\n<p>11.- Revista Memoria y Balance Sociedad Uni\u00f3n Progresista, 1925 \u2013 1927.<\/p>\n\n\n\n<p>12, 15.- LOS GALLEGOS EN LA ARGENTINA, ALBERTO VILANOVA RODR\u00cdGUEZ, TOMO II.<\/p>\n\n\n\n<p>1 6.- Madygal, Revista de Estudios Gallegos.<\/p>\n\n\n\n<p>18.- XOGOS FRORAES DO IDIOMA GALEGO, EDIT. NOS, BOS AIRES 1969.<\/p>\n","protected":false},"excerpt":{"rendered":"<div class=\"mh-excerpt\"><p>Acertada reportaxe de Ju\u00e1n \u00d3scar Otero Lago na Nova Peneira de decembro 2.020 sobre Alfonso Daniel Rodr\u00edguez Castelao, con motivo do 70 aniversario do s\u00e9u falecemento en Bos Aires. Anim\u00f3ume a escribir sobre un persoeiro, MANUEL PUENTE GONZ\u00c1LEZ, que aparece na mesma. <a class=\"mh-excerpt-more\" href=\"https:\/\/www.anovapeneira.gal\/index.php\/2021\/01\/18\/d-manuel-puente-gonzalez\/\" title=\"D. Manuel Puente Gonz\u00e1lez\">[&#8230;]<\/a><\/p>\n<\/div>","protected":false},"author":34,"featured_media":4671,"comment_status":"open","ping_status":"open","sticky":false,"template":"","format":"standard","meta":{"_exactmetrics_skip_tracking":false,"_exactmetrics_sitenote_active":false,"_exactmetrics_sitenote_note":"","_exactmetrics_sitenote_category":0,"footnotes":""},"categories":[7],"tags":[],"class_list":{"0":"post-4670","1":"post","2":"type-post","3":"status-publish","4":"format-standard","5":"has-post-thumbnail","7":"category-artigos-de-opinion"},"yoast_head":"<!-- This site is optimized with the Yoast SEO plugin v27.5 - https:\/\/yoast.com\/product\/yoast-seo-wordpress\/ -->\n<title>D. Manuel Puente Gonz\u00e1lez -<\/title>\n<meta name=\"description\" content=\"Acertada reportaxe de Ju\u00e1n \u00d3scar Otero Lago na Nova Peneira de decembro 2.020 sobre Alfonso Daniel Rodr\u00edguez Castelao, con motivo do 70 aniversario do s\u00e9u falecemento en Bos Aires. Anim\u00f3ume a escribir sobre un persoeiro, MANUEL PUENTE GONZ\u00c1LEZ, que aparece na mesma.\" \/>\n<meta name=\"robots\" content=\"index, follow, max-snippet:-1, max-image-preview:large, max-video-preview:-1\" \/>\n<link rel=\"canonical\" href=\"https:\/\/www.anovapeneira.gal\/index.php\/2021\/01\/18\/d-manuel-puente-gonzalez\/\" \/>\n<meta property=\"og:locale\" content=\"gl_ES\" \/>\n<meta property=\"og:type\" content=\"article\" \/>\n<meta property=\"og:title\" content=\"D. Manuel Puente Gonz\u00e1lez -\" \/>\n<meta property=\"og:description\" content=\"Acertada reportaxe de Ju\u00e1n \u00d3scar Otero Lago na Nova Peneira de decembro 2.020 sobre Alfonso Daniel Rodr\u00edguez Castelao, con motivo do 70 aniversario do s\u00e9u falecemento en Bos Aires. Anim\u00f3ume a escribir sobre un persoeiro, MANUEL PUENTE GONZ\u00c1LEZ, que aparece na mesma.\" \/>\n<meta property=\"og:url\" content=\"https:\/\/www.anovapeneira.gal\/index.php\/2021\/01\/18\/d-manuel-puente-gonzalez\/\" \/>\n<meta property=\"article:publisher\" content=\"https:\/\/www.facebook.com\/anovapeneira\" \/>\n<meta property=\"article:published_time\" content=\"2021-01-18T09:00:13+00:00\" \/>\n<meta property=\"article:modified_time\" content=\"2021-01-18T12:39:47+00:00\" \/>\n<meta property=\"og:image\" content=\"https:\/\/www.anovapeneira.gal\/wp-content\/uploads\/2021\/01\/puente_castelao.jpg\" \/>\n\t<meta property=\"og:image:width\" content=\"720\" \/>\n\t<meta property=\"og:image:height\" content=\"432\" \/>\n\t<meta property=\"og:image:type\" content=\"image\/jpeg\" \/>\n<meta name=\"author\" content=\"Ant\u00f3n Lorenzo Gonz\u00e1lez\" \/>\n<meta name=\"twitter:card\" content=\"summary_large_image\" \/>\n<meta name=\"twitter:creator\" content=\"@APeneira\" \/>\n<meta name=\"twitter:site\" content=\"@APeneira\" \/>\n<meta name=\"twitter:label1\" content=\"Escrito por\" \/>\n\t<meta name=\"twitter:data1\" content=\"Ant\u00f3n Lorenzo Gonz\u00e1lez\" \/>\n\t<meta name=\"twitter:label2\" content=\"Tempo de lectura\" \/>\n\t<meta name=\"twitter:data2\" content=\"8 minutos\" \/>\n<script type=\"application\/ld+json\" class=\"yoast-schema-graph\">{\"@context\":\"https:\\\/\\\/schema.org\",\"@graph\":[{\"@type\":\"Article\",\"@id\":\"https:\\\/\\\/www.anovapeneira.gal\\\/index.php\\\/2021\\\/01\\\/18\\\/d-manuel-puente-gonzalez\\\/#article\",\"isPartOf\":{\"@id\":\"https:\\\/\\\/www.anovapeneira.gal\\\/index.php\\\/2021\\\/01\\\/18\\\/d-manuel-puente-gonzalez\\\/\"},\"author\":{\"name\":\"Ant\u00f3n Lorenzo Gonz\u00e1lez\",\"@id\":\"https:\\\/\\\/www.anovapeneira.gal\\\/#\\\/schema\\\/person\\\/1bf91cd240796d05b6522e3d8a6e2d8e\"},\"headline\":\"D. Manuel Puente Gonz\u00e1lez\",\"datePublished\":\"2021-01-18T09:00:13+00:00\",\"dateModified\":\"2021-01-18T12:39:47+00:00\",\"mainEntityOfPage\":{\"@id\":\"https:\\\/\\\/www.anovapeneira.gal\\\/index.php\\\/2021\\\/01\\\/18\\\/d-manuel-puente-gonzalez\\\/\"},\"wordCount\":1565,\"commentCount\":0,\"publisher\":{\"@id\":\"https:\\\/\\\/www.anovapeneira.gal\\\/#organization\"},\"image\":{\"@id\":\"https:\\\/\\\/www.anovapeneira.gal\\\/index.php\\\/2021\\\/01\\\/18\\\/d-manuel-puente-gonzalez\\\/#primaryimage\"},\"thumbnailUrl\":\"https:\\\/\\\/www.anovapeneira.gal\\\/wp-content\\\/uploads\\\/2021\\\/01\\\/puente_castelao.jpg\",\"articleSection\":[\"Artigos de opini\u00f3n\"],\"inLanguage\":\"gl-ES\",\"potentialAction\":[{\"@type\":\"CommentAction\",\"name\":\"Comment\",\"target\":[\"https:\\\/\\\/www.anovapeneira.gal\\\/index.php\\\/2021\\\/01\\\/18\\\/d-manuel-puente-gonzalez\\\/#respond\"]}]},{\"@type\":\"WebPage\",\"@id\":\"https:\\\/\\\/www.anovapeneira.gal\\\/index.php\\\/2021\\\/01\\\/18\\\/d-manuel-puente-gonzalez\\\/\",\"url\":\"https:\\\/\\\/www.anovapeneira.gal\\\/index.php\\\/2021\\\/01\\\/18\\\/d-manuel-puente-gonzalez\\\/\",\"name\":\"D. Manuel Puente Gonz\u00e1lez -\",\"isPartOf\":{\"@id\":\"https:\\\/\\\/www.anovapeneira.gal\\\/#website\"},\"primaryImageOfPage\":{\"@id\":\"https:\\\/\\\/www.anovapeneira.gal\\\/index.php\\\/2021\\\/01\\\/18\\\/d-manuel-puente-gonzalez\\\/#primaryimage\"},\"image\":{\"@id\":\"https:\\\/\\\/www.anovapeneira.gal\\\/index.php\\\/2021\\\/01\\\/18\\\/d-manuel-puente-gonzalez\\\/#primaryimage\"},\"thumbnailUrl\":\"https:\\\/\\\/www.anovapeneira.gal\\\/wp-content\\\/uploads\\\/2021\\\/01\\\/puente_castelao.jpg\",\"datePublished\":\"2021-01-18T09:00:13+00:00\",\"dateModified\":\"2021-01-18T12:39:47+00:00\",\"description\":\"Acertada reportaxe de Ju\u00e1n \u00d3scar Otero Lago na Nova Peneira de decembro 2.020 sobre Alfonso Daniel Rodr\u00edguez Castelao, con motivo do 70 aniversario do s\u00e9u falecemento en Bos Aires. Anim\u00f3ume a escribir sobre un persoeiro, MANUEL PUENTE GONZ\u00c1LEZ, que aparece na mesma.\",\"breadcrumb\":{\"@id\":\"https:\\\/\\\/www.anovapeneira.gal\\\/index.php\\\/2021\\\/01\\\/18\\\/d-manuel-puente-gonzalez\\\/#breadcrumb\"},\"inLanguage\":\"gl-ES\",\"potentialAction\":[{\"@type\":\"ReadAction\",\"target\":[\"https:\\\/\\\/www.anovapeneira.gal\\\/index.php\\\/2021\\\/01\\\/18\\\/d-manuel-puente-gonzalez\\\/\"]}]},{\"@type\":\"ImageObject\",\"inLanguage\":\"gl-ES\",\"@id\":\"https:\\\/\\\/www.anovapeneira.gal\\\/index.php\\\/2021\\\/01\\\/18\\\/d-manuel-puente-gonzalez\\\/#primaryimage\",\"url\":\"https:\\\/\\\/www.anovapeneira.gal\\\/wp-content\\\/uploads\\\/2021\\\/01\\\/puente_castelao.jpg\",\"contentUrl\":\"https:\\\/\\\/www.anovapeneira.gal\\\/wp-content\\\/uploads\\\/2021\\\/01\\\/puente_castelao.jpg\",\"width\":720,\"height\":432,\"caption\":\"D. Manuel Puente Gonz\u00e1lez\"},{\"@type\":\"BreadcrumbList\",\"@id\":\"https:\\\/\\\/www.anovapeneira.gal\\\/index.php\\\/2021\\\/01\\\/18\\\/d-manuel-puente-gonzalez\\\/#breadcrumb\",\"itemListElement\":[{\"@type\":\"ListItem\",\"position\":1,\"name\":\"Portada\",\"item\":\"https:\\\/\\\/www.anovapeneira.gal\\\/\"},{\"@type\":\"ListItem\",\"position\":2,\"name\":\"D. Manuel Puente Gonz\u00e1lez\"}]},{\"@type\":\"WebSite\",\"@id\":\"https:\\\/\\\/www.anovapeneira.gal\\\/#website\",\"url\":\"https:\\\/\\\/www.anovapeneira.gal\\\/\",\"name\":\"\",\"description\":\"Xornal galego de informaci\u00f3n xeral Publicaci\u00f3n mensual de novas de Galicia e en especial dos Concellos da sur da provincia de Pontevedra.\",\"publisher\":{\"@id\":\"https:\\\/\\\/www.anovapeneira.gal\\\/#organization\"},\"potentialAction\":[{\"@type\":\"SearchAction\",\"target\":{\"@type\":\"EntryPoint\",\"urlTemplate\":\"https:\\\/\\\/www.anovapeneira.gal\\\/?s={search_term_string}\"},\"query-input\":{\"@type\":\"PropertyValueSpecification\",\"valueRequired\":true,\"valueName\":\"search_term_string\"}}],\"inLanguage\":\"gl-ES\"},{\"@type\":\"Organization\",\"@id\":\"https:\\\/\\\/www.anovapeneira.gal\\\/#organization\",\"name\":\"A Nova Peneira\",\"url\":\"https:\\\/\\\/www.anovapeneira.gal\\\/\",\"logo\":{\"@type\":\"ImageObject\",\"inLanguage\":\"gl-ES\",\"@id\":\"https:\\\/\\\/www.anovapeneira.gal\\\/#\\\/schema\\\/logo\\\/image\\\/\",\"url\":\"http:\\\/\\\/www.anovapeneira.gal\\\/wp-content\\\/uploads\\\/2019\\\/06\\\/logo_a_nova_peneira_portal_web.png\",\"contentUrl\":\"http:\\\/\\\/www.anovapeneira.gal\\\/wp-content\\\/uploads\\\/2019\\\/06\\\/logo_a_nova_peneira_portal_web.png\",\"width\":300,\"height\":100,\"caption\":\"A Nova Peneira\"},\"image\":{\"@id\":\"https:\\\/\\\/www.anovapeneira.gal\\\/#\\\/schema\\\/logo\\\/image\\\/\"},\"sameAs\":[\"https:\\\/\\\/www.facebook.com\\\/anovapeneira\",\"https:\\\/\\\/x.com\\\/APeneira\"]},{\"@type\":\"Person\",\"@id\":\"https:\\\/\\\/www.anovapeneira.gal\\\/#\\\/schema\\\/person\\\/1bf91cd240796d05b6522e3d8a6e2d8e\",\"name\":\"Ant\u00f3n Lorenzo Gonz\u00e1lez\",\"image\":{\"@type\":\"ImageObject\",\"inLanguage\":\"gl-ES\",\"@id\":\"https:\\\/\\\/secure.gravatar.com\\\/avatar\\\/dcd882e8f4338e07610336943426400d525673506eb37ce59442ba704e5cc971?s=96&d=mm&r=g\",\"url\":\"https:\\\/\\\/secure.gravatar.com\\\/avatar\\\/dcd882e8f4338e07610336943426400d525673506eb37ce59442ba704e5cc971?s=96&d=mm&r=g\",\"contentUrl\":\"https:\\\/\\\/secure.gravatar.com\\\/avatar\\\/dcd882e8f4338e07610336943426400d525673506eb37ce59442ba704e5cc971?s=96&d=mm&r=g\",\"caption\":\"Ant\u00f3n Lorenzo Gonz\u00e1lez\"},\"url\":\"https:\\\/\\\/www.anovapeneira.gal\\\/index.php\\\/author\\\/xaque\\\/\"}]}<\/script>\n<!-- \/ Yoast SEO plugin. -->","yoast_head_json":{"title":"D. Manuel Puente Gonz\u00e1lez -","description":"Acertada reportaxe de Ju\u00e1n \u00d3scar Otero Lago na Nova Peneira de decembro 2.020 sobre Alfonso Daniel Rodr\u00edguez Castelao, con motivo do 70 aniversario do s\u00e9u falecemento en Bos Aires. Anim\u00f3ume a escribir sobre un persoeiro, MANUEL PUENTE GONZ\u00c1LEZ, que aparece na mesma.","robots":{"index":"index","follow":"follow","max-snippet":"max-snippet:-1","max-image-preview":"max-image-preview:large","max-video-preview":"max-video-preview:-1"},"canonical":"https:\/\/www.anovapeneira.gal\/index.php\/2021\/01\/18\/d-manuel-puente-gonzalez\/","og_locale":"gl_ES","og_type":"article","og_title":"D. Manuel Puente Gonz\u00e1lez -","og_description":"Acertada reportaxe de Ju\u00e1n \u00d3scar Otero Lago na Nova Peneira de decembro 2.020 sobre Alfonso Daniel Rodr\u00edguez Castelao, con motivo do 70 aniversario do s\u00e9u falecemento en Bos Aires. Anim\u00f3ume a escribir sobre un persoeiro, MANUEL PUENTE GONZ\u00c1LEZ, que aparece na mesma.","og_url":"https:\/\/www.anovapeneira.gal\/index.php\/2021\/01\/18\/d-manuel-puente-gonzalez\/","article_publisher":"https:\/\/www.facebook.com\/anovapeneira","article_published_time":"2021-01-18T09:00:13+00:00","article_modified_time":"2021-01-18T12:39:47+00:00","og_image":[{"width":720,"height":432,"url":"https:\/\/www.anovapeneira.gal\/wp-content\/uploads\/2021\/01\/puente_castelao.jpg","type":"image\/jpeg"}],"author":"Ant\u00f3n Lorenzo Gonz\u00e1lez","twitter_card":"summary_large_image","twitter_creator":"@APeneira","twitter_site":"@APeneira","twitter_misc":{"Escrito por":"Ant\u00f3n Lorenzo Gonz\u00e1lez","Tempo de lectura":"8 minutos"},"schema":{"@context":"https:\/\/schema.org","@graph":[{"@type":"Article","@id":"https:\/\/www.anovapeneira.gal\/index.php\/2021\/01\/18\/d-manuel-puente-gonzalez\/#article","isPartOf":{"@id":"https:\/\/www.anovapeneira.gal\/index.php\/2021\/01\/18\/d-manuel-puente-gonzalez\/"},"author":{"name":"Ant\u00f3n Lorenzo Gonz\u00e1lez","@id":"https:\/\/www.anovapeneira.gal\/#\/schema\/person\/1bf91cd240796d05b6522e3d8a6e2d8e"},"headline":"D. Manuel Puente Gonz\u00e1lez","datePublished":"2021-01-18T09:00:13+00:00","dateModified":"2021-01-18T12:39:47+00:00","mainEntityOfPage":{"@id":"https:\/\/www.anovapeneira.gal\/index.php\/2021\/01\/18\/d-manuel-puente-gonzalez\/"},"wordCount":1565,"commentCount":0,"publisher":{"@id":"https:\/\/www.anovapeneira.gal\/#organization"},"image":{"@id":"https:\/\/www.anovapeneira.gal\/index.php\/2021\/01\/18\/d-manuel-puente-gonzalez\/#primaryimage"},"thumbnailUrl":"https:\/\/www.anovapeneira.gal\/wp-content\/uploads\/2021\/01\/puente_castelao.jpg","articleSection":["Artigos de opini\u00f3n"],"inLanguage":"gl-ES","potentialAction":[{"@type":"CommentAction","name":"Comment","target":["https:\/\/www.anovapeneira.gal\/index.php\/2021\/01\/18\/d-manuel-puente-gonzalez\/#respond"]}]},{"@type":"WebPage","@id":"https:\/\/www.anovapeneira.gal\/index.php\/2021\/01\/18\/d-manuel-puente-gonzalez\/","url":"https:\/\/www.anovapeneira.gal\/index.php\/2021\/01\/18\/d-manuel-puente-gonzalez\/","name":"D. Manuel Puente Gonz\u00e1lez -","isPartOf":{"@id":"https:\/\/www.anovapeneira.gal\/#website"},"primaryImageOfPage":{"@id":"https:\/\/www.anovapeneira.gal\/index.php\/2021\/01\/18\/d-manuel-puente-gonzalez\/#primaryimage"},"image":{"@id":"https:\/\/www.anovapeneira.gal\/index.php\/2021\/01\/18\/d-manuel-puente-gonzalez\/#primaryimage"},"thumbnailUrl":"https:\/\/www.anovapeneira.gal\/wp-content\/uploads\/2021\/01\/puente_castelao.jpg","datePublished":"2021-01-18T09:00:13+00:00","dateModified":"2021-01-18T12:39:47+00:00","description":"Acertada reportaxe de Ju\u00e1n \u00d3scar Otero Lago na Nova Peneira de decembro 2.020 sobre Alfonso Daniel Rodr\u00edguez Castelao, con motivo do 70 aniversario do s\u00e9u falecemento en Bos Aires. Anim\u00f3ume a escribir sobre un persoeiro, MANUEL PUENTE GONZ\u00c1LEZ, que aparece na mesma.","breadcrumb":{"@id":"https:\/\/www.anovapeneira.gal\/index.php\/2021\/01\/18\/d-manuel-puente-gonzalez\/#breadcrumb"},"inLanguage":"gl-ES","potentialAction":[{"@type":"ReadAction","target":["https:\/\/www.anovapeneira.gal\/index.php\/2021\/01\/18\/d-manuel-puente-gonzalez\/"]}]},{"@type":"ImageObject","inLanguage":"gl-ES","@id":"https:\/\/www.anovapeneira.gal\/index.php\/2021\/01\/18\/d-manuel-puente-gonzalez\/#primaryimage","url":"https:\/\/www.anovapeneira.gal\/wp-content\/uploads\/2021\/01\/puente_castelao.jpg","contentUrl":"https:\/\/www.anovapeneira.gal\/wp-content\/uploads\/2021\/01\/puente_castelao.jpg","width":720,"height":432,"caption":"D. Manuel Puente Gonz\u00e1lez"},{"@type":"BreadcrumbList","@id":"https:\/\/www.anovapeneira.gal\/index.php\/2021\/01\/18\/d-manuel-puente-gonzalez\/#breadcrumb","itemListElement":[{"@type":"ListItem","position":1,"name":"Portada","item":"https:\/\/www.anovapeneira.gal\/"},{"@type":"ListItem","position":2,"name":"D. Manuel Puente Gonz\u00e1lez"}]},{"@type":"WebSite","@id":"https:\/\/www.anovapeneira.gal\/#website","url":"https:\/\/www.anovapeneira.gal\/","name":"","description":"Xornal galego de informaci\u00f3n xeral Publicaci\u00f3n mensual de novas de Galicia e en especial dos Concellos da sur da provincia de Pontevedra.","publisher":{"@id":"https:\/\/www.anovapeneira.gal\/#organization"},"potentialAction":[{"@type":"SearchAction","target":{"@type":"EntryPoint","urlTemplate":"https:\/\/www.anovapeneira.gal\/?s={search_term_string}"},"query-input":{"@type":"PropertyValueSpecification","valueRequired":true,"valueName":"search_term_string"}}],"inLanguage":"gl-ES"},{"@type":"Organization","@id":"https:\/\/www.anovapeneira.gal\/#organization","name":"A Nova Peneira","url":"https:\/\/www.anovapeneira.gal\/","logo":{"@type":"ImageObject","inLanguage":"gl-ES","@id":"https:\/\/www.anovapeneira.gal\/#\/schema\/logo\/image\/","url":"http:\/\/www.anovapeneira.gal\/wp-content\/uploads\/2019\/06\/logo_a_nova_peneira_portal_web.png","contentUrl":"http:\/\/www.anovapeneira.gal\/wp-content\/uploads\/2019\/06\/logo_a_nova_peneira_portal_web.png","width":300,"height":100,"caption":"A Nova Peneira"},"image":{"@id":"https:\/\/www.anovapeneira.gal\/#\/schema\/logo\/image\/"},"sameAs":["https:\/\/www.facebook.com\/anovapeneira","https:\/\/x.com\/APeneira"]},{"@type":"Person","@id":"https:\/\/www.anovapeneira.gal\/#\/schema\/person\/1bf91cd240796d05b6522e3d8a6e2d8e","name":"Ant\u00f3n Lorenzo Gonz\u00e1lez","image":{"@type":"ImageObject","inLanguage":"gl-ES","@id":"https:\/\/secure.gravatar.com\/avatar\/dcd882e8f4338e07610336943426400d525673506eb37ce59442ba704e5cc971?s=96&d=mm&r=g","url":"https:\/\/secure.gravatar.com\/avatar\/dcd882e8f4338e07610336943426400d525673506eb37ce59442ba704e5cc971?s=96&d=mm&r=g","contentUrl":"https:\/\/secure.gravatar.com\/avatar\/dcd882e8f4338e07610336943426400d525673506eb37ce59442ba704e5cc971?s=96&d=mm&r=g","caption":"Ant\u00f3n Lorenzo Gonz\u00e1lez"},"url":"https:\/\/www.anovapeneira.gal\/index.php\/author\/xaque\/"}]}},"jetpack_featured_media_url":"https:\/\/www.anovapeneira.gal\/wp-content\/uploads\/2021\/01\/puente_castelao.jpg","_links":{"self":[{"href":"https:\/\/www.anovapeneira.gal\/index.php\/wp-json\/wp\/v2\/posts\/4670","targetHints":{"allow":["GET"]}}],"collection":[{"href":"https:\/\/www.anovapeneira.gal\/index.php\/wp-json\/wp\/v2\/posts"}],"about":[{"href":"https:\/\/www.anovapeneira.gal\/index.php\/wp-json\/wp\/v2\/types\/post"}],"author":[{"embeddable":true,"href":"https:\/\/www.anovapeneira.gal\/index.php\/wp-json\/wp\/v2\/users\/34"}],"replies":[{"embeddable":true,"href":"https:\/\/www.anovapeneira.gal\/index.php\/wp-json\/wp\/v2\/comments?post=4670"}],"version-history":[{"count":4,"href":"https:\/\/www.anovapeneira.gal\/index.php\/wp-json\/wp\/v2\/posts\/4670\/revisions"}],"predecessor-version":[{"id":4694,"href":"https:\/\/www.anovapeneira.gal\/index.php\/wp-json\/wp\/v2\/posts\/4670\/revisions\/4694"}],"wp:featuredmedia":[{"embeddable":true,"href":"https:\/\/www.anovapeneira.gal\/index.php\/wp-json\/wp\/v2\/media\/4671"}],"wp:attachment":[{"href":"https:\/\/www.anovapeneira.gal\/index.php\/wp-json\/wp\/v2\/media?parent=4670"}],"wp:term":[{"taxonomy":"category","embeddable":true,"href":"https:\/\/www.anovapeneira.gal\/index.php\/wp-json\/wp\/v2\/categories?post=4670"},{"taxonomy":"post_tag","embeddable":true,"href":"https:\/\/www.anovapeneira.gal\/index.php\/wp-json\/wp\/v2\/tags?post=4670"}],"curies":[{"name":"wp","href":"https:\/\/api.w.org\/{rel}","templated":true}]}}