{"id":4679,"date":"2021-01-19T10:00:08","date_gmt":"2021-01-19T09:00:08","guid":{"rendered":"http:\/\/www.anovapeneira.gal\/?p=4679"},"modified":"2021-01-17T20:27:28","modified_gmt":"2021-01-17T19:27:28","slug":"o-bng-leva-a-nidia-arevalo-ante-a-valedora-do-pobo-por-falla-de-transparencia","status":"publish","type":"post","link":"https:\/\/www.anovapeneira.gal\/index.php\/2021\/01\/19\/o-bng-leva-a-nidia-arevalo-ante-a-valedora-do-pobo-por-falla-de-transparencia\/","title":{"rendered":"O BNG leva a Nidia Ar\u00e9valo ante a Valedora do Pobo por falla de transparencia"},"content":{"rendered":"\n<h2 class=\"wp-block-heading\">Gustavo Barcia denuncia o reiterado incumprimento da lei que obriga ao goberno municipal a facilitar o acceso \u00e1 informaci\u00f3n p\u00fablica.<\/h2>\n\n\n\n<h4 class=\"wp-block-heading\">O BNG leva meses agardando polas facturas de gastos protocolarios de 2019, que superaron nun 575% a cantidade prevista no orzamento.<\/h4>\n\n\n\n<p><strong>Mos, 15 de xaneiro de 2021. <\/strong><\/p>\n\n\n\n<p>As dificultades para exercer o labor da oposici\u00f3n levaron ao BNG adenunciar publicamente o reiterado incumprimento das leis de transparencia municipal porparte Nidia Ar\u00e9valo. Numerosas solicitudes de informaci\u00f3n p\u00fablica, remitidas ao gobernomunicipal nos \u00faltimos meses, seguen agardando por resposta e o concelleiro nacionalistaGustavo Barcia puxo esta situaci\u00f3n en co\u00f1ecemento da Valedora do Pobo. Xa lle foi remitido unescrito no que se describe a \u201csituaci\u00f3n antidemocr\u00e1tica\u201d que se est\u00e1 a vivir no Concello de Mos,onde se est\u00e1n vulnerando, na s\u00faa opini\u00f3n, \u201cnon s\u00f3 os dereitos dos concelleiros, sen\u00f3n os de todaa cidadan\u00eda \u00e1 que representamos\u201d.<\/p>\n\n\n\n<p>Barcia lembra que \u201cun dos piares da democracia \u00e9 a transparencia, as\u00ed como o labor defiscalizaci\u00f3n que lle corresponde aos grupos da oposici\u00f3n\u201d. Segundo o portavoz nacionalista no Concello, \u201cagora ao autoritarismo nas sesi\u00f3ns plenarias hai que sumarlle a falta de respecto daalcaldesa pola lei ao pretender negarnos o acceso \u00e1 informaci\u00f3n sobre a acci\u00f3n do goberno\u201d. Isto,insiste, \u201c\u00e9 unha demostraci\u00f3n m\u00e1is de que o PP de Mos non goberna para toda a veci\u00f1anza e deque para eles hai cidad\u00e1ns bos e malos dependendo de a quen voten\u201d. O concelleiro do BNGconf\u00eda en que a Valedora do Pobo inste ao goberno municipal a cumprir coa lei de Bases doR\u00e9xime Local e, \u201cse a situaci\u00f3n non d\u00e1 unha viraxe de 180 graos\u201d, anuncia a s\u00faa intenci\u00f3n deacudir outras instancias \u201cben sexan de \u00edndole pol\u00edtica, administrativa, policial ou xudicial\u201d.<\/p>\n\n\n\n<p><strong>Gastos de protocolo de 2019<\/strong><\/p>\n\n\n\n<p>Un dos exemplos m\u00e1is rechamantes de como o goberno de Nidia Ar\u00e9valo vulnera as leis detransparencia \u00e9 o dun escrito presentado hai dous meses no que se reclaman as facturascorrespondentes a gastos de protocolo de 2019. No orzamento de aquel exercicio estabanconsignados 2.000 euros para esta partida, pero a cont\u00eda final ascendeu a 13.490,76 euros sen queo goberno municipal ofrecera maiores explicaci\u00f3ns. A cifra supera nun 575% o que estabaprevisto inicialmente e a alcaldesa dixo nun pleno que esa informaci\u00f3n estaba xa a disposici\u00f3ndo BNG, pero o certo \u00e9 que a documentaci\u00f3n nunca foi entregada. \u201cNon sabemos que \u00e9 o quepretende agochar o PP\u201d, indica Gustavo Barcia, \u201cpero temos a sospeita de que neses gastos deprotocolo hai algo que non queren que a veci\u00f1anza co\u00f1eza\u201d.<\/p>\n","protected":false},"excerpt":{"rendered":"<div class=\"mh-excerpt\"><p>Gustavo Barcia denuncia o reiterado incumprimento da lei que obriga ao goberno municipal a facilitar o acceso \u00e1 informaci\u00f3n p\u00fablica <a class=\"mh-excerpt-more\" href=\"https:\/\/www.anovapeneira.gal\/index.php\/2021\/01\/19\/o-bng-leva-a-nidia-arevalo-ante-a-valedora-do-pobo-por-falla-de-transparencia\/\" title=\"O BNG leva a Nidia Ar\u00e9valo ante a Valedora do Pobo por falla de transparencia\">[&#8230;]<\/a><\/p>\n<\/div>","protected":false},"author":1,"featured_media":4602,"comment_status":"open","ping_status":"open","sticky":false,"template":"","format":"standard","meta":{"_exactmetrics_skip_tracking":false,"_exactmetrics_sitenote_active":false,"_exactmetrics_sitenote_note":"","_exactmetrics_sitenote_category":0,"footnotes":""},"categories":[23],"tags":[218],"class_list":{"0":"post-4679","1":"post","2":"type-post","3":"status-publish","4":"format-standard","5":"has-post-thumbnail","7":"category-a-lourina","8":"tag-concello-de-mos"},"yoast_head":"<!-- This site is optimized with the Yoast SEO plugin v27.4 - https:\/\/yoast.com\/product\/yoast-seo-wordpress\/ -->\n<title>O BNG leva a Nidia Ar\u00e9valo ante a Valedora do Pobo por falla de transparencia -<\/title>\n<meta name=\"description\" content=\"Gustavo Barcia denuncia o reiterado incumprimento da lei que obriga ao goberno municipal a facilitar o acceso \u00e1 informaci\u00f3n p\u00fablica\" \/>\n<meta name=\"robots\" content=\"index, follow, max-snippet:-1, max-image-preview:large, max-video-preview:-1\" \/>\n<link rel=\"canonical\" href=\"https:\/\/www.anovapeneira.gal\/index.php\/2021\/01\/19\/o-bng-leva-a-nidia-arevalo-ante-a-valedora-do-pobo-por-falla-de-transparencia\/\" \/>\n<meta property=\"og:locale\" content=\"gl_ES\" \/>\n<meta property=\"og:type\" content=\"article\" \/>\n<meta property=\"og:title\" content=\"O BNG leva a Nidia Ar\u00e9valo ante a Valedora do Pobo por falla de transparencia -\" \/>\n<meta property=\"og:description\" content=\"Gustavo Barcia denuncia o reiterado incumprimento da lei que obriga ao goberno municipal a facilitar o acceso \u00e1 informaci\u00f3n p\u00fablica\" \/>\n<meta property=\"og:url\" content=\"https:\/\/www.anovapeneira.gal\/index.php\/2021\/01\/19\/o-bng-leva-a-nidia-arevalo-ante-a-valedora-do-pobo-por-falla-de-transparencia\/\" \/>\n<meta property=\"article:publisher\" content=\"https:\/\/www.facebook.com\/anovapeneira\" \/>\n<meta property=\"article:author\" content=\"https:\/\/www.facebook.com\/anovapeneira\/\" \/>\n<meta property=\"article:published_time\" content=\"2021-01-19T09:00:08+00:00\" \/>\n<meta property=\"og:image\" content=\"https:\/\/www.anovapeneira.gal\/wp-content\/uploads\/2020\/12\/Gustavo_Barcia_BNG_Mos_2020.jpg\" \/>\n\t<meta property=\"og:image:width\" content=\"720\" \/>\n\t<meta property=\"og:image:height\" content=\"432\" \/>\n\t<meta property=\"og:image:type\" content=\"image\/jpeg\" \/>\n<meta name=\"author\" content=\"admin\" \/>\n<meta name=\"twitter:card\" content=\"summary_large_image\" \/>\n<meta name=\"twitter:creator\" content=\"@APeneira\" \/>\n<meta name=\"twitter:site\" content=\"@APeneira\" \/>\n<meta name=\"twitter:label1\" content=\"Escrito por\" \/>\n\t<meta name=\"twitter:data1\" content=\"admin\" \/>\n\t<meta name=\"twitter:label2\" content=\"Tempo de lectura\" \/>\n\t<meta name=\"twitter:data2\" content=\"2 minutos\" \/>\n<script type=\"application\/ld+json\" class=\"yoast-schema-graph\">{\"@context\":\"https:\\\/\\\/schema.org\",\"@graph\":[{\"@type\":\"Article\",\"@id\":\"https:\\\/\\\/www.anovapeneira.gal\\\/index.php\\\/2021\\\/01\\\/19\\\/o-bng-leva-a-nidia-arevalo-ante-a-valedora-do-pobo-por-falla-de-transparencia\\\/#article\",\"isPartOf\":{\"@id\":\"https:\\\/\\\/www.anovapeneira.gal\\\/index.php\\\/2021\\\/01\\\/19\\\/o-bng-leva-a-nidia-arevalo-ante-a-valedora-do-pobo-por-falla-de-transparencia\\\/\"},\"author\":{\"name\":\"admin\",\"@id\":\"https:\\\/\\\/www.anovapeneira.gal\\\/#\\\/schema\\\/person\\\/fb77575328c93684dae4b0075f90c2cb\"},\"headline\":\"O BNG leva a Nidia Ar\u00e9valo ante a Valedora do Pobo por falla de transparencia\",\"datePublished\":\"2021-01-19T09:00:08+00:00\",\"mainEntityOfPage\":{\"@id\":\"https:\\\/\\\/www.anovapeneira.gal\\\/index.php\\\/2021\\\/01\\\/19\\\/o-bng-leva-a-nidia-arevalo-ante-a-valedora-do-pobo-por-falla-de-transparencia\\\/\"},\"wordCount\":447,\"commentCount\":0,\"publisher\":{\"@id\":\"https:\\\/\\\/www.anovapeneira.gal\\\/#organization\"},\"image\":{\"@id\":\"https:\\\/\\\/www.anovapeneira.gal\\\/index.php\\\/2021\\\/01\\\/19\\\/o-bng-leva-a-nidia-arevalo-ante-a-valedora-do-pobo-por-falla-de-transparencia\\\/#primaryimage\"},\"thumbnailUrl\":\"https:\\\/\\\/www.anovapeneira.gal\\\/wp-content\\\/uploads\\\/2020\\\/12\\\/Gustavo_Barcia_BNG_Mos_2020.jpg\",\"keywords\":[\"Concello de Mos\"],\"articleSection\":[\"A Louri\u00f1a\"],\"inLanguage\":\"gl-ES\",\"potentialAction\":[{\"@type\":\"CommentAction\",\"name\":\"Comment\",\"target\":[\"https:\\\/\\\/www.anovapeneira.gal\\\/index.php\\\/2021\\\/01\\\/19\\\/o-bng-leva-a-nidia-arevalo-ante-a-valedora-do-pobo-por-falla-de-transparencia\\\/#respond\"]}]},{\"@type\":\"WebPage\",\"@id\":\"https:\\\/\\\/www.anovapeneira.gal\\\/index.php\\\/2021\\\/01\\\/19\\\/o-bng-leva-a-nidia-arevalo-ante-a-valedora-do-pobo-por-falla-de-transparencia\\\/\",\"url\":\"https:\\\/\\\/www.anovapeneira.gal\\\/index.php\\\/2021\\\/01\\\/19\\\/o-bng-leva-a-nidia-arevalo-ante-a-valedora-do-pobo-por-falla-de-transparencia\\\/\",\"name\":\"O BNG leva a Nidia Ar\u00e9valo ante a Valedora do Pobo por falla de transparencia -\",\"isPartOf\":{\"@id\":\"https:\\\/\\\/www.anovapeneira.gal\\\/#website\"},\"primaryImageOfPage\":{\"@id\":\"https:\\\/\\\/www.anovapeneira.gal\\\/index.php\\\/2021\\\/01\\\/19\\\/o-bng-leva-a-nidia-arevalo-ante-a-valedora-do-pobo-por-falla-de-transparencia\\\/#primaryimage\"},\"image\":{\"@id\":\"https:\\\/\\\/www.anovapeneira.gal\\\/index.php\\\/2021\\\/01\\\/19\\\/o-bng-leva-a-nidia-arevalo-ante-a-valedora-do-pobo-por-falla-de-transparencia\\\/#primaryimage\"},\"thumbnailUrl\":\"https:\\\/\\\/www.anovapeneira.gal\\\/wp-content\\\/uploads\\\/2020\\\/12\\\/Gustavo_Barcia_BNG_Mos_2020.jpg\",\"datePublished\":\"2021-01-19T09:00:08+00:00\",\"description\":\"Gustavo Barcia denuncia o reiterado incumprimento da lei que obriga ao goberno municipal a facilitar o acceso \u00e1 informaci\u00f3n p\u00fablica\",\"breadcrumb\":{\"@id\":\"https:\\\/\\\/www.anovapeneira.gal\\\/index.php\\\/2021\\\/01\\\/19\\\/o-bng-leva-a-nidia-arevalo-ante-a-valedora-do-pobo-por-falla-de-transparencia\\\/#breadcrumb\"},\"inLanguage\":\"gl-ES\",\"potentialAction\":[{\"@type\":\"ReadAction\",\"target\":[\"https:\\\/\\\/www.anovapeneira.gal\\\/index.php\\\/2021\\\/01\\\/19\\\/o-bng-leva-a-nidia-arevalo-ante-a-valedora-do-pobo-por-falla-de-transparencia\\\/\"]}]},{\"@type\":\"ImageObject\",\"inLanguage\":\"gl-ES\",\"@id\":\"https:\\\/\\\/www.anovapeneira.gal\\\/index.php\\\/2021\\\/01\\\/19\\\/o-bng-leva-a-nidia-arevalo-ante-a-valedora-do-pobo-por-falla-de-transparencia\\\/#primaryimage\",\"url\":\"https:\\\/\\\/www.anovapeneira.gal\\\/wp-content\\\/uploads\\\/2020\\\/12\\\/Gustavo_Barcia_BNG_Mos_2020.jpg\",\"contentUrl\":\"https:\\\/\\\/www.anovapeneira.gal\\\/wp-content\\\/uploads\\\/2020\\\/12\\\/Gustavo_Barcia_BNG_Mos_2020.jpg\",\"width\":720,\"height\":432,\"caption\":\"Gustavo Barcia BNG Mos\"},{\"@type\":\"BreadcrumbList\",\"@id\":\"https:\\\/\\\/www.anovapeneira.gal\\\/index.php\\\/2021\\\/01\\\/19\\\/o-bng-leva-a-nidia-arevalo-ante-a-valedora-do-pobo-por-falla-de-transparencia\\\/#breadcrumb\",\"itemListElement\":[{\"@type\":\"ListItem\",\"position\":1,\"name\":\"Portada\",\"item\":\"https:\\\/\\\/www.anovapeneira.gal\\\/\"},{\"@type\":\"ListItem\",\"position\":2,\"name\":\"O BNG leva a Nidia Ar\u00e9valo ante a Valedora do Pobo por falla de transparencia\"}]},{\"@type\":\"WebSite\",\"@id\":\"https:\\\/\\\/www.anovapeneira.gal\\\/#website\",\"url\":\"https:\\\/\\\/www.anovapeneira.gal\\\/\",\"name\":\"\",\"description\":\"Xornal galego de informaci\u00f3n xeral Publicaci\u00f3n mensual de novas de Galicia e en especial dos Concellos da sur da provincia de Pontevedra.\",\"publisher\":{\"@id\":\"https:\\\/\\\/www.anovapeneira.gal\\\/#organization\"},\"potentialAction\":[{\"@type\":\"SearchAction\",\"target\":{\"@type\":\"EntryPoint\",\"urlTemplate\":\"https:\\\/\\\/www.anovapeneira.gal\\\/?s={search_term_string}\"},\"query-input\":{\"@type\":\"PropertyValueSpecification\",\"valueRequired\":true,\"valueName\":\"search_term_string\"}}],\"inLanguage\":\"gl-ES\"},{\"@type\":\"Organization\",\"@id\":\"https:\\\/\\\/www.anovapeneira.gal\\\/#organization\",\"name\":\"A Nova Peneira\",\"url\":\"https:\\\/\\\/www.anovapeneira.gal\\\/\",\"logo\":{\"@type\":\"ImageObject\",\"inLanguage\":\"gl-ES\",\"@id\":\"https:\\\/\\\/www.anovapeneira.gal\\\/#\\\/schema\\\/logo\\\/image\\\/\",\"url\":\"http:\\\/\\\/www.anovapeneira.gal\\\/wp-content\\\/uploads\\\/2019\\\/06\\\/logo_a_nova_peneira_portal_web.png\",\"contentUrl\":\"http:\\\/\\\/www.anovapeneira.gal\\\/wp-content\\\/uploads\\\/2019\\\/06\\\/logo_a_nova_peneira_portal_web.png\",\"width\":300,\"height\":100,\"caption\":\"A Nova Peneira\"},\"image\":{\"@id\":\"https:\\\/\\\/www.anovapeneira.gal\\\/#\\\/schema\\\/logo\\\/image\\\/\"},\"sameAs\":[\"https:\\\/\\\/www.facebook.com\\\/anovapeneira\",\"https:\\\/\\\/x.com\\\/APeneira\"]},{\"@type\":\"Person\",\"@id\":\"https:\\\/\\\/www.anovapeneira.gal\\\/#\\\/schema\\\/person\\\/fb77575328c93684dae4b0075f90c2cb\",\"name\":\"admin\",\"image\":{\"@type\":\"ImageObject\",\"inLanguage\":\"gl-ES\",\"@id\":\"https:\\\/\\\/secure.gravatar.com\\\/avatar\\\/df15c36ce375448325e0bc870e91bbee95947a002eb98dcfd6c2b053e18843e9?s=96&d=mm&r=g\",\"url\":\"https:\\\/\\\/secure.gravatar.com\\\/avatar\\\/df15c36ce375448325e0bc870e91bbee95947a002eb98dcfd6c2b053e18843e9?s=96&d=mm&r=g\",\"contentUrl\":\"https:\\\/\\\/secure.gravatar.com\\\/avatar\\\/df15c36ce375448325e0bc870e91bbee95947a002eb98dcfd6c2b053e18843e9?s=96&d=mm&r=g\",\"caption\":\"admin\"},\"description\":\"Xornal galego de informaci\u00f3n xeral Publicaci\u00f3n mensual de novas de Galicia e en especial dos Concellos da sur da provincia de Pontevedra.\",\"sameAs\":[\"http:\\\/\\\/www.anovapeneira.gal\\\/\",\"https:\\\/\\\/www.facebook.com\\\/anovapeneira\\\/\"],\"url\":\"https:\\\/\\\/www.anovapeneira.gal\\\/index.php\\\/author\\\/admin\\\/\"}]}<\/script>\n<!-- \/ Yoast SEO plugin. -->","yoast_head_json":{"title":"O BNG leva a Nidia Ar\u00e9valo ante a Valedora do Pobo por falla de transparencia -","description":"Gustavo Barcia denuncia o reiterado incumprimento da lei que obriga ao goberno municipal a facilitar o acceso \u00e1 informaci\u00f3n p\u00fablica","robots":{"index":"index","follow":"follow","max-snippet":"max-snippet:-1","max-image-preview":"max-image-preview:large","max-video-preview":"max-video-preview:-1"},"canonical":"https:\/\/www.anovapeneira.gal\/index.php\/2021\/01\/19\/o-bng-leva-a-nidia-arevalo-ante-a-valedora-do-pobo-por-falla-de-transparencia\/","og_locale":"gl_ES","og_type":"article","og_title":"O BNG leva a Nidia Ar\u00e9valo ante a Valedora do Pobo por falla de transparencia -","og_description":"Gustavo Barcia denuncia o reiterado incumprimento da lei que obriga ao goberno municipal a facilitar o acceso \u00e1 informaci\u00f3n p\u00fablica","og_url":"https:\/\/www.anovapeneira.gal\/index.php\/2021\/01\/19\/o-bng-leva-a-nidia-arevalo-ante-a-valedora-do-pobo-por-falla-de-transparencia\/","article_publisher":"https:\/\/www.facebook.com\/anovapeneira","article_author":"https:\/\/www.facebook.com\/anovapeneira\/","article_published_time":"2021-01-19T09:00:08+00:00","og_image":[{"width":720,"height":432,"url":"https:\/\/www.anovapeneira.gal\/wp-content\/uploads\/2020\/12\/Gustavo_Barcia_BNG_Mos_2020.jpg","type":"image\/jpeg"}],"author":"admin","twitter_card":"summary_large_image","twitter_creator":"@APeneira","twitter_site":"@APeneira","twitter_misc":{"Escrito por":"admin","Tempo de lectura":"2 minutos"},"schema":{"@context":"https:\/\/schema.org","@graph":[{"@type":"Article","@id":"https:\/\/www.anovapeneira.gal\/index.php\/2021\/01\/19\/o-bng-leva-a-nidia-arevalo-ante-a-valedora-do-pobo-por-falla-de-transparencia\/#article","isPartOf":{"@id":"https:\/\/www.anovapeneira.gal\/index.php\/2021\/01\/19\/o-bng-leva-a-nidia-arevalo-ante-a-valedora-do-pobo-por-falla-de-transparencia\/"},"author":{"name":"admin","@id":"https:\/\/www.anovapeneira.gal\/#\/schema\/person\/fb77575328c93684dae4b0075f90c2cb"},"headline":"O BNG leva a Nidia Ar\u00e9valo ante a Valedora do Pobo por falla de transparencia","datePublished":"2021-01-19T09:00:08+00:00","mainEntityOfPage":{"@id":"https:\/\/www.anovapeneira.gal\/index.php\/2021\/01\/19\/o-bng-leva-a-nidia-arevalo-ante-a-valedora-do-pobo-por-falla-de-transparencia\/"},"wordCount":447,"commentCount":0,"publisher":{"@id":"https:\/\/www.anovapeneira.gal\/#organization"},"image":{"@id":"https:\/\/www.anovapeneira.gal\/index.php\/2021\/01\/19\/o-bng-leva-a-nidia-arevalo-ante-a-valedora-do-pobo-por-falla-de-transparencia\/#primaryimage"},"thumbnailUrl":"https:\/\/www.anovapeneira.gal\/wp-content\/uploads\/2020\/12\/Gustavo_Barcia_BNG_Mos_2020.jpg","keywords":["Concello de Mos"],"articleSection":["A Louri\u00f1a"],"inLanguage":"gl-ES","potentialAction":[{"@type":"CommentAction","name":"Comment","target":["https:\/\/www.anovapeneira.gal\/index.php\/2021\/01\/19\/o-bng-leva-a-nidia-arevalo-ante-a-valedora-do-pobo-por-falla-de-transparencia\/#respond"]}]},{"@type":"WebPage","@id":"https:\/\/www.anovapeneira.gal\/index.php\/2021\/01\/19\/o-bng-leva-a-nidia-arevalo-ante-a-valedora-do-pobo-por-falla-de-transparencia\/","url":"https:\/\/www.anovapeneira.gal\/index.php\/2021\/01\/19\/o-bng-leva-a-nidia-arevalo-ante-a-valedora-do-pobo-por-falla-de-transparencia\/","name":"O BNG leva a Nidia Ar\u00e9valo ante a Valedora do Pobo por falla de transparencia -","isPartOf":{"@id":"https:\/\/www.anovapeneira.gal\/#website"},"primaryImageOfPage":{"@id":"https:\/\/www.anovapeneira.gal\/index.php\/2021\/01\/19\/o-bng-leva-a-nidia-arevalo-ante-a-valedora-do-pobo-por-falla-de-transparencia\/#primaryimage"},"image":{"@id":"https:\/\/www.anovapeneira.gal\/index.php\/2021\/01\/19\/o-bng-leva-a-nidia-arevalo-ante-a-valedora-do-pobo-por-falla-de-transparencia\/#primaryimage"},"thumbnailUrl":"https:\/\/www.anovapeneira.gal\/wp-content\/uploads\/2020\/12\/Gustavo_Barcia_BNG_Mos_2020.jpg","datePublished":"2021-01-19T09:00:08+00:00","description":"Gustavo Barcia denuncia o reiterado incumprimento da lei que obriga ao goberno municipal a facilitar o acceso \u00e1 informaci\u00f3n p\u00fablica","breadcrumb":{"@id":"https:\/\/www.anovapeneira.gal\/index.php\/2021\/01\/19\/o-bng-leva-a-nidia-arevalo-ante-a-valedora-do-pobo-por-falla-de-transparencia\/#breadcrumb"},"inLanguage":"gl-ES","potentialAction":[{"@type":"ReadAction","target":["https:\/\/www.anovapeneira.gal\/index.php\/2021\/01\/19\/o-bng-leva-a-nidia-arevalo-ante-a-valedora-do-pobo-por-falla-de-transparencia\/"]}]},{"@type":"ImageObject","inLanguage":"gl-ES","@id":"https:\/\/www.anovapeneira.gal\/index.php\/2021\/01\/19\/o-bng-leva-a-nidia-arevalo-ante-a-valedora-do-pobo-por-falla-de-transparencia\/#primaryimage","url":"https:\/\/www.anovapeneira.gal\/wp-content\/uploads\/2020\/12\/Gustavo_Barcia_BNG_Mos_2020.jpg","contentUrl":"https:\/\/www.anovapeneira.gal\/wp-content\/uploads\/2020\/12\/Gustavo_Barcia_BNG_Mos_2020.jpg","width":720,"height":432,"caption":"Gustavo Barcia BNG Mos"},{"@type":"BreadcrumbList","@id":"https:\/\/www.anovapeneira.gal\/index.php\/2021\/01\/19\/o-bng-leva-a-nidia-arevalo-ante-a-valedora-do-pobo-por-falla-de-transparencia\/#breadcrumb","itemListElement":[{"@type":"ListItem","position":1,"name":"Portada","item":"https:\/\/www.anovapeneira.gal\/"},{"@type":"ListItem","position":2,"name":"O BNG leva a Nidia Ar\u00e9valo ante a Valedora do Pobo por falla de transparencia"}]},{"@type":"WebSite","@id":"https:\/\/www.anovapeneira.gal\/#website","url":"https:\/\/www.anovapeneira.gal\/","name":"","description":"Xornal galego de informaci\u00f3n xeral Publicaci\u00f3n mensual de novas de Galicia e en especial dos Concellos da sur da provincia de Pontevedra.","publisher":{"@id":"https:\/\/www.anovapeneira.gal\/#organization"},"potentialAction":[{"@type":"SearchAction","target":{"@type":"EntryPoint","urlTemplate":"https:\/\/www.anovapeneira.gal\/?s={search_term_string}"},"query-input":{"@type":"PropertyValueSpecification","valueRequired":true,"valueName":"search_term_string"}}],"inLanguage":"gl-ES"},{"@type":"Organization","@id":"https:\/\/www.anovapeneira.gal\/#organization","name":"A Nova Peneira","url":"https:\/\/www.anovapeneira.gal\/","logo":{"@type":"ImageObject","inLanguage":"gl-ES","@id":"https:\/\/www.anovapeneira.gal\/#\/schema\/logo\/image\/","url":"http:\/\/www.anovapeneira.gal\/wp-content\/uploads\/2019\/06\/logo_a_nova_peneira_portal_web.png","contentUrl":"http:\/\/www.anovapeneira.gal\/wp-content\/uploads\/2019\/06\/logo_a_nova_peneira_portal_web.png","width":300,"height":100,"caption":"A Nova Peneira"},"image":{"@id":"https:\/\/www.anovapeneira.gal\/#\/schema\/logo\/image\/"},"sameAs":["https:\/\/www.facebook.com\/anovapeneira","https:\/\/x.com\/APeneira"]},{"@type":"Person","@id":"https:\/\/www.anovapeneira.gal\/#\/schema\/person\/fb77575328c93684dae4b0075f90c2cb","name":"admin","image":{"@type":"ImageObject","inLanguage":"gl-ES","@id":"https:\/\/secure.gravatar.com\/avatar\/df15c36ce375448325e0bc870e91bbee95947a002eb98dcfd6c2b053e18843e9?s=96&d=mm&r=g","url":"https:\/\/secure.gravatar.com\/avatar\/df15c36ce375448325e0bc870e91bbee95947a002eb98dcfd6c2b053e18843e9?s=96&d=mm&r=g","contentUrl":"https:\/\/secure.gravatar.com\/avatar\/df15c36ce375448325e0bc870e91bbee95947a002eb98dcfd6c2b053e18843e9?s=96&d=mm&r=g","caption":"admin"},"description":"Xornal galego de informaci\u00f3n xeral Publicaci\u00f3n mensual de novas de Galicia e en especial dos Concellos da sur da provincia de Pontevedra.","sameAs":["http:\/\/www.anovapeneira.gal\/","https:\/\/www.facebook.com\/anovapeneira\/"],"url":"https:\/\/www.anovapeneira.gal\/index.php\/author\/admin\/"}]}},"jetpack_featured_media_url":"https:\/\/www.anovapeneira.gal\/wp-content\/uploads\/2020\/12\/Gustavo_Barcia_BNG_Mos_2020.jpg","_links":{"self":[{"href":"https:\/\/www.anovapeneira.gal\/index.php\/wp-json\/wp\/v2\/posts\/4679","targetHints":{"allow":["GET"]}}],"collection":[{"href":"https:\/\/www.anovapeneira.gal\/index.php\/wp-json\/wp\/v2\/posts"}],"about":[{"href":"https:\/\/www.anovapeneira.gal\/index.php\/wp-json\/wp\/v2\/types\/post"}],"author":[{"embeddable":true,"href":"https:\/\/www.anovapeneira.gal\/index.php\/wp-json\/wp\/v2\/users\/1"}],"replies":[{"embeddable":true,"href":"https:\/\/www.anovapeneira.gal\/index.php\/wp-json\/wp\/v2\/comments?post=4679"}],"version-history":[{"count":2,"href":"https:\/\/www.anovapeneira.gal\/index.php\/wp-json\/wp\/v2\/posts\/4679\/revisions"}],"predecessor-version":[{"id":4681,"href":"https:\/\/www.anovapeneira.gal\/index.php\/wp-json\/wp\/v2\/posts\/4679\/revisions\/4681"}],"wp:featuredmedia":[{"embeddable":true,"href":"https:\/\/www.anovapeneira.gal\/index.php\/wp-json\/wp\/v2\/media\/4602"}],"wp:attachment":[{"href":"https:\/\/www.anovapeneira.gal\/index.php\/wp-json\/wp\/v2\/media?parent=4679"}],"wp:term":[{"taxonomy":"category","embeddable":true,"href":"https:\/\/www.anovapeneira.gal\/index.php\/wp-json\/wp\/v2\/categories?post=4679"},{"taxonomy":"post_tag","embeddable":true,"href":"https:\/\/www.anovapeneira.gal\/index.php\/wp-json\/wp\/v2\/tags?post=4679"}],"curies":[{"name":"wp","href":"https:\/\/api.w.org\/{rel}","templated":true}]}}