{"id":4682,"date":"2021-01-19T12:00:00","date_gmt":"2021-01-19T11:00:00","guid":{"rendered":"http:\/\/www.anovapeneira.gal\/?p=4682"},"modified":"2021-01-17T20:33:20","modified_gmt":"2021-01-17T19:33:20","slug":"a-tristeza-vai-en-bata","status":"publish","type":"post","link":"https:\/\/www.anovapeneira.gal\/index.php\/2021\/01\/19\/a-tristeza-vai-en-bata\/","title":{"rendered":"A tristeza vai en bata"},"content":{"rendered":"\n<figure class=\"wp-block-image size-large is-resized\"><img loading=\"lazy\" decoding=\"async\" src=\"http:\/\/www.anovapeneira.gal\/wp-content\/uploads\/2019\/12\/retrato_montse_fajardo_cambados_a_nova_peneira.jpg\" alt=\"Retrato Montse Fajardo A Nova Peneira\" class=\"wp-image-2085\" width=\"95\" height=\"111\"\/><figcaption>Montse Fajardo<\/figcaption><\/figure>\n\n\n\n<pre class=\"wp-block-preformatted\">MILANA BONITA<\/pre>\n\n\n\n<p>Cando estaba a piques de rematar a adolescencia, o meu pai foi traballar a Asturias e a mi\u00f1a nai marchou con el al\u00e1. Viaxaron logo do Aninovo e para a ma\u00f1\u00e1 de Reis deixaron un paquete cunha bata de andar por casa. Era bonita, con flores de f\u00edo bordadas nas solapas, mais para min foi tan triste abrir o agasallo na s\u00faa ausencia, que a\u00ednda hoxe \u00e9 o d\u00eda que non uso bata, s\u00f3 unha chaqueta de l\u00e1 por riba do pixama.<\/p>\n\n\n\n<p>Lembrei esta historia nos albores deste 2021, cando un compa\u00f1eiro me contou sorprendido que a s\u00faa t\u00eda, xa ben entrada en anos, pasara o 6 de xaneiro moi triste porque a veci\u00f1a lle dera un frasqui\u00f1o de perfume \u00e1 s\u00faa irma, enferma de <em>alzheimer<\/em>, e non a ela, que tam\u00e9n era amiga s\u00faa. El pregunt\u00e1base como pode ser que a idade nos torne de novo crianzas que collen unha perrencha polos xoguetes dos Reis Magos, mais axi\u00f1a coincidimos en que o problema non era ficar sen agasallo sen\u00f3n sentir lonxe a quen che importa, igual que eu o d\u00eda da bata.<\/p>\n\n\n\n<p>P\u00f3dese vivir sen unha colonia pero non sen afectos, sexas beb\u00e9, moza, adulta ou nonaxenaria. Por iso doe no peito pensar no tempo que v\u00e9n, que cheira a tristeza envolta en bata. Toca, non queda outra, quedarnos na casa e volver a intensificar a falta de contactos. Ficar sen abrazarmos, sen organizar unha quedada cun feixe de amizades, ou sen probar novos beizos nos que mergullarnos. As pandemias non casan ben cos sentimentos. Por\u00e9n, malia o drama, segue a po\u00f1erse o foco nas consecuencias que o virus ter\u00e1 para a econom\u00eda mundial, e non nesta borrasca que abafa o peito como a l\u00e1 grosa.<\/p>\n\n\n\n<p>O benestar emocional foi o gran esquecido sempre. Sempre se lles deu m\u00e1is importancia as doenzas f\u00edsicas que as mentais. Se algu\u00e9n torce un p\u00e9 corre a Traumatolox\u00eda, pero cando a tristura fai que lle custe un mundo levantarse ou que ande todo o d\u00eda en pixama, soe adiarse a decisi\u00f3n de consultar a especialistas en psicolox\u00eda ou a psiquiatras.<\/p>\n\n\n\n<p>E van facer moita falta. \u00c9 vital que coa an\u00e1lise do drama devastador da morte, ou das secuelas na capacidade pulmonar e card\u00edaca que o virus vai deixar nos corpos, se po\u00f1a o foco en paliar as consecuencias, individuais e tam\u00e9n sociais, que nos vai deixar esta tristura colectiva. Urxe esixir que a imprescind\u00edbel aposta polos servizos p\u00fablicos incl\u00faa o reforzo das especialidades psicol\u00f3xicas e psiqui\u00e1tricas en centros de sa\u00fade e educativos. Investir en especialistas que poidan paliar o impacto dos meses que est\u00e1n pasando as crianzas sen o contacto natural con outras nenas, con outros nenos. Da mocidade que se marcha, de xeito irrecuper\u00e1bel, en cada d\u00eda perdido sen bicos, sen olladas prendidas en bocas abertas de par en par ao sorriso, sen ataques de risa que fan caer a rolos cunha amiga do sof\u00e1. Especialistas que atendan en todas esas residencias que, faltas de visitas, amorean batas de l\u00e1 triste e ausencias de colonias. \u201cXa chegarades \u00e1 nosa idade\u201d, escoitamos na casa mil veces, mais nunca pensamos que facelo poder\u00eda tornarse en drama.<\/p>\n\n\n\n<p>Quen pensaba que a vellez, que ma\u00f1\u00e1 mesmo ser\u00e1 a nosa, puidese morrer tan soa? Que o inxusto reparto das riquezas, a escravitude do capitalismo, as diferenzas entre territorios, o ego\u00edsmo individual ou non sei exactamente cal dos tantos virus que desde hai tempo nos asolan puidesen ser tal que un home morrese de fr\u00edo na Ca\u00f1ada Real?<\/p>\n\n\n\n<p>O tempo v\u00e9n falto de calor e teremos que ser quen de loitar por desprendernos desa tristura que temos tan a rentes da pel como unha bata.<\/p>\n","protected":false},"excerpt":{"rendered":"<div class=\"mh-excerpt\"><p>Cando estaba a piques de rematar a adolescencia, o meu pai foi traballar a Asturias e a mi\u00f1a nai marchou con el al\u00e1. Viaxaron logo do Aninovo e para a ma\u00f1\u00e1 de Reis deixaron un paquete cunha bata de andar por casa. Era bonita, con flores de f\u00edo bordadas nas solapas, mais para min foi tan triste abrir o agasallo na s\u00faa ausencia, que a\u00ednda hoxe \u00e9 o d\u00eda que non uso bata, s\u00f3 unha chaqueta de l\u00e1 por riba do pixama <a class=\"mh-excerpt-more\" href=\"https:\/\/www.anovapeneira.gal\/index.php\/2021\/01\/19\/a-tristeza-vai-en-bata\/\" title=\"A tristeza vai en bata\">[&#8230;]<\/a><\/p>\n<\/div>","protected":false},"author":15,"featured_media":584,"comment_status":"open","ping_status":"open","sticky":false,"template":"","format":"standard","meta":{"_exactmetrics_skip_tracking":false,"_exactmetrics_sitenote_active":false,"_exactmetrics_sitenote_note":"","_exactmetrics_sitenote_category":0,"footnotes":""},"categories":[7],"tags":[],"class_list":{"0":"post-4682","1":"post","2":"type-post","3":"status-publish","4":"format-standard","5":"has-post-thumbnail","7":"category-artigos-de-opinion"},"yoast_head":"<!-- This site is optimized with the Yoast SEO plugin v27.4 - https:\/\/yoast.com\/product\/yoast-seo-wordpress\/ -->\n<title>A tristeza vai en bata -<\/title>\n<meta name=\"description\" content=\"Cando estaba a piques de rematar a adolescencia, o meu pai foi traballar a Asturias e a mi\u00f1a nai marchou con el al\u00e1. Viaxaron logo do Aninovo e para a ma\u00f1\u00e1 de Reis deixaron un paquete cunha bata de andar por casa. Era bonita, con flores de f\u00edo bordadas nas solapas, mais para min foi tan triste abrir o agasallo na s\u00faa ausencia, que a\u00ednda hoxe \u00e9 o d\u00eda que non uso bata, s\u00f3 unha chaqueta de l\u00e1 por riba do pixama\" \/>\n<meta name=\"robots\" content=\"index, follow, max-snippet:-1, max-image-preview:large, max-video-preview:-1\" \/>\n<link rel=\"canonical\" href=\"https:\/\/www.anovapeneira.gal\/index.php\/2021\/01\/19\/a-tristeza-vai-en-bata\/\" \/>\n<meta property=\"og:locale\" content=\"gl_ES\" \/>\n<meta property=\"og:type\" content=\"article\" \/>\n<meta property=\"og:title\" content=\"A tristeza vai en bata -\" \/>\n<meta property=\"og:description\" content=\"Cando estaba a piques de rematar a adolescencia, o meu pai foi traballar a Asturias e a mi\u00f1a nai marchou con el al\u00e1. Viaxaron logo do Aninovo e para a ma\u00f1\u00e1 de Reis deixaron un paquete cunha bata de andar por casa. Era bonita, con flores de f\u00edo bordadas nas solapas, mais para min foi tan triste abrir o agasallo na s\u00faa ausencia, que a\u00ednda hoxe \u00e9 o d\u00eda que non uso bata, s\u00f3 unha chaqueta de l\u00e1 por riba do pixama\" \/>\n<meta property=\"og:url\" content=\"https:\/\/www.anovapeneira.gal\/index.php\/2021\/01\/19\/a-tristeza-vai-en-bata\/\" \/>\n<meta property=\"article:publisher\" content=\"https:\/\/www.facebook.com\/anovapeneira\" \/>\n<meta property=\"article:published_time\" content=\"2021-01-19T11:00:00+00:00\" \/>\n<meta property=\"og:image\" content=\"https:\/\/www.anovapeneira.gal\/wp-content\/uploads\/2019\/07\/ARTIGO_DE_OPINION_A_NOVA_PENEIRA.jpg\" \/>\n\t<meta property=\"og:image:width\" content=\"720\" \/>\n\t<meta property=\"og:image:height\" content=\"473\" \/>\n\t<meta property=\"og:image:type\" content=\"image\/jpeg\" \/>\n<meta name=\"author\" content=\"Montse Fajardo\" \/>\n<meta name=\"twitter:card\" content=\"summary_large_image\" \/>\n<meta name=\"twitter:creator\" content=\"@APeneira\" \/>\n<meta name=\"twitter:site\" content=\"@APeneira\" \/>\n<meta name=\"twitter:label1\" content=\"Escrito por\" \/>\n\t<meta name=\"twitter:data1\" content=\"Montse Fajardo\" \/>\n\t<meta name=\"twitter:label2\" content=\"Tempo de lectura\" \/>\n\t<meta name=\"twitter:data2\" content=\"3 minutos\" \/>\n<script type=\"application\/ld+json\" class=\"yoast-schema-graph\">{\"@context\":\"https:\\\/\\\/schema.org\",\"@graph\":[{\"@type\":\"Article\",\"@id\":\"https:\\\/\\\/www.anovapeneira.gal\\\/index.php\\\/2021\\\/01\\\/19\\\/a-tristeza-vai-en-bata\\\/#article\",\"isPartOf\":{\"@id\":\"https:\\\/\\\/www.anovapeneira.gal\\\/index.php\\\/2021\\\/01\\\/19\\\/a-tristeza-vai-en-bata\\\/\"},\"author\":{\"name\":\"Montse Fajardo\",\"@id\":\"https:\\\/\\\/www.anovapeneira.gal\\\/#\\\/schema\\\/person\\\/b5d841c74dee61f6776658b07b904c18\"},\"headline\":\"A tristeza vai en bata\",\"datePublished\":\"2021-01-19T11:00:00+00:00\",\"mainEntityOfPage\":{\"@id\":\"https:\\\/\\\/www.anovapeneira.gal\\\/index.php\\\/2021\\\/01\\\/19\\\/a-tristeza-vai-en-bata\\\/\"},\"wordCount\":653,\"commentCount\":0,\"publisher\":{\"@id\":\"https:\\\/\\\/www.anovapeneira.gal\\\/#organization\"},\"image\":{\"@id\":\"https:\\\/\\\/www.anovapeneira.gal\\\/index.php\\\/2021\\\/01\\\/19\\\/a-tristeza-vai-en-bata\\\/#primaryimage\"},\"thumbnailUrl\":\"https:\\\/\\\/www.anovapeneira.gal\\\/wp-content\\\/uploads\\\/2019\\\/07\\\/ARTIGO_DE_OPINION_A_NOVA_PENEIRA.jpg\",\"articleSection\":[\"Artigos de opini\u00f3n\"],\"inLanguage\":\"gl-ES\",\"potentialAction\":[{\"@type\":\"CommentAction\",\"name\":\"Comment\",\"target\":[\"https:\\\/\\\/www.anovapeneira.gal\\\/index.php\\\/2021\\\/01\\\/19\\\/a-tristeza-vai-en-bata\\\/#respond\"]}]},{\"@type\":\"WebPage\",\"@id\":\"https:\\\/\\\/www.anovapeneira.gal\\\/index.php\\\/2021\\\/01\\\/19\\\/a-tristeza-vai-en-bata\\\/\",\"url\":\"https:\\\/\\\/www.anovapeneira.gal\\\/index.php\\\/2021\\\/01\\\/19\\\/a-tristeza-vai-en-bata\\\/\",\"name\":\"A tristeza vai en bata -\",\"isPartOf\":{\"@id\":\"https:\\\/\\\/www.anovapeneira.gal\\\/#website\"},\"primaryImageOfPage\":{\"@id\":\"https:\\\/\\\/www.anovapeneira.gal\\\/index.php\\\/2021\\\/01\\\/19\\\/a-tristeza-vai-en-bata\\\/#primaryimage\"},\"image\":{\"@id\":\"https:\\\/\\\/www.anovapeneira.gal\\\/index.php\\\/2021\\\/01\\\/19\\\/a-tristeza-vai-en-bata\\\/#primaryimage\"},\"thumbnailUrl\":\"https:\\\/\\\/www.anovapeneira.gal\\\/wp-content\\\/uploads\\\/2019\\\/07\\\/ARTIGO_DE_OPINION_A_NOVA_PENEIRA.jpg\",\"datePublished\":\"2021-01-19T11:00:00+00:00\",\"description\":\"Cando estaba a piques de rematar a adolescencia, o meu pai foi traballar a Asturias e a mi\u00f1a nai marchou con el al\u00e1. Viaxaron logo do Aninovo e para a ma\u00f1\u00e1 de Reis deixaron un paquete cunha bata de andar por casa. Era bonita, con flores de f\u00edo bordadas nas solapas, mais para min foi tan triste abrir o agasallo na s\u00faa ausencia, que a\u00ednda hoxe \u00e9 o d\u00eda que non uso bata, s\u00f3 unha chaqueta de l\u00e1 por riba do pixama\",\"breadcrumb\":{\"@id\":\"https:\\\/\\\/www.anovapeneira.gal\\\/index.php\\\/2021\\\/01\\\/19\\\/a-tristeza-vai-en-bata\\\/#breadcrumb\"},\"inLanguage\":\"gl-ES\",\"potentialAction\":[{\"@type\":\"ReadAction\",\"target\":[\"https:\\\/\\\/www.anovapeneira.gal\\\/index.php\\\/2021\\\/01\\\/19\\\/a-tristeza-vai-en-bata\\\/\"]}]},{\"@type\":\"ImageObject\",\"inLanguage\":\"gl-ES\",\"@id\":\"https:\\\/\\\/www.anovapeneira.gal\\\/index.php\\\/2021\\\/01\\\/19\\\/a-tristeza-vai-en-bata\\\/#primaryimage\",\"url\":\"https:\\\/\\\/www.anovapeneira.gal\\\/wp-content\\\/uploads\\\/2019\\\/07\\\/ARTIGO_DE_OPINION_A_NOVA_PENEIRA.jpg\",\"contentUrl\":\"https:\\\/\\\/www.anovapeneira.gal\\\/wp-content\\\/uploads\\\/2019\\\/07\\\/ARTIGO_DE_OPINION_A_NOVA_PENEIRA.jpg\",\"width\":720,\"height\":473,\"caption\":\"Artigo de opini\u00f3n A Nova Peneira\"},{\"@type\":\"BreadcrumbList\",\"@id\":\"https:\\\/\\\/www.anovapeneira.gal\\\/index.php\\\/2021\\\/01\\\/19\\\/a-tristeza-vai-en-bata\\\/#breadcrumb\",\"itemListElement\":[{\"@type\":\"ListItem\",\"position\":1,\"name\":\"Portada\",\"item\":\"https:\\\/\\\/www.anovapeneira.gal\\\/\"},{\"@type\":\"ListItem\",\"position\":2,\"name\":\"A tristeza vai en bata\"}]},{\"@type\":\"WebSite\",\"@id\":\"https:\\\/\\\/www.anovapeneira.gal\\\/#website\",\"url\":\"https:\\\/\\\/www.anovapeneira.gal\\\/\",\"name\":\"\",\"description\":\"Xornal galego de informaci\u00f3n xeral Publicaci\u00f3n mensual de novas de Galicia e en especial dos Concellos da sur da provincia de Pontevedra.\",\"publisher\":{\"@id\":\"https:\\\/\\\/www.anovapeneira.gal\\\/#organization\"},\"potentialAction\":[{\"@type\":\"SearchAction\",\"target\":{\"@type\":\"EntryPoint\",\"urlTemplate\":\"https:\\\/\\\/www.anovapeneira.gal\\\/?s={search_term_string}\"},\"query-input\":{\"@type\":\"PropertyValueSpecification\",\"valueRequired\":true,\"valueName\":\"search_term_string\"}}],\"inLanguage\":\"gl-ES\"},{\"@type\":\"Organization\",\"@id\":\"https:\\\/\\\/www.anovapeneira.gal\\\/#organization\",\"name\":\"A Nova Peneira\",\"url\":\"https:\\\/\\\/www.anovapeneira.gal\\\/\",\"logo\":{\"@type\":\"ImageObject\",\"inLanguage\":\"gl-ES\",\"@id\":\"https:\\\/\\\/www.anovapeneira.gal\\\/#\\\/schema\\\/logo\\\/image\\\/\",\"url\":\"http:\\\/\\\/www.anovapeneira.gal\\\/wp-content\\\/uploads\\\/2019\\\/06\\\/logo_a_nova_peneira_portal_web.png\",\"contentUrl\":\"http:\\\/\\\/www.anovapeneira.gal\\\/wp-content\\\/uploads\\\/2019\\\/06\\\/logo_a_nova_peneira_portal_web.png\",\"width\":300,\"height\":100,\"caption\":\"A Nova Peneira\"},\"image\":{\"@id\":\"https:\\\/\\\/www.anovapeneira.gal\\\/#\\\/schema\\\/logo\\\/image\\\/\"},\"sameAs\":[\"https:\\\/\\\/www.facebook.com\\\/anovapeneira\",\"https:\\\/\\\/x.com\\\/APeneira\"]},{\"@type\":\"Person\",\"@id\":\"https:\\\/\\\/www.anovapeneira.gal\\\/#\\\/schema\\\/person\\\/b5d841c74dee61f6776658b07b904c18\",\"name\":\"Montse Fajardo\",\"image\":{\"@type\":\"ImageObject\",\"inLanguage\":\"gl-ES\",\"@id\":\"https:\\\/\\\/secure.gravatar.com\\\/avatar\\\/7167d7c282cf42b377b7010dbd21f855dfb9df18abd8af43f29029fc82996df3?s=96&d=mm&r=g\",\"url\":\"https:\\\/\\\/secure.gravatar.com\\\/avatar\\\/7167d7c282cf42b377b7010dbd21f855dfb9df18abd8af43f29029fc82996df3?s=96&d=mm&r=g\",\"contentUrl\":\"https:\\\/\\\/secure.gravatar.com\\\/avatar\\\/7167d7c282cf42b377b7010dbd21f855dfb9df18abd8af43f29029fc82996df3?s=96&d=mm&r=g\",\"caption\":\"Montse Fajardo\"},\"sameAs\":[\"http:\\\/\\\/www.anovapeneira.gal\\\/\"],\"url\":\"https:\\\/\\\/www.anovapeneira.gal\\\/index.php\\\/author\\\/montse-fajardo\\\/\"}]}<\/script>\n<!-- \/ Yoast SEO plugin. -->","yoast_head_json":{"title":"A tristeza vai en bata -","description":"Cando estaba a piques de rematar a adolescencia, o meu pai foi traballar a Asturias e a mi\u00f1a nai marchou con el al\u00e1. Viaxaron logo do Aninovo e para a ma\u00f1\u00e1 de Reis deixaron un paquete cunha bata de andar por casa. Era bonita, con flores de f\u00edo bordadas nas solapas, mais para min foi tan triste abrir o agasallo na s\u00faa ausencia, que a\u00ednda hoxe \u00e9 o d\u00eda que non uso bata, s\u00f3 unha chaqueta de l\u00e1 por riba do pixama","robots":{"index":"index","follow":"follow","max-snippet":"max-snippet:-1","max-image-preview":"max-image-preview:large","max-video-preview":"max-video-preview:-1"},"canonical":"https:\/\/www.anovapeneira.gal\/index.php\/2021\/01\/19\/a-tristeza-vai-en-bata\/","og_locale":"gl_ES","og_type":"article","og_title":"A tristeza vai en bata -","og_description":"Cando estaba a piques de rematar a adolescencia, o meu pai foi traballar a Asturias e a mi\u00f1a nai marchou con el al\u00e1. Viaxaron logo do Aninovo e para a ma\u00f1\u00e1 de Reis deixaron un paquete cunha bata de andar por casa. Era bonita, con flores de f\u00edo bordadas nas solapas, mais para min foi tan triste abrir o agasallo na s\u00faa ausencia, que a\u00ednda hoxe \u00e9 o d\u00eda que non uso bata, s\u00f3 unha chaqueta de l\u00e1 por riba do pixama","og_url":"https:\/\/www.anovapeneira.gal\/index.php\/2021\/01\/19\/a-tristeza-vai-en-bata\/","article_publisher":"https:\/\/www.facebook.com\/anovapeneira","article_published_time":"2021-01-19T11:00:00+00:00","og_image":[{"width":720,"height":473,"url":"https:\/\/www.anovapeneira.gal\/wp-content\/uploads\/2019\/07\/ARTIGO_DE_OPINION_A_NOVA_PENEIRA.jpg","type":"image\/jpeg"}],"author":"Montse Fajardo","twitter_card":"summary_large_image","twitter_creator":"@APeneira","twitter_site":"@APeneira","twitter_misc":{"Escrito por":"Montse Fajardo","Tempo de lectura":"3 minutos"},"schema":{"@context":"https:\/\/schema.org","@graph":[{"@type":"Article","@id":"https:\/\/www.anovapeneira.gal\/index.php\/2021\/01\/19\/a-tristeza-vai-en-bata\/#article","isPartOf":{"@id":"https:\/\/www.anovapeneira.gal\/index.php\/2021\/01\/19\/a-tristeza-vai-en-bata\/"},"author":{"name":"Montse Fajardo","@id":"https:\/\/www.anovapeneira.gal\/#\/schema\/person\/b5d841c74dee61f6776658b07b904c18"},"headline":"A tristeza vai en bata","datePublished":"2021-01-19T11:00:00+00:00","mainEntityOfPage":{"@id":"https:\/\/www.anovapeneira.gal\/index.php\/2021\/01\/19\/a-tristeza-vai-en-bata\/"},"wordCount":653,"commentCount":0,"publisher":{"@id":"https:\/\/www.anovapeneira.gal\/#organization"},"image":{"@id":"https:\/\/www.anovapeneira.gal\/index.php\/2021\/01\/19\/a-tristeza-vai-en-bata\/#primaryimage"},"thumbnailUrl":"https:\/\/www.anovapeneira.gal\/wp-content\/uploads\/2019\/07\/ARTIGO_DE_OPINION_A_NOVA_PENEIRA.jpg","articleSection":["Artigos de opini\u00f3n"],"inLanguage":"gl-ES","potentialAction":[{"@type":"CommentAction","name":"Comment","target":["https:\/\/www.anovapeneira.gal\/index.php\/2021\/01\/19\/a-tristeza-vai-en-bata\/#respond"]}]},{"@type":"WebPage","@id":"https:\/\/www.anovapeneira.gal\/index.php\/2021\/01\/19\/a-tristeza-vai-en-bata\/","url":"https:\/\/www.anovapeneira.gal\/index.php\/2021\/01\/19\/a-tristeza-vai-en-bata\/","name":"A tristeza vai en bata -","isPartOf":{"@id":"https:\/\/www.anovapeneira.gal\/#website"},"primaryImageOfPage":{"@id":"https:\/\/www.anovapeneira.gal\/index.php\/2021\/01\/19\/a-tristeza-vai-en-bata\/#primaryimage"},"image":{"@id":"https:\/\/www.anovapeneira.gal\/index.php\/2021\/01\/19\/a-tristeza-vai-en-bata\/#primaryimage"},"thumbnailUrl":"https:\/\/www.anovapeneira.gal\/wp-content\/uploads\/2019\/07\/ARTIGO_DE_OPINION_A_NOVA_PENEIRA.jpg","datePublished":"2021-01-19T11:00:00+00:00","description":"Cando estaba a piques de rematar a adolescencia, o meu pai foi traballar a Asturias e a mi\u00f1a nai marchou con el al\u00e1. Viaxaron logo do Aninovo e para a ma\u00f1\u00e1 de Reis deixaron un paquete cunha bata de andar por casa. Era bonita, con flores de f\u00edo bordadas nas solapas, mais para min foi tan triste abrir o agasallo na s\u00faa ausencia, que a\u00ednda hoxe \u00e9 o d\u00eda que non uso bata, s\u00f3 unha chaqueta de l\u00e1 por riba do pixama","breadcrumb":{"@id":"https:\/\/www.anovapeneira.gal\/index.php\/2021\/01\/19\/a-tristeza-vai-en-bata\/#breadcrumb"},"inLanguage":"gl-ES","potentialAction":[{"@type":"ReadAction","target":["https:\/\/www.anovapeneira.gal\/index.php\/2021\/01\/19\/a-tristeza-vai-en-bata\/"]}]},{"@type":"ImageObject","inLanguage":"gl-ES","@id":"https:\/\/www.anovapeneira.gal\/index.php\/2021\/01\/19\/a-tristeza-vai-en-bata\/#primaryimage","url":"https:\/\/www.anovapeneira.gal\/wp-content\/uploads\/2019\/07\/ARTIGO_DE_OPINION_A_NOVA_PENEIRA.jpg","contentUrl":"https:\/\/www.anovapeneira.gal\/wp-content\/uploads\/2019\/07\/ARTIGO_DE_OPINION_A_NOVA_PENEIRA.jpg","width":720,"height":473,"caption":"Artigo de opini\u00f3n A Nova Peneira"},{"@type":"BreadcrumbList","@id":"https:\/\/www.anovapeneira.gal\/index.php\/2021\/01\/19\/a-tristeza-vai-en-bata\/#breadcrumb","itemListElement":[{"@type":"ListItem","position":1,"name":"Portada","item":"https:\/\/www.anovapeneira.gal\/"},{"@type":"ListItem","position":2,"name":"A tristeza vai en bata"}]},{"@type":"WebSite","@id":"https:\/\/www.anovapeneira.gal\/#website","url":"https:\/\/www.anovapeneira.gal\/","name":"","description":"Xornal galego de informaci\u00f3n xeral Publicaci\u00f3n mensual de novas de Galicia e en especial dos Concellos da sur da provincia de Pontevedra.","publisher":{"@id":"https:\/\/www.anovapeneira.gal\/#organization"},"potentialAction":[{"@type":"SearchAction","target":{"@type":"EntryPoint","urlTemplate":"https:\/\/www.anovapeneira.gal\/?s={search_term_string}"},"query-input":{"@type":"PropertyValueSpecification","valueRequired":true,"valueName":"search_term_string"}}],"inLanguage":"gl-ES"},{"@type":"Organization","@id":"https:\/\/www.anovapeneira.gal\/#organization","name":"A Nova Peneira","url":"https:\/\/www.anovapeneira.gal\/","logo":{"@type":"ImageObject","inLanguage":"gl-ES","@id":"https:\/\/www.anovapeneira.gal\/#\/schema\/logo\/image\/","url":"http:\/\/www.anovapeneira.gal\/wp-content\/uploads\/2019\/06\/logo_a_nova_peneira_portal_web.png","contentUrl":"http:\/\/www.anovapeneira.gal\/wp-content\/uploads\/2019\/06\/logo_a_nova_peneira_portal_web.png","width":300,"height":100,"caption":"A Nova Peneira"},"image":{"@id":"https:\/\/www.anovapeneira.gal\/#\/schema\/logo\/image\/"},"sameAs":["https:\/\/www.facebook.com\/anovapeneira","https:\/\/x.com\/APeneira"]},{"@type":"Person","@id":"https:\/\/www.anovapeneira.gal\/#\/schema\/person\/b5d841c74dee61f6776658b07b904c18","name":"Montse Fajardo","image":{"@type":"ImageObject","inLanguage":"gl-ES","@id":"https:\/\/secure.gravatar.com\/avatar\/7167d7c282cf42b377b7010dbd21f855dfb9df18abd8af43f29029fc82996df3?s=96&d=mm&r=g","url":"https:\/\/secure.gravatar.com\/avatar\/7167d7c282cf42b377b7010dbd21f855dfb9df18abd8af43f29029fc82996df3?s=96&d=mm&r=g","contentUrl":"https:\/\/secure.gravatar.com\/avatar\/7167d7c282cf42b377b7010dbd21f855dfb9df18abd8af43f29029fc82996df3?s=96&d=mm&r=g","caption":"Montse Fajardo"},"sameAs":["http:\/\/www.anovapeneira.gal\/"],"url":"https:\/\/www.anovapeneira.gal\/index.php\/author\/montse-fajardo\/"}]}},"jetpack_featured_media_url":"https:\/\/www.anovapeneira.gal\/wp-content\/uploads\/2019\/07\/ARTIGO_DE_OPINION_A_NOVA_PENEIRA.jpg","_links":{"self":[{"href":"https:\/\/www.anovapeneira.gal\/index.php\/wp-json\/wp\/v2\/posts\/4682","targetHints":{"allow":["GET"]}}],"collection":[{"href":"https:\/\/www.anovapeneira.gal\/index.php\/wp-json\/wp\/v2\/posts"}],"about":[{"href":"https:\/\/www.anovapeneira.gal\/index.php\/wp-json\/wp\/v2\/types\/post"}],"author":[{"embeddable":true,"href":"https:\/\/www.anovapeneira.gal\/index.php\/wp-json\/wp\/v2\/users\/15"}],"replies":[{"embeddable":true,"href":"https:\/\/www.anovapeneira.gal\/index.php\/wp-json\/wp\/v2\/comments?post=4682"}],"version-history":[{"count":1,"href":"https:\/\/www.anovapeneira.gal\/index.php\/wp-json\/wp\/v2\/posts\/4682\/revisions"}],"predecessor-version":[{"id":4683,"href":"https:\/\/www.anovapeneira.gal\/index.php\/wp-json\/wp\/v2\/posts\/4682\/revisions\/4683"}],"wp:featuredmedia":[{"embeddable":true,"href":"https:\/\/www.anovapeneira.gal\/index.php\/wp-json\/wp\/v2\/media\/584"}],"wp:attachment":[{"href":"https:\/\/www.anovapeneira.gal\/index.php\/wp-json\/wp\/v2\/media?parent=4682"}],"wp:term":[{"taxonomy":"category","embeddable":true,"href":"https:\/\/www.anovapeneira.gal\/index.php\/wp-json\/wp\/v2\/categories?post=4682"},{"taxonomy":"post_tag","embeddable":true,"href":"https:\/\/www.anovapeneira.gal\/index.php\/wp-json\/wp\/v2\/tags?post=4682"}],"curies":[{"name":"wp","href":"https:\/\/api.w.org\/{rel}","templated":true}]}}