{"id":4684,"date":"2021-01-20T10:00:53","date_gmt":"2021-01-20T09:00:53","guid":{"rendered":"http:\/\/www.anovapeneira.gal\/?p=4684"},"modified":"2021-01-17T20:42:21","modified_gmt":"2021-01-17T19:42:21","slug":"benjamin-martinez-ucha-da-administracion-de-lotaria-el-x-de-la-suerte-de-o-porrino","status":"publish","type":"post","link":"https:\/\/www.anovapeneira.gal\/index.php\/2021\/01\/20\/benjamin-martinez-ucha-da-administracion-de-lotaria-el-x-de-la-suerte-de-o-porrino\/","title":{"rendered":"Benjam\u00edn Mart\u00ednez Ucha da administraci\u00f3n de lotar\u00eda  \u201cEl X de la suerte de O Porri\u00f1o\u201d"},"content":{"rendered":"\n<p>\u201c<strong>DESDE O 2.011 LEVAMOS DADO 18 GRANDES PREMIOS\u201d<\/strong><\/p>\n\n\n\n<p>Esta administraci\u00f3n de lotar\u00eda da nosa vila semella estar tocada pola deusa fortuna, pois nos \u00faltimos tempos deixo un volume enorme de premios na nosa vila. Temos o pracer de conversar con Benja, da administraci\u00f3n de lotar\u00edas \u201cEl X de la suerte de Porrino\u201d para que nos conte que se sente ao ser a \u00fanica administraci\u00f3n de venda de Lotar\u00eda de todo o Estado que foi quen de vender un primeiro premio na loter\u00eda do Nadal, e un primeiro premio no sorteo do Neno. Desde logo algo moi dif\u00edcil de poder repetir na historia, tanto \u00e9 as\u00ed que o feito tivo repercusi\u00f3n en medios de prensa de todo o estado.<\/p>\n\n\n\n<p><strong>Benja, f\u00e1lanos da historia da administraci\u00f3n de Loter\u00eda, desde cando estades afincados en Porri\u00f1o?<\/strong><\/p>\n\n\n\n<blockquote class=\"wp-block-quote is-layout-flow wp-block-quote-is-layout-flow\"><p>Eu pertenzo a cuarta xeraci\u00f3n de loteiros desta administraci\u00f3n, levamos m\u00e1is de 60 anos aqu\u00ed en Porri\u00f1o e sempre no mesmo local. A parte da venda de lotar\u00eda tam\u00e9n temos servizo de estanco e abrimos ininterrompidamente desde \u00e1s 8:30 da ma\u00f1\u00e1 \u00e1s 21:00 horas da noite. Somos o meu pai Andr\u00e9s, a mi\u00f1a t\u00eda, unha empregada e eu, os que traballamos no local.<\/p><\/blockquote>\n\n\n\n<p><strong>Cando comezou esta boa racha do reparto de premios?<\/strong><\/p>\n\n\n\n<blockquote class=\"wp-block-quote is-layout-flow wp-block-quote-is-layout-flow\"><p>Comezamos coa venda de d\u00e9cimos no ano 2011 e xa nese mesmo ano vendemos un Primeiro premio no Nadal, desde a\u00ed sempre demos alg\u00fan premio, ag\u00e1s o ano 2013. Demos ao longo destes anos 18 grandes premios.<\/p><\/blockquote>\n\n\n\n<p><strong>Cales son os principais premios que repartistes?<\/strong><\/p>\n\n\n\n<blockquote class=\"wp-block-quote is-layout-flow wp-block-quote-is-layout-flow\"><p>A parte do primeiro premio do nadal no ano 2018 e neste ano 2020, tam\u00e9n demos o terceiro premio de Nadal e o primeiro do sorteo do Neno este ano. Somos a \u00fanica administraci\u00f3n de todo o estado en dar o primeiro premio nos dous sorteos. Temos dado tam\u00e9n terceiros, cuartos e quintos premios de Nadal e segundos premios do sorteo do Neno en todos estes anos. Na Euromill\u00f3n tam\u00e9n repartimos un 5+1 con algo m\u00e1is de 200.000\u20ac de premio, e esperamos poder dar o gordo da Euromill\u00f3n nalg\u00fan momento, \u00e9 o que nos gustar\u00eda, a nosa tarefa pendente, porque superar a este ano dando os dous primeiros premios vai ser dif\u00edcil, o deste ano foi algo incrible.<\/p><\/blockquote>\n\n\n\n<figure class=\"wp-block-image size-large is-style-default\"><img loading=\"lazy\" decoding=\"async\" width=\"655\" height=\"513\" src=\"http:\/\/www.anovapeneira.gal\/wp-content\/uploads\/2021\/01\/premio_loteria_porrinho.jpg\" alt=\"Benjam\u00edn Mart\u00ednez Ucha da administraci\u00f3n de lotar\u00eda \u201cEL X de la suerte de O Porri\u00f1o\u201d\" class=\"wp-image-4688\" srcset=\"https:\/\/www.anovapeneira.gal\/wp-content\/uploads\/2021\/01\/premio_loteria_porrinho.jpg 655w, https:\/\/www.anovapeneira.gal\/wp-content\/uploads\/2021\/01\/premio_loteria_porrinho-300x235.jpg 300w\" sizes=\"auto, (max-width: 655px) 100vw, 655px\" \/><\/figure>\n\n\n\n<p><strong>Sabes dicirme o montante de cartos que repartistes nos premios deste ano?<\/strong><\/p>\n\n\n\n<blockquote class=\"wp-block-quote is-layout-flow wp-block-quote-is-layout-flow\"><p>En d\u00e9cimos do nadal entre 1.500.000, 1.600.000\u20ac e no sorteo do Neno uns 700.000, algo m\u00e1is de dous mill\u00f3ns de Euros en premios.<\/p><\/blockquote>\n\n\n\n<p><strong>Co\u00f1eces alg\u00fan afortunado ou afortunada e se \u00e9 as\u00ed dirix\u00edronse a v\u00f3s para agradecervos o premio?<\/strong><\/p>\n\n\n\n<blockquote class=\"wp-block-quote is-layout-flow wp-block-quote-is-layout-flow\"><p>Si, este ano co peche perimetral o que m\u00e1is vendemos foi en venda no local e a xente da vila e da s\u00faa contorna. O primeiro premio do Neno tocoulle a unha parella novi\u00f1a de Porri\u00f1o que te\u00f1en unha crianza pequena. Pas\u00e1ronse por aqu\u00ed a semana pasada a dicirnos que eran eles os agraciados, darnos as graZas e contarnos que ti\u00f1an pensado investir eses 200.000\u20ac en constru\u00edr unha casa, polo que quer\u00edan seguir aforrando un pouco m\u00e1is para poder facelo. A verdade agrad\u00e9cese o cari\u00f1o da xente e dos nosos clientes, \u00e9 gratificante saber que estas repartindo sorte entre os teus veci\u00f1os, e esperamos seguir fac\u00e9ndoo durante moito tempo.<\/p><\/blockquote>\n\n\n\n<p><strong>A parte deses mozos de Porri\u00f1o, sabes se o resto de premios quedaron aqu\u00ed ou marcharon f\u00f3ra da vila?<\/strong><\/p>\n\n\n\n<blockquote class=\"wp-block-quote is-layout-flow wp-block-quote-is-layout-flow\"><p>Hai dous anos que comezamos coa venda a trav\u00e9s da p\u00e1xina web e como levo rexistro do que se vende pola rede, non me consta que desas vendas sa\u00edra ning\u00fan d\u00e9cimo premiado, as\u00ed que eses m\u00e1is de 2.000.000 de \u20ac foron de venda na tenda e co peche perimetral pola pandemia quedou todo por Porri\u00f1o e a s\u00faa contorna.<\/p><\/blockquote>\n\n\n\n<p><strong>Grazas a esta boa racha, aumentaches as venda?<\/strong><\/p>\n\n\n\n<blockquote class=\"wp-block-quote is-layout-flow wp-block-quote-is-layout-flow\"><p>Si, ano a ano imos subindo as vendas. Mesmo este ano coa pandemia vendemos moit\u00edsimos d\u00e9cimos por correo. Xente de Cangas , Moa\u00f1a e de diferentes vilas da provincia que non puideron vir polo peche mercaron igual os d\u00e9cimos para mandarllos a casa, os gastos de env\u00edo son 5\u20ac. Pero a\u00ednda as\u00ed, non deixaron de encargar a loter\u00eda. A verdade que estamos moi agradecidos cos noso clientes que ano a ano seguen aqu\u00ed con n\u00f3s, mesmo este ano despois dos premios do nadal, tivemos colas moi grandes todo o d\u00eda, ata non poder pecha ata ben entrada a noite, pas\u00e1basenos o d\u00eda voando, para a venda de d\u00e9cimos do sorteo do Neno. Este foi un mes de moito traballo e moitas horas dedicadas de non poder estar coa familia, e mesmo coa mi\u00f1a filla pequena, pero son comprensivos e poder repartir sorte e felicidade cos nosos veci\u00f1os paga a pena o sacrificio.. De feito, notamos que as vendas mensuais da web dos demais sorteos diarios aumentou moit\u00edsimo e d\u00eda a d\u00eda rexistrase xente de toda Espa\u00f1a para selar a s\u00faas apostas a trav\u00e9s de internet. Esperamos seguir repartindo moitos premios m\u00e1is a longo dos vindeiros anos.<\/p><\/blockquote>\n","protected":false},"excerpt":{"rendered":"<div class=\"mh-excerpt\"><p>Esta administraci\u00f3n de lotar\u00eda da nosa vila semella estar tocada pola deusa fortuna, pois nos \u00faltimos tempos deixo un volume enorme de premios na nosa vila. Temos o pracer de conversar con Benja, da administraci\u00f3n de lotar\u00edas \u201cEl X de la suerte de Porrino\u201d para que nos conte que se sente ao ser a \u00fanica administraci\u00f3n de venda de Lotar\u00eda de todo o Estado que foi quen de vender un primeiro premio na loter\u00eda do Nadal, e un primeiro premio no sorteo do Neno <a class=\"mh-excerpt-more\" href=\"https:\/\/www.anovapeneira.gal\/index.php\/2021\/01\/20\/benjamin-martinez-ucha-da-administracion-de-lotaria-el-x-de-la-suerte-de-o-porrino\/\" title=\"Benjam\u00edn Mart\u00ednez Ucha da administraci\u00f3n de lotar\u00eda  \u201cEl X de la suerte de O Porri\u00f1o\u201d\">[&#8230;]<\/a><\/p>\n<\/div>","protected":false},"author":17,"featured_media":4686,"comment_status":"open","ping_status":"open","sticky":false,"template":"","format":"standard","meta":{"_exactmetrics_skip_tracking":false,"_exactmetrics_sitenote_active":false,"_exactmetrics_sitenote_note":"","_exactmetrics_sitenote_category":0,"footnotes":""},"categories":[265],"tags":[411],"class_list":{"0":"post-4684","1":"post","2":"type-post","3":"status-publish","4":"format-standard","5":"has-post-thumbnail","7":"category-a-lourina-entrevistas","8":"tag-concello-do-porrino"},"yoast_head":"<!-- This site is optimized with the Yoast SEO plugin v27.4 - https:\/\/yoast.com\/product\/yoast-seo-wordpress\/ -->\n<title>Benjam\u00edn Mart\u00ednez Ucha da administraci\u00f3n de lotar\u00eda \u201cEl X de la suerte de O Porri\u00f1o\u201d -<\/title>\n<meta name=\"description\" content=\"Esta administraci\u00f3n de lotar\u00eda da nosa vila semella estar tocada pola deusa fortuna, pois nos \u00faltimos tempos deixo un volume enorme de premios na nosa vila. Temos o pracer de conversar con Benja, da administraci\u00f3n de lotar\u00edas \u201cEl X de la suerte de Porrino\u201d para que nos conte que se sente ao ser a \u00fanica administraci\u00f3n de venda de Lotar\u00eda de todo o Estado que foi quen de vender un primeiro premio na loter\u00eda do Nadal, e un primeiro premio no sorteo do Neno\" \/>\n<meta name=\"robots\" content=\"index, follow, max-snippet:-1, max-image-preview:large, max-video-preview:-1\" \/>\n<link rel=\"canonical\" href=\"https:\/\/www.anovapeneira.gal\/index.php\/2021\/01\/20\/benjamin-martinez-ucha-da-administracion-de-lotaria-el-x-de-la-suerte-de-o-porrino\/\" \/>\n<meta property=\"og:locale\" content=\"gl_ES\" \/>\n<meta property=\"og:type\" content=\"article\" \/>\n<meta property=\"og:title\" content=\"Benjam\u00edn Mart\u00ednez Ucha da administraci\u00f3n de lotar\u00eda \u201cEl X de la suerte de O Porri\u00f1o\u201d -\" \/>\n<meta property=\"og:description\" content=\"Esta administraci\u00f3n de lotar\u00eda da nosa vila semella estar tocada pola deusa fortuna, pois nos \u00faltimos tempos deixo un volume enorme de premios na nosa vila. Temos o pracer de conversar con Benja, da administraci\u00f3n de lotar\u00edas \u201cEl X de la suerte de Porrino\u201d para que nos conte que se sente ao ser a \u00fanica administraci\u00f3n de venda de Lotar\u00eda de todo o Estado que foi quen de vender un primeiro premio na loter\u00eda do Nadal, e un primeiro premio no sorteo do Neno\" \/>\n<meta property=\"og:url\" content=\"https:\/\/www.anovapeneira.gal\/index.php\/2021\/01\/20\/benjamin-martinez-ucha-da-administracion-de-lotaria-el-x-de-la-suerte-de-o-porrino\/\" \/>\n<meta property=\"article:publisher\" content=\"https:\/\/www.facebook.com\/anovapeneira\" \/>\n<meta property=\"article:published_time\" content=\"2021-01-20T09:00:53+00:00\" \/>\n<meta property=\"og:image\" content=\"https:\/\/www.anovapeneira.gal\/wp-content\/uploads\/2021\/01\/Benjamin_martinez_ucha.jpg\" \/>\n\t<meta property=\"og:image:width\" content=\"720\" \/>\n\t<meta property=\"og:image:height\" content=\"432\" \/>\n\t<meta property=\"og:image:type\" content=\"image\/jpeg\" \/>\n<meta name=\"author\" content=\"G. Figueiredo\" \/>\n<meta name=\"twitter:card\" content=\"summary_large_image\" \/>\n<meta name=\"twitter:creator\" content=\"@APeneira\" \/>\n<meta name=\"twitter:site\" content=\"@APeneira\" \/>\n<meta name=\"twitter:label1\" content=\"Escrito por\" \/>\n\t<meta name=\"twitter:data1\" content=\"G. Figueiredo\" \/>\n\t<meta name=\"twitter:label2\" content=\"Tempo de lectura\" \/>\n\t<meta name=\"twitter:data2\" content=\"4 minutos\" \/>\n<script type=\"application\/ld+json\" class=\"yoast-schema-graph\">{\"@context\":\"https:\\\/\\\/schema.org\",\"@graph\":[{\"@type\":\"Article\",\"@id\":\"https:\\\/\\\/www.anovapeneira.gal\\\/index.php\\\/2021\\\/01\\\/20\\\/benjamin-martinez-ucha-da-administracion-de-lotaria-el-x-de-la-suerte-de-o-porrino\\\/#article\",\"isPartOf\":{\"@id\":\"https:\\\/\\\/www.anovapeneira.gal\\\/index.php\\\/2021\\\/01\\\/20\\\/benjamin-martinez-ucha-da-administracion-de-lotaria-el-x-de-la-suerte-de-o-porrino\\\/\"},\"author\":{\"name\":\"G. Figueiredo\",\"@id\":\"https:\\\/\\\/www.anovapeneira.gal\\\/#\\\/schema\\\/person\\\/42f904d7cac80cf3f5a31494dd82a9b6\"},\"headline\":\"Benjam\u00edn Mart\u00ednez Ucha da administraci\u00f3n de lotar\u00eda \u201cEl X de la suerte de O Porri\u00f1o\u201d\",\"datePublished\":\"2021-01-20T09:00:53+00:00\",\"mainEntityOfPage\":{\"@id\":\"https:\\\/\\\/www.anovapeneira.gal\\\/index.php\\\/2021\\\/01\\\/20\\\/benjamin-martinez-ucha-da-administracion-de-lotaria-el-x-de-la-suerte-de-o-porrino\\\/\"},\"wordCount\":891,\"commentCount\":0,\"publisher\":{\"@id\":\"https:\\\/\\\/www.anovapeneira.gal\\\/#organization\"},\"image\":{\"@id\":\"https:\\\/\\\/www.anovapeneira.gal\\\/index.php\\\/2021\\\/01\\\/20\\\/benjamin-martinez-ucha-da-administracion-de-lotaria-el-x-de-la-suerte-de-o-porrino\\\/#primaryimage\"},\"thumbnailUrl\":\"https:\\\/\\\/www.anovapeneira.gal\\\/wp-content\\\/uploads\\\/2021\\\/01\\\/Benjamin_martinez_ucha.jpg\",\"keywords\":[\"Concello do Porri\u00f1o\"],\"articleSection\":[\"A Louri\u00f1a\"],\"inLanguage\":\"gl-ES\",\"potentialAction\":[{\"@type\":\"CommentAction\",\"name\":\"Comment\",\"target\":[\"https:\\\/\\\/www.anovapeneira.gal\\\/index.php\\\/2021\\\/01\\\/20\\\/benjamin-martinez-ucha-da-administracion-de-lotaria-el-x-de-la-suerte-de-o-porrino\\\/#respond\"]}]},{\"@type\":\"WebPage\",\"@id\":\"https:\\\/\\\/www.anovapeneira.gal\\\/index.php\\\/2021\\\/01\\\/20\\\/benjamin-martinez-ucha-da-administracion-de-lotaria-el-x-de-la-suerte-de-o-porrino\\\/\",\"url\":\"https:\\\/\\\/www.anovapeneira.gal\\\/index.php\\\/2021\\\/01\\\/20\\\/benjamin-martinez-ucha-da-administracion-de-lotaria-el-x-de-la-suerte-de-o-porrino\\\/\",\"name\":\"Benjam\u00edn Mart\u00ednez Ucha da administraci\u00f3n de lotar\u00eda \u201cEl X de la suerte de O Porri\u00f1o\u201d -\",\"isPartOf\":{\"@id\":\"https:\\\/\\\/www.anovapeneira.gal\\\/#website\"},\"primaryImageOfPage\":{\"@id\":\"https:\\\/\\\/www.anovapeneira.gal\\\/index.php\\\/2021\\\/01\\\/20\\\/benjamin-martinez-ucha-da-administracion-de-lotaria-el-x-de-la-suerte-de-o-porrino\\\/#primaryimage\"},\"image\":{\"@id\":\"https:\\\/\\\/www.anovapeneira.gal\\\/index.php\\\/2021\\\/01\\\/20\\\/benjamin-martinez-ucha-da-administracion-de-lotaria-el-x-de-la-suerte-de-o-porrino\\\/#primaryimage\"},\"thumbnailUrl\":\"https:\\\/\\\/www.anovapeneira.gal\\\/wp-content\\\/uploads\\\/2021\\\/01\\\/Benjamin_martinez_ucha.jpg\",\"datePublished\":\"2021-01-20T09:00:53+00:00\",\"description\":\"Esta administraci\u00f3n de lotar\u00eda da nosa vila semella estar tocada pola deusa fortuna, pois nos \u00faltimos tempos deixo un volume enorme de premios na nosa vila. Temos o pracer de conversar con Benja, da administraci\u00f3n de lotar\u00edas \u201cEl X de la suerte de Porrino\u201d para que nos conte que se sente ao ser a \u00fanica administraci\u00f3n de venda de Lotar\u00eda de todo o Estado que foi quen de vender un primeiro premio na loter\u00eda do Nadal, e un primeiro premio no sorteo do Neno\",\"breadcrumb\":{\"@id\":\"https:\\\/\\\/www.anovapeneira.gal\\\/index.php\\\/2021\\\/01\\\/20\\\/benjamin-martinez-ucha-da-administracion-de-lotaria-el-x-de-la-suerte-de-o-porrino\\\/#breadcrumb\"},\"inLanguage\":\"gl-ES\",\"potentialAction\":[{\"@type\":\"ReadAction\",\"target\":[\"https:\\\/\\\/www.anovapeneira.gal\\\/index.php\\\/2021\\\/01\\\/20\\\/benjamin-martinez-ucha-da-administracion-de-lotaria-el-x-de-la-suerte-de-o-porrino\\\/\"]}]},{\"@type\":\"ImageObject\",\"inLanguage\":\"gl-ES\",\"@id\":\"https:\\\/\\\/www.anovapeneira.gal\\\/index.php\\\/2021\\\/01\\\/20\\\/benjamin-martinez-ucha-da-administracion-de-lotaria-el-x-de-la-suerte-de-o-porrino\\\/#primaryimage\",\"url\":\"https:\\\/\\\/www.anovapeneira.gal\\\/wp-content\\\/uploads\\\/2021\\\/01\\\/Benjamin_martinez_ucha.jpg\",\"contentUrl\":\"https:\\\/\\\/www.anovapeneira.gal\\\/wp-content\\\/uploads\\\/2021\\\/01\\\/Benjamin_martinez_ucha.jpg\",\"width\":720,\"height\":432,\"caption\":\"Benjam\u00edn Mart\u00ednez Ucha da administraci\u00f3n de lotar\u00eda \u201cEL X de la suerte de O Porri\u00f1o\u201d\"},{\"@type\":\"BreadcrumbList\",\"@id\":\"https:\\\/\\\/www.anovapeneira.gal\\\/index.php\\\/2021\\\/01\\\/20\\\/benjamin-martinez-ucha-da-administracion-de-lotaria-el-x-de-la-suerte-de-o-porrino\\\/#breadcrumb\",\"itemListElement\":[{\"@type\":\"ListItem\",\"position\":1,\"name\":\"Portada\",\"item\":\"https:\\\/\\\/www.anovapeneira.gal\\\/\"},{\"@type\":\"ListItem\",\"position\":2,\"name\":\"Benjam\u00edn Mart\u00ednez Ucha da administraci\u00f3n de lotar\u00eda \u201cEl X de la suerte de O Porri\u00f1o\u201d\"}]},{\"@type\":\"WebSite\",\"@id\":\"https:\\\/\\\/www.anovapeneira.gal\\\/#website\",\"url\":\"https:\\\/\\\/www.anovapeneira.gal\\\/\",\"name\":\"\",\"description\":\"Xornal galego de informaci\u00f3n xeral Publicaci\u00f3n mensual de novas de Galicia e en especial dos Concellos da sur da provincia de Pontevedra.\",\"publisher\":{\"@id\":\"https:\\\/\\\/www.anovapeneira.gal\\\/#organization\"},\"potentialAction\":[{\"@type\":\"SearchAction\",\"target\":{\"@type\":\"EntryPoint\",\"urlTemplate\":\"https:\\\/\\\/www.anovapeneira.gal\\\/?s={search_term_string}\"},\"query-input\":{\"@type\":\"PropertyValueSpecification\",\"valueRequired\":true,\"valueName\":\"search_term_string\"}}],\"inLanguage\":\"gl-ES\"},{\"@type\":\"Organization\",\"@id\":\"https:\\\/\\\/www.anovapeneira.gal\\\/#organization\",\"name\":\"A Nova Peneira\",\"url\":\"https:\\\/\\\/www.anovapeneira.gal\\\/\",\"logo\":{\"@type\":\"ImageObject\",\"inLanguage\":\"gl-ES\",\"@id\":\"https:\\\/\\\/www.anovapeneira.gal\\\/#\\\/schema\\\/logo\\\/image\\\/\",\"url\":\"http:\\\/\\\/www.anovapeneira.gal\\\/wp-content\\\/uploads\\\/2019\\\/06\\\/logo_a_nova_peneira_portal_web.png\",\"contentUrl\":\"http:\\\/\\\/www.anovapeneira.gal\\\/wp-content\\\/uploads\\\/2019\\\/06\\\/logo_a_nova_peneira_portal_web.png\",\"width\":300,\"height\":100,\"caption\":\"A Nova Peneira\"},\"image\":{\"@id\":\"https:\\\/\\\/www.anovapeneira.gal\\\/#\\\/schema\\\/logo\\\/image\\\/\"},\"sameAs\":[\"https:\\\/\\\/www.facebook.com\\\/anovapeneira\",\"https:\\\/\\\/x.com\\\/APeneira\"]},{\"@type\":\"Person\",\"@id\":\"https:\\\/\\\/www.anovapeneira.gal\\\/#\\\/schema\\\/person\\\/42f904d7cac80cf3f5a31494dd82a9b6\",\"name\":\"G. Figueiredo\",\"image\":{\"@type\":\"ImageObject\",\"inLanguage\":\"gl-ES\",\"@id\":\"https:\\\/\\\/secure.gravatar.com\\\/avatar\\\/2d970086688458e0398ef8b84f5cbb8cc1ec3ab115aeb8435135a9f556af97b3?s=96&d=mm&r=g\",\"url\":\"https:\\\/\\\/secure.gravatar.com\\\/avatar\\\/2d970086688458e0398ef8b84f5cbb8cc1ec3ab115aeb8435135a9f556af97b3?s=96&d=mm&r=g\",\"contentUrl\":\"https:\\\/\\\/secure.gravatar.com\\\/avatar\\\/2d970086688458e0398ef8b84f5cbb8cc1ec3ab115aeb8435135a9f556af97b3?s=96&d=mm&r=g\",\"caption\":\"G. Figueiredo\"},\"sameAs\":[\"http:\\\/\\\/www.anovapeneira.gal\\\/\"],\"url\":\"https:\\\/\\\/www.anovapeneira.gal\\\/index.php\\\/author\\\/g-figueiredo\\\/\"}]}<\/script>\n<!-- \/ Yoast SEO plugin. -->","yoast_head_json":{"title":"Benjam\u00edn Mart\u00ednez Ucha da administraci\u00f3n de lotar\u00eda \u201cEl X de la suerte de O Porri\u00f1o\u201d -","description":"Esta administraci\u00f3n de lotar\u00eda da nosa vila semella estar tocada pola deusa fortuna, pois nos \u00faltimos tempos deixo un volume enorme de premios na nosa vila. Temos o pracer de conversar con Benja, da administraci\u00f3n de lotar\u00edas \u201cEl X de la suerte de Porrino\u201d para que nos conte que se sente ao ser a \u00fanica administraci\u00f3n de venda de Lotar\u00eda de todo o Estado que foi quen de vender un primeiro premio na loter\u00eda do Nadal, e un primeiro premio no sorteo do Neno","robots":{"index":"index","follow":"follow","max-snippet":"max-snippet:-1","max-image-preview":"max-image-preview:large","max-video-preview":"max-video-preview:-1"},"canonical":"https:\/\/www.anovapeneira.gal\/index.php\/2021\/01\/20\/benjamin-martinez-ucha-da-administracion-de-lotaria-el-x-de-la-suerte-de-o-porrino\/","og_locale":"gl_ES","og_type":"article","og_title":"Benjam\u00edn Mart\u00ednez Ucha da administraci\u00f3n de lotar\u00eda \u201cEl X de la suerte de O Porri\u00f1o\u201d -","og_description":"Esta administraci\u00f3n de lotar\u00eda da nosa vila semella estar tocada pola deusa fortuna, pois nos \u00faltimos tempos deixo un volume enorme de premios na nosa vila. Temos o pracer de conversar con Benja, da administraci\u00f3n de lotar\u00edas \u201cEl X de la suerte de Porrino\u201d para que nos conte que se sente ao ser a \u00fanica administraci\u00f3n de venda de Lotar\u00eda de todo o Estado que foi quen de vender un primeiro premio na loter\u00eda do Nadal, e un primeiro premio no sorteo do Neno","og_url":"https:\/\/www.anovapeneira.gal\/index.php\/2021\/01\/20\/benjamin-martinez-ucha-da-administracion-de-lotaria-el-x-de-la-suerte-de-o-porrino\/","article_publisher":"https:\/\/www.facebook.com\/anovapeneira","article_published_time":"2021-01-20T09:00:53+00:00","og_image":[{"width":720,"height":432,"url":"https:\/\/www.anovapeneira.gal\/wp-content\/uploads\/2021\/01\/Benjamin_martinez_ucha.jpg","type":"image\/jpeg"}],"author":"G. Figueiredo","twitter_card":"summary_large_image","twitter_creator":"@APeneira","twitter_site":"@APeneira","twitter_misc":{"Escrito por":"G. Figueiredo","Tempo de lectura":"4 minutos"},"schema":{"@context":"https:\/\/schema.org","@graph":[{"@type":"Article","@id":"https:\/\/www.anovapeneira.gal\/index.php\/2021\/01\/20\/benjamin-martinez-ucha-da-administracion-de-lotaria-el-x-de-la-suerte-de-o-porrino\/#article","isPartOf":{"@id":"https:\/\/www.anovapeneira.gal\/index.php\/2021\/01\/20\/benjamin-martinez-ucha-da-administracion-de-lotaria-el-x-de-la-suerte-de-o-porrino\/"},"author":{"name":"G. Figueiredo","@id":"https:\/\/www.anovapeneira.gal\/#\/schema\/person\/42f904d7cac80cf3f5a31494dd82a9b6"},"headline":"Benjam\u00edn Mart\u00ednez Ucha da administraci\u00f3n de lotar\u00eda \u201cEl X de la suerte de O Porri\u00f1o\u201d","datePublished":"2021-01-20T09:00:53+00:00","mainEntityOfPage":{"@id":"https:\/\/www.anovapeneira.gal\/index.php\/2021\/01\/20\/benjamin-martinez-ucha-da-administracion-de-lotaria-el-x-de-la-suerte-de-o-porrino\/"},"wordCount":891,"commentCount":0,"publisher":{"@id":"https:\/\/www.anovapeneira.gal\/#organization"},"image":{"@id":"https:\/\/www.anovapeneira.gal\/index.php\/2021\/01\/20\/benjamin-martinez-ucha-da-administracion-de-lotaria-el-x-de-la-suerte-de-o-porrino\/#primaryimage"},"thumbnailUrl":"https:\/\/www.anovapeneira.gal\/wp-content\/uploads\/2021\/01\/Benjamin_martinez_ucha.jpg","keywords":["Concello do Porri\u00f1o"],"articleSection":["A Louri\u00f1a"],"inLanguage":"gl-ES","potentialAction":[{"@type":"CommentAction","name":"Comment","target":["https:\/\/www.anovapeneira.gal\/index.php\/2021\/01\/20\/benjamin-martinez-ucha-da-administracion-de-lotaria-el-x-de-la-suerte-de-o-porrino\/#respond"]}]},{"@type":"WebPage","@id":"https:\/\/www.anovapeneira.gal\/index.php\/2021\/01\/20\/benjamin-martinez-ucha-da-administracion-de-lotaria-el-x-de-la-suerte-de-o-porrino\/","url":"https:\/\/www.anovapeneira.gal\/index.php\/2021\/01\/20\/benjamin-martinez-ucha-da-administracion-de-lotaria-el-x-de-la-suerte-de-o-porrino\/","name":"Benjam\u00edn Mart\u00ednez Ucha da administraci\u00f3n de lotar\u00eda \u201cEl X de la suerte de O Porri\u00f1o\u201d -","isPartOf":{"@id":"https:\/\/www.anovapeneira.gal\/#website"},"primaryImageOfPage":{"@id":"https:\/\/www.anovapeneira.gal\/index.php\/2021\/01\/20\/benjamin-martinez-ucha-da-administracion-de-lotaria-el-x-de-la-suerte-de-o-porrino\/#primaryimage"},"image":{"@id":"https:\/\/www.anovapeneira.gal\/index.php\/2021\/01\/20\/benjamin-martinez-ucha-da-administracion-de-lotaria-el-x-de-la-suerte-de-o-porrino\/#primaryimage"},"thumbnailUrl":"https:\/\/www.anovapeneira.gal\/wp-content\/uploads\/2021\/01\/Benjamin_martinez_ucha.jpg","datePublished":"2021-01-20T09:00:53+00:00","description":"Esta administraci\u00f3n de lotar\u00eda da nosa vila semella estar tocada pola deusa fortuna, pois nos \u00faltimos tempos deixo un volume enorme de premios na nosa vila. Temos o pracer de conversar con Benja, da administraci\u00f3n de lotar\u00edas \u201cEl X de la suerte de Porrino\u201d para que nos conte que se sente ao ser a \u00fanica administraci\u00f3n de venda de Lotar\u00eda de todo o Estado que foi quen de vender un primeiro premio na loter\u00eda do Nadal, e un primeiro premio no sorteo do Neno","breadcrumb":{"@id":"https:\/\/www.anovapeneira.gal\/index.php\/2021\/01\/20\/benjamin-martinez-ucha-da-administracion-de-lotaria-el-x-de-la-suerte-de-o-porrino\/#breadcrumb"},"inLanguage":"gl-ES","potentialAction":[{"@type":"ReadAction","target":["https:\/\/www.anovapeneira.gal\/index.php\/2021\/01\/20\/benjamin-martinez-ucha-da-administracion-de-lotaria-el-x-de-la-suerte-de-o-porrino\/"]}]},{"@type":"ImageObject","inLanguage":"gl-ES","@id":"https:\/\/www.anovapeneira.gal\/index.php\/2021\/01\/20\/benjamin-martinez-ucha-da-administracion-de-lotaria-el-x-de-la-suerte-de-o-porrino\/#primaryimage","url":"https:\/\/www.anovapeneira.gal\/wp-content\/uploads\/2021\/01\/Benjamin_martinez_ucha.jpg","contentUrl":"https:\/\/www.anovapeneira.gal\/wp-content\/uploads\/2021\/01\/Benjamin_martinez_ucha.jpg","width":720,"height":432,"caption":"Benjam\u00edn Mart\u00ednez Ucha da administraci\u00f3n de lotar\u00eda \u201cEL X de la suerte de O Porri\u00f1o\u201d"},{"@type":"BreadcrumbList","@id":"https:\/\/www.anovapeneira.gal\/index.php\/2021\/01\/20\/benjamin-martinez-ucha-da-administracion-de-lotaria-el-x-de-la-suerte-de-o-porrino\/#breadcrumb","itemListElement":[{"@type":"ListItem","position":1,"name":"Portada","item":"https:\/\/www.anovapeneira.gal\/"},{"@type":"ListItem","position":2,"name":"Benjam\u00edn Mart\u00ednez Ucha da administraci\u00f3n de lotar\u00eda \u201cEl X de la suerte de O Porri\u00f1o\u201d"}]},{"@type":"WebSite","@id":"https:\/\/www.anovapeneira.gal\/#website","url":"https:\/\/www.anovapeneira.gal\/","name":"","description":"Xornal galego de informaci\u00f3n xeral Publicaci\u00f3n mensual de novas de Galicia e en especial dos Concellos da sur da provincia de Pontevedra.","publisher":{"@id":"https:\/\/www.anovapeneira.gal\/#organization"},"potentialAction":[{"@type":"SearchAction","target":{"@type":"EntryPoint","urlTemplate":"https:\/\/www.anovapeneira.gal\/?s={search_term_string}"},"query-input":{"@type":"PropertyValueSpecification","valueRequired":true,"valueName":"search_term_string"}}],"inLanguage":"gl-ES"},{"@type":"Organization","@id":"https:\/\/www.anovapeneira.gal\/#organization","name":"A Nova Peneira","url":"https:\/\/www.anovapeneira.gal\/","logo":{"@type":"ImageObject","inLanguage":"gl-ES","@id":"https:\/\/www.anovapeneira.gal\/#\/schema\/logo\/image\/","url":"http:\/\/www.anovapeneira.gal\/wp-content\/uploads\/2019\/06\/logo_a_nova_peneira_portal_web.png","contentUrl":"http:\/\/www.anovapeneira.gal\/wp-content\/uploads\/2019\/06\/logo_a_nova_peneira_portal_web.png","width":300,"height":100,"caption":"A Nova Peneira"},"image":{"@id":"https:\/\/www.anovapeneira.gal\/#\/schema\/logo\/image\/"},"sameAs":["https:\/\/www.facebook.com\/anovapeneira","https:\/\/x.com\/APeneira"]},{"@type":"Person","@id":"https:\/\/www.anovapeneira.gal\/#\/schema\/person\/42f904d7cac80cf3f5a31494dd82a9b6","name":"G. Figueiredo","image":{"@type":"ImageObject","inLanguage":"gl-ES","@id":"https:\/\/secure.gravatar.com\/avatar\/2d970086688458e0398ef8b84f5cbb8cc1ec3ab115aeb8435135a9f556af97b3?s=96&d=mm&r=g","url":"https:\/\/secure.gravatar.com\/avatar\/2d970086688458e0398ef8b84f5cbb8cc1ec3ab115aeb8435135a9f556af97b3?s=96&d=mm&r=g","contentUrl":"https:\/\/secure.gravatar.com\/avatar\/2d970086688458e0398ef8b84f5cbb8cc1ec3ab115aeb8435135a9f556af97b3?s=96&d=mm&r=g","caption":"G. Figueiredo"},"sameAs":["http:\/\/www.anovapeneira.gal\/"],"url":"https:\/\/www.anovapeneira.gal\/index.php\/author\/g-figueiredo\/"}]}},"jetpack_featured_media_url":"https:\/\/www.anovapeneira.gal\/wp-content\/uploads\/2021\/01\/Benjamin_martinez_ucha.jpg","_links":{"self":[{"href":"https:\/\/www.anovapeneira.gal\/index.php\/wp-json\/wp\/v2\/posts\/4684","targetHints":{"allow":["GET"]}}],"collection":[{"href":"https:\/\/www.anovapeneira.gal\/index.php\/wp-json\/wp\/v2\/posts"}],"about":[{"href":"https:\/\/www.anovapeneira.gal\/index.php\/wp-json\/wp\/v2\/types\/post"}],"author":[{"embeddable":true,"href":"https:\/\/www.anovapeneira.gal\/index.php\/wp-json\/wp\/v2\/users\/17"}],"replies":[{"embeddable":true,"href":"https:\/\/www.anovapeneira.gal\/index.php\/wp-json\/wp\/v2\/comments?post=4684"}],"version-history":[{"count":2,"href":"https:\/\/www.anovapeneira.gal\/index.php\/wp-json\/wp\/v2\/posts\/4684\/revisions"}],"predecessor-version":[{"id":4689,"href":"https:\/\/www.anovapeneira.gal\/index.php\/wp-json\/wp\/v2\/posts\/4684\/revisions\/4689"}],"wp:featuredmedia":[{"embeddable":true,"href":"https:\/\/www.anovapeneira.gal\/index.php\/wp-json\/wp\/v2\/media\/4686"}],"wp:attachment":[{"href":"https:\/\/www.anovapeneira.gal\/index.php\/wp-json\/wp\/v2\/media?parent=4684"}],"wp:term":[{"taxonomy":"category","embeddable":true,"href":"https:\/\/www.anovapeneira.gal\/index.php\/wp-json\/wp\/v2\/categories?post=4684"},{"taxonomy":"post_tag","embeddable":true,"href":"https:\/\/www.anovapeneira.gal\/index.php\/wp-json\/wp\/v2\/tags?post=4684"}],"curies":[{"name":"wp","href":"https:\/\/api.w.org\/{rel}","templated":true}]}}