{"id":4690,"date":"2021-01-20T12:00:02","date_gmt":"2021-01-20T11:00:02","guid":{"rendered":"http:\/\/www.anovapeneira.gal\/?p=4690"},"modified":"2021-01-17T20:53:31","modified_gmt":"2021-01-17T19:53:31","slug":"indignacion-vecinal-pola-acumulacion-de-residuos-dunha-empresa-en-cepeda","status":"publish","type":"post","link":"https:\/\/www.anovapeneira.gal\/index.php\/2021\/01\/20\/indignacion-vecinal-pola-acumulacion-de-residuos-dunha-empresa-en-cepeda\/","title":{"rendered":"Indignaci\u00f3n veci\u00f1al pola acumulaci\u00f3n de residuos dunha empresa en Cepeda"},"content":{"rendered":"\n<p>Unha empresa acumula unha inxente cantidade de residuos na parroquia de Cepeda,ata convertelo nun aut\u00e9ntico vertedeiro. Veci\u00f1os e veci\u00f1as amosan e s\u00faa indignaci\u00f3n e estupor pola situaci\u00f3n e pola conivencia do Concello. O propietario da empresa ameaza ao voceiro de Alternativa Veci\u00f1al. <\/p>\n\n\n\n<p>Pazos de Borb\u00e9n, 15 de xaneiro de 2021 &#8211; Enormes cantidades de pal\u00e9s de madeira e de pl\u00e1sticos que terminan ciscados pola zona ou queimados sen control ning\u00fan, chatarra, coches abandonados&#8230; \u00e9 a terror\u00edfica imaxe que se vai atopar calquera persoa que se achegue ao entorno do torreiro da parroquia Cepeda. O que sup\u00f3n deb\u00eda ser unha empresa de reciclaxe en realidade \u00e9 un aut\u00e9ntico vertedeiro incontrolado. <\/p>\n\n\n\n<p>O malestar e a indignaci\u00f3n veci\u00f1al medran ao ver que pasa o tempo e a situaci\u00f3n, que se arrastra dende fai anos, non s\u00f3 non se corrixe se non que vai a peor, cos residuos acumul\u00e1ndose e espall\u00e1ndose sen control. Os veci\u00f1os e veci\u00f1as preg\u00fantanse, con asombro, como ningunha autoridade tomou cartas no asunto e apuntan a unha evidente complicidade do Concello, co\u00f1ecedorda situaci\u00f3n. <\/p>\n\n\n\n<p>Alternativa Veci\u00f1al comparte a indignaci\u00f3n veci\u00f1al e tam\u00e9n sinala unha innegable conivencia municipal. A agrupaci\u00f3n trasladou en diversas ocasi\u00f3ns preguntas ao Pleno demandan do explicaci\u00f3ns pola situaci\u00f3n, obtendo unicamente respostas evasivas por parte do goberno municipal. E o que \u00e9 m\u00e1is grave, o propietario da empresa ten co\u00f1ecemento de cada papel que rexistra AV noConcello en relaci\u00f3n con este asunto.<\/p>\n\n\n\n<p>DENUNCIA POR AMEAZASA <\/p>\n\n\n\n<p>Ata en d\u00faas ocasi\u00f3ns o propietario da empresa se presentou no domicilio particular do voceiro de AV, Luciano Otero, ao d\u00eda seguinte deste rexistrar na sede municipal preguntas ou solicitud espara consulta do expediente. Na \u00faltima destas \u201cvisitas\u201d proferindo amezas directas, \u201cm\u00e1is che valeque retires iso porque estiven no c\u00e1rcere e non me importa volver\u201d. Estas ameazas foron denunciadas por Luciano Otero, \u201cun dos piares da democracia \u00e9 que a oposici\u00f3n poidamos fiscalizar a labor do goberno, non se pode consentir que se nos queira privardese dereito por medio de ameazas, nin que o m\u00e1is botado para diante e m\u00e1is amigo do Alcalde fagao queira sen consecuencias\u201d. Tam\u00e9n demandou que se depuren responsabilidades no Concelloporque \u201chai persoas que non est\u00e1n a gardar a debida reserva coa informaci\u00f3n \u00e1 que te\u00f1en accesopolo cargo, utiliz\u00e1ndoa en prexu\u00edzo do interese p\u00fablico e para favorecer a amigos\u201d. <\/p>\n\n\n\n<p>Alternativa Veci\u00f1al vai a seguir demandando que se adopten medidas para corrixir esta situaci\u00f3n e estudando a situaci\u00f3n legal desta empresa.<\/p>\n","protected":false},"excerpt":{"rendered":"<div class=\"mh-excerpt\"><p>Unha empresa acumula unha inxente cantidade de residuos na parroquia de Cepeda,ata convertelo nun aut\u00e9ntico vertedeiro. Veci\u00f1os e veci\u00f1as amosan e s\u00faa indignaci\u00f3n e estupor pola situaci\u00f3n e pola conivencia do Concello. O propietario da empresa ameaza ao voceiro de Alternativa Veci\u00f1al <a class=\"mh-excerpt-more\" href=\"https:\/\/www.anovapeneira.gal\/index.php\/2021\/01\/20\/indignacion-vecinal-pola-acumulacion-de-residuos-dunha-empresa-en-cepeda\/\" title=\"Indignaci\u00f3n veci\u00f1al pola acumulaci\u00f3n de residuos dunha empresa en Cepeda\">[&#8230;]<\/a><\/p>\n<\/div>","protected":false},"author":3,"featured_media":4692,"comment_status":"open","ping_status":"open","sticky":false,"template":"","format":"standard","meta":{"_exactmetrics_skip_tracking":false,"_exactmetrics_sitenote_active":false,"_exactmetrics_sitenote_note":"","_exactmetrics_sitenote_category":0,"footnotes":""},"categories":[24],"tags":[951],"class_list":{"0":"post-4690","1":"post","2":"type-post","3":"status-publish","4":"format-standard","5":"has-post-thumbnail","7":"category-redondela","8":"tag-concello-pazos-de-borben"},"yoast_head":"<!-- This site is optimized with the Yoast SEO plugin v27.4 - https:\/\/yoast.com\/product\/yoast-seo-wordpress\/ -->\n<title>Indignaci\u00f3n veci\u00f1al pola acumulaci\u00f3n de residuos dunha empresa en Cepeda -<\/title>\n<meta name=\"description\" content=\"Unha empresa acumula unha inxente cantidade de residuos na parroquia de Cepeda,ata convertelo nun aut\u00e9ntico vertedeiro. Veci\u00f1os e veci\u00f1as amosan e s\u00faa indignaci\u00f3n e estupor pola situaci\u00f3n e pola conivencia do Concello. O propietario da empresa ameaza ao voceiro de Alternativa Veci\u00f1al.\" \/>\n<meta name=\"robots\" content=\"index, follow, max-snippet:-1, max-image-preview:large, max-video-preview:-1\" \/>\n<link rel=\"canonical\" href=\"https:\/\/www.anovapeneira.gal\/index.php\/2021\/01\/20\/indignacion-vecinal-pola-acumulacion-de-residuos-dunha-empresa-en-cepeda\/\" \/>\n<meta property=\"og:locale\" content=\"gl_ES\" \/>\n<meta property=\"og:type\" content=\"article\" \/>\n<meta property=\"og:title\" content=\"Indignaci\u00f3n veci\u00f1al pola acumulaci\u00f3n de residuos dunha empresa en Cepeda -\" \/>\n<meta property=\"og:description\" content=\"Unha empresa acumula unha inxente cantidade de residuos na parroquia de Cepeda,ata convertelo nun aut\u00e9ntico vertedeiro. Veci\u00f1os e veci\u00f1as amosan e s\u00faa indignaci\u00f3n e estupor pola situaci\u00f3n e pola conivencia do Concello. O propietario da empresa ameaza ao voceiro de Alternativa Veci\u00f1al.\" \/>\n<meta property=\"og:url\" content=\"https:\/\/www.anovapeneira.gal\/index.php\/2021\/01\/20\/indignacion-vecinal-pola-acumulacion-de-residuos-dunha-empresa-en-cepeda\/\" \/>\n<meta property=\"article:publisher\" content=\"https:\/\/www.facebook.com\/anovapeneira\" \/>\n<meta property=\"article:published_time\" content=\"2021-01-20T11:00:02+00:00\" \/>\n<meta property=\"og:image\" content=\"https:\/\/www.anovapeneira.gal\/wp-content\/uploads\/2021\/01\/foto-cepeda.jpg\" \/>\n\t<meta property=\"og:image:width\" content=\"720\" \/>\n\t<meta property=\"og:image:height\" content=\"432\" \/>\n\t<meta property=\"og:image:type\" content=\"image\/jpeg\" \/>\n<meta name=\"author\" content=\"Redacci\u00f3n A Nova Peneira\" \/>\n<meta name=\"twitter:card\" content=\"summary_large_image\" \/>\n<meta name=\"twitter:creator\" content=\"@APeneira\" \/>\n<meta name=\"twitter:site\" content=\"@APeneira\" \/>\n<meta name=\"twitter:label1\" content=\"Escrito por\" \/>\n\t<meta name=\"twitter:data1\" content=\"Redacci\u00f3n A Nova Peneira\" \/>\n\t<meta name=\"twitter:label2\" content=\"Tempo de lectura\" \/>\n\t<meta name=\"twitter:data2\" content=\"2 minutos\" \/>\n<script type=\"application\/ld+json\" class=\"yoast-schema-graph\">{\"@context\":\"https:\\\/\\\/schema.org\",\"@graph\":[{\"@type\":\"Article\",\"@id\":\"https:\\\/\\\/www.anovapeneira.gal\\\/index.php\\\/2021\\\/01\\\/20\\\/indignacion-vecinal-pola-acumulacion-de-residuos-dunha-empresa-en-cepeda\\\/#article\",\"isPartOf\":{\"@id\":\"https:\\\/\\\/www.anovapeneira.gal\\\/index.php\\\/2021\\\/01\\\/20\\\/indignacion-vecinal-pola-acumulacion-de-residuos-dunha-empresa-en-cepeda\\\/\"},\"author\":{\"name\":\"Redacci\u00f3n A Nova Peneira\",\"@id\":\"https:\\\/\\\/www.anovapeneira.gal\\\/#\\\/schema\\\/person\\\/b93e3f8932e3f8da96334607eb6ac6aa\"},\"headline\":\"Indignaci\u00f3n veci\u00f1al pola acumulaci\u00f3n de residuos dunha empresa en Cepeda\",\"datePublished\":\"2021-01-20T11:00:02+00:00\",\"mainEntityOfPage\":{\"@id\":\"https:\\\/\\\/www.anovapeneira.gal\\\/index.php\\\/2021\\\/01\\\/20\\\/indignacion-vecinal-pola-acumulacion-de-residuos-dunha-empresa-en-cepeda\\\/\"},\"wordCount\":461,\"commentCount\":0,\"publisher\":{\"@id\":\"https:\\\/\\\/www.anovapeneira.gal\\\/#organization\"},\"image\":{\"@id\":\"https:\\\/\\\/www.anovapeneira.gal\\\/index.php\\\/2021\\\/01\\\/20\\\/indignacion-vecinal-pola-acumulacion-de-residuos-dunha-empresa-en-cepeda\\\/#primaryimage\"},\"thumbnailUrl\":\"https:\\\/\\\/www.anovapeneira.gal\\\/wp-content\\\/uploads\\\/2021\\\/01\\\/foto-cepeda.jpg\",\"keywords\":[\"Concello Pazos de Borb\u00e9n\"],\"articleSection\":[\"Redondela\"],\"inLanguage\":\"gl-ES\",\"potentialAction\":[{\"@type\":\"CommentAction\",\"name\":\"Comment\",\"target\":[\"https:\\\/\\\/www.anovapeneira.gal\\\/index.php\\\/2021\\\/01\\\/20\\\/indignacion-vecinal-pola-acumulacion-de-residuos-dunha-empresa-en-cepeda\\\/#respond\"]}]},{\"@type\":\"WebPage\",\"@id\":\"https:\\\/\\\/www.anovapeneira.gal\\\/index.php\\\/2021\\\/01\\\/20\\\/indignacion-vecinal-pola-acumulacion-de-residuos-dunha-empresa-en-cepeda\\\/\",\"url\":\"https:\\\/\\\/www.anovapeneira.gal\\\/index.php\\\/2021\\\/01\\\/20\\\/indignacion-vecinal-pola-acumulacion-de-residuos-dunha-empresa-en-cepeda\\\/\",\"name\":\"Indignaci\u00f3n veci\u00f1al pola acumulaci\u00f3n de residuos dunha empresa en Cepeda -\",\"isPartOf\":{\"@id\":\"https:\\\/\\\/www.anovapeneira.gal\\\/#website\"},\"primaryImageOfPage\":{\"@id\":\"https:\\\/\\\/www.anovapeneira.gal\\\/index.php\\\/2021\\\/01\\\/20\\\/indignacion-vecinal-pola-acumulacion-de-residuos-dunha-empresa-en-cepeda\\\/#primaryimage\"},\"image\":{\"@id\":\"https:\\\/\\\/www.anovapeneira.gal\\\/index.php\\\/2021\\\/01\\\/20\\\/indignacion-vecinal-pola-acumulacion-de-residuos-dunha-empresa-en-cepeda\\\/#primaryimage\"},\"thumbnailUrl\":\"https:\\\/\\\/www.anovapeneira.gal\\\/wp-content\\\/uploads\\\/2021\\\/01\\\/foto-cepeda.jpg\",\"datePublished\":\"2021-01-20T11:00:02+00:00\",\"description\":\"Unha empresa acumula unha inxente cantidade de residuos na parroquia de Cepeda,ata convertelo nun aut\u00e9ntico vertedeiro. Veci\u00f1os e veci\u00f1as amosan e s\u00faa indignaci\u00f3n e estupor pola situaci\u00f3n e pola conivencia do Concello. O propietario da empresa ameaza ao voceiro de Alternativa Veci\u00f1al.\",\"breadcrumb\":{\"@id\":\"https:\\\/\\\/www.anovapeneira.gal\\\/index.php\\\/2021\\\/01\\\/20\\\/indignacion-vecinal-pola-acumulacion-de-residuos-dunha-empresa-en-cepeda\\\/#breadcrumb\"},\"inLanguage\":\"gl-ES\",\"potentialAction\":[{\"@type\":\"ReadAction\",\"target\":[\"https:\\\/\\\/www.anovapeneira.gal\\\/index.php\\\/2021\\\/01\\\/20\\\/indignacion-vecinal-pola-acumulacion-de-residuos-dunha-empresa-en-cepeda\\\/\"]}]},{\"@type\":\"ImageObject\",\"inLanguage\":\"gl-ES\",\"@id\":\"https:\\\/\\\/www.anovapeneira.gal\\\/index.php\\\/2021\\\/01\\\/20\\\/indignacion-vecinal-pola-acumulacion-de-residuos-dunha-empresa-en-cepeda\\\/#primaryimage\",\"url\":\"https:\\\/\\\/www.anovapeneira.gal\\\/wp-content\\\/uploads\\\/2021\\\/01\\\/foto-cepeda.jpg\",\"contentUrl\":\"https:\\\/\\\/www.anovapeneira.gal\\\/wp-content\\\/uploads\\\/2021\\\/01\\\/foto-cepeda.jpg\",\"width\":720,\"height\":432,\"caption\":\"Indignaci\u00f3n veci\u00f1al pola acumulaci\u00f3n de residuos dunha empresa en Cepeda\"},{\"@type\":\"BreadcrumbList\",\"@id\":\"https:\\\/\\\/www.anovapeneira.gal\\\/index.php\\\/2021\\\/01\\\/20\\\/indignacion-vecinal-pola-acumulacion-de-residuos-dunha-empresa-en-cepeda\\\/#breadcrumb\",\"itemListElement\":[{\"@type\":\"ListItem\",\"position\":1,\"name\":\"Portada\",\"item\":\"https:\\\/\\\/www.anovapeneira.gal\\\/\"},{\"@type\":\"ListItem\",\"position\":2,\"name\":\"Indignaci\u00f3n veci\u00f1al pola acumulaci\u00f3n de residuos dunha empresa en Cepeda\"}]},{\"@type\":\"WebSite\",\"@id\":\"https:\\\/\\\/www.anovapeneira.gal\\\/#website\",\"url\":\"https:\\\/\\\/www.anovapeneira.gal\\\/\",\"name\":\"\",\"description\":\"Xornal galego de informaci\u00f3n xeral Publicaci\u00f3n mensual de novas de Galicia e en especial dos Concellos da sur da provincia de Pontevedra.\",\"publisher\":{\"@id\":\"https:\\\/\\\/www.anovapeneira.gal\\\/#organization\"},\"potentialAction\":[{\"@type\":\"SearchAction\",\"target\":{\"@type\":\"EntryPoint\",\"urlTemplate\":\"https:\\\/\\\/www.anovapeneira.gal\\\/?s={search_term_string}\"},\"query-input\":{\"@type\":\"PropertyValueSpecification\",\"valueRequired\":true,\"valueName\":\"search_term_string\"}}],\"inLanguage\":\"gl-ES\"},{\"@type\":\"Organization\",\"@id\":\"https:\\\/\\\/www.anovapeneira.gal\\\/#organization\",\"name\":\"A Nova Peneira\",\"url\":\"https:\\\/\\\/www.anovapeneira.gal\\\/\",\"logo\":{\"@type\":\"ImageObject\",\"inLanguage\":\"gl-ES\",\"@id\":\"https:\\\/\\\/www.anovapeneira.gal\\\/#\\\/schema\\\/logo\\\/image\\\/\",\"url\":\"http:\\\/\\\/www.anovapeneira.gal\\\/wp-content\\\/uploads\\\/2019\\\/06\\\/logo_a_nova_peneira_portal_web.png\",\"contentUrl\":\"http:\\\/\\\/www.anovapeneira.gal\\\/wp-content\\\/uploads\\\/2019\\\/06\\\/logo_a_nova_peneira_portal_web.png\",\"width\":300,\"height\":100,\"caption\":\"A Nova Peneira\"},\"image\":{\"@id\":\"https:\\\/\\\/www.anovapeneira.gal\\\/#\\\/schema\\\/logo\\\/image\\\/\"},\"sameAs\":[\"https:\\\/\\\/www.facebook.com\\\/anovapeneira\",\"https:\\\/\\\/x.com\\\/APeneira\"]},{\"@type\":\"Person\",\"@id\":\"https:\\\/\\\/www.anovapeneira.gal\\\/#\\\/schema\\\/person\\\/b93e3f8932e3f8da96334607eb6ac6aa\",\"name\":\"Redacci\u00f3n A Nova Peneira\",\"image\":{\"@type\":\"ImageObject\",\"inLanguage\":\"gl-ES\",\"@id\":\"https:\\\/\\\/secure.gravatar.com\\\/avatar\\\/c052a2551a06e23fac63626232eaa90abd78dbcf1700fc46a2b2c89fd27b735f?s=96&d=mm&r=g\",\"url\":\"https:\\\/\\\/secure.gravatar.com\\\/avatar\\\/c052a2551a06e23fac63626232eaa90abd78dbcf1700fc46a2b2c89fd27b735f?s=96&d=mm&r=g\",\"contentUrl\":\"https:\\\/\\\/secure.gravatar.com\\\/avatar\\\/c052a2551a06e23fac63626232eaa90abd78dbcf1700fc46a2b2c89fd27b735f?s=96&d=mm&r=g\",\"caption\":\"Redacci\u00f3n A Nova Peneira\"},\"sameAs\":[\"http:\\\/\\\/www.anovapeneira.gal\\\/\"],\"url\":\"https:\\\/\\\/www.anovapeneira.gal\\\/index.php\\\/author\\\/redactor\\\/\"}]}<\/script>\n<!-- \/ Yoast SEO plugin. -->","yoast_head_json":{"title":"Indignaci\u00f3n veci\u00f1al pola acumulaci\u00f3n de residuos dunha empresa en Cepeda -","description":"Unha empresa acumula unha inxente cantidade de residuos na parroquia de Cepeda,ata convertelo nun aut\u00e9ntico vertedeiro. Veci\u00f1os e veci\u00f1as amosan e s\u00faa indignaci\u00f3n e estupor pola situaci\u00f3n e pola conivencia do Concello. O propietario da empresa ameaza ao voceiro de Alternativa Veci\u00f1al.","robots":{"index":"index","follow":"follow","max-snippet":"max-snippet:-1","max-image-preview":"max-image-preview:large","max-video-preview":"max-video-preview:-1"},"canonical":"https:\/\/www.anovapeneira.gal\/index.php\/2021\/01\/20\/indignacion-vecinal-pola-acumulacion-de-residuos-dunha-empresa-en-cepeda\/","og_locale":"gl_ES","og_type":"article","og_title":"Indignaci\u00f3n veci\u00f1al pola acumulaci\u00f3n de residuos dunha empresa en Cepeda -","og_description":"Unha empresa acumula unha inxente cantidade de residuos na parroquia de Cepeda,ata convertelo nun aut\u00e9ntico vertedeiro. Veci\u00f1os e veci\u00f1as amosan e s\u00faa indignaci\u00f3n e estupor pola situaci\u00f3n e pola conivencia do Concello. O propietario da empresa ameaza ao voceiro de Alternativa Veci\u00f1al.","og_url":"https:\/\/www.anovapeneira.gal\/index.php\/2021\/01\/20\/indignacion-vecinal-pola-acumulacion-de-residuos-dunha-empresa-en-cepeda\/","article_publisher":"https:\/\/www.facebook.com\/anovapeneira","article_published_time":"2021-01-20T11:00:02+00:00","og_image":[{"width":720,"height":432,"url":"https:\/\/www.anovapeneira.gal\/wp-content\/uploads\/2021\/01\/foto-cepeda.jpg","type":"image\/jpeg"}],"author":"Redacci\u00f3n A Nova Peneira","twitter_card":"summary_large_image","twitter_creator":"@APeneira","twitter_site":"@APeneira","twitter_misc":{"Escrito por":"Redacci\u00f3n A Nova Peneira","Tempo de lectura":"2 minutos"},"schema":{"@context":"https:\/\/schema.org","@graph":[{"@type":"Article","@id":"https:\/\/www.anovapeneira.gal\/index.php\/2021\/01\/20\/indignacion-vecinal-pola-acumulacion-de-residuos-dunha-empresa-en-cepeda\/#article","isPartOf":{"@id":"https:\/\/www.anovapeneira.gal\/index.php\/2021\/01\/20\/indignacion-vecinal-pola-acumulacion-de-residuos-dunha-empresa-en-cepeda\/"},"author":{"name":"Redacci\u00f3n A Nova Peneira","@id":"https:\/\/www.anovapeneira.gal\/#\/schema\/person\/b93e3f8932e3f8da96334607eb6ac6aa"},"headline":"Indignaci\u00f3n veci\u00f1al pola acumulaci\u00f3n de residuos dunha empresa en Cepeda","datePublished":"2021-01-20T11:00:02+00:00","mainEntityOfPage":{"@id":"https:\/\/www.anovapeneira.gal\/index.php\/2021\/01\/20\/indignacion-vecinal-pola-acumulacion-de-residuos-dunha-empresa-en-cepeda\/"},"wordCount":461,"commentCount":0,"publisher":{"@id":"https:\/\/www.anovapeneira.gal\/#organization"},"image":{"@id":"https:\/\/www.anovapeneira.gal\/index.php\/2021\/01\/20\/indignacion-vecinal-pola-acumulacion-de-residuos-dunha-empresa-en-cepeda\/#primaryimage"},"thumbnailUrl":"https:\/\/www.anovapeneira.gal\/wp-content\/uploads\/2021\/01\/foto-cepeda.jpg","keywords":["Concello Pazos de Borb\u00e9n"],"articleSection":["Redondela"],"inLanguage":"gl-ES","potentialAction":[{"@type":"CommentAction","name":"Comment","target":["https:\/\/www.anovapeneira.gal\/index.php\/2021\/01\/20\/indignacion-vecinal-pola-acumulacion-de-residuos-dunha-empresa-en-cepeda\/#respond"]}]},{"@type":"WebPage","@id":"https:\/\/www.anovapeneira.gal\/index.php\/2021\/01\/20\/indignacion-vecinal-pola-acumulacion-de-residuos-dunha-empresa-en-cepeda\/","url":"https:\/\/www.anovapeneira.gal\/index.php\/2021\/01\/20\/indignacion-vecinal-pola-acumulacion-de-residuos-dunha-empresa-en-cepeda\/","name":"Indignaci\u00f3n veci\u00f1al pola acumulaci\u00f3n de residuos dunha empresa en Cepeda -","isPartOf":{"@id":"https:\/\/www.anovapeneira.gal\/#website"},"primaryImageOfPage":{"@id":"https:\/\/www.anovapeneira.gal\/index.php\/2021\/01\/20\/indignacion-vecinal-pola-acumulacion-de-residuos-dunha-empresa-en-cepeda\/#primaryimage"},"image":{"@id":"https:\/\/www.anovapeneira.gal\/index.php\/2021\/01\/20\/indignacion-vecinal-pola-acumulacion-de-residuos-dunha-empresa-en-cepeda\/#primaryimage"},"thumbnailUrl":"https:\/\/www.anovapeneira.gal\/wp-content\/uploads\/2021\/01\/foto-cepeda.jpg","datePublished":"2021-01-20T11:00:02+00:00","description":"Unha empresa acumula unha inxente cantidade de residuos na parroquia de Cepeda,ata convertelo nun aut\u00e9ntico vertedeiro. Veci\u00f1os e veci\u00f1as amosan e s\u00faa indignaci\u00f3n e estupor pola situaci\u00f3n e pola conivencia do Concello. O propietario da empresa ameaza ao voceiro de Alternativa Veci\u00f1al.","breadcrumb":{"@id":"https:\/\/www.anovapeneira.gal\/index.php\/2021\/01\/20\/indignacion-vecinal-pola-acumulacion-de-residuos-dunha-empresa-en-cepeda\/#breadcrumb"},"inLanguage":"gl-ES","potentialAction":[{"@type":"ReadAction","target":["https:\/\/www.anovapeneira.gal\/index.php\/2021\/01\/20\/indignacion-vecinal-pola-acumulacion-de-residuos-dunha-empresa-en-cepeda\/"]}]},{"@type":"ImageObject","inLanguage":"gl-ES","@id":"https:\/\/www.anovapeneira.gal\/index.php\/2021\/01\/20\/indignacion-vecinal-pola-acumulacion-de-residuos-dunha-empresa-en-cepeda\/#primaryimage","url":"https:\/\/www.anovapeneira.gal\/wp-content\/uploads\/2021\/01\/foto-cepeda.jpg","contentUrl":"https:\/\/www.anovapeneira.gal\/wp-content\/uploads\/2021\/01\/foto-cepeda.jpg","width":720,"height":432,"caption":"Indignaci\u00f3n veci\u00f1al pola acumulaci\u00f3n de residuos dunha empresa en Cepeda"},{"@type":"BreadcrumbList","@id":"https:\/\/www.anovapeneira.gal\/index.php\/2021\/01\/20\/indignacion-vecinal-pola-acumulacion-de-residuos-dunha-empresa-en-cepeda\/#breadcrumb","itemListElement":[{"@type":"ListItem","position":1,"name":"Portada","item":"https:\/\/www.anovapeneira.gal\/"},{"@type":"ListItem","position":2,"name":"Indignaci\u00f3n veci\u00f1al pola acumulaci\u00f3n de residuos dunha empresa en Cepeda"}]},{"@type":"WebSite","@id":"https:\/\/www.anovapeneira.gal\/#website","url":"https:\/\/www.anovapeneira.gal\/","name":"","description":"Xornal galego de informaci\u00f3n xeral Publicaci\u00f3n mensual de novas de Galicia e en especial dos Concellos da sur da provincia de Pontevedra.","publisher":{"@id":"https:\/\/www.anovapeneira.gal\/#organization"},"potentialAction":[{"@type":"SearchAction","target":{"@type":"EntryPoint","urlTemplate":"https:\/\/www.anovapeneira.gal\/?s={search_term_string}"},"query-input":{"@type":"PropertyValueSpecification","valueRequired":true,"valueName":"search_term_string"}}],"inLanguage":"gl-ES"},{"@type":"Organization","@id":"https:\/\/www.anovapeneira.gal\/#organization","name":"A Nova Peneira","url":"https:\/\/www.anovapeneira.gal\/","logo":{"@type":"ImageObject","inLanguage":"gl-ES","@id":"https:\/\/www.anovapeneira.gal\/#\/schema\/logo\/image\/","url":"http:\/\/www.anovapeneira.gal\/wp-content\/uploads\/2019\/06\/logo_a_nova_peneira_portal_web.png","contentUrl":"http:\/\/www.anovapeneira.gal\/wp-content\/uploads\/2019\/06\/logo_a_nova_peneira_portal_web.png","width":300,"height":100,"caption":"A Nova Peneira"},"image":{"@id":"https:\/\/www.anovapeneira.gal\/#\/schema\/logo\/image\/"},"sameAs":["https:\/\/www.facebook.com\/anovapeneira","https:\/\/x.com\/APeneira"]},{"@type":"Person","@id":"https:\/\/www.anovapeneira.gal\/#\/schema\/person\/b93e3f8932e3f8da96334607eb6ac6aa","name":"Redacci\u00f3n A Nova Peneira","image":{"@type":"ImageObject","inLanguage":"gl-ES","@id":"https:\/\/secure.gravatar.com\/avatar\/c052a2551a06e23fac63626232eaa90abd78dbcf1700fc46a2b2c89fd27b735f?s=96&d=mm&r=g","url":"https:\/\/secure.gravatar.com\/avatar\/c052a2551a06e23fac63626232eaa90abd78dbcf1700fc46a2b2c89fd27b735f?s=96&d=mm&r=g","contentUrl":"https:\/\/secure.gravatar.com\/avatar\/c052a2551a06e23fac63626232eaa90abd78dbcf1700fc46a2b2c89fd27b735f?s=96&d=mm&r=g","caption":"Redacci\u00f3n A Nova Peneira"},"sameAs":["http:\/\/www.anovapeneira.gal\/"],"url":"https:\/\/www.anovapeneira.gal\/index.php\/author\/redactor\/"}]}},"jetpack_featured_media_url":"https:\/\/www.anovapeneira.gal\/wp-content\/uploads\/2021\/01\/foto-cepeda.jpg","_links":{"self":[{"href":"https:\/\/www.anovapeneira.gal\/index.php\/wp-json\/wp\/v2\/posts\/4690","targetHints":{"allow":["GET"]}}],"collection":[{"href":"https:\/\/www.anovapeneira.gal\/index.php\/wp-json\/wp\/v2\/posts"}],"about":[{"href":"https:\/\/www.anovapeneira.gal\/index.php\/wp-json\/wp\/v2\/types\/post"}],"author":[{"embeddable":true,"href":"https:\/\/www.anovapeneira.gal\/index.php\/wp-json\/wp\/v2\/users\/3"}],"replies":[{"embeddable":true,"href":"https:\/\/www.anovapeneira.gal\/index.php\/wp-json\/wp\/v2\/comments?post=4690"}],"version-history":[{"count":2,"href":"https:\/\/www.anovapeneira.gal\/index.php\/wp-json\/wp\/v2\/posts\/4690\/revisions"}],"predecessor-version":[{"id":4693,"href":"https:\/\/www.anovapeneira.gal\/index.php\/wp-json\/wp\/v2\/posts\/4690\/revisions\/4693"}],"wp:featuredmedia":[{"embeddable":true,"href":"https:\/\/www.anovapeneira.gal\/index.php\/wp-json\/wp\/v2\/media\/4692"}],"wp:attachment":[{"href":"https:\/\/www.anovapeneira.gal\/index.php\/wp-json\/wp\/v2\/media?parent=4690"}],"wp:term":[{"taxonomy":"category","embeddable":true,"href":"https:\/\/www.anovapeneira.gal\/index.php\/wp-json\/wp\/v2\/categories?post=4690"},{"taxonomy":"post_tag","embeddable":true,"href":"https:\/\/www.anovapeneira.gal\/index.php\/wp-json\/wp\/v2\/tags?post=4690"}],"curies":[{"name":"wp","href":"https:\/\/api.w.org\/{rel}","templated":true}]}}